{"id":53951,"date":"2016-09-16T12:01:42","date_gmt":"2016-09-16T10:01:42","guid":{"rendered":"https:\/\/ppdegalicia.com\/feijoo-pide-que-a-comision-europea-tena-mais-en-conta-a-demografia-un-dos-maiores-desafios-aos-que-se-enfronta-a-nosa-sociedade-ao-asignar-os-fondos-europeos\/"},"modified":"2016-09-16T12:01:42","modified_gmt":"2016-09-16T10:01:42","slug":"feijoo-pide-que-a-comision-europea-tena-mais-en-conta-a-demografia-un-dos-maiores-desafios-aos-que-se-enfronta-a-nosa-sociedade-ao-asignar-os-fondos-europeos","status":"publish","type":"post","link":"https:\/\/ppdegalicia.com\/es\/feijoo-pide-que-a-comision-europea-tena-mais-en-conta-a-demografia-un-dos-maiores-desafios-aos-que-se-enfronta-a-nosa-sociedade-ao-asignar-os-fondos-europeos\/","title":{"rendered":"Feij\u00f3o pide que a Comisi\u00f3n Europea te\u00f1a m\u00e1is en conta a demograf\u00eda, \u201cun dos maiores desaf\u00edos aos que se enfronta a nosa sociedade\u201d, ao asignar os fondos europeos"},"content":{"rendered":"<p>Santiago, 16 de setembro de 2016.- O presidente do PPdeG, Alberto N&uacute;&ntilde;ez Feij&oacute;o, pediu hoxe que a Comisi&oacute;n Europea te&ntilde;a m&aacute;is en conta a demograf&iacute;a, &ldquo;un dos maiores desaf&iacute;os aos que se enfronta a nosa sociedade&rdquo;, &aacute; hora de asignar e executar os fondos europeos.<\/p>\n<p><!--more--><\/p>\n<p>As&iacute; o expresaba o dirixente popular xa xornada celebrado esta ma&ntilde;&aacute; en Santiago, Europa e o reto demogr&aacute;fico, xunto ao portavoz do PP no Parlamento Europeo, Esteban Gonz&aacute;lez Pons. Al&iacute;, Feij&oacute;o puxo en valor o que est&aacute; facendo a Xunta para favorecer a demograf&iacute;a, lembrando que nos &uacute;ltimos anos elaborou un Pacto polo rexuvenecemento demogr&aacute;fico de Galicia, un Plan de dinamizaci&oacute;n demogr&aacute;fica, unha Estratexia de envellecemento activo e un Programa de apoio &aacute; natalidade.<\/p>\n<p>&nbsp;<\/p>\n<p>Segundo sinalou, o PPdeG ten claro que Galicia debe ser l&iacute;der en axudas &aacute; natalidade e &aacute; infancia, por iso a Xunta aumentou un 76% o n&uacute;mero de prazas p&uacute;blicas de gardar&iacute;a desde 2009; aprobou o Bono Concilia; creou o Bono Coidado; estableceu as deduci&oacute;ns fiscais m&aacute;is elevadas de Espa&ntilde;a; lanzou a Tarxeta Benvida; e impulsou m&aacute;is facilidades para conciliar vida familiar e laboral.<\/p>\n<p>&nbsp;<\/p>\n<p>&ldquo;Queremos facer de Galicia a mellor comunidade para nacer, crecer e ter fillos&rdquo; sentenciou Feij&oacute;o, lembrando que esta semana presentou un ambicioso programa: Galicia 0-35, que busca ofrecer axudas aos galegos m&aacute;is novos.<\/p>\n<p>&nbsp;<\/p>\n<p>TRABALLAR UNIDOS<br \/>Por outra banda, o presidente dos populares galegos fixo fincap&eacute; en que o reto demogr&aacute;fico non se limita s&oacute; a Galicia, sen&oacute;n a Espa&ntilde;a e ao resto de Europa, polo que pediu traballar unidos para enfrontar este problema.<\/p>\n<p>&nbsp;<\/p>\n<p>Logo de lembrar que Galicia leva traballando desde 2009 neste &aacute;mbito, presentando proxectos aos responsables europeos, acudindo ao Parlamento Europeo para pedir m&aacute;is apoio e impulsando xunto a outras comunidades o Foro de Rexi&oacute;ns Espa&ntilde;olas con Desaf&iacute;os Demogr&aacute;ficos, Feij&oacute;o incidiu na importancia de que os pol&iacute;ticos espa&ntilde;ois respondan xuntos ao reto demogr&aacute;fico, que non entende de siglas, nin de partidismos, nin de maior&iacute;as, minor&iacute;as ou bloqueos.<\/p>\n<p>&nbsp;<\/p>\n<p>Neste senso, considerou positivo que Rajoy anunciara que haber&aacute; un fondo de cohesi&oacute;n demogr&aacute;fica no vindeiro plan de financiamento auton&oacute;mico, cando os grupos parlamentarios deixen o &lsquo;non&rsquo; a un lado e as&iacute; o permitan.<\/p>\n<p>&nbsp;<\/p>\n","protected":false},"excerpt":{"rendered":"<p>Santiago, 16 de setembro de 2016.- O presidente do PPdeG, Alberto N&uacute;&ntilde;ez Feij&oacute;o, pediu hoxe que a Comisi&oacute;n Europea te&ntilde;a m&aacute;is en conta a demograf&iacute;a, &ldquo;un dos maiores desaf&iacute;os aos que se enfronta a nosa sociedade&rdquo;, &aacute; hora de asignar e executar os fondos europeos.<\/p>\n","protected":false},"author":37,"featured_media":0,"comment_status":"open","ping_status":"open","sticky":false,"template":"","format":"standard","meta":{"_acf_changed":false,"footnotes":""},"categories":[1],"tags":[],"class_list":["post-53951","post","type-post","status-publish","format-standard","hentry","category-pp-de-galicia"],"acf":[],"yoast_head":"<!-- This site is optimized with the Yoast SEO plugin v27.3 - https:\/\/yoast.com\/product\/yoast-seo-wordpress\/ -->\n<title>Feij\u00f3o pide que a Comisi\u00f3n Europea te\u00f1a m\u00e1is en conta a demograf\u00eda, \u201cun dos maiores desaf\u00edos aos que se enfronta a nosa sociedade\u201d, ao asignar os fondos europeos - PP de Galicia<\/title>\n<meta name=\"robots\" content=\"index, follow, max-snippet:-1, max-image-preview:large, max-video-preview:-1\" \/>\n<link rel=\"canonical\" href=\"https:\/\/ppdegalicia.com\/es\/feijoo-pide-que-a-comision-europea-tena-mais-en-conta-a-demografia-un-dos-maiores-desafios-aos-que-se-enfronta-a-nosa-sociedade-ao-asignar-os-fondos-europeos\/\" \/>\n<meta property=\"og:locale\" content=\"es_ES\" \/>\n<meta property=\"og:type\" content=\"article\" \/>\n<meta property=\"og:title\" content=\"Feij\u00f3o pide que a Comisi\u00f3n Europea te\u00f1a m\u00e1is en conta a demograf\u00eda, \u201cun dos maiores desaf\u00edos aos que se enfronta a nosa sociedade\u201d, ao asignar os fondos europeos - PP de Galicia\" \/>\n<meta property=\"og:description\" content=\"Santiago, 16 de setembro de 2016.- O presidente do PPdeG, Alberto N&uacute;&ntilde;ez Feij&oacute;o, pediu hoxe que a Comisi&oacute;n Europea te&ntilde;a m&aacute;is en conta a demograf&iacute;a, &ldquo;un dos maiores desaf&iacute;os aos que se enfronta a nosa sociedade&rdquo;, &aacute; hora de asignar e executar os fondos europeos.\" \/>\n<meta property=\"og:url\" content=\"https:\/\/ppdegalicia.com\/es\/feijoo-pide-que-a-comision-europea-tena-mais-en-conta-a-demografia-un-dos-maiores-desafios-aos-que-se-enfronta-a-nosa-sociedade-ao-asignar-os-fondos-europeos\/\" \/>\n<meta property=\"og:site_name\" content=\"PP de Galicia\" \/>\n<meta property=\"article:publisher\" content=\"https:\/\/www.instagram.com\/ppdegalicia\/\" \/>\n<meta property=\"article:published_time\" content=\"2016-09-16T10:01:42+00:00\" \/>\n<meta name=\"author\" content=\"Super User\" \/>\n<meta name=\"twitter:card\" content=\"summary_large_image\" \/>\n<meta name=\"twitter:creator\" content=\"@ppdegalicia\" \/>\n<meta name=\"twitter:site\" content=\"@ppdegalicia\" \/>\n<meta name=\"twitter:label1\" content=\"Escrito por\" \/>\n\t<meta name=\"twitter:data1\" content=\"Super User\" \/>\n\t<meta name=\"twitter:label2\" content=\"Tiempo de lectura\" \/>\n\t<meta name=\"twitter:data2\" content=\"2 minutos\" \/>\n<script type=\"application\/ld+json\" class=\"yoast-schema-graph\">{\"@context\":\"https:\\\/\\\/schema.org\",\"@graph\":[{\"@type\":\"Article\",\"@id\":\"https:\\\/\\\/ppdegalicia.com\\\/es\\\/feijoo-pide-que-a-comision-europea-tena-mais-en-conta-a-demografia-un-dos-maiores-desafios-aos-que-se-enfronta-a-nosa-sociedade-ao-asignar-os-fondos-europeos\\\/#article\",\"isPartOf\":{\"@id\":\"https:\\\/\\\/ppdegalicia.com\\\/es\\\/feijoo-pide-que-a-comision-europea-tena-mais-en-conta-a-demografia-un-dos-maiores-desafios-aos-que-se-enfronta-a-nosa-sociedade-ao-asignar-os-fondos-europeos\\\/\"},\"author\":{\"name\":\"Super User\",\"@id\":\"https:\\\/\\\/ppdegalicia.com\\\/es\\\/#\\\/schema\\\/person\\\/d0f013b8388c980665d44009ab762960\"},\"headline\":\"Feij\u00f3o pide que a Comisi\u00f3n Europea te\u00f1a m\u00e1is en conta a demograf\u00eda, \u201cun dos maiores desaf\u00edos aos que se enfronta a nosa sociedade\u201d, ao asignar os fondos europeos\",\"datePublished\":\"2016-09-16T10:01:42+00:00\",\"mainEntityOfPage\":{\"@id\":\"https:\\\/\\\/ppdegalicia.com\\\/es\\\/feijoo-pide-que-a-comision-europea-tena-mais-en-conta-a-demografia-un-dos-maiores-desafios-aos-que-se-enfronta-a-nosa-sociedade-ao-asignar-os-fondos-europeos\\\/\"},\"wordCount\":491,\"commentCount\":0,\"publisher\":{\"@id\":\"https:\\\/\\\/ppdegalicia.com\\\/es\\\/#organization\"},\"articleSection\":[\"PP de Galicia\"],\"inLanguage\":\"es\",\"potentialAction\":[{\"@type\":\"CommentAction\",\"name\":\"Comment\",\"target\":[\"https:\\\/\\\/ppdegalicia.com\\\/es\\\/feijoo-pide-que-a-comision-europea-tena-mais-en-conta-a-demografia-un-dos-maiores-desafios-aos-que-se-enfronta-a-nosa-sociedade-ao-asignar-os-fondos-europeos\\\/#respond\"]}]},{\"@type\":\"WebPage\",\"@id\":\"https:\\\/\\\/ppdegalicia.com\\\/es\\\/feijoo-pide-que-a-comision-europea-tena-mais-en-conta-a-demografia-un-dos-maiores-desafios-aos-que-se-enfronta-a-nosa-sociedade-ao-asignar-os-fondos-europeos\\\/\",\"url\":\"https:\\\/\\\/ppdegalicia.com\\\/es\\\/feijoo-pide-que-a-comision-europea-tena-mais-en-conta-a-demografia-un-dos-maiores-desafios-aos-que-se-enfronta-a-nosa-sociedade-ao-asignar-os-fondos-europeos\\\/\",\"name\":\"Feij\u00f3o pide que a Comisi\u00f3n Europea te\u00f1a m\u00e1is en conta a demograf\u00eda, \u201cun dos maiores desaf\u00edos aos que se enfronta a nosa sociedade\u201d, ao asignar os fondos europeos - PP de Galicia\",\"isPartOf\":{\"@id\":\"https:\\\/\\\/ppdegalicia.com\\\/es\\\/#website\"},\"datePublished\":\"2016-09-16T10:01:42+00:00\",\"breadcrumb\":{\"@id\":\"https:\\\/\\\/ppdegalicia.com\\\/es\\\/feijoo-pide-que-a-comision-europea-tena-mais-en-conta-a-demografia-un-dos-maiores-desafios-aos-que-se-enfronta-a-nosa-sociedade-ao-asignar-os-fondos-europeos\\\/#breadcrumb\"},\"inLanguage\":\"es\",\"potentialAction\":[{\"@type\":\"ReadAction\",\"target\":[\"https:\\\/\\\/ppdegalicia.com\\\/es\\\/feijoo-pide-que-a-comision-europea-tena-mais-en-conta-a-demografia-un-dos-maiores-desafios-aos-que-se-enfronta-a-nosa-sociedade-ao-asignar-os-fondos-europeos\\\/\"]}]},{\"@type\":\"BreadcrumbList\",\"@id\":\"https:\\\/\\\/ppdegalicia.com\\\/es\\\/feijoo-pide-que-a-comision-europea-tena-mais-en-conta-a-demografia-un-dos-maiores-desafios-aos-que-se-enfronta-a-nosa-sociedade-ao-asignar-os-fondos-europeos\\\/#breadcrumb\",\"itemListElement\":[{\"@type\":\"ListItem\",\"position\":1,\"name\":\"Portada\",\"item\":\"https:\\\/\\\/ppdegalicia.com\\\/es\\\/\"},{\"@type\":\"ListItem\",\"position\":2,\"name\":\"Feij\u00f3o pide que a Comisi\u00f3n Europea te\u00f1a m\u00e1is en conta a demograf\u00eda, \u201cun dos maiores desaf\u00edos aos que se enfronta a nosa sociedade\u201d, ao asignar os fondos europeos\"}]},{\"@type\":\"WebSite\",\"@id\":\"https:\\\/\\\/ppdegalicia.com\\\/es\\\/#website\",\"url\":\"https:\\\/\\\/ppdegalicia.com\\\/es\\\/\",\"name\":\"Partido Popular de Galicia\",\"description\":\"Partido Popular de Galicia\",\"publisher\":{\"@id\":\"https:\\\/\\\/ppdegalicia.com\\\/es\\\/#organization\"},\"alternateName\":\"PP de Galicia\",\"potentialAction\":[{\"@type\":\"SearchAction\",\"target\":{\"@type\":\"EntryPoint\",\"urlTemplate\":\"https:\\\/\\\/ppdegalicia.com\\\/es\\\/?s={search_term_string}\"},\"query-input\":{\"@type\":\"PropertyValueSpecification\",\"valueRequired\":true,\"valueName\":\"search_term_string\"}}],\"inLanguage\":\"es\"},{\"@type\":\"Organization\",\"@id\":\"https:\\\/\\\/ppdegalicia.com\\\/es\\\/#organization\",\"name\":\"Partido Popular de Galicia\",\"alternateName\":\"PP de Galicia\",\"url\":\"https:\\\/\\\/ppdegalicia.com\\\/es\\\/\",\"logo\":{\"@type\":\"ImageObject\",\"inLanguage\":\"es\",\"@id\":\"https:\\\/\\\/ppdegalicia.com\\\/es\\\/#\\\/schema\\\/logo\\\/image\\\/\",\"url\":\"https:\\\/\\\/ppdegalicia.com\\\/wp-content\\\/uploads\\\/2023\\\/04\\\/logoPP512.png\",\"contentUrl\":\"https:\\\/\\\/ppdegalicia.com\\\/wp-content\\\/uploads\\\/2023\\\/04\\\/logoPP512.png\",\"width\":512,\"height\":512,\"caption\":\"Partido Popular de Galicia\"},\"image\":{\"@id\":\"https:\\\/\\\/ppdegalicia.com\\\/es\\\/#\\\/schema\\\/logo\\\/image\\\/\"},\"sameAs\":[\"https:\\\/\\\/www.instagram.com\\\/ppdegalicia\\\/\",\"https:\\\/\\\/x.com\\\/ppdegalicia\",\"https:\\\/\\\/www.tiktok.com\\\/@ppdegalicia\",\"https:\\\/\\\/www.youtube.com\\\/user\\\/ppdegalicia\"]},{\"@type\":\"Person\",\"@id\":\"https:\\\/\\\/ppdegalicia.com\\\/es\\\/#\\\/schema\\\/person\\\/d0f013b8388c980665d44009ab762960\",\"name\":\"Super User\",\"image\":{\"@type\":\"ImageObject\",\"inLanguage\":\"es\",\"@id\":\"https:\\\/\\\/secure.gravatar.com\\\/avatar\\\/1db852625ef4948f58d2739bfbc51e4b9bd5c93b8fa340b59fdb594ca0845645?s=96&d=mm&r=g\",\"url\":\"https:\\\/\\\/secure.gravatar.com\\\/avatar\\\/1db852625ef4948f58d2739bfbc51e4b9bd5c93b8fa340b59fdb594ca0845645?s=96&d=mm&r=g\",\"contentUrl\":\"https:\\\/\\\/secure.gravatar.com\\\/avatar\\\/1db852625ef4948f58d2739bfbc51e4b9bd5c93b8fa340b59fdb594ca0845645?s=96&d=mm&r=g\",\"caption\":\"Super User\"},\"url\":\"https:\\\/\\\/ppdegalicia.com\\\/es\\\/author\\\/ppdegaliciagestion\\\/\"}]}<\/script>\n<!-- \/ Yoast SEO plugin. -->","yoast_head_json":{"title":"Feij\u00f3o pide que a Comisi\u00f3n Europea te\u00f1a m\u00e1is en conta a demograf\u00eda, \u201cun dos maiores desaf\u00edos aos que se enfronta a nosa sociedade\u201d, ao asignar os fondos europeos - PP de Galicia","robots":{"index":"index","follow":"follow","max-snippet":"max-snippet:-1","max-image-preview":"max-image-preview:large","max-video-preview":"max-video-preview:-1"},"canonical":"https:\/\/ppdegalicia.com\/es\/feijoo-pide-que-a-comision-europea-tena-mais-en-conta-a-demografia-un-dos-maiores-desafios-aos-que-se-enfronta-a-nosa-sociedade-ao-asignar-os-fondos-europeos\/","og_locale":"es_ES","og_type":"article","og_title":"Feij\u00f3o pide que a Comisi\u00f3n Europea te\u00f1a m\u00e1is en conta a demograf\u00eda, \u201cun dos maiores desaf\u00edos aos que se enfronta a nosa sociedade\u201d, ao asignar os fondos europeos - PP de Galicia","og_description":"Santiago, 16 de setembro de 2016.- O presidente do PPdeG, Alberto N&uacute;&ntilde;ez Feij&oacute;o, pediu hoxe que a Comisi&oacute;n Europea te&ntilde;a m&aacute;is en conta a demograf&iacute;a, &ldquo;un dos maiores desaf&iacute;os aos que se enfronta a nosa sociedade&rdquo;, &aacute; hora de asignar e executar os fondos europeos.","og_url":"https:\/\/ppdegalicia.com\/es\/feijoo-pide-que-a-comision-europea-tena-mais-en-conta-a-demografia-un-dos-maiores-desafios-aos-que-se-enfronta-a-nosa-sociedade-ao-asignar-os-fondos-europeos\/","og_site_name":"PP de Galicia","article_publisher":"https:\/\/www.instagram.com\/ppdegalicia\/","article_published_time":"2016-09-16T10:01:42+00:00","author":"Super User","twitter_card":"summary_large_image","twitter_creator":"@ppdegalicia","twitter_site":"@ppdegalicia","twitter_misc":{"Escrito por":"Super User","Tiempo de lectura":"2 minutos"},"schema":{"@context":"https:\/\/schema.org","@graph":[{"@type":"Article","@id":"https:\/\/ppdegalicia.com\/es\/feijoo-pide-que-a-comision-europea-tena-mais-en-conta-a-demografia-un-dos-maiores-desafios-aos-que-se-enfronta-a-nosa-sociedade-ao-asignar-os-fondos-europeos\/#article","isPartOf":{"@id":"https:\/\/ppdegalicia.com\/es\/feijoo-pide-que-a-comision-europea-tena-mais-en-conta-a-demografia-un-dos-maiores-desafios-aos-que-se-enfronta-a-nosa-sociedade-ao-asignar-os-fondos-europeos\/"},"author":{"name":"Super User","@id":"https:\/\/ppdegalicia.com\/es\/#\/schema\/person\/d0f013b8388c980665d44009ab762960"},"headline":"Feij\u00f3o pide que a Comisi\u00f3n Europea te\u00f1a m\u00e1is en conta a demograf\u00eda, \u201cun dos maiores desaf\u00edos aos que se enfronta a nosa sociedade\u201d, ao asignar os fondos europeos","datePublished":"2016-09-16T10:01:42+00:00","mainEntityOfPage":{"@id":"https:\/\/ppdegalicia.com\/es\/feijoo-pide-que-a-comision-europea-tena-mais-en-conta-a-demografia-un-dos-maiores-desafios-aos-que-se-enfronta-a-nosa-sociedade-ao-asignar-os-fondos-europeos\/"},"wordCount":491,"commentCount":0,"publisher":{"@id":"https:\/\/ppdegalicia.com\/es\/#organization"},"articleSection":["PP de Galicia"],"inLanguage":"es","potentialAction":[{"@type":"CommentAction","name":"Comment","target":["https:\/\/ppdegalicia.com\/es\/feijoo-pide-que-a-comision-europea-tena-mais-en-conta-a-demografia-un-dos-maiores-desafios-aos-que-se-enfronta-a-nosa-sociedade-ao-asignar-os-fondos-europeos\/#respond"]}]},{"@type":"WebPage","@id":"https:\/\/ppdegalicia.com\/es\/feijoo-pide-que-a-comision-europea-tena-mais-en-conta-a-demografia-un-dos-maiores-desafios-aos-que-se-enfronta-a-nosa-sociedade-ao-asignar-os-fondos-europeos\/","url":"https:\/\/ppdegalicia.com\/es\/feijoo-pide-que-a-comision-europea-tena-mais-en-conta-a-demografia-un-dos-maiores-desafios-aos-que-se-enfronta-a-nosa-sociedade-ao-asignar-os-fondos-europeos\/","name":"Feij\u00f3o pide que a Comisi\u00f3n Europea te\u00f1a m\u00e1is en conta a demograf\u00eda, \u201cun dos maiores desaf\u00edos aos que se enfronta a nosa sociedade\u201d, ao asignar os fondos europeos - PP de Galicia","isPartOf":{"@id":"https:\/\/ppdegalicia.com\/es\/#website"},"datePublished":"2016-09-16T10:01:42+00:00","breadcrumb":{"@id":"https:\/\/ppdegalicia.com\/es\/feijoo-pide-que-a-comision-europea-tena-mais-en-conta-a-demografia-un-dos-maiores-desafios-aos-que-se-enfronta-a-nosa-sociedade-ao-asignar-os-fondos-europeos\/#breadcrumb"},"inLanguage":"es","potentialAction":[{"@type":"ReadAction","target":["https:\/\/ppdegalicia.com\/es\/feijoo-pide-que-a-comision-europea-tena-mais-en-conta-a-demografia-un-dos-maiores-desafios-aos-que-se-enfronta-a-nosa-sociedade-ao-asignar-os-fondos-europeos\/"]}]},{"@type":"BreadcrumbList","@id":"https:\/\/ppdegalicia.com\/es\/feijoo-pide-que-a-comision-europea-tena-mais-en-conta-a-demografia-un-dos-maiores-desafios-aos-que-se-enfronta-a-nosa-sociedade-ao-asignar-os-fondos-europeos\/#breadcrumb","itemListElement":[{"@type":"ListItem","position":1,"name":"Portada","item":"https:\/\/ppdegalicia.com\/es\/"},{"@type":"ListItem","position":2,"name":"Feij\u00f3o pide que a Comisi\u00f3n Europea te\u00f1a m\u00e1is en conta a demograf\u00eda, \u201cun dos maiores desaf\u00edos aos que se enfronta a nosa sociedade\u201d, ao asignar os fondos europeos"}]},{"@type":"WebSite","@id":"https:\/\/ppdegalicia.com\/es\/#website","url":"https:\/\/ppdegalicia.com\/es\/","name":"Partido Popular de Galicia","description":"Partido Popular de Galicia","publisher":{"@id":"https:\/\/ppdegalicia.com\/es\/#organization"},"alternateName":"PP de Galicia","potentialAction":[{"@type":"SearchAction","target":{"@type":"EntryPoint","urlTemplate":"https:\/\/ppdegalicia.com\/es\/?s={search_term_string}"},"query-input":{"@type":"PropertyValueSpecification","valueRequired":true,"valueName":"search_term_string"}}],"inLanguage":"es"},{"@type":"Organization","@id":"https:\/\/ppdegalicia.com\/es\/#organization","name":"Partido Popular de Galicia","alternateName":"PP de Galicia","url":"https:\/\/ppdegalicia.com\/es\/","logo":{"@type":"ImageObject","inLanguage":"es","@id":"https:\/\/ppdegalicia.com\/es\/#\/schema\/logo\/image\/","url":"https:\/\/ppdegalicia.com\/wp-content\/uploads\/2023\/04\/logoPP512.png","contentUrl":"https:\/\/ppdegalicia.com\/wp-content\/uploads\/2023\/04\/logoPP512.png","width":512,"height":512,"caption":"Partido Popular de Galicia"},"image":{"@id":"https:\/\/ppdegalicia.com\/es\/#\/schema\/logo\/image\/"},"sameAs":["https:\/\/www.instagram.com\/ppdegalicia\/","https:\/\/x.com\/ppdegalicia","https:\/\/www.tiktok.com\/@ppdegalicia","https:\/\/www.youtube.com\/user\/ppdegalicia"]},{"@type":"Person","@id":"https:\/\/ppdegalicia.com\/es\/#\/schema\/person\/d0f013b8388c980665d44009ab762960","name":"Super User","image":{"@type":"ImageObject","inLanguage":"es","@id":"https:\/\/secure.gravatar.com\/avatar\/1db852625ef4948f58d2739bfbc51e4b9bd5c93b8fa340b59fdb594ca0845645?s=96&d=mm&r=g","url":"https:\/\/secure.gravatar.com\/avatar\/1db852625ef4948f58d2739bfbc51e4b9bd5c93b8fa340b59fdb594ca0845645?s=96&d=mm&r=g","contentUrl":"https:\/\/secure.gravatar.com\/avatar\/1db852625ef4948f58d2739bfbc51e4b9bd5c93b8fa340b59fdb594ca0845645?s=96&d=mm&r=g","caption":"Super User"},"url":"https:\/\/ppdegalicia.com\/es\/author\/ppdegaliciagestion\/"}]}},"_links":{"self":[{"href":"https:\/\/ppdegalicia.com\/es\/wp-json\/wp\/v2\/posts\/53951","targetHints":{"allow":["GET"]}}],"collection":[{"href":"https:\/\/ppdegalicia.com\/es\/wp-json\/wp\/v2\/posts"}],"about":[{"href":"https:\/\/ppdegalicia.com\/es\/wp-json\/wp\/v2\/types\/post"}],"author":[{"embeddable":true,"href":"https:\/\/ppdegalicia.com\/es\/wp-json\/wp\/v2\/users\/37"}],"replies":[{"embeddable":true,"href":"https:\/\/ppdegalicia.com\/es\/wp-json\/wp\/v2\/comments?post=53951"}],"version-history":[{"count":0,"href":"https:\/\/ppdegalicia.com\/es\/wp-json\/wp\/v2\/posts\/53951\/revisions"}],"wp:attachment":[{"href":"https:\/\/ppdegalicia.com\/es\/wp-json\/wp\/v2\/media?parent=53951"}],"wp:term":[{"taxonomy":"category","embeddable":true,"href":"https:\/\/ppdegalicia.com\/es\/wp-json\/wp\/v2\/categories?post=53951"},{"taxonomy":"post_tag","embeddable":true,"href":"https:\/\/ppdegalicia.com\/es\/wp-json\/wp\/v2\/tags?post=53951"}],"curies":[{"name":"wp","href":"https:\/\/api.w.org\/{rel}","templated":true}]}}