{"id":53954,"date":"2016-09-18T17:47:41","date_gmt":"2016-09-18T15:47:41","guid":{"rendered":"https:\/\/ppdegalicia.com\/feijoo-asegura-que-e-necesario-votar-para-que-galicia-sexa-a-excepcion-positiva-de-espana-que-quere-unha-grande-maioria\/"},"modified":"2016-09-18T17:47:41","modified_gmt":"2016-09-18T15:47:41","slug":"feijoo-asegura-que-e-necesario-votar-para-que-galicia-sexa-a-excepcion-positiva-de-espana-que-quere-unha-grande-maioria","status":"publish","type":"post","link":"https:\/\/ppdegalicia.com\/es\/feijoo-asegura-que-e-necesario-votar-para-que-galicia-sexa-a-excepcion-positiva-de-espana-que-quere-unha-grande-maioria\/","title":{"rendered":"Feij\u00f3o asegura que \u00e9 necesario votar para que Galicia sexa a excepci\u00f3n positiva de Espa\u00f1a que quere unha grande maior\u00eda"},"content":{"rendered":"<p>Lal&iacute;n, 18 de setembro de 2016.- O presidente do PPdeG, Alberto N&uacute;&ntilde;ez Feij&oacute;o, asegurou que &eacute; necesario votar para que Galicia sexa a excepci&oacute;n positiva de Espa&ntilde;a que quere unha grande maior&iacute;a.<\/p>\n<p><!--more--><\/p>\n<p>Desta maneira se expresaba o n&uacute;mero un dos populares galegos nun mitin celebrado en Lal&iacute;n, no que fac&iacute;a fincap&eacute; en que as enquisas o &uacute;nico que reflicten &eacute; que por dif&iacute;cil que sexa, tam&eacute;n &eacute; posible, pero para iso &eacute; necesario que o domingo &ldquo;falemos votando&rdquo;. &ldquo;Se Galicia comparte conmigo que, por riba de calquera diferenza, as d&uacute;as prioridades son o benestar dos fogares e o progreso do pa&iacute;s, falemos votando&rdquo;, insistiu.<\/p>\n<p>&nbsp;<\/p>\n<p>Logo de recordar que na nosa comunidade hai elecci&oacute;ns pola raz&oacute;n contraria polas que as houbo en Espa&ntilde;a, xa que aqu&iacute; tivemos estabilidade e se cumpriu o calendario; Feij&oacute;o apuntou que &ldquo;o marcador est&aacute; en empate a cero, as enquisas o &uacute;nico que mostran &eacute; o que os galegos din o que prefiren pero para que Galicia sexa a que quere a maior&iacute;a dos galegos non basta con dicir. &Eacute; necesario votar&rdquo;.<\/p>\n<p>&nbsp;<\/p>\n<p>&ldquo;Levo toda a campa&ntilde;a repetindo f&aacute;lase facendo&rdquo;, dixo o candidato popular &aacute; presidencia da Xunta namentres precisaba que non basta quedar nas verbas porque cre que para Galicia &eacute; mellor sumar feitos que enredarse en demagoxias.<\/p>\n<p>&nbsp;<\/p>\n<p>E &eacute; que para o presidente non basta con dicir que hai que combater o desemprego sen&oacute;n que hai que demostralo xerando actividade econ&oacute;mica e confianza para que invistan aqu&iacute;; tampouco con dicir que se apoia aos aut&oacute;nomos sen&oacute;n que hai que aportar medidas que fagan de Galicia o lugar que m&aacute;is aposta por eles; non basta con dicir que se defende a Sanidade p&uacute;blica posto que hai que facelo mellorando as condici&oacute;ns, ou porque non abonda con dicir que se apoia &aacute;s familias xa que hai que demostralo desde os m&aacute;is cativos aos maiores.<\/p>\n<p>&nbsp;<\/p>\n<p>&ldquo;E por iso, do mesmo xeito que eu digo f&aacute;lase facendo eu vos pido a todos vos e a toda Galicia que o pr&oacute;ximo domingo falemos votando&rdquo;, reiterou Feij&oacute;o sinalando que isto &eacute; o que hai que facer se a nosa comunidade quere un goberno que funcione desde o primeiro minuto despois das elecci&oacute;ns, catro anos de estabilidade e avance sen bloqueos, vetos e par&aacute;lises; e se se quere unidade, responsabilidade e unha pol&iacute;tica exercida desde o respecto e a moderaci&oacute;n.<\/p>\n<p>&nbsp;<\/p>\n<p>O presidente salientou tam&eacute;n que non hai un s&oacute; voto nas urnas e que todos os votos son necesarios porque ser&aacute;n decisivos. As&iacute; mesmo, sinalou que sabe que pode haber cansazo de tantas elecci&oacute;ns e mesmo que pode ser un d&iacute;a dif&iacute;cil para os que estean de vendimia, pero pediulles a todos que buscaran uns minutos. &ldquo;Sei que non &eacute; sinxelo pero &eacute; imprescindible&rdquo;, asegurou.<\/p>\n<p>Nese senso, Feij&oacute;o advertiu que non se pode dar nada por ga&ntilde;ado porque non o est&aacute;, as&iacute; como animou a votar porque cada voto conta e &eacute; moito m&aacute;is que un d&iacute;a, &ldquo;son catro anos&rdquo;. &ldquo;Non &eacute; unha cuesti&oacute;n de partidos. &Eacute; unha cuesti&oacute;n dos vosos fogares. &Eacute; unha cuesti&oacute;n de Galicia&rdquo;, afirmou.<\/p>\n","protected":false},"excerpt":{"rendered":"<p>Lal&iacute;n, 18 de setembro de 2016.- O presidente do PPdeG, Alberto N&uacute;&ntilde;ez Feij&oacute;o, asegurou que &eacute; necesario votar para que Galicia sexa a excepci&oacute;n positiva de Espa&ntilde;a que quere unha grande maior&iacute;a.<\/p>\n","protected":false},"author":37,"featured_media":0,"comment_status":"open","ping_status":"open","sticky":false,"template":"","format":"standard","meta":{"_acf_changed":false,"footnotes":""},"categories":[1],"tags":[],"class_list":["post-53954","post","type-post","status-publish","format-standard","hentry","category-pp-de-galicia"],"acf":[],"yoast_head":"<!-- This site is optimized with the Yoast SEO plugin v27.3 - https:\/\/yoast.com\/product\/yoast-seo-wordpress\/ -->\n<title>Feij\u00f3o asegura que \u00e9 necesario votar para que Galicia sexa a excepci\u00f3n positiva de Espa\u00f1a que quere unha grande maior\u00eda - PP de Galicia<\/title>\n<meta name=\"robots\" content=\"index, follow, max-snippet:-1, max-image-preview:large, max-video-preview:-1\" \/>\n<link rel=\"canonical\" href=\"https:\/\/ppdegalicia.com\/es\/feijoo-asegura-que-e-necesario-votar-para-que-galicia-sexa-a-excepcion-positiva-de-espana-que-quere-unha-grande-maioria\/\" \/>\n<meta property=\"og:locale\" content=\"es_ES\" \/>\n<meta property=\"og:type\" content=\"article\" \/>\n<meta property=\"og:title\" content=\"Feij\u00f3o asegura que \u00e9 necesario votar para que Galicia sexa a excepci\u00f3n positiva de Espa\u00f1a que quere unha grande maior\u00eda - PP de Galicia\" \/>\n<meta property=\"og:description\" content=\"Lal&iacute;n, 18 de setembro de 2016.- O presidente do PPdeG, Alberto N&uacute;&ntilde;ez Feij&oacute;o, asegurou que &eacute; necesario votar para que Galicia sexa a excepci&oacute;n positiva de Espa&ntilde;a que quere unha grande maior&iacute;a.\" \/>\n<meta property=\"og:url\" content=\"https:\/\/ppdegalicia.com\/es\/feijoo-asegura-que-e-necesario-votar-para-que-galicia-sexa-a-excepcion-positiva-de-espana-que-quere-unha-grande-maioria\/\" \/>\n<meta property=\"og:site_name\" content=\"PP de Galicia\" \/>\n<meta property=\"article:publisher\" content=\"https:\/\/www.instagram.com\/ppdegalicia\/\" \/>\n<meta property=\"article:published_time\" content=\"2016-09-18T15:47:41+00:00\" \/>\n<meta name=\"author\" content=\"Super User\" \/>\n<meta name=\"twitter:card\" content=\"summary_large_image\" \/>\n<meta name=\"twitter:creator\" content=\"@ppdegalicia\" \/>\n<meta name=\"twitter:site\" content=\"@ppdegalicia\" \/>\n<meta name=\"twitter:label1\" content=\"Escrito por\" \/>\n\t<meta name=\"twitter:data1\" content=\"Super User\" \/>\n\t<meta name=\"twitter:label2\" content=\"Tiempo de lectura\" \/>\n\t<meta name=\"twitter:data2\" content=\"3 minutos\" \/>\n<script type=\"application\/ld+json\" class=\"yoast-schema-graph\">{\"@context\":\"https:\\\/\\\/schema.org\",\"@graph\":[{\"@type\":\"Article\",\"@id\":\"https:\\\/\\\/ppdegalicia.com\\\/es\\\/feijoo-asegura-que-e-necesario-votar-para-que-galicia-sexa-a-excepcion-positiva-de-espana-que-quere-unha-grande-maioria\\\/#article\",\"isPartOf\":{\"@id\":\"https:\\\/\\\/ppdegalicia.com\\\/es\\\/feijoo-asegura-que-e-necesario-votar-para-que-galicia-sexa-a-excepcion-positiva-de-espana-que-quere-unha-grande-maioria\\\/\"},\"author\":{\"name\":\"Super User\",\"@id\":\"https:\\\/\\\/ppdegalicia.com\\\/es\\\/#\\\/schema\\\/person\\\/d0f013b8388c980665d44009ab762960\"},\"headline\":\"Feij\u00f3o asegura que \u00e9 necesario votar para que Galicia sexa a excepci\u00f3n positiva de Espa\u00f1a que quere unha grande maior\u00eda\",\"datePublished\":\"2016-09-18T15:47:41+00:00\",\"mainEntityOfPage\":{\"@id\":\"https:\\\/\\\/ppdegalicia.com\\\/es\\\/feijoo-asegura-que-e-necesario-votar-para-que-galicia-sexa-a-excepcion-positiva-de-espana-que-quere-unha-grande-maioria\\\/\"},\"wordCount\":655,\"commentCount\":0,\"publisher\":{\"@id\":\"https:\\\/\\\/ppdegalicia.com\\\/es\\\/#organization\"},\"articleSection\":[\"PP de Galicia\"],\"inLanguage\":\"es\",\"potentialAction\":[{\"@type\":\"CommentAction\",\"name\":\"Comment\",\"target\":[\"https:\\\/\\\/ppdegalicia.com\\\/es\\\/feijoo-asegura-que-e-necesario-votar-para-que-galicia-sexa-a-excepcion-positiva-de-espana-que-quere-unha-grande-maioria\\\/#respond\"]}]},{\"@type\":\"WebPage\",\"@id\":\"https:\\\/\\\/ppdegalicia.com\\\/es\\\/feijoo-asegura-que-e-necesario-votar-para-que-galicia-sexa-a-excepcion-positiva-de-espana-que-quere-unha-grande-maioria\\\/\",\"url\":\"https:\\\/\\\/ppdegalicia.com\\\/es\\\/feijoo-asegura-que-e-necesario-votar-para-que-galicia-sexa-a-excepcion-positiva-de-espana-que-quere-unha-grande-maioria\\\/\",\"name\":\"Feij\u00f3o asegura que \u00e9 necesario votar para que Galicia sexa a excepci\u00f3n positiva de Espa\u00f1a que quere unha grande maior\u00eda - PP de Galicia\",\"isPartOf\":{\"@id\":\"https:\\\/\\\/ppdegalicia.com\\\/es\\\/#website\"},\"datePublished\":\"2016-09-18T15:47:41+00:00\",\"breadcrumb\":{\"@id\":\"https:\\\/\\\/ppdegalicia.com\\\/es\\\/feijoo-asegura-que-e-necesario-votar-para-que-galicia-sexa-a-excepcion-positiva-de-espana-que-quere-unha-grande-maioria\\\/#breadcrumb\"},\"inLanguage\":\"es\",\"potentialAction\":[{\"@type\":\"ReadAction\",\"target\":[\"https:\\\/\\\/ppdegalicia.com\\\/es\\\/feijoo-asegura-que-e-necesario-votar-para-que-galicia-sexa-a-excepcion-positiva-de-espana-que-quere-unha-grande-maioria\\\/\"]}]},{\"@type\":\"BreadcrumbList\",\"@id\":\"https:\\\/\\\/ppdegalicia.com\\\/es\\\/feijoo-asegura-que-e-necesario-votar-para-que-galicia-sexa-a-excepcion-positiva-de-espana-que-quere-unha-grande-maioria\\\/#breadcrumb\",\"itemListElement\":[{\"@type\":\"ListItem\",\"position\":1,\"name\":\"Portada\",\"item\":\"https:\\\/\\\/ppdegalicia.com\\\/es\\\/\"},{\"@type\":\"ListItem\",\"position\":2,\"name\":\"Feij\u00f3o asegura que \u00e9 necesario votar para que Galicia sexa a excepci\u00f3n positiva de Espa\u00f1a que quere unha grande maior\u00eda\"}]},{\"@type\":\"WebSite\",\"@id\":\"https:\\\/\\\/ppdegalicia.com\\\/es\\\/#website\",\"url\":\"https:\\\/\\\/ppdegalicia.com\\\/es\\\/\",\"name\":\"Partido Popular de Galicia\",\"description\":\"Partido Popular de Galicia\",\"publisher\":{\"@id\":\"https:\\\/\\\/ppdegalicia.com\\\/es\\\/#organization\"},\"alternateName\":\"PP de Galicia\",\"potentialAction\":[{\"@type\":\"SearchAction\",\"target\":{\"@type\":\"EntryPoint\",\"urlTemplate\":\"https:\\\/\\\/ppdegalicia.com\\\/es\\\/?s={search_term_string}\"},\"query-input\":{\"@type\":\"PropertyValueSpecification\",\"valueRequired\":true,\"valueName\":\"search_term_string\"}}],\"inLanguage\":\"es\"},{\"@type\":\"Organization\",\"@id\":\"https:\\\/\\\/ppdegalicia.com\\\/es\\\/#organization\",\"name\":\"Partido Popular de Galicia\",\"alternateName\":\"PP de Galicia\",\"url\":\"https:\\\/\\\/ppdegalicia.com\\\/es\\\/\",\"logo\":{\"@type\":\"ImageObject\",\"inLanguage\":\"es\",\"@id\":\"https:\\\/\\\/ppdegalicia.com\\\/es\\\/#\\\/schema\\\/logo\\\/image\\\/\",\"url\":\"https:\\\/\\\/ppdegalicia.com\\\/wp-content\\\/uploads\\\/2023\\\/04\\\/logoPP512.png\",\"contentUrl\":\"https:\\\/\\\/ppdegalicia.com\\\/wp-content\\\/uploads\\\/2023\\\/04\\\/logoPP512.png\",\"width\":512,\"height\":512,\"caption\":\"Partido Popular de Galicia\"},\"image\":{\"@id\":\"https:\\\/\\\/ppdegalicia.com\\\/es\\\/#\\\/schema\\\/logo\\\/image\\\/\"},\"sameAs\":[\"https:\\\/\\\/www.instagram.com\\\/ppdegalicia\\\/\",\"https:\\\/\\\/x.com\\\/ppdegalicia\",\"https:\\\/\\\/www.tiktok.com\\\/@ppdegalicia\",\"https:\\\/\\\/www.youtube.com\\\/user\\\/ppdegalicia\"]},{\"@type\":\"Person\",\"@id\":\"https:\\\/\\\/ppdegalicia.com\\\/es\\\/#\\\/schema\\\/person\\\/d0f013b8388c980665d44009ab762960\",\"name\":\"Super User\",\"image\":{\"@type\":\"ImageObject\",\"inLanguage\":\"es\",\"@id\":\"https:\\\/\\\/secure.gravatar.com\\\/avatar\\\/1db852625ef4948f58d2739bfbc51e4b9bd5c93b8fa340b59fdb594ca0845645?s=96&d=mm&r=g\",\"url\":\"https:\\\/\\\/secure.gravatar.com\\\/avatar\\\/1db852625ef4948f58d2739bfbc51e4b9bd5c93b8fa340b59fdb594ca0845645?s=96&d=mm&r=g\",\"contentUrl\":\"https:\\\/\\\/secure.gravatar.com\\\/avatar\\\/1db852625ef4948f58d2739bfbc51e4b9bd5c93b8fa340b59fdb594ca0845645?s=96&d=mm&r=g\",\"caption\":\"Super User\"},\"url\":\"https:\\\/\\\/ppdegalicia.com\\\/es\\\/author\\\/ppdegaliciagestion\\\/\"}]}<\/script>\n<!-- \/ Yoast SEO plugin. -->","yoast_head_json":{"title":"Feij\u00f3o asegura que \u00e9 necesario votar para que Galicia sexa a excepci\u00f3n positiva de Espa\u00f1a que quere unha grande maior\u00eda - PP de Galicia","robots":{"index":"index","follow":"follow","max-snippet":"max-snippet:-1","max-image-preview":"max-image-preview:large","max-video-preview":"max-video-preview:-1"},"canonical":"https:\/\/ppdegalicia.com\/es\/feijoo-asegura-que-e-necesario-votar-para-que-galicia-sexa-a-excepcion-positiva-de-espana-que-quere-unha-grande-maioria\/","og_locale":"es_ES","og_type":"article","og_title":"Feij\u00f3o asegura que \u00e9 necesario votar para que Galicia sexa a excepci\u00f3n positiva de Espa\u00f1a que quere unha grande maior\u00eda - PP de Galicia","og_description":"Lal&iacute;n, 18 de setembro de 2016.- O presidente do PPdeG, Alberto N&uacute;&ntilde;ez Feij&oacute;o, asegurou que &eacute; necesario votar para que Galicia sexa a excepci&oacute;n positiva de Espa&ntilde;a que quere unha grande maior&iacute;a.","og_url":"https:\/\/ppdegalicia.com\/es\/feijoo-asegura-que-e-necesario-votar-para-que-galicia-sexa-a-excepcion-positiva-de-espana-que-quere-unha-grande-maioria\/","og_site_name":"PP de Galicia","article_publisher":"https:\/\/www.instagram.com\/ppdegalicia\/","article_published_time":"2016-09-18T15:47:41+00:00","author":"Super User","twitter_card":"summary_large_image","twitter_creator":"@ppdegalicia","twitter_site":"@ppdegalicia","twitter_misc":{"Escrito por":"Super User","Tiempo de lectura":"3 minutos"},"schema":{"@context":"https:\/\/schema.org","@graph":[{"@type":"Article","@id":"https:\/\/ppdegalicia.com\/es\/feijoo-asegura-que-e-necesario-votar-para-que-galicia-sexa-a-excepcion-positiva-de-espana-que-quere-unha-grande-maioria\/#article","isPartOf":{"@id":"https:\/\/ppdegalicia.com\/es\/feijoo-asegura-que-e-necesario-votar-para-que-galicia-sexa-a-excepcion-positiva-de-espana-que-quere-unha-grande-maioria\/"},"author":{"name":"Super User","@id":"https:\/\/ppdegalicia.com\/es\/#\/schema\/person\/d0f013b8388c980665d44009ab762960"},"headline":"Feij\u00f3o asegura que \u00e9 necesario votar para que Galicia sexa a excepci\u00f3n positiva de Espa\u00f1a que quere unha grande maior\u00eda","datePublished":"2016-09-18T15:47:41+00:00","mainEntityOfPage":{"@id":"https:\/\/ppdegalicia.com\/es\/feijoo-asegura-que-e-necesario-votar-para-que-galicia-sexa-a-excepcion-positiva-de-espana-que-quere-unha-grande-maioria\/"},"wordCount":655,"commentCount":0,"publisher":{"@id":"https:\/\/ppdegalicia.com\/es\/#organization"},"articleSection":["PP de Galicia"],"inLanguage":"es","potentialAction":[{"@type":"CommentAction","name":"Comment","target":["https:\/\/ppdegalicia.com\/es\/feijoo-asegura-que-e-necesario-votar-para-que-galicia-sexa-a-excepcion-positiva-de-espana-que-quere-unha-grande-maioria\/#respond"]}]},{"@type":"WebPage","@id":"https:\/\/ppdegalicia.com\/es\/feijoo-asegura-que-e-necesario-votar-para-que-galicia-sexa-a-excepcion-positiva-de-espana-que-quere-unha-grande-maioria\/","url":"https:\/\/ppdegalicia.com\/es\/feijoo-asegura-que-e-necesario-votar-para-que-galicia-sexa-a-excepcion-positiva-de-espana-que-quere-unha-grande-maioria\/","name":"Feij\u00f3o asegura que \u00e9 necesario votar para que Galicia sexa a excepci\u00f3n positiva de Espa\u00f1a que quere unha grande maior\u00eda - PP de Galicia","isPartOf":{"@id":"https:\/\/ppdegalicia.com\/es\/#website"},"datePublished":"2016-09-18T15:47:41+00:00","breadcrumb":{"@id":"https:\/\/ppdegalicia.com\/es\/feijoo-asegura-que-e-necesario-votar-para-que-galicia-sexa-a-excepcion-positiva-de-espana-que-quere-unha-grande-maioria\/#breadcrumb"},"inLanguage":"es","potentialAction":[{"@type":"ReadAction","target":["https:\/\/ppdegalicia.com\/es\/feijoo-asegura-que-e-necesario-votar-para-que-galicia-sexa-a-excepcion-positiva-de-espana-que-quere-unha-grande-maioria\/"]}]},{"@type":"BreadcrumbList","@id":"https:\/\/ppdegalicia.com\/es\/feijoo-asegura-que-e-necesario-votar-para-que-galicia-sexa-a-excepcion-positiva-de-espana-que-quere-unha-grande-maioria\/#breadcrumb","itemListElement":[{"@type":"ListItem","position":1,"name":"Portada","item":"https:\/\/ppdegalicia.com\/es\/"},{"@type":"ListItem","position":2,"name":"Feij\u00f3o asegura que \u00e9 necesario votar para que Galicia sexa a excepci\u00f3n positiva de Espa\u00f1a que quere unha grande maior\u00eda"}]},{"@type":"WebSite","@id":"https:\/\/ppdegalicia.com\/es\/#website","url":"https:\/\/ppdegalicia.com\/es\/","name":"Partido Popular de Galicia","description":"Partido Popular de Galicia","publisher":{"@id":"https:\/\/ppdegalicia.com\/es\/#organization"},"alternateName":"PP de Galicia","potentialAction":[{"@type":"SearchAction","target":{"@type":"EntryPoint","urlTemplate":"https:\/\/ppdegalicia.com\/es\/?s={search_term_string}"},"query-input":{"@type":"PropertyValueSpecification","valueRequired":true,"valueName":"search_term_string"}}],"inLanguage":"es"},{"@type":"Organization","@id":"https:\/\/ppdegalicia.com\/es\/#organization","name":"Partido Popular de Galicia","alternateName":"PP de Galicia","url":"https:\/\/ppdegalicia.com\/es\/","logo":{"@type":"ImageObject","inLanguage":"es","@id":"https:\/\/ppdegalicia.com\/es\/#\/schema\/logo\/image\/","url":"https:\/\/ppdegalicia.com\/wp-content\/uploads\/2023\/04\/logoPP512.png","contentUrl":"https:\/\/ppdegalicia.com\/wp-content\/uploads\/2023\/04\/logoPP512.png","width":512,"height":512,"caption":"Partido Popular de Galicia"},"image":{"@id":"https:\/\/ppdegalicia.com\/es\/#\/schema\/logo\/image\/"},"sameAs":["https:\/\/www.instagram.com\/ppdegalicia\/","https:\/\/x.com\/ppdegalicia","https:\/\/www.tiktok.com\/@ppdegalicia","https:\/\/www.youtube.com\/user\/ppdegalicia"]},{"@type":"Person","@id":"https:\/\/ppdegalicia.com\/es\/#\/schema\/person\/d0f013b8388c980665d44009ab762960","name":"Super User","image":{"@type":"ImageObject","inLanguage":"es","@id":"https:\/\/secure.gravatar.com\/avatar\/1db852625ef4948f58d2739bfbc51e4b9bd5c93b8fa340b59fdb594ca0845645?s=96&d=mm&r=g","url":"https:\/\/secure.gravatar.com\/avatar\/1db852625ef4948f58d2739bfbc51e4b9bd5c93b8fa340b59fdb594ca0845645?s=96&d=mm&r=g","contentUrl":"https:\/\/secure.gravatar.com\/avatar\/1db852625ef4948f58d2739bfbc51e4b9bd5c93b8fa340b59fdb594ca0845645?s=96&d=mm&r=g","caption":"Super User"},"url":"https:\/\/ppdegalicia.com\/es\/author\/ppdegaliciagestion\/"}]}},"_links":{"self":[{"href":"https:\/\/ppdegalicia.com\/es\/wp-json\/wp\/v2\/posts\/53954","targetHints":{"allow":["GET"]}}],"collection":[{"href":"https:\/\/ppdegalicia.com\/es\/wp-json\/wp\/v2\/posts"}],"about":[{"href":"https:\/\/ppdegalicia.com\/es\/wp-json\/wp\/v2\/types\/post"}],"author":[{"embeddable":true,"href":"https:\/\/ppdegalicia.com\/es\/wp-json\/wp\/v2\/users\/37"}],"replies":[{"embeddable":true,"href":"https:\/\/ppdegalicia.com\/es\/wp-json\/wp\/v2\/comments?post=53954"}],"version-history":[{"count":0,"href":"https:\/\/ppdegalicia.com\/es\/wp-json\/wp\/v2\/posts\/53954\/revisions"}],"wp:attachment":[{"href":"https:\/\/ppdegalicia.com\/es\/wp-json\/wp\/v2\/media?parent=53954"}],"wp:term":[{"taxonomy":"category","embeddable":true,"href":"https:\/\/ppdegalicia.com\/es\/wp-json\/wp\/v2\/categories?post=53954"},{"taxonomy":"post_tag","embeddable":true,"href":"https:\/\/ppdegalicia.com\/es\/wp-json\/wp\/v2\/tags?post=53954"}],"curies":[{"name":"wp","href":"https:\/\/api.w.org\/{rel}","templated":true}]}}