{"id":53963,"date":"2016-09-28T15:47:40","date_gmt":"2016-09-28T13:47:40","guid":{"rendered":"https:\/\/ppdegalicia.com\/feijoo-destaca-a-reaccion-do-ppdeg-tralas-eleccions-municipais-como-clave-da-vitoria-nas-autonomicas-o-partido-volveu-a-rua\/"},"modified":"2016-09-28T15:47:40","modified_gmt":"2016-09-28T13:47:40","slug":"feijoo-destaca-a-reaccion-do-ppdeg-tralas-eleccions-municipais-como-clave-da-vitoria-nas-autonomicas-o-partido-volveu-a-rua","status":"publish","type":"post","link":"https:\/\/ppdegalicia.com\/es\/feijoo-destaca-a-reaccion-do-ppdeg-tralas-eleccions-municipais-como-clave-da-vitoria-nas-autonomicas-o-partido-volveu-a-rua\/","title":{"rendered":"Feij\u00f3o destaca a reacci\u00f3n do PPdeG tralas elecci\u00f3ns municipais como clave da vitoria nas auton\u00f3micas: \u201co partido volveu \u00e1 r\u00faa\u201d"},"content":{"rendered":"<p>Santiago, 28 de setembro de 2016.- O presidente do PPdeG, Alberto N&uacute;&ntilde;ez Feij&oacute;o, destacou a reacci&oacute;n dos populares galegos tralas pasadas elecci&oacute;ns municipais como clave da vitoria nas auton&oacute;micas xa que &ldquo;o partido volveu &aacute; r&uacute;a&rdquo;. As&iacute; remarcou que agora volven saber conectar co que sempre aspiraron a ser: o partido que m&aacute;is se parece a Galicia, galeguistas, reformistas, e comprometidos.<\/p>\n<p><!--more--><\/p>\n<p>Desta maneira se expresaba Feij&oacute;o durante a s&uacute;a intervenci&oacute;n na Xunta Directiva do PPdeG, onde agradeceu a participaci&oacute;n de toda a s&uacute;a formaci&oacute;n durante a campa&ntilde;a de elecci&oacute;ns auton&oacute;micas, po&ntilde;endo en valor tam&eacute;n o intenso traballo realizado desde o congreso auton&oacute;mico do pasado mes maio.&nbsp;<\/p>\n<p>&nbsp;<\/p>\n<p>Tal e como dixo, os equipos funcionaron, destacando o traballo previo tanto dos membros do Goberno durante toda a lexislatura como dos equipos locais de cada concello.&nbsp;<\/p>\n<p>&nbsp;<\/p>\n<p>Nesta li&ntilde;a, lembrou que en maio de 2015 foron o partido m&aacute;is votado de Galicia pero souberon ir m&aacute;is al&oacute; diso sendo conscientes de que deb&iacute;an facer autocr&iacute;tica. Deste modo, marc&aacute;ronse unha folla de ruta que consist&iacute;a nunha renovaci&oacute;n de pol&iacute;ticas, de equipos e actitudes que foron cumprindo.<\/p>\n<p>&nbsp;<\/p>\n<p>No referente &aacute;s pol&iacute;ticas, Feij&oacute;o lembrou que se fixo un impulso social &aacute; axenda que non ter&iacute;a sido posible sen ser rigorosos no control orzamentario. Xa en canto aos equipos, recordou que se renovou o goberno, os cadros das provincias en catro congresos e o equipo auton&oacute;mico. Por &uacute;ltimo, salientou a renovaci&oacute;n das actitudes onde destaca unha presenza a&iacute;nda m&aacute;is intensa &ldquo;na aut&eacute;ntica rede social galega que &eacute; a r&uacute;a, que son as prazas, que &eacute; o contacto directo coa sociedade&rdquo;.<\/p>\n<p>&nbsp;<\/p>\n<p>ESIXIRSE M&Aacute;IS CADA D&Iacute;A<\/p>\n<p>Durante o seu discurso, Feij&oacute;o cualificou os resultados acadados nas elecci&oacute;ns auton&oacute;micas como &ldquo;indiscutiblemente bos&rdquo;, as&iacute; como &ldquo;tan bos como excepcionais&rdquo;, subli&ntilde;ando que te&ntilde;en a &uacute;nica maior&iacute;a de toda Espa&ntilde;a e sen esquecer que tam&eacute;n son excepcionais para el como candidato.<\/p>\n<p>&nbsp;<\/p>\n<p>Malia isto, admitiu que non quixera caer no erro da autocompracencia xa que o partido non pode parar, ten que seguir funcionando e esix&iacute;ndose m&aacute;is cada d&iacute;a.<\/p>\n<p>&nbsp;<\/p>\n<p>Por este motivo, sinalou que as pr&oacute;ximas elecci&oacute;ns &ldquo;hai que ga&ntilde;alas desde xa&rdquo;. Para isto, indicou que te&ntilde;en que seguir en contacto directo cos cidad&aacute;ns en cada concello, continuar o proceso de renovaci&oacute;n de equipos, po&ntilde;er a&iacute;nda m&aacute;is en forma os 313 equipos locais e seguir actuando coa sensibilidade precisa coa sociedade.&nbsp;<\/p>\n<p>&nbsp;<\/p>\n<p>REFERENTES PARA TODOS OS GALEGOS<\/p>\n<p>O dirixente reco&ntilde;eceu que os populares son a referencia para a grande maior&iacute;a que lles deron o seu apoio o domingo pero que deben aspirar a ser a de todos os galegos gobernando para todos xa que, ademais, en s&oacute; 24 horas despois das elecci&oacute;ns, os outros partidos xa decepcionaron aos seus votantes. Nese sentido, aseverou que hai moitos galegos orfos dunha referencia pol&iacute;tica despois da reacci&oacute;n do domingo onde se viu unha nula autocr&iacute;tica.<\/p>\n<p>&nbsp;<\/p>\n<p>As&iacute;, lembrou como o PSOE contin&uacute;a como se nada tivera pasado con &nbsp;Pedro S&aacute;nchez na mesma actitude irresponsable de bloqueo e obstruci&oacute;n e con Ciudadanos criticando a Lei Electoral que na campa&ntilde;a defend&iacute;an para querer gobernar Galicia cun s&oacute; escano se lles sa&iacute;a a carambola.<\/p>\n<p>&nbsp;<\/p>\n<p>Xa no tocante &aacute;s &ldquo;mareas de Podemos&rdquo;, afirmou que &eacute; algo moi previsible coa soberbia coa que act&uacute;an, obviando &aacute; maior&iacute;a dos galegos e seguindo a repartir carn&eacute;s de xente, ademais de descualificar a quen non lles da a raz&oacute;n. &ldquo;Fracasaron insult&aacute;ndome a min. Maior ser&aacute; o fracaso insultando aos galegos&rdquo;, manifestou.<\/p>\n<p>&nbsp;<\/p>\n<p>O presidente apuntou tam&eacute;n que esa actitude por parte dos demais partidos debe levar aos populares a esixirse a&iacute;nda m&aacute;is. &ldquo;O que eu pido a todos, e moito m&aacute;is na vitoria, &eacute; humildade&rdquo;, recalcou afirmando que o que fai grande ao PPdeG &eacute; a capacidade para ser un partido de toda a comunidade.&nbsp;<\/p>\n<p>&nbsp;<\/p>\n<p>Nese senso, engadiu que Galicia ter&aacute; un goberno estable e para todos porque foi o seu compromiso e cumprirao. &ldquo;Galicia ten tam&eacute;n un partido no que cabe a grande maior&iacute;a dos galegos&rdquo; asegurou namentres indicaba que &ldquo;f&aacute;lase facendo. Celebremos facendo&rdquo;.<\/p>\n<p>&nbsp;<\/p>\n<div id=\"_mcePaste\" class=\"mcePaste\" data-mce-bogus=\"1\" style=\"position: absolute; left: 0px; top: -25px; width: 10px; height: 10px; overflow: hidden;\">\n<p class=\"MsoNormal\" style=\"text-align: justify;\"><b><span lang=\"GL\" style=\"font-size: 14.0pt; font-family: 'Arial','sans-serif'; mso-ansi-language: GL; mso-fareast-language: ES;\">Santiago, 28 de setembro de 2016<\/span><\/b><span lang=\"GL\" style=\"font-size: 14.0pt; font-family: 'Arial','sans-serif'; mso-ansi-language: GL; mso-fareast-language: ES;\">.-&nbsp;O presidente do PPdeG, Alberto N&uacute;&ntilde;ez Feij&oacute;o, destacou a reacci&oacute;n dos populares galegos tralas pasadas elecci&oacute;ns municipais como clave da vitoria nas auton&oacute;micas xa que <\/span><span lang=\"GL\" style=\"font-size: 14.0pt; font-family: 'Arial','sans-serif'; mso-ansi-language: GL;\">&ldquo;o partido volveu &aacute; r&uacute;a&rdquo;. As&iacute; remarcou que agora volven saber conectar co que sempre aspiraron a ser: o partido que m&aacute;is se parece a Galicia, galeguistas, reformistas, e comprometidos.<o:p><\/o:p><\/span><\/p>\n<p class=\"MsoNormal\" style=\"text-align: justify;\"><span lang=\"GL\" style=\"font-size: 14.0pt; font-family: 'Arial','sans-serif'; mso-ansi-language: GL; mso-fareast-language: ES;\"><\/span><\/p>\n<p class=\"MsoNormal\" style=\"text-align: justify;\"><span lang=\"GL\" style=\"font-size: 14.0pt; font-family: 'Arial','sans-serif'; mso-ansi-language: GL;\">Desta maneira se expresaba Feij&oacute;o durante a s&uacute;a intervenci&oacute;n na Xunta Directiva do PPdeG, onde agradeceu a participaci&oacute;n de toda a s&uacute;a formaci&oacute;n durante a campa&ntilde;a de elecci&oacute;ns auton&oacute;micas, po&ntilde;endo en valor tam&eacute;n o intenso traballo realizado desde o congreso auton&oacute;mico do pasado mes maio. <o:p><\/o:p><\/span><\/p>\n<p class=\"MsoNormal\" style=\"text-align: justify;\"><span lang=\"GL\" style=\"font-size: 14.0pt; font-family: 'Arial','sans-serif'; mso-ansi-language: GL;\"><\/span><\/p>\n<p class=\"MsoNormal\" style=\"text-align: justify;\"><span lang=\"GL\" style=\"font-size: 14.0pt; font-family: 'Arial','sans-serif'; mso-ansi-language: GL;\">Tal e como dixo, os equipos funcionaron, destacando o traballo previo tanto dos membros do Goberno durante toda a lexislatura como dos equipos locais de cada concello. <o:p><\/o:p><\/span><\/p>\n<p class=\"MsoNormal\" style=\"text-align: justify;\"><span lang=\"GL\" style=\"font-size: 14.0pt; font-family: 'Arial','sans-serif'; mso-ansi-language: GL;\"><\/span><\/p>\n<p class=\"MsoNormal\" style=\"text-align: justify;\"><span lang=\"GL\" style=\"font-size: 14.0pt; font-family: 'Arial','sans-serif'; mso-ansi-language: GL;\">Nesta li&ntilde;a, lembrou que en maio de 2015 foron o partido m&aacute;is votado de Galicia pero souberon ir m&aacute;is al&oacute; diso sendo conscientes de que deb&iacute;an facer autocr&iacute;tica. Deste modo, marc&aacute;ronse unha folla de ruta que consist&iacute;a nunha renovaci&oacute;n de pol&iacute;ticas, de equipos e actitudes que foron cumprindo.<o:p><\/o:p><\/span><\/p>\n<p class=\"MsoNormal\" style=\"text-align: justify;\"><span lang=\"GL\" style=\"font-size: 14.0pt; font-family: 'Arial','sans-serif'; mso-ansi-language: GL;\"><\/span><\/p>\n<p class=\"MsoNormal\" style=\"text-align: justify;\"><span lang=\"GL\" style=\"font-size: 14.0pt; font-family: 'Arial','sans-serif'; mso-ansi-language: GL;\">No referente &aacute;s pol&iacute;ticas, Feij&oacute;o lembrou que se fixo un impulso social &aacute; axenda que non ter&iacute;a sido posible sen ser rigorosos no control orzamentario. Xa en canto aos equipos, recordou que se renovou o goberno, os cadros das provincias en catro congresos e o equipo auton&oacute;mico. Por &uacute;ltimo, salientou a renovaci&oacute;n das actitudes onde destaca unha presenza a&iacute;nda m&aacute;is intensa &ldquo;na aut&eacute;ntica rede social galega que &eacute; a r&uacute;a, que son as prazas, que &eacute; o contacto directo coa sociedade&rdquo;.<o:p><\/o:p><\/span><\/p>\n<p class=\"MsoNormal\" style=\"text-align: justify;\"><span lang=\"GL\" style=\"font-size: 14.0pt; font-family: 'Arial','sans-serif'; mso-ansi-language: GL;\"><\/span><\/p>\n<p class=\"MsoNormal\" style=\"text-align: justify;\"><b><span lang=\"GL\" style=\"font-size: 14.0pt; font-family: 'Arial','sans-serif'; mso-ansi-language: GL;\">ESIXIRSE M&Aacute;IS CADA D&Iacute;A<o:p><\/o:p><\/span><\/b><\/p>\n<p class=\"MsoNormal\" style=\"text-align: justify;\"><span lang=\"GL\" style=\"font-size: 14.0pt; font-family: 'Arial','sans-serif'; mso-ansi-language: GL;\">Durante o seu discurso, Feij&oacute;o cualificou os resultados acadados nas elecci&oacute;ns auton&oacute;micas como &ldquo;indiscutiblemente bos&rdquo;, as&iacute; como &ldquo;tan bos como excepcionais&rdquo;, subli&ntilde;ando que te&ntilde;en a &uacute;nica maior&iacute;a de toda Espa&ntilde;a e sen esquecer que tam&eacute;n son excepcionais para el como candidato.<o:p><\/o:p><\/span><\/p>\n<p class=\"MsoNormal\" style=\"text-align: justify;\"><span lang=\"GL\" style=\"font-size: 14.0pt; font-family: 'Arial','sans-serif'; mso-ansi-language: GL;\"><\/span><\/p>\n<p class=\"MsoNormal\" style=\"text-align: justify;\"><span lang=\"GL\" style=\"font-size: 14.0pt; font-family: 'Arial','sans-serif'; mso-ansi-language: GL;\">Malia isto, admitiu que non quixera caer no erro da autocompracencia xa que o partido non pode parar, ten que seguir funcionando e esix&iacute;ndose m&aacute;is cada d&iacute;a.<o:p><\/o:p><\/span><\/p>\n<p class=\"MsoNormal\" style=\"text-align: justify;\"><span lang=\"GL\" style=\"font-size: 14.0pt; font-family: 'Arial','sans-serif'; mso-ansi-language: GL;\"><\/span><\/p>\n<p class=\"MsoNormal\" style=\"text-align: justify;\"><span lang=\"GL\" style=\"font-size: 14.0pt; font-family: 'Arial','sans-serif'; mso-ansi-language: GL;\">Por este motivo, sinalou que as pr&oacute;ximas elecci&oacute;ns &ldquo;hai que ga&ntilde;alas desde xa&rdquo;. Para isto, indicou que te&ntilde;en que seguir en contacto directo cos cidad&aacute;ns en cada concello, continuar o proceso de renovaci&oacute;n de equipos, po&ntilde;er a&iacute;nda m&aacute;is en forma os 313 equipos locais e seguir actuando coa sensibilidade precisa coa sociedade. <o:p><\/o:p><\/span><\/p>\n<p class=\"MsoNormal\" style=\"text-align: justify;\"><span lang=\"GL\" style=\"font-size: 14.0pt; font-family: 'Arial','sans-serif'; mso-ansi-language: GL;\"><\/span><\/p>\n<p class=\"MsoNormal\" style=\"text-align: justify;\"><b><span lang=\"GL\" style=\"font-size: 14.0pt; font-family: 'Arial','sans-serif'; mso-ansi-language: GL;\">REFERENTES PARA TODOS OS GALEGOS<o:p><\/o:p><\/span><\/b><\/p>\n<p class=\"MsoNormal\" style=\"text-align: justify; tab-stops: list 89.4pt;\"><span lang=\"GL\" style=\"font-size: 14.0pt; font-family: 'Arial','sans-serif'; mso-ansi-language: GL;\">O dirixente reco&ntilde;eceu que os populares son a referencia para a grande maior&iacute;a que lles deron o seu apoio o domingo pero que deben aspirar a ser a de todos os galegos gobernando para todos xa que, ademais, en s&oacute; 24 horas despois das elecci&oacute;ns, os outros partidos xa decepcionaron aos seus votantes. Nese sentido, aseverou que hai moitos galegos orfos dunha referencia pol&iacute;tica despois da reacci&oacute;n do domingo onde se viu unha nula autocr&iacute;tica.<o:p><\/o:p><\/span><\/p>\n<p class=\"MsoNormal\" style=\"margin-left: 71.4pt; text-align: justify;\"><span lang=\"GL\" style=\"font-size: 14.0pt; font-family: 'Arial','sans-serif'; mso-ansi-language: GL;\"><\/span><\/p>\n<p class=\"MsoNormal\" style=\"text-align: justify;\"><span lang=\"GL\" style=\"font-size: 14.0pt; font-family: 'Arial','sans-serif'; mso-ansi-language: GL;\">As&iacute;, lembrou como o PSOE contin&uacute;a como se nada tivera pasado con &nbsp;Pedro S&aacute;nchez na mesma actitude irresponsable de bloqueo e obstruci&oacute;n e con Ciudadanos criticando a Lei Electoral que na campa&ntilde;a defend&iacute;an para querer gobernar Galicia cun s&oacute; escano se lles sa&iacute;a a carambola.<o:p><\/o:p><\/span><\/p>\n<p class=\"MsoNormal\" style=\"text-align: justify;\"><span lang=\"GL\" style=\"font-size: 14.0pt; font-family: 'Arial','sans-serif'; mso-ansi-language: GL;\"><\/span><\/p>\n<p class=\"MsoNormal\" style=\"text-align: justify;\"><span lang=\"GL\" style=\"font-size: 14.0pt; font-family: 'Arial','sans-serif'; mso-ansi-language: GL;\">Xa no tocante &aacute;s &ldquo;mareas de Podemos&rdquo;, afirmou que &eacute; algo moi previsible coa soberbia coa que act&uacute;an, obviando &aacute; maior&iacute;a dos galegos e seguindo a repartir carn&eacute;s de xente, ademais de descualificar a quen non lles da a raz&oacute;n. &ldquo;Fracasaron insult&aacute;ndome a min. Maior ser&aacute; o fracaso insultando aos galegos&rdquo;, manifestou.<o:p><\/o:p><\/span><\/p>\n<p class=\"MsoNormal\" style=\"text-align: justify;\"><i><span lang=\"GL\" style=\"font-size: 14.0pt; font-family: 'Arial','sans-serif'; mso-ansi-language: GL;\"><\/span><\/i><\/p>\n<p class=\"MsoNormal\" style=\"text-align: justify;\"><span lang=\"GL\" style=\"font-size: 14.0pt; font-family: 'Arial','sans-serif'; mso-ansi-language: GL;\">O presidente apuntou tam&eacute;n que esa actitude por parte dos demais partidos debe levar aos populares a esixirse a&iacute;nda m&aacute;is. &ldquo;O que eu pido a todos, e moito m&aacute;is na vitoria, &eacute; humildade&rdquo;, recalcou afirmando que o que fai grande ao PPdeG &eacute; a capacidade para ser un partido de toda a comunidade. <o:p><\/o:p><\/span><\/p>\n<p class=\"MsoNormal\" style=\"text-align: justify;\"><span lang=\"GL\" style=\"font-size: 14.0pt; font-family: 'Arial','sans-serif'; mso-ansi-language: GL;\"><\/span><\/p>\n<p class=\"MsoNormal\" style=\"text-align: justify; tab-stops: list 18.0pt;\"><span lang=\"GL\" style=\"font-size: 14.0pt; font-family: 'Arial','sans-serif'; mso-ansi-language: GL;\">Nese senso, engadiu que Galicia ter&aacute; un goberno estable e para todos porque foi o seu compromiso e cumprirao. &ldquo;Galicia ten tam&eacute;n un partido no que cabe a grande maior&iacute;a dos galegos&rdquo; asegurou namentres indicaba que &ldquo;f&aacute;lase facendo. Celebremos facendo&rdquo;.<o:p><\/o:p><\/span><\/p>\n<p class=\"MsoNormal\" style=\"margin-bottom: 12pt; text-align: justify; background-image: initial; background-attachment: initial; background-size: initial; background-origin: initial; background-clip: initial; background-position: initial; background-repeat: initial;\"><span lang=\"GL\"><\/span><\/p>\n<\/div>\n","protected":false},"excerpt":{"rendered":"<p>Santiago, 28 de setembro de 2016.- O presidente do PPdeG, Alberto N&uacute;&ntilde;ez Feij&oacute;o, destacou a reacci&oacute;n dos populares galegos tralas pasadas elecci&oacute;ns municipais como clave da vitoria nas auton&oacute;micas xa que &ldquo;o partido volveu &aacute; r&uacute;a&rdquo;. As&iacute; remarcou que agora volven saber conectar co que sempre aspiraron a ser: o partido que m&aacute;is se parece [&hellip;]<\/p>\n","protected":false},"author":37,"featured_media":0,"comment_status":"open","ping_status":"open","sticky":false,"template":"","format":"standard","meta":{"_acf_changed":false,"footnotes":""},"categories":[1],"tags":[],"class_list":["post-53963","post","type-post","status-publish","format-standard","hentry","category-pp-de-galicia"],"acf":[],"yoast_head":"<!-- This site is optimized with the Yoast SEO plugin v27.3 - https:\/\/yoast.com\/product\/yoast-seo-wordpress\/ -->\n<title>Feij\u00f3o destaca a reacci\u00f3n do PPdeG tralas elecci\u00f3ns municipais como clave da vitoria nas auton\u00f3micas: \u201co partido volveu \u00e1 r\u00faa\u201d - PP de Galicia<\/title>\n<meta name=\"robots\" content=\"index, follow, max-snippet:-1, max-image-preview:large, max-video-preview:-1\" \/>\n<link rel=\"canonical\" href=\"https:\/\/ppdegalicia.com\/es\/feijoo-destaca-a-reaccion-do-ppdeg-tralas-eleccions-municipais-como-clave-da-vitoria-nas-autonomicas-o-partido-volveu-a-rua\/\" \/>\n<meta property=\"og:locale\" content=\"es_ES\" \/>\n<meta property=\"og:type\" content=\"article\" \/>\n<meta property=\"og:title\" content=\"Feij\u00f3o destaca a reacci\u00f3n do PPdeG tralas elecci\u00f3ns municipais como clave da vitoria nas auton\u00f3micas: \u201co partido volveu \u00e1 r\u00faa\u201d - PP de Galicia\" \/>\n<meta property=\"og:description\" content=\"Santiago, 28 de setembro de 2016.- O presidente do PPdeG, Alberto N&uacute;&ntilde;ez Feij&oacute;o, destacou a reacci&oacute;n dos populares galegos tralas pasadas elecci&oacute;ns municipais como clave da vitoria nas auton&oacute;micas xa que &ldquo;o partido volveu &aacute; r&uacute;a&rdquo;. As&iacute; remarcou que agora volven saber conectar co que sempre aspiraron a ser: o partido que m&aacute;is se parece [&hellip;]\" \/>\n<meta property=\"og:url\" content=\"https:\/\/ppdegalicia.com\/es\/feijoo-destaca-a-reaccion-do-ppdeg-tralas-eleccions-municipais-como-clave-da-vitoria-nas-autonomicas-o-partido-volveu-a-rua\/\" \/>\n<meta property=\"og:site_name\" content=\"PP de Galicia\" \/>\n<meta property=\"article:publisher\" content=\"https:\/\/www.instagram.com\/ppdegalicia\/\" \/>\n<meta property=\"article:published_time\" content=\"2016-09-28T13:47:40+00:00\" \/>\n<meta name=\"author\" content=\"Super User\" \/>\n<meta name=\"twitter:card\" content=\"summary_large_image\" \/>\n<meta name=\"twitter:creator\" content=\"@ppdegalicia\" \/>\n<meta name=\"twitter:site\" content=\"@ppdegalicia\" \/>\n<meta name=\"twitter:label1\" content=\"Escrito por\" \/>\n\t<meta name=\"twitter:data1\" content=\"Super User\" \/>\n\t<meta name=\"twitter:label2\" content=\"Tiempo de lectura\" \/>\n\t<meta name=\"twitter:data2\" content=\"9 minutos\" \/>\n<script type=\"application\/ld+json\" class=\"yoast-schema-graph\">{\"@context\":\"https:\\\/\\\/schema.org\",\"@graph\":[{\"@type\":\"Article\",\"@id\":\"https:\\\/\\\/ppdegalicia.com\\\/es\\\/feijoo-destaca-a-reaccion-do-ppdeg-tralas-eleccions-municipais-como-clave-da-vitoria-nas-autonomicas-o-partido-volveu-a-rua\\\/#article\",\"isPartOf\":{\"@id\":\"https:\\\/\\\/ppdegalicia.com\\\/es\\\/feijoo-destaca-a-reaccion-do-ppdeg-tralas-eleccions-municipais-como-clave-da-vitoria-nas-autonomicas-o-partido-volveu-a-rua\\\/\"},\"author\":{\"name\":\"Super User\",\"@id\":\"https:\\\/\\\/ppdegalicia.com\\\/es\\\/#\\\/schema\\\/person\\\/d0f013b8388c980665d44009ab762960\"},\"headline\":\"Feij\u00f3o destaca a reacci\u00f3n do PPdeG tralas elecci\u00f3ns municipais como clave da vitoria nas auton\u00f3micas: \u201co partido volveu \u00e1 r\u00faa\u201d\",\"datePublished\":\"2016-09-28T13:47:40+00:00\",\"mainEntityOfPage\":{\"@id\":\"https:\\\/\\\/ppdegalicia.com\\\/es\\\/feijoo-destaca-a-reaccion-do-ppdeg-tralas-eleccions-municipais-como-clave-da-vitoria-nas-autonomicas-o-partido-volveu-a-rua\\\/\"},\"wordCount\":1745,\"commentCount\":0,\"publisher\":{\"@id\":\"https:\\\/\\\/ppdegalicia.com\\\/es\\\/#organization\"},\"articleSection\":[\"PP de Galicia\"],\"inLanguage\":\"es\",\"potentialAction\":[{\"@type\":\"CommentAction\",\"name\":\"Comment\",\"target\":[\"https:\\\/\\\/ppdegalicia.com\\\/es\\\/feijoo-destaca-a-reaccion-do-ppdeg-tralas-eleccions-municipais-como-clave-da-vitoria-nas-autonomicas-o-partido-volveu-a-rua\\\/#respond\"]}]},{\"@type\":\"WebPage\",\"@id\":\"https:\\\/\\\/ppdegalicia.com\\\/es\\\/feijoo-destaca-a-reaccion-do-ppdeg-tralas-eleccions-municipais-como-clave-da-vitoria-nas-autonomicas-o-partido-volveu-a-rua\\\/\",\"url\":\"https:\\\/\\\/ppdegalicia.com\\\/es\\\/feijoo-destaca-a-reaccion-do-ppdeg-tralas-eleccions-municipais-como-clave-da-vitoria-nas-autonomicas-o-partido-volveu-a-rua\\\/\",\"name\":\"Feij\u00f3o destaca a reacci\u00f3n do PPdeG tralas elecci\u00f3ns municipais como clave da vitoria nas auton\u00f3micas: \u201co partido volveu \u00e1 r\u00faa\u201d - PP de Galicia\",\"isPartOf\":{\"@id\":\"https:\\\/\\\/ppdegalicia.com\\\/es\\\/#website\"},\"datePublished\":\"2016-09-28T13:47:40+00:00\",\"breadcrumb\":{\"@id\":\"https:\\\/\\\/ppdegalicia.com\\\/es\\\/feijoo-destaca-a-reaccion-do-ppdeg-tralas-eleccions-municipais-como-clave-da-vitoria-nas-autonomicas-o-partido-volveu-a-rua\\\/#breadcrumb\"},\"inLanguage\":\"es\",\"potentialAction\":[{\"@type\":\"ReadAction\",\"target\":[\"https:\\\/\\\/ppdegalicia.com\\\/es\\\/feijoo-destaca-a-reaccion-do-ppdeg-tralas-eleccions-municipais-como-clave-da-vitoria-nas-autonomicas-o-partido-volveu-a-rua\\\/\"]}]},{\"@type\":\"BreadcrumbList\",\"@id\":\"https:\\\/\\\/ppdegalicia.com\\\/es\\\/feijoo-destaca-a-reaccion-do-ppdeg-tralas-eleccions-municipais-como-clave-da-vitoria-nas-autonomicas-o-partido-volveu-a-rua\\\/#breadcrumb\",\"itemListElement\":[{\"@type\":\"ListItem\",\"position\":1,\"name\":\"Portada\",\"item\":\"https:\\\/\\\/ppdegalicia.com\\\/es\\\/\"},{\"@type\":\"ListItem\",\"position\":2,\"name\":\"Feij\u00f3o destaca a reacci\u00f3n do PPdeG tralas elecci\u00f3ns municipais como clave da vitoria nas auton\u00f3micas: \u201co partido volveu \u00e1 r\u00faa\u201d\"}]},{\"@type\":\"WebSite\",\"@id\":\"https:\\\/\\\/ppdegalicia.com\\\/es\\\/#website\",\"url\":\"https:\\\/\\\/ppdegalicia.com\\\/es\\\/\",\"name\":\"Partido Popular de Galicia\",\"description\":\"Partido Popular de Galicia\",\"publisher\":{\"@id\":\"https:\\\/\\\/ppdegalicia.com\\\/es\\\/#organization\"},\"alternateName\":\"PP de Galicia\",\"potentialAction\":[{\"@type\":\"SearchAction\",\"target\":{\"@type\":\"EntryPoint\",\"urlTemplate\":\"https:\\\/\\\/ppdegalicia.com\\\/es\\\/?s={search_term_string}\"},\"query-input\":{\"@type\":\"PropertyValueSpecification\",\"valueRequired\":true,\"valueName\":\"search_term_string\"}}],\"inLanguage\":\"es\"},{\"@type\":\"Organization\",\"@id\":\"https:\\\/\\\/ppdegalicia.com\\\/es\\\/#organization\",\"name\":\"Partido Popular de Galicia\",\"alternateName\":\"PP de Galicia\",\"url\":\"https:\\\/\\\/ppdegalicia.com\\\/es\\\/\",\"logo\":{\"@type\":\"ImageObject\",\"inLanguage\":\"es\",\"@id\":\"https:\\\/\\\/ppdegalicia.com\\\/es\\\/#\\\/schema\\\/logo\\\/image\\\/\",\"url\":\"https:\\\/\\\/ppdegalicia.com\\\/wp-content\\\/uploads\\\/2023\\\/04\\\/logoPP512.png\",\"contentUrl\":\"https:\\\/\\\/ppdegalicia.com\\\/wp-content\\\/uploads\\\/2023\\\/04\\\/logoPP512.png\",\"width\":512,\"height\":512,\"caption\":\"Partido Popular de Galicia\"},\"image\":{\"@id\":\"https:\\\/\\\/ppdegalicia.com\\\/es\\\/#\\\/schema\\\/logo\\\/image\\\/\"},\"sameAs\":[\"https:\\\/\\\/www.instagram.com\\\/ppdegalicia\\\/\",\"https:\\\/\\\/x.com\\\/ppdegalicia\",\"https:\\\/\\\/www.tiktok.com\\\/@ppdegalicia\",\"https:\\\/\\\/www.youtube.com\\\/user\\\/ppdegalicia\"]},{\"@type\":\"Person\",\"@id\":\"https:\\\/\\\/ppdegalicia.com\\\/es\\\/#\\\/schema\\\/person\\\/d0f013b8388c980665d44009ab762960\",\"name\":\"Super User\",\"image\":{\"@type\":\"ImageObject\",\"inLanguage\":\"es\",\"@id\":\"https:\\\/\\\/secure.gravatar.com\\\/avatar\\\/1db852625ef4948f58d2739bfbc51e4b9bd5c93b8fa340b59fdb594ca0845645?s=96&d=mm&r=g\",\"url\":\"https:\\\/\\\/secure.gravatar.com\\\/avatar\\\/1db852625ef4948f58d2739bfbc51e4b9bd5c93b8fa340b59fdb594ca0845645?s=96&d=mm&r=g\",\"contentUrl\":\"https:\\\/\\\/secure.gravatar.com\\\/avatar\\\/1db852625ef4948f58d2739bfbc51e4b9bd5c93b8fa340b59fdb594ca0845645?s=96&d=mm&r=g\",\"caption\":\"Super User\"},\"url\":\"https:\\\/\\\/ppdegalicia.com\\\/es\\\/author\\\/ppdegaliciagestion\\\/\"}]}<\/script>\n<!-- \/ Yoast SEO plugin. -->","yoast_head_json":{"title":"Feij\u00f3o destaca a reacci\u00f3n do PPdeG tralas elecci\u00f3ns municipais como clave da vitoria nas auton\u00f3micas: \u201co partido volveu \u00e1 r\u00faa\u201d - PP de Galicia","robots":{"index":"index","follow":"follow","max-snippet":"max-snippet:-1","max-image-preview":"max-image-preview:large","max-video-preview":"max-video-preview:-1"},"canonical":"https:\/\/ppdegalicia.com\/es\/feijoo-destaca-a-reaccion-do-ppdeg-tralas-eleccions-municipais-como-clave-da-vitoria-nas-autonomicas-o-partido-volveu-a-rua\/","og_locale":"es_ES","og_type":"article","og_title":"Feij\u00f3o destaca a reacci\u00f3n do PPdeG tralas elecci\u00f3ns municipais como clave da vitoria nas auton\u00f3micas: \u201co partido volveu \u00e1 r\u00faa\u201d - PP de Galicia","og_description":"Santiago, 28 de setembro de 2016.- O presidente do PPdeG, Alberto N&uacute;&ntilde;ez Feij&oacute;o, destacou a reacci&oacute;n dos populares galegos tralas pasadas elecci&oacute;ns municipais como clave da vitoria nas auton&oacute;micas xa que &ldquo;o partido volveu &aacute; r&uacute;a&rdquo;. As&iacute; remarcou que agora volven saber conectar co que sempre aspiraron a ser: o partido que m&aacute;is se parece [&hellip;]","og_url":"https:\/\/ppdegalicia.com\/es\/feijoo-destaca-a-reaccion-do-ppdeg-tralas-eleccions-municipais-como-clave-da-vitoria-nas-autonomicas-o-partido-volveu-a-rua\/","og_site_name":"PP de Galicia","article_publisher":"https:\/\/www.instagram.com\/ppdegalicia\/","article_published_time":"2016-09-28T13:47:40+00:00","author":"Super User","twitter_card":"summary_large_image","twitter_creator":"@ppdegalicia","twitter_site":"@ppdegalicia","twitter_misc":{"Escrito por":"Super User","Tiempo de lectura":"9 minutos"},"schema":{"@context":"https:\/\/schema.org","@graph":[{"@type":"Article","@id":"https:\/\/ppdegalicia.com\/es\/feijoo-destaca-a-reaccion-do-ppdeg-tralas-eleccions-municipais-como-clave-da-vitoria-nas-autonomicas-o-partido-volveu-a-rua\/#article","isPartOf":{"@id":"https:\/\/ppdegalicia.com\/es\/feijoo-destaca-a-reaccion-do-ppdeg-tralas-eleccions-municipais-como-clave-da-vitoria-nas-autonomicas-o-partido-volveu-a-rua\/"},"author":{"name":"Super User","@id":"https:\/\/ppdegalicia.com\/es\/#\/schema\/person\/d0f013b8388c980665d44009ab762960"},"headline":"Feij\u00f3o destaca a reacci\u00f3n do PPdeG tralas elecci\u00f3ns municipais como clave da vitoria nas auton\u00f3micas: \u201co partido volveu \u00e1 r\u00faa\u201d","datePublished":"2016-09-28T13:47:40+00:00","mainEntityOfPage":{"@id":"https:\/\/ppdegalicia.com\/es\/feijoo-destaca-a-reaccion-do-ppdeg-tralas-eleccions-municipais-como-clave-da-vitoria-nas-autonomicas-o-partido-volveu-a-rua\/"},"wordCount":1745,"commentCount":0,"publisher":{"@id":"https:\/\/ppdegalicia.com\/es\/#organization"},"articleSection":["PP de Galicia"],"inLanguage":"es","potentialAction":[{"@type":"CommentAction","name":"Comment","target":["https:\/\/ppdegalicia.com\/es\/feijoo-destaca-a-reaccion-do-ppdeg-tralas-eleccions-municipais-como-clave-da-vitoria-nas-autonomicas-o-partido-volveu-a-rua\/#respond"]}]},{"@type":"WebPage","@id":"https:\/\/ppdegalicia.com\/es\/feijoo-destaca-a-reaccion-do-ppdeg-tralas-eleccions-municipais-como-clave-da-vitoria-nas-autonomicas-o-partido-volveu-a-rua\/","url":"https:\/\/ppdegalicia.com\/es\/feijoo-destaca-a-reaccion-do-ppdeg-tralas-eleccions-municipais-como-clave-da-vitoria-nas-autonomicas-o-partido-volveu-a-rua\/","name":"Feij\u00f3o destaca a reacci\u00f3n do PPdeG tralas elecci\u00f3ns municipais como clave da vitoria nas auton\u00f3micas: \u201co partido volveu \u00e1 r\u00faa\u201d - PP de Galicia","isPartOf":{"@id":"https:\/\/ppdegalicia.com\/es\/#website"},"datePublished":"2016-09-28T13:47:40+00:00","breadcrumb":{"@id":"https:\/\/ppdegalicia.com\/es\/feijoo-destaca-a-reaccion-do-ppdeg-tralas-eleccions-municipais-como-clave-da-vitoria-nas-autonomicas-o-partido-volveu-a-rua\/#breadcrumb"},"inLanguage":"es","potentialAction":[{"@type":"ReadAction","target":["https:\/\/ppdegalicia.com\/es\/feijoo-destaca-a-reaccion-do-ppdeg-tralas-eleccions-municipais-como-clave-da-vitoria-nas-autonomicas-o-partido-volveu-a-rua\/"]}]},{"@type":"BreadcrumbList","@id":"https:\/\/ppdegalicia.com\/es\/feijoo-destaca-a-reaccion-do-ppdeg-tralas-eleccions-municipais-como-clave-da-vitoria-nas-autonomicas-o-partido-volveu-a-rua\/#breadcrumb","itemListElement":[{"@type":"ListItem","position":1,"name":"Portada","item":"https:\/\/ppdegalicia.com\/es\/"},{"@type":"ListItem","position":2,"name":"Feij\u00f3o destaca a reacci\u00f3n do PPdeG tralas elecci\u00f3ns municipais como clave da vitoria nas auton\u00f3micas: \u201co partido volveu \u00e1 r\u00faa\u201d"}]},{"@type":"WebSite","@id":"https:\/\/ppdegalicia.com\/es\/#website","url":"https:\/\/ppdegalicia.com\/es\/","name":"Partido Popular de Galicia","description":"Partido Popular de Galicia","publisher":{"@id":"https:\/\/ppdegalicia.com\/es\/#organization"},"alternateName":"PP de Galicia","potentialAction":[{"@type":"SearchAction","target":{"@type":"EntryPoint","urlTemplate":"https:\/\/ppdegalicia.com\/es\/?s={search_term_string}"},"query-input":{"@type":"PropertyValueSpecification","valueRequired":true,"valueName":"search_term_string"}}],"inLanguage":"es"},{"@type":"Organization","@id":"https:\/\/ppdegalicia.com\/es\/#organization","name":"Partido Popular de Galicia","alternateName":"PP de Galicia","url":"https:\/\/ppdegalicia.com\/es\/","logo":{"@type":"ImageObject","inLanguage":"es","@id":"https:\/\/ppdegalicia.com\/es\/#\/schema\/logo\/image\/","url":"https:\/\/ppdegalicia.com\/wp-content\/uploads\/2023\/04\/logoPP512.png","contentUrl":"https:\/\/ppdegalicia.com\/wp-content\/uploads\/2023\/04\/logoPP512.png","width":512,"height":512,"caption":"Partido Popular de Galicia"},"image":{"@id":"https:\/\/ppdegalicia.com\/es\/#\/schema\/logo\/image\/"},"sameAs":["https:\/\/www.instagram.com\/ppdegalicia\/","https:\/\/x.com\/ppdegalicia","https:\/\/www.tiktok.com\/@ppdegalicia","https:\/\/www.youtube.com\/user\/ppdegalicia"]},{"@type":"Person","@id":"https:\/\/ppdegalicia.com\/es\/#\/schema\/person\/d0f013b8388c980665d44009ab762960","name":"Super User","image":{"@type":"ImageObject","inLanguage":"es","@id":"https:\/\/secure.gravatar.com\/avatar\/1db852625ef4948f58d2739bfbc51e4b9bd5c93b8fa340b59fdb594ca0845645?s=96&d=mm&r=g","url":"https:\/\/secure.gravatar.com\/avatar\/1db852625ef4948f58d2739bfbc51e4b9bd5c93b8fa340b59fdb594ca0845645?s=96&d=mm&r=g","contentUrl":"https:\/\/secure.gravatar.com\/avatar\/1db852625ef4948f58d2739bfbc51e4b9bd5c93b8fa340b59fdb594ca0845645?s=96&d=mm&r=g","caption":"Super User"},"url":"https:\/\/ppdegalicia.com\/es\/author\/ppdegaliciagestion\/"}]}},"_links":{"self":[{"href":"https:\/\/ppdegalicia.com\/es\/wp-json\/wp\/v2\/posts\/53963","targetHints":{"allow":["GET"]}}],"collection":[{"href":"https:\/\/ppdegalicia.com\/es\/wp-json\/wp\/v2\/posts"}],"about":[{"href":"https:\/\/ppdegalicia.com\/es\/wp-json\/wp\/v2\/types\/post"}],"author":[{"embeddable":true,"href":"https:\/\/ppdegalicia.com\/es\/wp-json\/wp\/v2\/users\/37"}],"replies":[{"embeddable":true,"href":"https:\/\/ppdegalicia.com\/es\/wp-json\/wp\/v2\/comments?post=53963"}],"version-history":[{"count":0,"href":"https:\/\/ppdegalicia.com\/es\/wp-json\/wp\/v2\/posts\/53963\/revisions"}],"wp:attachment":[{"href":"https:\/\/ppdegalicia.com\/es\/wp-json\/wp\/v2\/media?parent=53963"}],"wp:term":[{"taxonomy":"category","embeddable":true,"href":"https:\/\/ppdegalicia.com\/es\/wp-json\/wp\/v2\/categories?post=53963"},{"taxonomy":"post_tag","embeddable":true,"href":"https:\/\/ppdegalicia.com\/es\/wp-json\/wp\/v2\/tags?post=53963"}],"curies":[{"name":"wp","href":"https:\/\/api.w.org\/{rel}","templated":true}]}}