{"id":53978,"date":"2016-11-03T17:28:45","date_gmt":"2016-11-03T15:28:45","guid":{"rendered":"https:\/\/ppdegalicia.com\/feijoo-destaca-que-tres-de-cada-catro-lumes-que-se-deron-na-comunidade-na-ultima-decada-foron-provocados\/"},"modified":"2016-11-03T17:28:45","modified_gmt":"2016-11-03T15:28:45","slug":"feijoo-destaca-que-tres-de-cada-catro-lumes-que-se-deron-na-comunidade-na-ultima-decada-foron-provocados","status":"publish","type":"post","link":"https:\/\/ppdegalicia.com\/es\/feijoo-destaca-que-tres-de-cada-catro-lumes-que-se-deron-na-comunidade-na-ultima-decada-foron-provocados\/","title":{"rendered":"Feij\u00f3o destaca que tres de cada catro lumes que se deron na Comunidade na \u00faltima d\u00e9cada foron provocados"},"content":{"rendered":"<p>Santiago, 3 de novembro de 2016.- Logo de que a Conseller&iacute;a do Medio Rural presentase hoxe un informe no que se aval&iacute;an as causas dos incendios forestais en Galicia, o presidente do PPdeG, Alberto N&uacute;&ntilde;ez Feij&oacute;o, destacou este mediod&iacute;a na rolda de prensa do Consello que tres de cada catro lumes que se deron na comunidade na &uacute;ltima d&eacute;cada foron provocados &ndash;&ldquo;&eacute; dicir, o 75% dos lumes forestais son intencionados&rdquo;, aseverou- ; o 30% se iniciaron pola noite; un 8% comezou con m&aacute;is dun foco de xeito simult&aacute;neo; e o 14% dos incendios conc&eacute;ntranse nas co&ntilde;ecidas como parroquias de alta actividade incendiaria, pese a supo&ntilde;er s&oacute; o 3,6% da superficie de Galicia.<\/p>\n<p><!--more--><\/p>\n<p>Logo de precisar que no que vai de 2016, a porcentaxe de intencionalidade nos lumes mantense por riba do 73%, Feij&oacute;o afirmou que de entre o resto dos lumes, os causados por neglixencias ou accidentes, os seus principais motivos son: os escapes de queimas durante o inverno, o uso de maquinaria ou o emprego de artefactos pirot&eacute;cnicos.<\/p>\n<p>&nbsp;<\/p>\n<p>No tocante &aacute; elevada porcentaxe de incendios que se rexistran pola noite, precisou que arredor do 30% dos incendios dos &uacute;ltimos 10 anos se rexistraron entre as 21:00 e as 7:00, unha porcentaxe que se eleva ata o 38% no que vai de 2016.<\/p>\n<p>&nbsp;<\/p>\n<p>As&iacute; mesmo, c&oacute;mpre salientar que as 67 parroquias de alta actividade incendiaria acumulan m&aacute;is do 14% dos lumes no &uacute;ltimo decenio, e o 12,43% dos lumes neste 2016. E, mentres na media de Galicia a taxa de intencionalidade est&aacute; no 75%, nestas parroquias disp&aacute;rase ata o 86,67%.<\/p>\n<p>&nbsp;<\/p>\n<p>Durante a s&uacute;a intervenci&oacute;n, Feij&oacute;o destacou tam&eacute;n o traballo dos Corpos e Forzas de Seguridade do Estado na loita contra a actividade incendiaria, subli&ntilde;ando que neste 2016 a Garda Civil e a Polic&iacute;a Auton&oacute;mica investigaron na comunidade a 68 persoas pola presunta autor&iacute;a de 114 incendios forestais.<\/p>\n<p>&nbsp;<\/p>\n<p>O informe resume tam&eacute;n a situaci&oacute;n das actuaci&oacute;ns que se est&aacute;n a levar a cabo para recuperar os terreos queimados polos incendios do pasado ver&aacute;n nos 12 lumes m&aacute;is importantes, nos que houbo que decretar a situaci&oacute;n 2 pola proximidade dos lumes a n&uacute;cleos de poboaci&oacute;n: un no concello de Porto do Son; seis na provincia de Ourense &ndash;Avi&oacute;n, Bobor&aacute;s, Entrimo, Mel&oacute;n, Monterrei e Mu&iacute;&ntilde;os-; e cinco na provincia de Pontevedra &ndash;Arbo e As Neves, Caldas de Reis, Catoira, Cotobade, Redondela e Soutomaior-.<\/p>\n<p>&nbsp;<\/p>\n<p>O presidente precisou que as actuaci&oacute;ns que se est&aacute;n a levar a cabo c&eacute;ntranse na restauraci&oacute;n e consolidaci&oacute;n dos terreos con tratamentos para evitar a erosi&oacute;n: labores de reparto de palla sobre o terreo queimado; traballos de recuperaci&oacute;n de infraestruturas; control de riscos hidrol&oacute;xicos erosivos; eliminaci&oacute;n de madeira queimada; e acci&oacute;ns de rexeneraci&oacute;n da vexetaci&oacute;n afectada.<\/p>\n<p>&nbsp;<\/p>\n<p>Ata o momento, xa se actuou con t&eacute;cnicas de reparto de palla en m&aacute;is de 95 hect&aacute;reas; coloc&aacute;ronse m&aacute;is de 3 quil&oacute;metros de barreiras filtrantes para evitar arrastres aos r&iacute;os e ao mar; limp&aacute;ronse uns 20 quil&oacute;metros de pistas e iniciouse a reparaci&oacute;n de m&aacute;is de 16 quil&oacute;metros de infraestruturas.<\/p>\n<p>&nbsp;<\/p>\n<p>Feij&oacute;o conclu&iacute;u incidindo en que informes coma este axudan a percibir a relevancia que te&ntilde;en os incendiarios.<\/p>\n","protected":false},"excerpt":{"rendered":"<p>Santiago, 3 de novembro de 2016.- Logo de que a Conseller&iacute;a do Medio Rural presentase hoxe un informe no que se aval&iacute;an as causas dos incendios forestais en Galicia, o presidente do PPdeG, Alberto N&uacute;&ntilde;ez Feij&oacute;o, destacou este mediod&iacute;a na rolda de prensa do Consello que tres de cada catro lumes que se deron na [&hellip;]<\/p>\n","protected":false},"author":37,"featured_media":0,"comment_status":"open","ping_status":"open","sticky":false,"template":"","format":"standard","meta":{"_acf_changed":false,"footnotes":""},"categories":[1],"tags":[],"class_list":["post-53978","post","type-post","status-publish","format-standard","hentry","category-pp-de-galicia"],"acf":[],"yoast_head":"<!-- This site is optimized with the Yoast SEO plugin v27.3 - https:\/\/yoast.com\/product\/yoast-seo-wordpress\/ -->\n<title>Feij\u00f3o destaca que tres de cada catro lumes que se deron na Comunidade na \u00faltima d\u00e9cada foron provocados - PP de Galicia<\/title>\n<meta name=\"robots\" content=\"index, follow, max-snippet:-1, max-image-preview:large, max-video-preview:-1\" \/>\n<link rel=\"canonical\" href=\"https:\/\/ppdegalicia.com\/es\/feijoo-destaca-que-tres-de-cada-catro-lumes-que-se-deron-na-comunidade-na-ultima-decada-foron-provocados\/\" \/>\n<meta property=\"og:locale\" content=\"es_ES\" \/>\n<meta property=\"og:type\" content=\"article\" \/>\n<meta property=\"og:title\" content=\"Feij\u00f3o destaca que tres de cada catro lumes que se deron na Comunidade na \u00faltima d\u00e9cada foron provocados - PP de Galicia\" \/>\n<meta property=\"og:description\" content=\"Santiago, 3 de novembro de 2016.- Logo de que a Conseller&iacute;a do Medio Rural presentase hoxe un informe no que se aval&iacute;an as causas dos incendios forestais en Galicia, o presidente do PPdeG, Alberto N&uacute;&ntilde;ez Feij&oacute;o, destacou este mediod&iacute;a na rolda de prensa do Consello que tres de cada catro lumes que se deron na [&hellip;]\" \/>\n<meta property=\"og:url\" content=\"https:\/\/ppdegalicia.com\/es\/feijoo-destaca-que-tres-de-cada-catro-lumes-que-se-deron-na-comunidade-na-ultima-decada-foron-provocados\/\" \/>\n<meta property=\"og:site_name\" content=\"PP de Galicia\" \/>\n<meta property=\"article:publisher\" content=\"https:\/\/www.instagram.com\/ppdegalicia\/\" \/>\n<meta property=\"article:published_time\" content=\"2016-11-03T15:28:45+00:00\" \/>\n<meta name=\"author\" content=\"Super User\" \/>\n<meta name=\"twitter:card\" content=\"summary_large_image\" \/>\n<meta name=\"twitter:creator\" content=\"@ppdegalicia\" \/>\n<meta name=\"twitter:site\" content=\"@ppdegalicia\" \/>\n<meta name=\"twitter:label1\" content=\"Escrito por\" \/>\n\t<meta name=\"twitter:data1\" content=\"Super User\" \/>\n\t<meta name=\"twitter:label2\" content=\"Tiempo de lectura\" \/>\n\t<meta name=\"twitter:data2\" content=\"3 minutos\" \/>\n<script type=\"application\/ld+json\" class=\"yoast-schema-graph\">{\"@context\":\"https:\\\/\\\/schema.org\",\"@graph\":[{\"@type\":\"Article\",\"@id\":\"https:\\\/\\\/ppdegalicia.com\\\/es\\\/feijoo-destaca-que-tres-de-cada-catro-lumes-que-se-deron-na-comunidade-na-ultima-decada-foron-provocados\\\/#article\",\"isPartOf\":{\"@id\":\"https:\\\/\\\/ppdegalicia.com\\\/es\\\/feijoo-destaca-que-tres-de-cada-catro-lumes-que-se-deron-na-comunidade-na-ultima-decada-foron-provocados\\\/\"},\"author\":{\"name\":\"Super User\",\"@id\":\"https:\\\/\\\/ppdegalicia.com\\\/es\\\/#\\\/schema\\\/person\\\/d0f013b8388c980665d44009ab762960\"},\"headline\":\"Feij\u00f3o destaca que tres de cada catro lumes que se deron na Comunidade na \u00faltima d\u00e9cada foron provocados\",\"datePublished\":\"2016-11-03T15:28:45+00:00\",\"mainEntityOfPage\":{\"@id\":\"https:\\\/\\\/ppdegalicia.com\\\/es\\\/feijoo-destaca-que-tres-de-cada-catro-lumes-que-se-deron-na-comunidade-na-ultima-decada-foron-provocados\\\/\"},\"wordCount\":651,\"commentCount\":0,\"publisher\":{\"@id\":\"https:\\\/\\\/ppdegalicia.com\\\/es\\\/#organization\"},\"articleSection\":[\"PP de Galicia\"],\"inLanguage\":\"es\",\"potentialAction\":[{\"@type\":\"CommentAction\",\"name\":\"Comment\",\"target\":[\"https:\\\/\\\/ppdegalicia.com\\\/es\\\/feijoo-destaca-que-tres-de-cada-catro-lumes-que-se-deron-na-comunidade-na-ultima-decada-foron-provocados\\\/#respond\"]}]},{\"@type\":\"WebPage\",\"@id\":\"https:\\\/\\\/ppdegalicia.com\\\/es\\\/feijoo-destaca-que-tres-de-cada-catro-lumes-que-se-deron-na-comunidade-na-ultima-decada-foron-provocados\\\/\",\"url\":\"https:\\\/\\\/ppdegalicia.com\\\/es\\\/feijoo-destaca-que-tres-de-cada-catro-lumes-que-se-deron-na-comunidade-na-ultima-decada-foron-provocados\\\/\",\"name\":\"Feij\u00f3o destaca que tres de cada catro lumes que se deron na Comunidade na \u00faltima d\u00e9cada foron provocados - PP de Galicia\",\"isPartOf\":{\"@id\":\"https:\\\/\\\/ppdegalicia.com\\\/es\\\/#website\"},\"datePublished\":\"2016-11-03T15:28:45+00:00\",\"breadcrumb\":{\"@id\":\"https:\\\/\\\/ppdegalicia.com\\\/es\\\/feijoo-destaca-que-tres-de-cada-catro-lumes-que-se-deron-na-comunidade-na-ultima-decada-foron-provocados\\\/#breadcrumb\"},\"inLanguage\":\"es\",\"potentialAction\":[{\"@type\":\"ReadAction\",\"target\":[\"https:\\\/\\\/ppdegalicia.com\\\/es\\\/feijoo-destaca-que-tres-de-cada-catro-lumes-que-se-deron-na-comunidade-na-ultima-decada-foron-provocados\\\/\"]}]},{\"@type\":\"BreadcrumbList\",\"@id\":\"https:\\\/\\\/ppdegalicia.com\\\/es\\\/feijoo-destaca-que-tres-de-cada-catro-lumes-que-se-deron-na-comunidade-na-ultima-decada-foron-provocados\\\/#breadcrumb\",\"itemListElement\":[{\"@type\":\"ListItem\",\"position\":1,\"name\":\"Portada\",\"item\":\"https:\\\/\\\/ppdegalicia.com\\\/es\\\/\"},{\"@type\":\"ListItem\",\"position\":2,\"name\":\"Feij\u00f3o destaca que tres de cada catro lumes que se deron na Comunidade na \u00faltima d\u00e9cada foron provocados\"}]},{\"@type\":\"WebSite\",\"@id\":\"https:\\\/\\\/ppdegalicia.com\\\/es\\\/#website\",\"url\":\"https:\\\/\\\/ppdegalicia.com\\\/es\\\/\",\"name\":\"Partido Popular de Galicia\",\"description\":\"Partido Popular de Galicia\",\"publisher\":{\"@id\":\"https:\\\/\\\/ppdegalicia.com\\\/es\\\/#organization\"},\"alternateName\":\"PP de Galicia\",\"potentialAction\":[{\"@type\":\"SearchAction\",\"target\":{\"@type\":\"EntryPoint\",\"urlTemplate\":\"https:\\\/\\\/ppdegalicia.com\\\/es\\\/?s={search_term_string}\"},\"query-input\":{\"@type\":\"PropertyValueSpecification\",\"valueRequired\":true,\"valueName\":\"search_term_string\"}}],\"inLanguage\":\"es\"},{\"@type\":\"Organization\",\"@id\":\"https:\\\/\\\/ppdegalicia.com\\\/es\\\/#organization\",\"name\":\"Partido Popular de Galicia\",\"alternateName\":\"PP de Galicia\",\"url\":\"https:\\\/\\\/ppdegalicia.com\\\/es\\\/\",\"logo\":{\"@type\":\"ImageObject\",\"inLanguage\":\"es\",\"@id\":\"https:\\\/\\\/ppdegalicia.com\\\/es\\\/#\\\/schema\\\/logo\\\/image\\\/\",\"url\":\"https:\\\/\\\/ppdegalicia.com\\\/wp-content\\\/uploads\\\/2023\\\/04\\\/logoPP512.png\",\"contentUrl\":\"https:\\\/\\\/ppdegalicia.com\\\/wp-content\\\/uploads\\\/2023\\\/04\\\/logoPP512.png\",\"width\":512,\"height\":512,\"caption\":\"Partido Popular de Galicia\"},\"image\":{\"@id\":\"https:\\\/\\\/ppdegalicia.com\\\/es\\\/#\\\/schema\\\/logo\\\/image\\\/\"},\"sameAs\":[\"https:\\\/\\\/www.instagram.com\\\/ppdegalicia\\\/\",\"https:\\\/\\\/x.com\\\/ppdegalicia\",\"https:\\\/\\\/www.tiktok.com\\\/@ppdegalicia\",\"https:\\\/\\\/www.youtube.com\\\/user\\\/ppdegalicia\"]},{\"@type\":\"Person\",\"@id\":\"https:\\\/\\\/ppdegalicia.com\\\/es\\\/#\\\/schema\\\/person\\\/d0f013b8388c980665d44009ab762960\",\"name\":\"Super User\",\"image\":{\"@type\":\"ImageObject\",\"inLanguage\":\"es\",\"@id\":\"https:\\\/\\\/secure.gravatar.com\\\/avatar\\\/1db852625ef4948f58d2739bfbc51e4b9bd5c93b8fa340b59fdb594ca0845645?s=96&d=mm&r=g\",\"url\":\"https:\\\/\\\/secure.gravatar.com\\\/avatar\\\/1db852625ef4948f58d2739bfbc51e4b9bd5c93b8fa340b59fdb594ca0845645?s=96&d=mm&r=g\",\"contentUrl\":\"https:\\\/\\\/secure.gravatar.com\\\/avatar\\\/1db852625ef4948f58d2739bfbc51e4b9bd5c93b8fa340b59fdb594ca0845645?s=96&d=mm&r=g\",\"caption\":\"Super User\"},\"url\":\"https:\\\/\\\/ppdegalicia.com\\\/es\\\/author\\\/ppdegaliciagestion\\\/\"}]}<\/script>\n<!-- \/ Yoast SEO plugin. -->","yoast_head_json":{"title":"Feij\u00f3o destaca que tres de cada catro lumes que se deron na Comunidade na \u00faltima d\u00e9cada foron provocados - PP de Galicia","robots":{"index":"index","follow":"follow","max-snippet":"max-snippet:-1","max-image-preview":"max-image-preview:large","max-video-preview":"max-video-preview:-1"},"canonical":"https:\/\/ppdegalicia.com\/es\/feijoo-destaca-que-tres-de-cada-catro-lumes-que-se-deron-na-comunidade-na-ultima-decada-foron-provocados\/","og_locale":"es_ES","og_type":"article","og_title":"Feij\u00f3o destaca que tres de cada catro lumes que se deron na Comunidade na \u00faltima d\u00e9cada foron provocados - PP de Galicia","og_description":"Santiago, 3 de novembro de 2016.- Logo de que a Conseller&iacute;a do Medio Rural presentase hoxe un informe no que se aval&iacute;an as causas dos incendios forestais en Galicia, o presidente do PPdeG, Alberto N&uacute;&ntilde;ez Feij&oacute;o, destacou este mediod&iacute;a na rolda de prensa do Consello que tres de cada catro lumes que se deron na [&hellip;]","og_url":"https:\/\/ppdegalicia.com\/es\/feijoo-destaca-que-tres-de-cada-catro-lumes-que-se-deron-na-comunidade-na-ultima-decada-foron-provocados\/","og_site_name":"PP de Galicia","article_publisher":"https:\/\/www.instagram.com\/ppdegalicia\/","article_published_time":"2016-11-03T15:28:45+00:00","author":"Super User","twitter_card":"summary_large_image","twitter_creator":"@ppdegalicia","twitter_site":"@ppdegalicia","twitter_misc":{"Escrito por":"Super User","Tiempo de lectura":"3 minutos"},"schema":{"@context":"https:\/\/schema.org","@graph":[{"@type":"Article","@id":"https:\/\/ppdegalicia.com\/es\/feijoo-destaca-que-tres-de-cada-catro-lumes-que-se-deron-na-comunidade-na-ultima-decada-foron-provocados\/#article","isPartOf":{"@id":"https:\/\/ppdegalicia.com\/es\/feijoo-destaca-que-tres-de-cada-catro-lumes-que-se-deron-na-comunidade-na-ultima-decada-foron-provocados\/"},"author":{"name":"Super User","@id":"https:\/\/ppdegalicia.com\/es\/#\/schema\/person\/d0f013b8388c980665d44009ab762960"},"headline":"Feij\u00f3o destaca que tres de cada catro lumes que se deron na Comunidade na \u00faltima d\u00e9cada foron provocados","datePublished":"2016-11-03T15:28:45+00:00","mainEntityOfPage":{"@id":"https:\/\/ppdegalicia.com\/es\/feijoo-destaca-que-tres-de-cada-catro-lumes-que-se-deron-na-comunidade-na-ultima-decada-foron-provocados\/"},"wordCount":651,"commentCount":0,"publisher":{"@id":"https:\/\/ppdegalicia.com\/es\/#organization"},"articleSection":["PP de Galicia"],"inLanguage":"es","potentialAction":[{"@type":"CommentAction","name":"Comment","target":["https:\/\/ppdegalicia.com\/es\/feijoo-destaca-que-tres-de-cada-catro-lumes-que-se-deron-na-comunidade-na-ultima-decada-foron-provocados\/#respond"]}]},{"@type":"WebPage","@id":"https:\/\/ppdegalicia.com\/es\/feijoo-destaca-que-tres-de-cada-catro-lumes-que-se-deron-na-comunidade-na-ultima-decada-foron-provocados\/","url":"https:\/\/ppdegalicia.com\/es\/feijoo-destaca-que-tres-de-cada-catro-lumes-que-se-deron-na-comunidade-na-ultima-decada-foron-provocados\/","name":"Feij\u00f3o destaca que tres de cada catro lumes que se deron na Comunidade na \u00faltima d\u00e9cada foron provocados - PP de Galicia","isPartOf":{"@id":"https:\/\/ppdegalicia.com\/es\/#website"},"datePublished":"2016-11-03T15:28:45+00:00","breadcrumb":{"@id":"https:\/\/ppdegalicia.com\/es\/feijoo-destaca-que-tres-de-cada-catro-lumes-que-se-deron-na-comunidade-na-ultima-decada-foron-provocados\/#breadcrumb"},"inLanguage":"es","potentialAction":[{"@type":"ReadAction","target":["https:\/\/ppdegalicia.com\/es\/feijoo-destaca-que-tres-de-cada-catro-lumes-que-se-deron-na-comunidade-na-ultima-decada-foron-provocados\/"]}]},{"@type":"BreadcrumbList","@id":"https:\/\/ppdegalicia.com\/es\/feijoo-destaca-que-tres-de-cada-catro-lumes-que-se-deron-na-comunidade-na-ultima-decada-foron-provocados\/#breadcrumb","itemListElement":[{"@type":"ListItem","position":1,"name":"Portada","item":"https:\/\/ppdegalicia.com\/es\/"},{"@type":"ListItem","position":2,"name":"Feij\u00f3o destaca que tres de cada catro lumes que se deron na Comunidade na \u00faltima d\u00e9cada foron provocados"}]},{"@type":"WebSite","@id":"https:\/\/ppdegalicia.com\/es\/#website","url":"https:\/\/ppdegalicia.com\/es\/","name":"Partido Popular de Galicia","description":"Partido Popular de Galicia","publisher":{"@id":"https:\/\/ppdegalicia.com\/es\/#organization"},"alternateName":"PP de Galicia","potentialAction":[{"@type":"SearchAction","target":{"@type":"EntryPoint","urlTemplate":"https:\/\/ppdegalicia.com\/es\/?s={search_term_string}"},"query-input":{"@type":"PropertyValueSpecification","valueRequired":true,"valueName":"search_term_string"}}],"inLanguage":"es"},{"@type":"Organization","@id":"https:\/\/ppdegalicia.com\/es\/#organization","name":"Partido Popular de Galicia","alternateName":"PP de Galicia","url":"https:\/\/ppdegalicia.com\/es\/","logo":{"@type":"ImageObject","inLanguage":"es","@id":"https:\/\/ppdegalicia.com\/es\/#\/schema\/logo\/image\/","url":"https:\/\/ppdegalicia.com\/wp-content\/uploads\/2023\/04\/logoPP512.png","contentUrl":"https:\/\/ppdegalicia.com\/wp-content\/uploads\/2023\/04\/logoPP512.png","width":512,"height":512,"caption":"Partido Popular de Galicia"},"image":{"@id":"https:\/\/ppdegalicia.com\/es\/#\/schema\/logo\/image\/"},"sameAs":["https:\/\/www.instagram.com\/ppdegalicia\/","https:\/\/x.com\/ppdegalicia","https:\/\/www.tiktok.com\/@ppdegalicia","https:\/\/www.youtube.com\/user\/ppdegalicia"]},{"@type":"Person","@id":"https:\/\/ppdegalicia.com\/es\/#\/schema\/person\/d0f013b8388c980665d44009ab762960","name":"Super User","image":{"@type":"ImageObject","inLanguage":"es","@id":"https:\/\/secure.gravatar.com\/avatar\/1db852625ef4948f58d2739bfbc51e4b9bd5c93b8fa340b59fdb594ca0845645?s=96&d=mm&r=g","url":"https:\/\/secure.gravatar.com\/avatar\/1db852625ef4948f58d2739bfbc51e4b9bd5c93b8fa340b59fdb594ca0845645?s=96&d=mm&r=g","contentUrl":"https:\/\/secure.gravatar.com\/avatar\/1db852625ef4948f58d2739bfbc51e4b9bd5c93b8fa340b59fdb594ca0845645?s=96&d=mm&r=g","caption":"Super User"},"url":"https:\/\/ppdegalicia.com\/es\/author\/ppdegaliciagestion\/"}]}},"_links":{"self":[{"href":"https:\/\/ppdegalicia.com\/es\/wp-json\/wp\/v2\/posts\/53978","targetHints":{"allow":["GET"]}}],"collection":[{"href":"https:\/\/ppdegalicia.com\/es\/wp-json\/wp\/v2\/posts"}],"about":[{"href":"https:\/\/ppdegalicia.com\/es\/wp-json\/wp\/v2\/types\/post"}],"author":[{"embeddable":true,"href":"https:\/\/ppdegalicia.com\/es\/wp-json\/wp\/v2\/users\/37"}],"replies":[{"embeddable":true,"href":"https:\/\/ppdegalicia.com\/es\/wp-json\/wp\/v2\/comments?post=53978"}],"version-history":[{"count":0,"href":"https:\/\/ppdegalicia.com\/es\/wp-json\/wp\/v2\/posts\/53978\/revisions"}],"wp:attachment":[{"href":"https:\/\/ppdegalicia.com\/es\/wp-json\/wp\/v2\/media?parent=53978"}],"wp:term":[{"taxonomy":"category","embeddable":true,"href":"https:\/\/ppdegalicia.com\/es\/wp-json\/wp\/v2\/categories?post=53978"},{"taxonomy":"post_tag","embeddable":true,"href":"https:\/\/ppdegalicia.com\/es\/wp-json\/wp\/v2\/tags?post=53978"}],"curies":[{"name":"wp","href":"https:\/\/api.w.org\/{rel}","templated":true}]}}