{"id":54008,"date":"2016-12-12T12:06:14","date_gmt":"2016-12-12T10:06:14","guid":{"rendered":"https:\/\/ppdegalicia.com\/julia-rodriguez-carlos-gomez-e-marian-garcia-toman-mana-posesion-como-deputados-do-grupo-popular\/"},"modified":"2016-12-12T12:06:14","modified_gmt":"2016-12-12T10:06:14","slug":"julia-rodriguez-carlos-gomez-e-marian-garcia-toman-mana-posesion-como-deputados-do-grupo-popular","status":"publish","type":"post","link":"https:\/\/ppdegalicia.com\/es\/julia-rodriguez-carlos-gomez-e-marian-garcia-toman-mana-posesion-como-deputados-do-grupo-popular\/","title":{"rendered":"Julia Rodr\u00edguez, Carlos G\u00f3mez e Mar\u00edan Garc\u00eda toman ma\u00f1\u00e1 posesi\u00f3n como deputados do Grupo Popular"},"content":{"rendered":"<p>Santiago, 12 de decembro de 2016.- Julia Rodr&iacute;guez Barreira, pola provincia de Lugo; Carlos G&oacute;mez Salgado, por Ourense; e Mari&aacute;n Garc&iacute;a M&iacute;guez, por Pontevedra, tomar&aacute;n ma&ntilde;&aacute; ao inicio do Pleno posesi&oacute;n dos seus escanos no Parlamento galego como novos deputados do Grupo Popular.<\/p>\n<p><!--more--><\/p>\n<p>Estes tres novos deputados suplir&aacute;n a marcha ao Goberno galego de Susana L&oacute;pez Abella (como secretaria xeral de Igualdade), Antonio Rodr&iacute;guez Miranda (novo secretario xeral de Emigraci&oacute;n) e Mar&iacute;a Nava Castro Dom&iacute;nguez (Directora da Axencia Galega de Turismo).<\/p>\n<p>&nbsp;<\/p>\n<p><strong>REMATAR OS TRABALLOS<\/strong><\/p>\n<p>&nbsp;<\/p>\n<p>As&iacute; mesmo, o Grupo Popular defender&aacute; na sesi&oacute;n plenaria que se celebra ma&ntilde;&aacute; e o m&eacute;rcores d&uacute;as proposici&oacute;ns non de lei, ademais da solicitude para a creaci&oacute;n dunha comisi&oacute;n de investigaci&oacute;n para analizar e avaliar a evoluci&oacute;n econ&oacute;mico-financeira das antigas caixas de aforro e as causas e responsabilidades da s&uacute;a transformaci&oacute;n en bancos, inclu&iacute;ndo as indemnizaci&oacute;ns millonarias dos seus ex-directivos.<\/p>\n<p>&nbsp;<\/p>\n<p>O obxectivos desta comisi&oacute;n de investigaci&oacute;n ser&aacute; rematar os traballos realizados ao longo da pasada IX lexislatura, cando compareceran cerca de 50 persoas e se remitira ao Parlamento galego abundante documentaci&oacute;n, principalmente por parte da Xunta de Galicia, sobre as antigas caixas de aforro galego, pero quedou pendente a elaboraci&oacute;n do ditame e o seu debate e aprobaci&oacute;n.<\/p>\n<p>&nbsp;<\/p>\n<p><strong>ESTRATEXIA VERDE E TARXETA PEREGRINO<\/strong><\/p>\n<p>&nbsp;<\/p>\n<p>Ademais, o Grupo Popular defender&aacute; no Pleno o desenvolvemento dunha Estratexia de Infraestrutura Verde que cree unha rede de espazos naturais e seminaturais dese&ntilde;ada e xestionada para protexer a biodiversidade, proporcionar servizos ecosist&eacute;micos e incrementar a resiliencia dos ecosistemas.<\/p>\n<p>&nbsp;<\/p>\n<p>En segundo lugar, tam&eacute;n se demandar&aacute; &aacute; Xunta a creaci&oacute;n dunha tarxeta dirixida especificamente aos peregrinos a Compostela, que aglutine diferentes servizos de interese para os peregrinos e incl&uacute;a, entre outros, entrada &uacute;nica nos museos, facilidades no transporte p&uacute;blico e descontos en actividades culturais de ocio e restauraci&oacute;n, en comercios e tendas de produtos galegos e de artesan&iacute;a de Galicia e nos mercados de abastos.<\/p>\n","protected":false},"excerpt":{"rendered":"<p>Santiago, 12 de decembro de 2016.- Julia Rodr&iacute;guez Barreira, pola provincia de Lugo; Carlos G&oacute;mez Salgado, por Ourense; e Mari&aacute;n Garc&iacute;a M&iacute;guez, por Pontevedra, tomar&aacute;n ma&ntilde;&aacute; ao inicio do Pleno posesi&oacute;n dos seus escanos no Parlamento galego como novos deputados do Grupo Popular.<\/p>\n","protected":false},"author":37,"featured_media":0,"comment_status":"open","ping_status":"open","sticky":false,"template":"","format":"standard","meta":{"_acf_changed":false,"footnotes":""},"categories":[1],"tags":[],"class_list":["post-54008","post","type-post","status-publish","format-standard","hentry","category-pp-de-galicia"],"acf":[],"yoast_head":"<!-- This site is optimized with the Yoast SEO plugin v27.3 - https:\/\/yoast.com\/product\/yoast-seo-wordpress\/ -->\n<title>Julia Rodr\u00edguez, Carlos G\u00f3mez e Mar\u00edan Garc\u00eda toman ma\u00f1\u00e1 posesi\u00f3n como deputados do Grupo Popular - PP de Galicia<\/title>\n<meta name=\"robots\" content=\"index, follow, max-snippet:-1, max-image-preview:large, max-video-preview:-1\" \/>\n<link rel=\"canonical\" href=\"https:\/\/ppdegalicia.com\/es\/julia-rodriguez-carlos-gomez-e-marian-garcia-toman-mana-posesion-como-deputados-do-grupo-popular\/\" \/>\n<meta property=\"og:locale\" content=\"es_ES\" \/>\n<meta property=\"og:type\" content=\"article\" \/>\n<meta property=\"og:title\" content=\"Julia Rodr\u00edguez, Carlos G\u00f3mez e Mar\u00edan Garc\u00eda toman ma\u00f1\u00e1 posesi\u00f3n como deputados do Grupo Popular - PP de Galicia\" \/>\n<meta property=\"og:description\" content=\"Santiago, 12 de decembro de 2016.- Julia Rodr&iacute;guez Barreira, pola provincia de Lugo; Carlos G&oacute;mez Salgado, por Ourense; e Mari&aacute;n Garc&iacute;a M&iacute;guez, por Pontevedra, tomar&aacute;n ma&ntilde;&aacute; ao inicio do Pleno posesi&oacute;n dos seus escanos no Parlamento galego como novos deputados do Grupo Popular.\" \/>\n<meta property=\"og:url\" content=\"https:\/\/ppdegalicia.com\/es\/julia-rodriguez-carlos-gomez-e-marian-garcia-toman-mana-posesion-como-deputados-do-grupo-popular\/\" \/>\n<meta property=\"og:site_name\" content=\"PP de Galicia\" \/>\n<meta property=\"article:publisher\" content=\"https:\/\/www.instagram.com\/ppdegalicia\/\" \/>\n<meta property=\"article:published_time\" content=\"2016-12-12T10:06:14+00:00\" \/>\n<meta name=\"author\" content=\"Super User\" \/>\n<meta name=\"twitter:card\" content=\"summary_large_image\" \/>\n<meta name=\"twitter:creator\" content=\"@ppdegalicia\" \/>\n<meta name=\"twitter:site\" content=\"@ppdegalicia\" \/>\n<meta name=\"twitter:label1\" content=\"Escrito por\" \/>\n\t<meta name=\"twitter:data1\" content=\"Super User\" \/>\n\t<meta name=\"twitter:label2\" content=\"Tiempo de lectura\" \/>\n\t<meta name=\"twitter:data2\" content=\"2 minutos\" \/>\n<script type=\"application\/ld+json\" class=\"yoast-schema-graph\">{\"@context\":\"https:\\\/\\\/schema.org\",\"@graph\":[{\"@type\":\"Article\",\"@id\":\"https:\\\/\\\/ppdegalicia.com\\\/es\\\/julia-rodriguez-carlos-gomez-e-marian-garcia-toman-mana-posesion-como-deputados-do-grupo-popular\\\/#article\",\"isPartOf\":{\"@id\":\"https:\\\/\\\/ppdegalicia.com\\\/es\\\/julia-rodriguez-carlos-gomez-e-marian-garcia-toman-mana-posesion-como-deputados-do-grupo-popular\\\/\"},\"author\":{\"name\":\"Super User\",\"@id\":\"https:\\\/\\\/ppdegalicia.com\\\/es\\\/#\\\/schema\\\/person\\\/d0f013b8388c980665d44009ab762960\"},\"headline\":\"Julia Rodr\u00edguez, Carlos G\u00f3mez e Mar\u00edan Garc\u00eda toman ma\u00f1\u00e1 posesi\u00f3n como deputados do Grupo Popular\",\"datePublished\":\"2016-12-12T10:06:14+00:00\",\"mainEntityOfPage\":{\"@id\":\"https:\\\/\\\/ppdegalicia.com\\\/es\\\/julia-rodriguez-carlos-gomez-e-marian-garcia-toman-mana-posesion-como-deputados-do-grupo-popular\\\/\"},\"wordCount\":423,\"commentCount\":0,\"publisher\":{\"@id\":\"https:\\\/\\\/ppdegalicia.com\\\/es\\\/#organization\"},\"articleSection\":[\"PP de Galicia\"],\"inLanguage\":\"es\",\"potentialAction\":[{\"@type\":\"CommentAction\",\"name\":\"Comment\",\"target\":[\"https:\\\/\\\/ppdegalicia.com\\\/es\\\/julia-rodriguez-carlos-gomez-e-marian-garcia-toman-mana-posesion-como-deputados-do-grupo-popular\\\/#respond\"]}]},{\"@type\":\"WebPage\",\"@id\":\"https:\\\/\\\/ppdegalicia.com\\\/es\\\/julia-rodriguez-carlos-gomez-e-marian-garcia-toman-mana-posesion-como-deputados-do-grupo-popular\\\/\",\"url\":\"https:\\\/\\\/ppdegalicia.com\\\/es\\\/julia-rodriguez-carlos-gomez-e-marian-garcia-toman-mana-posesion-como-deputados-do-grupo-popular\\\/\",\"name\":\"Julia Rodr\u00edguez, Carlos G\u00f3mez e Mar\u00edan Garc\u00eda toman ma\u00f1\u00e1 posesi\u00f3n como deputados do Grupo Popular - PP de Galicia\",\"isPartOf\":{\"@id\":\"https:\\\/\\\/ppdegalicia.com\\\/es\\\/#website\"},\"datePublished\":\"2016-12-12T10:06:14+00:00\",\"breadcrumb\":{\"@id\":\"https:\\\/\\\/ppdegalicia.com\\\/es\\\/julia-rodriguez-carlos-gomez-e-marian-garcia-toman-mana-posesion-como-deputados-do-grupo-popular\\\/#breadcrumb\"},\"inLanguage\":\"es\",\"potentialAction\":[{\"@type\":\"ReadAction\",\"target\":[\"https:\\\/\\\/ppdegalicia.com\\\/es\\\/julia-rodriguez-carlos-gomez-e-marian-garcia-toman-mana-posesion-como-deputados-do-grupo-popular\\\/\"]}]},{\"@type\":\"BreadcrumbList\",\"@id\":\"https:\\\/\\\/ppdegalicia.com\\\/es\\\/julia-rodriguez-carlos-gomez-e-marian-garcia-toman-mana-posesion-como-deputados-do-grupo-popular\\\/#breadcrumb\",\"itemListElement\":[{\"@type\":\"ListItem\",\"position\":1,\"name\":\"Portada\",\"item\":\"https:\\\/\\\/ppdegalicia.com\\\/es\\\/\"},{\"@type\":\"ListItem\",\"position\":2,\"name\":\"Julia Rodr\u00edguez, Carlos G\u00f3mez e Mar\u00edan Garc\u00eda toman ma\u00f1\u00e1 posesi\u00f3n como deputados do Grupo Popular\"}]},{\"@type\":\"WebSite\",\"@id\":\"https:\\\/\\\/ppdegalicia.com\\\/es\\\/#website\",\"url\":\"https:\\\/\\\/ppdegalicia.com\\\/es\\\/\",\"name\":\"Partido Popular de Galicia\",\"description\":\"Partido Popular de Galicia\",\"publisher\":{\"@id\":\"https:\\\/\\\/ppdegalicia.com\\\/es\\\/#organization\"},\"alternateName\":\"PP de Galicia\",\"potentialAction\":[{\"@type\":\"SearchAction\",\"target\":{\"@type\":\"EntryPoint\",\"urlTemplate\":\"https:\\\/\\\/ppdegalicia.com\\\/es\\\/?s={search_term_string}\"},\"query-input\":{\"@type\":\"PropertyValueSpecification\",\"valueRequired\":true,\"valueName\":\"search_term_string\"}}],\"inLanguage\":\"es\"},{\"@type\":\"Organization\",\"@id\":\"https:\\\/\\\/ppdegalicia.com\\\/es\\\/#organization\",\"name\":\"Partido Popular de Galicia\",\"alternateName\":\"PP de Galicia\",\"url\":\"https:\\\/\\\/ppdegalicia.com\\\/es\\\/\",\"logo\":{\"@type\":\"ImageObject\",\"inLanguage\":\"es\",\"@id\":\"https:\\\/\\\/ppdegalicia.com\\\/es\\\/#\\\/schema\\\/logo\\\/image\\\/\",\"url\":\"https:\\\/\\\/ppdegalicia.com\\\/wp-content\\\/uploads\\\/2023\\\/04\\\/logoPP512.png\",\"contentUrl\":\"https:\\\/\\\/ppdegalicia.com\\\/wp-content\\\/uploads\\\/2023\\\/04\\\/logoPP512.png\",\"width\":512,\"height\":512,\"caption\":\"Partido Popular de Galicia\"},\"image\":{\"@id\":\"https:\\\/\\\/ppdegalicia.com\\\/es\\\/#\\\/schema\\\/logo\\\/image\\\/\"},\"sameAs\":[\"https:\\\/\\\/www.instagram.com\\\/ppdegalicia\\\/\",\"https:\\\/\\\/x.com\\\/ppdegalicia\",\"https:\\\/\\\/www.tiktok.com\\\/@ppdegalicia\",\"https:\\\/\\\/www.youtube.com\\\/user\\\/ppdegalicia\"]},{\"@type\":\"Person\",\"@id\":\"https:\\\/\\\/ppdegalicia.com\\\/es\\\/#\\\/schema\\\/person\\\/d0f013b8388c980665d44009ab762960\",\"name\":\"Super User\",\"image\":{\"@type\":\"ImageObject\",\"inLanguage\":\"es\",\"@id\":\"https:\\\/\\\/secure.gravatar.com\\\/avatar\\\/1db852625ef4948f58d2739bfbc51e4b9bd5c93b8fa340b59fdb594ca0845645?s=96&d=mm&r=g\",\"url\":\"https:\\\/\\\/secure.gravatar.com\\\/avatar\\\/1db852625ef4948f58d2739bfbc51e4b9bd5c93b8fa340b59fdb594ca0845645?s=96&d=mm&r=g\",\"contentUrl\":\"https:\\\/\\\/secure.gravatar.com\\\/avatar\\\/1db852625ef4948f58d2739bfbc51e4b9bd5c93b8fa340b59fdb594ca0845645?s=96&d=mm&r=g\",\"caption\":\"Super User\"},\"url\":\"https:\\\/\\\/ppdegalicia.com\\\/es\\\/author\\\/ppdegaliciagestion\\\/\"}]}<\/script>\n<!-- \/ Yoast SEO plugin. -->","yoast_head_json":{"title":"Julia Rodr\u00edguez, Carlos G\u00f3mez e Mar\u00edan Garc\u00eda toman ma\u00f1\u00e1 posesi\u00f3n como deputados do Grupo Popular - PP de Galicia","robots":{"index":"index","follow":"follow","max-snippet":"max-snippet:-1","max-image-preview":"max-image-preview:large","max-video-preview":"max-video-preview:-1"},"canonical":"https:\/\/ppdegalicia.com\/es\/julia-rodriguez-carlos-gomez-e-marian-garcia-toman-mana-posesion-como-deputados-do-grupo-popular\/","og_locale":"es_ES","og_type":"article","og_title":"Julia Rodr\u00edguez, Carlos G\u00f3mez e Mar\u00edan Garc\u00eda toman ma\u00f1\u00e1 posesi\u00f3n como deputados do Grupo Popular - PP de Galicia","og_description":"Santiago, 12 de decembro de 2016.- Julia Rodr&iacute;guez Barreira, pola provincia de Lugo; Carlos G&oacute;mez Salgado, por Ourense; e Mari&aacute;n Garc&iacute;a M&iacute;guez, por Pontevedra, tomar&aacute;n ma&ntilde;&aacute; ao inicio do Pleno posesi&oacute;n dos seus escanos no Parlamento galego como novos deputados do Grupo Popular.","og_url":"https:\/\/ppdegalicia.com\/es\/julia-rodriguez-carlos-gomez-e-marian-garcia-toman-mana-posesion-como-deputados-do-grupo-popular\/","og_site_name":"PP de Galicia","article_publisher":"https:\/\/www.instagram.com\/ppdegalicia\/","article_published_time":"2016-12-12T10:06:14+00:00","author":"Super User","twitter_card":"summary_large_image","twitter_creator":"@ppdegalicia","twitter_site":"@ppdegalicia","twitter_misc":{"Escrito por":"Super User","Tiempo de lectura":"2 minutos"},"schema":{"@context":"https:\/\/schema.org","@graph":[{"@type":"Article","@id":"https:\/\/ppdegalicia.com\/es\/julia-rodriguez-carlos-gomez-e-marian-garcia-toman-mana-posesion-como-deputados-do-grupo-popular\/#article","isPartOf":{"@id":"https:\/\/ppdegalicia.com\/es\/julia-rodriguez-carlos-gomez-e-marian-garcia-toman-mana-posesion-como-deputados-do-grupo-popular\/"},"author":{"name":"Super User","@id":"https:\/\/ppdegalicia.com\/es\/#\/schema\/person\/d0f013b8388c980665d44009ab762960"},"headline":"Julia Rodr\u00edguez, Carlos G\u00f3mez e Mar\u00edan Garc\u00eda toman ma\u00f1\u00e1 posesi\u00f3n como deputados do Grupo Popular","datePublished":"2016-12-12T10:06:14+00:00","mainEntityOfPage":{"@id":"https:\/\/ppdegalicia.com\/es\/julia-rodriguez-carlos-gomez-e-marian-garcia-toman-mana-posesion-como-deputados-do-grupo-popular\/"},"wordCount":423,"commentCount":0,"publisher":{"@id":"https:\/\/ppdegalicia.com\/es\/#organization"},"articleSection":["PP de Galicia"],"inLanguage":"es","potentialAction":[{"@type":"CommentAction","name":"Comment","target":["https:\/\/ppdegalicia.com\/es\/julia-rodriguez-carlos-gomez-e-marian-garcia-toman-mana-posesion-como-deputados-do-grupo-popular\/#respond"]}]},{"@type":"WebPage","@id":"https:\/\/ppdegalicia.com\/es\/julia-rodriguez-carlos-gomez-e-marian-garcia-toman-mana-posesion-como-deputados-do-grupo-popular\/","url":"https:\/\/ppdegalicia.com\/es\/julia-rodriguez-carlos-gomez-e-marian-garcia-toman-mana-posesion-como-deputados-do-grupo-popular\/","name":"Julia Rodr\u00edguez, Carlos G\u00f3mez e Mar\u00edan Garc\u00eda toman ma\u00f1\u00e1 posesi\u00f3n como deputados do Grupo Popular - PP de Galicia","isPartOf":{"@id":"https:\/\/ppdegalicia.com\/es\/#website"},"datePublished":"2016-12-12T10:06:14+00:00","breadcrumb":{"@id":"https:\/\/ppdegalicia.com\/es\/julia-rodriguez-carlos-gomez-e-marian-garcia-toman-mana-posesion-como-deputados-do-grupo-popular\/#breadcrumb"},"inLanguage":"es","potentialAction":[{"@type":"ReadAction","target":["https:\/\/ppdegalicia.com\/es\/julia-rodriguez-carlos-gomez-e-marian-garcia-toman-mana-posesion-como-deputados-do-grupo-popular\/"]}]},{"@type":"BreadcrumbList","@id":"https:\/\/ppdegalicia.com\/es\/julia-rodriguez-carlos-gomez-e-marian-garcia-toman-mana-posesion-como-deputados-do-grupo-popular\/#breadcrumb","itemListElement":[{"@type":"ListItem","position":1,"name":"Portada","item":"https:\/\/ppdegalicia.com\/es\/"},{"@type":"ListItem","position":2,"name":"Julia Rodr\u00edguez, Carlos G\u00f3mez e Mar\u00edan Garc\u00eda toman ma\u00f1\u00e1 posesi\u00f3n como deputados do Grupo Popular"}]},{"@type":"WebSite","@id":"https:\/\/ppdegalicia.com\/es\/#website","url":"https:\/\/ppdegalicia.com\/es\/","name":"Partido Popular de Galicia","description":"Partido Popular de Galicia","publisher":{"@id":"https:\/\/ppdegalicia.com\/es\/#organization"},"alternateName":"PP de Galicia","potentialAction":[{"@type":"SearchAction","target":{"@type":"EntryPoint","urlTemplate":"https:\/\/ppdegalicia.com\/es\/?s={search_term_string}"},"query-input":{"@type":"PropertyValueSpecification","valueRequired":true,"valueName":"search_term_string"}}],"inLanguage":"es"},{"@type":"Organization","@id":"https:\/\/ppdegalicia.com\/es\/#organization","name":"Partido Popular de Galicia","alternateName":"PP de Galicia","url":"https:\/\/ppdegalicia.com\/es\/","logo":{"@type":"ImageObject","inLanguage":"es","@id":"https:\/\/ppdegalicia.com\/es\/#\/schema\/logo\/image\/","url":"https:\/\/ppdegalicia.com\/wp-content\/uploads\/2023\/04\/logoPP512.png","contentUrl":"https:\/\/ppdegalicia.com\/wp-content\/uploads\/2023\/04\/logoPP512.png","width":512,"height":512,"caption":"Partido Popular de Galicia"},"image":{"@id":"https:\/\/ppdegalicia.com\/es\/#\/schema\/logo\/image\/"},"sameAs":["https:\/\/www.instagram.com\/ppdegalicia\/","https:\/\/x.com\/ppdegalicia","https:\/\/www.tiktok.com\/@ppdegalicia","https:\/\/www.youtube.com\/user\/ppdegalicia"]},{"@type":"Person","@id":"https:\/\/ppdegalicia.com\/es\/#\/schema\/person\/d0f013b8388c980665d44009ab762960","name":"Super User","image":{"@type":"ImageObject","inLanguage":"es","@id":"https:\/\/secure.gravatar.com\/avatar\/1db852625ef4948f58d2739bfbc51e4b9bd5c93b8fa340b59fdb594ca0845645?s=96&d=mm&r=g","url":"https:\/\/secure.gravatar.com\/avatar\/1db852625ef4948f58d2739bfbc51e4b9bd5c93b8fa340b59fdb594ca0845645?s=96&d=mm&r=g","contentUrl":"https:\/\/secure.gravatar.com\/avatar\/1db852625ef4948f58d2739bfbc51e4b9bd5c93b8fa340b59fdb594ca0845645?s=96&d=mm&r=g","caption":"Super User"},"url":"https:\/\/ppdegalicia.com\/es\/author\/ppdegaliciagestion\/"}]}},"_links":{"self":[{"href":"https:\/\/ppdegalicia.com\/es\/wp-json\/wp\/v2\/posts\/54008","targetHints":{"allow":["GET"]}}],"collection":[{"href":"https:\/\/ppdegalicia.com\/es\/wp-json\/wp\/v2\/posts"}],"about":[{"href":"https:\/\/ppdegalicia.com\/es\/wp-json\/wp\/v2\/types\/post"}],"author":[{"embeddable":true,"href":"https:\/\/ppdegalicia.com\/es\/wp-json\/wp\/v2\/users\/37"}],"replies":[{"embeddable":true,"href":"https:\/\/ppdegalicia.com\/es\/wp-json\/wp\/v2\/comments?post=54008"}],"version-history":[{"count":0,"href":"https:\/\/ppdegalicia.com\/es\/wp-json\/wp\/v2\/posts\/54008\/revisions"}],"wp:attachment":[{"href":"https:\/\/ppdegalicia.com\/es\/wp-json\/wp\/v2\/media?parent=54008"}],"wp:term":[{"taxonomy":"category","embeddable":true,"href":"https:\/\/ppdegalicia.com\/es\/wp-json\/wp\/v2\/categories?post=54008"},{"taxonomy":"post_tag","embeddable":true,"href":"https:\/\/ppdegalicia.com\/es\/wp-json\/wp\/v2\/tags?post=54008"}],"curies":[{"name":"wp","href":"https:\/\/api.w.org\/{rel}","templated":true}]}}