{"id":54024,"date":"2016-12-20T13:18:30","date_gmt":"2016-12-20T11:18:30","guid":{"rendered":"https:\/\/ppdegalicia.com\/o-gpp-asegura-que-os-orzamentos-da-deputacion-de-ourense-permiten-seguir-caminando-na-boa-direccion\/"},"modified":"2016-12-20T13:18:30","modified_gmt":"2016-12-20T11:18:30","slug":"o-gpp-asegura-que-os-orzamentos-da-deputacion-de-ourense-permiten-seguir-caminando-na-boa-direccion","status":"publish","type":"post","link":"https:\/\/ppdegalicia.com\/es\/o-gpp-asegura-que-os-orzamentos-da-deputacion-de-ourense-permiten-seguir-caminando-na-boa-direccion\/","title":{"rendered":"O GPP asegura que os orzamentos da Deputaci\u00f3n de Ourense permiten \u00abseguir cami\u00f1ando na boa direcci\u00f3n\u00bb"},"content":{"rendered":"<p>Santiago, 20 de decembro de 2016.- O deputado do Grupo Popular C\u00e9sar Fern\u00e1ndez Gil asegurou esta tarde no Parlamento que os orzamentos da Deputaci\u00f3n de Ourense para 2017 permiten \u201cseguir cami\u00f1ando na boa direcci\u00f3n e dando respostas \u00e1s necesidades que ten a sociedade da provincia de Ourense\u201d.<\/p>\n<hr \/>\n<p>C\u00e9sar Fern\u00e1ndez indicou que o goberno da Deputaci\u00f3n de Ourense ten \u201cunha visi\u00f3n integral da provincia e amosa que existe proxecto pol\u00edtico que cristaliza en plans e nun orzamento\u201d. Neste sentido, lembrou que estas contas est\u00e1n aprobadas desde o pasado mes de setembro, \u201co que outorga certidume, planificaci\u00f3n e seguridade para as entidades locais e os cidad\u00e1ns\u201d.<\/p>\n<p>&nbsp;<\/p>\n<p><strong>XESTI\u00d3N SERIA E SOLVENTE<\/strong><\/p>\n<p>&nbsp;<\/p>\n<p>Estas orzamentos \u201camosan que existe unha xesti\u00f3n seria e solvente da Deputaci\u00f3n de Ourense, po\u00f1endo a disposici\u00f3n dos ourens\u00e1ns unha administraci\u00f3n p\u00fablica para mellorar os servizos que reciben\u201d.<\/p>\n<p>&nbsp;<\/p>\n<p>En concreto, o deputado popular sinalou que estes orzamentos \u201cresponden ao Plan de mandato Ourense 15-19, a trav\u00e9s do que se reduciu a d\u00e9beda desta administraci\u00f3n desde o 116 por cento ao 25 por cento\u201d.<\/p>\n<p>&nbsp;<\/p>\n<p>Entre os proxectos estrat\u00e9xicos que se levar\u00e1n adiante, Fern\u00e1ndez referiuse \u00e1 aposta polo termalismo como eixo de desenvolvemento provincial; o plan de fomento do emprego para os concellos, distribu\u00eddo con criterios de obxectividade no reparto dos fondos p\u00fablicos; o proxecto de Provincia Intelixente, para afondar no desenvolvemento da administraci\u00f3n electr\u00f3nica; o incremento do plan de cooperaci\u00f3n de obras e servizos para os concellos; e as axudas para que os concellos que acrediten insuficiencia financeira sufraguen gasto corrente; ao tempo que foi a primeira deputaci\u00f3n en asumir os gastos que ocasionan os grupos de emerxencias supramunicipais nos concellos.<\/p>\n<p>&nbsp;<\/p>\n<p>C\u00e9sar Fern\u00e1ndez manifestou que \u201cparece que aos grupos da oposici\u00f3n o \u00faltimo que lles preocupa \u00e9 Ourense, porque a realidade que pintan \u00e9 permanentemente desmentida pola sociedade ourens\u00e1\u201d. Deste xeito, pediu \u201cun m\u00ednimo de respecto cara aos representantes p\u00fablicos da sociedade de Ourense\u201d, a\u00ednda que reco\u00f1eceu que \u00e1 oposici\u00f3n \u201cp\u00f3delle resultar frustrante chegar e ter que someterse ao que dita a realidade\u201d.<\/p>\n","protected":false},"excerpt":{"rendered":"<p>Santiago, 20 de decembro de 2016.- O deputado do Grupo Popular C\u00e9sar Fern\u00e1ndez Gil asegurou esta tarde no Parlamento que os orzamentos da Deputaci\u00f3n de Ourense para 2017 permiten \u201cseguir cami\u00f1ando na boa direcci\u00f3n e dando respostas \u00e1s necesidades que ten a sociedade da provincia de Ourense\u201d. C\u00e9sar Fern\u00e1ndez indicou que o goberno da Deputaci\u00f3n [&hellip;]<\/p>\n","protected":false},"author":37,"featured_media":0,"comment_status":"open","ping_status":"open","sticky":false,"template":"","format":"standard","meta":{"_acf_changed":false,"footnotes":""},"categories":[1],"tags":[],"class_list":["post-54024","post","type-post","status-publish","format-standard","hentry","category-pp-de-galicia"],"acf":[],"yoast_head":"<!-- This site is optimized with the Yoast SEO plugin v27.3 - https:\/\/yoast.com\/product\/yoast-seo-wordpress\/ -->\n<title>O GPP asegura que os orzamentos da Deputaci\u00f3n de Ourense permiten &quot;seguir cami\u00f1ando na boa direcci\u00f3n&quot; - PP de Galicia<\/title>\n<meta name=\"robots\" content=\"index, follow, max-snippet:-1, max-image-preview:large, max-video-preview:-1\" \/>\n<link rel=\"canonical\" href=\"https:\/\/ppdegalicia.com\/es\/o-gpp-asegura-que-os-orzamentos-da-deputacion-de-ourense-permiten-seguir-caminando-na-boa-direccion\/\" \/>\n<meta property=\"og:locale\" content=\"es_ES\" \/>\n<meta property=\"og:type\" content=\"article\" \/>\n<meta property=\"og:title\" content=\"O GPP asegura que os orzamentos da Deputaci\u00f3n de Ourense permiten &quot;seguir cami\u00f1ando na boa direcci\u00f3n&quot; - PP de Galicia\" \/>\n<meta property=\"og:description\" content=\"Santiago, 20 de decembro de 2016.- O deputado do Grupo Popular C\u00e9sar Fern\u00e1ndez Gil asegurou esta tarde no Parlamento que os orzamentos da Deputaci\u00f3n de Ourense para 2017 permiten \u201cseguir cami\u00f1ando na boa direcci\u00f3n e dando respostas \u00e1s necesidades que ten a sociedade da provincia de Ourense\u201d. C\u00e9sar Fern\u00e1ndez indicou que o goberno da Deputaci\u00f3n [&hellip;]\" \/>\n<meta property=\"og:url\" content=\"https:\/\/ppdegalicia.com\/es\/o-gpp-asegura-que-os-orzamentos-da-deputacion-de-ourense-permiten-seguir-caminando-na-boa-direccion\/\" \/>\n<meta property=\"og:site_name\" content=\"PP de Galicia\" \/>\n<meta property=\"article:publisher\" content=\"https:\/\/www.instagram.com\/ppdegalicia\/\" \/>\n<meta property=\"article:published_time\" content=\"2016-12-20T11:18:30+00:00\" \/>\n<meta name=\"author\" content=\"Super User\" \/>\n<meta name=\"twitter:card\" content=\"summary_large_image\" \/>\n<meta name=\"twitter:creator\" content=\"@ppdegalicia\" \/>\n<meta name=\"twitter:site\" content=\"@ppdegalicia\" \/>\n<meta name=\"twitter:label1\" content=\"Escrito por\" \/>\n\t<meta name=\"twitter:data1\" content=\"Super User\" \/>\n\t<meta name=\"twitter:label2\" content=\"Tiempo de lectura\" \/>\n\t<meta name=\"twitter:data2\" content=\"2 minutos\" \/>\n<script type=\"application\/ld+json\" class=\"yoast-schema-graph\">{\"@context\":\"https:\\\/\\\/schema.org\",\"@graph\":[{\"@type\":\"Article\",\"@id\":\"https:\\\/\\\/ppdegalicia.com\\\/es\\\/o-gpp-asegura-que-os-orzamentos-da-deputacion-de-ourense-permiten-seguir-caminando-na-boa-direccion\\\/#article\",\"isPartOf\":{\"@id\":\"https:\\\/\\\/ppdegalicia.com\\\/es\\\/o-gpp-asegura-que-os-orzamentos-da-deputacion-de-ourense-permiten-seguir-caminando-na-boa-direccion\\\/\"},\"author\":{\"name\":\"Super User\",\"@id\":\"https:\\\/\\\/ppdegalicia.com\\\/es\\\/#\\\/schema\\\/person\\\/d0f013b8388c980665d44009ab762960\"},\"headline\":\"O GPP asegura que os orzamentos da Deputaci\u00f3n de Ourense permiten \u00abseguir cami\u00f1ando na boa direcci\u00f3n\u00bb\",\"datePublished\":\"2016-12-20T11:18:30+00:00\",\"mainEntityOfPage\":{\"@id\":\"https:\\\/\\\/ppdegalicia.com\\\/es\\\/o-gpp-asegura-que-os-orzamentos-da-deputacion-de-ourense-permiten-seguir-caminando-na-boa-direccion\\\/\"},\"wordCount\":388,\"commentCount\":0,\"publisher\":{\"@id\":\"https:\\\/\\\/ppdegalicia.com\\\/es\\\/#organization\"},\"articleSection\":[\"PP de Galicia\"],\"inLanguage\":\"es\",\"potentialAction\":[{\"@type\":\"CommentAction\",\"name\":\"Comment\",\"target\":[\"https:\\\/\\\/ppdegalicia.com\\\/es\\\/o-gpp-asegura-que-os-orzamentos-da-deputacion-de-ourense-permiten-seguir-caminando-na-boa-direccion\\\/#respond\"]}]},{\"@type\":\"WebPage\",\"@id\":\"https:\\\/\\\/ppdegalicia.com\\\/es\\\/o-gpp-asegura-que-os-orzamentos-da-deputacion-de-ourense-permiten-seguir-caminando-na-boa-direccion\\\/\",\"url\":\"https:\\\/\\\/ppdegalicia.com\\\/es\\\/o-gpp-asegura-que-os-orzamentos-da-deputacion-de-ourense-permiten-seguir-caminando-na-boa-direccion\\\/\",\"name\":\"O GPP asegura que os orzamentos da Deputaci\u00f3n de Ourense permiten \\\"seguir cami\u00f1ando na boa direcci\u00f3n\\\" - PP de Galicia\",\"isPartOf\":{\"@id\":\"https:\\\/\\\/ppdegalicia.com\\\/es\\\/#website\"},\"datePublished\":\"2016-12-20T11:18:30+00:00\",\"breadcrumb\":{\"@id\":\"https:\\\/\\\/ppdegalicia.com\\\/es\\\/o-gpp-asegura-que-os-orzamentos-da-deputacion-de-ourense-permiten-seguir-caminando-na-boa-direccion\\\/#breadcrumb\"},\"inLanguage\":\"es\",\"potentialAction\":[{\"@type\":\"ReadAction\",\"target\":[\"https:\\\/\\\/ppdegalicia.com\\\/es\\\/o-gpp-asegura-que-os-orzamentos-da-deputacion-de-ourense-permiten-seguir-caminando-na-boa-direccion\\\/\"]}]},{\"@type\":\"BreadcrumbList\",\"@id\":\"https:\\\/\\\/ppdegalicia.com\\\/es\\\/o-gpp-asegura-que-os-orzamentos-da-deputacion-de-ourense-permiten-seguir-caminando-na-boa-direccion\\\/#breadcrumb\",\"itemListElement\":[{\"@type\":\"ListItem\",\"position\":1,\"name\":\"Portada\",\"item\":\"https:\\\/\\\/ppdegalicia.com\\\/es\\\/\"},{\"@type\":\"ListItem\",\"position\":2,\"name\":\"O GPP asegura que os orzamentos da Deputaci\u00f3n de Ourense permiten &#8220;seguir cami\u00f1ando na boa direcci\u00f3n&#8221;\"}]},{\"@type\":\"WebSite\",\"@id\":\"https:\\\/\\\/ppdegalicia.com\\\/es\\\/#website\",\"url\":\"https:\\\/\\\/ppdegalicia.com\\\/es\\\/\",\"name\":\"Partido Popular de Galicia\",\"description\":\"Partido Popular de Galicia\",\"publisher\":{\"@id\":\"https:\\\/\\\/ppdegalicia.com\\\/es\\\/#organization\"},\"alternateName\":\"PP de Galicia\",\"potentialAction\":[{\"@type\":\"SearchAction\",\"target\":{\"@type\":\"EntryPoint\",\"urlTemplate\":\"https:\\\/\\\/ppdegalicia.com\\\/es\\\/?s={search_term_string}\"},\"query-input\":{\"@type\":\"PropertyValueSpecification\",\"valueRequired\":true,\"valueName\":\"search_term_string\"}}],\"inLanguage\":\"es\"},{\"@type\":\"Organization\",\"@id\":\"https:\\\/\\\/ppdegalicia.com\\\/es\\\/#organization\",\"name\":\"Partido Popular de Galicia\",\"alternateName\":\"PP de Galicia\",\"url\":\"https:\\\/\\\/ppdegalicia.com\\\/es\\\/\",\"logo\":{\"@type\":\"ImageObject\",\"inLanguage\":\"es\",\"@id\":\"https:\\\/\\\/ppdegalicia.com\\\/es\\\/#\\\/schema\\\/logo\\\/image\\\/\",\"url\":\"https:\\\/\\\/ppdegalicia.com\\\/wp-content\\\/uploads\\\/2023\\\/04\\\/logoPP512.png\",\"contentUrl\":\"https:\\\/\\\/ppdegalicia.com\\\/wp-content\\\/uploads\\\/2023\\\/04\\\/logoPP512.png\",\"width\":512,\"height\":512,\"caption\":\"Partido Popular de Galicia\"},\"image\":{\"@id\":\"https:\\\/\\\/ppdegalicia.com\\\/es\\\/#\\\/schema\\\/logo\\\/image\\\/\"},\"sameAs\":[\"https:\\\/\\\/www.instagram.com\\\/ppdegalicia\\\/\",\"https:\\\/\\\/x.com\\\/ppdegalicia\",\"https:\\\/\\\/www.tiktok.com\\\/@ppdegalicia\",\"https:\\\/\\\/www.youtube.com\\\/user\\\/ppdegalicia\"]},{\"@type\":\"Person\",\"@id\":\"https:\\\/\\\/ppdegalicia.com\\\/es\\\/#\\\/schema\\\/person\\\/d0f013b8388c980665d44009ab762960\",\"name\":\"Super User\",\"image\":{\"@type\":\"ImageObject\",\"inLanguage\":\"es\",\"@id\":\"https:\\\/\\\/secure.gravatar.com\\\/avatar\\\/1db852625ef4948f58d2739bfbc51e4b9bd5c93b8fa340b59fdb594ca0845645?s=96&d=mm&r=g\",\"url\":\"https:\\\/\\\/secure.gravatar.com\\\/avatar\\\/1db852625ef4948f58d2739bfbc51e4b9bd5c93b8fa340b59fdb594ca0845645?s=96&d=mm&r=g\",\"contentUrl\":\"https:\\\/\\\/secure.gravatar.com\\\/avatar\\\/1db852625ef4948f58d2739bfbc51e4b9bd5c93b8fa340b59fdb594ca0845645?s=96&d=mm&r=g\",\"caption\":\"Super User\"},\"url\":\"https:\\\/\\\/ppdegalicia.com\\\/es\\\/author\\\/ppdegaliciagestion\\\/\"}]}<\/script>\n<!-- \/ Yoast SEO plugin. -->","yoast_head_json":{"title":"O GPP asegura que os orzamentos da Deputaci\u00f3n de Ourense permiten \"seguir cami\u00f1ando na boa direcci\u00f3n\" - PP de Galicia","robots":{"index":"index","follow":"follow","max-snippet":"max-snippet:-1","max-image-preview":"max-image-preview:large","max-video-preview":"max-video-preview:-1"},"canonical":"https:\/\/ppdegalicia.com\/es\/o-gpp-asegura-que-os-orzamentos-da-deputacion-de-ourense-permiten-seguir-caminando-na-boa-direccion\/","og_locale":"es_ES","og_type":"article","og_title":"O GPP asegura que os orzamentos da Deputaci\u00f3n de Ourense permiten \"seguir cami\u00f1ando na boa direcci\u00f3n\" - PP de Galicia","og_description":"Santiago, 20 de decembro de 2016.- O deputado do Grupo Popular C\u00e9sar Fern\u00e1ndez Gil asegurou esta tarde no Parlamento que os orzamentos da Deputaci\u00f3n de Ourense para 2017 permiten \u201cseguir cami\u00f1ando na boa direcci\u00f3n e dando respostas \u00e1s necesidades que ten a sociedade da provincia de Ourense\u201d. C\u00e9sar Fern\u00e1ndez indicou que o goberno da Deputaci\u00f3n [&hellip;]","og_url":"https:\/\/ppdegalicia.com\/es\/o-gpp-asegura-que-os-orzamentos-da-deputacion-de-ourense-permiten-seguir-caminando-na-boa-direccion\/","og_site_name":"PP de Galicia","article_publisher":"https:\/\/www.instagram.com\/ppdegalicia\/","article_published_time":"2016-12-20T11:18:30+00:00","author":"Super User","twitter_card":"summary_large_image","twitter_creator":"@ppdegalicia","twitter_site":"@ppdegalicia","twitter_misc":{"Escrito por":"Super User","Tiempo de lectura":"2 minutos"},"schema":{"@context":"https:\/\/schema.org","@graph":[{"@type":"Article","@id":"https:\/\/ppdegalicia.com\/es\/o-gpp-asegura-que-os-orzamentos-da-deputacion-de-ourense-permiten-seguir-caminando-na-boa-direccion\/#article","isPartOf":{"@id":"https:\/\/ppdegalicia.com\/es\/o-gpp-asegura-que-os-orzamentos-da-deputacion-de-ourense-permiten-seguir-caminando-na-boa-direccion\/"},"author":{"name":"Super User","@id":"https:\/\/ppdegalicia.com\/es\/#\/schema\/person\/d0f013b8388c980665d44009ab762960"},"headline":"O GPP asegura que os orzamentos da Deputaci\u00f3n de Ourense permiten \u00abseguir cami\u00f1ando na boa direcci\u00f3n\u00bb","datePublished":"2016-12-20T11:18:30+00:00","mainEntityOfPage":{"@id":"https:\/\/ppdegalicia.com\/es\/o-gpp-asegura-que-os-orzamentos-da-deputacion-de-ourense-permiten-seguir-caminando-na-boa-direccion\/"},"wordCount":388,"commentCount":0,"publisher":{"@id":"https:\/\/ppdegalicia.com\/es\/#organization"},"articleSection":["PP de Galicia"],"inLanguage":"es","potentialAction":[{"@type":"CommentAction","name":"Comment","target":["https:\/\/ppdegalicia.com\/es\/o-gpp-asegura-que-os-orzamentos-da-deputacion-de-ourense-permiten-seguir-caminando-na-boa-direccion\/#respond"]}]},{"@type":"WebPage","@id":"https:\/\/ppdegalicia.com\/es\/o-gpp-asegura-que-os-orzamentos-da-deputacion-de-ourense-permiten-seguir-caminando-na-boa-direccion\/","url":"https:\/\/ppdegalicia.com\/es\/o-gpp-asegura-que-os-orzamentos-da-deputacion-de-ourense-permiten-seguir-caminando-na-boa-direccion\/","name":"O GPP asegura que os orzamentos da Deputaci\u00f3n de Ourense permiten \"seguir cami\u00f1ando na boa direcci\u00f3n\" - PP de Galicia","isPartOf":{"@id":"https:\/\/ppdegalicia.com\/es\/#website"},"datePublished":"2016-12-20T11:18:30+00:00","breadcrumb":{"@id":"https:\/\/ppdegalicia.com\/es\/o-gpp-asegura-que-os-orzamentos-da-deputacion-de-ourense-permiten-seguir-caminando-na-boa-direccion\/#breadcrumb"},"inLanguage":"es","potentialAction":[{"@type":"ReadAction","target":["https:\/\/ppdegalicia.com\/es\/o-gpp-asegura-que-os-orzamentos-da-deputacion-de-ourense-permiten-seguir-caminando-na-boa-direccion\/"]}]},{"@type":"BreadcrumbList","@id":"https:\/\/ppdegalicia.com\/es\/o-gpp-asegura-que-os-orzamentos-da-deputacion-de-ourense-permiten-seguir-caminando-na-boa-direccion\/#breadcrumb","itemListElement":[{"@type":"ListItem","position":1,"name":"Portada","item":"https:\/\/ppdegalicia.com\/es\/"},{"@type":"ListItem","position":2,"name":"O GPP asegura que os orzamentos da Deputaci\u00f3n de Ourense permiten &#8220;seguir cami\u00f1ando na boa direcci\u00f3n&#8221;"}]},{"@type":"WebSite","@id":"https:\/\/ppdegalicia.com\/es\/#website","url":"https:\/\/ppdegalicia.com\/es\/","name":"Partido Popular de Galicia","description":"Partido Popular de Galicia","publisher":{"@id":"https:\/\/ppdegalicia.com\/es\/#organization"},"alternateName":"PP de Galicia","potentialAction":[{"@type":"SearchAction","target":{"@type":"EntryPoint","urlTemplate":"https:\/\/ppdegalicia.com\/es\/?s={search_term_string}"},"query-input":{"@type":"PropertyValueSpecification","valueRequired":true,"valueName":"search_term_string"}}],"inLanguage":"es"},{"@type":"Organization","@id":"https:\/\/ppdegalicia.com\/es\/#organization","name":"Partido Popular de Galicia","alternateName":"PP de Galicia","url":"https:\/\/ppdegalicia.com\/es\/","logo":{"@type":"ImageObject","inLanguage":"es","@id":"https:\/\/ppdegalicia.com\/es\/#\/schema\/logo\/image\/","url":"https:\/\/ppdegalicia.com\/wp-content\/uploads\/2023\/04\/logoPP512.png","contentUrl":"https:\/\/ppdegalicia.com\/wp-content\/uploads\/2023\/04\/logoPP512.png","width":512,"height":512,"caption":"Partido Popular de Galicia"},"image":{"@id":"https:\/\/ppdegalicia.com\/es\/#\/schema\/logo\/image\/"},"sameAs":["https:\/\/www.instagram.com\/ppdegalicia\/","https:\/\/x.com\/ppdegalicia","https:\/\/www.tiktok.com\/@ppdegalicia","https:\/\/www.youtube.com\/user\/ppdegalicia"]},{"@type":"Person","@id":"https:\/\/ppdegalicia.com\/es\/#\/schema\/person\/d0f013b8388c980665d44009ab762960","name":"Super User","image":{"@type":"ImageObject","inLanguage":"es","@id":"https:\/\/secure.gravatar.com\/avatar\/1db852625ef4948f58d2739bfbc51e4b9bd5c93b8fa340b59fdb594ca0845645?s=96&d=mm&r=g","url":"https:\/\/secure.gravatar.com\/avatar\/1db852625ef4948f58d2739bfbc51e4b9bd5c93b8fa340b59fdb594ca0845645?s=96&d=mm&r=g","contentUrl":"https:\/\/secure.gravatar.com\/avatar\/1db852625ef4948f58d2739bfbc51e4b9bd5c93b8fa340b59fdb594ca0845645?s=96&d=mm&r=g","caption":"Super User"},"url":"https:\/\/ppdegalicia.com\/es\/author\/ppdegaliciagestion\/"}]}},"_links":{"self":[{"href":"https:\/\/ppdegalicia.com\/es\/wp-json\/wp\/v2\/posts\/54024","targetHints":{"allow":["GET"]}}],"collection":[{"href":"https:\/\/ppdegalicia.com\/es\/wp-json\/wp\/v2\/posts"}],"about":[{"href":"https:\/\/ppdegalicia.com\/es\/wp-json\/wp\/v2\/types\/post"}],"author":[{"embeddable":true,"href":"https:\/\/ppdegalicia.com\/es\/wp-json\/wp\/v2\/users\/37"}],"replies":[{"embeddable":true,"href":"https:\/\/ppdegalicia.com\/es\/wp-json\/wp\/v2\/comments?post=54024"}],"version-history":[{"count":0,"href":"https:\/\/ppdegalicia.com\/es\/wp-json\/wp\/v2\/posts\/54024\/revisions"}],"wp:attachment":[{"href":"https:\/\/ppdegalicia.com\/es\/wp-json\/wp\/v2\/media?parent=54024"}],"wp:term":[{"taxonomy":"category","embeddable":true,"href":"https:\/\/ppdegalicia.com\/es\/wp-json\/wp\/v2\/categories?post=54024"},{"taxonomy":"post_tag","embeddable":true,"href":"https:\/\/ppdegalicia.com\/es\/wp-json\/wp\/v2\/tags?post=54024"}],"curies":[{"name":"wp","href":"https:\/\/api.w.org\/{rel}","templated":true}]}}