{"id":54045,"date":"2016-12-29T12:48:40","date_gmt":"2016-12-29T10:48:40","guid":{"rendered":"https:\/\/ppdegalicia.com\/o-ppdeg-lamenta-a-completa-paralise-no-ano-2016-nas-cidades-gobernadas-polas-mareas\/"},"modified":"2016-12-29T12:48:40","modified_gmt":"2016-12-29T10:48:40","slug":"o-ppdeg-lamenta-a-completa-paralise-no-ano-2016-nas-cidades-gobernadas-polas-mareas","status":"publish","type":"post","link":"https:\/\/ppdegalicia.com\/es\/o-ppdeg-lamenta-a-completa-paralise-no-ano-2016-nas-cidades-gobernadas-polas-mareas\/","title":{"rendered":"O PPdeG lamenta a \u201ccompleta par\u00e1lise\u201d no ano 2016 nas cidades gobernadas polas Mareas"},"content":{"rendered":"<p>Ferrol, 29 de decembro de 2016.- O secretario xeral do PPdeG, Miguel Tellado, ofreceu este xoves unha rolda de prensa na que lamentou a \u201ccompleta par\u00e1lise\u201d na que se encontraron neste 2016 que est\u00e1 por rematar as cidades gobernadas polas Mareas. As\u00ed, lembrou a incapacidade dos alcaldes de Santiago, A Coru\u00f1a e Ferrol para lograr acordos e sacar adiante os orzamentos municipais, cos problemas que iso sup\u00f3n para os investimentos nas s\u00faas urbes. Neste sentido, subli\u00f1ou que ve aos tres rexedores \u201cm\u00e1is preocupados por xogar \u00e1 pol\u00edtica auton\u00f3mica que por gobernar as s\u00faas instituci\u00f3ns\u201d.<\/p>\n<p><!--more--><\/p>\n<p>Tellado reprochoulle aos populistas que \u201cchegaron ao poder prometendo ser os adalides da pol\u00edtica social\u201d, e case na metade do seu mandato en Santiago &nbsp;non souberon adxudicar uns comedores escolares e na Coru\u00f1a prometeron unha Renda Universal \u201cque non era nin renda, e era tan universal que lla concederon a unha soa persoa\u201d. Do mesmo xeito, tam\u00e9n lembrou que fixeron bandeira da loita contra a corrupci\u00f3n prometendo dimitir en caso de imputaci\u00f3n \u201ce tan pronto tiveron un concelleiro imputado defend\u00e9rono os tres alcaldes e m\u00e1is Luis Villares\u201d. \u201c\u00c9 o momento de que reco\u00f1ezan que ou estaban equivocados cando atacaron aos demais partidos pol\u00edticos ou que mentiron para intentar chegar \u00e1s alcald\u00edas\u201d, subli\u00f1ou.&nbsp;<\/p>\n<p>\nAnte esta situaci\u00f3n de \u201ccolapso\u201d o secretario xeral explicou que os populares galegos seguir\u00e1n traballando \u201ccon rigor\u201d para constru\u00edr unha alternativa responsable e moderada de cara \u00e1s elecci\u00f3ns municipais do vindeiro 2019. \u201cQueremos devolverlle aos cidad\u00e1ns os gobernos que merecen\u201d, destacou para avanzar que, mentres tanto, nas cidades \u201capoiaremos cada iniciativa na que acerten e seguir\u00e1n atop\u00e1ndonos en fronte en cada unha na que erren\u201d.<\/p>\n<p>&nbsp;<\/p>\n<p>FERROL, \u201cPUNTA DO ICEBERG\u201d<br \/>\nO secretario xeral cualificou a Ferrol como \u201ca punta do iceberg\u201d do que supo\u00f1en os gobernos das Mareas para Galicia e aproveitou a s\u00faa visita para lembrar que 2016 foi tam\u00e9n o ano da ruptura do bipartito entre as Mareas e o PSdeG \u201cporque o ego e a incapacidade de Jorge Su\u00e1rez e Beatriz Sestayo non cab\u00edan no mesmo sal\u00f3n\u201d.&nbsp;<\/p>\n<p>&nbsp;<\/p>\n<p>Deste xeito, tachou este episodio da vida municipal de \u201csainete de mala calidade\u201d, e destacou que o alcalde se atopa \u201csobrepasado polo cargo\u201d, as\u00ed como que actualmente \u201co goberno municipal ten 8 concelleiros de 25. Os 6 das Mareas de Podemos e d\u00faas tr\u00e1nsfugas socialistas\u201d. Para Tellado, o resultado \u00e9 que \u201cJorge Su\u00e1rez quixo ser alcalde a calquera prezo, e seguir\u00e1 aferrado ao bast\u00f3n de mando sen importarlle que a cidade se funda a un ritmo preocupante\u201d.<br \/>\n&nbsp;<\/p>\n","protected":false},"excerpt":{"rendered":"<p>Ferrol, 29 de decembro de 2016.- O secretario xeral do PPdeG, Miguel Tellado, ofreceu este xoves unha rolda de prensa na que lamentou a \u201ccompleta par\u00e1lise\u201d na que se encontraron neste 2016 que est\u00e1 por rematar as cidades gobernadas polas Mareas. As\u00ed, lembrou a incapacidade dos alcaldes de Santiago, A Coru\u00f1a e Ferrol para lograr [&hellip;]<\/p>\n","protected":false},"author":37,"featured_media":0,"comment_status":"open","ping_status":"open","sticky":false,"template":"","format":"standard","meta":{"_acf_changed":false,"footnotes":""},"categories":[1],"tags":[],"class_list":["post-54045","post","type-post","status-publish","format-standard","hentry","category-pp-de-galicia"],"acf":[],"yoast_head":"<!-- This site is optimized with the Yoast SEO plugin v27.3 - https:\/\/yoast.com\/product\/yoast-seo-wordpress\/ -->\n<title>O PPdeG lamenta a \u201ccompleta par\u00e1lise\u201d no ano 2016 nas cidades gobernadas polas Mareas - PP de Galicia<\/title>\n<meta name=\"robots\" content=\"index, follow, max-snippet:-1, max-image-preview:large, max-video-preview:-1\" \/>\n<link rel=\"canonical\" href=\"https:\/\/ppdegalicia.com\/es\/o-ppdeg-lamenta-a-completa-paralise-no-ano-2016-nas-cidades-gobernadas-polas-mareas\/\" \/>\n<meta property=\"og:locale\" content=\"es_ES\" \/>\n<meta property=\"og:type\" content=\"article\" \/>\n<meta property=\"og:title\" content=\"O PPdeG lamenta a \u201ccompleta par\u00e1lise\u201d no ano 2016 nas cidades gobernadas polas Mareas - PP de Galicia\" \/>\n<meta property=\"og:description\" content=\"Ferrol, 29 de decembro de 2016.- O secretario xeral do PPdeG, Miguel Tellado, ofreceu este xoves unha rolda de prensa na que lamentou a \u201ccompleta par\u00e1lise\u201d na que se encontraron neste 2016 que est\u00e1 por rematar as cidades gobernadas polas Mareas. As\u00ed, lembrou a incapacidade dos alcaldes de Santiago, A Coru\u00f1a e Ferrol para lograr [&hellip;]\" \/>\n<meta property=\"og:url\" content=\"https:\/\/ppdegalicia.com\/es\/o-ppdeg-lamenta-a-completa-paralise-no-ano-2016-nas-cidades-gobernadas-polas-mareas\/\" \/>\n<meta property=\"og:site_name\" content=\"PP de Galicia\" \/>\n<meta property=\"article:publisher\" content=\"https:\/\/www.instagram.com\/ppdegalicia\/\" \/>\n<meta property=\"article:published_time\" content=\"2016-12-29T10:48:40+00:00\" \/>\n<meta name=\"author\" content=\"Super User\" \/>\n<meta name=\"twitter:card\" content=\"summary_large_image\" \/>\n<meta name=\"twitter:creator\" content=\"@ppdegalicia\" \/>\n<meta name=\"twitter:site\" content=\"@ppdegalicia\" \/>\n<meta name=\"twitter:label1\" content=\"Escrito por\" \/>\n\t<meta name=\"twitter:data1\" content=\"Super User\" \/>\n\t<meta name=\"twitter:label2\" content=\"Tiempo de lectura\" \/>\n\t<meta name=\"twitter:data2\" content=\"2 minutos\" \/>\n<script type=\"application\/ld+json\" class=\"yoast-schema-graph\">{\"@context\":\"https:\\\/\\\/schema.org\",\"@graph\":[{\"@type\":\"Article\",\"@id\":\"https:\\\/\\\/ppdegalicia.com\\\/es\\\/o-ppdeg-lamenta-a-completa-paralise-no-ano-2016-nas-cidades-gobernadas-polas-mareas\\\/#article\",\"isPartOf\":{\"@id\":\"https:\\\/\\\/ppdegalicia.com\\\/es\\\/o-ppdeg-lamenta-a-completa-paralise-no-ano-2016-nas-cidades-gobernadas-polas-mareas\\\/\"},\"author\":{\"name\":\"Super User\",\"@id\":\"https:\\\/\\\/ppdegalicia.com\\\/es\\\/#\\\/schema\\\/person\\\/d0f013b8388c980665d44009ab762960\"},\"headline\":\"O PPdeG lamenta a \u201ccompleta par\u00e1lise\u201d no ano 2016 nas cidades gobernadas polas Mareas\",\"datePublished\":\"2016-12-29T10:48:40+00:00\",\"mainEntityOfPage\":{\"@id\":\"https:\\\/\\\/ppdegalicia.com\\\/es\\\/o-ppdeg-lamenta-a-completa-paralise-no-ano-2016-nas-cidades-gobernadas-polas-mareas\\\/\"},\"wordCount\":460,\"commentCount\":0,\"publisher\":{\"@id\":\"https:\\\/\\\/ppdegalicia.com\\\/es\\\/#organization\"},\"articleSection\":[\"PP de Galicia\"],\"inLanguage\":\"es\",\"potentialAction\":[{\"@type\":\"CommentAction\",\"name\":\"Comment\",\"target\":[\"https:\\\/\\\/ppdegalicia.com\\\/es\\\/o-ppdeg-lamenta-a-completa-paralise-no-ano-2016-nas-cidades-gobernadas-polas-mareas\\\/#respond\"]}]},{\"@type\":\"WebPage\",\"@id\":\"https:\\\/\\\/ppdegalicia.com\\\/es\\\/o-ppdeg-lamenta-a-completa-paralise-no-ano-2016-nas-cidades-gobernadas-polas-mareas\\\/\",\"url\":\"https:\\\/\\\/ppdegalicia.com\\\/es\\\/o-ppdeg-lamenta-a-completa-paralise-no-ano-2016-nas-cidades-gobernadas-polas-mareas\\\/\",\"name\":\"O PPdeG lamenta a \u201ccompleta par\u00e1lise\u201d no ano 2016 nas cidades gobernadas polas Mareas - PP de Galicia\",\"isPartOf\":{\"@id\":\"https:\\\/\\\/ppdegalicia.com\\\/es\\\/#website\"},\"datePublished\":\"2016-12-29T10:48:40+00:00\",\"breadcrumb\":{\"@id\":\"https:\\\/\\\/ppdegalicia.com\\\/es\\\/o-ppdeg-lamenta-a-completa-paralise-no-ano-2016-nas-cidades-gobernadas-polas-mareas\\\/#breadcrumb\"},\"inLanguage\":\"es\",\"potentialAction\":[{\"@type\":\"ReadAction\",\"target\":[\"https:\\\/\\\/ppdegalicia.com\\\/es\\\/o-ppdeg-lamenta-a-completa-paralise-no-ano-2016-nas-cidades-gobernadas-polas-mareas\\\/\"]}]},{\"@type\":\"BreadcrumbList\",\"@id\":\"https:\\\/\\\/ppdegalicia.com\\\/es\\\/o-ppdeg-lamenta-a-completa-paralise-no-ano-2016-nas-cidades-gobernadas-polas-mareas\\\/#breadcrumb\",\"itemListElement\":[{\"@type\":\"ListItem\",\"position\":1,\"name\":\"Portada\",\"item\":\"https:\\\/\\\/ppdegalicia.com\\\/es\\\/\"},{\"@type\":\"ListItem\",\"position\":2,\"name\":\"O PPdeG lamenta a \u201ccompleta par\u00e1lise\u201d no ano 2016 nas cidades gobernadas polas Mareas\"}]},{\"@type\":\"WebSite\",\"@id\":\"https:\\\/\\\/ppdegalicia.com\\\/es\\\/#website\",\"url\":\"https:\\\/\\\/ppdegalicia.com\\\/es\\\/\",\"name\":\"Partido Popular de Galicia\",\"description\":\"Partido Popular de Galicia\",\"publisher\":{\"@id\":\"https:\\\/\\\/ppdegalicia.com\\\/es\\\/#organization\"},\"alternateName\":\"PP de Galicia\",\"potentialAction\":[{\"@type\":\"SearchAction\",\"target\":{\"@type\":\"EntryPoint\",\"urlTemplate\":\"https:\\\/\\\/ppdegalicia.com\\\/es\\\/?s={search_term_string}\"},\"query-input\":{\"@type\":\"PropertyValueSpecification\",\"valueRequired\":true,\"valueName\":\"search_term_string\"}}],\"inLanguage\":\"es\"},{\"@type\":\"Organization\",\"@id\":\"https:\\\/\\\/ppdegalicia.com\\\/es\\\/#organization\",\"name\":\"Partido Popular de Galicia\",\"alternateName\":\"PP de Galicia\",\"url\":\"https:\\\/\\\/ppdegalicia.com\\\/es\\\/\",\"logo\":{\"@type\":\"ImageObject\",\"inLanguage\":\"es\",\"@id\":\"https:\\\/\\\/ppdegalicia.com\\\/es\\\/#\\\/schema\\\/logo\\\/image\\\/\",\"url\":\"https:\\\/\\\/ppdegalicia.com\\\/wp-content\\\/uploads\\\/2023\\\/04\\\/logoPP512.png\",\"contentUrl\":\"https:\\\/\\\/ppdegalicia.com\\\/wp-content\\\/uploads\\\/2023\\\/04\\\/logoPP512.png\",\"width\":512,\"height\":512,\"caption\":\"Partido Popular de Galicia\"},\"image\":{\"@id\":\"https:\\\/\\\/ppdegalicia.com\\\/es\\\/#\\\/schema\\\/logo\\\/image\\\/\"},\"sameAs\":[\"https:\\\/\\\/www.instagram.com\\\/ppdegalicia\\\/\",\"https:\\\/\\\/x.com\\\/ppdegalicia\",\"https:\\\/\\\/www.tiktok.com\\\/@ppdegalicia\",\"https:\\\/\\\/www.youtube.com\\\/user\\\/ppdegalicia\"]},{\"@type\":\"Person\",\"@id\":\"https:\\\/\\\/ppdegalicia.com\\\/es\\\/#\\\/schema\\\/person\\\/d0f013b8388c980665d44009ab762960\",\"name\":\"Super User\",\"image\":{\"@type\":\"ImageObject\",\"inLanguage\":\"es\",\"@id\":\"https:\\\/\\\/secure.gravatar.com\\\/avatar\\\/1db852625ef4948f58d2739bfbc51e4b9bd5c93b8fa340b59fdb594ca0845645?s=96&d=mm&r=g\",\"url\":\"https:\\\/\\\/secure.gravatar.com\\\/avatar\\\/1db852625ef4948f58d2739bfbc51e4b9bd5c93b8fa340b59fdb594ca0845645?s=96&d=mm&r=g\",\"contentUrl\":\"https:\\\/\\\/secure.gravatar.com\\\/avatar\\\/1db852625ef4948f58d2739bfbc51e4b9bd5c93b8fa340b59fdb594ca0845645?s=96&d=mm&r=g\",\"caption\":\"Super User\"},\"url\":\"https:\\\/\\\/ppdegalicia.com\\\/es\\\/author\\\/ppdegaliciagestion\\\/\"}]}<\/script>\n<!-- \/ Yoast SEO plugin. -->","yoast_head_json":{"title":"O PPdeG lamenta a \u201ccompleta par\u00e1lise\u201d no ano 2016 nas cidades gobernadas polas Mareas - PP de Galicia","robots":{"index":"index","follow":"follow","max-snippet":"max-snippet:-1","max-image-preview":"max-image-preview:large","max-video-preview":"max-video-preview:-1"},"canonical":"https:\/\/ppdegalicia.com\/es\/o-ppdeg-lamenta-a-completa-paralise-no-ano-2016-nas-cidades-gobernadas-polas-mareas\/","og_locale":"es_ES","og_type":"article","og_title":"O PPdeG lamenta a \u201ccompleta par\u00e1lise\u201d no ano 2016 nas cidades gobernadas polas Mareas - PP de Galicia","og_description":"Ferrol, 29 de decembro de 2016.- O secretario xeral do PPdeG, Miguel Tellado, ofreceu este xoves unha rolda de prensa na que lamentou a \u201ccompleta par\u00e1lise\u201d na que se encontraron neste 2016 que est\u00e1 por rematar as cidades gobernadas polas Mareas. As\u00ed, lembrou a incapacidade dos alcaldes de Santiago, A Coru\u00f1a e Ferrol para lograr [&hellip;]","og_url":"https:\/\/ppdegalicia.com\/es\/o-ppdeg-lamenta-a-completa-paralise-no-ano-2016-nas-cidades-gobernadas-polas-mareas\/","og_site_name":"PP de Galicia","article_publisher":"https:\/\/www.instagram.com\/ppdegalicia\/","article_published_time":"2016-12-29T10:48:40+00:00","author":"Super User","twitter_card":"summary_large_image","twitter_creator":"@ppdegalicia","twitter_site":"@ppdegalicia","twitter_misc":{"Escrito por":"Super User","Tiempo de lectura":"2 minutos"},"schema":{"@context":"https:\/\/schema.org","@graph":[{"@type":"Article","@id":"https:\/\/ppdegalicia.com\/es\/o-ppdeg-lamenta-a-completa-paralise-no-ano-2016-nas-cidades-gobernadas-polas-mareas\/#article","isPartOf":{"@id":"https:\/\/ppdegalicia.com\/es\/o-ppdeg-lamenta-a-completa-paralise-no-ano-2016-nas-cidades-gobernadas-polas-mareas\/"},"author":{"name":"Super User","@id":"https:\/\/ppdegalicia.com\/es\/#\/schema\/person\/d0f013b8388c980665d44009ab762960"},"headline":"O PPdeG lamenta a \u201ccompleta par\u00e1lise\u201d no ano 2016 nas cidades gobernadas polas Mareas","datePublished":"2016-12-29T10:48:40+00:00","mainEntityOfPage":{"@id":"https:\/\/ppdegalicia.com\/es\/o-ppdeg-lamenta-a-completa-paralise-no-ano-2016-nas-cidades-gobernadas-polas-mareas\/"},"wordCount":460,"commentCount":0,"publisher":{"@id":"https:\/\/ppdegalicia.com\/es\/#organization"},"articleSection":["PP de Galicia"],"inLanguage":"es","potentialAction":[{"@type":"CommentAction","name":"Comment","target":["https:\/\/ppdegalicia.com\/es\/o-ppdeg-lamenta-a-completa-paralise-no-ano-2016-nas-cidades-gobernadas-polas-mareas\/#respond"]}]},{"@type":"WebPage","@id":"https:\/\/ppdegalicia.com\/es\/o-ppdeg-lamenta-a-completa-paralise-no-ano-2016-nas-cidades-gobernadas-polas-mareas\/","url":"https:\/\/ppdegalicia.com\/es\/o-ppdeg-lamenta-a-completa-paralise-no-ano-2016-nas-cidades-gobernadas-polas-mareas\/","name":"O PPdeG lamenta a \u201ccompleta par\u00e1lise\u201d no ano 2016 nas cidades gobernadas polas Mareas - PP de Galicia","isPartOf":{"@id":"https:\/\/ppdegalicia.com\/es\/#website"},"datePublished":"2016-12-29T10:48:40+00:00","breadcrumb":{"@id":"https:\/\/ppdegalicia.com\/es\/o-ppdeg-lamenta-a-completa-paralise-no-ano-2016-nas-cidades-gobernadas-polas-mareas\/#breadcrumb"},"inLanguage":"es","potentialAction":[{"@type":"ReadAction","target":["https:\/\/ppdegalicia.com\/es\/o-ppdeg-lamenta-a-completa-paralise-no-ano-2016-nas-cidades-gobernadas-polas-mareas\/"]}]},{"@type":"BreadcrumbList","@id":"https:\/\/ppdegalicia.com\/es\/o-ppdeg-lamenta-a-completa-paralise-no-ano-2016-nas-cidades-gobernadas-polas-mareas\/#breadcrumb","itemListElement":[{"@type":"ListItem","position":1,"name":"Portada","item":"https:\/\/ppdegalicia.com\/es\/"},{"@type":"ListItem","position":2,"name":"O PPdeG lamenta a \u201ccompleta par\u00e1lise\u201d no ano 2016 nas cidades gobernadas polas Mareas"}]},{"@type":"WebSite","@id":"https:\/\/ppdegalicia.com\/es\/#website","url":"https:\/\/ppdegalicia.com\/es\/","name":"Partido Popular de Galicia","description":"Partido Popular de Galicia","publisher":{"@id":"https:\/\/ppdegalicia.com\/es\/#organization"},"alternateName":"PP de Galicia","potentialAction":[{"@type":"SearchAction","target":{"@type":"EntryPoint","urlTemplate":"https:\/\/ppdegalicia.com\/es\/?s={search_term_string}"},"query-input":{"@type":"PropertyValueSpecification","valueRequired":true,"valueName":"search_term_string"}}],"inLanguage":"es"},{"@type":"Organization","@id":"https:\/\/ppdegalicia.com\/es\/#organization","name":"Partido Popular de Galicia","alternateName":"PP de Galicia","url":"https:\/\/ppdegalicia.com\/es\/","logo":{"@type":"ImageObject","inLanguage":"es","@id":"https:\/\/ppdegalicia.com\/es\/#\/schema\/logo\/image\/","url":"https:\/\/ppdegalicia.com\/wp-content\/uploads\/2023\/04\/logoPP512.png","contentUrl":"https:\/\/ppdegalicia.com\/wp-content\/uploads\/2023\/04\/logoPP512.png","width":512,"height":512,"caption":"Partido Popular de Galicia"},"image":{"@id":"https:\/\/ppdegalicia.com\/es\/#\/schema\/logo\/image\/"},"sameAs":["https:\/\/www.instagram.com\/ppdegalicia\/","https:\/\/x.com\/ppdegalicia","https:\/\/www.tiktok.com\/@ppdegalicia","https:\/\/www.youtube.com\/user\/ppdegalicia"]},{"@type":"Person","@id":"https:\/\/ppdegalicia.com\/es\/#\/schema\/person\/d0f013b8388c980665d44009ab762960","name":"Super User","image":{"@type":"ImageObject","inLanguage":"es","@id":"https:\/\/secure.gravatar.com\/avatar\/1db852625ef4948f58d2739bfbc51e4b9bd5c93b8fa340b59fdb594ca0845645?s=96&d=mm&r=g","url":"https:\/\/secure.gravatar.com\/avatar\/1db852625ef4948f58d2739bfbc51e4b9bd5c93b8fa340b59fdb594ca0845645?s=96&d=mm&r=g","contentUrl":"https:\/\/secure.gravatar.com\/avatar\/1db852625ef4948f58d2739bfbc51e4b9bd5c93b8fa340b59fdb594ca0845645?s=96&d=mm&r=g","caption":"Super User"},"url":"https:\/\/ppdegalicia.com\/es\/author\/ppdegaliciagestion\/"}]}},"_links":{"self":[{"href":"https:\/\/ppdegalicia.com\/es\/wp-json\/wp\/v2\/posts\/54045","targetHints":{"allow":["GET"]}}],"collection":[{"href":"https:\/\/ppdegalicia.com\/es\/wp-json\/wp\/v2\/posts"}],"about":[{"href":"https:\/\/ppdegalicia.com\/es\/wp-json\/wp\/v2\/types\/post"}],"author":[{"embeddable":true,"href":"https:\/\/ppdegalicia.com\/es\/wp-json\/wp\/v2\/users\/37"}],"replies":[{"embeddable":true,"href":"https:\/\/ppdegalicia.com\/es\/wp-json\/wp\/v2\/comments?post=54045"}],"version-history":[{"count":0,"href":"https:\/\/ppdegalicia.com\/es\/wp-json\/wp\/v2\/posts\/54045\/revisions"}],"wp:attachment":[{"href":"https:\/\/ppdegalicia.com\/es\/wp-json\/wp\/v2\/media?parent=54045"}],"wp:term":[{"taxonomy":"category","embeddable":true,"href":"https:\/\/ppdegalicia.com\/es\/wp-json\/wp\/v2\/categories?post=54045"},{"taxonomy":"post_tag","embeddable":true,"href":"https:\/\/ppdegalicia.com\/es\/wp-json\/wp\/v2\/tags?post=54045"}],"curies":[{"name":"wp","href":"https:\/\/api.w.org\/{rel}","templated":true}]}}