{"id":54048,"date":"2017-01-02T12:20:57","date_gmt":"2017-01-02T10:20:57","guid":{"rendered":"https:\/\/ppdegalicia.com\/o-gpp-pretende-que-os-concellos-con-medidas-provisionais-urbanisticas-presenten-o-borrador-do-novo-pxom-no-prazo-dun-ano\/"},"modified":"2017-01-02T12:20:57","modified_gmt":"2017-01-02T10:20:57","slug":"o-gpp-pretende-que-os-concellos-con-medidas-provisionais-urbanisticas-presenten-o-borrador-do-novo-pxom-no-prazo-dun-ano","status":"publish","type":"post","link":"https:\/\/ppdegalicia.com\/es\/o-gpp-pretende-que-os-concellos-con-medidas-provisionais-urbanisticas-presenten-o-borrador-do-novo-pxom-no-prazo-dun-ano\/","title":{"rendered":"O GPP pretende que os concellos con medidas provisionais urban\u00edsticas presenten o borrador do novo PXOM no prazo dun ano"},"content":{"rendered":"<p>Santiago, 2 de xaneiro de 2017.- O Grupo Popular pretende, a trav\u00e9s de emendas ao proxecto de Lei de medidas fiscais, administrativas e de ordenaci\u00f3n para 2017, que as medidas provisionais de ordenaci\u00f3n urban\u00edstica que aproben os concellos co seu plan xeral anulado xudicialmente se mante\u00f1an en vigor s\u00f3 se estes concellos cumpren o compromiso de ter presentado o borrador da nova ordenaci\u00f3n urban\u00edstica no prazo de un ano, telo aprobado inicialmente en dous anos e telo aprobado provisionalmente en tres anos.<\/p>\n<p><!--more--><\/p>\n<p>&nbsp;<\/p>\n<p>&nbsp;<\/p>\n<p>O obxectivo destas emendas \u00e9 que a aprobaci\u00f3n das medidas de ordenaci\u00f3n provisional sirvan de impulso \u00e1 tramitaci\u00f3n do planeamento, dotando de certeza e seguridade xur\u00eddica \u00e1 cidadan\u00eda e aos operadores no eido urban\u00edstico. Deste xeito, evitarase que se paralice a actividade urban\u00edstica daqueles \u00e1mbitos do municipio que te\u00f1an alcanzado xa un elevado desenvolvemento urban\u00edstico.<\/p>\n<p>&nbsp;<\/p>\n<p>As emendas do Grupo Popular ao t\u00edtulo do proxecto de Lei dedicado \u00e1s medidas provisionais de ordenaci\u00f3n urban\u00edstica buscan reforzar a s\u00faa excepcionalidade e a transparencia. En primeiro lugar, imp\u00f3\u00f1ense uns prazos taxados de tramitaci\u00f3n do novo Plan Xeral como requisito non s\u00f3 para que os concellos poidan aprobar os instrumentos provisionais, sen\u00f3n tam\u00e9n para o mantemento da s\u00faa vixencia. En concreto, os concellos deber\u00e1n cumprir o compromiso de presentar o borrador do novo PXOM no prazo de un ano, telo aprobado inicialmente en dous anos e telo aprobado provisionalmente en tres anos.<\/p>\n<p>&nbsp;<\/p>\n<p>Ademais, o Grupo Popular prop\u00f3n a exclusi\u00f3n deste tr\u00e1mite excepcional da ordenaci\u00f3n correspondente a calquera \u00e1mbito do planeamento anulado que se pretenda recuperar e que necesite dunha avaliaci\u00f3n ambiental estrat\u00e9xica ordinaria; ao tempo que se incorpora a obriga de publicaci\u00f3n destas ordenanzas provisionais.<\/p>\n<p>&nbsp;<\/p>\n<p><strong>FUNCI\u00d3N P\u00daBLICA<\/strong><\/p>\n<p>&nbsp;<\/p>\n<p>Por outra banda, as emendas do Grupo Popular ao proxecto de Lei de medidas clarifican determinados artigos relativos ao r\u00e9xime da funci\u00f3n p\u00fablica en materia de comisi\u00f3ns de servizos ou permisos e blindan legalmente a necesidade de que todo desenvolvemento destes novos artigos que afecte \u00e1s condici\u00f3ns de traballo dos empregados p\u00fablicos deba ser negociado coas organizaci\u00f3ns sindicais.<\/p>\n<p>&nbsp;<\/p>\n<p>Outro dos \u00e1mbitos no que inciden as emendas do Grupo Popular \u00e9 o I+D, mellorando artigos da norma sobre o efecto tractor que o sector p\u00fablico galego debe ter no seu desenvolvemento e na optimizaci\u00f3n da prestaci\u00f3n dos servizos p\u00fablicos.<\/p>\n<p>&nbsp;<\/p>\n<p>En concreto, est\u00e9ndese o \u00e1mbito de aplicaci\u00f3n dun artigo do proxecto de Lei, inicialmente enfocado ao I+D sanitario, a todos os eidos do sector p\u00fablico auton\u00f3mico mediante dous artigos que regular\u00e1n tanto o papel das achegas de fondos privados aos proxectos innovadores liderados pola administraci\u00f3n como o reinvestimento dos beneficios obtidos por eses proxectos no financiamento de novas iniciativas innovadoras.<\/p>\n<p>&nbsp;<\/p>\n<p>Ademais, gar\u00e1ntese que todos os proxectos de I+D encabezados por calquera conseller\u00eda ou ente do sector p\u00fablico auton\u00f3mico deban ser informados pola Axencia Galega de Innovaci\u00f3n (GAIN), coa fin de asegurar a s\u00faa coherencia co Plan galego de investigaci\u00f3n e innovaci\u00f3n e coa Estratexia de especializaci\u00f3n intelixente RIS3.<\/p>\n<p>&nbsp;<\/p>\n<p><strong>TRANSPORTE NO RURAL<\/strong><\/p>\n<p>&nbsp;<\/p>\n<p>Por \u00faltimo, o Grupo Popular emenda o proxecto de Lei de medidas para que as empresas titulares de contratos de xesti\u00f3n de servizos p\u00fablicos de transporte poidan subcontratar a prestaci\u00f3n de servizos con veh\u00edculos de ata nove prazas con taxistas co obxectivo de mellorar o servizo que se presta nas zonas do rural galego.<\/p>\n<p>&nbsp;<\/p>\n<p>Esta emenda recolle o acordo acadado entre representantes dos sectores do autob\u00fas e do taxi, logo da xuntanza mantida coa propia conselleira de Infraestruturas, co obxectivo de garantir unha prestaci\u00f3n do servizo de transporte regular con maior eficiencia e sostenibilidade ambiental ao permitir a utilizaci\u00f3n de veh\u00edculos de menor capacidade que se adapten \u00e1 demanda existente, especialmente nas zonas rurais con baixa densidade de poboaci\u00f3n.<\/p>\n","protected":false},"excerpt":{"rendered":"<p>Santiago, 2 de xaneiro de 2017.- O Grupo Popular pretende, a trav\u00e9s de emendas ao proxecto de Lei de medidas fiscais, administrativas e de ordenaci\u00f3n para 2017, que as medidas provisionais de ordenaci\u00f3n urban\u00edstica que aproben os concellos co seu plan xeral anulado xudicialmente se mante\u00f1an en vigor s\u00f3 se estes concellos cumpren o compromiso [&hellip;]<\/p>\n","protected":false},"author":37,"featured_media":0,"comment_status":"open","ping_status":"open","sticky":false,"template":"","format":"standard","meta":{"_acf_changed":false,"footnotes":""},"categories":[1],"tags":[],"class_list":["post-54048","post","type-post","status-publish","format-standard","hentry","category-pp-de-galicia"],"acf":[],"yoast_head":"<!-- This site is optimized with the Yoast SEO plugin v27.3 - https:\/\/yoast.com\/product\/yoast-seo-wordpress\/ -->\n<title>O GPP pretende que os concellos con medidas provisionais urban\u00edsticas presenten o borrador do novo PXOM no prazo dun ano - PP de Galicia<\/title>\n<meta name=\"robots\" content=\"index, follow, max-snippet:-1, max-image-preview:large, max-video-preview:-1\" \/>\n<link rel=\"canonical\" href=\"https:\/\/ppdegalicia.com\/es\/o-gpp-pretende-que-os-concellos-con-medidas-provisionais-urbanisticas-presenten-o-borrador-do-novo-pxom-no-prazo-dun-ano\/\" \/>\n<meta property=\"og:locale\" content=\"es_ES\" \/>\n<meta property=\"og:type\" content=\"article\" \/>\n<meta property=\"og:title\" content=\"O GPP pretende que os concellos con medidas provisionais urban\u00edsticas presenten o borrador do novo PXOM no prazo dun ano - PP de Galicia\" \/>\n<meta property=\"og:description\" content=\"Santiago, 2 de xaneiro de 2017.- O Grupo Popular pretende, a trav\u00e9s de emendas ao proxecto de Lei de medidas fiscais, administrativas e de ordenaci\u00f3n para 2017, que as medidas provisionais de ordenaci\u00f3n urban\u00edstica que aproben os concellos co seu plan xeral anulado xudicialmente se mante\u00f1an en vigor s\u00f3 se estes concellos cumpren o compromiso [&hellip;]\" \/>\n<meta property=\"og:url\" content=\"https:\/\/ppdegalicia.com\/es\/o-gpp-pretende-que-os-concellos-con-medidas-provisionais-urbanisticas-presenten-o-borrador-do-novo-pxom-no-prazo-dun-ano\/\" \/>\n<meta property=\"og:site_name\" content=\"PP de Galicia\" \/>\n<meta property=\"article:publisher\" content=\"https:\/\/www.instagram.com\/ppdegalicia\/\" \/>\n<meta property=\"article:published_time\" content=\"2017-01-02T10:20:57+00:00\" \/>\n<meta name=\"author\" content=\"Super User\" \/>\n<meta name=\"twitter:card\" content=\"summary_large_image\" \/>\n<meta name=\"twitter:creator\" content=\"@ppdegalicia\" \/>\n<meta name=\"twitter:site\" content=\"@ppdegalicia\" \/>\n<meta name=\"twitter:label1\" content=\"Escrito por\" \/>\n\t<meta name=\"twitter:data1\" content=\"Super User\" \/>\n\t<meta name=\"twitter:label2\" content=\"Tiempo de lectura\" \/>\n\t<meta name=\"twitter:data2\" content=\"3 minutos\" \/>\n<script type=\"application\/ld+json\" class=\"yoast-schema-graph\">{\"@context\":\"https:\\\/\\\/schema.org\",\"@graph\":[{\"@type\":\"Article\",\"@id\":\"https:\\\/\\\/ppdegalicia.com\\\/es\\\/o-gpp-pretende-que-os-concellos-con-medidas-provisionais-urbanisticas-presenten-o-borrador-do-novo-pxom-no-prazo-dun-ano\\\/#article\",\"isPartOf\":{\"@id\":\"https:\\\/\\\/ppdegalicia.com\\\/es\\\/o-gpp-pretende-que-os-concellos-con-medidas-provisionais-urbanisticas-presenten-o-borrador-do-novo-pxom-no-prazo-dun-ano\\\/\"},\"author\":{\"name\":\"Super User\",\"@id\":\"https:\\\/\\\/ppdegalicia.com\\\/es\\\/#\\\/schema\\\/person\\\/d0f013b8388c980665d44009ab762960\"},\"headline\":\"O GPP pretende que os concellos con medidas provisionais urban\u00edsticas presenten o borrador do novo PXOM no prazo dun ano\",\"datePublished\":\"2017-01-02T10:20:57+00:00\",\"mainEntityOfPage\":{\"@id\":\"https:\\\/\\\/ppdegalicia.com\\\/es\\\/o-gpp-pretende-que-os-concellos-con-medidas-provisionais-urbanisticas-presenten-o-borrador-do-novo-pxom-no-prazo-dun-ano\\\/\"},\"wordCount\":702,\"commentCount\":0,\"publisher\":{\"@id\":\"https:\\\/\\\/ppdegalicia.com\\\/es\\\/#organization\"},\"articleSection\":[\"PP de Galicia\"],\"inLanguage\":\"es\",\"potentialAction\":[{\"@type\":\"CommentAction\",\"name\":\"Comment\",\"target\":[\"https:\\\/\\\/ppdegalicia.com\\\/es\\\/o-gpp-pretende-que-os-concellos-con-medidas-provisionais-urbanisticas-presenten-o-borrador-do-novo-pxom-no-prazo-dun-ano\\\/#respond\"]}]},{\"@type\":\"WebPage\",\"@id\":\"https:\\\/\\\/ppdegalicia.com\\\/es\\\/o-gpp-pretende-que-os-concellos-con-medidas-provisionais-urbanisticas-presenten-o-borrador-do-novo-pxom-no-prazo-dun-ano\\\/\",\"url\":\"https:\\\/\\\/ppdegalicia.com\\\/es\\\/o-gpp-pretende-que-os-concellos-con-medidas-provisionais-urbanisticas-presenten-o-borrador-do-novo-pxom-no-prazo-dun-ano\\\/\",\"name\":\"O GPP pretende que os concellos con medidas provisionais urban\u00edsticas presenten o borrador do novo PXOM no prazo dun ano - PP de Galicia\",\"isPartOf\":{\"@id\":\"https:\\\/\\\/ppdegalicia.com\\\/es\\\/#website\"},\"datePublished\":\"2017-01-02T10:20:57+00:00\",\"breadcrumb\":{\"@id\":\"https:\\\/\\\/ppdegalicia.com\\\/es\\\/o-gpp-pretende-que-os-concellos-con-medidas-provisionais-urbanisticas-presenten-o-borrador-do-novo-pxom-no-prazo-dun-ano\\\/#breadcrumb\"},\"inLanguage\":\"es\",\"potentialAction\":[{\"@type\":\"ReadAction\",\"target\":[\"https:\\\/\\\/ppdegalicia.com\\\/es\\\/o-gpp-pretende-que-os-concellos-con-medidas-provisionais-urbanisticas-presenten-o-borrador-do-novo-pxom-no-prazo-dun-ano\\\/\"]}]},{\"@type\":\"BreadcrumbList\",\"@id\":\"https:\\\/\\\/ppdegalicia.com\\\/es\\\/o-gpp-pretende-que-os-concellos-con-medidas-provisionais-urbanisticas-presenten-o-borrador-do-novo-pxom-no-prazo-dun-ano\\\/#breadcrumb\",\"itemListElement\":[{\"@type\":\"ListItem\",\"position\":1,\"name\":\"Portada\",\"item\":\"https:\\\/\\\/ppdegalicia.com\\\/es\\\/\"},{\"@type\":\"ListItem\",\"position\":2,\"name\":\"O GPP pretende que os concellos con medidas provisionais urban\u00edsticas presenten o borrador do novo PXOM no prazo dun ano\"}]},{\"@type\":\"WebSite\",\"@id\":\"https:\\\/\\\/ppdegalicia.com\\\/es\\\/#website\",\"url\":\"https:\\\/\\\/ppdegalicia.com\\\/es\\\/\",\"name\":\"Partido Popular de Galicia\",\"description\":\"Partido Popular de Galicia\",\"publisher\":{\"@id\":\"https:\\\/\\\/ppdegalicia.com\\\/es\\\/#organization\"},\"alternateName\":\"PP de Galicia\",\"potentialAction\":[{\"@type\":\"SearchAction\",\"target\":{\"@type\":\"EntryPoint\",\"urlTemplate\":\"https:\\\/\\\/ppdegalicia.com\\\/es\\\/?s={search_term_string}\"},\"query-input\":{\"@type\":\"PropertyValueSpecification\",\"valueRequired\":true,\"valueName\":\"search_term_string\"}}],\"inLanguage\":\"es\"},{\"@type\":\"Organization\",\"@id\":\"https:\\\/\\\/ppdegalicia.com\\\/es\\\/#organization\",\"name\":\"Partido Popular de Galicia\",\"alternateName\":\"PP de Galicia\",\"url\":\"https:\\\/\\\/ppdegalicia.com\\\/es\\\/\",\"logo\":{\"@type\":\"ImageObject\",\"inLanguage\":\"es\",\"@id\":\"https:\\\/\\\/ppdegalicia.com\\\/es\\\/#\\\/schema\\\/logo\\\/image\\\/\",\"url\":\"https:\\\/\\\/ppdegalicia.com\\\/wp-content\\\/uploads\\\/2023\\\/04\\\/logoPP512.png\",\"contentUrl\":\"https:\\\/\\\/ppdegalicia.com\\\/wp-content\\\/uploads\\\/2023\\\/04\\\/logoPP512.png\",\"width\":512,\"height\":512,\"caption\":\"Partido Popular de Galicia\"},\"image\":{\"@id\":\"https:\\\/\\\/ppdegalicia.com\\\/es\\\/#\\\/schema\\\/logo\\\/image\\\/\"},\"sameAs\":[\"https:\\\/\\\/www.instagram.com\\\/ppdegalicia\\\/\",\"https:\\\/\\\/x.com\\\/ppdegalicia\",\"https:\\\/\\\/www.tiktok.com\\\/@ppdegalicia\",\"https:\\\/\\\/www.youtube.com\\\/user\\\/ppdegalicia\"]},{\"@type\":\"Person\",\"@id\":\"https:\\\/\\\/ppdegalicia.com\\\/es\\\/#\\\/schema\\\/person\\\/d0f013b8388c980665d44009ab762960\",\"name\":\"Super User\",\"image\":{\"@type\":\"ImageObject\",\"inLanguage\":\"es\",\"@id\":\"https:\\\/\\\/secure.gravatar.com\\\/avatar\\\/1db852625ef4948f58d2739bfbc51e4b9bd5c93b8fa340b59fdb594ca0845645?s=96&d=mm&r=g\",\"url\":\"https:\\\/\\\/secure.gravatar.com\\\/avatar\\\/1db852625ef4948f58d2739bfbc51e4b9bd5c93b8fa340b59fdb594ca0845645?s=96&d=mm&r=g\",\"contentUrl\":\"https:\\\/\\\/secure.gravatar.com\\\/avatar\\\/1db852625ef4948f58d2739bfbc51e4b9bd5c93b8fa340b59fdb594ca0845645?s=96&d=mm&r=g\",\"caption\":\"Super User\"},\"url\":\"https:\\\/\\\/ppdegalicia.com\\\/es\\\/author\\\/ppdegaliciagestion\\\/\"}]}<\/script>\n<!-- \/ Yoast SEO plugin. -->","yoast_head_json":{"title":"O GPP pretende que os concellos con medidas provisionais urban\u00edsticas presenten o borrador do novo PXOM no prazo dun ano - PP de Galicia","robots":{"index":"index","follow":"follow","max-snippet":"max-snippet:-1","max-image-preview":"max-image-preview:large","max-video-preview":"max-video-preview:-1"},"canonical":"https:\/\/ppdegalicia.com\/es\/o-gpp-pretende-que-os-concellos-con-medidas-provisionais-urbanisticas-presenten-o-borrador-do-novo-pxom-no-prazo-dun-ano\/","og_locale":"es_ES","og_type":"article","og_title":"O GPP pretende que os concellos con medidas provisionais urban\u00edsticas presenten o borrador do novo PXOM no prazo dun ano - PP de Galicia","og_description":"Santiago, 2 de xaneiro de 2017.- O Grupo Popular pretende, a trav\u00e9s de emendas ao proxecto de Lei de medidas fiscais, administrativas e de ordenaci\u00f3n para 2017, que as medidas provisionais de ordenaci\u00f3n urban\u00edstica que aproben os concellos co seu plan xeral anulado xudicialmente se mante\u00f1an en vigor s\u00f3 se estes concellos cumpren o compromiso [&hellip;]","og_url":"https:\/\/ppdegalicia.com\/es\/o-gpp-pretende-que-os-concellos-con-medidas-provisionais-urbanisticas-presenten-o-borrador-do-novo-pxom-no-prazo-dun-ano\/","og_site_name":"PP de Galicia","article_publisher":"https:\/\/www.instagram.com\/ppdegalicia\/","article_published_time":"2017-01-02T10:20:57+00:00","author":"Super User","twitter_card":"summary_large_image","twitter_creator":"@ppdegalicia","twitter_site":"@ppdegalicia","twitter_misc":{"Escrito por":"Super User","Tiempo de lectura":"3 minutos"},"schema":{"@context":"https:\/\/schema.org","@graph":[{"@type":"Article","@id":"https:\/\/ppdegalicia.com\/es\/o-gpp-pretende-que-os-concellos-con-medidas-provisionais-urbanisticas-presenten-o-borrador-do-novo-pxom-no-prazo-dun-ano\/#article","isPartOf":{"@id":"https:\/\/ppdegalicia.com\/es\/o-gpp-pretende-que-os-concellos-con-medidas-provisionais-urbanisticas-presenten-o-borrador-do-novo-pxom-no-prazo-dun-ano\/"},"author":{"name":"Super User","@id":"https:\/\/ppdegalicia.com\/es\/#\/schema\/person\/d0f013b8388c980665d44009ab762960"},"headline":"O GPP pretende que os concellos con medidas provisionais urban\u00edsticas presenten o borrador do novo PXOM no prazo dun ano","datePublished":"2017-01-02T10:20:57+00:00","mainEntityOfPage":{"@id":"https:\/\/ppdegalicia.com\/es\/o-gpp-pretende-que-os-concellos-con-medidas-provisionais-urbanisticas-presenten-o-borrador-do-novo-pxom-no-prazo-dun-ano\/"},"wordCount":702,"commentCount":0,"publisher":{"@id":"https:\/\/ppdegalicia.com\/es\/#organization"},"articleSection":["PP de Galicia"],"inLanguage":"es","potentialAction":[{"@type":"CommentAction","name":"Comment","target":["https:\/\/ppdegalicia.com\/es\/o-gpp-pretende-que-os-concellos-con-medidas-provisionais-urbanisticas-presenten-o-borrador-do-novo-pxom-no-prazo-dun-ano\/#respond"]}]},{"@type":"WebPage","@id":"https:\/\/ppdegalicia.com\/es\/o-gpp-pretende-que-os-concellos-con-medidas-provisionais-urbanisticas-presenten-o-borrador-do-novo-pxom-no-prazo-dun-ano\/","url":"https:\/\/ppdegalicia.com\/es\/o-gpp-pretende-que-os-concellos-con-medidas-provisionais-urbanisticas-presenten-o-borrador-do-novo-pxom-no-prazo-dun-ano\/","name":"O GPP pretende que os concellos con medidas provisionais urban\u00edsticas presenten o borrador do novo PXOM no prazo dun ano - PP de Galicia","isPartOf":{"@id":"https:\/\/ppdegalicia.com\/es\/#website"},"datePublished":"2017-01-02T10:20:57+00:00","breadcrumb":{"@id":"https:\/\/ppdegalicia.com\/es\/o-gpp-pretende-que-os-concellos-con-medidas-provisionais-urbanisticas-presenten-o-borrador-do-novo-pxom-no-prazo-dun-ano\/#breadcrumb"},"inLanguage":"es","potentialAction":[{"@type":"ReadAction","target":["https:\/\/ppdegalicia.com\/es\/o-gpp-pretende-que-os-concellos-con-medidas-provisionais-urbanisticas-presenten-o-borrador-do-novo-pxom-no-prazo-dun-ano\/"]}]},{"@type":"BreadcrumbList","@id":"https:\/\/ppdegalicia.com\/es\/o-gpp-pretende-que-os-concellos-con-medidas-provisionais-urbanisticas-presenten-o-borrador-do-novo-pxom-no-prazo-dun-ano\/#breadcrumb","itemListElement":[{"@type":"ListItem","position":1,"name":"Portada","item":"https:\/\/ppdegalicia.com\/es\/"},{"@type":"ListItem","position":2,"name":"O GPP pretende que os concellos con medidas provisionais urban\u00edsticas presenten o borrador do novo PXOM no prazo dun ano"}]},{"@type":"WebSite","@id":"https:\/\/ppdegalicia.com\/es\/#website","url":"https:\/\/ppdegalicia.com\/es\/","name":"Partido Popular de Galicia","description":"Partido Popular de Galicia","publisher":{"@id":"https:\/\/ppdegalicia.com\/es\/#organization"},"alternateName":"PP de Galicia","potentialAction":[{"@type":"SearchAction","target":{"@type":"EntryPoint","urlTemplate":"https:\/\/ppdegalicia.com\/es\/?s={search_term_string}"},"query-input":{"@type":"PropertyValueSpecification","valueRequired":true,"valueName":"search_term_string"}}],"inLanguage":"es"},{"@type":"Organization","@id":"https:\/\/ppdegalicia.com\/es\/#organization","name":"Partido Popular de Galicia","alternateName":"PP de Galicia","url":"https:\/\/ppdegalicia.com\/es\/","logo":{"@type":"ImageObject","inLanguage":"es","@id":"https:\/\/ppdegalicia.com\/es\/#\/schema\/logo\/image\/","url":"https:\/\/ppdegalicia.com\/wp-content\/uploads\/2023\/04\/logoPP512.png","contentUrl":"https:\/\/ppdegalicia.com\/wp-content\/uploads\/2023\/04\/logoPP512.png","width":512,"height":512,"caption":"Partido Popular de Galicia"},"image":{"@id":"https:\/\/ppdegalicia.com\/es\/#\/schema\/logo\/image\/"},"sameAs":["https:\/\/www.instagram.com\/ppdegalicia\/","https:\/\/x.com\/ppdegalicia","https:\/\/www.tiktok.com\/@ppdegalicia","https:\/\/www.youtube.com\/user\/ppdegalicia"]},{"@type":"Person","@id":"https:\/\/ppdegalicia.com\/es\/#\/schema\/person\/d0f013b8388c980665d44009ab762960","name":"Super User","image":{"@type":"ImageObject","inLanguage":"es","@id":"https:\/\/secure.gravatar.com\/avatar\/1db852625ef4948f58d2739bfbc51e4b9bd5c93b8fa340b59fdb594ca0845645?s=96&d=mm&r=g","url":"https:\/\/secure.gravatar.com\/avatar\/1db852625ef4948f58d2739bfbc51e4b9bd5c93b8fa340b59fdb594ca0845645?s=96&d=mm&r=g","contentUrl":"https:\/\/secure.gravatar.com\/avatar\/1db852625ef4948f58d2739bfbc51e4b9bd5c93b8fa340b59fdb594ca0845645?s=96&d=mm&r=g","caption":"Super User"},"url":"https:\/\/ppdegalicia.com\/es\/author\/ppdegaliciagestion\/"}]}},"_links":{"self":[{"href":"https:\/\/ppdegalicia.com\/es\/wp-json\/wp\/v2\/posts\/54048","targetHints":{"allow":["GET"]}}],"collection":[{"href":"https:\/\/ppdegalicia.com\/es\/wp-json\/wp\/v2\/posts"}],"about":[{"href":"https:\/\/ppdegalicia.com\/es\/wp-json\/wp\/v2\/types\/post"}],"author":[{"embeddable":true,"href":"https:\/\/ppdegalicia.com\/es\/wp-json\/wp\/v2\/users\/37"}],"replies":[{"embeddable":true,"href":"https:\/\/ppdegalicia.com\/es\/wp-json\/wp\/v2\/comments?post=54048"}],"version-history":[{"count":0,"href":"https:\/\/ppdegalicia.com\/es\/wp-json\/wp\/v2\/posts\/54048\/revisions"}],"wp:attachment":[{"href":"https:\/\/ppdegalicia.com\/es\/wp-json\/wp\/v2\/media?parent=54048"}],"wp:term":[{"taxonomy":"category","embeddable":true,"href":"https:\/\/ppdegalicia.com\/es\/wp-json\/wp\/v2\/categories?post=54048"},{"taxonomy":"post_tag","embeddable":true,"href":"https:\/\/ppdegalicia.com\/es\/wp-json\/wp\/v2\/tags?post=54048"}],"curies":[{"name":"wp","href":"https:\/\/api.w.org\/{rel}","templated":true}]}}