{"id":54152,"date":"2009-11-19T23:20:51","date_gmt":"2009-11-19T21:20:51","guid":{"rendered":"https:\/\/ppdegalicia.com\/encontros-dixitais-alfonso-rueda\/"},"modified":"2009-11-19T23:20:51","modified_gmt":"2009-11-19T21:20:51","slug":"encontros-dixitais-alfonso-rueda","status":"publish","type":"post","link":"https:\/\/ppdegalicia.com\/es\/encontros-dixitais-alfonso-rueda\/","title":{"rendered":"Encontros dixitais ALFONSO RUEDA"},"content":{"rendered":"<table border=\"0\">\n<tbody>\n<tr>\n<td>\n<p><img decoding=\"async\" src=\"images\/stories\/especiales\/digitales1.png\" \/><\/p>\n<\/td>\n<td><a href=\"gl\/encontros.html\"><img decoding=\"async\" style=\"border-width: 0px;\" src=\"images\/stories\/recarga.jpg\" \/><\/a><\/td>\n<\/tr>\n<\/tbody>\n<\/table>\n<p><span style=\"color: #3366ff;\"><br \/><\/span><\/p>\n<p><span style=\"color: #3366ff;\"><strong><span style=\"color: #3366ff;\"><br \/><\/span><\/strong><\/span><\/p>\n<p><span style=\"color: #3366ff;\"><br \/><\/span><\/p>\n<div class=\"Section1\">\n<p style=\"margin-top:7.5pt;margin-right:0cm;margin-bottom:11.25pt; margin-left:0cm;line-height:13.5pt\" class=\"MsoNormal\"><strong><span style=\"font-size:12.0pt; font-family:\"><span style=\"color: #3366ff;\">Pregunta:\u00a0\u00bfCu\u00e1l es su quiniela para las <\/span><span class=\"SpellE\"><span style=\"color: #3366ff;\">Municipais<\/span><\/span><span style=\"color: #3366ff;\"> de 2011 en <\/span><span class=\"SpellE\"><span style=\"color: #3366ff;\">concellos<\/span><\/span><span style=\"color: #3366ff;\">, ciudades y diputaciones? Gracias y saludos. Laura<\/span><\/span><\/strong><span style=\"font-size: 12.0pt;\"><span style=\"color: #3366ff;\"> <\/span><\/span><\/p>\n<p style=\"margin-top:7.5pt;margin-right:0cm;margin-bottom:11.25pt; margin-left:0cm;line-height:13.5pt\" class=\"MsoNormal\"><span class=\"SpellE\"><strong><span style=\"font-size: 12.0pt;\"><span style=\"color: #3366ff;\">Resposta<\/span><\/span><\/strong><\/span><strong><span style=\"font-size: 12.0pt;\"><span style=\"color: #3366ff;\">: <\/span><\/span><\/strong><span style=\"font-size:12.0pt;font-family:\"><span style=\"color: #3366ff;\">Nuestro objetivo es claro: queremos gobernar las cuatro Diputaciones. Lograr la alcald\u00eda de las siete grandes ciudades y ser la fuerza m\u00e1s votada en la pr\u00e1ctica totalidad de los <\/span><span class=\"SpellE\"><span style=\"color: #3366ff;\">concellos<\/span><\/span><span style=\"color: #3366ff;\"> de Galicia.<\/span><\/span><span style=\"font-size: 12.0pt;\"><span style=\"color: #3366ff;\"> <\/span><\/span><\/p>\n<p style=\"margin-top:7.5pt;margin-right:0cm;margin-bottom:11.25pt; margin-left:0cm;line-height:13.5pt\" class=\"MsoNormal\"><span style=\"font-size:12.0pt;font-family: \"><span style=\"color: #3366ff;\">En 2007 fuimos la fuerza mayoritaria en 216 <\/span><span class=\"SpellE\"><span style=\"color: #3366ff;\">concellos<\/span><\/span><span style=\"color: #3366ff;\">, que son casi dos tercios de los 315 que hay en Galicia. Aspiramos a incrementar ese porcentaje.<\/span><\/span><span style=\"font-size: 12.0pt;\"><span style=\"color: #3366ff;\"> <\/span><\/span><\/p>\n<p style=\"margin-top:7.5pt;margin-right:0cm;margin-bottom:11.25pt; margin-left:0cm;line-height:13.5pt\" class=\"MsoNormal\"><span style=\"font-size: 12.0pt;\"><span style=\"color: #3366ff;\">Saludos, Laura<\/span><\/span><span style=\"font-size: 12.0pt;\"><span style=\"color: #3366ff;\"> <\/span><\/span><\/p>\n<p style=\"margin-top:7.5pt;margin-right:0cm;margin-bottom:11.25pt; margin-left:0cm;line-height:13.5pt\" class=\"MsoNormal\"><strong><span style=\"font-size:12.0pt; font-family:\"><span style=\"color: #3366ff;\">Pregunta: \u00bfCando <\/span><span class=\"SpellE\"><span style=\"color: #3366ff;\">teremos<\/span><\/span><span style=\"color: #3366ff;\"> <\/span><span class=\"SpellE\"><span style=\"color: #3366ff;\">unha<\/span><\/span><span style=\"color: #3366ff;\"> <\/span><span class=\"SpellE\"><span style=\"color: #3366ff;\">xesti\u00f3n<\/span><\/span><span style=\"color: #3366ff;\"> eficaz no Sergas? Erasmo<\/span><\/span><\/strong><span style=\"font-size: 12.0pt;\"><span style=\"color: #3366ff;\"> <\/span><\/span><\/p>\n<p style=\"margin-top:7.5pt;margin-right:0cm;margin-bottom:11.25pt; margin-left:0cm;line-height:13.5pt\" class=\"MsoNormal\"><span class=\"SpellE\"><strong><span style=\"font-size: 12.0pt;\"><span style=\"color: #3366ff;\">Resposta<\/span><\/span><\/strong><\/span><strong><span style=\"font-size: 12.0pt;\"><span style=\"color: #3366ff;\">: <\/span><\/span><\/strong><span style=\"font-size:12.0pt;font-family:\"><span style=\"color: #3366ff;\">Hola Erasmo. Como sabes, un dos compromisos do <\/span><span class=\"SpellE\"><span style=\"color: #3366ff;\">PPdeG<\/span><\/span><span style=\"color: #3366ff;\"> <\/span><span class=\"SpellE\"><span style=\"color: #3366ff;\">foi<\/span><\/span><span style=\"color: #3366ff;\"> reducir <\/span><span class=\"SpellE\"><span style=\"color: #3366ff;\">as<\/span><\/span><span style=\"color: #3366ff;\"> listas de espera. Apostamos por <\/span><span class=\"SpellE\"><span style=\"color: #3366ff;\">non<\/span><\/span><span style=\"color: #3366ff;\"> permitir que <\/span><span class=\"SpellE\"><span style=\"color: #3366ff;\">as<\/span><\/span><span style=\"color: #3366ff;\"> consultas m\u00e9dicas se demoren <\/span><span class=\"SpellE\"><span style=\"color: #3366ff;\">m\u00e1is<\/span><\/span><span style=\"color: #3366ff;\"> de 45 d\u00edas e, en <\/span><span class=\"SpellE\"><span style=\"color: #3366ff;\">intervenci\u00f3ns<\/span><\/span><span style=\"color: #3366ff;\"> <\/span><span class=\"SpellE\"><span style=\"color: #3366ff;\">cir\u00farxicas<\/span><\/span><span style=\"color: #3366ff;\">, <\/span><span class=\"SpellE\"><span style=\"color: #3366ff;\">m\u00e1is<\/span><\/span><span style=\"color: #3366ff;\"> de 60.<\/span><\/span><span style=\"font-size: 12.0pt;\"><span style=\"color: #3366ff;\"> <\/span><\/span><\/p>\n<p style=\"margin-top:7.5pt;margin-right:0cm;margin-bottom:11.25pt; margin-left:0cm;line-height:13.5pt\" class=\"MsoNormal\"><span class=\"SpellE\"><span style=\"font-size: 12.0pt;\"><span style=\"color: #3366ff;\">Tam\u00e9n<\/span><\/span><\/span><span style=\"font-size:12.0pt;font-family:\"><span style=\"color: #3366ff;\"> \u00e9 <\/span><span class=\"SpellE\"><span style=\"color: #3366ff;\">certo<\/span><\/span><span style=\"color: #3366ff;\"> que cando <\/span><span class=\"SpellE\"><span style=\"color: #3366ff;\">chegamos<\/span><\/span><span style=\"color: #3366ff;\"> \u00e1 Xunta <\/span><span class=\"SpellE\"><span style=\"color: #3366ff;\">atopamos<\/span><\/span><span style=\"color: #3366ff;\"> os <\/span><span class=\"SpellE\"><span style=\"color: #3366ff;\">caix\u00f3ns<\/span><\/span><span style=\"color: #3366ff;\"> <\/span><span class=\"SpellE\"><span style=\"color: #3366ff;\">cheos<\/span><\/span><span style=\"color: #3366ff;\"> de pacientes que estaban <\/span><span class=\"SpellE\"><span style=\"color: #3366ff;\">fora<\/span><\/span><span style=\"color: #3366ff;\"> das listas de espera <\/span><span class=\"SpellE\"><span style=\"color: #3366ff;\">e<\/span><\/span><span style=\"color: #3366ff;\"> que o bipartito non inclu\u00eda para evitar engordar as <\/span><span class=\"SpellE\"><span style=\"color: #3366ff;\">estat\u00edsticas<\/span><\/span><span style=\"color: #3366ff;\">. A Xunta <\/span><span class=\"SpellE\"><span style=\"color: #3366ff;\">realizou<\/span><\/span><span style=\"color: #3366ff;\"> <\/span><span class=\"SpellE\"><span style=\"color: #3366ff;\">unha<\/span><\/span><span style=\"color: #3366ff;\"> auditor\u00eda para <\/span><span class=\"SpellE\"><span style=\"color: #3366ff;\">co\u00f1ecer<\/span><\/span><span style=\"color: #3366ff;\"> a <\/span><span class=\"SpellE\"><span style=\"color: #3366ff;\">magnitude<\/span><\/span><span style=\"color: #3366ff;\"> do problema como paso previo a <\/span><span class=\"SpellE\"><span style=\"color: #3366ff;\">solucionalo<\/span><\/span><span style=\"color: #3366ff;\">.<\/span><\/span><span style=\"font-size: 12.0pt;\"><span style=\"color: #3366ff;\"> <\/span><\/span><\/p>\n<p style=\"margin-top:7.5pt;margin-right:0cm;margin-bottom:11.25pt; margin-left:0cm;line-height:13.5pt\" class=\"MsoNormal\"><strong><span style=\"font-size:12.0pt; font-family:\"><span style=\"color: #3366ff;\">Pregunta: \u00bfCal \u00e9 raz\u00f3n de que, <\/span><span class=\"SpellE\"><span style=\"color: #3366ff;\">unha<\/span><\/span><span style=\"color: #3366ff;\"> vez <\/span><span class=\"SpellE\"><span style=\"color: #3366ff;\">ga\u00f1adas<\/span><\/span><span style=\"color: #3366ff;\"> as <\/span><span class=\"SpellE\"><span style=\"color: #3366ff;\">elecci\u00f3ns<\/span><\/span><span style=\"color: #3366ff;\"> e, por tanto, en pleno <\/span><span class=\"SpellE\"><span style=\"color: #3366ff;\">exercicio<\/span><\/span><span style=\"color: #3366ff;\"> <\/span><span class=\"SpellE\"><span style=\"color: #3366ff;\">lex\u00edtimo<\/span><\/span><span style=\"color: #3366ff;\"> do poder, o PP de Galicia <\/span><span class=\"SpellE\"><span style=\"color: #3366ff;\">po\u00f1a<\/span><\/span><span style=\"color: #3366ff;\"> en marcha un mecanismo comunicacional que permite as alabanzas pero <\/span><span class=\"SpellE\"><span style=\"color: #3366ff;\">tam\u00e9n<\/span><\/span><span style=\"color: #3366ff;\"> as cr\u00edticas dos <\/span><span class=\"SpellE\"><span style=\"color: #3366ff;\">cidad\u00e1ns<\/span><\/span><span style=\"color: #3366ff;\"> a trav\u00e9s de Internet e que entre no ciberespacio <\/span><span class=\"SpellE\"><span style=\"color: #3366ff;\">sen<\/span><\/span><span style=\"color: #3366ff;\"> ser un partido pol\u00edtico progresista, que \u00e9 o \u00e1mbito pol\u00edtico <\/span><span class=\"SpellE\"><span style=\"color: #3366ff;\">supostamente<\/span><\/span><span style=\"color: #3366ff;\"> <\/span><span class=\"SpellE\"><span style=\"color: #3366ff;\">m\u00e1is<\/span><\/span><span style=\"color: #3366ff;\"> avanzado e <\/span><span class=\"SpellE\"><span style=\"color: #3366ff;\">m\u00e1is<\/span><\/span><span style=\"color: #3366ff;\"> proclive <\/span><span class=\"SpellE\"><span style=\"color: #3366ff;\">\u00e1s<\/span><\/span><span style=\"color: #3366ff;\"> novas <\/span><span class=\"SpellE\"><span style=\"color: #3366ff;\">tecnolox\u00edas<\/span><\/span><span style=\"color: #3366ff;\">? Alberto F.<\/span><\/span><\/strong><span style=\"font-size: 12.0pt;\"><span style=\"color: #3366ff;\"> <\/span><\/span><\/p>\n<p style=\"margin-top:7.5pt;margin-right:0cm;margin-bottom:11.25pt; margin-left:0cm;line-height:13.5pt\" class=\"MsoNormal\"><span class=\"SpellE\"><strong><span style=\"font-size: 12.0pt;\"><span style=\"color: #3366ff;\">Resposta<\/span><\/span><\/strong><\/span><strong><span style=\"font-size: 12.0pt;\"><span style=\"color: #3366ff;\">: <\/span><\/span><\/strong><span style=\"font-size:12.0pt;font-family:\"><span style=\"color: #3366ff;\">\u00c9 habitual que os partidos pol\u00edticos <\/span><span class=\"SpellE\"><span style=\"color: #3366ff;\">s\u00f3<\/span><\/span><span style=\"color: #3366ff;\"> se <\/span><span class=\"SpellE\"><span style=\"color: #3366ff;\">acorden<\/span><\/span><span style=\"color: #3366ff;\"> de acercarse <\/span><span class=\"SpellE\"><span style=\"color: #3366ff;\">\u00f3s<\/span><\/span><span style=\"color: #3366ff;\"> <\/span><span class=\"SpellE\"><span style=\"color: #3366ff;\">cidad\u00e1ns<\/span><\/span><span style=\"color: #3366ff;\"> a trav\u00e9s das novas <\/span><span class=\"SpellE\"><span style=\"color: #3366ff;\">tecnolox\u00edas<\/span><\/span><span style=\"color: #3366ff;\"> en precampa\u00f1a e en campa\u00f1a. <\/span><span class=\"SpellE\"><span style=\"color: #3366ff;\">Sen<\/span><\/span><span style=\"color: #3366ff;\"> embargo, esta iniciativa parte do <\/span><span class=\"SpellE\"><span style=\"color: #3366ff;\">noso<\/span><\/span><span style=\"color: #3366ff;\"> compromiso de <\/span><span class=\"SpellE\"><span style=\"color: #3366ff;\">achegar<\/span><\/span><span style=\"color: #3366ff;\"> o partido <\/span><span class=\"SpellE\"><span style=\"color: #3366ff;\">\u00f3s<\/span><\/span><span style=\"color: #3366ff;\"> <\/span><span class=\"SpellE\"><span style=\"color: #3366ff;\">cidad\u00e1ns<\/span><\/span><span style=\"color: #3366ff;\">.<\/span><\/span><span style=\"font-size: 12.0pt;\"><span style=\"color: #3366ff;\"> <\/span><\/span><\/p>\n<p style=\"margin-top:7.5pt;margin-right:0cm;margin-bottom:11.25pt; margin-left:0cm;line-height:13.5pt\" class=\"MsoNormal\"><span style=\"font-size:12.0pt;font-family: \"><span style=\"color: #3366ff;\">Este non \u00e9 un espacio pensado para recibir cr\u00edticas <\/span><span class=\"SpellE\"><span style=\"color: #3366ff;\">ou<\/span><\/span><span style=\"color: #3366ff;\"> <\/span><span class=\"SpellE\"><span style=\"color: #3366ff;\">loubanzas<\/span><\/span><span style=\"color: #3366ff;\">, <\/span><span class=\"SpellE\"><span style=\"color: #3366ff;\">sen\u00f3n<\/span><\/span><span style=\"color: #3366ff;\"> para <\/span><span class=\"SpellE\"><span style=\"color: #3366ff;\">respostar<\/span><\/span><span style=\"color: #3366ff;\"> a <\/span><span class=\"SpellE\"><span style=\"color: #3366ff;\">d\u00fabidas<\/span><\/span><span style=\"color: #3366ff;\"> <\/span><span class=\"SpellE\"><span style=\"color: #3366ff;\">ou<\/span><\/span><span style=\"color: #3366ff;\"> <\/span><span class=\"SpellE\"><span style=\"color: #3366ff;\">inquedanzas<\/span><\/span><span style=\"color: #3366ff;\"> que os <\/span><span class=\"SpellE\"><span style=\"color: #3366ff;\">galegos<\/span><\/span><span style=\"color: #3366ff;\"> <\/span><span class=\"SpellE\"><span style=\"color: #3366ff;\">poidan<\/span><\/span><span style=\"color: #3366ff;\"> ter. Os partidos somos representantes dos <\/span><span class=\"SpellE\"><span style=\"color: #3366ff;\">cidad\u00e1ns<\/span><\/span><span style=\"color: #3366ff;\"> e esa <\/span><span class=\"SpellE\"><span style=\"color: #3366ff;\">tarefa<\/span><\/span><span style=\"color: #3366ff;\"> <\/span><span class=\"SpellE\"><span style=\"color: #3366ff;\">vai<\/span><\/span><span style=\"color: #3366ff;\"> <\/span><span class=\"SpellE\"><span style=\"color: #3366ff;\">moito<\/span><\/span><span style=\"color: #3366ff;\"> <\/span><span class=\"SpellE\"><span style=\"color: #3366ff;\">m\u00e1is<\/span><\/span><span style=\"color: #3366ff;\"> al\u00f3 de <\/span><span class=\"SpellE\"><span style=\"color: #3366ff;\">recoller<\/span><\/span><span style=\"color: #3366ff;\"> <\/span><span class=\"SpellE\"><span style=\"color: #3366ff;\">unha<\/span><\/span><span style=\"color: #3366ff;\"> acta de diputado <\/span><span class=\"SpellE\"><span style=\"color: #3366ff;\">ou<\/span><\/span><span style=\"color: #3366ff;\"> <\/span><span class=\"SpellE\"><span style=\"color: #3366ff;\">concelleiro<\/span><\/span><span style=\"color: #3366ff;\"> cada <\/span><span class=\"SpellE\"><span style=\"color: #3366ff;\">catro<\/span><\/span><span style=\"color: #3366ff;\"> anos.<\/span><\/span><span style=\"font-size: 12.0pt;\"><span style=\"color: #3366ff;\"> <\/span><\/span><\/p>\n<p style=\"margin-top:7.5pt;margin-right:0cm;margin-bottom:11.25pt; margin-left:0cm;line-height:13.5pt\" class=\"MsoNormal\"><span style=\"font-size:12.0pt;font-family: \"><span style=\"color: #3366ff;\">Queremos ser <\/span><span class=\"SpellE\"><span style=\"color: #3366ff;\">altofalantes<\/span><\/span><span style=\"color: #3366ff;\"> das demandas dos <\/span><span class=\"SpellE\"><span style=\"color: #3366ff;\">cidad\u00e1ns<\/span><\/span><span style=\"color: #3366ff;\">, e qu\u00e9 <\/span><span class=\"SpellE\"><span style=\"color: #3366ff;\">mellor<\/span><\/span><span style=\"color: #3366ff;\"> forma para <\/span><span class=\"SpellE\"><span style=\"color: #3366ff;\">facelo<\/span><\/span><span style=\"color: #3366ff;\"> que <\/span><span class=\"SpellE\"><span style=\"color: #3366ff;\">co\u00f1ecer<\/span><\/span><span style=\"color: #3366ff;\"> esas demandas de <\/span><span class=\"SpellE\"><span style=\"color: #3366ff;\">primeira<\/span><\/span><span style=\"color: #3366ff;\"> <\/span><span class=\"SpellE\"><span style=\"color: #3366ff;\">man<\/span><\/span><span style=\"color: #3366ff;\">.<\/span><\/span><span style=\"font-size: 12.0pt;\"><span style=\"color: #3366ff;\"> <\/span><\/span><\/p>\n<p style=\"margin-top:7.5pt;margin-right:0cm;margin-bottom:11.25pt; margin-left:0cm;line-height:13.5pt\" class=\"MsoNormal\"><span style=\"font-size: 12.0pt;\"><span style=\"color: #3366ff;\">Gracias, Alberto.<\/span><\/span><span style=\"font-size: 12.0pt;\"><span style=\"color: #3366ff;\"> <\/span><\/span><\/p>\n<p style=\"margin-top:7.5pt;margin-right:0cm;margin-bottom:11.25pt; margin-left:0cm;line-height:13.5pt\" class=\"MsoNormal\"><strong><span style=\"font-size:12.0pt; font-family:\"><span style=\"color: #3366ff;\">Pregunta: <\/span><span class=\"SpellE\"><span style=\"color: #3366ff;\">Feij\u00f3o<\/span><\/span><span style=\"color: #3366ff;\">, Barreiro, Miranda y usted son hombres. \u00bfHay sitio para las mujeres en la c\u00fapula del <\/span><span class=\"SpellE\"><span style=\"color: #3366ff;\">PPdeG<\/span><\/span><span style=\"color: #3366ff;\">? Silvia<\/span><\/span><\/strong><span style=\"font-size: 12.0pt;\"><span style=\"color: #3366ff;\"> <\/span><\/span><\/p>\n<p style=\"margin-top:7.5pt;margin-right:0cm;margin-bottom:11.25pt; margin-left:0cm;line-height:13.5pt\" class=\"MsoNormal\"><span class=\"SpellE\"><strong><span style=\"font-size: 12.0pt;\"><span style=\"color: #3366ff;\">Resposta<\/span><\/span><\/strong><\/span><strong><span style=\"font-size: 12.0pt;\"><span style=\"color: #3366ff;\">: <\/span><\/span><\/strong><span style=\"font-size:12.0pt;font-family:\"><span style=\"color: #3366ff;\">En el <\/span><span class=\"SpellE\"><span style=\"color: #3366ff;\">PPdeG<\/span><\/span><span style=\"color: #3366ff;\"> potenciamos la figura de la mujer y facilitamos su acceso a puestos de responsabilidad, pero no pensando en cuotas, como hacen otros partidos, sino porque creemos y estamos convencidos de la capacidad que tienen la inmensa mayor\u00eda de las mujeres.<\/span><\/span><span style=\"font-size: 12.0pt;\"><span style=\"color: #3366ff;\"> <\/span><\/span><\/p>\n<p style=\"margin-top:7.5pt;margin-right:0cm;margin-bottom:11.25pt; margin-left:0cm;line-height:13.5pt\" class=\"MsoNormal\"><span style=\"font-size:12.0pt;font-family: \"><span style=\"color: #3366ff;\">La presidenta del Parlamento de Galicia, Pilar Rojo, es una mujer del <\/span><span class=\"SpellE\"><span style=\"color: #3366ff;\">PPdeG<\/span><\/span><span style=\"color: #3366ff;\">. La vicepresidenta segunda del Congreso de los Diputados, Ana Pastor, es una mujer del <\/span><span class=\"SpellE\"><span style=\"color: #3366ff;\">PPdeG<\/span><\/span><span style=\"color: #3366ff;\">. Somos el \u00fanico partido que ha tenido una presidenta de Comunidad mujer (Esperanza Aguirre). Tambi\u00e9n una mujer del PP fue la primera presidenta del Senado.<\/span><\/span><span style=\"font-size: 12.0pt;\"><span style=\"color: #3366ff;\"> <\/span><\/span><\/p>\n<p style=\"margin-top:7.5pt;margin-right:0cm;margin-bottom:11.25pt; margin-left:0cm;line-height:13.5pt\" class=\"MsoNormal\"><span style=\"font-size: 12.0pt;\"><span style=\"color: #3366ff;\">Por tanto, nuestro compromiso con las mujeres es inequ\u00edvoco y estamos convencidos de que cada vez m\u00e1s ir\u00e1n ocupando puestos de responsabilidad en este partido.<\/span><\/span><span style=\"font-size: 12.0pt;\"><span style=\"color: #3366ff;\"> <\/span><\/span><\/p>\n<p style=\"margin-top:7.5pt;margin-right:0cm;margin-bottom:11.25pt; margin-left:0cm;line-height:13.5pt\" class=\"MsoNormal\"><strong><span style=\"font-size:12.0pt; font-family:\"><span style=\"color: #3366ff;\">Pregunta: <\/span><span class=\"SpellE\"><span style=\"color: #3366ff;\">Bos<\/span><\/span><span style=\"color: #3366ff;\"> d\u00edas Alfonso, non <\/span><span class=\"SpellE\"><span style=\"color: #3366ff;\">sei<\/span><\/span><span style=\"color: #3366ff;\"> <\/span><span class=\"SpellE\"><span style=\"color: #3366ff;\">moi<\/span><\/span><span style=\"color: #3366ff;\"> ben qu\u00e9 <\/span><span class=\"SpellE\"><span style=\"color: #3366ff;\">preguntarlle<\/span><\/span><span style=\"color: #3366ff;\"> <\/span><span class=\"SpellE\"><span style=\"color: #3366ff;\">posto<\/span><\/span><span style=\"color: #3366ff;\"> que <\/span><span class=\"SpellE\"><span style=\"color: #3366ff;\">te\u00f1o<\/span><\/span><span style=\"color: #3366ff;\"> <\/span><span class=\"SpellE\"><span style=\"color: #3366ff;\">moitas<\/span><\/span><span style=\"color: #3366ff;\"> <\/span><span class=\"SpellE\"><span style=\"color: #3366ff;\">cousas<\/span><\/span><span style=\"color: #3366ff;\"> que me gustar\u00eda poder <\/span><span class=\"SpellE\"><span style=\"color: #3366ff;\">falar<\/span><\/span><span style=\"color: #3366ff;\"> con <\/span><span class=\"SpellE\"><span style=\"color: #3366ff;\">vostede<\/span><\/span><span style=\"color: #3366ff;\">, pero <\/span><span class=\"SpellE\"><span style=\"color: #3366ff;\">a\u00ed<\/span><\/span><span style=\"color: #3366ff;\"> <\/span><span class=\"SpellE\"><span style=\"color: #3366ff;\">lle<\/span><\/span><span style=\"color: #3366ff;\"> <\/span><span class=\"SpellE\"><span style=\"color: #3366ff;\">vai<\/span><\/span><span style=\"color: #3366ff;\"> <\/span><span class=\"SpellE\"><span style=\"color: #3366ff;\">unha<\/span><\/span><span style=\"color: #3366ff;\"> f\u00e1cil: <\/span><span class=\"SpellE\"><span style=\"color: #3366ff;\">Te\u00f1en<\/span><\/span><span style=\"color: #3366ff;\"> pensado <\/span><span class=\"SpellE\"><span style=\"color: #3366ff;\">darlle<\/span><\/span><span style=\"color: #3366ff;\"> rango de <\/span><span class=\"SpellE\"><span style=\"color: #3366ff;\">autoridade<\/span><\/span><span style=\"color: #3366ff;\"> <\/span><span class=\"SpellE\"><span style=\"color: #3366ff;\">aos<\/span><\/span><span style=\"color: #3366ff;\"> profesores como <\/span><span class=\"SpellE\"><span style=\"color: #3366ff;\">xa<\/span><\/span><span style=\"color: #3366ff;\"> se <\/span><span class=\"SpellE\"><span style=\"color: #3366ff;\">fixo<\/span><\/span><span style=\"color: #3366ff;\"> <\/span><span class=\"SpellE\"><span style=\"color: #3366ff;\">na<\/span><\/span><span style=\"color: #3366ff;\"> <\/span><span class=\"SpellE\"><span style=\"color: #3366ff;\">Comunidade<\/span><\/span><span style=\"color: #3366ff;\"> de Madrid? Creo que se est\u00e1n a perder valores <\/span><span class=\"SpellE\"><span style=\"color: #3366ff;\">moi<\/span><\/span><span style=\"color: #3366ff;\"> importantes, e o respeto cara <\/span><span class=\"SpellE\"><span style=\"color: #3366ff;\">\u00f3s<\/span><\/span><span style=\"color: #3366ff;\"> <\/span><span class=\"SpellE\"><span style=\"color: #3366ff;\">mestres<\/span><\/span><span style=\"color: #3366ff;\">, cara <\/span><span class=\"SpellE\"><span style=\"color: #3366ff;\">\u00f3s<\/span><\/span><span style=\"color: #3366ff;\"> <\/span><span class=\"SpellE\"><span style=\"color: #3366ff;\">maiores<\/span><\/span><span style=\"color: #3366ff;\"> \u00e9 un dos que <\/span><span class=\"SpellE\"><span style=\"color: #3366ff;\">sempre<\/span><\/span><span style=\"color: #3366ff;\"> deber\u00eda estar presente, creo que esta \u00e9 <\/span><span class=\"SpellE\"><span style=\"color: #3366ff;\">unha<\/span><\/span><span style=\"color: #3366ff;\"> <\/span><span class=\"SpellE\"><span style=\"color: #3366ff;\">moi<\/span><\/span><span style=\"color: #3366ff;\"> boa medida para que as <\/span><span class=\"SpellE\"><span style=\"color: #3366ff;\">nosas<\/span><\/span><span style=\"color: #3366ff;\"> aulas <\/span><span class=\"SpellE\"><span style=\"color: #3366ff;\">sexan<\/span><\/span><span style=\"color: #3366ff;\"> un lugar <\/span><span class=\"SpellE\"><span style=\"color: #3366ff;\">mellor<\/span><\/span><span style=\"color: #3366ff;\"> para os <\/span><span class=\"SpellE\"><span style=\"color: #3366ff;\">nosos<\/span><\/span><span style=\"color: #3366ff;\"> <\/span><span class=\"SpellE\"><span style=\"color: #3366ff;\">nenos<\/span><\/span><span style=\"color: #3366ff;\">, as\u00ed como para todo o profesorado. <\/span><span class=\"SpellE\"><span style=\"color: #3366ff;\">Sa\u00fados<\/span><\/span><span style=\"color: #3366ff;\"> desde <\/span><span class=\"SpellE\"><span style=\"color: #3366ff;\">Pontedeume<\/span><\/span><span style=\"color: #3366ff;\"> e gracias. Gabriel<\/span><\/span><\/strong><span style=\"font-size: 12.0pt;\"><span style=\"color: #3366ff;\"> <\/span><\/span><\/p>\n<p style=\"margin-top:7.5pt;margin-right:0cm;margin-bottom:11.25pt; margin-left:0cm;line-height:13.5pt\" class=\"MsoNormal\"><span class=\"SpellE\"><strong><span style=\"font-size: 12.0pt;\"><span style=\"color: #3366ff;\">Resposta<\/span><\/span><\/strong><\/span><strong><span style=\"font-size: 12.0pt;\"><span style=\"color: #3366ff;\">: <\/span><\/span><\/strong><span style=\"font-size:12.0pt;font-family:\"><span style=\"color: #3366ff;\">Honestamente, a situaci\u00f3n dos profesores \u00e9 <\/span><span class=\"SpellE\"><span style=\"color: #3366ff;\">unha<\/span><\/span><span style=\"color: #3366ff;\"> das <\/span><span class=\"SpellE\"><span style=\"color: #3366ff;\">cuesti\u00f3ns<\/span><\/span><span style=\"color: #3366ff;\"> que <\/span><span class=\"SpellE\"><span style=\"color: #3366ff;\">m\u00e1is<\/span><\/span><span style=\"color: #3366ff;\"> preocupa \u00e1 Xunta a \u00f3 <\/span><span class=\"SpellE\"><span style=\"color: #3366ff;\">PPdeG<\/span><\/span><span style=\"color: #3366ff;\">. Non ten sentido que os <\/span><span class=\"SpellE\"><span style=\"color: #3366ff;\">mestres<\/span><\/span><span style=\"color: #3366ff;\"> <\/span><span class=\"SpellE\"><span style=\"color: #3366ff;\">galegos<\/span><\/span><span style=\"color: #3366ff;\"> que van impartir <\/span><span class=\"SpellE\"><span style=\"color: #3366ff;\">co\u00f1ecementos<\/span><\/span><span style=\"color: #3366ff;\"> <\/span><span class=\"SpellE\"><span style=\"color: #3366ff;\">nas<\/span><\/span><span style=\"color: #3366ff;\"> <\/span><span class=\"SpellE\"><span style=\"color: #3366ff;\">escolas<\/span><\/span><span style=\"color: #3366ff;\"> de Galicia <\/span><span class=\"SpellE\"><span style=\"color: #3366ff;\">te\u00f1an<\/span><\/span><span style=\"color: #3366ff;\"> que enfrontarse en <\/span><span class=\"SpellE\"><span style=\"color: #3366ff;\">ocasi\u00f3ns<\/span><\/span><span style=\"color: #3366ff;\"> a <\/span><span class=\"SpellE\"><span style=\"color: #3366ff;\">situaci\u00f3ns<\/span><\/span><span style=\"color: #3366ff;\"> <\/span><span class=\"SpellE\"><span style=\"color: #3366ff;\">f\u00f3ra<\/span><\/span><span style=\"color: #3366ff;\"> do com\u00fan como insultos <\/span><span class=\"SpellE\"><span style=\"color: #3366ff;\">ou<\/span><\/span><span style=\"color: #3366ff;\"> <\/span><span class=\"SpellE\"><span style=\"color: #3366ff;\">ameazas<\/span><\/span><span style=\"color: #3366ff;\">.<\/span><\/span><span style=\"font-size: 12.0pt;\"><span style=\"color: #3366ff;\"> <\/span><\/span><\/p>\n<p style=\"margin-top:7.5pt;margin-right:0cm;margin-bottom:11.25pt; margin-left:0cm;line-height:13.5pt\" class=\"MsoNormal\"><span style=\"font-size:12.0pt;font-family: \"><span style=\"color: #3366ff;\">As <\/span><span class=\"SpellE\"><span style=\"color: #3366ff;\">soluci\u00f3ns<\/span><\/span><span style=\"color: #3366ff;\"> <\/span><span class=\"SpellE\"><span style=\"color: #3366ff;\">plantexadas<\/span><\/span><span style=\"color: #3366ff;\"> <\/span><span class=\"SpellE\"><span style=\"color: #3366ff;\">pola<\/span><\/span><span style=\"color: #3366ff;\"> <\/span><span class=\"SpellE\"><span style=\"color: #3366ff;\">Comunidade<\/span><\/span><span style=\"color: #3366ff;\"> de Madrid as\u00ed como <\/span><span class=\"SpellE\"><span style=\"color: #3366ff;\">outras<\/span><\/span><span style=\"color: #3366ff;\"> <\/span><span class=\"SpellE\"><span style=\"color: #3366ff;\">moitas<\/span><\/span><span style=\"color: #3366ff;\"> que estamos a <\/span><span class=\"SpellE\"><span style=\"color: #3366ff;\">barallar<\/span><\/span><span style=\"color: #3366ff;\">, <\/span><span class=\"SpellE\"><span style=\"color: #3366ff;\">poder\u00edan<\/span><\/span><span style=\"color: #3366ff;\"> acabar con esta situaci\u00f3n. En todo caso, c\u00f3nstame que a <\/span><span class=\"SpellE\"><span style=\"color: #3366ff;\">Conseller\u00eda<\/span><\/span><span style=\"color: #3366ff;\"> de Educaci\u00f3n est\u00e1 a analizar este asunto e adoptar\u00e1 medidas <\/span><span class=\"SpellE\"><span style=\"color: #3366ff;\">urxentes<\/span><\/span><span style=\"color: #3366ff;\"> para recuperar un respeto <\/span><span class=\"SpellE\"><span style=\"color: #3366ff;\">ao<\/span><\/span><span style=\"color: #3366ff;\"> profesorado que non ti\u00f1a que terse perdido.<\/span><\/span><span style=\"font-size: 12.0pt;\"><span style=\"color: #3366ff;\"> <\/span><\/span><\/p>\n<p style=\"margin-bottom:0cm;margin-bottom:.0001pt;line-height: 13.5pt\" class=\"MsoNormal\"><span style=\"font-size:12.0pt;font-family:\"><span style=\"color: #3366ff;\"> <\/span><\/span><\/p>\n<p style=\"margin-top:7.5pt;margin-right:0cm;margin-bottom:11.25pt; margin-left:0cm;line-height:13.5pt\" class=\"MsoNormal\"><strong><span style=\"font-size:12.0pt; font-family:\"><span style=\"color: #3366ff;\">Pregunta: Felicidades <\/span><span class=\"SpellE\"><span style=\"color: #3366ff;\">pola<\/span><\/span><span style=\"color: #3366ff;\"> nova web, est\u00e1 <\/span><span class=\"SpellE\"><span style=\"color: #3366ff;\">moi<\/span><\/span><span style=\"color: #3366ff;\"> ben. Son de Vigo e <\/span><span class=\"SpellE\"><span style=\"color: #3366ff;\">penso<\/span><\/span><span style=\"color: #3366ff;\"> sinceramente que a nova Xunta se debe volcar coa <\/span><span class=\"SpellE\"><span style=\"color: #3366ff;\">cidade<\/span><\/span><span style=\"color: #3366ff;\"> <\/span><span class=\"SpellE\"><span style=\"color: #3366ff;\">m\u00e1is<\/span><\/span><span style=\"color: #3366ff;\"> importante de Galicia <\/span><span class=\"SpellE\"><span style=\"color: #3366ff;\">a\u00ednda<\/span><\/span><span style=\"color: #3366ff;\"> que <\/span><span class=\"SpellE\"><span style=\"color: #3366ff;\">te\u00f1amos<\/span><\/span><span style=\"color: #3366ff;\"> un alcalde que <\/span><span class=\"SpellE\"><span style=\"color: #3366ff;\">non<\/span><\/span><span style=\"color: #3366ff;\"> merecemos. <\/span><span class=\"SpellE\"><span style=\"color: #3366ff;\">Desexamos<\/span><\/span><span style=\"color: #3366ff;\"> que volva Corina. Cando a van <\/span><span class=\"SpellE\"><span style=\"color: #3366ff;\">propo\u00f1er<\/span><\/span><span style=\"color: #3366ff;\"> de candidata<\/span><span class=\"GramE\"><span style=\"color: #3366ff;\">?<\/span><\/span><span style=\"color: #3366ff;\"> <\/span><span class=\"SpellE\"><span style=\"color: #3366ff;\">Unha<\/span><\/span><span style=\"color: #3366ff;\"> <\/span><span class=\"SpellE\"><span style=\"color: #3366ff;\">aperta<\/span><\/span><span style=\"color: #3366ff;\">. Sito C.<\/span><\/span><\/strong><span style=\"font-size: 12.0pt;\"><span style=\"color: #3366ff;\"> <\/span><\/span><\/p>\n<p style=\"margin-top:7.5pt;margin-right:0cm;margin-bottom:11.25pt; margin-left:0cm;line-height:13.5pt\" class=\"MsoNormal\"><span class=\"SpellE\"><strong><span style=\"font-size: 12.0pt;\"><span style=\"color: #3366ff;\">Resposta<\/span><\/span><\/strong><\/span><strong><span style=\"font-size: 12.0pt;\"><span style=\"color: #3366ff;\">: <\/span><\/span><\/strong><span style=\"font-size:12.0pt;font-family:\"><span style=\"color: #3366ff;\">O <\/span><span class=\"SpellE\"><span style=\"color: #3366ff;\">PPdeG<\/span><\/span><span style=\"color: #3366ff;\"> \u00e9 consciente da importancia da <\/span><span class=\"SpellE\"><span style=\"color: #3366ff;\">cidade<\/span><\/span><span style=\"color: #3366ff;\"> de Vigo. Tanto \u00e9 as\u00ed que \u00f3 <\/span><span class=\"SpellE\"><span style=\"color: #3366ff;\">chegar<\/span><\/span><span style=\"color: #3366ff;\"> \u00e1 Xunta decidimos crear <\/span><span class=\"SpellE\"><span style=\"color: #3366ff;\">unha<\/span><\/span><span style=\"color: #3366ff;\"> delegaci\u00f3n para cada provincia e <\/span><span class=\"SpellE\"><span style=\"color: #3366ff;\">unha<\/span><\/span><span style=\"color: #3366ff;\"> espec\u00edfica para a <\/span><span class=\"SpellE\"><span style=\"color: #3366ff;\">cidade<\/span><\/span><span style=\"color: #3366ff;\"> de Vigo que <\/span><span class=\"SpellE\"><span style=\"color: #3366ff;\">puidera<\/span><\/span><span style=\"color: #3366ff;\"> <\/span><span class=\"SpellE\"><span style=\"color: #3366ff;\">mellorar<\/span><\/span><span style=\"color: #3366ff;\"> a atenci\u00f3n da Xunta <\/span><span class=\"SpellE\"><span style=\"color: #3366ff;\">\u00f3s<\/span><\/span><span style=\"color: #3366ff;\"> <\/span><span class=\"SpellE\"><span style=\"color: #3366ff;\">cidad\u00e1ns<\/span><\/span><span style=\"color: #3366ff;\"> vigueses.<\/span><\/span><span style=\"font-size: 12.0pt;\"><span style=\"color: #3366ff;\"> <\/span><\/span><\/p>\n<p style=\"margin-top:7.5pt;margin-right:0cm;margin-bottom:11.25pt; margin-left:0cm;line-height:13.5pt\" class=\"MsoNormal\"><span style=\"font-size:12.0pt;font-family: \"><span style=\"color: #3366ff;\">En canto <\/span><span class=\"SpellE\"><span style=\"color: #3366ff;\">\u00f3s<\/span><\/span><span style=\"color: #3366ff;\"> candidatos das <\/span><span class=\"SpellE\"><span style=\"color: #3366ff;\">cidades<\/span><\/span><span style=\"color: #3366ff;\">, como sabes, Sito, a selecci\u00f3n dos <\/span><span class=\"SpellE\"><span style=\"color: #3366ff;\">nosos<\/span><\/span><span style=\"color: #3366ff;\"> cabezas de cartel <\/span><span class=\"SpellE\"><span style=\"color: #3366ff;\">ter\u00e1<\/span><\/span><span style=\"color: #3366ff;\"> que esperar un <\/span><span class=\"SpellE\"><span style=\"color: #3366ff;\">pouco<\/span><\/span><span style=\"color: #3366ff;\"> <\/span><span class=\"SpellE\"><span style=\"color: #3366ff;\">m\u00e1is<\/span><\/span><span style=\"color: #3366ff;\">, se <\/span><span class=\"SpellE\"><span style=\"color: #3366ff;\">ben<\/span><\/span><span style=\"color: #3366ff;\"> comparto contigo que Corina <\/span><span class=\"SpellE\"><span style=\"color: #3366ff;\">foi<\/span><\/span><span style=\"color: #3366ff;\"> <\/span><span class=\"SpellE\"><span style=\"color: #3366ff;\">unha<\/span><\/span><span style=\"color: #3366ff;\"> magn\u00edfica candidata e <\/span><span class=\"SpellE\"><span style=\"color: #3366ff;\">unha<\/span><\/span><span style=\"color: #3366ff;\"> magn\u00edfica alcaldesa.<\/span><\/span><span style=\"font-size: 12.0pt;\"><span style=\"color: #3366ff;\"> <\/span><\/span><\/p>\n<p style=\"margin-top:7.5pt;margin-right:0cm;margin-bottom:11.25pt; margin-left:0cm;line-height:13.5pt\" class=\"MsoNormal\"><span style=\"font-size:12.0pt;font-family: \"><span style=\"color: #3366ff;\">Gracias e <\/span><span class=\"SpellE\"><span style=\"color: #3366ff;\">outra<\/span><\/span><span style=\"color: #3366ff;\"> <\/span><span class=\"SpellE\"><span style=\"color: #3366ff;\">aperta<\/span><\/span><span style=\"color: #3366ff;\">, Sito.<\/span><\/span><span style=\"font-size: 12.0pt;\"><span style=\"color: #3366ff;\"> <\/span><\/span><\/p>\n<p style=\"margin-top:7.5pt;margin-right:0cm;margin-bottom:11.25pt; margin-left:0cm;line-height:13.5pt\" class=\"MsoNormal\"><strong><span style=\"font-size: 12.0pt;\"><span style=\"color: #3366ff;\">Pregunta:<\/span><\/span><\/strong><span style=\"font-size:12.0pt;font-family:\"><span style=\"color: #3366ff;\"> <\/span><strong><span style=\"color: #3366ff;\">Un dos motivos polos que o Partido Popular de Galicia <\/span><span class=\"SpellE\"><span style=\"color: #3366ff;\">ga\u00f1ou<\/span><\/span><span style=\"color: #3366ff;\"> as <\/span><span class=\"SpellE\"><span style=\"color: #3366ff;\">elecci\u00f3ns<\/span><\/span><span style=\"color: #3366ff;\"> do 1 de marzo <\/span><span class=\"SpellE\"><span style=\"color: #3366ff;\">foi<\/span><\/span><span style=\"color: #3366ff;\"> a renovaci\u00f3n <\/span><span class=\"SpellE\"><span style=\"color: #3366ff;\">nas<\/span><\/span><span style=\"color: #3366ff;\"> <\/span><span class=\"SpellE\"><span style=\"color: #3366ff;\">s\u00faas<\/span><\/span><span style=\"color: #3366ff;\"> filas, \u00bfpara <\/span><span class=\"SpellE\"><span style=\"color: #3366ff;\">acadar<\/span><\/span><span style=\"color: #3366ff;\"> esas 315 <\/span><span class=\"SpellE\"><span style=\"color: #3366ff;\">maior\u00edas<\/span><\/span><span style=\"color: #3366ff;\"> absolutas no 2011, a pol\u00edtica municipal non <\/span><span class=\"SpellE\"><span style=\"color: #3366ff;\">ter\u00eda<\/span><\/span><span style=\"color: #3366ff;\"> que <\/span><span class=\"SpellE\"><span style=\"color: #3366ff;\">pasarlle<\/span><\/span><span style=\"color: #3366ff;\"> o <\/span><span class=\"SpellE\"><span style=\"color: #3366ff;\">mesmo<\/span><\/span><span style=\"color: #3366ff;\"> e <\/span><span class=\"SpellE\"><span style=\"color: #3366ff;\">deixar<\/span><\/span><span style=\"color: #3366ff;\"> atr\u00e1s <\/span><span class=\"SpellE\"><span style=\"color: #3366ff;\">anclaxes<\/span><\/span><span style=\"color: #3366ff;\"> do pasado? Impulsar <\/span><span class=\"SpellE\"><span style=\"color: #3366ff;\">unha<\/span><\/span><span style=\"color: #3366ff;\"> renovaci\u00f3n dentro das filas do Partido nos <\/span><span class=\"SpellE\"><span style=\"color: #3366ff;\">concellos<\/span><\/span><span style=\"color: #3366ff;\"> <\/span><span class=\"SpellE\"><span style=\"color: #3366ff;\">penso<\/span><\/span><span style=\"color: #3366ff;\"> que \u00e9 a base para que eses resultados se <\/span><span class=\"SpellE\"><span style=\"color: #3366ff;\">cheguen<\/span><\/span><span style=\"color: #3366ff;\"> a producir <\/span><span class=\"SpellE\"><span style=\"color: #3366ff;\">ou<\/span><\/span><span style=\"color: #3366ff;\"> a aproximar, Un <\/span><span class=\"SpellE\"><span style=\"color: #3366ff;\">sa\u00fado<\/span><\/span><span style=\"color: #3366ff;\"> <\/span><span class=\"SpellE\"><span style=\"color: #3366ff;\">moi<\/span><\/span><span style=\"color: #3366ff;\"> <\/span><span class=\"SpellE\"><span style=\"color: #3366ff;\">forte<\/span><\/span><span style=\"color: #3366ff;\">, Miguel B.<\/span><\/strong><\/span><span style=\"font-size: 12.0pt;\"><span style=\"color: #3366ff;\"> <\/span><\/span><\/p>\n<p style=\"margin-top:7.5pt;margin-right:0cm;margin-bottom:11.25pt; margin-left:0cm;line-height:13.5pt\" class=\"MsoNormal\"><span class=\"SpellE\"><strong><span style=\"font-size: 12.0pt;\"><span style=\"color: #3366ff;\">Resposta<\/span><\/span><\/strong><\/span><strong><span style=\"font-size: 12.0pt;\"><span style=\"color: #3366ff;\">: <\/span><\/span><\/strong><span style=\"font-size:12.0pt;font-family:\"><span style=\"color: #3366ff;\">Como sabes, a victoria do 1-M se <\/span><span class=\"SpellE\"><span style=\"color: #3366ff;\">basou<\/span><\/span><span style=\"color: #3366ff;\"> en combinar renovaci\u00f3n con experiencia. <\/span><span class=\"SpellE\"><span style=\"color: #3366ff;\">Hai<\/span><\/span><span style=\"color: #3366ff;\"> activos do partido <\/span><span class=\"SpellE\"><span style=\"color: #3366ff;\">cuxa<\/span><\/span><span style=\"color: #3366ff;\"> experiencia non se pode descartar para <\/span><span class=\"SpellE\"><span style=\"color: #3366ff;\">traballar<\/span><\/span><span style=\"color: #3366ff;\"> <\/span><span class=\"SpellE\"><span style=\"color: #3366ff;\">nun<\/span><\/span><span style=\"color: #3366ff;\"> <\/span><span class=\"SpellE\"><span style=\"color: #3366ff;\">proxecto<\/span><\/span><span style=\"color: #3366ff;\"> como o do <\/span><span class=\"SpellE\"><span style=\"color: #3366ff;\">PPdeG<\/span><\/span><span style=\"color: #3366ff;\">. Nos <\/span><span class=\"SpellE\"><span style=\"color: #3366ff;\">concellos<\/span><\/span><span style=\"color: #3366ff;\"> pasa o <\/span><span class=\"SpellE\"><span style=\"color: #3366ff;\">mesmo<\/span><\/span><span style=\"color: #3366ff;\">, <\/span><span class=\"SpellE\"><span style=\"color: #3366ff;\">haber\u00e1<\/span><\/span><span style=\"color: #3366ff;\"> renovaci\u00f3n pero esta <\/span><span class=\"SpellE\"><span style=\"color: #3366ff;\">levarase<\/span><\/span><span style=\"color: #3366ff;\"> a cabo con prudencia <\/span><span class=\"SpellE\"><span style=\"color: #3366ff;\">e<\/span><\/span><span style=\"color: #3366ff;\"> sensatez.<\/span><\/span><span style=\"font-size: 12.0pt;\"><span style=\"color: #3366ff;\"> <\/span><\/span><\/p>\n<p style=\"margin-top:7.5pt;margin-right:0cm;margin-bottom:11.25pt; margin-left:0cm;line-height:13.5pt\" class=\"MsoNormal\"><span style=\"font-size:12.0pt;font-family: \"><span style=\"color: #3366ff;\">Buscaremos o <\/span><span class=\"SpellE\"><span style=\"color: #3366ff;\">mellor<\/span><\/span><span style=\"color: #3366ff;\"> candidato para cada <\/span><span class=\"SpellE\"><span style=\"color: #3366ff;\">concello<\/span><\/span><span style=\"color: #3366ff;\">, de <\/span><span class=\"SpellE\"><span style=\"color: #3366ff;\">xeito<\/span><\/span><span style=\"color: #3366ff;\"> que <\/span><span class=\"SpellE\"><span style=\"color: #3366ff;\">as<\/span><\/span><span style=\"color: #3366ff;\"> siglas do <\/span><span class=\"SpellE\"><span style=\"color: #3366ff;\">PPdeG<\/span><\/span><span style=\"color: #3366ff;\"> <\/span><span class=\"SpellE\"><span style=\"color: #3366ff;\">estean<\/span><\/span><span style=\"color: #3366ff;\"> representadas nos 315 municipios de Galicia por un equipo de aspirantes a alcalde e <\/span><span class=\"SpellE\"><span style=\"color: #3366ff;\">concelleiro<\/span><\/span><span style=\"color: #3366ff;\"> solvente, preparado, ilusionado e capaz.<\/span><\/span><span style=\"font-size: 12.0pt;\"><span style=\"color: #3366ff;\"> <\/span><\/span><\/p>\n<p style=\"margin-top:7.5pt;margin-right:0cm;margin-bottom:11.25pt; margin-left:0cm;line-height:13.5pt\" class=\"MsoNormal\"><span class=\"SpellE\"><span style=\"font-size: 12.0pt;\"><span style=\"color: #3366ff;\">Sa\u00fados<\/span><\/span><\/span><span style=\"font-size: 12.0pt;\"><span style=\"color: #3366ff;\">, Miguel<\/span><\/span><span style=\"font-size: 12.0pt;\"><span style=\"color: #3366ff;\"> <\/span><\/span><\/p>\n<p style=\"margin-top:7.5pt;margin-right:0cm;margin-bottom:11.25pt; margin-left:0cm;line-height:13.5pt\" class=\"MsoNormal\"><strong><span style=\"font-size:12.0pt; font-family:\"><span style=\"color: #3366ff;\">Pregunta: Buenas. En la clausura de las Jornadas contra la trata de mujeres <\/span><span class=\"SpellE\"><span style=\"color: #3366ff;\">ud.<\/span><\/span><span style=\"color: #3366ff;\"> dijo que iba a hablar en castellano y no en gallego porque hab\u00eda personas de fuera de Galicia. Mi pregunta es: \u00bfel gallego, para qu\u00e9 vale? No ser\u00eda mejor que desaparezca dada su inutilidad y la imposibilidad de comunicarse con otras personas, a no ser que sean gallegas y entiendan el gallego, lo que no siempre se da. Muchas gracias y muchos a\u00f1os de gobierno, que falta hac\u00eda<\/span><span class=\"GramE\"><span style=\"color: #3366ff;\">!<\/span><\/span><span style=\"color: #3366ff;\"> Fernando.<\/span><\/span><\/strong><span style=\"font-size: 12.0pt;\"><span style=\"color: #3366ff;\"> <\/span><\/span><\/p>\n<p style=\"margin-top:7.5pt;margin-right:0cm;margin-bottom:11.25pt; margin-left:0cm;line-height:13.5pt\" class=\"MsoNormal\"><span class=\"SpellE\"><strong><span style=\"font-size: 12.0pt;\"><span style=\"color: #3366ff;\">Resposta<\/span><\/span><\/strong><\/span><strong><span style=\"font-size: 12.0pt;\"><span style=\"color: #3366ff;\">: <\/span><\/span><\/strong><span style=\"font-size: 12.0pt;\"><span style=\"color: #3366ff;\">Lo siento, Fernando, pero en este tema no podemos estar de acuerdo. Ni creo que el gallego llegue a desaparecer, ni creo que el gallego sea in\u00fatil, ni creo que el gallego nos impida comunicarnos.<\/span><\/span><span style=\"font-size: 12.0pt;\"><span style=\"color: #3366ff;\"> <\/span><\/span><\/p>\n<p style=\"margin-top:7.5pt;margin-right:0cm;margin-bottom:11.25pt; margin-left:0cm;line-height:13.5pt\" class=\"MsoNormal\"><span style=\"font-size: 12.0pt;\"><span style=\"color: #3366ff;\">El gallego es patrimonio de Galicia y de sus ciudadanos y, como lengua propia, merece nuestro respeto, nuestro cari\u00f1o y nuestro esfuerzo en aras de su difusi\u00f3n, promoci\u00f3n e implantaci\u00f3n.<\/span><\/span><span style=\"font-size: 12.0pt;\"><span style=\"color: #3366ff;\"> <\/span><\/span><\/p>\n<p style=\"margin-top:7.5pt;margin-right:0cm;margin-bottom:11.25pt; margin-left:0cm;line-height:13.5pt\" class=\"MsoNormal\"><span style=\"font-size:12.0pt;font-family: \"><span style=\"color: #3366ff;\">Otra cuesti\u00f3n diferente es la del camino que escoja cada fuerza pol\u00edtica para lograr este objetivo. Unos apuestan por imponerlo, pero desde luego, nosotros, desde el <\/span><span class=\"SpellE\"><span style=\"color: #3366ff;\">PPdeG<\/span><\/span><span style=\"color: #3366ff;\">, creemos que los tiempos en los que eran los pol\u00edticos los que decid\u00edan la lengua en la que se expresaban los ciudadanos han terminado.<\/span><\/span><span style=\"font-size: 12.0pt;\"><span style=\"color: #3366ff;\"> <\/span><\/span><\/p>\n<p style=\"margin-top:7.5pt;margin-right:0cm;margin-bottom:11.25pt; margin-left:0cm;line-height:13.5pt\" class=\"MsoNormal\"><span style=\"font-size: 12.0pt;\"><span style=\"color: #3366ff;\">Queremos gallego, s\u00ed. Queremos castellano, tambi\u00e9n. Pero sobre todo queremos que vuelva la libertad ling\u00fc\u00edstica a Galicia y que el uso de la lengua impuesto hasta hace unos meses deje de ser motivo de confrontaci\u00f3n entre los ciudadanos.<\/span><\/span><span style=\"font-size: 12.0pt;\"><span style=\"color: #3366ff;\"> <\/span><\/span><\/p>\n<p style=\"margin-top:7.5pt;margin-right:0cm;margin-bottom:11.25pt; margin-left:0cm;line-height:13.5pt\" class=\"MsoNormal\"><span style=\"font-size: 12.0pt;\"><span style=\"color: #3366ff;\">Saludos<\/span><\/span><span style=\"font-size: 12.0pt;\"><span style=\"color: #3366ff;\"> <\/span><\/span><\/p>\n<p style=\"margin-top:7.5pt;margin-right:0cm;margin-bottom:11.25pt; margin-left:0cm;line-height:13.5pt\" class=\"MsoNormal\"><strong><span style=\"font-size:12.0pt; font-family:\"><span style=\"color: #3366ff;\">Pregunta:\u00a0C\u00f3mo <\/span><span class=\"SpellE\"><span style=\"color: #3366ff;\">pensades<\/span><\/span><span style=\"color: #3366ff;\"> resolver os temas <\/span><span class=\"SpellE\"><span style=\"color: #3366ff;\">pendentes<\/span><\/span><span style=\"color: #3366ff;\"> en Vigo? Depuradora, <\/span><span class=\"SpellE\"><span style=\"color: #3366ff;\">Recheos<\/span><\/span><span style=\"color: #3366ff;\"> no Porto, Hospital&#8230; \u00bf<\/span><span class=\"SpellE\"><span style=\"color: #3366ff;\">Teremos<\/span><\/span><span style=\"color: #3366ff;\"> que seguir aturando <\/span><span class=\"SpellE\"><span style=\"color: #3366ff;\">enfrontamentos<\/span><\/span><span style=\"color: #3366ff;\"> continuos entre partidos pol\u00edticos <\/span><span class=\"SpellE\"><span style=\"color: #3366ff;\">neste<\/span><\/span><span style=\"color: #3366ff;\"> Concello? A Xunta deber\u00e1 gobernar para <\/span><span class=\"SpellE\"><span style=\"color: #3366ff;\">t\u00f3dolos<\/span><\/span><span style=\"color: #3366ff;\"> <\/span><span class=\"SpellE\"><span style=\"color: #3366ff;\">cidad\u00e1ns<\/span><\/span><span style=\"color: #3366ff;\"> e RESOLVER estas <\/span><span class=\"SpellE\"><span style=\"color: #3366ff;\">situaci\u00f3ns<\/span><\/span><span style=\"color: #3366ff;\"> <\/span><span class=\"SpellE\"><span style=\"color: #3366ff;\">dun<\/span><\/span><span style=\"color: #3366ff;\"> <\/span><span class=\"SpellE\"><span style=\"color: #3366ff;\">xeito<\/span><\/span><span style=\"color: #3366ff;\"> ELEGANTE<\/span><span class=\"GramE\"><span style=\"color: #3366ff;\">!<\/span><\/span><span style=\"color: #3366ff;\"> Erasmo.<\/span><\/span><\/s\n<\/p>\n","protected":false},"excerpt":{"rendered":"<p>Pregunta:\u00a0\u00bfCu\u00e1l es su quiniela para las Municipais de 2011 en concellos, ciudades y diputaciones? Gracias y saludos. Laura Resposta: Nuestro objetivo es claro: queremos gobernar las cuatro Diputaciones. Lograr la alcald\u00eda de las siete grandes ciudades y ser la fuerza m\u00e1s votada en la pr\u00e1ctica totalidad de los concellos de Galicia. En 2007 fuimos la [&hellip;]<\/p>\n","protected":false},"author":37,"featured_media":0,"comment_status":"open","ping_status":"open","sticky":false,"template":"","format":"standard","meta":{"_acf_changed":false,"footnotes":""},"categories":[2108,1],"tags":[],"class_list":["post-54152","post","type-post","status-publish","format-standard","hentry","category-arquivo","category-pp-de-galicia"],"acf":[],"yoast_head":"<!-- This site is optimized with the Yoast SEO plugin v27.3 - https:\/\/yoast.com\/product\/yoast-seo-wordpress\/ -->\n<title>Encontros dixitais ALFONSO RUEDA - PP de Galicia<\/title>\n<meta name=\"robots\" content=\"index, follow, max-snippet:-1, max-image-preview:large, max-video-preview:-1\" \/>\n<link rel=\"canonical\" href=\"https:\/\/ppdegalicia.com\/es\/encontros-dixitais-alfonso-rueda\/\" \/>\n<meta property=\"og:locale\" content=\"es_ES\" \/>\n<meta property=\"og:type\" content=\"article\" \/>\n<meta property=\"og:title\" content=\"Encontros dixitais ALFONSO RUEDA - PP de Galicia\" \/>\n<meta property=\"og:description\" content=\"Pregunta:\u00a0\u00bfCu\u00e1l es su quiniela para las Municipais de 2011 en concellos, ciudades y diputaciones? Gracias y saludos. Laura Resposta: Nuestro objetivo es claro: queremos gobernar las cuatro Diputaciones. Lograr la alcald\u00eda de las siete grandes ciudades y ser la fuerza m\u00e1s votada en la pr\u00e1ctica totalidad de los concellos de Galicia. En 2007 fuimos la [&hellip;]\" \/>\n<meta property=\"og:url\" content=\"https:\/\/ppdegalicia.com\/es\/encontros-dixitais-alfonso-rueda\/\" \/>\n<meta property=\"og:site_name\" content=\"PP de Galicia\" \/>\n<meta property=\"article:publisher\" content=\"https:\/\/www.instagram.com\/ppdegalicia\/\" \/>\n<meta property=\"article:published_time\" content=\"2009-11-19T21:20:51+00:00\" \/>\n<meta name=\"author\" content=\"Super User\" \/>\n<meta name=\"twitter:card\" content=\"summary_large_image\" \/>\n<meta name=\"twitter:creator\" content=\"@ppdegalicia\" \/>\n<meta name=\"twitter:site\" content=\"@ppdegalicia\" \/>\n<meta name=\"twitter:label1\" content=\"Escrito por\" \/>\n\t<meta name=\"twitter:data1\" content=\"Super User\" \/>\n\t<meta name=\"twitter:label2\" content=\"Tiempo de lectura\" \/>\n\t<meta name=\"twitter:data2\" content=\"7 minutos\" \/>\n<script type=\"application\/ld+json\" class=\"yoast-schema-graph\">{\"@context\":\"https:\\\/\\\/schema.org\",\"@graph\":[{\"@type\":\"Article\",\"@id\":\"https:\\\/\\\/ppdegalicia.com\\\/es\\\/encontros-dixitais-alfonso-rueda\\\/#article\",\"isPartOf\":{\"@id\":\"https:\\\/\\\/ppdegalicia.com\\\/es\\\/encontros-dixitais-alfonso-rueda\\\/\"},\"author\":{\"name\":\"Super User\",\"@id\":\"https:\\\/\\\/ppdegalicia.com\\\/es\\\/#\\\/schema\\\/person\\\/d0f013b8388c980665d44009ab762960\"},\"headline\":\"Encontros dixitais ALFONSO RUEDA\",\"datePublished\":\"2009-11-19T21:20:51+00:00\",\"mainEntityOfPage\":{\"@id\":\"https:\\\/\\\/ppdegalicia.com\\\/es\\\/encontros-dixitais-alfonso-rueda\\\/\"},\"wordCount\":1370,\"commentCount\":0,\"publisher\":{\"@id\":\"https:\\\/\\\/ppdegalicia.com\\\/es\\\/#organization\"},\"articleSection\":[\"Arquivo\",\"PP de Galicia\"],\"inLanguage\":\"es\",\"potentialAction\":[{\"@type\":\"CommentAction\",\"name\":\"Comment\",\"target\":[\"https:\\\/\\\/ppdegalicia.com\\\/es\\\/encontros-dixitais-alfonso-rueda\\\/#respond\"]}]},{\"@type\":\"WebPage\",\"@id\":\"https:\\\/\\\/ppdegalicia.com\\\/es\\\/encontros-dixitais-alfonso-rueda\\\/\",\"url\":\"https:\\\/\\\/ppdegalicia.com\\\/es\\\/encontros-dixitais-alfonso-rueda\\\/\",\"name\":\"Encontros dixitais ALFONSO RUEDA - PP de Galicia\",\"isPartOf\":{\"@id\":\"https:\\\/\\\/ppdegalicia.com\\\/es\\\/#website\"},\"datePublished\":\"2009-11-19T21:20:51+00:00\",\"breadcrumb\":{\"@id\":\"https:\\\/\\\/ppdegalicia.com\\\/es\\\/encontros-dixitais-alfonso-rueda\\\/#breadcrumb\"},\"inLanguage\":\"es\",\"potentialAction\":[{\"@type\":\"ReadAction\",\"target\":[\"https:\\\/\\\/ppdegalicia.com\\\/es\\\/encontros-dixitais-alfonso-rueda\\\/\"]}]},{\"@type\":\"BreadcrumbList\",\"@id\":\"https:\\\/\\\/ppdegalicia.com\\\/es\\\/encontros-dixitais-alfonso-rueda\\\/#breadcrumb\",\"itemListElement\":[{\"@type\":\"ListItem\",\"position\":1,\"name\":\"Portada\",\"item\":\"https:\\\/\\\/ppdegalicia.com\\\/es\\\/\"},{\"@type\":\"ListItem\",\"position\":2,\"name\":\"Encontros dixitais ALFONSO RUEDA\"}]},{\"@type\":\"WebSite\",\"@id\":\"https:\\\/\\\/ppdegalicia.com\\\/es\\\/#website\",\"url\":\"https:\\\/\\\/ppdegalicia.com\\\/es\\\/\",\"name\":\"Partido Popular de Galicia\",\"description\":\"Partido Popular de Galicia\",\"publisher\":{\"@id\":\"https:\\\/\\\/ppdegalicia.com\\\/es\\\/#organization\"},\"alternateName\":\"PP de Galicia\",\"potentialAction\":[{\"@type\":\"SearchAction\",\"target\":{\"@type\":\"EntryPoint\",\"urlTemplate\":\"https:\\\/\\\/ppdegalicia.com\\\/es\\\/?s={search_term_string}\"},\"query-input\":{\"@type\":\"PropertyValueSpecification\",\"valueRequired\":true,\"valueName\":\"search_term_string\"}}],\"inLanguage\":\"es\"},{\"@type\":\"Organization\",\"@id\":\"https:\\\/\\\/ppdegalicia.com\\\/es\\\/#organization\",\"name\":\"Partido Popular de Galicia\",\"alternateName\":\"PP de Galicia\",\"url\":\"https:\\\/\\\/ppdegalicia.com\\\/es\\\/\",\"logo\":{\"@type\":\"ImageObject\",\"inLanguage\":\"es\",\"@id\":\"https:\\\/\\\/ppdegalicia.com\\\/es\\\/#\\\/schema\\\/logo\\\/image\\\/\",\"url\":\"https:\\\/\\\/ppdegalicia.com\\\/wp-content\\\/uploads\\\/2023\\\/04\\\/logoPP512.png\",\"contentUrl\":\"https:\\\/\\\/ppdegalicia.com\\\/wp-content\\\/uploads\\\/2023\\\/04\\\/logoPP512.png\",\"width\":512,\"height\":512,\"caption\":\"Partido Popular de Galicia\"},\"image\":{\"@id\":\"https:\\\/\\\/ppdegalicia.com\\\/es\\\/#\\\/schema\\\/logo\\\/image\\\/\"},\"sameAs\":[\"https:\\\/\\\/www.instagram.com\\\/ppdegalicia\\\/\",\"https:\\\/\\\/x.com\\\/ppdegalicia\",\"https:\\\/\\\/www.tiktok.com\\\/@ppdegalicia\",\"https:\\\/\\\/www.youtube.com\\\/user\\\/ppdegalicia\"]},{\"@type\":\"Person\",\"@id\":\"https:\\\/\\\/ppdegalicia.com\\\/es\\\/#\\\/schema\\\/person\\\/d0f013b8388c980665d44009ab762960\",\"name\":\"Super User\",\"image\":{\"@type\":\"ImageObject\",\"inLanguage\":\"es\",\"@id\":\"https:\\\/\\\/secure.gravatar.com\\\/avatar\\\/1db852625ef4948f58d2739bfbc51e4b9bd5c93b8fa340b59fdb594ca0845645?s=96&d=mm&r=g\",\"url\":\"https:\\\/\\\/secure.gravatar.com\\\/avatar\\\/1db852625ef4948f58d2739bfbc51e4b9bd5c93b8fa340b59fdb594ca0845645?s=96&d=mm&r=g\",\"contentUrl\":\"https:\\\/\\\/secure.gravatar.com\\\/avatar\\\/1db852625ef4948f58d2739bfbc51e4b9bd5c93b8fa340b59fdb594ca0845645?s=96&d=mm&r=g\",\"caption\":\"Super User\"},\"url\":\"https:\\\/\\\/ppdegalicia.com\\\/es\\\/author\\\/ppdegaliciagestion\\\/\"}]}<\/script>\n<!-- \/ Yoast SEO plugin. -->","yoast_head_json":{"title":"Encontros dixitais ALFONSO RUEDA - PP de Galicia","robots":{"index":"index","follow":"follow","max-snippet":"max-snippet:-1","max-image-preview":"max-image-preview:large","max-video-preview":"max-video-preview:-1"},"canonical":"https:\/\/ppdegalicia.com\/es\/encontros-dixitais-alfonso-rueda\/","og_locale":"es_ES","og_type":"article","og_title":"Encontros dixitais ALFONSO RUEDA - PP de Galicia","og_description":"Pregunta:\u00a0\u00bfCu\u00e1l es su quiniela para las Municipais de 2011 en concellos, ciudades y diputaciones? Gracias y saludos. Laura Resposta: Nuestro objetivo es claro: queremos gobernar las cuatro Diputaciones. Lograr la alcald\u00eda de las siete grandes ciudades y ser la fuerza m\u00e1s votada en la pr\u00e1ctica totalidad de los concellos de Galicia. En 2007 fuimos la [&hellip;]","og_url":"https:\/\/ppdegalicia.com\/es\/encontros-dixitais-alfonso-rueda\/","og_site_name":"PP de Galicia","article_publisher":"https:\/\/www.instagram.com\/ppdegalicia\/","article_published_time":"2009-11-19T21:20:51+00:00","author":"Super User","twitter_card":"summary_large_image","twitter_creator":"@ppdegalicia","twitter_site":"@ppdegalicia","twitter_misc":{"Escrito por":"Super User","Tiempo de lectura":"7 minutos"},"schema":{"@context":"https:\/\/schema.org","@graph":[{"@type":"Article","@id":"https:\/\/ppdegalicia.com\/es\/encontros-dixitais-alfonso-rueda\/#article","isPartOf":{"@id":"https:\/\/ppdegalicia.com\/es\/encontros-dixitais-alfonso-rueda\/"},"author":{"name":"Super User","@id":"https:\/\/ppdegalicia.com\/es\/#\/schema\/person\/d0f013b8388c980665d44009ab762960"},"headline":"Encontros dixitais ALFONSO RUEDA","datePublished":"2009-11-19T21:20:51+00:00","mainEntityOfPage":{"@id":"https:\/\/ppdegalicia.com\/es\/encontros-dixitais-alfonso-rueda\/"},"wordCount":1370,"commentCount":0,"publisher":{"@id":"https:\/\/ppdegalicia.com\/es\/#organization"},"articleSection":["Arquivo","PP de Galicia"],"inLanguage":"es","potentialAction":[{"@type":"CommentAction","name":"Comment","target":["https:\/\/ppdegalicia.com\/es\/encontros-dixitais-alfonso-rueda\/#respond"]}]},{"@type":"WebPage","@id":"https:\/\/ppdegalicia.com\/es\/encontros-dixitais-alfonso-rueda\/","url":"https:\/\/ppdegalicia.com\/es\/encontros-dixitais-alfonso-rueda\/","name":"Encontros dixitais ALFONSO RUEDA - PP de Galicia","isPartOf":{"@id":"https:\/\/ppdegalicia.com\/es\/#website"},"datePublished":"2009-11-19T21:20:51+00:00","breadcrumb":{"@id":"https:\/\/ppdegalicia.com\/es\/encontros-dixitais-alfonso-rueda\/#breadcrumb"},"inLanguage":"es","potentialAction":[{"@type":"ReadAction","target":["https:\/\/ppdegalicia.com\/es\/encontros-dixitais-alfonso-rueda\/"]}]},{"@type":"BreadcrumbList","@id":"https:\/\/ppdegalicia.com\/es\/encontros-dixitais-alfonso-rueda\/#breadcrumb","itemListElement":[{"@type":"ListItem","position":1,"name":"Portada","item":"https:\/\/ppdegalicia.com\/es\/"},{"@type":"ListItem","position":2,"name":"Encontros dixitais ALFONSO RUEDA"}]},{"@type":"WebSite","@id":"https:\/\/ppdegalicia.com\/es\/#website","url":"https:\/\/ppdegalicia.com\/es\/","name":"Partido Popular de Galicia","description":"Partido Popular de Galicia","publisher":{"@id":"https:\/\/ppdegalicia.com\/es\/#organization"},"alternateName":"PP de Galicia","potentialAction":[{"@type":"SearchAction","target":{"@type":"EntryPoint","urlTemplate":"https:\/\/ppdegalicia.com\/es\/?s={search_term_string}"},"query-input":{"@type":"PropertyValueSpecification","valueRequired":true,"valueName":"search_term_string"}}],"inLanguage":"es"},{"@type":"Organization","@id":"https:\/\/ppdegalicia.com\/es\/#organization","name":"Partido Popular de Galicia","alternateName":"PP de Galicia","url":"https:\/\/ppdegalicia.com\/es\/","logo":{"@type":"ImageObject","inLanguage":"es","@id":"https:\/\/ppdegalicia.com\/es\/#\/schema\/logo\/image\/","url":"https:\/\/ppdegalicia.com\/wp-content\/uploads\/2023\/04\/logoPP512.png","contentUrl":"https:\/\/ppdegalicia.com\/wp-content\/uploads\/2023\/04\/logoPP512.png","width":512,"height":512,"caption":"Partido Popular de Galicia"},"image":{"@id":"https:\/\/ppdegalicia.com\/es\/#\/schema\/logo\/image\/"},"sameAs":["https:\/\/www.instagram.com\/ppdegalicia\/","https:\/\/x.com\/ppdegalicia","https:\/\/www.tiktok.com\/@ppdegalicia","https:\/\/www.youtube.com\/user\/ppdegalicia"]},{"@type":"Person","@id":"https:\/\/ppdegalicia.com\/es\/#\/schema\/person\/d0f013b8388c980665d44009ab762960","name":"Super User","image":{"@type":"ImageObject","inLanguage":"es","@id":"https:\/\/secure.gravatar.com\/avatar\/1db852625ef4948f58d2739bfbc51e4b9bd5c93b8fa340b59fdb594ca0845645?s=96&d=mm&r=g","url":"https:\/\/secure.gravatar.com\/avatar\/1db852625ef4948f58d2739bfbc51e4b9bd5c93b8fa340b59fdb594ca0845645?s=96&d=mm&r=g","contentUrl":"https:\/\/secure.gravatar.com\/avatar\/1db852625ef4948f58d2739bfbc51e4b9bd5c93b8fa340b59fdb594ca0845645?s=96&d=mm&r=g","caption":"Super User"},"url":"https:\/\/ppdegalicia.com\/es\/author\/ppdegaliciagestion\/"}]}},"_links":{"self":[{"href":"https:\/\/ppdegalicia.com\/es\/wp-json\/wp\/v2\/posts\/54152","targetHints":{"allow":["GET"]}}],"collection":[{"href":"https:\/\/ppdegalicia.com\/es\/wp-json\/wp\/v2\/posts"}],"about":[{"href":"https:\/\/ppdegalicia.com\/es\/wp-json\/wp\/v2\/types\/post"}],"author":[{"embeddable":true,"href":"https:\/\/ppdegalicia.com\/es\/wp-json\/wp\/v2\/users\/37"}],"replies":[{"embeddable":true,"href":"https:\/\/ppdegalicia.com\/es\/wp-json\/wp\/v2\/comments?post=54152"}],"version-history":[{"count":0,"href":"https:\/\/ppdegalicia.com\/es\/wp-json\/wp\/v2\/posts\/54152\/revisions"}],"wp:attachment":[{"href":"https:\/\/ppdegalicia.com\/es\/wp-json\/wp\/v2\/media?parent=54152"}],"wp:term":[{"taxonomy":"category","embeddable":true,"href":"https:\/\/ppdegalicia.com\/es\/wp-json\/wp\/v2\/categories?post=54152"},{"taxonomy":"post_tag","embeddable":true,"href":"https:\/\/ppdegalicia.com\/es\/wp-json\/wp\/v2\/tags?post=54152"}],"curies":[{"name":"wp","href":"https:\/\/api.w.org\/{rel}","templated":true}]}}