{"id":54386,"date":"2020-02-26T23:05:25","date_gmt":"2020-02-26T21:05:25","guid":{"rendered":"https:\/\/ppdegalicia.com\/tellado-mentres-todos-os-partidos-do-multipartito-falan-de-feijoo-o-ppdeg-vai-falar-de-galicia\/"},"modified":"2020-02-26T23:05:25","modified_gmt":"2020-02-26T21:05:25","slug":"tellado-mentres-todos-os-partidos-do-multipartito-falan-de-feijoo-o-ppdeg-vai-falar-de-galicia","status":"publish","type":"post","link":"https:\/\/ppdegalicia.com\/es\/tellado-mentres-todos-os-partidos-do-multipartito-falan-de-feijoo-o-ppdeg-vai-falar-de-galicia\/","title":{"rendered":"Tellado: \u00abMentres todos os partidos do multipartito falan de Feij\u00f3o, o PPdeG vai falar de Galicia\u00bb"},"content":{"rendered":"<p><img fetchpriority=\"high\" decoding=\"async\" class=\" size-full wp-image-54385\" src=\"https:\/\/ppdegalicia.com\/wp-content\/uploads\/2020\/02\/efc265b89682d199367e599a1c4a13d4.jpg\" alt=\"\" width=\"600\" height=\"400\" srcset=\"https:\/\/ppdegalicia.com\/wp-content\/uploads\/2020\/02\/efc265b89682d199367e599a1c4a13d4.jpg 600w, https:\/\/ppdegalicia.com\/wp-content\/uploads\/2020\/02\/efc265b89682d199367e599a1c4a13d4-300x200.jpg 300w\" sizes=\"(max-width: 600px) 100vw, 600px\" \/><\/p>\n<p><span style=\"text-decoration: underline;\">26, febreiro, 2020.<\/span> O secretario xeral dos populares galegos, Miguel Tellado, asegurou que, mentres todos os partidos do multipartito falan de Feij\u00f3o, o PPdeG vai falar da nosa Comunidade: \u201cDa Galicia dos pr\u00f3ximos dez anos, dunha Galicia en positivo, do noso proxecto para unha Galicia que nos ilusiona e nos apaixona, fronte a unha que parece que amarga \u00e1 oposici\u00f3n\u201d<\/p>\n<p><!--more--><\/p>\n<p>Nese senso, lembraba que moitos partidos e moitos l\u00edderes pol\u00edticos est\u00e1n empregando a precampa\u00f1a en falar do l\u00edder do PPdeG. \u201cTodos eles comparten un \u00fanico obxectivo, que \u00e9 que Feij\u00f3o deixe de ser presidente\u201d, dixo resaltando que non te\u00f1en candidato, nin programa nin m\u00e1is proxecto para a nosa Comunidade que o de chegar \u00e1 Xunta a calquera prezo.<\/p>\n<p>\u00a0<\/p>\n<p>Pola s\u00faa parte, afirmou que o PPdeG est\u00e1 m\u00e1is mobilizado, ilusionado e motivado que nunca para acadar o reto da cuarta maior\u00eda absoluta, explicando que os populares est\u00e1n traballando na elaboraci\u00f3n do programa electoral, na organizaci\u00f3n da campa\u00f1a e na habitual axenda de precampa\u00f1a do presidente.<\/p>\n<p>\u00a0<\/p>\n<p>Precisamente no que respecta \u00e1 precampa\u00f1a, manifestou que quer\u00edan que estivese marcada pola proximidade e o contacto do presidente cos galegos que se achegan a el para amosarlle o seu cari\u00f1o e gratitude, darlle \u00e1nimos nas semanas que quedan por diante e tam\u00e9n ideas para o programa electoral.<\/p>\n<p>\u00a0<\/p>\n<p>\u201cA Galicia da vindeira d\u00e9cada constru\u00edmola entre todos, constr\u00faese para todos e tam\u00e9n se constr\u00fae escoitando a aqueles que te\u00f1en algo que dicir\u201d, reco\u00f1eceu expresando que consideran que non hai nada que ilustre m\u00e1is o punto de encontro, a proximidade e a capacidade de sentarse a falar e a escoitar que unha taza -dese\u00f1ada exclusivamente para este fin- e un caf\u00e9, xusto o que queren transmitir nesta precampa\u00f1a.<\/p>\n<p>\u00a0<\/p>\n<p>\u201cQueremos que a xente se achegue ao presidente, que o vexa no seu punto de encontro habitual, no seu concello e que o escoite, pero tam\u00e9n que lle fale e lle amose as s\u00faas inquedanzas. E fac\u00e9molo apostando pola magn\u00edfica artesan\u00eda galega, que demostra que desde a Comunidade tam\u00e9n se pode ser universal\u201d, salientou admitindo que cando din que \u201cGalicia \u00e9 Moito\u201d, ref\u00edrense, sobre todo, \u00e1 nosa xente, \u201c\u00e1 que lle pedimos a s\u00faa confianza e a que nos leva dando todos estes anos a oportunidade de seguir traballando por Galicia\u201d.<\/p>\n<p>\u00a0<\/p>\n<p><strong><span style=\"text-decoration: underline;\">REIVINDICAR O QUE CORRESPONDE AOS GALEGOS<\/span><\/strong><\/p>\n<p>Por outra banda, Tellado falou da nova negativa do Executivo de S\u00e1nchez a reco\u00f1ecer e pagar a d\u00e9beda que mant\u00e9n con Galicia. Como sinalou, onte a senadora Elena Mu\u00f1oz preguntou no Senado \u00e1 ministra de Facenda polos 170 mill\u00f3ns de incentivos por cumprimento do d\u00e9ficit e a resposta foi a de sempre: \u201cO Goberno non quere pagar nin os cartos que lle corresponden aos galegos pola recadaci\u00f3n do IVE nin os cartos que lle corresponden aos galegos por ter unha Xunta que cumpre as regras e que se comporta de xeito leal co Estado\u201d.<\/p>\n<p>\u00a0<\/p>\n<p>\u201cXa sabemos que a este Goberno s\u00f3 lle gusta compracer a aqueles que son desleais co Estado e s\u00f3 lle gusta cumprir cos que incumpren as leis e a Constituci\u00f3n. Pero gustar\u00edanos que, por unha vez, tanto os socialistas galegos, como os seus socios das Mareas de Podemos e do BNG reivindicasen os 370 mill\u00f3ns de euros que son de todos os galegos e lle retirasen o apoio a un Executivo que se ri todos os d\u00edas de Galicia\u201d, aseverou.<\/p>\n<p>\u00a0<\/p>\n<p><strong><span style=\"text-decoration: underline;\">CONMEMORAR UNHA DAS DATAS M\u00c1IS IMPORTANTES<\/span><\/strong><\/p>\n<p>Por \u00faltimo, o secretario xeral avanzou que o PPdeG celebrar\u00e1 o vindeiro 1 de marzo un acto multitudinario con motivo dos 11 anos do primeiro triunfo electoral do presidente. Este evento ter\u00e1 lugar en Ourense e contar\u00e1 coa presenza do presidente Pablo Casado e do presidente Mariano Rajoy.<\/p>\n<p>\u00a0<\/p>\n<p>Tellado subli\u00f1ou que o obxectivo \u00e9 conmemorar unha das datas m\u00e1is importantes da historia recente do partido, xa que o triunfo de 2009 en Galicia foi un paso fundamental para que o PP volvese \u00e1 Moncloa en 2011 e un novo triunfo en 2020 ser\u00eda determinante para que o Partido Popular volva ao Goberno nas vindeiras elecci\u00f3ns.<\/p>\n","protected":false},"excerpt":{"rendered":"<p>26, febreiro, 2020. O secretario xeral dos populares galegos, Miguel Tellado, asegurou que, mentres todos os partidos do multipartito falan de Feij\u00f3o, o PPdeG vai falar da nosa Comunidade: \u201cDa Galicia dos pr\u00f3ximos dez anos, dunha Galicia en positivo, do noso proxecto para unha Galicia que nos ilusiona e nos apaixona, fronte a unha que [&hellip;]<\/p>\n","protected":false},"author":37,"featured_media":54385,"comment_status":"open","ping_status":"open","sticky":false,"template":"","format":"standard","meta":{"_acf_changed":false,"footnotes":""},"categories":[1],"tags":[],"class_list":["post-54386","post","type-post","status-publish","format-standard","has-post-thumbnail","hentry","category-pp-de-galicia"],"acf":[],"yoast_head":"<!-- This site is optimized with the Yoast SEO plugin v27.3 - https:\/\/yoast.com\/product\/yoast-seo-wordpress\/ -->\n<title>Tellado: &quot;Mentres todos os partidos do multipartito falan de Feij\u00f3o, o PPdeG vai falar de Galicia&quot; - PP de Galicia<\/title>\n<meta name=\"robots\" content=\"index, follow, max-snippet:-1, max-image-preview:large, max-video-preview:-1\" \/>\n<link rel=\"canonical\" href=\"https:\/\/ppdegalicia.com\/es\/tellado-mentres-todos-os-partidos-do-multipartito-falan-de-feijoo-o-ppdeg-vai-falar-de-galicia\/\" \/>\n<meta property=\"og:locale\" content=\"es_ES\" \/>\n<meta property=\"og:type\" content=\"article\" \/>\n<meta property=\"og:title\" content=\"Tellado: &quot;Mentres todos os partidos do multipartito falan de Feij\u00f3o, o PPdeG vai falar de Galicia&quot; - PP de Galicia\" \/>\n<meta property=\"og:description\" content=\"26, febreiro, 2020. O secretario xeral dos populares galegos, Miguel Tellado, asegurou que, mentres todos os partidos do multipartito falan de Feij\u00f3o, o PPdeG vai falar da nosa Comunidade: \u201cDa Galicia dos pr\u00f3ximos dez anos, dunha Galicia en positivo, do noso proxecto para unha Galicia que nos ilusiona e nos apaixona, fronte a unha que [&hellip;]\" \/>\n<meta property=\"og:url\" content=\"https:\/\/ppdegalicia.com\/es\/tellado-mentres-todos-os-partidos-do-multipartito-falan-de-feijoo-o-ppdeg-vai-falar-de-galicia\/\" \/>\n<meta property=\"og:site_name\" content=\"PP de Galicia\" \/>\n<meta property=\"article:publisher\" content=\"https:\/\/www.instagram.com\/ppdegalicia\/\" \/>\n<meta property=\"article:published_time\" content=\"2020-02-26T21:05:25+00:00\" \/>\n<meta property=\"og:image\" content=\"https:\/\/ppdegalicia.com\/wp-content\/uploads\/2020\/02\/efc265b89682d199367e599a1c4a13d4.jpg\" \/>\n\t<meta property=\"og:image:width\" content=\"600\" \/>\n\t<meta property=\"og:image:height\" content=\"400\" \/>\n\t<meta property=\"og:image:type\" content=\"image\/jpeg\" \/>\n<meta name=\"author\" content=\"Super User\" \/>\n<meta name=\"twitter:card\" content=\"summary_large_image\" \/>\n<meta name=\"twitter:creator\" content=\"@ppdegalicia\" \/>\n<meta name=\"twitter:site\" content=\"@ppdegalicia\" \/>\n<meta name=\"twitter:label1\" content=\"Escrito por\" \/>\n\t<meta name=\"twitter:data1\" content=\"Super User\" \/>\n\t<meta name=\"twitter:label2\" content=\"Tiempo de lectura\" \/>\n\t<meta name=\"twitter:data2\" content=\"4 minutos\" \/>\n<script type=\"application\/ld+json\" class=\"yoast-schema-graph\">{\"@context\":\"https:\\\/\\\/schema.org\",\"@graph\":[{\"@type\":\"Article\",\"@id\":\"https:\\\/\\\/ppdegalicia.com\\\/es\\\/tellado-mentres-todos-os-partidos-do-multipartito-falan-de-feijoo-o-ppdeg-vai-falar-de-galicia\\\/#article\",\"isPartOf\":{\"@id\":\"https:\\\/\\\/ppdegalicia.com\\\/es\\\/tellado-mentres-todos-os-partidos-do-multipartito-falan-de-feijoo-o-ppdeg-vai-falar-de-galicia\\\/\"},\"author\":{\"name\":\"Super User\",\"@id\":\"https:\\\/\\\/ppdegalicia.com\\\/es\\\/#\\\/schema\\\/person\\\/d0f013b8388c980665d44009ab762960\"},\"headline\":\"Tellado: \u00abMentres todos os partidos do multipartito falan de Feij\u00f3o, o PPdeG vai falar de Galicia\u00bb\",\"datePublished\":\"2020-02-26T21:05:25+00:00\",\"mainEntityOfPage\":{\"@id\":\"https:\\\/\\\/ppdegalicia.com\\\/es\\\/tellado-mentres-todos-os-partidos-do-multipartito-falan-de-feijoo-o-ppdeg-vai-falar-de-galicia\\\/\"},\"wordCount\":718,\"commentCount\":0,\"publisher\":{\"@id\":\"https:\\\/\\\/ppdegalicia.com\\\/es\\\/#organization\"},\"image\":{\"@id\":\"https:\\\/\\\/ppdegalicia.com\\\/es\\\/tellado-mentres-todos-os-partidos-do-multipartito-falan-de-feijoo-o-ppdeg-vai-falar-de-galicia\\\/#primaryimage\"},\"thumbnailUrl\":\"https:\\\/\\\/ppdegalicia.com\\\/wp-content\\\/uploads\\\/2020\\\/02\\\/efc265b89682d199367e599a1c4a13d4.jpg\",\"articleSection\":[\"PP de Galicia\"],\"inLanguage\":\"es\",\"potentialAction\":[{\"@type\":\"CommentAction\",\"name\":\"Comment\",\"target\":[\"https:\\\/\\\/ppdegalicia.com\\\/es\\\/tellado-mentres-todos-os-partidos-do-multipartito-falan-de-feijoo-o-ppdeg-vai-falar-de-galicia\\\/#respond\"]}]},{\"@type\":\"WebPage\",\"@id\":\"https:\\\/\\\/ppdegalicia.com\\\/es\\\/tellado-mentres-todos-os-partidos-do-multipartito-falan-de-feijoo-o-ppdeg-vai-falar-de-galicia\\\/\",\"url\":\"https:\\\/\\\/ppdegalicia.com\\\/es\\\/tellado-mentres-todos-os-partidos-do-multipartito-falan-de-feijoo-o-ppdeg-vai-falar-de-galicia\\\/\",\"name\":\"Tellado: \\\"Mentres todos os partidos do multipartito falan de Feij\u00f3o, o PPdeG vai falar de Galicia\\\" - PP de Galicia\",\"isPartOf\":{\"@id\":\"https:\\\/\\\/ppdegalicia.com\\\/es\\\/#website\"},\"primaryImageOfPage\":{\"@id\":\"https:\\\/\\\/ppdegalicia.com\\\/es\\\/tellado-mentres-todos-os-partidos-do-multipartito-falan-de-feijoo-o-ppdeg-vai-falar-de-galicia\\\/#primaryimage\"},\"image\":{\"@id\":\"https:\\\/\\\/ppdegalicia.com\\\/es\\\/tellado-mentres-todos-os-partidos-do-multipartito-falan-de-feijoo-o-ppdeg-vai-falar-de-galicia\\\/#primaryimage\"},\"thumbnailUrl\":\"https:\\\/\\\/ppdegalicia.com\\\/wp-content\\\/uploads\\\/2020\\\/02\\\/efc265b89682d199367e599a1c4a13d4.jpg\",\"datePublished\":\"2020-02-26T21:05:25+00:00\",\"breadcrumb\":{\"@id\":\"https:\\\/\\\/ppdegalicia.com\\\/es\\\/tellado-mentres-todos-os-partidos-do-multipartito-falan-de-feijoo-o-ppdeg-vai-falar-de-galicia\\\/#breadcrumb\"},\"inLanguage\":\"es\",\"potentialAction\":[{\"@type\":\"ReadAction\",\"target\":[\"https:\\\/\\\/ppdegalicia.com\\\/es\\\/tellado-mentres-todos-os-partidos-do-multipartito-falan-de-feijoo-o-ppdeg-vai-falar-de-galicia\\\/\"]}]},{\"@type\":\"ImageObject\",\"inLanguage\":\"es\",\"@id\":\"https:\\\/\\\/ppdegalicia.com\\\/es\\\/tellado-mentres-todos-os-partidos-do-multipartito-falan-de-feijoo-o-ppdeg-vai-falar-de-galicia\\\/#primaryimage\",\"url\":\"https:\\\/\\\/ppdegalicia.com\\\/wp-content\\\/uploads\\\/2020\\\/02\\\/efc265b89682d199367e599a1c4a13d4.jpg\",\"contentUrl\":\"https:\\\/\\\/ppdegalicia.com\\\/wp-content\\\/uploads\\\/2020\\\/02\\\/efc265b89682d199367e599a1c4a13d4.jpg\",\"width\":600,\"height\":400},{\"@type\":\"BreadcrumbList\",\"@id\":\"https:\\\/\\\/ppdegalicia.com\\\/es\\\/tellado-mentres-todos-os-partidos-do-multipartito-falan-de-feijoo-o-ppdeg-vai-falar-de-galicia\\\/#breadcrumb\",\"itemListElement\":[{\"@type\":\"ListItem\",\"position\":1,\"name\":\"Portada\",\"item\":\"https:\\\/\\\/ppdegalicia.com\\\/es\\\/\"},{\"@type\":\"ListItem\",\"position\":2,\"name\":\"Tellado: &#8220;Mentres todos os partidos do multipartito falan de Feij\u00f3o, o PPdeG vai falar de Galicia&#8221;\"}]},{\"@type\":\"WebSite\",\"@id\":\"https:\\\/\\\/ppdegalicia.com\\\/es\\\/#website\",\"url\":\"https:\\\/\\\/ppdegalicia.com\\\/es\\\/\",\"name\":\"Partido Popular de Galicia\",\"description\":\"Partido Popular de Galicia\",\"publisher\":{\"@id\":\"https:\\\/\\\/ppdegalicia.com\\\/es\\\/#organization\"},\"alternateName\":\"PP de Galicia\",\"potentialAction\":[{\"@type\":\"SearchAction\",\"target\":{\"@type\":\"EntryPoint\",\"urlTemplate\":\"https:\\\/\\\/ppdegalicia.com\\\/es\\\/?s={search_term_string}\"},\"query-input\":{\"@type\":\"PropertyValueSpecification\",\"valueRequired\":true,\"valueName\":\"search_term_string\"}}],\"inLanguage\":\"es\"},{\"@type\":\"Organization\",\"@id\":\"https:\\\/\\\/ppdegalicia.com\\\/es\\\/#organization\",\"name\":\"Partido Popular de Galicia\",\"alternateName\":\"PP de Galicia\",\"url\":\"https:\\\/\\\/ppdegalicia.com\\\/es\\\/\",\"logo\":{\"@type\":\"ImageObject\",\"inLanguage\":\"es\",\"@id\":\"https:\\\/\\\/ppdegalicia.com\\\/es\\\/#\\\/schema\\\/logo\\\/image\\\/\",\"url\":\"https:\\\/\\\/ppdegalicia.com\\\/wp-content\\\/uploads\\\/2023\\\/04\\\/logoPP512.png\",\"contentUrl\":\"https:\\\/\\\/ppdegalicia.com\\\/wp-content\\\/uploads\\\/2023\\\/04\\\/logoPP512.png\",\"width\":512,\"height\":512,\"caption\":\"Partido Popular de Galicia\"},\"image\":{\"@id\":\"https:\\\/\\\/ppdegalicia.com\\\/es\\\/#\\\/schema\\\/logo\\\/image\\\/\"},\"sameAs\":[\"https:\\\/\\\/www.instagram.com\\\/ppdegalicia\\\/\",\"https:\\\/\\\/x.com\\\/ppdegalicia\",\"https:\\\/\\\/www.tiktok.com\\\/@ppdegalicia\",\"https:\\\/\\\/www.youtube.com\\\/user\\\/ppdegalicia\"]},{\"@type\":\"Person\",\"@id\":\"https:\\\/\\\/ppdegalicia.com\\\/es\\\/#\\\/schema\\\/person\\\/d0f013b8388c980665d44009ab762960\",\"name\":\"Super User\",\"image\":{\"@type\":\"ImageObject\",\"inLanguage\":\"es\",\"@id\":\"https:\\\/\\\/secure.gravatar.com\\\/avatar\\\/1db852625ef4948f58d2739bfbc51e4b9bd5c93b8fa340b59fdb594ca0845645?s=96&d=mm&r=g\",\"url\":\"https:\\\/\\\/secure.gravatar.com\\\/avatar\\\/1db852625ef4948f58d2739bfbc51e4b9bd5c93b8fa340b59fdb594ca0845645?s=96&d=mm&r=g\",\"contentUrl\":\"https:\\\/\\\/secure.gravatar.com\\\/avatar\\\/1db852625ef4948f58d2739bfbc51e4b9bd5c93b8fa340b59fdb594ca0845645?s=96&d=mm&r=g\",\"caption\":\"Super User\"},\"url\":\"https:\\\/\\\/ppdegalicia.com\\\/es\\\/author\\\/ppdegaliciagestion\\\/\"}]}<\/script>\n<!-- \/ Yoast SEO plugin. -->","yoast_head_json":{"title":"Tellado: \"Mentres todos os partidos do multipartito falan de Feij\u00f3o, o PPdeG vai falar de Galicia\" - PP de Galicia","robots":{"index":"index","follow":"follow","max-snippet":"max-snippet:-1","max-image-preview":"max-image-preview:large","max-video-preview":"max-video-preview:-1"},"canonical":"https:\/\/ppdegalicia.com\/es\/tellado-mentres-todos-os-partidos-do-multipartito-falan-de-feijoo-o-ppdeg-vai-falar-de-galicia\/","og_locale":"es_ES","og_type":"article","og_title":"Tellado: \"Mentres todos os partidos do multipartito falan de Feij\u00f3o, o PPdeG vai falar de Galicia\" - PP de Galicia","og_description":"26, febreiro, 2020. O secretario xeral dos populares galegos, Miguel Tellado, asegurou que, mentres todos os partidos do multipartito falan de Feij\u00f3o, o PPdeG vai falar da nosa Comunidade: \u201cDa Galicia dos pr\u00f3ximos dez anos, dunha Galicia en positivo, do noso proxecto para unha Galicia que nos ilusiona e nos apaixona, fronte a unha que [&hellip;]","og_url":"https:\/\/ppdegalicia.com\/es\/tellado-mentres-todos-os-partidos-do-multipartito-falan-de-feijoo-o-ppdeg-vai-falar-de-galicia\/","og_site_name":"PP de Galicia","article_publisher":"https:\/\/www.instagram.com\/ppdegalicia\/","article_published_time":"2020-02-26T21:05:25+00:00","og_image":[{"width":600,"height":400,"url":"https:\/\/ppdegalicia.com\/wp-content\/uploads\/2020\/02\/efc265b89682d199367e599a1c4a13d4.jpg","type":"image\/jpeg"}],"author":"Super User","twitter_card":"summary_large_image","twitter_creator":"@ppdegalicia","twitter_site":"@ppdegalicia","twitter_misc":{"Escrito por":"Super User","Tiempo de lectura":"4 minutos"},"schema":{"@context":"https:\/\/schema.org","@graph":[{"@type":"Article","@id":"https:\/\/ppdegalicia.com\/es\/tellado-mentres-todos-os-partidos-do-multipartito-falan-de-feijoo-o-ppdeg-vai-falar-de-galicia\/#article","isPartOf":{"@id":"https:\/\/ppdegalicia.com\/es\/tellado-mentres-todos-os-partidos-do-multipartito-falan-de-feijoo-o-ppdeg-vai-falar-de-galicia\/"},"author":{"name":"Super User","@id":"https:\/\/ppdegalicia.com\/es\/#\/schema\/person\/d0f013b8388c980665d44009ab762960"},"headline":"Tellado: \u00abMentres todos os partidos do multipartito falan de Feij\u00f3o, o PPdeG vai falar de Galicia\u00bb","datePublished":"2020-02-26T21:05:25+00:00","mainEntityOfPage":{"@id":"https:\/\/ppdegalicia.com\/es\/tellado-mentres-todos-os-partidos-do-multipartito-falan-de-feijoo-o-ppdeg-vai-falar-de-galicia\/"},"wordCount":718,"commentCount":0,"publisher":{"@id":"https:\/\/ppdegalicia.com\/es\/#organization"},"image":{"@id":"https:\/\/ppdegalicia.com\/es\/tellado-mentres-todos-os-partidos-do-multipartito-falan-de-feijoo-o-ppdeg-vai-falar-de-galicia\/#primaryimage"},"thumbnailUrl":"https:\/\/ppdegalicia.com\/wp-content\/uploads\/2020\/02\/efc265b89682d199367e599a1c4a13d4.jpg","articleSection":["PP de Galicia"],"inLanguage":"es","potentialAction":[{"@type":"CommentAction","name":"Comment","target":["https:\/\/ppdegalicia.com\/es\/tellado-mentres-todos-os-partidos-do-multipartito-falan-de-feijoo-o-ppdeg-vai-falar-de-galicia\/#respond"]}]},{"@type":"WebPage","@id":"https:\/\/ppdegalicia.com\/es\/tellado-mentres-todos-os-partidos-do-multipartito-falan-de-feijoo-o-ppdeg-vai-falar-de-galicia\/","url":"https:\/\/ppdegalicia.com\/es\/tellado-mentres-todos-os-partidos-do-multipartito-falan-de-feijoo-o-ppdeg-vai-falar-de-galicia\/","name":"Tellado: \"Mentres todos os partidos do multipartito falan de Feij\u00f3o, o PPdeG vai falar de Galicia\" - PP de Galicia","isPartOf":{"@id":"https:\/\/ppdegalicia.com\/es\/#website"},"primaryImageOfPage":{"@id":"https:\/\/ppdegalicia.com\/es\/tellado-mentres-todos-os-partidos-do-multipartito-falan-de-feijoo-o-ppdeg-vai-falar-de-galicia\/#primaryimage"},"image":{"@id":"https:\/\/ppdegalicia.com\/es\/tellado-mentres-todos-os-partidos-do-multipartito-falan-de-feijoo-o-ppdeg-vai-falar-de-galicia\/#primaryimage"},"thumbnailUrl":"https:\/\/ppdegalicia.com\/wp-content\/uploads\/2020\/02\/efc265b89682d199367e599a1c4a13d4.jpg","datePublished":"2020-02-26T21:05:25+00:00","breadcrumb":{"@id":"https:\/\/ppdegalicia.com\/es\/tellado-mentres-todos-os-partidos-do-multipartito-falan-de-feijoo-o-ppdeg-vai-falar-de-galicia\/#breadcrumb"},"inLanguage":"es","potentialAction":[{"@type":"ReadAction","target":["https:\/\/ppdegalicia.com\/es\/tellado-mentres-todos-os-partidos-do-multipartito-falan-de-feijoo-o-ppdeg-vai-falar-de-galicia\/"]}]},{"@type":"ImageObject","inLanguage":"es","@id":"https:\/\/ppdegalicia.com\/es\/tellado-mentres-todos-os-partidos-do-multipartito-falan-de-feijoo-o-ppdeg-vai-falar-de-galicia\/#primaryimage","url":"https:\/\/ppdegalicia.com\/wp-content\/uploads\/2020\/02\/efc265b89682d199367e599a1c4a13d4.jpg","contentUrl":"https:\/\/ppdegalicia.com\/wp-content\/uploads\/2020\/02\/efc265b89682d199367e599a1c4a13d4.jpg","width":600,"height":400},{"@type":"BreadcrumbList","@id":"https:\/\/ppdegalicia.com\/es\/tellado-mentres-todos-os-partidos-do-multipartito-falan-de-feijoo-o-ppdeg-vai-falar-de-galicia\/#breadcrumb","itemListElement":[{"@type":"ListItem","position":1,"name":"Portada","item":"https:\/\/ppdegalicia.com\/es\/"},{"@type":"ListItem","position":2,"name":"Tellado: &#8220;Mentres todos os partidos do multipartito falan de Feij\u00f3o, o PPdeG vai falar de Galicia&#8221;"}]},{"@type":"WebSite","@id":"https:\/\/ppdegalicia.com\/es\/#website","url":"https:\/\/ppdegalicia.com\/es\/","name":"Partido Popular de Galicia","description":"Partido Popular de Galicia","publisher":{"@id":"https:\/\/ppdegalicia.com\/es\/#organization"},"alternateName":"PP de Galicia","potentialAction":[{"@type":"SearchAction","target":{"@type":"EntryPoint","urlTemplate":"https:\/\/ppdegalicia.com\/es\/?s={search_term_string}"},"query-input":{"@type":"PropertyValueSpecification","valueRequired":true,"valueName":"search_term_string"}}],"inLanguage":"es"},{"@type":"Organization","@id":"https:\/\/ppdegalicia.com\/es\/#organization","name":"Partido Popular de Galicia","alternateName":"PP de Galicia","url":"https:\/\/ppdegalicia.com\/es\/","logo":{"@type":"ImageObject","inLanguage":"es","@id":"https:\/\/ppdegalicia.com\/es\/#\/schema\/logo\/image\/","url":"https:\/\/ppdegalicia.com\/wp-content\/uploads\/2023\/04\/logoPP512.png","contentUrl":"https:\/\/ppdegalicia.com\/wp-content\/uploads\/2023\/04\/logoPP512.png","width":512,"height":512,"caption":"Partido Popular de Galicia"},"image":{"@id":"https:\/\/ppdegalicia.com\/es\/#\/schema\/logo\/image\/"},"sameAs":["https:\/\/www.instagram.com\/ppdegalicia\/","https:\/\/x.com\/ppdegalicia","https:\/\/www.tiktok.com\/@ppdegalicia","https:\/\/www.youtube.com\/user\/ppdegalicia"]},{"@type":"Person","@id":"https:\/\/ppdegalicia.com\/es\/#\/schema\/person\/d0f013b8388c980665d44009ab762960","name":"Super User","image":{"@type":"ImageObject","inLanguage":"es","@id":"https:\/\/secure.gravatar.com\/avatar\/1db852625ef4948f58d2739bfbc51e4b9bd5c93b8fa340b59fdb594ca0845645?s=96&d=mm&r=g","url":"https:\/\/secure.gravatar.com\/avatar\/1db852625ef4948f58d2739bfbc51e4b9bd5c93b8fa340b59fdb594ca0845645?s=96&d=mm&r=g","contentUrl":"https:\/\/secure.gravatar.com\/avatar\/1db852625ef4948f58d2739bfbc51e4b9bd5c93b8fa340b59fdb594ca0845645?s=96&d=mm&r=g","caption":"Super User"},"url":"https:\/\/ppdegalicia.com\/es\/author\/ppdegaliciagestion\/"}]}},"_links":{"self":[{"href":"https:\/\/ppdegalicia.com\/es\/wp-json\/wp\/v2\/posts\/54386","targetHints":{"allow":["GET"]}}],"collection":[{"href":"https:\/\/ppdegalicia.com\/es\/wp-json\/wp\/v2\/posts"}],"about":[{"href":"https:\/\/ppdegalicia.com\/es\/wp-json\/wp\/v2\/types\/post"}],"author":[{"embeddable":true,"href":"https:\/\/ppdegalicia.com\/es\/wp-json\/wp\/v2\/users\/37"}],"replies":[{"embeddable":true,"href":"https:\/\/ppdegalicia.com\/es\/wp-json\/wp\/v2\/comments?post=54386"}],"version-history":[{"count":0,"href":"https:\/\/ppdegalicia.com\/es\/wp-json\/wp\/v2\/posts\/54386\/revisions"}],"wp:featuredmedia":[{"embeddable":true,"href":"https:\/\/ppdegalicia.com\/es\/wp-json\/wp\/v2\/media\/54385"}],"wp:attachment":[{"href":"https:\/\/ppdegalicia.com\/es\/wp-json\/wp\/v2\/media?parent=54386"}],"wp:term":[{"taxonomy":"category","embeddable":true,"href":"https:\/\/ppdegalicia.com\/es\/wp-json\/wp\/v2\/categories?post=54386"},{"taxonomy":"post_tag","embeddable":true,"href":"https:\/\/ppdegalicia.com\/es\/wp-json\/wp\/v2\/tags?post=54386"}],"curies":[{"name":"wp","href":"https:\/\/api.w.org\/{rel}","templated":true}]}}