{"id":54388,"date":"2020-02-25T23:07:32","date_gmt":"2020-02-25T21:07:32","guid":{"rendered":"https:\/\/ppdegalicia.com\/feijoo-tengo-la-ilusion-las-ganas-y-voluntad-de-que-logremos-superar-esa-politica-de-bloques-en-espana-empezando-por-galicia\/"},"modified":"2020-02-25T23:07:32","modified_gmt":"2020-02-25T21:07:32","slug":"feijoo-tengo-la-ilusion-las-ganas-y-voluntad-de-que-logremos-superar-esa-politica-de-bloques-en-espana-empezando-por-galicia","status":"publish","type":"post","link":"https:\/\/ppdegalicia.com\/es\/feijoo-tengo-la-ilusion-las-ganas-y-voluntad-de-que-logremos-superar-esa-politica-de-bloques-en-espana-empezando-por-galicia\/","title":{"rendered":"Feij\u00f3o: \u201cTengo la ilusi\u00f3n, las ganas y voluntad de que logremos superar esa pol\u00edtica de bloques en Espa\u00f1a empezando por Galicia\u201d"},"content":{"rendered":"<p><img fetchpriority=\"high\" decoding=\"async\" class=\" size-full wp-image-54387\" src=\"https:\/\/ppdegalicia.com\/wp-content\/uploads\/2020\/02\/716b06aaa5566da19e75a1e188dba544.jpg\" alt=\"\" width=\"600\" height=\"349\" srcset=\"https:\/\/ppdegalicia.com\/wp-content\/uploads\/2020\/02\/716b06aaa5566da19e75a1e188dba544.jpg 600w, https:\/\/ppdegalicia.com\/wp-content\/uploads\/2020\/02\/716b06aaa5566da19e75a1e188dba544-300x175.jpg 300w\" sizes=\"(max-width: 600px) 100vw, 600px\" \/><\/p>\n<p><span style=\"text-decoration: underline;\">25, febreiro, 2020.<\/span> El presidente de PPdeG, Alberto N\u00fa\u00f1ez Feij\u00f3o, afirm\u00f3 que tiene \u201cla ilusi\u00f3n, las ganas y voluntad de que, como tantas otras cosas, logremos superar esa pol\u00edtica de bloques en Espa\u00f1a empezando por Galicia\u201d. As\u00ed se expresaba en el desayuno informativo de Nueva Econom\u00eda F\u00f3rum celebrado en Madrid, donde expuso que a \u00e9l lo encontrar\u00e1n en el camino de la moderaci\u00f3n, del entendimiento y del encuentro. \u201cContra el extremismo, la confrontaci\u00f3n y el l\u00edo permanente siempre me rebelar\u00e9\u201d, a\u00f1adi\u00f3.<\/p>\n<p><!--more--><\/p>\n<p>All\u00ed, el presidente garantiz\u00f3 que quiere emprender nuevas cosas para una tierra que es futuro y ser parte del futuro de nuestra naci\u00f3n, que quiere hacerlo con pleno respeto a la Espa\u00f1a de la que forma parte \u201cy con la autonom\u00eda leal que nos ha permitido\u00a0prosperar\u201d,\u00a0con el aval de haber defendido\u00a0Galicia durante todos estos a\u00f1os y con la libertad de deberse solo a los gallegos. \u201cQuiero hacerlo para seguir d\u00e1ndole a mi tierra estabilidad, para seguir dejando Galicia al margen del\u00a0l\u00edo pol\u00edtico nacional. Porque en Espa\u00f1a se ha instalado una pol\u00edtica de bloques que no conduce a ninguna parte y que tenemos que superar\u201d, insisti\u00f3.\u00a0<\/p>\n<p>\u00a0<\/p>\n<p><strong><span style=\"text-decoration: underline;\">LIBRE, EXIGENTE E INCONFORMISTA<\/span><\/strong><\/p>\n<p>\u201cDel mismo modo que pensamos que Espa\u00f1a est\u00e1 por encima del partido que conforman en Gobierno, tambi\u00e9n creemos que Galicia est\u00e1 por encima de cualquier partido, tambi\u00e9n del m\u00edo\u201d, subray\u00f3 manifestando que\u00a0la Comunidad que respalda al PP es libre, exigente\u00a0e inconformista.<\/p>\n<p>\u00a0<\/p>\n<p>Al respecto, incidi\u00f3 en que la unidad que se ha forjado en torno al PPdeG no es de siglas huecas sino de gentes, pensamientos, ideas y objetivos. \u201cAh\u00ed estriba la\u00a0diferencia\u00a0fundamental entre el espacio del galleguismo reformista que es punto de encuentro de la mayor\u00eda de los gallegos, y el formado por\u00a0el resto de partidos, sumidos\u00a0en un cr\u00f3nico minifundismo que confluye, diverge, se al\u00eda y se separa sin cesar\u201d, destac\u00f3.<\/p>\n<p>\u00a0<\/p>\n<p>Sobre esto, se refiri\u00f3 a las f\u00f3rmulas que se han intentado importar con escaso \u00e9xito a\u00a0 la Comunidad: un nacionalismo\u00a0independentista\u00a0y un anti-nacionalismo. Seg\u00fan recalc\u00f3, ambos extremos coinciden en su exclusivismo, ya que si unos entienden que la \u00fanica forma de ser gallego es la suya, los otros se empecinan en no admitir otra forma de ser espa\u00f1ol que la que establecen.\u00a0As\u00ed, mientras ambos cometen el error de pensar que ser gallego y espa\u00f1ol es incompatible, Feij\u00f3o admiti\u00f3 que \u00e9l no entiende Galicia sin Espa\u00f1a ni Espa\u00f1a sin Galicia.<\/p>\n<p>\u00a0<\/p>\n<p>Adem\u00e1s, cuestion\u00f3 que estas formaciones no quieren ni a Galicia ni a Espa\u00f1a sino que se las apropian mientras, por el contrario, los populares creen en identidades incluyentes que suman y multiplican en lugar de restar y dividir. De hecho, evidenci\u00f3 que el modelo gallego es el \u00fanico que ha combatido al nacionalismo excluyente, poniendo como ejemplo que Galicia es la\u00a0nacionalidad hist\u00f3rica donde la lengua aut\u00f3ctona es m\u00e1s utilizada y es m\u00e1s transversal, algo que\u00a0debiera hacer reflexionar a quienes ven en este modelo una especie de pasarela hacia el independentismo, y no su mejor ant\u00eddoto.<\/p>\n<p>\u00a0<\/p>\n<p>Durante su intervenci\u00f3n, el presidente apunt\u00f3 que comparte la opini\u00f3n de quienes temen una distorsi\u00f3n del Estado de las Autonom\u00edas como pago por la ilusoria estabilidad del Gobierno. Por ello, desconf\u00eda de aquellos que especulan con vagos federalismos al tiempo que act\u00faan como el peor de los centralismos -negando el desembolso de cantidades adeudadas a las Autonom\u00edas-; y recela de ideas fr\u00edvolas y peligrosas, como contar cu\u00e1ntas naciones somos.<\/p>\n<p>\u00a0<\/p>\n<p>En ese sentido, lament\u00f3 que, mientras pasa todo eso, se ignore la gravedad de otros asuntos que exigen determinaci\u00f3n y prontas decisiones, como la necesidad de un abaratamiento del precio de la energ\u00eda para que las empresas electrointensivas no se vayan de nuestros territorios.<\/p>\n<p>\u00a0<\/p>\n<p><strong><span style=\"text-decoration: underline;\">GALICIA ES LA PRUEBA<\/span><\/strong><\/p>\n<p>Como se\u00f1al\u00f3 el l\u00edder del PPdeG, Galicia es la prueba de que s\u00ed es posible un\u00a0autonomismo constitucional \u00fatil y arraigado en la sociedad; de que se puede\u00a0evitar que los populismos de uno y otro signo se apoderen de la ciudadan\u00eda; de que el pleno desarrollo cultural y ling\u00fc\u00edstico de un territorio con personalidad propia no fragmente a sus habitantes, no cree muros ni separaciones, ni lo aleje de Espa\u00f1a; y de que la autonom\u00eda tienda puentes con el exterior en lugar de levantar barreras.<\/p>\n<p>\u00a0<\/p>\n<p>De igual modo, critic\u00f3 que con demasiada frecuencia se olvida que la deslealtad hacia la Constituci\u00f3n no es norma sino excepci\u00f3n en el conjunto de la Espa\u00f1a de las Autonom\u00edas, explicando que, gracias a numerosos acuerdos con comunidades vecinas, existe un talante de cooperaci\u00f3n que sobrepasa cualquier diferencia ideol\u00f3gica. Tal y como especific\u00f3, se ha llegado a tratos vigentes en materia de\u00a0financiaci\u00f3n auton\u00f3mica\u00a0o en la lucha contra la\u00a0despoblaci\u00f3n, as\u00ed como, hace\u00a0escasos d\u00edas, Galicia consensu\u00f3 con Asturias y Cantabria\u00a0alegaciones conjuntas para que el estatuto de apoyo a la industria electrointensiva.\u00a0<\/p>\n<p>\u00a0<\/p>\n<p>Como asegur\u00f3, hay que dejar de premiar a los que le toman el pelo al conjunto de los espa\u00f1oles y de agraviar a los que no lo han hecho nunca, ya que puede llevar a algo tan peligroso como que presidentes auton\u00f3micos crean que es m\u00e1s rentable comportarse como Torra. \u201cY\u00a0todav\u00eda ser\u00eda peor que, por contentar a los que nunca ver\u00e1n nada suficiente salvo la independencia, se implante una Espa\u00f1a asim\u00e9trica\u00a0que privilegie territorios y olvide que todos los ciudadanos son iguales y merecen las mismas oportunidades y los mismos servicios, con independencia de d\u00f3nde vivan\u201d, sentenci\u00f3.<\/p>\n","protected":false},"excerpt":{"rendered":"<p>25, febreiro, 2020. El presidente de PPdeG, Alberto N\u00fa\u00f1ez Feij\u00f3o, afirm\u00f3 que tiene \u201cla ilusi\u00f3n, las ganas y voluntad de que, como tantas otras cosas, logremos superar esa pol\u00edtica de bloques en Espa\u00f1a empezando por Galicia\u201d. As\u00ed se expresaba en el desayuno informativo de Nueva Econom\u00eda F\u00f3rum celebrado en Madrid, donde expuso que a \u00e9l [&hellip;]<\/p>\n","protected":false},"author":37,"featured_media":54387,"comment_status":"open","ping_status":"open","sticky":false,"template":"","format":"standard","meta":{"_acf_changed":false,"footnotes":""},"categories":[1],"tags":[],"class_list":["post-54388","post","type-post","status-publish","format-standard","has-post-thumbnail","hentry","category-pp-de-galicia"],"acf":[],"yoast_head":"<!-- This site is optimized with the Yoast SEO plugin v27.3 - https:\/\/yoast.com\/product\/yoast-seo-wordpress\/ -->\n<title>Feij\u00f3o: \u201cTengo la ilusi\u00f3n, las ganas y voluntad de que logremos superar esa pol\u00edtica de bloques en Espa\u00f1a empezando por Galicia\u201d - PP de Galicia<\/title>\n<meta name=\"robots\" content=\"index, follow, max-snippet:-1, max-image-preview:large, max-video-preview:-1\" \/>\n<link rel=\"canonical\" href=\"https:\/\/ppdegalicia.com\/es\/feijoo-tengo-la-ilusion-las-ganas-y-voluntad-de-que-logremos-superar-esa-politica-de-bloques-en-espana-empezando-por-galicia\/\" \/>\n<meta property=\"og:locale\" content=\"es_ES\" \/>\n<meta property=\"og:type\" content=\"article\" \/>\n<meta property=\"og:title\" content=\"Feij\u00f3o: \u201cTengo la ilusi\u00f3n, las ganas y voluntad de que logremos superar esa pol\u00edtica de bloques en Espa\u00f1a empezando por Galicia\u201d - PP de Galicia\" \/>\n<meta property=\"og:description\" content=\"25, febreiro, 2020. El presidente de PPdeG, Alberto N\u00fa\u00f1ez Feij\u00f3o, afirm\u00f3 que tiene \u201cla ilusi\u00f3n, las ganas y voluntad de que, como tantas otras cosas, logremos superar esa pol\u00edtica de bloques en Espa\u00f1a empezando por Galicia\u201d. As\u00ed se expresaba en el desayuno informativo de Nueva Econom\u00eda F\u00f3rum celebrado en Madrid, donde expuso que a \u00e9l [&hellip;]\" \/>\n<meta property=\"og:url\" content=\"https:\/\/ppdegalicia.com\/es\/feijoo-tengo-la-ilusion-las-ganas-y-voluntad-de-que-logremos-superar-esa-politica-de-bloques-en-espana-empezando-por-galicia\/\" \/>\n<meta property=\"og:site_name\" content=\"PP de Galicia\" \/>\n<meta property=\"article:publisher\" content=\"https:\/\/www.instagram.com\/ppdegalicia\/\" \/>\n<meta property=\"article:published_time\" content=\"2020-02-25T21:07:32+00:00\" \/>\n<meta property=\"og:image\" content=\"https:\/\/ppdegalicia.com\/wp-content\/uploads\/2020\/02\/716b06aaa5566da19e75a1e188dba544.jpg\" \/>\n\t<meta property=\"og:image:width\" content=\"600\" \/>\n\t<meta property=\"og:image:height\" content=\"349\" \/>\n\t<meta property=\"og:image:type\" content=\"image\/jpeg\" \/>\n<meta name=\"author\" content=\"Super User\" \/>\n<meta name=\"twitter:card\" content=\"summary_large_image\" \/>\n<meta name=\"twitter:creator\" content=\"@ppdegalicia\" \/>\n<meta name=\"twitter:site\" content=\"@ppdegalicia\" \/>\n<meta name=\"twitter:label1\" content=\"Escrito por\" \/>\n\t<meta name=\"twitter:data1\" content=\"Super User\" \/>\n\t<meta name=\"twitter:label2\" content=\"Tiempo de lectura\" \/>\n\t<meta name=\"twitter:data2\" content=\"5 minutos\" \/>\n<script type=\"application\/ld+json\" class=\"yoast-schema-graph\">{\"@context\":\"https:\\\/\\\/schema.org\",\"@graph\":[{\"@type\":\"Article\",\"@id\":\"https:\\\/\\\/ppdegalicia.com\\\/es\\\/feijoo-tengo-la-ilusion-las-ganas-y-voluntad-de-que-logremos-superar-esa-politica-de-bloques-en-espana-empezando-por-galicia\\\/#article\",\"isPartOf\":{\"@id\":\"https:\\\/\\\/ppdegalicia.com\\\/es\\\/feijoo-tengo-la-ilusion-las-ganas-y-voluntad-de-que-logremos-superar-esa-politica-de-bloques-en-espana-empezando-por-galicia\\\/\"},\"author\":{\"name\":\"Super User\",\"@id\":\"https:\\\/\\\/ppdegalicia.com\\\/es\\\/#\\\/schema\\\/person\\\/d0f013b8388c980665d44009ab762960\"},\"headline\":\"Feij\u00f3o: \u201cTengo la ilusi\u00f3n, las ganas y voluntad de que logremos superar esa pol\u00edtica de bloques en Espa\u00f1a empezando por Galicia\u201d\",\"datePublished\":\"2020-02-25T21:07:32+00:00\",\"mainEntityOfPage\":{\"@id\":\"https:\\\/\\\/ppdegalicia.com\\\/es\\\/feijoo-tengo-la-ilusion-las-ganas-y-voluntad-de-que-logremos-superar-esa-politica-de-bloques-en-espana-empezando-por-galicia\\\/\"},\"wordCount\":994,\"commentCount\":0,\"publisher\":{\"@id\":\"https:\\\/\\\/ppdegalicia.com\\\/es\\\/#organization\"},\"image\":{\"@id\":\"https:\\\/\\\/ppdegalicia.com\\\/es\\\/feijoo-tengo-la-ilusion-las-ganas-y-voluntad-de-que-logremos-superar-esa-politica-de-bloques-en-espana-empezando-por-galicia\\\/#primaryimage\"},\"thumbnailUrl\":\"https:\\\/\\\/ppdegalicia.com\\\/wp-content\\\/uploads\\\/2020\\\/02\\\/716b06aaa5566da19e75a1e188dba544.jpg\",\"articleSection\":[\"PP de Galicia\"],\"inLanguage\":\"es\",\"potentialAction\":[{\"@type\":\"CommentAction\",\"name\":\"Comment\",\"target\":[\"https:\\\/\\\/ppdegalicia.com\\\/es\\\/feijoo-tengo-la-ilusion-las-ganas-y-voluntad-de-que-logremos-superar-esa-politica-de-bloques-en-espana-empezando-por-galicia\\\/#respond\"]}]},{\"@type\":\"WebPage\",\"@id\":\"https:\\\/\\\/ppdegalicia.com\\\/es\\\/feijoo-tengo-la-ilusion-las-ganas-y-voluntad-de-que-logremos-superar-esa-politica-de-bloques-en-espana-empezando-por-galicia\\\/\",\"url\":\"https:\\\/\\\/ppdegalicia.com\\\/es\\\/feijoo-tengo-la-ilusion-las-ganas-y-voluntad-de-que-logremos-superar-esa-politica-de-bloques-en-espana-empezando-por-galicia\\\/\",\"name\":\"Feij\u00f3o: \u201cTengo la ilusi\u00f3n, las ganas y voluntad de que logremos superar esa pol\u00edtica de bloques en Espa\u00f1a empezando por Galicia\u201d - PP de Galicia\",\"isPartOf\":{\"@id\":\"https:\\\/\\\/ppdegalicia.com\\\/es\\\/#website\"},\"primaryImageOfPage\":{\"@id\":\"https:\\\/\\\/ppdegalicia.com\\\/es\\\/feijoo-tengo-la-ilusion-las-ganas-y-voluntad-de-que-logremos-superar-esa-politica-de-bloques-en-espana-empezando-por-galicia\\\/#primaryimage\"},\"image\":{\"@id\":\"https:\\\/\\\/ppdegalicia.com\\\/es\\\/feijoo-tengo-la-ilusion-las-ganas-y-voluntad-de-que-logremos-superar-esa-politica-de-bloques-en-espana-empezando-por-galicia\\\/#primaryimage\"},\"thumbnailUrl\":\"https:\\\/\\\/ppdegalicia.com\\\/wp-content\\\/uploads\\\/2020\\\/02\\\/716b06aaa5566da19e75a1e188dba544.jpg\",\"datePublished\":\"2020-02-25T21:07:32+00:00\",\"breadcrumb\":{\"@id\":\"https:\\\/\\\/ppdegalicia.com\\\/es\\\/feijoo-tengo-la-ilusion-las-ganas-y-voluntad-de-que-logremos-superar-esa-politica-de-bloques-en-espana-empezando-por-galicia\\\/#breadcrumb\"},\"inLanguage\":\"es\",\"potentialAction\":[{\"@type\":\"ReadAction\",\"target\":[\"https:\\\/\\\/ppdegalicia.com\\\/es\\\/feijoo-tengo-la-ilusion-las-ganas-y-voluntad-de-que-logremos-superar-esa-politica-de-bloques-en-espana-empezando-por-galicia\\\/\"]}]},{\"@type\":\"ImageObject\",\"inLanguage\":\"es\",\"@id\":\"https:\\\/\\\/ppdegalicia.com\\\/es\\\/feijoo-tengo-la-ilusion-las-ganas-y-voluntad-de-que-logremos-superar-esa-politica-de-bloques-en-espana-empezando-por-galicia\\\/#primaryimage\",\"url\":\"https:\\\/\\\/ppdegalicia.com\\\/wp-content\\\/uploads\\\/2020\\\/02\\\/716b06aaa5566da19e75a1e188dba544.jpg\",\"contentUrl\":\"https:\\\/\\\/ppdegalicia.com\\\/wp-content\\\/uploads\\\/2020\\\/02\\\/716b06aaa5566da19e75a1e188dba544.jpg\",\"width\":600,\"height\":349},{\"@type\":\"BreadcrumbList\",\"@id\":\"https:\\\/\\\/ppdegalicia.com\\\/es\\\/feijoo-tengo-la-ilusion-las-ganas-y-voluntad-de-que-logremos-superar-esa-politica-de-bloques-en-espana-empezando-por-galicia\\\/#breadcrumb\",\"itemListElement\":[{\"@type\":\"ListItem\",\"position\":1,\"name\":\"Portada\",\"item\":\"https:\\\/\\\/ppdegalicia.com\\\/es\\\/\"},{\"@type\":\"ListItem\",\"position\":2,\"name\":\"Feij\u00f3o: \u201cTengo la ilusi\u00f3n, las ganas y voluntad de que logremos superar esa pol\u00edtica de bloques en Espa\u00f1a empezando por Galicia\u201d\"}]},{\"@type\":\"WebSite\",\"@id\":\"https:\\\/\\\/ppdegalicia.com\\\/es\\\/#website\",\"url\":\"https:\\\/\\\/ppdegalicia.com\\\/es\\\/\",\"name\":\"Partido Popular de Galicia\",\"description\":\"Partido Popular de Galicia\",\"publisher\":{\"@id\":\"https:\\\/\\\/ppdegalicia.com\\\/es\\\/#organization\"},\"alternateName\":\"PP de Galicia\",\"potentialAction\":[{\"@type\":\"SearchAction\",\"target\":{\"@type\":\"EntryPoint\",\"urlTemplate\":\"https:\\\/\\\/ppdegalicia.com\\\/es\\\/?s={search_term_string}\"},\"query-input\":{\"@type\":\"PropertyValueSpecification\",\"valueRequired\":true,\"valueName\":\"search_term_string\"}}],\"inLanguage\":\"es\"},{\"@type\":\"Organization\",\"@id\":\"https:\\\/\\\/ppdegalicia.com\\\/es\\\/#organization\",\"name\":\"Partido Popular de Galicia\",\"alternateName\":\"PP de Galicia\",\"url\":\"https:\\\/\\\/ppdegalicia.com\\\/es\\\/\",\"logo\":{\"@type\":\"ImageObject\",\"inLanguage\":\"es\",\"@id\":\"https:\\\/\\\/ppdegalicia.com\\\/es\\\/#\\\/schema\\\/logo\\\/image\\\/\",\"url\":\"https:\\\/\\\/ppdegalicia.com\\\/wp-content\\\/uploads\\\/2023\\\/04\\\/logoPP512.png\",\"contentUrl\":\"https:\\\/\\\/ppdegalicia.com\\\/wp-content\\\/uploads\\\/2023\\\/04\\\/logoPP512.png\",\"width\":512,\"height\":512,\"caption\":\"Partido Popular de Galicia\"},\"image\":{\"@id\":\"https:\\\/\\\/ppdegalicia.com\\\/es\\\/#\\\/schema\\\/logo\\\/image\\\/\"},\"sameAs\":[\"https:\\\/\\\/www.instagram.com\\\/ppdegalicia\\\/\",\"https:\\\/\\\/x.com\\\/ppdegalicia\",\"https:\\\/\\\/www.tiktok.com\\\/@ppdegalicia\",\"https:\\\/\\\/www.youtube.com\\\/user\\\/ppdegalicia\"]},{\"@type\":\"Person\",\"@id\":\"https:\\\/\\\/ppdegalicia.com\\\/es\\\/#\\\/schema\\\/person\\\/d0f013b8388c980665d44009ab762960\",\"name\":\"Super User\",\"image\":{\"@type\":\"ImageObject\",\"inLanguage\":\"es\",\"@id\":\"https:\\\/\\\/secure.gravatar.com\\\/avatar\\\/1db852625ef4948f58d2739bfbc51e4b9bd5c93b8fa340b59fdb594ca0845645?s=96&d=mm&r=g\",\"url\":\"https:\\\/\\\/secure.gravatar.com\\\/avatar\\\/1db852625ef4948f58d2739bfbc51e4b9bd5c93b8fa340b59fdb594ca0845645?s=96&d=mm&r=g\",\"contentUrl\":\"https:\\\/\\\/secure.gravatar.com\\\/avatar\\\/1db852625ef4948f58d2739bfbc51e4b9bd5c93b8fa340b59fdb594ca0845645?s=96&d=mm&r=g\",\"caption\":\"Super User\"},\"url\":\"https:\\\/\\\/ppdegalicia.com\\\/es\\\/author\\\/ppdegaliciagestion\\\/\"}]}<\/script>\n<!-- \/ Yoast SEO plugin. -->","yoast_head_json":{"title":"Feij\u00f3o: \u201cTengo la ilusi\u00f3n, las ganas y voluntad de que logremos superar esa pol\u00edtica de bloques en Espa\u00f1a empezando por Galicia\u201d - PP de Galicia","robots":{"index":"index","follow":"follow","max-snippet":"max-snippet:-1","max-image-preview":"max-image-preview:large","max-video-preview":"max-video-preview:-1"},"canonical":"https:\/\/ppdegalicia.com\/es\/feijoo-tengo-la-ilusion-las-ganas-y-voluntad-de-que-logremos-superar-esa-politica-de-bloques-en-espana-empezando-por-galicia\/","og_locale":"es_ES","og_type":"article","og_title":"Feij\u00f3o: \u201cTengo la ilusi\u00f3n, las ganas y voluntad de que logremos superar esa pol\u00edtica de bloques en Espa\u00f1a empezando por Galicia\u201d - PP de Galicia","og_description":"25, febreiro, 2020. El presidente de PPdeG, Alberto N\u00fa\u00f1ez Feij\u00f3o, afirm\u00f3 que tiene \u201cla ilusi\u00f3n, las ganas y voluntad de que, como tantas otras cosas, logremos superar esa pol\u00edtica de bloques en Espa\u00f1a empezando por Galicia\u201d. As\u00ed se expresaba en el desayuno informativo de Nueva Econom\u00eda F\u00f3rum celebrado en Madrid, donde expuso que a \u00e9l [&hellip;]","og_url":"https:\/\/ppdegalicia.com\/es\/feijoo-tengo-la-ilusion-las-ganas-y-voluntad-de-que-logremos-superar-esa-politica-de-bloques-en-espana-empezando-por-galicia\/","og_site_name":"PP de Galicia","article_publisher":"https:\/\/www.instagram.com\/ppdegalicia\/","article_published_time":"2020-02-25T21:07:32+00:00","og_image":[{"width":600,"height":349,"url":"https:\/\/ppdegalicia.com\/wp-content\/uploads\/2020\/02\/716b06aaa5566da19e75a1e188dba544.jpg","type":"image\/jpeg"}],"author":"Super User","twitter_card":"summary_large_image","twitter_creator":"@ppdegalicia","twitter_site":"@ppdegalicia","twitter_misc":{"Escrito por":"Super User","Tiempo de lectura":"5 minutos"},"schema":{"@context":"https:\/\/schema.org","@graph":[{"@type":"Article","@id":"https:\/\/ppdegalicia.com\/es\/feijoo-tengo-la-ilusion-las-ganas-y-voluntad-de-que-logremos-superar-esa-politica-de-bloques-en-espana-empezando-por-galicia\/#article","isPartOf":{"@id":"https:\/\/ppdegalicia.com\/es\/feijoo-tengo-la-ilusion-las-ganas-y-voluntad-de-que-logremos-superar-esa-politica-de-bloques-en-espana-empezando-por-galicia\/"},"author":{"name":"Super User","@id":"https:\/\/ppdegalicia.com\/es\/#\/schema\/person\/d0f013b8388c980665d44009ab762960"},"headline":"Feij\u00f3o: \u201cTengo la ilusi\u00f3n, las ganas y voluntad de que logremos superar esa pol\u00edtica de bloques en Espa\u00f1a empezando por Galicia\u201d","datePublished":"2020-02-25T21:07:32+00:00","mainEntityOfPage":{"@id":"https:\/\/ppdegalicia.com\/es\/feijoo-tengo-la-ilusion-las-ganas-y-voluntad-de-que-logremos-superar-esa-politica-de-bloques-en-espana-empezando-por-galicia\/"},"wordCount":994,"commentCount":0,"publisher":{"@id":"https:\/\/ppdegalicia.com\/es\/#organization"},"image":{"@id":"https:\/\/ppdegalicia.com\/es\/feijoo-tengo-la-ilusion-las-ganas-y-voluntad-de-que-logremos-superar-esa-politica-de-bloques-en-espana-empezando-por-galicia\/#primaryimage"},"thumbnailUrl":"https:\/\/ppdegalicia.com\/wp-content\/uploads\/2020\/02\/716b06aaa5566da19e75a1e188dba544.jpg","articleSection":["PP de Galicia"],"inLanguage":"es","potentialAction":[{"@type":"CommentAction","name":"Comment","target":["https:\/\/ppdegalicia.com\/es\/feijoo-tengo-la-ilusion-las-ganas-y-voluntad-de-que-logremos-superar-esa-politica-de-bloques-en-espana-empezando-por-galicia\/#respond"]}]},{"@type":"WebPage","@id":"https:\/\/ppdegalicia.com\/es\/feijoo-tengo-la-ilusion-las-ganas-y-voluntad-de-que-logremos-superar-esa-politica-de-bloques-en-espana-empezando-por-galicia\/","url":"https:\/\/ppdegalicia.com\/es\/feijoo-tengo-la-ilusion-las-ganas-y-voluntad-de-que-logremos-superar-esa-politica-de-bloques-en-espana-empezando-por-galicia\/","name":"Feij\u00f3o: \u201cTengo la ilusi\u00f3n, las ganas y voluntad de que logremos superar esa pol\u00edtica de bloques en Espa\u00f1a empezando por Galicia\u201d - PP de Galicia","isPartOf":{"@id":"https:\/\/ppdegalicia.com\/es\/#website"},"primaryImageOfPage":{"@id":"https:\/\/ppdegalicia.com\/es\/feijoo-tengo-la-ilusion-las-ganas-y-voluntad-de-que-logremos-superar-esa-politica-de-bloques-en-espana-empezando-por-galicia\/#primaryimage"},"image":{"@id":"https:\/\/ppdegalicia.com\/es\/feijoo-tengo-la-ilusion-las-ganas-y-voluntad-de-que-logremos-superar-esa-politica-de-bloques-en-espana-empezando-por-galicia\/#primaryimage"},"thumbnailUrl":"https:\/\/ppdegalicia.com\/wp-content\/uploads\/2020\/02\/716b06aaa5566da19e75a1e188dba544.jpg","datePublished":"2020-02-25T21:07:32+00:00","breadcrumb":{"@id":"https:\/\/ppdegalicia.com\/es\/feijoo-tengo-la-ilusion-las-ganas-y-voluntad-de-que-logremos-superar-esa-politica-de-bloques-en-espana-empezando-por-galicia\/#breadcrumb"},"inLanguage":"es","potentialAction":[{"@type":"ReadAction","target":["https:\/\/ppdegalicia.com\/es\/feijoo-tengo-la-ilusion-las-ganas-y-voluntad-de-que-logremos-superar-esa-politica-de-bloques-en-espana-empezando-por-galicia\/"]}]},{"@type":"ImageObject","inLanguage":"es","@id":"https:\/\/ppdegalicia.com\/es\/feijoo-tengo-la-ilusion-las-ganas-y-voluntad-de-que-logremos-superar-esa-politica-de-bloques-en-espana-empezando-por-galicia\/#primaryimage","url":"https:\/\/ppdegalicia.com\/wp-content\/uploads\/2020\/02\/716b06aaa5566da19e75a1e188dba544.jpg","contentUrl":"https:\/\/ppdegalicia.com\/wp-content\/uploads\/2020\/02\/716b06aaa5566da19e75a1e188dba544.jpg","width":600,"height":349},{"@type":"BreadcrumbList","@id":"https:\/\/ppdegalicia.com\/es\/feijoo-tengo-la-ilusion-las-ganas-y-voluntad-de-que-logremos-superar-esa-politica-de-bloques-en-espana-empezando-por-galicia\/#breadcrumb","itemListElement":[{"@type":"ListItem","position":1,"name":"Portada","item":"https:\/\/ppdegalicia.com\/es\/"},{"@type":"ListItem","position":2,"name":"Feij\u00f3o: \u201cTengo la ilusi\u00f3n, las ganas y voluntad de que logremos superar esa pol\u00edtica de bloques en Espa\u00f1a empezando por Galicia\u201d"}]},{"@type":"WebSite","@id":"https:\/\/ppdegalicia.com\/es\/#website","url":"https:\/\/ppdegalicia.com\/es\/","name":"Partido Popular de Galicia","description":"Partido Popular de Galicia","publisher":{"@id":"https:\/\/ppdegalicia.com\/es\/#organization"},"alternateName":"PP de Galicia","potentialAction":[{"@type":"SearchAction","target":{"@type":"EntryPoint","urlTemplate":"https:\/\/ppdegalicia.com\/es\/?s={search_term_string}"},"query-input":{"@type":"PropertyValueSpecification","valueRequired":true,"valueName":"search_term_string"}}],"inLanguage":"es"},{"@type":"Organization","@id":"https:\/\/ppdegalicia.com\/es\/#organization","name":"Partido Popular de Galicia","alternateName":"PP de Galicia","url":"https:\/\/ppdegalicia.com\/es\/","logo":{"@type":"ImageObject","inLanguage":"es","@id":"https:\/\/ppdegalicia.com\/es\/#\/schema\/logo\/image\/","url":"https:\/\/ppdegalicia.com\/wp-content\/uploads\/2023\/04\/logoPP512.png","contentUrl":"https:\/\/ppdegalicia.com\/wp-content\/uploads\/2023\/04\/logoPP512.png","width":512,"height":512,"caption":"Partido Popular de Galicia"},"image":{"@id":"https:\/\/ppdegalicia.com\/es\/#\/schema\/logo\/image\/"},"sameAs":["https:\/\/www.instagram.com\/ppdegalicia\/","https:\/\/x.com\/ppdegalicia","https:\/\/www.tiktok.com\/@ppdegalicia","https:\/\/www.youtube.com\/user\/ppdegalicia"]},{"@type":"Person","@id":"https:\/\/ppdegalicia.com\/es\/#\/schema\/person\/d0f013b8388c980665d44009ab762960","name":"Super User","image":{"@type":"ImageObject","inLanguage":"es","@id":"https:\/\/secure.gravatar.com\/avatar\/1db852625ef4948f58d2739bfbc51e4b9bd5c93b8fa340b59fdb594ca0845645?s=96&d=mm&r=g","url":"https:\/\/secure.gravatar.com\/avatar\/1db852625ef4948f58d2739bfbc51e4b9bd5c93b8fa340b59fdb594ca0845645?s=96&d=mm&r=g","contentUrl":"https:\/\/secure.gravatar.com\/avatar\/1db852625ef4948f58d2739bfbc51e4b9bd5c93b8fa340b59fdb594ca0845645?s=96&d=mm&r=g","caption":"Super User"},"url":"https:\/\/ppdegalicia.com\/es\/author\/ppdegaliciagestion\/"}]}},"_links":{"self":[{"href":"https:\/\/ppdegalicia.com\/es\/wp-json\/wp\/v2\/posts\/54388","targetHints":{"allow":["GET"]}}],"collection":[{"href":"https:\/\/ppdegalicia.com\/es\/wp-json\/wp\/v2\/posts"}],"about":[{"href":"https:\/\/ppdegalicia.com\/es\/wp-json\/wp\/v2\/types\/post"}],"author":[{"embeddable":true,"href":"https:\/\/ppdegalicia.com\/es\/wp-json\/wp\/v2\/users\/37"}],"replies":[{"embeddable":true,"href":"https:\/\/ppdegalicia.com\/es\/wp-json\/wp\/v2\/comments?post=54388"}],"version-history":[{"count":0,"href":"https:\/\/ppdegalicia.com\/es\/wp-json\/wp\/v2\/posts\/54388\/revisions"}],"wp:featuredmedia":[{"embeddable":true,"href":"https:\/\/ppdegalicia.com\/es\/wp-json\/wp\/v2\/media\/54387"}],"wp:attachment":[{"href":"https:\/\/ppdegalicia.com\/es\/wp-json\/wp\/v2\/media?parent=54388"}],"wp:term":[{"taxonomy":"category","embeddable":true,"href":"https:\/\/ppdegalicia.com\/es\/wp-json\/wp\/v2\/categories?post=54388"},{"taxonomy":"post_tag","embeddable":true,"href":"https:\/\/ppdegalicia.com\/es\/wp-json\/wp\/v2\/tags?post=54388"}],"curies":[{"name":"wp","href":"https:\/\/api.w.org\/{rel}","templated":true}]}}