{"id":54430,"date":"2020-04-23T23:51:38","date_gmt":"2020-04-23T21:51:38","guid":{"rendered":"https:\/\/ppdegalicia.com\/tellado-destaca-que-a-anticipacion-da-xunta-na-xestion-sanitaria-permitiu-non-dar-ningunha-vida-por-perdida\/"},"modified":"2020-04-23T23:51:38","modified_gmt":"2020-04-23T21:51:38","slug":"tellado-destaca-que-a-anticipacion-da-xunta-na-xestion-sanitaria-permitiu-non-dar-ningunha-vida-por-perdida","status":"publish","type":"post","link":"https:\/\/ppdegalicia.com\/es\/tellado-destaca-que-a-anticipacion-da-xunta-na-xestion-sanitaria-permitiu-non-dar-ningunha-vida-por-perdida\/","title":{"rendered":"Tellado destaca que a anticipaci\u00f3n da Xunta na xesti\u00f3n sanitaria \u201cpermitiu non dar ningunha vida por perdida\u201d"},"content":{"rendered":"<p><img fetchpriority=\"high\" decoding=\"async\" class=\" size-full wp-image-54429\" src=\"https:\/\/ppdegalicia.com\/wp-content\/uploads\/2020\/04\/59519cf5124b0290033075a0e28a7ac4.jpg\" alt=\"\" width=\"600\" height=\"407\" srcset=\"https:\/\/ppdegalicia.com\/wp-content\/uploads\/2020\/04\/59519cf5124b0290033075a0e28a7ac4.jpg 600w, https:\/\/ppdegalicia.com\/wp-content\/uploads\/2020\/04\/59519cf5124b0290033075a0e28a7ac4-300x204.jpg 300w\" sizes=\"(max-width: 600px) 100vw, 600px\" \/><\/p>\n<p><span style=\"text-decoration: underline;\">23, abril, 2020.<\/span> O secretario xeral do PPdeG, Miguel Tellado, destacou que a anticipaci\u00f3n da Xunta de Galicia na xesti\u00f3n da crise sanitaria polo COVID-19 e a s\u00faa axilidade na resposta \u201cpermitiu non dar ningunha vida por perdida\u201d, como suxer\u00edan outros pa\u00edses da nosa contorna ou si fixeron outras autonom\u00edas cando convidaban aos m\u00e1is maiores a non demandar atenci\u00f3n hospitalaria. Unha anticipaci\u00f3n, engadiu, que o Goberno galego est\u00e1 a facer, tam\u00e9n, na chamada desescalada e na preparaci\u00f3n da nosa Comunidade para o futuro.<\/p>\n<p><!--more--><\/p>\n<div class=\"itemFullText\">\n<p style=\"text-align: justify;\">\u201cEn Galicia tivemos unha Xunta, un presidente e un equipo que soubo adiantarse e dar unha resposta \u00e1xil e contundente fronte \u00e1 pandemia\u201d, sinalou. As\u00ed, antes de detectarse o primeiro caso, constitu\u00eduse unha comisi\u00f3n de seguimento da enfermidade, restrinx\u00edronse visitas a residencias ou limit\u00e1ronse os aforos de eventos p\u00fablicos.<\/p>\n<p>\u00a0<\/p>\n<p style=\"text-align: justify;\">Neste mesmo senso, fixo fincap\u00e9 en que esa anticipaci\u00f3n quedou demostrada desde os primeiros d\u00edas, cando se decretou a Emerxencia sanitaria, antes de que o Goberno Central determinara o Estado de Alarma; se suspenderon as actividades deportivas e culturais; se pecharon os centros educativos, os locais de hostalar\u00eda, os ximnasios ou os cines; se reforzaron as plantillas do Sergas e se fixo aprovisionamento de material sanitario, doce d\u00edas antes de decretar a Emerxencia. Ao tempo que se recomendou o confinamento da poboaci\u00f3n, varios d\u00edas antes que o Goberno.<\/p>\n<p>\u00a0<\/p>\n<p style=\"text-align: justify;\">Pola contra e tal e como indicou Tellado, a principios de marzo, cando o conxunto de Espa\u00f1a sumaba un cento de positivos, o Goberno Central deso\u00eda informes de autoridades sanitarias internacionais que recomendaban aumentar o nivel de alerta; manti\u00f1a campa\u00f1as institucionais para fomentar a participaci\u00f3n en manifestaci\u00f3ns e permit\u00eda os eventos masivos sen ning\u00fan tipo de restrici\u00f3n.<\/p>\n<p>\u00a0<\/p>\n<p style=\"text-align: justify;\">As\u00ed mesmo, a Xunta reorientou toda a labor do seu Goberno \u00e1 contenci\u00f3n da pandemia e \u00e1 toma de medidas de calado en eidos como o econ\u00f3mico, o fiscal, a educaci\u00f3n, a atenci\u00f3n social ou a vivenda.<\/p>\n<p>\u00a0<\/p>\n<p style=\"text-align: justify;\"><strong><span style=\"text-decoration: underline;\">PIONEIROS EN MEDIDAS SOCIOSANITARIAS<\/span><\/strong><\/p>\n<p style=\"text-align: justify;\">O secretario xeral dos populares galegos non quixo pasar por alto cuesti\u00f3ns sociosanitarias nas que Galicia foi pioneira \u00e1 hora de tratala pandemia e que se revelaron fundamentais.<\/p>\n<p>\u00a0<\/p>\n<p style=\"text-align: justify;\">As\u00ed, referiuse \u00e1 realizaci\u00f3n de test a pacientes sen que baixaran dos seus veh\u00edculos; \u00e1 creaci\u00f3n das residencias integradas, para dar unha mellor atenci\u00f3n aos nosos maiores -unha medida, sinalou Tellado, que acabaron copiando outros territorios-; \u00e1 contrataci\u00f3n de arredor de 300 MIR do \u00faltimo ano como especialistas. E, tam\u00e9n, \u00e1 elaboraci\u00f3n do primeiro protocolo de actuaci\u00f3n en residencias de maiores e \u00e1 realizaci\u00f3n de test masivos tanto ao seu persoal como aos residentes; \u00e1 posta en marcha dos hospitais de reforzo, que finalmente non foron necesarios; ou ao reforzo de camas e dos equipos de UCI, que garantiu que en ning\u00fan momento colapsasen os hospitais galegos.<\/p>\n<p>\u00a0<\/p>\n<p style=\"text-align: justify;\">Outros dos puntos nos que puxo en valor a anticipaci\u00f3n da Xunta de Galicia foi en establecer un protocolo para que os familiares puidesen acompa\u00f1ar aos enfermos m\u00e1is graves nos seus \u00faltimos momentos.<\/p>\n<p>\u00a0<\/p>\n<p style=\"text-align: justify;\">\u201cA Sanidade galega pasou ata agora con nota o exame m\u00e1is dif\u00edcil dos seus \u00faltimos anos. Un m\u00e9rito compartido dos profesionais sanitarios e dos responsables da xesti\u00f3n sanitaria galega\u201d, apuntou Tellado, quen aproveitou para destacar a \u201clecci\u00f3n de comportamento, unidade, civismo, responsabilidade e de solidariedade\u201d da sociedade galega, grazas \u00e1 cal Galicia est\u00e1 a superar o primeiro pico da pandemia.<\/p>\n<p>\u00a0<\/p>\n<p style=\"text-align: justify;\"><strong><span style=\"text-decoration: underline;\">GALICIA PREP\u00c1RASE PARA O FUTURO<\/span><\/strong><\/p>\n<p style=\"text-align: justify;\">Por outra banda, Tellado afondou no traballo desenvolvido con \u201caxilidade, lealdade, unidade e transparencia\u201d pola Xunta, o presidente Feij\u00f3o e o seu equipo de Goberno. E salientou a boa xesti\u00f3n que est\u00e1 facer no referido \u00e1 chamada desescalada e na preparaci\u00f3n da nosa comunidade para o futuro. As\u00ed, Galicia xa conta cun comit\u00e9 econ\u00f3mico para asesorar na sa\u00edda da crise que provocar\u00e1 este par\u00f3n da actividade. Unha Comunidade que liderou, tam\u00e9n, a reivindicaci\u00f3n de que os nenos fosen os primeiros en poder sa\u00edr dos seus domicilios con todas as garant\u00edas de seguridade. Asemade, Galicia financiar\u00e1 os adiantos dos salarios para aqueles traballadores afectados polos ERTE.<\/p>\n<p>\u00a0<\/p>\n<p style=\"text-align: justify;\">Outra das primeiras medidas ser\u00e1 o estudo epidemiol\u00f3xico, \u201cmoito m\u00e1is ambicioso e completo\u201d que o que prepara o Goberno central para o conxunto de Espa\u00f1a. En Galicia, realizaranse 100.000 test; a primeira oleada comeza hoxe cos 50.000 primeiros.<\/p>\n<p>\u00a0<\/p>\n<p style=\"text-align: justify;\">Para rematar, o secretario xeral do PPdeG amosou o seu malestar pola actitude dos grupos da oposici\u00f3n, empe\u00f1ados en mentir con tal de intentar desgastar \u00e1 Xunta e ao Partido Popular. As\u00ed, tras criticar a s\u00faa falta de ideas para afrontar esta crise, salientou que en Galicia tivemos a sorte de contar cun goberno e un presidente preparados e con experiencia. Unha vez m\u00e1is, Tellado dixo que non \u00e9 o momento da confrontaci\u00f3n pol\u00edtica, sen\u00f3n de traballar desde a unidade, a responsabilidade e a lealdade institucional.<\/p>\n<\/div>\n","protected":false},"excerpt":{"rendered":"<p>23, abril, 2020. O secretario xeral do PPdeG, Miguel Tellado, destacou que a anticipaci\u00f3n da Xunta de Galicia na xesti\u00f3n da crise sanitaria polo COVID-19 e a s\u00faa axilidade na resposta \u201cpermitiu non dar ningunha vida por perdida\u201d, como suxer\u00edan outros pa\u00edses da nosa contorna ou si fixeron outras autonom\u00edas cando convidaban aos m\u00e1is maiores [&hellip;]<\/p>\n","protected":false},"author":37,"featured_media":54429,"comment_status":"open","ping_status":"open","sticky":false,"template":"","format":"standard","meta":{"_acf_changed":false,"footnotes":""},"categories":[1],"tags":[],"class_list":["post-54430","post","type-post","status-publish","format-standard","has-post-thumbnail","hentry","category-pp-de-galicia"],"acf":[],"yoast_head":"<!-- This site is optimized with the Yoast SEO plugin v27.3 - https:\/\/yoast.com\/product\/yoast-seo-wordpress\/ -->\n<title>Tellado destaca que a anticipaci\u00f3n da Xunta na xesti\u00f3n sanitaria \u201cpermitiu non dar ningunha vida por perdida\u201d - PP de Galicia<\/title>\n<meta name=\"robots\" content=\"index, follow, max-snippet:-1, max-image-preview:large, max-video-preview:-1\" \/>\n<link rel=\"canonical\" href=\"https:\/\/ppdegalicia.com\/es\/tellado-destaca-que-a-anticipacion-da-xunta-na-xestion-sanitaria-permitiu-non-dar-ningunha-vida-por-perdida\/\" \/>\n<meta property=\"og:locale\" content=\"es_ES\" \/>\n<meta property=\"og:type\" content=\"article\" \/>\n<meta property=\"og:title\" content=\"Tellado destaca que a anticipaci\u00f3n da Xunta na xesti\u00f3n sanitaria \u201cpermitiu non dar ningunha vida por perdida\u201d - PP de Galicia\" \/>\n<meta property=\"og:description\" content=\"23, abril, 2020. O secretario xeral do PPdeG, Miguel Tellado, destacou que a anticipaci\u00f3n da Xunta de Galicia na xesti\u00f3n da crise sanitaria polo COVID-19 e a s\u00faa axilidade na resposta \u201cpermitiu non dar ningunha vida por perdida\u201d, como suxer\u00edan outros pa\u00edses da nosa contorna ou si fixeron outras autonom\u00edas cando convidaban aos m\u00e1is maiores [&hellip;]\" \/>\n<meta property=\"og:url\" content=\"https:\/\/ppdegalicia.com\/es\/tellado-destaca-que-a-anticipacion-da-xunta-na-xestion-sanitaria-permitiu-non-dar-ningunha-vida-por-perdida\/\" \/>\n<meta property=\"og:site_name\" content=\"PP de Galicia\" \/>\n<meta property=\"article:publisher\" content=\"https:\/\/www.instagram.com\/ppdegalicia\/\" \/>\n<meta property=\"article:published_time\" content=\"2020-04-23T21:51:38+00:00\" \/>\n<meta property=\"og:image\" content=\"https:\/\/ppdegalicia.com\/wp-content\/uploads\/2020\/04\/59519cf5124b0290033075a0e28a7ac4.jpg\" \/>\n\t<meta property=\"og:image:width\" content=\"600\" \/>\n\t<meta property=\"og:image:height\" content=\"407\" \/>\n\t<meta property=\"og:image:type\" content=\"image\/jpeg\" \/>\n<meta name=\"author\" content=\"Super User\" \/>\n<meta name=\"twitter:card\" content=\"summary_large_image\" \/>\n<meta name=\"twitter:creator\" content=\"@ppdegalicia\" \/>\n<meta name=\"twitter:site\" content=\"@ppdegalicia\" \/>\n<meta name=\"twitter:label1\" content=\"Escrito por\" \/>\n\t<meta name=\"twitter:data1\" content=\"Super User\" \/>\n\t<meta name=\"twitter:label2\" content=\"Tiempo de lectura\" \/>\n\t<meta name=\"twitter:data2\" content=\"4 minutos\" \/>\n<script type=\"application\/ld+json\" class=\"yoast-schema-graph\">{\"@context\":\"https:\\\/\\\/schema.org\",\"@graph\":[{\"@type\":\"Article\",\"@id\":\"https:\\\/\\\/ppdegalicia.com\\\/es\\\/tellado-destaca-que-a-anticipacion-da-xunta-na-xestion-sanitaria-permitiu-non-dar-ningunha-vida-por-perdida\\\/#article\",\"isPartOf\":{\"@id\":\"https:\\\/\\\/ppdegalicia.com\\\/es\\\/tellado-destaca-que-a-anticipacion-da-xunta-na-xestion-sanitaria-permitiu-non-dar-ningunha-vida-por-perdida\\\/\"},\"author\":{\"name\":\"Super User\",\"@id\":\"https:\\\/\\\/ppdegalicia.com\\\/es\\\/#\\\/schema\\\/person\\\/d0f013b8388c980665d44009ab762960\"},\"headline\":\"Tellado destaca que a anticipaci\u00f3n da Xunta na xesti\u00f3n sanitaria \u201cpermitiu non dar ningunha vida por perdida\u201d\",\"datePublished\":\"2020-04-23T21:51:38+00:00\",\"mainEntityOfPage\":{\"@id\":\"https:\\\/\\\/ppdegalicia.com\\\/es\\\/tellado-destaca-que-a-anticipacion-da-xunta-na-xestion-sanitaria-permitiu-non-dar-ningunha-vida-por-perdida\\\/\"},\"wordCount\":855,\"commentCount\":0,\"publisher\":{\"@id\":\"https:\\\/\\\/ppdegalicia.com\\\/es\\\/#organization\"},\"image\":{\"@id\":\"https:\\\/\\\/ppdegalicia.com\\\/es\\\/tellado-destaca-que-a-anticipacion-da-xunta-na-xestion-sanitaria-permitiu-non-dar-ningunha-vida-por-perdida\\\/#primaryimage\"},\"thumbnailUrl\":\"https:\\\/\\\/ppdegalicia.com\\\/wp-content\\\/uploads\\\/2020\\\/04\\\/59519cf5124b0290033075a0e28a7ac4.jpg\",\"articleSection\":[\"PP de Galicia\"],\"inLanguage\":\"es\",\"potentialAction\":[{\"@type\":\"CommentAction\",\"name\":\"Comment\",\"target\":[\"https:\\\/\\\/ppdegalicia.com\\\/es\\\/tellado-destaca-que-a-anticipacion-da-xunta-na-xestion-sanitaria-permitiu-non-dar-ningunha-vida-por-perdida\\\/#respond\"]}]},{\"@type\":\"WebPage\",\"@id\":\"https:\\\/\\\/ppdegalicia.com\\\/es\\\/tellado-destaca-que-a-anticipacion-da-xunta-na-xestion-sanitaria-permitiu-non-dar-ningunha-vida-por-perdida\\\/\",\"url\":\"https:\\\/\\\/ppdegalicia.com\\\/es\\\/tellado-destaca-que-a-anticipacion-da-xunta-na-xestion-sanitaria-permitiu-non-dar-ningunha-vida-por-perdida\\\/\",\"name\":\"Tellado destaca que a anticipaci\u00f3n da Xunta na xesti\u00f3n sanitaria \u201cpermitiu non dar ningunha vida por perdida\u201d - PP de Galicia\",\"isPartOf\":{\"@id\":\"https:\\\/\\\/ppdegalicia.com\\\/es\\\/#website\"},\"primaryImageOfPage\":{\"@id\":\"https:\\\/\\\/ppdegalicia.com\\\/es\\\/tellado-destaca-que-a-anticipacion-da-xunta-na-xestion-sanitaria-permitiu-non-dar-ningunha-vida-por-perdida\\\/#primaryimage\"},\"image\":{\"@id\":\"https:\\\/\\\/ppdegalicia.com\\\/es\\\/tellado-destaca-que-a-anticipacion-da-xunta-na-xestion-sanitaria-permitiu-non-dar-ningunha-vida-por-perdida\\\/#primaryimage\"},\"thumbnailUrl\":\"https:\\\/\\\/ppdegalicia.com\\\/wp-content\\\/uploads\\\/2020\\\/04\\\/59519cf5124b0290033075a0e28a7ac4.jpg\",\"datePublished\":\"2020-04-23T21:51:38+00:00\",\"breadcrumb\":{\"@id\":\"https:\\\/\\\/ppdegalicia.com\\\/es\\\/tellado-destaca-que-a-anticipacion-da-xunta-na-xestion-sanitaria-permitiu-non-dar-ningunha-vida-por-perdida\\\/#breadcrumb\"},\"inLanguage\":\"es\",\"potentialAction\":[{\"@type\":\"ReadAction\",\"target\":[\"https:\\\/\\\/ppdegalicia.com\\\/es\\\/tellado-destaca-que-a-anticipacion-da-xunta-na-xestion-sanitaria-permitiu-non-dar-ningunha-vida-por-perdida\\\/\"]}]},{\"@type\":\"ImageObject\",\"inLanguage\":\"es\",\"@id\":\"https:\\\/\\\/ppdegalicia.com\\\/es\\\/tellado-destaca-que-a-anticipacion-da-xunta-na-xestion-sanitaria-permitiu-non-dar-ningunha-vida-por-perdida\\\/#primaryimage\",\"url\":\"https:\\\/\\\/ppdegalicia.com\\\/wp-content\\\/uploads\\\/2020\\\/04\\\/59519cf5124b0290033075a0e28a7ac4.jpg\",\"contentUrl\":\"https:\\\/\\\/ppdegalicia.com\\\/wp-content\\\/uploads\\\/2020\\\/04\\\/59519cf5124b0290033075a0e28a7ac4.jpg\",\"width\":600,\"height\":407},{\"@type\":\"BreadcrumbList\",\"@id\":\"https:\\\/\\\/ppdegalicia.com\\\/es\\\/tellado-destaca-que-a-anticipacion-da-xunta-na-xestion-sanitaria-permitiu-non-dar-ningunha-vida-por-perdida\\\/#breadcrumb\",\"itemListElement\":[{\"@type\":\"ListItem\",\"position\":1,\"name\":\"Portada\",\"item\":\"https:\\\/\\\/ppdegalicia.com\\\/es\\\/\"},{\"@type\":\"ListItem\",\"position\":2,\"name\":\"Tellado destaca que a anticipaci\u00f3n da Xunta na xesti\u00f3n sanitaria \u201cpermitiu non dar ningunha vida por perdida\u201d\"}]},{\"@type\":\"WebSite\",\"@id\":\"https:\\\/\\\/ppdegalicia.com\\\/es\\\/#website\",\"url\":\"https:\\\/\\\/ppdegalicia.com\\\/es\\\/\",\"name\":\"Partido Popular de Galicia\",\"description\":\"Partido Popular de Galicia\",\"publisher\":{\"@id\":\"https:\\\/\\\/ppdegalicia.com\\\/es\\\/#organization\"},\"alternateName\":\"PP de Galicia\",\"potentialAction\":[{\"@type\":\"SearchAction\",\"target\":{\"@type\":\"EntryPoint\",\"urlTemplate\":\"https:\\\/\\\/ppdegalicia.com\\\/es\\\/?s={search_term_string}\"},\"query-input\":{\"@type\":\"PropertyValueSpecification\",\"valueRequired\":true,\"valueName\":\"search_term_string\"}}],\"inLanguage\":\"es\"},{\"@type\":\"Organization\",\"@id\":\"https:\\\/\\\/ppdegalicia.com\\\/es\\\/#organization\",\"name\":\"Partido Popular de Galicia\",\"alternateName\":\"PP de Galicia\",\"url\":\"https:\\\/\\\/ppdegalicia.com\\\/es\\\/\",\"logo\":{\"@type\":\"ImageObject\",\"inLanguage\":\"es\",\"@id\":\"https:\\\/\\\/ppdegalicia.com\\\/es\\\/#\\\/schema\\\/logo\\\/image\\\/\",\"url\":\"https:\\\/\\\/ppdegalicia.com\\\/wp-content\\\/uploads\\\/2023\\\/04\\\/logoPP512.png\",\"contentUrl\":\"https:\\\/\\\/ppdegalicia.com\\\/wp-content\\\/uploads\\\/2023\\\/04\\\/logoPP512.png\",\"width\":512,\"height\":512,\"caption\":\"Partido Popular de Galicia\"},\"image\":{\"@id\":\"https:\\\/\\\/ppdegalicia.com\\\/es\\\/#\\\/schema\\\/logo\\\/image\\\/\"},\"sameAs\":[\"https:\\\/\\\/www.instagram.com\\\/ppdegalicia\\\/\",\"https:\\\/\\\/x.com\\\/ppdegalicia\",\"https:\\\/\\\/www.tiktok.com\\\/@ppdegalicia\",\"https:\\\/\\\/www.youtube.com\\\/user\\\/ppdegalicia\"]},{\"@type\":\"Person\",\"@id\":\"https:\\\/\\\/ppdegalicia.com\\\/es\\\/#\\\/schema\\\/person\\\/d0f013b8388c980665d44009ab762960\",\"name\":\"Super User\",\"image\":{\"@type\":\"ImageObject\",\"inLanguage\":\"es\",\"@id\":\"https:\\\/\\\/secure.gravatar.com\\\/avatar\\\/1db852625ef4948f58d2739bfbc51e4b9bd5c93b8fa340b59fdb594ca0845645?s=96&d=mm&r=g\",\"url\":\"https:\\\/\\\/secure.gravatar.com\\\/avatar\\\/1db852625ef4948f58d2739bfbc51e4b9bd5c93b8fa340b59fdb594ca0845645?s=96&d=mm&r=g\",\"contentUrl\":\"https:\\\/\\\/secure.gravatar.com\\\/avatar\\\/1db852625ef4948f58d2739bfbc51e4b9bd5c93b8fa340b59fdb594ca0845645?s=96&d=mm&r=g\",\"caption\":\"Super User\"},\"url\":\"https:\\\/\\\/ppdegalicia.com\\\/es\\\/author\\\/ppdegaliciagestion\\\/\"}]}<\/script>\n<!-- \/ Yoast SEO plugin. -->","yoast_head_json":{"title":"Tellado destaca que a anticipaci\u00f3n da Xunta na xesti\u00f3n sanitaria \u201cpermitiu non dar ningunha vida por perdida\u201d - PP de Galicia","robots":{"index":"index","follow":"follow","max-snippet":"max-snippet:-1","max-image-preview":"max-image-preview:large","max-video-preview":"max-video-preview:-1"},"canonical":"https:\/\/ppdegalicia.com\/es\/tellado-destaca-que-a-anticipacion-da-xunta-na-xestion-sanitaria-permitiu-non-dar-ningunha-vida-por-perdida\/","og_locale":"es_ES","og_type":"article","og_title":"Tellado destaca que a anticipaci\u00f3n da Xunta na xesti\u00f3n sanitaria \u201cpermitiu non dar ningunha vida por perdida\u201d - PP de Galicia","og_description":"23, abril, 2020. O secretario xeral do PPdeG, Miguel Tellado, destacou que a anticipaci\u00f3n da Xunta de Galicia na xesti\u00f3n da crise sanitaria polo COVID-19 e a s\u00faa axilidade na resposta \u201cpermitiu non dar ningunha vida por perdida\u201d, como suxer\u00edan outros pa\u00edses da nosa contorna ou si fixeron outras autonom\u00edas cando convidaban aos m\u00e1is maiores [&hellip;]","og_url":"https:\/\/ppdegalicia.com\/es\/tellado-destaca-que-a-anticipacion-da-xunta-na-xestion-sanitaria-permitiu-non-dar-ningunha-vida-por-perdida\/","og_site_name":"PP de Galicia","article_publisher":"https:\/\/www.instagram.com\/ppdegalicia\/","article_published_time":"2020-04-23T21:51:38+00:00","og_image":[{"width":600,"height":407,"url":"https:\/\/ppdegalicia.com\/wp-content\/uploads\/2020\/04\/59519cf5124b0290033075a0e28a7ac4.jpg","type":"image\/jpeg"}],"author":"Super User","twitter_card":"summary_large_image","twitter_creator":"@ppdegalicia","twitter_site":"@ppdegalicia","twitter_misc":{"Escrito por":"Super User","Tiempo de lectura":"4 minutos"},"schema":{"@context":"https:\/\/schema.org","@graph":[{"@type":"Article","@id":"https:\/\/ppdegalicia.com\/es\/tellado-destaca-que-a-anticipacion-da-xunta-na-xestion-sanitaria-permitiu-non-dar-ningunha-vida-por-perdida\/#article","isPartOf":{"@id":"https:\/\/ppdegalicia.com\/es\/tellado-destaca-que-a-anticipacion-da-xunta-na-xestion-sanitaria-permitiu-non-dar-ningunha-vida-por-perdida\/"},"author":{"name":"Super User","@id":"https:\/\/ppdegalicia.com\/es\/#\/schema\/person\/d0f013b8388c980665d44009ab762960"},"headline":"Tellado destaca que a anticipaci\u00f3n da Xunta na xesti\u00f3n sanitaria \u201cpermitiu non dar ningunha vida por perdida\u201d","datePublished":"2020-04-23T21:51:38+00:00","mainEntityOfPage":{"@id":"https:\/\/ppdegalicia.com\/es\/tellado-destaca-que-a-anticipacion-da-xunta-na-xestion-sanitaria-permitiu-non-dar-ningunha-vida-por-perdida\/"},"wordCount":855,"commentCount":0,"publisher":{"@id":"https:\/\/ppdegalicia.com\/es\/#organization"},"image":{"@id":"https:\/\/ppdegalicia.com\/es\/tellado-destaca-que-a-anticipacion-da-xunta-na-xestion-sanitaria-permitiu-non-dar-ningunha-vida-por-perdida\/#primaryimage"},"thumbnailUrl":"https:\/\/ppdegalicia.com\/wp-content\/uploads\/2020\/04\/59519cf5124b0290033075a0e28a7ac4.jpg","articleSection":["PP de Galicia"],"inLanguage":"es","potentialAction":[{"@type":"CommentAction","name":"Comment","target":["https:\/\/ppdegalicia.com\/es\/tellado-destaca-que-a-anticipacion-da-xunta-na-xestion-sanitaria-permitiu-non-dar-ningunha-vida-por-perdida\/#respond"]}]},{"@type":"WebPage","@id":"https:\/\/ppdegalicia.com\/es\/tellado-destaca-que-a-anticipacion-da-xunta-na-xestion-sanitaria-permitiu-non-dar-ningunha-vida-por-perdida\/","url":"https:\/\/ppdegalicia.com\/es\/tellado-destaca-que-a-anticipacion-da-xunta-na-xestion-sanitaria-permitiu-non-dar-ningunha-vida-por-perdida\/","name":"Tellado destaca que a anticipaci\u00f3n da Xunta na xesti\u00f3n sanitaria \u201cpermitiu non dar ningunha vida por perdida\u201d - PP de Galicia","isPartOf":{"@id":"https:\/\/ppdegalicia.com\/es\/#website"},"primaryImageOfPage":{"@id":"https:\/\/ppdegalicia.com\/es\/tellado-destaca-que-a-anticipacion-da-xunta-na-xestion-sanitaria-permitiu-non-dar-ningunha-vida-por-perdida\/#primaryimage"},"image":{"@id":"https:\/\/ppdegalicia.com\/es\/tellado-destaca-que-a-anticipacion-da-xunta-na-xestion-sanitaria-permitiu-non-dar-ningunha-vida-por-perdida\/#primaryimage"},"thumbnailUrl":"https:\/\/ppdegalicia.com\/wp-content\/uploads\/2020\/04\/59519cf5124b0290033075a0e28a7ac4.jpg","datePublished":"2020-04-23T21:51:38+00:00","breadcrumb":{"@id":"https:\/\/ppdegalicia.com\/es\/tellado-destaca-que-a-anticipacion-da-xunta-na-xestion-sanitaria-permitiu-non-dar-ningunha-vida-por-perdida\/#breadcrumb"},"inLanguage":"es","potentialAction":[{"@type":"ReadAction","target":["https:\/\/ppdegalicia.com\/es\/tellado-destaca-que-a-anticipacion-da-xunta-na-xestion-sanitaria-permitiu-non-dar-ningunha-vida-por-perdida\/"]}]},{"@type":"ImageObject","inLanguage":"es","@id":"https:\/\/ppdegalicia.com\/es\/tellado-destaca-que-a-anticipacion-da-xunta-na-xestion-sanitaria-permitiu-non-dar-ningunha-vida-por-perdida\/#primaryimage","url":"https:\/\/ppdegalicia.com\/wp-content\/uploads\/2020\/04\/59519cf5124b0290033075a0e28a7ac4.jpg","contentUrl":"https:\/\/ppdegalicia.com\/wp-content\/uploads\/2020\/04\/59519cf5124b0290033075a0e28a7ac4.jpg","width":600,"height":407},{"@type":"BreadcrumbList","@id":"https:\/\/ppdegalicia.com\/es\/tellado-destaca-que-a-anticipacion-da-xunta-na-xestion-sanitaria-permitiu-non-dar-ningunha-vida-por-perdida\/#breadcrumb","itemListElement":[{"@type":"ListItem","position":1,"name":"Portada","item":"https:\/\/ppdegalicia.com\/es\/"},{"@type":"ListItem","position":2,"name":"Tellado destaca que a anticipaci\u00f3n da Xunta na xesti\u00f3n sanitaria \u201cpermitiu non dar ningunha vida por perdida\u201d"}]},{"@type":"WebSite","@id":"https:\/\/ppdegalicia.com\/es\/#website","url":"https:\/\/ppdegalicia.com\/es\/","name":"Partido Popular de Galicia","description":"Partido Popular de Galicia","publisher":{"@id":"https:\/\/ppdegalicia.com\/es\/#organization"},"alternateName":"PP de Galicia","potentialAction":[{"@type":"SearchAction","target":{"@type":"EntryPoint","urlTemplate":"https:\/\/ppdegalicia.com\/es\/?s={search_term_string}"},"query-input":{"@type":"PropertyValueSpecification","valueRequired":true,"valueName":"search_term_string"}}],"inLanguage":"es"},{"@type":"Organization","@id":"https:\/\/ppdegalicia.com\/es\/#organization","name":"Partido Popular de Galicia","alternateName":"PP de Galicia","url":"https:\/\/ppdegalicia.com\/es\/","logo":{"@type":"ImageObject","inLanguage":"es","@id":"https:\/\/ppdegalicia.com\/es\/#\/schema\/logo\/image\/","url":"https:\/\/ppdegalicia.com\/wp-content\/uploads\/2023\/04\/logoPP512.png","contentUrl":"https:\/\/ppdegalicia.com\/wp-content\/uploads\/2023\/04\/logoPP512.png","width":512,"height":512,"caption":"Partido Popular de Galicia"},"image":{"@id":"https:\/\/ppdegalicia.com\/es\/#\/schema\/logo\/image\/"},"sameAs":["https:\/\/www.instagram.com\/ppdegalicia\/","https:\/\/x.com\/ppdegalicia","https:\/\/www.tiktok.com\/@ppdegalicia","https:\/\/www.youtube.com\/user\/ppdegalicia"]},{"@type":"Person","@id":"https:\/\/ppdegalicia.com\/es\/#\/schema\/person\/d0f013b8388c980665d44009ab762960","name":"Super User","image":{"@type":"ImageObject","inLanguage":"es","@id":"https:\/\/secure.gravatar.com\/avatar\/1db852625ef4948f58d2739bfbc51e4b9bd5c93b8fa340b59fdb594ca0845645?s=96&d=mm&r=g","url":"https:\/\/secure.gravatar.com\/avatar\/1db852625ef4948f58d2739bfbc51e4b9bd5c93b8fa340b59fdb594ca0845645?s=96&d=mm&r=g","contentUrl":"https:\/\/secure.gravatar.com\/avatar\/1db852625ef4948f58d2739bfbc51e4b9bd5c93b8fa340b59fdb594ca0845645?s=96&d=mm&r=g","caption":"Super User"},"url":"https:\/\/ppdegalicia.com\/es\/author\/ppdegaliciagestion\/"}]}},"_links":{"self":[{"href":"https:\/\/ppdegalicia.com\/es\/wp-json\/wp\/v2\/posts\/54430","targetHints":{"allow":["GET"]}}],"collection":[{"href":"https:\/\/ppdegalicia.com\/es\/wp-json\/wp\/v2\/posts"}],"about":[{"href":"https:\/\/ppdegalicia.com\/es\/wp-json\/wp\/v2\/types\/post"}],"author":[{"embeddable":true,"href":"https:\/\/ppdegalicia.com\/es\/wp-json\/wp\/v2\/users\/37"}],"replies":[{"embeddable":true,"href":"https:\/\/ppdegalicia.com\/es\/wp-json\/wp\/v2\/comments?post=54430"}],"version-history":[{"count":0,"href":"https:\/\/ppdegalicia.com\/es\/wp-json\/wp\/v2\/posts\/54430\/revisions"}],"wp:featuredmedia":[{"embeddable":true,"href":"https:\/\/ppdegalicia.com\/es\/wp-json\/wp\/v2\/media\/54429"}],"wp:attachment":[{"href":"https:\/\/ppdegalicia.com\/es\/wp-json\/wp\/v2\/media?parent=54430"}],"wp:term":[{"taxonomy":"category","embeddable":true,"href":"https:\/\/ppdegalicia.com\/es\/wp-json\/wp\/v2\/categories?post=54430"},{"taxonomy":"post_tag","embeddable":true,"href":"https:\/\/ppdegalicia.com\/es\/wp-json\/wp\/v2\/tags?post=54430"}],"curies":[{"name":"wp","href":"https:\/\/api.w.org\/{rel}","templated":true}]}}