{"id":54432,"date":"2020-04-23T23:52:50","date_gmt":"2020-04-23T21:52:50","guid":{"rendered":"https:\/\/ppdegalicia.com\/pedro-puy-cualifica-de-razoable-a-decision-da-xunta-de-aprazar-ata-2021-as-oposicions-docentes\/"},"modified":"2020-04-23T23:52:50","modified_gmt":"2020-04-23T21:52:50","slug":"pedro-puy-cualifica-de-razoable-a-decision-da-xunta-de-aprazar-ata-2021-as-oposicions-docentes","status":"publish","type":"post","link":"https:\/\/ppdegalicia.com\/es\/pedro-puy-cualifica-de-razoable-a-decision-da-xunta-de-aprazar-ata-2021-as-oposicions-docentes\/","title":{"rendered":"Pedro Puy cualifica de \u201crazoable\u201d a decisi\u00f3n da Xunta de aprazar ata 2021 as oposici\u00f3ns docentes"},"content":{"rendered":"<p><img fetchpriority=\"high\" decoding=\"async\" class=\" size-full wp-image-54431\" src=\"https:\/\/ppdegalicia.com\/wp-content\/uploads\/2020\/04\/2fb5466a104eac2a47f2a0a18a529671.jpg\" alt=\"\" width=\"600\" height=\"450\" srcset=\"https:\/\/ppdegalicia.com\/wp-content\/uploads\/2020\/04\/2fb5466a104eac2a47f2a0a18a529671.jpg 600w, https:\/\/ppdegalicia.com\/wp-content\/uploads\/2020\/04\/2fb5466a104eac2a47f2a0a18a529671-300x225.jpg 300w\" sizes=\"(max-width: 600px) 100vw, 600px\" \/><\/p>\n<p>Santiago, 22 de abril de 2020.- O portavoz do Grupo Popular, Pedro Puy, cualificou hoxe de \u201crazoable\u201d a decisi\u00f3n adoptada pola Xunta de Galicia de aprazar ata o vindeiro ano 2021 as oposici\u00f3ns docentes, \u201cunha vez esperou ata o l\u00edmite do prazo para a s\u00faa celebraci\u00f3n\u201d.<\/p>\n<p><!--more--><\/p>\n<p>Na comparecencia da conselleira de Educaci\u00f3n na Deputaci\u00f3n Permanente, Puy avogou porque \u201cdebemos dar todos o mellor posible para que este ano non se perda a nivel educativo e formativo, de xeito que esta xeraci\u00f3n non quede marcada no futuro\u201d. Neste sentido, defendeu \u201ca importancia dun criterio homox\u00e9neo para valorar aos alumnos no conxunto de Espa\u00f1a\u201d.<\/p>\n<p>\u00a0<\/p>\n<p>INTRODUCI\u00d3N DAS NOVAS TECNOLOX\u00cdAS<\/p>\n<p>\u00a0<\/p>\n<p>Pedro Puy salientou o avance rexistrado en Galicia na introduci\u00f3n das novas tecnolox\u00edas no eido educativo, citando expresamente programas como Edudixital, Edixgal ou Abalar. \u201cO ideal ser\u00eda que todo o mundo tivese acceso en equidade \u00e1s tecnolox\u00edas, para o que o esforzo da Xunta de Galicia est\u00e1 a ser superior ao doutras administraci\u00f3ns\u201d, apuntou.<\/p>\n<p>\u00a0<\/p>\n<p>\u201cO Goberno galego est\u00e1 dando unha resposta responsable e non improvisada \u00e1 crise, introducindo certezas e expectativas razoables\u201d, manifestou.<\/p>\n<p>\u00a0<\/p>\n<p>Por \u00faltimo, subli\u00f1ou que a actitude da Xunta respecto ao Goberno central \u201c\u00e9 un exemplo evidente de lealdade institucional, mandando unha serie de comentarios para incorporalos \u00e1 orde estatal\u201d en materia de educaci\u00f3n. \u201cPola s\u00faa banda, o Estado debe exercer o que marca a Constituci\u00f3n, determinando as condici\u00f3ns de igualdade dos que participan no sistema educativo espa\u00f1ol\u201d, dixo.<\/p>\n","protected":false},"excerpt":{"rendered":"<p>Santiago, 22 de abril de 2020.- O portavoz do Grupo Popular, Pedro Puy, cualificou hoxe de \u201crazoable\u201d a decisi\u00f3n adoptada pola Xunta de Galicia de aprazar ata o vindeiro ano 2021 as oposici\u00f3ns docentes, \u201cunha vez esperou ata o l\u00edmite do prazo para a s\u00faa celebraci\u00f3n\u201d.<\/p>\n","protected":false},"author":37,"featured_media":54431,"comment_status":"open","ping_status":"open","sticky":false,"template":"","format":"standard","meta":{"_acf_changed":false,"footnotes":""},"categories":[1],"tags":[],"class_list":["post-54432","post","type-post","status-publish","format-standard","has-post-thumbnail","hentry","category-pp-de-galicia"],"acf":[],"yoast_head":"<!-- This site is optimized with the Yoast SEO plugin v27.3 - https:\/\/yoast.com\/product\/yoast-seo-wordpress\/ -->\n<title>Pedro Puy cualifica de \u201crazoable\u201d a decisi\u00f3n da Xunta de aprazar ata 2021 as oposici\u00f3ns docentes - PP de Galicia<\/title>\n<meta name=\"robots\" content=\"index, follow, max-snippet:-1, max-image-preview:large, max-video-preview:-1\" \/>\n<link rel=\"canonical\" href=\"https:\/\/ppdegalicia.com\/es\/pedro-puy-cualifica-de-razoable-a-decision-da-xunta-de-aprazar-ata-2021-as-oposicions-docentes\/\" \/>\n<meta property=\"og:locale\" content=\"es_ES\" \/>\n<meta property=\"og:type\" content=\"article\" \/>\n<meta property=\"og:title\" content=\"Pedro Puy cualifica de \u201crazoable\u201d a decisi\u00f3n da Xunta de aprazar ata 2021 as oposici\u00f3ns docentes - PP de Galicia\" \/>\n<meta property=\"og:description\" content=\"Santiago, 22 de abril de 2020.- O portavoz do Grupo Popular, Pedro Puy, cualificou hoxe de \u201crazoable\u201d a decisi\u00f3n adoptada pola Xunta de Galicia de aprazar ata o vindeiro ano 2021 as oposici\u00f3ns docentes, \u201cunha vez esperou ata o l\u00edmite do prazo para a s\u00faa celebraci\u00f3n\u201d.\" \/>\n<meta property=\"og:url\" content=\"https:\/\/ppdegalicia.com\/es\/pedro-puy-cualifica-de-razoable-a-decision-da-xunta-de-aprazar-ata-2021-as-oposicions-docentes\/\" \/>\n<meta property=\"og:site_name\" content=\"PP de Galicia\" \/>\n<meta property=\"article:publisher\" content=\"https:\/\/www.instagram.com\/ppdegalicia\/\" \/>\n<meta property=\"article:published_time\" content=\"2020-04-23T21:52:50+00:00\" \/>\n<meta property=\"og:image\" content=\"https:\/\/ppdegalicia.com\/wp-content\/uploads\/2020\/04\/2fb5466a104eac2a47f2a0a18a529671.jpg\" \/>\n\t<meta property=\"og:image:width\" content=\"600\" \/>\n\t<meta property=\"og:image:height\" content=\"450\" \/>\n\t<meta property=\"og:image:type\" content=\"image\/jpeg\" \/>\n<meta name=\"author\" content=\"Super User\" \/>\n<meta name=\"twitter:card\" content=\"summary_large_image\" \/>\n<meta name=\"twitter:creator\" content=\"@ppdegalicia\" \/>\n<meta name=\"twitter:site\" content=\"@ppdegalicia\" \/>\n<meta name=\"twitter:label1\" content=\"Escrito por\" \/>\n\t<meta name=\"twitter:data1\" content=\"Super User\" \/>\n\t<meta name=\"twitter:label2\" content=\"Tiempo de lectura\" \/>\n\t<meta name=\"twitter:data2\" content=\"1 minuto\" \/>\n<script type=\"application\/ld+json\" class=\"yoast-schema-graph\">{\"@context\":\"https:\\\/\\\/schema.org\",\"@graph\":[{\"@type\":\"Article\",\"@id\":\"https:\\\/\\\/ppdegalicia.com\\\/es\\\/pedro-puy-cualifica-de-razoable-a-decision-da-xunta-de-aprazar-ata-2021-as-oposicions-docentes\\\/#article\",\"isPartOf\":{\"@id\":\"https:\\\/\\\/ppdegalicia.com\\\/es\\\/pedro-puy-cualifica-de-razoable-a-decision-da-xunta-de-aprazar-ata-2021-as-oposicions-docentes\\\/\"},\"author\":{\"name\":\"Super User\",\"@id\":\"https:\\\/\\\/ppdegalicia.com\\\/es\\\/#\\\/schema\\\/person\\\/d0f013b8388c980665d44009ab762960\"},\"headline\":\"Pedro Puy cualifica de \u201crazoable\u201d a decisi\u00f3n da Xunta de aprazar ata 2021 as oposici\u00f3ns docentes\",\"datePublished\":\"2020-04-23T21:52:50+00:00\",\"mainEntityOfPage\":{\"@id\":\"https:\\\/\\\/ppdegalicia.com\\\/es\\\/pedro-puy-cualifica-de-razoable-a-decision-da-xunta-de-aprazar-ata-2021-as-oposicions-docentes\\\/\"},\"wordCount\":272,\"commentCount\":0,\"publisher\":{\"@id\":\"https:\\\/\\\/ppdegalicia.com\\\/es\\\/#organization\"},\"image\":{\"@id\":\"https:\\\/\\\/ppdegalicia.com\\\/es\\\/pedro-puy-cualifica-de-razoable-a-decision-da-xunta-de-aprazar-ata-2021-as-oposicions-docentes\\\/#primaryimage\"},\"thumbnailUrl\":\"https:\\\/\\\/ppdegalicia.com\\\/wp-content\\\/uploads\\\/2020\\\/04\\\/2fb5466a104eac2a47f2a0a18a529671.jpg\",\"articleSection\":[\"PP de Galicia\"],\"inLanguage\":\"es\",\"potentialAction\":[{\"@type\":\"CommentAction\",\"name\":\"Comment\",\"target\":[\"https:\\\/\\\/ppdegalicia.com\\\/es\\\/pedro-puy-cualifica-de-razoable-a-decision-da-xunta-de-aprazar-ata-2021-as-oposicions-docentes\\\/#respond\"]}]},{\"@type\":\"WebPage\",\"@id\":\"https:\\\/\\\/ppdegalicia.com\\\/es\\\/pedro-puy-cualifica-de-razoable-a-decision-da-xunta-de-aprazar-ata-2021-as-oposicions-docentes\\\/\",\"url\":\"https:\\\/\\\/ppdegalicia.com\\\/es\\\/pedro-puy-cualifica-de-razoable-a-decision-da-xunta-de-aprazar-ata-2021-as-oposicions-docentes\\\/\",\"name\":\"Pedro Puy cualifica de \u201crazoable\u201d a decisi\u00f3n da Xunta de aprazar ata 2021 as oposici\u00f3ns docentes - PP de Galicia\",\"isPartOf\":{\"@id\":\"https:\\\/\\\/ppdegalicia.com\\\/es\\\/#website\"},\"primaryImageOfPage\":{\"@id\":\"https:\\\/\\\/ppdegalicia.com\\\/es\\\/pedro-puy-cualifica-de-razoable-a-decision-da-xunta-de-aprazar-ata-2021-as-oposicions-docentes\\\/#primaryimage\"},\"image\":{\"@id\":\"https:\\\/\\\/ppdegalicia.com\\\/es\\\/pedro-puy-cualifica-de-razoable-a-decision-da-xunta-de-aprazar-ata-2021-as-oposicions-docentes\\\/#primaryimage\"},\"thumbnailUrl\":\"https:\\\/\\\/ppdegalicia.com\\\/wp-content\\\/uploads\\\/2020\\\/04\\\/2fb5466a104eac2a47f2a0a18a529671.jpg\",\"datePublished\":\"2020-04-23T21:52:50+00:00\",\"breadcrumb\":{\"@id\":\"https:\\\/\\\/ppdegalicia.com\\\/es\\\/pedro-puy-cualifica-de-razoable-a-decision-da-xunta-de-aprazar-ata-2021-as-oposicions-docentes\\\/#breadcrumb\"},\"inLanguage\":\"es\",\"potentialAction\":[{\"@type\":\"ReadAction\",\"target\":[\"https:\\\/\\\/ppdegalicia.com\\\/es\\\/pedro-puy-cualifica-de-razoable-a-decision-da-xunta-de-aprazar-ata-2021-as-oposicions-docentes\\\/\"]}]},{\"@type\":\"ImageObject\",\"inLanguage\":\"es\",\"@id\":\"https:\\\/\\\/ppdegalicia.com\\\/es\\\/pedro-puy-cualifica-de-razoable-a-decision-da-xunta-de-aprazar-ata-2021-as-oposicions-docentes\\\/#primaryimage\",\"url\":\"https:\\\/\\\/ppdegalicia.com\\\/wp-content\\\/uploads\\\/2020\\\/04\\\/2fb5466a104eac2a47f2a0a18a529671.jpg\",\"contentUrl\":\"https:\\\/\\\/ppdegalicia.com\\\/wp-content\\\/uploads\\\/2020\\\/04\\\/2fb5466a104eac2a47f2a0a18a529671.jpg\",\"width\":600,\"height\":450},{\"@type\":\"BreadcrumbList\",\"@id\":\"https:\\\/\\\/ppdegalicia.com\\\/es\\\/pedro-puy-cualifica-de-razoable-a-decision-da-xunta-de-aprazar-ata-2021-as-oposicions-docentes\\\/#breadcrumb\",\"itemListElement\":[{\"@type\":\"ListItem\",\"position\":1,\"name\":\"Portada\",\"item\":\"https:\\\/\\\/ppdegalicia.com\\\/es\\\/\"},{\"@type\":\"ListItem\",\"position\":2,\"name\":\"Pedro Puy cualifica de \u201crazoable\u201d a decisi\u00f3n da Xunta de aprazar ata 2021 as oposici\u00f3ns docentes\"}]},{\"@type\":\"WebSite\",\"@id\":\"https:\\\/\\\/ppdegalicia.com\\\/es\\\/#website\",\"url\":\"https:\\\/\\\/ppdegalicia.com\\\/es\\\/\",\"name\":\"Partido Popular de Galicia\",\"description\":\"Partido Popular de Galicia\",\"publisher\":{\"@id\":\"https:\\\/\\\/ppdegalicia.com\\\/es\\\/#organization\"},\"alternateName\":\"PP de Galicia\",\"potentialAction\":[{\"@type\":\"SearchAction\",\"target\":{\"@type\":\"EntryPoint\",\"urlTemplate\":\"https:\\\/\\\/ppdegalicia.com\\\/es\\\/?s={search_term_string}\"},\"query-input\":{\"@type\":\"PropertyValueSpecification\",\"valueRequired\":true,\"valueName\":\"search_term_string\"}}],\"inLanguage\":\"es\"},{\"@type\":\"Organization\",\"@id\":\"https:\\\/\\\/ppdegalicia.com\\\/es\\\/#organization\",\"name\":\"Partido Popular de Galicia\",\"alternateName\":\"PP de Galicia\",\"url\":\"https:\\\/\\\/ppdegalicia.com\\\/es\\\/\",\"logo\":{\"@type\":\"ImageObject\",\"inLanguage\":\"es\",\"@id\":\"https:\\\/\\\/ppdegalicia.com\\\/es\\\/#\\\/schema\\\/logo\\\/image\\\/\",\"url\":\"https:\\\/\\\/ppdegalicia.com\\\/wp-content\\\/uploads\\\/2023\\\/04\\\/logoPP512.png\",\"contentUrl\":\"https:\\\/\\\/ppdegalicia.com\\\/wp-content\\\/uploads\\\/2023\\\/04\\\/logoPP512.png\",\"width\":512,\"height\":512,\"caption\":\"Partido Popular de Galicia\"},\"image\":{\"@id\":\"https:\\\/\\\/ppdegalicia.com\\\/es\\\/#\\\/schema\\\/logo\\\/image\\\/\"},\"sameAs\":[\"https:\\\/\\\/www.instagram.com\\\/ppdegalicia\\\/\",\"https:\\\/\\\/x.com\\\/ppdegalicia\",\"https:\\\/\\\/www.tiktok.com\\\/@ppdegalicia\",\"https:\\\/\\\/www.youtube.com\\\/user\\\/ppdegalicia\"]},{\"@type\":\"Person\",\"@id\":\"https:\\\/\\\/ppdegalicia.com\\\/es\\\/#\\\/schema\\\/person\\\/d0f013b8388c980665d44009ab762960\",\"name\":\"Super User\",\"image\":{\"@type\":\"ImageObject\",\"inLanguage\":\"es\",\"@id\":\"https:\\\/\\\/secure.gravatar.com\\\/avatar\\\/1db852625ef4948f58d2739bfbc51e4b9bd5c93b8fa340b59fdb594ca0845645?s=96&d=mm&r=g\",\"url\":\"https:\\\/\\\/secure.gravatar.com\\\/avatar\\\/1db852625ef4948f58d2739bfbc51e4b9bd5c93b8fa340b59fdb594ca0845645?s=96&d=mm&r=g\",\"contentUrl\":\"https:\\\/\\\/secure.gravatar.com\\\/avatar\\\/1db852625ef4948f58d2739bfbc51e4b9bd5c93b8fa340b59fdb594ca0845645?s=96&d=mm&r=g\",\"caption\":\"Super User\"},\"url\":\"https:\\\/\\\/ppdegalicia.com\\\/es\\\/author\\\/ppdegaliciagestion\\\/\"}]}<\/script>\n<!-- \/ Yoast SEO plugin. -->","yoast_head_json":{"title":"Pedro Puy cualifica de \u201crazoable\u201d a decisi\u00f3n da Xunta de aprazar ata 2021 as oposici\u00f3ns docentes - PP de Galicia","robots":{"index":"index","follow":"follow","max-snippet":"max-snippet:-1","max-image-preview":"max-image-preview:large","max-video-preview":"max-video-preview:-1"},"canonical":"https:\/\/ppdegalicia.com\/es\/pedro-puy-cualifica-de-razoable-a-decision-da-xunta-de-aprazar-ata-2021-as-oposicions-docentes\/","og_locale":"es_ES","og_type":"article","og_title":"Pedro Puy cualifica de \u201crazoable\u201d a decisi\u00f3n da Xunta de aprazar ata 2021 as oposici\u00f3ns docentes - PP de Galicia","og_description":"Santiago, 22 de abril de 2020.- O portavoz do Grupo Popular, Pedro Puy, cualificou hoxe de \u201crazoable\u201d a decisi\u00f3n adoptada pola Xunta de Galicia de aprazar ata o vindeiro ano 2021 as oposici\u00f3ns docentes, \u201cunha vez esperou ata o l\u00edmite do prazo para a s\u00faa celebraci\u00f3n\u201d.","og_url":"https:\/\/ppdegalicia.com\/es\/pedro-puy-cualifica-de-razoable-a-decision-da-xunta-de-aprazar-ata-2021-as-oposicions-docentes\/","og_site_name":"PP de Galicia","article_publisher":"https:\/\/www.instagram.com\/ppdegalicia\/","article_published_time":"2020-04-23T21:52:50+00:00","og_image":[{"width":600,"height":450,"url":"https:\/\/ppdegalicia.com\/wp-content\/uploads\/2020\/04\/2fb5466a104eac2a47f2a0a18a529671.jpg","type":"image\/jpeg"}],"author":"Super User","twitter_card":"summary_large_image","twitter_creator":"@ppdegalicia","twitter_site":"@ppdegalicia","twitter_misc":{"Escrito por":"Super User","Tiempo de lectura":"1 minuto"},"schema":{"@context":"https:\/\/schema.org","@graph":[{"@type":"Article","@id":"https:\/\/ppdegalicia.com\/es\/pedro-puy-cualifica-de-razoable-a-decision-da-xunta-de-aprazar-ata-2021-as-oposicions-docentes\/#article","isPartOf":{"@id":"https:\/\/ppdegalicia.com\/es\/pedro-puy-cualifica-de-razoable-a-decision-da-xunta-de-aprazar-ata-2021-as-oposicions-docentes\/"},"author":{"name":"Super User","@id":"https:\/\/ppdegalicia.com\/es\/#\/schema\/person\/d0f013b8388c980665d44009ab762960"},"headline":"Pedro Puy cualifica de \u201crazoable\u201d a decisi\u00f3n da Xunta de aprazar ata 2021 as oposici\u00f3ns docentes","datePublished":"2020-04-23T21:52:50+00:00","mainEntityOfPage":{"@id":"https:\/\/ppdegalicia.com\/es\/pedro-puy-cualifica-de-razoable-a-decision-da-xunta-de-aprazar-ata-2021-as-oposicions-docentes\/"},"wordCount":272,"commentCount":0,"publisher":{"@id":"https:\/\/ppdegalicia.com\/es\/#organization"},"image":{"@id":"https:\/\/ppdegalicia.com\/es\/pedro-puy-cualifica-de-razoable-a-decision-da-xunta-de-aprazar-ata-2021-as-oposicions-docentes\/#primaryimage"},"thumbnailUrl":"https:\/\/ppdegalicia.com\/wp-content\/uploads\/2020\/04\/2fb5466a104eac2a47f2a0a18a529671.jpg","articleSection":["PP de Galicia"],"inLanguage":"es","potentialAction":[{"@type":"CommentAction","name":"Comment","target":["https:\/\/ppdegalicia.com\/es\/pedro-puy-cualifica-de-razoable-a-decision-da-xunta-de-aprazar-ata-2021-as-oposicions-docentes\/#respond"]}]},{"@type":"WebPage","@id":"https:\/\/ppdegalicia.com\/es\/pedro-puy-cualifica-de-razoable-a-decision-da-xunta-de-aprazar-ata-2021-as-oposicions-docentes\/","url":"https:\/\/ppdegalicia.com\/es\/pedro-puy-cualifica-de-razoable-a-decision-da-xunta-de-aprazar-ata-2021-as-oposicions-docentes\/","name":"Pedro Puy cualifica de \u201crazoable\u201d a decisi\u00f3n da Xunta de aprazar ata 2021 as oposici\u00f3ns docentes - PP de Galicia","isPartOf":{"@id":"https:\/\/ppdegalicia.com\/es\/#website"},"primaryImageOfPage":{"@id":"https:\/\/ppdegalicia.com\/es\/pedro-puy-cualifica-de-razoable-a-decision-da-xunta-de-aprazar-ata-2021-as-oposicions-docentes\/#primaryimage"},"image":{"@id":"https:\/\/ppdegalicia.com\/es\/pedro-puy-cualifica-de-razoable-a-decision-da-xunta-de-aprazar-ata-2021-as-oposicions-docentes\/#primaryimage"},"thumbnailUrl":"https:\/\/ppdegalicia.com\/wp-content\/uploads\/2020\/04\/2fb5466a104eac2a47f2a0a18a529671.jpg","datePublished":"2020-04-23T21:52:50+00:00","breadcrumb":{"@id":"https:\/\/ppdegalicia.com\/es\/pedro-puy-cualifica-de-razoable-a-decision-da-xunta-de-aprazar-ata-2021-as-oposicions-docentes\/#breadcrumb"},"inLanguage":"es","potentialAction":[{"@type":"ReadAction","target":["https:\/\/ppdegalicia.com\/es\/pedro-puy-cualifica-de-razoable-a-decision-da-xunta-de-aprazar-ata-2021-as-oposicions-docentes\/"]}]},{"@type":"ImageObject","inLanguage":"es","@id":"https:\/\/ppdegalicia.com\/es\/pedro-puy-cualifica-de-razoable-a-decision-da-xunta-de-aprazar-ata-2021-as-oposicions-docentes\/#primaryimage","url":"https:\/\/ppdegalicia.com\/wp-content\/uploads\/2020\/04\/2fb5466a104eac2a47f2a0a18a529671.jpg","contentUrl":"https:\/\/ppdegalicia.com\/wp-content\/uploads\/2020\/04\/2fb5466a104eac2a47f2a0a18a529671.jpg","width":600,"height":450},{"@type":"BreadcrumbList","@id":"https:\/\/ppdegalicia.com\/es\/pedro-puy-cualifica-de-razoable-a-decision-da-xunta-de-aprazar-ata-2021-as-oposicions-docentes\/#breadcrumb","itemListElement":[{"@type":"ListItem","position":1,"name":"Portada","item":"https:\/\/ppdegalicia.com\/es\/"},{"@type":"ListItem","position":2,"name":"Pedro Puy cualifica de \u201crazoable\u201d a decisi\u00f3n da Xunta de aprazar ata 2021 as oposici\u00f3ns docentes"}]},{"@type":"WebSite","@id":"https:\/\/ppdegalicia.com\/es\/#website","url":"https:\/\/ppdegalicia.com\/es\/","name":"Partido Popular de Galicia","description":"Partido Popular de Galicia","publisher":{"@id":"https:\/\/ppdegalicia.com\/es\/#organization"},"alternateName":"PP de Galicia","potentialAction":[{"@type":"SearchAction","target":{"@type":"EntryPoint","urlTemplate":"https:\/\/ppdegalicia.com\/es\/?s={search_term_string}"},"query-input":{"@type":"PropertyValueSpecification","valueRequired":true,"valueName":"search_term_string"}}],"inLanguage":"es"},{"@type":"Organization","@id":"https:\/\/ppdegalicia.com\/es\/#organization","name":"Partido Popular de Galicia","alternateName":"PP de Galicia","url":"https:\/\/ppdegalicia.com\/es\/","logo":{"@type":"ImageObject","inLanguage":"es","@id":"https:\/\/ppdegalicia.com\/es\/#\/schema\/logo\/image\/","url":"https:\/\/ppdegalicia.com\/wp-content\/uploads\/2023\/04\/logoPP512.png","contentUrl":"https:\/\/ppdegalicia.com\/wp-content\/uploads\/2023\/04\/logoPP512.png","width":512,"height":512,"caption":"Partido Popular de Galicia"},"image":{"@id":"https:\/\/ppdegalicia.com\/es\/#\/schema\/logo\/image\/"},"sameAs":["https:\/\/www.instagram.com\/ppdegalicia\/","https:\/\/x.com\/ppdegalicia","https:\/\/www.tiktok.com\/@ppdegalicia","https:\/\/www.youtube.com\/user\/ppdegalicia"]},{"@type":"Person","@id":"https:\/\/ppdegalicia.com\/es\/#\/schema\/person\/d0f013b8388c980665d44009ab762960","name":"Super User","image":{"@type":"ImageObject","inLanguage":"es","@id":"https:\/\/secure.gravatar.com\/avatar\/1db852625ef4948f58d2739bfbc51e4b9bd5c93b8fa340b59fdb594ca0845645?s=96&d=mm&r=g","url":"https:\/\/secure.gravatar.com\/avatar\/1db852625ef4948f58d2739bfbc51e4b9bd5c93b8fa340b59fdb594ca0845645?s=96&d=mm&r=g","contentUrl":"https:\/\/secure.gravatar.com\/avatar\/1db852625ef4948f58d2739bfbc51e4b9bd5c93b8fa340b59fdb594ca0845645?s=96&d=mm&r=g","caption":"Super User"},"url":"https:\/\/ppdegalicia.com\/es\/author\/ppdegaliciagestion\/"}]}},"_links":{"self":[{"href":"https:\/\/ppdegalicia.com\/es\/wp-json\/wp\/v2\/posts\/54432","targetHints":{"allow":["GET"]}}],"collection":[{"href":"https:\/\/ppdegalicia.com\/es\/wp-json\/wp\/v2\/posts"}],"about":[{"href":"https:\/\/ppdegalicia.com\/es\/wp-json\/wp\/v2\/types\/post"}],"author":[{"embeddable":true,"href":"https:\/\/ppdegalicia.com\/es\/wp-json\/wp\/v2\/users\/37"}],"replies":[{"embeddable":true,"href":"https:\/\/ppdegalicia.com\/es\/wp-json\/wp\/v2\/comments?post=54432"}],"version-history":[{"count":0,"href":"https:\/\/ppdegalicia.com\/es\/wp-json\/wp\/v2\/posts\/54432\/revisions"}],"wp:featuredmedia":[{"embeddable":true,"href":"https:\/\/ppdegalicia.com\/es\/wp-json\/wp\/v2\/media\/54431"}],"wp:attachment":[{"href":"https:\/\/ppdegalicia.com\/es\/wp-json\/wp\/v2\/media?parent=54432"}],"wp:term":[{"taxonomy":"category","embeddable":true,"href":"https:\/\/ppdegalicia.com\/es\/wp-json\/wp\/v2\/categories?post=54432"},{"taxonomy":"post_tag","embeddable":true,"href":"https:\/\/ppdegalicia.com\/es\/wp-json\/wp\/v2\/tags?post=54432"}],"curies":[{"name":"wp","href":"https:\/\/api.w.org\/{rel}","templated":true}]}}