{"id":54458,"date":"2020-05-13T00:12:33","date_gmt":"2020-05-12T22:12:33","guid":{"rendered":"https:\/\/ppdegalicia.com\/o-ppdeg-presentara-unha-mocion-para-incrementar-o-numero-de-mesas-en-terrazas-e-para-suprimir-a-taxa-pola-sua-instalacion-en-2020\/"},"modified":"2020-05-13T00:12:33","modified_gmt":"2020-05-12T22:12:33","slug":"o-ppdeg-presentara-unha-mocion-para-incrementar-o-numero-de-mesas-en-terrazas-e-para-suprimir-a-taxa-pola-sua-instalacion-en-2020","status":"publish","type":"post","link":"https:\/\/ppdegalicia.com\/es\/o-ppdeg-presentara-unha-mocion-para-incrementar-o-numero-de-mesas-en-terrazas-e-para-suprimir-a-taxa-pola-sua-instalacion-en-2020\/","title":{"rendered":"O PPdeG presentar\u00e1 unha moci\u00f3n para incrementar o n\u00famero de mesas en terrazas e para suprimir a taxa pola s\u00faa instalaci\u00f3n en 2020"},"content":{"rendered":"<p><img fetchpriority=\"high\" decoding=\"async\" class=\" size-full wp-image-54457\" src=\"https:\/\/ppdegalicia.com\/wp-content\/uploads\/2020\/05\/5d1f0c309597094fa83786e1b3ac0681.jpg\" alt=\"\" width=\"600\" height=\"400\" srcset=\"https:\/\/ppdegalicia.com\/wp-content\/uploads\/2020\/05\/5d1f0c309597094fa83786e1b3ac0681.jpg 600w, https:\/\/ppdegalicia.com\/wp-content\/uploads\/2020\/05\/5d1f0c309597094fa83786e1b3ac0681-300x200.jpg 300w\" sizes=\"(max-width: 600px) 100vw, 600px\" \/><\/p>\n<p><span style=\"text-decoration: underline;\">13, maio, 2020.<\/span> O PPdeG presentar\u00e1 unha moci\u00f3n nos concellos para modificar os espazos p\u00fablicos dispo\u00f1ibles que permitan incrementar o n\u00famero de mesas en terrazas dos establecementos de hostaler\u00eda e resolver\u00e1 as solicitudes de permiso coa m\u00e1xima celeridade posible.<\/p>\n<p><!--more--><\/p>\n<p>As\u00ed mesmo, por motivo da pandemia do COVID-19, solicitarase a modificaci\u00f3n da ordenanza fiscal reguladora das terrazas establecendo a exenci\u00f3n excepcional do cumprimento da obriga tributaria polo aproveitamento e ocupaci\u00f3n da v\u00eda p\u00fablica aos establecementos hostaleiros durante este ano 2020.<\/p>\n<p>\u00a0<\/p>\n<p>\u00a0<\/p>\n<p><strong><span style=\"text-decoration: underline;\">APOIO AOS HOSTALEIROS<\/span><\/strong><\/p>\n<p>A declaraci\u00f3n do estado de alarma non s\u00f3 impuxo restrici\u00f3ns na mobilidade das persoas, sen\u00f3n tam\u00e9n a suspensi\u00f3n ou a limitaci\u00f3n dun n\u00famero importante de actividades sociais e econ\u00f3micas ante o risco para a sa\u00fade p\u00fablica que sup\u00f3n a propagaci\u00f3n do COVID-19.<\/p>\n<p>\u00a0<\/p>\n<p>Os populares amosan as\u00ed o seu apoio incondicional a un dos sectores m\u00e1is castigados por esta pandemia como \u00e9 o da hostaler\u00eda, desempe\u00f1ado por un amplo n\u00famero de aut\u00f3nomos ou pequenas empresas que xeran moitos empregos nos nosos concellos; sen esquecer que a prioridade \u00e9 garantir a sa\u00fade de todos os cidad\u00e1ns.<\/p>\n<p>\u00a0<\/p>\n<p>Estes establecementos hostaleiros estanse vendo privados de gran parte da s\u00faa facturaci\u00f3n anual polo peche obrigado durante a Semana Santa e estes meses de primavera. Ademais, a gran maior\u00eda deben afrontar gastos operativos fixos, como os financeiros, de alugueiro ou tributarios, que comprometen seriamente a s\u00faa viabilidade econ\u00f3mica.<\/p>\n<p>\u00a0<\/p>\n<p>C\u00f3mpre lembrar que naquelas unidades territoriais, como Galicia, \u00e1s que nos sexa aplicable \u00e1 fase 1 poder\u00e1n abrir ao p\u00fablico as terrazas ao aire libre dos establecementos de hostaler\u00eda e restauraci\u00f3n limit\u00e1ndose ao 50% das mesas permitidas no ano 2019 en base a correspondente licencia municipal. Igualmente, este precepto habilita aos concellos a permitir o incremento do n\u00famero de mesas que lle corresponder\u00eda a ese establecemento aumentando a superficie destinada a terraza, e con elo facilitando que se respecten as necesarias distancias de seguridade entre as cadeiras das mesas.<\/p>\n<p>\u00a0<\/p>\n<p><strong><span style=\"text-decoration: underline;\">\u00c1XILES E DILIXENTES<\/span><\/strong><\/p>\n<p>Os populares consideran que non s\u00f3 se debe ser \u00e1xil na resoluci\u00f3n destes permisos, sen\u00f3n tam\u00e9n dilixentes informando aos titulares destes establecementos desta posibilidade normativa e da dispo\u00f1ibilidade da administraci\u00f3n local para a s\u00faa implementaci\u00f3n ampliando as terrazas a zonas peon\u00eds ou de aparcamento, as\u00ed como pechando determinadas r\u00faas ao tr\u00e1fico para dispo\u00f1er dun maior espazo para pasear e ubicar mesas.<\/p>\n<p>\u00a0<\/p>\n<p>Por outra parte, o concello, no uso das facultades concedidas polas leis reguladoras das bases de r\u00e9xime local e das facendas locais, aprobou a ordenanza fiscal que establece unha taxa pola instalaci\u00f3n de terrazas. Ante a ca\u00edda dos ingresos destes establecementos, as limitaci\u00f3ns de aforo e distancia xustificadas por motivos sanitarios e a fonda repercusi\u00f3n no emprego que ten este sector, non houbo outro momento m\u00e1is xustificado que este para establecer unha exenci\u00f3n do pago da taxa pola instalaci\u00f3n de terrazas.<\/p>\n","protected":false},"excerpt":{"rendered":"<p>13, maio, 2020. O PPdeG presentar\u00e1 unha moci\u00f3n nos concellos para modificar os espazos p\u00fablicos dispo\u00f1ibles que permitan incrementar o n\u00famero de mesas en terrazas dos establecementos de hostaler\u00eda e resolver\u00e1 as solicitudes de permiso coa m\u00e1xima celeridade posible.<\/p>\n","protected":false},"author":37,"featured_media":54457,"comment_status":"open","ping_status":"open","sticky":false,"template":"","format":"standard","meta":{"_acf_changed":false,"footnotes":""},"categories":[1],"tags":[],"class_list":["post-54458","post","type-post","status-publish","format-standard","has-post-thumbnail","hentry","category-pp-de-galicia"],"acf":[],"yoast_head":"<!-- This site is optimized with the Yoast SEO plugin v27.3 - https:\/\/yoast.com\/product\/yoast-seo-wordpress\/ -->\n<title>O PPdeG presentar\u00e1 unha moci\u00f3n para incrementar o n\u00famero de mesas en terrazas e para suprimir a taxa pola s\u00faa instalaci\u00f3n en 2020 - PP de Galicia<\/title>\n<meta name=\"robots\" content=\"index, follow, max-snippet:-1, max-image-preview:large, max-video-preview:-1\" \/>\n<link rel=\"canonical\" href=\"https:\/\/ppdegalicia.com\/es\/o-ppdeg-presentara-unha-mocion-para-incrementar-o-numero-de-mesas-en-terrazas-e-para-suprimir-a-taxa-pola-sua-instalacion-en-2020\/\" \/>\n<meta property=\"og:locale\" content=\"es_ES\" \/>\n<meta property=\"og:type\" content=\"article\" \/>\n<meta property=\"og:title\" content=\"O PPdeG presentar\u00e1 unha moci\u00f3n para incrementar o n\u00famero de mesas en terrazas e para suprimir a taxa pola s\u00faa instalaci\u00f3n en 2020 - PP de Galicia\" \/>\n<meta property=\"og:description\" content=\"13, maio, 2020. O PPdeG presentar\u00e1 unha moci\u00f3n nos concellos para modificar os espazos p\u00fablicos dispo\u00f1ibles que permitan incrementar o n\u00famero de mesas en terrazas dos establecementos de hostaler\u00eda e resolver\u00e1 as solicitudes de permiso coa m\u00e1xima celeridade posible.\" \/>\n<meta property=\"og:url\" content=\"https:\/\/ppdegalicia.com\/es\/o-ppdeg-presentara-unha-mocion-para-incrementar-o-numero-de-mesas-en-terrazas-e-para-suprimir-a-taxa-pola-sua-instalacion-en-2020\/\" \/>\n<meta property=\"og:site_name\" content=\"PP de Galicia\" \/>\n<meta property=\"article:publisher\" content=\"https:\/\/www.instagram.com\/ppdegalicia\/\" \/>\n<meta property=\"article:published_time\" content=\"2020-05-12T22:12:33+00:00\" \/>\n<meta property=\"og:image\" content=\"https:\/\/ppdegalicia.com\/wp-content\/uploads\/2020\/05\/5d1f0c309597094fa83786e1b3ac0681.jpg\" \/>\n\t<meta property=\"og:image:width\" content=\"600\" \/>\n\t<meta property=\"og:image:height\" content=\"400\" \/>\n\t<meta property=\"og:image:type\" content=\"image\/jpeg\" \/>\n<meta name=\"author\" content=\"Super User\" \/>\n<meta name=\"twitter:card\" content=\"summary_large_image\" \/>\n<meta name=\"twitter:creator\" content=\"@ppdegalicia\" \/>\n<meta name=\"twitter:site\" content=\"@ppdegalicia\" \/>\n<meta name=\"twitter:label1\" content=\"Escrito por\" \/>\n\t<meta name=\"twitter:data1\" content=\"Super User\" \/>\n\t<meta name=\"twitter:label2\" content=\"Tiempo de lectura\" \/>\n\t<meta name=\"twitter:data2\" content=\"3 minutos\" \/>\n<script type=\"application\/ld+json\" class=\"yoast-schema-graph\">{\"@context\":\"https:\\\/\\\/schema.org\",\"@graph\":[{\"@type\":\"Article\",\"@id\":\"https:\\\/\\\/ppdegalicia.com\\\/es\\\/o-ppdeg-presentara-unha-mocion-para-incrementar-o-numero-de-mesas-en-terrazas-e-para-suprimir-a-taxa-pola-sua-instalacion-en-2020\\\/#article\",\"isPartOf\":{\"@id\":\"https:\\\/\\\/ppdegalicia.com\\\/es\\\/o-ppdeg-presentara-unha-mocion-para-incrementar-o-numero-de-mesas-en-terrazas-e-para-suprimir-a-taxa-pola-sua-instalacion-en-2020\\\/\"},\"author\":{\"name\":\"Super User\",\"@id\":\"https:\\\/\\\/ppdegalicia.com\\\/es\\\/#\\\/schema\\\/person\\\/d0f013b8388c980665d44009ab762960\"},\"headline\":\"O PPdeG presentar\u00e1 unha moci\u00f3n para incrementar o n\u00famero de mesas en terrazas e para suprimir a taxa pola s\u00faa instalaci\u00f3n en 2020\",\"datePublished\":\"2020-05-12T22:12:33+00:00\",\"mainEntityOfPage\":{\"@id\":\"https:\\\/\\\/ppdegalicia.com\\\/es\\\/o-ppdeg-presentara-unha-mocion-para-incrementar-o-numero-de-mesas-en-terrazas-e-para-suprimir-a-taxa-pola-sua-instalacion-en-2020\\\/\"},\"wordCount\":537,\"commentCount\":0,\"publisher\":{\"@id\":\"https:\\\/\\\/ppdegalicia.com\\\/es\\\/#organization\"},\"image\":{\"@id\":\"https:\\\/\\\/ppdegalicia.com\\\/es\\\/o-ppdeg-presentara-unha-mocion-para-incrementar-o-numero-de-mesas-en-terrazas-e-para-suprimir-a-taxa-pola-sua-instalacion-en-2020\\\/#primaryimage\"},\"thumbnailUrl\":\"https:\\\/\\\/ppdegalicia.com\\\/wp-content\\\/uploads\\\/2020\\\/05\\\/5d1f0c309597094fa83786e1b3ac0681.jpg\",\"articleSection\":[\"PP de Galicia\"],\"inLanguage\":\"es\",\"potentialAction\":[{\"@type\":\"CommentAction\",\"name\":\"Comment\",\"target\":[\"https:\\\/\\\/ppdegalicia.com\\\/es\\\/o-ppdeg-presentara-unha-mocion-para-incrementar-o-numero-de-mesas-en-terrazas-e-para-suprimir-a-taxa-pola-sua-instalacion-en-2020\\\/#respond\"]}]},{\"@type\":\"WebPage\",\"@id\":\"https:\\\/\\\/ppdegalicia.com\\\/es\\\/o-ppdeg-presentara-unha-mocion-para-incrementar-o-numero-de-mesas-en-terrazas-e-para-suprimir-a-taxa-pola-sua-instalacion-en-2020\\\/\",\"url\":\"https:\\\/\\\/ppdegalicia.com\\\/es\\\/o-ppdeg-presentara-unha-mocion-para-incrementar-o-numero-de-mesas-en-terrazas-e-para-suprimir-a-taxa-pola-sua-instalacion-en-2020\\\/\",\"name\":\"O PPdeG presentar\u00e1 unha moci\u00f3n para incrementar o n\u00famero de mesas en terrazas e para suprimir a taxa pola s\u00faa instalaci\u00f3n en 2020 - PP de Galicia\",\"isPartOf\":{\"@id\":\"https:\\\/\\\/ppdegalicia.com\\\/es\\\/#website\"},\"primaryImageOfPage\":{\"@id\":\"https:\\\/\\\/ppdegalicia.com\\\/es\\\/o-ppdeg-presentara-unha-mocion-para-incrementar-o-numero-de-mesas-en-terrazas-e-para-suprimir-a-taxa-pola-sua-instalacion-en-2020\\\/#primaryimage\"},\"image\":{\"@id\":\"https:\\\/\\\/ppdegalicia.com\\\/es\\\/o-ppdeg-presentara-unha-mocion-para-incrementar-o-numero-de-mesas-en-terrazas-e-para-suprimir-a-taxa-pola-sua-instalacion-en-2020\\\/#primaryimage\"},\"thumbnailUrl\":\"https:\\\/\\\/ppdegalicia.com\\\/wp-content\\\/uploads\\\/2020\\\/05\\\/5d1f0c309597094fa83786e1b3ac0681.jpg\",\"datePublished\":\"2020-05-12T22:12:33+00:00\",\"breadcrumb\":{\"@id\":\"https:\\\/\\\/ppdegalicia.com\\\/es\\\/o-ppdeg-presentara-unha-mocion-para-incrementar-o-numero-de-mesas-en-terrazas-e-para-suprimir-a-taxa-pola-sua-instalacion-en-2020\\\/#breadcrumb\"},\"inLanguage\":\"es\",\"potentialAction\":[{\"@type\":\"ReadAction\",\"target\":[\"https:\\\/\\\/ppdegalicia.com\\\/es\\\/o-ppdeg-presentara-unha-mocion-para-incrementar-o-numero-de-mesas-en-terrazas-e-para-suprimir-a-taxa-pola-sua-instalacion-en-2020\\\/\"]}]},{\"@type\":\"ImageObject\",\"inLanguage\":\"es\",\"@id\":\"https:\\\/\\\/ppdegalicia.com\\\/es\\\/o-ppdeg-presentara-unha-mocion-para-incrementar-o-numero-de-mesas-en-terrazas-e-para-suprimir-a-taxa-pola-sua-instalacion-en-2020\\\/#primaryimage\",\"url\":\"https:\\\/\\\/ppdegalicia.com\\\/wp-content\\\/uploads\\\/2020\\\/05\\\/5d1f0c309597094fa83786e1b3ac0681.jpg\",\"contentUrl\":\"https:\\\/\\\/ppdegalicia.com\\\/wp-content\\\/uploads\\\/2020\\\/05\\\/5d1f0c309597094fa83786e1b3ac0681.jpg\",\"width\":600,\"height\":400},{\"@type\":\"BreadcrumbList\",\"@id\":\"https:\\\/\\\/ppdegalicia.com\\\/es\\\/o-ppdeg-presentara-unha-mocion-para-incrementar-o-numero-de-mesas-en-terrazas-e-para-suprimir-a-taxa-pola-sua-instalacion-en-2020\\\/#breadcrumb\",\"itemListElement\":[{\"@type\":\"ListItem\",\"position\":1,\"name\":\"Portada\",\"item\":\"https:\\\/\\\/ppdegalicia.com\\\/es\\\/\"},{\"@type\":\"ListItem\",\"position\":2,\"name\":\"O PPdeG presentar\u00e1 unha moci\u00f3n para incrementar o n\u00famero de mesas en terrazas e para suprimir a taxa pola s\u00faa instalaci\u00f3n en 2020\"}]},{\"@type\":\"WebSite\",\"@id\":\"https:\\\/\\\/ppdegalicia.com\\\/es\\\/#website\",\"url\":\"https:\\\/\\\/ppdegalicia.com\\\/es\\\/\",\"name\":\"Partido Popular de Galicia\",\"description\":\"Partido Popular de Galicia\",\"publisher\":{\"@id\":\"https:\\\/\\\/ppdegalicia.com\\\/es\\\/#organization\"},\"alternateName\":\"PP de Galicia\",\"potentialAction\":[{\"@type\":\"SearchAction\",\"target\":{\"@type\":\"EntryPoint\",\"urlTemplate\":\"https:\\\/\\\/ppdegalicia.com\\\/es\\\/?s={search_term_string}\"},\"query-input\":{\"@type\":\"PropertyValueSpecification\",\"valueRequired\":true,\"valueName\":\"search_term_string\"}}],\"inLanguage\":\"es\"},{\"@type\":\"Organization\",\"@id\":\"https:\\\/\\\/ppdegalicia.com\\\/es\\\/#organization\",\"name\":\"Partido Popular de Galicia\",\"alternateName\":\"PP de Galicia\",\"url\":\"https:\\\/\\\/ppdegalicia.com\\\/es\\\/\",\"logo\":{\"@type\":\"ImageObject\",\"inLanguage\":\"es\",\"@id\":\"https:\\\/\\\/ppdegalicia.com\\\/es\\\/#\\\/schema\\\/logo\\\/image\\\/\",\"url\":\"https:\\\/\\\/ppdegalicia.com\\\/wp-content\\\/uploads\\\/2023\\\/04\\\/logoPP512.png\",\"contentUrl\":\"https:\\\/\\\/ppdegalicia.com\\\/wp-content\\\/uploads\\\/2023\\\/04\\\/logoPP512.png\",\"width\":512,\"height\":512,\"caption\":\"Partido Popular de Galicia\"},\"image\":{\"@id\":\"https:\\\/\\\/ppdegalicia.com\\\/es\\\/#\\\/schema\\\/logo\\\/image\\\/\"},\"sameAs\":[\"https:\\\/\\\/www.instagram.com\\\/ppdegalicia\\\/\",\"https:\\\/\\\/x.com\\\/ppdegalicia\",\"https:\\\/\\\/www.tiktok.com\\\/@ppdegalicia\",\"https:\\\/\\\/www.youtube.com\\\/user\\\/ppdegalicia\"]},{\"@type\":\"Person\",\"@id\":\"https:\\\/\\\/ppdegalicia.com\\\/es\\\/#\\\/schema\\\/person\\\/d0f013b8388c980665d44009ab762960\",\"name\":\"Super User\",\"image\":{\"@type\":\"ImageObject\",\"inLanguage\":\"es\",\"@id\":\"https:\\\/\\\/secure.gravatar.com\\\/avatar\\\/1db852625ef4948f58d2739bfbc51e4b9bd5c93b8fa340b59fdb594ca0845645?s=96&d=mm&r=g\",\"url\":\"https:\\\/\\\/secure.gravatar.com\\\/avatar\\\/1db852625ef4948f58d2739bfbc51e4b9bd5c93b8fa340b59fdb594ca0845645?s=96&d=mm&r=g\",\"contentUrl\":\"https:\\\/\\\/secure.gravatar.com\\\/avatar\\\/1db852625ef4948f58d2739bfbc51e4b9bd5c93b8fa340b59fdb594ca0845645?s=96&d=mm&r=g\",\"caption\":\"Super User\"},\"url\":\"https:\\\/\\\/ppdegalicia.com\\\/es\\\/author\\\/ppdegaliciagestion\\\/\"}]}<\/script>\n<!-- \/ Yoast SEO plugin. -->","yoast_head_json":{"title":"O PPdeG presentar\u00e1 unha moci\u00f3n para incrementar o n\u00famero de mesas en terrazas e para suprimir a taxa pola s\u00faa instalaci\u00f3n en 2020 - PP de Galicia","robots":{"index":"index","follow":"follow","max-snippet":"max-snippet:-1","max-image-preview":"max-image-preview:large","max-video-preview":"max-video-preview:-1"},"canonical":"https:\/\/ppdegalicia.com\/es\/o-ppdeg-presentara-unha-mocion-para-incrementar-o-numero-de-mesas-en-terrazas-e-para-suprimir-a-taxa-pola-sua-instalacion-en-2020\/","og_locale":"es_ES","og_type":"article","og_title":"O PPdeG presentar\u00e1 unha moci\u00f3n para incrementar o n\u00famero de mesas en terrazas e para suprimir a taxa pola s\u00faa instalaci\u00f3n en 2020 - PP de Galicia","og_description":"13, maio, 2020. O PPdeG presentar\u00e1 unha moci\u00f3n nos concellos para modificar os espazos p\u00fablicos dispo\u00f1ibles que permitan incrementar o n\u00famero de mesas en terrazas dos establecementos de hostaler\u00eda e resolver\u00e1 as solicitudes de permiso coa m\u00e1xima celeridade posible.","og_url":"https:\/\/ppdegalicia.com\/es\/o-ppdeg-presentara-unha-mocion-para-incrementar-o-numero-de-mesas-en-terrazas-e-para-suprimir-a-taxa-pola-sua-instalacion-en-2020\/","og_site_name":"PP de Galicia","article_publisher":"https:\/\/www.instagram.com\/ppdegalicia\/","article_published_time":"2020-05-12T22:12:33+00:00","og_image":[{"width":600,"height":400,"url":"https:\/\/ppdegalicia.com\/wp-content\/uploads\/2020\/05\/5d1f0c309597094fa83786e1b3ac0681.jpg","type":"image\/jpeg"}],"author":"Super User","twitter_card":"summary_large_image","twitter_creator":"@ppdegalicia","twitter_site":"@ppdegalicia","twitter_misc":{"Escrito por":"Super User","Tiempo de lectura":"3 minutos"},"schema":{"@context":"https:\/\/schema.org","@graph":[{"@type":"Article","@id":"https:\/\/ppdegalicia.com\/es\/o-ppdeg-presentara-unha-mocion-para-incrementar-o-numero-de-mesas-en-terrazas-e-para-suprimir-a-taxa-pola-sua-instalacion-en-2020\/#article","isPartOf":{"@id":"https:\/\/ppdegalicia.com\/es\/o-ppdeg-presentara-unha-mocion-para-incrementar-o-numero-de-mesas-en-terrazas-e-para-suprimir-a-taxa-pola-sua-instalacion-en-2020\/"},"author":{"name":"Super User","@id":"https:\/\/ppdegalicia.com\/es\/#\/schema\/person\/d0f013b8388c980665d44009ab762960"},"headline":"O PPdeG presentar\u00e1 unha moci\u00f3n para incrementar o n\u00famero de mesas en terrazas e para suprimir a taxa pola s\u00faa instalaci\u00f3n en 2020","datePublished":"2020-05-12T22:12:33+00:00","mainEntityOfPage":{"@id":"https:\/\/ppdegalicia.com\/es\/o-ppdeg-presentara-unha-mocion-para-incrementar-o-numero-de-mesas-en-terrazas-e-para-suprimir-a-taxa-pola-sua-instalacion-en-2020\/"},"wordCount":537,"commentCount":0,"publisher":{"@id":"https:\/\/ppdegalicia.com\/es\/#organization"},"image":{"@id":"https:\/\/ppdegalicia.com\/es\/o-ppdeg-presentara-unha-mocion-para-incrementar-o-numero-de-mesas-en-terrazas-e-para-suprimir-a-taxa-pola-sua-instalacion-en-2020\/#primaryimage"},"thumbnailUrl":"https:\/\/ppdegalicia.com\/wp-content\/uploads\/2020\/05\/5d1f0c309597094fa83786e1b3ac0681.jpg","articleSection":["PP de Galicia"],"inLanguage":"es","potentialAction":[{"@type":"CommentAction","name":"Comment","target":["https:\/\/ppdegalicia.com\/es\/o-ppdeg-presentara-unha-mocion-para-incrementar-o-numero-de-mesas-en-terrazas-e-para-suprimir-a-taxa-pola-sua-instalacion-en-2020\/#respond"]}]},{"@type":"WebPage","@id":"https:\/\/ppdegalicia.com\/es\/o-ppdeg-presentara-unha-mocion-para-incrementar-o-numero-de-mesas-en-terrazas-e-para-suprimir-a-taxa-pola-sua-instalacion-en-2020\/","url":"https:\/\/ppdegalicia.com\/es\/o-ppdeg-presentara-unha-mocion-para-incrementar-o-numero-de-mesas-en-terrazas-e-para-suprimir-a-taxa-pola-sua-instalacion-en-2020\/","name":"O PPdeG presentar\u00e1 unha moci\u00f3n para incrementar o n\u00famero de mesas en terrazas e para suprimir a taxa pola s\u00faa instalaci\u00f3n en 2020 - PP de Galicia","isPartOf":{"@id":"https:\/\/ppdegalicia.com\/es\/#website"},"primaryImageOfPage":{"@id":"https:\/\/ppdegalicia.com\/es\/o-ppdeg-presentara-unha-mocion-para-incrementar-o-numero-de-mesas-en-terrazas-e-para-suprimir-a-taxa-pola-sua-instalacion-en-2020\/#primaryimage"},"image":{"@id":"https:\/\/ppdegalicia.com\/es\/o-ppdeg-presentara-unha-mocion-para-incrementar-o-numero-de-mesas-en-terrazas-e-para-suprimir-a-taxa-pola-sua-instalacion-en-2020\/#primaryimage"},"thumbnailUrl":"https:\/\/ppdegalicia.com\/wp-content\/uploads\/2020\/05\/5d1f0c309597094fa83786e1b3ac0681.jpg","datePublished":"2020-05-12T22:12:33+00:00","breadcrumb":{"@id":"https:\/\/ppdegalicia.com\/es\/o-ppdeg-presentara-unha-mocion-para-incrementar-o-numero-de-mesas-en-terrazas-e-para-suprimir-a-taxa-pola-sua-instalacion-en-2020\/#breadcrumb"},"inLanguage":"es","potentialAction":[{"@type":"ReadAction","target":["https:\/\/ppdegalicia.com\/es\/o-ppdeg-presentara-unha-mocion-para-incrementar-o-numero-de-mesas-en-terrazas-e-para-suprimir-a-taxa-pola-sua-instalacion-en-2020\/"]}]},{"@type":"ImageObject","inLanguage":"es","@id":"https:\/\/ppdegalicia.com\/es\/o-ppdeg-presentara-unha-mocion-para-incrementar-o-numero-de-mesas-en-terrazas-e-para-suprimir-a-taxa-pola-sua-instalacion-en-2020\/#primaryimage","url":"https:\/\/ppdegalicia.com\/wp-content\/uploads\/2020\/05\/5d1f0c309597094fa83786e1b3ac0681.jpg","contentUrl":"https:\/\/ppdegalicia.com\/wp-content\/uploads\/2020\/05\/5d1f0c309597094fa83786e1b3ac0681.jpg","width":600,"height":400},{"@type":"BreadcrumbList","@id":"https:\/\/ppdegalicia.com\/es\/o-ppdeg-presentara-unha-mocion-para-incrementar-o-numero-de-mesas-en-terrazas-e-para-suprimir-a-taxa-pola-sua-instalacion-en-2020\/#breadcrumb","itemListElement":[{"@type":"ListItem","position":1,"name":"Portada","item":"https:\/\/ppdegalicia.com\/es\/"},{"@type":"ListItem","position":2,"name":"O PPdeG presentar\u00e1 unha moci\u00f3n para incrementar o n\u00famero de mesas en terrazas e para suprimir a taxa pola s\u00faa instalaci\u00f3n en 2020"}]},{"@type":"WebSite","@id":"https:\/\/ppdegalicia.com\/es\/#website","url":"https:\/\/ppdegalicia.com\/es\/","name":"Partido Popular de Galicia","description":"Partido Popular de Galicia","publisher":{"@id":"https:\/\/ppdegalicia.com\/es\/#organization"},"alternateName":"PP de Galicia","potentialAction":[{"@type":"SearchAction","target":{"@type":"EntryPoint","urlTemplate":"https:\/\/ppdegalicia.com\/es\/?s={search_term_string}"},"query-input":{"@type":"PropertyValueSpecification","valueRequired":true,"valueName":"search_term_string"}}],"inLanguage":"es"},{"@type":"Organization","@id":"https:\/\/ppdegalicia.com\/es\/#organization","name":"Partido Popular de Galicia","alternateName":"PP de Galicia","url":"https:\/\/ppdegalicia.com\/es\/","logo":{"@type":"ImageObject","inLanguage":"es","@id":"https:\/\/ppdegalicia.com\/es\/#\/schema\/logo\/image\/","url":"https:\/\/ppdegalicia.com\/wp-content\/uploads\/2023\/04\/logoPP512.png","contentUrl":"https:\/\/ppdegalicia.com\/wp-content\/uploads\/2023\/04\/logoPP512.png","width":512,"height":512,"caption":"Partido Popular de Galicia"},"image":{"@id":"https:\/\/ppdegalicia.com\/es\/#\/schema\/logo\/image\/"},"sameAs":["https:\/\/www.instagram.com\/ppdegalicia\/","https:\/\/x.com\/ppdegalicia","https:\/\/www.tiktok.com\/@ppdegalicia","https:\/\/www.youtube.com\/user\/ppdegalicia"]},{"@type":"Person","@id":"https:\/\/ppdegalicia.com\/es\/#\/schema\/person\/d0f013b8388c980665d44009ab762960","name":"Super User","image":{"@type":"ImageObject","inLanguage":"es","@id":"https:\/\/secure.gravatar.com\/avatar\/1db852625ef4948f58d2739bfbc51e4b9bd5c93b8fa340b59fdb594ca0845645?s=96&d=mm&r=g","url":"https:\/\/secure.gravatar.com\/avatar\/1db852625ef4948f58d2739bfbc51e4b9bd5c93b8fa340b59fdb594ca0845645?s=96&d=mm&r=g","contentUrl":"https:\/\/secure.gravatar.com\/avatar\/1db852625ef4948f58d2739bfbc51e4b9bd5c93b8fa340b59fdb594ca0845645?s=96&d=mm&r=g","caption":"Super User"},"url":"https:\/\/ppdegalicia.com\/es\/author\/ppdegaliciagestion\/"}]}},"_links":{"self":[{"href":"https:\/\/ppdegalicia.com\/es\/wp-json\/wp\/v2\/posts\/54458","targetHints":{"allow":["GET"]}}],"collection":[{"href":"https:\/\/ppdegalicia.com\/es\/wp-json\/wp\/v2\/posts"}],"about":[{"href":"https:\/\/ppdegalicia.com\/es\/wp-json\/wp\/v2\/types\/post"}],"author":[{"embeddable":true,"href":"https:\/\/ppdegalicia.com\/es\/wp-json\/wp\/v2\/users\/37"}],"replies":[{"embeddable":true,"href":"https:\/\/ppdegalicia.com\/es\/wp-json\/wp\/v2\/comments?post=54458"}],"version-history":[{"count":0,"href":"https:\/\/ppdegalicia.com\/es\/wp-json\/wp\/v2\/posts\/54458\/revisions"}],"wp:featuredmedia":[{"embeddable":true,"href":"https:\/\/ppdegalicia.com\/es\/wp-json\/wp\/v2\/media\/54457"}],"wp:attachment":[{"href":"https:\/\/ppdegalicia.com\/es\/wp-json\/wp\/v2\/media?parent=54458"}],"wp:term":[{"taxonomy":"category","embeddable":true,"href":"https:\/\/ppdegalicia.com\/es\/wp-json\/wp\/v2\/categories?post=54458"},{"taxonomy":"post_tag","embeddable":true,"href":"https:\/\/ppdegalicia.com\/es\/wp-json\/wp\/v2\/tags?post=54458"}],"curies":[{"name":"wp","href":"https:\/\/api.w.org\/{rel}","templated":true}]}}