{"id":54464,"date":"2020-05-14T00:16:00","date_gmt":"2020-05-13T22:16:00","guid":{"rendered":"https:\/\/ppdegalicia.com\/tellado-insta-a-oposicion-a-apoiarse-en-criterios-tecnicos-e-sanitarios-para-abordar-a-convocatoria-electoral-e-non-na-demagoxia\/"},"modified":"2020-05-14T00:16:00","modified_gmt":"2020-05-13T22:16:00","slug":"tellado-insta-a-oposicion-a-apoiarse-en-criterios-tecnicos-e-sanitarios-para-abordar-a-convocatoria-electoral-e-non-na-demagoxia","status":"publish","type":"post","link":"https:\/\/ppdegalicia.com\/es\/tellado-insta-a-oposicion-a-apoiarse-en-criterios-tecnicos-e-sanitarios-para-abordar-a-convocatoria-electoral-e-non-na-demagoxia\/","title":{"rendered":"Tellado insta \u00e1 oposici\u00f3n a apoiarse en criterios t\u00e9cnicos e sanitarios para abordar a convocatoria electoral e non na demagoxia"},"content":{"rendered":"<p><img fetchpriority=\"high\" decoding=\"async\" class=\" size-full wp-image-54463\" src=\"https:\/\/ppdegalicia.com\/wp-content\/uploads\/2020\/05\/c6d329115a240a55620f31770670a857.jpg\" alt=\"\" width=\"600\" height=\"436\" srcset=\"https:\/\/ppdegalicia.com\/wp-content\/uploads\/2020\/05\/c6d329115a240a55620f31770670a857.jpg 600w, https:\/\/ppdegalicia.com\/wp-content\/uploads\/2020\/05\/c6d329115a240a55620f31770670a857-300x218.jpg 300w\" sizes=\"(max-width: 600px) 100vw, 600px\" \/><\/p>\n<p><span style=\"text-decoration: underline;\">14, maio, 2020.<\/span> O secretario xeral dos populares galegos, Miguel Tellado, sinalou que ao PPdeG lle gustar\u00eda que a oposici\u00f3n dese tam\u00e9n unha opini\u00f3n baseada en criterios t\u00e9cnicos e sanitarios, ao igual que fixo Feij\u00f3o; e non unicamente na opini\u00f3n dos l\u00edderes de cada un dos diferentes partidos que a conforman.<\/p>\n<p><!--more--><\/p>\n<div class=\"itemFullText\">\n<p style=\"text-align: justify;\">As\u00ed, instou aos grupos a non caer en demagoxias nin en oportunismos, xa que son conscientes de que a lexislatura expira en semanas, da situaci\u00f3n epidemiol\u00f3xica que ten Galicia e de que a pr\u00f3rroga do Estado de Alarma habilita a convocatoria electoral. De feito, tal e como expuxo, nin PSOE, nin Podemos nin BNG se opuxeron no Congreso \u00e1 emenda do PNV que permite a convocatoria electoral.<\/p>\n<p>\u00a0<\/p>\n<p style=\"text-align: justify;\">Para Tellado, sorprende a postura contraditoria do PSOE, que di unha cousa no Pa\u00eds Vasco -que se amosou a favor dunhas elecci\u00f3ns en xullo- e a contraria en Galicia; polo que, se tivese un m\u00ednimo de coherencia, o PSdeG apoiar\u00eda a convocatoria electoral. Do mesmo xeito, ch\u00e1malle tam\u00e9n a atenci\u00f3n a postura do BNG que, tras votar a pr\u00f3rroga do Estado de Alarma, agora quere renunciar ao autogoberno e prefire que nos marquen a data das elecci\u00f3ns.<\/p>\n<p>\u00a0<\/p>\n<p style=\"text-align: justify;\">Considerou que os partidos te\u00f1en a oportunidade de ser construtivos e de dar a s\u00faa opini\u00f3n con lealdade e pensando no benestar de Galicia. E subli\u00f1ou que \u201cos informes son conclu\u00edntes\u201d: o mellor momento para convocar elecci\u00f3ns \u00e9 canto antes, desde un punto de vista sanitario e con todas as garant\u00edas xur\u00eddicas.<\/p>\n<p>\u00a0<\/p>\n<p style=\"text-align: justify;\"><strong><span style=\"text-decoration: underline;\">UNHA DECISI\u00d3N RESPONSABLE <\/span><\/strong><\/p>\n<p style=\"text-align: justify;\">Neste punto, dixo que o PPdeG comparte a vontade do presidente de consultar aos t\u00e9cnicos, tanto sanitarios como xur\u00eddicos, e aos grupos da oposici\u00f3n, antes de tomar a decisi\u00f3n definitiva con respecto \u00e1 convocatoria electoral. Neste senso, amosouse convencido de que Feij\u00f3o, despois de escoitar todas as partes, tomar\u00e1 unha decisi\u00f3n responsable e \u201ca que mellor responda aos intereses de Galicia, garantindo sempre a sa\u00fade p\u00fablica dos galegos\u201d.<\/p>\n<p>\u00a0<\/p>\n<p style=\"text-align: justify;\">Tal e como manifestou, mentres non se atope unha vacina para o covid-19, teremos que seguir convivindo co virus, polo que \u201c\u00e9 importante que as elecci\u00f3ns se celebren cando existan as maiores garant\u00edas para a sa\u00fade p\u00fablica\u201d.<\/p>\n<p>\u00a0<\/p>\n<p style=\"text-align: justify;\">\u201cDerrotar \u00e1 pandemia foi o noso obxectivo principal durante estes meses, e seguirao sendo. Un obxectivo que compartimos co conxunto da sociedade galega\u201d, dixo, ao tempo que sostivo que o \u00e9 tam\u00e9n atender \u00e1s obrigas democr\u00e1ticas, como o \u00e9 a convocatoria electoral. \u201cA nosa responsabilidade como partido -engadiu- \u00e9 apoiar que estas poidan celebrar po\u00f1endo por diante a sa\u00fade dos galegos e galegas, e axudando a que as elecci\u00f3ns se celebren coa m\u00e1xima garant\u00eda de seguridade\u201d.<\/p>\n<p style=\"text-align: justify;\"><strong>\u00a0<\/strong><\/p>\n<p style=\"text-align: justify;\"><strong><span style=\"text-decoration: underline;\">GALICIA, EXEMPLO DE XESTI\u00d3N E TRANSPARENCIA<\/span><\/strong><\/p>\n<p style=\"text-align: justify;\">Por outra banda, o n\u00famero dous dos populares galegos incidiu en que \u201cGalicia segue a ser un exemplo de xesti\u00f3n, anticipaci\u00f3n, transparencia e de control ao Goberno\u201d. As\u00ed, neste punto, finxo fincap\u00e9 na capacidade do Executivo auton\u00f3mico de render contas ante a cidadan\u00eda e ante o Parlamento, malia estar este disolto.<\/p>\n<p>\u00a0<\/p>\n<p style=\"text-align: justify;\">Tal e como recordou, e tras a comparecencia do presidente da Xunta ante a C\u00e1mara a semana pasada; onte mesmo, compareceu o conselleiro de Cultura e Turismo -o s\u00e9timo en facelo- para explicar as actuaci\u00f3ns ante a pandemia, e catro conselleiros m\u00e1is contestaron, asemade, \u00e1s preguntas dos grupos parlamentarios. En total, 13 comparecencias de membros do Executivo auton\u00f3micos desde o inicio da crise sanitaria.<\/p>\n<p>\u00a0<\/p>\n<p style=\"text-align: justify;\">Do mesmo xeito, valorou o exemplo de civismo, bo comportamento, solidariedade e sentidi\u00f1o dos galegos.<\/p>\n<\/div>\n","protected":false},"excerpt":{"rendered":"<p>14, maio, 2020. O secretario xeral dos populares galegos, Miguel Tellado, sinalou que ao PPdeG lle gustar\u00eda que a oposici\u00f3n dese tam\u00e9n unha opini\u00f3n baseada en criterios t\u00e9cnicos e sanitarios, ao igual que fixo Feij\u00f3o; e non unicamente na opini\u00f3n dos l\u00edderes de cada un dos diferentes partidos que a conforman.<\/p>\n","protected":false},"author":37,"featured_media":54463,"comment_status":"open","ping_status":"open","sticky":false,"template":"","format":"standard","meta":{"_acf_changed":false,"footnotes":""},"categories":[1],"tags":[],"class_list":["post-54464","post","type-post","status-publish","format-standard","has-post-thumbnail","hentry","category-pp-de-galicia"],"acf":[],"yoast_head":"<!-- This site is optimized with the Yoast SEO plugin v27.3 - https:\/\/yoast.com\/product\/yoast-seo-wordpress\/ -->\n<title>Tellado insta \u00e1 oposici\u00f3n a apoiarse en criterios t\u00e9cnicos e sanitarios para abordar a convocatoria electoral e non na demagoxia - PP de Galicia<\/title>\n<meta name=\"robots\" content=\"index, follow, max-snippet:-1, max-image-preview:large, max-video-preview:-1\" \/>\n<link rel=\"canonical\" href=\"https:\/\/ppdegalicia.com\/es\/tellado-insta-a-oposicion-a-apoiarse-en-criterios-tecnicos-e-sanitarios-para-abordar-a-convocatoria-electoral-e-non-na-demagoxia\/\" \/>\n<meta property=\"og:locale\" content=\"es_ES\" \/>\n<meta property=\"og:type\" content=\"article\" \/>\n<meta property=\"og:title\" content=\"Tellado insta \u00e1 oposici\u00f3n a apoiarse en criterios t\u00e9cnicos e sanitarios para abordar a convocatoria electoral e non na demagoxia - PP de Galicia\" \/>\n<meta property=\"og:description\" content=\"14, maio, 2020. O secretario xeral dos populares galegos, Miguel Tellado, sinalou que ao PPdeG lle gustar\u00eda que a oposici\u00f3n dese tam\u00e9n unha opini\u00f3n baseada en criterios t\u00e9cnicos e sanitarios, ao igual que fixo Feij\u00f3o; e non unicamente na opini\u00f3n dos l\u00edderes de cada un dos diferentes partidos que a conforman.\" \/>\n<meta property=\"og:url\" content=\"https:\/\/ppdegalicia.com\/es\/tellado-insta-a-oposicion-a-apoiarse-en-criterios-tecnicos-e-sanitarios-para-abordar-a-convocatoria-electoral-e-non-na-demagoxia\/\" \/>\n<meta property=\"og:site_name\" content=\"PP de Galicia\" \/>\n<meta property=\"article:publisher\" content=\"https:\/\/www.instagram.com\/ppdegalicia\/\" \/>\n<meta property=\"article:published_time\" content=\"2020-05-13T22:16:00+00:00\" \/>\n<meta property=\"og:image\" content=\"https:\/\/ppdegalicia.com\/wp-content\/uploads\/2020\/05\/c6d329115a240a55620f31770670a857.jpg\" \/>\n\t<meta property=\"og:image:width\" content=\"600\" \/>\n\t<meta property=\"og:image:height\" content=\"436\" \/>\n\t<meta property=\"og:image:type\" content=\"image\/jpeg\" \/>\n<meta name=\"author\" content=\"Super User\" \/>\n<meta name=\"twitter:card\" content=\"summary_large_image\" \/>\n<meta name=\"twitter:creator\" content=\"@ppdegalicia\" \/>\n<meta name=\"twitter:site\" content=\"@ppdegalicia\" \/>\n<meta name=\"twitter:label1\" content=\"Escrito por\" \/>\n\t<meta name=\"twitter:data1\" content=\"Super User\" \/>\n\t<meta name=\"twitter:label2\" content=\"Tiempo de lectura\" \/>\n\t<meta name=\"twitter:data2\" content=\"3 minutos\" \/>\n<script type=\"application\/ld+json\" class=\"yoast-schema-graph\">{\"@context\":\"https:\\\/\\\/schema.org\",\"@graph\":[{\"@type\":\"Article\",\"@id\":\"https:\\\/\\\/ppdegalicia.com\\\/es\\\/tellado-insta-a-oposicion-a-apoiarse-en-criterios-tecnicos-e-sanitarios-para-abordar-a-convocatoria-electoral-e-non-na-demagoxia\\\/#article\",\"isPartOf\":{\"@id\":\"https:\\\/\\\/ppdegalicia.com\\\/es\\\/tellado-insta-a-oposicion-a-apoiarse-en-criterios-tecnicos-e-sanitarios-para-abordar-a-convocatoria-electoral-e-non-na-demagoxia\\\/\"},\"author\":{\"name\":\"Super User\",\"@id\":\"https:\\\/\\\/ppdegalicia.com\\\/es\\\/#\\\/schema\\\/person\\\/d0f013b8388c980665d44009ab762960\"},\"headline\":\"Tellado insta \u00e1 oposici\u00f3n a apoiarse en criterios t\u00e9cnicos e sanitarios para abordar a convocatoria electoral e non na demagoxia\",\"datePublished\":\"2020-05-13T22:16:00+00:00\",\"mainEntityOfPage\":{\"@id\":\"https:\\\/\\\/ppdegalicia.com\\\/es\\\/tellado-insta-a-oposicion-a-apoiarse-en-criterios-tecnicos-e-sanitarios-para-abordar-a-convocatoria-electoral-e-non-na-demagoxia\\\/\"},\"wordCount\":637,\"commentCount\":0,\"publisher\":{\"@id\":\"https:\\\/\\\/ppdegalicia.com\\\/es\\\/#organization\"},\"image\":{\"@id\":\"https:\\\/\\\/ppdegalicia.com\\\/es\\\/tellado-insta-a-oposicion-a-apoiarse-en-criterios-tecnicos-e-sanitarios-para-abordar-a-convocatoria-electoral-e-non-na-demagoxia\\\/#primaryimage\"},\"thumbnailUrl\":\"https:\\\/\\\/ppdegalicia.com\\\/wp-content\\\/uploads\\\/2020\\\/05\\\/c6d329115a240a55620f31770670a857.jpg\",\"articleSection\":[\"PP de Galicia\"],\"inLanguage\":\"es\",\"potentialAction\":[{\"@type\":\"CommentAction\",\"name\":\"Comment\",\"target\":[\"https:\\\/\\\/ppdegalicia.com\\\/es\\\/tellado-insta-a-oposicion-a-apoiarse-en-criterios-tecnicos-e-sanitarios-para-abordar-a-convocatoria-electoral-e-non-na-demagoxia\\\/#respond\"]}]},{\"@type\":\"WebPage\",\"@id\":\"https:\\\/\\\/ppdegalicia.com\\\/es\\\/tellado-insta-a-oposicion-a-apoiarse-en-criterios-tecnicos-e-sanitarios-para-abordar-a-convocatoria-electoral-e-non-na-demagoxia\\\/\",\"url\":\"https:\\\/\\\/ppdegalicia.com\\\/es\\\/tellado-insta-a-oposicion-a-apoiarse-en-criterios-tecnicos-e-sanitarios-para-abordar-a-convocatoria-electoral-e-non-na-demagoxia\\\/\",\"name\":\"Tellado insta \u00e1 oposici\u00f3n a apoiarse en criterios t\u00e9cnicos e sanitarios para abordar a convocatoria electoral e non na demagoxia - PP de Galicia\",\"isPartOf\":{\"@id\":\"https:\\\/\\\/ppdegalicia.com\\\/es\\\/#website\"},\"primaryImageOfPage\":{\"@id\":\"https:\\\/\\\/ppdegalicia.com\\\/es\\\/tellado-insta-a-oposicion-a-apoiarse-en-criterios-tecnicos-e-sanitarios-para-abordar-a-convocatoria-electoral-e-non-na-demagoxia\\\/#primaryimage\"},\"image\":{\"@id\":\"https:\\\/\\\/ppdegalicia.com\\\/es\\\/tellado-insta-a-oposicion-a-apoiarse-en-criterios-tecnicos-e-sanitarios-para-abordar-a-convocatoria-electoral-e-non-na-demagoxia\\\/#primaryimage\"},\"thumbnailUrl\":\"https:\\\/\\\/ppdegalicia.com\\\/wp-content\\\/uploads\\\/2020\\\/05\\\/c6d329115a240a55620f31770670a857.jpg\",\"datePublished\":\"2020-05-13T22:16:00+00:00\",\"breadcrumb\":{\"@id\":\"https:\\\/\\\/ppdegalicia.com\\\/es\\\/tellado-insta-a-oposicion-a-apoiarse-en-criterios-tecnicos-e-sanitarios-para-abordar-a-convocatoria-electoral-e-non-na-demagoxia\\\/#breadcrumb\"},\"inLanguage\":\"es\",\"potentialAction\":[{\"@type\":\"ReadAction\",\"target\":[\"https:\\\/\\\/ppdegalicia.com\\\/es\\\/tellado-insta-a-oposicion-a-apoiarse-en-criterios-tecnicos-e-sanitarios-para-abordar-a-convocatoria-electoral-e-non-na-demagoxia\\\/\"]}]},{\"@type\":\"ImageObject\",\"inLanguage\":\"es\",\"@id\":\"https:\\\/\\\/ppdegalicia.com\\\/es\\\/tellado-insta-a-oposicion-a-apoiarse-en-criterios-tecnicos-e-sanitarios-para-abordar-a-convocatoria-electoral-e-non-na-demagoxia\\\/#primaryimage\",\"url\":\"https:\\\/\\\/ppdegalicia.com\\\/wp-content\\\/uploads\\\/2020\\\/05\\\/c6d329115a240a55620f31770670a857.jpg\",\"contentUrl\":\"https:\\\/\\\/ppdegalicia.com\\\/wp-content\\\/uploads\\\/2020\\\/05\\\/c6d329115a240a55620f31770670a857.jpg\",\"width\":600,\"height\":436},{\"@type\":\"BreadcrumbList\",\"@id\":\"https:\\\/\\\/ppdegalicia.com\\\/es\\\/tellado-insta-a-oposicion-a-apoiarse-en-criterios-tecnicos-e-sanitarios-para-abordar-a-convocatoria-electoral-e-non-na-demagoxia\\\/#breadcrumb\",\"itemListElement\":[{\"@type\":\"ListItem\",\"position\":1,\"name\":\"Portada\",\"item\":\"https:\\\/\\\/ppdegalicia.com\\\/es\\\/\"},{\"@type\":\"ListItem\",\"position\":2,\"name\":\"Tellado insta \u00e1 oposici\u00f3n a apoiarse en criterios t\u00e9cnicos e sanitarios para abordar a convocatoria electoral e non na demagoxia\"}]},{\"@type\":\"WebSite\",\"@id\":\"https:\\\/\\\/ppdegalicia.com\\\/es\\\/#website\",\"url\":\"https:\\\/\\\/ppdegalicia.com\\\/es\\\/\",\"name\":\"Partido Popular de Galicia\",\"description\":\"Partido Popular de Galicia\",\"publisher\":{\"@id\":\"https:\\\/\\\/ppdegalicia.com\\\/es\\\/#organization\"},\"alternateName\":\"PP de Galicia\",\"potentialAction\":[{\"@type\":\"SearchAction\",\"target\":{\"@type\":\"EntryPoint\",\"urlTemplate\":\"https:\\\/\\\/ppdegalicia.com\\\/es\\\/?s={search_term_string}\"},\"query-input\":{\"@type\":\"PropertyValueSpecification\",\"valueRequired\":true,\"valueName\":\"search_term_string\"}}],\"inLanguage\":\"es\"},{\"@type\":\"Organization\",\"@id\":\"https:\\\/\\\/ppdegalicia.com\\\/es\\\/#organization\",\"name\":\"Partido Popular de Galicia\",\"alternateName\":\"PP de Galicia\",\"url\":\"https:\\\/\\\/ppdegalicia.com\\\/es\\\/\",\"logo\":{\"@type\":\"ImageObject\",\"inLanguage\":\"es\",\"@id\":\"https:\\\/\\\/ppdegalicia.com\\\/es\\\/#\\\/schema\\\/logo\\\/image\\\/\",\"url\":\"https:\\\/\\\/ppdegalicia.com\\\/wp-content\\\/uploads\\\/2023\\\/04\\\/logoPP512.png\",\"contentUrl\":\"https:\\\/\\\/ppdegalicia.com\\\/wp-content\\\/uploads\\\/2023\\\/04\\\/logoPP512.png\",\"width\":512,\"height\":512,\"caption\":\"Partido Popular de Galicia\"},\"image\":{\"@id\":\"https:\\\/\\\/ppdegalicia.com\\\/es\\\/#\\\/schema\\\/logo\\\/image\\\/\"},\"sameAs\":[\"https:\\\/\\\/www.instagram.com\\\/ppdegalicia\\\/\",\"https:\\\/\\\/x.com\\\/ppdegalicia\",\"https:\\\/\\\/www.tiktok.com\\\/@ppdegalicia\",\"https:\\\/\\\/www.youtube.com\\\/user\\\/ppdegalicia\"]},{\"@type\":\"Person\",\"@id\":\"https:\\\/\\\/ppdegalicia.com\\\/es\\\/#\\\/schema\\\/person\\\/d0f013b8388c980665d44009ab762960\",\"name\":\"Super User\",\"image\":{\"@type\":\"ImageObject\",\"inLanguage\":\"es\",\"@id\":\"https:\\\/\\\/secure.gravatar.com\\\/avatar\\\/1db852625ef4948f58d2739bfbc51e4b9bd5c93b8fa340b59fdb594ca0845645?s=96&d=mm&r=g\",\"url\":\"https:\\\/\\\/secure.gravatar.com\\\/avatar\\\/1db852625ef4948f58d2739bfbc51e4b9bd5c93b8fa340b59fdb594ca0845645?s=96&d=mm&r=g\",\"contentUrl\":\"https:\\\/\\\/secure.gravatar.com\\\/avatar\\\/1db852625ef4948f58d2739bfbc51e4b9bd5c93b8fa340b59fdb594ca0845645?s=96&d=mm&r=g\",\"caption\":\"Super User\"},\"url\":\"https:\\\/\\\/ppdegalicia.com\\\/es\\\/author\\\/ppdegaliciagestion\\\/\"}]}<\/script>\n<!-- \/ Yoast SEO plugin. -->","yoast_head_json":{"title":"Tellado insta \u00e1 oposici\u00f3n a apoiarse en criterios t\u00e9cnicos e sanitarios para abordar a convocatoria electoral e non na demagoxia - PP de Galicia","robots":{"index":"index","follow":"follow","max-snippet":"max-snippet:-1","max-image-preview":"max-image-preview:large","max-video-preview":"max-video-preview:-1"},"canonical":"https:\/\/ppdegalicia.com\/es\/tellado-insta-a-oposicion-a-apoiarse-en-criterios-tecnicos-e-sanitarios-para-abordar-a-convocatoria-electoral-e-non-na-demagoxia\/","og_locale":"es_ES","og_type":"article","og_title":"Tellado insta \u00e1 oposici\u00f3n a apoiarse en criterios t\u00e9cnicos e sanitarios para abordar a convocatoria electoral e non na demagoxia - PP de Galicia","og_description":"14, maio, 2020. O secretario xeral dos populares galegos, Miguel Tellado, sinalou que ao PPdeG lle gustar\u00eda que a oposici\u00f3n dese tam\u00e9n unha opini\u00f3n baseada en criterios t\u00e9cnicos e sanitarios, ao igual que fixo Feij\u00f3o; e non unicamente na opini\u00f3n dos l\u00edderes de cada un dos diferentes partidos que a conforman.","og_url":"https:\/\/ppdegalicia.com\/es\/tellado-insta-a-oposicion-a-apoiarse-en-criterios-tecnicos-e-sanitarios-para-abordar-a-convocatoria-electoral-e-non-na-demagoxia\/","og_site_name":"PP de Galicia","article_publisher":"https:\/\/www.instagram.com\/ppdegalicia\/","article_published_time":"2020-05-13T22:16:00+00:00","og_image":[{"width":600,"height":436,"url":"https:\/\/ppdegalicia.com\/wp-content\/uploads\/2020\/05\/c6d329115a240a55620f31770670a857.jpg","type":"image\/jpeg"}],"author":"Super User","twitter_card":"summary_large_image","twitter_creator":"@ppdegalicia","twitter_site":"@ppdegalicia","twitter_misc":{"Escrito por":"Super User","Tiempo de lectura":"3 minutos"},"schema":{"@context":"https:\/\/schema.org","@graph":[{"@type":"Article","@id":"https:\/\/ppdegalicia.com\/es\/tellado-insta-a-oposicion-a-apoiarse-en-criterios-tecnicos-e-sanitarios-para-abordar-a-convocatoria-electoral-e-non-na-demagoxia\/#article","isPartOf":{"@id":"https:\/\/ppdegalicia.com\/es\/tellado-insta-a-oposicion-a-apoiarse-en-criterios-tecnicos-e-sanitarios-para-abordar-a-convocatoria-electoral-e-non-na-demagoxia\/"},"author":{"name":"Super User","@id":"https:\/\/ppdegalicia.com\/es\/#\/schema\/person\/d0f013b8388c980665d44009ab762960"},"headline":"Tellado insta \u00e1 oposici\u00f3n a apoiarse en criterios t\u00e9cnicos e sanitarios para abordar a convocatoria electoral e non na demagoxia","datePublished":"2020-05-13T22:16:00+00:00","mainEntityOfPage":{"@id":"https:\/\/ppdegalicia.com\/es\/tellado-insta-a-oposicion-a-apoiarse-en-criterios-tecnicos-e-sanitarios-para-abordar-a-convocatoria-electoral-e-non-na-demagoxia\/"},"wordCount":637,"commentCount":0,"publisher":{"@id":"https:\/\/ppdegalicia.com\/es\/#organization"},"image":{"@id":"https:\/\/ppdegalicia.com\/es\/tellado-insta-a-oposicion-a-apoiarse-en-criterios-tecnicos-e-sanitarios-para-abordar-a-convocatoria-electoral-e-non-na-demagoxia\/#primaryimage"},"thumbnailUrl":"https:\/\/ppdegalicia.com\/wp-content\/uploads\/2020\/05\/c6d329115a240a55620f31770670a857.jpg","articleSection":["PP de Galicia"],"inLanguage":"es","potentialAction":[{"@type":"CommentAction","name":"Comment","target":["https:\/\/ppdegalicia.com\/es\/tellado-insta-a-oposicion-a-apoiarse-en-criterios-tecnicos-e-sanitarios-para-abordar-a-convocatoria-electoral-e-non-na-demagoxia\/#respond"]}]},{"@type":"WebPage","@id":"https:\/\/ppdegalicia.com\/es\/tellado-insta-a-oposicion-a-apoiarse-en-criterios-tecnicos-e-sanitarios-para-abordar-a-convocatoria-electoral-e-non-na-demagoxia\/","url":"https:\/\/ppdegalicia.com\/es\/tellado-insta-a-oposicion-a-apoiarse-en-criterios-tecnicos-e-sanitarios-para-abordar-a-convocatoria-electoral-e-non-na-demagoxia\/","name":"Tellado insta \u00e1 oposici\u00f3n a apoiarse en criterios t\u00e9cnicos e sanitarios para abordar a convocatoria electoral e non na demagoxia - PP de Galicia","isPartOf":{"@id":"https:\/\/ppdegalicia.com\/es\/#website"},"primaryImageOfPage":{"@id":"https:\/\/ppdegalicia.com\/es\/tellado-insta-a-oposicion-a-apoiarse-en-criterios-tecnicos-e-sanitarios-para-abordar-a-convocatoria-electoral-e-non-na-demagoxia\/#primaryimage"},"image":{"@id":"https:\/\/ppdegalicia.com\/es\/tellado-insta-a-oposicion-a-apoiarse-en-criterios-tecnicos-e-sanitarios-para-abordar-a-convocatoria-electoral-e-non-na-demagoxia\/#primaryimage"},"thumbnailUrl":"https:\/\/ppdegalicia.com\/wp-content\/uploads\/2020\/05\/c6d329115a240a55620f31770670a857.jpg","datePublished":"2020-05-13T22:16:00+00:00","breadcrumb":{"@id":"https:\/\/ppdegalicia.com\/es\/tellado-insta-a-oposicion-a-apoiarse-en-criterios-tecnicos-e-sanitarios-para-abordar-a-convocatoria-electoral-e-non-na-demagoxia\/#breadcrumb"},"inLanguage":"es","potentialAction":[{"@type":"ReadAction","target":["https:\/\/ppdegalicia.com\/es\/tellado-insta-a-oposicion-a-apoiarse-en-criterios-tecnicos-e-sanitarios-para-abordar-a-convocatoria-electoral-e-non-na-demagoxia\/"]}]},{"@type":"ImageObject","inLanguage":"es","@id":"https:\/\/ppdegalicia.com\/es\/tellado-insta-a-oposicion-a-apoiarse-en-criterios-tecnicos-e-sanitarios-para-abordar-a-convocatoria-electoral-e-non-na-demagoxia\/#primaryimage","url":"https:\/\/ppdegalicia.com\/wp-content\/uploads\/2020\/05\/c6d329115a240a55620f31770670a857.jpg","contentUrl":"https:\/\/ppdegalicia.com\/wp-content\/uploads\/2020\/05\/c6d329115a240a55620f31770670a857.jpg","width":600,"height":436},{"@type":"BreadcrumbList","@id":"https:\/\/ppdegalicia.com\/es\/tellado-insta-a-oposicion-a-apoiarse-en-criterios-tecnicos-e-sanitarios-para-abordar-a-convocatoria-electoral-e-non-na-demagoxia\/#breadcrumb","itemListElement":[{"@type":"ListItem","position":1,"name":"Portada","item":"https:\/\/ppdegalicia.com\/es\/"},{"@type":"ListItem","position":2,"name":"Tellado insta \u00e1 oposici\u00f3n a apoiarse en criterios t\u00e9cnicos e sanitarios para abordar a convocatoria electoral e non na demagoxia"}]},{"@type":"WebSite","@id":"https:\/\/ppdegalicia.com\/es\/#website","url":"https:\/\/ppdegalicia.com\/es\/","name":"Partido Popular de Galicia","description":"Partido Popular de Galicia","publisher":{"@id":"https:\/\/ppdegalicia.com\/es\/#organization"},"alternateName":"PP de Galicia","potentialAction":[{"@type":"SearchAction","target":{"@type":"EntryPoint","urlTemplate":"https:\/\/ppdegalicia.com\/es\/?s={search_term_string}"},"query-input":{"@type":"PropertyValueSpecification","valueRequired":true,"valueName":"search_term_string"}}],"inLanguage":"es"},{"@type":"Organization","@id":"https:\/\/ppdegalicia.com\/es\/#organization","name":"Partido Popular de Galicia","alternateName":"PP de Galicia","url":"https:\/\/ppdegalicia.com\/es\/","logo":{"@type":"ImageObject","inLanguage":"es","@id":"https:\/\/ppdegalicia.com\/es\/#\/schema\/logo\/image\/","url":"https:\/\/ppdegalicia.com\/wp-content\/uploads\/2023\/04\/logoPP512.png","contentUrl":"https:\/\/ppdegalicia.com\/wp-content\/uploads\/2023\/04\/logoPP512.png","width":512,"height":512,"caption":"Partido Popular de Galicia"},"image":{"@id":"https:\/\/ppdegalicia.com\/es\/#\/schema\/logo\/image\/"},"sameAs":["https:\/\/www.instagram.com\/ppdegalicia\/","https:\/\/x.com\/ppdegalicia","https:\/\/www.tiktok.com\/@ppdegalicia","https:\/\/www.youtube.com\/user\/ppdegalicia"]},{"@type":"Person","@id":"https:\/\/ppdegalicia.com\/es\/#\/schema\/person\/d0f013b8388c980665d44009ab762960","name":"Super User","image":{"@type":"ImageObject","inLanguage":"es","@id":"https:\/\/secure.gravatar.com\/avatar\/1db852625ef4948f58d2739bfbc51e4b9bd5c93b8fa340b59fdb594ca0845645?s=96&d=mm&r=g","url":"https:\/\/secure.gravatar.com\/avatar\/1db852625ef4948f58d2739bfbc51e4b9bd5c93b8fa340b59fdb594ca0845645?s=96&d=mm&r=g","contentUrl":"https:\/\/secure.gravatar.com\/avatar\/1db852625ef4948f58d2739bfbc51e4b9bd5c93b8fa340b59fdb594ca0845645?s=96&d=mm&r=g","caption":"Super User"},"url":"https:\/\/ppdegalicia.com\/es\/author\/ppdegaliciagestion\/"}]}},"_links":{"self":[{"href":"https:\/\/ppdegalicia.com\/es\/wp-json\/wp\/v2\/posts\/54464","targetHints":{"allow":["GET"]}}],"collection":[{"href":"https:\/\/ppdegalicia.com\/es\/wp-json\/wp\/v2\/posts"}],"about":[{"href":"https:\/\/ppdegalicia.com\/es\/wp-json\/wp\/v2\/types\/post"}],"author":[{"embeddable":true,"href":"https:\/\/ppdegalicia.com\/es\/wp-json\/wp\/v2\/users\/37"}],"replies":[{"embeddable":true,"href":"https:\/\/ppdegalicia.com\/es\/wp-json\/wp\/v2\/comments?post=54464"}],"version-history":[{"count":0,"href":"https:\/\/ppdegalicia.com\/es\/wp-json\/wp\/v2\/posts\/54464\/revisions"}],"wp:featuredmedia":[{"embeddable":true,"href":"https:\/\/ppdegalicia.com\/es\/wp-json\/wp\/v2\/media\/54463"}],"wp:attachment":[{"href":"https:\/\/ppdegalicia.com\/es\/wp-json\/wp\/v2\/media?parent=54464"}],"wp:term":[{"taxonomy":"category","embeddable":true,"href":"https:\/\/ppdegalicia.com\/es\/wp-json\/wp\/v2\/categories?post=54464"},{"taxonomy":"post_tag","embeddable":true,"href":"https:\/\/ppdegalicia.com\/es\/wp-json\/wp\/v2\/tags?post=54464"}],"curies":[{"name":"wp","href":"https:\/\/api.w.org\/{rel}","templated":true}]}}