{"id":54488,"date":"2020-06-19T15:08:16","date_gmt":"2020-06-19T13:08:16","guid":{"rendered":"https:\/\/ppdegalicia.com\/puy-critica-a-oposicion-por-pretender-converter-o-parlamento-nun-plato-de-television-para-facer-mitins\/"},"modified":"2020-06-19T15:08:16","modified_gmt":"2020-06-19T13:08:16","slug":"puy-critica-a-oposicion-por-pretender-converter-o-parlamento-nun-plato-de-television-para-facer-mitins","status":"publish","type":"post","link":"https:\/\/ppdegalicia.com\/es\/puy-critica-a-oposicion-por-pretender-converter-o-parlamento-nun-plato-de-television-para-facer-mitins\/","title":{"rendered":"Puy critica \u00e1 oposici\u00f3n por pretender converter o Parlamento \u201cnun plat\u00f3 de televisi\u00f3n para facer mitins\u201d"},"content":{"rendered":"<p><img fetchpriority=\"high\" decoding=\"async\" class=\" size-full wp-image-54487\" src=\"https:\/\/ppdegalicia.com\/wp-content\/uploads\/2020\/06\/cea8f3a5c1f96601aa4a4b96916566da.jpg\" alt=\"\" width=\"1900\" height=\"1267\" srcset=\"https:\/\/ppdegalicia.com\/wp-content\/uploads\/2020\/06\/cea8f3a5c1f96601aa4a4b96916566da.jpg 1900w, https:\/\/ppdegalicia.com\/wp-content\/uploads\/2020\/06\/cea8f3a5c1f96601aa4a4b96916566da-300x200.jpg 300w, https:\/\/ppdegalicia.com\/wp-content\/uploads\/2020\/06\/cea8f3a5c1f96601aa4a4b96916566da-1024x683.jpg 1024w, https:\/\/ppdegalicia.com\/wp-content\/uploads\/2020\/06\/cea8f3a5c1f96601aa4a4b96916566da-768x512.jpg 768w, https:\/\/ppdegalicia.com\/wp-content\/uploads\/2020\/06\/cea8f3a5c1f96601aa4a4b96916566da-1536x1024.jpg 1536w\" sizes=\"(max-width: 1900px) 100vw, 1900px\" \/><\/p>\n<p>Santiago, 19 de xu\u00f1o de 2020.- O portavoz do Grupo Popular, Pedro Puy, criticou hoxe na Deputaci\u00f3n Permanente que aos grupos da oposici\u00f3n pretendan converter o Parlamento galego \u201cnun plat\u00f3 de televisi\u00f3n para facer mitins\u201d e avogou porque o novos deputados galegos \u201ctraballen conxuntamente na inxente tarefa que nos corresponder\u00e1 para superar a pandemia sanitaria provocada pola Covid-19 e devolver a Galicia \u00e1 senda da recuperaci\u00f3n econ\u00f3mica, a cohesi\u00f3n social e a mellora do benestar dos cidad\u00e1ns\u201d.<\/p>\n<p><!--more--><\/p>\n<p>Pedro Puy lembrou que \u201cestamos nunha situaci\u00f3n de Parlamento disolto como consecuencia da convocatoria electoral\u201d e sinalou que \u201cnon hai antecedentes de reuni\u00f3ns da Deputaci\u00f3n Permanente en per\u00edodo electoral, salvo en casos moi concretos para a comparecencia dalg\u00fan membro do Goberno sobre cuesti\u00f3ns moi relevantes\u201d.<\/p>\n<p>\u201cAdemais, a importancia que a oposici\u00f3n lle est\u00e1 dando a esta reuni\u00f3n da Deputaci\u00f3n Permanente ponse de manifesto a trav\u00e9s da ausencia dos seus portavoces parlamentarios, que preferiron dedicarse \u00e1 actividade da precampa\u00f1a electoral, que \u00e9 o que nos toca neste momento a todos os candidatos e partidos que nos presentamos a estas elecci\u00f3ns\u201d, sinalou.<\/p>\n<p><strong>PROBLEMA ESTRITAMENTE EMPRESARIAL<\/strong><\/p>\n<p>Na s\u00faa intervenci\u00f3n, o portavoz popular amosou a s\u00faa solidariedade cos traballadores da empresa Noa Madera. Neste sentido, explicou que \u201cestamos a falar dun problema estritamente empresarial, a diferenza dos problemas que est\u00e1n a padecer nestes momentos importantes empresas galegas como consecuencia de cambios normativos ou regulaci\u00f3ns enerx\u00e9ticas desfavorables\u201d.<\/p>\n<p>Puy salientou a pol\u00edtica enerx\u00e9tica levada a cabo polo Goberno galego ao longo desta lexislatura, a trav\u00e9s da que se ofreceron axudas a 9.000 empresas e se mobilizaron investimentos por case mil mill\u00f3ns de euros. Neste sentido, salientou a aprobaci\u00f3n da Lei de fomento da implantaci\u00f3n empresarial, \u201cque xa est\u00e1 a dar os seus primeiros froitos con dous proxectos que se est\u00e1n a tramitar na plataforma lox\u00edstica industrial de Salvaterra-As Neves e no concello de Padr\u00f3n, que supor\u00e1n a creaci\u00f3n de m\u00e1is de 350 empregos e investimentos por valor de 60 mill\u00f3ns de euros\u201d. As\u00ed mesmo, referiuse a outras medidas de apoio ao sector da aeron\u00e1utica, o naval, a industria forestal, a automoci\u00f3n, a enerx\u00eda e\u00f3lica ou a industria l\u00e1ctea.<\/p>\n<p><strong>CRTVG, MEDIO DE REFERENCIA DA CRISE DA COVID-19<\/strong><\/p>\n<p>Respecto da Corporaci\u00f3n de Radio e Televisi\u00f3n de Galicia (CRTVG), Pedro Puy subli\u00f1ou que, tal e como se recolle na Lei de medios p\u00fablicos de comunicaci\u00f3n audiovisual de Galicia, \u201co seu director xeral exerce as s\u00faas funci\u00f3ns con absoluta independencia, sen que poida recibir instruci\u00f3ns, directrices ou calquera clase de indicaci\u00f3n imperativa do Goberno, os partidos pol\u00edticos nin doutras instituci\u00f3ns ou entidades\u201d.<\/p>\n<p>\u201cEst\u00e1n a confundir o que \u00e9 informaci\u00f3n institucional do que \u00e9 informaci\u00f3n pol\u00edtica\u201d, afirmou Puy dirix\u00edndose aos grupos da oposici\u00f3n, e salientou que durante a crise sanitaria da Covid-19 \u201cse retransmitiron tanto as comparecencias do Presidente da Xunta como do Presidente do Goberno de Espa\u00f1a, dedicando finalmente m\u00e1is tempo \u00e1s emisi\u00f3ns do Goberno central que da Xunta\u201d.<\/p>\n<p>O portavoz popular destacou que a CRTVG \u201cest\u00e1 nos postos de cabeza das canles de televisi\u00f3n coas que m\u00e1is se identifica a s\u00faa audiencia na defensa da promoci\u00f3n da s\u00faa identidade cultural, chegando ao 90 por cento dos galegos que estiman que a Televisi\u00f3n de Galicia \u00e9 a canle que m\u00e1is contrib\u00fae \u00e1 promoci\u00f3n dos valores culturais da Comunidade galega\u201d.<\/p>\n<p>Ademais, apuntou que a CRTVG \u201cest\u00e1 a ser nesta crise da Covid-19 o medio de referencia informativa en Galicia, mantendo o liderado nas franxas de prime time do mediod\u00eda e situando os seus informativos entre os 25 programas m\u00e1is vistos en Galicia no mes de abril\u201d.<\/p>\n<p>\u00a0<\/p>\n<\/p>\n<p>\u00a0<\/p>\n","protected":false},"excerpt":{"rendered":"<p>Santiago, 19 de xu\u00f1o de 2020.- O portavoz do Grupo Popular, Pedro Puy, criticou hoxe na Deputaci\u00f3n Permanente que aos grupos da oposici\u00f3n pretendan converter o Parlamento galego \u201cnun plat\u00f3 de televisi\u00f3n para facer mitins\u201d e avogou porque o novos deputados galegos \u201ctraballen conxuntamente na inxente tarefa que nos corresponder\u00e1 para superar a pandemia sanitaria [&hellip;]<\/p>\n","protected":false},"author":40,"featured_media":54487,"comment_status":"open","ping_status":"open","sticky":false,"template":"","format":"standard","meta":{"_acf_changed":false,"footnotes":""},"categories":[1],"tags":[],"class_list":["post-54488","post","type-post","status-publish","format-standard","has-post-thumbnail","hentry","category-pp-de-galicia"],"acf":[],"yoast_head":"<!-- This site is optimized with the Yoast SEO plugin v27.3 - https:\/\/yoast.com\/product\/yoast-seo-wordpress\/ -->\n<title>Puy critica \u00e1 oposici\u00f3n por pretender converter o Parlamento \u201cnun plat\u00f3 de televisi\u00f3n para facer mitins\u201d - PP de Galicia<\/title>\n<meta name=\"robots\" content=\"index, follow, max-snippet:-1, max-image-preview:large, max-video-preview:-1\" \/>\n<link rel=\"canonical\" href=\"https:\/\/ppdegalicia.com\/es\/puy-critica-a-oposicion-por-pretender-converter-o-parlamento-nun-plato-de-television-para-facer-mitins\/\" \/>\n<meta property=\"og:locale\" content=\"es_ES\" \/>\n<meta property=\"og:type\" content=\"article\" \/>\n<meta property=\"og:title\" content=\"Puy critica \u00e1 oposici\u00f3n por pretender converter o Parlamento \u201cnun plat\u00f3 de televisi\u00f3n para facer mitins\u201d - PP de Galicia\" \/>\n<meta property=\"og:description\" content=\"Santiago, 19 de xu\u00f1o de 2020.- O portavoz do Grupo Popular, Pedro Puy, criticou hoxe na Deputaci\u00f3n Permanente que aos grupos da oposici\u00f3n pretendan converter o Parlamento galego \u201cnun plat\u00f3 de televisi\u00f3n para facer mitins\u201d e avogou porque o novos deputados galegos \u201ctraballen conxuntamente na inxente tarefa que nos corresponder\u00e1 para superar a pandemia sanitaria [&hellip;]\" \/>\n<meta property=\"og:url\" content=\"https:\/\/ppdegalicia.com\/es\/puy-critica-a-oposicion-por-pretender-converter-o-parlamento-nun-plato-de-television-para-facer-mitins\/\" \/>\n<meta property=\"og:site_name\" content=\"PP de Galicia\" \/>\n<meta property=\"article:publisher\" content=\"https:\/\/www.instagram.com\/ppdegalicia\/\" \/>\n<meta property=\"article:published_time\" content=\"2020-06-19T13:08:16+00:00\" \/>\n<meta property=\"og:image\" content=\"https:\/\/ppdegalicia.com\/wp-content\/uploads\/2020\/06\/cea8f3a5c1f96601aa4a4b96916566da.jpg\" \/>\n\t<meta property=\"og:image:width\" content=\"1900\" \/>\n\t<meta property=\"og:image:height\" content=\"1267\" \/>\n\t<meta property=\"og:image:type\" content=\"image\/jpeg\" \/>\n<meta name=\"author\" content=\"ppdegaliciaedtis\" \/>\n<meta name=\"twitter:card\" content=\"summary_large_image\" \/>\n<meta name=\"twitter:creator\" content=\"@ppdegalicia\" \/>\n<meta name=\"twitter:site\" content=\"@ppdegalicia\" \/>\n<meta name=\"twitter:label1\" content=\"Escrito por\" \/>\n\t<meta name=\"twitter:data1\" content=\"ppdegaliciaedtis\" \/>\n\t<meta name=\"twitter:label2\" content=\"Tiempo de lectura\" \/>\n\t<meta name=\"twitter:data2\" content=\"3 minutos\" \/>\n<script type=\"application\/ld+json\" class=\"yoast-schema-graph\">{\"@context\":\"https:\\\/\\\/schema.org\",\"@graph\":[{\"@type\":\"Article\",\"@id\":\"https:\\\/\\\/ppdegalicia.com\\\/es\\\/puy-critica-a-oposicion-por-pretender-converter-o-parlamento-nun-plato-de-television-para-facer-mitins\\\/#article\",\"isPartOf\":{\"@id\":\"https:\\\/\\\/ppdegalicia.com\\\/es\\\/puy-critica-a-oposicion-por-pretender-converter-o-parlamento-nun-plato-de-television-para-facer-mitins\\\/\"},\"author\":{\"name\":\"ppdegaliciaedtis\",\"@id\":\"https:\\\/\\\/ppdegalicia.com\\\/es\\\/#\\\/schema\\\/person\\\/bc9b46e59ebd34bf28611158c3867388\"},\"headline\":\"Puy critica \u00e1 oposici\u00f3n por pretender converter o Parlamento \u201cnun plat\u00f3 de televisi\u00f3n para facer mitins\u201d\",\"datePublished\":\"2020-06-19T13:08:16+00:00\",\"mainEntityOfPage\":{\"@id\":\"https:\\\/\\\/ppdegalicia.com\\\/es\\\/puy-critica-a-oposicion-por-pretender-converter-o-parlamento-nun-plato-de-television-para-facer-mitins\\\/\"},\"wordCount\":661,\"commentCount\":0,\"publisher\":{\"@id\":\"https:\\\/\\\/ppdegalicia.com\\\/es\\\/#organization\"},\"image\":{\"@id\":\"https:\\\/\\\/ppdegalicia.com\\\/es\\\/puy-critica-a-oposicion-por-pretender-converter-o-parlamento-nun-plato-de-television-para-facer-mitins\\\/#primaryimage\"},\"thumbnailUrl\":\"https:\\\/\\\/ppdegalicia.com\\\/wp-content\\\/uploads\\\/2020\\\/06\\\/cea8f3a5c1f96601aa4a4b96916566da.jpg\",\"articleSection\":[\"PP de Galicia\"],\"inLanguage\":\"es\",\"potentialAction\":[{\"@type\":\"CommentAction\",\"name\":\"Comment\",\"target\":[\"https:\\\/\\\/ppdegalicia.com\\\/es\\\/puy-critica-a-oposicion-por-pretender-converter-o-parlamento-nun-plato-de-television-para-facer-mitins\\\/#respond\"]}]},{\"@type\":\"WebPage\",\"@id\":\"https:\\\/\\\/ppdegalicia.com\\\/es\\\/puy-critica-a-oposicion-por-pretender-converter-o-parlamento-nun-plato-de-television-para-facer-mitins\\\/\",\"url\":\"https:\\\/\\\/ppdegalicia.com\\\/es\\\/puy-critica-a-oposicion-por-pretender-converter-o-parlamento-nun-plato-de-television-para-facer-mitins\\\/\",\"name\":\"Puy critica \u00e1 oposici\u00f3n por pretender converter o Parlamento \u201cnun plat\u00f3 de televisi\u00f3n para facer mitins\u201d - PP de Galicia\",\"isPartOf\":{\"@id\":\"https:\\\/\\\/ppdegalicia.com\\\/es\\\/#website\"},\"primaryImageOfPage\":{\"@id\":\"https:\\\/\\\/ppdegalicia.com\\\/es\\\/puy-critica-a-oposicion-por-pretender-converter-o-parlamento-nun-plato-de-television-para-facer-mitins\\\/#primaryimage\"},\"image\":{\"@id\":\"https:\\\/\\\/ppdegalicia.com\\\/es\\\/puy-critica-a-oposicion-por-pretender-converter-o-parlamento-nun-plato-de-television-para-facer-mitins\\\/#primaryimage\"},\"thumbnailUrl\":\"https:\\\/\\\/ppdegalicia.com\\\/wp-content\\\/uploads\\\/2020\\\/06\\\/cea8f3a5c1f96601aa4a4b96916566da.jpg\",\"datePublished\":\"2020-06-19T13:08:16+00:00\",\"breadcrumb\":{\"@id\":\"https:\\\/\\\/ppdegalicia.com\\\/es\\\/puy-critica-a-oposicion-por-pretender-converter-o-parlamento-nun-plato-de-television-para-facer-mitins\\\/#breadcrumb\"},\"inLanguage\":\"es\",\"potentialAction\":[{\"@type\":\"ReadAction\",\"target\":[\"https:\\\/\\\/ppdegalicia.com\\\/es\\\/puy-critica-a-oposicion-por-pretender-converter-o-parlamento-nun-plato-de-television-para-facer-mitins\\\/\"]}]},{\"@type\":\"ImageObject\",\"inLanguage\":\"es\",\"@id\":\"https:\\\/\\\/ppdegalicia.com\\\/es\\\/puy-critica-a-oposicion-por-pretender-converter-o-parlamento-nun-plato-de-television-para-facer-mitins\\\/#primaryimage\",\"url\":\"https:\\\/\\\/ppdegalicia.com\\\/wp-content\\\/uploads\\\/2020\\\/06\\\/cea8f3a5c1f96601aa4a4b96916566da.jpg\",\"contentUrl\":\"https:\\\/\\\/ppdegalicia.com\\\/wp-content\\\/uploads\\\/2020\\\/06\\\/cea8f3a5c1f96601aa4a4b96916566da.jpg\",\"width\":1900,\"height\":1267},{\"@type\":\"BreadcrumbList\",\"@id\":\"https:\\\/\\\/ppdegalicia.com\\\/es\\\/puy-critica-a-oposicion-por-pretender-converter-o-parlamento-nun-plato-de-television-para-facer-mitins\\\/#breadcrumb\",\"itemListElement\":[{\"@type\":\"ListItem\",\"position\":1,\"name\":\"Portada\",\"item\":\"https:\\\/\\\/ppdegalicia.com\\\/es\\\/\"},{\"@type\":\"ListItem\",\"position\":2,\"name\":\"Puy critica \u00e1 oposici\u00f3n por pretender converter o Parlamento \u201cnun plat\u00f3 de televisi\u00f3n para facer mitins\u201d\"}]},{\"@type\":\"WebSite\",\"@id\":\"https:\\\/\\\/ppdegalicia.com\\\/es\\\/#website\",\"url\":\"https:\\\/\\\/ppdegalicia.com\\\/es\\\/\",\"name\":\"Partido Popular de Galicia\",\"description\":\"Partido Popular de Galicia\",\"publisher\":{\"@id\":\"https:\\\/\\\/ppdegalicia.com\\\/es\\\/#organization\"},\"alternateName\":\"PP de Galicia\",\"potentialAction\":[{\"@type\":\"SearchAction\",\"target\":{\"@type\":\"EntryPoint\",\"urlTemplate\":\"https:\\\/\\\/ppdegalicia.com\\\/es\\\/?s={search_term_string}\"},\"query-input\":{\"@type\":\"PropertyValueSpecification\",\"valueRequired\":true,\"valueName\":\"search_term_string\"}}],\"inLanguage\":\"es\"},{\"@type\":\"Organization\",\"@id\":\"https:\\\/\\\/ppdegalicia.com\\\/es\\\/#organization\",\"name\":\"Partido Popular de Galicia\",\"alternateName\":\"PP de Galicia\",\"url\":\"https:\\\/\\\/ppdegalicia.com\\\/es\\\/\",\"logo\":{\"@type\":\"ImageObject\",\"inLanguage\":\"es\",\"@id\":\"https:\\\/\\\/ppdegalicia.com\\\/es\\\/#\\\/schema\\\/logo\\\/image\\\/\",\"url\":\"https:\\\/\\\/ppdegalicia.com\\\/wp-content\\\/uploads\\\/2023\\\/04\\\/logoPP512.png\",\"contentUrl\":\"https:\\\/\\\/ppdegalicia.com\\\/wp-content\\\/uploads\\\/2023\\\/04\\\/logoPP512.png\",\"width\":512,\"height\":512,\"caption\":\"Partido Popular de Galicia\"},\"image\":{\"@id\":\"https:\\\/\\\/ppdegalicia.com\\\/es\\\/#\\\/schema\\\/logo\\\/image\\\/\"},\"sameAs\":[\"https:\\\/\\\/www.instagram.com\\\/ppdegalicia\\\/\",\"https:\\\/\\\/x.com\\\/ppdegalicia\",\"https:\\\/\\\/www.tiktok.com\\\/@ppdegalicia\",\"https:\\\/\\\/www.youtube.com\\\/user\\\/ppdegalicia\"]},{\"@type\":\"Person\",\"@id\":\"https:\\\/\\\/ppdegalicia.com\\\/es\\\/#\\\/schema\\\/person\\\/bc9b46e59ebd34bf28611158c3867388\",\"name\":\"ppdegaliciaedtis\",\"image\":{\"@type\":\"ImageObject\",\"inLanguage\":\"es\",\"@id\":\"https:\\\/\\\/secure.gravatar.com\\\/avatar\\\/f9f8cf6e03df54a1b0d04a6b4b8e8c6bd63c10a439752e84d87a5385aefe2ced?s=96&d=mm&r=g\",\"url\":\"https:\\\/\\\/secure.gravatar.com\\\/avatar\\\/f9f8cf6e03df54a1b0d04a6b4b8e8c6bd63c10a439752e84d87a5385aefe2ced?s=96&d=mm&r=g\",\"contentUrl\":\"https:\\\/\\\/secure.gravatar.com\\\/avatar\\\/f9f8cf6e03df54a1b0d04a6b4b8e8c6bd63c10a439752e84d87a5385aefe2ced?s=96&d=mm&r=g\",\"caption\":\"ppdegaliciaedtis\"},\"url\":\"https:\\\/\\\/ppdegalicia.com\\\/es\\\/author\\\/ppdegaliciaedits\\\/\"}]}<\/script>\n<!-- \/ Yoast SEO plugin. -->","yoast_head_json":{"title":"Puy critica \u00e1 oposici\u00f3n por pretender converter o Parlamento \u201cnun plat\u00f3 de televisi\u00f3n para facer mitins\u201d - PP de Galicia","robots":{"index":"index","follow":"follow","max-snippet":"max-snippet:-1","max-image-preview":"max-image-preview:large","max-video-preview":"max-video-preview:-1"},"canonical":"https:\/\/ppdegalicia.com\/es\/puy-critica-a-oposicion-por-pretender-converter-o-parlamento-nun-plato-de-television-para-facer-mitins\/","og_locale":"es_ES","og_type":"article","og_title":"Puy critica \u00e1 oposici\u00f3n por pretender converter o Parlamento \u201cnun plat\u00f3 de televisi\u00f3n para facer mitins\u201d - PP de Galicia","og_description":"Santiago, 19 de xu\u00f1o de 2020.- O portavoz do Grupo Popular, Pedro Puy, criticou hoxe na Deputaci\u00f3n Permanente que aos grupos da oposici\u00f3n pretendan converter o Parlamento galego \u201cnun plat\u00f3 de televisi\u00f3n para facer mitins\u201d e avogou porque o novos deputados galegos \u201ctraballen conxuntamente na inxente tarefa que nos corresponder\u00e1 para superar a pandemia sanitaria [&hellip;]","og_url":"https:\/\/ppdegalicia.com\/es\/puy-critica-a-oposicion-por-pretender-converter-o-parlamento-nun-plato-de-television-para-facer-mitins\/","og_site_name":"PP de Galicia","article_publisher":"https:\/\/www.instagram.com\/ppdegalicia\/","article_published_time":"2020-06-19T13:08:16+00:00","og_image":[{"width":1900,"height":1267,"url":"https:\/\/ppdegalicia.com\/wp-content\/uploads\/2020\/06\/cea8f3a5c1f96601aa4a4b96916566da.jpg","type":"image\/jpeg"}],"author":"ppdegaliciaedtis","twitter_card":"summary_large_image","twitter_creator":"@ppdegalicia","twitter_site":"@ppdegalicia","twitter_misc":{"Escrito por":"ppdegaliciaedtis","Tiempo de lectura":"3 minutos"},"schema":{"@context":"https:\/\/schema.org","@graph":[{"@type":"Article","@id":"https:\/\/ppdegalicia.com\/es\/puy-critica-a-oposicion-por-pretender-converter-o-parlamento-nun-plato-de-television-para-facer-mitins\/#article","isPartOf":{"@id":"https:\/\/ppdegalicia.com\/es\/puy-critica-a-oposicion-por-pretender-converter-o-parlamento-nun-plato-de-television-para-facer-mitins\/"},"author":{"name":"ppdegaliciaedtis","@id":"https:\/\/ppdegalicia.com\/es\/#\/schema\/person\/bc9b46e59ebd34bf28611158c3867388"},"headline":"Puy critica \u00e1 oposici\u00f3n por pretender converter o Parlamento \u201cnun plat\u00f3 de televisi\u00f3n para facer mitins\u201d","datePublished":"2020-06-19T13:08:16+00:00","mainEntityOfPage":{"@id":"https:\/\/ppdegalicia.com\/es\/puy-critica-a-oposicion-por-pretender-converter-o-parlamento-nun-plato-de-television-para-facer-mitins\/"},"wordCount":661,"commentCount":0,"publisher":{"@id":"https:\/\/ppdegalicia.com\/es\/#organization"},"image":{"@id":"https:\/\/ppdegalicia.com\/es\/puy-critica-a-oposicion-por-pretender-converter-o-parlamento-nun-plato-de-television-para-facer-mitins\/#primaryimage"},"thumbnailUrl":"https:\/\/ppdegalicia.com\/wp-content\/uploads\/2020\/06\/cea8f3a5c1f96601aa4a4b96916566da.jpg","articleSection":["PP de Galicia"],"inLanguage":"es","potentialAction":[{"@type":"CommentAction","name":"Comment","target":["https:\/\/ppdegalicia.com\/es\/puy-critica-a-oposicion-por-pretender-converter-o-parlamento-nun-plato-de-television-para-facer-mitins\/#respond"]}]},{"@type":"WebPage","@id":"https:\/\/ppdegalicia.com\/es\/puy-critica-a-oposicion-por-pretender-converter-o-parlamento-nun-plato-de-television-para-facer-mitins\/","url":"https:\/\/ppdegalicia.com\/es\/puy-critica-a-oposicion-por-pretender-converter-o-parlamento-nun-plato-de-television-para-facer-mitins\/","name":"Puy critica \u00e1 oposici\u00f3n por pretender converter o Parlamento \u201cnun plat\u00f3 de televisi\u00f3n para facer mitins\u201d - PP de Galicia","isPartOf":{"@id":"https:\/\/ppdegalicia.com\/es\/#website"},"primaryImageOfPage":{"@id":"https:\/\/ppdegalicia.com\/es\/puy-critica-a-oposicion-por-pretender-converter-o-parlamento-nun-plato-de-television-para-facer-mitins\/#primaryimage"},"image":{"@id":"https:\/\/ppdegalicia.com\/es\/puy-critica-a-oposicion-por-pretender-converter-o-parlamento-nun-plato-de-television-para-facer-mitins\/#primaryimage"},"thumbnailUrl":"https:\/\/ppdegalicia.com\/wp-content\/uploads\/2020\/06\/cea8f3a5c1f96601aa4a4b96916566da.jpg","datePublished":"2020-06-19T13:08:16+00:00","breadcrumb":{"@id":"https:\/\/ppdegalicia.com\/es\/puy-critica-a-oposicion-por-pretender-converter-o-parlamento-nun-plato-de-television-para-facer-mitins\/#breadcrumb"},"inLanguage":"es","potentialAction":[{"@type":"ReadAction","target":["https:\/\/ppdegalicia.com\/es\/puy-critica-a-oposicion-por-pretender-converter-o-parlamento-nun-plato-de-television-para-facer-mitins\/"]}]},{"@type":"ImageObject","inLanguage":"es","@id":"https:\/\/ppdegalicia.com\/es\/puy-critica-a-oposicion-por-pretender-converter-o-parlamento-nun-plato-de-television-para-facer-mitins\/#primaryimage","url":"https:\/\/ppdegalicia.com\/wp-content\/uploads\/2020\/06\/cea8f3a5c1f96601aa4a4b96916566da.jpg","contentUrl":"https:\/\/ppdegalicia.com\/wp-content\/uploads\/2020\/06\/cea8f3a5c1f96601aa4a4b96916566da.jpg","width":1900,"height":1267},{"@type":"BreadcrumbList","@id":"https:\/\/ppdegalicia.com\/es\/puy-critica-a-oposicion-por-pretender-converter-o-parlamento-nun-plato-de-television-para-facer-mitins\/#breadcrumb","itemListElement":[{"@type":"ListItem","position":1,"name":"Portada","item":"https:\/\/ppdegalicia.com\/es\/"},{"@type":"ListItem","position":2,"name":"Puy critica \u00e1 oposici\u00f3n por pretender converter o Parlamento \u201cnun plat\u00f3 de televisi\u00f3n para facer mitins\u201d"}]},{"@type":"WebSite","@id":"https:\/\/ppdegalicia.com\/es\/#website","url":"https:\/\/ppdegalicia.com\/es\/","name":"Partido Popular de Galicia","description":"Partido Popular de Galicia","publisher":{"@id":"https:\/\/ppdegalicia.com\/es\/#organization"},"alternateName":"PP de Galicia","potentialAction":[{"@type":"SearchAction","target":{"@type":"EntryPoint","urlTemplate":"https:\/\/ppdegalicia.com\/es\/?s={search_term_string}"},"query-input":{"@type":"PropertyValueSpecification","valueRequired":true,"valueName":"search_term_string"}}],"inLanguage":"es"},{"@type":"Organization","@id":"https:\/\/ppdegalicia.com\/es\/#organization","name":"Partido Popular de Galicia","alternateName":"PP de Galicia","url":"https:\/\/ppdegalicia.com\/es\/","logo":{"@type":"ImageObject","inLanguage":"es","@id":"https:\/\/ppdegalicia.com\/es\/#\/schema\/logo\/image\/","url":"https:\/\/ppdegalicia.com\/wp-content\/uploads\/2023\/04\/logoPP512.png","contentUrl":"https:\/\/ppdegalicia.com\/wp-content\/uploads\/2023\/04\/logoPP512.png","width":512,"height":512,"caption":"Partido Popular de Galicia"},"image":{"@id":"https:\/\/ppdegalicia.com\/es\/#\/schema\/logo\/image\/"},"sameAs":["https:\/\/www.instagram.com\/ppdegalicia\/","https:\/\/x.com\/ppdegalicia","https:\/\/www.tiktok.com\/@ppdegalicia","https:\/\/www.youtube.com\/user\/ppdegalicia"]},{"@type":"Person","@id":"https:\/\/ppdegalicia.com\/es\/#\/schema\/person\/bc9b46e59ebd34bf28611158c3867388","name":"ppdegaliciaedtis","image":{"@type":"ImageObject","inLanguage":"es","@id":"https:\/\/secure.gravatar.com\/avatar\/f9f8cf6e03df54a1b0d04a6b4b8e8c6bd63c10a439752e84d87a5385aefe2ced?s=96&d=mm&r=g","url":"https:\/\/secure.gravatar.com\/avatar\/f9f8cf6e03df54a1b0d04a6b4b8e8c6bd63c10a439752e84d87a5385aefe2ced?s=96&d=mm&r=g","contentUrl":"https:\/\/secure.gravatar.com\/avatar\/f9f8cf6e03df54a1b0d04a6b4b8e8c6bd63c10a439752e84d87a5385aefe2ced?s=96&d=mm&r=g","caption":"ppdegaliciaedtis"},"url":"https:\/\/ppdegalicia.com\/es\/author\/ppdegaliciaedits\/"}]}},"_links":{"self":[{"href":"https:\/\/ppdegalicia.com\/es\/wp-json\/wp\/v2\/posts\/54488","targetHints":{"allow":["GET"]}}],"collection":[{"href":"https:\/\/ppdegalicia.com\/es\/wp-json\/wp\/v2\/posts"}],"about":[{"href":"https:\/\/ppdegalicia.com\/es\/wp-json\/wp\/v2\/types\/post"}],"author":[{"embeddable":true,"href":"https:\/\/ppdegalicia.com\/es\/wp-json\/wp\/v2\/users\/40"}],"replies":[{"embeddable":true,"href":"https:\/\/ppdegalicia.com\/es\/wp-json\/wp\/v2\/comments?post=54488"}],"version-history":[{"count":0,"href":"https:\/\/ppdegalicia.com\/es\/wp-json\/wp\/v2\/posts\/54488\/revisions"}],"wp:featuredmedia":[{"embeddable":true,"href":"https:\/\/ppdegalicia.com\/es\/wp-json\/wp\/v2\/media\/54487"}],"wp:attachment":[{"href":"https:\/\/ppdegalicia.com\/es\/wp-json\/wp\/v2\/media?parent=54488"}],"wp:term":[{"taxonomy":"category","embeddable":true,"href":"https:\/\/ppdegalicia.com\/es\/wp-json\/wp\/v2\/categories?post=54488"},{"taxonomy":"post_tag","embeddable":true,"href":"https:\/\/ppdegalicia.com\/es\/wp-json\/wp\/v2\/tags?post=54488"}],"curies":[{"name":"wp","href":"https:\/\/api.w.org\/{rel}","templated":true}]}}