{"id":54560,"date":"2020-07-15T11:34:30","date_gmt":"2020-07-15T09:34:30","guid":{"rendered":"https:\/\/ppdegalicia.com\/o-ppdeg-cre-que-o-apoio-recibido-carganos-de-responsabilidade-para-seguir-devolvendolle-aos-galegos-a-confianza-que-nos-dan\/"},"modified":"2020-07-15T11:34:30","modified_gmt":"2020-07-15T09:34:30","slug":"o-ppdeg-cre-que-o-apoio-recibido-carganos-de-responsabilidade-para-seguir-devolvendolle-aos-galegos-a-confianza-que-nos-dan","status":"publish","type":"post","link":"https:\/\/ppdegalicia.com\/es\/o-ppdeg-cre-que-o-apoio-recibido-carganos-de-responsabilidade-para-seguir-devolvendolle-aos-galegos-a-confianza-que-nos-dan\/","title":{"rendered":"O PPdeG cre que o apoio recibido \u00abc\u00e1rganos de responsabilidade para seguir devolv\u00e9ndolle aos galegos a confianza que nos dan\u00bb"},"content":{"rendered":"<p><img fetchpriority=\"high\" decoding=\"async\" class=\" size-full wp-image-54559\" src=\"https:\/\/ppdegalicia.com\/wp-content\/uploads\/2020\/07\/ed2b7bcea4f6c8c94f75420f549a2a85-scaled.jpg\" alt=\"\" width=\"2560\" height=\"1707\" srcset=\"https:\/\/ppdegalicia.com\/wp-content\/uploads\/2020\/07\/ed2b7bcea4f6c8c94f75420f549a2a85-scaled.jpg 2560w, https:\/\/ppdegalicia.com\/wp-content\/uploads\/2020\/07\/ed2b7bcea4f6c8c94f75420f549a2a85-300x200.jpg 300w, https:\/\/ppdegalicia.com\/wp-content\/uploads\/2020\/07\/ed2b7bcea4f6c8c94f75420f549a2a85-1024x683.jpg 1024w, https:\/\/ppdegalicia.com\/wp-content\/uploads\/2020\/07\/ed2b7bcea4f6c8c94f75420f549a2a85-768x512.jpg 768w, https:\/\/ppdegalicia.com\/wp-content\/uploads\/2020\/07\/ed2b7bcea4f6c8c94f75420f549a2a85-1536x1024.jpg 1536w, https:\/\/ppdegalicia.com\/wp-content\/uploads\/2020\/07\/ed2b7bcea4f6c8c94f75420f549a2a85-2048x1365.jpg 2048w\" sizes=\"(max-width: 2560px) 100vw, 2560px\" \/><\/p>\n<p><u>15, xullo, 2020.<\/u> O n\u00famero dous do PPdeG, Miguel Tellado, afirmou que a confianza que recibiu a s\u00faa formaci\u00f3n nas Elecci\u00f3ns Auton\u00f3micas non \u00e9 motivo de relaxaci\u00f3n: \u201cEste apoio c\u00e1rganos de m\u00e1is responsabilidade para seguir devolv\u00e9ndolle aos galegos todo o que nos dan, conv\u00eddanos a seguir acertando e defendendo con m\u00e1is forza os intereses de Galicia e conv\u00f3canos a traballar por seguir constru\u00edndo un partido amplo, integrador e capaz de representar a m\u00e1is galegos\u201d.<\/p>\n<p><!--more--><\/p>\n<p>\u00a0<\/p>\n<p>O secretario xeral resaltou que a porcentaxe de voto acadada polo PP foi do 48% -hai que remontarse \u00e1s Auton\u00f3micas 2001 para atopar unha porcentaxe de voto tan alta nunhas elecci\u00f3ns ao Parlamento de Galicia- e ga\u00f1ou en todas as provincias, nas sete cidades e na inmensa maior\u00eda de concellos -298 de 313-. \u201cObtivemos 11.285 votos m\u00e1is que a suma de PSOE, BNG e Galicia en Com\u00fan, o que sup\u00f3n case un 1% m\u00e1is ca todos eles xuntos\u201d, salientou.<\/p>\n<p>\u00a0<\/p>\n<p>Ademais de ser un gran resultado para o partido, \u201cposto que segue a merecer a confianza maioritaria de todos os galegos, m\u00e1is especialmente cando saben que van vir tempos moi duros no \u00e1mbito econ\u00f3mico e social\u201d; e para o presidente, que por cuarta vez lle pediu unha confianza extraordinaria aos galegos e por cuarta vez lle foi outorgada; \u201cfoi un gran resultado para Galicia\u201d, manifestou Tellado.<\/p>\n<p>\u201cGalicia votou libremente e con seguridade nun contexto in\u00e9dito, pese ao discurso do medo que alg\u00fans quixeron alimentar; \u00a0falou alto e claro, apostando por un presidente e un equipo con experiencia contrastada; e sabe que ten un Goberno que poder\u00e1 gobernar desde o primeiro minuto, que saber\u00e1 sacar Orzamentos en prazo e que ter\u00e1 unha folla de ruta clara\u201d, insistiu.<\/p>\n<p>\u00a0<\/p>\n<p><strong><u>CASTIGO AO GOBERNO CENTRAL<\/u><\/strong><\/p>\n<p>De igual xeito, o secretario xeral amosouse moi orgulloso de que a Comunidade apostase de novo pola estabilidade, polo rigor e pola moderaci\u00f3n que representa o Partido Popular e Alberto N\u00fa\u00f1ez Feij\u00f3o, e tam\u00e9n polo feito de que se afastase de populismos de todo signo.<\/p>\n<p>\u00a0<\/p>\n<p>Nese senso, referiuse a que, na primeira ocasi\u00f3n que tiveron, os electores galegos castigaron moi severamente aos partidos que conforman o Goberno central, ata o punto de quedar cunha quinta parte da representaci\u00f3n na C\u00e1mara galega.<\/p>\n<p>\u00a0<\/p>\n<p>De feito, as Mareas de Podemos pasaron en catro anos de liderar a oposici\u00f3n a ser unha forza extraparlamentaria e o PSOE, desde abril de 2019 a xullo de 2020, perdeu m\u00e1is de 270.000 votos, a raz\u00f3n duns 20.000 ao mes ou uns 660 ao d\u00eda. \u201cA falta de proxecto e de capacidade de xesti\u00f3n de ambos deixoulle capitalizar o traballo de oposici\u00f3n a un BNG que agora deber\u00e1 demostrar que cami\u00f1o quere tomar\u201d, dixo.<\/p>\n<p>\u00a0<\/p>\n<p>As\u00ed mesmo, asegurou que os populares esperan que no novo Parlamento haxa mudanzas nas formas, de xeito que a oposici\u00f3n abandone o insulto que puxera de moda o rupturismo nas d\u00faas \u00faltimas lexislaturas; e no fondo, posto que os galegos deixaron claro que queren menos crispaci\u00f3n e m\u00e1is entendemento, menos loita partidista e m\u00e1is acordos que redunden na mellora da vida das persoas. \u00a0\u201cCremos que \u00e9 posible e agardamos que os demais tam\u00e9n o pensen, porque o noso acerto ser\u00e1 tam\u00e9n o do conxunto da sociedade \u00e1 que representamos\u201d, sentenciou.<\/p>\n","protected":false},"excerpt":{"rendered":"<p>15, xullo, 2020. O n\u00famero dous do PPdeG, Miguel Tellado, afirmou que a confianza que recibiu a s\u00faa formaci\u00f3n nas Elecci\u00f3ns Auton\u00f3micas non \u00e9 motivo de relaxaci\u00f3n: \u201cEste apoio c\u00e1rganos de m\u00e1is responsabilidade para seguir devolv\u00e9ndolle aos galegos todo o que nos dan, conv\u00eddanos a seguir acertando e defendendo con m\u00e1is forza os intereses de [&hellip;]<\/p>\n","protected":false},"author":40,"featured_media":54559,"comment_status":"open","ping_status":"open","sticky":false,"template":"","format":"standard","meta":{"_acf_changed":false,"footnotes":""},"categories":[1],"tags":[],"class_list":["post-54560","post","type-post","status-publish","format-standard","has-post-thumbnail","hentry","category-pp-de-galicia"],"acf":[],"yoast_head":"<!-- This site is optimized with the Yoast SEO plugin v27.3 - https:\/\/yoast.com\/product\/yoast-seo-wordpress\/ -->\n<title>O PPdeG cre que o apoio recibido &quot;c\u00e1rganos de responsabilidade para seguir devolv\u00e9ndolle aos galegos a confianza que nos dan&quot; - PP de Galicia<\/title>\n<meta name=\"robots\" content=\"index, follow, max-snippet:-1, max-image-preview:large, max-video-preview:-1\" \/>\n<link rel=\"canonical\" href=\"https:\/\/ppdegalicia.com\/es\/o-ppdeg-cre-que-o-apoio-recibido-carganos-de-responsabilidade-para-seguir-devolvendolle-aos-galegos-a-confianza-que-nos-dan\/\" \/>\n<meta property=\"og:locale\" content=\"es_ES\" \/>\n<meta property=\"og:type\" content=\"article\" \/>\n<meta property=\"og:title\" content=\"O PPdeG cre que o apoio recibido &quot;c\u00e1rganos de responsabilidade para seguir devolv\u00e9ndolle aos galegos a confianza que nos dan&quot; - PP de Galicia\" \/>\n<meta property=\"og:description\" content=\"15, xullo, 2020. O n\u00famero dous do PPdeG, Miguel Tellado, afirmou que a confianza que recibiu a s\u00faa formaci\u00f3n nas Elecci\u00f3ns Auton\u00f3micas non \u00e9 motivo de relaxaci\u00f3n: \u201cEste apoio c\u00e1rganos de m\u00e1is responsabilidade para seguir devolv\u00e9ndolle aos galegos todo o que nos dan, conv\u00eddanos a seguir acertando e defendendo con m\u00e1is forza os intereses de [&hellip;]\" \/>\n<meta property=\"og:url\" content=\"https:\/\/ppdegalicia.com\/es\/o-ppdeg-cre-que-o-apoio-recibido-carganos-de-responsabilidade-para-seguir-devolvendolle-aos-galegos-a-confianza-que-nos-dan\/\" \/>\n<meta property=\"og:site_name\" content=\"PP de Galicia\" \/>\n<meta property=\"article:publisher\" content=\"https:\/\/www.instagram.com\/ppdegalicia\/\" \/>\n<meta property=\"article:published_time\" content=\"2020-07-15T09:34:30+00:00\" \/>\n<meta property=\"og:image\" content=\"https:\/\/ppdegalicia.com\/wp-content\/uploads\/2020\/07\/ed2b7bcea4f6c8c94f75420f549a2a85-scaled.jpg\" \/>\n\t<meta property=\"og:image:width\" content=\"2560\" \/>\n\t<meta property=\"og:image:height\" content=\"1707\" \/>\n\t<meta property=\"og:image:type\" content=\"image\/jpeg\" \/>\n<meta name=\"author\" content=\"ppdegaliciaedtis\" \/>\n<meta name=\"twitter:card\" content=\"summary_large_image\" \/>\n<meta name=\"twitter:creator\" content=\"@ppdegalicia\" \/>\n<meta name=\"twitter:site\" content=\"@ppdegalicia\" \/>\n<meta name=\"twitter:label1\" content=\"Escrito por\" \/>\n\t<meta name=\"twitter:data1\" content=\"ppdegaliciaedtis\" \/>\n\t<meta name=\"twitter:label2\" content=\"Tiempo de lectura\" \/>\n\t<meta name=\"twitter:data2\" content=\"3 minutos\" \/>\n<script type=\"application\/ld+json\" class=\"yoast-schema-graph\">{\"@context\":\"https:\\\/\\\/schema.org\",\"@graph\":[{\"@type\":\"Article\",\"@id\":\"https:\\\/\\\/ppdegalicia.com\\\/es\\\/o-ppdeg-cre-que-o-apoio-recibido-carganos-de-responsabilidade-para-seguir-devolvendolle-aos-galegos-a-confianza-que-nos-dan\\\/#article\",\"isPartOf\":{\"@id\":\"https:\\\/\\\/ppdegalicia.com\\\/es\\\/o-ppdeg-cre-que-o-apoio-recibido-carganos-de-responsabilidade-para-seguir-devolvendolle-aos-galegos-a-confianza-que-nos-dan\\\/\"},\"author\":{\"name\":\"ppdegaliciaedtis\",\"@id\":\"https:\\\/\\\/ppdegalicia.com\\\/es\\\/#\\\/schema\\\/person\\\/bc9b46e59ebd34bf28611158c3867388\"},\"headline\":\"O PPdeG cre que o apoio recibido \u00abc\u00e1rganos de responsabilidade para seguir devolv\u00e9ndolle aos galegos a confianza que nos dan\u00bb\",\"datePublished\":\"2020-07-15T09:34:30+00:00\",\"mainEntityOfPage\":{\"@id\":\"https:\\\/\\\/ppdegalicia.com\\\/es\\\/o-ppdeg-cre-que-o-apoio-recibido-carganos-de-responsabilidade-para-seguir-devolvendolle-aos-galegos-a-confianza-que-nos-dan\\\/\"},\"wordCount\":584,\"commentCount\":0,\"publisher\":{\"@id\":\"https:\\\/\\\/ppdegalicia.com\\\/es\\\/#organization\"},\"image\":{\"@id\":\"https:\\\/\\\/ppdegalicia.com\\\/es\\\/o-ppdeg-cre-que-o-apoio-recibido-carganos-de-responsabilidade-para-seguir-devolvendolle-aos-galegos-a-confianza-que-nos-dan\\\/#primaryimage\"},\"thumbnailUrl\":\"https:\\\/\\\/ppdegalicia.com\\\/wp-content\\\/uploads\\\/2020\\\/07\\\/ed2b7bcea4f6c8c94f75420f549a2a85-scaled.jpg\",\"articleSection\":[\"PP de Galicia\"],\"inLanguage\":\"es\",\"potentialAction\":[{\"@type\":\"CommentAction\",\"name\":\"Comment\",\"target\":[\"https:\\\/\\\/ppdegalicia.com\\\/es\\\/o-ppdeg-cre-que-o-apoio-recibido-carganos-de-responsabilidade-para-seguir-devolvendolle-aos-galegos-a-confianza-que-nos-dan\\\/#respond\"]}]},{\"@type\":\"WebPage\",\"@id\":\"https:\\\/\\\/ppdegalicia.com\\\/es\\\/o-ppdeg-cre-que-o-apoio-recibido-carganos-de-responsabilidade-para-seguir-devolvendolle-aos-galegos-a-confianza-que-nos-dan\\\/\",\"url\":\"https:\\\/\\\/ppdegalicia.com\\\/es\\\/o-ppdeg-cre-que-o-apoio-recibido-carganos-de-responsabilidade-para-seguir-devolvendolle-aos-galegos-a-confianza-que-nos-dan\\\/\",\"name\":\"O PPdeG cre que o apoio recibido \\\"c\u00e1rganos de responsabilidade para seguir devolv\u00e9ndolle aos galegos a confianza que nos dan\\\" - PP de Galicia\",\"isPartOf\":{\"@id\":\"https:\\\/\\\/ppdegalicia.com\\\/es\\\/#website\"},\"primaryImageOfPage\":{\"@id\":\"https:\\\/\\\/ppdegalicia.com\\\/es\\\/o-ppdeg-cre-que-o-apoio-recibido-carganos-de-responsabilidade-para-seguir-devolvendolle-aos-galegos-a-confianza-que-nos-dan\\\/#primaryimage\"},\"image\":{\"@id\":\"https:\\\/\\\/ppdegalicia.com\\\/es\\\/o-ppdeg-cre-que-o-apoio-recibido-carganos-de-responsabilidade-para-seguir-devolvendolle-aos-galegos-a-confianza-que-nos-dan\\\/#primaryimage\"},\"thumbnailUrl\":\"https:\\\/\\\/ppdegalicia.com\\\/wp-content\\\/uploads\\\/2020\\\/07\\\/ed2b7bcea4f6c8c94f75420f549a2a85-scaled.jpg\",\"datePublished\":\"2020-07-15T09:34:30+00:00\",\"breadcrumb\":{\"@id\":\"https:\\\/\\\/ppdegalicia.com\\\/es\\\/o-ppdeg-cre-que-o-apoio-recibido-carganos-de-responsabilidade-para-seguir-devolvendolle-aos-galegos-a-confianza-que-nos-dan\\\/#breadcrumb\"},\"inLanguage\":\"es\",\"potentialAction\":[{\"@type\":\"ReadAction\",\"target\":[\"https:\\\/\\\/ppdegalicia.com\\\/es\\\/o-ppdeg-cre-que-o-apoio-recibido-carganos-de-responsabilidade-para-seguir-devolvendolle-aos-galegos-a-confianza-que-nos-dan\\\/\"]}]},{\"@type\":\"ImageObject\",\"inLanguage\":\"es\",\"@id\":\"https:\\\/\\\/ppdegalicia.com\\\/es\\\/o-ppdeg-cre-que-o-apoio-recibido-carganos-de-responsabilidade-para-seguir-devolvendolle-aos-galegos-a-confianza-que-nos-dan\\\/#primaryimage\",\"url\":\"https:\\\/\\\/ppdegalicia.com\\\/wp-content\\\/uploads\\\/2020\\\/07\\\/ed2b7bcea4f6c8c94f75420f549a2a85-scaled.jpg\",\"contentUrl\":\"https:\\\/\\\/ppdegalicia.com\\\/wp-content\\\/uploads\\\/2020\\\/07\\\/ed2b7bcea4f6c8c94f75420f549a2a85-scaled.jpg\",\"width\":2560,\"height\":1707},{\"@type\":\"BreadcrumbList\",\"@id\":\"https:\\\/\\\/ppdegalicia.com\\\/es\\\/o-ppdeg-cre-que-o-apoio-recibido-carganos-de-responsabilidade-para-seguir-devolvendolle-aos-galegos-a-confianza-que-nos-dan\\\/#breadcrumb\",\"itemListElement\":[{\"@type\":\"ListItem\",\"position\":1,\"name\":\"Portada\",\"item\":\"https:\\\/\\\/ppdegalicia.com\\\/es\\\/\"},{\"@type\":\"ListItem\",\"position\":2,\"name\":\"O PPdeG cre que o apoio recibido &#8220;c\u00e1rganos de responsabilidade para seguir devolv\u00e9ndolle aos galegos a confianza que nos dan&#8221;\"}]},{\"@type\":\"WebSite\",\"@id\":\"https:\\\/\\\/ppdegalicia.com\\\/es\\\/#website\",\"url\":\"https:\\\/\\\/ppdegalicia.com\\\/es\\\/\",\"name\":\"Partido Popular de Galicia\",\"description\":\"Partido Popular de Galicia\",\"publisher\":{\"@id\":\"https:\\\/\\\/ppdegalicia.com\\\/es\\\/#organization\"},\"alternateName\":\"PP de Galicia\",\"potentialAction\":[{\"@type\":\"SearchAction\",\"target\":{\"@type\":\"EntryPoint\",\"urlTemplate\":\"https:\\\/\\\/ppdegalicia.com\\\/es\\\/?s={search_term_string}\"},\"query-input\":{\"@type\":\"PropertyValueSpecification\",\"valueRequired\":true,\"valueName\":\"search_term_string\"}}],\"inLanguage\":\"es\"},{\"@type\":\"Organization\",\"@id\":\"https:\\\/\\\/ppdegalicia.com\\\/es\\\/#organization\",\"name\":\"Partido Popular de Galicia\",\"alternateName\":\"PP de Galicia\",\"url\":\"https:\\\/\\\/ppdegalicia.com\\\/es\\\/\",\"logo\":{\"@type\":\"ImageObject\",\"inLanguage\":\"es\",\"@id\":\"https:\\\/\\\/ppdegalicia.com\\\/es\\\/#\\\/schema\\\/logo\\\/image\\\/\",\"url\":\"https:\\\/\\\/ppdegalicia.com\\\/wp-content\\\/uploads\\\/2023\\\/04\\\/logoPP512.png\",\"contentUrl\":\"https:\\\/\\\/ppdegalicia.com\\\/wp-content\\\/uploads\\\/2023\\\/04\\\/logoPP512.png\",\"width\":512,\"height\":512,\"caption\":\"Partido Popular de Galicia\"},\"image\":{\"@id\":\"https:\\\/\\\/ppdegalicia.com\\\/es\\\/#\\\/schema\\\/logo\\\/image\\\/\"},\"sameAs\":[\"https:\\\/\\\/www.instagram.com\\\/ppdegalicia\\\/\",\"https:\\\/\\\/x.com\\\/ppdegalicia\",\"https:\\\/\\\/www.tiktok.com\\\/@ppdegalicia\",\"https:\\\/\\\/www.youtube.com\\\/user\\\/ppdegalicia\"]},{\"@type\":\"Person\",\"@id\":\"https:\\\/\\\/ppdegalicia.com\\\/es\\\/#\\\/schema\\\/person\\\/bc9b46e59ebd34bf28611158c3867388\",\"name\":\"ppdegaliciaedtis\",\"image\":{\"@type\":\"ImageObject\",\"inLanguage\":\"es\",\"@id\":\"https:\\\/\\\/secure.gravatar.com\\\/avatar\\\/f9f8cf6e03df54a1b0d04a6b4b8e8c6bd63c10a439752e84d87a5385aefe2ced?s=96&d=mm&r=g\",\"url\":\"https:\\\/\\\/secure.gravatar.com\\\/avatar\\\/f9f8cf6e03df54a1b0d04a6b4b8e8c6bd63c10a439752e84d87a5385aefe2ced?s=96&d=mm&r=g\",\"contentUrl\":\"https:\\\/\\\/secure.gravatar.com\\\/avatar\\\/f9f8cf6e03df54a1b0d04a6b4b8e8c6bd63c10a439752e84d87a5385aefe2ced?s=96&d=mm&r=g\",\"caption\":\"ppdegaliciaedtis\"},\"url\":\"https:\\\/\\\/ppdegalicia.com\\\/es\\\/author\\\/ppdegaliciaedits\\\/\"}]}<\/script>\n<!-- \/ Yoast SEO plugin. -->","yoast_head_json":{"title":"O PPdeG cre que o apoio recibido \"c\u00e1rganos de responsabilidade para seguir devolv\u00e9ndolle aos galegos a confianza que nos dan\" - PP de Galicia","robots":{"index":"index","follow":"follow","max-snippet":"max-snippet:-1","max-image-preview":"max-image-preview:large","max-video-preview":"max-video-preview:-1"},"canonical":"https:\/\/ppdegalicia.com\/es\/o-ppdeg-cre-que-o-apoio-recibido-carganos-de-responsabilidade-para-seguir-devolvendolle-aos-galegos-a-confianza-que-nos-dan\/","og_locale":"es_ES","og_type":"article","og_title":"O PPdeG cre que o apoio recibido \"c\u00e1rganos de responsabilidade para seguir devolv\u00e9ndolle aos galegos a confianza que nos dan\" - PP de Galicia","og_description":"15, xullo, 2020. O n\u00famero dous do PPdeG, Miguel Tellado, afirmou que a confianza que recibiu a s\u00faa formaci\u00f3n nas Elecci\u00f3ns Auton\u00f3micas non \u00e9 motivo de relaxaci\u00f3n: \u201cEste apoio c\u00e1rganos de m\u00e1is responsabilidade para seguir devolv\u00e9ndolle aos galegos todo o que nos dan, conv\u00eddanos a seguir acertando e defendendo con m\u00e1is forza os intereses de [&hellip;]","og_url":"https:\/\/ppdegalicia.com\/es\/o-ppdeg-cre-que-o-apoio-recibido-carganos-de-responsabilidade-para-seguir-devolvendolle-aos-galegos-a-confianza-que-nos-dan\/","og_site_name":"PP de Galicia","article_publisher":"https:\/\/www.instagram.com\/ppdegalicia\/","article_published_time":"2020-07-15T09:34:30+00:00","og_image":[{"width":2560,"height":1707,"url":"https:\/\/ppdegalicia.com\/wp-content\/uploads\/2020\/07\/ed2b7bcea4f6c8c94f75420f549a2a85-scaled.jpg","type":"image\/jpeg"}],"author":"ppdegaliciaedtis","twitter_card":"summary_large_image","twitter_creator":"@ppdegalicia","twitter_site":"@ppdegalicia","twitter_misc":{"Escrito por":"ppdegaliciaedtis","Tiempo de lectura":"3 minutos"},"schema":{"@context":"https:\/\/schema.org","@graph":[{"@type":"Article","@id":"https:\/\/ppdegalicia.com\/es\/o-ppdeg-cre-que-o-apoio-recibido-carganos-de-responsabilidade-para-seguir-devolvendolle-aos-galegos-a-confianza-que-nos-dan\/#article","isPartOf":{"@id":"https:\/\/ppdegalicia.com\/es\/o-ppdeg-cre-que-o-apoio-recibido-carganos-de-responsabilidade-para-seguir-devolvendolle-aos-galegos-a-confianza-que-nos-dan\/"},"author":{"name":"ppdegaliciaedtis","@id":"https:\/\/ppdegalicia.com\/es\/#\/schema\/person\/bc9b46e59ebd34bf28611158c3867388"},"headline":"O PPdeG cre que o apoio recibido \u00abc\u00e1rganos de responsabilidade para seguir devolv\u00e9ndolle aos galegos a confianza que nos dan\u00bb","datePublished":"2020-07-15T09:34:30+00:00","mainEntityOfPage":{"@id":"https:\/\/ppdegalicia.com\/es\/o-ppdeg-cre-que-o-apoio-recibido-carganos-de-responsabilidade-para-seguir-devolvendolle-aos-galegos-a-confianza-que-nos-dan\/"},"wordCount":584,"commentCount":0,"publisher":{"@id":"https:\/\/ppdegalicia.com\/es\/#organization"},"image":{"@id":"https:\/\/ppdegalicia.com\/es\/o-ppdeg-cre-que-o-apoio-recibido-carganos-de-responsabilidade-para-seguir-devolvendolle-aos-galegos-a-confianza-que-nos-dan\/#primaryimage"},"thumbnailUrl":"https:\/\/ppdegalicia.com\/wp-content\/uploads\/2020\/07\/ed2b7bcea4f6c8c94f75420f549a2a85-scaled.jpg","articleSection":["PP de Galicia"],"inLanguage":"es","potentialAction":[{"@type":"CommentAction","name":"Comment","target":["https:\/\/ppdegalicia.com\/es\/o-ppdeg-cre-que-o-apoio-recibido-carganos-de-responsabilidade-para-seguir-devolvendolle-aos-galegos-a-confianza-que-nos-dan\/#respond"]}]},{"@type":"WebPage","@id":"https:\/\/ppdegalicia.com\/es\/o-ppdeg-cre-que-o-apoio-recibido-carganos-de-responsabilidade-para-seguir-devolvendolle-aos-galegos-a-confianza-que-nos-dan\/","url":"https:\/\/ppdegalicia.com\/es\/o-ppdeg-cre-que-o-apoio-recibido-carganos-de-responsabilidade-para-seguir-devolvendolle-aos-galegos-a-confianza-que-nos-dan\/","name":"O PPdeG cre que o apoio recibido \"c\u00e1rganos de responsabilidade para seguir devolv\u00e9ndolle aos galegos a confianza que nos dan\" - PP de Galicia","isPartOf":{"@id":"https:\/\/ppdegalicia.com\/es\/#website"},"primaryImageOfPage":{"@id":"https:\/\/ppdegalicia.com\/es\/o-ppdeg-cre-que-o-apoio-recibido-carganos-de-responsabilidade-para-seguir-devolvendolle-aos-galegos-a-confianza-que-nos-dan\/#primaryimage"},"image":{"@id":"https:\/\/ppdegalicia.com\/es\/o-ppdeg-cre-que-o-apoio-recibido-carganos-de-responsabilidade-para-seguir-devolvendolle-aos-galegos-a-confianza-que-nos-dan\/#primaryimage"},"thumbnailUrl":"https:\/\/ppdegalicia.com\/wp-content\/uploads\/2020\/07\/ed2b7bcea4f6c8c94f75420f549a2a85-scaled.jpg","datePublished":"2020-07-15T09:34:30+00:00","breadcrumb":{"@id":"https:\/\/ppdegalicia.com\/es\/o-ppdeg-cre-que-o-apoio-recibido-carganos-de-responsabilidade-para-seguir-devolvendolle-aos-galegos-a-confianza-que-nos-dan\/#breadcrumb"},"inLanguage":"es","potentialAction":[{"@type":"ReadAction","target":["https:\/\/ppdegalicia.com\/es\/o-ppdeg-cre-que-o-apoio-recibido-carganos-de-responsabilidade-para-seguir-devolvendolle-aos-galegos-a-confianza-que-nos-dan\/"]}]},{"@type":"ImageObject","inLanguage":"es","@id":"https:\/\/ppdegalicia.com\/es\/o-ppdeg-cre-que-o-apoio-recibido-carganos-de-responsabilidade-para-seguir-devolvendolle-aos-galegos-a-confianza-que-nos-dan\/#primaryimage","url":"https:\/\/ppdegalicia.com\/wp-content\/uploads\/2020\/07\/ed2b7bcea4f6c8c94f75420f549a2a85-scaled.jpg","contentUrl":"https:\/\/ppdegalicia.com\/wp-content\/uploads\/2020\/07\/ed2b7bcea4f6c8c94f75420f549a2a85-scaled.jpg","width":2560,"height":1707},{"@type":"BreadcrumbList","@id":"https:\/\/ppdegalicia.com\/es\/o-ppdeg-cre-que-o-apoio-recibido-carganos-de-responsabilidade-para-seguir-devolvendolle-aos-galegos-a-confianza-que-nos-dan\/#breadcrumb","itemListElement":[{"@type":"ListItem","position":1,"name":"Portada","item":"https:\/\/ppdegalicia.com\/es\/"},{"@type":"ListItem","position":2,"name":"O PPdeG cre que o apoio recibido &#8220;c\u00e1rganos de responsabilidade para seguir devolv\u00e9ndolle aos galegos a confianza que nos dan&#8221;"}]},{"@type":"WebSite","@id":"https:\/\/ppdegalicia.com\/es\/#website","url":"https:\/\/ppdegalicia.com\/es\/","name":"Partido Popular de Galicia","description":"Partido Popular de Galicia","publisher":{"@id":"https:\/\/ppdegalicia.com\/es\/#organization"},"alternateName":"PP de Galicia","potentialAction":[{"@type":"SearchAction","target":{"@type":"EntryPoint","urlTemplate":"https:\/\/ppdegalicia.com\/es\/?s={search_term_string}"},"query-input":{"@type":"PropertyValueSpecification","valueRequired":true,"valueName":"search_term_string"}}],"inLanguage":"es"},{"@type":"Organization","@id":"https:\/\/ppdegalicia.com\/es\/#organization","name":"Partido Popular de Galicia","alternateName":"PP de Galicia","url":"https:\/\/ppdegalicia.com\/es\/","logo":{"@type":"ImageObject","inLanguage":"es","@id":"https:\/\/ppdegalicia.com\/es\/#\/schema\/logo\/image\/","url":"https:\/\/ppdegalicia.com\/wp-content\/uploads\/2023\/04\/logoPP512.png","contentUrl":"https:\/\/ppdegalicia.com\/wp-content\/uploads\/2023\/04\/logoPP512.png","width":512,"height":512,"caption":"Partido Popular de Galicia"},"image":{"@id":"https:\/\/ppdegalicia.com\/es\/#\/schema\/logo\/image\/"},"sameAs":["https:\/\/www.instagram.com\/ppdegalicia\/","https:\/\/x.com\/ppdegalicia","https:\/\/www.tiktok.com\/@ppdegalicia","https:\/\/www.youtube.com\/user\/ppdegalicia"]},{"@type":"Person","@id":"https:\/\/ppdegalicia.com\/es\/#\/schema\/person\/bc9b46e59ebd34bf28611158c3867388","name":"ppdegaliciaedtis","image":{"@type":"ImageObject","inLanguage":"es","@id":"https:\/\/secure.gravatar.com\/avatar\/f9f8cf6e03df54a1b0d04a6b4b8e8c6bd63c10a439752e84d87a5385aefe2ced?s=96&d=mm&r=g","url":"https:\/\/secure.gravatar.com\/avatar\/f9f8cf6e03df54a1b0d04a6b4b8e8c6bd63c10a439752e84d87a5385aefe2ced?s=96&d=mm&r=g","contentUrl":"https:\/\/secure.gravatar.com\/avatar\/f9f8cf6e03df54a1b0d04a6b4b8e8c6bd63c10a439752e84d87a5385aefe2ced?s=96&d=mm&r=g","caption":"ppdegaliciaedtis"},"url":"https:\/\/ppdegalicia.com\/es\/author\/ppdegaliciaedits\/"}]}},"_links":{"self":[{"href":"https:\/\/ppdegalicia.com\/es\/wp-json\/wp\/v2\/posts\/54560","targetHints":{"allow":["GET"]}}],"collection":[{"href":"https:\/\/ppdegalicia.com\/es\/wp-json\/wp\/v2\/posts"}],"about":[{"href":"https:\/\/ppdegalicia.com\/es\/wp-json\/wp\/v2\/types\/post"}],"author":[{"embeddable":true,"href":"https:\/\/ppdegalicia.com\/es\/wp-json\/wp\/v2\/users\/40"}],"replies":[{"embeddable":true,"href":"https:\/\/ppdegalicia.com\/es\/wp-json\/wp\/v2\/comments?post=54560"}],"version-history":[{"count":0,"href":"https:\/\/ppdegalicia.com\/es\/wp-json\/wp\/v2\/posts\/54560\/revisions"}],"wp:featuredmedia":[{"embeddable":true,"href":"https:\/\/ppdegalicia.com\/es\/wp-json\/wp\/v2\/media\/54559"}],"wp:attachment":[{"href":"https:\/\/ppdegalicia.com\/es\/wp-json\/wp\/v2\/media?parent=54560"}],"wp:term":[{"taxonomy":"category","embeddable":true,"href":"https:\/\/ppdegalicia.com\/es\/wp-json\/wp\/v2\/categories?post=54560"},{"taxonomy":"post_tag","embeddable":true,"href":"https:\/\/ppdegalicia.com\/es\/wp-json\/wp\/v2\/tags?post=54560"}],"curies":[{"name":"wp","href":"https:\/\/api.w.org\/{rel}","templated":true}]}}