{"id":54566,"date":"2020-08-10T13:49:59","date_gmt":"2020-08-10T11:49:59","guid":{"rendered":"https:\/\/ppdegalicia.com\/pedro-puy-afirma-que-iniciamos-unha-lexislatura-complexa-co-reto-de-xestionar-a-pandemia-sanitaria-e-afrontar-a-caida-da-economia\/"},"modified":"2020-08-10T13:49:59","modified_gmt":"2020-08-10T11:49:59","slug":"pedro-puy-afirma-que-iniciamos-unha-lexislatura-complexa-co-reto-de-xestionar-a-pandemia-sanitaria-e-afrontar-a-caida-da-economia","status":"publish","type":"post","link":"https:\/\/ppdegalicia.com\/es\/pedro-puy-afirma-que-iniciamos-unha-lexislatura-complexa-co-reto-de-xestionar-a-pandemia-sanitaria-e-afrontar-a-caida-da-economia\/","title":{"rendered":"Pedro Puy afirma que \u201ciniciamos unha lexislatura complexa, co reto de xestionar a pandemia sanitaria e afrontar a ca\u00edda da econom\u00eda\u201d"},"content":{"rendered":"<p><img fetchpriority=\"high\" decoding=\"async\" class=\" size-full wp-image-54565\" src=\"https:\/\/ppdegalicia.com\/wp-content\/uploads\/2020\/08\/4c1649a98f1721694fad3df4956deed9.jpg\" alt=\"\" width=\"1900\" height=\"1356\" srcset=\"https:\/\/ppdegalicia.com\/wp-content\/uploads\/2020\/08\/4c1649a98f1721694fad3df4956deed9.jpg 1900w, https:\/\/ppdegalicia.com\/wp-content\/uploads\/2020\/08\/4c1649a98f1721694fad3df4956deed9-300x214.jpg 300w, https:\/\/ppdegalicia.com\/wp-content\/uploads\/2020\/08\/4c1649a98f1721694fad3df4956deed9-1024x731.jpg 1024w, https:\/\/ppdegalicia.com\/wp-content\/uploads\/2020\/08\/4c1649a98f1721694fad3df4956deed9-768x548.jpg 768w, https:\/\/ppdegalicia.com\/wp-content\/uploads\/2020\/08\/4c1649a98f1721694fad3df4956deed9-1536x1096.jpg 1536w\" sizes=\"(max-width: 1900px) 100vw, 1900px\" \/><\/p>\n<p>Santiago, 10 de agosto de 2020.- O portavoz do Grupo Popular, Pedro Puy, presentou hoxe a nova direcci\u00f3n deste grupo parlamentario, na que estar\u00e1 acompa\u00f1ado polos viceportavoces Miguel Tellado, Elena Candia e Paula Prado. \u201cIniciamos unha lexislatura particularmente complexa, co reto inicial directo de xestionar a pandemia da Covid-19 pero tam\u00e9n afrontar a fonda e inaudita ca\u00edda da produci\u00f3n econ\u00f3mica que se est\u00e1 a producir\u201d, manifestou.<\/p>\n<p>\u00a0<\/p>\n<p><!--more--><\/p>\n<p>Pedro Puy amosouse \u201chonrado e contento\u201d cos tres viceportavoces que o acompa\u00f1ar\u00e1n no Grupo Parlamentario Popular, dous deles que contin\u00faan no seu labor (Miguel Tellado e Paula Prado), aos que se engade a nova incorporaci\u00f3n de Elena Candia. Neste sentido, agradeceu o traballo e dedicaci\u00f3n da anterior viceportavoz Marta Rodr\u00edguez Arias.<\/p>\n<p><strong>DEMANDA PRECAUCI\u00d3N \u00c1 XENTE NOVA<\/strong><\/p>\n<p>De cara ao curto prazo, o portavoz popular sinalou que \u201ctemos un reto inicial directo que \u00e9 a xesti\u00f3n da pandemia sanitaria do coronavirus, con todo o que conleva para po\u00f1er en marcha aquilo que faga imprescindible o funcionamento sanitario e de protecci\u00f3n social\u201d. Neste sentido, demandou precauci\u00f3n \u00e1 xente nova na protecci\u00f3n ante o virus, unha vez estase constatando o incremento de casos positivos entre poboaci\u00f3n de menor idade. <\/p>\n<p>Xunto a esta situaci\u00f3n sanitaria, Puy subli\u00f1ou que a sociedade galega \u201cest\u00e1 a sufrir unha fonda e inaudita ca\u00edda da produci\u00f3n econ\u00f3mica\u201d, ante o que avogou por \u201cintentar que a recuperaci\u00f3n econ\u00f3mica de Galicia sexa m\u00e1is r\u00e1pida e intensa que a media nacional\u201d. \u201cA propia estrutura econ\u00f3mica galega, m\u00e1is compensada antes da crise gracias \u00e1s reformas realizadas e cun equilibrio maior entre os sectores produtivos, est\u00e1 a facer que a crise en Galicia non sexa tan profunda\u201d, indicou na s\u00faa intervenci\u00f3n refer\u00edndose a datos publicados pola propia AIReF. Por\u00e9n, engadiu que \u201ca\u00ednda as\u00ed vivimos unha situaci\u00f3n desco\u00f1ecida que vai requirir traballo, responsabilidade e capacidade de acordo, tanto cos representantes sociais como pol\u00edticos\u201d.<\/p>\n<p><strong>SEGUIR TRABALLANDO<\/strong><\/p>\n<p>O portavoz popular apuntou que, ademais destas d\u00faas prioridades, \u201ctemos que seguir traballando con todo o demais\u201d. En concreto, lamentou a vaga de incendios que est\u00e1n a suceder na provincia de Ourense e trasladou o p\u00e9same \u00e1 familia do piloto falecido no accidente do hidroavi\u00f3n do operativo portugu\u00e9s de extinci\u00f3n ocorrido o pasado s\u00e1bado cando actuaba no lume de Lobios e desexou unha pronta recuperaci\u00f3n ao copiloto que resultou ferido.<\/p>\n<p>As\u00ed mesmo, Puy sinalou que o Grupo Popular est\u00e1 preparando a volta \u00e1 actividade parlamentaria e lembrou que ao remate da pasada lexislatura atop\u00e1banse en tramitaci\u00f3n importantes proxectos de lei, como a de impulso demogr\u00e1fico, a de ordenaci\u00f3n do territorio, a de residuos, a de pesca fluvial, a de exterior ou a de museos, ademais da nova lei de mobilidade de terras que se est\u00e1 redactando en colaboraci\u00f3n entre a Conseller\u00eda do Medio Rural e o grupo parlamentario<\/p>\n","protected":false},"excerpt":{"rendered":"<p>Santiago, 10 de agosto de 2020.- O portavoz do Grupo Popular, Pedro Puy, presentou hoxe a nova direcci\u00f3n deste grupo parlamentario, na que estar\u00e1 acompa\u00f1ado polos viceportavoces Miguel Tellado, Elena Candia e Paula Prado. \u201cIniciamos unha lexislatura particularmente complexa, co reto inicial directo de xestionar a pandemia da Covid-19 pero tam\u00e9n afrontar a fonda e [&hellip;]<\/p>\n","protected":false},"author":40,"featured_media":54565,"comment_status":"open","ping_status":"open","sticky":false,"template":"","format":"standard","meta":{"_acf_changed":false,"footnotes":""},"categories":[1],"tags":[],"class_list":["post-54566","post","type-post","status-publish","format-standard","has-post-thumbnail","hentry","category-pp-de-galicia"],"acf":[],"yoast_head":"<!-- This site is optimized with the Yoast SEO plugin v27.3 - https:\/\/yoast.com\/product\/yoast-seo-wordpress\/ -->\n<title>Pedro Puy afirma que \u201ciniciamos unha lexislatura complexa, co reto de xestionar a pandemia sanitaria e afrontar a ca\u00edda da econom\u00eda\u201d - PP de Galicia<\/title>\n<meta name=\"robots\" content=\"index, follow, max-snippet:-1, max-image-preview:large, max-video-preview:-1\" \/>\n<link rel=\"canonical\" href=\"https:\/\/ppdegalicia.com\/es\/pedro-puy-afirma-que-iniciamos-unha-lexislatura-complexa-co-reto-de-xestionar-a-pandemia-sanitaria-e-afrontar-a-caida-da-economia\/\" \/>\n<meta property=\"og:locale\" content=\"es_ES\" \/>\n<meta property=\"og:type\" content=\"article\" \/>\n<meta property=\"og:title\" content=\"Pedro Puy afirma que \u201ciniciamos unha lexislatura complexa, co reto de xestionar a pandemia sanitaria e afrontar a ca\u00edda da econom\u00eda\u201d - PP de Galicia\" \/>\n<meta property=\"og:description\" content=\"Santiago, 10 de agosto de 2020.- O portavoz do Grupo Popular, Pedro Puy, presentou hoxe a nova direcci\u00f3n deste grupo parlamentario, na que estar\u00e1 acompa\u00f1ado polos viceportavoces Miguel Tellado, Elena Candia e Paula Prado. \u201cIniciamos unha lexislatura particularmente complexa, co reto inicial directo de xestionar a pandemia da Covid-19 pero tam\u00e9n afrontar a fonda e [&hellip;]\" \/>\n<meta property=\"og:url\" content=\"https:\/\/ppdegalicia.com\/es\/pedro-puy-afirma-que-iniciamos-unha-lexislatura-complexa-co-reto-de-xestionar-a-pandemia-sanitaria-e-afrontar-a-caida-da-economia\/\" \/>\n<meta property=\"og:site_name\" content=\"PP de Galicia\" \/>\n<meta property=\"article:publisher\" content=\"https:\/\/www.instagram.com\/ppdegalicia\/\" \/>\n<meta property=\"article:published_time\" content=\"2020-08-10T11:49:59+00:00\" \/>\n<meta property=\"og:image\" content=\"https:\/\/ppdegalicia.com\/wp-content\/uploads\/2020\/08\/4c1649a98f1721694fad3df4956deed9.jpg\" \/>\n\t<meta property=\"og:image:width\" content=\"1900\" \/>\n\t<meta property=\"og:image:height\" content=\"1356\" \/>\n\t<meta property=\"og:image:type\" content=\"image\/jpeg\" \/>\n<meta name=\"author\" content=\"ppdegaliciaedtis\" \/>\n<meta name=\"twitter:card\" content=\"summary_large_image\" \/>\n<meta name=\"twitter:creator\" content=\"@ppdegalicia\" \/>\n<meta name=\"twitter:site\" content=\"@ppdegalicia\" \/>\n<meta name=\"twitter:label1\" content=\"Escrito por\" \/>\n\t<meta name=\"twitter:data1\" content=\"ppdegaliciaedtis\" \/>\n\t<meta name=\"twitter:label2\" content=\"Tiempo de lectura\" \/>\n\t<meta name=\"twitter:data2\" content=\"2 minutos\" \/>\n<script type=\"application\/ld+json\" class=\"yoast-schema-graph\">{\"@context\":\"https:\\\/\\\/schema.org\",\"@graph\":[{\"@type\":\"Article\",\"@id\":\"https:\\\/\\\/ppdegalicia.com\\\/es\\\/pedro-puy-afirma-que-iniciamos-unha-lexislatura-complexa-co-reto-de-xestionar-a-pandemia-sanitaria-e-afrontar-a-caida-da-economia\\\/#article\",\"isPartOf\":{\"@id\":\"https:\\\/\\\/ppdegalicia.com\\\/es\\\/pedro-puy-afirma-que-iniciamos-unha-lexislatura-complexa-co-reto-de-xestionar-a-pandemia-sanitaria-e-afrontar-a-caida-da-economia\\\/\"},\"author\":{\"name\":\"ppdegaliciaedtis\",\"@id\":\"https:\\\/\\\/ppdegalicia.com\\\/es\\\/#\\\/schema\\\/person\\\/bc9b46e59ebd34bf28611158c3867388\"},\"headline\":\"Pedro Puy afirma que \u201ciniciamos unha lexislatura complexa, co reto de xestionar a pandemia sanitaria e afrontar a ca\u00edda da econom\u00eda\u201d\",\"datePublished\":\"2020-08-10T11:49:59+00:00\",\"mainEntityOfPage\":{\"@id\":\"https:\\\/\\\/ppdegalicia.com\\\/es\\\/pedro-puy-afirma-que-iniciamos-unha-lexislatura-complexa-co-reto-de-xestionar-a-pandemia-sanitaria-e-afrontar-a-caida-da-economia\\\/\"},\"wordCount\":523,\"commentCount\":0,\"publisher\":{\"@id\":\"https:\\\/\\\/ppdegalicia.com\\\/es\\\/#organization\"},\"image\":{\"@id\":\"https:\\\/\\\/ppdegalicia.com\\\/es\\\/pedro-puy-afirma-que-iniciamos-unha-lexislatura-complexa-co-reto-de-xestionar-a-pandemia-sanitaria-e-afrontar-a-caida-da-economia\\\/#primaryimage\"},\"thumbnailUrl\":\"https:\\\/\\\/ppdegalicia.com\\\/wp-content\\\/uploads\\\/2020\\\/08\\\/4c1649a98f1721694fad3df4956deed9.jpg\",\"articleSection\":[\"PP de Galicia\"],\"inLanguage\":\"es\",\"potentialAction\":[{\"@type\":\"CommentAction\",\"name\":\"Comment\",\"target\":[\"https:\\\/\\\/ppdegalicia.com\\\/es\\\/pedro-puy-afirma-que-iniciamos-unha-lexislatura-complexa-co-reto-de-xestionar-a-pandemia-sanitaria-e-afrontar-a-caida-da-economia\\\/#respond\"]}]},{\"@type\":\"WebPage\",\"@id\":\"https:\\\/\\\/ppdegalicia.com\\\/es\\\/pedro-puy-afirma-que-iniciamos-unha-lexislatura-complexa-co-reto-de-xestionar-a-pandemia-sanitaria-e-afrontar-a-caida-da-economia\\\/\",\"url\":\"https:\\\/\\\/ppdegalicia.com\\\/es\\\/pedro-puy-afirma-que-iniciamos-unha-lexislatura-complexa-co-reto-de-xestionar-a-pandemia-sanitaria-e-afrontar-a-caida-da-economia\\\/\",\"name\":\"Pedro Puy afirma que \u201ciniciamos unha lexislatura complexa, co reto de xestionar a pandemia sanitaria e afrontar a ca\u00edda da econom\u00eda\u201d - PP de Galicia\",\"isPartOf\":{\"@id\":\"https:\\\/\\\/ppdegalicia.com\\\/es\\\/#website\"},\"primaryImageOfPage\":{\"@id\":\"https:\\\/\\\/ppdegalicia.com\\\/es\\\/pedro-puy-afirma-que-iniciamos-unha-lexislatura-complexa-co-reto-de-xestionar-a-pandemia-sanitaria-e-afrontar-a-caida-da-economia\\\/#primaryimage\"},\"image\":{\"@id\":\"https:\\\/\\\/ppdegalicia.com\\\/es\\\/pedro-puy-afirma-que-iniciamos-unha-lexislatura-complexa-co-reto-de-xestionar-a-pandemia-sanitaria-e-afrontar-a-caida-da-economia\\\/#primaryimage\"},\"thumbnailUrl\":\"https:\\\/\\\/ppdegalicia.com\\\/wp-content\\\/uploads\\\/2020\\\/08\\\/4c1649a98f1721694fad3df4956deed9.jpg\",\"datePublished\":\"2020-08-10T11:49:59+00:00\",\"breadcrumb\":{\"@id\":\"https:\\\/\\\/ppdegalicia.com\\\/es\\\/pedro-puy-afirma-que-iniciamos-unha-lexislatura-complexa-co-reto-de-xestionar-a-pandemia-sanitaria-e-afrontar-a-caida-da-economia\\\/#breadcrumb\"},\"inLanguage\":\"es\",\"potentialAction\":[{\"@type\":\"ReadAction\",\"target\":[\"https:\\\/\\\/ppdegalicia.com\\\/es\\\/pedro-puy-afirma-que-iniciamos-unha-lexislatura-complexa-co-reto-de-xestionar-a-pandemia-sanitaria-e-afrontar-a-caida-da-economia\\\/\"]}]},{\"@type\":\"ImageObject\",\"inLanguage\":\"es\",\"@id\":\"https:\\\/\\\/ppdegalicia.com\\\/es\\\/pedro-puy-afirma-que-iniciamos-unha-lexislatura-complexa-co-reto-de-xestionar-a-pandemia-sanitaria-e-afrontar-a-caida-da-economia\\\/#primaryimage\",\"url\":\"https:\\\/\\\/ppdegalicia.com\\\/wp-content\\\/uploads\\\/2020\\\/08\\\/4c1649a98f1721694fad3df4956deed9.jpg\",\"contentUrl\":\"https:\\\/\\\/ppdegalicia.com\\\/wp-content\\\/uploads\\\/2020\\\/08\\\/4c1649a98f1721694fad3df4956deed9.jpg\",\"width\":1900,\"height\":1356},{\"@type\":\"BreadcrumbList\",\"@id\":\"https:\\\/\\\/ppdegalicia.com\\\/es\\\/pedro-puy-afirma-que-iniciamos-unha-lexislatura-complexa-co-reto-de-xestionar-a-pandemia-sanitaria-e-afrontar-a-caida-da-economia\\\/#breadcrumb\",\"itemListElement\":[{\"@type\":\"ListItem\",\"position\":1,\"name\":\"Portada\",\"item\":\"https:\\\/\\\/ppdegalicia.com\\\/es\\\/\"},{\"@type\":\"ListItem\",\"position\":2,\"name\":\"Pedro Puy afirma que \u201ciniciamos unha lexislatura complexa, co reto de xestionar a pandemia sanitaria e afrontar a ca\u00edda da econom\u00eda\u201d\"}]},{\"@type\":\"WebSite\",\"@id\":\"https:\\\/\\\/ppdegalicia.com\\\/es\\\/#website\",\"url\":\"https:\\\/\\\/ppdegalicia.com\\\/es\\\/\",\"name\":\"Partido Popular de Galicia\",\"description\":\"Partido Popular de Galicia\",\"publisher\":{\"@id\":\"https:\\\/\\\/ppdegalicia.com\\\/es\\\/#organization\"},\"alternateName\":\"PP de Galicia\",\"potentialAction\":[{\"@type\":\"SearchAction\",\"target\":{\"@type\":\"EntryPoint\",\"urlTemplate\":\"https:\\\/\\\/ppdegalicia.com\\\/es\\\/?s={search_term_string}\"},\"query-input\":{\"@type\":\"PropertyValueSpecification\",\"valueRequired\":true,\"valueName\":\"search_term_string\"}}],\"inLanguage\":\"es\"},{\"@type\":\"Organization\",\"@id\":\"https:\\\/\\\/ppdegalicia.com\\\/es\\\/#organization\",\"name\":\"Partido Popular de Galicia\",\"alternateName\":\"PP de Galicia\",\"url\":\"https:\\\/\\\/ppdegalicia.com\\\/es\\\/\",\"logo\":{\"@type\":\"ImageObject\",\"inLanguage\":\"es\",\"@id\":\"https:\\\/\\\/ppdegalicia.com\\\/es\\\/#\\\/schema\\\/logo\\\/image\\\/\",\"url\":\"https:\\\/\\\/ppdegalicia.com\\\/wp-content\\\/uploads\\\/2023\\\/04\\\/logoPP512.png\",\"contentUrl\":\"https:\\\/\\\/ppdegalicia.com\\\/wp-content\\\/uploads\\\/2023\\\/04\\\/logoPP512.png\",\"width\":512,\"height\":512,\"caption\":\"Partido Popular de Galicia\"},\"image\":{\"@id\":\"https:\\\/\\\/ppdegalicia.com\\\/es\\\/#\\\/schema\\\/logo\\\/image\\\/\"},\"sameAs\":[\"https:\\\/\\\/www.instagram.com\\\/ppdegalicia\\\/\",\"https:\\\/\\\/x.com\\\/ppdegalicia\",\"https:\\\/\\\/www.tiktok.com\\\/@ppdegalicia\",\"https:\\\/\\\/www.youtube.com\\\/user\\\/ppdegalicia\"]},{\"@type\":\"Person\",\"@id\":\"https:\\\/\\\/ppdegalicia.com\\\/es\\\/#\\\/schema\\\/person\\\/bc9b46e59ebd34bf28611158c3867388\",\"name\":\"ppdegaliciaedtis\",\"image\":{\"@type\":\"ImageObject\",\"inLanguage\":\"es\",\"@id\":\"https:\\\/\\\/secure.gravatar.com\\\/avatar\\\/f9f8cf6e03df54a1b0d04a6b4b8e8c6bd63c10a439752e84d87a5385aefe2ced?s=96&d=mm&r=g\",\"url\":\"https:\\\/\\\/secure.gravatar.com\\\/avatar\\\/f9f8cf6e03df54a1b0d04a6b4b8e8c6bd63c10a439752e84d87a5385aefe2ced?s=96&d=mm&r=g\",\"contentUrl\":\"https:\\\/\\\/secure.gravatar.com\\\/avatar\\\/f9f8cf6e03df54a1b0d04a6b4b8e8c6bd63c10a439752e84d87a5385aefe2ced?s=96&d=mm&r=g\",\"caption\":\"ppdegaliciaedtis\"},\"url\":\"https:\\\/\\\/ppdegalicia.com\\\/es\\\/author\\\/ppdegaliciaedits\\\/\"}]}<\/script>\n<!-- \/ Yoast SEO plugin. -->","yoast_head_json":{"title":"Pedro Puy afirma que \u201ciniciamos unha lexislatura complexa, co reto de xestionar a pandemia sanitaria e afrontar a ca\u00edda da econom\u00eda\u201d - PP de Galicia","robots":{"index":"index","follow":"follow","max-snippet":"max-snippet:-1","max-image-preview":"max-image-preview:large","max-video-preview":"max-video-preview:-1"},"canonical":"https:\/\/ppdegalicia.com\/es\/pedro-puy-afirma-que-iniciamos-unha-lexislatura-complexa-co-reto-de-xestionar-a-pandemia-sanitaria-e-afrontar-a-caida-da-economia\/","og_locale":"es_ES","og_type":"article","og_title":"Pedro Puy afirma que \u201ciniciamos unha lexislatura complexa, co reto de xestionar a pandemia sanitaria e afrontar a ca\u00edda da econom\u00eda\u201d - PP de Galicia","og_description":"Santiago, 10 de agosto de 2020.- O portavoz do Grupo Popular, Pedro Puy, presentou hoxe a nova direcci\u00f3n deste grupo parlamentario, na que estar\u00e1 acompa\u00f1ado polos viceportavoces Miguel Tellado, Elena Candia e Paula Prado. \u201cIniciamos unha lexislatura particularmente complexa, co reto inicial directo de xestionar a pandemia da Covid-19 pero tam\u00e9n afrontar a fonda e [&hellip;]","og_url":"https:\/\/ppdegalicia.com\/es\/pedro-puy-afirma-que-iniciamos-unha-lexislatura-complexa-co-reto-de-xestionar-a-pandemia-sanitaria-e-afrontar-a-caida-da-economia\/","og_site_name":"PP de Galicia","article_publisher":"https:\/\/www.instagram.com\/ppdegalicia\/","article_published_time":"2020-08-10T11:49:59+00:00","og_image":[{"width":1900,"height":1356,"url":"https:\/\/ppdegalicia.com\/wp-content\/uploads\/2020\/08\/4c1649a98f1721694fad3df4956deed9.jpg","type":"image\/jpeg"}],"author":"ppdegaliciaedtis","twitter_card":"summary_large_image","twitter_creator":"@ppdegalicia","twitter_site":"@ppdegalicia","twitter_misc":{"Escrito por":"ppdegaliciaedtis","Tiempo de lectura":"2 minutos"},"schema":{"@context":"https:\/\/schema.org","@graph":[{"@type":"Article","@id":"https:\/\/ppdegalicia.com\/es\/pedro-puy-afirma-que-iniciamos-unha-lexislatura-complexa-co-reto-de-xestionar-a-pandemia-sanitaria-e-afrontar-a-caida-da-economia\/#article","isPartOf":{"@id":"https:\/\/ppdegalicia.com\/es\/pedro-puy-afirma-que-iniciamos-unha-lexislatura-complexa-co-reto-de-xestionar-a-pandemia-sanitaria-e-afrontar-a-caida-da-economia\/"},"author":{"name":"ppdegaliciaedtis","@id":"https:\/\/ppdegalicia.com\/es\/#\/schema\/person\/bc9b46e59ebd34bf28611158c3867388"},"headline":"Pedro Puy afirma que \u201ciniciamos unha lexislatura complexa, co reto de xestionar a pandemia sanitaria e afrontar a ca\u00edda da econom\u00eda\u201d","datePublished":"2020-08-10T11:49:59+00:00","mainEntityOfPage":{"@id":"https:\/\/ppdegalicia.com\/es\/pedro-puy-afirma-que-iniciamos-unha-lexislatura-complexa-co-reto-de-xestionar-a-pandemia-sanitaria-e-afrontar-a-caida-da-economia\/"},"wordCount":523,"commentCount":0,"publisher":{"@id":"https:\/\/ppdegalicia.com\/es\/#organization"},"image":{"@id":"https:\/\/ppdegalicia.com\/es\/pedro-puy-afirma-que-iniciamos-unha-lexislatura-complexa-co-reto-de-xestionar-a-pandemia-sanitaria-e-afrontar-a-caida-da-economia\/#primaryimage"},"thumbnailUrl":"https:\/\/ppdegalicia.com\/wp-content\/uploads\/2020\/08\/4c1649a98f1721694fad3df4956deed9.jpg","articleSection":["PP de Galicia"],"inLanguage":"es","potentialAction":[{"@type":"CommentAction","name":"Comment","target":["https:\/\/ppdegalicia.com\/es\/pedro-puy-afirma-que-iniciamos-unha-lexislatura-complexa-co-reto-de-xestionar-a-pandemia-sanitaria-e-afrontar-a-caida-da-economia\/#respond"]}]},{"@type":"WebPage","@id":"https:\/\/ppdegalicia.com\/es\/pedro-puy-afirma-que-iniciamos-unha-lexislatura-complexa-co-reto-de-xestionar-a-pandemia-sanitaria-e-afrontar-a-caida-da-economia\/","url":"https:\/\/ppdegalicia.com\/es\/pedro-puy-afirma-que-iniciamos-unha-lexislatura-complexa-co-reto-de-xestionar-a-pandemia-sanitaria-e-afrontar-a-caida-da-economia\/","name":"Pedro Puy afirma que \u201ciniciamos unha lexislatura complexa, co reto de xestionar a pandemia sanitaria e afrontar a ca\u00edda da econom\u00eda\u201d - PP de Galicia","isPartOf":{"@id":"https:\/\/ppdegalicia.com\/es\/#website"},"primaryImageOfPage":{"@id":"https:\/\/ppdegalicia.com\/es\/pedro-puy-afirma-que-iniciamos-unha-lexislatura-complexa-co-reto-de-xestionar-a-pandemia-sanitaria-e-afrontar-a-caida-da-economia\/#primaryimage"},"image":{"@id":"https:\/\/ppdegalicia.com\/es\/pedro-puy-afirma-que-iniciamos-unha-lexislatura-complexa-co-reto-de-xestionar-a-pandemia-sanitaria-e-afrontar-a-caida-da-economia\/#primaryimage"},"thumbnailUrl":"https:\/\/ppdegalicia.com\/wp-content\/uploads\/2020\/08\/4c1649a98f1721694fad3df4956deed9.jpg","datePublished":"2020-08-10T11:49:59+00:00","breadcrumb":{"@id":"https:\/\/ppdegalicia.com\/es\/pedro-puy-afirma-que-iniciamos-unha-lexislatura-complexa-co-reto-de-xestionar-a-pandemia-sanitaria-e-afrontar-a-caida-da-economia\/#breadcrumb"},"inLanguage":"es","potentialAction":[{"@type":"ReadAction","target":["https:\/\/ppdegalicia.com\/es\/pedro-puy-afirma-que-iniciamos-unha-lexislatura-complexa-co-reto-de-xestionar-a-pandemia-sanitaria-e-afrontar-a-caida-da-economia\/"]}]},{"@type":"ImageObject","inLanguage":"es","@id":"https:\/\/ppdegalicia.com\/es\/pedro-puy-afirma-que-iniciamos-unha-lexislatura-complexa-co-reto-de-xestionar-a-pandemia-sanitaria-e-afrontar-a-caida-da-economia\/#primaryimage","url":"https:\/\/ppdegalicia.com\/wp-content\/uploads\/2020\/08\/4c1649a98f1721694fad3df4956deed9.jpg","contentUrl":"https:\/\/ppdegalicia.com\/wp-content\/uploads\/2020\/08\/4c1649a98f1721694fad3df4956deed9.jpg","width":1900,"height":1356},{"@type":"BreadcrumbList","@id":"https:\/\/ppdegalicia.com\/es\/pedro-puy-afirma-que-iniciamos-unha-lexislatura-complexa-co-reto-de-xestionar-a-pandemia-sanitaria-e-afrontar-a-caida-da-economia\/#breadcrumb","itemListElement":[{"@type":"ListItem","position":1,"name":"Portada","item":"https:\/\/ppdegalicia.com\/es\/"},{"@type":"ListItem","position":2,"name":"Pedro Puy afirma que \u201ciniciamos unha lexislatura complexa, co reto de xestionar a pandemia sanitaria e afrontar a ca\u00edda da econom\u00eda\u201d"}]},{"@type":"WebSite","@id":"https:\/\/ppdegalicia.com\/es\/#website","url":"https:\/\/ppdegalicia.com\/es\/","name":"Partido Popular de Galicia","description":"Partido Popular de Galicia","publisher":{"@id":"https:\/\/ppdegalicia.com\/es\/#organization"},"alternateName":"PP de Galicia","potentialAction":[{"@type":"SearchAction","target":{"@type":"EntryPoint","urlTemplate":"https:\/\/ppdegalicia.com\/es\/?s={search_term_string}"},"query-input":{"@type":"PropertyValueSpecification","valueRequired":true,"valueName":"search_term_string"}}],"inLanguage":"es"},{"@type":"Organization","@id":"https:\/\/ppdegalicia.com\/es\/#organization","name":"Partido Popular de Galicia","alternateName":"PP de Galicia","url":"https:\/\/ppdegalicia.com\/es\/","logo":{"@type":"ImageObject","inLanguage":"es","@id":"https:\/\/ppdegalicia.com\/es\/#\/schema\/logo\/image\/","url":"https:\/\/ppdegalicia.com\/wp-content\/uploads\/2023\/04\/logoPP512.png","contentUrl":"https:\/\/ppdegalicia.com\/wp-content\/uploads\/2023\/04\/logoPP512.png","width":512,"height":512,"caption":"Partido Popular de Galicia"},"image":{"@id":"https:\/\/ppdegalicia.com\/es\/#\/schema\/logo\/image\/"},"sameAs":["https:\/\/www.instagram.com\/ppdegalicia\/","https:\/\/x.com\/ppdegalicia","https:\/\/www.tiktok.com\/@ppdegalicia","https:\/\/www.youtube.com\/user\/ppdegalicia"]},{"@type":"Person","@id":"https:\/\/ppdegalicia.com\/es\/#\/schema\/person\/bc9b46e59ebd34bf28611158c3867388","name":"ppdegaliciaedtis","image":{"@type":"ImageObject","inLanguage":"es","@id":"https:\/\/secure.gravatar.com\/avatar\/f9f8cf6e03df54a1b0d04a6b4b8e8c6bd63c10a439752e84d87a5385aefe2ced?s=96&d=mm&r=g","url":"https:\/\/secure.gravatar.com\/avatar\/f9f8cf6e03df54a1b0d04a6b4b8e8c6bd63c10a439752e84d87a5385aefe2ced?s=96&d=mm&r=g","contentUrl":"https:\/\/secure.gravatar.com\/avatar\/f9f8cf6e03df54a1b0d04a6b4b8e8c6bd63c10a439752e84d87a5385aefe2ced?s=96&d=mm&r=g","caption":"ppdegaliciaedtis"},"url":"https:\/\/ppdegalicia.com\/es\/author\/ppdegaliciaedits\/"}]}},"_links":{"self":[{"href":"https:\/\/ppdegalicia.com\/es\/wp-json\/wp\/v2\/posts\/54566","targetHints":{"allow":["GET"]}}],"collection":[{"href":"https:\/\/ppdegalicia.com\/es\/wp-json\/wp\/v2\/posts"}],"about":[{"href":"https:\/\/ppdegalicia.com\/es\/wp-json\/wp\/v2\/types\/post"}],"author":[{"embeddable":true,"href":"https:\/\/ppdegalicia.com\/es\/wp-json\/wp\/v2\/users\/40"}],"replies":[{"embeddable":true,"href":"https:\/\/ppdegalicia.com\/es\/wp-json\/wp\/v2\/comments?post=54566"}],"version-history":[{"count":0,"href":"https:\/\/ppdegalicia.com\/es\/wp-json\/wp\/v2\/posts\/54566\/revisions"}],"wp:featuredmedia":[{"embeddable":true,"href":"https:\/\/ppdegalicia.com\/es\/wp-json\/wp\/v2\/media\/54565"}],"wp:attachment":[{"href":"https:\/\/ppdegalicia.com\/es\/wp-json\/wp\/v2\/media?parent=54566"}],"wp:term":[{"taxonomy":"category","embeddable":true,"href":"https:\/\/ppdegalicia.com\/es\/wp-json\/wp\/v2\/categories?post=54566"},{"taxonomy":"post_tag","embeddable":true,"href":"https:\/\/ppdegalicia.com\/es\/wp-json\/wp\/v2\/tags?post=54566"}],"curies":[{"name":"wp","href":"https:\/\/api.w.org\/{rel}","templated":true}]}}