{"id":54604,"date":"2020-09-11T11:00:55","date_gmt":"2020-09-11T09:00:55","guid":{"rendered":"https:\/\/ppdegalicia.com\/pregunta-sobre-os-criterios-e-os-recursos-que-o-goberno-transferira-as-ccaa-para-facer-fronte-a-recuperacion-previstas-na-administracion-de-xustiza\/"},"modified":"2020-09-11T11:00:55","modified_gmt":"2020-09-11T09:00:55","slug":"pregunta-sobre-os-criterios-e-os-recursos-que-o-goberno-transferira-as-ccaa-para-facer-fronte-a-recuperacion-previstas-na-administracion-de-xustiza","status":"publish","type":"post","link":"https:\/\/ppdegalicia.com\/es\/pregunta-sobre-os-criterios-e-os-recursos-que-o-goberno-transferira-as-ccaa-para-facer-fronte-a-recuperacion-previstas-na-administracion-de-xustiza\/","title":{"rendered":"Pregunta sobre os criterios e os recursos que o Goberno transferir\u00e1 \u00e1s CCAA para facer fronte \u00e1 recuperaci\u00f3n previstas na Administraci\u00f3n de xustiza"},"content":{"rendered":"<p><img fetchpriority=\"high\" decoding=\"async\" class=\" size-full wp-image-54603\" src=\"https:\/\/ppdegalicia.com\/wp-content\/uploads\/2020\/09\/dee200a7397e19047c39101e47bbfaa7.jpg\" alt=\"\" width=\"1920\" height=\"1656\" srcset=\"https:\/\/ppdegalicia.com\/wp-content\/uploads\/2020\/09\/dee200a7397e19047c39101e47bbfaa7.jpg 1920w, https:\/\/ppdegalicia.com\/wp-content\/uploads\/2020\/09\/dee200a7397e19047c39101e47bbfaa7-300x259.jpg 300w, https:\/\/ppdegalicia.com\/wp-content\/uploads\/2020\/09\/dee200a7397e19047c39101e47bbfaa7-1024x883.jpg 1024w, https:\/\/ppdegalicia.com\/wp-content\/uploads\/2020\/09\/dee200a7397e19047c39101e47bbfaa7-768x662.jpg 768w, https:\/\/ppdegalicia.com\/wp-content\/uploads\/2020\/09\/dee200a7397e19047c39101e47bbfaa7-1536x1325.jpg 1536w\" sizes=\"(max-width: 1920px) 100vw, 1920px\" \/><\/p>\n<p>Pregunta sobre se o Ministerio de Xustiza lle concretou \u00e1 Xunta de Galicia os criterios e os recursos que transferir\u00e1 \u00e1s comunidades aut\u00f3nomas para facer fronte \u00e1s medidas de recuperaci\u00f3n previstas no \u00e1mbito da Administraci\u00f3n de xustiza<\/p>\n<p><!--more--><\/p>\n<p>Exposici\u00f3n de motivos.<\/p>\n<p>A crise sanitaria xerada pola COVID-19 impactou en todos os \u00e1mbitos, entre eles no eido da Administraci\u00f3n de xustiza, no que supuxo unha importante repercusi\u00f3n a reduci\u00f3n xeneralizada da actividade xudicial non esencial durante o estado de alarma.<\/p>\n<p>\u00a0As s\u00faas consecuencias non s\u00f3 atinxen \u00e1 necesidade de recuperar o traballo correspondente \u00e1s actuaci\u00f3ns xudiciais suspendidas durante o dito per\u00edodo, sen\u00f3n que tam\u00e9n implicar\u00e1n no curto prazo un incremento da litixiosidade derivada da paralizaci\u00f3n de determinados sectores industriais e empresariais (despidos no \u00e1mbito laboral, impugnaci\u00f3ns xudiciais de expedientes de regulaci\u00f3n de emprego, concursos de acredores, reclamaci\u00f3ns no eido do consumo, etc.), que incidir\u00e1n especialmente na sobrecarga das xurisdici\u00f3ns laboral, mercantil e contencioso-administrativa, entre outras.<\/p>\n<p>Para afrontar estes efectos, o Real Decreto-lei 11\/2020, do 31 de marzo, anunciaba a aprobaci\u00f3n polo Goberno da Naci\u00f3n dun Plan de actuaci\u00f3n para axilizar a actividade xudicial dos \u00f3rganos das xurisdici\u00f3ns social, contencioso-administrativa e xulgados mercant\u00eds, o cal foi finalmente aprobado polo Consello de Ministros o pasado 7 de xullo.<\/p>\n<p>O dito Plan determina as medidas que c\u00f3mpre adoptar nos distintos xulgados que as\u00ed identifica en todo o Estado, as cales implican importantes custos para as administraci\u00f3ns prestacionais dos medios materiais e persoais ao servizo da Administraci\u00f3n de xustiza, ao definir actuaci\u00f3ns que van desde a dotaci\u00f3n de retribuci\u00f3ns extraordinarias ao persoal dos \u00f3rganos xudiciais para a s\u00faa participaci\u00f3n en programas de actuaci\u00f3n por obxectivos, como a dotaci\u00f3n de persoal de reforzo externo naqueles xulgados que xa concentraban un volume de traballo moi elevado, e mesmo a creaci\u00f3n de novos xulgados.<br \/>Afrontar as medidas contidas no plan dese\u00f1ado polo Goberno da Naci\u00f3n para toda a Administraci\u00f3n de xustiza, require dun importante esforzo de atenci\u00f3n e de planificaci\u00f3n orzamentaria por parte das Administraci\u00f3ns Auton\u00f3micas \u00e1s que lles corresponde o 90% do custo na s\u00faa dotaci\u00f3n (locais, mobiliario, funcionarios, etc.).<br \/>Concretamente respecto da primeira fase do Plan, cuxo desenvolvemento est\u00e1 previsto no per\u00edodo setembro-decembro 2020 e que se concentra nos xulgados do social e mercant\u00eds, o pasado 23 de xullo d\u00e1base conta no Consello da Xunta das medidas e do custo que en materia de persoal supor\u00e1 a s\u00faa posta en marcha no territorio para a Administraci\u00f3n Auton\u00f3mica da Xunta de Galicia, inclu\u00eddos os tres novos xulgados do social que o Ministerio contempla crear ao abeiro do dito plan.<br \/>Boa parte das medidas previstas polo Goberno da Naci\u00f3n para a recuperaci\u00f3n no \u00e1mbito da Administraci\u00f3n de xustiza, implican para a Comunidade Aut\u00f3noma \u2013 provedora dos medios econ\u00f3micos, materiais e persoais ao servizo da Administraci\u00f3n de xustiza-, a execuci\u00f3n dunha serie de actuaci\u00f3ns que superan amplamente e de maneira sobrevida os servizos predefinidos aos que se circunscrib\u00eda o sistema de financiamento\u00a0 tras\u00a0 o\u00a0 traspaso\u00a0 dos\u00a0 ditos\u00a0 medios\u00a0 (Reais\u00a0 decretos\u00a0 2166\/1994\u00a0 e 2397\/1996), polo que requiren da ineludible achega econ\u00f3mica por parte do Estado a tal fin.<br \/>Por todo o\u00a0 exposto, os\u00a0 deputados e\u00a0 deputadas\u00a0\u00a0 asinantes\u00a0\u00a0 formulan a\u00a0 seguinte<br \/>Pregunta Oral en Comisi\u00f3n:<\/p>\n<p>Ten concretado o Ministerio de Xustiza \u00e1 Xunta de Galicia os criterios e recursos que transferir\u00e1 \u00e1s Comunidades Aut\u00f3nomas para facer fronte \u00e1s medidas de recuperaci\u00f3n previstas no \u00e1mbito da Administraci\u00f3n de xustiza?<\/p>\n<p>Enlace \u00e1 pregunta: <a href=\"http:\/\/www.es.parlamentodegalicia.es\/Rexistros\/qsQNdXg-9aHBTD1pgrLUfngarZsg8Q0eYuJOK6PbsXA=\">http:\/\/www.es.parlamentodegalicia.es\/Rexistros\/qsQNdXg-9aHBTD1pgrLUfngarZsg8Q0eYuJOK6PbsXA=<\/a><\/p>\n<p>Video intervenci\u00f3n:\u00a0<a href=\"http:\/\/mediateca.parlamentodegalicia.es\/library\/items\/comision-1-institucional-administracion-xeral-xustiza-interior-2020-09-16?part=f0dc78dc-066f-4139-b8f4-4040f12fedbb&amp;start=1688\">http:\/\/mediateca.parlamentodegalicia.es\/library\/items\/comision-1-institucional-administracion-xeral-xustiza-interior-2020-09-16?part=f0dc78dc-066f-4139-b8f4-4040f12fedbb&amp;start=1688<\/a><\/p>\n<p>\u00a0<\/p>\n<p>Enlace resposta Xunta, nota de prensa:\u00a0<a href=\"https:\/\/www.xunta.gal\/notas-de-prensa\/-\/nova\/51487\/xunta-destaca-melloras-aplicadas-administracion-xustiza-para-adaptala-situacion\">https:\/\/www.xunta.gal\/notas-de-prensa\/-\/nova\/51487\/xunta-destaca-melloras-aplicadas-administracion-xustiza-para-adaptala-situacion<\/a><\/p>\n<p>\u00a0<\/p>\n<p>\u00a0<\/p>\n","protected":false},"excerpt":{"rendered":"<p>Pregunta sobre se o Ministerio de Xustiza lle concretou \u00e1 Xunta de Galicia os criterios e os recursos que transferir\u00e1 \u00e1s comunidades aut\u00f3nomas para facer fronte \u00e1s medidas de recuperaci\u00f3n previstas no \u00e1mbito da Administraci\u00f3n de xustiza<\/p>\n","protected":false},"author":40,"featured_media":54603,"comment_status":"open","ping_status":"open","sticky":false,"template":"","format":"standard","meta":{"_acf_changed":false,"footnotes":""},"categories":[1128,1],"tags":[],"class_list":["post-54604","post","type-post","status-publish","format-standard","has-post-thumbnail","hentry","category-actualidad-parlamento-de-galicia","category-pp-de-galicia"],"acf":[],"yoast_head":"<!-- This site is optimized with the Yoast SEO plugin v27.3 - https:\/\/yoast.com\/product\/yoast-seo-wordpress\/ -->\n<title>Pregunta sobre os criterios e os recursos que o Goberno transferir\u00e1 \u00e1s CCAA para facer fronte \u00e1 recuperaci\u00f3n previstas na Administraci\u00f3n de xustiza - PP de Galicia<\/title>\n<meta name=\"robots\" content=\"index, follow, max-snippet:-1, max-image-preview:large, max-video-preview:-1\" \/>\n<link rel=\"canonical\" href=\"https:\/\/ppdegalicia.com\/es\/pregunta-sobre-os-criterios-e-os-recursos-que-o-goberno-transferira-as-ccaa-para-facer-fronte-a-recuperacion-previstas-na-administracion-de-xustiza\/\" \/>\n<meta property=\"og:locale\" content=\"es_ES\" \/>\n<meta property=\"og:type\" content=\"article\" \/>\n<meta property=\"og:title\" content=\"Pregunta sobre os criterios e os recursos que o Goberno transferir\u00e1 \u00e1s CCAA para facer fronte \u00e1 recuperaci\u00f3n previstas na Administraci\u00f3n de xustiza - PP de Galicia\" \/>\n<meta property=\"og:description\" content=\"Pregunta sobre se o Ministerio de Xustiza lle concretou \u00e1 Xunta de Galicia os criterios e os recursos que transferir\u00e1 \u00e1s comunidades aut\u00f3nomas para facer fronte \u00e1s medidas de recuperaci\u00f3n previstas no \u00e1mbito da Administraci\u00f3n de xustiza\" \/>\n<meta property=\"og:url\" content=\"https:\/\/ppdegalicia.com\/es\/pregunta-sobre-os-criterios-e-os-recursos-que-o-goberno-transferira-as-ccaa-para-facer-fronte-a-recuperacion-previstas-na-administracion-de-xustiza\/\" \/>\n<meta property=\"og:site_name\" content=\"PP de Galicia\" \/>\n<meta property=\"article:publisher\" content=\"https:\/\/www.instagram.com\/ppdegalicia\/\" \/>\n<meta property=\"article:published_time\" content=\"2020-09-11T09:00:55+00:00\" \/>\n<meta property=\"og:image\" content=\"https:\/\/ppdegalicia.com\/wp-content\/uploads\/2020\/09\/dee200a7397e19047c39101e47bbfaa7.jpg\" \/>\n\t<meta property=\"og:image:width\" content=\"1920\" \/>\n\t<meta property=\"og:image:height\" content=\"1656\" \/>\n\t<meta property=\"og:image:type\" content=\"image\/jpeg\" \/>\n<meta name=\"author\" content=\"ppdegaliciaedtis\" \/>\n<meta name=\"twitter:card\" content=\"summary_large_image\" \/>\n<meta name=\"twitter:creator\" content=\"@ppdegalicia\" \/>\n<meta name=\"twitter:site\" content=\"@ppdegalicia\" \/>\n<meta name=\"twitter:label1\" content=\"Escrito por\" \/>\n\t<meta name=\"twitter:data1\" content=\"ppdegaliciaedtis\" \/>\n\t<meta name=\"twitter:label2\" content=\"Tiempo de lectura\" \/>\n\t<meta name=\"twitter:data2\" content=\"3 minutos\" \/>\n<script type=\"application\/ld+json\" class=\"yoast-schema-graph\">{\"@context\":\"https:\\\/\\\/schema.org\",\"@graph\":[{\"@type\":\"Article\",\"@id\":\"https:\\\/\\\/ppdegalicia.com\\\/es\\\/pregunta-sobre-os-criterios-e-os-recursos-que-o-goberno-transferira-as-ccaa-para-facer-fronte-a-recuperacion-previstas-na-administracion-de-xustiza\\\/#article\",\"isPartOf\":{\"@id\":\"https:\\\/\\\/ppdegalicia.com\\\/es\\\/pregunta-sobre-os-criterios-e-os-recursos-que-o-goberno-transferira-as-ccaa-para-facer-fronte-a-recuperacion-previstas-na-administracion-de-xustiza\\\/\"},\"author\":{\"name\":\"ppdegaliciaedtis\",\"@id\":\"https:\\\/\\\/ppdegalicia.com\\\/es\\\/#\\\/schema\\\/person\\\/bc9b46e59ebd34bf28611158c3867388\"},\"headline\":\"Pregunta sobre os criterios e os recursos que o Goberno transferir\u00e1 \u00e1s CCAA para facer fronte \u00e1 recuperaci\u00f3n previstas na Administraci\u00f3n de xustiza\",\"datePublished\":\"2020-09-11T09:00:55+00:00\",\"mainEntityOfPage\":{\"@id\":\"https:\\\/\\\/ppdegalicia.com\\\/es\\\/pregunta-sobre-os-criterios-e-os-recursos-que-o-goberno-transferira-as-ccaa-para-facer-fronte-a-recuperacion-previstas-na-administracion-de-xustiza\\\/\"},\"wordCount\":685,\"commentCount\":0,\"publisher\":{\"@id\":\"https:\\\/\\\/ppdegalicia.com\\\/es\\\/#organization\"},\"image\":{\"@id\":\"https:\\\/\\\/ppdegalicia.com\\\/es\\\/pregunta-sobre-os-criterios-e-os-recursos-que-o-goberno-transferira-as-ccaa-para-facer-fronte-a-recuperacion-previstas-na-administracion-de-xustiza\\\/#primaryimage\"},\"thumbnailUrl\":\"https:\\\/\\\/ppdegalicia.com\\\/wp-content\\\/uploads\\\/2020\\\/09\\\/dee200a7397e19047c39101e47bbfaa7.jpg\",\"articleSection\":[\"Parlamento de Galicia\",\"PP de Galicia\"],\"inLanguage\":\"es\",\"potentialAction\":[{\"@type\":\"CommentAction\",\"name\":\"Comment\",\"target\":[\"https:\\\/\\\/ppdegalicia.com\\\/es\\\/pregunta-sobre-os-criterios-e-os-recursos-que-o-goberno-transferira-as-ccaa-para-facer-fronte-a-recuperacion-previstas-na-administracion-de-xustiza\\\/#respond\"]}]},{\"@type\":\"WebPage\",\"@id\":\"https:\\\/\\\/ppdegalicia.com\\\/es\\\/pregunta-sobre-os-criterios-e-os-recursos-que-o-goberno-transferira-as-ccaa-para-facer-fronte-a-recuperacion-previstas-na-administracion-de-xustiza\\\/\",\"url\":\"https:\\\/\\\/ppdegalicia.com\\\/es\\\/pregunta-sobre-os-criterios-e-os-recursos-que-o-goberno-transferira-as-ccaa-para-facer-fronte-a-recuperacion-previstas-na-administracion-de-xustiza\\\/\",\"name\":\"Pregunta sobre os criterios e os recursos que o Goberno transferir\u00e1 \u00e1s CCAA para facer fronte \u00e1 recuperaci\u00f3n previstas na Administraci\u00f3n de xustiza - PP de Galicia\",\"isPartOf\":{\"@id\":\"https:\\\/\\\/ppdegalicia.com\\\/es\\\/#website\"},\"primaryImageOfPage\":{\"@id\":\"https:\\\/\\\/ppdegalicia.com\\\/es\\\/pregunta-sobre-os-criterios-e-os-recursos-que-o-goberno-transferira-as-ccaa-para-facer-fronte-a-recuperacion-previstas-na-administracion-de-xustiza\\\/#primaryimage\"},\"image\":{\"@id\":\"https:\\\/\\\/ppdegalicia.com\\\/es\\\/pregunta-sobre-os-criterios-e-os-recursos-que-o-goberno-transferira-as-ccaa-para-facer-fronte-a-recuperacion-previstas-na-administracion-de-xustiza\\\/#primaryimage\"},\"thumbnailUrl\":\"https:\\\/\\\/ppdegalicia.com\\\/wp-content\\\/uploads\\\/2020\\\/09\\\/dee200a7397e19047c39101e47bbfaa7.jpg\",\"datePublished\":\"2020-09-11T09:00:55+00:00\",\"breadcrumb\":{\"@id\":\"https:\\\/\\\/ppdegalicia.com\\\/es\\\/pregunta-sobre-os-criterios-e-os-recursos-que-o-goberno-transferira-as-ccaa-para-facer-fronte-a-recuperacion-previstas-na-administracion-de-xustiza\\\/#breadcrumb\"},\"inLanguage\":\"es\",\"potentialAction\":[{\"@type\":\"ReadAction\",\"target\":[\"https:\\\/\\\/ppdegalicia.com\\\/es\\\/pregunta-sobre-os-criterios-e-os-recursos-que-o-goberno-transferira-as-ccaa-para-facer-fronte-a-recuperacion-previstas-na-administracion-de-xustiza\\\/\"]}]},{\"@type\":\"ImageObject\",\"inLanguage\":\"es\",\"@id\":\"https:\\\/\\\/ppdegalicia.com\\\/es\\\/pregunta-sobre-os-criterios-e-os-recursos-que-o-goberno-transferira-as-ccaa-para-facer-fronte-a-recuperacion-previstas-na-administracion-de-xustiza\\\/#primaryimage\",\"url\":\"https:\\\/\\\/ppdegalicia.com\\\/wp-content\\\/uploads\\\/2020\\\/09\\\/dee200a7397e19047c39101e47bbfaa7.jpg\",\"contentUrl\":\"https:\\\/\\\/ppdegalicia.com\\\/wp-content\\\/uploads\\\/2020\\\/09\\\/dee200a7397e19047c39101e47bbfaa7.jpg\",\"width\":1920,\"height\":1656},{\"@type\":\"BreadcrumbList\",\"@id\":\"https:\\\/\\\/ppdegalicia.com\\\/es\\\/pregunta-sobre-os-criterios-e-os-recursos-que-o-goberno-transferira-as-ccaa-para-facer-fronte-a-recuperacion-previstas-na-administracion-de-xustiza\\\/#breadcrumb\",\"itemListElement\":[{\"@type\":\"ListItem\",\"position\":1,\"name\":\"Portada\",\"item\":\"https:\\\/\\\/ppdegalicia.com\\\/es\\\/\"},{\"@type\":\"ListItem\",\"position\":2,\"name\":\"Pregunta sobre os criterios e os recursos que o Goberno transferir\u00e1 \u00e1s CCAA para facer fronte \u00e1 recuperaci\u00f3n previstas na Administraci\u00f3n de xustiza\"}]},{\"@type\":\"WebSite\",\"@id\":\"https:\\\/\\\/ppdegalicia.com\\\/es\\\/#website\",\"url\":\"https:\\\/\\\/ppdegalicia.com\\\/es\\\/\",\"name\":\"Partido Popular de Galicia\",\"description\":\"Partido Popular de Galicia\",\"publisher\":{\"@id\":\"https:\\\/\\\/ppdegalicia.com\\\/es\\\/#organization\"},\"alternateName\":\"PP de Galicia\",\"potentialAction\":[{\"@type\":\"SearchAction\",\"target\":{\"@type\":\"EntryPoint\",\"urlTemplate\":\"https:\\\/\\\/ppdegalicia.com\\\/es\\\/?s={search_term_string}\"},\"query-input\":{\"@type\":\"PropertyValueSpecification\",\"valueRequired\":true,\"valueName\":\"search_term_string\"}}],\"inLanguage\":\"es\"},{\"@type\":\"Organization\",\"@id\":\"https:\\\/\\\/ppdegalicia.com\\\/es\\\/#organization\",\"name\":\"Partido Popular de Galicia\",\"alternateName\":\"PP de Galicia\",\"url\":\"https:\\\/\\\/ppdegalicia.com\\\/es\\\/\",\"logo\":{\"@type\":\"ImageObject\",\"inLanguage\":\"es\",\"@id\":\"https:\\\/\\\/ppdegalicia.com\\\/es\\\/#\\\/schema\\\/logo\\\/image\\\/\",\"url\":\"https:\\\/\\\/ppdegalicia.com\\\/wp-content\\\/uploads\\\/2023\\\/04\\\/logoPP512.png\",\"contentUrl\":\"https:\\\/\\\/ppdegalicia.com\\\/wp-content\\\/uploads\\\/2023\\\/04\\\/logoPP512.png\",\"width\":512,\"height\":512,\"caption\":\"Partido Popular de Galicia\"},\"image\":{\"@id\":\"https:\\\/\\\/ppdegalicia.com\\\/es\\\/#\\\/schema\\\/logo\\\/image\\\/\"},\"sameAs\":[\"https:\\\/\\\/www.instagram.com\\\/ppdegalicia\\\/\",\"https:\\\/\\\/x.com\\\/ppdegalicia\",\"https:\\\/\\\/www.tiktok.com\\\/@ppdegalicia\",\"https:\\\/\\\/www.youtube.com\\\/user\\\/ppdegalicia\"]},{\"@type\":\"Person\",\"@id\":\"https:\\\/\\\/ppdegalicia.com\\\/es\\\/#\\\/schema\\\/person\\\/bc9b46e59ebd34bf28611158c3867388\",\"name\":\"ppdegaliciaedtis\",\"image\":{\"@type\":\"ImageObject\",\"inLanguage\":\"es\",\"@id\":\"https:\\\/\\\/secure.gravatar.com\\\/avatar\\\/f9f8cf6e03df54a1b0d04a6b4b8e8c6bd63c10a439752e84d87a5385aefe2ced?s=96&d=mm&r=g\",\"url\":\"https:\\\/\\\/secure.gravatar.com\\\/avatar\\\/f9f8cf6e03df54a1b0d04a6b4b8e8c6bd63c10a439752e84d87a5385aefe2ced?s=96&d=mm&r=g\",\"contentUrl\":\"https:\\\/\\\/secure.gravatar.com\\\/avatar\\\/f9f8cf6e03df54a1b0d04a6b4b8e8c6bd63c10a439752e84d87a5385aefe2ced?s=96&d=mm&r=g\",\"caption\":\"ppdegaliciaedtis\"},\"url\":\"https:\\\/\\\/ppdegalicia.com\\\/es\\\/author\\\/ppdegaliciaedits\\\/\"}]}<\/script>\n<!-- \/ Yoast SEO plugin. -->","yoast_head_json":{"title":"Pregunta sobre os criterios e os recursos que o Goberno transferir\u00e1 \u00e1s CCAA para facer fronte \u00e1 recuperaci\u00f3n previstas na Administraci\u00f3n de xustiza - PP de Galicia","robots":{"index":"index","follow":"follow","max-snippet":"max-snippet:-1","max-image-preview":"max-image-preview:large","max-video-preview":"max-video-preview:-1"},"canonical":"https:\/\/ppdegalicia.com\/es\/pregunta-sobre-os-criterios-e-os-recursos-que-o-goberno-transferira-as-ccaa-para-facer-fronte-a-recuperacion-previstas-na-administracion-de-xustiza\/","og_locale":"es_ES","og_type":"article","og_title":"Pregunta sobre os criterios e os recursos que o Goberno transferir\u00e1 \u00e1s CCAA para facer fronte \u00e1 recuperaci\u00f3n previstas na Administraci\u00f3n de xustiza - PP de Galicia","og_description":"Pregunta sobre se o Ministerio de Xustiza lle concretou \u00e1 Xunta de Galicia os criterios e os recursos que transferir\u00e1 \u00e1s comunidades aut\u00f3nomas para facer fronte \u00e1s medidas de recuperaci\u00f3n previstas no \u00e1mbito da Administraci\u00f3n de xustiza","og_url":"https:\/\/ppdegalicia.com\/es\/pregunta-sobre-os-criterios-e-os-recursos-que-o-goberno-transferira-as-ccaa-para-facer-fronte-a-recuperacion-previstas-na-administracion-de-xustiza\/","og_site_name":"PP de Galicia","article_publisher":"https:\/\/www.instagram.com\/ppdegalicia\/","article_published_time":"2020-09-11T09:00:55+00:00","og_image":[{"width":1920,"height":1656,"url":"https:\/\/ppdegalicia.com\/wp-content\/uploads\/2020\/09\/dee200a7397e19047c39101e47bbfaa7.jpg","type":"image\/jpeg"}],"author":"ppdegaliciaedtis","twitter_card":"summary_large_image","twitter_creator":"@ppdegalicia","twitter_site":"@ppdegalicia","twitter_misc":{"Escrito por":"ppdegaliciaedtis","Tiempo de lectura":"3 minutos"},"schema":{"@context":"https:\/\/schema.org","@graph":[{"@type":"Article","@id":"https:\/\/ppdegalicia.com\/es\/pregunta-sobre-os-criterios-e-os-recursos-que-o-goberno-transferira-as-ccaa-para-facer-fronte-a-recuperacion-previstas-na-administracion-de-xustiza\/#article","isPartOf":{"@id":"https:\/\/ppdegalicia.com\/es\/pregunta-sobre-os-criterios-e-os-recursos-que-o-goberno-transferira-as-ccaa-para-facer-fronte-a-recuperacion-previstas-na-administracion-de-xustiza\/"},"author":{"name":"ppdegaliciaedtis","@id":"https:\/\/ppdegalicia.com\/es\/#\/schema\/person\/bc9b46e59ebd34bf28611158c3867388"},"headline":"Pregunta sobre os criterios e os recursos que o Goberno transferir\u00e1 \u00e1s CCAA para facer fronte \u00e1 recuperaci\u00f3n previstas na Administraci\u00f3n de xustiza","datePublished":"2020-09-11T09:00:55+00:00","mainEntityOfPage":{"@id":"https:\/\/ppdegalicia.com\/es\/pregunta-sobre-os-criterios-e-os-recursos-que-o-goberno-transferira-as-ccaa-para-facer-fronte-a-recuperacion-previstas-na-administracion-de-xustiza\/"},"wordCount":685,"commentCount":0,"publisher":{"@id":"https:\/\/ppdegalicia.com\/es\/#organization"},"image":{"@id":"https:\/\/ppdegalicia.com\/es\/pregunta-sobre-os-criterios-e-os-recursos-que-o-goberno-transferira-as-ccaa-para-facer-fronte-a-recuperacion-previstas-na-administracion-de-xustiza\/#primaryimage"},"thumbnailUrl":"https:\/\/ppdegalicia.com\/wp-content\/uploads\/2020\/09\/dee200a7397e19047c39101e47bbfaa7.jpg","articleSection":["Parlamento de Galicia","PP de Galicia"],"inLanguage":"es","potentialAction":[{"@type":"CommentAction","name":"Comment","target":["https:\/\/ppdegalicia.com\/es\/pregunta-sobre-os-criterios-e-os-recursos-que-o-goberno-transferira-as-ccaa-para-facer-fronte-a-recuperacion-previstas-na-administracion-de-xustiza\/#respond"]}]},{"@type":"WebPage","@id":"https:\/\/ppdegalicia.com\/es\/pregunta-sobre-os-criterios-e-os-recursos-que-o-goberno-transferira-as-ccaa-para-facer-fronte-a-recuperacion-previstas-na-administracion-de-xustiza\/","url":"https:\/\/ppdegalicia.com\/es\/pregunta-sobre-os-criterios-e-os-recursos-que-o-goberno-transferira-as-ccaa-para-facer-fronte-a-recuperacion-previstas-na-administracion-de-xustiza\/","name":"Pregunta sobre os criterios e os recursos que o Goberno transferir\u00e1 \u00e1s CCAA para facer fronte \u00e1 recuperaci\u00f3n previstas na Administraci\u00f3n de xustiza - PP de Galicia","isPartOf":{"@id":"https:\/\/ppdegalicia.com\/es\/#website"},"primaryImageOfPage":{"@id":"https:\/\/ppdegalicia.com\/es\/pregunta-sobre-os-criterios-e-os-recursos-que-o-goberno-transferira-as-ccaa-para-facer-fronte-a-recuperacion-previstas-na-administracion-de-xustiza\/#primaryimage"},"image":{"@id":"https:\/\/ppdegalicia.com\/es\/pregunta-sobre-os-criterios-e-os-recursos-que-o-goberno-transferira-as-ccaa-para-facer-fronte-a-recuperacion-previstas-na-administracion-de-xustiza\/#primaryimage"},"thumbnailUrl":"https:\/\/ppdegalicia.com\/wp-content\/uploads\/2020\/09\/dee200a7397e19047c39101e47bbfaa7.jpg","datePublished":"2020-09-11T09:00:55+00:00","breadcrumb":{"@id":"https:\/\/ppdegalicia.com\/es\/pregunta-sobre-os-criterios-e-os-recursos-que-o-goberno-transferira-as-ccaa-para-facer-fronte-a-recuperacion-previstas-na-administracion-de-xustiza\/#breadcrumb"},"inLanguage":"es","potentialAction":[{"@type":"ReadAction","target":["https:\/\/ppdegalicia.com\/es\/pregunta-sobre-os-criterios-e-os-recursos-que-o-goberno-transferira-as-ccaa-para-facer-fronte-a-recuperacion-previstas-na-administracion-de-xustiza\/"]}]},{"@type":"ImageObject","inLanguage":"es","@id":"https:\/\/ppdegalicia.com\/es\/pregunta-sobre-os-criterios-e-os-recursos-que-o-goberno-transferira-as-ccaa-para-facer-fronte-a-recuperacion-previstas-na-administracion-de-xustiza\/#primaryimage","url":"https:\/\/ppdegalicia.com\/wp-content\/uploads\/2020\/09\/dee200a7397e19047c39101e47bbfaa7.jpg","contentUrl":"https:\/\/ppdegalicia.com\/wp-content\/uploads\/2020\/09\/dee200a7397e19047c39101e47bbfaa7.jpg","width":1920,"height":1656},{"@type":"BreadcrumbList","@id":"https:\/\/ppdegalicia.com\/es\/pregunta-sobre-os-criterios-e-os-recursos-que-o-goberno-transferira-as-ccaa-para-facer-fronte-a-recuperacion-previstas-na-administracion-de-xustiza\/#breadcrumb","itemListElement":[{"@type":"ListItem","position":1,"name":"Portada","item":"https:\/\/ppdegalicia.com\/es\/"},{"@type":"ListItem","position":2,"name":"Pregunta sobre os criterios e os recursos que o Goberno transferir\u00e1 \u00e1s CCAA para facer fronte \u00e1 recuperaci\u00f3n previstas na Administraci\u00f3n de xustiza"}]},{"@type":"WebSite","@id":"https:\/\/ppdegalicia.com\/es\/#website","url":"https:\/\/ppdegalicia.com\/es\/","name":"Partido Popular de Galicia","description":"Partido Popular de Galicia","publisher":{"@id":"https:\/\/ppdegalicia.com\/es\/#organization"},"alternateName":"PP de Galicia","potentialAction":[{"@type":"SearchAction","target":{"@type":"EntryPoint","urlTemplate":"https:\/\/ppdegalicia.com\/es\/?s={search_term_string}"},"query-input":{"@type":"PropertyValueSpecification","valueRequired":true,"valueName":"search_term_string"}}],"inLanguage":"es"},{"@type":"Organization","@id":"https:\/\/ppdegalicia.com\/es\/#organization","name":"Partido Popular de Galicia","alternateName":"PP de Galicia","url":"https:\/\/ppdegalicia.com\/es\/","logo":{"@type":"ImageObject","inLanguage":"es","@id":"https:\/\/ppdegalicia.com\/es\/#\/schema\/logo\/image\/","url":"https:\/\/ppdegalicia.com\/wp-content\/uploads\/2023\/04\/logoPP512.png","contentUrl":"https:\/\/ppdegalicia.com\/wp-content\/uploads\/2023\/04\/logoPP512.png","width":512,"height":512,"caption":"Partido Popular de Galicia"},"image":{"@id":"https:\/\/ppdegalicia.com\/es\/#\/schema\/logo\/image\/"},"sameAs":["https:\/\/www.instagram.com\/ppdegalicia\/","https:\/\/x.com\/ppdegalicia","https:\/\/www.tiktok.com\/@ppdegalicia","https:\/\/www.youtube.com\/user\/ppdegalicia"]},{"@type":"Person","@id":"https:\/\/ppdegalicia.com\/es\/#\/schema\/person\/bc9b46e59ebd34bf28611158c3867388","name":"ppdegaliciaedtis","image":{"@type":"ImageObject","inLanguage":"es","@id":"https:\/\/secure.gravatar.com\/avatar\/f9f8cf6e03df54a1b0d04a6b4b8e8c6bd63c10a439752e84d87a5385aefe2ced?s=96&d=mm&r=g","url":"https:\/\/secure.gravatar.com\/avatar\/f9f8cf6e03df54a1b0d04a6b4b8e8c6bd63c10a439752e84d87a5385aefe2ced?s=96&d=mm&r=g","contentUrl":"https:\/\/secure.gravatar.com\/avatar\/f9f8cf6e03df54a1b0d04a6b4b8e8c6bd63c10a439752e84d87a5385aefe2ced?s=96&d=mm&r=g","caption":"ppdegaliciaedtis"},"url":"https:\/\/ppdegalicia.com\/es\/author\/ppdegaliciaedits\/"}]}},"_links":{"self":[{"href":"https:\/\/ppdegalicia.com\/es\/wp-json\/wp\/v2\/posts\/54604","targetHints":{"allow":["GET"]}}],"collection":[{"href":"https:\/\/ppdegalicia.com\/es\/wp-json\/wp\/v2\/posts"}],"about":[{"href":"https:\/\/ppdegalicia.com\/es\/wp-json\/wp\/v2\/types\/post"}],"author":[{"embeddable":true,"href":"https:\/\/ppdegalicia.com\/es\/wp-json\/wp\/v2\/users\/40"}],"replies":[{"embeddable":true,"href":"https:\/\/ppdegalicia.com\/es\/wp-json\/wp\/v2\/comments?post=54604"}],"version-history":[{"count":0,"href":"https:\/\/ppdegalicia.com\/es\/wp-json\/wp\/v2\/posts\/54604\/revisions"}],"wp:featuredmedia":[{"embeddable":true,"href":"https:\/\/ppdegalicia.com\/es\/wp-json\/wp\/v2\/media\/54603"}],"wp:attachment":[{"href":"https:\/\/ppdegalicia.com\/es\/wp-json\/wp\/v2\/media?parent=54604"}],"wp:term":[{"taxonomy":"category","embeddable":true,"href":"https:\/\/ppdegalicia.com\/es\/wp-json\/wp\/v2\/categories?post=54604"},{"taxonomy":"post_tag","embeddable":true,"href":"https:\/\/ppdegalicia.com\/es\/wp-json\/wp\/v2\/tags?post=54604"}],"curies":[{"name":"wp","href":"https:\/\/api.w.org\/{rel}","templated":true}]}}