{"id":54610,"date":"2020-09-11T17:55:31","date_gmt":"2020-09-11T15:55:31","guid":{"rendered":"https:\/\/ppdegalicia.com\/el-pp-exige-medidas-para-el-fomento-apoyo-e-impulso-al-empleo-y-emprendimiento-de-nuestros-jovenes\/"},"modified":"2020-09-11T17:55:31","modified_gmt":"2020-09-11T15:55:31","slug":"el-pp-exige-medidas-para-el-fomento-apoyo-e-impulso-al-empleo-y-emprendimiento-de-nuestros-jovenes","status":"publish","type":"post","link":"https:\/\/ppdegalicia.com\/es\/el-pp-exige-medidas-para-el-fomento-apoyo-e-impulso-al-empleo-y-emprendimiento-de-nuestros-jovenes\/","title":{"rendered":"El PP exige medidas para el fomento, apoyo e impulso al empleo y emprendimiento de nuestros j\u00f3venes"},"content":{"rendered":"<p><img fetchpriority=\"high\" decoding=\"async\" class=\" size-full wp-image-54609\" src=\"https:\/\/ppdegalicia.com\/wp-content\/uploads\/2020\/09\/97156b6b58c7930493e1c5845c7ada38.jpg\" alt=\"\" width=\"1920\" height=\"1656\" srcset=\"https:\/\/ppdegalicia.com\/wp-content\/uploads\/2020\/09\/97156b6b58c7930493e1c5845c7ada38.jpg 1920w, https:\/\/ppdegalicia.com\/wp-content\/uploads\/2020\/09\/97156b6b58c7930493e1c5845c7ada38-300x259.jpg 300w, https:\/\/ppdegalicia.com\/wp-content\/uploads\/2020\/09\/97156b6b58c7930493e1c5845c7ada38-1024x883.jpg 1024w, https:\/\/ppdegalicia.com\/wp-content\/uploads\/2020\/09\/97156b6b58c7930493e1c5845c7ada38-768x662.jpg 768w, https:\/\/ppdegalicia.com\/wp-content\/uploads\/2020\/09\/97156b6b58c7930493e1c5845c7ada38-1536x1325.jpg 1536w\" sizes=\"(max-width: 1920px) 100vw, 1920px\" \/><\/p>\n<p style=\"text-align: justify;\">A trav\u00e9s de cuatro mociones registradas en el Senado<\/p>\n<p><!--more--><\/p>\n<p style=\"text-align: justify;\">11, sep, 2020.- La portavoz en la Comisi\u00f3n de Juventud del Grupo\u00a0Parlamentario Popular en el Senado y senadora por Lugo, Rosa Mar\u00eda Arza,\u00a0junto a los miembros del PP de la citada Comisi\u00f3n, han registrado en la C\u00e1mara\u00a0una bater\u00eda de cuatro mociones, por la que solicitan al Gobierno, \u201cmedidas de\u00a0apoyo e incentivo para el empleo de los j\u00f3venes, l\u00edneas de financiaci\u00f3n para\u00a0j\u00f3venes emprendedores, fomentar el retorno del talento joven, o la elaboraci\u00f3n\u00a0de planes urgentes de reactivaci\u00f3n del empleo juvenil, entre otras; para uno de\u00a0los sectores de la sociedad espa\u00f1ola m\u00e1s castigados por el paro como son\u00a0nuestros j\u00f3venes\u201d.<\/p>\n<p style=\"text-align: justify;\">La portavoz de Juventud del GPP en el Senado recuerda en el texto de las\u00a0mociones que, a principios de este a\u00f1o 2020, Espa\u00f1a ya lideraba el triste\u00a0ranking del desempleo juvenil, con un 30,5% de los j\u00f3venes menores de 25\u00a0a\u00f1os parados, seg\u00fan datos de Eurostat.<\/p>\n<p style=\"text-align: justify;\">As\u00ed, Arza remarca que el Gobierno de Espa\u00f1a ya estaba, en aquel momento,\u00a0haciendo dejaci\u00f3n de sus funciones en cuanto a pol\u00edticas para fomentar el\u00a0empleo juvenil, tanto en cuanto en el \u00faltimo trimestre de 2019 nuestro pa\u00eds solo\u00a0hab\u00eda conseguido reducir su tasa de paro juvenil en 1,5 puntos.<\/p>\n<p style=\"text-align: justify;\">\u201cAhora, tras la pandemia, la situaci\u00f3n es m\u00e1s catastr\u00f3fica si cabe: la tasa de\u00a0desempleo en menores de 25 a\u00f1os hab\u00eda subido en abril el 32,99%, y a\u00fan no\u00a0sabemos qu\u00e9 pasar\u00e1 en los pr\u00f3ximos meses, m\u00e1s a\u00fan teniendo en cuenta la\u00a0gran cantidad de j\u00f3venes que encuentran un primer empleo o un trabajo\u00a0compatible con sus estudios en algunos de los sectores m\u00e1s castigados tras la\u00a0pandemia, como la hosteler\u00eda o el turismo\u201d, remarca Arza.<\/p>\n<p style=\"text-align: justify;\"><strong>CONSECUENCIAS DE LA PANDEMIA<\/strong><br \/>Del mismo modo, las mociones de los populares en la Comisi\u00f3n de Juventud\u00a0del Senado, recalcan que \u201cresulta especialmente preocupante la situaci\u00f3n de\u00a0aquellos j\u00f3venes que ya eran vulnerables antes de la crisis provocada por la\u00a0pandemia de Covid-19. As\u00ed, las dificultades para permanecer en el mercado\u00a0laboral debido a la temporalidad de los contratos de trabajo est\u00e1n haciendo\u00a0mella, hoy m\u00e1s que nunca, en gran parte de nuestra juventud\u201d.<\/p>\n<p style=\"text-align: justify;\">En la bater\u00eda de mociones presentada, una de ellas hace referencia a los\u00a0j\u00f3venes emprendedores y aut\u00f3nomos, que al margen de la situaci\u00f3n generada\u00a0por la pandemia por covid-19 y de las ayudas pactadas entre el Gobierno de\u00a0Espa\u00f1a y las asociaciones ATA, UPTA y UATAE para los aut\u00f3nomos que han\u00a0visto perjudicada su actividad por la crisis sanitaria, \u201ces preciso poner en\u00a0marcha medidas espec\u00edficas que fomenten el emprendimiento entre los m\u00e1s\u00a0j\u00f3venes\u201d, recuerda la senadora del PP por Lugo.<\/p>\n<p style=\"text-align: justify;\">Ante esta situaci\u00f3n y el abandono del Gobierno a los j\u00f3venes en sus pol\u00edticas,\u00a0el GPP presenta esta bater\u00eda de cuatro mociones para su debate y votaci\u00f3n en\u00a0la Comisi\u00f3n de Juventud del Senado en las que solicitan al Ejecutivo de\u00a0S\u00e1nchez e Iglesias las siguientes medidas:<\/p>\n<p style=\"text-align: justify;\"><span style=\"text-decoration: underline;\"><strong>Moci\u00f3n 1<\/strong><\/span><\/p>\n<ul style=\"text-align: justify;\">\n<li>Poner en marcha de forma urgente medidas reales cuyo coste econ\u00f3mico\u00a0estar\u00e1 condicionado por la disponibilidad presupuestaria del Gobierno\u00a0que generen un cambio sustancial en el empleo juvenil, particularmente\u00a0para aquellos colectivos que presentan m\u00e1s dificultades para conseguir\u00a0un trabajo estable.<\/li>\n<li>Establecer l\u00edneas de ayudas, como las del Gobierno de Galicia, para\u00a0incentivar la contrataci\u00f3n indefinida inicial y la temporal con una duraci\u00f3n\u00a0m\u00ednima de doce meses para j\u00f3venes desempleados, cuyo coste\u00a0econ\u00f3mico estar\u00e1 condicionado por la disponibilidad presupuestaria del\u00a0Gobierno.<\/li>\n<\/ul>\n<p style=\"text-align: justify;\">\u00a0<\/p>\n<p style=\"text-align: justify;\"><span style=\"text-decoration: underline;\"><strong>Moci\u00f3n 2<\/strong><\/span><\/p>\n<ul style=\"text-align: justify;\">\n<li>Consolidar l\u00edneas de financiaci\u00f3n espec\u00edficas para j\u00f3venes empresarios\u00a0y crear otras nuevas, cuyo coste econ\u00f3mico estar\u00e1 condicionado por la\u00a0disponibilidad presupuestaria del Gobierno.<\/li>\n<li>Desarrollar incentivos que faciliten el relevo generacional entre\u00a0aut\u00f3nomos, cuyo coste econ\u00f3mico estar\u00e1 condicionado por la\u00a0disponibilidad presupuestaria del Gobierno.<\/li>\n<\/ul>\n<p style=\"text-align: justify;\"><strong><span style=\"text-decoration: underline;\">Moci\u00f3n 3<\/span><\/strong><\/p>\n<ul style=\"text-align: justify;\">\n<li>Establecer un programa de contrataci\u00f3n dirigido a j\u00f3venes emigrados que\u00a0les permita retornar con garant\u00edas, cuyo coste econ\u00f3mico estar\u00e1\u00a0condicionado por la disponibilidad presupuestaria del Gobierno.<\/li>\n<li>Fomentar el retorno del talento joven estableciendo incentivos para el\u00a0emprendimiento especialmente dirigidos hacia este colectivo, cuyo coste\u00a0econ\u00f3mico estar\u00e1 condicionado por la disponibilidad presupuestaria del\u00a0Gobierno.<\/li>\n<\/ul>\n<p style=\"text-align: justify;\"><strong><span style=\"text-decoration: underline;\">Moci\u00f3n 4<\/span><\/strong><\/p>\n<ul>\n<li style=\"text-align: justify;\">Elaborar planes urgentes de reactivaci\u00f3n del empleo juvenil, cuyo coste\u00a0econ\u00f3mico estar\u00e1 condicionado por la disponibilidad presupuestaria del\u00a0Gobierno, y reforzar los ya existentes.<\/li>\n<li style=\"text-align: justify;\">Buscar f\u00f3rmulas de apoyo desde fondos europeos para mejorar la\u00a0situaci\u00f3n socioecon\u00f3mica de los menores de 30 a\u00f1os.<\/li>\n<\/ul>\n","protected":false},"excerpt":{"rendered":"<p>A trav\u00e9s de cuatro mociones registradas en el Senado<\/p>\n","protected":false},"author":38,"featured_media":54609,"comment_status":"open","ping_status":"open","sticky":false,"template":"","format":"standard","meta":{"_acf_changed":false,"footnotes":""},"categories":[1],"tags":[],"class_list":["post-54610","post","type-post","status-publish","format-standard","has-post-thumbnail","hentry","category-pp-de-galicia"],"acf":[],"yoast_head":"<!-- This site is optimized with the Yoast SEO plugin v27.3 - https:\/\/yoast.com\/product\/yoast-seo-wordpress\/ -->\n<title>El PP exige medidas para el fomento, apoyo e impulso al empleo y emprendimiento de nuestros j\u00f3venes - PP de Galicia<\/title>\n<meta name=\"robots\" content=\"index, follow, max-snippet:-1, max-image-preview:large, max-video-preview:-1\" \/>\n<link rel=\"canonical\" href=\"https:\/\/ppdegalicia.com\/es\/el-pp-exige-medidas-para-el-fomento-apoyo-e-impulso-al-empleo-y-emprendimiento-de-nuestros-jovenes\/\" \/>\n<meta property=\"og:locale\" content=\"es_ES\" \/>\n<meta property=\"og:type\" content=\"article\" \/>\n<meta property=\"og:title\" content=\"El PP exige medidas para el fomento, apoyo e impulso al empleo y emprendimiento de nuestros j\u00f3venes - PP de Galicia\" \/>\n<meta property=\"og:description\" content=\"A trav\u00e9s de cuatro mociones registradas en el Senado\" \/>\n<meta property=\"og:url\" content=\"https:\/\/ppdegalicia.com\/es\/el-pp-exige-medidas-para-el-fomento-apoyo-e-impulso-al-empleo-y-emprendimiento-de-nuestros-jovenes\/\" \/>\n<meta property=\"og:site_name\" content=\"PP de Galicia\" \/>\n<meta property=\"article:publisher\" content=\"https:\/\/www.instagram.com\/ppdegalicia\/\" \/>\n<meta property=\"article:published_time\" content=\"2020-09-11T15:55:31+00:00\" \/>\n<meta property=\"og:image\" content=\"https:\/\/ppdegalicia.com\/wp-content\/uploads\/2020\/09\/97156b6b58c7930493e1c5845c7ada38.jpg\" \/>\n\t<meta property=\"og:image:width\" content=\"1920\" \/>\n\t<meta property=\"og:image:height\" content=\"1656\" \/>\n\t<meta property=\"og:image:type\" content=\"image\/jpeg\" \/>\n<meta name=\"author\" content=\"ppdegaliciaredes\" \/>\n<meta name=\"twitter:card\" content=\"summary_large_image\" \/>\n<meta name=\"twitter:creator\" content=\"@ppdegalicia\" \/>\n<meta name=\"twitter:site\" content=\"@ppdegalicia\" \/>\n<meta name=\"twitter:label1\" content=\"Escrito por\" \/>\n\t<meta name=\"twitter:data1\" content=\"ppdegaliciaredes\" \/>\n\t<meta name=\"twitter:label2\" content=\"Tiempo de lectura\" \/>\n\t<meta name=\"twitter:data2\" content=\"4 minutos\" \/>\n<script type=\"application\/ld+json\" class=\"yoast-schema-graph\">{\"@context\":\"https:\\\/\\\/schema.org\",\"@graph\":[{\"@type\":\"Article\",\"@id\":\"https:\\\/\\\/ppdegalicia.com\\\/es\\\/el-pp-exige-medidas-para-el-fomento-apoyo-e-impulso-al-empleo-y-emprendimiento-de-nuestros-jovenes\\\/#article\",\"isPartOf\":{\"@id\":\"https:\\\/\\\/ppdegalicia.com\\\/es\\\/el-pp-exige-medidas-para-el-fomento-apoyo-e-impulso-al-empleo-y-emprendimiento-de-nuestros-jovenes\\\/\"},\"author\":{\"name\":\"ppdegaliciaredes\",\"@id\":\"https:\\\/\\\/ppdegalicia.com\\\/es\\\/#\\\/schema\\\/person\\\/5b822c6f59e872ebdd1142f307dbcb59\"},\"headline\":\"El PP exige medidas para el fomento, apoyo e impulso al empleo y emprendimiento de nuestros j\u00f3venes\",\"datePublished\":\"2020-09-11T15:55:31+00:00\",\"mainEntityOfPage\":{\"@id\":\"https:\\\/\\\/ppdegalicia.com\\\/es\\\/el-pp-exige-medidas-para-el-fomento-apoyo-e-impulso-al-empleo-y-emprendimiento-de-nuestros-jovenes\\\/\"},\"wordCount\":808,\"commentCount\":0,\"publisher\":{\"@id\":\"https:\\\/\\\/ppdegalicia.com\\\/es\\\/#organization\"},\"image\":{\"@id\":\"https:\\\/\\\/ppdegalicia.com\\\/es\\\/el-pp-exige-medidas-para-el-fomento-apoyo-e-impulso-al-empleo-y-emprendimiento-de-nuestros-jovenes\\\/#primaryimage\"},\"thumbnailUrl\":\"https:\\\/\\\/ppdegalicia.com\\\/wp-content\\\/uploads\\\/2020\\\/09\\\/97156b6b58c7930493e1c5845c7ada38.jpg\",\"articleSection\":[\"PP de Galicia\"],\"inLanguage\":\"es\",\"potentialAction\":[{\"@type\":\"CommentAction\",\"name\":\"Comment\",\"target\":[\"https:\\\/\\\/ppdegalicia.com\\\/es\\\/el-pp-exige-medidas-para-el-fomento-apoyo-e-impulso-al-empleo-y-emprendimiento-de-nuestros-jovenes\\\/#respond\"]}]},{\"@type\":\"WebPage\",\"@id\":\"https:\\\/\\\/ppdegalicia.com\\\/es\\\/el-pp-exige-medidas-para-el-fomento-apoyo-e-impulso-al-empleo-y-emprendimiento-de-nuestros-jovenes\\\/\",\"url\":\"https:\\\/\\\/ppdegalicia.com\\\/es\\\/el-pp-exige-medidas-para-el-fomento-apoyo-e-impulso-al-empleo-y-emprendimiento-de-nuestros-jovenes\\\/\",\"name\":\"El PP exige medidas para el fomento, apoyo e impulso al empleo y emprendimiento de nuestros j\u00f3venes - PP de Galicia\",\"isPartOf\":{\"@id\":\"https:\\\/\\\/ppdegalicia.com\\\/es\\\/#website\"},\"primaryImageOfPage\":{\"@id\":\"https:\\\/\\\/ppdegalicia.com\\\/es\\\/el-pp-exige-medidas-para-el-fomento-apoyo-e-impulso-al-empleo-y-emprendimiento-de-nuestros-jovenes\\\/#primaryimage\"},\"image\":{\"@id\":\"https:\\\/\\\/ppdegalicia.com\\\/es\\\/el-pp-exige-medidas-para-el-fomento-apoyo-e-impulso-al-empleo-y-emprendimiento-de-nuestros-jovenes\\\/#primaryimage\"},\"thumbnailUrl\":\"https:\\\/\\\/ppdegalicia.com\\\/wp-content\\\/uploads\\\/2020\\\/09\\\/97156b6b58c7930493e1c5845c7ada38.jpg\",\"datePublished\":\"2020-09-11T15:55:31+00:00\",\"breadcrumb\":{\"@id\":\"https:\\\/\\\/ppdegalicia.com\\\/es\\\/el-pp-exige-medidas-para-el-fomento-apoyo-e-impulso-al-empleo-y-emprendimiento-de-nuestros-jovenes\\\/#breadcrumb\"},\"inLanguage\":\"es\",\"potentialAction\":[{\"@type\":\"ReadAction\",\"target\":[\"https:\\\/\\\/ppdegalicia.com\\\/es\\\/el-pp-exige-medidas-para-el-fomento-apoyo-e-impulso-al-empleo-y-emprendimiento-de-nuestros-jovenes\\\/\"]}]},{\"@type\":\"ImageObject\",\"inLanguage\":\"es\",\"@id\":\"https:\\\/\\\/ppdegalicia.com\\\/es\\\/el-pp-exige-medidas-para-el-fomento-apoyo-e-impulso-al-empleo-y-emprendimiento-de-nuestros-jovenes\\\/#primaryimage\",\"url\":\"https:\\\/\\\/ppdegalicia.com\\\/wp-content\\\/uploads\\\/2020\\\/09\\\/97156b6b58c7930493e1c5845c7ada38.jpg\",\"contentUrl\":\"https:\\\/\\\/ppdegalicia.com\\\/wp-content\\\/uploads\\\/2020\\\/09\\\/97156b6b58c7930493e1c5845c7ada38.jpg\",\"width\":1920,\"height\":1656},{\"@type\":\"BreadcrumbList\",\"@id\":\"https:\\\/\\\/ppdegalicia.com\\\/es\\\/el-pp-exige-medidas-para-el-fomento-apoyo-e-impulso-al-empleo-y-emprendimiento-de-nuestros-jovenes\\\/#breadcrumb\",\"itemListElement\":[{\"@type\":\"ListItem\",\"position\":1,\"name\":\"Portada\",\"item\":\"https:\\\/\\\/ppdegalicia.com\\\/es\\\/\"},{\"@type\":\"ListItem\",\"position\":2,\"name\":\"El PP exige medidas para el fomento, apoyo e impulso al empleo y emprendimiento de nuestros j\u00f3venes\"}]},{\"@type\":\"WebSite\",\"@id\":\"https:\\\/\\\/ppdegalicia.com\\\/es\\\/#website\",\"url\":\"https:\\\/\\\/ppdegalicia.com\\\/es\\\/\",\"name\":\"Partido Popular de Galicia\",\"description\":\"Partido Popular de Galicia\",\"publisher\":{\"@id\":\"https:\\\/\\\/ppdegalicia.com\\\/es\\\/#organization\"},\"alternateName\":\"PP de Galicia\",\"potentialAction\":[{\"@type\":\"SearchAction\",\"target\":{\"@type\":\"EntryPoint\",\"urlTemplate\":\"https:\\\/\\\/ppdegalicia.com\\\/es\\\/?s={search_term_string}\"},\"query-input\":{\"@type\":\"PropertyValueSpecification\",\"valueRequired\":true,\"valueName\":\"search_term_string\"}}],\"inLanguage\":\"es\"},{\"@type\":\"Organization\",\"@id\":\"https:\\\/\\\/ppdegalicia.com\\\/es\\\/#organization\",\"name\":\"Partido Popular de Galicia\",\"alternateName\":\"PP de Galicia\",\"url\":\"https:\\\/\\\/ppdegalicia.com\\\/es\\\/\",\"logo\":{\"@type\":\"ImageObject\",\"inLanguage\":\"es\",\"@id\":\"https:\\\/\\\/ppdegalicia.com\\\/es\\\/#\\\/schema\\\/logo\\\/image\\\/\",\"url\":\"https:\\\/\\\/ppdegalicia.com\\\/wp-content\\\/uploads\\\/2023\\\/04\\\/logoPP512.png\",\"contentUrl\":\"https:\\\/\\\/ppdegalicia.com\\\/wp-content\\\/uploads\\\/2023\\\/04\\\/logoPP512.png\",\"width\":512,\"height\":512,\"caption\":\"Partido Popular de Galicia\"},\"image\":{\"@id\":\"https:\\\/\\\/ppdegalicia.com\\\/es\\\/#\\\/schema\\\/logo\\\/image\\\/\"},\"sameAs\":[\"https:\\\/\\\/www.instagram.com\\\/ppdegalicia\\\/\",\"https:\\\/\\\/x.com\\\/ppdegalicia\",\"https:\\\/\\\/www.tiktok.com\\\/@ppdegalicia\",\"https:\\\/\\\/www.youtube.com\\\/user\\\/ppdegalicia\"]},{\"@type\":\"Person\",\"@id\":\"https:\\\/\\\/ppdegalicia.com\\\/es\\\/#\\\/schema\\\/person\\\/5b822c6f59e872ebdd1142f307dbcb59\",\"name\":\"ppdegaliciaredes\",\"image\":{\"@type\":\"ImageObject\",\"inLanguage\":\"es\",\"@id\":\"https:\\\/\\\/secure.gravatar.com\\\/avatar\\\/3c9179cf0256d00c72a48d1f25783c58b6842cd56e85ef3a572881c8e28ccd59?s=96&d=mm&r=g\",\"url\":\"https:\\\/\\\/secure.gravatar.com\\\/avatar\\\/3c9179cf0256d00c72a48d1f25783c58b6842cd56e85ef3a572881c8e28ccd59?s=96&d=mm&r=g\",\"contentUrl\":\"https:\\\/\\\/secure.gravatar.com\\\/avatar\\\/3c9179cf0256d00c72a48d1f25783c58b6842cd56e85ef3a572881c8e28ccd59?s=96&d=mm&r=g\",\"caption\":\"ppdegaliciaredes\"},\"url\":\"https:\\\/\\\/ppdegalicia.com\\\/es\\\/author\\\/ppdegaliciaredes\\\/\"}]}<\/script>\n<!-- \/ Yoast SEO plugin. -->","yoast_head_json":{"title":"El PP exige medidas para el fomento, apoyo e impulso al empleo y emprendimiento de nuestros j\u00f3venes - PP de Galicia","robots":{"index":"index","follow":"follow","max-snippet":"max-snippet:-1","max-image-preview":"max-image-preview:large","max-video-preview":"max-video-preview:-1"},"canonical":"https:\/\/ppdegalicia.com\/es\/el-pp-exige-medidas-para-el-fomento-apoyo-e-impulso-al-empleo-y-emprendimiento-de-nuestros-jovenes\/","og_locale":"es_ES","og_type":"article","og_title":"El PP exige medidas para el fomento, apoyo e impulso al empleo y emprendimiento de nuestros j\u00f3venes - PP de Galicia","og_description":"A trav\u00e9s de cuatro mociones registradas en el Senado","og_url":"https:\/\/ppdegalicia.com\/es\/el-pp-exige-medidas-para-el-fomento-apoyo-e-impulso-al-empleo-y-emprendimiento-de-nuestros-jovenes\/","og_site_name":"PP de Galicia","article_publisher":"https:\/\/www.instagram.com\/ppdegalicia\/","article_published_time":"2020-09-11T15:55:31+00:00","og_image":[{"width":1920,"height":1656,"url":"https:\/\/ppdegalicia.com\/wp-content\/uploads\/2020\/09\/97156b6b58c7930493e1c5845c7ada38.jpg","type":"image\/jpeg"}],"author":"ppdegaliciaredes","twitter_card":"summary_large_image","twitter_creator":"@ppdegalicia","twitter_site":"@ppdegalicia","twitter_misc":{"Escrito por":"ppdegaliciaredes","Tiempo de lectura":"4 minutos"},"schema":{"@context":"https:\/\/schema.org","@graph":[{"@type":"Article","@id":"https:\/\/ppdegalicia.com\/es\/el-pp-exige-medidas-para-el-fomento-apoyo-e-impulso-al-empleo-y-emprendimiento-de-nuestros-jovenes\/#article","isPartOf":{"@id":"https:\/\/ppdegalicia.com\/es\/el-pp-exige-medidas-para-el-fomento-apoyo-e-impulso-al-empleo-y-emprendimiento-de-nuestros-jovenes\/"},"author":{"name":"ppdegaliciaredes","@id":"https:\/\/ppdegalicia.com\/es\/#\/schema\/person\/5b822c6f59e872ebdd1142f307dbcb59"},"headline":"El PP exige medidas para el fomento, apoyo e impulso al empleo y emprendimiento de nuestros j\u00f3venes","datePublished":"2020-09-11T15:55:31+00:00","mainEntityOfPage":{"@id":"https:\/\/ppdegalicia.com\/es\/el-pp-exige-medidas-para-el-fomento-apoyo-e-impulso-al-empleo-y-emprendimiento-de-nuestros-jovenes\/"},"wordCount":808,"commentCount":0,"publisher":{"@id":"https:\/\/ppdegalicia.com\/es\/#organization"},"image":{"@id":"https:\/\/ppdegalicia.com\/es\/el-pp-exige-medidas-para-el-fomento-apoyo-e-impulso-al-empleo-y-emprendimiento-de-nuestros-jovenes\/#primaryimage"},"thumbnailUrl":"https:\/\/ppdegalicia.com\/wp-content\/uploads\/2020\/09\/97156b6b58c7930493e1c5845c7ada38.jpg","articleSection":["PP de Galicia"],"inLanguage":"es","potentialAction":[{"@type":"CommentAction","name":"Comment","target":["https:\/\/ppdegalicia.com\/es\/el-pp-exige-medidas-para-el-fomento-apoyo-e-impulso-al-empleo-y-emprendimiento-de-nuestros-jovenes\/#respond"]}]},{"@type":"WebPage","@id":"https:\/\/ppdegalicia.com\/es\/el-pp-exige-medidas-para-el-fomento-apoyo-e-impulso-al-empleo-y-emprendimiento-de-nuestros-jovenes\/","url":"https:\/\/ppdegalicia.com\/es\/el-pp-exige-medidas-para-el-fomento-apoyo-e-impulso-al-empleo-y-emprendimiento-de-nuestros-jovenes\/","name":"El PP exige medidas para el fomento, apoyo e impulso al empleo y emprendimiento de nuestros j\u00f3venes - PP de Galicia","isPartOf":{"@id":"https:\/\/ppdegalicia.com\/es\/#website"},"primaryImageOfPage":{"@id":"https:\/\/ppdegalicia.com\/es\/el-pp-exige-medidas-para-el-fomento-apoyo-e-impulso-al-empleo-y-emprendimiento-de-nuestros-jovenes\/#primaryimage"},"image":{"@id":"https:\/\/ppdegalicia.com\/es\/el-pp-exige-medidas-para-el-fomento-apoyo-e-impulso-al-empleo-y-emprendimiento-de-nuestros-jovenes\/#primaryimage"},"thumbnailUrl":"https:\/\/ppdegalicia.com\/wp-content\/uploads\/2020\/09\/97156b6b58c7930493e1c5845c7ada38.jpg","datePublished":"2020-09-11T15:55:31+00:00","breadcrumb":{"@id":"https:\/\/ppdegalicia.com\/es\/el-pp-exige-medidas-para-el-fomento-apoyo-e-impulso-al-empleo-y-emprendimiento-de-nuestros-jovenes\/#breadcrumb"},"inLanguage":"es","potentialAction":[{"@type":"ReadAction","target":["https:\/\/ppdegalicia.com\/es\/el-pp-exige-medidas-para-el-fomento-apoyo-e-impulso-al-empleo-y-emprendimiento-de-nuestros-jovenes\/"]}]},{"@type":"ImageObject","inLanguage":"es","@id":"https:\/\/ppdegalicia.com\/es\/el-pp-exige-medidas-para-el-fomento-apoyo-e-impulso-al-empleo-y-emprendimiento-de-nuestros-jovenes\/#primaryimage","url":"https:\/\/ppdegalicia.com\/wp-content\/uploads\/2020\/09\/97156b6b58c7930493e1c5845c7ada38.jpg","contentUrl":"https:\/\/ppdegalicia.com\/wp-content\/uploads\/2020\/09\/97156b6b58c7930493e1c5845c7ada38.jpg","width":1920,"height":1656},{"@type":"BreadcrumbList","@id":"https:\/\/ppdegalicia.com\/es\/el-pp-exige-medidas-para-el-fomento-apoyo-e-impulso-al-empleo-y-emprendimiento-de-nuestros-jovenes\/#breadcrumb","itemListElement":[{"@type":"ListItem","position":1,"name":"Portada","item":"https:\/\/ppdegalicia.com\/es\/"},{"@type":"ListItem","position":2,"name":"El PP exige medidas para el fomento, apoyo e impulso al empleo y emprendimiento de nuestros j\u00f3venes"}]},{"@type":"WebSite","@id":"https:\/\/ppdegalicia.com\/es\/#website","url":"https:\/\/ppdegalicia.com\/es\/","name":"Partido Popular de Galicia","description":"Partido Popular de Galicia","publisher":{"@id":"https:\/\/ppdegalicia.com\/es\/#organization"},"alternateName":"PP de Galicia","potentialAction":[{"@type":"SearchAction","target":{"@type":"EntryPoint","urlTemplate":"https:\/\/ppdegalicia.com\/es\/?s={search_term_string}"},"query-input":{"@type":"PropertyValueSpecification","valueRequired":true,"valueName":"search_term_string"}}],"inLanguage":"es"},{"@type":"Organization","@id":"https:\/\/ppdegalicia.com\/es\/#organization","name":"Partido Popular de Galicia","alternateName":"PP de Galicia","url":"https:\/\/ppdegalicia.com\/es\/","logo":{"@type":"ImageObject","inLanguage":"es","@id":"https:\/\/ppdegalicia.com\/es\/#\/schema\/logo\/image\/","url":"https:\/\/ppdegalicia.com\/wp-content\/uploads\/2023\/04\/logoPP512.png","contentUrl":"https:\/\/ppdegalicia.com\/wp-content\/uploads\/2023\/04\/logoPP512.png","width":512,"height":512,"caption":"Partido Popular de Galicia"},"image":{"@id":"https:\/\/ppdegalicia.com\/es\/#\/schema\/logo\/image\/"},"sameAs":["https:\/\/www.instagram.com\/ppdegalicia\/","https:\/\/x.com\/ppdegalicia","https:\/\/www.tiktok.com\/@ppdegalicia","https:\/\/www.youtube.com\/user\/ppdegalicia"]},{"@type":"Person","@id":"https:\/\/ppdegalicia.com\/es\/#\/schema\/person\/5b822c6f59e872ebdd1142f307dbcb59","name":"ppdegaliciaredes","image":{"@type":"ImageObject","inLanguage":"es","@id":"https:\/\/secure.gravatar.com\/avatar\/3c9179cf0256d00c72a48d1f25783c58b6842cd56e85ef3a572881c8e28ccd59?s=96&d=mm&r=g","url":"https:\/\/secure.gravatar.com\/avatar\/3c9179cf0256d00c72a48d1f25783c58b6842cd56e85ef3a572881c8e28ccd59?s=96&d=mm&r=g","contentUrl":"https:\/\/secure.gravatar.com\/avatar\/3c9179cf0256d00c72a48d1f25783c58b6842cd56e85ef3a572881c8e28ccd59?s=96&d=mm&r=g","caption":"ppdegaliciaredes"},"url":"https:\/\/ppdegalicia.com\/es\/author\/ppdegaliciaredes\/"}]}},"_links":{"self":[{"href":"https:\/\/ppdegalicia.com\/es\/wp-json\/wp\/v2\/posts\/54610","targetHints":{"allow":["GET"]}}],"collection":[{"href":"https:\/\/ppdegalicia.com\/es\/wp-json\/wp\/v2\/posts"}],"about":[{"href":"https:\/\/ppdegalicia.com\/es\/wp-json\/wp\/v2\/types\/post"}],"author":[{"embeddable":true,"href":"https:\/\/ppdegalicia.com\/es\/wp-json\/wp\/v2\/users\/38"}],"replies":[{"embeddable":true,"href":"https:\/\/ppdegalicia.com\/es\/wp-json\/wp\/v2\/comments?post=54610"}],"version-history":[{"count":0,"href":"https:\/\/ppdegalicia.com\/es\/wp-json\/wp\/v2\/posts\/54610\/revisions"}],"wp:featuredmedia":[{"embeddable":true,"href":"https:\/\/ppdegalicia.com\/es\/wp-json\/wp\/v2\/media\/54609"}],"wp:attachment":[{"href":"https:\/\/ppdegalicia.com\/es\/wp-json\/wp\/v2\/media?parent=54610"}],"wp:term":[{"taxonomy":"category","embeddable":true,"href":"https:\/\/ppdegalicia.com\/es\/wp-json\/wp\/v2\/categories?post=54610"},{"taxonomy":"post_tag","embeddable":true,"href":"https:\/\/ppdegalicia.com\/es\/wp-json\/wp\/v2\/tags?post=54610"}],"curies":[{"name":"wp","href":"https:\/\/api.w.org\/{rel}","templated":true}]}}