{"id":54616,"date":"2020-09-15T10:13:58","date_gmt":"2020-09-15T08:13:58","guid":{"rendered":"https:\/\/ppdegalicia.com\/mellorar-as-conexions-ferroviarias-o-pulo-ao-xacobeo-e-favorecer-a-mobilidade-laboral-centro-dos-acordos-entre-as-camaras-de-espana-e-portugal\/"},"modified":"2020-09-15T10:13:58","modified_gmt":"2020-09-15T08:13:58","slug":"mellorar-as-conexions-ferroviarias-o-pulo-ao-xacobeo-e-favorecer-a-mobilidade-laboral-centro-dos-acordos-entre-as-camaras-de-espana-e-portugal","status":"publish","type":"post","link":"https:\/\/ppdegalicia.com\/es\/mellorar-as-conexions-ferroviarias-o-pulo-ao-xacobeo-e-favorecer-a-mobilidade-laboral-centro-dos-acordos-entre-as-camaras-de-espana-e-portugal\/","title":{"rendered":"Mellorar as conexi\u00f3ns ferroviarias, o pulo ao Xacobeo e favorecer a mobilidade laboral, centro dos acordos entre as C\u00e1maras de Espa\u00f1a e Portugal"},"content":{"rendered":"<p><img fetchpriority=\"high\" decoding=\"async\" class=\" size-full wp-image-54615\" src=\"https:\/\/ppdegalicia.com\/wp-content\/uploads\/2020\/09\/0b8cb179d05be7afdade5496eab553e2.jpg\" alt=\"\" width=\"1600\" height=\"1200\" srcset=\"https:\/\/ppdegalicia.com\/wp-content\/uploads\/2020\/09\/0b8cb179d05be7afdade5496eab553e2.jpg 1600w, https:\/\/ppdegalicia.com\/wp-content\/uploads\/2020\/09\/0b8cb179d05be7afdade5496eab553e2-300x225.jpg 300w, https:\/\/ppdegalicia.com\/wp-content\/uploads\/2020\/09\/0b8cb179d05be7afdade5496eab553e2-1024x768.jpg 1024w, https:\/\/ppdegalicia.com\/wp-content\/uploads\/2020\/09\/0b8cb179d05be7afdade5496eab553e2-768x576.jpg 768w, https:\/\/ppdegalicia.com\/wp-content\/uploads\/2020\/09\/0b8cb179d05be7afdade5496eab553e2-1536x1152.jpg 1536w\" sizes=\"(max-width: 1600px) 100vw, 1600px\" \/><\/p>\n<p style=\"text-align: justify;\">Os deputados galegos logran inclu\u00edr nas conclusi\u00f3ns do VIII Foro Parlamentario Hispano-Portugu\u00e9s temas de especial interese para a eurorrexi\u00f3n Galicia-Norte de Portugal.<\/p>\n<p style=\"text-align: justify;\">\u00a0<\/p>\n<p><!--more--><\/p>\n<p style=\"text-align: justify;\"><u>15, setembro, 2020.<\/u> Os deputados galegos no Congreso traballaron para inclu\u00edr nas conclusi\u00f3ns aprobadas no VIII Foro Parlamentario Hispano-Portugu\u00e9s temas de especial interese para a eurorrexi\u00f3n Galicia-Norte de Portugal como mellorar as conexi\u00f3n ferroviarias, o pulo ao Xacobeo e favorecer a mobilidade laboral neste territorio.<\/p>\n<p style=\"text-align: justify;\">\u00a0<\/p>\n<p style=\"text-align: justify;\">No marco deste foro celebrado en Lisboa, os parlamentarios do Congreso dos Deputados de Espa\u00f1a e da Asemblea da Rep\u00fablica de Portugal que integraban as Delegaci\u00f3ns presididas polos Presidentes Eduardo Ferro Rodrigues e Meritxell Batet Lama\u00f1a aprobaron un total de vinte e unha conclusi\u00f3ns &#8211; <a href=\"http:\/\/www.congreso.es\/backoffice_doc\/prensa\/notas_prensa\/76551_1600107259222.pdf\">http:\/\/www.congreso.es\/backoffice_doc\/prensa\/notas_prensa\/76551_1600107259222.pdf-<\/a>.<\/p>\n<p style=\"text-align: justify;\">\u00a0<\/p>\n<p style=\"text-align: justify;\">Nesta cita, os tres deputados galegos do PP Ana Pastor, vicepresidenta segunda do Congreso, Celso Delgado, presidente da Comisi\u00f3n de Asuntos Econ\u00f3micos e Transformaci\u00f3n Dixital, e Joaqu\u00edn Garc\u00eda, portavoz adxunto da Comisi\u00f3n de Asuntos Exteriores, defenderon que se integrasen nas conclusi\u00f3ns definitivas as seguintes propostas:<\/p>\n<p style=\"text-align: justify;\">\u00a0<\/p>\n<p style=\"text-align: justify;\"><em>\u201cGarantir que todos os territorios fronteirizos estean cubertos polas infraestruturas e redes dixitais (tanto o acceso \u00e1 cobertura de tel\u00e9fono m\u00f3bil como o acceso a Internet coa cobertura m\u00e1is avanzada, como a 5G)\u201d.<\/em><\/p>\n<p style=\"text-align: justify;\"><em>\u00a0<\/em><\/p>\n<p style=\"text-align: justify;\"><em>\u201cFortalecer a cooperaci\u00f3n transfronteiriza mediante os programas de investigaci\u00f3n e colaboraci\u00f3n das Universidades e Centros de Excelencia, como o Instituto Ib\u00e9rico de Nanotecnolox\u00eda de Braga\u201d.<\/em><\/p>\n<p style=\"text-align: justify;\"><em>\u00a0<\/em><\/p>\n<p style=\"text-align: justify;\"><em>\u201cCrear instrumentos que favorezan a recuperaci\u00f3n da estrutura empresarial e emprendedora das rexi\u00f3ns fronteirizas, en di\u00e1logo cos axentes sectoriais eurorregionales\u201d.<\/em><\/p>\n<p style=\"text-align: justify;\"><em>\u00a0<\/em><\/p>\n<p style=\"text-align: justify;\"><em>\u201cApoiar de forma especial ao sector primario e ao complexo agro-mar-industrial, que se revelaron fundamentais nesta pandemia, para promover a autonom\u00eda e seguridade alimentaria\u201d.<\/em><\/p>\n<p style=\"text-align: justify;\"><em>\u00a0<\/em><\/p>\n<p style=\"text-align: justify;\"><em>\u201cImpulsar a mobilidade laboral, incentivando a contrataci\u00f3n de traballadores de ambos os lados da fronteira, dinamizando o mercado de traballo transfronteirizo\u201d.<\/em><\/p>\n<p style=\"text-align: justify;\"><em>\u00a0<\/em><\/p>\n<p style=\"text-align: justify;\"><em>\u201cAproveitar o pr\u00f3ximo Ano Xacobeo (2021) para dar un novo impulso aos Cami\u00f1os de Santiago, especialmente aos Cami\u00f1os Portugueses\u201d.<\/em><\/p>\n<p style=\"text-align: justify;\"><em>\u00a0<\/em><\/p>\n<p style=\"text-align: justify;\"><em>\u201cDesenvolver protocolos de articulaci\u00f3n de procedementos relativos aos movementos transfronteirizos, tanto para hipot\u00e9ticos futuros peches por pandemia como para as posteriores reaperturas\u201d.<\/em> Esta proposta pretende evitar que se volvan producir as restrici\u00f3ns \u00e1 libre circulaci\u00f3n derivadas da pandemia da Covid-19 que causaron enormes prexu\u00edzos para a cooperaci\u00f3n entre Galicia e o Norte de Portugal -os traballadores transfronteirizos aumentaron os seus desprazamentos nunha media de 50 Kms-, e tam\u00e9n problemas aos habitantes destas zonas, que viron como pobos eurocidades foron cortadas pola metade, reducindo drasticamente a capacidade de circulaci\u00f3n de persoas e bens.<\/p>\n<p style=\"text-align: justify;\">\u00a0<\/p>\n<p style=\"text-align: justify;\">En consideraci\u00f3n a esta situaci\u00f3n, os deputados galegos propuxeron tam\u00e9n \u201c<em>traballar para que os fondos procedentes da Uni\u00f3n Europea presten especial atenci\u00f3n \u00e1s zonas fronteirizas, co fin de minimizar o impacto do peche que resultou da pandemia da Covid-19\u201d.<\/em><\/p>\n<p style=\"text-align: justify;\">\u00a0<\/p>\n<p style=\"text-align: justify;\">Ademais, apoiaron a inclusi\u00f3n nas conclusi\u00f3ns de referencias a priorizar a finalizaci\u00f3n e modernizaci\u00f3n de infraestruturas fundamentais para os territorios fronteirizos e as s\u00faas poboaci\u00f3ns, como a conclusi\u00f3n da electrificaci\u00f3n do tramo ferroviario entre Viana do Castelo e Valen\u00e7a do Minho; e a conexi\u00f3n do eixo Atl\u00e1ntico Portugu\u00e9s-Espa\u00f1ol, que incl\u00fae Lisboa, O Porto, Vigo, Santiago de Compostela e A Coru\u00f1a.<\/p>\n<p style=\"text-align: justify;\">\u00a0<\/p>\n<p style=\"text-align: justify;\">Como lembrou Celso Delgado, no noso pa\u00eds avanzouse na conexi\u00f3n ferroviaria Vigo-Porto, coa finalizaci\u00f3n en xullo dos traballos de electrificaci\u00f3n do 5,3 km que separan Guillarei da fronteira, \u00fanico tramo que quedaba sen electrificar na parte espa\u00f1ola da conexi\u00f3n.<\/p>\n<blockquote class=\"twitter-tweet\">\n<p dir=\"ltr\" lang=\"es\">Os deputados galegos <a href=\"https:\/\/twitter.com\/anapastorjulian?ref_src=twsrc%5Etfw\">@anapastorjulian<\/a>, <a href=\"https:\/\/twitter.com\/CelsoDelgadoOU?ref_src=twsrc%5Etfw\">@CelsoDelgadoOU<\/a> e <a href=\"https:\/\/twitter.com\/Quin1954?ref_src=twsrc%5Etfw\">@Quin1954<\/a> traballaron arreo no <a href=\"https:\/\/twitter.com\/hashtag\/VIIIForoParlamentarioHispanoPortugu%C3%A9s?src=hash&amp;ref_src=twsrc%5Etfw\">#VIIIForoParlamentarioHispanoPortugu\u00e9s<\/a> para incluir varios temas de interese para a eurorrexi\u00f3n Galicia-Norte de Portugal, como o Xacobeo, as conexi\u00f3ns ferroviarias ou a mobilidade laboral. <a href=\"https:\/\/t.co\/qqbFfGJHkx\">pic.twitter.com\/qqbFfGJHkx<\/a><\/p>\n<p>\u2014 PP de Galicia (@ppdegalicia) <a href=\"https:\/\/twitter.com\/ppdegalicia\/status\/1305823380722118659?ref_src=twsrc%5Etfw\">September 15, 2020<\/a><\/p><\/blockquote>\n<p style=\"text-align: justify;\">\u00a0<\/p>\n<p style=\"text-align: justify;\">Igualmente, nos debates tam\u00e9n aludiron \u00e1 problem\u00e1tica da reduci\u00f3n de servizos do Tren Internacional Celta entre Vigo e Porto -por mor da pandemia- interesando que progresivamente as operadoras, Renfe e Comboios recuperen os dous servizos diarios como m\u00ednimo e melloren o material.<\/p>\n<p style=\"text-align: justify;\">\u00a0<\/p>\n<p style=\"text-align: justify;\">As\u00ed mesmo, puxeron de manifesto os riscos para as d\u00faas naci\u00f3ns dun \u00abnon acordo\u00bb coa UE sobre o Brexit, polas an\u00f3malas posici\u00f3ns que est\u00e1 a adoptar o Reino Unido.<\/p>\n","protected":false},"excerpt":{"rendered":"<p>Os deputados galegos logran inclu\u00edr nas conclusi\u00f3ns do VIII Foro Parlamentario Hispano-Portugu\u00e9s temas de especial interese para a eurorrexi\u00f3n Galicia-Norte de Portugal. \u00a0<\/p>\n","protected":false},"author":38,"featured_media":54615,"comment_status":"open","ping_status":"open","sticky":false,"template":"","format":"standard","meta":{"_acf_changed":false,"footnotes":""},"categories":[1],"tags":[],"class_list":["post-54616","post","type-post","status-publish","format-standard","has-post-thumbnail","hentry","category-pp-de-galicia"],"acf":[],"yoast_head":"<!-- This site is optimized with the Yoast SEO plugin v27.3 - https:\/\/yoast.com\/product\/yoast-seo-wordpress\/ -->\n<title>Mellorar as conexi\u00f3ns ferroviarias, o pulo ao Xacobeo e favorecer a mobilidade laboral, centro dos acordos entre as C\u00e1maras de Espa\u00f1a e Portugal - PP de Galicia<\/title>\n<meta name=\"robots\" content=\"index, follow, max-snippet:-1, max-image-preview:large, max-video-preview:-1\" \/>\n<link rel=\"canonical\" href=\"https:\/\/ppdegalicia.com\/es\/mellorar-as-conexions-ferroviarias-o-pulo-ao-xacobeo-e-favorecer-a-mobilidade-laboral-centro-dos-acordos-entre-as-camaras-de-espana-e-portugal\/\" \/>\n<meta property=\"og:locale\" content=\"es_ES\" \/>\n<meta property=\"og:type\" content=\"article\" \/>\n<meta property=\"og:title\" content=\"Mellorar as conexi\u00f3ns ferroviarias, o pulo ao Xacobeo e favorecer a mobilidade laboral, centro dos acordos entre as C\u00e1maras de Espa\u00f1a e Portugal - PP de Galicia\" \/>\n<meta property=\"og:description\" content=\"Os deputados galegos logran inclu\u00edr nas conclusi\u00f3ns do VIII Foro Parlamentario Hispano-Portugu\u00e9s temas de especial interese para a eurorrexi\u00f3n Galicia-Norte de Portugal. \u00a0\" \/>\n<meta property=\"og:url\" content=\"https:\/\/ppdegalicia.com\/es\/mellorar-as-conexions-ferroviarias-o-pulo-ao-xacobeo-e-favorecer-a-mobilidade-laboral-centro-dos-acordos-entre-as-camaras-de-espana-e-portugal\/\" \/>\n<meta property=\"og:site_name\" content=\"PP de Galicia\" \/>\n<meta property=\"article:publisher\" content=\"https:\/\/www.instagram.com\/ppdegalicia\/\" \/>\n<meta property=\"article:published_time\" content=\"2020-09-15T08:13:58+00:00\" \/>\n<meta property=\"og:image\" content=\"https:\/\/ppdegalicia.com\/wp-content\/uploads\/2020\/09\/0b8cb179d05be7afdade5496eab553e2.jpg\" \/>\n\t<meta property=\"og:image:width\" content=\"1600\" \/>\n\t<meta property=\"og:image:height\" content=\"1200\" \/>\n\t<meta property=\"og:image:type\" content=\"image\/jpeg\" \/>\n<meta name=\"author\" content=\"ppdegaliciaredes\" \/>\n<meta name=\"twitter:card\" content=\"summary_large_image\" \/>\n<meta name=\"twitter:creator\" content=\"@ppdegalicia\" \/>\n<meta name=\"twitter:site\" content=\"@ppdegalicia\" \/>\n<meta name=\"twitter:label1\" content=\"Escrito por\" \/>\n\t<meta name=\"twitter:data1\" content=\"ppdegaliciaredes\" \/>\n\t<meta name=\"twitter:label2\" content=\"Tiempo de lectura\" \/>\n\t<meta name=\"twitter:data2\" content=\"4 minutos\" \/>\n<script type=\"application\/ld+json\" class=\"yoast-schema-graph\">{\"@context\":\"https:\\\/\\\/schema.org\",\"@graph\":[{\"@type\":\"Article\",\"@id\":\"https:\\\/\\\/ppdegalicia.com\\\/es\\\/mellorar-as-conexions-ferroviarias-o-pulo-ao-xacobeo-e-favorecer-a-mobilidade-laboral-centro-dos-acordos-entre-as-camaras-de-espana-e-portugal\\\/#article\",\"isPartOf\":{\"@id\":\"https:\\\/\\\/ppdegalicia.com\\\/es\\\/mellorar-as-conexions-ferroviarias-o-pulo-ao-xacobeo-e-favorecer-a-mobilidade-laboral-centro-dos-acordos-entre-as-camaras-de-espana-e-portugal\\\/\"},\"author\":{\"name\":\"ppdegaliciaredes\",\"@id\":\"https:\\\/\\\/ppdegalicia.com\\\/es\\\/#\\\/schema\\\/person\\\/5b822c6f59e872ebdd1142f307dbcb59\"},\"headline\":\"Mellorar as conexi\u00f3ns ferroviarias, o pulo ao Xacobeo e favorecer a mobilidade laboral, centro dos acordos entre as C\u00e1maras de Espa\u00f1a e Portugal\",\"datePublished\":\"2020-09-15T08:13:58+00:00\",\"mainEntityOfPage\":{\"@id\":\"https:\\\/\\\/ppdegalicia.com\\\/es\\\/mellorar-as-conexions-ferroviarias-o-pulo-ao-xacobeo-e-favorecer-a-mobilidade-laboral-centro-dos-acordos-entre-as-camaras-de-espana-e-portugal\\\/\"},\"wordCount\":752,\"commentCount\":0,\"publisher\":{\"@id\":\"https:\\\/\\\/ppdegalicia.com\\\/es\\\/#organization\"},\"image\":{\"@id\":\"https:\\\/\\\/ppdegalicia.com\\\/es\\\/mellorar-as-conexions-ferroviarias-o-pulo-ao-xacobeo-e-favorecer-a-mobilidade-laboral-centro-dos-acordos-entre-as-camaras-de-espana-e-portugal\\\/#primaryimage\"},\"thumbnailUrl\":\"https:\\\/\\\/ppdegalicia.com\\\/wp-content\\\/uploads\\\/2020\\\/09\\\/0b8cb179d05be7afdade5496eab553e2.jpg\",\"articleSection\":[\"PP de Galicia\"],\"inLanguage\":\"es\",\"potentialAction\":[{\"@type\":\"CommentAction\",\"name\":\"Comment\",\"target\":[\"https:\\\/\\\/ppdegalicia.com\\\/es\\\/mellorar-as-conexions-ferroviarias-o-pulo-ao-xacobeo-e-favorecer-a-mobilidade-laboral-centro-dos-acordos-entre-as-camaras-de-espana-e-portugal\\\/#respond\"]}]},{\"@type\":\"WebPage\",\"@id\":\"https:\\\/\\\/ppdegalicia.com\\\/es\\\/mellorar-as-conexions-ferroviarias-o-pulo-ao-xacobeo-e-favorecer-a-mobilidade-laboral-centro-dos-acordos-entre-as-camaras-de-espana-e-portugal\\\/\",\"url\":\"https:\\\/\\\/ppdegalicia.com\\\/es\\\/mellorar-as-conexions-ferroviarias-o-pulo-ao-xacobeo-e-favorecer-a-mobilidade-laboral-centro-dos-acordos-entre-as-camaras-de-espana-e-portugal\\\/\",\"name\":\"Mellorar as conexi\u00f3ns ferroviarias, o pulo ao Xacobeo e favorecer a mobilidade laboral, centro dos acordos entre as C\u00e1maras de Espa\u00f1a e Portugal - PP de Galicia\",\"isPartOf\":{\"@id\":\"https:\\\/\\\/ppdegalicia.com\\\/es\\\/#website\"},\"primaryImageOfPage\":{\"@id\":\"https:\\\/\\\/ppdegalicia.com\\\/es\\\/mellorar-as-conexions-ferroviarias-o-pulo-ao-xacobeo-e-favorecer-a-mobilidade-laboral-centro-dos-acordos-entre-as-camaras-de-espana-e-portugal\\\/#primaryimage\"},\"image\":{\"@id\":\"https:\\\/\\\/ppdegalicia.com\\\/es\\\/mellorar-as-conexions-ferroviarias-o-pulo-ao-xacobeo-e-favorecer-a-mobilidade-laboral-centro-dos-acordos-entre-as-camaras-de-espana-e-portugal\\\/#primaryimage\"},\"thumbnailUrl\":\"https:\\\/\\\/ppdegalicia.com\\\/wp-content\\\/uploads\\\/2020\\\/09\\\/0b8cb179d05be7afdade5496eab553e2.jpg\",\"datePublished\":\"2020-09-15T08:13:58+00:00\",\"breadcrumb\":{\"@id\":\"https:\\\/\\\/ppdegalicia.com\\\/es\\\/mellorar-as-conexions-ferroviarias-o-pulo-ao-xacobeo-e-favorecer-a-mobilidade-laboral-centro-dos-acordos-entre-as-camaras-de-espana-e-portugal\\\/#breadcrumb\"},\"inLanguage\":\"es\",\"potentialAction\":[{\"@type\":\"ReadAction\",\"target\":[\"https:\\\/\\\/ppdegalicia.com\\\/es\\\/mellorar-as-conexions-ferroviarias-o-pulo-ao-xacobeo-e-favorecer-a-mobilidade-laboral-centro-dos-acordos-entre-as-camaras-de-espana-e-portugal\\\/\"]}]},{\"@type\":\"ImageObject\",\"inLanguage\":\"es\",\"@id\":\"https:\\\/\\\/ppdegalicia.com\\\/es\\\/mellorar-as-conexions-ferroviarias-o-pulo-ao-xacobeo-e-favorecer-a-mobilidade-laboral-centro-dos-acordos-entre-as-camaras-de-espana-e-portugal\\\/#primaryimage\",\"url\":\"https:\\\/\\\/ppdegalicia.com\\\/wp-content\\\/uploads\\\/2020\\\/09\\\/0b8cb179d05be7afdade5496eab553e2.jpg\",\"contentUrl\":\"https:\\\/\\\/ppdegalicia.com\\\/wp-content\\\/uploads\\\/2020\\\/09\\\/0b8cb179d05be7afdade5496eab553e2.jpg\",\"width\":1600,\"height\":1200},{\"@type\":\"BreadcrumbList\",\"@id\":\"https:\\\/\\\/ppdegalicia.com\\\/es\\\/mellorar-as-conexions-ferroviarias-o-pulo-ao-xacobeo-e-favorecer-a-mobilidade-laboral-centro-dos-acordos-entre-as-camaras-de-espana-e-portugal\\\/#breadcrumb\",\"itemListElement\":[{\"@type\":\"ListItem\",\"position\":1,\"name\":\"Portada\",\"item\":\"https:\\\/\\\/ppdegalicia.com\\\/es\\\/\"},{\"@type\":\"ListItem\",\"position\":2,\"name\":\"Mellorar as conexi\u00f3ns ferroviarias, o pulo ao Xacobeo e favorecer a mobilidade laboral, centro dos acordos entre as C\u00e1maras de Espa\u00f1a e Portugal\"}]},{\"@type\":\"WebSite\",\"@id\":\"https:\\\/\\\/ppdegalicia.com\\\/es\\\/#website\",\"url\":\"https:\\\/\\\/ppdegalicia.com\\\/es\\\/\",\"name\":\"Partido Popular de Galicia\",\"description\":\"Partido Popular de Galicia\",\"publisher\":{\"@id\":\"https:\\\/\\\/ppdegalicia.com\\\/es\\\/#organization\"},\"alternateName\":\"PP de Galicia\",\"potentialAction\":[{\"@type\":\"SearchAction\",\"target\":{\"@type\":\"EntryPoint\",\"urlTemplate\":\"https:\\\/\\\/ppdegalicia.com\\\/es\\\/?s={search_term_string}\"},\"query-input\":{\"@type\":\"PropertyValueSpecification\",\"valueRequired\":true,\"valueName\":\"search_term_string\"}}],\"inLanguage\":\"es\"},{\"@type\":\"Organization\",\"@id\":\"https:\\\/\\\/ppdegalicia.com\\\/es\\\/#organization\",\"name\":\"Partido Popular de Galicia\",\"alternateName\":\"PP de Galicia\",\"url\":\"https:\\\/\\\/ppdegalicia.com\\\/es\\\/\",\"logo\":{\"@type\":\"ImageObject\",\"inLanguage\":\"es\",\"@id\":\"https:\\\/\\\/ppdegalicia.com\\\/es\\\/#\\\/schema\\\/logo\\\/image\\\/\",\"url\":\"https:\\\/\\\/ppdegalicia.com\\\/wp-content\\\/uploads\\\/2023\\\/04\\\/logoPP512.png\",\"contentUrl\":\"https:\\\/\\\/ppdegalicia.com\\\/wp-content\\\/uploads\\\/2023\\\/04\\\/logoPP512.png\",\"width\":512,\"height\":512,\"caption\":\"Partido Popular de Galicia\"},\"image\":{\"@id\":\"https:\\\/\\\/ppdegalicia.com\\\/es\\\/#\\\/schema\\\/logo\\\/image\\\/\"},\"sameAs\":[\"https:\\\/\\\/www.instagram.com\\\/ppdegalicia\\\/\",\"https:\\\/\\\/x.com\\\/ppdegalicia\",\"https:\\\/\\\/www.tiktok.com\\\/@ppdegalicia\",\"https:\\\/\\\/www.youtube.com\\\/user\\\/ppdegalicia\"]},{\"@type\":\"Person\",\"@id\":\"https:\\\/\\\/ppdegalicia.com\\\/es\\\/#\\\/schema\\\/person\\\/5b822c6f59e872ebdd1142f307dbcb59\",\"name\":\"ppdegaliciaredes\",\"image\":{\"@type\":\"ImageObject\",\"inLanguage\":\"es\",\"@id\":\"https:\\\/\\\/secure.gravatar.com\\\/avatar\\\/3c9179cf0256d00c72a48d1f25783c58b6842cd56e85ef3a572881c8e28ccd59?s=96&d=mm&r=g\",\"url\":\"https:\\\/\\\/secure.gravatar.com\\\/avatar\\\/3c9179cf0256d00c72a48d1f25783c58b6842cd56e85ef3a572881c8e28ccd59?s=96&d=mm&r=g\",\"contentUrl\":\"https:\\\/\\\/secure.gravatar.com\\\/avatar\\\/3c9179cf0256d00c72a48d1f25783c58b6842cd56e85ef3a572881c8e28ccd59?s=96&d=mm&r=g\",\"caption\":\"ppdegaliciaredes\"},\"url\":\"https:\\\/\\\/ppdegalicia.com\\\/es\\\/author\\\/ppdegaliciaredes\\\/\"}]}<\/script>\n<!-- \/ Yoast SEO plugin. -->","yoast_head_json":{"title":"Mellorar as conexi\u00f3ns ferroviarias, o pulo ao Xacobeo e favorecer a mobilidade laboral, centro dos acordos entre as C\u00e1maras de Espa\u00f1a e Portugal - PP de Galicia","robots":{"index":"index","follow":"follow","max-snippet":"max-snippet:-1","max-image-preview":"max-image-preview:large","max-video-preview":"max-video-preview:-1"},"canonical":"https:\/\/ppdegalicia.com\/es\/mellorar-as-conexions-ferroviarias-o-pulo-ao-xacobeo-e-favorecer-a-mobilidade-laboral-centro-dos-acordos-entre-as-camaras-de-espana-e-portugal\/","og_locale":"es_ES","og_type":"article","og_title":"Mellorar as conexi\u00f3ns ferroviarias, o pulo ao Xacobeo e favorecer a mobilidade laboral, centro dos acordos entre as C\u00e1maras de Espa\u00f1a e Portugal - PP de Galicia","og_description":"Os deputados galegos logran inclu\u00edr nas conclusi\u00f3ns do VIII Foro Parlamentario Hispano-Portugu\u00e9s temas de especial interese para a eurorrexi\u00f3n Galicia-Norte de Portugal. \u00a0","og_url":"https:\/\/ppdegalicia.com\/es\/mellorar-as-conexions-ferroviarias-o-pulo-ao-xacobeo-e-favorecer-a-mobilidade-laboral-centro-dos-acordos-entre-as-camaras-de-espana-e-portugal\/","og_site_name":"PP de Galicia","article_publisher":"https:\/\/www.instagram.com\/ppdegalicia\/","article_published_time":"2020-09-15T08:13:58+00:00","og_image":[{"width":1600,"height":1200,"url":"https:\/\/ppdegalicia.com\/wp-content\/uploads\/2020\/09\/0b8cb179d05be7afdade5496eab553e2.jpg","type":"image\/jpeg"}],"author":"ppdegaliciaredes","twitter_card":"summary_large_image","twitter_creator":"@ppdegalicia","twitter_site":"@ppdegalicia","twitter_misc":{"Escrito por":"ppdegaliciaredes","Tiempo de lectura":"4 minutos"},"schema":{"@context":"https:\/\/schema.org","@graph":[{"@type":"Article","@id":"https:\/\/ppdegalicia.com\/es\/mellorar-as-conexions-ferroviarias-o-pulo-ao-xacobeo-e-favorecer-a-mobilidade-laboral-centro-dos-acordos-entre-as-camaras-de-espana-e-portugal\/#article","isPartOf":{"@id":"https:\/\/ppdegalicia.com\/es\/mellorar-as-conexions-ferroviarias-o-pulo-ao-xacobeo-e-favorecer-a-mobilidade-laboral-centro-dos-acordos-entre-as-camaras-de-espana-e-portugal\/"},"author":{"name":"ppdegaliciaredes","@id":"https:\/\/ppdegalicia.com\/es\/#\/schema\/person\/5b822c6f59e872ebdd1142f307dbcb59"},"headline":"Mellorar as conexi\u00f3ns ferroviarias, o pulo ao Xacobeo e favorecer a mobilidade laboral, centro dos acordos entre as C\u00e1maras de Espa\u00f1a e Portugal","datePublished":"2020-09-15T08:13:58+00:00","mainEntityOfPage":{"@id":"https:\/\/ppdegalicia.com\/es\/mellorar-as-conexions-ferroviarias-o-pulo-ao-xacobeo-e-favorecer-a-mobilidade-laboral-centro-dos-acordos-entre-as-camaras-de-espana-e-portugal\/"},"wordCount":752,"commentCount":0,"publisher":{"@id":"https:\/\/ppdegalicia.com\/es\/#organization"},"image":{"@id":"https:\/\/ppdegalicia.com\/es\/mellorar-as-conexions-ferroviarias-o-pulo-ao-xacobeo-e-favorecer-a-mobilidade-laboral-centro-dos-acordos-entre-as-camaras-de-espana-e-portugal\/#primaryimage"},"thumbnailUrl":"https:\/\/ppdegalicia.com\/wp-content\/uploads\/2020\/09\/0b8cb179d05be7afdade5496eab553e2.jpg","articleSection":["PP de Galicia"],"inLanguage":"es","potentialAction":[{"@type":"CommentAction","name":"Comment","target":["https:\/\/ppdegalicia.com\/es\/mellorar-as-conexions-ferroviarias-o-pulo-ao-xacobeo-e-favorecer-a-mobilidade-laboral-centro-dos-acordos-entre-as-camaras-de-espana-e-portugal\/#respond"]}]},{"@type":"WebPage","@id":"https:\/\/ppdegalicia.com\/es\/mellorar-as-conexions-ferroviarias-o-pulo-ao-xacobeo-e-favorecer-a-mobilidade-laboral-centro-dos-acordos-entre-as-camaras-de-espana-e-portugal\/","url":"https:\/\/ppdegalicia.com\/es\/mellorar-as-conexions-ferroviarias-o-pulo-ao-xacobeo-e-favorecer-a-mobilidade-laboral-centro-dos-acordos-entre-as-camaras-de-espana-e-portugal\/","name":"Mellorar as conexi\u00f3ns ferroviarias, o pulo ao Xacobeo e favorecer a mobilidade laboral, centro dos acordos entre as C\u00e1maras de Espa\u00f1a e Portugal - PP de Galicia","isPartOf":{"@id":"https:\/\/ppdegalicia.com\/es\/#website"},"primaryImageOfPage":{"@id":"https:\/\/ppdegalicia.com\/es\/mellorar-as-conexions-ferroviarias-o-pulo-ao-xacobeo-e-favorecer-a-mobilidade-laboral-centro-dos-acordos-entre-as-camaras-de-espana-e-portugal\/#primaryimage"},"image":{"@id":"https:\/\/ppdegalicia.com\/es\/mellorar-as-conexions-ferroviarias-o-pulo-ao-xacobeo-e-favorecer-a-mobilidade-laboral-centro-dos-acordos-entre-as-camaras-de-espana-e-portugal\/#primaryimage"},"thumbnailUrl":"https:\/\/ppdegalicia.com\/wp-content\/uploads\/2020\/09\/0b8cb179d05be7afdade5496eab553e2.jpg","datePublished":"2020-09-15T08:13:58+00:00","breadcrumb":{"@id":"https:\/\/ppdegalicia.com\/es\/mellorar-as-conexions-ferroviarias-o-pulo-ao-xacobeo-e-favorecer-a-mobilidade-laboral-centro-dos-acordos-entre-as-camaras-de-espana-e-portugal\/#breadcrumb"},"inLanguage":"es","potentialAction":[{"@type":"ReadAction","target":["https:\/\/ppdegalicia.com\/es\/mellorar-as-conexions-ferroviarias-o-pulo-ao-xacobeo-e-favorecer-a-mobilidade-laboral-centro-dos-acordos-entre-as-camaras-de-espana-e-portugal\/"]}]},{"@type":"ImageObject","inLanguage":"es","@id":"https:\/\/ppdegalicia.com\/es\/mellorar-as-conexions-ferroviarias-o-pulo-ao-xacobeo-e-favorecer-a-mobilidade-laboral-centro-dos-acordos-entre-as-camaras-de-espana-e-portugal\/#primaryimage","url":"https:\/\/ppdegalicia.com\/wp-content\/uploads\/2020\/09\/0b8cb179d05be7afdade5496eab553e2.jpg","contentUrl":"https:\/\/ppdegalicia.com\/wp-content\/uploads\/2020\/09\/0b8cb179d05be7afdade5496eab553e2.jpg","width":1600,"height":1200},{"@type":"BreadcrumbList","@id":"https:\/\/ppdegalicia.com\/es\/mellorar-as-conexions-ferroviarias-o-pulo-ao-xacobeo-e-favorecer-a-mobilidade-laboral-centro-dos-acordos-entre-as-camaras-de-espana-e-portugal\/#breadcrumb","itemListElement":[{"@type":"ListItem","position":1,"name":"Portada","item":"https:\/\/ppdegalicia.com\/es\/"},{"@type":"ListItem","position":2,"name":"Mellorar as conexi\u00f3ns ferroviarias, o pulo ao Xacobeo e favorecer a mobilidade laboral, centro dos acordos entre as C\u00e1maras de Espa\u00f1a e Portugal"}]},{"@type":"WebSite","@id":"https:\/\/ppdegalicia.com\/es\/#website","url":"https:\/\/ppdegalicia.com\/es\/","name":"Partido Popular de Galicia","description":"Partido Popular de Galicia","publisher":{"@id":"https:\/\/ppdegalicia.com\/es\/#organization"},"alternateName":"PP de Galicia","potentialAction":[{"@type":"SearchAction","target":{"@type":"EntryPoint","urlTemplate":"https:\/\/ppdegalicia.com\/es\/?s={search_term_string}"},"query-input":{"@type":"PropertyValueSpecification","valueRequired":true,"valueName":"search_term_string"}}],"inLanguage":"es"},{"@type":"Organization","@id":"https:\/\/ppdegalicia.com\/es\/#organization","name":"Partido Popular de Galicia","alternateName":"PP de Galicia","url":"https:\/\/ppdegalicia.com\/es\/","logo":{"@type":"ImageObject","inLanguage":"es","@id":"https:\/\/ppdegalicia.com\/es\/#\/schema\/logo\/image\/","url":"https:\/\/ppdegalicia.com\/wp-content\/uploads\/2023\/04\/logoPP512.png","contentUrl":"https:\/\/ppdegalicia.com\/wp-content\/uploads\/2023\/04\/logoPP512.png","width":512,"height":512,"caption":"Partido Popular de Galicia"},"image":{"@id":"https:\/\/ppdegalicia.com\/es\/#\/schema\/logo\/image\/"},"sameAs":["https:\/\/www.instagram.com\/ppdegalicia\/","https:\/\/x.com\/ppdegalicia","https:\/\/www.tiktok.com\/@ppdegalicia","https:\/\/www.youtube.com\/user\/ppdegalicia"]},{"@type":"Person","@id":"https:\/\/ppdegalicia.com\/es\/#\/schema\/person\/5b822c6f59e872ebdd1142f307dbcb59","name":"ppdegaliciaredes","image":{"@type":"ImageObject","inLanguage":"es","@id":"https:\/\/secure.gravatar.com\/avatar\/3c9179cf0256d00c72a48d1f25783c58b6842cd56e85ef3a572881c8e28ccd59?s=96&d=mm&r=g","url":"https:\/\/secure.gravatar.com\/avatar\/3c9179cf0256d00c72a48d1f25783c58b6842cd56e85ef3a572881c8e28ccd59?s=96&d=mm&r=g","contentUrl":"https:\/\/secure.gravatar.com\/avatar\/3c9179cf0256d00c72a48d1f25783c58b6842cd56e85ef3a572881c8e28ccd59?s=96&d=mm&r=g","caption":"ppdegaliciaredes"},"url":"https:\/\/ppdegalicia.com\/es\/author\/ppdegaliciaredes\/"}]}},"_links":{"self":[{"href":"https:\/\/ppdegalicia.com\/es\/wp-json\/wp\/v2\/posts\/54616","targetHints":{"allow":["GET"]}}],"collection":[{"href":"https:\/\/ppdegalicia.com\/es\/wp-json\/wp\/v2\/posts"}],"about":[{"href":"https:\/\/ppdegalicia.com\/es\/wp-json\/wp\/v2\/types\/post"}],"author":[{"embeddable":true,"href":"https:\/\/ppdegalicia.com\/es\/wp-json\/wp\/v2\/users\/38"}],"replies":[{"embeddable":true,"href":"https:\/\/ppdegalicia.com\/es\/wp-json\/wp\/v2\/comments?post=54616"}],"version-history":[{"count":0,"href":"https:\/\/ppdegalicia.com\/es\/wp-json\/wp\/v2\/posts\/54616\/revisions"}],"wp:featuredmedia":[{"embeddable":true,"href":"https:\/\/ppdegalicia.com\/es\/wp-json\/wp\/v2\/media\/54615"}],"wp:attachment":[{"href":"https:\/\/ppdegalicia.com\/es\/wp-json\/wp\/v2\/media?parent=54616"}],"wp:term":[{"taxonomy":"category","embeddable":true,"href":"https:\/\/ppdegalicia.com\/es\/wp-json\/wp\/v2\/categories?post=54616"},{"taxonomy":"post_tag","embeddable":true,"href":"https:\/\/ppdegalicia.com\/es\/wp-json\/wp\/v2\/tags?post=54616"}],"curies":[{"name":"wp","href":"https:\/\/api.w.org\/{rel}","templated":true}]}}