{"id":54620,"date":"2020-09-16T09:44:49","date_gmt":"2020-09-16T07:44:49","guid":{"rendered":"https:\/\/ppdegalicia.com\/pregunta-sobre-medidas-da-xunta-de-apoio-ao-sector-do-comercio-e-autonomos-para-axudar-a-superar-a-crise-da-pandemia\/"},"modified":"2020-09-16T09:44:49","modified_gmt":"2020-09-16T07:44:49","slug":"pregunta-sobre-medidas-da-xunta-de-apoio-ao-sector-do-comercio-e-autonomos-para-axudar-a-superar-a-crise-da-pandemia","status":"publish","type":"post","link":"https:\/\/ppdegalicia.com\/es\/pregunta-sobre-medidas-da-xunta-de-apoio-ao-sector-do-comercio-e-autonomos-para-axudar-a-superar-a-crise-da-pandemia\/","title":{"rendered":"Pregunta sobre medidas da Xunta de apoio ao sector do comercio e aut\u00f3nomos para axudar a superar a crise da pandemia"},"content":{"rendered":"<p><img fetchpriority=\"high\" decoding=\"async\" class=\" size-full wp-image-54619\" src=\"https:\/\/ppdegalicia.com\/wp-content\/uploads\/2020\/09\/1e81e4bb01f3fbda395a3dd46b185b07.jpg\" alt=\"\" width=\"1920\" height=\"1656\" srcset=\"https:\/\/ppdegalicia.com\/wp-content\/uploads\/2020\/09\/1e81e4bb01f3fbda395a3dd46b185b07.jpg 1920w, https:\/\/ppdegalicia.com\/wp-content\/uploads\/2020\/09\/1e81e4bb01f3fbda395a3dd46b185b07-300x259.jpg 300w, https:\/\/ppdegalicia.com\/wp-content\/uploads\/2020\/09\/1e81e4bb01f3fbda395a3dd46b185b07-1024x883.jpg 1024w, https:\/\/ppdegalicia.com\/wp-content\/uploads\/2020\/09\/1e81e4bb01f3fbda395a3dd46b185b07-768x662.jpg 768w, https:\/\/ppdegalicia.com\/wp-content\/uploads\/2020\/09\/1e81e4bb01f3fbda395a3dd46b185b07-1536x1325.jpg 1536w\" sizes=\"(max-width: 1920px) 100vw, 1920px\" \/><\/p>\n<p>Pregunta sobre as medidas concretas que adoptou a Xunta de Galicia para axudar ao sector do comercio e aos aut\u00f3nomos a superar a crise derivada da penademia da covid-19<\/p>\n<p><!--more--><\/p>\n<p>\u00a0<\/p>\n<p>\u00a0<\/p>\n<p>\u00a0<\/p>\n<p>A pandemia da COVID-19 trouxo consigo unha recesi\u00f3n econ\u00f3mica a nivel mundial. O prolongado confinamento durante a vixencia do Estado de Alarma tivo un impacto econ\u00f3mico moi agudo especialmente para o sector do pequeno comercio e para os aut\u00f3nomos, que se viron obrigados a cesar moitas das s\u00faas actividades durante meses.<\/p>\n<p>O Goberno galego xestionou cunha notable anticipaci\u00f3n a situaci\u00f3n de emerxencia sanitaria en diversos eidos, o que permitiu poder concentrar parte dos esforzos desde as fases m\u00e1is agudas da pandemia na resposta econ\u00f3mica que se dar\u00eda nos meses seguintes desde os sectores m\u00e1is afectados.<\/p>\n<p>A administraci\u00f3n auton\u00f3mica leva meses traballando co principal obxectivo de garantir a sa\u00fade dos galegos e galegas, pero tam\u00e9n no desenvolvento das medidas de apoio necesarias para que o tecido empresarial poida facer fronte o mellor posible \u00e1 situaci\u00f3n actual.<\/p>\n<p>Deste xeito, pux\u00e9ronse en marcha li\u00f1as de actuaci\u00f3n en \u00e1mbitos diversos coma a transformaci\u00f3n dixital e a liquidez das empresas, as\u00ed coma a dotaci\u00f3n de fondos para o financiamento para proxectos de investimento levados a cabo polas empresas galegas que permitan a fabricaci\u00f3n de produtos relacionados coa pandemia.<\/p>\n<p>Desde o Grupo Popular somos conscientes de que durante a \u00faltima crise econ\u00f3mica os aut\u00f3nomos foran un dos colectivos m\u00e1is castigados e os esquecidos pola meirande parte das administraci\u00f3ns. Malia isto, o emprendemento e a capacidade de esforzo da cidadan\u00eda galega foron elementos clave nos anos de recuperaci\u00f3n e crecemento vividos durante o \u00faltimo lustro e de seguro que o volver\u00e1n ser na sa\u00edda da recesi\u00f3n que vivimos na actualidade.<\/p>\n<p>Por todo isto, os deputados asinantes formulan a seguinte pregunta oral en Comisi\u00f3n<\/p>\n<p>Que medidas concretas adoptou a Xunta de Galicia para axudar ao sector do comercio e aos aut\u00f3nomos a superar a crise derivada da pandemia da COVID-19?<\/p>\n<p>\u00a0<\/p>\n<p>Video Intervenci\u00f3n:\u00a0<a href=\"http:\/\/mediateca.parlamentodegalicia.es\/library\/items\/comision-industria-energia-comercio-turismo-2020-09-17?part=e2934e6a-aaad-4bfc-bff9-d8ed925f7aa9&amp;start=148\">http:\/\/mediateca.parlamentodegalicia.es\/library\/items\/comision-industria-energia-comercio-turismo-2020-09-17?part=e2934e6a-aaad-4bfc-bff9-d8ed925f7aa9&amp;start=148<\/a><\/p>\n<p>Rexistro Iniciativa:\u00a0<a href=\"http:\/\/www.es.parlamentodegalicia.es\/Expedientes\/11\/POC-000121\">http:\/\/www.es.parlamentodegalicia.es\/Expedientes\/11\/POC-000121<\/a><\/p>\n<p>\u00a0<\/p>\n","protected":false},"excerpt":{"rendered":"<p>Pregunta sobre as medidas concretas que adoptou a Xunta de Galicia para axudar ao sector do comercio e aos aut\u00f3nomos a superar a crise derivada da penademia da covid-19<\/p>\n","protected":false},"author":40,"featured_media":54619,"comment_status":"open","ping_status":"open","sticky":false,"template":"","format":"standard","meta":{"_acf_changed":false,"footnotes":""},"categories":[1128,1],"tags":[],"class_list":["post-54620","post","type-post","status-publish","format-standard","has-post-thumbnail","hentry","category-actualidad-parlamento-de-galicia","category-pp-de-galicia"],"acf":[],"yoast_head":"<!-- This site is optimized with the Yoast SEO plugin v27.3 - https:\/\/yoast.com\/product\/yoast-seo-wordpress\/ -->\n<title>Pregunta sobre medidas da Xunta de apoio ao sector do comercio e aut\u00f3nomos para axudar a superar a crise da pandemia - PP de Galicia<\/title>\n<meta name=\"robots\" content=\"index, follow, max-snippet:-1, max-image-preview:large, max-video-preview:-1\" \/>\n<link rel=\"canonical\" href=\"https:\/\/ppdegalicia.com\/es\/pregunta-sobre-medidas-da-xunta-de-apoio-ao-sector-do-comercio-e-autonomos-para-axudar-a-superar-a-crise-da-pandemia\/\" \/>\n<meta property=\"og:locale\" content=\"es_ES\" \/>\n<meta property=\"og:type\" content=\"article\" \/>\n<meta property=\"og:title\" content=\"Pregunta sobre medidas da Xunta de apoio ao sector do comercio e aut\u00f3nomos para axudar a superar a crise da pandemia - PP de Galicia\" \/>\n<meta property=\"og:description\" content=\"Pregunta sobre as medidas concretas que adoptou a Xunta de Galicia para axudar ao sector do comercio e aos aut\u00f3nomos a superar a crise derivada da penademia da covid-19\" \/>\n<meta property=\"og:url\" content=\"https:\/\/ppdegalicia.com\/es\/pregunta-sobre-medidas-da-xunta-de-apoio-ao-sector-do-comercio-e-autonomos-para-axudar-a-superar-a-crise-da-pandemia\/\" \/>\n<meta property=\"og:site_name\" content=\"PP de Galicia\" \/>\n<meta property=\"article:publisher\" content=\"https:\/\/www.instagram.com\/ppdegalicia\/\" \/>\n<meta property=\"article:published_time\" content=\"2020-09-16T07:44:49+00:00\" \/>\n<meta property=\"og:image\" content=\"https:\/\/ppdegalicia.com\/wp-content\/uploads\/2020\/09\/1e81e4bb01f3fbda395a3dd46b185b07.jpg\" \/>\n\t<meta property=\"og:image:width\" content=\"1920\" \/>\n\t<meta property=\"og:image:height\" content=\"1656\" \/>\n\t<meta property=\"og:image:type\" content=\"image\/jpeg\" \/>\n<meta name=\"author\" content=\"ppdegaliciaedtis\" \/>\n<meta name=\"twitter:card\" content=\"summary_large_image\" \/>\n<meta name=\"twitter:creator\" content=\"@ppdegalicia\" \/>\n<meta name=\"twitter:site\" content=\"@ppdegalicia\" \/>\n<meta name=\"twitter:label1\" content=\"Escrito por\" \/>\n\t<meta name=\"twitter:data1\" content=\"ppdegaliciaedtis\" \/>\n\t<meta name=\"twitter:label2\" content=\"Tiempo de lectura\" \/>\n\t<meta name=\"twitter:data2\" content=\"2 minutos\" \/>\n<script type=\"application\/ld+json\" class=\"yoast-schema-graph\">{\"@context\":\"https:\\\/\\\/schema.org\",\"@graph\":[{\"@type\":\"Article\",\"@id\":\"https:\\\/\\\/ppdegalicia.com\\\/es\\\/pregunta-sobre-medidas-da-xunta-de-apoio-ao-sector-do-comercio-e-autonomos-para-axudar-a-superar-a-crise-da-pandemia\\\/#article\",\"isPartOf\":{\"@id\":\"https:\\\/\\\/ppdegalicia.com\\\/es\\\/pregunta-sobre-medidas-da-xunta-de-apoio-ao-sector-do-comercio-e-autonomos-para-axudar-a-superar-a-crise-da-pandemia\\\/\"},\"author\":{\"name\":\"ppdegaliciaedtis\",\"@id\":\"https:\\\/\\\/ppdegalicia.com\\\/es\\\/#\\\/schema\\\/person\\\/bc9b46e59ebd34bf28611158c3867388\"},\"headline\":\"Pregunta sobre medidas da Xunta de apoio ao sector do comercio e aut\u00f3nomos para axudar a superar a crise da pandemia\",\"datePublished\":\"2020-09-16T07:44:49+00:00\",\"mainEntityOfPage\":{\"@id\":\"https:\\\/\\\/ppdegalicia.com\\\/es\\\/pregunta-sobre-medidas-da-xunta-de-apoio-ao-sector-do-comercio-e-autonomos-para-axudar-a-superar-a-crise-da-pandemia\\\/\"},\"wordCount\":408,\"commentCount\":0,\"publisher\":{\"@id\":\"https:\\\/\\\/ppdegalicia.com\\\/es\\\/#organization\"},\"image\":{\"@id\":\"https:\\\/\\\/ppdegalicia.com\\\/es\\\/pregunta-sobre-medidas-da-xunta-de-apoio-ao-sector-do-comercio-e-autonomos-para-axudar-a-superar-a-crise-da-pandemia\\\/#primaryimage\"},\"thumbnailUrl\":\"https:\\\/\\\/ppdegalicia.com\\\/wp-content\\\/uploads\\\/2020\\\/09\\\/1e81e4bb01f3fbda395a3dd46b185b07.jpg\",\"articleSection\":[\"Parlamento de Galicia\",\"PP de Galicia\"],\"inLanguage\":\"es\",\"potentialAction\":[{\"@type\":\"CommentAction\",\"name\":\"Comment\",\"target\":[\"https:\\\/\\\/ppdegalicia.com\\\/es\\\/pregunta-sobre-medidas-da-xunta-de-apoio-ao-sector-do-comercio-e-autonomos-para-axudar-a-superar-a-crise-da-pandemia\\\/#respond\"]}]},{\"@type\":\"WebPage\",\"@id\":\"https:\\\/\\\/ppdegalicia.com\\\/es\\\/pregunta-sobre-medidas-da-xunta-de-apoio-ao-sector-do-comercio-e-autonomos-para-axudar-a-superar-a-crise-da-pandemia\\\/\",\"url\":\"https:\\\/\\\/ppdegalicia.com\\\/es\\\/pregunta-sobre-medidas-da-xunta-de-apoio-ao-sector-do-comercio-e-autonomos-para-axudar-a-superar-a-crise-da-pandemia\\\/\",\"name\":\"Pregunta sobre medidas da Xunta de apoio ao sector do comercio e aut\u00f3nomos para axudar a superar a crise da pandemia - PP de Galicia\",\"isPartOf\":{\"@id\":\"https:\\\/\\\/ppdegalicia.com\\\/es\\\/#website\"},\"primaryImageOfPage\":{\"@id\":\"https:\\\/\\\/ppdegalicia.com\\\/es\\\/pregunta-sobre-medidas-da-xunta-de-apoio-ao-sector-do-comercio-e-autonomos-para-axudar-a-superar-a-crise-da-pandemia\\\/#primaryimage\"},\"image\":{\"@id\":\"https:\\\/\\\/ppdegalicia.com\\\/es\\\/pregunta-sobre-medidas-da-xunta-de-apoio-ao-sector-do-comercio-e-autonomos-para-axudar-a-superar-a-crise-da-pandemia\\\/#primaryimage\"},\"thumbnailUrl\":\"https:\\\/\\\/ppdegalicia.com\\\/wp-content\\\/uploads\\\/2020\\\/09\\\/1e81e4bb01f3fbda395a3dd46b185b07.jpg\",\"datePublished\":\"2020-09-16T07:44:49+00:00\",\"breadcrumb\":{\"@id\":\"https:\\\/\\\/ppdegalicia.com\\\/es\\\/pregunta-sobre-medidas-da-xunta-de-apoio-ao-sector-do-comercio-e-autonomos-para-axudar-a-superar-a-crise-da-pandemia\\\/#breadcrumb\"},\"inLanguage\":\"es\",\"potentialAction\":[{\"@type\":\"ReadAction\",\"target\":[\"https:\\\/\\\/ppdegalicia.com\\\/es\\\/pregunta-sobre-medidas-da-xunta-de-apoio-ao-sector-do-comercio-e-autonomos-para-axudar-a-superar-a-crise-da-pandemia\\\/\"]}]},{\"@type\":\"ImageObject\",\"inLanguage\":\"es\",\"@id\":\"https:\\\/\\\/ppdegalicia.com\\\/es\\\/pregunta-sobre-medidas-da-xunta-de-apoio-ao-sector-do-comercio-e-autonomos-para-axudar-a-superar-a-crise-da-pandemia\\\/#primaryimage\",\"url\":\"https:\\\/\\\/ppdegalicia.com\\\/wp-content\\\/uploads\\\/2020\\\/09\\\/1e81e4bb01f3fbda395a3dd46b185b07.jpg\",\"contentUrl\":\"https:\\\/\\\/ppdegalicia.com\\\/wp-content\\\/uploads\\\/2020\\\/09\\\/1e81e4bb01f3fbda395a3dd46b185b07.jpg\",\"width\":1920,\"height\":1656},{\"@type\":\"BreadcrumbList\",\"@id\":\"https:\\\/\\\/ppdegalicia.com\\\/es\\\/pregunta-sobre-medidas-da-xunta-de-apoio-ao-sector-do-comercio-e-autonomos-para-axudar-a-superar-a-crise-da-pandemia\\\/#breadcrumb\",\"itemListElement\":[{\"@type\":\"ListItem\",\"position\":1,\"name\":\"Portada\",\"item\":\"https:\\\/\\\/ppdegalicia.com\\\/es\\\/\"},{\"@type\":\"ListItem\",\"position\":2,\"name\":\"Pregunta sobre medidas da Xunta de apoio ao sector do comercio e aut\u00f3nomos para axudar a superar a crise da pandemia\"}]},{\"@type\":\"WebSite\",\"@id\":\"https:\\\/\\\/ppdegalicia.com\\\/es\\\/#website\",\"url\":\"https:\\\/\\\/ppdegalicia.com\\\/es\\\/\",\"name\":\"Partido Popular de Galicia\",\"description\":\"Partido Popular de Galicia\",\"publisher\":{\"@id\":\"https:\\\/\\\/ppdegalicia.com\\\/es\\\/#organization\"},\"alternateName\":\"PP de Galicia\",\"potentialAction\":[{\"@type\":\"SearchAction\",\"target\":{\"@type\":\"EntryPoint\",\"urlTemplate\":\"https:\\\/\\\/ppdegalicia.com\\\/es\\\/?s={search_term_string}\"},\"query-input\":{\"@type\":\"PropertyValueSpecification\",\"valueRequired\":true,\"valueName\":\"search_term_string\"}}],\"inLanguage\":\"es\"},{\"@type\":\"Organization\",\"@id\":\"https:\\\/\\\/ppdegalicia.com\\\/es\\\/#organization\",\"name\":\"Partido Popular de Galicia\",\"alternateName\":\"PP de Galicia\",\"url\":\"https:\\\/\\\/ppdegalicia.com\\\/es\\\/\",\"logo\":{\"@type\":\"ImageObject\",\"inLanguage\":\"es\",\"@id\":\"https:\\\/\\\/ppdegalicia.com\\\/es\\\/#\\\/schema\\\/logo\\\/image\\\/\",\"url\":\"https:\\\/\\\/ppdegalicia.com\\\/wp-content\\\/uploads\\\/2023\\\/04\\\/logoPP512.png\",\"contentUrl\":\"https:\\\/\\\/ppdegalicia.com\\\/wp-content\\\/uploads\\\/2023\\\/04\\\/logoPP512.png\",\"width\":512,\"height\":512,\"caption\":\"Partido Popular de Galicia\"},\"image\":{\"@id\":\"https:\\\/\\\/ppdegalicia.com\\\/es\\\/#\\\/schema\\\/logo\\\/image\\\/\"},\"sameAs\":[\"https:\\\/\\\/www.instagram.com\\\/ppdegalicia\\\/\",\"https:\\\/\\\/x.com\\\/ppdegalicia\",\"https:\\\/\\\/www.tiktok.com\\\/@ppdegalicia\",\"https:\\\/\\\/www.youtube.com\\\/user\\\/ppdegalicia\"]},{\"@type\":\"Person\",\"@id\":\"https:\\\/\\\/ppdegalicia.com\\\/es\\\/#\\\/schema\\\/person\\\/bc9b46e59ebd34bf28611158c3867388\",\"name\":\"ppdegaliciaedtis\",\"image\":{\"@type\":\"ImageObject\",\"inLanguage\":\"es\",\"@id\":\"https:\\\/\\\/secure.gravatar.com\\\/avatar\\\/f9f8cf6e03df54a1b0d04a6b4b8e8c6bd63c10a439752e84d87a5385aefe2ced?s=96&d=mm&r=g\",\"url\":\"https:\\\/\\\/secure.gravatar.com\\\/avatar\\\/f9f8cf6e03df54a1b0d04a6b4b8e8c6bd63c10a439752e84d87a5385aefe2ced?s=96&d=mm&r=g\",\"contentUrl\":\"https:\\\/\\\/secure.gravatar.com\\\/avatar\\\/f9f8cf6e03df54a1b0d04a6b4b8e8c6bd63c10a439752e84d87a5385aefe2ced?s=96&d=mm&r=g\",\"caption\":\"ppdegaliciaedtis\"},\"url\":\"https:\\\/\\\/ppdegalicia.com\\\/es\\\/author\\\/ppdegaliciaedits\\\/\"}]}<\/script>\n<!-- \/ Yoast SEO plugin. -->","yoast_head_json":{"title":"Pregunta sobre medidas da Xunta de apoio ao sector do comercio e aut\u00f3nomos para axudar a superar a crise da pandemia - PP de Galicia","robots":{"index":"index","follow":"follow","max-snippet":"max-snippet:-1","max-image-preview":"max-image-preview:large","max-video-preview":"max-video-preview:-1"},"canonical":"https:\/\/ppdegalicia.com\/es\/pregunta-sobre-medidas-da-xunta-de-apoio-ao-sector-do-comercio-e-autonomos-para-axudar-a-superar-a-crise-da-pandemia\/","og_locale":"es_ES","og_type":"article","og_title":"Pregunta sobre medidas da Xunta de apoio ao sector do comercio e aut\u00f3nomos para axudar a superar a crise da pandemia - PP de Galicia","og_description":"Pregunta sobre as medidas concretas que adoptou a Xunta de Galicia para axudar ao sector do comercio e aos aut\u00f3nomos a superar a crise derivada da penademia da covid-19","og_url":"https:\/\/ppdegalicia.com\/es\/pregunta-sobre-medidas-da-xunta-de-apoio-ao-sector-do-comercio-e-autonomos-para-axudar-a-superar-a-crise-da-pandemia\/","og_site_name":"PP de Galicia","article_publisher":"https:\/\/www.instagram.com\/ppdegalicia\/","article_published_time":"2020-09-16T07:44:49+00:00","og_image":[{"width":1920,"height":1656,"url":"https:\/\/ppdegalicia.com\/wp-content\/uploads\/2020\/09\/1e81e4bb01f3fbda395a3dd46b185b07.jpg","type":"image\/jpeg"}],"author":"ppdegaliciaedtis","twitter_card":"summary_large_image","twitter_creator":"@ppdegalicia","twitter_site":"@ppdegalicia","twitter_misc":{"Escrito por":"ppdegaliciaedtis","Tiempo de lectura":"2 minutos"},"schema":{"@context":"https:\/\/schema.org","@graph":[{"@type":"Article","@id":"https:\/\/ppdegalicia.com\/es\/pregunta-sobre-medidas-da-xunta-de-apoio-ao-sector-do-comercio-e-autonomos-para-axudar-a-superar-a-crise-da-pandemia\/#article","isPartOf":{"@id":"https:\/\/ppdegalicia.com\/es\/pregunta-sobre-medidas-da-xunta-de-apoio-ao-sector-do-comercio-e-autonomos-para-axudar-a-superar-a-crise-da-pandemia\/"},"author":{"name":"ppdegaliciaedtis","@id":"https:\/\/ppdegalicia.com\/es\/#\/schema\/person\/bc9b46e59ebd34bf28611158c3867388"},"headline":"Pregunta sobre medidas da Xunta de apoio ao sector do comercio e aut\u00f3nomos para axudar a superar a crise da pandemia","datePublished":"2020-09-16T07:44:49+00:00","mainEntityOfPage":{"@id":"https:\/\/ppdegalicia.com\/es\/pregunta-sobre-medidas-da-xunta-de-apoio-ao-sector-do-comercio-e-autonomos-para-axudar-a-superar-a-crise-da-pandemia\/"},"wordCount":408,"commentCount":0,"publisher":{"@id":"https:\/\/ppdegalicia.com\/es\/#organization"},"image":{"@id":"https:\/\/ppdegalicia.com\/es\/pregunta-sobre-medidas-da-xunta-de-apoio-ao-sector-do-comercio-e-autonomos-para-axudar-a-superar-a-crise-da-pandemia\/#primaryimage"},"thumbnailUrl":"https:\/\/ppdegalicia.com\/wp-content\/uploads\/2020\/09\/1e81e4bb01f3fbda395a3dd46b185b07.jpg","articleSection":["Parlamento de Galicia","PP de Galicia"],"inLanguage":"es","potentialAction":[{"@type":"CommentAction","name":"Comment","target":["https:\/\/ppdegalicia.com\/es\/pregunta-sobre-medidas-da-xunta-de-apoio-ao-sector-do-comercio-e-autonomos-para-axudar-a-superar-a-crise-da-pandemia\/#respond"]}]},{"@type":"WebPage","@id":"https:\/\/ppdegalicia.com\/es\/pregunta-sobre-medidas-da-xunta-de-apoio-ao-sector-do-comercio-e-autonomos-para-axudar-a-superar-a-crise-da-pandemia\/","url":"https:\/\/ppdegalicia.com\/es\/pregunta-sobre-medidas-da-xunta-de-apoio-ao-sector-do-comercio-e-autonomos-para-axudar-a-superar-a-crise-da-pandemia\/","name":"Pregunta sobre medidas da Xunta de apoio ao sector do comercio e aut\u00f3nomos para axudar a superar a crise da pandemia - PP de Galicia","isPartOf":{"@id":"https:\/\/ppdegalicia.com\/es\/#website"},"primaryImageOfPage":{"@id":"https:\/\/ppdegalicia.com\/es\/pregunta-sobre-medidas-da-xunta-de-apoio-ao-sector-do-comercio-e-autonomos-para-axudar-a-superar-a-crise-da-pandemia\/#primaryimage"},"image":{"@id":"https:\/\/ppdegalicia.com\/es\/pregunta-sobre-medidas-da-xunta-de-apoio-ao-sector-do-comercio-e-autonomos-para-axudar-a-superar-a-crise-da-pandemia\/#primaryimage"},"thumbnailUrl":"https:\/\/ppdegalicia.com\/wp-content\/uploads\/2020\/09\/1e81e4bb01f3fbda395a3dd46b185b07.jpg","datePublished":"2020-09-16T07:44:49+00:00","breadcrumb":{"@id":"https:\/\/ppdegalicia.com\/es\/pregunta-sobre-medidas-da-xunta-de-apoio-ao-sector-do-comercio-e-autonomos-para-axudar-a-superar-a-crise-da-pandemia\/#breadcrumb"},"inLanguage":"es","potentialAction":[{"@type":"ReadAction","target":["https:\/\/ppdegalicia.com\/es\/pregunta-sobre-medidas-da-xunta-de-apoio-ao-sector-do-comercio-e-autonomos-para-axudar-a-superar-a-crise-da-pandemia\/"]}]},{"@type":"ImageObject","inLanguage":"es","@id":"https:\/\/ppdegalicia.com\/es\/pregunta-sobre-medidas-da-xunta-de-apoio-ao-sector-do-comercio-e-autonomos-para-axudar-a-superar-a-crise-da-pandemia\/#primaryimage","url":"https:\/\/ppdegalicia.com\/wp-content\/uploads\/2020\/09\/1e81e4bb01f3fbda395a3dd46b185b07.jpg","contentUrl":"https:\/\/ppdegalicia.com\/wp-content\/uploads\/2020\/09\/1e81e4bb01f3fbda395a3dd46b185b07.jpg","width":1920,"height":1656},{"@type":"BreadcrumbList","@id":"https:\/\/ppdegalicia.com\/es\/pregunta-sobre-medidas-da-xunta-de-apoio-ao-sector-do-comercio-e-autonomos-para-axudar-a-superar-a-crise-da-pandemia\/#breadcrumb","itemListElement":[{"@type":"ListItem","position":1,"name":"Portada","item":"https:\/\/ppdegalicia.com\/es\/"},{"@type":"ListItem","position":2,"name":"Pregunta sobre medidas da Xunta de apoio ao sector do comercio e aut\u00f3nomos para axudar a superar a crise da pandemia"}]},{"@type":"WebSite","@id":"https:\/\/ppdegalicia.com\/es\/#website","url":"https:\/\/ppdegalicia.com\/es\/","name":"Partido Popular de Galicia","description":"Partido Popular de Galicia","publisher":{"@id":"https:\/\/ppdegalicia.com\/es\/#organization"},"alternateName":"PP de Galicia","potentialAction":[{"@type":"SearchAction","target":{"@type":"EntryPoint","urlTemplate":"https:\/\/ppdegalicia.com\/es\/?s={search_term_string}"},"query-input":{"@type":"PropertyValueSpecification","valueRequired":true,"valueName":"search_term_string"}}],"inLanguage":"es"},{"@type":"Organization","@id":"https:\/\/ppdegalicia.com\/es\/#organization","name":"Partido Popular de Galicia","alternateName":"PP de Galicia","url":"https:\/\/ppdegalicia.com\/es\/","logo":{"@type":"ImageObject","inLanguage":"es","@id":"https:\/\/ppdegalicia.com\/es\/#\/schema\/logo\/image\/","url":"https:\/\/ppdegalicia.com\/wp-content\/uploads\/2023\/04\/logoPP512.png","contentUrl":"https:\/\/ppdegalicia.com\/wp-content\/uploads\/2023\/04\/logoPP512.png","width":512,"height":512,"caption":"Partido Popular de Galicia"},"image":{"@id":"https:\/\/ppdegalicia.com\/es\/#\/schema\/logo\/image\/"},"sameAs":["https:\/\/www.instagram.com\/ppdegalicia\/","https:\/\/x.com\/ppdegalicia","https:\/\/www.tiktok.com\/@ppdegalicia","https:\/\/www.youtube.com\/user\/ppdegalicia"]},{"@type":"Person","@id":"https:\/\/ppdegalicia.com\/es\/#\/schema\/person\/bc9b46e59ebd34bf28611158c3867388","name":"ppdegaliciaedtis","image":{"@type":"ImageObject","inLanguage":"es","@id":"https:\/\/secure.gravatar.com\/avatar\/f9f8cf6e03df54a1b0d04a6b4b8e8c6bd63c10a439752e84d87a5385aefe2ced?s=96&d=mm&r=g","url":"https:\/\/secure.gravatar.com\/avatar\/f9f8cf6e03df54a1b0d04a6b4b8e8c6bd63c10a439752e84d87a5385aefe2ced?s=96&d=mm&r=g","contentUrl":"https:\/\/secure.gravatar.com\/avatar\/f9f8cf6e03df54a1b0d04a6b4b8e8c6bd63c10a439752e84d87a5385aefe2ced?s=96&d=mm&r=g","caption":"ppdegaliciaedtis"},"url":"https:\/\/ppdegalicia.com\/es\/author\/ppdegaliciaedits\/"}]}},"_links":{"self":[{"href":"https:\/\/ppdegalicia.com\/es\/wp-json\/wp\/v2\/posts\/54620","targetHints":{"allow":["GET"]}}],"collection":[{"href":"https:\/\/ppdegalicia.com\/es\/wp-json\/wp\/v2\/posts"}],"about":[{"href":"https:\/\/ppdegalicia.com\/es\/wp-json\/wp\/v2\/types\/post"}],"author":[{"embeddable":true,"href":"https:\/\/ppdegalicia.com\/es\/wp-json\/wp\/v2\/users\/40"}],"replies":[{"embeddable":true,"href":"https:\/\/ppdegalicia.com\/es\/wp-json\/wp\/v2\/comments?post=54620"}],"version-history":[{"count":0,"href":"https:\/\/ppdegalicia.com\/es\/wp-json\/wp\/v2\/posts\/54620\/revisions"}],"wp:featuredmedia":[{"embeddable":true,"href":"https:\/\/ppdegalicia.com\/es\/wp-json\/wp\/v2\/media\/54619"}],"wp:attachment":[{"href":"https:\/\/ppdegalicia.com\/es\/wp-json\/wp\/v2\/media?parent=54620"}],"wp:term":[{"taxonomy":"category","embeddable":true,"href":"https:\/\/ppdegalicia.com\/es\/wp-json\/wp\/v2\/categories?post=54620"},{"taxonomy":"post_tag","embeddable":true,"href":"https:\/\/ppdegalicia.com\/es\/wp-json\/wp\/v2\/tags?post=54620"}],"curies":[{"name":"wp","href":"https:\/\/api.w.org\/{rel}","templated":true}]}}