{"id":54728,"date":"2020-10-02T10:19:05","date_gmt":"2020-10-02T08:19:05","guid":{"rendered":"https:\/\/ppdegalicia.com\/o-parlamento-galego-demanda-ao-ministerio-de-pesca-estudos-exhaustivos-sobre-a-adopcion-de-medidas-de-proteccion-de-cetaceos\/"},"modified":"2020-10-02T10:19:05","modified_gmt":"2020-10-02T08:19:05","slug":"o-parlamento-galego-demanda-ao-ministerio-de-pesca-estudos-exhaustivos-sobre-a-adopcion-de-medidas-de-proteccion-de-cetaceos","status":"publish","type":"post","link":"https:\/\/ppdegalicia.com\/es\/o-parlamento-galego-demanda-ao-ministerio-de-pesca-estudos-exhaustivos-sobre-a-adopcion-de-medidas-de-proteccion-de-cetaceos\/","title":{"rendered":"O Parlamento galego demanda ao Ministerio de Pesca estudos exhaustivos sobre a adopci\u00f3n de medidas de protecci\u00f3n de cet\u00e1ceos"},"content":{"rendered":"<p><img fetchpriority=\"high\" decoding=\"async\" class=\" size-full wp-image-54727\" src=\"https:\/\/ppdegalicia.com\/wp-content\/uploads\/2020\/10\/4b88ed982c8560839411b24068b91abb.jpg\" alt=\"\" width=\"1900\" height=\"1162\" srcset=\"https:\/\/ppdegalicia.com\/wp-content\/uploads\/2020\/10\/4b88ed982c8560839411b24068b91abb.jpg 1900w, https:\/\/ppdegalicia.com\/wp-content\/uploads\/2020\/10\/4b88ed982c8560839411b24068b91abb-300x183.jpg 300w, https:\/\/ppdegalicia.com\/wp-content\/uploads\/2020\/10\/4b88ed982c8560839411b24068b91abb-1024x626.jpg 1024w, https:\/\/ppdegalicia.com\/wp-content\/uploads\/2020\/10\/4b88ed982c8560839411b24068b91abb-768x470.jpg 768w, https:\/\/ppdegalicia.com\/wp-content\/uploads\/2020\/10\/4b88ed982c8560839411b24068b91abb-1536x939.jpg 1536w\" sizes=\"(max-width: 1900px) 100vw, 1900px\" \/><\/p>\n<p><u><\/u> O Parlamento de Galicia aprobou hoxe a proposici\u00f3n non de lei do Grupo Popular a trav\u00e9s da que se pide ao Ministerio de Agricultura, Pesca e Alimentaci\u00f3n que se fagan estudos m\u00e1is exhaustivos sobre a necesidade de adopci\u00f3n de medidas de protecci\u00f3n dos cet\u00e1ceos, as\u00ed como a adopci\u00f3n de medidas desde un punto de vista de proporcionalidade para os posibles danos que cada arte de pesca pode orixinar na interactuaci\u00f3n con estas especies.<\/p>\n<p><!--more--><\/p>\n<p>\u00a0<\/p>\n<p>A deputada popular Teresa Egerique lembrou que \u201crecentemente co\u00f1ecemos que a Comisi\u00f3n Europea intentar\u00e1 protexer aos cet\u00e1ceos para que a pesca non dane accidentalmente a estes tipo de animais\u201d. As\u00ed, Espa\u00f1a, Francia e Suecia foron expedientadas pola Comisi\u00f3n Europea pola laxitude das s\u00faas acci\u00f3ns para evitar a morte de mam\u00edferos, cet\u00e1ceos e aves nas s\u00faas tarefas pesqueiras.<\/p>\n<p>\u00a0<\/p>\n<p>\u00a0<\/p>\n<p>Diante desta situaci\u00f3n, a conselleira do Mar amosou a s\u00faa preocupaci\u00f3n e remitiulle unha carta no mes de xu\u00f1o ao ministro de Pesca explicando que o nivel de selectividade do arrastre pel\u00e1xico, en termos de interacci\u00f3n e captura accidental de mam\u00edferos mari\u00f1os, \u00e9 moi superior a outras artes, polo que se entende que as actuaci\u00f3ns e normas deben tam\u00e9n ser diferentes.<\/p>\n<p>\u00a0<\/p>\n<p>\u00a0<\/p>\n<p>Ante a diferenciaci\u00f3n que se da no uso de artes e a s\u00faa afectaci\u00f3n para os mam\u00edferos, as\u00ed como ante posibles medidas de protecci\u00f3n dos mesmos, Teresa Egerique apuntou que \u201ca conselleira solicitoulle ao ministro que realizase xesti\u00f3ns ante o marco decisorio europeo, co obxectivo de que a normativa de captura accidental de mam\u00edferos e a de descartes atenda de forma espec\u00edfica a cada pesquer\u00eda\u201d.<\/p>\n<p>\u00a0<\/p>\n<p>\u00a0<\/p>\n<blockquote class=\"twitter-tweet\">\n<p dir=\"ltr\" lang=\"es\">?\u00c9 moi importante diferenciar e defender a forma de pescar dos galegos, que cumpren estrictamente as normas e non son tan agresivos coma outros, <a href=\"https:\/\/twitter.com\/temtem23?ref_src=twsrc%5Etfw\">@temtem23<\/a> defendeu hoxe no <a href=\"https:\/\/twitter.com\/Par_Gal?ref_src=twsrc%5Etfw\">@Par_Gal<\/a> adoptar medidas en relaci\u00f3n coa pesca accidental de cet\u00e1ceos <a href=\"https:\/\/twitter.com\/RosaQuintanaMar?ref_src=twsrc%5Etfw\">@RosaQuintanaMar<\/a> <a href=\"https:\/\/t.co\/itYz3rfhJ4\">pic.twitter.com\/itYz3rfhJ4<\/a><\/p>\n<p>\u2014 GrupoPopularGalicia (@GrupoPopularGal) <a href=\"https:\/\/twitter.com\/GrupoPopularGal\/status\/1311983202219761664?ref_src=twsrc%5Etfw\">October 2, 2020<\/a><\/p><\/blockquote>\n<p>\u00a0<\/p>\n<p>\u00a0<\/p>\n<p>\u201c\u00c9 moi importante diferenciar e defender a forma de pescar dos galegos, que compren estritamente as normas e non son tan agresivos como outros\u201d, subli\u00f1ou a deputada popular.<\/p>\n<p>\u00a0<\/p>\n<p>\u00a0<\/p>\n<p><strong><u>NORMATIVAS LINEAIS<\/u><\/strong><\/p>\n<p>\u00a0<\/p>\n<p>\u00a0<\/p>\n<p>En concreto, sinalou que \u201cqueremos evitar que a imposici\u00f3n de normativas lineais castigue a aquelas flotas que empregan artes selectivas e con nulo efecto pernicioso sobre os recursos e contorno mari\u00f1o, como pode ser a frota galega\u201d, polo que considerou que, \u201cao igual que se ten limitado de forma estrita outras pesquer\u00edas, coma o arrastre e enmalle de fondo, ser\u00eda necesario circunscribir estas normas sobre protecci\u00f3n de mam\u00edferos a aquelas artes realmente perniciosas\u201d.<\/p>\n<p>\u00a0<\/p>\n<p>\u00a0<\/p>\n<p>Teresa Egerique salientou que \u201ca Xunta adoptou medidas para paliar esta situaci\u00f3n e para iso convocou unha orde de axudas para dotar aos pesqueiros de tecnolox\u00eda e ferramentas para esquivar as capturas non desexadas de todos aqueles animais mari\u00f1os que non sexan especies obxectivo para a pesca, ou o que \u00e9 o mesmo, limitar o impacto da pesca no medio mari\u00f1o e adaptar a pesca \u00e1 protecci\u00f3n das especies\u201d.<\/p>\n<p>\u00a0<\/p>\n<p>\u00a0<\/p>\n<p>A Conseller\u00eda do mar destina a esta li\u00f1a de axudas un importe de 300.000 euros e a cont\u00eda da subvenci\u00f3n pode ser de ata o 50 por cento do investimento, no caso de que o beneficiario sexa unha pequena ou mediana empresa, e de ata o 30 por cento cando non se trate de pemes.<\/p>\n","protected":false},"excerpt":{"rendered":"<p>O Parlamento de Galicia aprobou hoxe a proposici\u00f3n non de lei do Grupo Popular a trav\u00e9s da que se pide ao Ministerio de Agricultura, Pesca e Alimentaci\u00f3n que se fagan estudos m\u00e1is exhaustivos sobre a necesidade de adopci\u00f3n de medidas de protecci\u00f3n dos cet\u00e1ceos, as\u00ed como a adopci\u00f3n de medidas desde un punto de vista [&hellip;]<\/p>\n","protected":false},"author":40,"featured_media":54727,"comment_status":"open","ping_status":"open","sticky":false,"template":"","format":"standard","meta":{"_acf_changed":false,"footnotes":""},"categories":[1],"tags":[],"class_list":["post-54728","post","type-post","status-publish","format-standard","has-post-thumbnail","hentry","category-pp-de-galicia"],"acf":[],"yoast_head":"<!-- This site is optimized with the Yoast SEO plugin v27.3 - https:\/\/yoast.com\/product\/yoast-seo-wordpress\/ -->\n<title>O Parlamento galego demanda ao Ministerio de Pesca estudos exhaustivos sobre a adopci\u00f3n de medidas de protecci\u00f3n de cet\u00e1ceos - PP de Galicia<\/title>\n<meta name=\"robots\" content=\"index, follow, max-snippet:-1, max-image-preview:large, max-video-preview:-1\" \/>\n<link rel=\"canonical\" href=\"https:\/\/ppdegalicia.com\/es\/o-parlamento-galego-demanda-ao-ministerio-de-pesca-estudos-exhaustivos-sobre-a-adopcion-de-medidas-de-proteccion-de-cetaceos\/\" \/>\n<meta property=\"og:locale\" content=\"es_ES\" \/>\n<meta property=\"og:type\" content=\"article\" \/>\n<meta property=\"og:title\" content=\"O Parlamento galego demanda ao Ministerio de Pesca estudos exhaustivos sobre a adopci\u00f3n de medidas de protecci\u00f3n de cet\u00e1ceos - PP de Galicia\" \/>\n<meta property=\"og:description\" content=\"O Parlamento de Galicia aprobou hoxe a proposici\u00f3n non de lei do Grupo Popular a trav\u00e9s da que se pide ao Ministerio de Agricultura, Pesca e Alimentaci\u00f3n que se fagan estudos m\u00e1is exhaustivos sobre a necesidade de adopci\u00f3n de medidas de protecci\u00f3n dos cet\u00e1ceos, as\u00ed como a adopci\u00f3n de medidas desde un punto de vista [&hellip;]\" \/>\n<meta property=\"og:url\" content=\"https:\/\/ppdegalicia.com\/es\/o-parlamento-galego-demanda-ao-ministerio-de-pesca-estudos-exhaustivos-sobre-a-adopcion-de-medidas-de-proteccion-de-cetaceos\/\" \/>\n<meta property=\"og:site_name\" content=\"PP de Galicia\" \/>\n<meta property=\"article:publisher\" content=\"https:\/\/www.instagram.com\/ppdegalicia\/\" \/>\n<meta property=\"article:published_time\" content=\"2020-10-02T08:19:05+00:00\" \/>\n<meta property=\"og:image\" content=\"https:\/\/ppdegalicia.com\/wp-content\/uploads\/2020\/10\/4b88ed982c8560839411b24068b91abb.jpg\" \/>\n\t<meta property=\"og:image:width\" content=\"1900\" \/>\n\t<meta property=\"og:image:height\" content=\"1162\" \/>\n\t<meta property=\"og:image:type\" content=\"image\/jpeg\" \/>\n<meta name=\"author\" content=\"ppdegaliciaedtis\" \/>\n<meta name=\"twitter:card\" content=\"summary_large_image\" \/>\n<meta name=\"twitter:creator\" content=\"@ppdegalicia\" \/>\n<meta name=\"twitter:site\" content=\"@ppdegalicia\" \/>\n<meta name=\"twitter:label1\" content=\"Escrito por\" \/>\n\t<meta name=\"twitter:data1\" content=\"ppdegaliciaedtis\" \/>\n\t<meta name=\"twitter:label2\" content=\"Tiempo de lectura\" \/>\n\t<meta name=\"twitter:data2\" content=\"3 minutos\" \/>\n<script type=\"application\/ld+json\" class=\"yoast-schema-graph\">{\"@context\":\"https:\\\/\\\/schema.org\",\"@graph\":[{\"@type\":\"Article\",\"@id\":\"https:\\\/\\\/ppdegalicia.com\\\/es\\\/o-parlamento-galego-demanda-ao-ministerio-de-pesca-estudos-exhaustivos-sobre-a-adopcion-de-medidas-de-proteccion-de-cetaceos\\\/#article\",\"isPartOf\":{\"@id\":\"https:\\\/\\\/ppdegalicia.com\\\/es\\\/o-parlamento-galego-demanda-ao-ministerio-de-pesca-estudos-exhaustivos-sobre-a-adopcion-de-medidas-de-proteccion-de-cetaceos\\\/\"},\"author\":{\"name\":\"ppdegaliciaedtis\",\"@id\":\"https:\\\/\\\/ppdegalicia.com\\\/es\\\/#\\\/schema\\\/person\\\/bc9b46e59ebd34bf28611158c3867388\"},\"headline\":\"O Parlamento galego demanda ao Ministerio de Pesca estudos exhaustivos sobre a adopci\u00f3n de medidas de protecci\u00f3n de cet\u00e1ceos\",\"datePublished\":\"2020-10-02T08:19:05+00:00\",\"mainEntityOfPage\":{\"@id\":\"https:\\\/\\\/ppdegalicia.com\\\/es\\\/o-parlamento-galego-demanda-ao-ministerio-de-pesca-estudos-exhaustivos-sobre-a-adopcion-de-medidas-de-proteccion-de-cetaceos\\\/\"},\"wordCount\":601,\"commentCount\":0,\"publisher\":{\"@id\":\"https:\\\/\\\/ppdegalicia.com\\\/es\\\/#organization\"},\"image\":{\"@id\":\"https:\\\/\\\/ppdegalicia.com\\\/es\\\/o-parlamento-galego-demanda-ao-ministerio-de-pesca-estudos-exhaustivos-sobre-a-adopcion-de-medidas-de-proteccion-de-cetaceos\\\/#primaryimage\"},\"thumbnailUrl\":\"https:\\\/\\\/ppdegalicia.com\\\/wp-content\\\/uploads\\\/2020\\\/10\\\/4b88ed982c8560839411b24068b91abb.jpg\",\"articleSection\":[\"PP de Galicia\"],\"inLanguage\":\"es\",\"potentialAction\":[{\"@type\":\"CommentAction\",\"name\":\"Comment\",\"target\":[\"https:\\\/\\\/ppdegalicia.com\\\/es\\\/o-parlamento-galego-demanda-ao-ministerio-de-pesca-estudos-exhaustivos-sobre-a-adopcion-de-medidas-de-proteccion-de-cetaceos\\\/#respond\"]}]},{\"@type\":\"WebPage\",\"@id\":\"https:\\\/\\\/ppdegalicia.com\\\/es\\\/o-parlamento-galego-demanda-ao-ministerio-de-pesca-estudos-exhaustivos-sobre-a-adopcion-de-medidas-de-proteccion-de-cetaceos\\\/\",\"url\":\"https:\\\/\\\/ppdegalicia.com\\\/es\\\/o-parlamento-galego-demanda-ao-ministerio-de-pesca-estudos-exhaustivos-sobre-a-adopcion-de-medidas-de-proteccion-de-cetaceos\\\/\",\"name\":\"O Parlamento galego demanda ao Ministerio de Pesca estudos exhaustivos sobre a adopci\u00f3n de medidas de protecci\u00f3n de cet\u00e1ceos - PP de Galicia\",\"isPartOf\":{\"@id\":\"https:\\\/\\\/ppdegalicia.com\\\/es\\\/#website\"},\"primaryImageOfPage\":{\"@id\":\"https:\\\/\\\/ppdegalicia.com\\\/es\\\/o-parlamento-galego-demanda-ao-ministerio-de-pesca-estudos-exhaustivos-sobre-a-adopcion-de-medidas-de-proteccion-de-cetaceos\\\/#primaryimage\"},\"image\":{\"@id\":\"https:\\\/\\\/ppdegalicia.com\\\/es\\\/o-parlamento-galego-demanda-ao-ministerio-de-pesca-estudos-exhaustivos-sobre-a-adopcion-de-medidas-de-proteccion-de-cetaceos\\\/#primaryimage\"},\"thumbnailUrl\":\"https:\\\/\\\/ppdegalicia.com\\\/wp-content\\\/uploads\\\/2020\\\/10\\\/4b88ed982c8560839411b24068b91abb.jpg\",\"datePublished\":\"2020-10-02T08:19:05+00:00\",\"breadcrumb\":{\"@id\":\"https:\\\/\\\/ppdegalicia.com\\\/es\\\/o-parlamento-galego-demanda-ao-ministerio-de-pesca-estudos-exhaustivos-sobre-a-adopcion-de-medidas-de-proteccion-de-cetaceos\\\/#breadcrumb\"},\"inLanguage\":\"es\",\"potentialAction\":[{\"@type\":\"ReadAction\",\"target\":[\"https:\\\/\\\/ppdegalicia.com\\\/es\\\/o-parlamento-galego-demanda-ao-ministerio-de-pesca-estudos-exhaustivos-sobre-a-adopcion-de-medidas-de-proteccion-de-cetaceos\\\/\"]}]},{\"@type\":\"ImageObject\",\"inLanguage\":\"es\",\"@id\":\"https:\\\/\\\/ppdegalicia.com\\\/es\\\/o-parlamento-galego-demanda-ao-ministerio-de-pesca-estudos-exhaustivos-sobre-a-adopcion-de-medidas-de-proteccion-de-cetaceos\\\/#primaryimage\",\"url\":\"https:\\\/\\\/ppdegalicia.com\\\/wp-content\\\/uploads\\\/2020\\\/10\\\/4b88ed982c8560839411b24068b91abb.jpg\",\"contentUrl\":\"https:\\\/\\\/ppdegalicia.com\\\/wp-content\\\/uploads\\\/2020\\\/10\\\/4b88ed982c8560839411b24068b91abb.jpg\",\"width\":1900,\"height\":1162},{\"@type\":\"BreadcrumbList\",\"@id\":\"https:\\\/\\\/ppdegalicia.com\\\/es\\\/o-parlamento-galego-demanda-ao-ministerio-de-pesca-estudos-exhaustivos-sobre-a-adopcion-de-medidas-de-proteccion-de-cetaceos\\\/#breadcrumb\",\"itemListElement\":[{\"@type\":\"ListItem\",\"position\":1,\"name\":\"Portada\",\"item\":\"https:\\\/\\\/ppdegalicia.com\\\/es\\\/\"},{\"@type\":\"ListItem\",\"position\":2,\"name\":\"O Parlamento galego demanda ao Ministerio de Pesca estudos exhaustivos sobre a adopci\u00f3n de medidas de protecci\u00f3n de cet\u00e1ceos\"}]},{\"@type\":\"WebSite\",\"@id\":\"https:\\\/\\\/ppdegalicia.com\\\/es\\\/#website\",\"url\":\"https:\\\/\\\/ppdegalicia.com\\\/es\\\/\",\"name\":\"Partido Popular de Galicia\",\"description\":\"Partido Popular de Galicia\",\"publisher\":{\"@id\":\"https:\\\/\\\/ppdegalicia.com\\\/es\\\/#organization\"},\"alternateName\":\"PP de Galicia\",\"potentialAction\":[{\"@type\":\"SearchAction\",\"target\":{\"@type\":\"EntryPoint\",\"urlTemplate\":\"https:\\\/\\\/ppdegalicia.com\\\/es\\\/?s={search_term_string}\"},\"query-input\":{\"@type\":\"PropertyValueSpecification\",\"valueRequired\":true,\"valueName\":\"search_term_string\"}}],\"inLanguage\":\"es\"},{\"@type\":\"Organization\",\"@id\":\"https:\\\/\\\/ppdegalicia.com\\\/es\\\/#organization\",\"name\":\"Partido Popular de Galicia\",\"alternateName\":\"PP de Galicia\",\"url\":\"https:\\\/\\\/ppdegalicia.com\\\/es\\\/\",\"logo\":{\"@type\":\"ImageObject\",\"inLanguage\":\"es\",\"@id\":\"https:\\\/\\\/ppdegalicia.com\\\/es\\\/#\\\/schema\\\/logo\\\/image\\\/\",\"url\":\"https:\\\/\\\/ppdegalicia.com\\\/wp-content\\\/uploads\\\/2023\\\/04\\\/logoPP512.png\",\"contentUrl\":\"https:\\\/\\\/ppdegalicia.com\\\/wp-content\\\/uploads\\\/2023\\\/04\\\/logoPP512.png\",\"width\":512,\"height\":512,\"caption\":\"Partido Popular de Galicia\"},\"image\":{\"@id\":\"https:\\\/\\\/ppdegalicia.com\\\/es\\\/#\\\/schema\\\/logo\\\/image\\\/\"},\"sameAs\":[\"https:\\\/\\\/www.instagram.com\\\/ppdegalicia\\\/\",\"https:\\\/\\\/x.com\\\/ppdegalicia\",\"https:\\\/\\\/www.tiktok.com\\\/@ppdegalicia\",\"https:\\\/\\\/www.youtube.com\\\/user\\\/ppdegalicia\"]},{\"@type\":\"Person\",\"@id\":\"https:\\\/\\\/ppdegalicia.com\\\/es\\\/#\\\/schema\\\/person\\\/bc9b46e59ebd34bf28611158c3867388\",\"name\":\"ppdegaliciaedtis\",\"image\":{\"@type\":\"ImageObject\",\"inLanguage\":\"es\",\"@id\":\"https:\\\/\\\/secure.gravatar.com\\\/avatar\\\/f9f8cf6e03df54a1b0d04a6b4b8e8c6bd63c10a439752e84d87a5385aefe2ced?s=96&d=mm&r=g\",\"url\":\"https:\\\/\\\/secure.gravatar.com\\\/avatar\\\/f9f8cf6e03df54a1b0d04a6b4b8e8c6bd63c10a439752e84d87a5385aefe2ced?s=96&d=mm&r=g\",\"contentUrl\":\"https:\\\/\\\/secure.gravatar.com\\\/avatar\\\/f9f8cf6e03df54a1b0d04a6b4b8e8c6bd63c10a439752e84d87a5385aefe2ced?s=96&d=mm&r=g\",\"caption\":\"ppdegaliciaedtis\"},\"url\":\"https:\\\/\\\/ppdegalicia.com\\\/es\\\/author\\\/ppdegaliciaedits\\\/\"}]}<\/script>\n<!-- \/ Yoast SEO plugin. -->","yoast_head_json":{"title":"O Parlamento galego demanda ao Ministerio de Pesca estudos exhaustivos sobre a adopci\u00f3n de medidas de protecci\u00f3n de cet\u00e1ceos - PP de Galicia","robots":{"index":"index","follow":"follow","max-snippet":"max-snippet:-1","max-image-preview":"max-image-preview:large","max-video-preview":"max-video-preview:-1"},"canonical":"https:\/\/ppdegalicia.com\/es\/o-parlamento-galego-demanda-ao-ministerio-de-pesca-estudos-exhaustivos-sobre-a-adopcion-de-medidas-de-proteccion-de-cetaceos\/","og_locale":"es_ES","og_type":"article","og_title":"O Parlamento galego demanda ao Ministerio de Pesca estudos exhaustivos sobre a adopci\u00f3n de medidas de protecci\u00f3n de cet\u00e1ceos - PP de Galicia","og_description":"O Parlamento de Galicia aprobou hoxe a proposici\u00f3n non de lei do Grupo Popular a trav\u00e9s da que se pide ao Ministerio de Agricultura, Pesca e Alimentaci\u00f3n que se fagan estudos m\u00e1is exhaustivos sobre a necesidade de adopci\u00f3n de medidas de protecci\u00f3n dos cet\u00e1ceos, as\u00ed como a adopci\u00f3n de medidas desde un punto de vista [&hellip;]","og_url":"https:\/\/ppdegalicia.com\/es\/o-parlamento-galego-demanda-ao-ministerio-de-pesca-estudos-exhaustivos-sobre-a-adopcion-de-medidas-de-proteccion-de-cetaceos\/","og_site_name":"PP de Galicia","article_publisher":"https:\/\/www.instagram.com\/ppdegalicia\/","article_published_time":"2020-10-02T08:19:05+00:00","og_image":[{"width":1900,"height":1162,"url":"https:\/\/ppdegalicia.com\/wp-content\/uploads\/2020\/10\/4b88ed982c8560839411b24068b91abb.jpg","type":"image\/jpeg"}],"author":"ppdegaliciaedtis","twitter_card":"summary_large_image","twitter_creator":"@ppdegalicia","twitter_site":"@ppdegalicia","twitter_misc":{"Escrito por":"ppdegaliciaedtis","Tiempo de lectura":"3 minutos"},"schema":{"@context":"https:\/\/schema.org","@graph":[{"@type":"Article","@id":"https:\/\/ppdegalicia.com\/es\/o-parlamento-galego-demanda-ao-ministerio-de-pesca-estudos-exhaustivos-sobre-a-adopcion-de-medidas-de-proteccion-de-cetaceos\/#article","isPartOf":{"@id":"https:\/\/ppdegalicia.com\/es\/o-parlamento-galego-demanda-ao-ministerio-de-pesca-estudos-exhaustivos-sobre-a-adopcion-de-medidas-de-proteccion-de-cetaceos\/"},"author":{"name":"ppdegaliciaedtis","@id":"https:\/\/ppdegalicia.com\/es\/#\/schema\/person\/bc9b46e59ebd34bf28611158c3867388"},"headline":"O Parlamento galego demanda ao Ministerio de Pesca estudos exhaustivos sobre a adopci\u00f3n de medidas de protecci\u00f3n de cet\u00e1ceos","datePublished":"2020-10-02T08:19:05+00:00","mainEntityOfPage":{"@id":"https:\/\/ppdegalicia.com\/es\/o-parlamento-galego-demanda-ao-ministerio-de-pesca-estudos-exhaustivos-sobre-a-adopcion-de-medidas-de-proteccion-de-cetaceos\/"},"wordCount":601,"commentCount":0,"publisher":{"@id":"https:\/\/ppdegalicia.com\/es\/#organization"},"image":{"@id":"https:\/\/ppdegalicia.com\/es\/o-parlamento-galego-demanda-ao-ministerio-de-pesca-estudos-exhaustivos-sobre-a-adopcion-de-medidas-de-proteccion-de-cetaceos\/#primaryimage"},"thumbnailUrl":"https:\/\/ppdegalicia.com\/wp-content\/uploads\/2020\/10\/4b88ed982c8560839411b24068b91abb.jpg","articleSection":["PP de Galicia"],"inLanguage":"es","potentialAction":[{"@type":"CommentAction","name":"Comment","target":["https:\/\/ppdegalicia.com\/es\/o-parlamento-galego-demanda-ao-ministerio-de-pesca-estudos-exhaustivos-sobre-a-adopcion-de-medidas-de-proteccion-de-cetaceos\/#respond"]}]},{"@type":"WebPage","@id":"https:\/\/ppdegalicia.com\/es\/o-parlamento-galego-demanda-ao-ministerio-de-pesca-estudos-exhaustivos-sobre-a-adopcion-de-medidas-de-proteccion-de-cetaceos\/","url":"https:\/\/ppdegalicia.com\/es\/o-parlamento-galego-demanda-ao-ministerio-de-pesca-estudos-exhaustivos-sobre-a-adopcion-de-medidas-de-proteccion-de-cetaceos\/","name":"O Parlamento galego demanda ao Ministerio de Pesca estudos exhaustivos sobre a adopci\u00f3n de medidas de protecci\u00f3n de cet\u00e1ceos - PP de Galicia","isPartOf":{"@id":"https:\/\/ppdegalicia.com\/es\/#website"},"primaryImageOfPage":{"@id":"https:\/\/ppdegalicia.com\/es\/o-parlamento-galego-demanda-ao-ministerio-de-pesca-estudos-exhaustivos-sobre-a-adopcion-de-medidas-de-proteccion-de-cetaceos\/#primaryimage"},"image":{"@id":"https:\/\/ppdegalicia.com\/es\/o-parlamento-galego-demanda-ao-ministerio-de-pesca-estudos-exhaustivos-sobre-a-adopcion-de-medidas-de-proteccion-de-cetaceos\/#primaryimage"},"thumbnailUrl":"https:\/\/ppdegalicia.com\/wp-content\/uploads\/2020\/10\/4b88ed982c8560839411b24068b91abb.jpg","datePublished":"2020-10-02T08:19:05+00:00","breadcrumb":{"@id":"https:\/\/ppdegalicia.com\/es\/o-parlamento-galego-demanda-ao-ministerio-de-pesca-estudos-exhaustivos-sobre-a-adopcion-de-medidas-de-proteccion-de-cetaceos\/#breadcrumb"},"inLanguage":"es","potentialAction":[{"@type":"ReadAction","target":["https:\/\/ppdegalicia.com\/es\/o-parlamento-galego-demanda-ao-ministerio-de-pesca-estudos-exhaustivos-sobre-a-adopcion-de-medidas-de-proteccion-de-cetaceos\/"]}]},{"@type":"ImageObject","inLanguage":"es","@id":"https:\/\/ppdegalicia.com\/es\/o-parlamento-galego-demanda-ao-ministerio-de-pesca-estudos-exhaustivos-sobre-a-adopcion-de-medidas-de-proteccion-de-cetaceos\/#primaryimage","url":"https:\/\/ppdegalicia.com\/wp-content\/uploads\/2020\/10\/4b88ed982c8560839411b24068b91abb.jpg","contentUrl":"https:\/\/ppdegalicia.com\/wp-content\/uploads\/2020\/10\/4b88ed982c8560839411b24068b91abb.jpg","width":1900,"height":1162},{"@type":"BreadcrumbList","@id":"https:\/\/ppdegalicia.com\/es\/o-parlamento-galego-demanda-ao-ministerio-de-pesca-estudos-exhaustivos-sobre-a-adopcion-de-medidas-de-proteccion-de-cetaceos\/#breadcrumb","itemListElement":[{"@type":"ListItem","position":1,"name":"Portada","item":"https:\/\/ppdegalicia.com\/es\/"},{"@type":"ListItem","position":2,"name":"O Parlamento galego demanda ao Ministerio de Pesca estudos exhaustivos sobre a adopci\u00f3n de medidas de protecci\u00f3n de cet\u00e1ceos"}]},{"@type":"WebSite","@id":"https:\/\/ppdegalicia.com\/es\/#website","url":"https:\/\/ppdegalicia.com\/es\/","name":"Partido Popular de Galicia","description":"Partido Popular de Galicia","publisher":{"@id":"https:\/\/ppdegalicia.com\/es\/#organization"},"alternateName":"PP de Galicia","potentialAction":[{"@type":"SearchAction","target":{"@type":"EntryPoint","urlTemplate":"https:\/\/ppdegalicia.com\/es\/?s={search_term_string}"},"query-input":{"@type":"PropertyValueSpecification","valueRequired":true,"valueName":"search_term_string"}}],"inLanguage":"es"},{"@type":"Organization","@id":"https:\/\/ppdegalicia.com\/es\/#organization","name":"Partido Popular de Galicia","alternateName":"PP de Galicia","url":"https:\/\/ppdegalicia.com\/es\/","logo":{"@type":"ImageObject","inLanguage":"es","@id":"https:\/\/ppdegalicia.com\/es\/#\/schema\/logo\/image\/","url":"https:\/\/ppdegalicia.com\/wp-content\/uploads\/2023\/04\/logoPP512.png","contentUrl":"https:\/\/ppdegalicia.com\/wp-content\/uploads\/2023\/04\/logoPP512.png","width":512,"height":512,"caption":"Partido Popular de Galicia"},"image":{"@id":"https:\/\/ppdegalicia.com\/es\/#\/schema\/logo\/image\/"},"sameAs":["https:\/\/www.instagram.com\/ppdegalicia\/","https:\/\/x.com\/ppdegalicia","https:\/\/www.tiktok.com\/@ppdegalicia","https:\/\/www.youtube.com\/user\/ppdegalicia"]},{"@type":"Person","@id":"https:\/\/ppdegalicia.com\/es\/#\/schema\/person\/bc9b46e59ebd34bf28611158c3867388","name":"ppdegaliciaedtis","image":{"@type":"ImageObject","inLanguage":"es","@id":"https:\/\/secure.gravatar.com\/avatar\/f9f8cf6e03df54a1b0d04a6b4b8e8c6bd63c10a439752e84d87a5385aefe2ced?s=96&d=mm&r=g","url":"https:\/\/secure.gravatar.com\/avatar\/f9f8cf6e03df54a1b0d04a6b4b8e8c6bd63c10a439752e84d87a5385aefe2ced?s=96&d=mm&r=g","contentUrl":"https:\/\/secure.gravatar.com\/avatar\/f9f8cf6e03df54a1b0d04a6b4b8e8c6bd63c10a439752e84d87a5385aefe2ced?s=96&d=mm&r=g","caption":"ppdegaliciaedtis"},"url":"https:\/\/ppdegalicia.com\/es\/author\/ppdegaliciaedits\/"}]}},"_links":{"self":[{"href":"https:\/\/ppdegalicia.com\/es\/wp-json\/wp\/v2\/posts\/54728","targetHints":{"allow":["GET"]}}],"collection":[{"href":"https:\/\/ppdegalicia.com\/es\/wp-json\/wp\/v2\/posts"}],"about":[{"href":"https:\/\/ppdegalicia.com\/es\/wp-json\/wp\/v2\/types\/post"}],"author":[{"embeddable":true,"href":"https:\/\/ppdegalicia.com\/es\/wp-json\/wp\/v2\/users\/40"}],"replies":[{"embeddable":true,"href":"https:\/\/ppdegalicia.com\/es\/wp-json\/wp\/v2\/comments?post=54728"}],"version-history":[{"count":0,"href":"https:\/\/ppdegalicia.com\/es\/wp-json\/wp\/v2\/posts\/54728\/revisions"}],"wp:featuredmedia":[{"embeddable":true,"href":"https:\/\/ppdegalicia.com\/es\/wp-json\/wp\/v2\/media\/54727"}],"wp:attachment":[{"href":"https:\/\/ppdegalicia.com\/es\/wp-json\/wp\/v2\/media?parent=54728"}],"wp:term":[{"taxonomy":"category","embeddable":true,"href":"https:\/\/ppdegalicia.com\/es\/wp-json\/wp\/v2\/categories?post=54728"},{"taxonomy":"post_tag","embeddable":true,"href":"https:\/\/ppdegalicia.com\/es\/wp-json\/wp\/v2\/tags?post=54728"}],"curies":[{"name":"wp","href":"https:\/\/api.w.org\/{rel}","templated":true}]}}