{"id":54734,"date":"2020-10-02T12:07:01","date_gmt":"2020-10-02T10:07:01","guid":{"rendered":"https:\/\/ppdegalicia.com\/pregunta-sobre-os-proxectos-de-aldea-modelo-en-marcha-en-galicia\/"},"modified":"2020-10-02T12:07:01","modified_gmt":"2020-10-02T10:07:01","slug":"pregunta-sobre-os-proxectos-de-aldea-modelo-en-marcha-en-galicia","status":"publish","type":"post","link":"https:\/\/ppdegalicia.com\/es\/pregunta-sobre-os-proxectos-de-aldea-modelo-en-marcha-en-galicia\/","title":{"rendered":"Pregunta sobre os proxectos de aldea modelo en marcha en Galicia"},"content":{"rendered":"<p><img fetchpriority=\"high\" decoding=\"async\" class=\" size-full wp-image-54733\" src=\"https:\/\/ppdegalicia.com\/wp-content\/uploads\/2020\/10\/2c657423cf87cc677c9986ceb9cdc574-scaled.jpg\" alt=\"\" width=\"2560\" height=\"1700\" srcset=\"https:\/\/ppdegalicia.com\/wp-content\/uploads\/2020\/10\/2c657423cf87cc677c9986ceb9cdc574-scaled.jpg 2560w, https:\/\/ppdegalicia.com\/wp-content\/uploads\/2020\/10\/2c657423cf87cc677c9986ceb9cdc574-300x199.jpg 300w, https:\/\/ppdegalicia.com\/wp-content\/uploads\/2020\/10\/2c657423cf87cc677c9986ceb9cdc574-1024x680.jpg 1024w, https:\/\/ppdegalicia.com\/wp-content\/uploads\/2020\/10\/2c657423cf87cc677c9986ceb9cdc574-768x510.jpg 768w, https:\/\/ppdegalicia.com\/wp-content\/uploads\/2020\/10\/2c657423cf87cc677c9986ceb9cdc574-1536x1020.jpg 1536w, https:\/\/ppdegalicia.com\/wp-content\/uploads\/2020\/10\/2c657423cf87cc677c9986ceb9cdc574-2048x1360.jpg 2048w\" sizes=\"(max-width: 2560px) 100vw, 2560px\" \/><\/p>\n<p>\u00a0<\/p>\n<p>Pregunta sobre o n\u00famero de proxectos de aldea modelo que est\u00e1n xa en marcha a d\u00eda de hoxe en Galicia\u00a0<\/p>\n<p><!--more--><\/p>\n<p>Un dos maiores desaf\u00edos de futuro que enfronta o noso rural \u00e9 o de acadar unha maior produtividade e frear o proceso de despoboamento e abandono da terra.<\/p>\n<p>Con este obxectivo, a conseller\u00eda de Medio Rural puxo en marcha en 2019 as denominadas aldeas modelo, que son proxectos de mobilizaci\u00f3n de terras dirixidos \u00e1 recuperaci\u00f3n produtiva de zonas maioritariamente abandonadas, na contorna de n\u00facleos de poboaci\u00f3n, de xeito que esa posta en valor sirva tam\u00e9n para previr os incendios forestais nesas \u00e1reas.<\/p>\n<p>Este proxecto naceu co obxectivo de executar a limpeza das franxas secundarias, as m\u00e1is pr\u00f3ximas aos n\u00facleos de poboaci\u00f3n, e convertelas en terreos produtivos. Unha vez estas \u00e1reas se atopan limpas, ponse en valor ese terreo creando actividade agrogandeira nelas, mediante cultivos de horta, cereal, pastos, froiteiras ou casti\u00f1eiros, entre outros.<\/p>\n<p>Deste xeito, as novas terras produtivas funcionan como devasa natural fronte o lume xa que, desenvolvendo actividade econ\u00f3mica nas franxas, non \u00e9 preciso rozalas todos os anos,.<\/p>\n<p>Segundo ten explicado o Goberno galego, tr\u00e1tase dun proxecto promovido pola Conseller\u00eda do Medio Rural no marco do convenio de protecci\u00f3n das aldeas fronte o lume posto en marcha en colaboraci\u00f3n coa empresa p\u00fablica Seaga e coa Federaci\u00f3n Galega de Municipios e Provincias (Fegamp).<\/p>\n<p>Nas aldeas modelo, a limpeza l\u00e9vase a cabo co acordo entre os propietarios das parcelas e os agricultores e gandeiros interesados en po\u00f1er a producir as terras. Neste sentido, a iniciativa sup\u00f3n un rendemento econ\u00f3mico directo ou indirecto tanto para o propietario dos terreos \u2013que conserva sempre a titularidade\u2013, como para os interesados en po\u00f1elas a producir.<\/p>\n<p>Desde que se anunciaron as primeiras aldeas modelo, o equipo da conseller\u00eda de Medio Rural recibiu numerosas solicitudes de alcaldes e alcaldesas para explorar a posibilidade de implantar proxectos deste tipo en concellos de toda a Comunidade.<\/p>\n<p>Por todo o exposto, os deputados e deputadas asinantes formulan a seguinte Pregunta Oral en Comisi\u00f3n 7\u00aa Agricultura, Alimentaci\u00f3n, Gandar\u00eda e Montes:<\/p>\n<p>Cantos proxectos de aldea modelo est\u00e1n xa en marcha a d\u00eda de hoxe en Galicia?<\/p>\n<p>\u00a0<\/p>\n<p>Rexistro Iniciativa:\u00a0<a href=\"http:\/\/www.es.parlamentodegalicia.es\/Expedientes\/11\/POC-000027\">http:\/\/www.es.parlamentodegalicia.es\/Expedientes\/11\/POC-000027<\/a><\/p>\n<p>\u00a0<\/p>\n","protected":false},"excerpt":{"rendered":"<p>\u00a0 Pregunta sobre o n\u00famero de proxectos de aldea modelo que est\u00e1n xa en marcha a d\u00eda de hoxe en Galicia\u00a0<\/p>\n","protected":false},"author":40,"featured_media":54733,"comment_status":"open","ping_status":"open","sticky":false,"template":"","format":"standard","meta":{"_acf_changed":false,"footnotes":""},"categories":[1128,1],"tags":[],"class_list":["post-54734","post","type-post","status-publish","format-standard","has-post-thumbnail","hentry","category-actualidad-parlamento-de-galicia","category-pp-de-galicia"],"acf":[],"yoast_head":"<!-- This site is optimized with the Yoast SEO plugin v27.3 - https:\/\/yoast.com\/product\/yoast-seo-wordpress\/ -->\n<title>Pregunta sobre os proxectos de aldea modelo en marcha en Galicia - PP de Galicia<\/title>\n<meta name=\"robots\" content=\"index, follow, max-snippet:-1, max-image-preview:large, max-video-preview:-1\" \/>\n<link rel=\"canonical\" href=\"https:\/\/ppdegalicia.com\/es\/pregunta-sobre-os-proxectos-de-aldea-modelo-en-marcha-en-galicia\/\" \/>\n<meta property=\"og:locale\" content=\"es_ES\" \/>\n<meta property=\"og:type\" content=\"article\" \/>\n<meta property=\"og:title\" content=\"Pregunta sobre os proxectos de aldea modelo en marcha en Galicia - PP de Galicia\" \/>\n<meta property=\"og:description\" content=\"\u00a0 Pregunta sobre o n\u00famero de proxectos de aldea modelo que est\u00e1n xa en marcha a d\u00eda de hoxe en Galicia\u00a0\" \/>\n<meta property=\"og:url\" content=\"https:\/\/ppdegalicia.com\/es\/pregunta-sobre-os-proxectos-de-aldea-modelo-en-marcha-en-galicia\/\" \/>\n<meta property=\"og:site_name\" content=\"PP de Galicia\" \/>\n<meta property=\"article:publisher\" content=\"https:\/\/www.instagram.com\/ppdegalicia\/\" \/>\n<meta property=\"article:published_time\" content=\"2020-10-02T10:07:01+00:00\" \/>\n<meta property=\"og:image\" content=\"https:\/\/ppdegalicia.com\/wp-content\/uploads\/2020\/10\/2c657423cf87cc677c9986ceb9cdc574-scaled.jpg\" \/>\n\t<meta property=\"og:image:width\" content=\"2560\" \/>\n\t<meta property=\"og:image:height\" content=\"1700\" \/>\n\t<meta property=\"og:image:type\" content=\"image\/jpeg\" \/>\n<meta name=\"author\" content=\"ppdegaliciaedtis\" \/>\n<meta name=\"twitter:card\" content=\"summary_large_image\" \/>\n<meta name=\"twitter:creator\" content=\"@ppdegalicia\" \/>\n<meta name=\"twitter:site\" content=\"@ppdegalicia\" \/>\n<meta name=\"twitter:label1\" content=\"Escrito por\" \/>\n\t<meta name=\"twitter:data1\" content=\"ppdegaliciaedtis\" \/>\n\t<meta name=\"twitter:label2\" content=\"Tiempo de lectura\" \/>\n\t<meta name=\"twitter:data2\" content=\"2 minutos\" \/>\n<script type=\"application\/ld+json\" class=\"yoast-schema-graph\">{\"@context\":\"https:\\\/\\\/schema.org\",\"@graph\":[{\"@type\":\"Article\",\"@id\":\"https:\\\/\\\/ppdegalicia.com\\\/es\\\/pregunta-sobre-os-proxectos-de-aldea-modelo-en-marcha-en-galicia\\\/#article\",\"isPartOf\":{\"@id\":\"https:\\\/\\\/ppdegalicia.com\\\/es\\\/pregunta-sobre-os-proxectos-de-aldea-modelo-en-marcha-en-galicia\\\/\"},\"author\":{\"name\":\"ppdegaliciaedtis\",\"@id\":\"https:\\\/\\\/ppdegalicia.com\\\/es\\\/#\\\/schema\\\/person\\\/bc9b46e59ebd34bf28611158c3867388\"},\"headline\":\"Pregunta sobre os proxectos de aldea modelo en marcha en Galicia\",\"datePublished\":\"2020-10-02T10:07:01+00:00\",\"mainEntityOfPage\":{\"@id\":\"https:\\\/\\\/ppdegalicia.com\\\/es\\\/pregunta-sobre-os-proxectos-de-aldea-modelo-en-marcha-en-galicia\\\/\"},\"wordCount\":403,\"commentCount\":0,\"publisher\":{\"@id\":\"https:\\\/\\\/ppdegalicia.com\\\/es\\\/#organization\"},\"image\":{\"@id\":\"https:\\\/\\\/ppdegalicia.com\\\/es\\\/pregunta-sobre-os-proxectos-de-aldea-modelo-en-marcha-en-galicia\\\/#primaryimage\"},\"thumbnailUrl\":\"https:\\\/\\\/ppdegalicia.com\\\/wp-content\\\/uploads\\\/2020\\\/10\\\/2c657423cf87cc677c9986ceb9cdc574-scaled.jpg\",\"articleSection\":[\"Parlamento de Galicia\",\"PP de Galicia\"],\"inLanguage\":\"es\",\"potentialAction\":[{\"@type\":\"CommentAction\",\"name\":\"Comment\",\"target\":[\"https:\\\/\\\/ppdegalicia.com\\\/es\\\/pregunta-sobre-os-proxectos-de-aldea-modelo-en-marcha-en-galicia\\\/#respond\"]}]},{\"@type\":\"WebPage\",\"@id\":\"https:\\\/\\\/ppdegalicia.com\\\/es\\\/pregunta-sobre-os-proxectos-de-aldea-modelo-en-marcha-en-galicia\\\/\",\"url\":\"https:\\\/\\\/ppdegalicia.com\\\/es\\\/pregunta-sobre-os-proxectos-de-aldea-modelo-en-marcha-en-galicia\\\/\",\"name\":\"Pregunta sobre os proxectos de aldea modelo en marcha en Galicia - PP de Galicia\",\"isPartOf\":{\"@id\":\"https:\\\/\\\/ppdegalicia.com\\\/es\\\/#website\"},\"primaryImageOfPage\":{\"@id\":\"https:\\\/\\\/ppdegalicia.com\\\/es\\\/pregunta-sobre-os-proxectos-de-aldea-modelo-en-marcha-en-galicia\\\/#primaryimage\"},\"image\":{\"@id\":\"https:\\\/\\\/ppdegalicia.com\\\/es\\\/pregunta-sobre-os-proxectos-de-aldea-modelo-en-marcha-en-galicia\\\/#primaryimage\"},\"thumbnailUrl\":\"https:\\\/\\\/ppdegalicia.com\\\/wp-content\\\/uploads\\\/2020\\\/10\\\/2c657423cf87cc677c9986ceb9cdc574-scaled.jpg\",\"datePublished\":\"2020-10-02T10:07:01+00:00\",\"breadcrumb\":{\"@id\":\"https:\\\/\\\/ppdegalicia.com\\\/es\\\/pregunta-sobre-os-proxectos-de-aldea-modelo-en-marcha-en-galicia\\\/#breadcrumb\"},\"inLanguage\":\"es\",\"potentialAction\":[{\"@type\":\"ReadAction\",\"target\":[\"https:\\\/\\\/ppdegalicia.com\\\/es\\\/pregunta-sobre-os-proxectos-de-aldea-modelo-en-marcha-en-galicia\\\/\"]}]},{\"@type\":\"ImageObject\",\"inLanguage\":\"es\",\"@id\":\"https:\\\/\\\/ppdegalicia.com\\\/es\\\/pregunta-sobre-os-proxectos-de-aldea-modelo-en-marcha-en-galicia\\\/#primaryimage\",\"url\":\"https:\\\/\\\/ppdegalicia.com\\\/wp-content\\\/uploads\\\/2020\\\/10\\\/2c657423cf87cc677c9986ceb9cdc574-scaled.jpg\",\"contentUrl\":\"https:\\\/\\\/ppdegalicia.com\\\/wp-content\\\/uploads\\\/2020\\\/10\\\/2c657423cf87cc677c9986ceb9cdc574-scaled.jpg\",\"width\":2560,\"height\":1700},{\"@type\":\"BreadcrumbList\",\"@id\":\"https:\\\/\\\/ppdegalicia.com\\\/es\\\/pregunta-sobre-os-proxectos-de-aldea-modelo-en-marcha-en-galicia\\\/#breadcrumb\",\"itemListElement\":[{\"@type\":\"ListItem\",\"position\":1,\"name\":\"Portada\",\"item\":\"https:\\\/\\\/ppdegalicia.com\\\/es\\\/\"},{\"@type\":\"ListItem\",\"position\":2,\"name\":\"Pregunta sobre os proxectos de aldea modelo en marcha en Galicia\"}]},{\"@type\":\"WebSite\",\"@id\":\"https:\\\/\\\/ppdegalicia.com\\\/es\\\/#website\",\"url\":\"https:\\\/\\\/ppdegalicia.com\\\/es\\\/\",\"name\":\"Partido Popular de Galicia\",\"description\":\"Partido Popular de Galicia\",\"publisher\":{\"@id\":\"https:\\\/\\\/ppdegalicia.com\\\/es\\\/#organization\"},\"alternateName\":\"PP de Galicia\",\"potentialAction\":[{\"@type\":\"SearchAction\",\"target\":{\"@type\":\"EntryPoint\",\"urlTemplate\":\"https:\\\/\\\/ppdegalicia.com\\\/es\\\/?s={search_term_string}\"},\"query-input\":{\"@type\":\"PropertyValueSpecification\",\"valueRequired\":true,\"valueName\":\"search_term_string\"}}],\"inLanguage\":\"es\"},{\"@type\":\"Organization\",\"@id\":\"https:\\\/\\\/ppdegalicia.com\\\/es\\\/#organization\",\"name\":\"Partido Popular de Galicia\",\"alternateName\":\"PP de Galicia\",\"url\":\"https:\\\/\\\/ppdegalicia.com\\\/es\\\/\",\"logo\":{\"@type\":\"ImageObject\",\"inLanguage\":\"es\",\"@id\":\"https:\\\/\\\/ppdegalicia.com\\\/es\\\/#\\\/schema\\\/logo\\\/image\\\/\",\"url\":\"https:\\\/\\\/ppdegalicia.com\\\/wp-content\\\/uploads\\\/2023\\\/04\\\/logoPP512.png\",\"contentUrl\":\"https:\\\/\\\/ppdegalicia.com\\\/wp-content\\\/uploads\\\/2023\\\/04\\\/logoPP512.png\",\"width\":512,\"height\":512,\"caption\":\"Partido Popular de Galicia\"},\"image\":{\"@id\":\"https:\\\/\\\/ppdegalicia.com\\\/es\\\/#\\\/schema\\\/logo\\\/image\\\/\"},\"sameAs\":[\"https:\\\/\\\/www.instagram.com\\\/ppdegalicia\\\/\",\"https:\\\/\\\/x.com\\\/ppdegalicia\",\"https:\\\/\\\/www.tiktok.com\\\/@ppdegalicia\",\"https:\\\/\\\/www.youtube.com\\\/user\\\/ppdegalicia\"]},{\"@type\":\"Person\",\"@id\":\"https:\\\/\\\/ppdegalicia.com\\\/es\\\/#\\\/schema\\\/person\\\/bc9b46e59ebd34bf28611158c3867388\",\"name\":\"ppdegaliciaedtis\",\"image\":{\"@type\":\"ImageObject\",\"inLanguage\":\"es\",\"@id\":\"https:\\\/\\\/secure.gravatar.com\\\/avatar\\\/f9f8cf6e03df54a1b0d04a6b4b8e8c6bd63c10a439752e84d87a5385aefe2ced?s=96&d=mm&r=g\",\"url\":\"https:\\\/\\\/secure.gravatar.com\\\/avatar\\\/f9f8cf6e03df54a1b0d04a6b4b8e8c6bd63c10a439752e84d87a5385aefe2ced?s=96&d=mm&r=g\",\"contentUrl\":\"https:\\\/\\\/secure.gravatar.com\\\/avatar\\\/f9f8cf6e03df54a1b0d04a6b4b8e8c6bd63c10a439752e84d87a5385aefe2ced?s=96&d=mm&r=g\",\"caption\":\"ppdegaliciaedtis\"},\"url\":\"https:\\\/\\\/ppdegalicia.com\\\/es\\\/author\\\/ppdegaliciaedits\\\/\"}]}<\/script>\n<!-- \/ Yoast SEO plugin. -->","yoast_head_json":{"title":"Pregunta sobre os proxectos de aldea modelo en marcha en Galicia - PP de Galicia","robots":{"index":"index","follow":"follow","max-snippet":"max-snippet:-1","max-image-preview":"max-image-preview:large","max-video-preview":"max-video-preview:-1"},"canonical":"https:\/\/ppdegalicia.com\/es\/pregunta-sobre-os-proxectos-de-aldea-modelo-en-marcha-en-galicia\/","og_locale":"es_ES","og_type":"article","og_title":"Pregunta sobre os proxectos de aldea modelo en marcha en Galicia - PP de Galicia","og_description":"\u00a0 Pregunta sobre o n\u00famero de proxectos de aldea modelo que est\u00e1n xa en marcha a d\u00eda de hoxe en Galicia\u00a0","og_url":"https:\/\/ppdegalicia.com\/es\/pregunta-sobre-os-proxectos-de-aldea-modelo-en-marcha-en-galicia\/","og_site_name":"PP de Galicia","article_publisher":"https:\/\/www.instagram.com\/ppdegalicia\/","article_published_time":"2020-10-02T10:07:01+00:00","og_image":[{"width":2560,"height":1700,"url":"https:\/\/ppdegalicia.com\/wp-content\/uploads\/2020\/10\/2c657423cf87cc677c9986ceb9cdc574-scaled.jpg","type":"image\/jpeg"}],"author":"ppdegaliciaedtis","twitter_card":"summary_large_image","twitter_creator":"@ppdegalicia","twitter_site":"@ppdegalicia","twitter_misc":{"Escrito por":"ppdegaliciaedtis","Tiempo de lectura":"2 minutos"},"schema":{"@context":"https:\/\/schema.org","@graph":[{"@type":"Article","@id":"https:\/\/ppdegalicia.com\/es\/pregunta-sobre-os-proxectos-de-aldea-modelo-en-marcha-en-galicia\/#article","isPartOf":{"@id":"https:\/\/ppdegalicia.com\/es\/pregunta-sobre-os-proxectos-de-aldea-modelo-en-marcha-en-galicia\/"},"author":{"name":"ppdegaliciaedtis","@id":"https:\/\/ppdegalicia.com\/es\/#\/schema\/person\/bc9b46e59ebd34bf28611158c3867388"},"headline":"Pregunta sobre os proxectos de aldea modelo en marcha en Galicia","datePublished":"2020-10-02T10:07:01+00:00","mainEntityOfPage":{"@id":"https:\/\/ppdegalicia.com\/es\/pregunta-sobre-os-proxectos-de-aldea-modelo-en-marcha-en-galicia\/"},"wordCount":403,"commentCount":0,"publisher":{"@id":"https:\/\/ppdegalicia.com\/es\/#organization"},"image":{"@id":"https:\/\/ppdegalicia.com\/es\/pregunta-sobre-os-proxectos-de-aldea-modelo-en-marcha-en-galicia\/#primaryimage"},"thumbnailUrl":"https:\/\/ppdegalicia.com\/wp-content\/uploads\/2020\/10\/2c657423cf87cc677c9986ceb9cdc574-scaled.jpg","articleSection":["Parlamento de Galicia","PP de Galicia"],"inLanguage":"es","potentialAction":[{"@type":"CommentAction","name":"Comment","target":["https:\/\/ppdegalicia.com\/es\/pregunta-sobre-os-proxectos-de-aldea-modelo-en-marcha-en-galicia\/#respond"]}]},{"@type":"WebPage","@id":"https:\/\/ppdegalicia.com\/es\/pregunta-sobre-os-proxectos-de-aldea-modelo-en-marcha-en-galicia\/","url":"https:\/\/ppdegalicia.com\/es\/pregunta-sobre-os-proxectos-de-aldea-modelo-en-marcha-en-galicia\/","name":"Pregunta sobre os proxectos de aldea modelo en marcha en Galicia - PP de Galicia","isPartOf":{"@id":"https:\/\/ppdegalicia.com\/es\/#website"},"primaryImageOfPage":{"@id":"https:\/\/ppdegalicia.com\/es\/pregunta-sobre-os-proxectos-de-aldea-modelo-en-marcha-en-galicia\/#primaryimage"},"image":{"@id":"https:\/\/ppdegalicia.com\/es\/pregunta-sobre-os-proxectos-de-aldea-modelo-en-marcha-en-galicia\/#primaryimage"},"thumbnailUrl":"https:\/\/ppdegalicia.com\/wp-content\/uploads\/2020\/10\/2c657423cf87cc677c9986ceb9cdc574-scaled.jpg","datePublished":"2020-10-02T10:07:01+00:00","breadcrumb":{"@id":"https:\/\/ppdegalicia.com\/es\/pregunta-sobre-os-proxectos-de-aldea-modelo-en-marcha-en-galicia\/#breadcrumb"},"inLanguage":"es","potentialAction":[{"@type":"ReadAction","target":["https:\/\/ppdegalicia.com\/es\/pregunta-sobre-os-proxectos-de-aldea-modelo-en-marcha-en-galicia\/"]}]},{"@type":"ImageObject","inLanguage":"es","@id":"https:\/\/ppdegalicia.com\/es\/pregunta-sobre-os-proxectos-de-aldea-modelo-en-marcha-en-galicia\/#primaryimage","url":"https:\/\/ppdegalicia.com\/wp-content\/uploads\/2020\/10\/2c657423cf87cc677c9986ceb9cdc574-scaled.jpg","contentUrl":"https:\/\/ppdegalicia.com\/wp-content\/uploads\/2020\/10\/2c657423cf87cc677c9986ceb9cdc574-scaled.jpg","width":2560,"height":1700},{"@type":"BreadcrumbList","@id":"https:\/\/ppdegalicia.com\/es\/pregunta-sobre-os-proxectos-de-aldea-modelo-en-marcha-en-galicia\/#breadcrumb","itemListElement":[{"@type":"ListItem","position":1,"name":"Portada","item":"https:\/\/ppdegalicia.com\/es\/"},{"@type":"ListItem","position":2,"name":"Pregunta sobre os proxectos de aldea modelo en marcha en Galicia"}]},{"@type":"WebSite","@id":"https:\/\/ppdegalicia.com\/es\/#website","url":"https:\/\/ppdegalicia.com\/es\/","name":"Partido Popular de Galicia","description":"Partido Popular de Galicia","publisher":{"@id":"https:\/\/ppdegalicia.com\/es\/#organization"},"alternateName":"PP de Galicia","potentialAction":[{"@type":"SearchAction","target":{"@type":"EntryPoint","urlTemplate":"https:\/\/ppdegalicia.com\/es\/?s={search_term_string}"},"query-input":{"@type":"PropertyValueSpecification","valueRequired":true,"valueName":"search_term_string"}}],"inLanguage":"es"},{"@type":"Organization","@id":"https:\/\/ppdegalicia.com\/es\/#organization","name":"Partido Popular de Galicia","alternateName":"PP de Galicia","url":"https:\/\/ppdegalicia.com\/es\/","logo":{"@type":"ImageObject","inLanguage":"es","@id":"https:\/\/ppdegalicia.com\/es\/#\/schema\/logo\/image\/","url":"https:\/\/ppdegalicia.com\/wp-content\/uploads\/2023\/04\/logoPP512.png","contentUrl":"https:\/\/ppdegalicia.com\/wp-content\/uploads\/2023\/04\/logoPP512.png","width":512,"height":512,"caption":"Partido Popular de Galicia"},"image":{"@id":"https:\/\/ppdegalicia.com\/es\/#\/schema\/logo\/image\/"},"sameAs":["https:\/\/www.instagram.com\/ppdegalicia\/","https:\/\/x.com\/ppdegalicia","https:\/\/www.tiktok.com\/@ppdegalicia","https:\/\/www.youtube.com\/user\/ppdegalicia"]},{"@type":"Person","@id":"https:\/\/ppdegalicia.com\/es\/#\/schema\/person\/bc9b46e59ebd34bf28611158c3867388","name":"ppdegaliciaedtis","image":{"@type":"ImageObject","inLanguage":"es","@id":"https:\/\/secure.gravatar.com\/avatar\/f9f8cf6e03df54a1b0d04a6b4b8e8c6bd63c10a439752e84d87a5385aefe2ced?s=96&d=mm&r=g","url":"https:\/\/secure.gravatar.com\/avatar\/f9f8cf6e03df54a1b0d04a6b4b8e8c6bd63c10a439752e84d87a5385aefe2ced?s=96&d=mm&r=g","contentUrl":"https:\/\/secure.gravatar.com\/avatar\/f9f8cf6e03df54a1b0d04a6b4b8e8c6bd63c10a439752e84d87a5385aefe2ced?s=96&d=mm&r=g","caption":"ppdegaliciaedtis"},"url":"https:\/\/ppdegalicia.com\/es\/author\/ppdegaliciaedits\/"}]}},"_links":{"self":[{"href":"https:\/\/ppdegalicia.com\/es\/wp-json\/wp\/v2\/posts\/54734","targetHints":{"allow":["GET"]}}],"collection":[{"href":"https:\/\/ppdegalicia.com\/es\/wp-json\/wp\/v2\/posts"}],"about":[{"href":"https:\/\/ppdegalicia.com\/es\/wp-json\/wp\/v2\/types\/post"}],"author":[{"embeddable":true,"href":"https:\/\/ppdegalicia.com\/es\/wp-json\/wp\/v2\/users\/40"}],"replies":[{"embeddable":true,"href":"https:\/\/ppdegalicia.com\/es\/wp-json\/wp\/v2\/comments?post=54734"}],"version-history":[{"count":0,"href":"https:\/\/ppdegalicia.com\/es\/wp-json\/wp\/v2\/posts\/54734\/revisions"}],"wp:featuredmedia":[{"embeddable":true,"href":"https:\/\/ppdegalicia.com\/es\/wp-json\/wp\/v2\/media\/54733"}],"wp:attachment":[{"href":"https:\/\/ppdegalicia.com\/es\/wp-json\/wp\/v2\/media?parent=54734"}],"wp:term":[{"taxonomy":"category","embeddable":true,"href":"https:\/\/ppdegalicia.com\/es\/wp-json\/wp\/v2\/categories?post=54734"},{"taxonomy":"post_tag","embeddable":true,"href":"https:\/\/ppdegalicia.com\/es\/wp-json\/wp\/v2\/tags?post=54734"}],"curies":[{"name":"wp","href":"https:\/\/api.w.org\/{rel}","templated":true}]}}