{"id":54758,"date":"2020-10-07T10:52:42","date_gmt":"2020-10-07T08:52:42","guid":{"rendered":"https:\/\/ppdegalicia.com\/o-parlamento-demanda-ao-goberno-central-a-rebaixa-do-ive-para-as-mascaras-e-hidroxeles-desinfectantes\/"},"modified":"2020-10-07T10:52:42","modified_gmt":"2020-10-07T08:52:42","slug":"o-parlamento-demanda-ao-goberno-central-a-rebaixa-do-ive-para-as-mascaras-e-hidroxeles-desinfectantes","status":"publish","type":"post","link":"https:\/\/ppdegalicia.com\/es\/o-parlamento-demanda-ao-goberno-central-a-rebaixa-do-ive-para-as-mascaras-e-hidroxeles-desinfectantes\/","title":{"rendered":"O Parlamento demanda ao Goberno central a rebaixa do IVE para as m\u00e1scaras e hidroxeles desinfectantes"},"content":{"rendered":"<p><img fetchpriority=\"high\" decoding=\"async\" class=\" size-full wp-image-54757\" src=\"https:\/\/ppdegalicia.com\/wp-content\/uploads\/2020\/10\/9e2860452c1d2b0e6a12880faacca72d.jpg\" alt=\"\" width=\"1900\" height=\"1267\" srcset=\"https:\/\/ppdegalicia.com\/wp-content\/uploads\/2020\/10\/9e2860452c1d2b0e6a12880faacca72d.jpg 1900w, https:\/\/ppdegalicia.com\/wp-content\/uploads\/2020\/10\/9e2860452c1d2b0e6a12880faacca72d-300x200.jpg 300w, https:\/\/ppdegalicia.com\/wp-content\/uploads\/2020\/10\/9e2860452c1d2b0e6a12880faacca72d-1024x683.jpg 1024w, https:\/\/ppdegalicia.com\/wp-content\/uploads\/2020\/10\/9e2860452c1d2b0e6a12880faacca72d-768x512.jpg 768w, https:\/\/ppdegalicia.com\/wp-content\/uploads\/2020\/10\/9e2860452c1d2b0e6a12880faacca72d-1536x1024.jpg 1536w\" sizes=\"(max-width: 1900px) 100vw, 1900px\" \/><\/p>\n<p>Santiago, 7 de outubro de 2020.-\u00a0 O Parlamento de Galicia aprobou hoxe, coa \u00fanica abstenci\u00f3n do Grupo Socialista, a proposici\u00f3n non de lei do Grupo Popular a trav\u00e9s da que se solicita ao Goberno do Estado a modificaci\u00f3n do artigo 91 da Lei 37\/1992, do imposto sobre o valor engadido, de xeito que se incl\u00faan as m\u00e1scaras e os hidroxeles desinfectantes no listado de bens aos que se lles aplica o tipo reducido de IVE do 10 por cento ou superreducido do 4 por cento, equipar\u00e1ndoos a outros produtos farmac\u00e9uticos que tam\u00e9n son imprescindibles.<\/p>\n<p><!--more--><\/p>\n<p>A deputada popular Encarna Amigo manifestou que \u201cdesde o Partido Popular sempre sostivemos que unha medida eficaz e inmediata para abaratar e facer m\u00e1is asequibles as m\u00e1scaras e hidroxeles desinfectantes ser\u00eda baixar o tipo de IVE que se lles aplica\u201d, polo que considerou esta proposta \u201cde sentido com\u00fan, xa que sup\u00f3n un custo moi importante para moitas familias que na actualidade est\u00e1n a pasar por momentos cr\u00edticos\u201d.<\/p>\n<p><strong>300 EUROS ANUAIS<\/strong><\/p>\n<p>\u201cEst\u00edmase que a media de gasto para unha familia tipo sit\u00faase arredor dos 300 euros anuais, polo que procede adoptar medidas excepcionais ante un problema de sa\u00fade p\u00fablica nun momento excepcional como o que estamos a vivir\u201d, sinalou.<\/p>\n<p>Encarna Amigo lembrou que \u201cesta demanda xa foi trasladada polo presidente da Xunta ao Goberno de Espa\u00f1a na Conferencia de Presidentes celebrada o pasado 19 de abril na Rioxa, ao tempo que tam\u00e9n o Grupo Popular no Congreso dos Deputados apoiou unha iniciativa neste mesmo sentido que contou co voto en contra tanto dos deputados socialistas como de Unidas Podemos\u201d.<\/p>\n<p>\u201cEstamos a falar de que o Goberno de Espa\u00f1a debe ter vontade pol\u00edtica para proceder \u00e1 rebaixa do IVE, do mesmo xeito que xa gozan os cidad\u00e1ns de pa\u00edses da nosa contorna como Portugal, Francia ou Italia\u201d, indicou a deputada popular.<\/p>\n<p>Iniciativa: <a href=\"http:\/\/www.ppdegalicia.com\/index.php\/gl\/novas-3\/item\/4751-iniciativa-para-incluir-as-mascaras-e-hidroxeles-desinfectantes-no-tipo-reducido-do-ive-do-10-ou-o-superreducido-do-4\">http:\/\/www.ppdegalicia.com\/index.php\/gl\/novas-3\/item\/4751-iniciativa-para-incluir-as-mascaras-e-hidroxeles-desinfectantes-no-tipo-reducido-do-ive-do-10-ou-o-superreducido-do-4<\/a><\/p>\n<p>\u00a0<\/p>\n","protected":false},"excerpt":{"rendered":"<p>Santiago, 7 de outubro de 2020.-\u00a0 O Parlamento de Galicia aprobou hoxe, coa \u00fanica abstenci\u00f3n do Grupo Socialista, a proposici\u00f3n non de lei do Grupo Popular a trav\u00e9s da que se solicita ao Goberno do Estado a modificaci\u00f3n do artigo 91 da Lei 37\/1992, do imposto sobre o valor engadido, de xeito que se incl\u00faan [&hellip;]<\/p>\n","protected":false},"author":40,"featured_media":54757,"comment_status":"open","ping_status":"open","sticky":false,"template":"","format":"standard","meta":{"_acf_changed":false,"footnotes":""},"categories":[1],"tags":[],"class_list":["post-54758","post","type-post","status-publish","format-standard","has-post-thumbnail","hentry","category-pp-de-galicia"],"acf":[],"yoast_head":"<!-- This site is optimized with the Yoast SEO plugin v27.3 - https:\/\/yoast.com\/product\/yoast-seo-wordpress\/ -->\n<title>O Parlamento demanda ao Goberno central a rebaixa do IVE para as m\u00e1scaras e hidroxeles desinfectantes - PP de Galicia<\/title>\n<meta name=\"robots\" content=\"index, follow, max-snippet:-1, max-image-preview:large, max-video-preview:-1\" \/>\n<link rel=\"canonical\" href=\"https:\/\/ppdegalicia.com\/es\/o-parlamento-demanda-ao-goberno-central-a-rebaixa-do-ive-para-as-mascaras-e-hidroxeles-desinfectantes\/\" \/>\n<meta property=\"og:locale\" content=\"es_ES\" \/>\n<meta property=\"og:type\" content=\"article\" \/>\n<meta property=\"og:title\" content=\"O Parlamento demanda ao Goberno central a rebaixa do IVE para as m\u00e1scaras e hidroxeles desinfectantes - PP de Galicia\" \/>\n<meta property=\"og:description\" content=\"Santiago, 7 de outubro de 2020.-\u00a0 O Parlamento de Galicia aprobou hoxe, coa \u00fanica abstenci\u00f3n do Grupo Socialista, a proposici\u00f3n non de lei do Grupo Popular a trav\u00e9s da que se solicita ao Goberno do Estado a modificaci\u00f3n do artigo 91 da Lei 37\/1992, do imposto sobre o valor engadido, de xeito que se incl\u00faan [&hellip;]\" \/>\n<meta property=\"og:url\" content=\"https:\/\/ppdegalicia.com\/es\/o-parlamento-demanda-ao-goberno-central-a-rebaixa-do-ive-para-as-mascaras-e-hidroxeles-desinfectantes\/\" \/>\n<meta property=\"og:site_name\" content=\"PP de Galicia\" \/>\n<meta property=\"article:publisher\" content=\"https:\/\/www.instagram.com\/ppdegalicia\/\" \/>\n<meta property=\"article:published_time\" content=\"2020-10-07T08:52:42+00:00\" \/>\n<meta property=\"og:image\" content=\"https:\/\/ppdegalicia.com\/wp-content\/uploads\/2020\/10\/9e2860452c1d2b0e6a12880faacca72d.jpg\" \/>\n\t<meta property=\"og:image:width\" content=\"1900\" \/>\n\t<meta property=\"og:image:height\" content=\"1267\" \/>\n\t<meta property=\"og:image:type\" content=\"image\/jpeg\" \/>\n<meta name=\"author\" content=\"ppdegaliciaedtis\" \/>\n<meta name=\"twitter:card\" content=\"summary_large_image\" \/>\n<meta name=\"twitter:creator\" content=\"@ppdegalicia\" \/>\n<meta name=\"twitter:site\" content=\"@ppdegalicia\" \/>\n<meta name=\"twitter:label1\" content=\"Escrito por\" \/>\n\t<meta name=\"twitter:data1\" content=\"ppdegaliciaedtis\" \/>\n\t<meta name=\"twitter:label2\" content=\"Tiempo de lectura\" \/>\n\t<meta name=\"twitter:data2\" content=\"2 minutos\" \/>\n<script type=\"application\/ld+json\" class=\"yoast-schema-graph\">{\"@context\":\"https:\\\/\\\/schema.org\",\"@graph\":[{\"@type\":\"Article\",\"@id\":\"https:\\\/\\\/ppdegalicia.com\\\/es\\\/o-parlamento-demanda-ao-goberno-central-a-rebaixa-do-ive-para-as-mascaras-e-hidroxeles-desinfectantes\\\/#article\",\"isPartOf\":{\"@id\":\"https:\\\/\\\/ppdegalicia.com\\\/es\\\/o-parlamento-demanda-ao-goberno-central-a-rebaixa-do-ive-para-as-mascaras-e-hidroxeles-desinfectantes\\\/\"},\"author\":{\"name\":\"ppdegaliciaedtis\",\"@id\":\"https:\\\/\\\/ppdegalicia.com\\\/es\\\/#\\\/schema\\\/person\\\/bc9b46e59ebd34bf28611158c3867388\"},\"headline\":\"O Parlamento demanda ao Goberno central a rebaixa do IVE para as m\u00e1scaras e hidroxeles desinfectantes\",\"datePublished\":\"2020-10-07T08:52:42+00:00\",\"mainEntityOfPage\":{\"@id\":\"https:\\\/\\\/ppdegalicia.com\\\/es\\\/o-parlamento-demanda-ao-goberno-central-a-rebaixa-do-ive-para-as-mascaras-e-hidroxeles-desinfectantes\\\/\"},\"wordCount\":349,\"commentCount\":0,\"publisher\":{\"@id\":\"https:\\\/\\\/ppdegalicia.com\\\/es\\\/#organization\"},\"image\":{\"@id\":\"https:\\\/\\\/ppdegalicia.com\\\/es\\\/o-parlamento-demanda-ao-goberno-central-a-rebaixa-do-ive-para-as-mascaras-e-hidroxeles-desinfectantes\\\/#primaryimage\"},\"thumbnailUrl\":\"https:\\\/\\\/ppdegalicia.com\\\/wp-content\\\/uploads\\\/2020\\\/10\\\/9e2860452c1d2b0e6a12880faacca72d.jpg\",\"articleSection\":[\"PP de Galicia\"],\"inLanguage\":\"es\",\"potentialAction\":[{\"@type\":\"CommentAction\",\"name\":\"Comment\",\"target\":[\"https:\\\/\\\/ppdegalicia.com\\\/es\\\/o-parlamento-demanda-ao-goberno-central-a-rebaixa-do-ive-para-as-mascaras-e-hidroxeles-desinfectantes\\\/#respond\"]}]},{\"@type\":\"WebPage\",\"@id\":\"https:\\\/\\\/ppdegalicia.com\\\/es\\\/o-parlamento-demanda-ao-goberno-central-a-rebaixa-do-ive-para-as-mascaras-e-hidroxeles-desinfectantes\\\/\",\"url\":\"https:\\\/\\\/ppdegalicia.com\\\/es\\\/o-parlamento-demanda-ao-goberno-central-a-rebaixa-do-ive-para-as-mascaras-e-hidroxeles-desinfectantes\\\/\",\"name\":\"O Parlamento demanda ao Goberno central a rebaixa do IVE para as m\u00e1scaras e hidroxeles desinfectantes - PP de Galicia\",\"isPartOf\":{\"@id\":\"https:\\\/\\\/ppdegalicia.com\\\/es\\\/#website\"},\"primaryImageOfPage\":{\"@id\":\"https:\\\/\\\/ppdegalicia.com\\\/es\\\/o-parlamento-demanda-ao-goberno-central-a-rebaixa-do-ive-para-as-mascaras-e-hidroxeles-desinfectantes\\\/#primaryimage\"},\"image\":{\"@id\":\"https:\\\/\\\/ppdegalicia.com\\\/es\\\/o-parlamento-demanda-ao-goberno-central-a-rebaixa-do-ive-para-as-mascaras-e-hidroxeles-desinfectantes\\\/#primaryimage\"},\"thumbnailUrl\":\"https:\\\/\\\/ppdegalicia.com\\\/wp-content\\\/uploads\\\/2020\\\/10\\\/9e2860452c1d2b0e6a12880faacca72d.jpg\",\"datePublished\":\"2020-10-07T08:52:42+00:00\",\"breadcrumb\":{\"@id\":\"https:\\\/\\\/ppdegalicia.com\\\/es\\\/o-parlamento-demanda-ao-goberno-central-a-rebaixa-do-ive-para-as-mascaras-e-hidroxeles-desinfectantes\\\/#breadcrumb\"},\"inLanguage\":\"es\",\"potentialAction\":[{\"@type\":\"ReadAction\",\"target\":[\"https:\\\/\\\/ppdegalicia.com\\\/es\\\/o-parlamento-demanda-ao-goberno-central-a-rebaixa-do-ive-para-as-mascaras-e-hidroxeles-desinfectantes\\\/\"]}]},{\"@type\":\"ImageObject\",\"inLanguage\":\"es\",\"@id\":\"https:\\\/\\\/ppdegalicia.com\\\/es\\\/o-parlamento-demanda-ao-goberno-central-a-rebaixa-do-ive-para-as-mascaras-e-hidroxeles-desinfectantes\\\/#primaryimage\",\"url\":\"https:\\\/\\\/ppdegalicia.com\\\/wp-content\\\/uploads\\\/2020\\\/10\\\/9e2860452c1d2b0e6a12880faacca72d.jpg\",\"contentUrl\":\"https:\\\/\\\/ppdegalicia.com\\\/wp-content\\\/uploads\\\/2020\\\/10\\\/9e2860452c1d2b0e6a12880faacca72d.jpg\",\"width\":1900,\"height\":1267},{\"@type\":\"BreadcrumbList\",\"@id\":\"https:\\\/\\\/ppdegalicia.com\\\/es\\\/o-parlamento-demanda-ao-goberno-central-a-rebaixa-do-ive-para-as-mascaras-e-hidroxeles-desinfectantes\\\/#breadcrumb\",\"itemListElement\":[{\"@type\":\"ListItem\",\"position\":1,\"name\":\"Portada\",\"item\":\"https:\\\/\\\/ppdegalicia.com\\\/es\\\/\"},{\"@type\":\"ListItem\",\"position\":2,\"name\":\"O Parlamento demanda ao Goberno central a rebaixa do IVE para as m\u00e1scaras e hidroxeles desinfectantes\"}]},{\"@type\":\"WebSite\",\"@id\":\"https:\\\/\\\/ppdegalicia.com\\\/es\\\/#website\",\"url\":\"https:\\\/\\\/ppdegalicia.com\\\/es\\\/\",\"name\":\"Partido Popular de Galicia\",\"description\":\"Partido Popular de Galicia\",\"publisher\":{\"@id\":\"https:\\\/\\\/ppdegalicia.com\\\/es\\\/#organization\"},\"alternateName\":\"PP de Galicia\",\"potentialAction\":[{\"@type\":\"SearchAction\",\"target\":{\"@type\":\"EntryPoint\",\"urlTemplate\":\"https:\\\/\\\/ppdegalicia.com\\\/es\\\/?s={search_term_string}\"},\"query-input\":{\"@type\":\"PropertyValueSpecification\",\"valueRequired\":true,\"valueName\":\"search_term_string\"}}],\"inLanguage\":\"es\"},{\"@type\":\"Organization\",\"@id\":\"https:\\\/\\\/ppdegalicia.com\\\/es\\\/#organization\",\"name\":\"Partido Popular de Galicia\",\"alternateName\":\"PP de Galicia\",\"url\":\"https:\\\/\\\/ppdegalicia.com\\\/es\\\/\",\"logo\":{\"@type\":\"ImageObject\",\"inLanguage\":\"es\",\"@id\":\"https:\\\/\\\/ppdegalicia.com\\\/es\\\/#\\\/schema\\\/logo\\\/image\\\/\",\"url\":\"https:\\\/\\\/ppdegalicia.com\\\/wp-content\\\/uploads\\\/2023\\\/04\\\/logoPP512.png\",\"contentUrl\":\"https:\\\/\\\/ppdegalicia.com\\\/wp-content\\\/uploads\\\/2023\\\/04\\\/logoPP512.png\",\"width\":512,\"height\":512,\"caption\":\"Partido Popular de Galicia\"},\"image\":{\"@id\":\"https:\\\/\\\/ppdegalicia.com\\\/es\\\/#\\\/schema\\\/logo\\\/image\\\/\"},\"sameAs\":[\"https:\\\/\\\/www.instagram.com\\\/ppdegalicia\\\/\",\"https:\\\/\\\/x.com\\\/ppdegalicia\",\"https:\\\/\\\/www.tiktok.com\\\/@ppdegalicia\",\"https:\\\/\\\/www.youtube.com\\\/user\\\/ppdegalicia\"]},{\"@type\":\"Person\",\"@id\":\"https:\\\/\\\/ppdegalicia.com\\\/es\\\/#\\\/schema\\\/person\\\/bc9b46e59ebd34bf28611158c3867388\",\"name\":\"ppdegaliciaedtis\",\"image\":{\"@type\":\"ImageObject\",\"inLanguage\":\"es\",\"@id\":\"https:\\\/\\\/secure.gravatar.com\\\/avatar\\\/f9f8cf6e03df54a1b0d04a6b4b8e8c6bd63c10a439752e84d87a5385aefe2ced?s=96&d=mm&r=g\",\"url\":\"https:\\\/\\\/secure.gravatar.com\\\/avatar\\\/f9f8cf6e03df54a1b0d04a6b4b8e8c6bd63c10a439752e84d87a5385aefe2ced?s=96&d=mm&r=g\",\"contentUrl\":\"https:\\\/\\\/secure.gravatar.com\\\/avatar\\\/f9f8cf6e03df54a1b0d04a6b4b8e8c6bd63c10a439752e84d87a5385aefe2ced?s=96&d=mm&r=g\",\"caption\":\"ppdegaliciaedtis\"},\"url\":\"https:\\\/\\\/ppdegalicia.com\\\/es\\\/author\\\/ppdegaliciaedits\\\/\"}]}<\/script>\n<!-- \/ Yoast SEO plugin. -->","yoast_head_json":{"title":"O Parlamento demanda ao Goberno central a rebaixa do IVE para as m\u00e1scaras e hidroxeles desinfectantes - PP de Galicia","robots":{"index":"index","follow":"follow","max-snippet":"max-snippet:-1","max-image-preview":"max-image-preview:large","max-video-preview":"max-video-preview:-1"},"canonical":"https:\/\/ppdegalicia.com\/es\/o-parlamento-demanda-ao-goberno-central-a-rebaixa-do-ive-para-as-mascaras-e-hidroxeles-desinfectantes\/","og_locale":"es_ES","og_type":"article","og_title":"O Parlamento demanda ao Goberno central a rebaixa do IVE para as m\u00e1scaras e hidroxeles desinfectantes - PP de Galicia","og_description":"Santiago, 7 de outubro de 2020.-\u00a0 O Parlamento de Galicia aprobou hoxe, coa \u00fanica abstenci\u00f3n do Grupo Socialista, a proposici\u00f3n non de lei do Grupo Popular a trav\u00e9s da que se solicita ao Goberno do Estado a modificaci\u00f3n do artigo 91 da Lei 37\/1992, do imposto sobre o valor engadido, de xeito que se incl\u00faan [&hellip;]","og_url":"https:\/\/ppdegalicia.com\/es\/o-parlamento-demanda-ao-goberno-central-a-rebaixa-do-ive-para-as-mascaras-e-hidroxeles-desinfectantes\/","og_site_name":"PP de Galicia","article_publisher":"https:\/\/www.instagram.com\/ppdegalicia\/","article_published_time":"2020-10-07T08:52:42+00:00","og_image":[{"width":1900,"height":1267,"url":"https:\/\/ppdegalicia.com\/wp-content\/uploads\/2020\/10\/9e2860452c1d2b0e6a12880faacca72d.jpg","type":"image\/jpeg"}],"author":"ppdegaliciaedtis","twitter_card":"summary_large_image","twitter_creator":"@ppdegalicia","twitter_site":"@ppdegalicia","twitter_misc":{"Escrito por":"ppdegaliciaedtis","Tiempo de lectura":"2 minutos"},"schema":{"@context":"https:\/\/schema.org","@graph":[{"@type":"Article","@id":"https:\/\/ppdegalicia.com\/es\/o-parlamento-demanda-ao-goberno-central-a-rebaixa-do-ive-para-as-mascaras-e-hidroxeles-desinfectantes\/#article","isPartOf":{"@id":"https:\/\/ppdegalicia.com\/es\/o-parlamento-demanda-ao-goberno-central-a-rebaixa-do-ive-para-as-mascaras-e-hidroxeles-desinfectantes\/"},"author":{"name":"ppdegaliciaedtis","@id":"https:\/\/ppdegalicia.com\/es\/#\/schema\/person\/bc9b46e59ebd34bf28611158c3867388"},"headline":"O Parlamento demanda ao Goberno central a rebaixa do IVE para as m\u00e1scaras e hidroxeles desinfectantes","datePublished":"2020-10-07T08:52:42+00:00","mainEntityOfPage":{"@id":"https:\/\/ppdegalicia.com\/es\/o-parlamento-demanda-ao-goberno-central-a-rebaixa-do-ive-para-as-mascaras-e-hidroxeles-desinfectantes\/"},"wordCount":349,"commentCount":0,"publisher":{"@id":"https:\/\/ppdegalicia.com\/es\/#organization"},"image":{"@id":"https:\/\/ppdegalicia.com\/es\/o-parlamento-demanda-ao-goberno-central-a-rebaixa-do-ive-para-as-mascaras-e-hidroxeles-desinfectantes\/#primaryimage"},"thumbnailUrl":"https:\/\/ppdegalicia.com\/wp-content\/uploads\/2020\/10\/9e2860452c1d2b0e6a12880faacca72d.jpg","articleSection":["PP de Galicia"],"inLanguage":"es","potentialAction":[{"@type":"CommentAction","name":"Comment","target":["https:\/\/ppdegalicia.com\/es\/o-parlamento-demanda-ao-goberno-central-a-rebaixa-do-ive-para-as-mascaras-e-hidroxeles-desinfectantes\/#respond"]}]},{"@type":"WebPage","@id":"https:\/\/ppdegalicia.com\/es\/o-parlamento-demanda-ao-goberno-central-a-rebaixa-do-ive-para-as-mascaras-e-hidroxeles-desinfectantes\/","url":"https:\/\/ppdegalicia.com\/es\/o-parlamento-demanda-ao-goberno-central-a-rebaixa-do-ive-para-as-mascaras-e-hidroxeles-desinfectantes\/","name":"O Parlamento demanda ao Goberno central a rebaixa do IVE para as m\u00e1scaras e hidroxeles desinfectantes - PP de Galicia","isPartOf":{"@id":"https:\/\/ppdegalicia.com\/es\/#website"},"primaryImageOfPage":{"@id":"https:\/\/ppdegalicia.com\/es\/o-parlamento-demanda-ao-goberno-central-a-rebaixa-do-ive-para-as-mascaras-e-hidroxeles-desinfectantes\/#primaryimage"},"image":{"@id":"https:\/\/ppdegalicia.com\/es\/o-parlamento-demanda-ao-goberno-central-a-rebaixa-do-ive-para-as-mascaras-e-hidroxeles-desinfectantes\/#primaryimage"},"thumbnailUrl":"https:\/\/ppdegalicia.com\/wp-content\/uploads\/2020\/10\/9e2860452c1d2b0e6a12880faacca72d.jpg","datePublished":"2020-10-07T08:52:42+00:00","breadcrumb":{"@id":"https:\/\/ppdegalicia.com\/es\/o-parlamento-demanda-ao-goberno-central-a-rebaixa-do-ive-para-as-mascaras-e-hidroxeles-desinfectantes\/#breadcrumb"},"inLanguage":"es","potentialAction":[{"@type":"ReadAction","target":["https:\/\/ppdegalicia.com\/es\/o-parlamento-demanda-ao-goberno-central-a-rebaixa-do-ive-para-as-mascaras-e-hidroxeles-desinfectantes\/"]}]},{"@type":"ImageObject","inLanguage":"es","@id":"https:\/\/ppdegalicia.com\/es\/o-parlamento-demanda-ao-goberno-central-a-rebaixa-do-ive-para-as-mascaras-e-hidroxeles-desinfectantes\/#primaryimage","url":"https:\/\/ppdegalicia.com\/wp-content\/uploads\/2020\/10\/9e2860452c1d2b0e6a12880faacca72d.jpg","contentUrl":"https:\/\/ppdegalicia.com\/wp-content\/uploads\/2020\/10\/9e2860452c1d2b0e6a12880faacca72d.jpg","width":1900,"height":1267},{"@type":"BreadcrumbList","@id":"https:\/\/ppdegalicia.com\/es\/o-parlamento-demanda-ao-goberno-central-a-rebaixa-do-ive-para-as-mascaras-e-hidroxeles-desinfectantes\/#breadcrumb","itemListElement":[{"@type":"ListItem","position":1,"name":"Portada","item":"https:\/\/ppdegalicia.com\/es\/"},{"@type":"ListItem","position":2,"name":"O Parlamento demanda ao Goberno central a rebaixa do IVE para as m\u00e1scaras e hidroxeles desinfectantes"}]},{"@type":"WebSite","@id":"https:\/\/ppdegalicia.com\/es\/#website","url":"https:\/\/ppdegalicia.com\/es\/","name":"Partido Popular de Galicia","description":"Partido Popular de Galicia","publisher":{"@id":"https:\/\/ppdegalicia.com\/es\/#organization"},"alternateName":"PP de Galicia","potentialAction":[{"@type":"SearchAction","target":{"@type":"EntryPoint","urlTemplate":"https:\/\/ppdegalicia.com\/es\/?s={search_term_string}"},"query-input":{"@type":"PropertyValueSpecification","valueRequired":true,"valueName":"search_term_string"}}],"inLanguage":"es"},{"@type":"Organization","@id":"https:\/\/ppdegalicia.com\/es\/#organization","name":"Partido Popular de Galicia","alternateName":"PP de Galicia","url":"https:\/\/ppdegalicia.com\/es\/","logo":{"@type":"ImageObject","inLanguage":"es","@id":"https:\/\/ppdegalicia.com\/es\/#\/schema\/logo\/image\/","url":"https:\/\/ppdegalicia.com\/wp-content\/uploads\/2023\/04\/logoPP512.png","contentUrl":"https:\/\/ppdegalicia.com\/wp-content\/uploads\/2023\/04\/logoPP512.png","width":512,"height":512,"caption":"Partido Popular de Galicia"},"image":{"@id":"https:\/\/ppdegalicia.com\/es\/#\/schema\/logo\/image\/"},"sameAs":["https:\/\/www.instagram.com\/ppdegalicia\/","https:\/\/x.com\/ppdegalicia","https:\/\/www.tiktok.com\/@ppdegalicia","https:\/\/www.youtube.com\/user\/ppdegalicia"]},{"@type":"Person","@id":"https:\/\/ppdegalicia.com\/es\/#\/schema\/person\/bc9b46e59ebd34bf28611158c3867388","name":"ppdegaliciaedtis","image":{"@type":"ImageObject","inLanguage":"es","@id":"https:\/\/secure.gravatar.com\/avatar\/f9f8cf6e03df54a1b0d04a6b4b8e8c6bd63c10a439752e84d87a5385aefe2ced?s=96&d=mm&r=g","url":"https:\/\/secure.gravatar.com\/avatar\/f9f8cf6e03df54a1b0d04a6b4b8e8c6bd63c10a439752e84d87a5385aefe2ced?s=96&d=mm&r=g","contentUrl":"https:\/\/secure.gravatar.com\/avatar\/f9f8cf6e03df54a1b0d04a6b4b8e8c6bd63c10a439752e84d87a5385aefe2ced?s=96&d=mm&r=g","caption":"ppdegaliciaedtis"},"url":"https:\/\/ppdegalicia.com\/es\/author\/ppdegaliciaedits\/"}]}},"_links":{"self":[{"href":"https:\/\/ppdegalicia.com\/es\/wp-json\/wp\/v2\/posts\/54758","targetHints":{"allow":["GET"]}}],"collection":[{"href":"https:\/\/ppdegalicia.com\/es\/wp-json\/wp\/v2\/posts"}],"about":[{"href":"https:\/\/ppdegalicia.com\/es\/wp-json\/wp\/v2\/types\/post"}],"author":[{"embeddable":true,"href":"https:\/\/ppdegalicia.com\/es\/wp-json\/wp\/v2\/users\/40"}],"replies":[{"embeddable":true,"href":"https:\/\/ppdegalicia.com\/es\/wp-json\/wp\/v2\/comments?post=54758"}],"version-history":[{"count":0,"href":"https:\/\/ppdegalicia.com\/es\/wp-json\/wp\/v2\/posts\/54758\/revisions"}],"wp:featuredmedia":[{"embeddable":true,"href":"https:\/\/ppdegalicia.com\/es\/wp-json\/wp\/v2\/media\/54757"}],"wp:attachment":[{"href":"https:\/\/ppdegalicia.com\/es\/wp-json\/wp\/v2\/media?parent=54758"}],"wp:term":[{"taxonomy":"category","embeddable":true,"href":"https:\/\/ppdegalicia.com\/es\/wp-json\/wp\/v2\/categories?post=54758"},{"taxonomy":"post_tag","embeddable":true,"href":"https:\/\/ppdegalicia.com\/es\/wp-json\/wp\/v2\/tags?post=54758"}],"curies":[{"name":"wp","href":"https:\/\/api.w.org\/{rel}","templated":true}]}}