{"id":54760,"date":"2020-10-07T11:45:23","date_gmt":"2020-10-07T09:45:23","guid":{"rendered":"https:\/\/ppdegalicia.com\/o-parlamento-galego-demanda-que-a-xunta-estude-vias-para-a-recuperacion-das-estatuas-de-abraham-e-isaac\/"},"modified":"2020-10-07T11:45:23","modified_gmt":"2020-10-07T09:45:23","slug":"o-parlamento-galego-demanda-que-a-xunta-estude-vias-para-a-recuperacion-das-estatuas-de-abraham-e-isaac","status":"publish","type":"post","link":"https:\/\/ppdegalicia.com\/es\/o-parlamento-galego-demanda-que-a-xunta-estude-vias-para-a-recuperacion-das-estatuas-de-abraham-e-isaac\/","title":{"rendered":"O Parlamento galego demanda que a Xunta estude v\u00edas para a recuperaci\u00f3n das estatuas de Abraham e Isaac"},"content":{"rendered":"<p><img fetchpriority=\"high\" decoding=\"async\" class=\" size-full wp-image-54759\" src=\"https:\/\/ppdegalicia.com\/wp-content\/uploads\/2020\/10\/fe0efe99c1b37c50887addb07331c023.jpg\" alt=\"\" width=\"1900\" height=\"1267\" srcset=\"https:\/\/ppdegalicia.com\/wp-content\/uploads\/2020\/10\/fe0efe99c1b37c50887addb07331c023.jpg 1900w, https:\/\/ppdegalicia.com\/wp-content\/uploads\/2020\/10\/fe0efe99c1b37c50887addb07331c023-300x200.jpg 300w, https:\/\/ppdegalicia.com\/wp-content\/uploads\/2020\/10\/fe0efe99c1b37c50887addb07331c023-1024x683.jpg 1024w, https:\/\/ppdegalicia.com\/wp-content\/uploads\/2020\/10\/fe0efe99c1b37c50887addb07331c023-768x512.jpg 768w, https:\/\/ppdegalicia.com\/wp-content\/uploads\/2020\/10\/fe0efe99c1b37c50887addb07331c023-1536x1024.jpg 1536w\" sizes=\"(max-width: 1900px) 100vw, 1900px\" \/><\/p>\n<p>Santiago, 7 de outubro de 2020.-\u00a0 O Parlamento de Galicia aprobou hoxe por unanimidade unha proposici\u00f3n non de lei a trav\u00e9s da que se insta \u00e1 Xunta a investigar e documentar, do mesmo xeito que se fixo co Pazo de Meir\u00e1s, o espolio das estatuas de Abraham e Isaac e estudar as v\u00edas para a s\u00faa recuperaci\u00f3n por parte do Concello de Santiago.<\/p>\n<p><!--more--><\/p>\n<p>As\u00ed mesmo, solic\u00edtase a creaci\u00f3n dun grupo de traballo con Concello compostel\u00e1n, aberto \u00e1 participaci\u00f3n da Deputaci\u00f3n de A Coru\u00f1a e o Goberno de Espa\u00f1a, as\u00ed como dos \u00e1mbitos xur\u00eddico e hist\u00f3rico e asociaci\u00f3ns de defensa do patrimonio, que valore as li\u00f1as de acci\u00f3n de cara \u00e1 recuperaci\u00f3n destas esculturas.<\/p>\n<p>No debate da proposici\u00f3n non de lei sobre as estatuas de Abraham e Isaac do Mestre Mateo, o deputado popular Borja Verea subli\u00f1ou que o PPdeG \u201cvai traballar con todas as instituci\u00f3ns, todas as administraci\u00f3ns e con todos os instrumentos legais\u201d para que estas figuras volvan formar parte do patrimonio p\u00fablico.<\/p>\n<p><strong>OBRIGAS DOS TENEDORES<\/strong><\/p>\n<p>Neste sentido, lembrou que o Goberno galego incoou e declarou estas d\u00faas estatuas como ben de interese cultural o 4 de setembro de 2019, \u201ce estamos convencidos de que esta declaraci\u00f3n axudar\u00e1 no procedemento de recuperaci\u00f3n ao patrimonio p\u00fablico, m\u00e1is al\u00e1 de esixir xa aos actuais tenedores as mesmas obrigas importantes como o deber de conservaci\u00f3n, acceso e comunicaci\u00f3n; o dereito de tanteo e retracto; as\u00ed como o deber de habilitar un tempo de visita p\u00fablica\u201d. <\/p>\n<p>Borja Verea salientou \u201ca importancia de traballar de xeito conxunto entre as distintas administraci\u00f3ns\u201d e neste sentido destacou a recente creaci\u00f3n dun grupo de traballo entre a Xunta e o Concello de Santiago para analizar as \u00faltimas evidencias en torno \u00e1s estatuas de Abraham e Isaac.<\/p>\n<p><strong>O\u00a0 PSOE VETA O ACORDO SOBRE O PAZO DE MEIR\u00c1S<\/strong><\/p>\n<p>As\u00ed mesmo, o deputado Alberto Pazos criticou que os socialistas privaran ao Grupo Popular de votar a favor da s\u00faa proposici\u00f3n non de lei que agradec\u00eda \u2018a dedicaci\u00f3n e o esforzo de todas as persoas, as\u00ed como das entidades p\u00fablicas e privadas que coa s\u00faa aportaci\u00f3n e impulso fixeron posible unha sentencia hist\u00f3rica que, a\u00ednda pendente de recurso, fai posible a recuperaci\u00f3n do Pazo de Meir\u00e1s\u2019, \u201ca pesar de que non compart\u00edamos que se lle fixera a pelota directamente ao Presidente do Goberno central ao ensalzar directamente o labor feito desde a Direcci\u00f3n Xeral de Memoria Hist\u00f3rica\u201d. <\/p>\n<p>Pazos destacou que \u201ca colaboraci\u00f3n leal de todos no marco do actual Estado de Dereito foi o feito diferencial que permitiu a recuperaci\u00f3n das Torres de Meir\u00e1s para goce de todos os galegos\u201d, polo que \u201cespero que te\u00f1amos aprendido a lecci\u00f3n e que todos fuxamos no futuro de divisi\u00f3ns innecesarias e de atallos xur\u00eddicos que s\u00f3 conducen a aumentar a frustraci\u00f3n da sociedade\u201d. <\/p>\n","protected":false},"excerpt":{"rendered":"<p>Santiago, 7 de outubro de 2020.-\u00a0 O Parlamento de Galicia aprobou hoxe por unanimidade unha proposici\u00f3n non de lei a trav\u00e9s da que se insta \u00e1 Xunta a investigar e documentar, do mesmo xeito que se fixo co Pazo de Meir\u00e1s, o espolio das estatuas de Abraham e Isaac e estudar as v\u00edas para a [&hellip;]<\/p>\n","protected":false},"author":40,"featured_media":54759,"comment_status":"open","ping_status":"open","sticky":false,"template":"","format":"standard","meta":{"_acf_changed":false,"footnotes":""},"categories":[1],"tags":[],"class_list":["post-54760","post","type-post","status-publish","format-standard","has-post-thumbnail","hentry","category-pp-de-galicia"],"acf":[],"yoast_head":"<!-- This site is optimized with the Yoast SEO plugin v27.3 - https:\/\/yoast.com\/product\/yoast-seo-wordpress\/ -->\n<title>O Parlamento galego demanda que a Xunta estude v\u00edas para a recuperaci\u00f3n das estatuas de Abraham e Isaac - PP de Galicia<\/title>\n<meta name=\"robots\" content=\"index, follow, max-snippet:-1, max-image-preview:large, max-video-preview:-1\" \/>\n<link rel=\"canonical\" href=\"https:\/\/ppdegalicia.com\/es\/o-parlamento-galego-demanda-que-a-xunta-estude-vias-para-a-recuperacion-das-estatuas-de-abraham-e-isaac\/\" \/>\n<meta property=\"og:locale\" content=\"es_ES\" \/>\n<meta property=\"og:type\" content=\"article\" \/>\n<meta property=\"og:title\" content=\"O Parlamento galego demanda que a Xunta estude v\u00edas para a recuperaci\u00f3n das estatuas de Abraham e Isaac - PP de Galicia\" \/>\n<meta property=\"og:description\" content=\"Santiago, 7 de outubro de 2020.-\u00a0 O Parlamento de Galicia aprobou hoxe por unanimidade unha proposici\u00f3n non de lei a trav\u00e9s da que se insta \u00e1 Xunta a investigar e documentar, do mesmo xeito que se fixo co Pazo de Meir\u00e1s, o espolio das estatuas de Abraham e Isaac e estudar as v\u00edas para a [&hellip;]\" \/>\n<meta property=\"og:url\" content=\"https:\/\/ppdegalicia.com\/es\/o-parlamento-galego-demanda-que-a-xunta-estude-vias-para-a-recuperacion-das-estatuas-de-abraham-e-isaac\/\" \/>\n<meta property=\"og:site_name\" content=\"PP de Galicia\" \/>\n<meta property=\"article:publisher\" content=\"https:\/\/www.instagram.com\/ppdegalicia\/\" \/>\n<meta property=\"article:published_time\" content=\"2020-10-07T09:45:23+00:00\" \/>\n<meta property=\"og:image\" content=\"https:\/\/ppdegalicia.com\/wp-content\/uploads\/2020\/10\/fe0efe99c1b37c50887addb07331c023.jpg\" \/>\n\t<meta property=\"og:image:width\" content=\"1900\" \/>\n\t<meta property=\"og:image:height\" content=\"1267\" \/>\n\t<meta property=\"og:image:type\" content=\"image\/jpeg\" \/>\n<meta name=\"author\" content=\"ppdegaliciaedtis\" \/>\n<meta name=\"twitter:card\" content=\"summary_large_image\" \/>\n<meta name=\"twitter:creator\" content=\"@ppdegalicia\" \/>\n<meta name=\"twitter:site\" content=\"@ppdegalicia\" \/>\n<meta name=\"twitter:label1\" content=\"Escrito por\" \/>\n\t<meta name=\"twitter:data1\" content=\"ppdegaliciaedtis\" \/>\n\t<meta name=\"twitter:label2\" content=\"Tiempo de lectura\" \/>\n\t<meta name=\"twitter:data2\" content=\"3 minutos\" \/>\n<script type=\"application\/ld+json\" class=\"yoast-schema-graph\">{\"@context\":\"https:\\\/\\\/schema.org\",\"@graph\":[{\"@type\":\"Article\",\"@id\":\"https:\\\/\\\/ppdegalicia.com\\\/es\\\/o-parlamento-galego-demanda-que-a-xunta-estude-vias-para-a-recuperacion-das-estatuas-de-abraham-e-isaac\\\/#article\",\"isPartOf\":{\"@id\":\"https:\\\/\\\/ppdegalicia.com\\\/es\\\/o-parlamento-galego-demanda-que-a-xunta-estude-vias-para-a-recuperacion-das-estatuas-de-abraham-e-isaac\\\/\"},\"author\":{\"name\":\"ppdegaliciaedtis\",\"@id\":\"https:\\\/\\\/ppdegalicia.com\\\/es\\\/#\\\/schema\\\/person\\\/bc9b46e59ebd34bf28611158c3867388\"},\"headline\":\"O Parlamento galego demanda que a Xunta estude v\u00edas para a recuperaci\u00f3n das estatuas de Abraham e Isaac\",\"datePublished\":\"2020-10-07T09:45:23+00:00\",\"mainEntityOfPage\":{\"@id\":\"https:\\\/\\\/ppdegalicia.com\\\/es\\\/o-parlamento-galego-demanda-que-a-xunta-estude-vias-para-a-recuperacion-das-estatuas-de-abraham-e-isaac\\\/\"},\"wordCount\":530,\"commentCount\":0,\"publisher\":{\"@id\":\"https:\\\/\\\/ppdegalicia.com\\\/es\\\/#organization\"},\"image\":{\"@id\":\"https:\\\/\\\/ppdegalicia.com\\\/es\\\/o-parlamento-galego-demanda-que-a-xunta-estude-vias-para-a-recuperacion-das-estatuas-de-abraham-e-isaac\\\/#primaryimage\"},\"thumbnailUrl\":\"https:\\\/\\\/ppdegalicia.com\\\/wp-content\\\/uploads\\\/2020\\\/10\\\/fe0efe99c1b37c50887addb07331c023.jpg\",\"articleSection\":[\"PP de Galicia\"],\"inLanguage\":\"es\",\"potentialAction\":[{\"@type\":\"CommentAction\",\"name\":\"Comment\",\"target\":[\"https:\\\/\\\/ppdegalicia.com\\\/es\\\/o-parlamento-galego-demanda-que-a-xunta-estude-vias-para-a-recuperacion-das-estatuas-de-abraham-e-isaac\\\/#respond\"]}]},{\"@type\":\"WebPage\",\"@id\":\"https:\\\/\\\/ppdegalicia.com\\\/es\\\/o-parlamento-galego-demanda-que-a-xunta-estude-vias-para-a-recuperacion-das-estatuas-de-abraham-e-isaac\\\/\",\"url\":\"https:\\\/\\\/ppdegalicia.com\\\/es\\\/o-parlamento-galego-demanda-que-a-xunta-estude-vias-para-a-recuperacion-das-estatuas-de-abraham-e-isaac\\\/\",\"name\":\"O Parlamento galego demanda que a Xunta estude v\u00edas para a recuperaci\u00f3n das estatuas de Abraham e Isaac - PP de Galicia\",\"isPartOf\":{\"@id\":\"https:\\\/\\\/ppdegalicia.com\\\/es\\\/#website\"},\"primaryImageOfPage\":{\"@id\":\"https:\\\/\\\/ppdegalicia.com\\\/es\\\/o-parlamento-galego-demanda-que-a-xunta-estude-vias-para-a-recuperacion-das-estatuas-de-abraham-e-isaac\\\/#primaryimage\"},\"image\":{\"@id\":\"https:\\\/\\\/ppdegalicia.com\\\/es\\\/o-parlamento-galego-demanda-que-a-xunta-estude-vias-para-a-recuperacion-das-estatuas-de-abraham-e-isaac\\\/#primaryimage\"},\"thumbnailUrl\":\"https:\\\/\\\/ppdegalicia.com\\\/wp-content\\\/uploads\\\/2020\\\/10\\\/fe0efe99c1b37c50887addb07331c023.jpg\",\"datePublished\":\"2020-10-07T09:45:23+00:00\",\"breadcrumb\":{\"@id\":\"https:\\\/\\\/ppdegalicia.com\\\/es\\\/o-parlamento-galego-demanda-que-a-xunta-estude-vias-para-a-recuperacion-das-estatuas-de-abraham-e-isaac\\\/#breadcrumb\"},\"inLanguage\":\"es\",\"potentialAction\":[{\"@type\":\"ReadAction\",\"target\":[\"https:\\\/\\\/ppdegalicia.com\\\/es\\\/o-parlamento-galego-demanda-que-a-xunta-estude-vias-para-a-recuperacion-das-estatuas-de-abraham-e-isaac\\\/\"]}]},{\"@type\":\"ImageObject\",\"inLanguage\":\"es\",\"@id\":\"https:\\\/\\\/ppdegalicia.com\\\/es\\\/o-parlamento-galego-demanda-que-a-xunta-estude-vias-para-a-recuperacion-das-estatuas-de-abraham-e-isaac\\\/#primaryimage\",\"url\":\"https:\\\/\\\/ppdegalicia.com\\\/wp-content\\\/uploads\\\/2020\\\/10\\\/fe0efe99c1b37c50887addb07331c023.jpg\",\"contentUrl\":\"https:\\\/\\\/ppdegalicia.com\\\/wp-content\\\/uploads\\\/2020\\\/10\\\/fe0efe99c1b37c50887addb07331c023.jpg\",\"width\":1900,\"height\":1267},{\"@type\":\"BreadcrumbList\",\"@id\":\"https:\\\/\\\/ppdegalicia.com\\\/es\\\/o-parlamento-galego-demanda-que-a-xunta-estude-vias-para-a-recuperacion-das-estatuas-de-abraham-e-isaac\\\/#breadcrumb\",\"itemListElement\":[{\"@type\":\"ListItem\",\"position\":1,\"name\":\"Portada\",\"item\":\"https:\\\/\\\/ppdegalicia.com\\\/es\\\/\"},{\"@type\":\"ListItem\",\"position\":2,\"name\":\"O Parlamento galego demanda que a Xunta estude v\u00edas para a recuperaci\u00f3n das estatuas de Abraham e Isaac\"}]},{\"@type\":\"WebSite\",\"@id\":\"https:\\\/\\\/ppdegalicia.com\\\/es\\\/#website\",\"url\":\"https:\\\/\\\/ppdegalicia.com\\\/es\\\/\",\"name\":\"Partido Popular de Galicia\",\"description\":\"Partido Popular de Galicia\",\"publisher\":{\"@id\":\"https:\\\/\\\/ppdegalicia.com\\\/es\\\/#organization\"},\"alternateName\":\"PP de Galicia\",\"potentialAction\":[{\"@type\":\"SearchAction\",\"target\":{\"@type\":\"EntryPoint\",\"urlTemplate\":\"https:\\\/\\\/ppdegalicia.com\\\/es\\\/?s={search_term_string}\"},\"query-input\":{\"@type\":\"PropertyValueSpecification\",\"valueRequired\":true,\"valueName\":\"search_term_string\"}}],\"inLanguage\":\"es\"},{\"@type\":\"Organization\",\"@id\":\"https:\\\/\\\/ppdegalicia.com\\\/es\\\/#organization\",\"name\":\"Partido Popular de Galicia\",\"alternateName\":\"PP de Galicia\",\"url\":\"https:\\\/\\\/ppdegalicia.com\\\/es\\\/\",\"logo\":{\"@type\":\"ImageObject\",\"inLanguage\":\"es\",\"@id\":\"https:\\\/\\\/ppdegalicia.com\\\/es\\\/#\\\/schema\\\/logo\\\/image\\\/\",\"url\":\"https:\\\/\\\/ppdegalicia.com\\\/wp-content\\\/uploads\\\/2023\\\/04\\\/logoPP512.png\",\"contentUrl\":\"https:\\\/\\\/ppdegalicia.com\\\/wp-content\\\/uploads\\\/2023\\\/04\\\/logoPP512.png\",\"width\":512,\"height\":512,\"caption\":\"Partido Popular de Galicia\"},\"image\":{\"@id\":\"https:\\\/\\\/ppdegalicia.com\\\/es\\\/#\\\/schema\\\/logo\\\/image\\\/\"},\"sameAs\":[\"https:\\\/\\\/www.instagram.com\\\/ppdegalicia\\\/\",\"https:\\\/\\\/x.com\\\/ppdegalicia\",\"https:\\\/\\\/www.tiktok.com\\\/@ppdegalicia\",\"https:\\\/\\\/www.youtube.com\\\/user\\\/ppdegalicia\"]},{\"@type\":\"Person\",\"@id\":\"https:\\\/\\\/ppdegalicia.com\\\/es\\\/#\\\/schema\\\/person\\\/bc9b46e59ebd34bf28611158c3867388\",\"name\":\"ppdegaliciaedtis\",\"image\":{\"@type\":\"ImageObject\",\"inLanguage\":\"es\",\"@id\":\"https:\\\/\\\/secure.gravatar.com\\\/avatar\\\/f9f8cf6e03df54a1b0d04a6b4b8e8c6bd63c10a439752e84d87a5385aefe2ced?s=96&d=mm&r=g\",\"url\":\"https:\\\/\\\/secure.gravatar.com\\\/avatar\\\/f9f8cf6e03df54a1b0d04a6b4b8e8c6bd63c10a439752e84d87a5385aefe2ced?s=96&d=mm&r=g\",\"contentUrl\":\"https:\\\/\\\/secure.gravatar.com\\\/avatar\\\/f9f8cf6e03df54a1b0d04a6b4b8e8c6bd63c10a439752e84d87a5385aefe2ced?s=96&d=mm&r=g\",\"caption\":\"ppdegaliciaedtis\"},\"url\":\"https:\\\/\\\/ppdegalicia.com\\\/es\\\/author\\\/ppdegaliciaedits\\\/\"}]}<\/script>\n<!-- \/ Yoast SEO plugin. -->","yoast_head_json":{"title":"O Parlamento galego demanda que a Xunta estude v\u00edas para a recuperaci\u00f3n das estatuas de Abraham e Isaac - PP de Galicia","robots":{"index":"index","follow":"follow","max-snippet":"max-snippet:-1","max-image-preview":"max-image-preview:large","max-video-preview":"max-video-preview:-1"},"canonical":"https:\/\/ppdegalicia.com\/es\/o-parlamento-galego-demanda-que-a-xunta-estude-vias-para-a-recuperacion-das-estatuas-de-abraham-e-isaac\/","og_locale":"es_ES","og_type":"article","og_title":"O Parlamento galego demanda que a Xunta estude v\u00edas para a recuperaci\u00f3n das estatuas de Abraham e Isaac - PP de Galicia","og_description":"Santiago, 7 de outubro de 2020.-\u00a0 O Parlamento de Galicia aprobou hoxe por unanimidade unha proposici\u00f3n non de lei a trav\u00e9s da que se insta \u00e1 Xunta a investigar e documentar, do mesmo xeito que se fixo co Pazo de Meir\u00e1s, o espolio das estatuas de Abraham e Isaac e estudar as v\u00edas para a [&hellip;]","og_url":"https:\/\/ppdegalicia.com\/es\/o-parlamento-galego-demanda-que-a-xunta-estude-vias-para-a-recuperacion-das-estatuas-de-abraham-e-isaac\/","og_site_name":"PP de Galicia","article_publisher":"https:\/\/www.instagram.com\/ppdegalicia\/","article_published_time":"2020-10-07T09:45:23+00:00","og_image":[{"width":1900,"height":1267,"url":"https:\/\/ppdegalicia.com\/wp-content\/uploads\/2020\/10\/fe0efe99c1b37c50887addb07331c023.jpg","type":"image\/jpeg"}],"author":"ppdegaliciaedtis","twitter_card":"summary_large_image","twitter_creator":"@ppdegalicia","twitter_site":"@ppdegalicia","twitter_misc":{"Escrito por":"ppdegaliciaedtis","Tiempo de lectura":"3 minutos"},"schema":{"@context":"https:\/\/schema.org","@graph":[{"@type":"Article","@id":"https:\/\/ppdegalicia.com\/es\/o-parlamento-galego-demanda-que-a-xunta-estude-vias-para-a-recuperacion-das-estatuas-de-abraham-e-isaac\/#article","isPartOf":{"@id":"https:\/\/ppdegalicia.com\/es\/o-parlamento-galego-demanda-que-a-xunta-estude-vias-para-a-recuperacion-das-estatuas-de-abraham-e-isaac\/"},"author":{"name":"ppdegaliciaedtis","@id":"https:\/\/ppdegalicia.com\/es\/#\/schema\/person\/bc9b46e59ebd34bf28611158c3867388"},"headline":"O Parlamento galego demanda que a Xunta estude v\u00edas para a recuperaci\u00f3n das estatuas de Abraham e Isaac","datePublished":"2020-10-07T09:45:23+00:00","mainEntityOfPage":{"@id":"https:\/\/ppdegalicia.com\/es\/o-parlamento-galego-demanda-que-a-xunta-estude-vias-para-a-recuperacion-das-estatuas-de-abraham-e-isaac\/"},"wordCount":530,"commentCount":0,"publisher":{"@id":"https:\/\/ppdegalicia.com\/es\/#organization"},"image":{"@id":"https:\/\/ppdegalicia.com\/es\/o-parlamento-galego-demanda-que-a-xunta-estude-vias-para-a-recuperacion-das-estatuas-de-abraham-e-isaac\/#primaryimage"},"thumbnailUrl":"https:\/\/ppdegalicia.com\/wp-content\/uploads\/2020\/10\/fe0efe99c1b37c50887addb07331c023.jpg","articleSection":["PP de Galicia"],"inLanguage":"es","potentialAction":[{"@type":"CommentAction","name":"Comment","target":["https:\/\/ppdegalicia.com\/es\/o-parlamento-galego-demanda-que-a-xunta-estude-vias-para-a-recuperacion-das-estatuas-de-abraham-e-isaac\/#respond"]}]},{"@type":"WebPage","@id":"https:\/\/ppdegalicia.com\/es\/o-parlamento-galego-demanda-que-a-xunta-estude-vias-para-a-recuperacion-das-estatuas-de-abraham-e-isaac\/","url":"https:\/\/ppdegalicia.com\/es\/o-parlamento-galego-demanda-que-a-xunta-estude-vias-para-a-recuperacion-das-estatuas-de-abraham-e-isaac\/","name":"O Parlamento galego demanda que a Xunta estude v\u00edas para a recuperaci\u00f3n das estatuas de Abraham e Isaac - PP de Galicia","isPartOf":{"@id":"https:\/\/ppdegalicia.com\/es\/#website"},"primaryImageOfPage":{"@id":"https:\/\/ppdegalicia.com\/es\/o-parlamento-galego-demanda-que-a-xunta-estude-vias-para-a-recuperacion-das-estatuas-de-abraham-e-isaac\/#primaryimage"},"image":{"@id":"https:\/\/ppdegalicia.com\/es\/o-parlamento-galego-demanda-que-a-xunta-estude-vias-para-a-recuperacion-das-estatuas-de-abraham-e-isaac\/#primaryimage"},"thumbnailUrl":"https:\/\/ppdegalicia.com\/wp-content\/uploads\/2020\/10\/fe0efe99c1b37c50887addb07331c023.jpg","datePublished":"2020-10-07T09:45:23+00:00","breadcrumb":{"@id":"https:\/\/ppdegalicia.com\/es\/o-parlamento-galego-demanda-que-a-xunta-estude-vias-para-a-recuperacion-das-estatuas-de-abraham-e-isaac\/#breadcrumb"},"inLanguage":"es","potentialAction":[{"@type":"ReadAction","target":["https:\/\/ppdegalicia.com\/es\/o-parlamento-galego-demanda-que-a-xunta-estude-vias-para-a-recuperacion-das-estatuas-de-abraham-e-isaac\/"]}]},{"@type":"ImageObject","inLanguage":"es","@id":"https:\/\/ppdegalicia.com\/es\/o-parlamento-galego-demanda-que-a-xunta-estude-vias-para-a-recuperacion-das-estatuas-de-abraham-e-isaac\/#primaryimage","url":"https:\/\/ppdegalicia.com\/wp-content\/uploads\/2020\/10\/fe0efe99c1b37c50887addb07331c023.jpg","contentUrl":"https:\/\/ppdegalicia.com\/wp-content\/uploads\/2020\/10\/fe0efe99c1b37c50887addb07331c023.jpg","width":1900,"height":1267},{"@type":"BreadcrumbList","@id":"https:\/\/ppdegalicia.com\/es\/o-parlamento-galego-demanda-que-a-xunta-estude-vias-para-a-recuperacion-das-estatuas-de-abraham-e-isaac\/#breadcrumb","itemListElement":[{"@type":"ListItem","position":1,"name":"Portada","item":"https:\/\/ppdegalicia.com\/es\/"},{"@type":"ListItem","position":2,"name":"O Parlamento galego demanda que a Xunta estude v\u00edas para a recuperaci\u00f3n das estatuas de Abraham e Isaac"}]},{"@type":"WebSite","@id":"https:\/\/ppdegalicia.com\/es\/#website","url":"https:\/\/ppdegalicia.com\/es\/","name":"Partido Popular de Galicia","description":"Partido Popular de Galicia","publisher":{"@id":"https:\/\/ppdegalicia.com\/es\/#organization"},"alternateName":"PP de Galicia","potentialAction":[{"@type":"SearchAction","target":{"@type":"EntryPoint","urlTemplate":"https:\/\/ppdegalicia.com\/es\/?s={search_term_string}"},"query-input":{"@type":"PropertyValueSpecification","valueRequired":true,"valueName":"search_term_string"}}],"inLanguage":"es"},{"@type":"Organization","@id":"https:\/\/ppdegalicia.com\/es\/#organization","name":"Partido Popular de Galicia","alternateName":"PP de Galicia","url":"https:\/\/ppdegalicia.com\/es\/","logo":{"@type":"ImageObject","inLanguage":"es","@id":"https:\/\/ppdegalicia.com\/es\/#\/schema\/logo\/image\/","url":"https:\/\/ppdegalicia.com\/wp-content\/uploads\/2023\/04\/logoPP512.png","contentUrl":"https:\/\/ppdegalicia.com\/wp-content\/uploads\/2023\/04\/logoPP512.png","width":512,"height":512,"caption":"Partido Popular de Galicia"},"image":{"@id":"https:\/\/ppdegalicia.com\/es\/#\/schema\/logo\/image\/"},"sameAs":["https:\/\/www.instagram.com\/ppdegalicia\/","https:\/\/x.com\/ppdegalicia","https:\/\/www.tiktok.com\/@ppdegalicia","https:\/\/www.youtube.com\/user\/ppdegalicia"]},{"@type":"Person","@id":"https:\/\/ppdegalicia.com\/es\/#\/schema\/person\/bc9b46e59ebd34bf28611158c3867388","name":"ppdegaliciaedtis","image":{"@type":"ImageObject","inLanguage":"es","@id":"https:\/\/secure.gravatar.com\/avatar\/f9f8cf6e03df54a1b0d04a6b4b8e8c6bd63c10a439752e84d87a5385aefe2ced?s=96&d=mm&r=g","url":"https:\/\/secure.gravatar.com\/avatar\/f9f8cf6e03df54a1b0d04a6b4b8e8c6bd63c10a439752e84d87a5385aefe2ced?s=96&d=mm&r=g","contentUrl":"https:\/\/secure.gravatar.com\/avatar\/f9f8cf6e03df54a1b0d04a6b4b8e8c6bd63c10a439752e84d87a5385aefe2ced?s=96&d=mm&r=g","caption":"ppdegaliciaedtis"},"url":"https:\/\/ppdegalicia.com\/es\/author\/ppdegaliciaedits\/"}]}},"_links":{"self":[{"href":"https:\/\/ppdegalicia.com\/es\/wp-json\/wp\/v2\/posts\/54760","targetHints":{"allow":["GET"]}}],"collection":[{"href":"https:\/\/ppdegalicia.com\/es\/wp-json\/wp\/v2\/posts"}],"about":[{"href":"https:\/\/ppdegalicia.com\/es\/wp-json\/wp\/v2\/types\/post"}],"author":[{"embeddable":true,"href":"https:\/\/ppdegalicia.com\/es\/wp-json\/wp\/v2\/users\/40"}],"replies":[{"embeddable":true,"href":"https:\/\/ppdegalicia.com\/es\/wp-json\/wp\/v2\/comments?post=54760"}],"version-history":[{"count":0,"href":"https:\/\/ppdegalicia.com\/es\/wp-json\/wp\/v2\/posts\/54760\/revisions"}],"wp:featuredmedia":[{"embeddable":true,"href":"https:\/\/ppdegalicia.com\/es\/wp-json\/wp\/v2\/media\/54759"}],"wp:attachment":[{"href":"https:\/\/ppdegalicia.com\/es\/wp-json\/wp\/v2\/media?parent=54760"}],"wp:term":[{"taxonomy":"category","embeddable":true,"href":"https:\/\/ppdegalicia.com\/es\/wp-json\/wp\/v2\/categories?post=54760"},{"taxonomy":"post_tag","embeddable":true,"href":"https:\/\/ppdegalicia.com\/es\/wp-json\/wp\/v2\/tags?post=54760"}],"curies":[{"name":"wp","href":"https:\/\/api.w.org\/{rel}","templated":true}]}}