{"id":54806,"date":"2020-10-15T08:34:08","date_gmt":"2020-10-15T06:34:08","guid":{"rendered":"https:\/\/ppdegalicia.com\/o-ppdeg-salienta-que-a-xunta-xa-esta-a-traballar-no-estudo-para-a-solucion-do-problema-do-marisqueo-na-pobra\/"},"modified":"2020-10-15T08:34:08","modified_gmt":"2020-10-15T06:34:08","slug":"o-ppdeg-salienta-que-a-xunta-xa-esta-a-traballar-no-estudo-para-a-solucion-do-problema-do-marisqueo-na-pobra","status":"publish","type":"post","link":"https:\/\/ppdegalicia.com\/es\/o-ppdeg-salienta-que-a-xunta-xa-esta-a-traballar-no-estudo-para-a-solucion-do-problema-do-marisqueo-na-pobra\/","title":{"rendered":"O PPdeG salienta que a Xunta xa est\u00e1 a traballar no estudo para a soluci\u00f3n do problema do marisqueo na Pobra"},"content":{"rendered":"<p><img fetchpriority=\"high\" decoding=\"async\" class=\" size-full wp-image-54805\" src=\"https:\/\/ppdegalicia.com\/wp-content\/uploads\/2020\/10\/59437b685c157fee8ac8f48879cdf516.jpg\" alt=\"\" width=\"1900\" height=\"1267\" srcset=\"https:\/\/ppdegalicia.com\/wp-content\/uploads\/2020\/10\/59437b685c157fee8ac8f48879cdf516.jpg 1900w, https:\/\/ppdegalicia.com\/wp-content\/uploads\/2020\/10\/59437b685c157fee8ac8f48879cdf516-300x200.jpg 300w, https:\/\/ppdegalicia.com\/wp-content\/uploads\/2020\/10\/59437b685c157fee8ac8f48879cdf516-1024x683.jpg 1024w, https:\/\/ppdegalicia.com\/wp-content\/uploads\/2020\/10\/59437b685c157fee8ac8f48879cdf516-768x512.jpg 768w, https:\/\/ppdegalicia.com\/wp-content\/uploads\/2020\/10\/59437b685c157fee8ac8f48879cdf516-1536x1024.jpg 1536w\" sizes=\"(max-width: 1900px) 100vw, 1900px\" \/><\/p>\n<p>Santiago, 16 de outubro de 2020.- A deputada do Grupo Popular Elena Su\u00e1rez Sarmiento salientou hoxe no Parlamento que a Xunta de Galicia est\u00e1 a traballar no estudo para a soluci\u00f3n do problema do marisqueo na Pobra do Carami\u00f1al, que prev\u00e9 a posible remodelaci\u00f3n do acceso ao peirao comercial e ampliaci\u00f3n do atraque no porto desta localidade. Esta obra comprender\u00eda a substituci\u00f3n parcial do acceso actual por unha soluci\u00f3n permeable \u00e1s correntes, estudando as diferentes alternativas de soluci\u00f3ns construtivas, as\u00ed como o estudo da ampliaci\u00f3n do atraque comercial cara ao interior do porto.<\/p>\n<p><!--more--><\/p>\n<p>Elena S\u00e1nchez incidiu que \u201cestes proxectos deber\u00e1n avaliarse con moito detalle desde o punto de vista da afecci\u00f3n ao hidrodinamismo e repercusi\u00f3ns sobre os bancos marisqueiros\u201d.<\/p>\n<p>\u00a0<\/p>\n<p>A prazo de execuci\u00f3n dos estudos e a redacci\u00f3n deste proxecto \u00e9 de 19 meses, e, de levarse adiante, as obras supor\u00edan un investimento aproximado superior aos sete mill\u00f3ns de euros.<\/p>\n<p>\u00a0<\/p>\n<p><strong>APROBACI\u00d3N DA PROPOSICI\u00d3N NON DE LEI<\/strong><\/p>\n<p>\u00a0<\/p>\n<p>Diante desta situaci\u00f3n, tendo presente que a Xunta xa est\u00e1 a traballar neste proxecto, o Grupo Popular apoiou a aprobaci\u00f3n hoxe na Comisi\u00f3n de Pesca dunha proposici\u00f3n non de lei a trav\u00e9s da que se insta ao Goberno galego a po\u00f1er en marcha de inmediato todas as actuaci\u00f3ns que sexan precisas para analizar posibles soluci\u00f3ns \u00e1 situaci\u00f3n do porto da Pobra pola modificaci\u00f3n da din\u00e1mica das correntes mari\u00f1as, as\u00ed como a avaliar entre elas a apertura definitiva de varias canles de corrente no peirao comercial, de xeito que favorezan o desenvolvemento do marisco nas concesi\u00f3ns de O Areal e Os Raposi\u00f1os.<\/p>\n<p>\u00a0<\/p>\n<p>Na s\u00faa intervenci\u00f3n, Elena S\u00e1nchez salientou que a situaci\u00f3n do estado das augas da r\u00eda de Arousa mellorou nos \u00faltimos anos. As\u00ed, indicou que \u201ccando chegou o PPdeG ao Goberno da Xunta en 2009 hab\u00eda unha soa zona A, mentres que agora hai 6, mentres que se pasou de que 24 por cento das \u00e1reas de produci\u00f3n de Galicia estaban situadas na contorna desta r\u00eda a 31 na actualidade\u201d.<\/p>\n","protected":false},"excerpt":{"rendered":"<p>Santiago, 16 de outubro de 2020.- A deputada do Grupo Popular Elena Su\u00e1rez Sarmiento salientou hoxe no Parlamento que a Xunta de Galicia est\u00e1 a traballar no estudo para a soluci\u00f3n do problema do marisqueo na Pobra do Carami\u00f1al, que prev\u00e9 a posible remodelaci\u00f3n do acceso ao peirao comercial e ampliaci\u00f3n do atraque no porto [&hellip;]<\/p>\n","protected":false},"author":40,"featured_media":54805,"comment_status":"open","ping_status":"open","sticky":false,"template":"","format":"standard","meta":{"_acf_changed":false,"footnotes":""},"categories":[1],"tags":[],"class_list":["post-54806","post","type-post","status-publish","format-standard","has-post-thumbnail","hentry","category-pp-de-galicia"],"acf":[],"yoast_head":"<!-- This site is optimized with the Yoast SEO plugin v27.3 - https:\/\/yoast.com\/product\/yoast-seo-wordpress\/ -->\n<title>O PPdeG salienta que a Xunta xa est\u00e1 a traballar no estudo para a soluci\u00f3n do problema do marisqueo na Pobra - PP de Galicia<\/title>\n<meta name=\"robots\" content=\"index, follow, max-snippet:-1, max-image-preview:large, max-video-preview:-1\" \/>\n<link rel=\"canonical\" href=\"https:\/\/ppdegalicia.com\/es\/o-ppdeg-salienta-que-a-xunta-xa-esta-a-traballar-no-estudo-para-a-solucion-do-problema-do-marisqueo-na-pobra\/\" \/>\n<meta property=\"og:locale\" content=\"es_ES\" \/>\n<meta property=\"og:type\" content=\"article\" \/>\n<meta property=\"og:title\" content=\"O PPdeG salienta que a Xunta xa est\u00e1 a traballar no estudo para a soluci\u00f3n do problema do marisqueo na Pobra - PP de Galicia\" \/>\n<meta property=\"og:description\" content=\"Santiago, 16 de outubro de 2020.- A deputada do Grupo Popular Elena Su\u00e1rez Sarmiento salientou hoxe no Parlamento que a Xunta de Galicia est\u00e1 a traballar no estudo para a soluci\u00f3n do problema do marisqueo na Pobra do Carami\u00f1al, que prev\u00e9 a posible remodelaci\u00f3n do acceso ao peirao comercial e ampliaci\u00f3n do atraque no porto [&hellip;]\" \/>\n<meta property=\"og:url\" content=\"https:\/\/ppdegalicia.com\/es\/o-ppdeg-salienta-que-a-xunta-xa-esta-a-traballar-no-estudo-para-a-solucion-do-problema-do-marisqueo-na-pobra\/\" \/>\n<meta property=\"og:site_name\" content=\"PP de Galicia\" \/>\n<meta property=\"article:publisher\" content=\"https:\/\/www.instagram.com\/ppdegalicia\/\" \/>\n<meta property=\"article:published_time\" content=\"2020-10-15T06:34:08+00:00\" \/>\n<meta property=\"og:image\" content=\"https:\/\/ppdegalicia.com\/wp-content\/uploads\/2020\/10\/59437b685c157fee8ac8f48879cdf516.jpg\" \/>\n\t<meta property=\"og:image:width\" content=\"1900\" \/>\n\t<meta property=\"og:image:height\" content=\"1267\" \/>\n\t<meta property=\"og:image:type\" content=\"image\/jpeg\" \/>\n<meta name=\"author\" content=\"ppdegaliciaedtis\" \/>\n<meta name=\"twitter:card\" content=\"summary_large_image\" \/>\n<meta name=\"twitter:creator\" content=\"@ppdegalicia\" \/>\n<meta name=\"twitter:site\" content=\"@ppdegalicia\" \/>\n<meta name=\"twitter:label1\" content=\"Escrito por\" \/>\n\t<meta name=\"twitter:data1\" content=\"ppdegaliciaedtis\" \/>\n\t<meta name=\"twitter:label2\" content=\"Tiempo de lectura\" \/>\n\t<meta name=\"twitter:data2\" content=\"2 minutos\" \/>\n<script type=\"application\/ld+json\" class=\"yoast-schema-graph\">{\"@context\":\"https:\\\/\\\/schema.org\",\"@graph\":[{\"@type\":\"Article\",\"@id\":\"https:\\\/\\\/ppdegalicia.com\\\/es\\\/o-ppdeg-salienta-que-a-xunta-xa-esta-a-traballar-no-estudo-para-a-solucion-do-problema-do-marisqueo-na-pobra\\\/#article\",\"isPartOf\":{\"@id\":\"https:\\\/\\\/ppdegalicia.com\\\/es\\\/o-ppdeg-salienta-que-a-xunta-xa-esta-a-traballar-no-estudo-para-a-solucion-do-problema-do-marisqueo-na-pobra\\\/\"},\"author\":{\"name\":\"ppdegaliciaedtis\",\"@id\":\"https:\\\/\\\/ppdegalicia.com\\\/es\\\/#\\\/schema\\\/person\\\/bc9b46e59ebd34bf28611158c3867388\"},\"headline\":\"O PPdeG salienta que a Xunta xa est\u00e1 a traballar no estudo para a soluci\u00f3n do problema do marisqueo na Pobra\",\"datePublished\":\"2020-10-15T06:34:08+00:00\",\"mainEntityOfPage\":{\"@id\":\"https:\\\/\\\/ppdegalicia.com\\\/es\\\/o-ppdeg-salienta-que-a-xunta-xa-esta-a-traballar-no-estudo-para-a-solucion-do-problema-do-marisqueo-na-pobra\\\/\"},\"wordCount\":382,\"commentCount\":0,\"publisher\":{\"@id\":\"https:\\\/\\\/ppdegalicia.com\\\/es\\\/#organization\"},\"image\":{\"@id\":\"https:\\\/\\\/ppdegalicia.com\\\/es\\\/o-ppdeg-salienta-que-a-xunta-xa-esta-a-traballar-no-estudo-para-a-solucion-do-problema-do-marisqueo-na-pobra\\\/#primaryimage\"},\"thumbnailUrl\":\"https:\\\/\\\/ppdegalicia.com\\\/wp-content\\\/uploads\\\/2020\\\/10\\\/59437b685c157fee8ac8f48879cdf516.jpg\",\"articleSection\":[\"PP de Galicia\"],\"inLanguage\":\"es\",\"potentialAction\":[{\"@type\":\"CommentAction\",\"name\":\"Comment\",\"target\":[\"https:\\\/\\\/ppdegalicia.com\\\/es\\\/o-ppdeg-salienta-que-a-xunta-xa-esta-a-traballar-no-estudo-para-a-solucion-do-problema-do-marisqueo-na-pobra\\\/#respond\"]}]},{\"@type\":\"WebPage\",\"@id\":\"https:\\\/\\\/ppdegalicia.com\\\/es\\\/o-ppdeg-salienta-que-a-xunta-xa-esta-a-traballar-no-estudo-para-a-solucion-do-problema-do-marisqueo-na-pobra\\\/\",\"url\":\"https:\\\/\\\/ppdegalicia.com\\\/es\\\/o-ppdeg-salienta-que-a-xunta-xa-esta-a-traballar-no-estudo-para-a-solucion-do-problema-do-marisqueo-na-pobra\\\/\",\"name\":\"O PPdeG salienta que a Xunta xa est\u00e1 a traballar no estudo para a soluci\u00f3n do problema do marisqueo na Pobra - PP de Galicia\",\"isPartOf\":{\"@id\":\"https:\\\/\\\/ppdegalicia.com\\\/es\\\/#website\"},\"primaryImageOfPage\":{\"@id\":\"https:\\\/\\\/ppdegalicia.com\\\/es\\\/o-ppdeg-salienta-que-a-xunta-xa-esta-a-traballar-no-estudo-para-a-solucion-do-problema-do-marisqueo-na-pobra\\\/#primaryimage\"},\"image\":{\"@id\":\"https:\\\/\\\/ppdegalicia.com\\\/es\\\/o-ppdeg-salienta-que-a-xunta-xa-esta-a-traballar-no-estudo-para-a-solucion-do-problema-do-marisqueo-na-pobra\\\/#primaryimage\"},\"thumbnailUrl\":\"https:\\\/\\\/ppdegalicia.com\\\/wp-content\\\/uploads\\\/2020\\\/10\\\/59437b685c157fee8ac8f48879cdf516.jpg\",\"datePublished\":\"2020-10-15T06:34:08+00:00\",\"breadcrumb\":{\"@id\":\"https:\\\/\\\/ppdegalicia.com\\\/es\\\/o-ppdeg-salienta-que-a-xunta-xa-esta-a-traballar-no-estudo-para-a-solucion-do-problema-do-marisqueo-na-pobra\\\/#breadcrumb\"},\"inLanguage\":\"es\",\"potentialAction\":[{\"@type\":\"ReadAction\",\"target\":[\"https:\\\/\\\/ppdegalicia.com\\\/es\\\/o-ppdeg-salienta-que-a-xunta-xa-esta-a-traballar-no-estudo-para-a-solucion-do-problema-do-marisqueo-na-pobra\\\/\"]}]},{\"@type\":\"ImageObject\",\"inLanguage\":\"es\",\"@id\":\"https:\\\/\\\/ppdegalicia.com\\\/es\\\/o-ppdeg-salienta-que-a-xunta-xa-esta-a-traballar-no-estudo-para-a-solucion-do-problema-do-marisqueo-na-pobra\\\/#primaryimage\",\"url\":\"https:\\\/\\\/ppdegalicia.com\\\/wp-content\\\/uploads\\\/2020\\\/10\\\/59437b685c157fee8ac8f48879cdf516.jpg\",\"contentUrl\":\"https:\\\/\\\/ppdegalicia.com\\\/wp-content\\\/uploads\\\/2020\\\/10\\\/59437b685c157fee8ac8f48879cdf516.jpg\",\"width\":1900,\"height\":1267},{\"@type\":\"BreadcrumbList\",\"@id\":\"https:\\\/\\\/ppdegalicia.com\\\/es\\\/o-ppdeg-salienta-que-a-xunta-xa-esta-a-traballar-no-estudo-para-a-solucion-do-problema-do-marisqueo-na-pobra\\\/#breadcrumb\",\"itemListElement\":[{\"@type\":\"ListItem\",\"position\":1,\"name\":\"Portada\",\"item\":\"https:\\\/\\\/ppdegalicia.com\\\/es\\\/\"},{\"@type\":\"ListItem\",\"position\":2,\"name\":\"O PPdeG salienta que a Xunta xa est\u00e1 a traballar no estudo para a soluci\u00f3n do problema do marisqueo na Pobra\"}]},{\"@type\":\"WebSite\",\"@id\":\"https:\\\/\\\/ppdegalicia.com\\\/es\\\/#website\",\"url\":\"https:\\\/\\\/ppdegalicia.com\\\/es\\\/\",\"name\":\"Partido Popular de Galicia\",\"description\":\"Partido Popular de Galicia\",\"publisher\":{\"@id\":\"https:\\\/\\\/ppdegalicia.com\\\/es\\\/#organization\"},\"alternateName\":\"PP de Galicia\",\"potentialAction\":[{\"@type\":\"SearchAction\",\"target\":{\"@type\":\"EntryPoint\",\"urlTemplate\":\"https:\\\/\\\/ppdegalicia.com\\\/es\\\/?s={search_term_string}\"},\"query-input\":{\"@type\":\"PropertyValueSpecification\",\"valueRequired\":true,\"valueName\":\"search_term_string\"}}],\"inLanguage\":\"es\"},{\"@type\":\"Organization\",\"@id\":\"https:\\\/\\\/ppdegalicia.com\\\/es\\\/#organization\",\"name\":\"Partido Popular de Galicia\",\"alternateName\":\"PP de Galicia\",\"url\":\"https:\\\/\\\/ppdegalicia.com\\\/es\\\/\",\"logo\":{\"@type\":\"ImageObject\",\"inLanguage\":\"es\",\"@id\":\"https:\\\/\\\/ppdegalicia.com\\\/es\\\/#\\\/schema\\\/logo\\\/image\\\/\",\"url\":\"https:\\\/\\\/ppdegalicia.com\\\/wp-content\\\/uploads\\\/2023\\\/04\\\/logoPP512.png\",\"contentUrl\":\"https:\\\/\\\/ppdegalicia.com\\\/wp-content\\\/uploads\\\/2023\\\/04\\\/logoPP512.png\",\"width\":512,\"height\":512,\"caption\":\"Partido Popular de Galicia\"},\"image\":{\"@id\":\"https:\\\/\\\/ppdegalicia.com\\\/es\\\/#\\\/schema\\\/logo\\\/image\\\/\"},\"sameAs\":[\"https:\\\/\\\/www.instagram.com\\\/ppdegalicia\\\/\",\"https:\\\/\\\/x.com\\\/ppdegalicia\",\"https:\\\/\\\/www.tiktok.com\\\/@ppdegalicia\",\"https:\\\/\\\/www.youtube.com\\\/user\\\/ppdegalicia\"]},{\"@type\":\"Person\",\"@id\":\"https:\\\/\\\/ppdegalicia.com\\\/es\\\/#\\\/schema\\\/person\\\/bc9b46e59ebd34bf28611158c3867388\",\"name\":\"ppdegaliciaedtis\",\"image\":{\"@type\":\"ImageObject\",\"inLanguage\":\"es\",\"@id\":\"https:\\\/\\\/secure.gravatar.com\\\/avatar\\\/f9f8cf6e03df54a1b0d04a6b4b8e8c6bd63c10a439752e84d87a5385aefe2ced?s=96&d=mm&r=g\",\"url\":\"https:\\\/\\\/secure.gravatar.com\\\/avatar\\\/f9f8cf6e03df54a1b0d04a6b4b8e8c6bd63c10a439752e84d87a5385aefe2ced?s=96&d=mm&r=g\",\"contentUrl\":\"https:\\\/\\\/secure.gravatar.com\\\/avatar\\\/f9f8cf6e03df54a1b0d04a6b4b8e8c6bd63c10a439752e84d87a5385aefe2ced?s=96&d=mm&r=g\",\"caption\":\"ppdegaliciaedtis\"},\"url\":\"https:\\\/\\\/ppdegalicia.com\\\/es\\\/author\\\/ppdegaliciaedits\\\/\"}]}<\/script>\n<!-- \/ Yoast SEO plugin. -->","yoast_head_json":{"title":"O PPdeG salienta que a Xunta xa est\u00e1 a traballar no estudo para a soluci\u00f3n do problema do marisqueo na Pobra - PP de Galicia","robots":{"index":"index","follow":"follow","max-snippet":"max-snippet:-1","max-image-preview":"max-image-preview:large","max-video-preview":"max-video-preview:-1"},"canonical":"https:\/\/ppdegalicia.com\/es\/o-ppdeg-salienta-que-a-xunta-xa-esta-a-traballar-no-estudo-para-a-solucion-do-problema-do-marisqueo-na-pobra\/","og_locale":"es_ES","og_type":"article","og_title":"O PPdeG salienta que a Xunta xa est\u00e1 a traballar no estudo para a soluci\u00f3n do problema do marisqueo na Pobra - PP de Galicia","og_description":"Santiago, 16 de outubro de 2020.- A deputada do Grupo Popular Elena Su\u00e1rez Sarmiento salientou hoxe no Parlamento que a Xunta de Galicia est\u00e1 a traballar no estudo para a soluci\u00f3n do problema do marisqueo na Pobra do Carami\u00f1al, que prev\u00e9 a posible remodelaci\u00f3n do acceso ao peirao comercial e ampliaci\u00f3n do atraque no porto [&hellip;]","og_url":"https:\/\/ppdegalicia.com\/es\/o-ppdeg-salienta-que-a-xunta-xa-esta-a-traballar-no-estudo-para-a-solucion-do-problema-do-marisqueo-na-pobra\/","og_site_name":"PP de Galicia","article_publisher":"https:\/\/www.instagram.com\/ppdegalicia\/","article_published_time":"2020-10-15T06:34:08+00:00","og_image":[{"width":1900,"height":1267,"url":"https:\/\/ppdegalicia.com\/wp-content\/uploads\/2020\/10\/59437b685c157fee8ac8f48879cdf516.jpg","type":"image\/jpeg"}],"author":"ppdegaliciaedtis","twitter_card":"summary_large_image","twitter_creator":"@ppdegalicia","twitter_site":"@ppdegalicia","twitter_misc":{"Escrito por":"ppdegaliciaedtis","Tiempo de lectura":"2 minutos"},"schema":{"@context":"https:\/\/schema.org","@graph":[{"@type":"Article","@id":"https:\/\/ppdegalicia.com\/es\/o-ppdeg-salienta-que-a-xunta-xa-esta-a-traballar-no-estudo-para-a-solucion-do-problema-do-marisqueo-na-pobra\/#article","isPartOf":{"@id":"https:\/\/ppdegalicia.com\/es\/o-ppdeg-salienta-que-a-xunta-xa-esta-a-traballar-no-estudo-para-a-solucion-do-problema-do-marisqueo-na-pobra\/"},"author":{"name":"ppdegaliciaedtis","@id":"https:\/\/ppdegalicia.com\/es\/#\/schema\/person\/bc9b46e59ebd34bf28611158c3867388"},"headline":"O PPdeG salienta que a Xunta xa est\u00e1 a traballar no estudo para a soluci\u00f3n do problema do marisqueo na Pobra","datePublished":"2020-10-15T06:34:08+00:00","mainEntityOfPage":{"@id":"https:\/\/ppdegalicia.com\/es\/o-ppdeg-salienta-que-a-xunta-xa-esta-a-traballar-no-estudo-para-a-solucion-do-problema-do-marisqueo-na-pobra\/"},"wordCount":382,"commentCount":0,"publisher":{"@id":"https:\/\/ppdegalicia.com\/es\/#organization"},"image":{"@id":"https:\/\/ppdegalicia.com\/es\/o-ppdeg-salienta-que-a-xunta-xa-esta-a-traballar-no-estudo-para-a-solucion-do-problema-do-marisqueo-na-pobra\/#primaryimage"},"thumbnailUrl":"https:\/\/ppdegalicia.com\/wp-content\/uploads\/2020\/10\/59437b685c157fee8ac8f48879cdf516.jpg","articleSection":["PP de Galicia"],"inLanguage":"es","potentialAction":[{"@type":"CommentAction","name":"Comment","target":["https:\/\/ppdegalicia.com\/es\/o-ppdeg-salienta-que-a-xunta-xa-esta-a-traballar-no-estudo-para-a-solucion-do-problema-do-marisqueo-na-pobra\/#respond"]}]},{"@type":"WebPage","@id":"https:\/\/ppdegalicia.com\/es\/o-ppdeg-salienta-que-a-xunta-xa-esta-a-traballar-no-estudo-para-a-solucion-do-problema-do-marisqueo-na-pobra\/","url":"https:\/\/ppdegalicia.com\/es\/o-ppdeg-salienta-que-a-xunta-xa-esta-a-traballar-no-estudo-para-a-solucion-do-problema-do-marisqueo-na-pobra\/","name":"O PPdeG salienta que a Xunta xa est\u00e1 a traballar no estudo para a soluci\u00f3n do problema do marisqueo na Pobra - PP de Galicia","isPartOf":{"@id":"https:\/\/ppdegalicia.com\/es\/#website"},"primaryImageOfPage":{"@id":"https:\/\/ppdegalicia.com\/es\/o-ppdeg-salienta-que-a-xunta-xa-esta-a-traballar-no-estudo-para-a-solucion-do-problema-do-marisqueo-na-pobra\/#primaryimage"},"image":{"@id":"https:\/\/ppdegalicia.com\/es\/o-ppdeg-salienta-que-a-xunta-xa-esta-a-traballar-no-estudo-para-a-solucion-do-problema-do-marisqueo-na-pobra\/#primaryimage"},"thumbnailUrl":"https:\/\/ppdegalicia.com\/wp-content\/uploads\/2020\/10\/59437b685c157fee8ac8f48879cdf516.jpg","datePublished":"2020-10-15T06:34:08+00:00","breadcrumb":{"@id":"https:\/\/ppdegalicia.com\/es\/o-ppdeg-salienta-que-a-xunta-xa-esta-a-traballar-no-estudo-para-a-solucion-do-problema-do-marisqueo-na-pobra\/#breadcrumb"},"inLanguage":"es","potentialAction":[{"@type":"ReadAction","target":["https:\/\/ppdegalicia.com\/es\/o-ppdeg-salienta-que-a-xunta-xa-esta-a-traballar-no-estudo-para-a-solucion-do-problema-do-marisqueo-na-pobra\/"]}]},{"@type":"ImageObject","inLanguage":"es","@id":"https:\/\/ppdegalicia.com\/es\/o-ppdeg-salienta-que-a-xunta-xa-esta-a-traballar-no-estudo-para-a-solucion-do-problema-do-marisqueo-na-pobra\/#primaryimage","url":"https:\/\/ppdegalicia.com\/wp-content\/uploads\/2020\/10\/59437b685c157fee8ac8f48879cdf516.jpg","contentUrl":"https:\/\/ppdegalicia.com\/wp-content\/uploads\/2020\/10\/59437b685c157fee8ac8f48879cdf516.jpg","width":1900,"height":1267},{"@type":"BreadcrumbList","@id":"https:\/\/ppdegalicia.com\/es\/o-ppdeg-salienta-que-a-xunta-xa-esta-a-traballar-no-estudo-para-a-solucion-do-problema-do-marisqueo-na-pobra\/#breadcrumb","itemListElement":[{"@type":"ListItem","position":1,"name":"Portada","item":"https:\/\/ppdegalicia.com\/es\/"},{"@type":"ListItem","position":2,"name":"O PPdeG salienta que a Xunta xa est\u00e1 a traballar no estudo para a soluci\u00f3n do problema do marisqueo na Pobra"}]},{"@type":"WebSite","@id":"https:\/\/ppdegalicia.com\/es\/#website","url":"https:\/\/ppdegalicia.com\/es\/","name":"Partido Popular de Galicia","description":"Partido Popular de Galicia","publisher":{"@id":"https:\/\/ppdegalicia.com\/es\/#organization"},"alternateName":"PP de Galicia","potentialAction":[{"@type":"SearchAction","target":{"@type":"EntryPoint","urlTemplate":"https:\/\/ppdegalicia.com\/es\/?s={search_term_string}"},"query-input":{"@type":"PropertyValueSpecification","valueRequired":true,"valueName":"search_term_string"}}],"inLanguage":"es"},{"@type":"Organization","@id":"https:\/\/ppdegalicia.com\/es\/#organization","name":"Partido Popular de Galicia","alternateName":"PP de Galicia","url":"https:\/\/ppdegalicia.com\/es\/","logo":{"@type":"ImageObject","inLanguage":"es","@id":"https:\/\/ppdegalicia.com\/es\/#\/schema\/logo\/image\/","url":"https:\/\/ppdegalicia.com\/wp-content\/uploads\/2023\/04\/logoPP512.png","contentUrl":"https:\/\/ppdegalicia.com\/wp-content\/uploads\/2023\/04\/logoPP512.png","width":512,"height":512,"caption":"Partido Popular de Galicia"},"image":{"@id":"https:\/\/ppdegalicia.com\/es\/#\/schema\/logo\/image\/"},"sameAs":["https:\/\/www.instagram.com\/ppdegalicia\/","https:\/\/x.com\/ppdegalicia","https:\/\/www.tiktok.com\/@ppdegalicia","https:\/\/www.youtube.com\/user\/ppdegalicia"]},{"@type":"Person","@id":"https:\/\/ppdegalicia.com\/es\/#\/schema\/person\/bc9b46e59ebd34bf28611158c3867388","name":"ppdegaliciaedtis","image":{"@type":"ImageObject","inLanguage":"es","@id":"https:\/\/secure.gravatar.com\/avatar\/f9f8cf6e03df54a1b0d04a6b4b8e8c6bd63c10a439752e84d87a5385aefe2ced?s=96&d=mm&r=g","url":"https:\/\/secure.gravatar.com\/avatar\/f9f8cf6e03df54a1b0d04a6b4b8e8c6bd63c10a439752e84d87a5385aefe2ced?s=96&d=mm&r=g","contentUrl":"https:\/\/secure.gravatar.com\/avatar\/f9f8cf6e03df54a1b0d04a6b4b8e8c6bd63c10a439752e84d87a5385aefe2ced?s=96&d=mm&r=g","caption":"ppdegaliciaedtis"},"url":"https:\/\/ppdegalicia.com\/es\/author\/ppdegaliciaedits\/"}]}},"_links":{"self":[{"href":"https:\/\/ppdegalicia.com\/es\/wp-json\/wp\/v2\/posts\/54806","targetHints":{"allow":["GET"]}}],"collection":[{"href":"https:\/\/ppdegalicia.com\/es\/wp-json\/wp\/v2\/posts"}],"about":[{"href":"https:\/\/ppdegalicia.com\/es\/wp-json\/wp\/v2\/types\/post"}],"author":[{"embeddable":true,"href":"https:\/\/ppdegalicia.com\/es\/wp-json\/wp\/v2\/users\/40"}],"replies":[{"embeddable":true,"href":"https:\/\/ppdegalicia.com\/es\/wp-json\/wp\/v2\/comments?post=54806"}],"version-history":[{"count":0,"href":"https:\/\/ppdegalicia.com\/es\/wp-json\/wp\/v2\/posts\/54806\/revisions"}],"wp:featuredmedia":[{"embeddable":true,"href":"https:\/\/ppdegalicia.com\/es\/wp-json\/wp\/v2\/media\/54805"}],"wp:attachment":[{"href":"https:\/\/ppdegalicia.com\/es\/wp-json\/wp\/v2\/media?parent=54806"}],"wp:term":[{"taxonomy":"category","embeddable":true,"href":"https:\/\/ppdegalicia.com\/es\/wp-json\/wp\/v2\/categories?post=54806"},{"taxonomy":"post_tag","embeddable":true,"href":"https:\/\/ppdegalicia.com\/es\/wp-json\/wp\/v2\/tags?post=54806"}],"curies":[{"name":"wp","href":"https:\/\/api.w.org\/{rel}","templated":true}]}}