{"id":54812,"date":"2020-10-20T16:49:17","date_gmt":"2020-10-20T14:49:17","guid":{"rendered":"https:\/\/ppdegalicia.com\/o-ppdeg-avoga-porque-xunta-e-comunidade-educativa-continuen-traballando-para-garantir-a-seguridade-sanitaria-o-dereito-a-educacion-e-manter-a-calidade-no-ensino\/"},"modified":"2020-10-20T16:49:17","modified_gmt":"2020-10-20T14:49:17","slug":"o-ppdeg-avoga-porque-xunta-e-comunidade-educativa-continuen-traballando-para-garantir-a-seguridade-sanitaria-o-dereito-a-educacion-e-manter-a-calidade-no-ensino","status":"publish","type":"post","link":"https:\/\/ppdegalicia.com\/es\/o-ppdeg-avoga-porque-xunta-e-comunidade-educativa-continuen-traballando-para-garantir-a-seguridade-sanitaria-o-dereito-a-educacion-e-manter-a-calidade-no-ensino\/","title":{"rendered":"O PPdeG avoga porque Xunta e comunidade educativa \u201ccontin\u00faen traballando para garantir a seguridade sanitaria, o dereito \u00e1 educaci\u00f3n e manter a calidade no ensino\u201d"},"content":{"rendered":"<p><img fetchpriority=\"high\" decoding=\"async\" class=\" size-full wp-image-54811\" src=\"https:\/\/ppdegalicia.com\/wp-content\/uploads\/2020\/10\/589a03d7f0bfaa87111cab768dc13309.jpg\" alt=\"\" width=\"1900\" height=\"1212\" srcset=\"https:\/\/ppdegalicia.com\/wp-content\/uploads\/2020\/10\/589a03d7f0bfaa87111cab768dc13309.jpg 1900w, https:\/\/ppdegalicia.com\/wp-content\/uploads\/2020\/10\/589a03d7f0bfaa87111cab768dc13309-300x191.jpg 300w, https:\/\/ppdegalicia.com\/wp-content\/uploads\/2020\/10\/589a03d7f0bfaa87111cab768dc13309-1024x653.jpg 1024w, https:\/\/ppdegalicia.com\/wp-content\/uploads\/2020\/10\/589a03d7f0bfaa87111cab768dc13309-768x490.jpg 768w, https:\/\/ppdegalicia.com\/wp-content\/uploads\/2020\/10\/589a03d7f0bfaa87111cab768dc13309-1536x980.jpg 1536w\" sizes=\"(max-width: 1900px) 100vw, 1900px\" \/><\/p>\n<p>Santiago, 20 de outubro de 2020.- O portavoz de Educaci\u00f3n do Grupo Popular, Ovidio Rodeiro, avogou hoxe no Pleno porque a Xunta \u201ccontin\u00fae traballando conxuntamente coa comunidade educativa para garantir a m\u00e1xima seguridade sanitaria, por asegurar o dereito \u00e1 educaci\u00f3n e por manter a calidade do ensino galego\u201d.<\/p>\n<p><!--more--><\/p>\n<p>As\u00ed mesmo, salientou que o Goberno galego \u201cblindou este curso 2020-21 cun investimento de 162 mill\u00f3ns de euros para atender as necesidades xeradas pola Covid-19\u201d e apuntou que, tras a incorporaci\u00f3n de 2.300 novos docentes, o n\u00famero de alumnos por profesor reduciuse a 9,3.<\/p>\n<p>\u00a0<\/p>\n<p>Ovidio Rodeiro subli\u00f1ou que, \u201ca\u00ednda que os grupos da oposici\u00f3n non queiran reco\u00f1ecelo, a educaci\u00f3n p\u00fablica de Galicia est\u00e1 entre as mellores do Estado e mesmo de Europa\u201d.<\/p>\n<p>\u00a0<\/p>\n<p><strong>CONTACTO PERMANENTE<\/strong><\/p>\n<p>\u00a0<\/p>\n<p>As\u00ed mesmo, o portavoz popular explicou que, \u201cen contrapunto do que fai o Goberno central, que por primeira vez na historia da democracia vai aprobar unha Lei de educaci\u00f3n sen escoitar \u00e1 comunidade educativa, a Xunta mantivo un contacto permanente e un di\u00e1logo continuo con todos aqueles axentes e instituci\u00f3ns que ti\u00f1an algo que dicir e aportar ao inicio deste complexo curso escolar\u201d.<\/p>\n<p>\u00a0<\/p>\n<p>Respecto da limpeza dos centros escolares, Rodeiro demandou a socialistas e BNG \u201cque reclamen ao Goberno central a transferencia a Galicia dos 36 mill\u00f3ns de euros de fondos Covid que nos corresponden polo financiamento auton\u00f3mico\u201d. Pola contra, indicou que \u201ca Xunta vai inxectar un total de 23,5 mill\u00f3ns de euros nos centros educativos p\u00fablicos para facer fronte \u00e1s necesidades de seguridade e hixiene derivadas da Covid-19, o que sup\u00f3n un incremento do 42 por cento dos recursos que a Conseller\u00eda pon a disposici\u00f3n dos centros\u201d.<\/p>\n<p>\u00a0<\/p>\n<p>Ademais, asegurou que \u201ca Xunta mant\u00e9n un exquisito respecto \u00e1 autonom\u00eda municipal, cumprindo fielmente e coa m\u00e1xima lealdade os compromisos e acordos coa Fegamp a trav\u00e9s do Pacto Local, librando mes a mes aos concellos os fondos comprometidos e que lles corresponden a trav\u00e9s do fondo de cooperaci\u00f3n local\u201d. <\/p>\n","protected":false},"excerpt":{"rendered":"<p>Santiago, 20 de outubro de 2020.- O portavoz de Educaci\u00f3n do Grupo Popular, Ovidio Rodeiro, avogou hoxe no Pleno porque a Xunta \u201ccontin\u00fae traballando conxuntamente coa comunidade educativa para garantir a m\u00e1xima seguridade sanitaria, por asegurar o dereito \u00e1 educaci\u00f3n e por manter a calidade do ensino galego\u201d.<\/p>\n","protected":false},"author":40,"featured_media":54811,"comment_status":"open","ping_status":"open","sticky":false,"template":"","format":"standard","meta":{"_acf_changed":false,"footnotes":""},"categories":[1],"tags":[],"class_list":["post-54812","post","type-post","status-publish","format-standard","has-post-thumbnail","hentry","category-pp-de-galicia"],"acf":[],"yoast_head":"<!-- This site is optimized with the Yoast SEO plugin v27.3 - https:\/\/yoast.com\/product\/yoast-seo-wordpress\/ -->\n<title>O PPdeG avoga porque Xunta e comunidade educativa \u201ccontin\u00faen traballando para garantir a seguridade sanitaria, o dereito \u00e1 educaci\u00f3n e manter a calidade no ensino\u201d - PP de Galicia<\/title>\n<meta name=\"robots\" content=\"index, follow, max-snippet:-1, max-image-preview:large, max-video-preview:-1\" \/>\n<link rel=\"canonical\" href=\"https:\/\/ppdegalicia.com\/es\/o-ppdeg-avoga-porque-xunta-e-comunidade-educativa-continuen-traballando-para-garantir-a-seguridade-sanitaria-o-dereito-a-educacion-e-manter-a-calidade-no-ensino\/\" \/>\n<meta property=\"og:locale\" content=\"es_ES\" \/>\n<meta property=\"og:type\" content=\"article\" \/>\n<meta property=\"og:title\" content=\"O PPdeG avoga porque Xunta e comunidade educativa \u201ccontin\u00faen traballando para garantir a seguridade sanitaria, o dereito \u00e1 educaci\u00f3n e manter a calidade no ensino\u201d - PP de Galicia\" \/>\n<meta property=\"og:description\" content=\"Santiago, 20 de outubro de 2020.- O portavoz de Educaci\u00f3n do Grupo Popular, Ovidio Rodeiro, avogou hoxe no Pleno porque a Xunta \u201ccontin\u00fae traballando conxuntamente coa comunidade educativa para garantir a m\u00e1xima seguridade sanitaria, por asegurar o dereito \u00e1 educaci\u00f3n e por manter a calidade do ensino galego\u201d.\" \/>\n<meta property=\"og:url\" content=\"https:\/\/ppdegalicia.com\/es\/o-ppdeg-avoga-porque-xunta-e-comunidade-educativa-continuen-traballando-para-garantir-a-seguridade-sanitaria-o-dereito-a-educacion-e-manter-a-calidade-no-ensino\/\" \/>\n<meta property=\"og:site_name\" content=\"PP de Galicia\" \/>\n<meta property=\"article:publisher\" content=\"https:\/\/www.instagram.com\/ppdegalicia\/\" \/>\n<meta property=\"article:published_time\" content=\"2020-10-20T14:49:17+00:00\" \/>\n<meta property=\"og:image\" content=\"https:\/\/ppdegalicia.com\/wp-content\/uploads\/2020\/10\/589a03d7f0bfaa87111cab768dc13309.jpg\" \/>\n\t<meta property=\"og:image:width\" content=\"1900\" \/>\n\t<meta property=\"og:image:height\" content=\"1212\" \/>\n\t<meta property=\"og:image:type\" content=\"image\/jpeg\" \/>\n<meta name=\"author\" content=\"ppdegaliciaedtis\" \/>\n<meta name=\"twitter:card\" content=\"summary_large_image\" \/>\n<meta name=\"twitter:creator\" content=\"@ppdegalicia\" \/>\n<meta name=\"twitter:site\" content=\"@ppdegalicia\" \/>\n<meta name=\"twitter:label1\" content=\"Escrito por\" \/>\n\t<meta name=\"twitter:data1\" content=\"ppdegaliciaedtis\" \/>\n\t<meta name=\"twitter:label2\" content=\"Tiempo de lectura\" \/>\n\t<meta name=\"twitter:data2\" content=\"2 minutos\" \/>\n<script type=\"application\/ld+json\" class=\"yoast-schema-graph\">{\"@context\":\"https:\\\/\\\/schema.org\",\"@graph\":[{\"@type\":\"Article\",\"@id\":\"https:\\\/\\\/ppdegalicia.com\\\/es\\\/o-ppdeg-avoga-porque-xunta-e-comunidade-educativa-continuen-traballando-para-garantir-a-seguridade-sanitaria-o-dereito-a-educacion-e-manter-a-calidade-no-ensino\\\/#article\",\"isPartOf\":{\"@id\":\"https:\\\/\\\/ppdegalicia.com\\\/es\\\/o-ppdeg-avoga-porque-xunta-e-comunidade-educativa-continuen-traballando-para-garantir-a-seguridade-sanitaria-o-dereito-a-educacion-e-manter-a-calidade-no-ensino\\\/\"},\"author\":{\"name\":\"ppdegaliciaedtis\",\"@id\":\"https:\\\/\\\/ppdegalicia.com\\\/es\\\/#\\\/schema\\\/person\\\/bc9b46e59ebd34bf28611158c3867388\"},\"headline\":\"O PPdeG avoga porque Xunta e comunidade educativa \u201ccontin\u00faen traballando para garantir a seguridade sanitaria, o dereito \u00e1 educaci\u00f3n e manter a calidade no ensino\u201d\",\"datePublished\":\"2020-10-20T14:49:17+00:00\",\"mainEntityOfPage\":{\"@id\":\"https:\\\/\\\/ppdegalicia.com\\\/es\\\/o-ppdeg-avoga-porque-xunta-e-comunidade-educativa-continuen-traballando-para-garantir-a-seguridade-sanitaria-o-dereito-a-educacion-e-manter-a-calidade-no-ensino\\\/\"},\"wordCount\":365,\"commentCount\":0,\"publisher\":{\"@id\":\"https:\\\/\\\/ppdegalicia.com\\\/es\\\/#organization\"},\"image\":{\"@id\":\"https:\\\/\\\/ppdegalicia.com\\\/es\\\/o-ppdeg-avoga-porque-xunta-e-comunidade-educativa-continuen-traballando-para-garantir-a-seguridade-sanitaria-o-dereito-a-educacion-e-manter-a-calidade-no-ensino\\\/#primaryimage\"},\"thumbnailUrl\":\"https:\\\/\\\/ppdegalicia.com\\\/wp-content\\\/uploads\\\/2020\\\/10\\\/589a03d7f0bfaa87111cab768dc13309.jpg\",\"articleSection\":[\"PP de Galicia\"],\"inLanguage\":\"es\",\"potentialAction\":[{\"@type\":\"CommentAction\",\"name\":\"Comment\",\"target\":[\"https:\\\/\\\/ppdegalicia.com\\\/es\\\/o-ppdeg-avoga-porque-xunta-e-comunidade-educativa-continuen-traballando-para-garantir-a-seguridade-sanitaria-o-dereito-a-educacion-e-manter-a-calidade-no-ensino\\\/#respond\"]}]},{\"@type\":\"WebPage\",\"@id\":\"https:\\\/\\\/ppdegalicia.com\\\/es\\\/o-ppdeg-avoga-porque-xunta-e-comunidade-educativa-continuen-traballando-para-garantir-a-seguridade-sanitaria-o-dereito-a-educacion-e-manter-a-calidade-no-ensino\\\/\",\"url\":\"https:\\\/\\\/ppdegalicia.com\\\/es\\\/o-ppdeg-avoga-porque-xunta-e-comunidade-educativa-continuen-traballando-para-garantir-a-seguridade-sanitaria-o-dereito-a-educacion-e-manter-a-calidade-no-ensino\\\/\",\"name\":\"O PPdeG avoga porque Xunta e comunidade educativa \u201ccontin\u00faen traballando para garantir a seguridade sanitaria, o dereito \u00e1 educaci\u00f3n e manter a calidade no ensino\u201d - PP de Galicia\",\"isPartOf\":{\"@id\":\"https:\\\/\\\/ppdegalicia.com\\\/es\\\/#website\"},\"primaryImageOfPage\":{\"@id\":\"https:\\\/\\\/ppdegalicia.com\\\/es\\\/o-ppdeg-avoga-porque-xunta-e-comunidade-educativa-continuen-traballando-para-garantir-a-seguridade-sanitaria-o-dereito-a-educacion-e-manter-a-calidade-no-ensino\\\/#primaryimage\"},\"image\":{\"@id\":\"https:\\\/\\\/ppdegalicia.com\\\/es\\\/o-ppdeg-avoga-porque-xunta-e-comunidade-educativa-continuen-traballando-para-garantir-a-seguridade-sanitaria-o-dereito-a-educacion-e-manter-a-calidade-no-ensino\\\/#primaryimage\"},\"thumbnailUrl\":\"https:\\\/\\\/ppdegalicia.com\\\/wp-content\\\/uploads\\\/2020\\\/10\\\/589a03d7f0bfaa87111cab768dc13309.jpg\",\"datePublished\":\"2020-10-20T14:49:17+00:00\",\"breadcrumb\":{\"@id\":\"https:\\\/\\\/ppdegalicia.com\\\/es\\\/o-ppdeg-avoga-porque-xunta-e-comunidade-educativa-continuen-traballando-para-garantir-a-seguridade-sanitaria-o-dereito-a-educacion-e-manter-a-calidade-no-ensino\\\/#breadcrumb\"},\"inLanguage\":\"es\",\"potentialAction\":[{\"@type\":\"ReadAction\",\"target\":[\"https:\\\/\\\/ppdegalicia.com\\\/es\\\/o-ppdeg-avoga-porque-xunta-e-comunidade-educativa-continuen-traballando-para-garantir-a-seguridade-sanitaria-o-dereito-a-educacion-e-manter-a-calidade-no-ensino\\\/\"]}]},{\"@type\":\"ImageObject\",\"inLanguage\":\"es\",\"@id\":\"https:\\\/\\\/ppdegalicia.com\\\/es\\\/o-ppdeg-avoga-porque-xunta-e-comunidade-educativa-continuen-traballando-para-garantir-a-seguridade-sanitaria-o-dereito-a-educacion-e-manter-a-calidade-no-ensino\\\/#primaryimage\",\"url\":\"https:\\\/\\\/ppdegalicia.com\\\/wp-content\\\/uploads\\\/2020\\\/10\\\/589a03d7f0bfaa87111cab768dc13309.jpg\",\"contentUrl\":\"https:\\\/\\\/ppdegalicia.com\\\/wp-content\\\/uploads\\\/2020\\\/10\\\/589a03d7f0bfaa87111cab768dc13309.jpg\",\"width\":1900,\"height\":1212},{\"@type\":\"BreadcrumbList\",\"@id\":\"https:\\\/\\\/ppdegalicia.com\\\/es\\\/o-ppdeg-avoga-porque-xunta-e-comunidade-educativa-continuen-traballando-para-garantir-a-seguridade-sanitaria-o-dereito-a-educacion-e-manter-a-calidade-no-ensino\\\/#breadcrumb\",\"itemListElement\":[{\"@type\":\"ListItem\",\"position\":1,\"name\":\"Portada\",\"item\":\"https:\\\/\\\/ppdegalicia.com\\\/es\\\/\"},{\"@type\":\"ListItem\",\"position\":2,\"name\":\"O PPdeG avoga porque Xunta e comunidade educativa \u201ccontin\u00faen traballando para garantir a seguridade sanitaria, o dereito \u00e1 educaci\u00f3n e manter a calidade no ensino\u201d\"}]},{\"@type\":\"WebSite\",\"@id\":\"https:\\\/\\\/ppdegalicia.com\\\/es\\\/#website\",\"url\":\"https:\\\/\\\/ppdegalicia.com\\\/es\\\/\",\"name\":\"Partido Popular de Galicia\",\"description\":\"Partido Popular de Galicia\",\"publisher\":{\"@id\":\"https:\\\/\\\/ppdegalicia.com\\\/es\\\/#organization\"},\"alternateName\":\"PP de Galicia\",\"potentialAction\":[{\"@type\":\"SearchAction\",\"target\":{\"@type\":\"EntryPoint\",\"urlTemplate\":\"https:\\\/\\\/ppdegalicia.com\\\/es\\\/?s={search_term_string}\"},\"query-input\":{\"@type\":\"PropertyValueSpecification\",\"valueRequired\":true,\"valueName\":\"search_term_string\"}}],\"inLanguage\":\"es\"},{\"@type\":\"Organization\",\"@id\":\"https:\\\/\\\/ppdegalicia.com\\\/es\\\/#organization\",\"name\":\"Partido Popular de Galicia\",\"alternateName\":\"PP de Galicia\",\"url\":\"https:\\\/\\\/ppdegalicia.com\\\/es\\\/\",\"logo\":{\"@type\":\"ImageObject\",\"inLanguage\":\"es\",\"@id\":\"https:\\\/\\\/ppdegalicia.com\\\/es\\\/#\\\/schema\\\/logo\\\/image\\\/\",\"url\":\"https:\\\/\\\/ppdegalicia.com\\\/wp-content\\\/uploads\\\/2023\\\/04\\\/logoPP512.png\",\"contentUrl\":\"https:\\\/\\\/ppdegalicia.com\\\/wp-content\\\/uploads\\\/2023\\\/04\\\/logoPP512.png\",\"width\":512,\"height\":512,\"caption\":\"Partido Popular de Galicia\"},\"image\":{\"@id\":\"https:\\\/\\\/ppdegalicia.com\\\/es\\\/#\\\/schema\\\/logo\\\/image\\\/\"},\"sameAs\":[\"https:\\\/\\\/www.instagram.com\\\/ppdegalicia\\\/\",\"https:\\\/\\\/x.com\\\/ppdegalicia\",\"https:\\\/\\\/www.tiktok.com\\\/@ppdegalicia\",\"https:\\\/\\\/www.youtube.com\\\/user\\\/ppdegalicia\"]},{\"@type\":\"Person\",\"@id\":\"https:\\\/\\\/ppdegalicia.com\\\/es\\\/#\\\/schema\\\/person\\\/bc9b46e59ebd34bf28611158c3867388\",\"name\":\"ppdegaliciaedtis\",\"image\":{\"@type\":\"ImageObject\",\"inLanguage\":\"es\",\"@id\":\"https:\\\/\\\/secure.gravatar.com\\\/avatar\\\/f9f8cf6e03df54a1b0d04a6b4b8e8c6bd63c10a439752e84d87a5385aefe2ced?s=96&d=mm&r=g\",\"url\":\"https:\\\/\\\/secure.gravatar.com\\\/avatar\\\/f9f8cf6e03df54a1b0d04a6b4b8e8c6bd63c10a439752e84d87a5385aefe2ced?s=96&d=mm&r=g\",\"contentUrl\":\"https:\\\/\\\/secure.gravatar.com\\\/avatar\\\/f9f8cf6e03df54a1b0d04a6b4b8e8c6bd63c10a439752e84d87a5385aefe2ced?s=96&d=mm&r=g\",\"caption\":\"ppdegaliciaedtis\"},\"url\":\"https:\\\/\\\/ppdegalicia.com\\\/es\\\/author\\\/ppdegaliciaedits\\\/\"}]}<\/script>\n<!-- \/ Yoast SEO plugin. -->","yoast_head_json":{"title":"O PPdeG avoga porque Xunta e comunidade educativa \u201ccontin\u00faen traballando para garantir a seguridade sanitaria, o dereito \u00e1 educaci\u00f3n e manter a calidade no ensino\u201d - PP de Galicia","robots":{"index":"index","follow":"follow","max-snippet":"max-snippet:-1","max-image-preview":"max-image-preview:large","max-video-preview":"max-video-preview:-1"},"canonical":"https:\/\/ppdegalicia.com\/es\/o-ppdeg-avoga-porque-xunta-e-comunidade-educativa-continuen-traballando-para-garantir-a-seguridade-sanitaria-o-dereito-a-educacion-e-manter-a-calidade-no-ensino\/","og_locale":"es_ES","og_type":"article","og_title":"O PPdeG avoga porque Xunta e comunidade educativa \u201ccontin\u00faen traballando para garantir a seguridade sanitaria, o dereito \u00e1 educaci\u00f3n e manter a calidade no ensino\u201d - PP de Galicia","og_description":"Santiago, 20 de outubro de 2020.- O portavoz de Educaci\u00f3n do Grupo Popular, Ovidio Rodeiro, avogou hoxe no Pleno porque a Xunta \u201ccontin\u00fae traballando conxuntamente coa comunidade educativa para garantir a m\u00e1xima seguridade sanitaria, por asegurar o dereito \u00e1 educaci\u00f3n e por manter a calidade do ensino galego\u201d.","og_url":"https:\/\/ppdegalicia.com\/es\/o-ppdeg-avoga-porque-xunta-e-comunidade-educativa-continuen-traballando-para-garantir-a-seguridade-sanitaria-o-dereito-a-educacion-e-manter-a-calidade-no-ensino\/","og_site_name":"PP de Galicia","article_publisher":"https:\/\/www.instagram.com\/ppdegalicia\/","article_published_time":"2020-10-20T14:49:17+00:00","og_image":[{"width":1900,"height":1212,"url":"https:\/\/ppdegalicia.com\/wp-content\/uploads\/2020\/10\/589a03d7f0bfaa87111cab768dc13309.jpg","type":"image\/jpeg"}],"author":"ppdegaliciaedtis","twitter_card":"summary_large_image","twitter_creator":"@ppdegalicia","twitter_site":"@ppdegalicia","twitter_misc":{"Escrito por":"ppdegaliciaedtis","Tiempo de lectura":"2 minutos"},"schema":{"@context":"https:\/\/schema.org","@graph":[{"@type":"Article","@id":"https:\/\/ppdegalicia.com\/es\/o-ppdeg-avoga-porque-xunta-e-comunidade-educativa-continuen-traballando-para-garantir-a-seguridade-sanitaria-o-dereito-a-educacion-e-manter-a-calidade-no-ensino\/#article","isPartOf":{"@id":"https:\/\/ppdegalicia.com\/es\/o-ppdeg-avoga-porque-xunta-e-comunidade-educativa-continuen-traballando-para-garantir-a-seguridade-sanitaria-o-dereito-a-educacion-e-manter-a-calidade-no-ensino\/"},"author":{"name":"ppdegaliciaedtis","@id":"https:\/\/ppdegalicia.com\/es\/#\/schema\/person\/bc9b46e59ebd34bf28611158c3867388"},"headline":"O PPdeG avoga porque Xunta e comunidade educativa \u201ccontin\u00faen traballando para garantir a seguridade sanitaria, o dereito \u00e1 educaci\u00f3n e manter a calidade no ensino\u201d","datePublished":"2020-10-20T14:49:17+00:00","mainEntityOfPage":{"@id":"https:\/\/ppdegalicia.com\/es\/o-ppdeg-avoga-porque-xunta-e-comunidade-educativa-continuen-traballando-para-garantir-a-seguridade-sanitaria-o-dereito-a-educacion-e-manter-a-calidade-no-ensino\/"},"wordCount":365,"commentCount":0,"publisher":{"@id":"https:\/\/ppdegalicia.com\/es\/#organization"},"image":{"@id":"https:\/\/ppdegalicia.com\/es\/o-ppdeg-avoga-porque-xunta-e-comunidade-educativa-continuen-traballando-para-garantir-a-seguridade-sanitaria-o-dereito-a-educacion-e-manter-a-calidade-no-ensino\/#primaryimage"},"thumbnailUrl":"https:\/\/ppdegalicia.com\/wp-content\/uploads\/2020\/10\/589a03d7f0bfaa87111cab768dc13309.jpg","articleSection":["PP de Galicia"],"inLanguage":"es","potentialAction":[{"@type":"CommentAction","name":"Comment","target":["https:\/\/ppdegalicia.com\/es\/o-ppdeg-avoga-porque-xunta-e-comunidade-educativa-continuen-traballando-para-garantir-a-seguridade-sanitaria-o-dereito-a-educacion-e-manter-a-calidade-no-ensino\/#respond"]}]},{"@type":"WebPage","@id":"https:\/\/ppdegalicia.com\/es\/o-ppdeg-avoga-porque-xunta-e-comunidade-educativa-continuen-traballando-para-garantir-a-seguridade-sanitaria-o-dereito-a-educacion-e-manter-a-calidade-no-ensino\/","url":"https:\/\/ppdegalicia.com\/es\/o-ppdeg-avoga-porque-xunta-e-comunidade-educativa-continuen-traballando-para-garantir-a-seguridade-sanitaria-o-dereito-a-educacion-e-manter-a-calidade-no-ensino\/","name":"O PPdeG avoga porque Xunta e comunidade educativa \u201ccontin\u00faen traballando para garantir a seguridade sanitaria, o dereito \u00e1 educaci\u00f3n e manter a calidade no ensino\u201d - PP de Galicia","isPartOf":{"@id":"https:\/\/ppdegalicia.com\/es\/#website"},"primaryImageOfPage":{"@id":"https:\/\/ppdegalicia.com\/es\/o-ppdeg-avoga-porque-xunta-e-comunidade-educativa-continuen-traballando-para-garantir-a-seguridade-sanitaria-o-dereito-a-educacion-e-manter-a-calidade-no-ensino\/#primaryimage"},"image":{"@id":"https:\/\/ppdegalicia.com\/es\/o-ppdeg-avoga-porque-xunta-e-comunidade-educativa-continuen-traballando-para-garantir-a-seguridade-sanitaria-o-dereito-a-educacion-e-manter-a-calidade-no-ensino\/#primaryimage"},"thumbnailUrl":"https:\/\/ppdegalicia.com\/wp-content\/uploads\/2020\/10\/589a03d7f0bfaa87111cab768dc13309.jpg","datePublished":"2020-10-20T14:49:17+00:00","breadcrumb":{"@id":"https:\/\/ppdegalicia.com\/es\/o-ppdeg-avoga-porque-xunta-e-comunidade-educativa-continuen-traballando-para-garantir-a-seguridade-sanitaria-o-dereito-a-educacion-e-manter-a-calidade-no-ensino\/#breadcrumb"},"inLanguage":"es","potentialAction":[{"@type":"ReadAction","target":["https:\/\/ppdegalicia.com\/es\/o-ppdeg-avoga-porque-xunta-e-comunidade-educativa-continuen-traballando-para-garantir-a-seguridade-sanitaria-o-dereito-a-educacion-e-manter-a-calidade-no-ensino\/"]}]},{"@type":"ImageObject","inLanguage":"es","@id":"https:\/\/ppdegalicia.com\/es\/o-ppdeg-avoga-porque-xunta-e-comunidade-educativa-continuen-traballando-para-garantir-a-seguridade-sanitaria-o-dereito-a-educacion-e-manter-a-calidade-no-ensino\/#primaryimage","url":"https:\/\/ppdegalicia.com\/wp-content\/uploads\/2020\/10\/589a03d7f0bfaa87111cab768dc13309.jpg","contentUrl":"https:\/\/ppdegalicia.com\/wp-content\/uploads\/2020\/10\/589a03d7f0bfaa87111cab768dc13309.jpg","width":1900,"height":1212},{"@type":"BreadcrumbList","@id":"https:\/\/ppdegalicia.com\/es\/o-ppdeg-avoga-porque-xunta-e-comunidade-educativa-continuen-traballando-para-garantir-a-seguridade-sanitaria-o-dereito-a-educacion-e-manter-a-calidade-no-ensino\/#breadcrumb","itemListElement":[{"@type":"ListItem","position":1,"name":"Portada","item":"https:\/\/ppdegalicia.com\/es\/"},{"@type":"ListItem","position":2,"name":"O PPdeG avoga porque Xunta e comunidade educativa \u201ccontin\u00faen traballando para garantir a seguridade sanitaria, o dereito \u00e1 educaci\u00f3n e manter a calidade no ensino\u201d"}]},{"@type":"WebSite","@id":"https:\/\/ppdegalicia.com\/es\/#website","url":"https:\/\/ppdegalicia.com\/es\/","name":"Partido Popular de Galicia","description":"Partido Popular de Galicia","publisher":{"@id":"https:\/\/ppdegalicia.com\/es\/#organization"},"alternateName":"PP de Galicia","potentialAction":[{"@type":"SearchAction","target":{"@type":"EntryPoint","urlTemplate":"https:\/\/ppdegalicia.com\/es\/?s={search_term_string}"},"query-input":{"@type":"PropertyValueSpecification","valueRequired":true,"valueName":"search_term_string"}}],"inLanguage":"es"},{"@type":"Organization","@id":"https:\/\/ppdegalicia.com\/es\/#organization","name":"Partido Popular de Galicia","alternateName":"PP de Galicia","url":"https:\/\/ppdegalicia.com\/es\/","logo":{"@type":"ImageObject","inLanguage":"es","@id":"https:\/\/ppdegalicia.com\/es\/#\/schema\/logo\/image\/","url":"https:\/\/ppdegalicia.com\/wp-content\/uploads\/2023\/04\/logoPP512.png","contentUrl":"https:\/\/ppdegalicia.com\/wp-content\/uploads\/2023\/04\/logoPP512.png","width":512,"height":512,"caption":"Partido Popular de Galicia"},"image":{"@id":"https:\/\/ppdegalicia.com\/es\/#\/schema\/logo\/image\/"},"sameAs":["https:\/\/www.instagram.com\/ppdegalicia\/","https:\/\/x.com\/ppdegalicia","https:\/\/www.tiktok.com\/@ppdegalicia","https:\/\/www.youtube.com\/user\/ppdegalicia"]},{"@type":"Person","@id":"https:\/\/ppdegalicia.com\/es\/#\/schema\/person\/bc9b46e59ebd34bf28611158c3867388","name":"ppdegaliciaedtis","image":{"@type":"ImageObject","inLanguage":"es","@id":"https:\/\/secure.gravatar.com\/avatar\/f9f8cf6e03df54a1b0d04a6b4b8e8c6bd63c10a439752e84d87a5385aefe2ced?s=96&d=mm&r=g","url":"https:\/\/secure.gravatar.com\/avatar\/f9f8cf6e03df54a1b0d04a6b4b8e8c6bd63c10a439752e84d87a5385aefe2ced?s=96&d=mm&r=g","contentUrl":"https:\/\/secure.gravatar.com\/avatar\/f9f8cf6e03df54a1b0d04a6b4b8e8c6bd63c10a439752e84d87a5385aefe2ced?s=96&d=mm&r=g","caption":"ppdegaliciaedtis"},"url":"https:\/\/ppdegalicia.com\/es\/author\/ppdegaliciaedits\/"}]}},"_links":{"self":[{"href":"https:\/\/ppdegalicia.com\/es\/wp-json\/wp\/v2\/posts\/54812","targetHints":{"allow":["GET"]}}],"collection":[{"href":"https:\/\/ppdegalicia.com\/es\/wp-json\/wp\/v2\/posts"}],"about":[{"href":"https:\/\/ppdegalicia.com\/es\/wp-json\/wp\/v2\/types\/post"}],"author":[{"embeddable":true,"href":"https:\/\/ppdegalicia.com\/es\/wp-json\/wp\/v2\/users\/40"}],"replies":[{"embeddable":true,"href":"https:\/\/ppdegalicia.com\/es\/wp-json\/wp\/v2\/comments?post=54812"}],"version-history":[{"count":0,"href":"https:\/\/ppdegalicia.com\/es\/wp-json\/wp\/v2\/posts\/54812\/revisions"}],"wp:featuredmedia":[{"embeddable":true,"href":"https:\/\/ppdegalicia.com\/es\/wp-json\/wp\/v2\/media\/54811"}],"wp:attachment":[{"href":"https:\/\/ppdegalicia.com\/es\/wp-json\/wp\/v2\/media?parent=54812"}],"wp:term":[{"taxonomy":"category","embeddable":true,"href":"https:\/\/ppdegalicia.com\/es\/wp-json\/wp\/v2\/categories?post=54812"},{"taxonomy":"post_tag","embeddable":true,"href":"https:\/\/ppdegalicia.com\/es\/wp-json\/wp\/v2\/tags?post=54812"}],"curies":[{"name":"wp","href":"https:\/\/api.w.org\/{rel}","templated":true}]}}