{"id":54830,"date":"2020-10-22T12:41:29","date_gmt":"2020-10-22T10:41:29","guid":{"rendered":"https:\/\/ppdegalicia.com\/o-ppdeg-afirma-que-a-atencion-sanitaria-nos-consultorios-de-paradela-en-meis-e-de-vilaxoan-en-vilagarcia-se-retomara-en-canto-a-situacion-da-covid-19-o-permita\/"},"modified":"2020-10-22T12:41:29","modified_gmt":"2020-10-22T10:41:29","slug":"o-ppdeg-afirma-que-a-atencion-sanitaria-nos-consultorios-de-paradela-en-meis-e-de-vilaxoan-en-vilagarcia-se-retomara-en-canto-a-situacion-da-covid-19-o-permita","status":"publish","type":"post","link":"https:\/\/ppdegalicia.com\/es\/o-ppdeg-afirma-que-a-atencion-sanitaria-nos-consultorios-de-paradela-en-meis-e-de-vilaxoan-en-vilagarcia-se-retomara-en-canto-a-situacion-da-covid-19-o-permita\/","title":{"rendered":"O PPdeG afirma que a atenci\u00f3n sanitaria nos consultorios de Paradela en Meis e de Vilaxo\u00e1n en Vilagarc\u00eda se retomar\u00e1 en canto a situaci\u00f3n da Covid-19 o permita"},"content":{"rendered":"<p><img fetchpriority=\"high\" decoding=\"async\" class=\" size-full wp-image-54829\" src=\"https:\/\/ppdegalicia.com\/wp-content\/uploads\/2020\/10\/e2349ee352f11c9efaa9e4f305a87a5b.jpg\" alt=\"\" width=\"1900\" height=\"1319\" srcset=\"https:\/\/ppdegalicia.com\/wp-content\/uploads\/2020\/10\/e2349ee352f11c9efaa9e4f305a87a5b.jpg 1900w, https:\/\/ppdegalicia.com\/wp-content\/uploads\/2020\/10\/e2349ee352f11c9efaa9e4f305a87a5b-300x208.jpg 300w, https:\/\/ppdegalicia.com\/wp-content\/uploads\/2020\/10\/e2349ee352f11c9efaa9e4f305a87a5b-1024x711.jpg 1024w, https:\/\/ppdegalicia.com\/wp-content\/uploads\/2020\/10\/e2349ee352f11c9efaa9e4f305a87a5b-768x533.jpg 768w, https:\/\/ppdegalicia.com\/wp-content\/uploads\/2020\/10\/e2349ee352f11c9efaa9e4f305a87a5b-1536x1066.jpg 1536w\" sizes=\"(max-width: 1900px) 100vw, 1900px\" \/><\/p>\n<p>Santiago, 22 de outubro de 2020.- A portavoz de Sanidade do Grupo Popular, Encarna Amigo, informou hoxe no Parlamento que a Xunta de Galicia levar\u00e1 adiante as actuaci\u00f3ns precisas, en canto a situaci\u00f3n da pandemia da Covid-19 o permita, para volver \u00e1 situaci\u00f3n previa respecto da atenci\u00f3n sanitaria presencial nos consultorios de Paradela en Meis e de Vilaxo\u00e1n en Vilagarc\u00eda, as\u00ed como na atenci\u00f3n pedi\u00e1trica en Meis.<\/p>\n<p><!--more--><\/p>\n<p>Encarna Amigo explicou que a actual situaci\u00f3n de pandemia sanitaria \u201cobr\u00edganos a todos, e con m\u00e1is motivo \u00e1s autoridades e aos responsables pol\u00edticos, a tomar as medidas de prevenci\u00f3n axeitadas para preservar a seguridade tanto dos pacientes como dos profesionais\u201d. \u201cEste \u00e9 o principal motivo polo que desde o Servizo Galego de Sa\u00fade se toman medidas organizativas de peches transitorios de consultorios\u201d, apuntou.<\/p>\n<p>\u00a0<\/p>\n<p><strong>CONDICI\u00d3NS DE SEGURIDADE<\/strong><\/p>\n<p>\u00a0<\/p>\n<p>\u201cEstes peches non son definitivos porque ser\u00e1 mentres a situaci\u00f3n sanitaria provocada pola pandemia as\u00ed o aconselle, de forma que no momento que a pandemia estea controlada a situaci\u00f3n poida ser revertida\u201d, manifestou.<\/p>\n<p>\u00a0<\/p>\n<p>Ademais, a portavoz popular indicou que \u201cos consultorios que se est\u00e1n a pechar provisionais, na maior\u00eda das ocasi\u00f3ns, non re\u00fanen as condici\u00f3ns m\u00ednimas de seguridade para a atenci\u00f3n dos pacientes en esta situaci\u00f3n de pandemia, como pode ser o caso dun local de illamento de pacientes con sospeita de Covid-19 ou contar con circu\u00edtos diferenciados para pacientes respiratorios e non respiratorios\u201d.<\/p>\n<p>\u00a0<\/p>\n<p>\u201cA calidade asistencial sempre est\u00e1 garantida por parte do Sergas\u201d, asegurou Encarna Amigo, quen sinalou que \u201cos m\u00e9dicos especialistas en medicina familiar e comunitaria est\u00e1n capacitados para a atenci\u00f3n da poboaci\u00f3n infantil, toda vez que no seu per\u00edodo de formaci\u00f3n como MIR adquiren e rotan no servizo de pediatr\u00eda, adquirindo os co\u00f1ecementos necesarios para valorar e atender a dita poboaci\u00f3n\u201d. <\/p>\n","protected":false},"excerpt":{"rendered":"<p>Santiago, 22 de outubro de 2020.- A portavoz de Sanidade do Grupo Popular, Encarna Amigo, informou hoxe no Parlamento que a Xunta de Galicia levar\u00e1 adiante as actuaci\u00f3ns precisas, en canto a situaci\u00f3n da pandemia da Covid-19 o permita, para volver \u00e1 situaci\u00f3n previa respecto da atenci\u00f3n sanitaria presencial nos consultorios de Paradela en Meis [&hellip;]<\/p>\n","protected":false},"author":40,"featured_media":54829,"comment_status":"open","ping_status":"open","sticky":false,"template":"","format":"standard","meta":{"_acf_changed":false,"footnotes":""},"categories":[1],"tags":[],"class_list":["post-54830","post","type-post","status-publish","format-standard","has-post-thumbnail","hentry","category-pp-de-galicia"],"acf":[],"yoast_head":"<!-- This site is optimized with the Yoast SEO plugin v27.3 - https:\/\/yoast.com\/product\/yoast-seo-wordpress\/ -->\n<title>O PPdeG afirma que a atenci\u00f3n sanitaria nos consultorios de Paradela en Meis e de Vilaxo\u00e1n en Vilagarc\u00eda se retomar\u00e1 en canto a situaci\u00f3n da Covid-19 o permita - PP de Galicia<\/title>\n<meta name=\"robots\" content=\"index, follow, max-snippet:-1, max-image-preview:large, max-video-preview:-1\" \/>\n<link rel=\"canonical\" href=\"https:\/\/ppdegalicia.com\/es\/o-ppdeg-afirma-que-a-atencion-sanitaria-nos-consultorios-de-paradela-en-meis-e-de-vilaxoan-en-vilagarcia-se-retomara-en-canto-a-situacion-da-covid-19-o-permita\/\" \/>\n<meta property=\"og:locale\" content=\"es_ES\" \/>\n<meta property=\"og:type\" content=\"article\" \/>\n<meta property=\"og:title\" content=\"O PPdeG afirma que a atenci\u00f3n sanitaria nos consultorios de Paradela en Meis e de Vilaxo\u00e1n en Vilagarc\u00eda se retomar\u00e1 en canto a situaci\u00f3n da Covid-19 o permita - PP de Galicia\" \/>\n<meta property=\"og:description\" content=\"Santiago, 22 de outubro de 2020.- A portavoz de Sanidade do Grupo Popular, Encarna Amigo, informou hoxe no Parlamento que a Xunta de Galicia levar\u00e1 adiante as actuaci\u00f3ns precisas, en canto a situaci\u00f3n da pandemia da Covid-19 o permita, para volver \u00e1 situaci\u00f3n previa respecto da atenci\u00f3n sanitaria presencial nos consultorios de Paradela en Meis [&hellip;]\" \/>\n<meta property=\"og:url\" content=\"https:\/\/ppdegalicia.com\/es\/o-ppdeg-afirma-que-a-atencion-sanitaria-nos-consultorios-de-paradela-en-meis-e-de-vilaxoan-en-vilagarcia-se-retomara-en-canto-a-situacion-da-covid-19-o-permita\/\" \/>\n<meta property=\"og:site_name\" content=\"PP de Galicia\" \/>\n<meta property=\"article:publisher\" content=\"https:\/\/www.instagram.com\/ppdegalicia\/\" \/>\n<meta property=\"article:published_time\" content=\"2020-10-22T10:41:29+00:00\" \/>\n<meta property=\"og:image\" content=\"https:\/\/ppdegalicia.com\/wp-content\/uploads\/2020\/10\/e2349ee352f11c9efaa9e4f305a87a5b.jpg\" \/>\n\t<meta property=\"og:image:width\" content=\"1900\" \/>\n\t<meta property=\"og:image:height\" content=\"1319\" \/>\n\t<meta property=\"og:image:type\" content=\"image\/jpeg\" \/>\n<meta name=\"author\" content=\"ppdegaliciaedtis\" \/>\n<meta name=\"twitter:card\" content=\"summary_large_image\" \/>\n<meta name=\"twitter:creator\" content=\"@ppdegalicia\" \/>\n<meta name=\"twitter:site\" content=\"@ppdegalicia\" \/>\n<meta name=\"twitter:label1\" content=\"Escrito por\" \/>\n\t<meta name=\"twitter:data1\" content=\"ppdegaliciaedtis\" \/>\n\t<meta name=\"twitter:label2\" content=\"Tiempo de lectura\" \/>\n\t<meta name=\"twitter:data2\" content=\"2 minutos\" \/>\n<script type=\"application\/ld+json\" class=\"yoast-schema-graph\">{\"@context\":\"https:\\\/\\\/schema.org\",\"@graph\":[{\"@type\":\"Article\",\"@id\":\"https:\\\/\\\/ppdegalicia.com\\\/es\\\/o-ppdeg-afirma-que-a-atencion-sanitaria-nos-consultorios-de-paradela-en-meis-e-de-vilaxoan-en-vilagarcia-se-retomara-en-canto-a-situacion-da-covid-19-o-permita\\\/#article\",\"isPartOf\":{\"@id\":\"https:\\\/\\\/ppdegalicia.com\\\/es\\\/o-ppdeg-afirma-que-a-atencion-sanitaria-nos-consultorios-de-paradela-en-meis-e-de-vilaxoan-en-vilagarcia-se-retomara-en-canto-a-situacion-da-covid-19-o-permita\\\/\"},\"author\":{\"name\":\"ppdegaliciaedtis\",\"@id\":\"https:\\\/\\\/ppdegalicia.com\\\/es\\\/#\\\/schema\\\/person\\\/bc9b46e59ebd34bf28611158c3867388\"},\"headline\":\"O PPdeG afirma que a atenci\u00f3n sanitaria nos consultorios de Paradela en Meis e de Vilaxo\u00e1n en Vilagarc\u00eda se retomar\u00e1 en canto a situaci\u00f3n da Covid-19 o permita\",\"datePublished\":\"2020-10-22T10:41:29+00:00\",\"mainEntityOfPage\":{\"@id\":\"https:\\\/\\\/ppdegalicia.com\\\/es\\\/o-ppdeg-afirma-que-a-atencion-sanitaria-nos-consultorios-de-paradela-en-meis-e-de-vilaxoan-en-vilagarcia-se-retomara-en-canto-a-situacion-da-covid-19-o-permita\\\/\"},\"wordCount\":351,\"commentCount\":0,\"publisher\":{\"@id\":\"https:\\\/\\\/ppdegalicia.com\\\/es\\\/#organization\"},\"image\":{\"@id\":\"https:\\\/\\\/ppdegalicia.com\\\/es\\\/o-ppdeg-afirma-que-a-atencion-sanitaria-nos-consultorios-de-paradela-en-meis-e-de-vilaxoan-en-vilagarcia-se-retomara-en-canto-a-situacion-da-covid-19-o-permita\\\/#primaryimage\"},\"thumbnailUrl\":\"https:\\\/\\\/ppdegalicia.com\\\/wp-content\\\/uploads\\\/2020\\\/10\\\/e2349ee352f11c9efaa9e4f305a87a5b.jpg\",\"articleSection\":[\"PP de Galicia\"],\"inLanguage\":\"es\",\"potentialAction\":[{\"@type\":\"CommentAction\",\"name\":\"Comment\",\"target\":[\"https:\\\/\\\/ppdegalicia.com\\\/es\\\/o-ppdeg-afirma-que-a-atencion-sanitaria-nos-consultorios-de-paradela-en-meis-e-de-vilaxoan-en-vilagarcia-se-retomara-en-canto-a-situacion-da-covid-19-o-permita\\\/#respond\"]}]},{\"@type\":\"WebPage\",\"@id\":\"https:\\\/\\\/ppdegalicia.com\\\/es\\\/o-ppdeg-afirma-que-a-atencion-sanitaria-nos-consultorios-de-paradela-en-meis-e-de-vilaxoan-en-vilagarcia-se-retomara-en-canto-a-situacion-da-covid-19-o-permita\\\/\",\"url\":\"https:\\\/\\\/ppdegalicia.com\\\/es\\\/o-ppdeg-afirma-que-a-atencion-sanitaria-nos-consultorios-de-paradela-en-meis-e-de-vilaxoan-en-vilagarcia-se-retomara-en-canto-a-situacion-da-covid-19-o-permita\\\/\",\"name\":\"O PPdeG afirma que a atenci\u00f3n sanitaria nos consultorios de Paradela en Meis e de Vilaxo\u00e1n en Vilagarc\u00eda se retomar\u00e1 en canto a situaci\u00f3n da Covid-19 o permita - PP de Galicia\",\"isPartOf\":{\"@id\":\"https:\\\/\\\/ppdegalicia.com\\\/es\\\/#website\"},\"primaryImageOfPage\":{\"@id\":\"https:\\\/\\\/ppdegalicia.com\\\/es\\\/o-ppdeg-afirma-que-a-atencion-sanitaria-nos-consultorios-de-paradela-en-meis-e-de-vilaxoan-en-vilagarcia-se-retomara-en-canto-a-situacion-da-covid-19-o-permita\\\/#primaryimage\"},\"image\":{\"@id\":\"https:\\\/\\\/ppdegalicia.com\\\/es\\\/o-ppdeg-afirma-que-a-atencion-sanitaria-nos-consultorios-de-paradela-en-meis-e-de-vilaxoan-en-vilagarcia-se-retomara-en-canto-a-situacion-da-covid-19-o-permita\\\/#primaryimage\"},\"thumbnailUrl\":\"https:\\\/\\\/ppdegalicia.com\\\/wp-content\\\/uploads\\\/2020\\\/10\\\/e2349ee352f11c9efaa9e4f305a87a5b.jpg\",\"datePublished\":\"2020-10-22T10:41:29+00:00\",\"breadcrumb\":{\"@id\":\"https:\\\/\\\/ppdegalicia.com\\\/es\\\/o-ppdeg-afirma-que-a-atencion-sanitaria-nos-consultorios-de-paradela-en-meis-e-de-vilaxoan-en-vilagarcia-se-retomara-en-canto-a-situacion-da-covid-19-o-permita\\\/#breadcrumb\"},\"inLanguage\":\"es\",\"potentialAction\":[{\"@type\":\"ReadAction\",\"target\":[\"https:\\\/\\\/ppdegalicia.com\\\/es\\\/o-ppdeg-afirma-que-a-atencion-sanitaria-nos-consultorios-de-paradela-en-meis-e-de-vilaxoan-en-vilagarcia-se-retomara-en-canto-a-situacion-da-covid-19-o-permita\\\/\"]}]},{\"@type\":\"ImageObject\",\"inLanguage\":\"es\",\"@id\":\"https:\\\/\\\/ppdegalicia.com\\\/es\\\/o-ppdeg-afirma-que-a-atencion-sanitaria-nos-consultorios-de-paradela-en-meis-e-de-vilaxoan-en-vilagarcia-se-retomara-en-canto-a-situacion-da-covid-19-o-permita\\\/#primaryimage\",\"url\":\"https:\\\/\\\/ppdegalicia.com\\\/wp-content\\\/uploads\\\/2020\\\/10\\\/e2349ee352f11c9efaa9e4f305a87a5b.jpg\",\"contentUrl\":\"https:\\\/\\\/ppdegalicia.com\\\/wp-content\\\/uploads\\\/2020\\\/10\\\/e2349ee352f11c9efaa9e4f305a87a5b.jpg\",\"width\":1900,\"height\":1319},{\"@type\":\"BreadcrumbList\",\"@id\":\"https:\\\/\\\/ppdegalicia.com\\\/es\\\/o-ppdeg-afirma-que-a-atencion-sanitaria-nos-consultorios-de-paradela-en-meis-e-de-vilaxoan-en-vilagarcia-se-retomara-en-canto-a-situacion-da-covid-19-o-permita\\\/#breadcrumb\",\"itemListElement\":[{\"@type\":\"ListItem\",\"position\":1,\"name\":\"Portada\",\"item\":\"https:\\\/\\\/ppdegalicia.com\\\/es\\\/\"},{\"@type\":\"ListItem\",\"position\":2,\"name\":\"O PPdeG afirma que a atenci\u00f3n sanitaria nos consultorios de Paradela en Meis e de Vilaxo\u00e1n en Vilagarc\u00eda se retomar\u00e1 en canto a situaci\u00f3n da Covid-19 o permita\"}]},{\"@type\":\"WebSite\",\"@id\":\"https:\\\/\\\/ppdegalicia.com\\\/es\\\/#website\",\"url\":\"https:\\\/\\\/ppdegalicia.com\\\/es\\\/\",\"name\":\"Partido Popular de Galicia\",\"description\":\"Partido Popular de Galicia\",\"publisher\":{\"@id\":\"https:\\\/\\\/ppdegalicia.com\\\/es\\\/#organization\"},\"alternateName\":\"PP de Galicia\",\"potentialAction\":[{\"@type\":\"SearchAction\",\"target\":{\"@type\":\"EntryPoint\",\"urlTemplate\":\"https:\\\/\\\/ppdegalicia.com\\\/es\\\/?s={search_term_string}\"},\"query-input\":{\"@type\":\"PropertyValueSpecification\",\"valueRequired\":true,\"valueName\":\"search_term_string\"}}],\"inLanguage\":\"es\"},{\"@type\":\"Organization\",\"@id\":\"https:\\\/\\\/ppdegalicia.com\\\/es\\\/#organization\",\"name\":\"Partido Popular de Galicia\",\"alternateName\":\"PP de Galicia\",\"url\":\"https:\\\/\\\/ppdegalicia.com\\\/es\\\/\",\"logo\":{\"@type\":\"ImageObject\",\"inLanguage\":\"es\",\"@id\":\"https:\\\/\\\/ppdegalicia.com\\\/es\\\/#\\\/schema\\\/logo\\\/image\\\/\",\"url\":\"https:\\\/\\\/ppdegalicia.com\\\/wp-content\\\/uploads\\\/2023\\\/04\\\/logoPP512.png\",\"contentUrl\":\"https:\\\/\\\/ppdegalicia.com\\\/wp-content\\\/uploads\\\/2023\\\/04\\\/logoPP512.png\",\"width\":512,\"height\":512,\"caption\":\"Partido Popular de Galicia\"},\"image\":{\"@id\":\"https:\\\/\\\/ppdegalicia.com\\\/es\\\/#\\\/schema\\\/logo\\\/image\\\/\"},\"sameAs\":[\"https:\\\/\\\/www.instagram.com\\\/ppdegalicia\\\/\",\"https:\\\/\\\/x.com\\\/ppdegalicia\",\"https:\\\/\\\/www.tiktok.com\\\/@ppdegalicia\",\"https:\\\/\\\/www.youtube.com\\\/user\\\/ppdegalicia\"]},{\"@type\":\"Person\",\"@id\":\"https:\\\/\\\/ppdegalicia.com\\\/es\\\/#\\\/schema\\\/person\\\/bc9b46e59ebd34bf28611158c3867388\",\"name\":\"ppdegaliciaedtis\",\"image\":{\"@type\":\"ImageObject\",\"inLanguage\":\"es\",\"@id\":\"https:\\\/\\\/secure.gravatar.com\\\/avatar\\\/f9f8cf6e03df54a1b0d04a6b4b8e8c6bd63c10a439752e84d87a5385aefe2ced?s=96&d=mm&r=g\",\"url\":\"https:\\\/\\\/secure.gravatar.com\\\/avatar\\\/f9f8cf6e03df54a1b0d04a6b4b8e8c6bd63c10a439752e84d87a5385aefe2ced?s=96&d=mm&r=g\",\"contentUrl\":\"https:\\\/\\\/secure.gravatar.com\\\/avatar\\\/f9f8cf6e03df54a1b0d04a6b4b8e8c6bd63c10a439752e84d87a5385aefe2ced?s=96&d=mm&r=g\",\"caption\":\"ppdegaliciaedtis\"},\"url\":\"https:\\\/\\\/ppdegalicia.com\\\/es\\\/author\\\/ppdegaliciaedits\\\/\"}]}<\/script>\n<!-- \/ Yoast SEO plugin. -->","yoast_head_json":{"title":"O PPdeG afirma que a atenci\u00f3n sanitaria nos consultorios de Paradela en Meis e de Vilaxo\u00e1n en Vilagarc\u00eda se retomar\u00e1 en canto a situaci\u00f3n da Covid-19 o permita - PP de Galicia","robots":{"index":"index","follow":"follow","max-snippet":"max-snippet:-1","max-image-preview":"max-image-preview:large","max-video-preview":"max-video-preview:-1"},"canonical":"https:\/\/ppdegalicia.com\/es\/o-ppdeg-afirma-que-a-atencion-sanitaria-nos-consultorios-de-paradela-en-meis-e-de-vilaxoan-en-vilagarcia-se-retomara-en-canto-a-situacion-da-covid-19-o-permita\/","og_locale":"es_ES","og_type":"article","og_title":"O PPdeG afirma que a atenci\u00f3n sanitaria nos consultorios de Paradela en Meis e de Vilaxo\u00e1n en Vilagarc\u00eda se retomar\u00e1 en canto a situaci\u00f3n da Covid-19 o permita - PP de Galicia","og_description":"Santiago, 22 de outubro de 2020.- A portavoz de Sanidade do Grupo Popular, Encarna Amigo, informou hoxe no Parlamento que a Xunta de Galicia levar\u00e1 adiante as actuaci\u00f3ns precisas, en canto a situaci\u00f3n da pandemia da Covid-19 o permita, para volver \u00e1 situaci\u00f3n previa respecto da atenci\u00f3n sanitaria presencial nos consultorios de Paradela en Meis [&hellip;]","og_url":"https:\/\/ppdegalicia.com\/es\/o-ppdeg-afirma-que-a-atencion-sanitaria-nos-consultorios-de-paradela-en-meis-e-de-vilaxoan-en-vilagarcia-se-retomara-en-canto-a-situacion-da-covid-19-o-permita\/","og_site_name":"PP de Galicia","article_publisher":"https:\/\/www.instagram.com\/ppdegalicia\/","article_published_time":"2020-10-22T10:41:29+00:00","og_image":[{"width":1900,"height":1319,"url":"https:\/\/ppdegalicia.com\/wp-content\/uploads\/2020\/10\/e2349ee352f11c9efaa9e4f305a87a5b.jpg","type":"image\/jpeg"}],"author":"ppdegaliciaedtis","twitter_card":"summary_large_image","twitter_creator":"@ppdegalicia","twitter_site":"@ppdegalicia","twitter_misc":{"Escrito por":"ppdegaliciaedtis","Tiempo de lectura":"2 minutos"},"schema":{"@context":"https:\/\/schema.org","@graph":[{"@type":"Article","@id":"https:\/\/ppdegalicia.com\/es\/o-ppdeg-afirma-que-a-atencion-sanitaria-nos-consultorios-de-paradela-en-meis-e-de-vilaxoan-en-vilagarcia-se-retomara-en-canto-a-situacion-da-covid-19-o-permita\/#article","isPartOf":{"@id":"https:\/\/ppdegalicia.com\/es\/o-ppdeg-afirma-que-a-atencion-sanitaria-nos-consultorios-de-paradela-en-meis-e-de-vilaxoan-en-vilagarcia-se-retomara-en-canto-a-situacion-da-covid-19-o-permita\/"},"author":{"name":"ppdegaliciaedtis","@id":"https:\/\/ppdegalicia.com\/es\/#\/schema\/person\/bc9b46e59ebd34bf28611158c3867388"},"headline":"O PPdeG afirma que a atenci\u00f3n sanitaria nos consultorios de Paradela en Meis e de Vilaxo\u00e1n en Vilagarc\u00eda se retomar\u00e1 en canto a situaci\u00f3n da Covid-19 o permita","datePublished":"2020-10-22T10:41:29+00:00","mainEntityOfPage":{"@id":"https:\/\/ppdegalicia.com\/es\/o-ppdeg-afirma-que-a-atencion-sanitaria-nos-consultorios-de-paradela-en-meis-e-de-vilaxoan-en-vilagarcia-se-retomara-en-canto-a-situacion-da-covid-19-o-permita\/"},"wordCount":351,"commentCount":0,"publisher":{"@id":"https:\/\/ppdegalicia.com\/es\/#organization"},"image":{"@id":"https:\/\/ppdegalicia.com\/es\/o-ppdeg-afirma-que-a-atencion-sanitaria-nos-consultorios-de-paradela-en-meis-e-de-vilaxoan-en-vilagarcia-se-retomara-en-canto-a-situacion-da-covid-19-o-permita\/#primaryimage"},"thumbnailUrl":"https:\/\/ppdegalicia.com\/wp-content\/uploads\/2020\/10\/e2349ee352f11c9efaa9e4f305a87a5b.jpg","articleSection":["PP de Galicia"],"inLanguage":"es","potentialAction":[{"@type":"CommentAction","name":"Comment","target":["https:\/\/ppdegalicia.com\/es\/o-ppdeg-afirma-que-a-atencion-sanitaria-nos-consultorios-de-paradela-en-meis-e-de-vilaxoan-en-vilagarcia-se-retomara-en-canto-a-situacion-da-covid-19-o-permita\/#respond"]}]},{"@type":"WebPage","@id":"https:\/\/ppdegalicia.com\/es\/o-ppdeg-afirma-que-a-atencion-sanitaria-nos-consultorios-de-paradela-en-meis-e-de-vilaxoan-en-vilagarcia-se-retomara-en-canto-a-situacion-da-covid-19-o-permita\/","url":"https:\/\/ppdegalicia.com\/es\/o-ppdeg-afirma-que-a-atencion-sanitaria-nos-consultorios-de-paradela-en-meis-e-de-vilaxoan-en-vilagarcia-se-retomara-en-canto-a-situacion-da-covid-19-o-permita\/","name":"O PPdeG afirma que a atenci\u00f3n sanitaria nos consultorios de Paradela en Meis e de Vilaxo\u00e1n en Vilagarc\u00eda se retomar\u00e1 en canto a situaci\u00f3n da Covid-19 o permita - PP de Galicia","isPartOf":{"@id":"https:\/\/ppdegalicia.com\/es\/#website"},"primaryImageOfPage":{"@id":"https:\/\/ppdegalicia.com\/es\/o-ppdeg-afirma-que-a-atencion-sanitaria-nos-consultorios-de-paradela-en-meis-e-de-vilaxoan-en-vilagarcia-se-retomara-en-canto-a-situacion-da-covid-19-o-permita\/#primaryimage"},"image":{"@id":"https:\/\/ppdegalicia.com\/es\/o-ppdeg-afirma-que-a-atencion-sanitaria-nos-consultorios-de-paradela-en-meis-e-de-vilaxoan-en-vilagarcia-se-retomara-en-canto-a-situacion-da-covid-19-o-permita\/#primaryimage"},"thumbnailUrl":"https:\/\/ppdegalicia.com\/wp-content\/uploads\/2020\/10\/e2349ee352f11c9efaa9e4f305a87a5b.jpg","datePublished":"2020-10-22T10:41:29+00:00","breadcrumb":{"@id":"https:\/\/ppdegalicia.com\/es\/o-ppdeg-afirma-que-a-atencion-sanitaria-nos-consultorios-de-paradela-en-meis-e-de-vilaxoan-en-vilagarcia-se-retomara-en-canto-a-situacion-da-covid-19-o-permita\/#breadcrumb"},"inLanguage":"es","potentialAction":[{"@type":"ReadAction","target":["https:\/\/ppdegalicia.com\/es\/o-ppdeg-afirma-que-a-atencion-sanitaria-nos-consultorios-de-paradela-en-meis-e-de-vilaxoan-en-vilagarcia-se-retomara-en-canto-a-situacion-da-covid-19-o-permita\/"]}]},{"@type":"ImageObject","inLanguage":"es","@id":"https:\/\/ppdegalicia.com\/es\/o-ppdeg-afirma-que-a-atencion-sanitaria-nos-consultorios-de-paradela-en-meis-e-de-vilaxoan-en-vilagarcia-se-retomara-en-canto-a-situacion-da-covid-19-o-permita\/#primaryimage","url":"https:\/\/ppdegalicia.com\/wp-content\/uploads\/2020\/10\/e2349ee352f11c9efaa9e4f305a87a5b.jpg","contentUrl":"https:\/\/ppdegalicia.com\/wp-content\/uploads\/2020\/10\/e2349ee352f11c9efaa9e4f305a87a5b.jpg","width":1900,"height":1319},{"@type":"BreadcrumbList","@id":"https:\/\/ppdegalicia.com\/es\/o-ppdeg-afirma-que-a-atencion-sanitaria-nos-consultorios-de-paradela-en-meis-e-de-vilaxoan-en-vilagarcia-se-retomara-en-canto-a-situacion-da-covid-19-o-permita\/#breadcrumb","itemListElement":[{"@type":"ListItem","position":1,"name":"Portada","item":"https:\/\/ppdegalicia.com\/es\/"},{"@type":"ListItem","position":2,"name":"O PPdeG afirma que a atenci\u00f3n sanitaria nos consultorios de Paradela en Meis e de Vilaxo\u00e1n en Vilagarc\u00eda se retomar\u00e1 en canto a situaci\u00f3n da Covid-19 o permita"}]},{"@type":"WebSite","@id":"https:\/\/ppdegalicia.com\/es\/#website","url":"https:\/\/ppdegalicia.com\/es\/","name":"Partido Popular de Galicia","description":"Partido Popular de Galicia","publisher":{"@id":"https:\/\/ppdegalicia.com\/es\/#organization"},"alternateName":"PP de Galicia","potentialAction":[{"@type":"SearchAction","target":{"@type":"EntryPoint","urlTemplate":"https:\/\/ppdegalicia.com\/es\/?s={search_term_string}"},"query-input":{"@type":"PropertyValueSpecification","valueRequired":true,"valueName":"search_term_string"}}],"inLanguage":"es"},{"@type":"Organization","@id":"https:\/\/ppdegalicia.com\/es\/#organization","name":"Partido Popular de Galicia","alternateName":"PP de Galicia","url":"https:\/\/ppdegalicia.com\/es\/","logo":{"@type":"ImageObject","inLanguage":"es","@id":"https:\/\/ppdegalicia.com\/es\/#\/schema\/logo\/image\/","url":"https:\/\/ppdegalicia.com\/wp-content\/uploads\/2023\/04\/logoPP512.png","contentUrl":"https:\/\/ppdegalicia.com\/wp-content\/uploads\/2023\/04\/logoPP512.png","width":512,"height":512,"caption":"Partido Popular de Galicia"},"image":{"@id":"https:\/\/ppdegalicia.com\/es\/#\/schema\/logo\/image\/"},"sameAs":["https:\/\/www.instagram.com\/ppdegalicia\/","https:\/\/x.com\/ppdegalicia","https:\/\/www.tiktok.com\/@ppdegalicia","https:\/\/www.youtube.com\/user\/ppdegalicia"]},{"@type":"Person","@id":"https:\/\/ppdegalicia.com\/es\/#\/schema\/person\/bc9b46e59ebd34bf28611158c3867388","name":"ppdegaliciaedtis","image":{"@type":"ImageObject","inLanguage":"es","@id":"https:\/\/secure.gravatar.com\/avatar\/f9f8cf6e03df54a1b0d04a6b4b8e8c6bd63c10a439752e84d87a5385aefe2ced?s=96&d=mm&r=g","url":"https:\/\/secure.gravatar.com\/avatar\/f9f8cf6e03df54a1b0d04a6b4b8e8c6bd63c10a439752e84d87a5385aefe2ced?s=96&d=mm&r=g","contentUrl":"https:\/\/secure.gravatar.com\/avatar\/f9f8cf6e03df54a1b0d04a6b4b8e8c6bd63c10a439752e84d87a5385aefe2ced?s=96&d=mm&r=g","caption":"ppdegaliciaedtis"},"url":"https:\/\/ppdegalicia.com\/es\/author\/ppdegaliciaedits\/"}]}},"_links":{"self":[{"href":"https:\/\/ppdegalicia.com\/es\/wp-json\/wp\/v2\/posts\/54830","targetHints":{"allow":["GET"]}}],"collection":[{"href":"https:\/\/ppdegalicia.com\/es\/wp-json\/wp\/v2\/posts"}],"about":[{"href":"https:\/\/ppdegalicia.com\/es\/wp-json\/wp\/v2\/types\/post"}],"author":[{"embeddable":true,"href":"https:\/\/ppdegalicia.com\/es\/wp-json\/wp\/v2\/users\/40"}],"replies":[{"embeddable":true,"href":"https:\/\/ppdegalicia.com\/es\/wp-json\/wp\/v2\/comments?post=54830"}],"version-history":[{"count":0,"href":"https:\/\/ppdegalicia.com\/es\/wp-json\/wp\/v2\/posts\/54830\/revisions"}],"wp:featuredmedia":[{"embeddable":true,"href":"https:\/\/ppdegalicia.com\/es\/wp-json\/wp\/v2\/media\/54829"}],"wp:attachment":[{"href":"https:\/\/ppdegalicia.com\/es\/wp-json\/wp\/v2\/media?parent=54830"}],"wp:term":[{"taxonomy":"category","embeddable":true,"href":"https:\/\/ppdegalicia.com\/es\/wp-json\/wp\/v2\/categories?post=54830"},{"taxonomy":"post_tag","embeddable":true,"href":"https:\/\/ppdegalicia.com\/es\/wp-json\/wp\/v2\/tags?post=54830"}],"curies":[{"name":"wp","href":"https:\/\/api.w.org\/{rel}","templated":true}]}}