{"id":54838,"date":"2020-10-23T12:36:51","date_gmt":"2020-10-23T10:36:51","guid":{"rendered":"https:\/\/ppdegalicia.com\/o-grupo-popular-cuestiona-se-o-goberno-central-non-pensa-cumprir-o-mandato-parlamentario-respecto-a-intervencion-temporal-de-alcoa\/"},"modified":"2020-10-23T12:36:51","modified_gmt":"2020-10-23T10:36:51","slug":"o-grupo-popular-cuestiona-se-o-goberno-central-non-pensa-cumprir-o-mandato-parlamentario-respecto-a-intervencion-temporal-de-alcoa","status":"publish","type":"post","link":"https:\/\/ppdegalicia.com\/es\/o-grupo-popular-cuestiona-se-o-goberno-central-non-pensa-cumprir-o-mandato-parlamentario-respecto-a-intervencion-temporal-de-alcoa\/","title":{"rendered":"O Grupo Popular cuestiona se o Goberno central non pensa cumprir o mandato parlamentario respecto \u00e1 intervenci\u00f3n temporal de Alcoa"},"content":{"rendered":"<p><img fetchpriority=\"high\" decoding=\"async\" class=\" size-full wp-image-54837\" src=\"https:\/\/ppdegalicia.com\/wp-content\/uploads\/2020\/10\/d81092e82de85f61bb4fbd21fa56a521.jpg\" alt=\"\" width=\"1900\" height=\"1109\" srcset=\"https:\/\/ppdegalicia.com\/wp-content\/uploads\/2020\/10\/d81092e82de85f61bb4fbd21fa56a521.jpg 1900w, https:\/\/ppdegalicia.com\/wp-content\/uploads\/2020\/10\/d81092e82de85f61bb4fbd21fa56a521-300x175.jpg 300w, https:\/\/ppdegalicia.com\/wp-content\/uploads\/2020\/10\/d81092e82de85f61bb4fbd21fa56a521-1024x598.jpg 1024w, https:\/\/ppdegalicia.com\/wp-content\/uploads\/2020\/10\/d81092e82de85f61bb4fbd21fa56a521-768x448.jpg 768w, https:\/\/ppdegalicia.com\/wp-content\/uploads\/2020\/10\/d81092e82de85f61bb4fbd21fa56a521-1536x897.jpg 1536w\" sizes=\"(max-width: 1900px) 100vw, 1900px\" \/><\/p>\n<p>Santiago, 23 de outubro de 2020.- O viceportavoz do Grupo Popular, Miguel Tellado, acusou hoxe no Parlamento aos socialistas galegos de \u201cpretender lavarse a cara con manobras de distracci\u00f3n e botar bal\u00f3ns f\u00f3ra\u201d pedindo agora un plan de reconstruci\u00f3n para A Mari\u00f1a lucense. Neste sentido, cuestionou se \u201co Goberno de Pedro S\u00e1nchez non pensa cumprir o mandato tanto do Congreso como do Parlamento galego para intervir temporalmente a factor\u00eda de Alcoa en San Cibrao\u201d, porque afirmou que \u201cos nosos esforzos neste momento deben centrarse no mantemento da empresa e os postos de traballo\u201d.<\/p>\n<p><!--more--><\/p>\n<p>Miguel Tellado manifestou que \u201cdebemos exercer a palabra con responsabilidade, rigor e seriedade, sen tratar de enganar a ningu\u00e9n\u201d. As\u00ed, incidiu que a proposta dun plan de reconstruci\u00f3n para A Mari\u00f1a \u201cnon \u00e9 m\u00e1is que unha manobra de distracci\u00f3n\u201d e asegurou que desde o PPdeG \u201cseguimos pedindo unha intervenci\u00f3n temporal e un prezo p\u00fablico da enerx\u00eda competitivo\u201d.<\/p>\n<p>\u00a0<\/p>\n<p>\u201cSen un novo estatuto para as empresas electrointensivas, a nova empresa que se faga cargo de Alcoa tam\u00e9n estar\u00e1 obrigada a pechar\u201d, afirmou o viceportavoz popular, quen lamentou que \u201co Goberno de Pedro S\u00e1nchez leve dous anos neg\u00e1ndose a aprobar este estatuto e agora os socialistas galegos pretenden resolver esta cuesti\u00f3n con axudas \u00e1 hostaler\u00eda ou \u00e1 restauraci\u00f3n da Mari\u00f1a\u201d.<\/p>\n<p>\u00a0<\/p>\n<p>Tellado amosou a s\u00faa preocupaci\u00f3n porque a deputada socialista \u201cfoi moi clara na s\u00faa intervenci\u00f3n: o Goberno de Pedro S\u00e1nchez non est\u00e1 a favor de intervir a empresa e vai deixar que Alcoa peche, un peche que afecta \u00e1 econom\u00eda galega e de Espa\u00f1a, xa que \u00e9 a \u00fanica empresa que produce aluminio primario en Espa\u00f1a\u201d.<\/p>\n<p>\u00a0<\/p>\n<p>\u201cA nosa postura \u00e9 que Goberno central e Xunta te\u00f1en que seguir traballando xuntos para plantarlle cara \u00e1 empresa, defendendo o mantemento dos postos de traballo, que non se paren as cubas, conseguir a venta e, se non \u00e9 posible, proceder \u00e1 intervenci\u00f3n ata que apareza un comprador\u201d, concretou Miguel Tellado. Pero apuntou que \u201cnada \u00e9 posible se non se consegue un prezo da electricidade competitivo, e iso s\u00f3 ser\u00e1 posible cun estatuto para as empresas electrointensivas\u201d.<\/p>\n","protected":false},"excerpt":{"rendered":"<p>Santiago, 23 de outubro de 2020.- O viceportavoz do Grupo Popular, Miguel Tellado, acusou hoxe no Parlamento aos socialistas galegos de \u201cpretender lavarse a cara con manobras de distracci\u00f3n e botar bal\u00f3ns f\u00f3ra\u201d pedindo agora un plan de reconstruci\u00f3n para A Mari\u00f1a lucense. Neste sentido, cuestionou se \u201co Goberno de Pedro S\u00e1nchez non pensa cumprir [&hellip;]<\/p>\n","protected":false},"author":40,"featured_media":54837,"comment_status":"open","ping_status":"open","sticky":false,"template":"","format":"standard","meta":{"_acf_changed":false,"footnotes":""},"categories":[1],"tags":[],"class_list":["post-54838","post","type-post","status-publish","format-standard","has-post-thumbnail","hentry","category-pp-de-galicia"],"acf":[],"yoast_head":"<!-- This site is optimized with the Yoast SEO plugin v27.3 - https:\/\/yoast.com\/product\/yoast-seo-wordpress\/ -->\n<title>O Grupo Popular cuestiona se o Goberno central non pensa cumprir o mandato parlamentario respecto \u00e1 intervenci\u00f3n temporal de Alcoa - PP de Galicia<\/title>\n<meta name=\"robots\" content=\"index, follow, max-snippet:-1, max-image-preview:large, max-video-preview:-1\" \/>\n<link rel=\"canonical\" href=\"https:\/\/ppdegalicia.com\/es\/o-grupo-popular-cuestiona-se-o-goberno-central-non-pensa-cumprir-o-mandato-parlamentario-respecto-a-intervencion-temporal-de-alcoa\/\" \/>\n<meta property=\"og:locale\" content=\"es_ES\" \/>\n<meta property=\"og:type\" content=\"article\" \/>\n<meta property=\"og:title\" content=\"O Grupo Popular cuestiona se o Goberno central non pensa cumprir o mandato parlamentario respecto \u00e1 intervenci\u00f3n temporal de Alcoa - PP de Galicia\" \/>\n<meta property=\"og:description\" content=\"Santiago, 23 de outubro de 2020.- O viceportavoz do Grupo Popular, Miguel Tellado, acusou hoxe no Parlamento aos socialistas galegos de \u201cpretender lavarse a cara con manobras de distracci\u00f3n e botar bal\u00f3ns f\u00f3ra\u201d pedindo agora un plan de reconstruci\u00f3n para A Mari\u00f1a lucense. Neste sentido, cuestionou se \u201co Goberno de Pedro S\u00e1nchez non pensa cumprir [&hellip;]\" \/>\n<meta property=\"og:url\" content=\"https:\/\/ppdegalicia.com\/es\/o-grupo-popular-cuestiona-se-o-goberno-central-non-pensa-cumprir-o-mandato-parlamentario-respecto-a-intervencion-temporal-de-alcoa\/\" \/>\n<meta property=\"og:site_name\" content=\"PP de Galicia\" \/>\n<meta property=\"article:publisher\" content=\"https:\/\/www.instagram.com\/ppdegalicia\/\" \/>\n<meta property=\"article:published_time\" content=\"2020-10-23T10:36:51+00:00\" \/>\n<meta property=\"og:image\" content=\"https:\/\/ppdegalicia.com\/wp-content\/uploads\/2020\/10\/d81092e82de85f61bb4fbd21fa56a521.jpg\" \/>\n\t<meta property=\"og:image:width\" content=\"1900\" \/>\n\t<meta property=\"og:image:height\" content=\"1109\" \/>\n\t<meta property=\"og:image:type\" content=\"image\/jpeg\" \/>\n<meta name=\"author\" content=\"ppdegaliciaedtis\" \/>\n<meta name=\"twitter:card\" content=\"summary_large_image\" \/>\n<meta name=\"twitter:creator\" content=\"@ppdegalicia\" \/>\n<meta name=\"twitter:site\" content=\"@ppdegalicia\" \/>\n<meta name=\"twitter:label1\" content=\"Escrito por\" \/>\n\t<meta name=\"twitter:data1\" content=\"ppdegaliciaedtis\" \/>\n\t<meta name=\"twitter:label2\" content=\"Tiempo de lectura\" \/>\n\t<meta name=\"twitter:data2\" content=\"2 minutos\" \/>\n<script type=\"application\/ld+json\" class=\"yoast-schema-graph\">{\"@context\":\"https:\\\/\\\/schema.org\",\"@graph\":[{\"@type\":\"Article\",\"@id\":\"https:\\\/\\\/ppdegalicia.com\\\/es\\\/o-grupo-popular-cuestiona-se-o-goberno-central-non-pensa-cumprir-o-mandato-parlamentario-respecto-a-intervencion-temporal-de-alcoa\\\/#article\",\"isPartOf\":{\"@id\":\"https:\\\/\\\/ppdegalicia.com\\\/es\\\/o-grupo-popular-cuestiona-se-o-goberno-central-non-pensa-cumprir-o-mandato-parlamentario-respecto-a-intervencion-temporal-de-alcoa\\\/\"},\"author\":{\"name\":\"ppdegaliciaedtis\",\"@id\":\"https:\\\/\\\/ppdegalicia.com\\\/es\\\/#\\\/schema\\\/person\\\/bc9b46e59ebd34bf28611158c3867388\"},\"headline\":\"O Grupo Popular cuestiona se o Goberno central non pensa cumprir o mandato parlamentario respecto \u00e1 intervenci\u00f3n temporal de Alcoa\",\"datePublished\":\"2020-10-23T10:36:51+00:00\",\"mainEntityOfPage\":{\"@id\":\"https:\\\/\\\/ppdegalicia.com\\\/es\\\/o-grupo-popular-cuestiona-se-o-goberno-central-non-pensa-cumprir-o-mandato-parlamentario-respecto-a-intervencion-temporal-de-alcoa\\\/\"},\"wordCount\":384,\"commentCount\":0,\"publisher\":{\"@id\":\"https:\\\/\\\/ppdegalicia.com\\\/es\\\/#organization\"},\"image\":{\"@id\":\"https:\\\/\\\/ppdegalicia.com\\\/es\\\/o-grupo-popular-cuestiona-se-o-goberno-central-non-pensa-cumprir-o-mandato-parlamentario-respecto-a-intervencion-temporal-de-alcoa\\\/#primaryimage\"},\"thumbnailUrl\":\"https:\\\/\\\/ppdegalicia.com\\\/wp-content\\\/uploads\\\/2020\\\/10\\\/d81092e82de85f61bb4fbd21fa56a521.jpg\",\"articleSection\":[\"PP de Galicia\"],\"inLanguage\":\"es\",\"potentialAction\":[{\"@type\":\"CommentAction\",\"name\":\"Comment\",\"target\":[\"https:\\\/\\\/ppdegalicia.com\\\/es\\\/o-grupo-popular-cuestiona-se-o-goberno-central-non-pensa-cumprir-o-mandato-parlamentario-respecto-a-intervencion-temporal-de-alcoa\\\/#respond\"]}]},{\"@type\":\"WebPage\",\"@id\":\"https:\\\/\\\/ppdegalicia.com\\\/es\\\/o-grupo-popular-cuestiona-se-o-goberno-central-non-pensa-cumprir-o-mandato-parlamentario-respecto-a-intervencion-temporal-de-alcoa\\\/\",\"url\":\"https:\\\/\\\/ppdegalicia.com\\\/es\\\/o-grupo-popular-cuestiona-se-o-goberno-central-non-pensa-cumprir-o-mandato-parlamentario-respecto-a-intervencion-temporal-de-alcoa\\\/\",\"name\":\"O Grupo Popular cuestiona se o Goberno central non pensa cumprir o mandato parlamentario respecto \u00e1 intervenci\u00f3n temporal de Alcoa - PP de Galicia\",\"isPartOf\":{\"@id\":\"https:\\\/\\\/ppdegalicia.com\\\/es\\\/#website\"},\"primaryImageOfPage\":{\"@id\":\"https:\\\/\\\/ppdegalicia.com\\\/es\\\/o-grupo-popular-cuestiona-se-o-goberno-central-non-pensa-cumprir-o-mandato-parlamentario-respecto-a-intervencion-temporal-de-alcoa\\\/#primaryimage\"},\"image\":{\"@id\":\"https:\\\/\\\/ppdegalicia.com\\\/es\\\/o-grupo-popular-cuestiona-se-o-goberno-central-non-pensa-cumprir-o-mandato-parlamentario-respecto-a-intervencion-temporal-de-alcoa\\\/#primaryimage\"},\"thumbnailUrl\":\"https:\\\/\\\/ppdegalicia.com\\\/wp-content\\\/uploads\\\/2020\\\/10\\\/d81092e82de85f61bb4fbd21fa56a521.jpg\",\"datePublished\":\"2020-10-23T10:36:51+00:00\",\"breadcrumb\":{\"@id\":\"https:\\\/\\\/ppdegalicia.com\\\/es\\\/o-grupo-popular-cuestiona-se-o-goberno-central-non-pensa-cumprir-o-mandato-parlamentario-respecto-a-intervencion-temporal-de-alcoa\\\/#breadcrumb\"},\"inLanguage\":\"es\",\"potentialAction\":[{\"@type\":\"ReadAction\",\"target\":[\"https:\\\/\\\/ppdegalicia.com\\\/es\\\/o-grupo-popular-cuestiona-se-o-goberno-central-non-pensa-cumprir-o-mandato-parlamentario-respecto-a-intervencion-temporal-de-alcoa\\\/\"]}]},{\"@type\":\"ImageObject\",\"inLanguage\":\"es\",\"@id\":\"https:\\\/\\\/ppdegalicia.com\\\/es\\\/o-grupo-popular-cuestiona-se-o-goberno-central-non-pensa-cumprir-o-mandato-parlamentario-respecto-a-intervencion-temporal-de-alcoa\\\/#primaryimage\",\"url\":\"https:\\\/\\\/ppdegalicia.com\\\/wp-content\\\/uploads\\\/2020\\\/10\\\/d81092e82de85f61bb4fbd21fa56a521.jpg\",\"contentUrl\":\"https:\\\/\\\/ppdegalicia.com\\\/wp-content\\\/uploads\\\/2020\\\/10\\\/d81092e82de85f61bb4fbd21fa56a521.jpg\",\"width\":1900,\"height\":1109},{\"@type\":\"BreadcrumbList\",\"@id\":\"https:\\\/\\\/ppdegalicia.com\\\/es\\\/o-grupo-popular-cuestiona-se-o-goberno-central-non-pensa-cumprir-o-mandato-parlamentario-respecto-a-intervencion-temporal-de-alcoa\\\/#breadcrumb\",\"itemListElement\":[{\"@type\":\"ListItem\",\"position\":1,\"name\":\"Portada\",\"item\":\"https:\\\/\\\/ppdegalicia.com\\\/es\\\/\"},{\"@type\":\"ListItem\",\"position\":2,\"name\":\"O Grupo Popular cuestiona se o Goberno central non pensa cumprir o mandato parlamentario respecto \u00e1 intervenci\u00f3n temporal de Alcoa\"}]},{\"@type\":\"WebSite\",\"@id\":\"https:\\\/\\\/ppdegalicia.com\\\/es\\\/#website\",\"url\":\"https:\\\/\\\/ppdegalicia.com\\\/es\\\/\",\"name\":\"Partido Popular de Galicia\",\"description\":\"Partido Popular de Galicia\",\"publisher\":{\"@id\":\"https:\\\/\\\/ppdegalicia.com\\\/es\\\/#organization\"},\"alternateName\":\"PP de Galicia\",\"potentialAction\":[{\"@type\":\"SearchAction\",\"target\":{\"@type\":\"EntryPoint\",\"urlTemplate\":\"https:\\\/\\\/ppdegalicia.com\\\/es\\\/?s={search_term_string}\"},\"query-input\":{\"@type\":\"PropertyValueSpecification\",\"valueRequired\":true,\"valueName\":\"search_term_string\"}}],\"inLanguage\":\"es\"},{\"@type\":\"Organization\",\"@id\":\"https:\\\/\\\/ppdegalicia.com\\\/es\\\/#organization\",\"name\":\"Partido Popular de Galicia\",\"alternateName\":\"PP de Galicia\",\"url\":\"https:\\\/\\\/ppdegalicia.com\\\/es\\\/\",\"logo\":{\"@type\":\"ImageObject\",\"inLanguage\":\"es\",\"@id\":\"https:\\\/\\\/ppdegalicia.com\\\/es\\\/#\\\/schema\\\/logo\\\/image\\\/\",\"url\":\"https:\\\/\\\/ppdegalicia.com\\\/wp-content\\\/uploads\\\/2023\\\/04\\\/logoPP512.png\",\"contentUrl\":\"https:\\\/\\\/ppdegalicia.com\\\/wp-content\\\/uploads\\\/2023\\\/04\\\/logoPP512.png\",\"width\":512,\"height\":512,\"caption\":\"Partido Popular de Galicia\"},\"image\":{\"@id\":\"https:\\\/\\\/ppdegalicia.com\\\/es\\\/#\\\/schema\\\/logo\\\/image\\\/\"},\"sameAs\":[\"https:\\\/\\\/www.instagram.com\\\/ppdegalicia\\\/\",\"https:\\\/\\\/x.com\\\/ppdegalicia\",\"https:\\\/\\\/www.tiktok.com\\\/@ppdegalicia\",\"https:\\\/\\\/www.youtube.com\\\/user\\\/ppdegalicia\"]},{\"@type\":\"Person\",\"@id\":\"https:\\\/\\\/ppdegalicia.com\\\/es\\\/#\\\/schema\\\/person\\\/bc9b46e59ebd34bf28611158c3867388\",\"name\":\"ppdegaliciaedtis\",\"image\":{\"@type\":\"ImageObject\",\"inLanguage\":\"es\",\"@id\":\"https:\\\/\\\/secure.gravatar.com\\\/avatar\\\/f9f8cf6e03df54a1b0d04a6b4b8e8c6bd63c10a439752e84d87a5385aefe2ced?s=96&d=mm&r=g\",\"url\":\"https:\\\/\\\/secure.gravatar.com\\\/avatar\\\/f9f8cf6e03df54a1b0d04a6b4b8e8c6bd63c10a439752e84d87a5385aefe2ced?s=96&d=mm&r=g\",\"contentUrl\":\"https:\\\/\\\/secure.gravatar.com\\\/avatar\\\/f9f8cf6e03df54a1b0d04a6b4b8e8c6bd63c10a439752e84d87a5385aefe2ced?s=96&d=mm&r=g\",\"caption\":\"ppdegaliciaedtis\"},\"url\":\"https:\\\/\\\/ppdegalicia.com\\\/es\\\/author\\\/ppdegaliciaedits\\\/\"}]}<\/script>\n<!-- \/ Yoast SEO plugin. -->","yoast_head_json":{"title":"O Grupo Popular cuestiona se o Goberno central non pensa cumprir o mandato parlamentario respecto \u00e1 intervenci\u00f3n temporal de Alcoa - PP de Galicia","robots":{"index":"index","follow":"follow","max-snippet":"max-snippet:-1","max-image-preview":"max-image-preview:large","max-video-preview":"max-video-preview:-1"},"canonical":"https:\/\/ppdegalicia.com\/es\/o-grupo-popular-cuestiona-se-o-goberno-central-non-pensa-cumprir-o-mandato-parlamentario-respecto-a-intervencion-temporal-de-alcoa\/","og_locale":"es_ES","og_type":"article","og_title":"O Grupo Popular cuestiona se o Goberno central non pensa cumprir o mandato parlamentario respecto \u00e1 intervenci\u00f3n temporal de Alcoa - PP de Galicia","og_description":"Santiago, 23 de outubro de 2020.- O viceportavoz do Grupo Popular, Miguel Tellado, acusou hoxe no Parlamento aos socialistas galegos de \u201cpretender lavarse a cara con manobras de distracci\u00f3n e botar bal\u00f3ns f\u00f3ra\u201d pedindo agora un plan de reconstruci\u00f3n para A Mari\u00f1a lucense. Neste sentido, cuestionou se \u201co Goberno de Pedro S\u00e1nchez non pensa cumprir [&hellip;]","og_url":"https:\/\/ppdegalicia.com\/es\/o-grupo-popular-cuestiona-se-o-goberno-central-non-pensa-cumprir-o-mandato-parlamentario-respecto-a-intervencion-temporal-de-alcoa\/","og_site_name":"PP de Galicia","article_publisher":"https:\/\/www.instagram.com\/ppdegalicia\/","article_published_time":"2020-10-23T10:36:51+00:00","og_image":[{"width":1900,"height":1109,"url":"https:\/\/ppdegalicia.com\/wp-content\/uploads\/2020\/10\/d81092e82de85f61bb4fbd21fa56a521.jpg","type":"image\/jpeg"}],"author":"ppdegaliciaedtis","twitter_card":"summary_large_image","twitter_creator":"@ppdegalicia","twitter_site":"@ppdegalicia","twitter_misc":{"Escrito por":"ppdegaliciaedtis","Tiempo de lectura":"2 minutos"},"schema":{"@context":"https:\/\/schema.org","@graph":[{"@type":"Article","@id":"https:\/\/ppdegalicia.com\/es\/o-grupo-popular-cuestiona-se-o-goberno-central-non-pensa-cumprir-o-mandato-parlamentario-respecto-a-intervencion-temporal-de-alcoa\/#article","isPartOf":{"@id":"https:\/\/ppdegalicia.com\/es\/o-grupo-popular-cuestiona-se-o-goberno-central-non-pensa-cumprir-o-mandato-parlamentario-respecto-a-intervencion-temporal-de-alcoa\/"},"author":{"name":"ppdegaliciaedtis","@id":"https:\/\/ppdegalicia.com\/es\/#\/schema\/person\/bc9b46e59ebd34bf28611158c3867388"},"headline":"O Grupo Popular cuestiona se o Goberno central non pensa cumprir o mandato parlamentario respecto \u00e1 intervenci\u00f3n temporal de Alcoa","datePublished":"2020-10-23T10:36:51+00:00","mainEntityOfPage":{"@id":"https:\/\/ppdegalicia.com\/es\/o-grupo-popular-cuestiona-se-o-goberno-central-non-pensa-cumprir-o-mandato-parlamentario-respecto-a-intervencion-temporal-de-alcoa\/"},"wordCount":384,"commentCount":0,"publisher":{"@id":"https:\/\/ppdegalicia.com\/es\/#organization"},"image":{"@id":"https:\/\/ppdegalicia.com\/es\/o-grupo-popular-cuestiona-se-o-goberno-central-non-pensa-cumprir-o-mandato-parlamentario-respecto-a-intervencion-temporal-de-alcoa\/#primaryimage"},"thumbnailUrl":"https:\/\/ppdegalicia.com\/wp-content\/uploads\/2020\/10\/d81092e82de85f61bb4fbd21fa56a521.jpg","articleSection":["PP de Galicia"],"inLanguage":"es","potentialAction":[{"@type":"CommentAction","name":"Comment","target":["https:\/\/ppdegalicia.com\/es\/o-grupo-popular-cuestiona-se-o-goberno-central-non-pensa-cumprir-o-mandato-parlamentario-respecto-a-intervencion-temporal-de-alcoa\/#respond"]}]},{"@type":"WebPage","@id":"https:\/\/ppdegalicia.com\/es\/o-grupo-popular-cuestiona-se-o-goberno-central-non-pensa-cumprir-o-mandato-parlamentario-respecto-a-intervencion-temporal-de-alcoa\/","url":"https:\/\/ppdegalicia.com\/es\/o-grupo-popular-cuestiona-se-o-goberno-central-non-pensa-cumprir-o-mandato-parlamentario-respecto-a-intervencion-temporal-de-alcoa\/","name":"O Grupo Popular cuestiona se o Goberno central non pensa cumprir o mandato parlamentario respecto \u00e1 intervenci\u00f3n temporal de Alcoa - PP de Galicia","isPartOf":{"@id":"https:\/\/ppdegalicia.com\/es\/#website"},"primaryImageOfPage":{"@id":"https:\/\/ppdegalicia.com\/es\/o-grupo-popular-cuestiona-se-o-goberno-central-non-pensa-cumprir-o-mandato-parlamentario-respecto-a-intervencion-temporal-de-alcoa\/#primaryimage"},"image":{"@id":"https:\/\/ppdegalicia.com\/es\/o-grupo-popular-cuestiona-se-o-goberno-central-non-pensa-cumprir-o-mandato-parlamentario-respecto-a-intervencion-temporal-de-alcoa\/#primaryimage"},"thumbnailUrl":"https:\/\/ppdegalicia.com\/wp-content\/uploads\/2020\/10\/d81092e82de85f61bb4fbd21fa56a521.jpg","datePublished":"2020-10-23T10:36:51+00:00","breadcrumb":{"@id":"https:\/\/ppdegalicia.com\/es\/o-grupo-popular-cuestiona-se-o-goberno-central-non-pensa-cumprir-o-mandato-parlamentario-respecto-a-intervencion-temporal-de-alcoa\/#breadcrumb"},"inLanguage":"es","potentialAction":[{"@type":"ReadAction","target":["https:\/\/ppdegalicia.com\/es\/o-grupo-popular-cuestiona-se-o-goberno-central-non-pensa-cumprir-o-mandato-parlamentario-respecto-a-intervencion-temporal-de-alcoa\/"]}]},{"@type":"ImageObject","inLanguage":"es","@id":"https:\/\/ppdegalicia.com\/es\/o-grupo-popular-cuestiona-se-o-goberno-central-non-pensa-cumprir-o-mandato-parlamentario-respecto-a-intervencion-temporal-de-alcoa\/#primaryimage","url":"https:\/\/ppdegalicia.com\/wp-content\/uploads\/2020\/10\/d81092e82de85f61bb4fbd21fa56a521.jpg","contentUrl":"https:\/\/ppdegalicia.com\/wp-content\/uploads\/2020\/10\/d81092e82de85f61bb4fbd21fa56a521.jpg","width":1900,"height":1109},{"@type":"BreadcrumbList","@id":"https:\/\/ppdegalicia.com\/es\/o-grupo-popular-cuestiona-se-o-goberno-central-non-pensa-cumprir-o-mandato-parlamentario-respecto-a-intervencion-temporal-de-alcoa\/#breadcrumb","itemListElement":[{"@type":"ListItem","position":1,"name":"Portada","item":"https:\/\/ppdegalicia.com\/es\/"},{"@type":"ListItem","position":2,"name":"O Grupo Popular cuestiona se o Goberno central non pensa cumprir o mandato parlamentario respecto \u00e1 intervenci\u00f3n temporal de Alcoa"}]},{"@type":"WebSite","@id":"https:\/\/ppdegalicia.com\/es\/#website","url":"https:\/\/ppdegalicia.com\/es\/","name":"Partido Popular de Galicia","description":"Partido Popular de Galicia","publisher":{"@id":"https:\/\/ppdegalicia.com\/es\/#organization"},"alternateName":"PP de Galicia","potentialAction":[{"@type":"SearchAction","target":{"@type":"EntryPoint","urlTemplate":"https:\/\/ppdegalicia.com\/es\/?s={search_term_string}"},"query-input":{"@type":"PropertyValueSpecification","valueRequired":true,"valueName":"search_term_string"}}],"inLanguage":"es"},{"@type":"Organization","@id":"https:\/\/ppdegalicia.com\/es\/#organization","name":"Partido Popular de Galicia","alternateName":"PP de Galicia","url":"https:\/\/ppdegalicia.com\/es\/","logo":{"@type":"ImageObject","inLanguage":"es","@id":"https:\/\/ppdegalicia.com\/es\/#\/schema\/logo\/image\/","url":"https:\/\/ppdegalicia.com\/wp-content\/uploads\/2023\/04\/logoPP512.png","contentUrl":"https:\/\/ppdegalicia.com\/wp-content\/uploads\/2023\/04\/logoPP512.png","width":512,"height":512,"caption":"Partido Popular de Galicia"},"image":{"@id":"https:\/\/ppdegalicia.com\/es\/#\/schema\/logo\/image\/"},"sameAs":["https:\/\/www.instagram.com\/ppdegalicia\/","https:\/\/x.com\/ppdegalicia","https:\/\/www.tiktok.com\/@ppdegalicia","https:\/\/www.youtube.com\/user\/ppdegalicia"]},{"@type":"Person","@id":"https:\/\/ppdegalicia.com\/es\/#\/schema\/person\/bc9b46e59ebd34bf28611158c3867388","name":"ppdegaliciaedtis","image":{"@type":"ImageObject","inLanguage":"es","@id":"https:\/\/secure.gravatar.com\/avatar\/f9f8cf6e03df54a1b0d04a6b4b8e8c6bd63c10a439752e84d87a5385aefe2ced?s=96&d=mm&r=g","url":"https:\/\/secure.gravatar.com\/avatar\/f9f8cf6e03df54a1b0d04a6b4b8e8c6bd63c10a439752e84d87a5385aefe2ced?s=96&d=mm&r=g","contentUrl":"https:\/\/secure.gravatar.com\/avatar\/f9f8cf6e03df54a1b0d04a6b4b8e8c6bd63c10a439752e84d87a5385aefe2ced?s=96&d=mm&r=g","caption":"ppdegaliciaedtis"},"url":"https:\/\/ppdegalicia.com\/es\/author\/ppdegaliciaedits\/"}]}},"_links":{"self":[{"href":"https:\/\/ppdegalicia.com\/es\/wp-json\/wp\/v2\/posts\/54838","targetHints":{"allow":["GET"]}}],"collection":[{"href":"https:\/\/ppdegalicia.com\/es\/wp-json\/wp\/v2\/posts"}],"about":[{"href":"https:\/\/ppdegalicia.com\/es\/wp-json\/wp\/v2\/types\/post"}],"author":[{"embeddable":true,"href":"https:\/\/ppdegalicia.com\/es\/wp-json\/wp\/v2\/users\/40"}],"replies":[{"embeddable":true,"href":"https:\/\/ppdegalicia.com\/es\/wp-json\/wp\/v2\/comments?post=54838"}],"version-history":[{"count":0,"href":"https:\/\/ppdegalicia.com\/es\/wp-json\/wp\/v2\/posts\/54838\/revisions"}],"wp:featuredmedia":[{"embeddable":true,"href":"https:\/\/ppdegalicia.com\/es\/wp-json\/wp\/v2\/media\/54837"}],"wp:attachment":[{"href":"https:\/\/ppdegalicia.com\/es\/wp-json\/wp\/v2\/media?parent=54838"}],"wp:term":[{"taxonomy":"category","embeddable":true,"href":"https:\/\/ppdegalicia.com\/es\/wp-json\/wp\/v2\/categories?post=54838"},{"taxonomy":"post_tag","embeddable":true,"href":"https:\/\/ppdegalicia.com\/es\/wp-json\/wp\/v2\/tags?post=54838"}],"curies":[{"name":"wp","href":"https:\/\/api.w.org\/{rel}","templated":true}]}}