{"id":54866,"date":"2020-10-30T12:21:06","date_gmt":"2020-10-30T10:21:06","guid":{"rendered":"https:\/\/ppdegalicia.com\/tellado-baixar-o-investimento-en-galicia-e-subir-impostos-aos-galegos-e-a-vinganza-de-sanchez-pola-derrota-do-psoe-nas-autonomicas-2\/"},"modified":"2020-10-30T12:21:06","modified_gmt":"2020-10-30T10:21:06","slug":"tellado-baixar-o-investimento-en-galicia-e-subir-impostos-aos-galegos-e-a-vinganza-de-sanchez-pola-derrota-do-psoe-nas-autonomicas-2","status":"publish","type":"post","link":"https:\/\/ppdegalicia.com\/es\/tellado-baixar-o-investimento-en-galicia-e-subir-impostos-aos-galegos-e-a-vinganza-de-sanchez-pola-derrota-do-psoe-nas-autonomicas-2\/","title":{"rendered":"Tellado: \u00abBaixar o investimento en Galicia e subir impostos aos galegos \u00e9 a vinganza de S\u00e1nchez pola derrota do PSOE nas auton\u00f3micas\u00bb"},"content":{"rendered":"<p><img fetchpriority=\"high\" decoding=\"async\" class=\" size-full wp-image-54865\" src=\"https:\/\/ppdegalicia.com\/wp-content\/uploads\/2020\/10\/8f37d38783a38a0cd56de0d6399a8604-scaled.jpg\" alt=\"\" width=\"2560\" height=\"1744\" srcset=\"https:\/\/ppdegalicia.com\/wp-content\/uploads\/2020\/10\/8f37d38783a38a0cd56de0d6399a8604-scaled.jpg 2560w, https:\/\/ppdegalicia.com\/wp-content\/uploads\/2020\/10\/8f37d38783a38a0cd56de0d6399a8604-300x204.jpg 300w, https:\/\/ppdegalicia.com\/wp-content\/uploads\/2020\/10\/8f37d38783a38a0cd56de0d6399a8604-1024x698.jpg 1024w, https:\/\/ppdegalicia.com\/wp-content\/uploads\/2020\/10\/8f37d38783a38a0cd56de0d6399a8604-768x523.jpg 768w, https:\/\/ppdegalicia.com\/wp-content\/uploads\/2020\/10\/8f37d38783a38a0cd56de0d6399a8604-1536x1047.jpg 1536w, https:\/\/ppdegalicia.com\/wp-content\/uploads\/2020\/10\/8f37d38783a38a0cd56de0d6399a8604-2048x1395.jpg 2048w\" sizes=\"(max-width: 2560px) 100vw, 2560px\" \/><\/p>\n<p style=\"text-align: justify;\">Presenta un dec\u00e1logo dos agravios dos Orzamentos do Estado coa nosa Autonom\u00eda, que cualifica como \u201cdesequilibrados, irreais e irresponsables\u201d\u00a0<\/p>\n<p><!--more--><\/p>\n<p style=\"text-align: justify;\">\u00a0<\/p>\n<p style=\"text-align: justify;\">O secretario xeral do PPdeG, Miguel Tellado, valorou o proxecto de Orzamentos do Estado presentado esta semana asegurando que baixar o investimento en Galicia e subir impostos aos galegos \u00e9 a vinganza de S\u00e1nchez pola derrota do PSOE nas auton\u00f3micas.<\/p>\n<p style=\"text-align: justify;\">\u00a0<\/p>\n<p style=\"text-align: justify;\">Segundo sinalou, estes presupostos son unha vergo\u00f1a, resultan profundamente lesivos e van en contra da Comunidade e do proceso de recuperaci\u00f3n econ\u00f3mica e social que necesita o noso pa\u00eds. \u201cSon as contas da leiteira\u201d, engadiu ao tempo que as cualificaba como desequilibradas, irreais e irresponsables, xa que se basean nun aumento hist\u00f3rico do gasto que se sost\u00e9n sobre un gran subida de impostos a todos os cidad\u00e1ns e sobre unhas predici\u00f3ns ficticias.<\/p>\n<p style=\"text-align: justify;\">\u00a0<\/p>\n<p style=\"text-align: justify;\">\u00a0<\/p>\n<p style=\"text-align: justify;\"><strong><u>A MENOR INVERSI\u00d3N EN 15 ANOS<\/u><\/strong><\/p>\n<p style=\"text-align: justify;\">Durante a s\u00faa intervenci\u00f3n en rolda de prensa, acompa\u00f1ado pola deputada Marta Gonz\u00e1lez, Tellado presentou un dec\u00e1logo dos agravios dos Orzamentos de Pedro S\u00e1nchez con Galicia.<\/p>\n<p style=\"text-align: justify;\">\u00a0<\/p>\n<p style=\"text-align: justify;\">En primeiro lugar, lamentou que contemplen unha reduci\u00f3n do investimento na nosa Autonom\u00eda do 11% -a inversi\u00f3n total en Galicia \u00e9 de 832 mill\u00f3ns de euros-. Tr\u00e1tase da cifra m\u00e1is baixa dos \u00faltimos 15 anos, perdendo 104 mill\u00f3ns en comparaci\u00f3n cos \u00faltimos Orzamentos aprobados, que eran do Goberno Rajoy.<\/p>\n<p style=\"text-align: justify;\">\u00a0<\/p>\n<p style=\"text-align: justify;\">\u201cNon \u00e9 casualidade que o investimento en Catalu\u00f1a suba un hist\u00f3rico 48%,\u00a0 que suba en 12 Comunidades e s\u00f3 baixe en cinco, entre elas, Galicia\u201d, manifestou indicando que estas contas non atenden a criterios de cohesi\u00f3n territorial ou a un reparto xusto sen\u00f3n ao clientelismo. \u201cEstamos ante un pago pol\u00edtico descarado aos socios que sustentan ao Goberno. Uns presupostos extremistas para satisfacer aos seus socios extremistas\u201d, insistiu.<\/p>\n<p style=\"text-align: justify;\">\u00a0<\/p>\n<p style=\"text-align: justify;\">Doutra banda, resaltou a ca\u00edda do peso da Comunidade no investimento rexionalizable de m\u00e1is de dous puntos -pasamos dun 9.2% a un 6.6%-. \u201cEstamos moi por debaixo do 13.8% que chegamos a ter con Rajoy e incluso por debaixo do 8% que aquel Goberno bipartito de PSdG e BNG consideraba o m\u00ednimo aceptable. Agora calan e aplauden ao Goberno\u201d, apuntou.<\/p>\n<p style=\"text-align: justify;\"><u>\u00a0<\/u><\/p>\n<p style=\"text-align: justify;\"><strong><u>GRANDES INFRAESTRUCTURAS E OUTRAS INVERSI\u00d3NS<\/u><\/strong><\/p>\n<p style=\"text-align: justify;\">Tellado explicou que esta baixada hist\u00f3rica concretase na ca\u00edda dos investimentos en moitas infraestruturas viarias cruciais para Galicia, desaparecendo total ou practicamente partidas moi importantes. Como mencionou, chama a atenci\u00f3n o relacionado con Vigo -a Variante da A-52 (o t\u00fanel Vigo \u2013 Porri\u00f1o) ou a remodelaci\u00f3n da Avenida de Madrid- e conx\u00e9lase calquera posible avance na circunvalaci\u00f3n de Pontevedra.<\/p>\n<p style=\"text-align: justify;\">\u00a0<\/p>\n<p style=\"text-align: justify;\">As\u00ed mesmo, desaparecen ou red\u00facense ao m\u00ednimo a Ampliaci\u00f3n Alfonso Molina, a Ponte Pasaxe ou a prolongaci\u00f3n de acceso ao Porto Exterior da Coru\u00f1a; a mellora da seguridade viaria nos cami\u00f1os de Santiago; as actuaci\u00f3ns en Ferrol de integraci\u00f3n urbana da FE-14; as variantes de A Estrada, Ponteareas, Pontecesures e Valga, e a de Ordes; e tampouco se act\u00faa sobre a integraci\u00f3n urbana da AP-9 nin se contempla ningunha partida para a AP-53.<\/p>\n<p style=\"text-align: justify;\">\u00a0<\/p>\n<p style=\"text-align: justify;\">Ademais, outras infraestruturas de comunicaci\u00f3n non saen mellor paradas, po\u00f1endo como exemplos a li\u00f1a de tren Ourense-Madrid, que de ter 8 mill\u00f3ns de euros en 2020 pasa a non ter investimentos previstos para 2021; o Eixo Atl\u00e1ntico, que apenas conta con partidas menores para realizar estudos; ou o \u00e1mbito das estaci\u00f3ns intermodais, no que non hai partidas espec\u00edficas para o vindeiro ano.<\/p>\n<p style=\"text-align: justify;\"><strong>\u00a0<\/strong><\/p>\n<p style=\"text-align: justify;\"><strong><u>DEPENDENCIA E RETO DEMOGR\u00c1FICO<\/u><\/strong><\/p>\n<p style=\"text-align: justify;\">Por outra banda, criticou que o Goberno socialista prometa menos de 600 mill\u00f3ns de euros para toda Espa\u00f1a en dependencia cando s\u00f3 a Xunta inviste 200 mill\u00f3ns de euros cada ano para atender a maiores e persoas con discapacidade, o que evidencia que estes non son os presupostos sociais que prometeron.<\/p>\n<p style=\"text-align: justify;\">\u00a0<\/p>\n<p style=\"text-align: justify;\">No tocante ao desaf\u00edo do reto demogr\u00e1fico, definiu como rid\u00edcula a cantidade que transfire o Goberno \u00e1s Comunidades para tal fin: dos 11 mill\u00f3ns para toda Espa\u00f1a s\u00f3 chegar\u00e1n a Galicia 650.000 euros para reverter o declive de poboaci\u00f3n.<\/p>\n<p style=\"text-align: justify;\">\u00a0<\/p>\n<p style=\"text-align: justify;\"><strong><u>DESPREZO AO XACOBEO<\/u><\/strong><\/p>\n<p style=\"text-align: justify;\">Outro dos agravios do que falou Tellado \u00e9 a ausencia dunha partida para \u00a0o Xacobeo 2021, mentres os Orzamentos de S\u00e1nchez si destinan 24.5 mill\u00f3ns de euros a Barcelona \u201cpara crear unha ficticia capitalidade cultural e tur\u00edstica o pr\u00f3ximo ano como pago aos seus socios de Goberno\u201d.<\/p>\n<p style=\"text-align: justify;\"><strong>\u00a0<\/strong><\/p>\n<p style=\"text-align: justify;\"><strong><u>PREVISI\u00d3NS FICTICIAS E DEPENDENCIA DOS FONDOS EUROPEOS<\/u><\/strong><\/p>\n<p style=\"text-align: justify;\">\u201cEstes son uns Orzamentos baseados nunhas previsi\u00f3n ficticias. Nun crecemento irreal\u201d, subli\u00f1ou explicando que, nun escenario de destruci\u00f3n de emprego e de grandes dificultades econ\u00f3micas, o Executivo socialista fai unha previsi\u00f3n de crecemento do 9.8% e afirma que os ingresos do Estado ser\u00e1n os maiores da nosa historia. \u201cNon sabemos se isto se debe \u00e1 incompetencia econ\u00f3mica do Goberno ou directamente ao engano e a manipulaci\u00f3n. Probablemente estamos ante as d\u00faas cousas\u201d, dixo.<\/p>\n<p style=\"text-align: justify;\">\u00a0<\/p>\n<p style=\"text-align: justify;\">Igualmente, cuestionou que as contas dependan absolutamente dos fondos da Uni\u00f3n Europea -que a\u00ednda non foron aprobados e, de que se aproben, \u00e9 moi dif\u00edcil que cheguen para o ano 2021-. Do mesmo xeito, no caso de que cheguen antes de final de ano, o secretario xeral amosou as s\u00faas d\u00fabidas sobre os seus criterios de reparto e da s\u00faa capacidade de execuci\u00f3n xa que a\u00ednda est\u00e1n pendentes de executar 15.000 mill\u00f3ns de euros de fondos europeos para 2020.<\/p>\n<p style=\"text-align: justify;\"><strong>\u00a0<\/strong><\/p>\n<p style=\"text-align: justify;\"><strong><u>SUBIDA DE IMPOSTOS <\/u><\/strong><\/p>\n<p style=\"text-align: justify;\">Por \u00faltimo, precisou que estes presupostos dependen dunha subida de impostos hist\u00f3rica de 8.000 mill\u00f3ns de euros \u201cque vamos a pagar todos, non s\u00f3 os ricos\u201d, xa que afectan aos que beben refrescos ou os que te\u00f1en aforros ou un plan de pensi\u00f3ns, internet na casa ou no m\u00f3bil, alg\u00fan seguro ou un veh\u00edculo di\u00e9sel.<\/p>\n<p style=\"text-align: justify;\">\u00a0<\/p>\n<p style=\"text-align: justify;\">Sobre este punto, fixo fincap\u00e9 en que s\u00f3 en Galicia vense afectados 1.152.010 veh\u00edculos di\u00e9sel de particulares, aut\u00f3nomos, profesionais ou emprendedores, \u00e9 dicir, m\u00e1is dun mill\u00f3n de galegos que pagar\u00e1n a subida de impostos ao di\u00e9sel de S\u00e1nchez.<\/p>\n","protected":false},"excerpt":{"rendered":"<p>Presenta un dec\u00e1logo dos agravios dos Orzamentos do Estado coa nosa Autonom\u00eda, que cualifica como \u201cdesequilibrados, irreais e irresponsables\u201d\u00a0<\/p>\n","protected":false},"author":38,"featured_media":54865,"comment_status":"open","ping_status":"open","sticky":false,"template":"","format":"standard","meta":{"_acf_changed":false,"footnotes":""},"categories":[1],"tags":[],"class_list":["post-54866","post","type-post","status-publish","format-standard","has-post-thumbnail","hentry","category-pp-de-galicia"],"acf":[],"yoast_head":"<!-- This site is optimized with the Yoast SEO plugin v27.3 - https:\/\/yoast.com\/product\/yoast-seo-wordpress\/ -->\n<title>Tellado: &quot;Baixar o investimento en Galicia e subir impostos aos galegos \u00e9 a vinganza de S\u00e1nchez pola derrota do PSOE nas auton\u00f3micas&quot; - PP de Galicia<\/title>\n<meta name=\"robots\" content=\"index, follow, max-snippet:-1, max-image-preview:large, max-video-preview:-1\" \/>\n<link rel=\"canonical\" href=\"https:\/\/ppdegalicia.com\/es\/tellado-baixar-o-investimento-en-galicia-e-subir-impostos-aos-galegos-e-a-vinganza-de-sanchez-pola-derrota-do-psoe-nas-autonomicas-2\/\" \/>\n<meta property=\"og:locale\" content=\"es_ES\" \/>\n<meta property=\"og:type\" content=\"article\" \/>\n<meta property=\"og:title\" content=\"Tellado: &quot;Baixar o investimento en Galicia e subir impostos aos galegos \u00e9 a vinganza de S\u00e1nchez pola derrota do PSOE nas auton\u00f3micas&quot; - PP de Galicia\" \/>\n<meta property=\"og:description\" content=\"Presenta un dec\u00e1logo dos agravios dos Orzamentos do Estado coa nosa Autonom\u00eda, que cualifica como \u201cdesequilibrados, irreais e irresponsables\u201d\u00a0\" \/>\n<meta property=\"og:url\" content=\"https:\/\/ppdegalicia.com\/es\/tellado-baixar-o-investimento-en-galicia-e-subir-impostos-aos-galegos-e-a-vinganza-de-sanchez-pola-derrota-do-psoe-nas-autonomicas-2\/\" \/>\n<meta property=\"og:site_name\" content=\"PP de Galicia\" \/>\n<meta property=\"article:publisher\" content=\"https:\/\/www.instagram.com\/ppdegalicia\/\" \/>\n<meta property=\"article:published_time\" content=\"2020-10-30T10:21:06+00:00\" \/>\n<meta property=\"og:image\" content=\"https:\/\/ppdegalicia.com\/wp-content\/uploads\/2020\/10\/8f37d38783a38a0cd56de0d6399a8604-scaled.jpg\" \/>\n\t<meta property=\"og:image:width\" content=\"2560\" \/>\n\t<meta property=\"og:image:height\" content=\"1744\" \/>\n\t<meta property=\"og:image:type\" content=\"image\/jpeg\" \/>\n<meta name=\"author\" content=\"ppdegaliciaredes\" \/>\n<meta name=\"twitter:card\" content=\"summary_large_image\" \/>\n<meta name=\"twitter:creator\" content=\"@ppdegalicia\" \/>\n<meta name=\"twitter:site\" content=\"@ppdegalicia\" \/>\n<meta name=\"twitter:label1\" content=\"Escrito por\" \/>\n\t<meta name=\"twitter:data1\" content=\"ppdegaliciaredes\" \/>\n\t<meta name=\"twitter:label2\" content=\"Tiempo de lectura\" \/>\n\t<meta name=\"twitter:data2\" content=\"5 minutos\" \/>\n<script type=\"application\/ld+json\" class=\"yoast-schema-graph\">{\"@context\":\"https:\\\/\\\/schema.org\",\"@graph\":[{\"@type\":\"Article\",\"@id\":\"https:\\\/\\\/ppdegalicia.com\\\/es\\\/tellado-baixar-o-investimento-en-galicia-e-subir-impostos-aos-galegos-e-a-vinganza-de-sanchez-pola-derrota-do-psoe-nas-autonomicas-2\\\/#article\",\"isPartOf\":{\"@id\":\"https:\\\/\\\/ppdegalicia.com\\\/es\\\/tellado-baixar-o-investimento-en-galicia-e-subir-impostos-aos-galegos-e-a-vinganza-de-sanchez-pola-derrota-do-psoe-nas-autonomicas-2\\\/\"},\"author\":{\"name\":\"ppdegaliciaredes\",\"@id\":\"https:\\\/\\\/ppdegalicia.com\\\/es\\\/#\\\/schema\\\/person\\\/5b822c6f59e872ebdd1142f307dbcb59\"},\"headline\":\"Tellado: \u00abBaixar o investimento en Galicia e subir impostos aos galegos \u00e9 a vinganza de S\u00e1nchez pola derrota do PSOE nas auton\u00f3micas\u00bb\",\"datePublished\":\"2020-10-30T10:21:06+00:00\",\"mainEntityOfPage\":{\"@id\":\"https:\\\/\\\/ppdegalicia.com\\\/es\\\/tellado-baixar-o-investimento-en-galicia-e-subir-impostos-aos-galegos-e-a-vinganza-de-sanchez-pola-derrota-do-psoe-nas-autonomicas-2\\\/\"},\"wordCount\":1040,\"commentCount\":0,\"publisher\":{\"@id\":\"https:\\\/\\\/ppdegalicia.com\\\/es\\\/#organization\"},\"image\":{\"@id\":\"https:\\\/\\\/ppdegalicia.com\\\/es\\\/tellado-baixar-o-investimento-en-galicia-e-subir-impostos-aos-galegos-e-a-vinganza-de-sanchez-pola-derrota-do-psoe-nas-autonomicas-2\\\/#primaryimage\"},\"thumbnailUrl\":\"https:\\\/\\\/ppdegalicia.com\\\/wp-content\\\/uploads\\\/2020\\\/10\\\/8f37d38783a38a0cd56de0d6399a8604-scaled.jpg\",\"articleSection\":[\"PP de Galicia\"],\"inLanguage\":\"es\",\"potentialAction\":[{\"@type\":\"CommentAction\",\"name\":\"Comment\",\"target\":[\"https:\\\/\\\/ppdegalicia.com\\\/es\\\/tellado-baixar-o-investimento-en-galicia-e-subir-impostos-aos-galegos-e-a-vinganza-de-sanchez-pola-derrota-do-psoe-nas-autonomicas-2\\\/#respond\"]}]},{\"@type\":\"WebPage\",\"@id\":\"https:\\\/\\\/ppdegalicia.com\\\/es\\\/tellado-baixar-o-investimento-en-galicia-e-subir-impostos-aos-galegos-e-a-vinganza-de-sanchez-pola-derrota-do-psoe-nas-autonomicas-2\\\/\",\"url\":\"https:\\\/\\\/ppdegalicia.com\\\/es\\\/tellado-baixar-o-investimento-en-galicia-e-subir-impostos-aos-galegos-e-a-vinganza-de-sanchez-pola-derrota-do-psoe-nas-autonomicas-2\\\/\",\"name\":\"Tellado: \\\"Baixar o investimento en Galicia e subir impostos aos galegos \u00e9 a vinganza de S\u00e1nchez pola derrota do PSOE nas auton\u00f3micas\\\" - PP de Galicia\",\"isPartOf\":{\"@id\":\"https:\\\/\\\/ppdegalicia.com\\\/es\\\/#website\"},\"primaryImageOfPage\":{\"@id\":\"https:\\\/\\\/ppdegalicia.com\\\/es\\\/tellado-baixar-o-investimento-en-galicia-e-subir-impostos-aos-galegos-e-a-vinganza-de-sanchez-pola-derrota-do-psoe-nas-autonomicas-2\\\/#primaryimage\"},\"image\":{\"@id\":\"https:\\\/\\\/ppdegalicia.com\\\/es\\\/tellado-baixar-o-investimento-en-galicia-e-subir-impostos-aos-galegos-e-a-vinganza-de-sanchez-pola-derrota-do-psoe-nas-autonomicas-2\\\/#primaryimage\"},\"thumbnailUrl\":\"https:\\\/\\\/ppdegalicia.com\\\/wp-content\\\/uploads\\\/2020\\\/10\\\/8f37d38783a38a0cd56de0d6399a8604-scaled.jpg\",\"datePublished\":\"2020-10-30T10:21:06+00:00\",\"breadcrumb\":{\"@id\":\"https:\\\/\\\/ppdegalicia.com\\\/es\\\/tellado-baixar-o-investimento-en-galicia-e-subir-impostos-aos-galegos-e-a-vinganza-de-sanchez-pola-derrota-do-psoe-nas-autonomicas-2\\\/#breadcrumb\"},\"inLanguage\":\"es\",\"potentialAction\":[{\"@type\":\"ReadAction\",\"target\":[\"https:\\\/\\\/ppdegalicia.com\\\/es\\\/tellado-baixar-o-investimento-en-galicia-e-subir-impostos-aos-galegos-e-a-vinganza-de-sanchez-pola-derrota-do-psoe-nas-autonomicas-2\\\/\"]}]},{\"@type\":\"ImageObject\",\"inLanguage\":\"es\",\"@id\":\"https:\\\/\\\/ppdegalicia.com\\\/es\\\/tellado-baixar-o-investimento-en-galicia-e-subir-impostos-aos-galegos-e-a-vinganza-de-sanchez-pola-derrota-do-psoe-nas-autonomicas-2\\\/#primaryimage\",\"url\":\"https:\\\/\\\/ppdegalicia.com\\\/wp-content\\\/uploads\\\/2020\\\/10\\\/8f37d38783a38a0cd56de0d6399a8604-scaled.jpg\",\"contentUrl\":\"https:\\\/\\\/ppdegalicia.com\\\/wp-content\\\/uploads\\\/2020\\\/10\\\/8f37d38783a38a0cd56de0d6399a8604-scaled.jpg\",\"width\":2560,\"height\":1744},{\"@type\":\"BreadcrumbList\",\"@id\":\"https:\\\/\\\/ppdegalicia.com\\\/es\\\/tellado-baixar-o-investimento-en-galicia-e-subir-impostos-aos-galegos-e-a-vinganza-de-sanchez-pola-derrota-do-psoe-nas-autonomicas-2\\\/#breadcrumb\",\"itemListElement\":[{\"@type\":\"ListItem\",\"position\":1,\"name\":\"Portada\",\"item\":\"https:\\\/\\\/ppdegalicia.com\\\/es\\\/\"},{\"@type\":\"ListItem\",\"position\":2,\"name\":\"Tellado: &#8220;Baixar o investimento en Galicia e subir impostos aos galegos \u00e9 a vinganza de S\u00e1nchez pola derrota do PSOE nas auton\u00f3micas&#8221;\"}]},{\"@type\":\"WebSite\",\"@id\":\"https:\\\/\\\/ppdegalicia.com\\\/es\\\/#website\",\"url\":\"https:\\\/\\\/ppdegalicia.com\\\/es\\\/\",\"name\":\"Partido Popular de Galicia\",\"description\":\"Partido Popular de Galicia\",\"publisher\":{\"@id\":\"https:\\\/\\\/ppdegalicia.com\\\/es\\\/#organization\"},\"alternateName\":\"PP de Galicia\",\"potentialAction\":[{\"@type\":\"SearchAction\",\"target\":{\"@type\":\"EntryPoint\",\"urlTemplate\":\"https:\\\/\\\/ppdegalicia.com\\\/es\\\/?s={search_term_string}\"},\"query-input\":{\"@type\":\"PropertyValueSpecification\",\"valueRequired\":true,\"valueName\":\"search_term_string\"}}],\"inLanguage\":\"es\"},{\"@type\":\"Organization\",\"@id\":\"https:\\\/\\\/ppdegalicia.com\\\/es\\\/#organization\",\"name\":\"Partido Popular de Galicia\",\"alternateName\":\"PP de Galicia\",\"url\":\"https:\\\/\\\/ppdegalicia.com\\\/es\\\/\",\"logo\":{\"@type\":\"ImageObject\",\"inLanguage\":\"es\",\"@id\":\"https:\\\/\\\/ppdegalicia.com\\\/es\\\/#\\\/schema\\\/logo\\\/image\\\/\",\"url\":\"https:\\\/\\\/ppdegalicia.com\\\/wp-content\\\/uploads\\\/2023\\\/04\\\/logoPP512.png\",\"contentUrl\":\"https:\\\/\\\/ppdegalicia.com\\\/wp-content\\\/uploads\\\/2023\\\/04\\\/logoPP512.png\",\"width\":512,\"height\":512,\"caption\":\"Partido Popular de Galicia\"},\"image\":{\"@id\":\"https:\\\/\\\/ppdegalicia.com\\\/es\\\/#\\\/schema\\\/logo\\\/image\\\/\"},\"sameAs\":[\"https:\\\/\\\/www.instagram.com\\\/ppdegalicia\\\/\",\"https:\\\/\\\/x.com\\\/ppdegalicia\",\"https:\\\/\\\/www.tiktok.com\\\/@ppdegalicia\",\"https:\\\/\\\/www.youtube.com\\\/user\\\/ppdegalicia\"]},{\"@type\":\"Person\",\"@id\":\"https:\\\/\\\/ppdegalicia.com\\\/es\\\/#\\\/schema\\\/person\\\/5b822c6f59e872ebdd1142f307dbcb59\",\"name\":\"ppdegaliciaredes\",\"image\":{\"@type\":\"ImageObject\",\"inLanguage\":\"es\",\"@id\":\"https:\\\/\\\/secure.gravatar.com\\\/avatar\\\/3c9179cf0256d00c72a48d1f25783c58b6842cd56e85ef3a572881c8e28ccd59?s=96&d=mm&r=g\",\"url\":\"https:\\\/\\\/secure.gravatar.com\\\/avatar\\\/3c9179cf0256d00c72a48d1f25783c58b6842cd56e85ef3a572881c8e28ccd59?s=96&d=mm&r=g\",\"contentUrl\":\"https:\\\/\\\/secure.gravatar.com\\\/avatar\\\/3c9179cf0256d00c72a48d1f25783c58b6842cd56e85ef3a572881c8e28ccd59?s=96&d=mm&r=g\",\"caption\":\"ppdegaliciaredes\"},\"url\":\"https:\\\/\\\/ppdegalicia.com\\\/es\\\/author\\\/ppdegaliciaredes\\\/\"}]}<\/script>\n<!-- \/ Yoast SEO plugin. -->","yoast_head_json":{"title":"Tellado: \"Baixar o investimento en Galicia e subir impostos aos galegos \u00e9 a vinganza de S\u00e1nchez pola derrota do PSOE nas auton\u00f3micas\" - PP de Galicia","robots":{"index":"index","follow":"follow","max-snippet":"max-snippet:-1","max-image-preview":"max-image-preview:large","max-video-preview":"max-video-preview:-1"},"canonical":"https:\/\/ppdegalicia.com\/es\/tellado-baixar-o-investimento-en-galicia-e-subir-impostos-aos-galegos-e-a-vinganza-de-sanchez-pola-derrota-do-psoe-nas-autonomicas-2\/","og_locale":"es_ES","og_type":"article","og_title":"Tellado: \"Baixar o investimento en Galicia e subir impostos aos galegos \u00e9 a vinganza de S\u00e1nchez pola derrota do PSOE nas auton\u00f3micas\" - PP de Galicia","og_description":"Presenta un dec\u00e1logo dos agravios dos Orzamentos do Estado coa nosa Autonom\u00eda, que cualifica como \u201cdesequilibrados, irreais e irresponsables\u201d\u00a0","og_url":"https:\/\/ppdegalicia.com\/es\/tellado-baixar-o-investimento-en-galicia-e-subir-impostos-aos-galegos-e-a-vinganza-de-sanchez-pola-derrota-do-psoe-nas-autonomicas-2\/","og_site_name":"PP de Galicia","article_publisher":"https:\/\/www.instagram.com\/ppdegalicia\/","article_published_time":"2020-10-30T10:21:06+00:00","og_image":[{"width":2560,"height":1744,"url":"https:\/\/ppdegalicia.com\/wp-content\/uploads\/2020\/10\/8f37d38783a38a0cd56de0d6399a8604-scaled.jpg","type":"image\/jpeg"}],"author":"ppdegaliciaredes","twitter_card":"summary_large_image","twitter_creator":"@ppdegalicia","twitter_site":"@ppdegalicia","twitter_misc":{"Escrito por":"ppdegaliciaredes","Tiempo de lectura":"5 minutos"},"schema":{"@context":"https:\/\/schema.org","@graph":[{"@type":"Article","@id":"https:\/\/ppdegalicia.com\/es\/tellado-baixar-o-investimento-en-galicia-e-subir-impostos-aos-galegos-e-a-vinganza-de-sanchez-pola-derrota-do-psoe-nas-autonomicas-2\/#article","isPartOf":{"@id":"https:\/\/ppdegalicia.com\/es\/tellado-baixar-o-investimento-en-galicia-e-subir-impostos-aos-galegos-e-a-vinganza-de-sanchez-pola-derrota-do-psoe-nas-autonomicas-2\/"},"author":{"name":"ppdegaliciaredes","@id":"https:\/\/ppdegalicia.com\/es\/#\/schema\/person\/5b822c6f59e872ebdd1142f307dbcb59"},"headline":"Tellado: \u00abBaixar o investimento en Galicia e subir impostos aos galegos \u00e9 a vinganza de S\u00e1nchez pola derrota do PSOE nas auton\u00f3micas\u00bb","datePublished":"2020-10-30T10:21:06+00:00","mainEntityOfPage":{"@id":"https:\/\/ppdegalicia.com\/es\/tellado-baixar-o-investimento-en-galicia-e-subir-impostos-aos-galegos-e-a-vinganza-de-sanchez-pola-derrota-do-psoe-nas-autonomicas-2\/"},"wordCount":1040,"commentCount":0,"publisher":{"@id":"https:\/\/ppdegalicia.com\/es\/#organization"},"image":{"@id":"https:\/\/ppdegalicia.com\/es\/tellado-baixar-o-investimento-en-galicia-e-subir-impostos-aos-galegos-e-a-vinganza-de-sanchez-pola-derrota-do-psoe-nas-autonomicas-2\/#primaryimage"},"thumbnailUrl":"https:\/\/ppdegalicia.com\/wp-content\/uploads\/2020\/10\/8f37d38783a38a0cd56de0d6399a8604-scaled.jpg","articleSection":["PP de Galicia"],"inLanguage":"es","potentialAction":[{"@type":"CommentAction","name":"Comment","target":["https:\/\/ppdegalicia.com\/es\/tellado-baixar-o-investimento-en-galicia-e-subir-impostos-aos-galegos-e-a-vinganza-de-sanchez-pola-derrota-do-psoe-nas-autonomicas-2\/#respond"]}]},{"@type":"WebPage","@id":"https:\/\/ppdegalicia.com\/es\/tellado-baixar-o-investimento-en-galicia-e-subir-impostos-aos-galegos-e-a-vinganza-de-sanchez-pola-derrota-do-psoe-nas-autonomicas-2\/","url":"https:\/\/ppdegalicia.com\/es\/tellado-baixar-o-investimento-en-galicia-e-subir-impostos-aos-galegos-e-a-vinganza-de-sanchez-pola-derrota-do-psoe-nas-autonomicas-2\/","name":"Tellado: \"Baixar o investimento en Galicia e subir impostos aos galegos \u00e9 a vinganza de S\u00e1nchez pola derrota do PSOE nas auton\u00f3micas\" - PP de Galicia","isPartOf":{"@id":"https:\/\/ppdegalicia.com\/es\/#website"},"primaryImageOfPage":{"@id":"https:\/\/ppdegalicia.com\/es\/tellado-baixar-o-investimento-en-galicia-e-subir-impostos-aos-galegos-e-a-vinganza-de-sanchez-pola-derrota-do-psoe-nas-autonomicas-2\/#primaryimage"},"image":{"@id":"https:\/\/ppdegalicia.com\/es\/tellado-baixar-o-investimento-en-galicia-e-subir-impostos-aos-galegos-e-a-vinganza-de-sanchez-pola-derrota-do-psoe-nas-autonomicas-2\/#primaryimage"},"thumbnailUrl":"https:\/\/ppdegalicia.com\/wp-content\/uploads\/2020\/10\/8f37d38783a38a0cd56de0d6399a8604-scaled.jpg","datePublished":"2020-10-30T10:21:06+00:00","breadcrumb":{"@id":"https:\/\/ppdegalicia.com\/es\/tellado-baixar-o-investimento-en-galicia-e-subir-impostos-aos-galegos-e-a-vinganza-de-sanchez-pola-derrota-do-psoe-nas-autonomicas-2\/#breadcrumb"},"inLanguage":"es","potentialAction":[{"@type":"ReadAction","target":["https:\/\/ppdegalicia.com\/es\/tellado-baixar-o-investimento-en-galicia-e-subir-impostos-aos-galegos-e-a-vinganza-de-sanchez-pola-derrota-do-psoe-nas-autonomicas-2\/"]}]},{"@type":"ImageObject","inLanguage":"es","@id":"https:\/\/ppdegalicia.com\/es\/tellado-baixar-o-investimento-en-galicia-e-subir-impostos-aos-galegos-e-a-vinganza-de-sanchez-pola-derrota-do-psoe-nas-autonomicas-2\/#primaryimage","url":"https:\/\/ppdegalicia.com\/wp-content\/uploads\/2020\/10\/8f37d38783a38a0cd56de0d6399a8604-scaled.jpg","contentUrl":"https:\/\/ppdegalicia.com\/wp-content\/uploads\/2020\/10\/8f37d38783a38a0cd56de0d6399a8604-scaled.jpg","width":2560,"height":1744},{"@type":"BreadcrumbList","@id":"https:\/\/ppdegalicia.com\/es\/tellado-baixar-o-investimento-en-galicia-e-subir-impostos-aos-galegos-e-a-vinganza-de-sanchez-pola-derrota-do-psoe-nas-autonomicas-2\/#breadcrumb","itemListElement":[{"@type":"ListItem","position":1,"name":"Portada","item":"https:\/\/ppdegalicia.com\/es\/"},{"@type":"ListItem","position":2,"name":"Tellado: &#8220;Baixar o investimento en Galicia e subir impostos aos galegos \u00e9 a vinganza de S\u00e1nchez pola derrota do PSOE nas auton\u00f3micas&#8221;"}]},{"@type":"WebSite","@id":"https:\/\/ppdegalicia.com\/es\/#website","url":"https:\/\/ppdegalicia.com\/es\/","name":"Partido Popular de Galicia","description":"Partido Popular de Galicia","publisher":{"@id":"https:\/\/ppdegalicia.com\/es\/#organization"},"alternateName":"PP de Galicia","potentialAction":[{"@type":"SearchAction","target":{"@type":"EntryPoint","urlTemplate":"https:\/\/ppdegalicia.com\/es\/?s={search_term_string}"},"query-input":{"@type":"PropertyValueSpecification","valueRequired":true,"valueName":"search_term_string"}}],"inLanguage":"es"},{"@type":"Organization","@id":"https:\/\/ppdegalicia.com\/es\/#organization","name":"Partido Popular de Galicia","alternateName":"PP de Galicia","url":"https:\/\/ppdegalicia.com\/es\/","logo":{"@type":"ImageObject","inLanguage":"es","@id":"https:\/\/ppdegalicia.com\/es\/#\/schema\/logo\/image\/","url":"https:\/\/ppdegalicia.com\/wp-content\/uploads\/2023\/04\/logoPP512.png","contentUrl":"https:\/\/ppdegalicia.com\/wp-content\/uploads\/2023\/04\/logoPP512.png","width":512,"height":512,"caption":"Partido Popular de Galicia"},"image":{"@id":"https:\/\/ppdegalicia.com\/es\/#\/schema\/logo\/image\/"},"sameAs":["https:\/\/www.instagram.com\/ppdegalicia\/","https:\/\/x.com\/ppdegalicia","https:\/\/www.tiktok.com\/@ppdegalicia","https:\/\/www.youtube.com\/user\/ppdegalicia"]},{"@type":"Person","@id":"https:\/\/ppdegalicia.com\/es\/#\/schema\/person\/5b822c6f59e872ebdd1142f307dbcb59","name":"ppdegaliciaredes","image":{"@type":"ImageObject","inLanguage":"es","@id":"https:\/\/secure.gravatar.com\/avatar\/3c9179cf0256d00c72a48d1f25783c58b6842cd56e85ef3a572881c8e28ccd59?s=96&d=mm&r=g","url":"https:\/\/secure.gravatar.com\/avatar\/3c9179cf0256d00c72a48d1f25783c58b6842cd56e85ef3a572881c8e28ccd59?s=96&d=mm&r=g","contentUrl":"https:\/\/secure.gravatar.com\/avatar\/3c9179cf0256d00c72a48d1f25783c58b6842cd56e85ef3a572881c8e28ccd59?s=96&d=mm&r=g","caption":"ppdegaliciaredes"},"url":"https:\/\/ppdegalicia.com\/es\/author\/ppdegaliciaredes\/"}]}},"_links":{"self":[{"href":"https:\/\/ppdegalicia.com\/es\/wp-json\/wp\/v2\/posts\/54866","targetHints":{"allow":["GET"]}}],"collection":[{"href":"https:\/\/ppdegalicia.com\/es\/wp-json\/wp\/v2\/posts"}],"about":[{"href":"https:\/\/ppdegalicia.com\/es\/wp-json\/wp\/v2\/types\/post"}],"author":[{"embeddable":true,"href":"https:\/\/ppdegalicia.com\/es\/wp-json\/wp\/v2\/users\/38"}],"replies":[{"embeddable":true,"href":"https:\/\/ppdegalicia.com\/es\/wp-json\/wp\/v2\/comments?post=54866"}],"version-history":[{"count":0,"href":"https:\/\/ppdegalicia.com\/es\/wp-json\/wp\/v2\/posts\/54866\/revisions"}],"wp:featuredmedia":[{"embeddable":true,"href":"https:\/\/ppdegalicia.com\/es\/wp-json\/wp\/v2\/media\/54865"}],"wp:attachment":[{"href":"https:\/\/ppdegalicia.com\/es\/wp-json\/wp\/v2\/media?parent=54866"}],"wp:term":[{"taxonomy":"category","embeddable":true,"href":"https:\/\/ppdegalicia.com\/es\/wp-json\/wp\/v2\/categories?post=54866"},{"taxonomy":"post_tag","embeddable":true,"href":"https:\/\/ppdegalicia.com\/es\/wp-json\/wp\/v2\/tags?post=54866"}],"curies":[{"name":"wp","href":"https:\/\/api.w.org\/{rel}","templated":true}]}}