{"id":54876,"date":"2020-11-04T14:34:04","date_gmt":"2020-11-04T12:34:04","guid":{"rendered":"https:\/\/ppdegalicia.com\/tellado-galicia-marca-unha-distancia-no-desemprego-de-mais-de-10-puntos-con-espana-e-comeza-a-recuperar-os-postos-de-traballo-destruidos-pola-pandemia\/"},"modified":"2020-11-04T14:34:04","modified_gmt":"2020-11-04T12:34:04","slug":"tellado-galicia-marca-unha-distancia-no-desemprego-de-mais-de-10-puntos-con-espana-e-comeza-a-recuperar-os-postos-de-traballo-destruidos-pola-pandemia","status":"publish","type":"post","link":"https:\/\/ppdegalicia.com\/es\/tellado-galicia-marca-unha-distancia-no-desemprego-de-mais-de-10-puntos-con-espana-e-comeza-a-recuperar-os-postos-de-traballo-destruidos-pola-pandemia\/","title":{"rendered":"Tellado: \u201cGalicia marca unha distancia no desemprego de m\u00e1is de 10 puntos con Espa\u00f1a e comeza a recuperar os postos de traballo destru\u00eddos pola pandemia\u201d"},"content":{"rendered":"<p><img fetchpriority=\"high\" decoding=\"async\" class=\" size-full wp-image-54875\" src=\"https:\/\/ppdegalicia.com\/wp-content\/uploads\/2020\/11\/8848e9e079a87bc68318930091393f7a-scaled.jpg\" alt=\"\" width=\"2560\" height=\"1440\" srcset=\"https:\/\/ppdegalicia.com\/wp-content\/uploads\/2020\/11\/8848e9e079a87bc68318930091393f7a-scaled.jpg 2560w, https:\/\/ppdegalicia.com\/wp-content\/uploads\/2020\/11\/8848e9e079a87bc68318930091393f7a-300x169.jpg 300w, https:\/\/ppdegalicia.com\/wp-content\/uploads\/2020\/11\/8848e9e079a87bc68318930091393f7a-1024x576.jpg 1024w, https:\/\/ppdegalicia.com\/wp-content\/uploads\/2020\/11\/8848e9e079a87bc68318930091393f7a-768x432.jpg 768w, https:\/\/ppdegalicia.com\/wp-content\/uploads\/2020\/11\/8848e9e079a87bc68318930091393f7a-1536x864.jpg 1536w, https:\/\/ppdegalicia.com\/wp-content\/uploads\/2020\/11\/8848e9e079a87bc68318930091393f7a-2048x1152.jpg 2048w\" sizes=\"(max-width: 2560px) 100vw, 2560px\" \/><\/p>\n<p style=\"text-align: justify;\">Destaca a activaci\u00f3n da Axenda de Emprego da Xunta, unha planificaci\u00f3n adaptada ao novo contexto socioecon\u00f3mico para apoiar \u00e1s familias<\/p>\n<p style=\"text-align: justify;\">\u00a0<\/p>\n<p><!--more--><\/p>\n<p style=\"text-align: justify;\">O secretario xeral do PPdeG, Miguel Tellado, valorou as cifras do paro de outubro co\u00f1ecidas esta ma\u00f1\u00e1 e subli\u00f1ou que Galicia conte con 10.322 desempregados menos que ao inicio do impacto da pandemia, o que significa que estamos a recuperar emprego con respecto a abril deste ano cun descenso do paro do 5,39%.<\/p>\n<p style=\"text-align: justify;\">\u00a0<\/p>\n<p style=\"text-align: justify;\">Na evoluci\u00f3n anual, e malia que o desemprego aumenta en Galicia en 17.000 persoas polo efecto da COVID-19, o paro sit\u00faase a un nivel inferior ao de hai 11 anos, pese ao incremento rexistrado. Ademais, o desemprego en Espa\u00f1a aumenta case o dobre que en Galicia e o ritmo de subida na Comunidade \u00e9 m\u00e1is de 10 puntos inferior ao do Estado.<\/p>\n<p style=\"text-align: justify;\">\u00a0<\/p>\n<p style=\"text-align: justify;\">\u201cNon hai nada que celebrar nunha situaci\u00f3n na que a\u00ednda moitos galegos contin\u00faan sufrindo as consecuencias do coronavirus pero si estamos satisfeitos por comprobar que as medidas que Galicia tomou est\u00e1n dando os seus froitos\u201d, manifestou Tellado.<\/p>\n<p style=\"text-align: justify;\">\u00a0<\/p>\n<p style=\"text-align: justify;\"><strong><u>AXUDAR \u00c1S FAMILIAS<\/u><\/strong><\/p>\n<p style=\"text-align: justify;\">O n\u00famero dous dos populares puxo en valor o labor realista da Xunta, que actualizou a s\u00faa planificaci\u00f3n en materia laboral e est\u00e1 dese\u00f1ando da man dos axentes sociais e econ\u00f3micos medidas que poidan axudar \u00e1s familias galegas a superar esta crise sanitaria o antes posible. \u201cO Goberno galego traballou desde o primeiro momento para reactivar a econom\u00eda galega e para axudar aos sectores econ\u00f3micos m\u00e1is afectados\u201d, incidiu.<\/p>\n<p style=\"text-align: justify;\">\u00a0<\/p>\n<p style=\"text-align: justify;\">Nese senso, destacou a activaci\u00f3n da Axenda de Emprego, que est\u00e1 adaptada ao novo contexto socioecon\u00f3mico para dar unha resposta \u00e1xil aos efectos da crise sanitaria e coa que se prev\u00e9 mobilizar m\u00e1is de 225 mill\u00f3ns de euros a trav\u00e9s de 30 medidas que beneficiar\u00e1n a m\u00e1is de 65.000 persoas.<\/p>\n<p style=\"text-align: justify;\">\u00a0<\/p>\n<p style=\"text-align: justify;\">Segundo sinalou Tellado, o obxectivo \u00e9 recuperar no menor tempo posible o emprego destru\u00eddo desde o inicio da pandemia e reactivar a econom\u00eda mediante o fomento de emprego de calidade \u201ce imos no cami\u00f1o\u201d, dixo refer\u00edndose aos datos de desemprego de outubro e \u00e1 \u00faltima EPA, que reflicte que Galicia creou postos de traballo de calidade e acadou diminu\u00edr a taxa de paro con respecto ao segundo trimestre.<\/p>\n<p style=\"text-align: justify;\">\u00a0<\/p>\n<p style=\"text-align: justify;\"><strong><u>APOIAR AOS AUT\u00d3NOMOS<\/u><\/strong><u> <strong>E MICROEMPRESAS<\/strong><\/u><\/p>\n<p style=\"text-align: justify;\">Igualmente, o secretario xeral do PPdeG recordou que a Xunta est\u00e1 facendo un importante esforzo para manter o emprego dos traballadores por conta propia e nas microempresas, e mencionou o recente Plan de rescate para os aut\u00f3nomos e microempresas anunciado polo presidente Feij\u00f3o e que se por\u00e1 en marcha este mesmo mes de novembro.<\/p>\n<p style=\"text-align: justify;\">\u00a0<\/p>\n<p style=\"text-align: justify;\">Esta iniciativa, que conta cun investimento de 70 mill\u00f3ns de euros, establece d\u00faas li\u00f1as de axudas: una especifica para manter o emprego nas microempresas que te\u00f1an ou tivesen declarado un ERTE, e outra axuda directa para todos aqueles que tivesen paralizada a s\u00faa actividade durante a lo menos seis meses.<\/p>\n<p style=\"text-align: justify;\">\u00a0<\/p>\n<p style=\"text-align: justify;\">Sobre isto, Tellado aclarou que \u201cestas axuntas son perfectamente compatibles coas axudas da Administraci\u00f3n central\u201d. De feito, resaltou que o seu obxectivo \u00e9 paliar a falta de compromiso do Goberno socialista cos traballadores aut\u00f3nomos.<\/p>\n<p style=\"text-align: justify;\">\u00a0<\/p>\n<p style=\"text-align: justify;\"><strong><u>LEI DE REACTIVACI\u00d3N ECON\u00d3MICA<\/u><\/strong><\/p>\n<p style=\"text-align: justify;\">Por \u00faltimo, o n\u00famero dous dos populares en Galicia salientou a futura Lei de reactivaci\u00f3n econ\u00f3mica, que tam\u00e9n permitir\u00e1 crear un entorno favorable para que a econom\u00eda galega poida sa\u00edr fortalecida. Esta normativa daralle \u00e1s iniciativas empresariais a cobertura legal que precisan para que te\u00f1an a m\u00e1xima seguridade xur\u00eddica e promover\u00e1 a m\u00e1xima axilizaci\u00f3n administrativa.<\/p>\n<p style=\"text-align: justify;\">\u00a0<\/p>\n","protected":false},"excerpt":{"rendered":"<p>Destaca a activaci\u00f3n da Axenda de Emprego da Xunta, unha planificaci\u00f3n adaptada ao novo contexto socioecon\u00f3mico para apoiar \u00e1s familias \u00a0<\/p>\n","protected":false},"author":38,"featured_media":54875,"comment_status":"open","ping_status":"open","sticky":false,"template":"","format":"standard","meta":{"_acf_changed":false,"footnotes":""},"categories":[1],"tags":[],"class_list":["post-54876","post","type-post","status-publish","format-standard","has-post-thumbnail","hentry","category-pp-de-galicia"],"acf":[],"yoast_head":"<!-- This site is optimized with the Yoast SEO plugin v27.3 - https:\/\/yoast.com\/product\/yoast-seo-wordpress\/ -->\n<title>Tellado: \u201cGalicia marca unha distancia no desemprego de m\u00e1is de 10 puntos con Espa\u00f1a e comeza a recuperar os postos de traballo destru\u00eddos pola pandemia\u201d - PP de Galicia<\/title>\n<meta name=\"robots\" content=\"index, follow, max-snippet:-1, max-image-preview:large, max-video-preview:-1\" \/>\n<link rel=\"canonical\" href=\"https:\/\/ppdegalicia.com\/es\/tellado-galicia-marca-unha-distancia-no-desemprego-de-mais-de-10-puntos-con-espana-e-comeza-a-recuperar-os-postos-de-traballo-destruidos-pola-pandemia\/\" \/>\n<meta property=\"og:locale\" content=\"es_ES\" \/>\n<meta property=\"og:type\" content=\"article\" \/>\n<meta property=\"og:title\" content=\"Tellado: \u201cGalicia marca unha distancia no desemprego de m\u00e1is de 10 puntos con Espa\u00f1a e comeza a recuperar os postos de traballo destru\u00eddos pola pandemia\u201d - PP de Galicia\" \/>\n<meta property=\"og:description\" content=\"Destaca a activaci\u00f3n da Axenda de Emprego da Xunta, unha planificaci\u00f3n adaptada ao novo contexto socioecon\u00f3mico para apoiar \u00e1s familias \u00a0\" \/>\n<meta property=\"og:url\" content=\"https:\/\/ppdegalicia.com\/es\/tellado-galicia-marca-unha-distancia-no-desemprego-de-mais-de-10-puntos-con-espana-e-comeza-a-recuperar-os-postos-de-traballo-destruidos-pola-pandemia\/\" \/>\n<meta property=\"og:site_name\" content=\"PP de Galicia\" \/>\n<meta property=\"article:publisher\" content=\"https:\/\/www.instagram.com\/ppdegalicia\/\" \/>\n<meta property=\"article:published_time\" content=\"2020-11-04T12:34:04+00:00\" \/>\n<meta property=\"og:image\" content=\"https:\/\/ppdegalicia.com\/wp-content\/uploads\/2020\/11\/8848e9e079a87bc68318930091393f7a-scaled.jpg\" \/>\n\t<meta property=\"og:image:width\" content=\"2560\" \/>\n\t<meta property=\"og:image:height\" content=\"1440\" \/>\n\t<meta property=\"og:image:type\" content=\"image\/jpeg\" \/>\n<meta name=\"author\" content=\"ppdegaliciaredes\" \/>\n<meta name=\"twitter:card\" content=\"summary_large_image\" \/>\n<meta name=\"twitter:creator\" content=\"@ppdegalicia\" \/>\n<meta name=\"twitter:site\" content=\"@ppdegalicia\" \/>\n<meta name=\"twitter:label1\" content=\"Escrito por\" \/>\n\t<meta name=\"twitter:data1\" content=\"ppdegaliciaredes\" \/>\n\t<meta name=\"twitter:label2\" content=\"Tiempo de lectura\" \/>\n\t<meta name=\"twitter:data2\" content=\"3 minutos\" \/>\n<script type=\"application\/ld+json\" class=\"yoast-schema-graph\">{\"@context\":\"https:\\\/\\\/schema.org\",\"@graph\":[{\"@type\":\"Article\",\"@id\":\"https:\\\/\\\/ppdegalicia.com\\\/es\\\/tellado-galicia-marca-unha-distancia-no-desemprego-de-mais-de-10-puntos-con-espana-e-comeza-a-recuperar-os-postos-de-traballo-destruidos-pola-pandemia\\\/#article\",\"isPartOf\":{\"@id\":\"https:\\\/\\\/ppdegalicia.com\\\/es\\\/tellado-galicia-marca-unha-distancia-no-desemprego-de-mais-de-10-puntos-con-espana-e-comeza-a-recuperar-os-postos-de-traballo-destruidos-pola-pandemia\\\/\"},\"author\":{\"name\":\"ppdegaliciaredes\",\"@id\":\"https:\\\/\\\/ppdegalicia.com\\\/es\\\/#\\\/schema\\\/person\\\/5b822c6f59e872ebdd1142f307dbcb59\"},\"headline\":\"Tellado: \u201cGalicia marca unha distancia no desemprego de m\u00e1is de 10 puntos con Espa\u00f1a e comeza a recuperar os postos de traballo destru\u00eddos pola pandemia\u201d\",\"datePublished\":\"2020-11-04T12:34:04+00:00\",\"mainEntityOfPage\":{\"@id\":\"https:\\\/\\\/ppdegalicia.com\\\/es\\\/tellado-galicia-marca-unha-distancia-no-desemprego-de-mais-de-10-puntos-con-espana-e-comeza-a-recuperar-os-postos-de-traballo-destruidos-pola-pandemia\\\/\"},\"wordCount\":633,\"commentCount\":0,\"publisher\":{\"@id\":\"https:\\\/\\\/ppdegalicia.com\\\/es\\\/#organization\"},\"image\":{\"@id\":\"https:\\\/\\\/ppdegalicia.com\\\/es\\\/tellado-galicia-marca-unha-distancia-no-desemprego-de-mais-de-10-puntos-con-espana-e-comeza-a-recuperar-os-postos-de-traballo-destruidos-pola-pandemia\\\/#primaryimage\"},\"thumbnailUrl\":\"https:\\\/\\\/ppdegalicia.com\\\/wp-content\\\/uploads\\\/2020\\\/11\\\/8848e9e079a87bc68318930091393f7a-scaled.jpg\",\"articleSection\":[\"PP de Galicia\"],\"inLanguage\":\"es\",\"potentialAction\":[{\"@type\":\"CommentAction\",\"name\":\"Comment\",\"target\":[\"https:\\\/\\\/ppdegalicia.com\\\/es\\\/tellado-galicia-marca-unha-distancia-no-desemprego-de-mais-de-10-puntos-con-espana-e-comeza-a-recuperar-os-postos-de-traballo-destruidos-pola-pandemia\\\/#respond\"]}]},{\"@type\":\"WebPage\",\"@id\":\"https:\\\/\\\/ppdegalicia.com\\\/es\\\/tellado-galicia-marca-unha-distancia-no-desemprego-de-mais-de-10-puntos-con-espana-e-comeza-a-recuperar-os-postos-de-traballo-destruidos-pola-pandemia\\\/\",\"url\":\"https:\\\/\\\/ppdegalicia.com\\\/es\\\/tellado-galicia-marca-unha-distancia-no-desemprego-de-mais-de-10-puntos-con-espana-e-comeza-a-recuperar-os-postos-de-traballo-destruidos-pola-pandemia\\\/\",\"name\":\"Tellado: \u201cGalicia marca unha distancia no desemprego de m\u00e1is de 10 puntos con Espa\u00f1a e comeza a recuperar os postos de traballo destru\u00eddos pola pandemia\u201d - PP de Galicia\",\"isPartOf\":{\"@id\":\"https:\\\/\\\/ppdegalicia.com\\\/es\\\/#website\"},\"primaryImageOfPage\":{\"@id\":\"https:\\\/\\\/ppdegalicia.com\\\/es\\\/tellado-galicia-marca-unha-distancia-no-desemprego-de-mais-de-10-puntos-con-espana-e-comeza-a-recuperar-os-postos-de-traballo-destruidos-pola-pandemia\\\/#primaryimage\"},\"image\":{\"@id\":\"https:\\\/\\\/ppdegalicia.com\\\/es\\\/tellado-galicia-marca-unha-distancia-no-desemprego-de-mais-de-10-puntos-con-espana-e-comeza-a-recuperar-os-postos-de-traballo-destruidos-pola-pandemia\\\/#primaryimage\"},\"thumbnailUrl\":\"https:\\\/\\\/ppdegalicia.com\\\/wp-content\\\/uploads\\\/2020\\\/11\\\/8848e9e079a87bc68318930091393f7a-scaled.jpg\",\"datePublished\":\"2020-11-04T12:34:04+00:00\",\"breadcrumb\":{\"@id\":\"https:\\\/\\\/ppdegalicia.com\\\/es\\\/tellado-galicia-marca-unha-distancia-no-desemprego-de-mais-de-10-puntos-con-espana-e-comeza-a-recuperar-os-postos-de-traballo-destruidos-pola-pandemia\\\/#breadcrumb\"},\"inLanguage\":\"es\",\"potentialAction\":[{\"@type\":\"ReadAction\",\"target\":[\"https:\\\/\\\/ppdegalicia.com\\\/es\\\/tellado-galicia-marca-unha-distancia-no-desemprego-de-mais-de-10-puntos-con-espana-e-comeza-a-recuperar-os-postos-de-traballo-destruidos-pola-pandemia\\\/\"]}]},{\"@type\":\"ImageObject\",\"inLanguage\":\"es\",\"@id\":\"https:\\\/\\\/ppdegalicia.com\\\/es\\\/tellado-galicia-marca-unha-distancia-no-desemprego-de-mais-de-10-puntos-con-espana-e-comeza-a-recuperar-os-postos-de-traballo-destruidos-pola-pandemia\\\/#primaryimage\",\"url\":\"https:\\\/\\\/ppdegalicia.com\\\/wp-content\\\/uploads\\\/2020\\\/11\\\/8848e9e079a87bc68318930091393f7a-scaled.jpg\",\"contentUrl\":\"https:\\\/\\\/ppdegalicia.com\\\/wp-content\\\/uploads\\\/2020\\\/11\\\/8848e9e079a87bc68318930091393f7a-scaled.jpg\",\"width\":2560,\"height\":1440},{\"@type\":\"BreadcrumbList\",\"@id\":\"https:\\\/\\\/ppdegalicia.com\\\/es\\\/tellado-galicia-marca-unha-distancia-no-desemprego-de-mais-de-10-puntos-con-espana-e-comeza-a-recuperar-os-postos-de-traballo-destruidos-pola-pandemia\\\/#breadcrumb\",\"itemListElement\":[{\"@type\":\"ListItem\",\"position\":1,\"name\":\"Portada\",\"item\":\"https:\\\/\\\/ppdegalicia.com\\\/es\\\/\"},{\"@type\":\"ListItem\",\"position\":2,\"name\":\"Tellado: \u201cGalicia marca unha distancia no desemprego de m\u00e1is de 10 puntos con Espa\u00f1a e comeza a recuperar os postos de traballo destru\u00eddos pola pandemia\u201d\"}]},{\"@type\":\"WebSite\",\"@id\":\"https:\\\/\\\/ppdegalicia.com\\\/es\\\/#website\",\"url\":\"https:\\\/\\\/ppdegalicia.com\\\/es\\\/\",\"name\":\"Partido Popular de Galicia\",\"description\":\"Partido Popular de Galicia\",\"publisher\":{\"@id\":\"https:\\\/\\\/ppdegalicia.com\\\/es\\\/#organization\"},\"alternateName\":\"PP de Galicia\",\"potentialAction\":[{\"@type\":\"SearchAction\",\"target\":{\"@type\":\"EntryPoint\",\"urlTemplate\":\"https:\\\/\\\/ppdegalicia.com\\\/es\\\/?s={search_term_string}\"},\"query-input\":{\"@type\":\"PropertyValueSpecification\",\"valueRequired\":true,\"valueName\":\"search_term_string\"}}],\"inLanguage\":\"es\"},{\"@type\":\"Organization\",\"@id\":\"https:\\\/\\\/ppdegalicia.com\\\/es\\\/#organization\",\"name\":\"Partido Popular de Galicia\",\"alternateName\":\"PP de Galicia\",\"url\":\"https:\\\/\\\/ppdegalicia.com\\\/es\\\/\",\"logo\":{\"@type\":\"ImageObject\",\"inLanguage\":\"es\",\"@id\":\"https:\\\/\\\/ppdegalicia.com\\\/es\\\/#\\\/schema\\\/logo\\\/image\\\/\",\"url\":\"https:\\\/\\\/ppdegalicia.com\\\/wp-content\\\/uploads\\\/2023\\\/04\\\/logoPP512.png\",\"contentUrl\":\"https:\\\/\\\/ppdegalicia.com\\\/wp-content\\\/uploads\\\/2023\\\/04\\\/logoPP512.png\",\"width\":512,\"height\":512,\"caption\":\"Partido Popular de Galicia\"},\"image\":{\"@id\":\"https:\\\/\\\/ppdegalicia.com\\\/es\\\/#\\\/schema\\\/logo\\\/image\\\/\"},\"sameAs\":[\"https:\\\/\\\/www.instagram.com\\\/ppdegalicia\\\/\",\"https:\\\/\\\/x.com\\\/ppdegalicia\",\"https:\\\/\\\/www.tiktok.com\\\/@ppdegalicia\",\"https:\\\/\\\/www.youtube.com\\\/user\\\/ppdegalicia\"]},{\"@type\":\"Person\",\"@id\":\"https:\\\/\\\/ppdegalicia.com\\\/es\\\/#\\\/schema\\\/person\\\/5b822c6f59e872ebdd1142f307dbcb59\",\"name\":\"ppdegaliciaredes\",\"image\":{\"@type\":\"ImageObject\",\"inLanguage\":\"es\",\"@id\":\"https:\\\/\\\/secure.gravatar.com\\\/avatar\\\/3c9179cf0256d00c72a48d1f25783c58b6842cd56e85ef3a572881c8e28ccd59?s=96&d=mm&r=g\",\"url\":\"https:\\\/\\\/secure.gravatar.com\\\/avatar\\\/3c9179cf0256d00c72a48d1f25783c58b6842cd56e85ef3a572881c8e28ccd59?s=96&d=mm&r=g\",\"contentUrl\":\"https:\\\/\\\/secure.gravatar.com\\\/avatar\\\/3c9179cf0256d00c72a48d1f25783c58b6842cd56e85ef3a572881c8e28ccd59?s=96&d=mm&r=g\",\"caption\":\"ppdegaliciaredes\"},\"url\":\"https:\\\/\\\/ppdegalicia.com\\\/es\\\/author\\\/ppdegaliciaredes\\\/\"}]}<\/script>\n<!-- \/ Yoast SEO plugin. -->","yoast_head_json":{"title":"Tellado: \u201cGalicia marca unha distancia no desemprego de m\u00e1is de 10 puntos con Espa\u00f1a e comeza a recuperar os postos de traballo destru\u00eddos pola pandemia\u201d - PP de Galicia","robots":{"index":"index","follow":"follow","max-snippet":"max-snippet:-1","max-image-preview":"max-image-preview:large","max-video-preview":"max-video-preview:-1"},"canonical":"https:\/\/ppdegalicia.com\/es\/tellado-galicia-marca-unha-distancia-no-desemprego-de-mais-de-10-puntos-con-espana-e-comeza-a-recuperar-os-postos-de-traballo-destruidos-pola-pandemia\/","og_locale":"es_ES","og_type":"article","og_title":"Tellado: \u201cGalicia marca unha distancia no desemprego de m\u00e1is de 10 puntos con Espa\u00f1a e comeza a recuperar os postos de traballo destru\u00eddos pola pandemia\u201d - PP de Galicia","og_description":"Destaca a activaci\u00f3n da Axenda de Emprego da Xunta, unha planificaci\u00f3n adaptada ao novo contexto socioecon\u00f3mico para apoiar \u00e1s familias \u00a0","og_url":"https:\/\/ppdegalicia.com\/es\/tellado-galicia-marca-unha-distancia-no-desemprego-de-mais-de-10-puntos-con-espana-e-comeza-a-recuperar-os-postos-de-traballo-destruidos-pola-pandemia\/","og_site_name":"PP de Galicia","article_publisher":"https:\/\/www.instagram.com\/ppdegalicia\/","article_published_time":"2020-11-04T12:34:04+00:00","og_image":[{"width":2560,"height":1440,"url":"https:\/\/ppdegalicia.com\/wp-content\/uploads\/2020\/11\/8848e9e079a87bc68318930091393f7a-scaled.jpg","type":"image\/jpeg"}],"author":"ppdegaliciaredes","twitter_card":"summary_large_image","twitter_creator":"@ppdegalicia","twitter_site":"@ppdegalicia","twitter_misc":{"Escrito por":"ppdegaliciaredes","Tiempo de lectura":"3 minutos"},"schema":{"@context":"https:\/\/schema.org","@graph":[{"@type":"Article","@id":"https:\/\/ppdegalicia.com\/es\/tellado-galicia-marca-unha-distancia-no-desemprego-de-mais-de-10-puntos-con-espana-e-comeza-a-recuperar-os-postos-de-traballo-destruidos-pola-pandemia\/#article","isPartOf":{"@id":"https:\/\/ppdegalicia.com\/es\/tellado-galicia-marca-unha-distancia-no-desemprego-de-mais-de-10-puntos-con-espana-e-comeza-a-recuperar-os-postos-de-traballo-destruidos-pola-pandemia\/"},"author":{"name":"ppdegaliciaredes","@id":"https:\/\/ppdegalicia.com\/es\/#\/schema\/person\/5b822c6f59e872ebdd1142f307dbcb59"},"headline":"Tellado: \u201cGalicia marca unha distancia no desemprego de m\u00e1is de 10 puntos con Espa\u00f1a e comeza a recuperar os postos de traballo destru\u00eddos pola pandemia\u201d","datePublished":"2020-11-04T12:34:04+00:00","mainEntityOfPage":{"@id":"https:\/\/ppdegalicia.com\/es\/tellado-galicia-marca-unha-distancia-no-desemprego-de-mais-de-10-puntos-con-espana-e-comeza-a-recuperar-os-postos-de-traballo-destruidos-pola-pandemia\/"},"wordCount":633,"commentCount":0,"publisher":{"@id":"https:\/\/ppdegalicia.com\/es\/#organization"},"image":{"@id":"https:\/\/ppdegalicia.com\/es\/tellado-galicia-marca-unha-distancia-no-desemprego-de-mais-de-10-puntos-con-espana-e-comeza-a-recuperar-os-postos-de-traballo-destruidos-pola-pandemia\/#primaryimage"},"thumbnailUrl":"https:\/\/ppdegalicia.com\/wp-content\/uploads\/2020\/11\/8848e9e079a87bc68318930091393f7a-scaled.jpg","articleSection":["PP de Galicia"],"inLanguage":"es","potentialAction":[{"@type":"CommentAction","name":"Comment","target":["https:\/\/ppdegalicia.com\/es\/tellado-galicia-marca-unha-distancia-no-desemprego-de-mais-de-10-puntos-con-espana-e-comeza-a-recuperar-os-postos-de-traballo-destruidos-pola-pandemia\/#respond"]}]},{"@type":"WebPage","@id":"https:\/\/ppdegalicia.com\/es\/tellado-galicia-marca-unha-distancia-no-desemprego-de-mais-de-10-puntos-con-espana-e-comeza-a-recuperar-os-postos-de-traballo-destruidos-pola-pandemia\/","url":"https:\/\/ppdegalicia.com\/es\/tellado-galicia-marca-unha-distancia-no-desemprego-de-mais-de-10-puntos-con-espana-e-comeza-a-recuperar-os-postos-de-traballo-destruidos-pola-pandemia\/","name":"Tellado: \u201cGalicia marca unha distancia no desemprego de m\u00e1is de 10 puntos con Espa\u00f1a e comeza a recuperar os postos de traballo destru\u00eddos pola pandemia\u201d - PP de Galicia","isPartOf":{"@id":"https:\/\/ppdegalicia.com\/es\/#website"},"primaryImageOfPage":{"@id":"https:\/\/ppdegalicia.com\/es\/tellado-galicia-marca-unha-distancia-no-desemprego-de-mais-de-10-puntos-con-espana-e-comeza-a-recuperar-os-postos-de-traballo-destruidos-pola-pandemia\/#primaryimage"},"image":{"@id":"https:\/\/ppdegalicia.com\/es\/tellado-galicia-marca-unha-distancia-no-desemprego-de-mais-de-10-puntos-con-espana-e-comeza-a-recuperar-os-postos-de-traballo-destruidos-pola-pandemia\/#primaryimage"},"thumbnailUrl":"https:\/\/ppdegalicia.com\/wp-content\/uploads\/2020\/11\/8848e9e079a87bc68318930091393f7a-scaled.jpg","datePublished":"2020-11-04T12:34:04+00:00","breadcrumb":{"@id":"https:\/\/ppdegalicia.com\/es\/tellado-galicia-marca-unha-distancia-no-desemprego-de-mais-de-10-puntos-con-espana-e-comeza-a-recuperar-os-postos-de-traballo-destruidos-pola-pandemia\/#breadcrumb"},"inLanguage":"es","potentialAction":[{"@type":"ReadAction","target":["https:\/\/ppdegalicia.com\/es\/tellado-galicia-marca-unha-distancia-no-desemprego-de-mais-de-10-puntos-con-espana-e-comeza-a-recuperar-os-postos-de-traballo-destruidos-pola-pandemia\/"]}]},{"@type":"ImageObject","inLanguage":"es","@id":"https:\/\/ppdegalicia.com\/es\/tellado-galicia-marca-unha-distancia-no-desemprego-de-mais-de-10-puntos-con-espana-e-comeza-a-recuperar-os-postos-de-traballo-destruidos-pola-pandemia\/#primaryimage","url":"https:\/\/ppdegalicia.com\/wp-content\/uploads\/2020\/11\/8848e9e079a87bc68318930091393f7a-scaled.jpg","contentUrl":"https:\/\/ppdegalicia.com\/wp-content\/uploads\/2020\/11\/8848e9e079a87bc68318930091393f7a-scaled.jpg","width":2560,"height":1440},{"@type":"BreadcrumbList","@id":"https:\/\/ppdegalicia.com\/es\/tellado-galicia-marca-unha-distancia-no-desemprego-de-mais-de-10-puntos-con-espana-e-comeza-a-recuperar-os-postos-de-traballo-destruidos-pola-pandemia\/#breadcrumb","itemListElement":[{"@type":"ListItem","position":1,"name":"Portada","item":"https:\/\/ppdegalicia.com\/es\/"},{"@type":"ListItem","position":2,"name":"Tellado: \u201cGalicia marca unha distancia no desemprego de m\u00e1is de 10 puntos con Espa\u00f1a e comeza a recuperar os postos de traballo destru\u00eddos pola pandemia\u201d"}]},{"@type":"WebSite","@id":"https:\/\/ppdegalicia.com\/es\/#website","url":"https:\/\/ppdegalicia.com\/es\/","name":"Partido Popular de Galicia","description":"Partido Popular de Galicia","publisher":{"@id":"https:\/\/ppdegalicia.com\/es\/#organization"},"alternateName":"PP de Galicia","potentialAction":[{"@type":"SearchAction","target":{"@type":"EntryPoint","urlTemplate":"https:\/\/ppdegalicia.com\/es\/?s={search_term_string}"},"query-input":{"@type":"PropertyValueSpecification","valueRequired":true,"valueName":"search_term_string"}}],"inLanguage":"es"},{"@type":"Organization","@id":"https:\/\/ppdegalicia.com\/es\/#organization","name":"Partido Popular de Galicia","alternateName":"PP de Galicia","url":"https:\/\/ppdegalicia.com\/es\/","logo":{"@type":"ImageObject","inLanguage":"es","@id":"https:\/\/ppdegalicia.com\/es\/#\/schema\/logo\/image\/","url":"https:\/\/ppdegalicia.com\/wp-content\/uploads\/2023\/04\/logoPP512.png","contentUrl":"https:\/\/ppdegalicia.com\/wp-content\/uploads\/2023\/04\/logoPP512.png","width":512,"height":512,"caption":"Partido Popular de Galicia"},"image":{"@id":"https:\/\/ppdegalicia.com\/es\/#\/schema\/logo\/image\/"},"sameAs":["https:\/\/www.instagram.com\/ppdegalicia\/","https:\/\/x.com\/ppdegalicia","https:\/\/www.tiktok.com\/@ppdegalicia","https:\/\/www.youtube.com\/user\/ppdegalicia"]},{"@type":"Person","@id":"https:\/\/ppdegalicia.com\/es\/#\/schema\/person\/5b822c6f59e872ebdd1142f307dbcb59","name":"ppdegaliciaredes","image":{"@type":"ImageObject","inLanguage":"es","@id":"https:\/\/secure.gravatar.com\/avatar\/3c9179cf0256d00c72a48d1f25783c58b6842cd56e85ef3a572881c8e28ccd59?s=96&d=mm&r=g","url":"https:\/\/secure.gravatar.com\/avatar\/3c9179cf0256d00c72a48d1f25783c58b6842cd56e85ef3a572881c8e28ccd59?s=96&d=mm&r=g","contentUrl":"https:\/\/secure.gravatar.com\/avatar\/3c9179cf0256d00c72a48d1f25783c58b6842cd56e85ef3a572881c8e28ccd59?s=96&d=mm&r=g","caption":"ppdegaliciaredes"},"url":"https:\/\/ppdegalicia.com\/es\/author\/ppdegaliciaredes\/"}]}},"_links":{"self":[{"href":"https:\/\/ppdegalicia.com\/es\/wp-json\/wp\/v2\/posts\/54876","targetHints":{"allow":["GET"]}}],"collection":[{"href":"https:\/\/ppdegalicia.com\/es\/wp-json\/wp\/v2\/posts"}],"about":[{"href":"https:\/\/ppdegalicia.com\/es\/wp-json\/wp\/v2\/types\/post"}],"author":[{"embeddable":true,"href":"https:\/\/ppdegalicia.com\/es\/wp-json\/wp\/v2\/users\/38"}],"replies":[{"embeddable":true,"href":"https:\/\/ppdegalicia.com\/es\/wp-json\/wp\/v2\/comments?post=54876"}],"version-history":[{"count":0,"href":"https:\/\/ppdegalicia.com\/es\/wp-json\/wp\/v2\/posts\/54876\/revisions"}],"wp:featuredmedia":[{"embeddable":true,"href":"https:\/\/ppdegalicia.com\/es\/wp-json\/wp\/v2\/media\/54875"}],"wp:attachment":[{"href":"https:\/\/ppdegalicia.com\/es\/wp-json\/wp\/v2\/media?parent=54876"}],"wp:term":[{"taxonomy":"category","embeddable":true,"href":"https:\/\/ppdegalicia.com\/es\/wp-json\/wp\/v2\/categories?post=54876"},{"taxonomy":"post_tag","embeddable":true,"href":"https:\/\/ppdegalicia.com\/es\/wp-json\/wp\/v2\/tags?post=54876"}],"curies":[{"name":"wp","href":"https:\/\/api.w.org\/{rel}","templated":true}]}}