{"id":54884,"date":"2020-11-03T19:24:12","date_gmt":"2020-11-03T17:24:12","guid":{"rendered":"https:\/\/ppdegalicia.com\/feijoo-comparecera-no-pleno-da-vindeira-semana-para-informar-sobre-a-situacion-da-covid-19\/"},"modified":"2020-11-03T19:24:12","modified_gmt":"2020-11-03T17:24:12","slug":"feijoo-comparecera-no-pleno-da-vindeira-semana-para-informar-sobre-a-situacion-da-covid-19","status":"publish","type":"post","link":"https:\/\/ppdegalicia.com\/es\/feijoo-comparecera-no-pleno-da-vindeira-semana-para-informar-sobre-a-situacion-da-covid-19\/","title":{"rendered":"Feij\u00f3o comparecer\u00e1 no Pleno da vindeira semana para informar sobre a situaci\u00f3n da Covid-19"},"content":{"rendered":"<p><img fetchpriority=\"high\" decoding=\"async\" class=\" size-full wp-image-54883\" src=\"https:\/\/ppdegalicia.com\/wp-content\/uploads\/2020\/11\/f0e832f2aa0cf1edd0fde90ad354cf32-scaled.jpg\" alt=\"\" width=\"2560\" height=\"1707\" srcset=\"https:\/\/ppdegalicia.com\/wp-content\/uploads\/2020\/11\/f0e832f2aa0cf1edd0fde90ad354cf32-scaled.jpg 2560w, https:\/\/ppdegalicia.com\/wp-content\/uploads\/2020\/11\/f0e832f2aa0cf1edd0fde90ad354cf32-300x200.jpg 300w, https:\/\/ppdegalicia.com\/wp-content\/uploads\/2020\/11\/f0e832f2aa0cf1edd0fde90ad354cf32-1024x683.jpg 1024w, https:\/\/ppdegalicia.com\/wp-content\/uploads\/2020\/11\/f0e832f2aa0cf1edd0fde90ad354cf32-768x512.jpg 768w, https:\/\/ppdegalicia.com\/wp-content\/uploads\/2020\/11\/f0e832f2aa0cf1edd0fde90ad354cf32-1536x1024.jpg 1536w, https:\/\/ppdegalicia.com\/wp-content\/uploads\/2020\/11\/f0e832f2aa0cf1edd0fde90ad354cf32-2048x1365.jpg 2048w\" sizes=\"(max-width: 2560px) 100vw, 2560px\" \/><\/p>\n<p>Santiago, 3 de novembro de 2020.- O viceportavoz do Grupo Popular, Miguel Tellado, informou hoxe que a Xunta de Portavoces acordou inclu\u00edr unha comparecencia do Presidente da Xunta, Alberto N\u00fa\u00f1ez Feij\u00f3o, no Pleno da vindeira semana para informar das medidas adoptadas polo Goberno galego na loita contra a pandemia da Covid-19.<\/p>\n<p><!--more--><\/p>\n<p>As\u00ed mesmo, a sesi\u00f3n plenaria incl\u00fae o debate para a s\u00faa aprobaci\u00f3n do teito de gasto para 2021, as\u00ed como d\u00faas proposici\u00f3ns non de lei do Grupo Popular: unha, para rexeitar o decreto do Goberno central que permitir\u00e1 a un alumno aprobar, promocionar ou titular con independencia do n\u00famero de materias suspensas; e outra solicitando \u00e1 Xunta a posta en marcha dun centro de terapia CAR-T.<\/p>\n<p>\u00a0<\/p>\n<p>Ao remate da reuni\u00f3n da Xunta de Portavoces, Miguel Tellado deu conta do acordo para que o Presidente da Xunta compareza ante o Pleno para informar da situaci\u00f3n da Covid-19 en Galicia. Esta comparecencia substituir\u00e1 ao punto de preguntas ao Presidente da Xunta, no que as d\u00faas cuesti\u00f3ns formuladas polos grupos da oposici\u00f3n xa versaban sobre a pandemia sanitaria.<\/p>\n<p>\u00a0<\/p>\n<p>As\u00ed mesmo, o Pleno tam\u00e9n incl\u00fae a comparecencia da conselleira de Infraestruturas e Mobilidade, por petici\u00f3n propia e acumulada a unha solicitude do BNG, para informar da situaci\u00f3n e das medidas adoptadas polo Goberno galego ante a situaci\u00f3n de turbidez do r\u00edo Eume e o seu impacto no abastecemento de auga en Pontedeume<\/p>\n<p>\u00a0<\/p>\n<p><strong>O MAIOR TEITO DE GASTO<\/strong><\/p>\n<p>\u00a0<\/p>\n<p>A orde do d\u00eda da sesi\u00f3n plenaria aprobada hoxe incorpora o debate e aprobaci\u00f3n do teito de gasto para 2021, aprobado no \u00faltimo Consello da Xunta e que ascende a 11.664 mill\u00f3ns de euros, centrados na loita contra a pandemia e na reactivaci\u00f3n econ\u00f3mica. \u201cEstamos a falar dun teito de gasto excepcional, por ser o m\u00e1is alto da serie hist\u00f3rica en Galicia, motivado polos recursos extraordinarios que imos recibir de fondos europeos e tam\u00e9n pola cobertura do 1,1% do d\u00e9ficit p\u00fablico que decidiu o Goberno central para as comunidades aut\u00f3nomas\u201d, explicou Tellado.<\/p>\n<p>\u00a0<\/p>\n<p>As\u00ed mesmo, insistiu que \u201cos principais obxectivos durante o vindeiro ano ser\u00e1n afrontar a pandemia sanitaria, a reactivaci\u00f3n da econom\u00eda e, na medida das nosas posibilidades, axudar \u00e1s familias, aut\u00f3nomos e pequenas e medianas empresas que est\u00e1n sufrindo a crise econ\u00f3mica e social nos seus propios fogares\u201d. Con respecto a 2020, o teito de gasto para o vindeiro ano medra un 14,9%, o que vai permitir incrementar as capacidades de gasto da Xunta ao redor de 1.500 mill\u00f3ns, que se dedicar\u00e1n basicamente a investimento produtivo, a reactivaci\u00f3n econ\u00f3mica e a conter o desemprego.<\/p>\n<p>\u00a0<\/p>\n<p>No Pleno da vindeira semana debaterase a totalidade dos dous primeiros proxectos de lei desta nova lexislatura: o de Ordenaci\u00f3n do Territorio e o de Pesca Continental de Galicia. O primeiro deles permitir\u00e1 integrar o procedemento ambiental e o de tramitaci\u00f3n dos instrumentos de ordenaci\u00f3n nun \u00fanico procedemento, para facilitar a s\u00faa aplicaci\u00f3n e evitar acudir a varias normas; mentres que o segundo aposta por impulsar a remuda xeracional e un modelo de pesca sostible capaz de xerar emprego e riqueza no rural.<\/p>\n<p>\u00a0<\/p>\n<p>Dentro do apartado de proposici\u00f3ns non de lei, o Grupo Popular demandar\u00e1 que o Parlamento galego amose a s\u00faa oposici\u00f3n ao decreto do Ministerio de Educaci\u00f3n que rebaixa o nivel e os requisitos para que un alumno aprobe, promocione ou titule no curso 2020-21 con independencia do n\u00famero de materias suspensas. Miguel Tellado criticou que esta decisi\u00f3n \u201cadoptouse ignorando a normativa org\u00e1nica de educaci\u00f3n e sen ter en conta \u00e1s comunidades aut\u00f3nomas, suprimindo a funci\u00f3n da educaci\u00f3n como xeradora de igualdade de oportunidades no alumnado\u201d.<\/p>\n<p>\u00a0<\/p>\n<p>\u201cEste xeito de proceder por parte do Goberno do Estado, ignorando a normativa org\u00e1nica e ocultando a informaci\u00f3n nunha decisi\u00f3n tan importante para toda a comunidade educativa, desprestixia a educaci\u00f3n e o traballo dos docentes e as s\u00faas familias, ao tempo que vai en contra da cultura do esforzo e ataca a equidade\u201d, sinalou.<\/p>\n<p>\u00a0<\/p>\n<p><strong>TERAPIA AVANZADA EN GALICIA<\/strong><\/p>\n<p>\u00a0<\/p>\n<p>A trav\u00e9s dunha segunda proposici\u00f3n non de lei, o Grupo Popular solicitar\u00e1 que, no marco do futuro Plan Galego de Oncolox\u00eda, se elabore unha estratexia de medicina personalizada e terapia celular avanzada e se po\u00f1a en marcha un centro de terapia CAR-T en Galicia.<\/p>\n<p>\u00a0<\/p>\n<p>O viceportavoz popular lembrou que esta proposta estaba inclu\u00edda no programa electoral do PPdeG para as elecci\u00f3ns galegas deste ano, que demandaba a posta en marcha dun centro de terapia CAR-T en Galicia. \u201cA chamada terapia avanzada \u00e9 aquela coa que se pretende que o sistema inmune do paciente recupere a capacidade de reco\u00f1ecer e destru\u00edr de forma selectiva as c\u00e9lulas tumorais, unha forma de tratamento do cancro que se pretende que no futuro complemente aos cl\u00e1sicos tratamentos de radioterapia e quimioterapia\u201d.<\/p>\n<p>\u00a0<\/p>\n<p>Por \u00faltimo, o Grupo Popular preguntar\u00e1 ao Goberno galego os beneficios que reporta aos estudantes galegos a rebaixa do prezo das matr\u00edculas universitarias no curso 2020\/2021 e sobre o desenvolvemento do Plan de asistencia ao ictus en Galicia posto en marcha no ano 2016.<\/p>\n","protected":false},"excerpt":{"rendered":"<p>Santiago, 3 de novembro de 2020.- O viceportavoz do Grupo Popular, Miguel Tellado, informou hoxe que a Xunta de Portavoces acordou inclu\u00edr unha comparecencia do Presidente da Xunta, Alberto N\u00fa\u00f1ez Feij\u00f3o, no Pleno da vindeira semana para informar das medidas adoptadas polo Goberno galego na loita contra a pandemia da Covid-19.<\/p>\n","protected":false},"author":40,"featured_media":54883,"comment_status":"open","ping_status":"open","sticky":false,"template":"","format":"standard","meta":{"_acf_changed":false,"footnotes":""},"categories":[1],"tags":[],"class_list":["post-54884","post","type-post","status-publish","format-standard","has-post-thumbnail","hentry","category-pp-de-galicia"],"acf":[],"yoast_head":"<!-- This site is optimized with the Yoast SEO plugin v27.3 - https:\/\/yoast.com\/product\/yoast-seo-wordpress\/ -->\n<title>Feij\u00f3o comparecer\u00e1 no Pleno da vindeira semana para informar sobre a situaci\u00f3n da Covid-19 - PP de Galicia<\/title>\n<meta name=\"robots\" content=\"index, follow, max-snippet:-1, max-image-preview:large, max-video-preview:-1\" \/>\n<link rel=\"canonical\" href=\"https:\/\/ppdegalicia.com\/es\/feijoo-comparecera-no-pleno-da-vindeira-semana-para-informar-sobre-a-situacion-da-covid-19\/\" \/>\n<meta property=\"og:locale\" content=\"es_ES\" \/>\n<meta property=\"og:type\" content=\"article\" \/>\n<meta property=\"og:title\" content=\"Feij\u00f3o comparecer\u00e1 no Pleno da vindeira semana para informar sobre a situaci\u00f3n da Covid-19 - PP de Galicia\" \/>\n<meta property=\"og:description\" content=\"Santiago, 3 de novembro de 2020.- O viceportavoz do Grupo Popular, Miguel Tellado, informou hoxe que a Xunta de Portavoces acordou inclu\u00edr unha comparecencia do Presidente da Xunta, Alberto N\u00fa\u00f1ez Feij\u00f3o, no Pleno da vindeira semana para informar das medidas adoptadas polo Goberno galego na loita contra a pandemia da Covid-19.\" \/>\n<meta property=\"og:url\" content=\"https:\/\/ppdegalicia.com\/es\/feijoo-comparecera-no-pleno-da-vindeira-semana-para-informar-sobre-a-situacion-da-covid-19\/\" \/>\n<meta property=\"og:site_name\" content=\"PP de Galicia\" \/>\n<meta property=\"article:publisher\" content=\"https:\/\/www.instagram.com\/ppdegalicia\/\" \/>\n<meta property=\"article:published_time\" content=\"2020-11-03T17:24:12+00:00\" \/>\n<meta property=\"og:image\" content=\"https:\/\/ppdegalicia.com\/wp-content\/uploads\/2020\/11\/f0e832f2aa0cf1edd0fde90ad354cf32-scaled.jpg\" \/>\n\t<meta property=\"og:image:width\" content=\"2560\" \/>\n\t<meta property=\"og:image:height\" content=\"1707\" \/>\n\t<meta property=\"og:image:type\" content=\"image\/jpeg\" \/>\n<meta name=\"author\" content=\"ppdegaliciaedtis\" \/>\n<meta name=\"twitter:card\" content=\"summary_large_image\" \/>\n<meta name=\"twitter:creator\" content=\"@ppdegalicia\" \/>\n<meta name=\"twitter:site\" content=\"@ppdegalicia\" \/>\n<meta name=\"twitter:label1\" content=\"Escrito por\" \/>\n\t<meta name=\"twitter:data1\" content=\"ppdegaliciaedtis\" \/>\n\t<meta name=\"twitter:label2\" content=\"Tiempo de lectura\" \/>\n\t<meta name=\"twitter:data2\" content=\"4 minutos\" \/>\n<script type=\"application\/ld+json\" class=\"yoast-schema-graph\">{\"@context\":\"https:\\\/\\\/schema.org\",\"@graph\":[{\"@type\":\"Article\",\"@id\":\"https:\\\/\\\/ppdegalicia.com\\\/es\\\/feijoo-comparecera-no-pleno-da-vindeira-semana-para-informar-sobre-a-situacion-da-covid-19\\\/#article\",\"isPartOf\":{\"@id\":\"https:\\\/\\\/ppdegalicia.com\\\/es\\\/feijoo-comparecera-no-pleno-da-vindeira-semana-para-informar-sobre-a-situacion-da-covid-19\\\/\"},\"author\":{\"name\":\"ppdegaliciaedtis\",\"@id\":\"https:\\\/\\\/ppdegalicia.com\\\/es\\\/#\\\/schema\\\/person\\\/bc9b46e59ebd34bf28611158c3867388\"},\"headline\":\"Feij\u00f3o comparecer\u00e1 no Pleno da vindeira semana para informar sobre a situaci\u00f3n da Covid-19\",\"datePublished\":\"2020-11-03T17:24:12+00:00\",\"mainEntityOfPage\":{\"@id\":\"https:\\\/\\\/ppdegalicia.com\\\/es\\\/feijoo-comparecera-no-pleno-da-vindeira-semana-para-informar-sobre-a-situacion-da-covid-19\\\/\"},\"wordCount\":894,\"commentCount\":0,\"publisher\":{\"@id\":\"https:\\\/\\\/ppdegalicia.com\\\/es\\\/#organization\"},\"image\":{\"@id\":\"https:\\\/\\\/ppdegalicia.com\\\/es\\\/feijoo-comparecera-no-pleno-da-vindeira-semana-para-informar-sobre-a-situacion-da-covid-19\\\/#primaryimage\"},\"thumbnailUrl\":\"https:\\\/\\\/ppdegalicia.com\\\/wp-content\\\/uploads\\\/2020\\\/11\\\/f0e832f2aa0cf1edd0fde90ad354cf32-scaled.jpg\",\"articleSection\":[\"PP de Galicia\"],\"inLanguage\":\"es\",\"potentialAction\":[{\"@type\":\"CommentAction\",\"name\":\"Comment\",\"target\":[\"https:\\\/\\\/ppdegalicia.com\\\/es\\\/feijoo-comparecera-no-pleno-da-vindeira-semana-para-informar-sobre-a-situacion-da-covid-19\\\/#respond\"]}]},{\"@type\":\"WebPage\",\"@id\":\"https:\\\/\\\/ppdegalicia.com\\\/es\\\/feijoo-comparecera-no-pleno-da-vindeira-semana-para-informar-sobre-a-situacion-da-covid-19\\\/\",\"url\":\"https:\\\/\\\/ppdegalicia.com\\\/es\\\/feijoo-comparecera-no-pleno-da-vindeira-semana-para-informar-sobre-a-situacion-da-covid-19\\\/\",\"name\":\"Feij\u00f3o comparecer\u00e1 no Pleno da vindeira semana para informar sobre a situaci\u00f3n da Covid-19 - PP de Galicia\",\"isPartOf\":{\"@id\":\"https:\\\/\\\/ppdegalicia.com\\\/es\\\/#website\"},\"primaryImageOfPage\":{\"@id\":\"https:\\\/\\\/ppdegalicia.com\\\/es\\\/feijoo-comparecera-no-pleno-da-vindeira-semana-para-informar-sobre-a-situacion-da-covid-19\\\/#primaryimage\"},\"image\":{\"@id\":\"https:\\\/\\\/ppdegalicia.com\\\/es\\\/feijoo-comparecera-no-pleno-da-vindeira-semana-para-informar-sobre-a-situacion-da-covid-19\\\/#primaryimage\"},\"thumbnailUrl\":\"https:\\\/\\\/ppdegalicia.com\\\/wp-content\\\/uploads\\\/2020\\\/11\\\/f0e832f2aa0cf1edd0fde90ad354cf32-scaled.jpg\",\"datePublished\":\"2020-11-03T17:24:12+00:00\",\"breadcrumb\":{\"@id\":\"https:\\\/\\\/ppdegalicia.com\\\/es\\\/feijoo-comparecera-no-pleno-da-vindeira-semana-para-informar-sobre-a-situacion-da-covid-19\\\/#breadcrumb\"},\"inLanguage\":\"es\",\"potentialAction\":[{\"@type\":\"ReadAction\",\"target\":[\"https:\\\/\\\/ppdegalicia.com\\\/es\\\/feijoo-comparecera-no-pleno-da-vindeira-semana-para-informar-sobre-a-situacion-da-covid-19\\\/\"]}]},{\"@type\":\"ImageObject\",\"inLanguage\":\"es\",\"@id\":\"https:\\\/\\\/ppdegalicia.com\\\/es\\\/feijoo-comparecera-no-pleno-da-vindeira-semana-para-informar-sobre-a-situacion-da-covid-19\\\/#primaryimage\",\"url\":\"https:\\\/\\\/ppdegalicia.com\\\/wp-content\\\/uploads\\\/2020\\\/11\\\/f0e832f2aa0cf1edd0fde90ad354cf32-scaled.jpg\",\"contentUrl\":\"https:\\\/\\\/ppdegalicia.com\\\/wp-content\\\/uploads\\\/2020\\\/11\\\/f0e832f2aa0cf1edd0fde90ad354cf32-scaled.jpg\",\"width\":2560,\"height\":1707},{\"@type\":\"BreadcrumbList\",\"@id\":\"https:\\\/\\\/ppdegalicia.com\\\/es\\\/feijoo-comparecera-no-pleno-da-vindeira-semana-para-informar-sobre-a-situacion-da-covid-19\\\/#breadcrumb\",\"itemListElement\":[{\"@type\":\"ListItem\",\"position\":1,\"name\":\"Portada\",\"item\":\"https:\\\/\\\/ppdegalicia.com\\\/es\\\/\"},{\"@type\":\"ListItem\",\"position\":2,\"name\":\"Feij\u00f3o comparecer\u00e1 no Pleno da vindeira semana para informar sobre a situaci\u00f3n da Covid-19\"}]},{\"@type\":\"WebSite\",\"@id\":\"https:\\\/\\\/ppdegalicia.com\\\/es\\\/#website\",\"url\":\"https:\\\/\\\/ppdegalicia.com\\\/es\\\/\",\"name\":\"Partido Popular de Galicia\",\"description\":\"Partido Popular de Galicia\",\"publisher\":{\"@id\":\"https:\\\/\\\/ppdegalicia.com\\\/es\\\/#organization\"},\"alternateName\":\"PP de Galicia\",\"potentialAction\":[{\"@type\":\"SearchAction\",\"target\":{\"@type\":\"EntryPoint\",\"urlTemplate\":\"https:\\\/\\\/ppdegalicia.com\\\/es\\\/?s={search_term_string}\"},\"query-input\":{\"@type\":\"PropertyValueSpecification\",\"valueRequired\":true,\"valueName\":\"search_term_string\"}}],\"inLanguage\":\"es\"},{\"@type\":\"Organization\",\"@id\":\"https:\\\/\\\/ppdegalicia.com\\\/es\\\/#organization\",\"name\":\"Partido Popular de Galicia\",\"alternateName\":\"PP de Galicia\",\"url\":\"https:\\\/\\\/ppdegalicia.com\\\/es\\\/\",\"logo\":{\"@type\":\"ImageObject\",\"inLanguage\":\"es\",\"@id\":\"https:\\\/\\\/ppdegalicia.com\\\/es\\\/#\\\/schema\\\/logo\\\/image\\\/\",\"url\":\"https:\\\/\\\/ppdegalicia.com\\\/wp-content\\\/uploads\\\/2023\\\/04\\\/logoPP512.png\",\"contentUrl\":\"https:\\\/\\\/ppdegalicia.com\\\/wp-content\\\/uploads\\\/2023\\\/04\\\/logoPP512.png\",\"width\":512,\"height\":512,\"caption\":\"Partido Popular de Galicia\"},\"image\":{\"@id\":\"https:\\\/\\\/ppdegalicia.com\\\/es\\\/#\\\/schema\\\/logo\\\/image\\\/\"},\"sameAs\":[\"https:\\\/\\\/www.instagram.com\\\/ppdegalicia\\\/\",\"https:\\\/\\\/x.com\\\/ppdegalicia\",\"https:\\\/\\\/www.tiktok.com\\\/@ppdegalicia\",\"https:\\\/\\\/www.youtube.com\\\/user\\\/ppdegalicia\"]},{\"@type\":\"Person\",\"@id\":\"https:\\\/\\\/ppdegalicia.com\\\/es\\\/#\\\/schema\\\/person\\\/bc9b46e59ebd34bf28611158c3867388\",\"name\":\"ppdegaliciaedtis\",\"image\":{\"@type\":\"ImageObject\",\"inLanguage\":\"es\",\"@id\":\"https:\\\/\\\/secure.gravatar.com\\\/avatar\\\/f9f8cf6e03df54a1b0d04a6b4b8e8c6bd63c10a439752e84d87a5385aefe2ced?s=96&d=mm&r=g\",\"url\":\"https:\\\/\\\/secure.gravatar.com\\\/avatar\\\/f9f8cf6e03df54a1b0d04a6b4b8e8c6bd63c10a439752e84d87a5385aefe2ced?s=96&d=mm&r=g\",\"contentUrl\":\"https:\\\/\\\/secure.gravatar.com\\\/avatar\\\/f9f8cf6e03df54a1b0d04a6b4b8e8c6bd63c10a439752e84d87a5385aefe2ced?s=96&d=mm&r=g\",\"caption\":\"ppdegaliciaedtis\"},\"url\":\"https:\\\/\\\/ppdegalicia.com\\\/es\\\/author\\\/ppdegaliciaedits\\\/\"}]}<\/script>\n<!-- \/ Yoast SEO plugin. -->","yoast_head_json":{"title":"Feij\u00f3o comparecer\u00e1 no Pleno da vindeira semana para informar sobre a situaci\u00f3n da Covid-19 - PP de Galicia","robots":{"index":"index","follow":"follow","max-snippet":"max-snippet:-1","max-image-preview":"max-image-preview:large","max-video-preview":"max-video-preview:-1"},"canonical":"https:\/\/ppdegalicia.com\/es\/feijoo-comparecera-no-pleno-da-vindeira-semana-para-informar-sobre-a-situacion-da-covid-19\/","og_locale":"es_ES","og_type":"article","og_title":"Feij\u00f3o comparecer\u00e1 no Pleno da vindeira semana para informar sobre a situaci\u00f3n da Covid-19 - PP de Galicia","og_description":"Santiago, 3 de novembro de 2020.- O viceportavoz do Grupo Popular, Miguel Tellado, informou hoxe que a Xunta de Portavoces acordou inclu\u00edr unha comparecencia do Presidente da Xunta, Alberto N\u00fa\u00f1ez Feij\u00f3o, no Pleno da vindeira semana para informar das medidas adoptadas polo Goberno galego na loita contra a pandemia da Covid-19.","og_url":"https:\/\/ppdegalicia.com\/es\/feijoo-comparecera-no-pleno-da-vindeira-semana-para-informar-sobre-a-situacion-da-covid-19\/","og_site_name":"PP de Galicia","article_publisher":"https:\/\/www.instagram.com\/ppdegalicia\/","article_published_time":"2020-11-03T17:24:12+00:00","og_image":[{"width":2560,"height":1707,"url":"https:\/\/ppdegalicia.com\/wp-content\/uploads\/2020\/11\/f0e832f2aa0cf1edd0fde90ad354cf32-scaled.jpg","type":"image\/jpeg"}],"author":"ppdegaliciaedtis","twitter_card":"summary_large_image","twitter_creator":"@ppdegalicia","twitter_site":"@ppdegalicia","twitter_misc":{"Escrito por":"ppdegaliciaedtis","Tiempo de lectura":"4 minutos"},"schema":{"@context":"https:\/\/schema.org","@graph":[{"@type":"Article","@id":"https:\/\/ppdegalicia.com\/es\/feijoo-comparecera-no-pleno-da-vindeira-semana-para-informar-sobre-a-situacion-da-covid-19\/#article","isPartOf":{"@id":"https:\/\/ppdegalicia.com\/es\/feijoo-comparecera-no-pleno-da-vindeira-semana-para-informar-sobre-a-situacion-da-covid-19\/"},"author":{"name":"ppdegaliciaedtis","@id":"https:\/\/ppdegalicia.com\/es\/#\/schema\/person\/bc9b46e59ebd34bf28611158c3867388"},"headline":"Feij\u00f3o comparecer\u00e1 no Pleno da vindeira semana para informar sobre a situaci\u00f3n da Covid-19","datePublished":"2020-11-03T17:24:12+00:00","mainEntityOfPage":{"@id":"https:\/\/ppdegalicia.com\/es\/feijoo-comparecera-no-pleno-da-vindeira-semana-para-informar-sobre-a-situacion-da-covid-19\/"},"wordCount":894,"commentCount":0,"publisher":{"@id":"https:\/\/ppdegalicia.com\/es\/#organization"},"image":{"@id":"https:\/\/ppdegalicia.com\/es\/feijoo-comparecera-no-pleno-da-vindeira-semana-para-informar-sobre-a-situacion-da-covid-19\/#primaryimage"},"thumbnailUrl":"https:\/\/ppdegalicia.com\/wp-content\/uploads\/2020\/11\/f0e832f2aa0cf1edd0fde90ad354cf32-scaled.jpg","articleSection":["PP de Galicia"],"inLanguage":"es","potentialAction":[{"@type":"CommentAction","name":"Comment","target":["https:\/\/ppdegalicia.com\/es\/feijoo-comparecera-no-pleno-da-vindeira-semana-para-informar-sobre-a-situacion-da-covid-19\/#respond"]}]},{"@type":"WebPage","@id":"https:\/\/ppdegalicia.com\/es\/feijoo-comparecera-no-pleno-da-vindeira-semana-para-informar-sobre-a-situacion-da-covid-19\/","url":"https:\/\/ppdegalicia.com\/es\/feijoo-comparecera-no-pleno-da-vindeira-semana-para-informar-sobre-a-situacion-da-covid-19\/","name":"Feij\u00f3o comparecer\u00e1 no Pleno da vindeira semana para informar sobre a situaci\u00f3n da Covid-19 - PP de Galicia","isPartOf":{"@id":"https:\/\/ppdegalicia.com\/es\/#website"},"primaryImageOfPage":{"@id":"https:\/\/ppdegalicia.com\/es\/feijoo-comparecera-no-pleno-da-vindeira-semana-para-informar-sobre-a-situacion-da-covid-19\/#primaryimage"},"image":{"@id":"https:\/\/ppdegalicia.com\/es\/feijoo-comparecera-no-pleno-da-vindeira-semana-para-informar-sobre-a-situacion-da-covid-19\/#primaryimage"},"thumbnailUrl":"https:\/\/ppdegalicia.com\/wp-content\/uploads\/2020\/11\/f0e832f2aa0cf1edd0fde90ad354cf32-scaled.jpg","datePublished":"2020-11-03T17:24:12+00:00","breadcrumb":{"@id":"https:\/\/ppdegalicia.com\/es\/feijoo-comparecera-no-pleno-da-vindeira-semana-para-informar-sobre-a-situacion-da-covid-19\/#breadcrumb"},"inLanguage":"es","potentialAction":[{"@type":"ReadAction","target":["https:\/\/ppdegalicia.com\/es\/feijoo-comparecera-no-pleno-da-vindeira-semana-para-informar-sobre-a-situacion-da-covid-19\/"]}]},{"@type":"ImageObject","inLanguage":"es","@id":"https:\/\/ppdegalicia.com\/es\/feijoo-comparecera-no-pleno-da-vindeira-semana-para-informar-sobre-a-situacion-da-covid-19\/#primaryimage","url":"https:\/\/ppdegalicia.com\/wp-content\/uploads\/2020\/11\/f0e832f2aa0cf1edd0fde90ad354cf32-scaled.jpg","contentUrl":"https:\/\/ppdegalicia.com\/wp-content\/uploads\/2020\/11\/f0e832f2aa0cf1edd0fde90ad354cf32-scaled.jpg","width":2560,"height":1707},{"@type":"BreadcrumbList","@id":"https:\/\/ppdegalicia.com\/es\/feijoo-comparecera-no-pleno-da-vindeira-semana-para-informar-sobre-a-situacion-da-covid-19\/#breadcrumb","itemListElement":[{"@type":"ListItem","position":1,"name":"Portada","item":"https:\/\/ppdegalicia.com\/es\/"},{"@type":"ListItem","position":2,"name":"Feij\u00f3o comparecer\u00e1 no Pleno da vindeira semana para informar sobre a situaci\u00f3n da Covid-19"}]},{"@type":"WebSite","@id":"https:\/\/ppdegalicia.com\/es\/#website","url":"https:\/\/ppdegalicia.com\/es\/","name":"Partido Popular de Galicia","description":"Partido Popular de Galicia","publisher":{"@id":"https:\/\/ppdegalicia.com\/es\/#organization"},"alternateName":"PP de Galicia","potentialAction":[{"@type":"SearchAction","target":{"@type":"EntryPoint","urlTemplate":"https:\/\/ppdegalicia.com\/es\/?s={search_term_string}"},"query-input":{"@type":"PropertyValueSpecification","valueRequired":true,"valueName":"search_term_string"}}],"inLanguage":"es"},{"@type":"Organization","@id":"https:\/\/ppdegalicia.com\/es\/#organization","name":"Partido Popular de Galicia","alternateName":"PP de Galicia","url":"https:\/\/ppdegalicia.com\/es\/","logo":{"@type":"ImageObject","inLanguage":"es","@id":"https:\/\/ppdegalicia.com\/es\/#\/schema\/logo\/image\/","url":"https:\/\/ppdegalicia.com\/wp-content\/uploads\/2023\/04\/logoPP512.png","contentUrl":"https:\/\/ppdegalicia.com\/wp-content\/uploads\/2023\/04\/logoPP512.png","width":512,"height":512,"caption":"Partido Popular de Galicia"},"image":{"@id":"https:\/\/ppdegalicia.com\/es\/#\/schema\/logo\/image\/"},"sameAs":["https:\/\/www.instagram.com\/ppdegalicia\/","https:\/\/x.com\/ppdegalicia","https:\/\/www.tiktok.com\/@ppdegalicia","https:\/\/www.youtube.com\/user\/ppdegalicia"]},{"@type":"Person","@id":"https:\/\/ppdegalicia.com\/es\/#\/schema\/person\/bc9b46e59ebd34bf28611158c3867388","name":"ppdegaliciaedtis","image":{"@type":"ImageObject","inLanguage":"es","@id":"https:\/\/secure.gravatar.com\/avatar\/f9f8cf6e03df54a1b0d04a6b4b8e8c6bd63c10a439752e84d87a5385aefe2ced?s=96&d=mm&r=g","url":"https:\/\/secure.gravatar.com\/avatar\/f9f8cf6e03df54a1b0d04a6b4b8e8c6bd63c10a439752e84d87a5385aefe2ced?s=96&d=mm&r=g","contentUrl":"https:\/\/secure.gravatar.com\/avatar\/f9f8cf6e03df54a1b0d04a6b4b8e8c6bd63c10a439752e84d87a5385aefe2ced?s=96&d=mm&r=g","caption":"ppdegaliciaedtis"},"url":"https:\/\/ppdegalicia.com\/es\/author\/ppdegaliciaedits\/"}]}},"_links":{"self":[{"href":"https:\/\/ppdegalicia.com\/es\/wp-json\/wp\/v2\/posts\/54884","targetHints":{"allow":["GET"]}}],"collection":[{"href":"https:\/\/ppdegalicia.com\/es\/wp-json\/wp\/v2\/posts"}],"about":[{"href":"https:\/\/ppdegalicia.com\/es\/wp-json\/wp\/v2\/types\/post"}],"author":[{"embeddable":true,"href":"https:\/\/ppdegalicia.com\/es\/wp-json\/wp\/v2\/users\/40"}],"replies":[{"embeddable":true,"href":"https:\/\/ppdegalicia.com\/es\/wp-json\/wp\/v2\/comments?post=54884"}],"version-history":[{"count":0,"href":"https:\/\/ppdegalicia.com\/es\/wp-json\/wp\/v2\/posts\/54884\/revisions"}],"wp:featuredmedia":[{"embeddable":true,"href":"https:\/\/ppdegalicia.com\/es\/wp-json\/wp\/v2\/media\/54883"}],"wp:attachment":[{"href":"https:\/\/ppdegalicia.com\/es\/wp-json\/wp\/v2\/media?parent=54884"}],"wp:term":[{"taxonomy":"category","embeddable":true,"href":"https:\/\/ppdegalicia.com\/es\/wp-json\/wp\/v2\/categories?post=54884"},{"taxonomy":"post_tag","embeddable":true,"href":"https:\/\/ppdegalicia.com\/es\/wp-json\/wp\/v2\/tags?post=54884"}],"curies":[{"name":"wp","href":"https:\/\/api.w.org\/{rel}","templated":true}]}}