{"id":54886,"date":"2020-11-04T19:27:17","date_gmt":"2020-11-04T17:27:17","guid":{"rendered":"https:\/\/ppdegalicia.com\/o-parlamento-galego-demanda-ao-ministerio-do-interior-cubrir-as-vacantes-da-policia-autonomica\/"},"modified":"2020-11-04T19:27:17","modified_gmt":"2020-11-04T17:27:17","slug":"o-parlamento-galego-demanda-ao-ministerio-do-interior-cubrir-as-vacantes-da-policia-autonomica","status":"publish","type":"post","link":"https:\/\/ppdegalicia.com\/es\/o-parlamento-galego-demanda-ao-ministerio-do-interior-cubrir-as-vacantes-da-policia-autonomica\/","title":{"rendered":"O Parlamento galego demanda ao Ministerio do Interior cubrir as vacantes da Polic\u00eda Auton\u00f3mica"},"content":{"rendered":"<p><img fetchpriority=\"high\" decoding=\"async\" class=\" size-full wp-image-54885\" src=\"https:\/\/ppdegalicia.com\/wp-content\/uploads\/2020\/11\/a16ebe7d840d194ebfc2b2124b0c261e.jpg\" alt=\"\" width=\"1900\" height=\"1097\" srcset=\"https:\/\/ppdegalicia.com\/wp-content\/uploads\/2020\/11\/a16ebe7d840d194ebfc2b2124b0c261e.jpg 1900w, https:\/\/ppdegalicia.com\/wp-content\/uploads\/2020\/11\/a16ebe7d840d194ebfc2b2124b0c261e-300x173.jpg 300w, https:\/\/ppdegalicia.com\/wp-content\/uploads\/2020\/11\/a16ebe7d840d194ebfc2b2124b0c261e-1024x591.jpg 1024w, https:\/\/ppdegalicia.com\/wp-content\/uploads\/2020\/11\/a16ebe7d840d194ebfc2b2124b0c261e-768x443.jpg 768w, https:\/\/ppdegalicia.com\/wp-content\/uploads\/2020\/11\/a16ebe7d840d194ebfc2b2124b0c261e-1536x887.jpg 1536w\" sizes=\"(max-width: 1900px) 100vw, 1900px\" \/><\/p>\n<p>Santiago, 4 de novembro de 2020.- O Parlamento de Galicia aprobou hoxe a proposici\u00f3n non de lei do Grupo Popular a trav\u00e9s da que se solicita ao Ministerio do Interior que articule un concurso de m\u00e9ritos na Polic\u00eda Nacional que permita cubrir vacantes na Unidade de Polic\u00eda Adscrita para incrementar a 500 os seus efectivos, de xeito que esta Unidade poida cumprir coas funci\u00f3ns que actualmente est\u00e1 prestando.<\/p>\n<p><!--more--><\/p>\n<p>As\u00ed mesmo, p\u00eddese que nas pr\u00f3ximas convocatorias de novas prazas e de concurso de m\u00e9ritos se contemple a adscrici\u00f3n dun n\u00famero de prazas suficiente de axentes da Polic\u00eda Nacional, non inferior a 256, para atender as graves carencias de persoal que sofre Galicia.<\/p>\n<p>\u00a0<\/p>\n<p>A viceportavoz do Grupo Popular, Paula Prado, lembrou que a Unidade do Corpo Nacional de Polic\u00eda Adscrita \u00e1 Comunidade Aut\u00f3noma de Galicia foi crecendo na prestaci\u00f3n dos seus servizos desde a s\u00faa creaci\u00f3n en 1991 para dar resposta \u00e1 asunci\u00f3n paulatina de novas funci\u00f3ns e competencias pola Administraci\u00f3n galega. \u201cIsto supuxo en orixe unha descarga do traballo para os corpos de seguridade estatais, como nos casos de violencia de x\u00e9nero, traslado de menores, xogo, espect\u00e1culos, incendios forestais, patrimonio hist\u00f3rico, ordenaci\u00f3n do territorio, protecci\u00f3n de personalidades, seguridade de edificios p\u00fablicos auton\u00f3micos e outros cometidos\u201d, concretou.<\/p>\n<p>\u00a0<\/p>\n<p>Paula Prado sinalou que a dotaci\u00f3n inicial de efectivos desta unidade adscrita \u00e9 de 500 efectivos, pero lamentou que a finais do pasado ano contaba con s\u00f3 399 efectivos e a d\u00eda de hoxe esta cifra baixou a 389, \u201cunha situaci\u00f3n que se agravar\u00e1 coas xubilaci\u00f3ns previstas, que far\u00e1n descender este n\u00famero aos 385 a finais de 2020\u201d. Neste sentido, salientou que esta unidade policial acadou o seu m\u00e1ximo n\u00famero de efectivos en 2013 co Goberno de Mariano Rajoy: 474.<\/p>\n<p>\u00a0<\/p>\n<p>De acordo con estes datos, Paula Prado considerou \u201cunha proposta de incremento razoable chegar a alcanzar o 95 por cento dos efectivos da Unidade, \u00e9 dicir 475; conseguindo un nivel de cobertura similar ao do ano 2013\u201d. \u201cPara iso, e considerando que a cifra prevista de ocupaci\u00f3n a finais deste ano ser\u00e1 de 385 efectivos, requirir\u00edase un incremento duns 90 efectivos\u201d, concretou.<\/p>\n","protected":false},"excerpt":{"rendered":"<p>Santiago, 4 de novembro de 2020.- O Parlamento de Galicia aprobou hoxe a proposici\u00f3n non de lei do Grupo Popular a trav\u00e9s da que se solicita ao Ministerio do Interior que articule un concurso de m\u00e9ritos na Polic\u00eda Nacional que permita cubrir vacantes na Unidade de Polic\u00eda Adscrita para incrementar a 500 os seus efectivos, [&hellip;]<\/p>\n","protected":false},"author":40,"featured_media":54885,"comment_status":"open","ping_status":"open","sticky":false,"template":"","format":"standard","meta":{"_acf_changed":false,"footnotes":""},"categories":[1],"tags":[],"class_list":["post-54886","post","type-post","status-publish","format-standard","has-post-thumbnail","hentry","category-pp-de-galicia"],"acf":[],"yoast_head":"<!-- This site is optimized with the Yoast SEO plugin v27.3 - https:\/\/yoast.com\/product\/yoast-seo-wordpress\/ -->\n<title>O Parlamento galego demanda ao Ministerio do Interior cubrir as vacantes da Polic\u00eda Auton\u00f3mica - PP de Galicia<\/title>\n<meta name=\"robots\" content=\"index, follow, max-snippet:-1, max-image-preview:large, max-video-preview:-1\" \/>\n<link rel=\"canonical\" href=\"https:\/\/ppdegalicia.com\/es\/o-parlamento-galego-demanda-ao-ministerio-do-interior-cubrir-as-vacantes-da-policia-autonomica\/\" \/>\n<meta property=\"og:locale\" content=\"es_ES\" \/>\n<meta property=\"og:type\" content=\"article\" \/>\n<meta property=\"og:title\" content=\"O Parlamento galego demanda ao Ministerio do Interior cubrir as vacantes da Polic\u00eda Auton\u00f3mica - PP de Galicia\" \/>\n<meta property=\"og:description\" content=\"Santiago, 4 de novembro de 2020.- O Parlamento de Galicia aprobou hoxe a proposici\u00f3n non de lei do Grupo Popular a trav\u00e9s da que se solicita ao Ministerio do Interior que articule un concurso de m\u00e9ritos na Polic\u00eda Nacional que permita cubrir vacantes na Unidade de Polic\u00eda Adscrita para incrementar a 500 os seus efectivos, [&hellip;]\" \/>\n<meta property=\"og:url\" content=\"https:\/\/ppdegalicia.com\/es\/o-parlamento-galego-demanda-ao-ministerio-do-interior-cubrir-as-vacantes-da-policia-autonomica\/\" \/>\n<meta property=\"og:site_name\" content=\"PP de Galicia\" \/>\n<meta property=\"article:publisher\" content=\"https:\/\/www.instagram.com\/ppdegalicia\/\" \/>\n<meta property=\"article:published_time\" content=\"2020-11-04T17:27:17+00:00\" \/>\n<meta property=\"og:image\" content=\"https:\/\/ppdegalicia.com\/wp-content\/uploads\/2020\/11\/a16ebe7d840d194ebfc2b2124b0c261e.jpg\" \/>\n\t<meta property=\"og:image:width\" content=\"1900\" \/>\n\t<meta property=\"og:image:height\" content=\"1097\" \/>\n\t<meta property=\"og:image:type\" content=\"image\/jpeg\" \/>\n<meta name=\"author\" content=\"ppdegaliciaedtis\" \/>\n<meta name=\"twitter:card\" content=\"summary_large_image\" \/>\n<meta name=\"twitter:creator\" content=\"@ppdegalicia\" \/>\n<meta name=\"twitter:site\" content=\"@ppdegalicia\" \/>\n<meta name=\"twitter:label1\" content=\"Escrito por\" \/>\n\t<meta name=\"twitter:data1\" content=\"ppdegaliciaedtis\" \/>\n\t<meta name=\"twitter:label2\" content=\"Tiempo de lectura\" \/>\n\t<meta name=\"twitter:data2\" content=\"2 minutos\" \/>\n<script type=\"application\/ld+json\" class=\"yoast-schema-graph\">{\"@context\":\"https:\\\/\\\/schema.org\",\"@graph\":[{\"@type\":\"Article\",\"@id\":\"https:\\\/\\\/ppdegalicia.com\\\/es\\\/o-parlamento-galego-demanda-ao-ministerio-do-interior-cubrir-as-vacantes-da-policia-autonomica\\\/#article\",\"isPartOf\":{\"@id\":\"https:\\\/\\\/ppdegalicia.com\\\/es\\\/o-parlamento-galego-demanda-ao-ministerio-do-interior-cubrir-as-vacantes-da-policia-autonomica\\\/\"},\"author\":{\"name\":\"ppdegaliciaedtis\",\"@id\":\"https:\\\/\\\/ppdegalicia.com\\\/es\\\/#\\\/schema\\\/person\\\/bc9b46e59ebd34bf28611158c3867388\"},\"headline\":\"O Parlamento galego demanda ao Ministerio do Interior cubrir as vacantes da Polic\u00eda Auton\u00f3mica\",\"datePublished\":\"2020-11-04T17:27:17+00:00\",\"mainEntityOfPage\":{\"@id\":\"https:\\\/\\\/ppdegalicia.com\\\/es\\\/o-parlamento-galego-demanda-ao-ministerio-do-interior-cubrir-as-vacantes-da-policia-autonomica\\\/\"},\"wordCount\":380,\"commentCount\":0,\"publisher\":{\"@id\":\"https:\\\/\\\/ppdegalicia.com\\\/es\\\/#organization\"},\"image\":{\"@id\":\"https:\\\/\\\/ppdegalicia.com\\\/es\\\/o-parlamento-galego-demanda-ao-ministerio-do-interior-cubrir-as-vacantes-da-policia-autonomica\\\/#primaryimage\"},\"thumbnailUrl\":\"https:\\\/\\\/ppdegalicia.com\\\/wp-content\\\/uploads\\\/2020\\\/11\\\/a16ebe7d840d194ebfc2b2124b0c261e.jpg\",\"articleSection\":[\"PP de Galicia\"],\"inLanguage\":\"es\",\"potentialAction\":[{\"@type\":\"CommentAction\",\"name\":\"Comment\",\"target\":[\"https:\\\/\\\/ppdegalicia.com\\\/es\\\/o-parlamento-galego-demanda-ao-ministerio-do-interior-cubrir-as-vacantes-da-policia-autonomica\\\/#respond\"]}]},{\"@type\":\"WebPage\",\"@id\":\"https:\\\/\\\/ppdegalicia.com\\\/es\\\/o-parlamento-galego-demanda-ao-ministerio-do-interior-cubrir-as-vacantes-da-policia-autonomica\\\/\",\"url\":\"https:\\\/\\\/ppdegalicia.com\\\/es\\\/o-parlamento-galego-demanda-ao-ministerio-do-interior-cubrir-as-vacantes-da-policia-autonomica\\\/\",\"name\":\"O Parlamento galego demanda ao Ministerio do Interior cubrir as vacantes da Polic\u00eda Auton\u00f3mica - PP de Galicia\",\"isPartOf\":{\"@id\":\"https:\\\/\\\/ppdegalicia.com\\\/es\\\/#website\"},\"primaryImageOfPage\":{\"@id\":\"https:\\\/\\\/ppdegalicia.com\\\/es\\\/o-parlamento-galego-demanda-ao-ministerio-do-interior-cubrir-as-vacantes-da-policia-autonomica\\\/#primaryimage\"},\"image\":{\"@id\":\"https:\\\/\\\/ppdegalicia.com\\\/es\\\/o-parlamento-galego-demanda-ao-ministerio-do-interior-cubrir-as-vacantes-da-policia-autonomica\\\/#primaryimage\"},\"thumbnailUrl\":\"https:\\\/\\\/ppdegalicia.com\\\/wp-content\\\/uploads\\\/2020\\\/11\\\/a16ebe7d840d194ebfc2b2124b0c261e.jpg\",\"datePublished\":\"2020-11-04T17:27:17+00:00\",\"breadcrumb\":{\"@id\":\"https:\\\/\\\/ppdegalicia.com\\\/es\\\/o-parlamento-galego-demanda-ao-ministerio-do-interior-cubrir-as-vacantes-da-policia-autonomica\\\/#breadcrumb\"},\"inLanguage\":\"es\",\"potentialAction\":[{\"@type\":\"ReadAction\",\"target\":[\"https:\\\/\\\/ppdegalicia.com\\\/es\\\/o-parlamento-galego-demanda-ao-ministerio-do-interior-cubrir-as-vacantes-da-policia-autonomica\\\/\"]}]},{\"@type\":\"ImageObject\",\"inLanguage\":\"es\",\"@id\":\"https:\\\/\\\/ppdegalicia.com\\\/es\\\/o-parlamento-galego-demanda-ao-ministerio-do-interior-cubrir-as-vacantes-da-policia-autonomica\\\/#primaryimage\",\"url\":\"https:\\\/\\\/ppdegalicia.com\\\/wp-content\\\/uploads\\\/2020\\\/11\\\/a16ebe7d840d194ebfc2b2124b0c261e.jpg\",\"contentUrl\":\"https:\\\/\\\/ppdegalicia.com\\\/wp-content\\\/uploads\\\/2020\\\/11\\\/a16ebe7d840d194ebfc2b2124b0c261e.jpg\",\"width\":1900,\"height\":1097},{\"@type\":\"BreadcrumbList\",\"@id\":\"https:\\\/\\\/ppdegalicia.com\\\/es\\\/o-parlamento-galego-demanda-ao-ministerio-do-interior-cubrir-as-vacantes-da-policia-autonomica\\\/#breadcrumb\",\"itemListElement\":[{\"@type\":\"ListItem\",\"position\":1,\"name\":\"Portada\",\"item\":\"https:\\\/\\\/ppdegalicia.com\\\/es\\\/\"},{\"@type\":\"ListItem\",\"position\":2,\"name\":\"O Parlamento galego demanda ao Ministerio do Interior cubrir as vacantes da Polic\u00eda Auton\u00f3mica\"}]},{\"@type\":\"WebSite\",\"@id\":\"https:\\\/\\\/ppdegalicia.com\\\/es\\\/#website\",\"url\":\"https:\\\/\\\/ppdegalicia.com\\\/es\\\/\",\"name\":\"Partido Popular de Galicia\",\"description\":\"Partido Popular de Galicia\",\"publisher\":{\"@id\":\"https:\\\/\\\/ppdegalicia.com\\\/es\\\/#organization\"},\"alternateName\":\"PP de Galicia\",\"potentialAction\":[{\"@type\":\"SearchAction\",\"target\":{\"@type\":\"EntryPoint\",\"urlTemplate\":\"https:\\\/\\\/ppdegalicia.com\\\/es\\\/?s={search_term_string}\"},\"query-input\":{\"@type\":\"PropertyValueSpecification\",\"valueRequired\":true,\"valueName\":\"search_term_string\"}}],\"inLanguage\":\"es\"},{\"@type\":\"Organization\",\"@id\":\"https:\\\/\\\/ppdegalicia.com\\\/es\\\/#organization\",\"name\":\"Partido Popular de Galicia\",\"alternateName\":\"PP de Galicia\",\"url\":\"https:\\\/\\\/ppdegalicia.com\\\/es\\\/\",\"logo\":{\"@type\":\"ImageObject\",\"inLanguage\":\"es\",\"@id\":\"https:\\\/\\\/ppdegalicia.com\\\/es\\\/#\\\/schema\\\/logo\\\/image\\\/\",\"url\":\"https:\\\/\\\/ppdegalicia.com\\\/wp-content\\\/uploads\\\/2023\\\/04\\\/logoPP512.png\",\"contentUrl\":\"https:\\\/\\\/ppdegalicia.com\\\/wp-content\\\/uploads\\\/2023\\\/04\\\/logoPP512.png\",\"width\":512,\"height\":512,\"caption\":\"Partido Popular de Galicia\"},\"image\":{\"@id\":\"https:\\\/\\\/ppdegalicia.com\\\/es\\\/#\\\/schema\\\/logo\\\/image\\\/\"},\"sameAs\":[\"https:\\\/\\\/www.instagram.com\\\/ppdegalicia\\\/\",\"https:\\\/\\\/x.com\\\/ppdegalicia\",\"https:\\\/\\\/www.tiktok.com\\\/@ppdegalicia\",\"https:\\\/\\\/www.youtube.com\\\/user\\\/ppdegalicia\"]},{\"@type\":\"Person\",\"@id\":\"https:\\\/\\\/ppdegalicia.com\\\/es\\\/#\\\/schema\\\/person\\\/bc9b46e59ebd34bf28611158c3867388\",\"name\":\"ppdegaliciaedtis\",\"image\":{\"@type\":\"ImageObject\",\"inLanguage\":\"es\",\"@id\":\"https:\\\/\\\/secure.gravatar.com\\\/avatar\\\/f9f8cf6e03df54a1b0d04a6b4b8e8c6bd63c10a439752e84d87a5385aefe2ced?s=96&d=mm&r=g\",\"url\":\"https:\\\/\\\/secure.gravatar.com\\\/avatar\\\/f9f8cf6e03df54a1b0d04a6b4b8e8c6bd63c10a439752e84d87a5385aefe2ced?s=96&d=mm&r=g\",\"contentUrl\":\"https:\\\/\\\/secure.gravatar.com\\\/avatar\\\/f9f8cf6e03df54a1b0d04a6b4b8e8c6bd63c10a439752e84d87a5385aefe2ced?s=96&d=mm&r=g\",\"caption\":\"ppdegaliciaedtis\"},\"url\":\"https:\\\/\\\/ppdegalicia.com\\\/es\\\/author\\\/ppdegaliciaedits\\\/\"}]}<\/script>\n<!-- \/ Yoast SEO plugin. -->","yoast_head_json":{"title":"O Parlamento galego demanda ao Ministerio do Interior cubrir as vacantes da Polic\u00eda Auton\u00f3mica - PP de Galicia","robots":{"index":"index","follow":"follow","max-snippet":"max-snippet:-1","max-image-preview":"max-image-preview:large","max-video-preview":"max-video-preview:-1"},"canonical":"https:\/\/ppdegalicia.com\/es\/o-parlamento-galego-demanda-ao-ministerio-do-interior-cubrir-as-vacantes-da-policia-autonomica\/","og_locale":"es_ES","og_type":"article","og_title":"O Parlamento galego demanda ao Ministerio do Interior cubrir as vacantes da Polic\u00eda Auton\u00f3mica - PP de Galicia","og_description":"Santiago, 4 de novembro de 2020.- O Parlamento de Galicia aprobou hoxe a proposici\u00f3n non de lei do Grupo Popular a trav\u00e9s da que se solicita ao Ministerio do Interior que articule un concurso de m\u00e9ritos na Polic\u00eda Nacional que permita cubrir vacantes na Unidade de Polic\u00eda Adscrita para incrementar a 500 os seus efectivos, [&hellip;]","og_url":"https:\/\/ppdegalicia.com\/es\/o-parlamento-galego-demanda-ao-ministerio-do-interior-cubrir-as-vacantes-da-policia-autonomica\/","og_site_name":"PP de Galicia","article_publisher":"https:\/\/www.instagram.com\/ppdegalicia\/","article_published_time":"2020-11-04T17:27:17+00:00","og_image":[{"width":1900,"height":1097,"url":"https:\/\/ppdegalicia.com\/wp-content\/uploads\/2020\/11\/a16ebe7d840d194ebfc2b2124b0c261e.jpg","type":"image\/jpeg"}],"author":"ppdegaliciaedtis","twitter_card":"summary_large_image","twitter_creator":"@ppdegalicia","twitter_site":"@ppdegalicia","twitter_misc":{"Escrito por":"ppdegaliciaedtis","Tiempo de lectura":"2 minutos"},"schema":{"@context":"https:\/\/schema.org","@graph":[{"@type":"Article","@id":"https:\/\/ppdegalicia.com\/es\/o-parlamento-galego-demanda-ao-ministerio-do-interior-cubrir-as-vacantes-da-policia-autonomica\/#article","isPartOf":{"@id":"https:\/\/ppdegalicia.com\/es\/o-parlamento-galego-demanda-ao-ministerio-do-interior-cubrir-as-vacantes-da-policia-autonomica\/"},"author":{"name":"ppdegaliciaedtis","@id":"https:\/\/ppdegalicia.com\/es\/#\/schema\/person\/bc9b46e59ebd34bf28611158c3867388"},"headline":"O Parlamento galego demanda ao Ministerio do Interior cubrir as vacantes da Polic\u00eda Auton\u00f3mica","datePublished":"2020-11-04T17:27:17+00:00","mainEntityOfPage":{"@id":"https:\/\/ppdegalicia.com\/es\/o-parlamento-galego-demanda-ao-ministerio-do-interior-cubrir-as-vacantes-da-policia-autonomica\/"},"wordCount":380,"commentCount":0,"publisher":{"@id":"https:\/\/ppdegalicia.com\/es\/#organization"},"image":{"@id":"https:\/\/ppdegalicia.com\/es\/o-parlamento-galego-demanda-ao-ministerio-do-interior-cubrir-as-vacantes-da-policia-autonomica\/#primaryimage"},"thumbnailUrl":"https:\/\/ppdegalicia.com\/wp-content\/uploads\/2020\/11\/a16ebe7d840d194ebfc2b2124b0c261e.jpg","articleSection":["PP de Galicia"],"inLanguage":"es","potentialAction":[{"@type":"CommentAction","name":"Comment","target":["https:\/\/ppdegalicia.com\/es\/o-parlamento-galego-demanda-ao-ministerio-do-interior-cubrir-as-vacantes-da-policia-autonomica\/#respond"]}]},{"@type":"WebPage","@id":"https:\/\/ppdegalicia.com\/es\/o-parlamento-galego-demanda-ao-ministerio-do-interior-cubrir-as-vacantes-da-policia-autonomica\/","url":"https:\/\/ppdegalicia.com\/es\/o-parlamento-galego-demanda-ao-ministerio-do-interior-cubrir-as-vacantes-da-policia-autonomica\/","name":"O Parlamento galego demanda ao Ministerio do Interior cubrir as vacantes da Polic\u00eda Auton\u00f3mica - PP de Galicia","isPartOf":{"@id":"https:\/\/ppdegalicia.com\/es\/#website"},"primaryImageOfPage":{"@id":"https:\/\/ppdegalicia.com\/es\/o-parlamento-galego-demanda-ao-ministerio-do-interior-cubrir-as-vacantes-da-policia-autonomica\/#primaryimage"},"image":{"@id":"https:\/\/ppdegalicia.com\/es\/o-parlamento-galego-demanda-ao-ministerio-do-interior-cubrir-as-vacantes-da-policia-autonomica\/#primaryimage"},"thumbnailUrl":"https:\/\/ppdegalicia.com\/wp-content\/uploads\/2020\/11\/a16ebe7d840d194ebfc2b2124b0c261e.jpg","datePublished":"2020-11-04T17:27:17+00:00","breadcrumb":{"@id":"https:\/\/ppdegalicia.com\/es\/o-parlamento-galego-demanda-ao-ministerio-do-interior-cubrir-as-vacantes-da-policia-autonomica\/#breadcrumb"},"inLanguage":"es","potentialAction":[{"@type":"ReadAction","target":["https:\/\/ppdegalicia.com\/es\/o-parlamento-galego-demanda-ao-ministerio-do-interior-cubrir-as-vacantes-da-policia-autonomica\/"]}]},{"@type":"ImageObject","inLanguage":"es","@id":"https:\/\/ppdegalicia.com\/es\/o-parlamento-galego-demanda-ao-ministerio-do-interior-cubrir-as-vacantes-da-policia-autonomica\/#primaryimage","url":"https:\/\/ppdegalicia.com\/wp-content\/uploads\/2020\/11\/a16ebe7d840d194ebfc2b2124b0c261e.jpg","contentUrl":"https:\/\/ppdegalicia.com\/wp-content\/uploads\/2020\/11\/a16ebe7d840d194ebfc2b2124b0c261e.jpg","width":1900,"height":1097},{"@type":"BreadcrumbList","@id":"https:\/\/ppdegalicia.com\/es\/o-parlamento-galego-demanda-ao-ministerio-do-interior-cubrir-as-vacantes-da-policia-autonomica\/#breadcrumb","itemListElement":[{"@type":"ListItem","position":1,"name":"Portada","item":"https:\/\/ppdegalicia.com\/es\/"},{"@type":"ListItem","position":2,"name":"O Parlamento galego demanda ao Ministerio do Interior cubrir as vacantes da Polic\u00eda Auton\u00f3mica"}]},{"@type":"WebSite","@id":"https:\/\/ppdegalicia.com\/es\/#website","url":"https:\/\/ppdegalicia.com\/es\/","name":"Partido Popular de Galicia","description":"Partido Popular de Galicia","publisher":{"@id":"https:\/\/ppdegalicia.com\/es\/#organization"},"alternateName":"PP de Galicia","potentialAction":[{"@type":"SearchAction","target":{"@type":"EntryPoint","urlTemplate":"https:\/\/ppdegalicia.com\/es\/?s={search_term_string}"},"query-input":{"@type":"PropertyValueSpecification","valueRequired":true,"valueName":"search_term_string"}}],"inLanguage":"es"},{"@type":"Organization","@id":"https:\/\/ppdegalicia.com\/es\/#organization","name":"Partido Popular de Galicia","alternateName":"PP de Galicia","url":"https:\/\/ppdegalicia.com\/es\/","logo":{"@type":"ImageObject","inLanguage":"es","@id":"https:\/\/ppdegalicia.com\/es\/#\/schema\/logo\/image\/","url":"https:\/\/ppdegalicia.com\/wp-content\/uploads\/2023\/04\/logoPP512.png","contentUrl":"https:\/\/ppdegalicia.com\/wp-content\/uploads\/2023\/04\/logoPP512.png","width":512,"height":512,"caption":"Partido Popular de Galicia"},"image":{"@id":"https:\/\/ppdegalicia.com\/es\/#\/schema\/logo\/image\/"},"sameAs":["https:\/\/www.instagram.com\/ppdegalicia\/","https:\/\/x.com\/ppdegalicia","https:\/\/www.tiktok.com\/@ppdegalicia","https:\/\/www.youtube.com\/user\/ppdegalicia"]},{"@type":"Person","@id":"https:\/\/ppdegalicia.com\/es\/#\/schema\/person\/bc9b46e59ebd34bf28611158c3867388","name":"ppdegaliciaedtis","image":{"@type":"ImageObject","inLanguage":"es","@id":"https:\/\/secure.gravatar.com\/avatar\/f9f8cf6e03df54a1b0d04a6b4b8e8c6bd63c10a439752e84d87a5385aefe2ced?s=96&d=mm&r=g","url":"https:\/\/secure.gravatar.com\/avatar\/f9f8cf6e03df54a1b0d04a6b4b8e8c6bd63c10a439752e84d87a5385aefe2ced?s=96&d=mm&r=g","contentUrl":"https:\/\/secure.gravatar.com\/avatar\/f9f8cf6e03df54a1b0d04a6b4b8e8c6bd63c10a439752e84d87a5385aefe2ced?s=96&d=mm&r=g","caption":"ppdegaliciaedtis"},"url":"https:\/\/ppdegalicia.com\/es\/author\/ppdegaliciaedits\/"}]}},"_links":{"self":[{"href":"https:\/\/ppdegalicia.com\/es\/wp-json\/wp\/v2\/posts\/54886","targetHints":{"allow":["GET"]}}],"collection":[{"href":"https:\/\/ppdegalicia.com\/es\/wp-json\/wp\/v2\/posts"}],"about":[{"href":"https:\/\/ppdegalicia.com\/es\/wp-json\/wp\/v2\/types\/post"}],"author":[{"embeddable":true,"href":"https:\/\/ppdegalicia.com\/es\/wp-json\/wp\/v2\/users\/40"}],"replies":[{"embeddable":true,"href":"https:\/\/ppdegalicia.com\/es\/wp-json\/wp\/v2\/comments?post=54886"}],"version-history":[{"count":0,"href":"https:\/\/ppdegalicia.com\/es\/wp-json\/wp\/v2\/posts\/54886\/revisions"}],"wp:featuredmedia":[{"embeddable":true,"href":"https:\/\/ppdegalicia.com\/es\/wp-json\/wp\/v2\/media\/54885"}],"wp:attachment":[{"href":"https:\/\/ppdegalicia.com\/es\/wp-json\/wp\/v2\/media?parent=54886"}],"wp:term":[{"taxonomy":"category","embeddable":true,"href":"https:\/\/ppdegalicia.com\/es\/wp-json\/wp\/v2\/categories?post=54886"},{"taxonomy":"post_tag","embeddable":true,"href":"https:\/\/ppdegalicia.com\/es\/wp-json\/wp\/v2\/tags?post=54886"}],"curies":[{"name":"wp","href":"https:\/\/api.w.org\/{rel}","templated":true}]}}