{"id":54888,"date":"2020-11-04T19:35:02","date_gmt":"2020-11-04T17:35:02","guid":{"rendered":"https:\/\/ppdegalicia.com\/o-parlamento-demanda-ao-goberno-central-a-mellora-do-marco-normativo-que-regula-a-okupacion-de-inmobles\/"},"modified":"2020-11-04T19:35:02","modified_gmt":"2020-11-04T17:35:02","slug":"o-parlamento-demanda-ao-goberno-central-a-mellora-do-marco-normativo-que-regula-a-okupacion-de-inmobles","status":"publish","type":"post","link":"https:\/\/ppdegalicia.com\/es\/o-parlamento-demanda-ao-goberno-central-a-mellora-do-marco-normativo-que-regula-a-okupacion-de-inmobles\/","title":{"rendered":"O Parlamento demanda ao Goberno central a mellora do marco normativo que regula a okupaci\u00f3n de inmobles"},"content":{"rendered":"<p><img fetchpriority=\"high\" decoding=\"async\" class=\" size-full wp-image-54887\" src=\"https:\/\/ppdegalicia.com\/wp-content\/uploads\/2020\/11\/c281553e4d1bbb04d5c813429d4fa449.jpg\" alt=\"\" width=\"1900\" height=\"1084\" srcset=\"https:\/\/ppdegalicia.com\/wp-content\/uploads\/2020\/11\/c281553e4d1bbb04d5c813429d4fa449.jpg 1900w, https:\/\/ppdegalicia.com\/wp-content\/uploads\/2020\/11\/c281553e4d1bbb04d5c813429d4fa449-300x171.jpg 300w, https:\/\/ppdegalicia.com\/wp-content\/uploads\/2020\/11\/c281553e4d1bbb04d5c813429d4fa449-1024x584.jpg 1024w, https:\/\/ppdegalicia.com\/wp-content\/uploads\/2020\/11\/c281553e4d1bbb04d5c813429d4fa449-768x438.jpg 768w, https:\/\/ppdegalicia.com\/wp-content\/uploads\/2020\/11\/c281553e4d1bbb04d5c813429d4fa449-1536x876.jpg 1536w\" sizes=\"(max-width: 1900px) 100vw, 1900px\" \/><\/p>\n<p>Santiago, 4 de novembro de 2020.- O Parlamento de Galicia amosou hoxe, a trav\u00e9s dunha proposici\u00f3n non de lei que s\u00f3 contou co voto favorable do Grupo Popular, o seu firme compromiso co Estado de Dereito e coa defensa da propiedade privada como dereito fundamental recollido no artigo 33 da Constituci\u00f3n.<\/p>\n<p><!--more--><\/p>\n<p>Ademais, dem\u00e1ndase ao Estado que inicie os tr\u00e1mites para mellorar o marco normativo que regula o dereito de usurpaci\u00f3n de inmobles, a trav\u00e9s da modificaci\u00f3n do C\u00f3digo Penal, a previsi\u00f3n de xu\u00edzos r\u00e1pidos que axilicen os litixios derivados da ocupaci\u00f3n ilegal de inmobles en menos de 48 horas, establecer a prohibici\u00f3n de que as persoas que ocupen ilegalmente un inmoble podan empadroarse no mesmo ou facilitar o desaloxo de inmobles en menos de 12 horas desde que se te\u00f1a denunciada a okupaci\u00f3n ilegal dunha vivenda.<\/p>\n<p>\u00a0<\/p>\n<p>A viceportavoz popular, Paula Prado, lamentou que \u201ccada vez son m\u00e1is o n\u00famero de cidad\u00e1ns que son v\u00edtimas dun delito de usurpaci\u00f3n de vivendas, por unha banda, os que sofren as persoas que se ven privadas ilegalmente do goce da s\u00faa propiedade privada e, por outra, as persoas que residen nos inmobles onde se producen ocupaci\u00f3ns ilegais de vivendas, e mesmo en r\u00faas e barrios enteiros, que se converten en focos de delincuencia producindo un forte quebranto da convivencia veci\u00f1al\u201d.<\/p>\n<p>Neste sentido, enmarcou esta proposici\u00f3n en tres \u00e1mbitos: na protecci\u00f3n absoluta do dereito fundamental e constitucional \u00e1 propiedade privada; na problem\u00e1tica que xera a okupaci\u00f3n ilegal, adem\u00e1is de ao lex\u00edtimo propietario, aos veci\u00f1os e veci\u00f1as dun edificio ou dun barrio no que hai vivendas okupadas, xerando conflitos de convivencia e inseguridade nas persoas e nas cousas; e na existencia de recursos sociais aos que poden acceder as persoas vulnerables que garante o acceso a unha vivenda a persoas en risco de exclusi\u00f3n social.<\/p>\n<p>Na s\u00faa intervenci\u00f3n, Paula Prado referiuse \u00e1 Memoria da Fiscal\u00eda de 2019, recentemente debatida no Parlamento galego, na que se recolle que durante o pasado ano se rexistraron 400 novos casos de allanamentos de morada e usurpaci\u00f3n de bens inmobles, o que representa un 38 por cento m\u00e1is que en 2018. Esta situaci\u00f3n, segundo indicou o propio fiscal, ten xerado \u201cunha sensaci\u00f3n de impunidade que \u00e9 necesario atallar dende o punto de vista legal\u201d, trasladando ao Parlamento o compromiso do Ministerio P\u00fablico en Galicia de proceder \u201ccon determinaci\u00f3n\u201d ante este tipo de casos.<\/p>\n<p>\u201cDesde o Grupo Popular pedimos firmeza, contundencia e urxencia nos procedementos contra a okupaci\u00f3n e que os lex\u00edtimos propietarios recuperen a s\u00faa vivenda o antes posible\u201d, manifestou a viceportavoz popular, para o que considera necesario dotar ao sistema de ferramentas normativas que melloren a actuaci\u00f3n contra a okupaci\u00f3n. <\/p>\n","protected":false},"excerpt":{"rendered":"<p>Santiago, 4 de novembro de 2020.- O Parlamento de Galicia amosou hoxe, a trav\u00e9s dunha proposici\u00f3n non de lei que s\u00f3 contou co voto favorable do Grupo Popular, o seu firme compromiso co Estado de Dereito e coa defensa da propiedade privada como dereito fundamental recollido no artigo 33 da Constituci\u00f3n.<\/p>\n","protected":false},"author":40,"featured_media":54887,"comment_status":"open","ping_status":"open","sticky":false,"template":"","format":"standard","meta":{"_acf_changed":false,"footnotes":""},"categories":[1],"tags":[],"class_list":["post-54888","post","type-post","status-publish","format-standard","has-post-thumbnail","hentry","category-pp-de-galicia"],"acf":[],"yoast_head":"<!-- This site is optimized with the Yoast SEO plugin v27.3 - https:\/\/yoast.com\/product\/yoast-seo-wordpress\/ -->\n<title>O Parlamento demanda ao Goberno central a mellora do marco normativo que regula a okupaci\u00f3n de inmobles - PP de Galicia<\/title>\n<meta name=\"robots\" content=\"index, follow, max-snippet:-1, max-image-preview:large, max-video-preview:-1\" \/>\n<link rel=\"canonical\" href=\"https:\/\/ppdegalicia.com\/es\/o-parlamento-demanda-ao-goberno-central-a-mellora-do-marco-normativo-que-regula-a-okupacion-de-inmobles\/\" \/>\n<meta property=\"og:locale\" content=\"es_ES\" \/>\n<meta property=\"og:type\" content=\"article\" \/>\n<meta property=\"og:title\" content=\"O Parlamento demanda ao Goberno central a mellora do marco normativo que regula a okupaci\u00f3n de inmobles - PP de Galicia\" \/>\n<meta property=\"og:description\" content=\"Santiago, 4 de novembro de 2020.- O Parlamento de Galicia amosou hoxe, a trav\u00e9s dunha proposici\u00f3n non de lei que s\u00f3 contou co voto favorable do Grupo Popular, o seu firme compromiso co Estado de Dereito e coa defensa da propiedade privada como dereito fundamental recollido no artigo 33 da Constituci\u00f3n.\" \/>\n<meta property=\"og:url\" content=\"https:\/\/ppdegalicia.com\/es\/o-parlamento-demanda-ao-goberno-central-a-mellora-do-marco-normativo-que-regula-a-okupacion-de-inmobles\/\" \/>\n<meta property=\"og:site_name\" content=\"PP de Galicia\" \/>\n<meta property=\"article:publisher\" content=\"https:\/\/www.instagram.com\/ppdegalicia\/\" \/>\n<meta property=\"article:published_time\" content=\"2020-11-04T17:35:02+00:00\" \/>\n<meta property=\"og:image\" content=\"https:\/\/ppdegalicia.com\/wp-content\/uploads\/2020\/11\/c281553e4d1bbb04d5c813429d4fa449.jpg\" \/>\n\t<meta property=\"og:image:width\" content=\"1900\" \/>\n\t<meta property=\"og:image:height\" content=\"1084\" \/>\n\t<meta property=\"og:image:type\" content=\"image\/jpeg\" \/>\n<meta name=\"author\" content=\"ppdegaliciaedtis\" \/>\n<meta name=\"twitter:card\" content=\"summary_large_image\" \/>\n<meta name=\"twitter:creator\" content=\"@ppdegalicia\" \/>\n<meta name=\"twitter:site\" content=\"@ppdegalicia\" \/>\n<meta name=\"twitter:label1\" content=\"Escrito por\" \/>\n\t<meta name=\"twitter:data1\" content=\"ppdegaliciaedtis\" \/>\n\t<meta name=\"twitter:label2\" content=\"Tiempo de lectura\" \/>\n\t<meta name=\"twitter:data2\" content=\"2 minutos\" \/>\n<script type=\"application\/ld+json\" class=\"yoast-schema-graph\">{\"@context\":\"https:\\\/\\\/schema.org\",\"@graph\":[{\"@type\":\"Article\",\"@id\":\"https:\\\/\\\/ppdegalicia.com\\\/es\\\/o-parlamento-demanda-ao-goberno-central-a-mellora-do-marco-normativo-que-regula-a-okupacion-de-inmobles\\\/#article\",\"isPartOf\":{\"@id\":\"https:\\\/\\\/ppdegalicia.com\\\/es\\\/o-parlamento-demanda-ao-goberno-central-a-mellora-do-marco-normativo-que-regula-a-okupacion-de-inmobles\\\/\"},\"author\":{\"name\":\"ppdegaliciaedtis\",\"@id\":\"https:\\\/\\\/ppdegalicia.com\\\/es\\\/#\\\/schema\\\/person\\\/bc9b46e59ebd34bf28611158c3867388\"},\"headline\":\"O Parlamento demanda ao Goberno central a mellora do marco normativo que regula a okupaci\u00f3n de inmobles\",\"datePublished\":\"2020-11-04T17:35:02+00:00\",\"mainEntityOfPage\":{\"@id\":\"https:\\\/\\\/ppdegalicia.com\\\/es\\\/o-parlamento-demanda-ao-goberno-central-a-mellora-do-marco-normativo-que-regula-a-okupacion-de-inmobles\\\/\"},\"wordCount\":495,\"commentCount\":0,\"publisher\":{\"@id\":\"https:\\\/\\\/ppdegalicia.com\\\/es\\\/#organization\"},\"image\":{\"@id\":\"https:\\\/\\\/ppdegalicia.com\\\/es\\\/o-parlamento-demanda-ao-goberno-central-a-mellora-do-marco-normativo-que-regula-a-okupacion-de-inmobles\\\/#primaryimage\"},\"thumbnailUrl\":\"https:\\\/\\\/ppdegalicia.com\\\/wp-content\\\/uploads\\\/2020\\\/11\\\/c281553e4d1bbb04d5c813429d4fa449.jpg\",\"articleSection\":[\"PP de Galicia\"],\"inLanguage\":\"es\",\"potentialAction\":[{\"@type\":\"CommentAction\",\"name\":\"Comment\",\"target\":[\"https:\\\/\\\/ppdegalicia.com\\\/es\\\/o-parlamento-demanda-ao-goberno-central-a-mellora-do-marco-normativo-que-regula-a-okupacion-de-inmobles\\\/#respond\"]}]},{\"@type\":\"WebPage\",\"@id\":\"https:\\\/\\\/ppdegalicia.com\\\/es\\\/o-parlamento-demanda-ao-goberno-central-a-mellora-do-marco-normativo-que-regula-a-okupacion-de-inmobles\\\/\",\"url\":\"https:\\\/\\\/ppdegalicia.com\\\/es\\\/o-parlamento-demanda-ao-goberno-central-a-mellora-do-marco-normativo-que-regula-a-okupacion-de-inmobles\\\/\",\"name\":\"O Parlamento demanda ao Goberno central a mellora do marco normativo que regula a okupaci\u00f3n de inmobles - PP de Galicia\",\"isPartOf\":{\"@id\":\"https:\\\/\\\/ppdegalicia.com\\\/es\\\/#website\"},\"primaryImageOfPage\":{\"@id\":\"https:\\\/\\\/ppdegalicia.com\\\/es\\\/o-parlamento-demanda-ao-goberno-central-a-mellora-do-marco-normativo-que-regula-a-okupacion-de-inmobles\\\/#primaryimage\"},\"image\":{\"@id\":\"https:\\\/\\\/ppdegalicia.com\\\/es\\\/o-parlamento-demanda-ao-goberno-central-a-mellora-do-marco-normativo-que-regula-a-okupacion-de-inmobles\\\/#primaryimage\"},\"thumbnailUrl\":\"https:\\\/\\\/ppdegalicia.com\\\/wp-content\\\/uploads\\\/2020\\\/11\\\/c281553e4d1bbb04d5c813429d4fa449.jpg\",\"datePublished\":\"2020-11-04T17:35:02+00:00\",\"breadcrumb\":{\"@id\":\"https:\\\/\\\/ppdegalicia.com\\\/es\\\/o-parlamento-demanda-ao-goberno-central-a-mellora-do-marco-normativo-que-regula-a-okupacion-de-inmobles\\\/#breadcrumb\"},\"inLanguage\":\"es\",\"potentialAction\":[{\"@type\":\"ReadAction\",\"target\":[\"https:\\\/\\\/ppdegalicia.com\\\/es\\\/o-parlamento-demanda-ao-goberno-central-a-mellora-do-marco-normativo-que-regula-a-okupacion-de-inmobles\\\/\"]}]},{\"@type\":\"ImageObject\",\"inLanguage\":\"es\",\"@id\":\"https:\\\/\\\/ppdegalicia.com\\\/es\\\/o-parlamento-demanda-ao-goberno-central-a-mellora-do-marco-normativo-que-regula-a-okupacion-de-inmobles\\\/#primaryimage\",\"url\":\"https:\\\/\\\/ppdegalicia.com\\\/wp-content\\\/uploads\\\/2020\\\/11\\\/c281553e4d1bbb04d5c813429d4fa449.jpg\",\"contentUrl\":\"https:\\\/\\\/ppdegalicia.com\\\/wp-content\\\/uploads\\\/2020\\\/11\\\/c281553e4d1bbb04d5c813429d4fa449.jpg\",\"width\":1900,\"height\":1084},{\"@type\":\"BreadcrumbList\",\"@id\":\"https:\\\/\\\/ppdegalicia.com\\\/es\\\/o-parlamento-demanda-ao-goberno-central-a-mellora-do-marco-normativo-que-regula-a-okupacion-de-inmobles\\\/#breadcrumb\",\"itemListElement\":[{\"@type\":\"ListItem\",\"position\":1,\"name\":\"Portada\",\"item\":\"https:\\\/\\\/ppdegalicia.com\\\/es\\\/\"},{\"@type\":\"ListItem\",\"position\":2,\"name\":\"O Parlamento demanda ao Goberno central a mellora do marco normativo que regula a okupaci\u00f3n de inmobles\"}]},{\"@type\":\"WebSite\",\"@id\":\"https:\\\/\\\/ppdegalicia.com\\\/es\\\/#website\",\"url\":\"https:\\\/\\\/ppdegalicia.com\\\/es\\\/\",\"name\":\"Partido Popular de Galicia\",\"description\":\"Partido Popular de Galicia\",\"publisher\":{\"@id\":\"https:\\\/\\\/ppdegalicia.com\\\/es\\\/#organization\"},\"alternateName\":\"PP de Galicia\",\"potentialAction\":[{\"@type\":\"SearchAction\",\"target\":{\"@type\":\"EntryPoint\",\"urlTemplate\":\"https:\\\/\\\/ppdegalicia.com\\\/es\\\/?s={search_term_string}\"},\"query-input\":{\"@type\":\"PropertyValueSpecification\",\"valueRequired\":true,\"valueName\":\"search_term_string\"}}],\"inLanguage\":\"es\"},{\"@type\":\"Organization\",\"@id\":\"https:\\\/\\\/ppdegalicia.com\\\/es\\\/#organization\",\"name\":\"Partido Popular de Galicia\",\"alternateName\":\"PP de Galicia\",\"url\":\"https:\\\/\\\/ppdegalicia.com\\\/es\\\/\",\"logo\":{\"@type\":\"ImageObject\",\"inLanguage\":\"es\",\"@id\":\"https:\\\/\\\/ppdegalicia.com\\\/es\\\/#\\\/schema\\\/logo\\\/image\\\/\",\"url\":\"https:\\\/\\\/ppdegalicia.com\\\/wp-content\\\/uploads\\\/2023\\\/04\\\/logoPP512.png\",\"contentUrl\":\"https:\\\/\\\/ppdegalicia.com\\\/wp-content\\\/uploads\\\/2023\\\/04\\\/logoPP512.png\",\"width\":512,\"height\":512,\"caption\":\"Partido Popular de Galicia\"},\"image\":{\"@id\":\"https:\\\/\\\/ppdegalicia.com\\\/es\\\/#\\\/schema\\\/logo\\\/image\\\/\"},\"sameAs\":[\"https:\\\/\\\/www.instagram.com\\\/ppdegalicia\\\/\",\"https:\\\/\\\/x.com\\\/ppdegalicia\",\"https:\\\/\\\/www.tiktok.com\\\/@ppdegalicia\",\"https:\\\/\\\/www.youtube.com\\\/user\\\/ppdegalicia\"]},{\"@type\":\"Person\",\"@id\":\"https:\\\/\\\/ppdegalicia.com\\\/es\\\/#\\\/schema\\\/person\\\/bc9b46e59ebd34bf28611158c3867388\",\"name\":\"ppdegaliciaedtis\",\"image\":{\"@type\":\"ImageObject\",\"inLanguage\":\"es\",\"@id\":\"https:\\\/\\\/secure.gravatar.com\\\/avatar\\\/f9f8cf6e03df54a1b0d04a6b4b8e8c6bd63c10a439752e84d87a5385aefe2ced?s=96&d=mm&r=g\",\"url\":\"https:\\\/\\\/secure.gravatar.com\\\/avatar\\\/f9f8cf6e03df54a1b0d04a6b4b8e8c6bd63c10a439752e84d87a5385aefe2ced?s=96&d=mm&r=g\",\"contentUrl\":\"https:\\\/\\\/secure.gravatar.com\\\/avatar\\\/f9f8cf6e03df54a1b0d04a6b4b8e8c6bd63c10a439752e84d87a5385aefe2ced?s=96&d=mm&r=g\",\"caption\":\"ppdegaliciaedtis\"},\"url\":\"https:\\\/\\\/ppdegalicia.com\\\/es\\\/author\\\/ppdegaliciaedits\\\/\"}]}<\/script>\n<!-- \/ Yoast SEO plugin. -->","yoast_head_json":{"title":"O Parlamento demanda ao Goberno central a mellora do marco normativo que regula a okupaci\u00f3n de inmobles - PP de Galicia","robots":{"index":"index","follow":"follow","max-snippet":"max-snippet:-1","max-image-preview":"max-image-preview:large","max-video-preview":"max-video-preview:-1"},"canonical":"https:\/\/ppdegalicia.com\/es\/o-parlamento-demanda-ao-goberno-central-a-mellora-do-marco-normativo-que-regula-a-okupacion-de-inmobles\/","og_locale":"es_ES","og_type":"article","og_title":"O Parlamento demanda ao Goberno central a mellora do marco normativo que regula a okupaci\u00f3n de inmobles - PP de Galicia","og_description":"Santiago, 4 de novembro de 2020.- O Parlamento de Galicia amosou hoxe, a trav\u00e9s dunha proposici\u00f3n non de lei que s\u00f3 contou co voto favorable do Grupo Popular, o seu firme compromiso co Estado de Dereito e coa defensa da propiedade privada como dereito fundamental recollido no artigo 33 da Constituci\u00f3n.","og_url":"https:\/\/ppdegalicia.com\/es\/o-parlamento-demanda-ao-goberno-central-a-mellora-do-marco-normativo-que-regula-a-okupacion-de-inmobles\/","og_site_name":"PP de Galicia","article_publisher":"https:\/\/www.instagram.com\/ppdegalicia\/","article_published_time":"2020-11-04T17:35:02+00:00","og_image":[{"width":1900,"height":1084,"url":"https:\/\/ppdegalicia.com\/wp-content\/uploads\/2020\/11\/c281553e4d1bbb04d5c813429d4fa449.jpg","type":"image\/jpeg"}],"author":"ppdegaliciaedtis","twitter_card":"summary_large_image","twitter_creator":"@ppdegalicia","twitter_site":"@ppdegalicia","twitter_misc":{"Escrito por":"ppdegaliciaedtis","Tiempo de lectura":"2 minutos"},"schema":{"@context":"https:\/\/schema.org","@graph":[{"@type":"Article","@id":"https:\/\/ppdegalicia.com\/es\/o-parlamento-demanda-ao-goberno-central-a-mellora-do-marco-normativo-que-regula-a-okupacion-de-inmobles\/#article","isPartOf":{"@id":"https:\/\/ppdegalicia.com\/es\/o-parlamento-demanda-ao-goberno-central-a-mellora-do-marco-normativo-que-regula-a-okupacion-de-inmobles\/"},"author":{"name":"ppdegaliciaedtis","@id":"https:\/\/ppdegalicia.com\/es\/#\/schema\/person\/bc9b46e59ebd34bf28611158c3867388"},"headline":"O Parlamento demanda ao Goberno central a mellora do marco normativo que regula a okupaci\u00f3n de inmobles","datePublished":"2020-11-04T17:35:02+00:00","mainEntityOfPage":{"@id":"https:\/\/ppdegalicia.com\/es\/o-parlamento-demanda-ao-goberno-central-a-mellora-do-marco-normativo-que-regula-a-okupacion-de-inmobles\/"},"wordCount":495,"commentCount":0,"publisher":{"@id":"https:\/\/ppdegalicia.com\/es\/#organization"},"image":{"@id":"https:\/\/ppdegalicia.com\/es\/o-parlamento-demanda-ao-goberno-central-a-mellora-do-marco-normativo-que-regula-a-okupacion-de-inmobles\/#primaryimage"},"thumbnailUrl":"https:\/\/ppdegalicia.com\/wp-content\/uploads\/2020\/11\/c281553e4d1bbb04d5c813429d4fa449.jpg","articleSection":["PP de Galicia"],"inLanguage":"es","potentialAction":[{"@type":"CommentAction","name":"Comment","target":["https:\/\/ppdegalicia.com\/es\/o-parlamento-demanda-ao-goberno-central-a-mellora-do-marco-normativo-que-regula-a-okupacion-de-inmobles\/#respond"]}]},{"@type":"WebPage","@id":"https:\/\/ppdegalicia.com\/es\/o-parlamento-demanda-ao-goberno-central-a-mellora-do-marco-normativo-que-regula-a-okupacion-de-inmobles\/","url":"https:\/\/ppdegalicia.com\/es\/o-parlamento-demanda-ao-goberno-central-a-mellora-do-marco-normativo-que-regula-a-okupacion-de-inmobles\/","name":"O Parlamento demanda ao Goberno central a mellora do marco normativo que regula a okupaci\u00f3n de inmobles - PP de Galicia","isPartOf":{"@id":"https:\/\/ppdegalicia.com\/es\/#website"},"primaryImageOfPage":{"@id":"https:\/\/ppdegalicia.com\/es\/o-parlamento-demanda-ao-goberno-central-a-mellora-do-marco-normativo-que-regula-a-okupacion-de-inmobles\/#primaryimage"},"image":{"@id":"https:\/\/ppdegalicia.com\/es\/o-parlamento-demanda-ao-goberno-central-a-mellora-do-marco-normativo-que-regula-a-okupacion-de-inmobles\/#primaryimage"},"thumbnailUrl":"https:\/\/ppdegalicia.com\/wp-content\/uploads\/2020\/11\/c281553e4d1bbb04d5c813429d4fa449.jpg","datePublished":"2020-11-04T17:35:02+00:00","breadcrumb":{"@id":"https:\/\/ppdegalicia.com\/es\/o-parlamento-demanda-ao-goberno-central-a-mellora-do-marco-normativo-que-regula-a-okupacion-de-inmobles\/#breadcrumb"},"inLanguage":"es","potentialAction":[{"@type":"ReadAction","target":["https:\/\/ppdegalicia.com\/es\/o-parlamento-demanda-ao-goberno-central-a-mellora-do-marco-normativo-que-regula-a-okupacion-de-inmobles\/"]}]},{"@type":"ImageObject","inLanguage":"es","@id":"https:\/\/ppdegalicia.com\/es\/o-parlamento-demanda-ao-goberno-central-a-mellora-do-marco-normativo-que-regula-a-okupacion-de-inmobles\/#primaryimage","url":"https:\/\/ppdegalicia.com\/wp-content\/uploads\/2020\/11\/c281553e4d1bbb04d5c813429d4fa449.jpg","contentUrl":"https:\/\/ppdegalicia.com\/wp-content\/uploads\/2020\/11\/c281553e4d1bbb04d5c813429d4fa449.jpg","width":1900,"height":1084},{"@type":"BreadcrumbList","@id":"https:\/\/ppdegalicia.com\/es\/o-parlamento-demanda-ao-goberno-central-a-mellora-do-marco-normativo-que-regula-a-okupacion-de-inmobles\/#breadcrumb","itemListElement":[{"@type":"ListItem","position":1,"name":"Portada","item":"https:\/\/ppdegalicia.com\/es\/"},{"@type":"ListItem","position":2,"name":"O Parlamento demanda ao Goberno central a mellora do marco normativo que regula a okupaci\u00f3n de inmobles"}]},{"@type":"WebSite","@id":"https:\/\/ppdegalicia.com\/es\/#website","url":"https:\/\/ppdegalicia.com\/es\/","name":"Partido Popular de Galicia","description":"Partido Popular de Galicia","publisher":{"@id":"https:\/\/ppdegalicia.com\/es\/#organization"},"alternateName":"PP de Galicia","potentialAction":[{"@type":"SearchAction","target":{"@type":"EntryPoint","urlTemplate":"https:\/\/ppdegalicia.com\/es\/?s={search_term_string}"},"query-input":{"@type":"PropertyValueSpecification","valueRequired":true,"valueName":"search_term_string"}}],"inLanguage":"es"},{"@type":"Organization","@id":"https:\/\/ppdegalicia.com\/es\/#organization","name":"Partido Popular de Galicia","alternateName":"PP de Galicia","url":"https:\/\/ppdegalicia.com\/es\/","logo":{"@type":"ImageObject","inLanguage":"es","@id":"https:\/\/ppdegalicia.com\/es\/#\/schema\/logo\/image\/","url":"https:\/\/ppdegalicia.com\/wp-content\/uploads\/2023\/04\/logoPP512.png","contentUrl":"https:\/\/ppdegalicia.com\/wp-content\/uploads\/2023\/04\/logoPP512.png","width":512,"height":512,"caption":"Partido Popular de Galicia"},"image":{"@id":"https:\/\/ppdegalicia.com\/es\/#\/schema\/logo\/image\/"},"sameAs":["https:\/\/www.instagram.com\/ppdegalicia\/","https:\/\/x.com\/ppdegalicia","https:\/\/www.tiktok.com\/@ppdegalicia","https:\/\/www.youtube.com\/user\/ppdegalicia"]},{"@type":"Person","@id":"https:\/\/ppdegalicia.com\/es\/#\/schema\/person\/bc9b46e59ebd34bf28611158c3867388","name":"ppdegaliciaedtis","image":{"@type":"ImageObject","inLanguage":"es","@id":"https:\/\/secure.gravatar.com\/avatar\/f9f8cf6e03df54a1b0d04a6b4b8e8c6bd63c10a439752e84d87a5385aefe2ced?s=96&d=mm&r=g","url":"https:\/\/secure.gravatar.com\/avatar\/f9f8cf6e03df54a1b0d04a6b4b8e8c6bd63c10a439752e84d87a5385aefe2ced?s=96&d=mm&r=g","contentUrl":"https:\/\/secure.gravatar.com\/avatar\/f9f8cf6e03df54a1b0d04a6b4b8e8c6bd63c10a439752e84d87a5385aefe2ced?s=96&d=mm&r=g","caption":"ppdegaliciaedtis"},"url":"https:\/\/ppdegalicia.com\/es\/author\/ppdegaliciaedits\/"}]}},"_links":{"self":[{"href":"https:\/\/ppdegalicia.com\/es\/wp-json\/wp\/v2\/posts\/54888","targetHints":{"allow":["GET"]}}],"collection":[{"href":"https:\/\/ppdegalicia.com\/es\/wp-json\/wp\/v2\/posts"}],"about":[{"href":"https:\/\/ppdegalicia.com\/es\/wp-json\/wp\/v2\/types\/post"}],"author":[{"embeddable":true,"href":"https:\/\/ppdegalicia.com\/es\/wp-json\/wp\/v2\/users\/40"}],"replies":[{"embeddable":true,"href":"https:\/\/ppdegalicia.com\/es\/wp-json\/wp\/v2\/comments?post=54888"}],"version-history":[{"count":0,"href":"https:\/\/ppdegalicia.com\/es\/wp-json\/wp\/v2\/posts\/54888\/revisions"}],"wp:featuredmedia":[{"embeddable":true,"href":"https:\/\/ppdegalicia.com\/es\/wp-json\/wp\/v2\/media\/54887"}],"wp:attachment":[{"href":"https:\/\/ppdegalicia.com\/es\/wp-json\/wp\/v2\/media?parent=54888"}],"wp:term":[{"taxonomy":"category","embeddable":true,"href":"https:\/\/ppdegalicia.com\/es\/wp-json\/wp\/v2\/categories?post=54888"},{"taxonomy":"post_tag","embeddable":true,"href":"https:\/\/ppdegalicia.com\/es\/wp-json\/wp\/v2\/tags?post=54888"}],"curies":[{"name":"wp","href":"https:\/\/api.w.org\/{rel}","templated":true}]}}