{"id":54892,"date":"2020-11-05T12:20:40","date_gmt":"2020-11-05T10:20:40","guid":{"rendered":"https:\/\/ppdegalicia.com\/iniciativa-en-relacion-coa-rebaixa-dos-nivel-e-dos-requisitos-para-que-un-alumno-aprobe-promocione-ou-titule-no-curso-2020-2021-con-independencia-dos-suspensos\/"},"modified":"2020-11-05T12:20:40","modified_gmt":"2020-11-05T10:20:40","slug":"iniciativa-en-relacion-coa-rebaixa-dos-nivel-e-dos-requisitos-para-que-un-alumno-aprobe-promocione-ou-titule-no-curso-2020-2021-con-independencia-dos-suspensos","status":"publish","type":"post","link":"https:\/\/ppdegalicia.com\/es\/iniciativa-en-relacion-coa-rebaixa-dos-nivel-e-dos-requisitos-para-que-un-alumno-aprobe-promocione-ou-titule-no-curso-2020-2021-con-independencia-dos-suspensos\/","title":{"rendered":"Iniciativa en relaci\u00f3n coa rebaixa dos nivel e dos requisitos para que un alumno aprobe, promocione ou titule no curso 2020-2021 con independencia dos suspensos"},"content":{"rendered":"<p><img fetchpriority=\"high\" decoding=\"async\" class=\" size-full wp-image-54891\" src=\"https:\/\/ppdegalicia.com\/wp-content\/uploads\/2020\/11\/0285bc0f6369c6489dba0c9c0508db30-scaled.jpg\" alt=\"\" width=\"2560\" height=\"1440\" srcset=\"https:\/\/ppdegalicia.com\/wp-content\/uploads\/2020\/11\/0285bc0f6369c6489dba0c9c0508db30-scaled.jpg 2560w, https:\/\/ppdegalicia.com\/wp-content\/uploads\/2020\/11\/0285bc0f6369c6489dba0c9c0508db30-300x169.jpg 300w, https:\/\/ppdegalicia.com\/wp-content\/uploads\/2020\/11\/0285bc0f6369c6489dba0c9c0508db30-1024x576.jpg 1024w, https:\/\/ppdegalicia.com\/wp-content\/uploads\/2020\/11\/0285bc0f6369c6489dba0c9c0508db30-768x432.jpg 768w, https:\/\/ppdegalicia.com\/wp-content\/uploads\/2020\/11\/0285bc0f6369c6489dba0c9c0508db30-1536x864.jpg 1536w, https:\/\/ppdegalicia.com\/wp-content\/uploads\/2020\/11\/0285bc0f6369c6489dba0c9c0508db30-2048x1152.jpg 2048w\" sizes=\"(max-width: 2560px) 100vw, 2560px\" \/><\/p>\n<p>Iniciativa en relaci\u00f3n coa rebaixa dos nivel e dos requisitos para que un alumno aprobe, promocione ou titule no curso 2020-2021 con independencia dos suspensos<\/p>\n<p><!--more--><\/p>\n<p>\u00a0<\/p>\n<p>\u00a0<\/p>\n<p>A trav\u00e9s dos medios de comunicaci\u00f3n, a comunidade educativa de Galicia e do resto do Estado enterouse do contido do Real Decreto-Lei 31\/2020, de medidas urxentes no \u00e1mbito da educaci\u00f3n non universitaria, que foi aprobado no Consello de Ministros do d\u00eda 29 de setembro de 2020.<\/p>\n<p>Unha parte do contido deste decreto, en concreto, a pretensi\u00f3n do Ministerio de Educaci\u00f3n de permitir que o alumnado pase de curso e titule sen l\u00edmite de materias suspensas non foi abordada na \u00faltima Conferencia Sectorial de Educaci\u00f3n, onde si se trataron e acordaron outras cuesti\u00f3ns recollidas no devandito Real Decreto-Lei.<\/p>\n<p>Esta medida, que afectar\u00e1 ao curso 2020-21, debe verse como unha imposici\u00f3n do ministerio que dirixe Isabel Cela\u00e1, xa que non foi tratada previamente coas CCAA nin cos sindicatos.<\/p>\n<p>Ademais das cr\u00edticas realizadas por diferentes CCAA, profesores e sindicatos est\u00e1n molestos con esta medida por entender que dana a calidade da educaci\u00f3n en todo o Estado, busca maquillar as estat\u00edsticas educativas e afectar\u00e1 ao alumando porque xerar\u00e1 desigualdade.<\/p>\n<p>O Grupo Parlamentario Popular de Galicia oponse a unha medida, habilitada a trav\u00e9s do devandito Real Decreto-Lei, porque converte unha soluci\u00f3n puntual acordada de xeito excepcional para o curso 2019-20 ante a aparici\u00f3n da covid -cando xa estaba iniciado e houbo que suspender a actividade presencial- nunha decisi\u00f3n unilateral para o curso 2020-21 que est\u00e1 iniciado e conta con protocolos de actuaci\u00f3n.<\/p>\n<p>Lonxe de facilitar o traballo no curso 2020-21, a decisi\u00f3n do Ministerio de Educaci\u00f3n de rebaixar o nivel e os requisitos para aprobar, promocionar en nada axuda a mellorar a educaci\u00f3n; ao contrario, significa unha merma da calidade educativa e racha coa funci\u00f3n do sistema educativo como xerador de igualdade de oportunidades.<\/p>\n<p>\u00a0<\/p>\n<p>Este xeito de proceder por parte do Goberno do Estado, ignorando a normativa org\u00e1nica e ocultando a informaci\u00f3n nunha decisi\u00f3n tan importante para toda a comunidade educativa, desprestixia a educaci\u00f3n e o traballo dos docentes e as s\u00faas familias, vai en contra da cultura do esforzo e ataca a equidade na medida en que establece cuesti\u00f3ns como:<\/p>\n<p>&#8211; A rebaixa dos criterios de avaliaci\u00f3n, promoci\u00f3n e titulaci\u00f3n, permitindo que calquera alumno ou alumna pase de curso sen importar o n\u00famero de suspensos<\/p>\n<p>&#8211; A supresi\u00f3n da avaliaci\u00f3n final de etapa de Primaria e de ESO<\/p>\n<p>&#8211; Ou a reduci\u00f3n da duraci\u00f3n dos m\u00f3dulos de formaci\u00f3n en centros de traballo ( FCT) nos ciclos formativos.<\/p>\n<p>Ademais estas medidas, tal e como xa denunciou a Xunta de Galicia e como apuntan tam\u00e9n outras CC.AA., poden xerar desigualdades entre o alumnado en funci\u00f3n do seu lugar de residencia e crea inseguridade xur\u00eddica e confusi\u00f3n normativa.<\/p>\n<p>Galicia leva anos po\u00f1endo en marcha medidas e plans que favorecen a motivaci\u00f3n pola aprendizaxe e que proporcionan un reforzo ao alumnado m\u00e1is vulnerable, medidas que facilitaron a baixada de m\u00e1is de 10 puntos da taxa de abandono escolar, pasando no ano 2009 dun 25,8% a un 21,6% no ano 2019.<\/p>\n<p>Por iso, desde o Grupo Parlamentario Popular, presentamos a seguinte proposici\u00f3n non de lei en Pleno:<\/p>\n<p>\u00a0<\/p>\n<p><strong>\u201cO Parlamento de Galicia declara a s\u00faa posici\u00f3n contraria a que, a trav\u00e9s dun Real Decreto-Lei que ignora o previsto na normativa org\u00e1nica de educaci\u00f3n e que non foi pactado coas CC.AA., o Ministerio de Educaci\u00f3n decida rebaixar o nivel e os requisitos para que un alumno aprobe, promocione ou titule no curso 2020-21 con independencia do n\u00famero de materias suspensas; ao entenderse que esta medida non \u00e9 acorde coa situaci\u00f3n actual dos sistema educativo, suprime a funci\u00f3n da educaci\u00f3n como xeradora de igualdade de oportunidades no alumnado\u201d.<\/strong><\/p>\n<p>\u00a0<\/p>\n<p><strong>Rexistro Iniciativa:\u00a0<a href=\"http:\/\/www.es.parlamentodegalicia.es\/Expedientes\/11\/PNP-000412\">http:\/\/www.es.parlamentodegalicia.es\/Expedientes\/11\/PNP-000412<\/a><\/strong><\/p>\n<p><strong>Nota de prensa:\u00a0<a href=\"index.php\/gl\/novas\/item\/4854-o-parlamento-galego-oponse-ao-decreto-do-ministerio-de-educacion-que-permite-pasar-de-curso-con-independencia-do-numero-de-suspensos\">http:\/\/ppdegalicia.com\/index.php\/gl\/novas\/item\/4854-o-parlamento-galego-oponse-ao-decreto-do-ministerio-de-educacion-que-permite-pasar-de-curso-con-independencia-do-numero-de-suspensos<\/a><\/strong><\/p>\n<p>\u00a0<\/p>\n<p>\u00a0<\/p>\n","protected":false},"excerpt":{"rendered":"<p>Iniciativa en relaci\u00f3n coa rebaixa dos nivel e dos requisitos para que un alumno aprobe, promocione ou titule no curso 2020-2021 con independencia dos suspensos<\/p>\n","protected":false},"author":40,"featured_media":54891,"comment_status":"open","ping_status":"open","sticky":false,"template":"","format":"standard","meta":{"_acf_changed":false,"footnotes":""},"categories":[1128,1],"tags":[],"class_list":["post-54892","post","type-post","status-publish","format-standard","has-post-thumbnail","hentry","category-actualidad-parlamento-de-galicia","category-pp-de-galicia"],"acf":[],"yoast_head":"<!-- This site is optimized with the Yoast SEO plugin v27.3 - https:\/\/yoast.com\/product\/yoast-seo-wordpress\/ -->\n<title>Iniciativa en relaci\u00f3n coa rebaixa dos nivel e dos requisitos para que un alumno aprobe, promocione ou titule no curso 2020-2021 con independencia dos suspensos - PP de Galicia<\/title>\n<meta name=\"robots\" content=\"index, follow, max-snippet:-1, max-image-preview:large, max-video-preview:-1\" \/>\n<link rel=\"canonical\" href=\"https:\/\/ppdegalicia.com\/es\/iniciativa-en-relacion-coa-rebaixa-dos-nivel-e-dos-requisitos-para-que-un-alumno-aprobe-promocione-ou-titule-no-curso-2020-2021-con-independencia-dos-suspensos\/\" \/>\n<meta property=\"og:locale\" content=\"es_ES\" \/>\n<meta property=\"og:type\" content=\"article\" \/>\n<meta property=\"og:title\" content=\"Iniciativa en relaci\u00f3n coa rebaixa dos nivel e dos requisitos para que un alumno aprobe, promocione ou titule no curso 2020-2021 con independencia dos suspensos - PP de Galicia\" \/>\n<meta property=\"og:description\" content=\"Iniciativa en relaci\u00f3n coa rebaixa dos nivel e dos requisitos para que un alumno aprobe, promocione ou titule no curso 2020-2021 con independencia dos suspensos\" \/>\n<meta property=\"og:url\" content=\"https:\/\/ppdegalicia.com\/es\/iniciativa-en-relacion-coa-rebaixa-dos-nivel-e-dos-requisitos-para-que-un-alumno-aprobe-promocione-ou-titule-no-curso-2020-2021-con-independencia-dos-suspensos\/\" \/>\n<meta property=\"og:site_name\" content=\"PP de Galicia\" \/>\n<meta property=\"article:publisher\" content=\"https:\/\/www.instagram.com\/ppdegalicia\/\" \/>\n<meta property=\"article:published_time\" content=\"2020-11-05T10:20:40+00:00\" \/>\n<meta property=\"og:image\" content=\"https:\/\/ppdegalicia.com\/wp-content\/uploads\/2020\/11\/0285bc0f6369c6489dba0c9c0508db30-scaled.jpg\" \/>\n\t<meta property=\"og:image:width\" content=\"2560\" \/>\n\t<meta property=\"og:image:height\" content=\"1440\" \/>\n\t<meta property=\"og:image:type\" content=\"image\/jpeg\" \/>\n<meta name=\"author\" content=\"ppdegaliciaedtis\" \/>\n<meta name=\"twitter:card\" content=\"summary_large_image\" \/>\n<meta name=\"twitter:creator\" content=\"@ppdegalicia\" \/>\n<meta name=\"twitter:site\" content=\"@ppdegalicia\" \/>\n<meta name=\"twitter:label1\" content=\"Escrito por\" \/>\n\t<meta name=\"twitter:data1\" content=\"ppdegaliciaedtis\" \/>\n\t<meta name=\"twitter:label2\" content=\"Tiempo de lectura\" \/>\n\t<meta name=\"twitter:data2\" content=\"3 minutos\" \/>\n<script type=\"application\/ld+json\" class=\"yoast-schema-graph\">{\"@context\":\"https:\\\/\\\/schema.org\",\"@graph\":[{\"@type\":\"Article\",\"@id\":\"https:\\\/\\\/ppdegalicia.com\\\/es\\\/iniciativa-en-relacion-coa-rebaixa-dos-nivel-e-dos-requisitos-para-que-un-alumno-aprobe-promocione-ou-titule-no-curso-2020-2021-con-independencia-dos-suspensos\\\/#article\",\"isPartOf\":{\"@id\":\"https:\\\/\\\/ppdegalicia.com\\\/es\\\/iniciativa-en-relacion-coa-rebaixa-dos-nivel-e-dos-requisitos-para-que-un-alumno-aprobe-promocione-ou-titule-no-curso-2020-2021-con-independencia-dos-suspensos\\\/\"},\"author\":{\"name\":\"ppdegaliciaedtis\",\"@id\":\"https:\\\/\\\/ppdegalicia.com\\\/es\\\/#\\\/schema\\\/person\\\/bc9b46e59ebd34bf28611158c3867388\"},\"headline\":\"Iniciativa en relaci\u00f3n coa rebaixa dos nivel e dos requisitos para que un alumno aprobe, promocione ou titule no curso 2020-2021 con independencia dos suspensos\",\"datePublished\":\"2020-11-05T10:20:40+00:00\",\"mainEntityOfPage\":{\"@id\":\"https:\\\/\\\/ppdegalicia.com\\\/es\\\/iniciativa-en-relacion-coa-rebaixa-dos-nivel-e-dos-requisitos-para-que-un-alumno-aprobe-promocione-ou-titule-no-curso-2020-2021-con-independencia-dos-suspensos\\\/\"},\"wordCount\":709,\"commentCount\":0,\"publisher\":{\"@id\":\"https:\\\/\\\/ppdegalicia.com\\\/es\\\/#organization\"},\"image\":{\"@id\":\"https:\\\/\\\/ppdegalicia.com\\\/es\\\/iniciativa-en-relacion-coa-rebaixa-dos-nivel-e-dos-requisitos-para-que-un-alumno-aprobe-promocione-ou-titule-no-curso-2020-2021-con-independencia-dos-suspensos\\\/#primaryimage\"},\"thumbnailUrl\":\"https:\\\/\\\/ppdegalicia.com\\\/wp-content\\\/uploads\\\/2020\\\/11\\\/0285bc0f6369c6489dba0c9c0508db30-scaled.jpg\",\"articleSection\":[\"Parlamento de Galicia\",\"PP de Galicia\"],\"inLanguage\":\"es\",\"potentialAction\":[{\"@type\":\"CommentAction\",\"name\":\"Comment\",\"target\":[\"https:\\\/\\\/ppdegalicia.com\\\/es\\\/iniciativa-en-relacion-coa-rebaixa-dos-nivel-e-dos-requisitos-para-que-un-alumno-aprobe-promocione-ou-titule-no-curso-2020-2021-con-independencia-dos-suspensos\\\/#respond\"]}]},{\"@type\":\"WebPage\",\"@id\":\"https:\\\/\\\/ppdegalicia.com\\\/es\\\/iniciativa-en-relacion-coa-rebaixa-dos-nivel-e-dos-requisitos-para-que-un-alumno-aprobe-promocione-ou-titule-no-curso-2020-2021-con-independencia-dos-suspensos\\\/\",\"url\":\"https:\\\/\\\/ppdegalicia.com\\\/es\\\/iniciativa-en-relacion-coa-rebaixa-dos-nivel-e-dos-requisitos-para-que-un-alumno-aprobe-promocione-ou-titule-no-curso-2020-2021-con-independencia-dos-suspensos\\\/\",\"name\":\"Iniciativa en relaci\u00f3n coa rebaixa dos nivel e dos requisitos para que un alumno aprobe, promocione ou titule no curso 2020-2021 con independencia dos suspensos - PP de Galicia\",\"isPartOf\":{\"@id\":\"https:\\\/\\\/ppdegalicia.com\\\/es\\\/#website\"},\"primaryImageOfPage\":{\"@id\":\"https:\\\/\\\/ppdegalicia.com\\\/es\\\/iniciativa-en-relacion-coa-rebaixa-dos-nivel-e-dos-requisitos-para-que-un-alumno-aprobe-promocione-ou-titule-no-curso-2020-2021-con-independencia-dos-suspensos\\\/#primaryimage\"},\"image\":{\"@id\":\"https:\\\/\\\/ppdegalicia.com\\\/es\\\/iniciativa-en-relacion-coa-rebaixa-dos-nivel-e-dos-requisitos-para-que-un-alumno-aprobe-promocione-ou-titule-no-curso-2020-2021-con-independencia-dos-suspensos\\\/#primaryimage\"},\"thumbnailUrl\":\"https:\\\/\\\/ppdegalicia.com\\\/wp-content\\\/uploads\\\/2020\\\/11\\\/0285bc0f6369c6489dba0c9c0508db30-scaled.jpg\",\"datePublished\":\"2020-11-05T10:20:40+00:00\",\"breadcrumb\":{\"@id\":\"https:\\\/\\\/ppdegalicia.com\\\/es\\\/iniciativa-en-relacion-coa-rebaixa-dos-nivel-e-dos-requisitos-para-que-un-alumno-aprobe-promocione-ou-titule-no-curso-2020-2021-con-independencia-dos-suspensos\\\/#breadcrumb\"},\"inLanguage\":\"es\",\"potentialAction\":[{\"@type\":\"ReadAction\",\"target\":[\"https:\\\/\\\/ppdegalicia.com\\\/es\\\/iniciativa-en-relacion-coa-rebaixa-dos-nivel-e-dos-requisitos-para-que-un-alumno-aprobe-promocione-ou-titule-no-curso-2020-2021-con-independencia-dos-suspensos\\\/\"]}]},{\"@type\":\"ImageObject\",\"inLanguage\":\"es\",\"@id\":\"https:\\\/\\\/ppdegalicia.com\\\/es\\\/iniciativa-en-relacion-coa-rebaixa-dos-nivel-e-dos-requisitos-para-que-un-alumno-aprobe-promocione-ou-titule-no-curso-2020-2021-con-independencia-dos-suspensos\\\/#primaryimage\",\"url\":\"https:\\\/\\\/ppdegalicia.com\\\/wp-content\\\/uploads\\\/2020\\\/11\\\/0285bc0f6369c6489dba0c9c0508db30-scaled.jpg\",\"contentUrl\":\"https:\\\/\\\/ppdegalicia.com\\\/wp-content\\\/uploads\\\/2020\\\/11\\\/0285bc0f6369c6489dba0c9c0508db30-scaled.jpg\",\"width\":2560,\"height\":1440},{\"@type\":\"BreadcrumbList\",\"@id\":\"https:\\\/\\\/ppdegalicia.com\\\/es\\\/iniciativa-en-relacion-coa-rebaixa-dos-nivel-e-dos-requisitos-para-que-un-alumno-aprobe-promocione-ou-titule-no-curso-2020-2021-con-independencia-dos-suspensos\\\/#breadcrumb\",\"itemListElement\":[{\"@type\":\"ListItem\",\"position\":1,\"name\":\"Portada\",\"item\":\"https:\\\/\\\/ppdegalicia.com\\\/es\\\/\"},{\"@type\":\"ListItem\",\"position\":2,\"name\":\"Iniciativa en relaci\u00f3n coa rebaixa dos nivel e dos requisitos para que un alumno aprobe, promocione ou titule no curso 2020-2021 con independencia dos suspensos\"}]},{\"@type\":\"WebSite\",\"@id\":\"https:\\\/\\\/ppdegalicia.com\\\/es\\\/#website\",\"url\":\"https:\\\/\\\/ppdegalicia.com\\\/es\\\/\",\"name\":\"Partido Popular de Galicia\",\"description\":\"Partido Popular de Galicia\",\"publisher\":{\"@id\":\"https:\\\/\\\/ppdegalicia.com\\\/es\\\/#organization\"},\"alternateName\":\"PP de Galicia\",\"potentialAction\":[{\"@type\":\"SearchAction\",\"target\":{\"@type\":\"EntryPoint\",\"urlTemplate\":\"https:\\\/\\\/ppdegalicia.com\\\/es\\\/?s={search_term_string}\"},\"query-input\":{\"@type\":\"PropertyValueSpecification\",\"valueRequired\":true,\"valueName\":\"search_term_string\"}}],\"inLanguage\":\"es\"},{\"@type\":\"Organization\",\"@id\":\"https:\\\/\\\/ppdegalicia.com\\\/es\\\/#organization\",\"name\":\"Partido Popular de Galicia\",\"alternateName\":\"PP de Galicia\",\"url\":\"https:\\\/\\\/ppdegalicia.com\\\/es\\\/\",\"logo\":{\"@type\":\"ImageObject\",\"inLanguage\":\"es\",\"@id\":\"https:\\\/\\\/ppdegalicia.com\\\/es\\\/#\\\/schema\\\/logo\\\/image\\\/\",\"url\":\"https:\\\/\\\/ppdegalicia.com\\\/wp-content\\\/uploads\\\/2023\\\/04\\\/logoPP512.png\",\"contentUrl\":\"https:\\\/\\\/ppdegalicia.com\\\/wp-content\\\/uploads\\\/2023\\\/04\\\/logoPP512.png\",\"width\":512,\"height\":512,\"caption\":\"Partido Popular de Galicia\"},\"image\":{\"@id\":\"https:\\\/\\\/ppdegalicia.com\\\/es\\\/#\\\/schema\\\/logo\\\/image\\\/\"},\"sameAs\":[\"https:\\\/\\\/www.instagram.com\\\/ppdegalicia\\\/\",\"https:\\\/\\\/x.com\\\/ppdegalicia\",\"https:\\\/\\\/www.tiktok.com\\\/@ppdegalicia\",\"https:\\\/\\\/www.youtube.com\\\/user\\\/ppdegalicia\"]},{\"@type\":\"Person\",\"@id\":\"https:\\\/\\\/ppdegalicia.com\\\/es\\\/#\\\/schema\\\/person\\\/bc9b46e59ebd34bf28611158c3867388\",\"name\":\"ppdegaliciaedtis\",\"image\":{\"@type\":\"ImageObject\",\"inLanguage\":\"es\",\"@id\":\"https:\\\/\\\/secure.gravatar.com\\\/avatar\\\/f9f8cf6e03df54a1b0d04a6b4b8e8c6bd63c10a439752e84d87a5385aefe2ced?s=96&d=mm&r=g\",\"url\":\"https:\\\/\\\/secure.gravatar.com\\\/avatar\\\/f9f8cf6e03df54a1b0d04a6b4b8e8c6bd63c10a439752e84d87a5385aefe2ced?s=96&d=mm&r=g\",\"contentUrl\":\"https:\\\/\\\/secure.gravatar.com\\\/avatar\\\/f9f8cf6e03df54a1b0d04a6b4b8e8c6bd63c10a439752e84d87a5385aefe2ced?s=96&d=mm&r=g\",\"caption\":\"ppdegaliciaedtis\"},\"url\":\"https:\\\/\\\/ppdegalicia.com\\\/es\\\/author\\\/ppdegaliciaedits\\\/\"}]}<\/script>\n<!-- \/ Yoast SEO plugin. -->","yoast_head_json":{"title":"Iniciativa en relaci\u00f3n coa rebaixa dos nivel e dos requisitos para que un alumno aprobe, promocione ou titule no curso 2020-2021 con independencia dos suspensos - PP de Galicia","robots":{"index":"index","follow":"follow","max-snippet":"max-snippet:-1","max-image-preview":"max-image-preview:large","max-video-preview":"max-video-preview:-1"},"canonical":"https:\/\/ppdegalicia.com\/es\/iniciativa-en-relacion-coa-rebaixa-dos-nivel-e-dos-requisitos-para-que-un-alumno-aprobe-promocione-ou-titule-no-curso-2020-2021-con-independencia-dos-suspensos\/","og_locale":"es_ES","og_type":"article","og_title":"Iniciativa en relaci\u00f3n coa rebaixa dos nivel e dos requisitos para que un alumno aprobe, promocione ou titule no curso 2020-2021 con independencia dos suspensos - PP de Galicia","og_description":"Iniciativa en relaci\u00f3n coa rebaixa dos nivel e dos requisitos para que un alumno aprobe, promocione ou titule no curso 2020-2021 con independencia dos suspensos","og_url":"https:\/\/ppdegalicia.com\/es\/iniciativa-en-relacion-coa-rebaixa-dos-nivel-e-dos-requisitos-para-que-un-alumno-aprobe-promocione-ou-titule-no-curso-2020-2021-con-independencia-dos-suspensos\/","og_site_name":"PP de Galicia","article_publisher":"https:\/\/www.instagram.com\/ppdegalicia\/","article_published_time":"2020-11-05T10:20:40+00:00","og_image":[{"width":2560,"height":1440,"url":"https:\/\/ppdegalicia.com\/wp-content\/uploads\/2020\/11\/0285bc0f6369c6489dba0c9c0508db30-scaled.jpg","type":"image\/jpeg"}],"author":"ppdegaliciaedtis","twitter_card":"summary_large_image","twitter_creator":"@ppdegalicia","twitter_site":"@ppdegalicia","twitter_misc":{"Escrito por":"ppdegaliciaedtis","Tiempo de lectura":"3 minutos"},"schema":{"@context":"https:\/\/schema.org","@graph":[{"@type":"Article","@id":"https:\/\/ppdegalicia.com\/es\/iniciativa-en-relacion-coa-rebaixa-dos-nivel-e-dos-requisitos-para-que-un-alumno-aprobe-promocione-ou-titule-no-curso-2020-2021-con-independencia-dos-suspensos\/#article","isPartOf":{"@id":"https:\/\/ppdegalicia.com\/es\/iniciativa-en-relacion-coa-rebaixa-dos-nivel-e-dos-requisitos-para-que-un-alumno-aprobe-promocione-ou-titule-no-curso-2020-2021-con-independencia-dos-suspensos\/"},"author":{"name":"ppdegaliciaedtis","@id":"https:\/\/ppdegalicia.com\/es\/#\/schema\/person\/bc9b46e59ebd34bf28611158c3867388"},"headline":"Iniciativa en relaci\u00f3n coa rebaixa dos nivel e dos requisitos para que un alumno aprobe, promocione ou titule no curso 2020-2021 con independencia dos suspensos","datePublished":"2020-11-05T10:20:40+00:00","mainEntityOfPage":{"@id":"https:\/\/ppdegalicia.com\/es\/iniciativa-en-relacion-coa-rebaixa-dos-nivel-e-dos-requisitos-para-que-un-alumno-aprobe-promocione-ou-titule-no-curso-2020-2021-con-independencia-dos-suspensos\/"},"wordCount":709,"commentCount":0,"publisher":{"@id":"https:\/\/ppdegalicia.com\/es\/#organization"},"image":{"@id":"https:\/\/ppdegalicia.com\/es\/iniciativa-en-relacion-coa-rebaixa-dos-nivel-e-dos-requisitos-para-que-un-alumno-aprobe-promocione-ou-titule-no-curso-2020-2021-con-independencia-dos-suspensos\/#primaryimage"},"thumbnailUrl":"https:\/\/ppdegalicia.com\/wp-content\/uploads\/2020\/11\/0285bc0f6369c6489dba0c9c0508db30-scaled.jpg","articleSection":["Parlamento de Galicia","PP de Galicia"],"inLanguage":"es","potentialAction":[{"@type":"CommentAction","name":"Comment","target":["https:\/\/ppdegalicia.com\/es\/iniciativa-en-relacion-coa-rebaixa-dos-nivel-e-dos-requisitos-para-que-un-alumno-aprobe-promocione-ou-titule-no-curso-2020-2021-con-independencia-dos-suspensos\/#respond"]}]},{"@type":"WebPage","@id":"https:\/\/ppdegalicia.com\/es\/iniciativa-en-relacion-coa-rebaixa-dos-nivel-e-dos-requisitos-para-que-un-alumno-aprobe-promocione-ou-titule-no-curso-2020-2021-con-independencia-dos-suspensos\/","url":"https:\/\/ppdegalicia.com\/es\/iniciativa-en-relacion-coa-rebaixa-dos-nivel-e-dos-requisitos-para-que-un-alumno-aprobe-promocione-ou-titule-no-curso-2020-2021-con-independencia-dos-suspensos\/","name":"Iniciativa en relaci\u00f3n coa rebaixa dos nivel e dos requisitos para que un alumno aprobe, promocione ou titule no curso 2020-2021 con independencia dos suspensos - PP de Galicia","isPartOf":{"@id":"https:\/\/ppdegalicia.com\/es\/#website"},"primaryImageOfPage":{"@id":"https:\/\/ppdegalicia.com\/es\/iniciativa-en-relacion-coa-rebaixa-dos-nivel-e-dos-requisitos-para-que-un-alumno-aprobe-promocione-ou-titule-no-curso-2020-2021-con-independencia-dos-suspensos\/#primaryimage"},"image":{"@id":"https:\/\/ppdegalicia.com\/es\/iniciativa-en-relacion-coa-rebaixa-dos-nivel-e-dos-requisitos-para-que-un-alumno-aprobe-promocione-ou-titule-no-curso-2020-2021-con-independencia-dos-suspensos\/#primaryimage"},"thumbnailUrl":"https:\/\/ppdegalicia.com\/wp-content\/uploads\/2020\/11\/0285bc0f6369c6489dba0c9c0508db30-scaled.jpg","datePublished":"2020-11-05T10:20:40+00:00","breadcrumb":{"@id":"https:\/\/ppdegalicia.com\/es\/iniciativa-en-relacion-coa-rebaixa-dos-nivel-e-dos-requisitos-para-que-un-alumno-aprobe-promocione-ou-titule-no-curso-2020-2021-con-independencia-dos-suspensos\/#breadcrumb"},"inLanguage":"es","potentialAction":[{"@type":"ReadAction","target":["https:\/\/ppdegalicia.com\/es\/iniciativa-en-relacion-coa-rebaixa-dos-nivel-e-dos-requisitos-para-que-un-alumno-aprobe-promocione-ou-titule-no-curso-2020-2021-con-independencia-dos-suspensos\/"]}]},{"@type":"ImageObject","inLanguage":"es","@id":"https:\/\/ppdegalicia.com\/es\/iniciativa-en-relacion-coa-rebaixa-dos-nivel-e-dos-requisitos-para-que-un-alumno-aprobe-promocione-ou-titule-no-curso-2020-2021-con-independencia-dos-suspensos\/#primaryimage","url":"https:\/\/ppdegalicia.com\/wp-content\/uploads\/2020\/11\/0285bc0f6369c6489dba0c9c0508db30-scaled.jpg","contentUrl":"https:\/\/ppdegalicia.com\/wp-content\/uploads\/2020\/11\/0285bc0f6369c6489dba0c9c0508db30-scaled.jpg","width":2560,"height":1440},{"@type":"BreadcrumbList","@id":"https:\/\/ppdegalicia.com\/es\/iniciativa-en-relacion-coa-rebaixa-dos-nivel-e-dos-requisitos-para-que-un-alumno-aprobe-promocione-ou-titule-no-curso-2020-2021-con-independencia-dos-suspensos\/#breadcrumb","itemListElement":[{"@type":"ListItem","position":1,"name":"Portada","item":"https:\/\/ppdegalicia.com\/es\/"},{"@type":"ListItem","position":2,"name":"Iniciativa en relaci\u00f3n coa rebaixa dos nivel e dos requisitos para que un alumno aprobe, promocione ou titule no curso 2020-2021 con independencia dos suspensos"}]},{"@type":"WebSite","@id":"https:\/\/ppdegalicia.com\/es\/#website","url":"https:\/\/ppdegalicia.com\/es\/","name":"Partido Popular de Galicia","description":"Partido Popular de Galicia","publisher":{"@id":"https:\/\/ppdegalicia.com\/es\/#organization"},"alternateName":"PP de Galicia","potentialAction":[{"@type":"SearchAction","target":{"@type":"EntryPoint","urlTemplate":"https:\/\/ppdegalicia.com\/es\/?s={search_term_string}"},"query-input":{"@type":"PropertyValueSpecification","valueRequired":true,"valueName":"search_term_string"}}],"inLanguage":"es"},{"@type":"Organization","@id":"https:\/\/ppdegalicia.com\/es\/#organization","name":"Partido Popular de Galicia","alternateName":"PP de Galicia","url":"https:\/\/ppdegalicia.com\/es\/","logo":{"@type":"ImageObject","inLanguage":"es","@id":"https:\/\/ppdegalicia.com\/es\/#\/schema\/logo\/image\/","url":"https:\/\/ppdegalicia.com\/wp-content\/uploads\/2023\/04\/logoPP512.png","contentUrl":"https:\/\/ppdegalicia.com\/wp-content\/uploads\/2023\/04\/logoPP512.png","width":512,"height":512,"caption":"Partido Popular de Galicia"},"image":{"@id":"https:\/\/ppdegalicia.com\/es\/#\/schema\/logo\/image\/"},"sameAs":["https:\/\/www.instagram.com\/ppdegalicia\/","https:\/\/x.com\/ppdegalicia","https:\/\/www.tiktok.com\/@ppdegalicia","https:\/\/www.youtube.com\/user\/ppdegalicia"]},{"@type":"Person","@id":"https:\/\/ppdegalicia.com\/es\/#\/schema\/person\/bc9b46e59ebd34bf28611158c3867388","name":"ppdegaliciaedtis","image":{"@type":"ImageObject","inLanguage":"es","@id":"https:\/\/secure.gravatar.com\/avatar\/f9f8cf6e03df54a1b0d04a6b4b8e8c6bd63c10a439752e84d87a5385aefe2ced?s=96&d=mm&r=g","url":"https:\/\/secure.gravatar.com\/avatar\/f9f8cf6e03df54a1b0d04a6b4b8e8c6bd63c10a439752e84d87a5385aefe2ced?s=96&d=mm&r=g","contentUrl":"https:\/\/secure.gravatar.com\/avatar\/f9f8cf6e03df54a1b0d04a6b4b8e8c6bd63c10a439752e84d87a5385aefe2ced?s=96&d=mm&r=g","caption":"ppdegaliciaedtis"},"url":"https:\/\/ppdegalicia.com\/es\/author\/ppdegaliciaedits\/"}]}},"_links":{"self":[{"href":"https:\/\/ppdegalicia.com\/es\/wp-json\/wp\/v2\/posts\/54892","targetHints":{"allow":["GET"]}}],"collection":[{"href":"https:\/\/ppdegalicia.com\/es\/wp-json\/wp\/v2\/posts"}],"about":[{"href":"https:\/\/ppdegalicia.com\/es\/wp-json\/wp\/v2\/types\/post"}],"author":[{"embeddable":true,"href":"https:\/\/ppdegalicia.com\/es\/wp-json\/wp\/v2\/users\/40"}],"replies":[{"embeddable":true,"href":"https:\/\/ppdegalicia.com\/es\/wp-json\/wp\/v2\/comments?post=54892"}],"version-history":[{"count":0,"href":"https:\/\/ppdegalicia.com\/es\/wp-json\/wp\/v2\/posts\/54892\/revisions"}],"wp:featuredmedia":[{"embeddable":true,"href":"https:\/\/ppdegalicia.com\/es\/wp-json\/wp\/v2\/media\/54891"}],"wp:attachment":[{"href":"https:\/\/ppdegalicia.com\/es\/wp-json\/wp\/v2\/media?parent=54892"}],"wp:term":[{"taxonomy":"category","embeddable":true,"href":"https:\/\/ppdegalicia.com\/es\/wp-json\/wp\/v2\/categories?post=54892"},{"taxonomy":"post_tag","embeddable":true,"href":"https:\/\/ppdegalicia.com\/es\/wp-json\/wp\/v2\/tags?post=54892"}],"curies":[{"name":"wp","href":"https:\/\/api.w.org\/{rel}","templated":true}]}}