{"id":54896,"date":"2020-11-05T12:55:14","date_gmt":"2020-11-05T10:55:14","guid":{"rendered":"https:\/\/ppdegalicia.com\/o-parlamento-galego-demanda-que-a-xunta-continue-executando-o-plan-de-monitorizacion-do-xabaril\/"},"modified":"2020-11-05T12:55:14","modified_gmt":"2020-11-05T10:55:14","slug":"o-parlamento-galego-demanda-que-a-xunta-continue-executando-o-plan-de-monitorizacion-do-xabaril","status":"publish","type":"post","link":"https:\/\/ppdegalicia.com\/es\/o-parlamento-galego-demanda-que-a-xunta-continue-executando-o-plan-de-monitorizacion-do-xabaril\/","title":{"rendered":"O Parlamento galego demanda que a Xunta contin\u00fae executando o plan de monitorizaci\u00f3n do xabaril"},"content":{"rendered":"<p><img fetchpriority=\"high\" decoding=\"async\" class=\" size-full wp-image-54895\" src=\"https:\/\/ppdegalicia.com\/wp-content\/uploads\/2020\/11\/7039668d722ecb7c8876eb426d3a8533.jpg\" alt=\"\" width=\"1900\" height=\"1267\" srcset=\"https:\/\/ppdegalicia.com\/wp-content\/uploads\/2020\/11\/7039668d722ecb7c8876eb426d3a8533.jpg 1900w, https:\/\/ppdegalicia.com\/wp-content\/uploads\/2020\/11\/7039668d722ecb7c8876eb426d3a8533-300x200.jpg 300w, https:\/\/ppdegalicia.com\/wp-content\/uploads\/2020\/11\/7039668d722ecb7c8876eb426d3a8533-1024x683.jpg 1024w, https:\/\/ppdegalicia.com\/wp-content\/uploads\/2020\/11\/7039668d722ecb7c8876eb426d3a8533-768x512.jpg 768w, https:\/\/ppdegalicia.com\/wp-content\/uploads\/2020\/11\/7039668d722ecb7c8876eb426d3a8533-1536x1024.jpg 1536w\" sizes=\"(max-width: 1900px) 100vw, 1900px\" \/><\/p>\n<p>Santiago, 5 de novembro de 2020.- O Parlamento de Galicia aprobou hoxe unha proposici\u00f3n non de lei, logo dunha transacci\u00f3n entre o Grupo Popular e os socialistas, a trav\u00e9s da que se demanda \u00e1 Xunta que contin\u00fae coa execuci\u00f3n do plan de monitorizaci\u00f3n do xabaril para controlar e estabilizar a s\u00faa poboaci\u00f3n, ao tempo que mant\u00e9n as axudas por danos e medidas preventivas.<\/p>\n<p><!--more--><\/p>\n<p>A portavoz popular do Medio Rural, Elena Candia, incidiu na necesidade de \u201ccompatibilizar a existencia de poboaci\u00f3ns de xabaril coa viabilidade de explotaci\u00f3ns gandeiras\u201d. Para iso, lembrou que a Xunta xa conta cun plan de monitorizaci\u00f3n do xabaril en Galicia, do que forman parte un equipo multidisciplinar no que participan distintas administraci\u00f3ns p\u00fablicas para mellorar a xesti\u00f3n e aproveitamento desta especie e po\u00f1er a disposici\u00f3n dos afectados axudas tanto para a prevenci\u00f3n como indemnizaci\u00f3ns polos danos ocasionados.<\/p>\n<p>\u00a0<\/p>\n<p>Elena Candia manifestou que \u201ccoincidimos cos grupos da oposici\u00f3n na preocupaci\u00f3n polos danos que est\u00e1 a ocasionar o xabaril nas explotaci\u00f3ns agrogandeiras, que poden afectar \u00e1 s\u00faa viabilidade econ\u00f3mica, pero tam\u00e9n nas pequenas propiedades e nos accidentes de tr\u00e1fico que provocan\u201d.<\/p>\n<p>\u00a0<\/p>\n<p><strong>PREVENCI\u00d3N E DANOS<\/strong><\/p>\n<p>\u00a0<\/p>\n<p>\u201cA prevenci\u00f3n \u00e9 clave para evitar os danos da fauna silvestre\u201d, sinalou a portavoz popular, quen salientou \u201co importante esforzo orzamentario de 1,2 mill\u00f3ns de euros feito pola Xunta, que chegou a m\u00e1is de 1.500 beneficiarios\u201d.<\/p>\n<p>\u00a0<\/p>\n<p>As\u00ed mesmo, Elena Candia indicou que \u201cnon chega con centrarse na prevenci\u00f3n, polo que este ano a Xunta duplicou as axudas para indemnizaci\u00f3ns por danos\u201d.<\/p>\n<p>\u00a0<\/p>\n<p><strong>INCONGRUENCIA SOCIALISTA<\/strong><\/p>\n<p>\u00a0<\/p>\n<p>Por\u00e9n, Candia criticou a \u201cincongruencia amosada polos socialistas, capaces de defender no Parlamento galego unha iniciativa para o control da fauna silvestre xusto un d\u00eda despois de que o Ministerio de Transici\u00f3n Ecol\u00f3xica anunciara o incremento da protecci\u00f3n do lobo ib\u00e9rico\u201d.<\/p>\n<p>\u201cEsta decisi\u00f3n levou a que distintas comunidades aut\u00f3nomas, entre elas Galicia, remitiran de maneira urxente unha carta \u00e1 ministra amosando a s\u00faa preocupaci\u00f3n polas graves consecuencias que o lobo ocasiona \u00e1s explotaci\u00f3ns gandeiras da Comunidade galega\u201d, apuntou.<\/p>\n","protected":false},"excerpt":{"rendered":"<p>Santiago, 5 de novembro de 2020.- O Parlamento de Galicia aprobou hoxe unha proposici\u00f3n non de lei, logo dunha transacci\u00f3n entre o Grupo Popular e os socialistas, a trav\u00e9s da que se demanda \u00e1 Xunta que contin\u00fae coa execuci\u00f3n do plan de monitorizaci\u00f3n do xabaril para controlar e estabilizar a s\u00faa poboaci\u00f3n, ao tempo que [&hellip;]<\/p>\n","protected":false},"author":40,"featured_media":54895,"comment_status":"open","ping_status":"open","sticky":false,"template":"","format":"standard","meta":{"_acf_changed":false,"footnotes":""},"categories":[1],"tags":[],"class_list":["post-54896","post","type-post","status-publish","format-standard","has-post-thumbnail","hentry","category-pp-de-galicia"],"acf":[],"yoast_head":"<!-- This site is optimized with the Yoast SEO plugin v27.3 - https:\/\/yoast.com\/product\/yoast-seo-wordpress\/ -->\n<title>O Parlamento galego demanda que a Xunta contin\u00fae executando o plan de monitorizaci\u00f3n do xabaril - PP de Galicia<\/title>\n<meta name=\"robots\" content=\"index, follow, max-snippet:-1, max-image-preview:large, max-video-preview:-1\" \/>\n<link rel=\"canonical\" href=\"https:\/\/ppdegalicia.com\/es\/o-parlamento-galego-demanda-que-a-xunta-continue-executando-o-plan-de-monitorizacion-do-xabaril\/\" \/>\n<meta property=\"og:locale\" content=\"es_ES\" \/>\n<meta property=\"og:type\" content=\"article\" \/>\n<meta property=\"og:title\" content=\"O Parlamento galego demanda que a Xunta contin\u00fae executando o plan de monitorizaci\u00f3n do xabaril - PP de Galicia\" \/>\n<meta property=\"og:description\" content=\"Santiago, 5 de novembro de 2020.- O Parlamento de Galicia aprobou hoxe unha proposici\u00f3n non de lei, logo dunha transacci\u00f3n entre o Grupo Popular e os socialistas, a trav\u00e9s da que se demanda \u00e1 Xunta que contin\u00fae coa execuci\u00f3n do plan de monitorizaci\u00f3n do xabaril para controlar e estabilizar a s\u00faa poboaci\u00f3n, ao tempo que [&hellip;]\" \/>\n<meta property=\"og:url\" content=\"https:\/\/ppdegalicia.com\/es\/o-parlamento-galego-demanda-que-a-xunta-continue-executando-o-plan-de-monitorizacion-do-xabaril\/\" \/>\n<meta property=\"og:site_name\" content=\"PP de Galicia\" \/>\n<meta property=\"article:publisher\" content=\"https:\/\/www.instagram.com\/ppdegalicia\/\" \/>\n<meta property=\"article:published_time\" content=\"2020-11-05T10:55:14+00:00\" \/>\n<meta property=\"og:image\" content=\"https:\/\/ppdegalicia.com\/wp-content\/uploads\/2020\/11\/7039668d722ecb7c8876eb426d3a8533.jpg\" \/>\n\t<meta property=\"og:image:width\" content=\"1900\" \/>\n\t<meta property=\"og:image:height\" content=\"1267\" \/>\n\t<meta property=\"og:image:type\" content=\"image\/jpeg\" \/>\n<meta name=\"author\" content=\"ppdegaliciaedtis\" \/>\n<meta name=\"twitter:card\" content=\"summary_large_image\" \/>\n<meta name=\"twitter:creator\" content=\"@ppdegalicia\" \/>\n<meta name=\"twitter:site\" content=\"@ppdegalicia\" \/>\n<meta name=\"twitter:label1\" content=\"Escrito por\" \/>\n\t<meta name=\"twitter:data1\" content=\"ppdegaliciaedtis\" \/>\n\t<meta name=\"twitter:label2\" content=\"Tiempo de lectura\" \/>\n\t<meta name=\"twitter:data2\" content=\"2 minutos\" \/>\n<script type=\"application\/ld+json\" class=\"yoast-schema-graph\">{\"@context\":\"https:\\\/\\\/schema.org\",\"@graph\":[{\"@type\":\"Article\",\"@id\":\"https:\\\/\\\/ppdegalicia.com\\\/es\\\/o-parlamento-galego-demanda-que-a-xunta-continue-executando-o-plan-de-monitorizacion-do-xabaril\\\/#article\",\"isPartOf\":{\"@id\":\"https:\\\/\\\/ppdegalicia.com\\\/es\\\/o-parlamento-galego-demanda-que-a-xunta-continue-executando-o-plan-de-monitorizacion-do-xabaril\\\/\"},\"author\":{\"name\":\"ppdegaliciaedtis\",\"@id\":\"https:\\\/\\\/ppdegalicia.com\\\/es\\\/#\\\/schema\\\/person\\\/bc9b46e59ebd34bf28611158c3867388\"},\"headline\":\"O Parlamento galego demanda que a Xunta contin\u00fae executando o plan de monitorizaci\u00f3n do xabaril\",\"datePublished\":\"2020-11-05T10:55:14+00:00\",\"mainEntityOfPage\":{\"@id\":\"https:\\\/\\\/ppdegalicia.com\\\/es\\\/o-parlamento-galego-demanda-que-a-xunta-continue-executando-o-plan-de-monitorizacion-do-xabaril\\\/\"},\"wordCount\":378,\"commentCount\":0,\"publisher\":{\"@id\":\"https:\\\/\\\/ppdegalicia.com\\\/es\\\/#organization\"},\"image\":{\"@id\":\"https:\\\/\\\/ppdegalicia.com\\\/es\\\/o-parlamento-galego-demanda-que-a-xunta-continue-executando-o-plan-de-monitorizacion-do-xabaril\\\/#primaryimage\"},\"thumbnailUrl\":\"https:\\\/\\\/ppdegalicia.com\\\/wp-content\\\/uploads\\\/2020\\\/11\\\/7039668d722ecb7c8876eb426d3a8533.jpg\",\"articleSection\":[\"PP de Galicia\"],\"inLanguage\":\"es\",\"potentialAction\":[{\"@type\":\"CommentAction\",\"name\":\"Comment\",\"target\":[\"https:\\\/\\\/ppdegalicia.com\\\/es\\\/o-parlamento-galego-demanda-que-a-xunta-continue-executando-o-plan-de-monitorizacion-do-xabaril\\\/#respond\"]}]},{\"@type\":\"WebPage\",\"@id\":\"https:\\\/\\\/ppdegalicia.com\\\/es\\\/o-parlamento-galego-demanda-que-a-xunta-continue-executando-o-plan-de-monitorizacion-do-xabaril\\\/\",\"url\":\"https:\\\/\\\/ppdegalicia.com\\\/es\\\/o-parlamento-galego-demanda-que-a-xunta-continue-executando-o-plan-de-monitorizacion-do-xabaril\\\/\",\"name\":\"O Parlamento galego demanda que a Xunta contin\u00fae executando o plan de monitorizaci\u00f3n do xabaril - PP de Galicia\",\"isPartOf\":{\"@id\":\"https:\\\/\\\/ppdegalicia.com\\\/es\\\/#website\"},\"primaryImageOfPage\":{\"@id\":\"https:\\\/\\\/ppdegalicia.com\\\/es\\\/o-parlamento-galego-demanda-que-a-xunta-continue-executando-o-plan-de-monitorizacion-do-xabaril\\\/#primaryimage\"},\"image\":{\"@id\":\"https:\\\/\\\/ppdegalicia.com\\\/es\\\/o-parlamento-galego-demanda-que-a-xunta-continue-executando-o-plan-de-monitorizacion-do-xabaril\\\/#primaryimage\"},\"thumbnailUrl\":\"https:\\\/\\\/ppdegalicia.com\\\/wp-content\\\/uploads\\\/2020\\\/11\\\/7039668d722ecb7c8876eb426d3a8533.jpg\",\"datePublished\":\"2020-11-05T10:55:14+00:00\",\"breadcrumb\":{\"@id\":\"https:\\\/\\\/ppdegalicia.com\\\/es\\\/o-parlamento-galego-demanda-que-a-xunta-continue-executando-o-plan-de-monitorizacion-do-xabaril\\\/#breadcrumb\"},\"inLanguage\":\"es\",\"potentialAction\":[{\"@type\":\"ReadAction\",\"target\":[\"https:\\\/\\\/ppdegalicia.com\\\/es\\\/o-parlamento-galego-demanda-que-a-xunta-continue-executando-o-plan-de-monitorizacion-do-xabaril\\\/\"]}]},{\"@type\":\"ImageObject\",\"inLanguage\":\"es\",\"@id\":\"https:\\\/\\\/ppdegalicia.com\\\/es\\\/o-parlamento-galego-demanda-que-a-xunta-continue-executando-o-plan-de-monitorizacion-do-xabaril\\\/#primaryimage\",\"url\":\"https:\\\/\\\/ppdegalicia.com\\\/wp-content\\\/uploads\\\/2020\\\/11\\\/7039668d722ecb7c8876eb426d3a8533.jpg\",\"contentUrl\":\"https:\\\/\\\/ppdegalicia.com\\\/wp-content\\\/uploads\\\/2020\\\/11\\\/7039668d722ecb7c8876eb426d3a8533.jpg\",\"width\":1900,\"height\":1267},{\"@type\":\"BreadcrumbList\",\"@id\":\"https:\\\/\\\/ppdegalicia.com\\\/es\\\/o-parlamento-galego-demanda-que-a-xunta-continue-executando-o-plan-de-monitorizacion-do-xabaril\\\/#breadcrumb\",\"itemListElement\":[{\"@type\":\"ListItem\",\"position\":1,\"name\":\"Portada\",\"item\":\"https:\\\/\\\/ppdegalicia.com\\\/es\\\/\"},{\"@type\":\"ListItem\",\"position\":2,\"name\":\"O Parlamento galego demanda que a Xunta contin\u00fae executando o plan de monitorizaci\u00f3n do xabaril\"}]},{\"@type\":\"WebSite\",\"@id\":\"https:\\\/\\\/ppdegalicia.com\\\/es\\\/#website\",\"url\":\"https:\\\/\\\/ppdegalicia.com\\\/es\\\/\",\"name\":\"Partido Popular de Galicia\",\"description\":\"Partido Popular de Galicia\",\"publisher\":{\"@id\":\"https:\\\/\\\/ppdegalicia.com\\\/es\\\/#organization\"},\"alternateName\":\"PP de Galicia\",\"potentialAction\":[{\"@type\":\"SearchAction\",\"target\":{\"@type\":\"EntryPoint\",\"urlTemplate\":\"https:\\\/\\\/ppdegalicia.com\\\/es\\\/?s={search_term_string}\"},\"query-input\":{\"@type\":\"PropertyValueSpecification\",\"valueRequired\":true,\"valueName\":\"search_term_string\"}}],\"inLanguage\":\"es\"},{\"@type\":\"Organization\",\"@id\":\"https:\\\/\\\/ppdegalicia.com\\\/es\\\/#organization\",\"name\":\"Partido Popular de Galicia\",\"alternateName\":\"PP de Galicia\",\"url\":\"https:\\\/\\\/ppdegalicia.com\\\/es\\\/\",\"logo\":{\"@type\":\"ImageObject\",\"inLanguage\":\"es\",\"@id\":\"https:\\\/\\\/ppdegalicia.com\\\/es\\\/#\\\/schema\\\/logo\\\/image\\\/\",\"url\":\"https:\\\/\\\/ppdegalicia.com\\\/wp-content\\\/uploads\\\/2023\\\/04\\\/logoPP512.png\",\"contentUrl\":\"https:\\\/\\\/ppdegalicia.com\\\/wp-content\\\/uploads\\\/2023\\\/04\\\/logoPP512.png\",\"width\":512,\"height\":512,\"caption\":\"Partido Popular de Galicia\"},\"image\":{\"@id\":\"https:\\\/\\\/ppdegalicia.com\\\/es\\\/#\\\/schema\\\/logo\\\/image\\\/\"},\"sameAs\":[\"https:\\\/\\\/www.instagram.com\\\/ppdegalicia\\\/\",\"https:\\\/\\\/x.com\\\/ppdegalicia\",\"https:\\\/\\\/www.tiktok.com\\\/@ppdegalicia\",\"https:\\\/\\\/www.youtube.com\\\/user\\\/ppdegalicia\"]},{\"@type\":\"Person\",\"@id\":\"https:\\\/\\\/ppdegalicia.com\\\/es\\\/#\\\/schema\\\/person\\\/bc9b46e59ebd34bf28611158c3867388\",\"name\":\"ppdegaliciaedtis\",\"image\":{\"@type\":\"ImageObject\",\"inLanguage\":\"es\",\"@id\":\"https:\\\/\\\/secure.gravatar.com\\\/avatar\\\/f9f8cf6e03df54a1b0d04a6b4b8e8c6bd63c10a439752e84d87a5385aefe2ced?s=96&d=mm&r=g\",\"url\":\"https:\\\/\\\/secure.gravatar.com\\\/avatar\\\/f9f8cf6e03df54a1b0d04a6b4b8e8c6bd63c10a439752e84d87a5385aefe2ced?s=96&d=mm&r=g\",\"contentUrl\":\"https:\\\/\\\/secure.gravatar.com\\\/avatar\\\/f9f8cf6e03df54a1b0d04a6b4b8e8c6bd63c10a439752e84d87a5385aefe2ced?s=96&d=mm&r=g\",\"caption\":\"ppdegaliciaedtis\"},\"url\":\"https:\\\/\\\/ppdegalicia.com\\\/es\\\/author\\\/ppdegaliciaedits\\\/\"}]}<\/script>\n<!-- \/ Yoast SEO plugin. -->","yoast_head_json":{"title":"O Parlamento galego demanda que a Xunta contin\u00fae executando o plan de monitorizaci\u00f3n do xabaril - PP de Galicia","robots":{"index":"index","follow":"follow","max-snippet":"max-snippet:-1","max-image-preview":"max-image-preview:large","max-video-preview":"max-video-preview:-1"},"canonical":"https:\/\/ppdegalicia.com\/es\/o-parlamento-galego-demanda-que-a-xunta-continue-executando-o-plan-de-monitorizacion-do-xabaril\/","og_locale":"es_ES","og_type":"article","og_title":"O Parlamento galego demanda que a Xunta contin\u00fae executando o plan de monitorizaci\u00f3n do xabaril - PP de Galicia","og_description":"Santiago, 5 de novembro de 2020.- O Parlamento de Galicia aprobou hoxe unha proposici\u00f3n non de lei, logo dunha transacci\u00f3n entre o Grupo Popular e os socialistas, a trav\u00e9s da que se demanda \u00e1 Xunta que contin\u00fae coa execuci\u00f3n do plan de monitorizaci\u00f3n do xabaril para controlar e estabilizar a s\u00faa poboaci\u00f3n, ao tempo que [&hellip;]","og_url":"https:\/\/ppdegalicia.com\/es\/o-parlamento-galego-demanda-que-a-xunta-continue-executando-o-plan-de-monitorizacion-do-xabaril\/","og_site_name":"PP de Galicia","article_publisher":"https:\/\/www.instagram.com\/ppdegalicia\/","article_published_time":"2020-11-05T10:55:14+00:00","og_image":[{"width":1900,"height":1267,"url":"https:\/\/ppdegalicia.com\/wp-content\/uploads\/2020\/11\/7039668d722ecb7c8876eb426d3a8533.jpg","type":"image\/jpeg"}],"author":"ppdegaliciaedtis","twitter_card":"summary_large_image","twitter_creator":"@ppdegalicia","twitter_site":"@ppdegalicia","twitter_misc":{"Escrito por":"ppdegaliciaedtis","Tiempo de lectura":"2 minutos"},"schema":{"@context":"https:\/\/schema.org","@graph":[{"@type":"Article","@id":"https:\/\/ppdegalicia.com\/es\/o-parlamento-galego-demanda-que-a-xunta-continue-executando-o-plan-de-monitorizacion-do-xabaril\/#article","isPartOf":{"@id":"https:\/\/ppdegalicia.com\/es\/o-parlamento-galego-demanda-que-a-xunta-continue-executando-o-plan-de-monitorizacion-do-xabaril\/"},"author":{"name":"ppdegaliciaedtis","@id":"https:\/\/ppdegalicia.com\/es\/#\/schema\/person\/bc9b46e59ebd34bf28611158c3867388"},"headline":"O Parlamento galego demanda que a Xunta contin\u00fae executando o plan de monitorizaci\u00f3n do xabaril","datePublished":"2020-11-05T10:55:14+00:00","mainEntityOfPage":{"@id":"https:\/\/ppdegalicia.com\/es\/o-parlamento-galego-demanda-que-a-xunta-continue-executando-o-plan-de-monitorizacion-do-xabaril\/"},"wordCount":378,"commentCount":0,"publisher":{"@id":"https:\/\/ppdegalicia.com\/es\/#organization"},"image":{"@id":"https:\/\/ppdegalicia.com\/es\/o-parlamento-galego-demanda-que-a-xunta-continue-executando-o-plan-de-monitorizacion-do-xabaril\/#primaryimage"},"thumbnailUrl":"https:\/\/ppdegalicia.com\/wp-content\/uploads\/2020\/11\/7039668d722ecb7c8876eb426d3a8533.jpg","articleSection":["PP de Galicia"],"inLanguage":"es","potentialAction":[{"@type":"CommentAction","name":"Comment","target":["https:\/\/ppdegalicia.com\/es\/o-parlamento-galego-demanda-que-a-xunta-continue-executando-o-plan-de-monitorizacion-do-xabaril\/#respond"]}]},{"@type":"WebPage","@id":"https:\/\/ppdegalicia.com\/es\/o-parlamento-galego-demanda-que-a-xunta-continue-executando-o-plan-de-monitorizacion-do-xabaril\/","url":"https:\/\/ppdegalicia.com\/es\/o-parlamento-galego-demanda-que-a-xunta-continue-executando-o-plan-de-monitorizacion-do-xabaril\/","name":"O Parlamento galego demanda que a Xunta contin\u00fae executando o plan de monitorizaci\u00f3n do xabaril - PP de Galicia","isPartOf":{"@id":"https:\/\/ppdegalicia.com\/es\/#website"},"primaryImageOfPage":{"@id":"https:\/\/ppdegalicia.com\/es\/o-parlamento-galego-demanda-que-a-xunta-continue-executando-o-plan-de-monitorizacion-do-xabaril\/#primaryimage"},"image":{"@id":"https:\/\/ppdegalicia.com\/es\/o-parlamento-galego-demanda-que-a-xunta-continue-executando-o-plan-de-monitorizacion-do-xabaril\/#primaryimage"},"thumbnailUrl":"https:\/\/ppdegalicia.com\/wp-content\/uploads\/2020\/11\/7039668d722ecb7c8876eb426d3a8533.jpg","datePublished":"2020-11-05T10:55:14+00:00","breadcrumb":{"@id":"https:\/\/ppdegalicia.com\/es\/o-parlamento-galego-demanda-que-a-xunta-continue-executando-o-plan-de-monitorizacion-do-xabaril\/#breadcrumb"},"inLanguage":"es","potentialAction":[{"@type":"ReadAction","target":["https:\/\/ppdegalicia.com\/es\/o-parlamento-galego-demanda-que-a-xunta-continue-executando-o-plan-de-monitorizacion-do-xabaril\/"]}]},{"@type":"ImageObject","inLanguage":"es","@id":"https:\/\/ppdegalicia.com\/es\/o-parlamento-galego-demanda-que-a-xunta-continue-executando-o-plan-de-monitorizacion-do-xabaril\/#primaryimage","url":"https:\/\/ppdegalicia.com\/wp-content\/uploads\/2020\/11\/7039668d722ecb7c8876eb426d3a8533.jpg","contentUrl":"https:\/\/ppdegalicia.com\/wp-content\/uploads\/2020\/11\/7039668d722ecb7c8876eb426d3a8533.jpg","width":1900,"height":1267},{"@type":"BreadcrumbList","@id":"https:\/\/ppdegalicia.com\/es\/o-parlamento-galego-demanda-que-a-xunta-continue-executando-o-plan-de-monitorizacion-do-xabaril\/#breadcrumb","itemListElement":[{"@type":"ListItem","position":1,"name":"Portada","item":"https:\/\/ppdegalicia.com\/es\/"},{"@type":"ListItem","position":2,"name":"O Parlamento galego demanda que a Xunta contin\u00fae executando o plan de monitorizaci\u00f3n do xabaril"}]},{"@type":"WebSite","@id":"https:\/\/ppdegalicia.com\/es\/#website","url":"https:\/\/ppdegalicia.com\/es\/","name":"Partido Popular de Galicia","description":"Partido Popular de Galicia","publisher":{"@id":"https:\/\/ppdegalicia.com\/es\/#organization"},"alternateName":"PP de Galicia","potentialAction":[{"@type":"SearchAction","target":{"@type":"EntryPoint","urlTemplate":"https:\/\/ppdegalicia.com\/es\/?s={search_term_string}"},"query-input":{"@type":"PropertyValueSpecification","valueRequired":true,"valueName":"search_term_string"}}],"inLanguage":"es"},{"@type":"Organization","@id":"https:\/\/ppdegalicia.com\/es\/#organization","name":"Partido Popular de Galicia","alternateName":"PP de Galicia","url":"https:\/\/ppdegalicia.com\/es\/","logo":{"@type":"ImageObject","inLanguage":"es","@id":"https:\/\/ppdegalicia.com\/es\/#\/schema\/logo\/image\/","url":"https:\/\/ppdegalicia.com\/wp-content\/uploads\/2023\/04\/logoPP512.png","contentUrl":"https:\/\/ppdegalicia.com\/wp-content\/uploads\/2023\/04\/logoPP512.png","width":512,"height":512,"caption":"Partido Popular de Galicia"},"image":{"@id":"https:\/\/ppdegalicia.com\/es\/#\/schema\/logo\/image\/"},"sameAs":["https:\/\/www.instagram.com\/ppdegalicia\/","https:\/\/x.com\/ppdegalicia","https:\/\/www.tiktok.com\/@ppdegalicia","https:\/\/www.youtube.com\/user\/ppdegalicia"]},{"@type":"Person","@id":"https:\/\/ppdegalicia.com\/es\/#\/schema\/person\/bc9b46e59ebd34bf28611158c3867388","name":"ppdegaliciaedtis","image":{"@type":"ImageObject","inLanguage":"es","@id":"https:\/\/secure.gravatar.com\/avatar\/f9f8cf6e03df54a1b0d04a6b4b8e8c6bd63c10a439752e84d87a5385aefe2ced?s=96&d=mm&r=g","url":"https:\/\/secure.gravatar.com\/avatar\/f9f8cf6e03df54a1b0d04a6b4b8e8c6bd63c10a439752e84d87a5385aefe2ced?s=96&d=mm&r=g","contentUrl":"https:\/\/secure.gravatar.com\/avatar\/f9f8cf6e03df54a1b0d04a6b4b8e8c6bd63c10a439752e84d87a5385aefe2ced?s=96&d=mm&r=g","caption":"ppdegaliciaedtis"},"url":"https:\/\/ppdegalicia.com\/es\/author\/ppdegaliciaedits\/"}]}},"_links":{"self":[{"href":"https:\/\/ppdegalicia.com\/es\/wp-json\/wp\/v2\/posts\/54896","targetHints":{"allow":["GET"]}}],"collection":[{"href":"https:\/\/ppdegalicia.com\/es\/wp-json\/wp\/v2\/posts"}],"about":[{"href":"https:\/\/ppdegalicia.com\/es\/wp-json\/wp\/v2\/types\/post"}],"author":[{"embeddable":true,"href":"https:\/\/ppdegalicia.com\/es\/wp-json\/wp\/v2\/users\/40"}],"replies":[{"embeddable":true,"href":"https:\/\/ppdegalicia.com\/es\/wp-json\/wp\/v2\/comments?post=54896"}],"version-history":[{"count":0,"href":"https:\/\/ppdegalicia.com\/es\/wp-json\/wp\/v2\/posts\/54896\/revisions"}],"wp:featuredmedia":[{"embeddable":true,"href":"https:\/\/ppdegalicia.com\/es\/wp-json\/wp\/v2\/media\/54895"}],"wp:attachment":[{"href":"https:\/\/ppdegalicia.com\/es\/wp-json\/wp\/v2\/media?parent=54896"}],"wp:term":[{"taxonomy":"category","embeddable":true,"href":"https:\/\/ppdegalicia.com\/es\/wp-json\/wp\/v2\/categories?post=54896"},{"taxonomy":"post_tag","embeddable":true,"href":"https:\/\/ppdegalicia.com\/es\/wp-json\/wp\/v2\/tags?post=54896"}],"curies":[{"name":"wp","href":"https:\/\/api.w.org\/{rel}","templated":true}]}}