{"id":54924,"date":"2020-11-11T14:44:27","date_gmt":"2020-11-11T12:44:27","guid":{"rendered":"https:\/\/ppdegalicia.com\/o-ppdeg-demanda-un-reparto-dos-fondos-europeos-serio-e-obxectivo-que-respecte-as-comunidades-e-evite-a-discrecionalidade\/"},"modified":"2020-11-11T14:44:27","modified_gmt":"2020-11-11T12:44:27","slug":"o-ppdeg-demanda-un-reparto-dos-fondos-europeos-serio-e-obxectivo-que-respecte-as-comunidades-e-evite-a-discrecionalidade","status":"publish","type":"post","link":"https:\/\/ppdegalicia.com\/es\/o-ppdeg-demanda-un-reparto-dos-fondos-europeos-serio-e-obxectivo-que-respecte-as-comunidades-e-evite-a-discrecionalidade\/","title":{"rendered":"O PPdeG demanda un reparto dos fondos europeos \u201cserio e obxectivo, que respecte \u00e1s comunidades e evite a discrecionalidade\u201d"},"content":{"rendered":"<p><img fetchpriority=\"high\" decoding=\"async\" class=\" size-full wp-image-54923\" src=\"https:\/\/ppdegalicia.com\/wp-content\/uploads\/2020\/11\/61e89d7b2d91edaee117615a911612e8.jpg\" alt=\"\" width=\"1900\" height=\"1042\" srcset=\"https:\/\/ppdegalicia.com\/wp-content\/uploads\/2020\/11\/61e89d7b2d91edaee117615a911612e8.jpg 1900w, https:\/\/ppdegalicia.com\/wp-content\/uploads\/2020\/11\/61e89d7b2d91edaee117615a911612e8-300x165.jpg 300w, https:\/\/ppdegalicia.com\/wp-content\/uploads\/2020\/11\/61e89d7b2d91edaee117615a911612e8-1024x562.jpg 1024w, https:\/\/ppdegalicia.com\/wp-content\/uploads\/2020\/11\/61e89d7b2d91edaee117615a911612e8-768x421.jpg 768w, https:\/\/ppdegalicia.com\/wp-content\/uploads\/2020\/11\/61e89d7b2d91edaee117615a911612e8-1536x842.jpg 1536w\" sizes=\"(max-width: 1900px) 100vw, 1900px\" \/><\/p>\n<p>Santiago, 11 de novembro de 2020.- O viceportavoz do Grupo Popular, Miguel Tellado, demandou hoxe no Pleno do Parlamento que o reparto dos fondos europeos \u201cserio e obxectivo, que respecte \u00e1s comunidades aut\u00f3nomas, que son as que mellor co\u00f1ecen as s\u00faas necesidades; que sexa xusto e evite a discrecionalidade \u00e1 que nos ten habituados Pedro S\u00e1nchez; e que axude a paliar as desigualdades estruturais, que afondan os danos sociais e econ\u00f3micos desta pandemia\u201d.<\/p>\n<p><!--more--><\/p>\n<p>Neste sentido, anunciou que o Grupo Popular levar\u00e1 a un pr\u00f3ximo Pleno unha proposici\u00f3n non de lei demandando ao Goberno central un sistema de reparto dos fondos europeos baseado na transparencia e na obxectividade; que te\u00f1a en conta os principios de subsidiariedade e goberno multinivel; de concorrencia competitiva; e de cohesi\u00f3n social e territorial.<\/p>\n<p>\u00a0<\/p>\n<p>Miguel Tellado incidiu que \u201cnon nos fiamos do Goberno socialista\u201d, polo que manifestou que \u201ctemos que asegurarnos de recibir os fondos europeos que necesitamos para impulsar a recuperaci\u00f3n social e econ\u00f3mica do noso pa\u00eds e temos que garantir que o Goberno socialista non utiliza os recursos que nos corresponden como moeda de cambio para os seus favores pol\u00edticos, como intenta facer cos presupostos xerais do Estado\u201d.<\/p>\n<p>\u00a0<\/p>\n<p>Neste sentido, considerou \u201cnormal que non nos fiemos porque o Goberno de Pedro S\u00e1nchez deixou tirada a Galicia en cada oportunidade que tivo, negouse a transferir os 200 mill\u00f3ns de euros das mensualidades pendentes do IVE de 2017, as\u00ed como a transferir a Galicia os 170 mill\u00f3ns de euros polo bo desempe\u00f1o fiscal dos anos 2017 e 2018; e acaba de presentar o investimento do Estado en Galicia m\u00e1is baixo dos \u00faltimos quince anos\u201d.<\/p>\n<p>\u00a0<\/p>\n<p><strong>VOCACI\u00d3N DE MENSAXE UN\u00c1NIME<\/strong><\/p>\n<p>\u00a0<\/p>\n<p>No debate dunha proposici\u00f3n non de lei do BNG, \u00e1 que o Grupo Popular presentou unha emenda que non foi aceptada, Tellado avanzou que \u201ceste mesmo texto xa o rexistramos para o seu debate nun pr\u00f3ximo Pleno, coa vocaci\u00f3n de que enviemos ao Goberno de Espa\u00f1a a mensaxe un\u00e1nime de que Galicia debe recibir as axudas que lle correspondan\u201d.<\/p>\n<p>\u00a0<\/p>\n<p>O viceportavoz popular explicou que \u201cdefendemos uns criterios de reparto claros, marcados pola transparencia e a obxectividade, baseados en tres principios\u201d. \u201cEn primeiro lugar, o principio de subsidariedade e a gobernanza multinivel, porque consideramos fundamental que as comunidades aut\u00f3nomas participen na definici\u00f3n dos criterios de reparto e, sobre todo, que os co\u00f1ezan\u201d, dixo.<\/p>\n<p>\u00a0<\/p>\n<p>En segundo lugar, Tellado referiuse ao principio de concorrencia competitiva, para \u201cdisipar calquera risco de discrecionalidade ou arbitrariedade no proceso\u201d. En concreto, apuntou que \u201cdeben establecerse uns criterios serios, transparentes e obxectivos que permitan presentar proxectos viables, que se valoren pola s\u00faa calidade e sen atender a criterios pol\u00edticos\u201d.<\/p>\n<p>\u00a0<\/p>\n<p>Por \u00faltimo, en terceiro lugar, Miguel Tellado defendeu o principio de cohesi\u00f3n social e territorial, \u201cporque debemos compaxinar a concorrencia competitiva cun mapa de axudas coherente coa realidade dos diferentes territorios\u201d. Deste xeito, a distribuci\u00f3n ter\u00eda en conta factores como os niveis de renda per c\u00e1pita, a porcentaxe de poboaci\u00f3n que vive no rural, o reto demogr\u00e1fico ou a transici\u00f3n industrial, \u201ctodos eles retos que non inventamos en Galicia sen\u00f3n que est\u00e1n recomendados pola Uni\u00f3n Europea\u201d.<\/p>\n","protected":false},"excerpt":{"rendered":"<p>Santiago, 11 de novembro de 2020.- O viceportavoz do Grupo Popular, Miguel Tellado, demandou hoxe no Pleno do Parlamento que o reparto dos fondos europeos \u201cserio e obxectivo, que respecte \u00e1s comunidades aut\u00f3nomas, que son as que mellor co\u00f1ecen as s\u00faas necesidades; que sexa xusto e evite a discrecionalidade \u00e1 que nos ten habituados Pedro [&hellip;]<\/p>\n","protected":false},"author":40,"featured_media":54923,"comment_status":"open","ping_status":"open","sticky":false,"template":"","format":"standard","meta":{"_acf_changed":false,"footnotes":""},"categories":[1],"tags":[],"class_list":["post-54924","post","type-post","status-publish","format-standard","has-post-thumbnail","hentry","category-pp-de-galicia"],"acf":[],"yoast_head":"<!-- This site is optimized with the Yoast SEO plugin v27.3 - https:\/\/yoast.com\/product\/yoast-seo-wordpress\/ -->\n<title>O PPdeG demanda un reparto dos fondos europeos \u201cserio e obxectivo, que respecte \u00e1s comunidades e evite a discrecionalidade\u201d - PP de Galicia<\/title>\n<meta name=\"robots\" content=\"index, follow, max-snippet:-1, max-image-preview:large, max-video-preview:-1\" \/>\n<link rel=\"canonical\" href=\"https:\/\/ppdegalicia.com\/es\/o-ppdeg-demanda-un-reparto-dos-fondos-europeos-serio-e-obxectivo-que-respecte-as-comunidades-e-evite-a-discrecionalidade\/\" \/>\n<meta property=\"og:locale\" content=\"es_ES\" \/>\n<meta property=\"og:type\" content=\"article\" \/>\n<meta property=\"og:title\" content=\"O PPdeG demanda un reparto dos fondos europeos \u201cserio e obxectivo, que respecte \u00e1s comunidades e evite a discrecionalidade\u201d - PP de Galicia\" \/>\n<meta property=\"og:description\" content=\"Santiago, 11 de novembro de 2020.- O viceportavoz do Grupo Popular, Miguel Tellado, demandou hoxe no Pleno do Parlamento que o reparto dos fondos europeos \u201cserio e obxectivo, que respecte \u00e1s comunidades aut\u00f3nomas, que son as que mellor co\u00f1ecen as s\u00faas necesidades; que sexa xusto e evite a discrecionalidade \u00e1 que nos ten habituados Pedro [&hellip;]\" \/>\n<meta property=\"og:url\" content=\"https:\/\/ppdegalicia.com\/es\/o-ppdeg-demanda-un-reparto-dos-fondos-europeos-serio-e-obxectivo-que-respecte-as-comunidades-e-evite-a-discrecionalidade\/\" \/>\n<meta property=\"og:site_name\" content=\"PP de Galicia\" \/>\n<meta property=\"article:publisher\" content=\"https:\/\/www.instagram.com\/ppdegalicia\/\" \/>\n<meta property=\"article:published_time\" content=\"2020-11-11T12:44:27+00:00\" \/>\n<meta property=\"og:image\" content=\"https:\/\/ppdegalicia.com\/wp-content\/uploads\/2020\/11\/61e89d7b2d91edaee117615a911612e8.jpg\" \/>\n\t<meta property=\"og:image:width\" content=\"1900\" \/>\n\t<meta property=\"og:image:height\" content=\"1042\" \/>\n\t<meta property=\"og:image:type\" content=\"image\/jpeg\" \/>\n<meta name=\"author\" content=\"ppdegaliciaedtis\" \/>\n<meta name=\"twitter:card\" content=\"summary_large_image\" \/>\n<meta name=\"twitter:creator\" content=\"@ppdegalicia\" \/>\n<meta name=\"twitter:site\" content=\"@ppdegalicia\" \/>\n<meta name=\"twitter:label1\" content=\"Escrito por\" \/>\n\t<meta name=\"twitter:data1\" content=\"ppdegaliciaedtis\" \/>\n\t<meta name=\"twitter:label2\" content=\"Tiempo de lectura\" \/>\n\t<meta name=\"twitter:data2\" content=\"3 minutos\" \/>\n<script type=\"application\/ld+json\" class=\"yoast-schema-graph\">{\"@context\":\"https:\\\/\\\/schema.org\",\"@graph\":[{\"@type\":\"Article\",\"@id\":\"https:\\\/\\\/ppdegalicia.com\\\/es\\\/o-ppdeg-demanda-un-reparto-dos-fondos-europeos-serio-e-obxectivo-que-respecte-as-comunidades-e-evite-a-discrecionalidade\\\/#article\",\"isPartOf\":{\"@id\":\"https:\\\/\\\/ppdegalicia.com\\\/es\\\/o-ppdeg-demanda-un-reparto-dos-fondos-europeos-serio-e-obxectivo-que-respecte-as-comunidades-e-evite-a-discrecionalidade\\\/\"},\"author\":{\"name\":\"ppdegaliciaedtis\",\"@id\":\"https:\\\/\\\/ppdegalicia.com\\\/es\\\/#\\\/schema\\\/person\\\/bc9b46e59ebd34bf28611158c3867388\"},\"headline\":\"O PPdeG demanda un reparto dos fondos europeos \u201cserio e obxectivo, que respecte \u00e1s comunidades e evite a discrecionalidade\u201d\",\"datePublished\":\"2020-11-11T12:44:27+00:00\",\"mainEntityOfPage\":{\"@id\":\"https:\\\/\\\/ppdegalicia.com\\\/es\\\/o-ppdeg-demanda-un-reparto-dos-fondos-europeos-serio-e-obxectivo-que-respecte-as-comunidades-e-evite-a-discrecionalidade\\\/\"},\"wordCount\":559,\"commentCount\":0,\"publisher\":{\"@id\":\"https:\\\/\\\/ppdegalicia.com\\\/es\\\/#organization\"},\"image\":{\"@id\":\"https:\\\/\\\/ppdegalicia.com\\\/es\\\/o-ppdeg-demanda-un-reparto-dos-fondos-europeos-serio-e-obxectivo-que-respecte-as-comunidades-e-evite-a-discrecionalidade\\\/#primaryimage\"},\"thumbnailUrl\":\"https:\\\/\\\/ppdegalicia.com\\\/wp-content\\\/uploads\\\/2020\\\/11\\\/61e89d7b2d91edaee117615a911612e8.jpg\",\"articleSection\":[\"PP de Galicia\"],\"inLanguage\":\"es\",\"potentialAction\":[{\"@type\":\"CommentAction\",\"name\":\"Comment\",\"target\":[\"https:\\\/\\\/ppdegalicia.com\\\/es\\\/o-ppdeg-demanda-un-reparto-dos-fondos-europeos-serio-e-obxectivo-que-respecte-as-comunidades-e-evite-a-discrecionalidade\\\/#respond\"]}]},{\"@type\":\"WebPage\",\"@id\":\"https:\\\/\\\/ppdegalicia.com\\\/es\\\/o-ppdeg-demanda-un-reparto-dos-fondos-europeos-serio-e-obxectivo-que-respecte-as-comunidades-e-evite-a-discrecionalidade\\\/\",\"url\":\"https:\\\/\\\/ppdegalicia.com\\\/es\\\/o-ppdeg-demanda-un-reparto-dos-fondos-europeos-serio-e-obxectivo-que-respecte-as-comunidades-e-evite-a-discrecionalidade\\\/\",\"name\":\"O PPdeG demanda un reparto dos fondos europeos \u201cserio e obxectivo, que respecte \u00e1s comunidades e evite a discrecionalidade\u201d - PP de Galicia\",\"isPartOf\":{\"@id\":\"https:\\\/\\\/ppdegalicia.com\\\/es\\\/#website\"},\"primaryImageOfPage\":{\"@id\":\"https:\\\/\\\/ppdegalicia.com\\\/es\\\/o-ppdeg-demanda-un-reparto-dos-fondos-europeos-serio-e-obxectivo-que-respecte-as-comunidades-e-evite-a-discrecionalidade\\\/#primaryimage\"},\"image\":{\"@id\":\"https:\\\/\\\/ppdegalicia.com\\\/es\\\/o-ppdeg-demanda-un-reparto-dos-fondos-europeos-serio-e-obxectivo-que-respecte-as-comunidades-e-evite-a-discrecionalidade\\\/#primaryimage\"},\"thumbnailUrl\":\"https:\\\/\\\/ppdegalicia.com\\\/wp-content\\\/uploads\\\/2020\\\/11\\\/61e89d7b2d91edaee117615a911612e8.jpg\",\"datePublished\":\"2020-11-11T12:44:27+00:00\",\"breadcrumb\":{\"@id\":\"https:\\\/\\\/ppdegalicia.com\\\/es\\\/o-ppdeg-demanda-un-reparto-dos-fondos-europeos-serio-e-obxectivo-que-respecte-as-comunidades-e-evite-a-discrecionalidade\\\/#breadcrumb\"},\"inLanguage\":\"es\",\"potentialAction\":[{\"@type\":\"ReadAction\",\"target\":[\"https:\\\/\\\/ppdegalicia.com\\\/es\\\/o-ppdeg-demanda-un-reparto-dos-fondos-europeos-serio-e-obxectivo-que-respecte-as-comunidades-e-evite-a-discrecionalidade\\\/\"]}]},{\"@type\":\"ImageObject\",\"inLanguage\":\"es\",\"@id\":\"https:\\\/\\\/ppdegalicia.com\\\/es\\\/o-ppdeg-demanda-un-reparto-dos-fondos-europeos-serio-e-obxectivo-que-respecte-as-comunidades-e-evite-a-discrecionalidade\\\/#primaryimage\",\"url\":\"https:\\\/\\\/ppdegalicia.com\\\/wp-content\\\/uploads\\\/2020\\\/11\\\/61e89d7b2d91edaee117615a911612e8.jpg\",\"contentUrl\":\"https:\\\/\\\/ppdegalicia.com\\\/wp-content\\\/uploads\\\/2020\\\/11\\\/61e89d7b2d91edaee117615a911612e8.jpg\",\"width\":1900,\"height\":1042},{\"@type\":\"BreadcrumbList\",\"@id\":\"https:\\\/\\\/ppdegalicia.com\\\/es\\\/o-ppdeg-demanda-un-reparto-dos-fondos-europeos-serio-e-obxectivo-que-respecte-as-comunidades-e-evite-a-discrecionalidade\\\/#breadcrumb\",\"itemListElement\":[{\"@type\":\"ListItem\",\"position\":1,\"name\":\"Portada\",\"item\":\"https:\\\/\\\/ppdegalicia.com\\\/es\\\/\"},{\"@type\":\"ListItem\",\"position\":2,\"name\":\"O PPdeG demanda un reparto dos fondos europeos \u201cserio e obxectivo, que respecte \u00e1s comunidades e evite a discrecionalidade\u201d\"}]},{\"@type\":\"WebSite\",\"@id\":\"https:\\\/\\\/ppdegalicia.com\\\/es\\\/#website\",\"url\":\"https:\\\/\\\/ppdegalicia.com\\\/es\\\/\",\"name\":\"Partido Popular de Galicia\",\"description\":\"Partido Popular de Galicia\",\"publisher\":{\"@id\":\"https:\\\/\\\/ppdegalicia.com\\\/es\\\/#organization\"},\"alternateName\":\"PP de Galicia\",\"potentialAction\":[{\"@type\":\"SearchAction\",\"target\":{\"@type\":\"EntryPoint\",\"urlTemplate\":\"https:\\\/\\\/ppdegalicia.com\\\/es\\\/?s={search_term_string}\"},\"query-input\":{\"@type\":\"PropertyValueSpecification\",\"valueRequired\":true,\"valueName\":\"search_term_string\"}}],\"inLanguage\":\"es\"},{\"@type\":\"Organization\",\"@id\":\"https:\\\/\\\/ppdegalicia.com\\\/es\\\/#organization\",\"name\":\"Partido Popular de Galicia\",\"alternateName\":\"PP de Galicia\",\"url\":\"https:\\\/\\\/ppdegalicia.com\\\/es\\\/\",\"logo\":{\"@type\":\"ImageObject\",\"inLanguage\":\"es\",\"@id\":\"https:\\\/\\\/ppdegalicia.com\\\/es\\\/#\\\/schema\\\/logo\\\/image\\\/\",\"url\":\"https:\\\/\\\/ppdegalicia.com\\\/wp-content\\\/uploads\\\/2023\\\/04\\\/logoPP512.png\",\"contentUrl\":\"https:\\\/\\\/ppdegalicia.com\\\/wp-content\\\/uploads\\\/2023\\\/04\\\/logoPP512.png\",\"width\":512,\"height\":512,\"caption\":\"Partido Popular de Galicia\"},\"image\":{\"@id\":\"https:\\\/\\\/ppdegalicia.com\\\/es\\\/#\\\/schema\\\/logo\\\/image\\\/\"},\"sameAs\":[\"https:\\\/\\\/www.instagram.com\\\/ppdegalicia\\\/\",\"https:\\\/\\\/x.com\\\/ppdegalicia\",\"https:\\\/\\\/www.tiktok.com\\\/@ppdegalicia\",\"https:\\\/\\\/www.youtube.com\\\/user\\\/ppdegalicia\"]},{\"@type\":\"Person\",\"@id\":\"https:\\\/\\\/ppdegalicia.com\\\/es\\\/#\\\/schema\\\/person\\\/bc9b46e59ebd34bf28611158c3867388\",\"name\":\"ppdegaliciaedtis\",\"image\":{\"@type\":\"ImageObject\",\"inLanguage\":\"es\",\"@id\":\"https:\\\/\\\/secure.gravatar.com\\\/avatar\\\/f9f8cf6e03df54a1b0d04a6b4b8e8c6bd63c10a439752e84d87a5385aefe2ced?s=96&d=mm&r=g\",\"url\":\"https:\\\/\\\/secure.gravatar.com\\\/avatar\\\/f9f8cf6e03df54a1b0d04a6b4b8e8c6bd63c10a439752e84d87a5385aefe2ced?s=96&d=mm&r=g\",\"contentUrl\":\"https:\\\/\\\/secure.gravatar.com\\\/avatar\\\/f9f8cf6e03df54a1b0d04a6b4b8e8c6bd63c10a439752e84d87a5385aefe2ced?s=96&d=mm&r=g\",\"caption\":\"ppdegaliciaedtis\"},\"url\":\"https:\\\/\\\/ppdegalicia.com\\\/es\\\/author\\\/ppdegaliciaedits\\\/\"}]}<\/script>\n<!-- \/ Yoast SEO plugin. -->","yoast_head_json":{"title":"O PPdeG demanda un reparto dos fondos europeos \u201cserio e obxectivo, que respecte \u00e1s comunidades e evite a discrecionalidade\u201d - PP de Galicia","robots":{"index":"index","follow":"follow","max-snippet":"max-snippet:-1","max-image-preview":"max-image-preview:large","max-video-preview":"max-video-preview:-1"},"canonical":"https:\/\/ppdegalicia.com\/es\/o-ppdeg-demanda-un-reparto-dos-fondos-europeos-serio-e-obxectivo-que-respecte-as-comunidades-e-evite-a-discrecionalidade\/","og_locale":"es_ES","og_type":"article","og_title":"O PPdeG demanda un reparto dos fondos europeos \u201cserio e obxectivo, que respecte \u00e1s comunidades e evite a discrecionalidade\u201d - PP de Galicia","og_description":"Santiago, 11 de novembro de 2020.- O viceportavoz do Grupo Popular, Miguel Tellado, demandou hoxe no Pleno do Parlamento que o reparto dos fondos europeos \u201cserio e obxectivo, que respecte \u00e1s comunidades aut\u00f3nomas, que son as que mellor co\u00f1ecen as s\u00faas necesidades; que sexa xusto e evite a discrecionalidade \u00e1 que nos ten habituados Pedro [&hellip;]","og_url":"https:\/\/ppdegalicia.com\/es\/o-ppdeg-demanda-un-reparto-dos-fondos-europeos-serio-e-obxectivo-que-respecte-as-comunidades-e-evite-a-discrecionalidade\/","og_site_name":"PP de Galicia","article_publisher":"https:\/\/www.instagram.com\/ppdegalicia\/","article_published_time":"2020-11-11T12:44:27+00:00","og_image":[{"width":1900,"height":1042,"url":"https:\/\/ppdegalicia.com\/wp-content\/uploads\/2020\/11\/61e89d7b2d91edaee117615a911612e8.jpg","type":"image\/jpeg"}],"author":"ppdegaliciaedtis","twitter_card":"summary_large_image","twitter_creator":"@ppdegalicia","twitter_site":"@ppdegalicia","twitter_misc":{"Escrito por":"ppdegaliciaedtis","Tiempo de lectura":"3 minutos"},"schema":{"@context":"https:\/\/schema.org","@graph":[{"@type":"Article","@id":"https:\/\/ppdegalicia.com\/es\/o-ppdeg-demanda-un-reparto-dos-fondos-europeos-serio-e-obxectivo-que-respecte-as-comunidades-e-evite-a-discrecionalidade\/#article","isPartOf":{"@id":"https:\/\/ppdegalicia.com\/es\/o-ppdeg-demanda-un-reparto-dos-fondos-europeos-serio-e-obxectivo-que-respecte-as-comunidades-e-evite-a-discrecionalidade\/"},"author":{"name":"ppdegaliciaedtis","@id":"https:\/\/ppdegalicia.com\/es\/#\/schema\/person\/bc9b46e59ebd34bf28611158c3867388"},"headline":"O PPdeG demanda un reparto dos fondos europeos \u201cserio e obxectivo, que respecte \u00e1s comunidades e evite a discrecionalidade\u201d","datePublished":"2020-11-11T12:44:27+00:00","mainEntityOfPage":{"@id":"https:\/\/ppdegalicia.com\/es\/o-ppdeg-demanda-un-reparto-dos-fondos-europeos-serio-e-obxectivo-que-respecte-as-comunidades-e-evite-a-discrecionalidade\/"},"wordCount":559,"commentCount":0,"publisher":{"@id":"https:\/\/ppdegalicia.com\/es\/#organization"},"image":{"@id":"https:\/\/ppdegalicia.com\/es\/o-ppdeg-demanda-un-reparto-dos-fondos-europeos-serio-e-obxectivo-que-respecte-as-comunidades-e-evite-a-discrecionalidade\/#primaryimage"},"thumbnailUrl":"https:\/\/ppdegalicia.com\/wp-content\/uploads\/2020\/11\/61e89d7b2d91edaee117615a911612e8.jpg","articleSection":["PP de Galicia"],"inLanguage":"es","potentialAction":[{"@type":"CommentAction","name":"Comment","target":["https:\/\/ppdegalicia.com\/es\/o-ppdeg-demanda-un-reparto-dos-fondos-europeos-serio-e-obxectivo-que-respecte-as-comunidades-e-evite-a-discrecionalidade\/#respond"]}]},{"@type":"WebPage","@id":"https:\/\/ppdegalicia.com\/es\/o-ppdeg-demanda-un-reparto-dos-fondos-europeos-serio-e-obxectivo-que-respecte-as-comunidades-e-evite-a-discrecionalidade\/","url":"https:\/\/ppdegalicia.com\/es\/o-ppdeg-demanda-un-reparto-dos-fondos-europeos-serio-e-obxectivo-que-respecte-as-comunidades-e-evite-a-discrecionalidade\/","name":"O PPdeG demanda un reparto dos fondos europeos \u201cserio e obxectivo, que respecte \u00e1s comunidades e evite a discrecionalidade\u201d - PP de Galicia","isPartOf":{"@id":"https:\/\/ppdegalicia.com\/es\/#website"},"primaryImageOfPage":{"@id":"https:\/\/ppdegalicia.com\/es\/o-ppdeg-demanda-un-reparto-dos-fondos-europeos-serio-e-obxectivo-que-respecte-as-comunidades-e-evite-a-discrecionalidade\/#primaryimage"},"image":{"@id":"https:\/\/ppdegalicia.com\/es\/o-ppdeg-demanda-un-reparto-dos-fondos-europeos-serio-e-obxectivo-que-respecte-as-comunidades-e-evite-a-discrecionalidade\/#primaryimage"},"thumbnailUrl":"https:\/\/ppdegalicia.com\/wp-content\/uploads\/2020\/11\/61e89d7b2d91edaee117615a911612e8.jpg","datePublished":"2020-11-11T12:44:27+00:00","breadcrumb":{"@id":"https:\/\/ppdegalicia.com\/es\/o-ppdeg-demanda-un-reparto-dos-fondos-europeos-serio-e-obxectivo-que-respecte-as-comunidades-e-evite-a-discrecionalidade\/#breadcrumb"},"inLanguage":"es","potentialAction":[{"@type":"ReadAction","target":["https:\/\/ppdegalicia.com\/es\/o-ppdeg-demanda-un-reparto-dos-fondos-europeos-serio-e-obxectivo-que-respecte-as-comunidades-e-evite-a-discrecionalidade\/"]}]},{"@type":"ImageObject","inLanguage":"es","@id":"https:\/\/ppdegalicia.com\/es\/o-ppdeg-demanda-un-reparto-dos-fondos-europeos-serio-e-obxectivo-que-respecte-as-comunidades-e-evite-a-discrecionalidade\/#primaryimage","url":"https:\/\/ppdegalicia.com\/wp-content\/uploads\/2020\/11\/61e89d7b2d91edaee117615a911612e8.jpg","contentUrl":"https:\/\/ppdegalicia.com\/wp-content\/uploads\/2020\/11\/61e89d7b2d91edaee117615a911612e8.jpg","width":1900,"height":1042},{"@type":"BreadcrumbList","@id":"https:\/\/ppdegalicia.com\/es\/o-ppdeg-demanda-un-reparto-dos-fondos-europeos-serio-e-obxectivo-que-respecte-as-comunidades-e-evite-a-discrecionalidade\/#breadcrumb","itemListElement":[{"@type":"ListItem","position":1,"name":"Portada","item":"https:\/\/ppdegalicia.com\/es\/"},{"@type":"ListItem","position":2,"name":"O PPdeG demanda un reparto dos fondos europeos \u201cserio e obxectivo, que respecte \u00e1s comunidades e evite a discrecionalidade\u201d"}]},{"@type":"WebSite","@id":"https:\/\/ppdegalicia.com\/es\/#website","url":"https:\/\/ppdegalicia.com\/es\/","name":"Partido Popular de Galicia","description":"Partido Popular de Galicia","publisher":{"@id":"https:\/\/ppdegalicia.com\/es\/#organization"},"alternateName":"PP de Galicia","potentialAction":[{"@type":"SearchAction","target":{"@type":"EntryPoint","urlTemplate":"https:\/\/ppdegalicia.com\/es\/?s={search_term_string}"},"query-input":{"@type":"PropertyValueSpecification","valueRequired":true,"valueName":"search_term_string"}}],"inLanguage":"es"},{"@type":"Organization","@id":"https:\/\/ppdegalicia.com\/es\/#organization","name":"Partido Popular de Galicia","alternateName":"PP de Galicia","url":"https:\/\/ppdegalicia.com\/es\/","logo":{"@type":"ImageObject","inLanguage":"es","@id":"https:\/\/ppdegalicia.com\/es\/#\/schema\/logo\/image\/","url":"https:\/\/ppdegalicia.com\/wp-content\/uploads\/2023\/04\/logoPP512.png","contentUrl":"https:\/\/ppdegalicia.com\/wp-content\/uploads\/2023\/04\/logoPP512.png","width":512,"height":512,"caption":"Partido Popular de Galicia"},"image":{"@id":"https:\/\/ppdegalicia.com\/es\/#\/schema\/logo\/image\/"},"sameAs":["https:\/\/www.instagram.com\/ppdegalicia\/","https:\/\/x.com\/ppdegalicia","https:\/\/www.tiktok.com\/@ppdegalicia","https:\/\/www.youtube.com\/user\/ppdegalicia"]},{"@type":"Person","@id":"https:\/\/ppdegalicia.com\/es\/#\/schema\/person\/bc9b46e59ebd34bf28611158c3867388","name":"ppdegaliciaedtis","image":{"@type":"ImageObject","inLanguage":"es","@id":"https:\/\/secure.gravatar.com\/avatar\/f9f8cf6e03df54a1b0d04a6b4b8e8c6bd63c10a439752e84d87a5385aefe2ced?s=96&d=mm&r=g","url":"https:\/\/secure.gravatar.com\/avatar\/f9f8cf6e03df54a1b0d04a6b4b8e8c6bd63c10a439752e84d87a5385aefe2ced?s=96&d=mm&r=g","contentUrl":"https:\/\/secure.gravatar.com\/avatar\/f9f8cf6e03df54a1b0d04a6b4b8e8c6bd63c10a439752e84d87a5385aefe2ced?s=96&d=mm&r=g","caption":"ppdegaliciaedtis"},"url":"https:\/\/ppdegalicia.com\/es\/author\/ppdegaliciaedits\/"}]}},"_links":{"self":[{"href":"https:\/\/ppdegalicia.com\/es\/wp-json\/wp\/v2\/posts\/54924","targetHints":{"allow":["GET"]}}],"collection":[{"href":"https:\/\/ppdegalicia.com\/es\/wp-json\/wp\/v2\/posts"}],"about":[{"href":"https:\/\/ppdegalicia.com\/es\/wp-json\/wp\/v2\/types\/post"}],"author":[{"embeddable":true,"href":"https:\/\/ppdegalicia.com\/es\/wp-json\/wp\/v2\/users\/40"}],"replies":[{"embeddable":true,"href":"https:\/\/ppdegalicia.com\/es\/wp-json\/wp\/v2\/comments?post=54924"}],"version-history":[{"count":0,"href":"https:\/\/ppdegalicia.com\/es\/wp-json\/wp\/v2\/posts\/54924\/revisions"}],"wp:featuredmedia":[{"embeddable":true,"href":"https:\/\/ppdegalicia.com\/es\/wp-json\/wp\/v2\/media\/54923"}],"wp:attachment":[{"href":"https:\/\/ppdegalicia.com\/es\/wp-json\/wp\/v2\/media?parent=54924"}],"wp:term":[{"taxonomy":"category","embeddable":true,"href":"https:\/\/ppdegalicia.com\/es\/wp-json\/wp\/v2\/categories?post=54924"},{"taxonomy":"post_tag","embeddable":true,"href":"https:\/\/ppdegalicia.com\/es\/wp-json\/wp\/v2\/tags?post=54924"}],"curies":[{"name":"wp","href":"https:\/\/api.w.org\/{rel}","templated":true}]}}