{"id":54970,"date":"2020-11-18T09:31:11","date_gmt":"2020-11-18T07:31:11","guid":{"rendered":"https:\/\/ppdegalicia.com\/iniciativa-sobre-mellora-tecnoloxica-dos-equipos-de-diagnostico-e-dos-bloques-cirurxicos-no-sistema-sanitario\/"},"modified":"2020-11-18T09:31:11","modified_gmt":"2020-11-18T07:31:11","slug":"iniciativa-sobre-mellora-tecnoloxica-dos-equipos-de-diagnostico-e-dos-bloques-cirurxicos-no-sistema-sanitario","status":"publish","type":"post","link":"https:\/\/ppdegalicia.com\/es\/iniciativa-sobre-mellora-tecnoloxica-dos-equipos-de-diagnostico-e-dos-bloques-cirurxicos-no-sistema-sanitario\/","title":{"rendered":"Iniciativa sobre mellora tecnol\u00f3xica dos equipos de diagn\u00f3stico e dos bloques cir\u00farxicos no sistema sanitario"},"content":{"rendered":"<p><img fetchpriority=\"high\" decoding=\"async\" class=\" size-full wp-image-54969\" src=\"https:\/\/ppdegalicia.com\/wp-content\/uploads\/2020\/11\/4674a122f5d70b9fcf3bc0df18412e62-scaled.jpg\" alt=\"\" width=\"2560\" height=\"1696\" srcset=\"https:\/\/ppdegalicia.com\/wp-content\/uploads\/2020\/11\/4674a122f5d70b9fcf3bc0df18412e62-scaled.jpg 2560w, https:\/\/ppdegalicia.com\/wp-content\/uploads\/2020\/11\/4674a122f5d70b9fcf3bc0df18412e62-300x199.jpg 300w, https:\/\/ppdegalicia.com\/wp-content\/uploads\/2020\/11\/4674a122f5d70b9fcf3bc0df18412e62-1024x678.jpg 1024w, https:\/\/ppdegalicia.com\/wp-content\/uploads\/2020\/11\/4674a122f5d70b9fcf3bc0df18412e62-768x509.jpg 768w, https:\/\/ppdegalicia.com\/wp-content\/uploads\/2020\/11\/4674a122f5d70b9fcf3bc0df18412e62-1536x1017.jpg 1536w, https:\/\/ppdegalicia.com\/wp-content\/uploads\/2020\/11\/4674a122f5d70b9fcf3bc0df18412e62-2048x1356.jpg 2048w\" sizes=\"(max-width: 2560px) 100vw, 2560px\" \/><\/p>\n<p>\u00a0<\/p>\n<p>Iniciativa sobre o desenvolvemento polo Goberno galego dun procedemento integral de mellora tecnol\u00f3xica dos equipos de diagn\u00f3stico e dos bloques cir\u00farxicos no sistema sanitario\u00a0<\/p>\n<p><!--more--><\/p>\n<p>A dixitalizaci\u00f3n foi un dos piares fundamentais da mellora da asistencia sanitaria que ten experimentado Galicia nos \u00faltimos anos. A extensi\u00f3n do sistema IANUS de historia cl\u00ednica electr\u00f3nica e do sistema de receita electr\u00f3nica foi un paso de xigante tanto na sistematizaci\u00f3n da informaci\u00f3n por parte dos profesionais como na comodidade para o paciente. En 2009, s\u00f3 3 de cada 1000 receitas se exped\u00edan de xeito electr\u00f3nico. Hoxe practicamente o 100%.<\/p>\n<p>Asemade, impulsouse a e-interconsulta, que permite un di\u00e1logo permanente entre a Atenci\u00f3n Primaria e Especializada e os distintos servizos hospitalarios, implant\u00e1ronse no 100% dos centros de sa\u00fade soluci\u00f3ns de telemedicina e dixitalizouse a imaxe m\u00e9dica xerada no SERGAS, facilitando o acceso de probas como as radiograf\u00edas desde calquera centro sanitario.<\/p>\n<p>Por outra banda creouse TELEA, unha plataforma de xesti\u00f3n da cronicidade que contrib\u00fae a unha atenci\u00f3n primaria m\u00e1is proactiva. En 2019 a porcentaxe de centros que te\u00f1en instalado TELEA chegara xa ao 100%, o que ser\u00eda de vital importancia cando a comezos de 2020 irrompeu a pandemia da covid-19.<\/p>\n<p>Paralelamente, en 2015 p\u00faxose en marcha o maior investimento do SERGAS en tecnolox\u00eda: 78,5 M\u20ac a trav\u00e9s do Socio Tecnol\u00f3xico para a renovaci\u00f3n de equipamento. Unha importante aposta t\u00e9cnica ao establecer o maior nivel tecnol\u00f3xico posible dentro dos est\u00e1ndares de dotaci\u00f3n definidos polo Sergas, mantelo no tempo e adecualo \u00e1s necesidades das diferentes tipolox\u00edas de centros sanitarios.<br \/>Na anterior lexislatura, os hospitais da Coru\u00f1a e Vigo estrearon os primeiros quir\u00f3fanos h\u00edbridos. Na actual, os centros hospitalarios precisan de novas melloras para incorporar a tecnolox\u00eda m\u00e1is punteira e por iso o Partido Popular de Galicia inclu\u00edu no seu programa electoral para as elecci\u00f3ns auton\u00f3micas de 2020 iniciativas como a incorporaci\u00f3n da cirurx\u00eda robotizada ou de melloras nas ferramentas de imaxe diagn\u00f3stica.<\/p>\n<p>En anteriores ocasi\u00f3ns, tanto en debates espec\u00edficos sobre o tema como nas s\u00faas emendas na tramitaci\u00f3ns das leis de orzamentos, os grupos da oposici\u00f3n sempre expresaron reticencias e desconfianza ao respecto dos fondos que a Xunta e o SERGAS destinaban \u00e1 modernizaci\u00f3n tecnol\u00f3xica do sistema de sa\u00fade galego.<\/p>\n<p>Por iso, e na perspectiva das posibles candidaturas \u00e1 obtenci\u00f3n de fondos estatais e europeos para este punto, o Grupo Parlamentario Popular cre oportuno acadar un acordo parlamentario que dea un mandato \u00e1 Xunta para priorizar este investimento.<\/p>\n<p>Por todo o exposto, desde este Grupo Parlamentario, presentamos a seguinte proposici\u00f3n non de lei en Comisi\u00f3n:<\/p>\n<p><strong>\u201cO Parlamento de Galicia insta \u00e1 Xunta de Galicia a desenvolver un procedemento integral de mellora tecnol\u00f3xica dos equipos de diagn\u00f3stico e dos bloques cir\u00farxicos destinado \u00e1 adquisici\u00f3n de tecnolox\u00eda punteira de diagn\u00f3stico por imaxe e ecograf\u00eda as\u00ed como \u00e1 instalaci\u00f3n de quir\u00f3fanos intelixentes e robots cir\u00farxicos que faciliten a realizaci\u00f3n de t\u00e9cnicas cir\u00farxicas menos invasivas e de maior precisi\u00f3n\u201d.<\/strong><\/p>\n","protected":false},"excerpt":{"rendered":"<p>\u00a0 Iniciativa sobre o desenvolvemento polo Goberno galego dun procedemento integral de mellora tecnol\u00f3xica dos equipos de diagn\u00f3stico e dos bloques cir\u00farxicos no sistema sanitario\u00a0<\/p>\n","protected":false},"author":40,"featured_media":54969,"comment_status":"open","ping_status":"open","sticky":false,"template":"","format":"standard","meta":{"_acf_changed":false,"footnotes":""},"categories":[1128,1],"tags":[],"class_list":["post-54970","post","type-post","status-publish","format-standard","has-post-thumbnail","hentry","category-actualidad-parlamento-de-galicia","category-pp-de-galicia"],"acf":[],"yoast_head":"<!-- This site is optimized with the Yoast SEO plugin v27.3 - https:\/\/yoast.com\/product\/yoast-seo-wordpress\/ -->\n<title>Iniciativa sobre mellora tecnol\u00f3xica dos equipos de diagn\u00f3stico e dos bloques cir\u00farxicos no sistema sanitario - PP de Galicia<\/title>\n<meta name=\"robots\" content=\"index, follow, max-snippet:-1, max-image-preview:large, max-video-preview:-1\" \/>\n<link rel=\"canonical\" href=\"https:\/\/ppdegalicia.com\/es\/iniciativa-sobre-mellora-tecnoloxica-dos-equipos-de-diagnostico-e-dos-bloques-cirurxicos-no-sistema-sanitario\/\" \/>\n<meta property=\"og:locale\" content=\"es_ES\" \/>\n<meta property=\"og:type\" content=\"article\" \/>\n<meta property=\"og:title\" content=\"Iniciativa sobre mellora tecnol\u00f3xica dos equipos de diagn\u00f3stico e dos bloques cir\u00farxicos no sistema sanitario - PP de Galicia\" \/>\n<meta property=\"og:description\" content=\"\u00a0 Iniciativa sobre o desenvolvemento polo Goberno galego dun procedemento integral de mellora tecnol\u00f3xica dos equipos de diagn\u00f3stico e dos bloques cir\u00farxicos no sistema sanitario\u00a0\" \/>\n<meta property=\"og:url\" content=\"https:\/\/ppdegalicia.com\/es\/iniciativa-sobre-mellora-tecnoloxica-dos-equipos-de-diagnostico-e-dos-bloques-cirurxicos-no-sistema-sanitario\/\" \/>\n<meta property=\"og:site_name\" content=\"PP de Galicia\" \/>\n<meta property=\"article:publisher\" content=\"https:\/\/www.instagram.com\/ppdegalicia\/\" \/>\n<meta property=\"article:published_time\" content=\"2020-11-18T07:31:11+00:00\" \/>\n<meta property=\"og:image\" content=\"https:\/\/ppdegalicia.com\/wp-content\/uploads\/2020\/11\/4674a122f5d70b9fcf3bc0df18412e62-scaled.jpg\" \/>\n\t<meta property=\"og:image:width\" content=\"2560\" \/>\n\t<meta property=\"og:image:height\" content=\"1696\" \/>\n\t<meta property=\"og:image:type\" content=\"image\/jpeg\" \/>\n<meta name=\"author\" content=\"ppdegaliciaedtis\" \/>\n<meta name=\"twitter:card\" content=\"summary_large_image\" \/>\n<meta name=\"twitter:creator\" content=\"@ppdegalicia\" \/>\n<meta name=\"twitter:site\" content=\"@ppdegalicia\" \/>\n<meta name=\"twitter:label1\" content=\"Escrito por\" \/>\n\t<meta name=\"twitter:data1\" content=\"ppdegaliciaedtis\" \/>\n\t<meta name=\"twitter:label2\" content=\"Tiempo de lectura\" \/>\n\t<meta name=\"twitter:data2\" content=\"3 minutos\" \/>\n<script type=\"application\/ld+json\" class=\"yoast-schema-graph\">{\"@context\":\"https:\\\/\\\/schema.org\",\"@graph\":[{\"@type\":\"Article\",\"@id\":\"https:\\\/\\\/ppdegalicia.com\\\/es\\\/iniciativa-sobre-mellora-tecnoloxica-dos-equipos-de-diagnostico-e-dos-bloques-cirurxicos-no-sistema-sanitario\\\/#article\",\"isPartOf\":{\"@id\":\"https:\\\/\\\/ppdegalicia.com\\\/es\\\/iniciativa-sobre-mellora-tecnoloxica-dos-equipos-de-diagnostico-e-dos-bloques-cirurxicos-no-sistema-sanitario\\\/\"},\"author\":{\"name\":\"ppdegaliciaedtis\",\"@id\":\"https:\\\/\\\/ppdegalicia.com\\\/es\\\/#\\\/schema\\\/person\\\/bc9b46e59ebd34bf28611158c3867388\"},\"headline\":\"Iniciativa sobre mellora tecnol\u00f3xica dos equipos de diagn\u00f3stico e dos bloques cir\u00farxicos no sistema sanitario\",\"datePublished\":\"2020-11-18T07:31:11+00:00\",\"mainEntityOfPage\":{\"@id\":\"https:\\\/\\\/ppdegalicia.com\\\/es\\\/iniciativa-sobre-mellora-tecnoloxica-dos-equipos-de-diagnostico-e-dos-bloques-cirurxicos-no-sistema-sanitario\\\/\"},\"wordCount\":549,\"commentCount\":0,\"publisher\":{\"@id\":\"https:\\\/\\\/ppdegalicia.com\\\/es\\\/#organization\"},\"image\":{\"@id\":\"https:\\\/\\\/ppdegalicia.com\\\/es\\\/iniciativa-sobre-mellora-tecnoloxica-dos-equipos-de-diagnostico-e-dos-bloques-cirurxicos-no-sistema-sanitario\\\/#primaryimage\"},\"thumbnailUrl\":\"https:\\\/\\\/ppdegalicia.com\\\/wp-content\\\/uploads\\\/2020\\\/11\\\/4674a122f5d70b9fcf3bc0df18412e62-scaled.jpg\",\"articleSection\":[\"Parlamento de Galicia\",\"PP de Galicia\"],\"inLanguage\":\"es\",\"potentialAction\":[{\"@type\":\"CommentAction\",\"name\":\"Comment\",\"target\":[\"https:\\\/\\\/ppdegalicia.com\\\/es\\\/iniciativa-sobre-mellora-tecnoloxica-dos-equipos-de-diagnostico-e-dos-bloques-cirurxicos-no-sistema-sanitario\\\/#respond\"]}]},{\"@type\":\"WebPage\",\"@id\":\"https:\\\/\\\/ppdegalicia.com\\\/es\\\/iniciativa-sobre-mellora-tecnoloxica-dos-equipos-de-diagnostico-e-dos-bloques-cirurxicos-no-sistema-sanitario\\\/\",\"url\":\"https:\\\/\\\/ppdegalicia.com\\\/es\\\/iniciativa-sobre-mellora-tecnoloxica-dos-equipos-de-diagnostico-e-dos-bloques-cirurxicos-no-sistema-sanitario\\\/\",\"name\":\"Iniciativa sobre mellora tecnol\u00f3xica dos equipos de diagn\u00f3stico e dos bloques cir\u00farxicos no sistema sanitario - PP de Galicia\",\"isPartOf\":{\"@id\":\"https:\\\/\\\/ppdegalicia.com\\\/es\\\/#website\"},\"primaryImageOfPage\":{\"@id\":\"https:\\\/\\\/ppdegalicia.com\\\/es\\\/iniciativa-sobre-mellora-tecnoloxica-dos-equipos-de-diagnostico-e-dos-bloques-cirurxicos-no-sistema-sanitario\\\/#primaryimage\"},\"image\":{\"@id\":\"https:\\\/\\\/ppdegalicia.com\\\/es\\\/iniciativa-sobre-mellora-tecnoloxica-dos-equipos-de-diagnostico-e-dos-bloques-cirurxicos-no-sistema-sanitario\\\/#primaryimage\"},\"thumbnailUrl\":\"https:\\\/\\\/ppdegalicia.com\\\/wp-content\\\/uploads\\\/2020\\\/11\\\/4674a122f5d70b9fcf3bc0df18412e62-scaled.jpg\",\"datePublished\":\"2020-11-18T07:31:11+00:00\",\"breadcrumb\":{\"@id\":\"https:\\\/\\\/ppdegalicia.com\\\/es\\\/iniciativa-sobre-mellora-tecnoloxica-dos-equipos-de-diagnostico-e-dos-bloques-cirurxicos-no-sistema-sanitario\\\/#breadcrumb\"},\"inLanguage\":\"es\",\"potentialAction\":[{\"@type\":\"ReadAction\",\"target\":[\"https:\\\/\\\/ppdegalicia.com\\\/es\\\/iniciativa-sobre-mellora-tecnoloxica-dos-equipos-de-diagnostico-e-dos-bloques-cirurxicos-no-sistema-sanitario\\\/\"]}]},{\"@type\":\"ImageObject\",\"inLanguage\":\"es\",\"@id\":\"https:\\\/\\\/ppdegalicia.com\\\/es\\\/iniciativa-sobre-mellora-tecnoloxica-dos-equipos-de-diagnostico-e-dos-bloques-cirurxicos-no-sistema-sanitario\\\/#primaryimage\",\"url\":\"https:\\\/\\\/ppdegalicia.com\\\/wp-content\\\/uploads\\\/2020\\\/11\\\/4674a122f5d70b9fcf3bc0df18412e62-scaled.jpg\",\"contentUrl\":\"https:\\\/\\\/ppdegalicia.com\\\/wp-content\\\/uploads\\\/2020\\\/11\\\/4674a122f5d70b9fcf3bc0df18412e62-scaled.jpg\",\"width\":2560,\"height\":1696},{\"@type\":\"BreadcrumbList\",\"@id\":\"https:\\\/\\\/ppdegalicia.com\\\/es\\\/iniciativa-sobre-mellora-tecnoloxica-dos-equipos-de-diagnostico-e-dos-bloques-cirurxicos-no-sistema-sanitario\\\/#breadcrumb\",\"itemListElement\":[{\"@type\":\"ListItem\",\"position\":1,\"name\":\"Portada\",\"item\":\"https:\\\/\\\/ppdegalicia.com\\\/es\\\/\"},{\"@type\":\"ListItem\",\"position\":2,\"name\":\"Iniciativa sobre mellora tecnol\u00f3xica dos equipos de diagn\u00f3stico e dos bloques cir\u00farxicos no sistema sanitario\"}]},{\"@type\":\"WebSite\",\"@id\":\"https:\\\/\\\/ppdegalicia.com\\\/es\\\/#website\",\"url\":\"https:\\\/\\\/ppdegalicia.com\\\/es\\\/\",\"name\":\"Partido Popular de Galicia\",\"description\":\"Partido Popular de Galicia\",\"publisher\":{\"@id\":\"https:\\\/\\\/ppdegalicia.com\\\/es\\\/#organization\"},\"alternateName\":\"PP de Galicia\",\"potentialAction\":[{\"@type\":\"SearchAction\",\"target\":{\"@type\":\"EntryPoint\",\"urlTemplate\":\"https:\\\/\\\/ppdegalicia.com\\\/es\\\/?s={search_term_string}\"},\"query-input\":{\"@type\":\"PropertyValueSpecification\",\"valueRequired\":true,\"valueName\":\"search_term_string\"}}],\"inLanguage\":\"es\"},{\"@type\":\"Organization\",\"@id\":\"https:\\\/\\\/ppdegalicia.com\\\/es\\\/#organization\",\"name\":\"Partido Popular de Galicia\",\"alternateName\":\"PP de Galicia\",\"url\":\"https:\\\/\\\/ppdegalicia.com\\\/es\\\/\",\"logo\":{\"@type\":\"ImageObject\",\"inLanguage\":\"es\",\"@id\":\"https:\\\/\\\/ppdegalicia.com\\\/es\\\/#\\\/schema\\\/logo\\\/image\\\/\",\"url\":\"https:\\\/\\\/ppdegalicia.com\\\/wp-content\\\/uploads\\\/2023\\\/04\\\/logoPP512.png\",\"contentUrl\":\"https:\\\/\\\/ppdegalicia.com\\\/wp-content\\\/uploads\\\/2023\\\/04\\\/logoPP512.png\",\"width\":512,\"height\":512,\"caption\":\"Partido Popular de Galicia\"},\"image\":{\"@id\":\"https:\\\/\\\/ppdegalicia.com\\\/es\\\/#\\\/schema\\\/logo\\\/image\\\/\"},\"sameAs\":[\"https:\\\/\\\/www.instagram.com\\\/ppdegalicia\\\/\",\"https:\\\/\\\/x.com\\\/ppdegalicia\",\"https:\\\/\\\/www.tiktok.com\\\/@ppdegalicia\",\"https:\\\/\\\/www.youtube.com\\\/user\\\/ppdegalicia\"]},{\"@type\":\"Person\",\"@id\":\"https:\\\/\\\/ppdegalicia.com\\\/es\\\/#\\\/schema\\\/person\\\/bc9b46e59ebd34bf28611158c3867388\",\"name\":\"ppdegaliciaedtis\",\"image\":{\"@type\":\"ImageObject\",\"inLanguage\":\"es\",\"@id\":\"https:\\\/\\\/secure.gravatar.com\\\/avatar\\\/f9f8cf6e03df54a1b0d04a6b4b8e8c6bd63c10a439752e84d87a5385aefe2ced?s=96&d=mm&r=g\",\"url\":\"https:\\\/\\\/secure.gravatar.com\\\/avatar\\\/f9f8cf6e03df54a1b0d04a6b4b8e8c6bd63c10a439752e84d87a5385aefe2ced?s=96&d=mm&r=g\",\"contentUrl\":\"https:\\\/\\\/secure.gravatar.com\\\/avatar\\\/f9f8cf6e03df54a1b0d04a6b4b8e8c6bd63c10a439752e84d87a5385aefe2ced?s=96&d=mm&r=g\",\"caption\":\"ppdegaliciaedtis\"},\"url\":\"https:\\\/\\\/ppdegalicia.com\\\/es\\\/author\\\/ppdegaliciaedits\\\/\"}]}<\/script>\n<!-- \/ Yoast SEO plugin. -->","yoast_head_json":{"title":"Iniciativa sobre mellora tecnol\u00f3xica dos equipos de diagn\u00f3stico e dos bloques cir\u00farxicos no sistema sanitario - PP de Galicia","robots":{"index":"index","follow":"follow","max-snippet":"max-snippet:-1","max-image-preview":"max-image-preview:large","max-video-preview":"max-video-preview:-1"},"canonical":"https:\/\/ppdegalicia.com\/es\/iniciativa-sobre-mellora-tecnoloxica-dos-equipos-de-diagnostico-e-dos-bloques-cirurxicos-no-sistema-sanitario\/","og_locale":"es_ES","og_type":"article","og_title":"Iniciativa sobre mellora tecnol\u00f3xica dos equipos de diagn\u00f3stico e dos bloques cir\u00farxicos no sistema sanitario - PP de Galicia","og_description":"\u00a0 Iniciativa sobre o desenvolvemento polo Goberno galego dun procedemento integral de mellora tecnol\u00f3xica dos equipos de diagn\u00f3stico e dos bloques cir\u00farxicos no sistema sanitario\u00a0","og_url":"https:\/\/ppdegalicia.com\/es\/iniciativa-sobre-mellora-tecnoloxica-dos-equipos-de-diagnostico-e-dos-bloques-cirurxicos-no-sistema-sanitario\/","og_site_name":"PP de Galicia","article_publisher":"https:\/\/www.instagram.com\/ppdegalicia\/","article_published_time":"2020-11-18T07:31:11+00:00","og_image":[{"width":2560,"height":1696,"url":"https:\/\/ppdegalicia.com\/wp-content\/uploads\/2020\/11\/4674a122f5d70b9fcf3bc0df18412e62-scaled.jpg","type":"image\/jpeg"}],"author":"ppdegaliciaedtis","twitter_card":"summary_large_image","twitter_creator":"@ppdegalicia","twitter_site":"@ppdegalicia","twitter_misc":{"Escrito por":"ppdegaliciaedtis","Tiempo de lectura":"3 minutos"},"schema":{"@context":"https:\/\/schema.org","@graph":[{"@type":"Article","@id":"https:\/\/ppdegalicia.com\/es\/iniciativa-sobre-mellora-tecnoloxica-dos-equipos-de-diagnostico-e-dos-bloques-cirurxicos-no-sistema-sanitario\/#article","isPartOf":{"@id":"https:\/\/ppdegalicia.com\/es\/iniciativa-sobre-mellora-tecnoloxica-dos-equipos-de-diagnostico-e-dos-bloques-cirurxicos-no-sistema-sanitario\/"},"author":{"name":"ppdegaliciaedtis","@id":"https:\/\/ppdegalicia.com\/es\/#\/schema\/person\/bc9b46e59ebd34bf28611158c3867388"},"headline":"Iniciativa sobre mellora tecnol\u00f3xica dos equipos de diagn\u00f3stico e dos bloques cir\u00farxicos no sistema sanitario","datePublished":"2020-11-18T07:31:11+00:00","mainEntityOfPage":{"@id":"https:\/\/ppdegalicia.com\/es\/iniciativa-sobre-mellora-tecnoloxica-dos-equipos-de-diagnostico-e-dos-bloques-cirurxicos-no-sistema-sanitario\/"},"wordCount":549,"commentCount":0,"publisher":{"@id":"https:\/\/ppdegalicia.com\/es\/#organization"},"image":{"@id":"https:\/\/ppdegalicia.com\/es\/iniciativa-sobre-mellora-tecnoloxica-dos-equipos-de-diagnostico-e-dos-bloques-cirurxicos-no-sistema-sanitario\/#primaryimage"},"thumbnailUrl":"https:\/\/ppdegalicia.com\/wp-content\/uploads\/2020\/11\/4674a122f5d70b9fcf3bc0df18412e62-scaled.jpg","articleSection":["Parlamento de Galicia","PP de Galicia"],"inLanguage":"es","potentialAction":[{"@type":"CommentAction","name":"Comment","target":["https:\/\/ppdegalicia.com\/es\/iniciativa-sobre-mellora-tecnoloxica-dos-equipos-de-diagnostico-e-dos-bloques-cirurxicos-no-sistema-sanitario\/#respond"]}]},{"@type":"WebPage","@id":"https:\/\/ppdegalicia.com\/es\/iniciativa-sobre-mellora-tecnoloxica-dos-equipos-de-diagnostico-e-dos-bloques-cirurxicos-no-sistema-sanitario\/","url":"https:\/\/ppdegalicia.com\/es\/iniciativa-sobre-mellora-tecnoloxica-dos-equipos-de-diagnostico-e-dos-bloques-cirurxicos-no-sistema-sanitario\/","name":"Iniciativa sobre mellora tecnol\u00f3xica dos equipos de diagn\u00f3stico e dos bloques cir\u00farxicos no sistema sanitario - PP de Galicia","isPartOf":{"@id":"https:\/\/ppdegalicia.com\/es\/#website"},"primaryImageOfPage":{"@id":"https:\/\/ppdegalicia.com\/es\/iniciativa-sobre-mellora-tecnoloxica-dos-equipos-de-diagnostico-e-dos-bloques-cirurxicos-no-sistema-sanitario\/#primaryimage"},"image":{"@id":"https:\/\/ppdegalicia.com\/es\/iniciativa-sobre-mellora-tecnoloxica-dos-equipos-de-diagnostico-e-dos-bloques-cirurxicos-no-sistema-sanitario\/#primaryimage"},"thumbnailUrl":"https:\/\/ppdegalicia.com\/wp-content\/uploads\/2020\/11\/4674a122f5d70b9fcf3bc0df18412e62-scaled.jpg","datePublished":"2020-11-18T07:31:11+00:00","breadcrumb":{"@id":"https:\/\/ppdegalicia.com\/es\/iniciativa-sobre-mellora-tecnoloxica-dos-equipos-de-diagnostico-e-dos-bloques-cirurxicos-no-sistema-sanitario\/#breadcrumb"},"inLanguage":"es","potentialAction":[{"@type":"ReadAction","target":["https:\/\/ppdegalicia.com\/es\/iniciativa-sobre-mellora-tecnoloxica-dos-equipos-de-diagnostico-e-dos-bloques-cirurxicos-no-sistema-sanitario\/"]}]},{"@type":"ImageObject","inLanguage":"es","@id":"https:\/\/ppdegalicia.com\/es\/iniciativa-sobre-mellora-tecnoloxica-dos-equipos-de-diagnostico-e-dos-bloques-cirurxicos-no-sistema-sanitario\/#primaryimage","url":"https:\/\/ppdegalicia.com\/wp-content\/uploads\/2020\/11\/4674a122f5d70b9fcf3bc0df18412e62-scaled.jpg","contentUrl":"https:\/\/ppdegalicia.com\/wp-content\/uploads\/2020\/11\/4674a122f5d70b9fcf3bc0df18412e62-scaled.jpg","width":2560,"height":1696},{"@type":"BreadcrumbList","@id":"https:\/\/ppdegalicia.com\/es\/iniciativa-sobre-mellora-tecnoloxica-dos-equipos-de-diagnostico-e-dos-bloques-cirurxicos-no-sistema-sanitario\/#breadcrumb","itemListElement":[{"@type":"ListItem","position":1,"name":"Portada","item":"https:\/\/ppdegalicia.com\/es\/"},{"@type":"ListItem","position":2,"name":"Iniciativa sobre mellora tecnol\u00f3xica dos equipos de diagn\u00f3stico e dos bloques cir\u00farxicos no sistema sanitario"}]},{"@type":"WebSite","@id":"https:\/\/ppdegalicia.com\/es\/#website","url":"https:\/\/ppdegalicia.com\/es\/","name":"Partido Popular de Galicia","description":"Partido Popular de Galicia","publisher":{"@id":"https:\/\/ppdegalicia.com\/es\/#organization"},"alternateName":"PP de Galicia","potentialAction":[{"@type":"SearchAction","target":{"@type":"EntryPoint","urlTemplate":"https:\/\/ppdegalicia.com\/es\/?s={search_term_string}"},"query-input":{"@type":"PropertyValueSpecification","valueRequired":true,"valueName":"search_term_string"}}],"inLanguage":"es"},{"@type":"Organization","@id":"https:\/\/ppdegalicia.com\/es\/#organization","name":"Partido Popular de Galicia","alternateName":"PP de Galicia","url":"https:\/\/ppdegalicia.com\/es\/","logo":{"@type":"ImageObject","inLanguage":"es","@id":"https:\/\/ppdegalicia.com\/es\/#\/schema\/logo\/image\/","url":"https:\/\/ppdegalicia.com\/wp-content\/uploads\/2023\/04\/logoPP512.png","contentUrl":"https:\/\/ppdegalicia.com\/wp-content\/uploads\/2023\/04\/logoPP512.png","width":512,"height":512,"caption":"Partido Popular de Galicia"},"image":{"@id":"https:\/\/ppdegalicia.com\/es\/#\/schema\/logo\/image\/"},"sameAs":["https:\/\/www.instagram.com\/ppdegalicia\/","https:\/\/x.com\/ppdegalicia","https:\/\/www.tiktok.com\/@ppdegalicia","https:\/\/www.youtube.com\/user\/ppdegalicia"]},{"@type":"Person","@id":"https:\/\/ppdegalicia.com\/es\/#\/schema\/person\/bc9b46e59ebd34bf28611158c3867388","name":"ppdegaliciaedtis","image":{"@type":"ImageObject","inLanguage":"es","@id":"https:\/\/secure.gravatar.com\/avatar\/f9f8cf6e03df54a1b0d04a6b4b8e8c6bd63c10a439752e84d87a5385aefe2ced?s=96&d=mm&r=g","url":"https:\/\/secure.gravatar.com\/avatar\/f9f8cf6e03df54a1b0d04a6b4b8e8c6bd63c10a439752e84d87a5385aefe2ced?s=96&d=mm&r=g","contentUrl":"https:\/\/secure.gravatar.com\/avatar\/f9f8cf6e03df54a1b0d04a6b4b8e8c6bd63c10a439752e84d87a5385aefe2ced?s=96&d=mm&r=g","caption":"ppdegaliciaedtis"},"url":"https:\/\/ppdegalicia.com\/es\/author\/ppdegaliciaedits\/"}]}},"_links":{"self":[{"href":"https:\/\/ppdegalicia.com\/es\/wp-json\/wp\/v2\/posts\/54970","targetHints":{"allow":["GET"]}}],"collection":[{"href":"https:\/\/ppdegalicia.com\/es\/wp-json\/wp\/v2\/posts"}],"about":[{"href":"https:\/\/ppdegalicia.com\/es\/wp-json\/wp\/v2\/types\/post"}],"author":[{"embeddable":true,"href":"https:\/\/ppdegalicia.com\/es\/wp-json\/wp\/v2\/users\/40"}],"replies":[{"embeddable":true,"href":"https:\/\/ppdegalicia.com\/es\/wp-json\/wp\/v2\/comments?post=54970"}],"version-history":[{"count":0,"href":"https:\/\/ppdegalicia.com\/es\/wp-json\/wp\/v2\/posts\/54970\/revisions"}],"wp:featuredmedia":[{"embeddable":true,"href":"https:\/\/ppdegalicia.com\/es\/wp-json\/wp\/v2\/media\/54969"}],"wp:attachment":[{"href":"https:\/\/ppdegalicia.com\/es\/wp-json\/wp\/v2\/media?parent=54970"}],"wp:term":[{"taxonomy":"category","embeddable":true,"href":"https:\/\/ppdegalicia.com\/es\/wp-json\/wp\/v2\/categories?post=54970"},{"taxonomy":"post_tag","embeddable":true,"href":"https:\/\/ppdegalicia.com\/es\/wp-json\/wp\/v2\/tags?post=54970"}],"curies":[{"name":"wp","href":"https:\/\/api.w.org\/{rel}","templated":true}]}}