{"id":55026,"date":"2020-11-28T12:11:45","date_gmt":"2020-11-28T10:11:45","guid":{"rendered":"https:\/\/ppdegalicia.com\/tellado-o-goberno-toma-o-camino-da-imposicion-educativa-fiscal-e-economica-da-man-de-independentistas-e-coa-complicidade-do-bng-e-psdeg\/"},"modified":"2020-11-28T12:11:45","modified_gmt":"2020-11-28T10:11:45","slug":"tellado-o-goberno-toma-o-camino-da-imposicion-educativa-fiscal-e-economica-da-man-de-independentistas-e-coa-complicidade-do-bng-e-psdeg","status":"publish","type":"post","link":"https:\/\/ppdegalicia.com\/es\/tellado-o-goberno-toma-o-camino-da-imposicion-educativa-fiscal-e-economica-da-man-de-independentistas-e-coa-complicidade-do-bng-e-psdeg\/","title":{"rendered":"Tellado: \u201cO Goberno toma o cami\u00f1o da imposici\u00f3n educativa, fiscal e econ\u00f3mica da man de independentistas e coa complicidade do BNG e PSdeG\u201d"},"content":{"rendered":"<p><img fetchpriority=\"high\" decoding=\"async\" class=\" size-full wp-image-55025\" src=\"https:\/\/ppdegalicia.com\/wp-content\/uploads\/2020\/11\/e7a476bdc2fad28deda2a3840a94f5f4-scaled.jpg\" alt=\"\" width=\"2560\" height=\"1642\" srcset=\"https:\/\/ppdegalicia.com\/wp-content\/uploads\/2020\/11\/e7a476bdc2fad28deda2a3840a94f5f4-scaled.jpg 2560w, https:\/\/ppdegalicia.com\/wp-content\/uploads\/2020\/11\/e7a476bdc2fad28deda2a3840a94f5f4-300x192.jpg 300w, https:\/\/ppdegalicia.com\/wp-content\/uploads\/2020\/11\/e7a476bdc2fad28deda2a3840a94f5f4-1024x657.jpg 1024w, https:\/\/ppdegalicia.com\/wp-content\/uploads\/2020\/11\/e7a476bdc2fad28deda2a3840a94f5f4-768x492.jpg 768w, https:\/\/ppdegalicia.com\/wp-content\/uploads\/2020\/11\/e7a476bdc2fad28deda2a3840a94f5f4-1536x985.jpg 1536w, https:\/\/ppdegalicia.com\/wp-content\/uploads\/2020\/11\/e7a476bdc2fad28deda2a3840a94f5f4-2048x1313.jpg 2048w\" sizes=\"(max-width: 2560px) 100vw, 2560px\" \/><\/p>\n<p style=\"text-align: justify;\">Apunta que \u00e9 unha barbaridade que ERC decida a pol\u00edtica fiscal de todo o pa\u00eds e sinala que non \u00e9 o momento de subir impostos sen\u00f3n de baixalos, como fai a Xunta<\/p>\n<p style=\"text-align: justify;\">\u00a0<\/p>\n<p><!--more--><\/p>\n<p style=\"text-align: justify;\">O secretario xeral do PPdeG, Miguel Tellado, asegurou que o Goberno socialista elixe o cami\u00f1o da imposici\u00f3n educativa, econ\u00f3mica e fiscal da man de independentistas e radicais e coa complicidade do BNG e do PSdeG. \u201cQueren impo\u00f1er un modelo educativo, aprobando unha lei pol\u00edtica sen o m\u00e1is m\u00ednimo consenso; un modelo econ\u00f3mico, cuns presupostos que s\u00f3 favorecen aos seus socios; e un modelo fiscal, pactando cos independentistas o r\u00e9xime fiscal de toda Espa\u00f1a\u201d, explicou.<\/p>\n<p style=\"text-align: justify;\">\u00a0<\/p>\n<p style=\"text-align: justify;\">As\u00ed se expresaba en declaraci\u00f3ns previas \u00e1 Xunta Directiva de Novas Xeraci\u00f3ns na que participou e onde co\u00f1eceu as valoraci\u00f3ns dos mozos sobre a nova Lei Educativa do Executivo de Pedro S\u00e1nchez pois, como estudantes, son os principais afectados.<\/p>\n<p style=\"text-align: justify;\">\u00a0<\/p>\n<p style=\"text-align: justify;\">\u201cA Lei Cela\u00e1 \u00e9 un desastre para a educaci\u00f3n en Espa\u00f1a porque \u00e9 partidista e ideol\u00f3xica; restrinxe, substancialmente, o dereito a decidir das familias; fai da lingua unha causa de conflito, en vez de unha ferramenta para o entendemento; e enterra o Pacto de Estado pola Educaci\u00f3n, que tanto demanda a sociedade espa\u00f1ola\u201d, subli\u00f1ou incidindo en que \u00e9 unha normativa que restrinxe a liberdade implantando un tipo \u00fanico de ensino, que deixa sen capacidade de elecci\u00f3n \u00e1s familias m\u00e1is humildes e que rebaixa a calidade educativa e a igualade de oportunidades.<\/p>\n<p style=\"text-align: justify;\">\u00a0<\/p>\n<p style=\"text-align: justify;\">\u201cComo imos pedirlle a estes mozos e mozas galegos que compitan con outros de Alema\u00f1a, Francia ou Reino Unido cando aqu\u00ed lles permitimos pasar de curso suspendendo?\u201d, preguntou o secretario xeral mentres afirmaba que a S\u00e1nchez \u201cpouco lle importa a educaci\u00f3n dos nosos fillos mentres el poida seguir gobernando uns meses m\u00e1is\u201d.<\/p>\n<p style=\"text-align: justify;\">\u00a0<\/p>\n<p style=\"text-align: justify;\">Pola contra, resaltou que a educaci\u00f3n non pode ser unha moeda de cambio para a negociaci\u00f3n dos presupostos e que o l\u00edder do PSOE non pode suplir a s\u00faa falta de apoios parlamentarios entregando a educaci\u00f3n dos nosos fillos aos independentistas.<\/p>\n<p style=\"text-align: justify;\">\u00a0<\/p>\n<p style=\"text-align: justify;\"><strong><u>NON \u00c9 O MOMENTO DE SUBIR IMPOSTOS<\/u><\/strong><\/p>\n<p style=\"text-align: justify;\">As\u00ed mesmo, o n\u00famero dous dos populares galegos afeou que o Goberno socialista se sente a pactar con ERC unha suposta harmonizaci\u00f3n fiscal, indicando que \u00e9 unha \u201cbarbaridade\u201d que os independentistas catal\u00e1ns decidan a pol\u00edtica fiscal de toda Espa\u00f1a e reco\u00f1ecendo que temen que esta \u201charmonizaci\u00f3n\u201d sexa un novo eufemismo de S\u00e1nchez para ocultar m\u00e1is subidas de impostos.<\/p>\n<p style=\"text-align: justify;\">\u00a0<\/p>\n<p style=\"text-align: justify;\">Segundo precisou, nunha situaci\u00f3n moi complexa na que as familias e os profesionais necesitan todo o apoio das administraci\u00f3ns, non \u00e9 o momento de subir impostos sen\u00f3n de baixalos; e como demostraci\u00f3n de que isto \u00e9 posible puxo como exemplo os Orzamentos da Xunta de Galicia.<\/p>\n<p style=\"text-align: justify;\">\u00a0<\/p>\n<p style=\"text-align: justify;\">\u201cA \u00fanica harmonizaci\u00f3n que imos aceptar e \u00e1 baixa. Os galegos non estamos dispostos a pagar m\u00e1is para manter as embaixadas catal\u00e1s e as quimeras do independentismo\u201d, dixo aseverando que, se queren que todos paguemos os mesmos impostos, os equiparen aos da nosa Comunidade: \u201cResulta chamativo que defendan a independencia pol\u00edtica e xudicial de Catalu\u00f1a, pero ataquen o autogoberno en Galicia impo\u00f1endo unha pol\u00edtica fiscal que s\u00f3 favorece aos seus intereses\u201d.<\/p>\n<p style=\"text-align: justify;\">\u00a0<\/p>\n<p style=\"text-align: justify;\">\u201cNon imos aceptar que S\u00e1nchez meta a man no peto dos galegos aplaudido polo PSdeG e polo BNG, que o fixo presidente\u201d, sostivo ironizando co \u201cgran nacionalismo\u201d do Bloque, que permite que nos fixen desde Barcelona os impostos que pagamos en Galicia.<\/p>\n<p style=\"text-align: justify;\">\u00a0<\/p>\n<p style=\"text-align: justify;\"><strong><u>O EN\u00c9SIMO DESPREZO \u00c1 COMUNIDADE<\/u><\/strong><\/p>\n<p style=\"text-align: justify;\">Por \u00faltimo, Miguel Tellado lamentou que esta semana o Partido Socialista rexeitase todas as emendas -m\u00e1is de 1.500-\u00a0 aos Orzamentos Xerais do Estado presentadas polo PP, que recoll\u00edan cuesti\u00f3n fundamentais como a ampliaci\u00f3n dos ERTES, rebaixas de impostos ou incentivos a pemes e aut\u00f3nomos.<\/p>\n<p style=\"text-align: justify;\">\u00a0<\/p>\n<p style=\"text-align: justify;\">No que respecta a Galicia, resaltou que perdemos m\u00e1is de 360 mill\u00f3ns de euros recollidos nun cento de emendas, algo que cualificou como a ene\u00edsima constataci\u00f3n do desprezo do presidente do Goberno pola nosa Comunidade.<\/p>\n<p style=\"text-align: justify;\">\u00a0<\/p>\n<p style=\"text-align: justify;\">\u201cProd\u00facenos unha profunda m\u00e1goa que S\u00e1nchez rexeite todas as iniciativas que non ve\u00f1an de nacionalistas ou radicais\u201d, manifestou cuestionando que non acepte propostas sensatas que benefician aos cidad\u00e1ns -como a dotaci\u00f3n de m\u00e1is recursos aos concellos-, pero si valore eliminar as nosas linguas vehiculares ou achegar ao Pa\u00eds Vasco aos presos de ETA. \u201cUn exemplo m\u00e1is de que o PSOE xa elixiu os seus compa\u00f1eiros de viaxe\u201d, sentenciou.<\/p>\n","protected":false},"excerpt":{"rendered":"<p>Apunta que \u00e9 unha barbaridade que ERC decida a pol\u00edtica fiscal de todo o pa\u00eds e sinala que non \u00e9 o momento de subir impostos sen\u00f3n de baixalos, como fai a Xunta \u00a0<\/p>\n","protected":false},"author":38,"featured_media":55025,"comment_status":"open","ping_status":"open","sticky":false,"template":"","format":"standard","meta":{"_acf_changed":false,"footnotes":""},"categories":[1],"tags":[],"class_list":["post-55026","post","type-post","status-publish","format-standard","has-post-thumbnail","hentry","category-pp-de-galicia"],"acf":[],"yoast_head":"<!-- This site is optimized with the Yoast SEO plugin v27.3 - https:\/\/yoast.com\/product\/yoast-seo-wordpress\/ -->\n<title>Tellado: \u201cO Goberno toma o cami\u00f1o da imposici\u00f3n educativa, fiscal e econ\u00f3mica da man de independentistas e coa complicidade do BNG e PSdeG\u201d - PP de Galicia<\/title>\n<meta name=\"robots\" content=\"index, follow, max-snippet:-1, max-image-preview:large, max-video-preview:-1\" \/>\n<link rel=\"canonical\" href=\"https:\/\/ppdegalicia.com\/es\/tellado-o-goberno-toma-o-camino-da-imposicion-educativa-fiscal-e-economica-da-man-de-independentistas-e-coa-complicidade-do-bng-e-psdeg\/\" \/>\n<meta property=\"og:locale\" content=\"es_ES\" \/>\n<meta property=\"og:type\" content=\"article\" \/>\n<meta property=\"og:title\" content=\"Tellado: \u201cO Goberno toma o cami\u00f1o da imposici\u00f3n educativa, fiscal e econ\u00f3mica da man de independentistas e coa complicidade do BNG e PSdeG\u201d - PP de Galicia\" \/>\n<meta property=\"og:description\" content=\"Apunta que \u00e9 unha barbaridade que ERC decida a pol\u00edtica fiscal de todo o pa\u00eds e sinala que non \u00e9 o momento de subir impostos sen\u00f3n de baixalos, como fai a Xunta \u00a0\" \/>\n<meta property=\"og:url\" content=\"https:\/\/ppdegalicia.com\/es\/tellado-o-goberno-toma-o-camino-da-imposicion-educativa-fiscal-e-economica-da-man-de-independentistas-e-coa-complicidade-do-bng-e-psdeg\/\" \/>\n<meta property=\"og:site_name\" content=\"PP de Galicia\" \/>\n<meta property=\"article:publisher\" content=\"https:\/\/www.instagram.com\/ppdegalicia\/\" \/>\n<meta property=\"article:published_time\" content=\"2020-11-28T10:11:45+00:00\" \/>\n<meta property=\"og:image\" content=\"https:\/\/ppdegalicia.com\/wp-content\/uploads\/2020\/11\/e7a476bdc2fad28deda2a3840a94f5f4-scaled.jpg\" \/>\n\t<meta property=\"og:image:width\" content=\"2560\" \/>\n\t<meta property=\"og:image:height\" content=\"1642\" \/>\n\t<meta property=\"og:image:type\" content=\"image\/jpeg\" \/>\n<meta name=\"author\" content=\"ppdegaliciaredes\" \/>\n<meta name=\"twitter:card\" content=\"summary_large_image\" \/>\n<meta name=\"twitter:creator\" content=\"@ppdegalicia\" \/>\n<meta name=\"twitter:site\" content=\"@ppdegalicia\" \/>\n<meta name=\"twitter:label1\" content=\"Escrito por\" \/>\n\t<meta name=\"twitter:data1\" content=\"ppdegaliciaredes\" \/>\n\t<meta name=\"twitter:label2\" content=\"Tiempo de lectura\" \/>\n\t<meta name=\"twitter:data2\" content=\"4 minutos\" \/>\n<script type=\"application\/ld+json\" class=\"yoast-schema-graph\">{\"@context\":\"https:\\\/\\\/schema.org\",\"@graph\":[{\"@type\":\"Article\",\"@id\":\"https:\\\/\\\/ppdegalicia.com\\\/es\\\/tellado-o-goberno-toma-o-camino-da-imposicion-educativa-fiscal-e-economica-da-man-de-independentistas-e-coa-complicidade-do-bng-e-psdeg\\\/#article\",\"isPartOf\":{\"@id\":\"https:\\\/\\\/ppdegalicia.com\\\/es\\\/tellado-o-goberno-toma-o-camino-da-imposicion-educativa-fiscal-e-economica-da-man-de-independentistas-e-coa-complicidade-do-bng-e-psdeg\\\/\"},\"author\":{\"name\":\"ppdegaliciaredes\",\"@id\":\"https:\\\/\\\/ppdegalicia.com\\\/es\\\/#\\\/schema\\\/person\\\/5b822c6f59e872ebdd1142f307dbcb59\"},\"headline\":\"Tellado: \u201cO Goberno toma o cami\u00f1o da imposici\u00f3n educativa, fiscal e econ\u00f3mica da man de independentistas e coa complicidade do BNG e PSdeG\u201d\",\"datePublished\":\"2020-11-28T10:11:45+00:00\",\"mainEntityOfPage\":{\"@id\":\"https:\\\/\\\/ppdegalicia.com\\\/es\\\/tellado-o-goberno-toma-o-camino-da-imposicion-educativa-fiscal-e-economica-da-man-de-independentistas-e-coa-complicidade-do-bng-e-psdeg\\\/\"},\"wordCount\":794,\"commentCount\":0,\"publisher\":{\"@id\":\"https:\\\/\\\/ppdegalicia.com\\\/es\\\/#organization\"},\"image\":{\"@id\":\"https:\\\/\\\/ppdegalicia.com\\\/es\\\/tellado-o-goberno-toma-o-camino-da-imposicion-educativa-fiscal-e-economica-da-man-de-independentistas-e-coa-complicidade-do-bng-e-psdeg\\\/#primaryimage\"},\"thumbnailUrl\":\"https:\\\/\\\/ppdegalicia.com\\\/wp-content\\\/uploads\\\/2020\\\/11\\\/e7a476bdc2fad28deda2a3840a94f5f4-scaled.jpg\",\"articleSection\":[\"PP de Galicia\"],\"inLanguage\":\"es\",\"potentialAction\":[{\"@type\":\"CommentAction\",\"name\":\"Comment\",\"target\":[\"https:\\\/\\\/ppdegalicia.com\\\/es\\\/tellado-o-goberno-toma-o-camino-da-imposicion-educativa-fiscal-e-economica-da-man-de-independentistas-e-coa-complicidade-do-bng-e-psdeg\\\/#respond\"]}]},{\"@type\":\"WebPage\",\"@id\":\"https:\\\/\\\/ppdegalicia.com\\\/es\\\/tellado-o-goberno-toma-o-camino-da-imposicion-educativa-fiscal-e-economica-da-man-de-independentistas-e-coa-complicidade-do-bng-e-psdeg\\\/\",\"url\":\"https:\\\/\\\/ppdegalicia.com\\\/es\\\/tellado-o-goberno-toma-o-camino-da-imposicion-educativa-fiscal-e-economica-da-man-de-independentistas-e-coa-complicidade-do-bng-e-psdeg\\\/\",\"name\":\"Tellado: \u201cO Goberno toma o cami\u00f1o da imposici\u00f3n educativa, fiscal e econ\u00f3mica da man de independentistas e coa complicidade do BNG e PSdeG\u201d - PP de Galicia\",\"isPartOf\":{\"@id\":\"https:\\\/\\\/ppdegalicia.com\\\/es\\\/#website\"},\"primaryImageOfPage\":{\"@id\":\"https:\\\/\\\/ppdegalicia.com\\\/es\\\/tellado-o-goberno-toma-o-camino-da-imposicion-educativa-fiscal-e-economica-da-man-de-independentistas-e-coa-complicidade-do-bng-e-psdeg\\\/#primaryimage\"},\"image\":{\"@id\":\"https:\\\/\\\/ppdegalicia.com\\\/es\\\/tellado-o-goberno-toma-o-camino-da-imposicion-educativa-fiscal-e-economica-da-man-de-independentistas-e-coa-complicidade-do-bng-e-psdeg\\\/#primaryimage\"},\"thumbnailUrl\":\"https:\\\/\\\/ppdegalicia.com\\\/wp-content\\\/uploads\\\/2020\\\/11\\\/e7a476bdc2fad28deda2a3840a94f5f4-scaled.jpg\",\"datePublished\":\"2020-11-28T10:11:45+00:00\",\"breadcrumb\":{\"@id\":\"https:\\\/\\\/ppdegalicia.com\\\/es\\\/tellado-o-goberno-toma-o-camino-da-imposicion-educativa-fiscal-e-economica-da-man-de-independentistas-e-coa-complicidade-do-bng-e-psdeg\\\/#breadcrumb\"},\"inLanguage\":\"es\",\"potentialAction\":[{\"@type\":\"ReadAction\",\"target\":[\"https:\\\/\\\/ppdegalicia.com\\\/es\\\/tellado-o-goberno-toma-o-camino-da-imposicion-educativa-fiscal-e-economica-da-man-de-independentistas-e-coa-complicidade-do-bng-e-psdeg\\\/\"]}]},{\"@type\":\"ImageObject\",\"inLanguage\":\"es\",\"@id\":\"https:\\\/\\\/ppdegalicia.com\\\/es\\\/tellado-o-goberno-toma-o-camino-da-imposicion-educativa-fiscal-e-economica-da-man-de-independentistas-e-coa-complicidade-do-bng-e-psdeg\\\/#primaryimage\",\"url\":\"https:\\\/\\\/ppdegalicia.com\\\/wp-content\\\/uploads\\\/2020\\\/11\\\/e7a476bdc2fad28deda2a3840a94f5f4-scaled.jpg\",\"contentUrl\":\"https:\\\/\\\/ppdegalicia.com\\\/wp-content\\\/uploads\\\/2020\\\/11\\\/e7a476bdc2fad28deda2a3840a94f5f4-scaled.jpg\",\"width\":2560,\"height\":1642},{\"@type\":\"BreadcrumbList\",\"@id\":\"https:\\\/\\\/ppdegalicia.com\\\/es\\\/tellado-o-goberno-toma-o-camino-da-imposicion-educativa-fiscal-e-economica-da-man-de-independentistas-e-coa-complicidade-do-bng-e-psdeg\\\/#breadcrumb\",\"itemListElement\":[{\"@type\":\"ListItem\",\"position\":1,\"name\":\"Portada\",\"item\":\"https:\\\/\\\/ppdegalicia.com\\\/es\\\/\"},{\"@type\":\"ListItem\",\"position\":2,\"name\":\"Tellado: \u201cO Goberno toma o cami\u00f1o da imposici\u00f3n educativa, fiscal e econ\u00f3mica da man de independentistas e coa complicidade do BNG e PSdeG\u201d\"}]},{\"@type\":\"WebSite\",\"@id\":\"https:\\\/\\\/ppdegalicia.com\\\/es\\\/#website\",\"url\":\"https:\\\/\\\/ppdegalicia.com\\\/es\\\/\",\"name\":\"Partido Popular de Galicia\",\"description\":\"Partido Popular de Galicia\",\"publisher\":{\"@id\":\"https:\\\/\\\/ppdegalicia.com\\\/es\\\/#organization\"},\"alternateName\":\"PP de Galicia\",\"potentialAction\":[{\"@type\":\"SearchAction\",\"target\":{\"@type\":\"EntryPoint\",\"urlTemplate\":\"https:\\\/\\\/ppdegalicia.com\\\/es\\\/?s={search_term_string}\"},\"query-input\":{\"@type\":\"PropertyValueSpecification\",\"valueRequired\":true,\"valueName\":\"search_term_string\"}}],\"inLanguage\":\"es\"},{\"@type\":\"Organization\",\"@id\":\"https:\\\/\\\/ppdegalicia.com\\\/es\\\/#organization\",\"name\":\"Partido Popular de Galicia\",\"alternateName\":\"PP de Galicia\",\"url\":\"https:\\\/\\\/ppdegalicia.com\\\/es\\\/\",\"logo\":{\"@type\":\"ImageObject\",\"inLanguage\":\"es\",\"@id\":\"https:\\\/\\\/ppdegalicia.com\\\/es\\\/#\\\/schema\\\/logo\\\/image\\\/\",\"url\":\"https:\\\/\\\/ppdegalicia.com\\\/wp-content\\\/uploads\\\/2023\\\/04\\\/logoPP512.png\",\"contentUrl\":\"https:\\\/\\\/ppdegalicia.com\\\/wp-content\\\/uploads\\\/2023\\\/04\\\/logoPP512.png\",\"width\":512,\"height\":512,\"caption\":\"Partido Popular de Galicia\"},\"image\":{\"@id\":\"https:\\\/\\\/ppdegalicia.com\\\/es\\\/#\\\/schema\\\/logo\\\/image\\\/\"},\"sameAs\":[\"https:\\\/\\\/www.instagram.com\\\/ppdegalicia\\\/\",\"https:\\\/\\\/x.com\\\/ppdegalicia\",\"https:\\\/\\\/www.tiktok.com\\\/@ppdegalicia\",\"https:\\\/\\\/www.youtube.com\\\/user\\\/ppdegalicia\"]},{\"@type\":\"Person\",\"@id\":\"https:\\\/\\\/ppdegalicia.com\\\/es\\\/#\\\/schema\\\/person\\\/5b822c6f59e872ebdd1142f307dbcb59\",\"name\":\"ppdegaliciaredes\",\"image\":{\"@type\":\"ImageObject\",\"inLanguage\":\"es\",\"@id\":\"https:\\\/\\\/secure.gravatar.com\\\/avatar\\\/3c9179cf0256d00c72a48d1f25783c58b6842cd56e85ef3a572881c8e28ccd59?s=96&d=mm&r=g\",\"url\":\"https:\\\/\\\/secure.gravatar.com\\\/avatar\\\/3c9179cf0256d00c72a48d1f25783c58b6842cd56e85ef3a572881c8e28ccd59?s=96&d=mm&r=g\",\"contentUrl\":\"https:\\\/\\\/secure.gravatar.com\\\/avatar\\\/3c9179cf0256d00c72a48d1f25783c58b6842cd56e85ef3a572881c8e28ccd59?s=96&d=mm&r=g\",\"caption\":\"ppdegaliciaredes\"},\"url\":\"https:\\\/\\\/ppdegalicia.com\\\/es\\\/author\\\/ppdegaliciaredes\\\/\"}]}<\/script>\n<!-- \/ Yoast SEO plugin. -->","yoast_head_json":{"title":"Tellado: \u201cO Goberno toma o cami\u00f1o da imposici\u00f3n educativa, fiscal e econ\u00f3mica da man de independentistas e coa complicidade do BNG e PSdeG\u201d - PP de Galicia","robots":{"index":"index","follow":"follow","max-snippet":"max-snippet:-1","max-image-preview":"max-image-preview:large","max-video-preview":"max-video-preview:-1"},"canonical":"https:\/\/ppdegalicia.com\/es\/tellado-o-goberno-toma-o-camino-da-imposicion-educativa-fiscal-e-economica-da-man-de-independentistas-e-coa-complicidade-do-bng-e-psdeg\/","og_locale":"es_ES","og_type":"article","og_title":"Tellado: \u201cO Goberno toma o cami\u00f1o da imposici\u00f3n educativa, fiscal e econ\u00f3mica da man de independentistas e coa complicidade do BNG e PSdeG\u201d - PP de Galicia","og_description":"Apunta que \u00e9 unha barbaridade que ERC decida a pol\u00edtica fiscal de todo o pa\u00eds e sinala que non \u00e9 o momento de subir impostos sen\u00f3n de baixalos, como fai a Xunta \u00a0","og_url":"https:\/\/ppdegalicia.com\/es\/tellado-o-goberno-toma-o-camino-da-imposicion-educativa-fiscal-e-economica-da-man-de-independentistas-e-coa-complicidade-do-bng-e-psdeg\/","og_site_name":"PP de Galicia","article_publisher":"https:\/\/www.instagram.com\/ppdegalicia\/","article_published_time":"2020-11-28T10:11:45+00:00","og_image":[{"width":2560,"height":1642,"url":"https:\/\/ppdegalicia.com\/wp-content\/uploads\/2020\/11\/e7a476bdc2fad28deda2a3840a94f5f4-scaled.jpg","type":"image\/jpeg"}],"author":"ppdegaliciaredes","twitter_card":"summary_large_image","twitter_creator":"@ppdegalicia","twitter_site":"@ppdegalicia","twitter_misc":{"Escrito por":"ppdegaliciaredes","Tiempo de lectura":"4 minutos"},"schema":{"@context":"https:\/\/schema.org","@graph":[{"@type":"Article","@id":"https:\/\/ppdegalicia.com\/es\/tellado-o-goberno-toma-o-camino-da-imposicion-educativa-fiscal-e-economica-da-man-de-independentistas-e-coa-complicidade-do-bng-e-psdeg\/#article","isPartOf":{"@id":"https:\/\/ppdegalicia.com\/es\/tellado-o-goberno-toma-o-camino-da-imposicion-educativa-fiscal-e-economica-da-man-de-independentistas-e-coa-complicidade-do-bng-e-psdeg\/"},"author":{"name":"ppdegaliciaredes","@id":"https:\/\/ppdegalicia.com\/es\/#\/schema\/person\/5b822c6f59e872ebdd1142f307dbcb59"},"headline":"Tellado: \u201cO Goberno toma o cami\u00f1o da imposici\u00f3n educativa, fiscal e econ\u00f3mica da man de independentistas e coa complicidade do BNG e PSdeG\u201d","datePublished":"2020-11-28T10:11:45+00:00","mainEntityOfPage":{"@id":"https:\/\/ppdegalicia.com\/es\/tellado-o-goberno-toma-o-camino-da-imposicion-educativa-fiscal-e-economica-da-man-de-independentistas-e-coa-complicidade-do-bng-e-psdeg\/"},"wordCount":794,"commentCount":0,"publisher":{"@id":"https:\/\/ppdegalicia.com\/es\/#organization"},"image":{"@id":"https:\/\/ppdegalicia.com\/es\/tellado-o-goberno-toma-o-camino-da-imposicion-educativa-fiscal-e-economica-da-man-de-independentistas-e-coa-complicidade-do-bng-e-psdeg\/#primaryimage"},"thumbnailUrl":"https:\/\/ppdegalicia.com\/wp-content\/uploads\/2020\/11\/e7a476bdc2fad28deda2a3840a94f5f4-scaled.jpg","articleSection":["PP de Galicia"],"inLanguage":"es","potentialAction":[{"@type":"CommentAction","name":"Comment","target":["https:\/\/ppdegalicia.com\/es\/tellado-o-goberno-toma-o-camino-da-imposicion-educativa-fiscal-e-economica-da-man-de-independentistas-e-coa-complicidade-do-bng-e-psdeg\/#respond"]}]},{"@type":"WebPage","@id":"https:\/\/ppdegalicia.com\/es\/tellado-o-goberno-toma-o-camino-da-imposicion-educativa-fiscal-e-economica-da-man-de-independentistas-e-coa-complicidade-do-bng-e-psdeg\/","url":"https:\/\/ppdegalicia.com\/es\/tellado-o-goberno-toma-o-camino-da-imposicion-educativa-fiscal-e-economica-da-man-de-independentistas-e-coa-complicidade-do-bng-e-psdeg\/","name":"Tellado: \u201cO Goberno toma o cami\u00f1o da imposici\u00f3n educativa, fiscal e econ\u00f3mica da man de independentistas e coa complicidade do BNG e PSdeG\u201d - PP de Galicia","isPartOf":{"@id":"https:\/\/ppdegalicia.com\/es\/#website"},"primaryImageOfPage":{"@id":"https:\/\/ppdegalicia.com\/es\/tellado-o-goberno-toma-o-camino-da-imposicion-educativa-fiscal-e-economica-da-man-de-independentistas-e-coa-complicidade-do-bng-e-psdeg\/#primaryimage"},"image":{"@id":"https:\/\/ppdegalicia.com\/es\/tellado-o-goberno-toma-o-camino-da-imposicion-educativa-fiscal-e-economica-da-man-de-independentistas-e-coa-complicidade-do-bng-e-psdeg\/#primaryimage"},"thumbnailUrl":"https:\/\/ppdegalicia.com\/wp-content\/uploads\/2020\/11\/e7a476bdc2fad28deda2a3840a94f5f4-scaled.jpg","datePublished":"2020-11-28T10:11:45+00:00","breadcrumb":{"@id":"https:\/\/ppdegalicia.com\/es\/tellado-o-goberno-toma-o-camino-da-imposicion-educativa-fiscal-e-economica-da-man-de-independentistas-e-coa-complicidade-do-bng-e-psdeg\/#breadcrumb"},"inLanguage":"es","potentialAction":[{"@type":"ReadAction","target":["https:\/\/ppdegalicia.com\/es\/tellado-o-goberno-toma-o-camino-da-imposicion-educativa-fiscal-e-economica-da-man-de-independentistas-e-coa-complicidade-do-bng-e-psdeg\/"]}]},{"@type":"ImageObject","inLanguage":"es","@id":"https:\/\/ppdegalicia.com\/es\/tellado-o-goberno-toma-o-camino-da-imposicion-educativa-fiscal-e-economica-da-man-de-independentistas-e-coa-complicidade-do-bng-e-psdeg\/#primaryimage","url":"https:\/\/ppdegalicia.com\/wp-content\/uploads\/2020\/11\/e7a476bdc2fad28deda2a3840a94f5f4-scaled.jpg","contentUrl":"https:\/\/ppdegalicia.com\/wp-content\/uploads\/2020\/11\/e7a476bdc2fad28deda2a3840a94f5f4-scaled.jpg","width":2560,"height":1642},{"@type":"BreadcrumbList","@id":"https:\/\/ppdegalicia.com\/es\/tellado-o-goberno-toma-o-camino-da-imposicion-educativa-fiscal-e-economica-da-man-de-independentistas-e-coa-complicidade-do-bng-e-psdeg\/#breadcrumb","itemListElement":[{"@type":"ListItem","position":1,"name":"Portada","item":"https:\/\/ppdegalicia.com\/es\/"},{"@type":"ListItem","position":2,"name":"Tellado: \u201cO Goberno toma o cami\u00f1o da imposici\u00f3n educativa, fiscal e econ\u00f3mica da man de independentistas e coa complicidade do BNG e PSdeG\u201d"}]},{"@type":"WebSite","@id":"https:\/\/ppdegalicia.com\/es\/#website","url":"https:\/\/ppdegalicia.com\/es\/","name":"Partido Popular de Galicia","description":"Partido Popular de Galicia","publisher":{"@id":"https:\/\/ppdegalicia.com\/es\/#organization"},"alternateName":"PP de Galicia","potentialAction":[{"@type":"SearchAction","target":{"@type":"EntryPoint","urlTemplate":"https:\/\/ppdegalicia.com\/es\/?s={search_term_string}"},"query-input":{"@type":"PropertyValueSpecification","valueRequired":true,"valueName":"search_term_string"}}],"inLanguage":"es"},{"@type":"Organization","@id":"https:\/\/ppdegalicia.com\/es\/#organization","name":"Partido Popular de Galicia","alternateName":"PP de Galicia","url":"https:\/\/ppdegalicia.com\/es\/","logo":{"@type":"ImageObject","inLanguage":"es","@id":"https:\/\/ppdegalicia.com\/es\/#\/schema\/logo\/image\/","url":"https:\/\/ppdegalicia.com\/wp-content\/uploads\/2023\/04\/logoPP512.png","contentUrl":"https:\/\/ppdegalicia.com\/wp-content\/uploads\/2023\/04\/logoPP512.png","width":512,"height":512,"caption":"Partido Popular de Galicia"},"image":{"@id":"https:\/\/ppdegalicia.com\/es\/#\/schema\/logo\/image\/"},"sameAs":["https:\/\/www.instagram.com\/ppdegalicia\/","https:\/\/x.com\/ppdegalicia","https:\/\/www.tiktok.com\/@ppdegalicia","https:\/\/www.youtube.com\/user\/ppdegalicia"]},{"@type":"Person","@id":"https:\/\/ppdegalicia.com\/es\/#\/schema\/person\/5b822c6f59e872ebdd1142f307dbcb59","name":"ppdegaliciaredes","image":{"@type":"ImageObject","inLanguage":"es","@id":"https:\/\/secure.gravatar.com\/avatar\/3c9179cf0256d00c72a48d1f25783c58b6842cd56e85ef3a572881c8e28ccd59?s=96&d=mm&r=g","url":"https:\/\/secure.gravatar.com\/avatar\/3c9179cf0256d00c72a48d1f25783c58b6842cd56e85ef3a572881c8e28ccd59?s=96&d=mm&r=g","contentUrl":"https:\/\/secure.gravatar.com\/avatar\/3c9179cf0256d00c72a48d1f25783c58b6842cd56e85ef3a572881c8e28ccd59?s=96&d=mm&r=g","caption":"ppdegaliciaredes"},"url":"https:\/\/ppdegalicia.com\/es\/author\/ppdegaliciaredes\/"}]}},"_links":{"self":[{"href":"https:\/\/ppdegalicia.com\/es\/wp-json\/wp\/v2\/posts\/55026","targetHints":{"allow":["GET"]}}],"collection":[{"href":"https:\/\/ppdegalicia.com\/es\/wp-json\/wp\/v2\/posts"}],"about":[{"href":"https:\/\/ppdegalicia.com\/es\/wp-json\/wp\/v2\/types\/post"}],"author":[{"embeddable":true,"href":"https:\/\/ppdegalicia.com\/es\/wp-json\/wp\/v2\/users\/38"}],"replies":[{"embeddable":true,"href":"https:\/\/ppdegalicia.com\/es\/wp-json\/wp\/v2\/comments?post=55026"}],"version-history":[{"count":0,"href":"https:\/\/ppdegalicia.com\/es\/wp-json\/wp\/v2\/posts\/55026\/revisions"}],"wp:featuredmedia":[{"embeddable":true,"href":"https:\/\/ppdegalicia.com\/es\/wp-json\/wp\/v2\/media\/55025"}],"wp:attachment":[{"href":"https:\/\/ppdegalicia.com\/es\/wp-json\/wp\/v2\/media?parent=55026"}],"wp:term":[{"taxonomy":"category","embeddable":true,"href":"https:\/\/ppdegalicia.com\/es\/wp-json\/wp\/v2\/categories?post=55026"},{"taxonomy":"post_tag","embeddable":true,"href":"https:\/\/ppdegalicia.com\/es\/wp-json\/wp\/v2\/tags?post=55026"}],"curies":[{"name":"wp","href":"https:\/\/api.w.org\/{rel}","templated":true}]}}