{"id":55034,"date":"2020-12-02T12:06:18","date_gmt":"2020-12-02T10:06:18","guid":{"rendered":"https:\/\/ppdegalicia.com\/tellado-a-creacion-de-emprego-e-un-eixo-fundamental-dos-orzamentos-da-xunta-para-2021\/"},"modified":"2020-12-02T12:06:18","modified_gmt":"2020-12-02T10:06:18","slug":"tellado-a-creacion-de-emprego-e-un-eixo-fundamental-dos-orzamentos-da-xunta-para-2021","status":"publish","type":"post","link":"https:\/\/ppdegalicia.com\/es\/tellado-a-creacion-de-emprego-e-un-eixo-fundamental-dos-orzamentos-da-xunta-para-2021\/","title":{"rendered":"Tellado: \u00abA creaci\u00f3n de emprego \u00e9 un eixo fundamental dos Orzamentos da Xunta para 2021\u00bb"},"content":{"rendered":"<p><img fetchpriority=\"high\" decoding=\"async\" class=\" size-full wp-image-55033\" src=\"https:\/\/ppdegalicia.com\/wp-content\/uploads\/2020\/12\/568eb1f09484268129ff2683b67ab79a.jpg\" alt=\"\" width=\"1920\" height=\"1280\" srcset=\"https:\/\/ppdegalicia.com\/wp-content\/uploads\/2020\/12\/568eb1f09484268129ff2683b67ab79a.jpg 1920w, https:\/\/ppdegalicia.com\/wp-content\/uploads\/2020\/12\/568eb1f09484268129ff2683b67ab79a-300x200.jpg 300w, https:\/\/ppdegalicia.com\/wp-content\/uploads\/2020\/12\/568eb1f09484268129ff2683b67ab79a-1024x683.jpg 1024w, https:\/\/ppdegalicia.com\/wp-content\/uploads\/2020\/12\/568eb1f09484268129ff2683b67ab79a-768x512.jpg 768w, https:\/\/ppdegalicia.com\/wp-content\/uploads\/2020\/12\/568eb1f09484268129ff2683b67ab79a-1536x1024.jpg 1536w\" sizes=\"(max-width: 1920px) 100vw, 1920px\" \/><\/p>\n<p style=\"text-align: justify;\">Destaca que se reforzan as contas do vindeiro ano para a Conseller\u00eda de Emprego e Igualdade cun incremento do 32% con respecto \u00e1s de 2020<\/p>\n<p><!--more--><\/p>\n<p style=\"text-align: justify;\">O secretario xeral do PPdeG, Miguel Tellado, asegurou que o mantemento e a creaci\u00f3n de emprego est\u00e1n entre os principais eixos dos Orzamentos da Xunta para 2021. \u201cRecuperar o antes posible os postos de traballo que est\u00e1 a destru\u00edr esta crise sanitaria \u00e9 unha prioridade para o Goberno galego e mostra disto \u00e9 que as contas da Conseller\u00eda de Emprego e Igualdade, cun total de 355 mill\u00f3ns de euros, ref\u00f3rzanse cun incremento do 32% con respecto aos de 2020\u201d, explicou.<\/p>\n<p style=\"text-align: justify;\">\u00a0<\/p>\n<p style=\"text-align: justify;\">O n\u00famero dous dos populares galegos valorou os datos de paro de novembro co\u00f1ecidos esta ma\u00f1\u00e1 e que indican que a nosa Autonom\u00eda conta con 4.157 parados menos que nos primeiros momentos da pandemia. Como reco\u00f1eceu, malia os efectos que a COVID-19 est\u00e1 tendo no mercado de traballo, con respecto a abril do 2020 -cando se rexistrou a cifra m\u00e1is alta de desemprego, marcando o impacto inicial da crise sanitaria- hai un descenso do 2,17%.<\/p>\n<p style=\"text-align: justify;\">\u00a0<\/p>\n<p style=\"text-align: justify;\">\u201cNon temos nada que celebrar mentres haxa galegos que o estean a pasar mal, pero \u00e9 un aliciente saber que as medidas tomadas en Galicia nesta materia est\u00e1n funcionando\u201d, manifestou indicando que, ademais, na evoluci\u00f3n anual, a Comunidade contin\u00faa en niveis de paro inferiores a hai 11 anos.<\/p>\n<p style=\"text-align: justify;\">\u00a0<\/p>\n<p style=\"text-align: justify;\">As\u00ed mesmo, Galicia \u00e9 a terceira comunidade con menor subida de paro e o incremento \u00e9 m\u00e1is de sete puntos inferior \u00e1 media de subida do Estado; e seguimos con m\u00e1is dun mill\u00f3n de afiliaci\u00f3ns \u00e1 Seguridade Social, a un nivel superior ao reflectido hai 10 anos.<\/p>\n<p style=\"text-align: justify;\">\u00a0<\/p>\n<p style=\"text-align: justify;\"><strong><u>D\u00daAS FORMAS DE XESTIONAR<\/u><\/strong><\/p>\n<p style=\"text-align: justify;\">O secretario xeral insistiu en que estes datos reforzan a s\u00faa convicci\u00f3n de que a Xunta est\u00e1 \u201ca facer as cousas ben\u201d, en contraposici\u00f3n ao Goberno socialista. Segundo recordou, o Executivo de Pedro S\u00e1nchez \u201cpresentou uns presupostos extremistas, pensados para satisfacer aos seus socios extremistas\u201d que, na s\u00faa opini\u00f3n, non atenden \u00e1s necesidades reais dos profesionais e empresas nin conte\u00f1en partidas para combater eficazmente o desemprego xerado pola pandemia.<\/p>\n<p style=\"text-align: justify;\"><strong><u>\u00a0<\/u><\/strong><\/p>\n<p style=\"text-align: justify;\"><strong><u>APOIO \u00c1 HOSTALER\u00cdA<\/u><\/strong><\/p>\n<p style=\"text-align: justify;\">Tellado tam\u00e9n resaltou o labor da Xunta nestes meses, sempre ao car\u00f3n dos sectores m\u00e1is afectados, como \u00e9 o caso do hostaleiro. Neste senso, salientou que a nosa \u00e9 a Comunidade que m\u00e1is est\u00e1 a apoiar \u00e1 hostaler\u00eda.<\/p>\n<p style=\"text-align: justify;\">\u00a0<\/p>\n<p style=\"text-align: justify;\">\u201cContamos con li\u00f1as de axudas xa abertas para o sector e para os aut\u00f3nomos por case 100 mill\u00f3ns de euros pero, o que agardamos e estas sexan complementadas con apoios doutras administraci\u00f3ns\u201d, dixo mentres subli\u00f1aba a importancia de contar tam\u00e9n coa implicaci\u00f3n do Goberno central, das deputaci\u00f3ns e dos concellos, algo que xa levan moito tempo pedindo os populares.<\/p>\n","protected":false},"excerpt":{"rendered":"<p>Destaca que se reforzan as contas do vindeiro ano para a Conseller\u00eda de Emprego e Igualdade cun incremento do 32% con respecto \u00e1s de 2020<\/p>\n","protected":false},"author":38,"featured_media":55033,"comment_status":"open","ping_status":"open","sticky":false,"template":"","format":"standard","meta":{"_acf_changed":false,"footnotes":""},"categories":[1],"tags":[],"class_list":["post-55034","post","type-post","status-publish","format-standard","has-post-thumbnail","hentry","category-pp-de-galicia"],"acf":[],"yoast_head":"<!-- This site is optimized with the Yoast SEO plugin v27.3 - https:\/\/yoast.com\/product\/yoast-seo-wordpress\/ -->\n<title>Tellado: &quot;A creaci\u00f3n de emprego \u00e9 un eixo fundamental dos Orzamentos da Xunta para 2021&quot; - PP de Galicia<\/title>\n<meta name=\"robots\" content=\"index, follow, max-snippet:-1, max-image-preview:large, max-video-preview:-1\" \/>\n<link rel=\"canonical\" href=\"https:\/\/ppdegalicia.com\/es\/tellado-a-creacion-de-emprego-e-un-eixo-fundamental-dos-orzamentos-da-xunta-para-2021\/\" \/>\n<meta property=\"og:locale\" content=\"es_ES\" \/>\n<meta property=\"og:type\" content=\"article\" \/>\n<meta property=\"og:title\" content=\"Tellado: &quot;A creaci\u00f3n de emprego \u00e9 un eixo fundamental dos Orzamentos da Xunta para 2021&quot; - PP de Galicia\" \/>\n<meta property=\"og:description\" content=\"Destaca que se reforzan as contas do vindeiro ano para a Conseller\u00eda de Emprego e Igualdade cun incremento do 32% con respecto \u00e1s de 2020\" \/>\n<meta property=\"og:url\" content=\"https:\/\/ppdegalicia.com\/es\/tellado-a-creacion-de-emprego-e-un-eixo-fundamental-dos-orzamentos-da-xunta-para-2021\/\" \/>\n<meta property=\"og:site_name\" content=\"PP de Galicia\" \/>\n<meta property=\"article:publisher\" content=\"https:\/\/www.instagram.com\/ppdegalicia\/\" \/>\n<meta property=\"article:published_time\" content=\"2020-12-02T10:06:18+00:00\" \/>\n<meta property=\"og:image\" content=\"https:\/\/ppdegalicia.com\/wp-content\/uploads\/2020\/12\/568eb1f09484268129ff2683b67ab79a.jpg\" \/>\n\t<meta property=\"og:image:width\" content=\"1920\" \/>\n\t<meta property=\"og:image:height\" content=\"1280\" \/>\n\t<meta property=\"og:image:type\" content=\"image\/jpeg\" \/>\n<meta name=\"author\" content=\"ppdegaliciaredes\" \/>\n<meta name=\"twitter:card\" content=\"summary_large_image\" \/>\n<meta name=\"twitter:creator\" content=\"@ppdegalicia\" \/>\n<meta name=\"twitter:site\" content=\"@ppdegalicia\" \/>\n<meta name=\"twitter:label1\" content=\"Escrito por\" \/>\n\t<meta name=\"twitter:data1\" content=\"ppdegaliciaredes\" \/>\n\t<meta name=\"twitter:label2\" content=\"Tiempo de lectura\" \/>\n\t<meta name=\"twitter:data2\" content=\"2 minutos\" \/>\n<script type=\"application\/ld+json\" class=\"yoast-schema-graph\">{\"@context\":\"https:\\\/\\\/schema.org\",\"@graph\":[{\"@type\":\"Article\",\"@id\":\"https:\\\/\\\/ppdegalicia.com\\\/es\\\/tellado-a-creacion-de-emprego-e-un-eixo-fundamental-dos-orzamentos-da-xunta-para-2021\\\/#article\",\"isPartOf\":{\"@id\":\"https:\\\/\\\/ppdegalicia.com\\\/es\\\/tellado-a-creacion-de-emprego-e-un-eixo-fundamental-dos-orzamentos-da-xunta-para-2021\\\/\"},\"author\":{\"name\":\"ppdegaliciaredes\",\"@id\":\"https:\\\/\\\/ppdegalicia.com\\\/es\\\/#\\\/schema\\\/person\\\/5b822c6f59e872ebdd1142f307dbcb59\"},\"headline\":\"Tellado: \u00abA creaci\u00f3n de emprego \u00e9 un eixo fundamental dos Orzamentos da Xunta para 2021\u00bb\",\"datePublished\":\"2020-12-02T10:06:18+00:00\",\"mainEntityOfPage\":{\"@id\":\"https:\\\/\\\/ppdegalicia.com\\\/es\\\/tellado-a-creacion-de-emprego-e-un-eixo-fundamental-dos-orzamentos-da-xunta-para-2021\\\/\"},\"wordCount\":480,\"commentCount\":0,\"publisher\":{\"@id\":\"https:\\\/\\\/ppdegalicia.com\\\/es\\\/#organization\"},\"image\":{\"@id\":\"https:\\\/\\\/ppdegalicia.com\\\/es\\\/tellado-a-creacion-de-emprego-e-un-eixo-fundamental-dos-orzamentos-da-xunta-para-2021\\\/#primaryimage\"},\"thumbnailUrl\":\"https:\\\/\\\/ppdegalicia.com\\\/wp-content\\\/uploads\\\/2020\\\/12\\\/568eb1f09484268129ff2683b67ab79a.jpg\",\"articleSection\":[\"PP de Galicia\"],\"inLanguage\":\"es\",\"potentialAction\":[{\"@type\":\"CommentAction\",\"name\":\"Comment\",\"target\":[\"https:\\\/\\\/ppdegalicia.com\\\/es\\\/tellado-a-creacion-de-emprego-e-un-eixo-fundamental-dos-orzamentos-da-xunta-para-2021\\\/#respond\"]}]},{\"@type\":\"WebPage\",\"@id\":\"https:\\\/\\\/ppdegalicia.com\\\/es\\\/tellado-a-creacion-de-emprego-e-un-eixo-fundamental-dos-orzamentos-da-xunta-para-2021\\\/\",\"url\":\"https:\\\/\\\/ppdegalicia.com\\\/es\\\/tellado-a-creacion-de-emprego-e-un-eixo-fundamental-dos-orzamentos-da-xunta-para-2021\\\/\",\"name\":\"Tellado: \\\"A creaci\u00f3n de emprego \u00e9 un eixo fundamental dos Orzamentos da Xunta para 2021\\\" - PP de Galicia\",\"isPartOf\":{\"@id\":\"https:\\\/\\\/ppdegalicia.com\\\/es\\\/#website\"},\"primaryImageOfPage\":{\"@id\":\"https:\\\/\\\/ppdegalicia.com\\\/es\\\/tellado-a-creacion-de-emprego-e-un-eixo-fundamental-dos-orzamentos-da-xunta-para-2021\\\/#primaryimage\"},\"image\":{\"@id\":\"https:\\\/\\\/ppdegalicia.com\\\/es\\\/tellado-a-creacion-de-emprego-e-un-eixo-fundamental-dos-orzamentos-da-xunta-para-2021\\\/#primaryimage\"},\"thumbnailUrl\":\"https:\\\/\\\/ppdegalicia.com\\\/wp-content\\\/uploads\\\/2020\\\/12\\\/568eb1f09484268129ff2683b67ab79a.jpg\",\"datePublished\":\"2020-12-02T10:06:18+00:00\",\"breadcrumb\":{\"@id\":\"https:\\\/\\\/ppdegalicia.com\\\/es\\\/tellado-a-creacion-de-emprego-e-un-eixo-fundamental-dos-orzamentos-da-xunta-para-2021\\\/#breadcrumb\"},\"inLanguage\":\"es\",\"potentialAction\":[{\"@type\":\"ReadAction\",\"target\":[\"https:\\\/\\\/ppdegalicia.com\\\/es\\\/tellado-a-creacion-de-emprego-e-un-eixo-fundamental-dos-orzamentos-da-xunta-para-2021\\\/\"]}]},{\"@type\":\"ImageObject\",\"inLanguage\":\"es\",\"@id\":\"https:\\\/\\\/ppdegalicia.com\\\/es\\\/tellado-a-creacion-de-emprego-e-un-eixo-fundamental-dos-orzamentos-da-xunta-para-2021\\\/#primaryimage\",\"url\":\"https:\\\/\\\/ppdegalicia.com\\\/wp-content\\\/uploads\\\/2020\\\/12\\\/568eb1f09484268129ff2683b67ab79a.jpg\",\"contentUrl\":\"https:\\\/\\\/ppdegalicia.com\\\/wp-content\\\/uploads\\\/2020\\\/12\\\/568eb1f09484268129ff2683b67ab79a.jpg\",\"width\":1920,\"height\":1280},{\"@type\":\"BreadcrumbList\",\"@id\":\"https:\\\/\\\/ppdegalicia.com\\\/es\\\/tellado-a-creacion-de-emprego-e-un-eixo-fundamental-dos-orzamentos-da-xunta-para-2021\\\/#breadcrumb\",\"itemListElement\":[{\"@type\":\"ListItem\",\"position\":1,\"name\":\"Portada\",\"item\":\"https:\\\/\\\/ppdegalicia.com\\\/es\\\/\"},{\"@type\":\"ListItem\",\"position\":2,\"name\":\"Tellado: &#8220;A creaci\u00f3n de emprego \u00e9 un eixo fundamental dos Orzamentos da Xunta para 2021&#8221;\"}]},{\"@type\":\"WebSite\",\"@id\":\"https:\\\/\\\/ppdegalicia.com\\\/es\\\/#website\",\"url\":\"https:\\\/\\\/ppdegalicia.com\\\/es\\\/\",\"name\":\"Partido Popular de Galicia\",\"description\":\"Partido Popular de Galicia\",\"publisher\":{\"@id\":\"https:\\\/\\\/ppdegalicia.com\\\/es\\\/#organization\"},\"alternateName\":\"PP de Galicia\",\"potentialAction\":[{\"@type\":\"SearchAction\",\"target\":{\"@type\":\"EntryPoint\",\"urlTemplate\":\"https:\\\/\\\/ppdegalicia.com\\\/es\\\/?s={search_term_string}\"},\"query-input\":{\"@type\":\"PropertyValueSpecification\",\"valueRequired\":true,\"valueName\":\"search_term_string\"}}],\"inLanguage\":\"es\"},{\"@type\":\"Organization\",\"@id\":\"https:\\\/\\\/ppdegalicia.com\\\/es\\\/#organization\",\"name\":\"Partido Popular de Galicia\",\"alternateName\":\"PP de Galicia\",\"url\":\"https:\\\/\\\/ppdegalicia.com\\\/es\\\/\",\"logo\":{\"@type\":\"ImageObject\",\"inLanguage\":\"es\",\"@id\":\"https:\\\/\\\/ppdegalicia.com\\\/es\\\/#\\\/schema\\\/logo\\\/image\\\/\",\"url\":\"https:\\\/\\\/ppdegalicia.com\\\/wp-content\\\/uploads\\\/2023\\\/04\\\/logoPP512.png\",\"contentUrl\":\"https:\\\/\\\/ppdegalicia.com\\\/wp-content\\\/uploads\\\/2023\\\/04\\\/logoPP512.png\",\"width\":512,\"height\":512,\"caption\":\"Partido Popular de Galicia\"},\"image\":{\"@id\":\"https:\\\/\\\/ppdegalicia.com\\\/es\\\/#\\\/schema\\\/logo\\\/image\\\/\"},\"sameAs\":[\"https:\\\/\\\/www.instagram.com\\\/ppdegalicia\\\/\",\"https:\\\/\\\/x.com\\\/ppdegalicia\",\"https:\\\/\\\/www.tiktok.com\\\/@ppdegalicia\",\"https:\\\/\\\/www.youtube.com\\\/user\\\/ppdegalicia\"]},{\"@type\":\"Person\",\"@id\":\"https:\\\/\\\/ppdegalicia.com\\\/es\\\/#\\\/schema\\\/person\\\/5b822c6f59e872ebdd1142f307dbcb59\",\"name\":\"ppdegaliciaredes\",\"image\":{\"@type\":\"ImageObject\",\"inLanguage\":\"es\",\"@id\":\"https:\\\/\\\/secure.gravatar.com\\\/avatar\\\/3c9179cf0256d00c72a48d1f25783c58b6842cd56e85ef3a572881c8e28ccd59?s=96&d=mm&r=g\",\"url\":\"https:\\\/\\\/secure.gravatar.com\\\/avatar\\\/3c9179cf0256d00c72a48d1f25783c58b6842cd56e85ef3a572881c8e28ccd59?s=96&d=mm&r=g\",\"contentUrl\":\"https:\\\/\\\/secure.gravatar.com\\\/avatar\\\/3c9179cf0256d00c72a48d1f25783c58b6842cd56e85ef3a572881c8e28ccd59?s=96&d=mm&r=g\",\"caption\":\"ppdegaliciaredes\"},\"url\":\"https:\\\/\\\/ppdegalicia.com\\\/es\\\/author\\\/ppdegaliciaredes\\\/\"}]}<\/script>\n<!-- \/ Yoast SEO plugin. -->","yoast_head_json":{"title":"Tellado: \"A creaci\u00f3n de emprego \u00e9 un eixo fundamental dos Orzamentos da Xunta para 2021\" - PP de Galicia","robots":{"index":"index","follow":"follow","max-snippet":"max-snippet:-1","max-image-preview":"max-image-preview:large","max-video-preview":"max-video-preview:-1"},"canonical":"https:\/\/ppdegalicia.com\/es\/tellado-a-creacion-de-emprego-e-un-eixo-fundamental-dos-orzamentos-da-xunta-para-2021\/","og_locale":"es_ES","og_type":"article","og_title":"Tellado: \"A creaci\u00f3n de emprego \u00e9 un eixo fundamental dos Orzamentos da Xunta para 2021\" - PP de Galicia","og_description":"Destaca que se reforzan as contas do vindeiro ano para a Conseller\u00eda de Emprego e Igualdade cun incremento do 32% con respecto \u00e1s de 2020","og_url":"https:\/\/ppdegalicia.com\/es\/tellado-a-creacion-de-emprego-e-un-eixo-fundamental-dos-orzamentos-da-xunta-para-2021\/","og_site_name":"PP de Galicia","article_publisher":"https:\/\/www.instagram.com\/ppdegalicia\/","article_published_time":"2020-12-02T10:06:18+00:00","og_image":[{"width":1920,"height":1280,"url":"https:\/\/ppdegalicia.com\/wp-content\/uploads\/2020\/12\/568eb1f09484268129ff2683b67ab79a.jpg","type":"image\/jpeg"}],"author":"ppdegaliciaredes","twitter_card":"summary_large_image","twitter_creator":"@ppdegalicia","twitter_site":"@ppdegalicia","twitter_misc":{"Escrito por":"ppdegaliciaredes","Tiempo de lectura":"2 minutos"},"schema":{"@context":"https:\/\/schema.org","@graph":[{"@type":"Article","@id":"https:\/\/ppdegalicia.com\/es\/tellado-a-creacion-de-emprego-e-un-eixo-fundamental-dos-orzamentos-da-xunta-para-2021\/#article","isPartOf":{"@id":"https:\/\/ppdegalicia.com\/es\/tellado-a-creacion-de-emprego-e-un-eixo-fundamental-dos-orzamentos-da-xunta-para-2021\/"},"author":{"name":"ppdegaliciaredes","@id":"https:\/\/ppdegalicia.com\/es\/#\/schema\/person\/5b822c6f59e872ebdd1142f307dbcb59"},"headline":"Tellado: \u00abA creaci\u00f3n de emprego \u00e9 un eixo fundamental dos Orzamentos da Xunta para 2021\u00bb","datePublished":"2020-12-02T10:06:18+00:00","mainEntityOfPage":{"@id":"https:\/\/ppdegalicia.com\/es\/tellado-a-creacion-de-emprego-e-un-eixo-fundamental-dos-orzamentos-da-xunta-para-2021\/"},"wordCount":480,"commentCount":0,"publisher":{"@id":"https:\/\/ppdegalicia.com\/es\/#organization"},"image":{"@id":"https:\/\/ppdegalicia.com\/es\/tellado-a-creacion-de-emprego-e-un-eixo-fundamental-dos-orzamentos-da-xunta-para-2021\/#primaryimage"},"thumbnailUrl":"https:\/\/ppdegalicia.com\/wp-content\/uploads\/2020\/12\/568eb1f09484268129ff2683b67ab79a.jpg","articleSection":["PP de Galicia"],"inLanguage":"es","potentialAction":[{"@type":"CommentAction","name":"Comment","target":["https:\/\/ppdegalicia.com\/es\/tellado-a-creacion-de-emprego-e-un-eixo-fundamental-dos-orzamentos-da-xunta-para-2021\/#respond"]}]},{"@type":"WebPage","@id":"https:\/\/ppdegalicia.com\/es\/tellado-a-creacion-de-emprego-e-un-eixo-fundamental-dos-orzamentos-da-xunta-para-2021\/","url":"https:\/\/ppdegalicia.com\/es\/tellado-a-creacion-de-emprego-e-un-eixo-fundamental-dos-orzamentos-da-xunta-para-2021\/","name":"Tellado: \"A creaci\u00f3n de emprego \u00e9 un eixo fundamental dos Orzamentos da Xunta para 2021\" - PP de Galicia","isPartOf":{"@id":"https:\/\/ppdegalicia.com\/es\/#website"},"primaryImageOfPage":{"@id":"https:\/\/ppdegalicia.com\/es\/tellado-a-creacion-de-emprego-e-un-eixo-fundamental-dos-orzamentos-da-xunta-para-2021\/#primaryimage"},"image":{"@id":"https:\/\/ppdegalicia.com\/es\/tellado-a-creacion-de-emprego-e-un-eixo-fundamental-dos-orzamentos-da-xunta-para-2021\/#primaryimage"},"thumbnailUrl":"https:\/\/ppdegalicia.com\/wp-content\/uploads\/2020\/12\/568eb1f09484268129ff2683b67ab79a.jpg","datePublished":"2020-12-02T10:06:18+00:00","breadcrumb":{"@id":"https:\/\/ppdegalicia.com\/es\/tellado-a-creacion-de-emprego-e-un-eixo-fundamental-dos-orzamentos-da-xunta-para-2021\/#breadcrumb"},"inLanguage":"es","potentialAction":[{"@type":"ReadAction","target":["https:\/\/ppdegalicia.com\/es\/tellado-a-creacion-de-emprego-e-un-eixo-fundamental-dos-orzamentos-da-xunta-para-2021\/"]}]},{"@type":"ImageObject","inLanguage":"es","@id":"https:\/\/ppdegalicia.com\/es\/tellado-a-creacion-de-emprego-e-un-eixo-fundamental-dos-orzamentos-da-xunta-para-2021\/#primaryimage","url":"https:\/\/ppdegalicia.com\/wp-content\/uploads\/2020\/12\/568eb1f09484268129ff2683b67ab79a.jpg","contentUrl":"https:\/\/ppdegalicia.com\/wp-content\/uploads\/2020\/12\/568eb1f09484268129ff2683b67ab79a.jpg","width":1920,"height":1280},{"@type":"BreadcrumbList","@id":"https:\/\/ppdegalicia.com\/es\/tellado-a-creacion-de-emprego-e-un-eixo-fundamental-dos-orzamentos-da-xunta-para-2021\/#breadcrumb","itemListElement":[{"@type":"ListItem","position":1,"name":"Portada","item":"https:\/\/ppdegalicia.com\/es\/"},{"@type":"ListItem","position":2,"name":"Tellado: &#8220;A creaci\u00f3n de emprego \u00e9 un eixo fundamental dos Orzamentos da Xunta para 2021&#8221;"}]},{"@type":"WebSite","@id":"https:\/\/ppdegalicia.com\/es\/#website","url":"https:\/\/ppdegalicia.com\/es\/","name":"Partido Popular de Galicia","description":"Partido Popular de Galicia","publisher":{"@id":"https:\/\/ppdegalicia.com\/es\/#organization"},"alternateName":"PP de Galicia","potentialAction":[{"@type":"SearchAction","target":{"@type":"EntryPoint","urlTemplate":"https:\/\/ppdegalicia.com\/es\/?s={search_term_string}"},"query-input":{"@type":"PropertyValueSpecification","valueRequired":true,"valueName":"search_term_string"}}],"inLanguage":"es"},{"@type":"Organization","@id":"https:\/\/ppdegalicia.com\/es\/#organization","name":"Partido Popular de Galicia","alternateName":"PP de Galicia","url":"https:\/\/ppdegalicia.com\/es\/","logo":{"@type":"ImageObject","inLanguage":"es","@id":"https:\/\/ppdegalicia.com\/es\/#\/schema\/logo\/image\/","url":"https:\/\/ppdegalicia.com\/wp-content\/uploads\/2023\/04\/logoPP512.png","contentUrl":"https:\/\/ppdegalicia.com\/wp-content\/uploads\/2023\/04\/logoPP512.png","width":512,"height":512,"caption":"Partido Popular de Galicia"},"image":{"@id":"https:\/\/ppdegalicia.com\/es\/#\/schema\/logo\/image\/"},"sameAs":["https:\/\/www.instagram.com\/ppdegalicia\/","https:\/\/x.com\/ppdegalicia","https:\/\/www.tiktok.com\/@ppdegalicia","https:\/\/www.youtube.com\/user\/ppdegalicia"]},{"@type":"Person","@id":"https:\/\/ppdegalicia.com\/es\/#\/schema\/person\/5b822c6f59e872ebdd1142f307dbcb59","name":"ppdegaliciaredes","image":{"@type":"ImageObject","inLanguage":"es","@id":"https:\/\/secure.gravatar.com\/avatar\/3c9179cf0256d00c72a48d1f25783c58b6842cd56e85ef3a572881c8e28ccd59?s=96&d=mm&r=g","url":"https:\/\/secure.gravatar.com\/avatar\/3c9179cf0256d00c72a48d1f25783c58b6842cd56e85ef3a572881c8e28ccd59?s=96&d=mm&r=g","contentUrl":"https:\/\/secure.gravatar.com\/avatar\/3c9179cf0256d00c72a48d1f25783c58b6842cd56e85ef3a572881c8e28ccd59?s=96&d=mm&r=g","caption":"ppdegaliciaredes"},"url":"https:\/\/ppdegalicia.com\/es\/author\/ppdegaliciaredes\/"}]}},"_links":{"self":[{"href":"https:\/\/ppdegalicia.com\/es\/wp-json\/wp\/v2\/posts\/55034","targetHints":{"allow":["GET"]}}],"collection":[{"href":"https:\/\/ppdegalicia.com\/es\/wp-json\/wp\/v2\/posts"}],"about":[{"href":"https:\/\/ppdegalicia.com\/es\/wp-json\/wp\/v2\/types\/post"}],"author":[{"embeddable":true,"href":"https:\/\/ppdegalicia.com\/es\/wp-json\/wp\/v2\/users\/38"}],"replies":[{"embeddable":true,"href":"https:\/\/ppdegalicia.com\/es\/wp-json\/wp\/v2\/comments?post=55034"}],"version-history":[{"count":0,"href":"https:\/\/ppdegalicia.com\/es\/wp-json\/wp\/v2\/posts\/55034\/revisions"}],"wp:featuredmedia":[{"embeddable":true,"href":"https:\/\/ppdegalicia.com\/es\/wp-json\/wp\/v2\/media\/55033"}],"wp:attachment":[{"href":"https:\/\/ppdegalicia.com\/es\/wp-json\/wp\/v2\/media?parent=55034"}],"wp:term":[{"taxonomy":"category","embeddable":true,"href":"https:\/\/ppdegalicia.com\/es\/wp-json\/wp\/v2\/categories?post=55034"},{"taxonomy":"post_tag","embeddable":true,"href":"https:\/\/ppdegalicia.com\/es\/wp-json\/wp\/v2\/tags?post=55034"}],"curies":[{"name":"wp","href":"https:\/\/api.w.org\/{rel}","templated":true}]}}