{"id":55069,"date":"2020-12-05T10:56:20","date_gmt":"2020-12-05T08:56:20","guid":{"rendered":"https:\/\/ppdegalicia.com\/o-parlamento-galego-demanda-potenciar-ampliar-a-informacion-a-distancia-no-agro-galego\/"},"modified":"2020-12-05T10:56:20","modified_gmt":"2020-12-05T08:56:20","slug":"o-parlamento-galego-demanda-potenciar-ampliar-a-informacion-a-distancia-no-agro-galego","status":"publish","type":"post","link":"https:\/\/ppdegalicia.com\/es\/o-parlamento-galego-demanda-potenciar-ampliar-a-informacion-a-distancia-no-agro-galego\/","title":{"rendered":"O Parlamento galego demanda potenciar ampliar a informaci\u00f3n a distancia no agro galego"},"content":{"rendered":"<p><img fetchpriority=\"high\" decoding=\"async\" class=\" size-full wp-image-55068\" src=\"https:\/\/ppdegalicia.com\/wp-content\/uploads\/2020\/12\/511045bd606e73600ff9101ede9e0a41.jpg\" alt=\"\" width=\"1900\" height=\"1086\" srcset=\"https:\/\/ppdegalicia.com\/wp-content\/uploads\/2020\/12\/511045bd606e73600ff9101ede9e0a41.jpg 1900w, https:\/\/ppdegalicia.com\/wp-content\/uploads\/2020\/12\/511045bd606e73600ff9101ede9e0a41-300x171.jpg 300w, https:\/\/ppdegalicia.com\/wp-content\/uploads\/2020\/12\/511045bd606e73600ff9101ede9e0a41-1024x585.jpg 1024w, https:\/\/ppdegalicia.com\/wp-content\/uploads\/2020\/12\/511045bd606e73600ff9101ede9e0a41-768x439.jpg 768w, https:\/\/ppdegalicia.com\/wp-content\/uploads\/2020\/12\/511045bd606e73600ff9101ede9e0a41-1536x878.jpg 1536w\" sizes=\"(max-width: 1900px) 100vw, 1900px\" \/><\/p>\n<p>Santiago, 4 de decembro de 2020.- O Parlamento galego aprobou hoxe por unanimidade a proposici\u00f3n non de lei do Grupo Popular a trav\u00e9s a que se insta \u00e1 Xunta a potenciar a plataforma tecnol\u00f3xica web para po\u00f1er en valor e ampliar a formaci\u00f3n a distancia no agro galego.<\/p>\n<p><!--more--><\/p>\n<p>\u201cO obxectivo \u00e9 que esta formaci\u00f3n se converta nun dos instrumentos fundamentais da modernizaci\u00f3n e do avance do medio agrario e, deste xeito, restablecer o equilibrio territorial no mundo rural en condici\u00f3ns de vida semellantes ao das zonas urbanas\u201d, sinalou o deputado popular Daniel Vega.<\/p>\n<p>\u00a0<\/p>\n<p>Na s\u00faa intervenci\u00f3n, o deputado popular lembrou que \u201ca formaci\u00f3n constit\u00fae un elemento imprescindible para lograr a competitividade do sector agrario, gandeiro e forestal, co obxectivo de xerar espazos favorables \u00e1 cultura empresarial, ao emprendemento e \u00e1 innovaci\u00f3n\u201d.<\/p>\n<p>\u00a0<\/p>\n<p><strong>RETO PARA AS ADMINISTRACI\u00d3NS<\/strong><\/p>\n<p>\u00a0<\/p>\n<p>\u201cNun mercado cada vez m\u00e1is esixente e cambiante, a profesionalizaci\u00f3n do sector primario mediante a mellora das s\u00faas capacitaci\u00f3ns e cualificaci\u00f3ns profesionais \u00e9 un reto para as administraci\u00f3ns p\u00fablicas en relaci\u00f3n ao co\u00f1ecemento t\u00e9cnico e produtivo, pero tam\u00e9n en termos comerciais e de xesti\u00f3n\u201d, engadiu.<\/p>\n<p>\u00a0<\/p>\n<p>O deputado popular manifestou que \u201cos programas de formaci\u00f3n agraria e forestal favorecen a capacitaci\u00f3n e a incorporaci\u00f3n de mozos ao sector primario, as\u00ed como a aprendizaxe permanente de todos os profesionais favorecendo o desenvolvemento rural, a sustentabilidade, a mellora ambiental, a competitividade, a innovaci\u00f3n e a implantaci\u00f3n de novas tecnolox\u00edas\u201d.<\/p>\n<p>\u00a0<\/p>\n<p>Vega subli\u00f1ou que \u201ca formaci\u00f3n on-line pode considerarse como o presente e futuro da educaci\u00f3n polas grandes vantaxes, como o aforro de custes e tempo, a flexibilidade, a facilidade do uso e aprendizaxe, a seguridade e, dunha forma sinxela, a actualizaci\u00f3n da informaci\u00f3n e dos seus contidos\u201d. <\/p>\n","protected":false},"excerpt":{"rendered":"<p>Santiago, 4 de decembro de 2020.- O Parlamento galego aprobou hoxe por unanimidade a proposici\u00f3n non de lei do Grupo Popular a trav\u00e9s a que se insta \u00e1 Xunta a potenciar a plataforma tecnol\u00f3xica web para po\u00f1er en valor e ampliar a formaci\u00f3n a distancia no agro galego.<\/p>\n","protected":false},"author":40,"featured_media":55068,"comment_status":"open","ping_status":"open","sticky":false,"template":"","format":"standard","meta":{"_acf_changed":false,"footnotes":""},"categories":[1],"tags":[],"class_list":["post-55069","post","type-post","status-publish","format-standard","has-post-thumbnail","hentry","category-pp-de-galicia"],"acf":[],"yoast_head":"<!-- This site is optimized with the Yoast SEO plugin v27.3 - https:\/\/yoast.com\/product\/yoast-seo-wordpress\/ -->\n<title>O Parlamento galego demanda potenciar ampliar a informaci\u00f3n a distancia no agro galego - PP de Galicia<\/title>\n<meta name=\"robots\" content=\"index, follow, max-snippet:-1, max-image-preview:large, max-video-preview:-1\" \/>\n<link rel=\"canonical\" href=\"https:\/\/ppdegalicia.com\/es\/o-parlamento-galego-demanda-potenciar-ampliar-a-informacion-a-distancia-no-agro-galego\/\" \/>\n<meta property=\"og:locale\" content=\"es_ES\" \/>\n<meta property=\"og:type\" content=\"article\" \/>\n<meta property=\"og:title\" content=\"O Parlamento galego demanda potenciar ampliar a informaci\u00f3n a distancia no agro galego - PP de Galicia\" \/>\n<meta property=\"og:description\" content=\"Santiago, 4 de decembro de 2020.- O Parlamento galego aprobou hoxe por unanimidade a proposici\u00f3n non de lei do Grupo Popular a trav\u00e9s a que se insta \u00e1 Xunta a potenciar a plataforma tecnol\u00f3xica web para po\u00f1er en valor e ampliar a formaci\u00f3n a distancia no agro galego.\" \/>\n<meta property=\"og:url\" content=\"https:\/\/ppdegalicia.com\/es\/o-parlamento-galego-demanda-potenciar-ampliar-a-informacion-a-distancia-no-agro-galego\/\" \/>\n<meta property=\"og:site_name\" content=\"PP de Galicia\" \/>\n<meta property=\"article:publisher\" content=\"https:\/\/www.instagram.com\/ppdegalicia\/\" \/>\n<meta property=\"article:published_time\" content=\"2020-12-05T08:56:20+00:00\" \/>\n<meta property=\"og:image\" content=\"https:\/\/ppdegalicia.com\/wp-content\/uploads\/2020\/12\/511045bd606e73600ff9101ede9e0a41.jpg\" \/>\n\t<meta property=\"og:image:width\" content=\"1900\" \/>\n\t<meta property=\"og:image:height\" content=\"1086\" \/>\n\t<meta property=\"og:image:type\" content=\"image\/jpeg\" \/>\n<meta name=\"author\" content=\"ppdegaliciaedtis\" \/>\n<meta name=\"twitter:card\" content=\"summary_large_image\" \/>\n<meta name=\"twitter:creator\" content=\"@ppdegalicia\" \/>\n<meta name=\"twitter:site\" content=\"@ppdegalicia\" \/>\n<meta name=\"twitter:label1\" content=\"Escrito por\" \/>\n\t<meta name=\"twitter:data1\" content=\"ppdegaliciaedtis\" \/>\n\t<meta name=\"twitter:label2\" content=\"Tiempo de lectura\" \/>\n\t<meta name=\"twitter:data2\" content=\"2 minutos\" \/>\n<script type=\"application\/ld+json\" class=\"yoast-schema-graph\">{\"@context\":\"https:\\\/\\\/schema.org\",\"@graph\":[{\"@type\":\"Article\",\"@id\":\"https:\\\/\\\/ppdegalicia.com\\\/es\\\/o-parlamento-galego-demanda-potenciar-ampliar-a-informacion-a-distancia-no-agro-galego\\\/#article\",\"isPartOf\":{\"@id\":\"https:\\\/\\\/ppdegalicia.com\\\/es\\\/o-parlamento-galego-demanda-potenciar-ampliar-a-informacion-a-distancia-no-agro-galego\\\/\"},\"author\":{\"name\":\"ppdegaliciaedtis\",\"@id\":\"https:\\\/\\\/ppdegalicia.com\\\/es\\\/#\\\/schema\\\/person\\\/bc9b46e59ebd34bf28611158c3867388\"},\"headline\":\"O Parlamento galego demanda potenciar ampliar a informaci\u00f3n a distancia no agro galego\",\"datePublished\":\"2020-12-05T08:56:20+00:00\",\"mainEntityOfPage\":{\"@id\":\"https:\\\/\\\/ppdegalicia.com\\\/es\\\/o-parlamento-galego-demanda-potenciar-ampliar-a-informacion-a-distancia-no-agro-galego\\\/\"},\"wordCount\":323,\"commentCount\":0,\"publisher\":{\"@id\":\"https:\\\/\\\/ppdegalicia.com\\\/es\\\/#organization\"},\"image\":{\"@id\":\"https:\\\/\\\/ppdegalicia.com\\\/es\\\/o-parlamento-galego-demanda-potenciar-ampliar-a-informacion-a-distancia-no-agro-galego\\\/#primaryimage\"},\"thumbnailUrl\":\"https:\\\/\\\/ppdegalicia.com\\\/wp-content\\\/uploads\\\/2020\\\/12\\\/511045bd606e73600ff9101ede9e0a41.jpg\",\"articleSection\":[\"PP de Galicia\"],\"inLanguage\":\"es\",\"potentialAction\":[{\"@type\":\"CommentAction\",\"name\":\"Comment\",\"target\":[\"https:\\\/\\\/ppdegalicia.com\\\/es\\\/o-parlamento-galego-demanda-potenciar-ampliar-a-informacion-a-distancia-no-agro-galego\\\/#respond\"]}]},{\"@type\":\"WebPage\",\"@id\":\"https:\\\/\\\/ppdegalicia.com\\\/es\\\/o-parlamento-galego-demanda-potenciar-ampliar-a-informacion-a-distancia-no-agro-galego\\\/\",\"url\":\"https:\\\/\\\/ppdegalicia.com\\\/es\\\/o-parlamento-galego-demanda-potenciar-ampliar-a-informacion-a-distancia-no-agro-galego\\\/\",\"name\":\"O Parlamento galego demanda potenciar ampliar a informaci\u00f3n a distancia no agro galego - PP de Galicia\",\"isPartOf\":{\"@id\":\"https:\\\/\\\/ppdegalicia.com\\\/es\\\/#website\"},\"primaryImageOfPage\":{\"@id\":\"https:\\\/\\\/ppdegalicia.com\\\/es\\\/o-parlamento-galego-demanda-potenciar-ampliar-a-informacion-a-distancia-no-agro-galego\\\/#primaryimage\"},\"image\":{\"@id\":\"https:\\\/\\\/ppdegalicia.com\\\/es\\\/o-parlamento-galego-demanda-potenciar-ampliar-a-informacion-a-distancia-no-agro-galego\\\/#primaryimage\"},\"thumbnailUrl\":\"https:\\\/\\\/ppdegalicia.com\\\/wp-content\\\/uploads\\\/2020\\\/12\\\/511045bd606e73600ff9101ede9e0a41.jpg\",\"datePublished\":\"2020-12-05T08:56:20+00:00\",\"breadcrumb\":{\"@id\":\"https:\\\/\\\/ppdegalicia.com\\\/es\\\/o-parlamento-galego-demanda-potenciar-ampliar-a-informacion-a-distancia-no-agro-galego\\\/#breadcrumb\"},\"inLanguage\":\"es\",\"potentialAction\":[{\"@type\":\"ReadAction\",\"target\":[\"https:\\\/\\\/ppdegalicia.com\\\/es\\\/o-parlamento-galego-demanda-potenciar-ampliar-a-informacion-a-distancia-no-agro-galego\\\/\"]}]},{\"@type\":\"ImageObject\",\"inLanguage\":\"es\",\"@id\":\"https:\\\/\\\/ppdegalicia.com\\\/es\\\/o-parlamento-galego-demanda-potenciar-ampliar-a-informacion-a-distancia-no-agro-galego\\\/#primaryimage\",\"url\":\"https:\\\/\\\/ppdegalicia.com\\\/wp-content\\\/uploads\\\/2020\\\/12\\\/511045bd606e73600ff9101ede9e0a41.jpg\",\"contentUrl\":\"https:\\\/\\\/ppdegalicia.com\\\/wp-content\\\/uploads\\\/2020\\\/12\\\/511045bd606e73600ff9101ede9e0a41.jpg\",\"width\":1900,\"height\":1086},{\"@type\":\"BreadcrumbList\",\"@id\":\"https:\\\/\\\/ppdegalicia.com\\\/es\\\/o-parlamento-galego-demanda-potenciar-ampliar-a-informacion-a-distancia-no-agro-galego\\\/#breadcrumb\",\"itemListElement\":[{\"@type\":\"ListItem\",\"position\":1,\"name\":\"Portada\",\"item\":\"https:\\\/\\\/ppdegalicia.com\\\/es\\\/\"},{\"@type\":\"ListItem\",\"position\":2,\"name\":\"O Parlamento galego demanda potenciar ampliar a informaci\u00f3n a distancia no agro galego\"}]},{\"@type\":\"WebSite\",\"@id\":\"https:\\\/\\\/ppdegalicia.com\\\/es\\\/#website\",\"url\":\"https:\\\/\\\/ppdegalicia.com\\\/es\\\/\",\"name\":\"Partido Popular de Galicia\",\"description\":\"Partido Popular de Galicia\",\"publisher\":{\"@id\":\"https:\\\/\\\/ppdegalicia.com\\\/es\\\/#organization\"},\"alternateName\":\"PP de Galicia\",\"potentialAction\":[{\"@type\":\"SearchAction\",\"target\":{\"@type\":\"EntryPoint\",\"urlTemplate\":\"https:\\\/\\\/ppdegalicia.com\\\/es\\\/?s={search_term_string}\"},\"query-input\":{\"@type\":\"PropertyValueSpecification\",\"valueRequired\":true,\"valueName\":\"search_term_string\"}}],\"inLanguage\":\"es\"},{\"@type\":\"Organization\",\"@id\":\"https:\\\/\\\/ppdegalicia.com\\\/es\\\/#organization\",\"name\":\"Partido Popular de Galicia\",\"alternateName\":\"PP de Galicia\",\"url\":\"https:\\\/\\\/ppdegalicia.com\\\/es\\\/\",\"logo\":{\"@type\":\"ImageObject\",\"inLanguage\":\"es\",\"@id\":\"https:\\\/\\\/ppdegalicia.com\\\/es\\\/#\\\/schema\\\/logo\\\/image\\\/\",\"url\":\"https:\\\/\\\/ppdegalicia.com\\\/wp-content\\\/uploads\\\/2023\\\/04\\\/logoPP512.png\",\"contentUrl\":\"https:\\\/\\\/ppdegalicia.com\\\/wp-content\\\/uploads\\\/2023\\\/04\\\/logoPP512.png\",\"width\":512,\"height\":512,\"caption\":\"Partido Popular de Galicia\"},\"image\":{\"@id\":\"https:\\\/\\\/ppdegalicia.com\\\/es\\\/#\\\/schema\\\/logo\\\/image\\\/\"},\"sameAs\":[\"https:\\\/\\\/www.instagram.com\\\/ppdegalicia\\\/\",\"https:\\\/\\\/x.com\\\/ppdegalicia\",\"https:\\\/\\\/www.tiktok.com\\\/@ppdegalicia\",\"https:\\\/\\\/www.youtube.com\\\/user\\\/ppdegalicia\"]},{\"@type\":\"Person\",\"@id\":\"https:\\\/\\\/ppdegalicia.com\\\/es\\\/#\\\/schema\\\/person\\\/bc9b46e59ebd34bf28611158c3867388\",\"name\":\"ppdegaliciaedtis\",\"image\":{\"@type\":\"ImageObject\",\"inLanguage\":\"es\",\"@id\":\"https:\\\/\\\/secure.gravatar.com\\\/avatar\\\/f9f8cf6e03df54a1b0d04a6b4b8e8c6bd63c10a439752e84d87a5385aefe2ced?s=96&d=mm&r=g\",\"url\":\"https:\\\/\\\/secure.gravatar.com\\\/avatar\\\/f9f8cf6e03df54a1b0d04a6b4b8e8c6bd63c10a439752e84d87a5385aefe2ced?s=96&d=mm&r=g\",\"contentUrl\":\"https:\\\/\\\/secure.gravatar.com\\\/avatar\\\/f9f8cf6e03df54a1b0d04a6b4b8e8c6bd63c10a439752e84d87a5385aefe2ced?s=96&d=mm&r=g\",\"caption\":\"ppdegaliciaedtis\"},\"url\":\"https:\\\/\\\/ppdegalicia.com\\\/es\\\/author\\\/ppdegaliciaedits\\\/\"}]}<\/script>\n<!-- \/ Yoast SEO plugin. -->","yoast_head_json":{"title":"O Parlamento galego demanda potenciar ampliar a informaci\u00f3n a distancia no agro galego - PP de Galicia","robots":{"index":"index","follow":"follow","max-snippet":"max-snippet:-1","max-image-preview":"max-image-preview:large","max-video-preview":"max-video-preview:-1"},"canonical":"https:\/\/ppdegalicia.com\/es\/o-parlamento-galego-demanda-potenciar-ampliar-a-informacion-a-distancia-no-agro-galego\/","og_locale":"es_ES","og_type":"article","og_title":"O Parlamento galego demanda potenciar ampliar a informaci\u00f3n a distancia no agro galego - PP de Galicia","og_description":"Santiago, 4 de decembro de 2020.- O Parlamento galego aprobou hoxe por unanimidade a proposici\u00f3n non de lei do Grupo Popular a trav\u00e9s a que se insta \u00e1 Xunta a potenciar a plataforma tecnol\u00f3xica web para po\u00f1er en valor e ampliar a formaci\u00f3n a distancia no agro galego.","og_url":"https:\/\/ppdegalicia.com\/es\/o-parlamento-galego-demanda-potenciar-ampliar-a-informacion-a-distancia-no-agro-galego\/","og_site_name":"PP de Galicia","article_publisher":"https:\/\/www.instagram.com\/ppdegalicia\/","article_published_time":"2020-12-05T08:56:20+00:00","og_image":[{"width":1900,"height":1086,"url":"https:\/\/ppdegalicia.com\/wp-content\/uploads\/2020\/12\/511045bd606e73600ff9101ede9e0a41.jpg","type":"image\/jpeg"}],"author":"ppdegaliciaedtis","twitter_card":"summary_large_image","twitter_creator":"@ppdegalicia","twitter_site":"@ppdegalicia","twitter_misc":{"Escrito por":"ppdegaliciaedtis","Tiempo de lectura":"2 minutos"},"schema":{"@context":"https:\/\/schema.org","@graph":[{"@type":"Article","@id":"https:\/\/ppdegalicia.com\/es\/o-parlamento-galego-demanda-potenciar-ampliar-a-informacion-a-distancia-no-agro-galego\/#article","isPartOf":{"@id":"https:\/\/ppdegalicia.com\/es\/o-parlamento-galego-demanda-potenciar-ampliar-a-informacion-a-distancia-no-agro-galego\/"},"author":{"name":"ppdegaliciaedtis","@id":"https:\/\/ppdegalicia.com\/es\/#\/schema\/person\/bc9b46e59ebd34bf28611158c3867388"},"headline":"O Parlamento galego demanda potenciar ampliar a informaci\u00f3n a distancia no agro galego","datePublished":"2020-12-05T08:56:20+00:00","mainEntityOfPage":{"@id":"https:\/\/ppdegalicia.com\/es\/o-parlamento-galego-demanda-potenciar-ampliar-a-informacion-a-distancia-no-agro-galego\/"},"wordCount":323,"commentCount":0,"publisher":{"@id":"https:\/\/ppdegalicia.com\/es\/#organization"},"image":{"@id":"https:\/\/ppdegalicia.com\/es\/o-parlamento-galego-demanda-potenciar-ampliar-a-informacion-a-distancia-no-agro-galego\/#primaryimage"},"thumbnailUrl":"https:\/\/ppdegalicia.com\/wp-content\/uploads\/2020\/12\/511045bd606e73600ff9101ede9e0a41.jpg","articleSection":["PP de Galicia"],"inLanguage":"es","potentialAction":[{"@type":"CommentAction","name":"Comment","target":["https:\/\/ppdegalicia.com\/es\/o-parlamento-galego-demanda-potenciar-ampliar-a-informacion-a-distancia-no-agro-galego\/#respond"]}]},{"@type":"WebPage","@id":"https:\/\/ppdegalicia.com\/es\/o-parlamento-galego-demanda-potenciar-ampliar-a-informacion-a-distancia-no-agro-galego\/","url":"https:\/\/ppdegalicia.com\/es\/o-parlamento-galego-demanda-potenciar-ampliar-a-informacion-a-distancia-no-agro-galego\/","name":"O Parlamento galego demanda potenciar ampliar a informaci\u00f3n a distancia no agro galego - PP de Galicia","isPartOf":{"@id":"https:\/\/ppdegalicia.com\/es\/#website"},"primaryImageOfPage":{"@id":"https:\/\/ppdegalicia.com\/es\/o-parlamento-galego-demanda-potenciar-ampliar-a-informacion-a-distancia-no-agro-galego\/#primaryimage"},"image":{"@id":"https:\/\/ppdegalicia.com\/es\/o-parlamento-galego-demanda-potenciar-ampliar-a-informacion-a-distancia-no-agro-galego\/#primaryimage"},"thumbnailUrl":"https:\/\/ppdegalicia.com\/wp-content\/uploads\/2020\/12\/511045bd606e73600ff9101ede9e0a41.jpg","datePublished":"2020-12-05T08:56:20+00:00","breadcrumb":{"@id":"https:\/\/ppdegalicia.com\/es\/o-parlamento-galego-demanda-potenciar-ampliar-a-informacion-a-distancia-no-agro-galego\/#breadcrumb"},"inLanguage":"es","potentialAction":[{"@type":"ReadAction","target":["https:\/\/ppdegalicia.com\/es\/o-parlamento-galego-demanda-potenciar-ampliar-a-informacion-a-distancia-no-agro-galego\/"]}]},{"@type":"ImageObject","inLanguage":"es","@id":"https:\/\/ppdegalicia.com\/es\/o-parlamento-galego-demanda-potenciar-ampliar-a-informacion-a-distancia-no-agro-galego\/#primaryimage","url":"https:\/\/ppdegalicia.com\/wp-content\/uploads\/2020\/12\/511045bd606e73600ff9101ede9e0a41.jpg","contentUrl":"https:\/\/ppdegalicia.com\/wp-content\/uploads\/2020\/12\/511045bd606e73600ff9101ede9e0a41.jpg","width":1900,"height":1086},{"@type":"BreadcrumbList","@id":"https:\/\/ppdegalicia.com\/es\/o-parlamento-galego-demanda-potenciar-ampliar-a-informacion-a-distancia-no-agro-galego\/#breadcrumb","itemListElement":[{"@type":"ListItem","position":1,"name":"Portada","item":"https:\/\/ppdegalicia.com\/es\/"},{"@type":"ListItem","position":2,"name":"O Parlamento galego demanda potenciar ampliar a informaci\u00f3n a distancia no agro galego"}]},{"@type":"WebSite","@id":"https:\/\/ppdegalicia.com\/es\/#website","url":"https:\/\/ppdegalicia.com\/es\/","name":"Partido Popular de Galicia","description":"Partido Popular de Galicia","publisher":{"@id":"https:\/\/ppdegalicia.com\/es\/#organization"},"alternateName":"PP de Galicia","potentialAction":[{"@type":"SearchAction","target":{"@type":"EntryPoint","urlTemplate":"https:\/\/ppdegalicia.com\/es\/?s={search_term_string}"},"query-input":{"@type":"PropertyValueSpecification","valueRequired":true,"valueName":"search_term_string"}}],"inLanguage":"es"},{"@type":"Organization","@id":"https:\/\/ppdegalicia.com\/es\/#organization","name":"Partido Popular de Galicia","alternateName":"PP de Galicia","url":"https:\/\/ppdegalicia.com\/es\/","logo":{"@type":"ImageObject","inLanguage":"es","@id":"https:\/\/ppdegalicia.com\/es\/#\/schema\/logo\/image\/","url":"https:\/\/ppdegalicia.com\/wp-content\/uploads\/2023\/04\/logoPP512.png","contentUrl":"https:\/\/ppdegalicia.com\/wp-content\/uploads\/2023\/04\/logoPP512.png","width":512,"height":512,"caption":"Partido Popular de Galicia"},"image":{"@id":"https:\/\/ppdegalicia.com\/es\/#\/schema\/logo\/image\/"},"sameAs":["https:\/\/www.instagram.com\/ppdegalicia\/","https:\/\/x.com\/ppdegalicia","https:\/\/www.tiktok.com\/@ppdegalicia","https:\/\/www.youtube.com\/user\/ppdegalicia"]},{"@type":"Person","@id":"https:\/\/ppdegalicia.com\/es\/#\/schema\/person\/bc9b46e59ebd34bf28611158c3867388","name":"ppdegaliciaedtis","image":{"@type":"ImageObject","inLanguage":"es","@id":"https:\/\/secure.gravatar.com\/avatar\/f9f8cf6e03df54a1b0d04a6b4b8e8c6bd63c10a439752e84d87a5385aefe2ced?s=96&d=mm&r=g","url":"https:\/\/secure.gravatar.com\/avatar\/f9f8cf6e03df54a1b0d04a6b4b8e8c6bd63c10a439752e84d87a5385aefe2ced?s=96&d=mm&r=g","contentUrl":"https:\/\/secure.gravatar.com\/avatar\/f9f8cf6e03df54a1b0d04a6b4b8e8c6bd63c10a439752e84d87a5385aefe2ced?s=96&d=mm&r=g","caption":"ppdegaliciaedtis"},"url":"https:\/\/ppdegalicia.com\/es\/author\/ppdegaliciaedits\/"}]}},"_links":{"self":[{"href":"https:\/\/ppdegalicia.com\/es\/wp-json\/wp\/v2\/posts\/55069","targetHints":{"allow":["GET"]}}],"collection":[{"href":"https:\/\/ppdegalicia.com\/es\/wp-json\/wp\/v2\/posts"}],"about":[{"href":"https:\/\/ppdegalicia.com\/es\/wp-json\/wp\/v2\/types\/post"}],"author":[{"embeddable":true,"href":"https:\/\/ppdegalicia.com\/es\/wp-json\/wp\/v2\/users\/40"}],"replies":[{"embeddable":true,"href":"https:\/\/ppdegalicia.com\/es\/wp-json\/wp\/v2\/comments?post=55069"}],"version-history":[{"count":0,"href":"https:\/\/ppdegalicia.com\/es\/wp-json\/wp\/v2\/posts\/55069\/revisions"}],"wp:featuredmedia":[{"embeddable":true,"href":"https:\/\/ppdegalicia.com\/es\/wp-json\/wp\/v2\/media\/55068"}],"wp:attachment":[{"href":"https:\/\/ppdegalicia.com\/es\/wp-json\/wp\/v2\/media?parent=55069"}],"wp:term":[{"taxonomy":"category","embeddable":true,"href":"https:\/\/ppdegalicia.com\/es\/wp-json\/wp\/v2\/categories?post=55069"},{"taxonomy":"post_tag","embeddable":true,"href":"https:\/\/ppdegalicia.com\/es\/wp-json\/wp\/v2\/tags?post=55069"}],"curies":[{"name":"wp","href":"https:\/\/api.w.org\/{rel}","templated":true}]}}