{"id":55103,"date":"2020-12-12T16:10:14","date_gmt":"2020-12-12T14:10:14","guid":{"rendered":"https:\/\/ppdegalicia.com\/aprobado-en-comision-o-ditame-do-proxecto-de-lei-de-pesca-continental-paso-previo-para-o-seu-debate-definitivo-no-pleno\/"},"modified":"2020-12-12T16:10:14","modified_gmt":"2020-12-12T14:10:14","slug":"aprobado-en-comision-o-ditame-do-proxecto-de-lei-de-pesca-continental-paso-previo-para-o-seu-debate-definitivo-no-pleno","status":"publish","type":"post","link":"https:\/\/ppdegalicia.com\/es\/aprobado-en-comision-o-ditame-do-proxecto-de-lei-de-pesca-continental-paso-previo-para-o-seu-debate-definitivo-no-pleno\/","title":{"rendered":"Aprobado en Comisi\u00f3n o ditame do proxecto de Lei de pesca continental, paso previo para o seu debate definitivo no Pleno"},"content":{"rendered":"<p><img fetchpriority=\"high\" decoding=\"async\" class=\" size-full wp-image-55102\" src=\"https:\/\/ppdegalicia.com\/wp-content\/uploads\/2020\/12\/659e968f26e9bae9611ae21de4733050.jpg\" alt=\"\" width=\"1900\" height=\"1112\" srcset=\"https:\/\/ppdegalicia.com\/wp-content\/uploads\/2020\/12\/659e968f26e9bae9611ae21de4733050.jpg 1900w, https:\/\/ppdegalicia.com\/wp-content\/uploads\/2020\/12\/659e968f26e9bae9611ae21de4733050-300x176.jpg 300w, https:\/\/ppdegalicia.com\/wp-content\/uploads\/2020\/12\/659e968f26e9bae9611ae21de4733050-1024x599.jpg 1024w, https:\/\/ppdegalicia.com\/wp-content\/uploads\/2020\/12\/659e968f26e9bae9611ae21de4733050-768x449.jpg 768w, https:\/\/ppdegalicia.com\/wp-content\/uploads\/2020\/12\/659e968f26e9bae9611ae21de4733050-1536x899.jpg 1536w\" sizes=\"(max-width: 1900px) 100vw, 1900px\" \/><\/p>\n<p>Santiago, 11 de decembro de 2020.- A Comisi\u00f3n 2\u00aa do Parlamento galego aprobou esta ma\u00f1\u00e1 o ditame do proxecto de Lei de pesca continental de Galicia, co que este texto lexislativo queda pendente do seu debate en Pleno para a s\u00faa aprobaci\u00f3n definitiva.<\/p>\n<p><!--more--><\/p>\n<p>A portavoz de Medio Ambiente do Grupo Popular, Marisol D\u00edaz Mouteira, concretou que o obxectivo \u00e9 \u201ca conservaci\u00f3n dos nosos r\u00edos e ecosistemas acu\u00e1ticos para impulsar unha pesca sustentable, respectuosa co medio ambiente e que sexa unha ferramenta de dinamizaci\u00f3n tur\u00edstica e econ\u00f3mica no rural, garantindo ademais a remuda xeracional\u201d.\u00a0<\/p>\n<p>\u00a0<\/p>\n<p>Marisol D\u00edaz incidiu que \u201ca conservaci\u00f3n dos nosos r\u00edos e ecosistemas acu\u00e1ticos estivo sempre presente no ideario e no esp\u00edrito deste proxecto de Lei\u201d, polo que asegurou que \u201cnon se rebaixa ningunha esixencia en materia de conservaci\u00f3n, m\u00e1is ben todo o contrario, mantense e mesmo se desenvolve a\u00ednda m\u00e1is, procurando a remuda xeracional para garantir o futuro desta pr\u00e1ctica, apostando ademais pola educaci\u00f3n ambiental e a formaci\u00f3n\u201d.\u00a0<\/p>\n<p>\u00a0<\/p>\n<p>En concreto, a portavoz popular referiuse \u00e1 creaci\u00f3n en Galicia das Escolas de R\u00edo, centros nos que se impartir\u00e1 formaci\u00f3n e educaci\u00f3n te\u00f3rica e pr\u00e1ctica sobre o co\u00f1ecemento dos r\u00edos, dos ecosistemas acu\u00e1ticos e sobre a pesca responsable e sostible.<\/p>\n<p>\u00a0<\/p>\n<p>\u201cUn dos aspectos novidosos desta nova lei \u00e9 a gratuidade dos permisos de pesca para todos os menores de idade, co obxectivo de achegar \u00e1 xente moza aos r\u00edos\u201d, sinalou.<\/p>\n","protected":false},"excerpt":{"rendered":"<p>Santiago, 11 de decembro de 2020.- A Comisi\u00f3n 2\u00aa do Parlamento galego aprobou esta ma\u00f1\u00e1 o ditame do proxecto de Lei de pesca continental de Galicia, co que este texto lexislativo queda pendente do seu debate en Pleno para a s\u00faa aprobaci\u00f3n definitiva.<\/p>\n","protected":false},"author":40,"featured_media":55102,"comment_status":"open","ping_status":"open","sticky":false,"template":"","format":"standard","meta":{"_acf_changed":false,"footnotes":""},"categories":[1],"tags":[],"class_list":["post-55103","post","type-post","status-publish","format-standard","has-post-thumbnail","hentry","category-pp-de-galicia"],"acf":[],"yoast_head":"<!-- This site is optimized with the Yoast SEO plugin v27.3 - https:\/\/yoast.com\/product\/yoast-seo-wordpress\/ -->\n<title>Aprobado en Comisi\u00f3n o ditame do proxecto de Lei de pesca continental, paso previo para o seu debate definitivo no Pleno - PP de Galicia<\/title>\n<meta name=\"robots\" content=\"index, follow, max-snippet:-1, max-image-preview:large, max-video-preview:-1\" \/>\n<link rel=\"canonical\" href=\"https:\/\/ppdegalicia.com\/es\/aprobado-en-comision-o-ditame-do-proxecto-de-lei-de-pesca-continental-paso-previo-para-o-seu-debate-definitivo-no-pleno\/\" \/>\n<meta property=\"og:locale\" content=\"es_ES\" \/>\n<meta property=\"og:type\" content=\"article\" \/>\n<meta property=\"og:title\" content=\"Aprobado en Comisi\u00f3n o ditame do proxecto de Lei de pesca continental, paso previo para o seu debate definitivo no Pleno - PP de Galicia\" \/>\n<meta property=\"og:description\" content=\"Santiago, 11 de decembro de 2020.- A Comisi\u00f3n 2\u00aa do Parlamento galego aprobou esta ma\u00f1\u00e1 o ditame do proxecto de Lei de pesca continental de Galicia, co que este texto lexislativo queda pendente do seu debate en Pleno para a s\u00faa aprobaci\u00f3n definitiva.\" \/>\n<meta property=\"og:url\" content=\"https:\/\/ppdegalicia.com\/es\/aprobado-en-comision-o-ditame-do-proxecto-de-lei-de-pesca-continental-paso-previo-para-o-seu-debate-definitivo-no-pleno\/\" \/>\n<meta property=\"og:site_name\" content=\"PP de Galicia\" \/>\n<meta property=\"article:publisher\" content=\"https:\/\/www.instagram.com\/ppdegalicia\/\" \/>\n<meta property=\"article:published_time\" content=\"2020-12-12T14:10:14+00:00\" \/>\n<meta property=\"og:image\" content=\"https:\/\/ppdegalicia.com\/wp-content\/uploads\/2020\/12\/659e968f26e9bae9611ae21de4733050.jpg\" \/>\n\t<meta property=\"og:image:width\" content=\"1900\" \/>\n\t<meta property=\"og:image:height\" content=\"1112\" \/>\n\t<meta property=\"og:image:type\" content=\"image\/jpeg\" \/>\n<meta name=\"author\" content=\"ppdegaliciaedtis\" \/>\n<meta name=\"twitter:card\" content=\"summary_large_image\" \/>\n<meta name=\"twitter:creator\" content=\"@ppdegalicia\" \/>\n<meta name=\"twitter:site\" content=\"@ppdegalicia\" \/>\n<meta name=\"twitter:label1\" content=\"Escrito por\" \/>\n\t<meta name=\"twitter:data1\" content=\"ppdegaliciaedtis\" \/>\n\t<meta name=\"twitter:label2\" content=\"Tiempo de lectura\" \/>\n\t<meta name=\"twitter:data2\" content=\"1 minuto\" \/>\n<script type=\"application\/ld+json\" class=\"yoast-schema-graph\">{\"@context\":\"https:\\\/\\\/schema.org\",\"@graph\":[{\"@type\":\"Article\",\"@id\":\"https:\\\/\\\/ppdegalicia.com\\\/es\\\/aprobado-en-comision-o-ditame-do-proxecto-de-lei-de-pesca-continental-paso-previo-para-o-seu-debate-definitivo-no-pleno\\\/#article\",\"isPartOf\":{\"@id\":\"https:\\\/\\\/ppdegalicia.com\\\/es\\\/aprobado-en-comision-o-ditame-do-proxecto-de-lei-de-pesca-continental-paso-previo-para-o-seu-debate-definitivo-no-pleno\\\/\"},\"author\":{\"name\":\"ppdegaliciaedtis\",\"@id\":\"https:\\\/\\\/ppdegalicia.com\\\/es\\\/#\\\/schema\\\/person\\\/bc9b46e59ebd34bf28611158c3867388\"},\"headline\":\"Aprobado en Comisi\u00f3n o ditame do proxecto de Lei de pesca continental, paso previo para o seu debate definitivo no Pleno\",\"datePublished\":\"2020-12-12T14:10:14+00:00\",\"mainEntityOfPage\":{\"@id\":\"https:\\\/\\\/ppdegalicia.com\\\/es\\\/aprobado-en-comision-o-ditame-do-proxecto-de-lei-de-pesca-continental-paso-previo-para-o-seu-debate-definitivo-no-pleno\\\/\"},\"wordCount\":278,\"commentCount\":0,\"publisher\":{\"@id\":\"https:\\\/\\\/ppdegalicia.com\\\/es\\\/#organization\"},\"image\":{\"@id\":\"https:\\\/\\\/ppdegalicia.com\\\/es\\\/aprobado-en-comision-o-ditame-do-proxecto-de-lei-de-pesca-continental-paso-previo-para-o-seu-debate-definitivo-no-pleno\\\/#primaryimage\"},\"thumbnailUrl\":\"https:\\\/\\\/ppdegalicia.com\\\/wp-content\\\/uploads\\\/2020\\\/12\\\/659e968f26e9bae9611ae21de4733050.jpg\",\"articleSection\":[\"PP de Galicia\"],\"inLanguage\":\"es\",\"potentialAction\":[{\"@type\":\"CommentAction\",\"name\":\"Comment\",\"target\":[\"https:\\\/\\\/ppdegalicia.com\\\/es\\\/aprobado-en-comision-o-ditame-do-proxecto-de-lei-de-pesca-continental-paso-previo-para-o-seu-debate-definitivo-no-pleno\\\/#respond\"]}]},{\"@type\":\"WebPage\",\"@id\":\"https:\\\/\\\/ppdegalicia.com\\\/es\\\/aprobado-en-comision-o-ditame-do-proxecto-de-lei-de-pesca-continental-paso-previo-para-o-seu-debate-definitivo-no-pleno\\\/\",\"url\":\"https:\\\/\\\/ppdegalicia.com\\\/es\\\/aprobado-en-comision-o-ditame-do-proxecto-de-lei-de-pesca-continental-paso-previo-para-o-seu-debate-definitivo-no-pleno\\\/\",\"name\":\"Aprobado en Comisi\u00f3n o ditame do proxecto de Lei de pesca continental, paso previo para o seu debate definitivo no Pleno - PP de Galicia\",\"isPartOf\":{\"@id\":\"https:\\\/\\\/ppdegalicia.com\\\/es\\\/#website\"},\"primaryImageOfPage\":{\"@id\":\"https:\\\/\\\/ppdegalicia.com\\\/es\\\/aprobado-en-comision-o-ditame-do-proxecto-de-lei-de-pesca-continental-paso-previo-para-o-seu-debate-definitivo-no-pleno\\\/#primaryimage\"},\"image\":{\"@id\":\"https:\\\/\\\/ppdegalicia.com\\\/es\\\/aprobado-en-comision-o-ditame-do-proxecto-de-lei-de-pesca-continental-paso-previo-para-o-seu-debate-definitivo-no-pleno\\\/#primaryimage\"},\"thumbnailUrl\":\"https:\\\/\\\/ppdegalicia.com\\\/wp-content\\\/uploads\\\/2020\\\/12\\\/659e968f26e9bae9611ae21de4733050.jpg\",\"datePublished\":\"2020-12-12T14:10:14+00:00\",\"breadcrumb\":{\"@id\":\"https:\\\/\\\/ppdegalicia.com\\\/es\\\/aprobado-en-comision-o-ditame-do-proxecto-de-lei-de-pesca-continental-paso-previo-para-o-seu-debate-definitivo-no-pleno\\\/#breadcrumb\"},\"inLanguage\":\"es\",\"potentialAction\":[{\"@type\":\"ReadAction\",\"target\":[\"https:\\\/\\\/ppdegalicia.com\\\/es\\\/aprobado-en-comision-o-ditame-do-proxecto-de-lei-de-pesca-continental-paso-previo-para-o-seu-debate-definitivo-no-pleno\\\/\"]}]},{\"@type\":\"ImageObject\",\"inLanguage\":\"es\",\"@id\":\"https:\\\/\\\/ppdegalicia.com\\\/es\\\/aprobado-en-comision-o-ditame-do-proxecto-de-lei-de-pesca-continental-paso-previo-para-o-seu-debate-definitivo-no-pleno\\\/#primaryimage\",\"url\":\"https:\\\/\\\/ppdegalicia.com\\\/wp-content\\\/uploads\\\/2020\\\/12\\\/659e968f26e9bae9611ae21de4733050.jpg\",\"contentUrl\":\"https:\\\/\\\/ppdegalicia.com\\\/wp-content\\\/uploads\\\/2020\\\/12\\\/659e968f26e9bae9611ae21de4733050.jpg\",\"width\":1900,\"height\":1112},{\"@type\":\"BreadcrumbList\",\"@id\":\"https:\\\/\\\/ppdegalicia.com\\\/es\\\/aprobado-en-comision-o-ditame-do-proxecto-de-lei-de-pesca-continental-paso-previo-para-o-seu-debate-definitivo-no-pleno\\\/#breadcrumb\",\"itemListElement\":[{\"@type\":\"ListItem\",\"position\":1,\"name\":\"Portada\",\"item\":\"https:\\\/\\\/ppdegalicia.com\\\/es\\\/\"},{\"@type\":\"ListItem\",\"position\":2,\"name\":\"Aprobado en Comisi\u00f3n o ditame do proxecto de Lei de pesca continental, paso previo para o seu debate definitivo no Pleno\"}]},{\"@type\":\"WebSite\",\"@id\":\"https:\\\/\\\/ppdegalicia.com\\\/es\\\/#website\",\"url\":\"https:\\\/\\\/ppdegalicia.com\\\/es\\\/\",\"name\":\"Partido Popular de Galicia\",\"description\":\"Partido Popular de Galicia\",\"publisher\":{\"@id\":\"https:\\\/\\\/ppdegalicia.com\\\/es\\\/#organization\"},\"alternateName\":\"PP de Galicia\",\"potentialAction\":[{\"@type\":\"SearchAction\",\"target\":{\"@type\":\"EntryPoint\",\"urlTemplate\":\"https:\\\/\\\/ppdegalicia.com\\\/es\\\/?s={search_term_string}\"},\"query-input\":{\"@type\":\"PropertyValueSpecification\",\"valueRequired\":true,\"valueName\":\"search_term_string\"}}],\"inLanguage\":\"es\"},{\"@type\":\"Organization\",\"@id\":\"https:\\\/\\\/ppdegalicia.com\\\/es\\\/#organization\",\"name\":\"Partido Popular de Galicia\",\"alternateName\":\"PP de Galicia\",\"url\":\"https:\\\/\\\/ppdegalicia.com\\\/es\\\/\",\"logo\":{\"@type\":\"ImageObject\",\"inLanguage\":\"es\",\"@id\":\"https:\\\/\\\/ppdegalicia.com\\\/es\\\/#\\\/schema\\\/logo\\\/image\\\/\",\"url\":\"https:\\\/\\\/ppdegalicia.com\\\/wp-content\\\/uploads\\\/2023\\\/04\\\/logoPP512.png\",\"contentUrl\":\"https:\\\/\\\/ppdegalicia.com\\\/wp-content\\\/uploads\\\/2023\\\/04\\\/logoPP512.png\",\"width\":512,\"height\":512,\"caption\":\"Partido Popular de Galicia\"},\"image\":{\"@id\":\"https:\\\/\\\/ppdegalicia.com\\\/es\\\/#\\\/schema\\\/logo\\\/image\\\/\"},\"sameAs\":[\"https:\\\/\\\/www.instagram.com\\\/ppdegalicia\\\/\",\"https:\\\/\\\/x.com\\\/ppdegalicia\",\"https:\\\/\\\/www.tiktok.com\\\/@ppdegalicia\",\"https:\\\/\\\/www.youtube.com\\\/user\\\/ppdegalicia\"]},{\"@type\":\"Person\",\"@id\":\"https:\\\/\\\/ppdegalicia.com\\\/es\\\/#\\\/schema\\\/person\\\/bc9b46e59ebd34bf28611158c3867388\",\"name\":\"ppdegaliciaedtis\",\"image\":{\"@type\":\"ImageObject\",\"inLanguage\":\"es\",\"@id\":\"https:\\\/\\\/secure.gravatar.com\\\/avatar\\\/f9f8cf6e03df54a1b0d04a6b4b8e8c6bd63c10a439752e84d87a5385aefe2ced?s=96&d=mm&r=g\",\"url\":\"https:\\\/\\\/secure.gravatar.com\\\/avatar\\\/f9f8cf6e03df54a1b0d04a6b4b8e8c6bd63c10a439752e84d87a5385aefe2ced?s=96&d=mm&r=g\",\"contentUrl\":\"https:\\\/\\\/secure.gravatar.com\\\/avatar\\\/f9f8cf6e03df54a1b0d04a6b4b8e8c6bd63c10a439752e84d87a5385aefe2ced?s=96&d=mm&r=g\",\"caption\":\"ppdegaliciaedtis\"},\"url\":\"https:\\\/\\\/ppdegalicia.com\\\/es\\\/author\\\/ppdegaliciaedits\\\/\"}]}<\/script>\n<!-- \/ Yoast SEO plugin. -->","yoast_head_json":{"title":"Aprobado en Comisi\u00f3n o ditame do proxecto de Lei de pesca continental, paso previo para o seu debate definitivo no Pleno - PP de Galicia","robots":{"index":"index","follow":"follow","max-snippet":"max-snippet:-1","max-image-preview":"max-image-preview:large","max-video-preview":"max-video-preview:-1"},"canonical":"https:\/\/ppdegalicia.com\/es\/aprobado-en-comision-o-ditame-do-proxecto-de-lei-de-pesca-continental-paso-previo-para-o-seu-debate-definitivo-no-pleno\/","og_locale":"es_ES","og_type":"article","og_title":"Aprobado en Comisi\u00f3n o ditame do proxecto de Lei de pesca continental, paso previo para o seu debate definitivo no Pleno - PP de Galicia","og_description":"Santiago, 11 de decembro de 2020.- A Comisi\u00f3n 2\u00aa do Parlamento galego aprobou esta ma\u00f1\u00e1 o ditame do proxecto de Lei de pesca continental de Galicia, co que este texto lexislativo queda pendente do seu debate en Pleno para a s\u00faa aprobaci\u00f3n definitiva.","og_url":"https:\/\/ppdegalicia.com\/es\/aprobado-en-comision-o-ditame-do-proxecto-de-lei-de-pesca-continental-paso-previo-para-o-seu-debate-definitivo-no-pleno\/","og_site_name":"PP de Galicia","article_publisher":"https:\/\/www.instagram.com\/ppdegalicia\/","article_published_time":"2020-12-12T14:10:14+00:00","og_image":[{"width":1900,"height":1112,"url":"https:\/\/ppdegalicia.com\/wp-content\/uploads\/2020\/12\/659e968f26e9bae9611ae21de4733050.jpg","type":"image\/jpeg"}],"author":"ppdegaliciaedtis","twitter_card":"summary_large_image","twitter_creator":"@ppdegalicia","twitter_site":"@ppdegalicia","twitter_misc":{"Escrito por":"ppdegaliciaedtis","Tiempo de lectura":"1 minuto"},"schema":{"@context":"https:\/\/schema.org","@graph":[{"@type":"Article","@id":"https:\/\/ppdegalicia.com\/es\/aprobado-en-comision-o-ditame-do-proxecto-de-lei-de-pesca-continental-paso-previo-para-o-seu-debate-definitivo-no-pleno\/#article","isPartOf":{"@id":"https:\/\/ppdegalicia.com\/es\/aprobado-en-comision-o-ditame-do-proxecto-de-lei-de-pesca-continental-paso-previo-para-o-seu-debate-definitivo-no-pleno\/"},"author":{"name":"ppdegaliciaedtis","@id":"https:\/\/ppdegalicia.com\/es\/#\/schema\/person\/bc9b46e59ebd34bf28611158c3867388"},"headline":"Aprobado en Comisi\u00f3n o ditame do proxecto de Lei de pesca continental, paso previo para o seu debate definitivo no Pleno","datePublished":"2020-12-12T14:10:14+00:00","mainEntityOfPage":{"@id":"https:\/\/ppdegalicia.com\/es\/aprobado-en-comision-o-ditame-do-proxecto-de-lei-de-pesca-continental-paso-previo-para-o-seu-debate-definitivo-no-pleno\/"},"wordCount":278,"commentCount":0,"publisher":{"@id":"https:\/\/ppdegalicia.com\/es\/#organization"},"image":{"@id":"https:\/\/ppdegalicia.com\/es\/aprobado-en-comision-o-ditame-do-proxecto-de-lei-de-pesca-continental-paso-previo-para-o-seu-debate-definitivo-no-pleno\/#primaryimage"},"thumbnailUrl":"https:\/\/ppdegalicia.com\/wp-content\/uploads\/2020\/12\/659e968f26e9bae9611ae21de4733050.jpg","articleSection":["PP de Galicia"],"inLanguage":"es","potentialAction":[{"@type":"CommentAction","name":"Comment","target":["https:\/\/ppdegalicia.com\/es\/aprobado-en-comision-o-ditame-do-proxecto-de-lei-de-pesca-continental-paso-previo-para-o-seu-debate-definitivo-no-pleno\/#respond"]}]},{"@type":"WebPage","@id":"https:\/\/ppdegalicia.com\/es\/aprobado-en-comision-o-ditame-do-proxecto-de-lei-de-pesca-continental-paso-previo-para-o-seu-debate-definitivo-no-pleno\/","url":"https:\/\/ppdegalicia.com\/es\/aprobado-en-comision-o-ditame-do-proxecto-de-lei-de-pesca-continental-paso-previo-para-o-seu-debate-definitivo-no-pleno\/","name":"Aprobado en Comisi\u00f3n o ditame do proxecto de Lei de pesca continental, paso previo para o seu debate definitivo no Pleno - PP de Galicia","isPartOf":{"@id":"https:\/\/ppdegalicia.com\/es\/#website"},"primaryImageOfPage":{"@id":"https:\/\/ppdegalicia.com\/es\/aprobado-en-comision-o-ditame-do-proxecto-de-lei-de-pesca-continental-paso-previo-para-o-seu-debate-definitivo-no-pleno\/#primaryimage"},"image":{"@id":"https:\/\/ppdegalicia.com\/es\/aprobado-en-comision-o-ditame-do-proxecto-de-lei-de-pesca-continental-paso-previo-para-o-seu-debate-definitivo-no-pleno\/#primaryimage"},"thumbnailUrl":"https:\/\/ppdegalicia.com\/wp-content\/uploads\/2020\/12\/659e968f26e9bae9611ae21de4733050.jpg","datePublished":"2020-12-12T14:10:14+00:00","breadcrumb":{"@id":"https:\/\/ppdegalicia.com\/es\/aprobado-en-comision-o-ditame-do-proxecto-de-lei-de-pesca-continental-paso-previo-para-o-seu-debate-definitivo-no-pleno\/#breadcrumb"},"inLanguage":"es","potentialAction":[{"@type":"ReadAction","target":["https:\/\/ppdegalicia.com\/es\/aprobado-en-comision-o-ditame-do-proxecto-de-lei-de-pesca-continental-paso-previo-para-o-seu-debate-definitivo-no-pleno\/"]}]},{"@type":"ImageObject","inLanguage":"es","@id":"https:\/\/ppdegalicia.com\/es\/aprobado-en-comision-o-ditame-do-proxecto-de-lei-de-pesca-continental-paso-previo-para-o-seu-debate-definitivo-no-pleno\/#primaryimage","url":"https:\/\/ppdegalicia.com\/wp-content\/uploads\/2020\/12\/659e968f26e9bae9611ae21de4733050.jpg","contentUrl":"https:\/\/ppdegalicia.com\/wp-content\/uploads\/2020\/12\/659e968f26e9bae9611ae21de4733050.jpg","width":1900,"height":1112},{"@type":"BreadcrumbList","@id":"https:\/\/ppdegalicia.com\/es\/aprobado-en-comision-o-ditame-do-proxecto-de-lei-de-pesca-continental-paso-previo-para-o-seu-debate-definitivo-no-pleno\/#breadcrumb","itemListElement":[{"@type":"ListItem","position":1,"name":"Portada","item":"https:\/\/ppdegalicia.com\/es\/"},{"@type":"ListItem","position":2,"name":"Aprobado en Comisi\u00f3n o ditame do proxecto de Lei de pesca continental, paso previo para o seu debate definitivo no Pleno"}]},{"@type":"WebSite","@id":"https:\/\/ppdegalicia.com\/es\/#website","url":"https:\/\/ppdegalicia.com\/es\/","name":"Partido Popular de Galicia","description":"Partido Popular de Galicia","publisher":{"@id":"https:\/\/ppdegalicia.com\/es\/#organization"},"alternateName":"PP de Galicia","potentialAction":[{"@type":"SearchAction","target":{"@type":"EntryPoint","urlTemplate":"https:\/\/ppdegalicia.com\/es\/?s={search_term_string}"},"query-input":{"@type":"PropertyValueSpecification","valueRequired":true,"valueName":"search_term_string"}}],"inLanguage":"es"},{"@type":"Organization","@id":"https:\/\/ppdegalicia.com\/es\/#organization","name":"Partido Popular de Galicia","alternateName":"PP de Galicia","url":"https:\/\/ppdegalicia.com\/es\/","logo":{"@type":"ImageObject","inLanguage":"es","@id":"https:\/\/ppdegalicia.com\/es\/#\/schema\/logo\/image\/","url":"https:\/\/ppdegalicia.com\/wp-content\/uploads\/2023\/04\/logoPP512.png","contentUrl":"https:\/\/ppdegalicia.com\/wp-content\/uploads\/2023\/04\/logoPP512.png","width":512,"height":512,"caption":"Partido Popular de Galicia"},"image":{"@id":"https:\/\/ppdegalicia.com\/es\/#\/schema\/logo\/image\/"},"sameAs":["https:\/\/www.instagram.com\/ppdegalicia\/","https:\/\/x.com\/ppdegalicia","https:\/\/www.tiktok.com\/@ppdegalicia","https:\/\/www.youtube.com\/user\/ppdegalicia"]},{"@type":"Person","@id":"https:\/\/ppdegalicia.com\/es\/#\/schema\/person\/bc9b46e59ebd34bf28611158c3867388","name":"ppdegaliciaedtis","image":{"@type":"ImageObject","inLanguage":"es","@id":"https:\/\/secure.gravatar.com\/avatar\/f9f8cf6e03df54a1b0d04a6b4b8e8c6bd63c10a439752e84d87a5385aefe2ced?s=96&d=mm&r=g","url":"https:\/\/secure.gravatar.com\/avatar\/f9f8cf6e03df54a1b0d04a6b4b8e8c6bd63c10a439752e84d87a5385aefe2ced?s=96&d=mm&r=g","contentUrl":"https:\/\/secure.gravatar.com\/avatar\/f9f8cf6e03df54a1b0d04a6b4b8e8c6bd63c10a439752e84d87a5385aefe2ced?s=96&d=mm&r=g","caption":"ppdegaliciaedtis"},"url":"https:\/\/ppdegalicia.com\/es\/author\/ppdegaliciaedits\/"}]}},"_links":{"self":[{"href":"https:\/\/ppdegalicia.com\/es\/wp-json\/wp\/v2\/posts\/55103","targetHints":{"allow":["GET"]}}],"collection":[{"href":"https:\/\/ppdegalicia.com\/es\/wp-json\/wp\/v2\/posts"}],"about":[{"href":"https:\/\/ppdegalicia.com\/es\/wp-json\/wp\/v2\/types\/post"}],"author":[{"embeddable":true,"href":"https:\/\/ppdegalicia.com\/es\/wp-json\/wp\/v2\/users\/40"}],"replies":[{"embeddable":true,"href":"https:\/\/ppdegalicia.com\/es\/wp-json\/wp\/v2\/comments?post=55103"}],"version-history":[{"count":0,"href":"https:\/\/ppdegalicia.com\/es\/wp-json\/wp\/v2\/posts\/55103\/revisions"}],"wp:featuredmedia":[{"embeddable":true,"href":"https:\/\/ppdegalicia.com\/es\/wp-json\/wp\/v2\/media\/55102"}],"wp:attachment":[{"href":"https:\/\/ppdegalicia.com\/es\/wp-json\/wp\/v2\/media?parent=55103"}],"wp:term":[{"taxonomy":"category","embeddable":true,"href":"https:\/\/ppdegalicia.com\/es\/wp-json\/wp\/v2\/categories?post=55103"},{"taxonomy":"post_tag","embeddable":true,"href":"https:\/\/ppdegalicia.com\/es\/wp-json\/wp\/v2\/tags?post=55103"}],"curies":[{"name":"wp","href":"https:\/\/api.w.org\/{rel}","templated":true}]}}