{"id":55117,"date":"2020-12-16T12:23:37","date_gmt":"2020-12-16T10:23:37","guid":{"rendered":"https:\/\/ppdegalicia.com\/tellado-o-bng-debelle-400-millons-de-euros-a-galicia-por-facer-presidente-a-pedro-sanchez\/"},"modified":"2020-12-16T12:23:37","modified_gmt":"2020-12-16T10:23:37","slug":"tellado-o-bng-debelle-400-millons-de-euros-a-galicia-por-facer-presidente-a-pedro-sanchez","status":"publish","type":"post","link":"https:\/\/ppdegalicia.com\/es\/tellado-o-bng-debelle-400-millons-de-euros-a-galicia-por-facer-presidente-a-pedro-sanchez\/","title":{"rendered":"Tellado: \u201cO BNG d\u00e9belle 400 mill\u00f3ns de euros a Galicia por facer presidente a Pedro S\u00e1nchez\u201d"},"content":{"rendered":"<p><img fetchpriority=\"high\" decoding=\"async\" class=\" size-full wp-image-55116\" src=\"https:\/\/ppdegalicia.com\/wp-content\/uploads\/2020\/12\/5544f3cc643587f8d6e281de1c08f210-scaled.jpg\" alt=\"\" width=\"2560\" height=\"1707\" srcset=\"https:\/\/ppdegalicia.com\/wp-content\/uploads\/2020\/12\/5544f3cc643587f8d6e281de1c08f210-scaled.jpg 2560w, https:\/\/ppdegalicia.com\/wp-content\/uploads\/2020\/12\/5544f3cc643587f8d6e281de1c08f210-300x200.jpg 300w, https:\/\/ppdegalicia.com\/wp-content\/uploads\/2020\/12\/5544f3cc643587f8d6e281de1c08f210-1024x683.jpg 1024w, https:\/\/ppdegalicia.com\/wp-content\/uploads\/2020\/12\/5544f3cc643587f8d6e281de1c08f210-768x512.jpg 768w, https:\/\/ppdegalicia.com\/wp-content\/uploads\/2020\/12\/5544f3cc643587f8d6e281de1c08f210-1536x1024.jpg 1536w, https:\/\/ppdegalicia.com\/wp-content\/uploads\/2020\/12\/5544f3cc643587f8d6e281de1c08f210-2048x1365.jpg 2048w\" sizes=\"(max-width: 2560px) 100vw, 2560px\" \/><\/p>\n<p style=\"text-align: justify;\">Os senadores do PP presentaron m\u00e1is de 1.500 emendas aos Presupostos Xerais do Estado, das que m\u00e1is de 130 corresponden \u00e1 nosa Autonom\u00eda<\/p>\n<p><!--more--><\/p>\n<p style=\"text-align: justify;\">O secretario xeral do PPdeG, Miguel Tellado, subli\u00f1ou que o BNG lle debe 400 mill\u00f3ns de euros a Galicia por facer presidente a Pedro S\u00e1nchez, que volver\u00e1 facer o\u00eddos xordos \u00e1s necesidades dos galegos.<\/p>\n<p style=\"text-align: justify;\">\u00a0<\/p>\n<p style=\"text-align: justify;\">As\u00ed se expresaba nunha rolda de prensa acompa\u00f1ado polo senador Jos\u00e9 Manuel Barreiro e pola deputada Paula Prado na que destacou que, como xa fixeron primeiro no Congreso dos Deputados, os populares tam\u00e9n presentaron no Senado m\u00e1is de 1.500 emendas aos Presupostos Xerais do Estado, das que m\u00e1is de 130 corresponden a Galicia e tratan de evitar a perda de 400 mill\u00f3ns de euros para a nosa Comunidade.<\/p>\n<p style=\"text-align: justify;\">\u00a0<\/p>\n<p style=\"text-align: justify;\">O n\u00famero dous do PPdeG lamentou que os socialistas vaian volver rexeitar, sen di\u00e1logo ning\u00fan, todas as demandas galegas debido a que S\u00e1nchez xa elixiu aos radicais e aos independentistas como compa\u00f1eiros de viaxe, e non dar\u00e1 a Galicia os recursos que lle corresponden porque a nosa Autonom\u00eda non lle d\u00e1 votos para manterse no poder.<\/p>\n<p style=\"text-align: justify;\">\u00a0<\/p>\n<p style=\"text-align: justify;\">Tellado aproveitou a s\u00faa comparecencia para agradecer todo o traballo que est\u00e1n desenvolvendo en Madrid os senadores e deputados do PPdeG, un esforzo fundamental para representar os intereses de Galicia e de toda Espa\u00f1a nas Cortes Xerais do Estado. Nese senso, salientou que os resultados vense especialmente en momentos coma este, no que fixeron un gran traballo corrixindo as grav\u00edsimas carencias dos Presupostos Xerais presentados polo Goberno socialista.<\/p>\n<p style=\"text-align: justify;\">\u00a0<\/p>\n<p style=\"text-align: justify;\"><strong><u>PEDIR O QUE LLE CORRESPONDE A GALICIA<\/u><\/strong><\/p>\n<p style=\"text-align: justify;\">Pola s\u00faa banda, Jos\u00e9 Manuel Barreiro afirmou que as Contas do Estado para 2021 son un instrumento de maltrato a Galicia, manifestando que a nosa \u00e9 a Comunidade m\u00e1is maltratada e isto responde a motivos puramente pol\u00edticos.<\/p>\n<p style=\"text-align: justify;\">\u00a0<\/p>\n<p style=\"text-align: justify;\">\u201cO \u00fanico que pedimos \u00e9 que se mante\u00f1a o que xa estaba comprometido nos anteriores Presupostos do Goberno de Mariano Rajoy\u201d, aseverou mentres remarcaba que os populares seguir\u00e1n traballando con total intensidade para que a nosa Autonom\u00eda reciba o que lle corresponde.<\/p>\n<p style=\"text-align: justify;\">\u00a0<\/p>\n<p style=\"text-align: justify;\">Ademais, tras insistir na responsabilidade do BNG neste asunto por apoiar a investidura de S\u00e1nchez, tam\u00e9n indicou que os representantes do PSdeG nas Cortes Xerais deber\u00edan aclarar se est\u00e1n a favor dos intereses da Comunidade ou s\u00f3 de deben ao l\u00edder do seu partido. Sobre isto, explicou que o feito de que os socialistas galegos no Senado non presentasen ningunha emenda \u00e9 unha mostra clara de que, lonxe de defender a Galicia, est\u00e1n contentos co maltrato que estas Contas lle dan ao noso territorio.<\/p>\n","protected":false},"excerpt":{"rendered":"<p>Os senadores do PP presentaron m\u00e1is de 1.500 emendas aos Presupostos Xerais do Estado, das que m\u00e1is de 130 corresponden \u00e1 nosa Autonom\u00eda<\/p>\n","protected":false},"author":38,"featured_media":55116,"comment_status":"open","ping_status":"open","sticky":false,"template":"","format":"standard","meta":{"_acf_changed":false,"footnotes":""},"categories":[1],"tags":[],"class_list":["post-55117","post","type-post","status-publish","format-standard","has-post-thumbnail","hentry","category-pp-de-galicia"],"acf":[],"yoast_head":"<!-- This site is optimized with the Yoast SEO plugin v27.3 - https:\/\/yoast.com\/product\/yoast-seo-wordpress\/ -->\n<title>Tellado: \u201cO BNG d\u00e9belle 400 mill\u00f3ns de euros a Galicia por facer presidente a Pedro S\u00e1nchez\u201d - PP de Galicia<\/title>\n<meta name=\"robots\" content=\"index, follow, max-snippet:-1, max-image-preview:large, max-video-preview:-1\" \/>\n<link rel=\"canonical\" href=\"https:\/\/ppdegalicia.com\/es\/tellado-o-bng-debelle-400-millons-de-euros-a-galicia-por-facer-presidente-a-pedro-sanchez\/\" \/>\n<meta property=\"og:locale\" content=\"es_ES\" \/>\n<meta property=\"og:type\" content=\"article\" \/>\n<meta property=\"og:title\" content=\"Tellado: \u201cO BNG d\u00e9belle 400 mill\u00f3ns de euros a Galicia por facer presidente a Pedro S\u00e1nchez\u201d - PP de Galicia\" \/>\n<meta property=\"og:description\" content=\"Os senadores do PP presentaron m\u00e1is de 1.500 emendas aos Presupostos Xerais do Estado, das que m\u00e1is de 130 corresponden \u00e1 nosa Autonom\u00eda\" \/>\n<meta property=\"og:url\" content=\"https:\/\/ppdegalicia.com\/es\/tellado-o-bng-debelle-400-millons-de-euros-a-galicia-por-facer-presidente-a-pedro-sanchez\/\" \/>\n<meta property=\"og:site_name\" content=\"PP de Galicia\" \/>\n<meta property=\"article:publisher\" content=\"https:\/\/www.instagram.com\/ppdegalicia\/\" \/>\n<meta property=\"article:published_time\" content=\"2020-12-16T10:23:37+00:00\" \/>\n<meta property=\"og:image\" content=\"https:\/\/ppdegalicia.com\/wp-content\/uploads\/2020\/12\/5544f3cc643587f8d6e281de1c08f210-scaled.jpg\" \/>\n\t<meta property=\"og:image:width\" content=\"2560\" \/>\n\t<meta property=\"og:image:height\" content=\"1707\" \/>\n\t<meta property=\"og:image:type\" content=\"image\/jpeg\" \/>\n<meta name=\"author\" content=\"ppdegaliciaredes\" \/>\n<meta name=\"twitter:card\" content=\"summary_large_image\" \/>\n<meta name=\"twitter:creator\" content=\"@ppdegalicia\" \/>\n<meta name=\"twitter:site\" content=\"@ppdegalicia\" \/>\n<meta name=\"twitter:label1\" content=\"Escrito por\" \/>\n\t<meta name=\"twitter:data1\" content=\"ppdegaliciaredes\" \/>\n\t<meta name=\"twitter:label2\" content=\"Tiempo de lectura\" \/>\n\t<meta name=\"twitter:data2\" content=\"2 minutos\" \/>\n<script type=\"application\/ld+json\" class=\"yoast-schema-graph\">{\"@context\":\"https:\\\/\\\/schema.org\",\"@graph\":[{\"@type\":\"Article\",\"@id\":\"https:\\\/\\\/ppdegalicia.com\\\/es\\\/tellado-o-bng-debelle-400-millons-de-euros-a-galicia-por-facer-presidente-a-pedro-sanchez\\\/#article\",\"isPartOf\":{\"@id\":\"https:\\\/\\\/ppdegalicia.com\\\/es\\\/tellado-o-bng-debelle-400-millons-de-euros-a-galicia-por-facer-presidente-a-pedro-sanchez\\\/\"},\"author\":{\"name\":\"ppdegaliciaredes\",\"@id\":\"https:\\\/\\\/ppdegalicia.com\\\/es\\\/#\\\/schema\\\/person\\\/5b822c6f59e872ebdd1142f307dbcb59\"},\"headline\":\"Tellado: \u201cO BNG d\u00e9belle 400 mill\u00f3ns de euros a Galicia por facer presidente a Pedro S\u00e1nchez\u201d\",\"datePublished\":\"2020-12-16T10:23:37+00:00\",\"mainEntityOfPage\":{\"@id\":\"https:\\\/\\\/ppdegalicia.com\\\/es\\\/tellado-o-bng-debelle-400-millons-de-euros-a-galicia-por-facer-presidente-a-pedro-sanchez\\\/\"},\"wordCount\":460,\"commentCount\":0,\"publisher\":{\"@id\":\"https:\\\/\\\/ppdegalicia.com\\\/es\\\/#organization\"},\"image\":{\"@id\":\"https:\\\/\\\/ppdegalicia.com\\\/es\\\/tellado-o-bng-debelle-400-millons-de-euros-a-galicia-por-facer-presidente-a-pedro-sanchez\\\/#primaryimage\"},\"thumbnailUrl\":\"https:\\\/\\\/ppdegalicia.com\\\/wp-content\\\/uploads\\\/2020\\\/12\\\/5544f3cc643587f8d6e281de1c08f210-scaled.jpg\",\"articleSection\":[\"PP de Galicia\"],\"inLanguage\":\"es\",\"potentialAction\":[{\"@type\":\"CommentAction\",\"name\":\"Comment\",\"target\":[\"https:\\\/\\\/ppdegalicia.com\\\/es\\\/tellado-o-bng-debelle-400-millons-de-euros-a-galicia-por-facer-presidente-a-pedro-sanchez\\\/#respond\"]}]},{\"@type\":\"WebPage\",\"@id\":\"https:\\\/\\\/ppdegalicia.com\\\/es\\\/tellado-o-bng-debelle-400-millons-de-euros-a-galicia-por-facer-presidente-a-pedro-sanchez\\\/\",\"url\":\"https:\\\/\\\/ppdegalicia.com\\\/es\\\/tellado-o-bng-debelle-400-millons-de-euros-a-galicia-por-facer-presidente-a-pedro-sanchez\\\/\",\"name\":\"Tellado: \u201cO BNG d\u00e9belle 400 mill\u00f3ns de euros a Galicia por facer presidente a Pedro S\u00e1nchez\u201d - PP de Galicia\",\"isPartOf\":{\"@id\":\"https:\\\/\\\/ppdegalicia.com\\\/es\\\/#website\"},\"primaryImageOfPage\":{\"@id\":\"https:\\\/\\\/ppdegalicia.com\\\/es\\\/tellado-o-bng-debelle-400-millons-de-euros-a-galicia-por-facer-presidente-a-pedro-sanchez\\\/#primaryimage\"},\"image\":{\"@id\":\"https:\\\/\\\/ppdegalicia.com\\\/es\\\/tellado-o-bng-debelle-400-millons-de-euros-a-galicia-por-facer-presidente-a-pedro-sanchez\\\/#primaryimage\"},\"thumbnailUrl\":\"https:\\\/\\\/ppdegalicia.com\\\/wp-content\\\/uploads\\\/2020\\\/12\\\/5544f3cc643587f8d6e281de1c08f210-scaled.jpg\",\"datePublished\":\"2020-12-16T10:23:37+00:00\",\"breadcrumb\":{\"@id\":\"https:\\\/\\\/ppdegalicia.com\\\/es\\\/tellado-o-bng-debelle-400-millons-de-euros-a-galicia-por-facer-presidente-a-pedro-sanchez\\\/#breadcrumb\"},\"inLanguage\":\"es\",\"potentialAction\":[{\"@type\":\"ReadAction\",\"target\":[\"https:\\\/\\\/ppdegalicia.com\\\/es\\\/tellado-o-bng-debelle-400-millons-de-euros-a-galicia-por-facer-presidente-a-pedro-sanchez\\\/\"]}]},{\"@type\":\"ImageObject\",\"inLanguage\":\"es\",\"@id\":\"https:\\\/\\\/ppdegalicia.com\\\/es\\\/tellado-o-bng-debelle-400-millons-de-euros-a-galicia-por-facer-presidente-a-pedro-sanchez\\\/#primaryimage\",\"url\":\"https:\\\/\\\/ppdegalicia.com\\\/wp-content\\\/uploads\\\/2020\\\/12\\\/5544f3cc643587f8d6e281de1c08f210-scaled.jpg\",\"contentUrl\":\"https:\\\/\\\/ppdegalicia.com\\\/wp-content\\\/uploads\\\/2020\\\/12\\\/5544f3cc643587f8d6e281de1c08f210-scaled.jpg\",\"width\":2560,\"height\":1707},{\"@type\":\"BreadcrumbList\",\"@id\":\"https:\\\/\\\/ppdegalicia.com\\\/es\\\/tellado-o-bng-debelle-400-millons-de-euros-a-galicia-por-facer-presidente-a-pedro-sanchez\\\/#breadcrumb\",\"itemListElement\":[{\"@type\":\"ListItem\",\"position\":1,\"name\":\"Portada\",\"item\":\"https:\\\/\\\/ppdegalicia.com\\\/es\\\/\"},{\"@type\":\"ListItem\",\"position\":2,\"name\":\"Tellado: \u201cO BNG d\u00e9belle 400 mill\u00f3ns de euros a Galicia por facer presidente a Pedro S\u00e1nchez\u201d\"}]},{\"@type\":\"WebSite\",\"@id\":\"https:\\\/\\\/ppdegalicia.com\\\/es\\\/#website\",\"url\":\"https:\\\/\\\/ppdegalicia.com\\\/es\\\/\",\"name\":\"Partido Popular de Galicia\",\"description\":\"Partido Popular de Galicia\",\"publisher\":{\"@id\":\"https:\\\/\\\/ppdegalicia.com\\\/es\\\/#organization\"},\"alternateName\":\"PP de Galicia\",\"potentialAction\":[{\"@type\":\"SearchAction\",\"target\":{\"@type\":\"EntryPoint\",\"urlTemplate\":\"https:\\\/\\\/ppdegalicia.com\\\/es\\\/?s={search_term_string}\"},\"query-input\":{\"@type\":\"PropertyValueSpecification\",\"valueRequired\":true,\"valueName\":\"search_term_string\"}}],\"inLanguage\":\"es\"},{\"@type\":\"Organization\",\"@id\":\"https:\\\/\\\/ppdegalicia.com\\\/es\\\/#organization\",\"name\":\"Partido Popular de Galicia\",\"alternateName\":\"PP de Galicia\",\"url\":\"https:\\\/\\\/ppdegalicia.com\\\/es\\\/\",\"logo\":{\"@type\":\"ImageObject\",\"inLanguage\":\"es\",\"@id\":\"https:\\\/\\\/ppdegalicia.com\\\/es\\\/#\\\/schema\\\/logo\\\/image\\\/\",\"url\":\"https:\\\/\\\/ppdegalicia.com\\\/wp-content\\\/uploads\\\/2023\\\/04\\\/logoPP512.png\",\"contentUrl\":\"https:\\\/\\\/ppdegalicia.com\\\/wp-content\\\/uploads\\\/2023\\\/04\\\/logoPP512.png\",\"width\":512,\"height\":512,\"caption\":\"Partido Popular de Galicia\"},\"image\":{\"@id\":\"https:\\\/\\\/ppdegalicia.com\\\/es\\\/#\\\/schema\\\/logo\\\/image\\\/\"},\"sameAs\":[\"https:\\\/\\\/www.instagram.com\\\/ppdegalicia\\\/\",\"https:\\\/\\\/x.com\\\/ppdegalicia\",\"https:\\\/\\\/www.tiktok.com\\\/@ppdegalicia\",\"https:\\\/\\\/www.youtube.com\\\/user\\\/ppdegalicia\"]},{\"@type\":\"Person\",\"@id\":\"https:\\\/\\\/ppdegalicia.com\\\/es\\\/#\\\/schema\\\/person\\\/5b822c6f59e872ebdd1142f307dbcb59\",\"name\":\"ppdegaliciaredes\",\"image\":{\"@type\":\"ImageObject\",\"inLanguage\":\"es\",\"@id\":\"https:\\\/\\\/secure.gravatar.com\\\/avatar\\\/3c9179cf0256d00c72a48d1f25783c58b6842cd56e85ef3a572881c8e28ccd59?s=96&d=mm&r=g\",\"url\":\"https:\\\/\\\/secure.gravatar.com\\\/avatar\\\/3c9179cf0256d00c72a48d1f25783c58b6842cd56e85ef3a572881c8e28ccd59?s=96&d=mm&r=g\",\"contentUrl\":\"https:\\\/\\\/secure.gravatar.com\\\/avatar\\\/3c9179cf0256d00c72a48d1f25783c58b6842cd56e85ef3a572881c8e28ccd59?s=96&d=mm&r=g\",\"caption\":\"ppdegaliciaredes\"},\"url\":\"https:\\\/\\\/ppdegalicia.com\\\/es\\\/author\\\/ppdegaliciaredes\\\/\"}]}<\/script>\n<!-- \/ Yoast SEO plugin. -->","yoast_head_json":{"title":"Tellado: \u201cO BNG d\u00e9belle 400 mill\u00f3ns de euros a Galicia por facer presidente a Pedro S\u00e1nchez\u201d - PP de Galicia","robots":{"index":"index","follow":"follow","max-snippet":"max-snippet:-1","max-image-preview":"max-image-preview:large","max-video-preview":"max-video-preview:-1"},"canonical":"https:\/\/ppdegalicia.com\/es\/tellado-o-bng-debelle-400-millons-de-euros-a-galicia-por-facer-presidente-a-pedro-sanchez\/","og_locale":"es_ES","og_type":"article","og_title":"Tellado: \u201cO BNG d\u00e9belle 400 mill\u00f3ns de euros a Galicia por facer presidente a Pedro S\u00e1nchez\u201d - PP de Galicia","og_description":"Os senadores do PP presentaron m\u00e1is de 1.500 emendas aos Presupostos Xerais do Estado, das que m\u00e1is de 130 corresponden \u00e1 nosa Autonom\u00eda","og_url":"https:\/\/ppdegalicia.com\/es\/tellado-o-bng-debelle-400-millons-de-euros-a-galicia-por-facer-presidente-a-pedro-sanchez\/","og_site_name":"PP de Galicia","article_publisher":"https:\/\/www.instagram.com\/ppdegalicia\/","article_published_time":"2020-12-16T10:23:37+00:00","og_image":[{"width":2560,"height":1707,"url":"https:\/\/ppdegalicia.com\/wp-content\/uploads\/2020\/12\/5544f3cc643587f8d6e281de1c08f210-scaled.jpg","type":"image\/jpeg"}],"author":"ppdegaliciaredes","twitter_card":"summary_large_image","twitter_creator":"@ppdegalicia","twitter_site":"@ppdegalicia","twitter_misc":{"Escrito por":"ppdegaliciaredes","Tiempo de lectura":"2 minutos"},"schema":{"@context":"https:\/\/schema.org","@graph":[{"@type":"Article","@id":"https:\/\/ppdegalicia.com\/es\/tellado-o-bng-debelle-400-millons-de-euros-a-galicia-por-facer-presidente-a-pedro-sanchez\/#article","isPartOf":{"@id":"https:\/\/ppdegalicia.com\/es\/tellado-o-bng-debelle-400-millons-de-euros-a-galicia-por-facer-presidente-a-pedro-sanchez\/"},"author":{"name":"ppdegaliciaredes","@id":"https:\/\/ppdegalicia.com\/es\/#\/schema\/person\/5b822c6f59e872ebdd1142f307dbcb59"},"headline":"Tellado: \u201cO BNG d\u00e9belle 400 mill\u00f3ns de euros a Galicia por facer presidente a Pedro S\u00e1nchez\u201d","datePublished":"2020-12-16T10:23:37+00:00","mainEntityOfPage":{"@id":"https:\/\/ppdegalicia.com\/es\/tellado-o-bng-debelle-400-millons-de-euros-a-galicia-por-facer-presidente-a-pedro-sanchez\/"},"wordCount":460,"commentCount":0,"publisher":{"@id":"https:\/\/ppdegalicia.com\/es\/#organization"},"image":{"@id":"https:\/\/ppdegalicia.com\/es\/tellado-o-bng-debelle-400-millons-de-euros-a-galicia-por-facer-presidente-a-pedro-sanchez\/#primaryimage"},"thumbnailUrl":"https:\/\/ppdegalicia.com\/wp-content\/uploads\/2020\/12\/5544f3cc643587f8d6e281de1c08f210-scaled.jpg","articleSection":["PP de Galicia"],"inLanguage":"es","potentialAction":[{"@type":"CommentAction","name":"Comment","target":["https:\/\/ppdegalicia.com\/es\/tellado-o-bng-debelle-400-millons-de-euros-a-galicia-por-facer-presidente-a-pedro-sanchez\/#respond"]}]},{"@type":"WebPage","@id":"https:\/\/ppdegalicia.com\/es\/tellado-o-bng-debelle-400-millons-de-euros-a-galicia-por-facer-presidente-a-pedro-sanchez\/","url":"https:\/\/ppdegalicia.com\/es\/tellado-o-bng-debelle-400-millons-de-euros-a-galicia-por-facer-presidente-a-pedro-sanchez\/","name":"Tellado: \u201cO BNG d\u00e9belle 400 mill\u00f3ns de euros a Galicia por facer presidente a Pedro S\u00e1nchez\u201d - PP de Galicia","isPartOf":{"@id":"https:\/\/ppdegalicia.com\/es\/#website"},"primaryImageOfPage":{"@id":"https:\/\/ppdegalicia.com\/es\/tellado-o-bng-debelle-400-millons-de-euros-a-galicia-por-facer-presidente-a-pedro-sanchez\/#primaryimage"},"image":{"@id":"https:\/\/ppdegalicia.com\/es\/tellado-o-bng-debelle-400-millons-de-euros-a-galicia-por-facer-presidente-a-pedro-sanchez\/#primaryimage"},"thumbnailUrl":"https:\/\/ppdegalicia.com\/wp-content\/uploads\/2020\/12\/5544f3cc643587f8d6e281de1c08f210-scaled.jpg","datePublished":"2020-12-16T10:23:37+00:00","breadcrumb":{"@id":"https:\/\/ppdegalicia.com\/es\/tellado-o-bng-debelle-400-millons-de-euros-a-galicia-por-facer-presidente-a-pedro-sanchez\/#breadcrumb"},"inLanguage":"es","potentialAction":[{"@type":"ReadAction","target":["https:\/\/ppdegalicia.com\/es\/tellado-o-bng-debelle-400-millons-de-euros-a-galicia-por-facer-presidente-a-pedro-sanchez\/"]}]},{"@type":"ImageObject","inLanguage":"es","@id":"https:\/\/ppdegalicia.com\/es\/tellado-o-bng-debelle-400-millons-de-euros-a-galicia-por-facer-presidente-a-pedro-sanchez\/#primaryimage","url":"https:\/\/ppdegalicia.com\/wp-content\/uploads\/2020\/12\/5544f3cc643587f8d6e281de1c08f210-scaled.jpg","contentUrl":"https:\/\/ppdegalicia.com\/wp-content\/uploads\/2020\/12\/5544f3cc643587f8d6e281de1c08f210-scaled.jpg","width":2560,"height":1707},{"@type":"BreadcrumbList","@id":"https:\/\/ppdegalicia.com\/es\/tellado-o-bng-debelle-400-millons-de-euros-a-galicia-por-facer-presidente-a-pedro-sanchez\/#breadcrumb","itemListElement":[{"@type":"ListItem","position":1,"name":"Portada","item":"https:\/\/ppdegalicia.com\/es\/"},{"@type":"ListItem","position":2,"name":"Tellado: \u201cO BNG d\u00e9belle 400 mill\u00f3ns de euros a Galicia por facer presidente a Pedro S\u00e1nchez\u201d"}]},{"@type":"WebSite","@id":"https:\/\/ppdegalicia.com\/es\/#website","url":"https:\/\/ppdegalicia.com\/es\/","name":"Partido Popular de Galicia","description":"Partido Popular de Galicia","publisher":{"@id":"https:\/\/ppdegalicia.com\/es\/#organization"},"alternateName":"PP de Galicia","potentialAction":[{"@type":"SearchAction","target":{"@type":"EntryPoint","urlTemplate":"https:\/\/ppdegalicia.com\/es\/?s={search_term_string}"},"query-input":{"@type":"PropertyValueSpecification","valueRequired":true,"valueName":"search_term_string"}}],"inLanguage":"es"},{"@type":"Organization","@id":"https:\/\/ppdegalicia.com\/es\/#organization","name":"Partido Popular de Galicia","alternateName":"PP de Galicia","url":"https:\/\/ppdegalicia.com\/es\/","logo":{"@type":"ImageObject","inLanguage":"es","@id":"https:\/\/ppdegalicia.com\/es\/#\/schema\/logo\/image\/","url":"https:\/\/ppdegalicia.com\/wp-content\/uploads\/2023\/04\/logoPP512.png","contentUrl":"https:\/\/ppdegalicia.com\/wp-content\/uploads\/2023\/04\/logoPP512.png","width":512,"height":512,"caption":"Partido Popular de Galicia"},"image":{"@id":"https:\/\/ppdegalicia.com\/es\/#\/schema\/logo\/image\/"},"sameAs":["https:\/\/www.instagram.com\/ppdegalicia\/","https:\/\/x.com\/ppdegalicia","https:\/\/www.tiktok.com\/@ppdegalicia","https:\/\/www.youtube.com\/user\/ppdegalicia"]},{"@type":"Person","@id":"https:\/\/ppdegalicia.com\/es\/#\/schema\/person\/5b822c6f59e872ebdd1142f307dbcb59","name":"ppdegaliciaredes","image":{"@type":"ImageObject","inLanguage":"es","@id":"https:\/\/secure.gravatar.com\/avatar\/3c9179cf0256d00c72a48d1f25783c58b6842cd56e85ef3a572881c8e28ccd59?s=96&d=mm&r=g","url":"https:\/\/secure.gravatar.com\/avatar\/3c9179cf0256d00c72a48d1f25783c58b6842cd56e85ef3a572881c8e28ccd59?s=96&d=mm&r=g","contentUrl":"https:\/\/secure.gravatar.com\/avatar\/3c9179cf0256d00c72a48d1f25783c58b6842cd56e85ef3a572881c8e28ccd59?s=96&d=mm&r=g","caption":"ppdegaliciaredes"},"url":"https:\/\/ppdegalicia.com\/es\/author\/ppdegaliciaredes\/"}]}},"_links":{"self":[{"href":"https:\/\/ppdegalicia.com\/es\/wp-json\/wp\/v2\/posts\/55117","targetHints":{"allow":["GET"]}}],"collection":[{"href":"https:\/\/ppdegalicia.com\/es\/wp-json\/wp\/v2\/posts"}],"about":[{"href":"https:\/\/ppdegalicia.com\/es\/wp-json\/wp\/v2\/types\/post"}],"author":[{"embeddable":true,"href":"https:\/\/ppdegalicia.com\/es\/wp-json\/wp\/v2\/users\/38"}],"replies":[{"embeddable":true,"href":"https:\/\/ppdegalicia.com\/es\/wp-json\/wp\/v2\/comments?post=55117"}],"version-history":[{"count":0,"href":"https:\/\/ppdegalicia.com\/es\/wp-json\/wp\/v2\/posts\/55117\/revisions"}],"wp:featuredmedia":[{"embeddable":true,"href":"https:\/\/ppdegalicia.com\/es\/wp-json\/wp\/v2\/media\/55116"}],"wp:attachment":[{"href":"https:\/\/ppdegalicia.com\/es\/wp-json\/wp\/v2\/media?parent=55117"}],"wp:term":[{"taxonomy":"category","embeddable":true,"href":"https:\/\/ppdegalicia.com\/es\/wp-json\/wp\/v2\/categories?post=55117"},{"taxonomy":"post_tag","embeddable":true,"href":"https:\/\/ppdegalicia.com\/es\/wp-json\/wp\/v2\/tags?post=55117"}],"curies":[{"name":"wp","href":"https:\/\/api.w.org\/{rel}","templated":true}]}}