{"id":55120,"date":"2020-12-20T13:43:01","date_gmt":"2020-12-20T11:43:01","guid":{"rendered":"https:\/\/ppdegalicia.com\/joe-biden-pedro-sanchez-y-quim-torra-participan-junto-a-alberto-nunez-feijoo-en-el-video-de-navidad-del-ppdeg\/"},"modified":"2020-12-20T13:43:01","modified_gmt":"2020-12-20T11:43:01","slug":"joe-biden-pedro-sanchez-y-quim-torra-participan-junto-a-alberto-nunez-feijoo-en-el-video-de-navidad-del-ppdeg","status":"publish","type":"post","link":"https:\/\/ppdegalicia.com\/es\/joe-biden-pedro-sanchez-y-quim-torra-participan-junto-a-alberto-nunez-feijoo-en-el-video-de-navidad-del-ppdeg\/","title":{"rendered":"Joe Biden, Pedro S\u00e1nchez y Quim Torra participan junto a Alberto N\u00fa\u00f1ez Feij\u00f3o en el v\u00eddeo de Navidad del PPdeG"},"content":{"rendered":"<p><img fetchpriority=\"high\" decoding=\"async\" class=\" size-full wp-image-55119\" src=\"https:\/\/ppdegalicia.com\/wp-content\/uploads\/2020\/12\/3f89a4e20cffd2f55d9618fe87569059.jpg\" alt=\"\" width=\"1920\" height=\"1080\" srcset=\"https:\/\/ppdegalicia.com\/wp-content\/uploads\/2020\/12\/3f89a4e20cffd2f55d9618fe87569059.jpg 1920w, https:\/\/ppdegalicia.com\/wp-content\/uploads\/2020\/12\/3f89a4e20cffd2f55d9618fe87569059-300x169.jpg 300w, https:\/\/ppdegalicia.com\/wp-content\/uploads\/2020\/12\/3f89a4e20cffd2f55d9618fe87569059-1024x576.jpg 1024w, https:\/\/ppdegalicia.com\/wp-content\/uploads\/2020\/12\/3f89a4e20cffd2f55d9618fe87569059-768x432.jpg 768w, https:\/\/ppdegalicia.com\/wp-content\/uploads\/2020\/12\/3f89a4e20cffd2f55d9618fe87569059-1536x864.jpg 1536w\" sizes=\"(max-width: 1920px) 100vw, 1920px\" \/><\/p>\n<p>La felicitaci\u00f3n, en la que aparecen otros muchos dirigentes pol\u00edticos, pretende reflejar la importancia de trabajar unidos ante los retos que nos deparar\u00e1 2021<\/p>\n<p><!--more--><\/p>\n<p>El Partido Popular de Galicia ha presentado su v\u00eddeo de cara a esta at\u00edpica Navidad. En \u00e9l se puede apreciar como la crispaci\u00f3n que domina desde hace unos a\u00f1os la pol\u00edtica nacional puede dejar paso, gracias a la inspiraci\u00f3n de los ciudadanos, a un mensaje positivo de entendimiento y generosidad. As\u00ed, cada uno por su lado, pero juntos, pol\u00edticos como Pablo Casado y Pedro S\u00e1nchez, presidentes auton\u00f3micos como Juanma Moreno o Emiliano Garc\u00eda Page, dirigentes como Quim Torra o Jos\u00e9 Luis Mart\u00ednez Almeida, e incluso Donald Trump y Joe Biden, construyen juntos una idea:<\/p>\n<p>\u00a0<\/p>\n<p>\u201c<em>Que estas fiestas tan entra\u00f1ables sirvan para unir lo que nunca debi\u00f3 estar desunido. Que la pol\u00edtica se inspire en la generosidad de los ciudadanos, y no los ciudadanos en la crispaci\u00f3n de la pol\u00edtica. Que estemos m\u00e1s juntos el a\u00f1o que viene de lo que lo hemos estado \u00e9ste. Y que 2021 nos devuelva el \u00e1nimo y la ilusi\u00f3n que intent\u00f3 arrebatarnos el que ahora termina<\/em>\u201d.<\/p>\n<p>\u00a0<\/p>\n<p>Cada palabra, pronunciada de forma aislada por pol\u00edticos de diferente procedencia, ideolog\u00eda, credo o condici\u00f3n, acaban conformando un deseo conjunto de unidad ante las adversidades que nos pueda deparar 2021, del mismo modo que nos las endos\u00f3 el 2020 que en poco m\u00e1s de diez d\u00edas dejaremos atr\u00e1s. Una forma de evidenciar el potencial de la pol\u00edtica cuando aparca las diferencias partidistas y se centra en ese entendimiento que tanto reclama la ciudadan\u00eda.<\/p>\n<p>\u00a0<\/p>\n<p>A ese mensaje se suma Alberto N\u00fa\u00f1ez Feij\u00f3o en una alocuci\u00f3n final en las que desea unas \u201cnavidades con <em>sentidi\u00f1o<\/em>, las \u00faltimas de abrazos tasados y besos a metro y medio\u201d. \u201cUnas navidades sin colores pol\u00edticos y en las que el mejor regalo sea recuperarnos como pa\u00eds y retomar la normalidad\u201d, dice.<\/p>\n<p>\u00a0<\/p>\n<p>El v\u00eddeo termina con la imagen de quien mejor represent\u00f3 ese esp\u00edritu de concordia en los momentos m\u00e1s dif\u00edciles, encarnando una pol\u00edtica centrada en el bien com\u00fan por encima de cualquier ideolog\u00eda. Esa persona es Adolfo Su\u00e1rez, un referente al que conviene acudir en busca de inspiraci\u00f3n en momentos de dificultad como los que ahora afrontamos.<\/p>\n<p>\u00a0<\/p>\n<p>La felicitaci\u00f3n navide\u00f1a del PPdeG, que cont\u00f3 el pasado a\u00f1o con la participaci\u00f3n directa del actor Luis Zahera (ganador de un Goya), incluye este a\u00f1o (aunque de forma distinta) a dirigentes, adem\u00e1s de los ya citados, como In\u00e9s Arrimadas, Pablo Iglesias, Teodoro Garc\u00eda Egea, Isabel D\u00edaz Ayuso, Guillermo Fern\u00e1ndez Vara, Alfonso Fern\u00e1ndez Ma\u00f1ueco, Javier Lamb\u00e1n, Fernando L\u00f3pez Miras y Adri\u00e1n Barb\u00f3n. Tambi\u00e9n con los ex presidentes Gonz\u00e1lez, Aznar, Zapatero y Rajoy, y otros pol\u00edticos como Irene Montero, Javier Maroto, Ada Colau, Yolanda D\u00edaz y Salvador Illa, entre otros. En clave gallega tambi\u00e9n tienen presencia el secretario xeral del PPdeG, Miguel Tellado y la m\u00e1xima representante del BNG, Ana Pont\u00f3n.<\/p>\n<p>\u00a0<\/p>\n<p>Todos ellos, junto a Feij\u00f3o, \u201cdesean\u201d una Feliz Navidad y un pr\u00f3spero A\u00f1o Santo Xacobeo 2021.<\/p>\n<p>\u00a0<\/p>\n<p>Enlace al v\u00eddeo: https:\/\/www.youtube.com\/watch?v=Rdamm4ew3oo<\/p>\n<p>\u00a0<\/p>\n<p>\u00a0<\/p>\n","protected":false},"excerpt":{"rendered":"<p>La felicitaci\u00f3n, en la que aparecen otros muchos dirigentes pol\u00edticos, pretende reflejar la importancia de trabajar unidos ante los retos que nos deparar\u00e1 2021<\/p>\n","protected":false},"author":38,"featured_media":55119,"comment_status":"open","ping_status":"open","sticky":false,"template":"","format":"standard","meta":{"_acf_changed":false,"footnotes":""},"categories":[1],"tags":[],"class_list":["post-55120","post","type-post","status-publish","format-standard","has-post-thumbnail","hentry","category-pp-de-galicia"],"acf":[],"yoast_head":"<!-- This site is optimized with the Yoast SEO plugin v27.3 - https:\/\/yoast.com\/product\/yoast-seo-wordpress\/ -->\n<title>Joe Biden, Pedro S\u00e1nchez y Quim Torra participan junto a Alberto N\u00fa\u00f1ez Feij\u00f3o en el v\u00eddeo de Navidad del PPdeG - PP de Galicia<\/title>\n<meta name=\"robots\" content=\"index, follow, max-snippet:-1, max-image-preview:large, max-video-preview:-1\" \/>\n<link rel=\"canonical\" href=\"https:\/\/ppdegalicia.com\/es\/joe-biden-pedro-sanchez-y-quim-torra-participan-junto-a-alberto-nunez-feijoo-en-el-video-de-navidad-del-ppdeg\/\" \/>\n<meta property=\"og:locale\" content=\"es_ES\" \/>\n<meta property=\"og:type\" content=\"article\" \/>\n<meta property=\"og:title\" content=\"Joe Biden, Pedro S\u00e1nchez y Quim Torra participan junto a Alberto N\u00fa\u00f1ez Feij\u00f3o en el v\u00eddeo de Navidad del PPdeG - PP de Galicia\" \/>\n<meta property=\"og:description\" content=\"La felicitaci\u00f3n, en la que aparecen otros muchos dirigentes pol\u00edticos, pretende reflejar la importancia de trabajar unidos ante los retos que nos deparar\u00e1 2021\" \/>\n<meta property=\"og:url\" content=\"https:\/\/ppdegalicia.com\/es\/joe-biden-pedro-sanchez-y-quim-torra-participan-junto-a-alberto-nunez-feijoo-en-el-video-de-navidad-del-ppdeg\/\" \/>\n<meta property=\"og:site_name\" content=\"PP de Galicia\" \/>\n<meta property=\"article:publisher\" content=\"https:\/\/www.instagram.com\/ppdegalicia\/\" \/>\n<meta property=\"article:published_time\" content=\"2020-12-20T11:43:01+00:00\" \/>\n<meta property=\"og:image\" content=\"https:\/\/ppdegalicia.com\/wp-content\/uploads\/2020\/12\/3f89a4e20cffd2f55d9618fe87569059.jpg\" \/>\n\t<meta property=\"og:image:width\" content=\"1920\" \/>\n\t<meta property=\"og:image:height\" content=\"1080\" \/>\n\t<meta property=\"og:image:type\" content=\"image\/jpeg\" \/>\n<meta name=\"author\" content=\"ppdegaliciaredes\" \/>\n<meta name=\"twitter:card\" content=\"summary_large_image\" \/>\n<meta name=\"twitter:creator\" content=\"@ppdegalicia\" \/>\n<meta name=\"twitter:site\" content=\"@ppdegalicia\" \/>\n<meta name=\"twitter:label1\" content=\"Escrito por\" \/>\n\t<meta name=\"twitter:data1\" content=\"ppdegaliciaredes\" \/>\n\t<meta name=\"twitter:label2\" content=\"Tiempo de lectura\" \/>\n\t<meta name=\"twitter:data2\" content=\"3 minutos\" \/>\n<script type=\"application\/ld+json\" class=\"yoast-schema-graph\">{\"@context\":\"https:\\\/\\\/schema.org\",\"@graph\":[{\"@type\":\"Article\",\"@id\":\"https:\\\/\\\/ppdegalicia.com\\\/es\\\/joe-biden-pedro-sanchez-y-quim-torra-participan-junto-a-alberto-nunez-feijoo-en-el-video-de-navidad-del-ppdeg\\\/#article\",\"isPartOf\":{\"@id\":\"https:\\\/\\\/ppdegalicia.com\\\/es\\\/joe-biden-pedro-sanchez-y-quim-torra-participan-junto-a-alberto-nunez-feijoo-en-el-video-de-navidad-del-ppdeg\\\/\"},\"author\":{\"name\":\"ppdegaliciaredes\",\"@id\":\"https:\\\/\\\/ppdegalicia.com\\\/es\\\/#\\\/schema\\\/person\\\/5b822c6f59e872ebdd1142f307dbcb59\"},\"headline\":\"Joe Biden, Pedro S\u00e1nchez y Quim Torra participan junto a Alberto N\u00fa\u00f1ez Feij\u00f3o en el v\u00eddeo de Navidad del PPdeG\",\"datePublished\":\"2020-12-20T11:43:01+00:00\",\"mainEntityOfPage\":{\"@id\":\"https:\\\/\\\/ppdegalicia.com\\\/es\\\/joe-biden-pedro-sanchez-y-quim-torra-participan-junto-a-alberto-nunez-feijoo-en-el-video-de-navidad-del-ppdeg\\\/\"},\"wordCount\":592,\"commentCount\":0,\"publisher\":{\"@id\":\"https:\\\/\\\/ppdegalicia.com\\\/es\\\/#organization\"},\"image\":{\"@id\":\"https:\\\/\\\/ppdegalicia.com\\\/es\\\/joe-biden-pedro-sanchez-y-quim-torra-participan-junto-a-alberto-nunez-feijoo-en-el-video-de-navidad-del-ppdeg\\\/#primaryimage\"},\"thumbnailUrl\":\"https:\\\/\\\/ppdegalicia.com\\\/wp-content\\\/uploads\\\/2020\\\/12\\\/3f89a4e20cffd2f55d9618fe87569059.jpg\",\"articleSection\":[\"PP de Galicia\"],\"inLanguage\":\"es\",\"potentialAction\":[{\"@type\":\"CommentAction\",\"name\":\"Comment\",\"target\":[\"https:\\\/\\\/ppdegalicia.com\\\/es\\\/joe-biden-pedro-sanchez-y-quim-torra-participan-junto-a-alberto-nunez-feijoo-en-el-video-de-navidad-del-ppdeg\\\/#respond\"]}]},{\"@type\":\"WebPage\",\"@id\":\"https:\\\/\\\/ppdegalicia.com\\\/es\\\/joe-biden-pedro-sanchez-y-quim-torra-participan-junto-a-alberto-nunez-feijoo-en-el-video-de-navidad-del-ppdeg\\\/\",\"url\":\"https:\\\/\\\/ppdegalicia.com\\\/es\\\/joe-biden-pedro-sanchez-y-quim-torra-participan-junto-a-alberto-nunez-feijoo-en-el-video-de-navidad-del-ppdeg\\\/\",\"name\":\"Joe Biden, Pedro S\u00e1nchez y Quim Torra participan junto a Alberto N\u00fa\u00f1ez Feij\u00f3o en el v\u00eddeo de Navidad del PPdeG - PP de Galicia\",\"isPartOf\":{\"@id\":\"https:\\\/\\\/ppdegalicia.com\\\/es\\\/#website\"},\"primaryImageOfPage\":{\"@id\":\"https:\\\/\\\/ppdegalicia.com\\\/es\\\/joe-biden-pedro-sanchez-y-quim-torra-participan-junto-a-alberto-nunez-feijoo-en-el-video-de-navidad-del-ppdeg\\\/#primaryimage\"},\"image\":{\"@id\":\"https:\\\/\\\/ppdegalicia.com\\\/es\\\/joe-biden-pedro-sanchez-y-quim-torra-participan-junto-a-alberto-nunez-feijoo-en-el-video-de-navidad-del-ppdeg\\\/#primaryimage\"},\"thumbnailUrl\":\"https:\\\/\\\/ppdegalicia.com\\\/wp-content\\\/uploads\\\/2020\\\/12\\\/3f89a4e20cffd2f55d9618fe87569059.jpg\",\"datePublished\":\"2020-12-20T11:43:01+00:00\",\"breadcrumb\":{\"@id\":\"https:\\\/\\\/ppdegalicia.com\\\/es\\\/joe-biden-pedro-sanchez-y-quim-torra-participan-junto-a-alberto-nunez-feijoo-en-el-video-de-navidad-del-ppdeg\\\/#breadcrumb\"},\"inLanguage\":\"es\",\"potentialAction\":[{\"@type\":\"ReadAction\",\"target\":[\"https:\\\/\\\/ppdegalicia.com\\\/es\\\/joe-biden-pedro-sanchez-y-quim-torra-participan-junto-a-alberto-nunez-feijoo-en-el-video-de-navidad-del-ppdeg\\\/\"]}]},{\"@type\":\"ImageObject\",\"inLanguage\":\"es\",\"@id\":\"https:\\\/\\\/ppdegalicia.com\\\/es\\\/joe-biden-pedro-sanchez-y-quim-torra-participan-junto-a-alberto-nunez-feijoo-en-el-video-de-navidad-del-ppdeg\\\/#primaryimage\",\"url\":\"https:\\\/\\\/ppdegalicia.com\\\/wp-content\\\/uploads\\\/2020\\\/12\\\/3f89a4e20cffd2f55d9618fe87569059.jpg\",\"contentUrl\":\"https:\\\/\\\/ppdegalicia.com\\\/wp-content\\\/uploads\\\/2020\\\/12\\\/3f89a4e20cffd2f55d9618fe87569059.jpg\",\"width\":1920,\"height\":1080},{\"@type\":\"BreadcrumbList\",\"@id\":\"https:\\\/\\\/ppdegalicia.com\\\/es\\\/joe-biden-pedro-sanchez-y-quim-torra-participan-junto-a-alberto-nunez-feijoo-en-el-video-de-navidad-del-ppdeg\\\/#breadcrumb\",\"itemListElement\":[{\"@type\":\"ListItem\",\"position\":1,\"name\":\"Portada\",\"item\":\"https:\\\/\\\/ppdegalicia.com\\\/es\\\/\"},{\"@type\":\"ListItem\",\"position\":2,\"name\":\"Joe Biden, Pedro S\u00e1nchez y Quim Torra participan junto a Alberto N\u00fa\u00f1ez Feij\u00f3o en el v\u00eddeo de Navidad del PPdeG\"}]},{\"@type\":\"WebSite\",\"@id\":\"https:\\\/\\\/ppdegalicia.com\\\/es\\\/#website\",\"url\":\"https:\\\/\\\/ppdegalicia.com\\\/es\\\/\",\"name\":\"Partido Popular de Galicia\",\"description\":\"Partido Popular de Galicia\",\"publisher\":{\"@id\":\"https:\\\/\\\/ppdegalicia.com\\\/es\\\/#organization\"},\"alternateName\":\"PP de Galicia\",\"potentialAction\":[{\"@type\":\"SearchAction\",\"target\":{\"@type\":\"EntryPoint\",\"urlTemplate\":\"https:\\\/\\\/ppdegalicia.com\\\/es\\\/?s={search_term_string}\"},\"query-input\":{\"@type\":\"PropertyValueSpecification\",\"valueRequired\":true,\"valueName\":\"search_term_string\"}}],\"inLanguage\":\"es\"},{\"@type\":\"Organization\",\"@id\":\"https:\\\/\\\/ppdegalicia.com\\\/es\\\/#organization\",\"name\":\"Partido Popular de Galicia\",\"alternateName\":\"PP de Galicia\",\"url\":\"https:\\\/\\\/ppdegalicia.com\\\/es\\\/\",\"logo\":{\"@type\":\"ImageObject\",\"inLanguage\":\"es\",\"@id\":\"https:\\\/\\\/ppdegalicia.com\\\/es\\\/#\\\/schema\\\/logo\\\/image\\\/\",\"url\":\"https:\\\/\\\/ppdegalicia.com\\\/wp-content\\\/uploads\\\/2023\\\/04\\\/logoPP512.png\",\"contentUrl\":\"https:\\\/\\\/ppdegalicia.com\\\/wp-content\\\/uploads\\\/2023\\\/04\\\/logoPP512.png\",\"width\":512,\"height\":512,\"caption\":\"Partido Popular de Galicia\"},\"image\":{\"@id\":\"https:\\\/\\\/ppdegalicia.com\\\/es\\\/#\\\/schema\\\/logo\\\/image\\\/\"},\"sameAs\":[\"https:\\\/\\\/www.instagram.com\\\/ppdegalicia\\\/\",\"https:\\\/\\\/x.com\\\/ppdegalicia\",\"https:\\\/\\\/www.tiktok.com\\\/@ppdegalicia\",\"https:\\\/\\\/www.youtube.com\\\/user\\\/ppdegalicia\"]},{\"@type\":\"Person\",\"@id\":\"https:\\\/\\\/ppdegalicia.com\\\/es\\\/#\\\/schema\\\/person\\\/5b822c6f59e872ebdd1142f307dbcb59\",\"name\":\"ppdegaliciaredes\",\"image\":{\"@type\":\"ImageObject\",\"inLanguage\":\"es\",\"@id\":\"https:\\\/\\\/secure.gravatar.com\\\/avatar\\\/3c9179cf0256d00c72a48d1f25783c58b6842cd56e85ef3a572881c8e28ccd59?s=96&d=mm&r=g\",\"url\":\"https:\\\/\\\/secure.gravatar.com\\\/avatar\\\/3c9179cf0256d00c72a48d1f25783c58b6842cd56e85ef3a572881c8e28ccd59?s=96&d=mm&r=g\",\"contentUrl\":\"https:\\\/\\\/secure.gravatar.com\\\/avatar\\\/3c9179cf0256d00c72a48d1f25783c58b6842cd56e85ef3a572881c8e28ccd59?s=96&d=mm&r=g\",\"caption\":\"ppdegaliciaredes\"},\"url\":\"https:\\\/\\\/ppdegalicia.com\\\/es\\\/author\\\/ppdegaliciaredes\\\/\"}]}<\/script>\n<!-- \/ Yoast SEO plugin. -->","yoast_head_json":{"title":"Joe Biden, Pedro S\u00e1nchez y Quim Torra participan junto a Alberto N\u00fa\u00f1ez Feij\u00f3o en el v\u00eddeo de Navidad del PPdeG - PP de Galicia","robots":{"index":"index","follow":"follow","max-snippet":"max-snippet:-1","max-image-preview":"max-image-preview:large","max-video-preview":"max-video-preview:-1"},"canonical":"https:\/\/ppdegalicia.com\/es\/joe-biden-pedro-sanchez-y-quim-torra-participan-junto-a-alberto-nunez-feijoo-en-el-video-de-navidad-del-ppdeg\/","og_locale":"es_ES","og_type":"article","og_title":"Joe Biden, Pedro S\u00e1nchez y Quim Torra participan junto a Alberto N\u00fa\u00f1ez Feij\u00f3o en el v\u00eddeo de Navidad del PPdeG - PP de Galicia","og_description":"La felicitaci\u00f3n, en la que aparecen otros muchos dirigentes pol\u00edticos, pretende reflejar la importancia de trabajar unidos ante los retos que nos deparar\u00e1 2021","og_url":"https:\/\/ppdegalicia.com\/es\/joe-biden-pedro-sanchez-y-quim-torra-participan-junto-a-alberto-nunez-feijoo-en-el-video-de-navidad-del-ppdeg\/","og_site_name":"PP de Galicia","article_publisher":"https:\/\/www.instagram.com\/ppdegalicia\/","article_published_time":"2020-12-20T11:43:01+00:00","og_image":[{"width":1920,"height":1080,"url":"https:\/\/ppdegalicia.com\/wp-content\/uploads\/2020\/12\/3f89a4e20cffd2f55d9618fe87569059.jpg","type":"image\/jpeg"}],"author":"ppdegaliciaredes","twitter_card":"summary_large_image","twitter_creator":"@ppdegalicia","twitter_site":"@ppdegalicia","twitter_misc":{"Escrito por":"ppdegaliciaredes","Tiempo de lectura":"3 minutos"},"schema":{"@context":"https:\/\/schema.org","@graph":[{"@type":"Article","@id":"https:\/\/ppdegalicia.com\/es\/joe-biden-pedro-sanchez-y-quim-torra-participan-junto-a-alberto-nunez-feijoo-en-el-video-de-navidad-del-ppdeg\/#article","isPartOf":{"@id":"https:\/\/ppdegalicia.com\/es\/joe-biden-pedro-sanchez-y-quim-torra-participan-junto-a-alberto-nunez-feijoo-en-el-video-de-navidad-del-ppdeg\/"},"author":{"name":"ppdegaliciaredes","@id":"https:\/\/ppdegalicia.com\/es\/#\/schema\/person\/5b822c6f59e872ebdd1142f307dbcb59"},"headline":"Joe Biden, Pedro S\u00e1nchez y Quim Torra participan junto a Alberto N\u00fa\u00f1ez Feij\u00f3o en el v\u00eddeo de Navidad del PPdeG","datePublished":"2020-12-20T11:43:01+00:00","mainEntityOfPage":{"@id":"https:\/\/ppdegalicia.com\/es\/joe-biden-pedro-sanchez-y-quim-torra-participan-junto-a-alberto-nunez-feijoo-en-el-video-de-navidad-del-ppdeg\/"},"wordCount":592,"commentCount":0,"publisher":{"@id":"https:\/\/ppdegalicia.com\/es\/#organization"},"image":{"@id":"https:\/\/ppdegalicia.com\/es\/joe-biden-pedro-sanchez-y-quim-torra-participan-junto-a-alberto-nunez-feijoo-en-el-video-de-navidad-del-ppdeg\/#primaryimage"},"thumbnailUrl":"https:\/\/ppdegalicia.com\/wp-content\/uploads\/2020\/12\/3f89a4e20cffd2f55d9618fe87569059.jpg","articleSection":["PP de Galicia"],"inLanguage":"es","potentialAction":[{"@type":"CommentAction","name":"Comment","target":["https:\/\/ppdegalicia.com\/es\/joe-biden-pedro-sanchez-y-quim-torra-participan-junto-a-alberto-nunez-feijoo-en-el-video-de-navidad-del-ppdeg\/#respond"]}]},{"@type":"WebPage","@id":"https:\/\/ppdegalicia.com\/es\/joe-biden-pedro-sanchez-y-quim-torra-participan-junto-a-alberto-nunez-feijoo-en-el-video-de-navidad-del-ppdeg\/","url":"https:\/\/ppdegalicia.com\/es\/joe-biden-pedro-sanchez-y-quim-torra-participan-junto-a-alberto-nunez-feijoo-en-el-video-de-navidad-del-ppdeg\/","name":"Joe Biden, Pedro S\u00e1nchez y Quim Torra participan junto a Alberto N\u00fa\u00f1ez Feij\u00f3o en el v\u00eddeo de Navidad del PPdeG - PP de Galicia","isPartOf":{"@id":"https:\/\/ppdegalicia.com\/es\/#website"},"primaryImageOfPage":{"@id":"https:\/\/ppdegalicia.com\/es\/joe-biden-pedro-sanchez-y-quim-torra-participan-junto-a-alberto-nunez-feijoo-en-el-video-de-navidad-del-ppdeg\/#primaryimage"},"image":{"@id":"https:\/\/ppdegalicia.com\/es\/joe-biden-pedro-sanchez-y-quim-torra-participan-junto-a-alberto-nunez-feijoo-en-el-video-de-navidad-del-ppdeg\/#primaryimage"},"thumbnailUrl":"https:\/\/ppdegalicia.com\/wp-content\/uploads\/2020\/12\/3f89a4e20cffd2f55d9618fe87569059.jpg","datePublished":"2020-12-20T11:43:01+00:00","breadcrumb":{"@id":"https:\/\/ppdegalicia.com\/es\/joe-biden-pedro-sanchez-y-quim-torra-participan-junto-a-alberto-nunez-feijoo-en-el-video-de-navidad-del-ppdeg\/#breadcrumb"},"inLanguage":"es","potentialAction":[{"@type":"ReadAction","target":["https:\/\/ppdegalicia.com\/es\/joe-biden-pedro-sanchez-y-quim-torra-participan-junto-a-alberto-nunez-feijoo-en-el-video-de-navidad-del-ppdeg\/"]}]},{"@type":"ImageObject","inLanguage":"es","@id":"https:\/\/ppdegalicia.com\/es\/joe-biden-pedro-sanchez-y-quim-torra-participan-junto-a-alberto-nunez-feijoo-en-el-video-de-navidad-del-ppdeg\/#primaryimage","url":"https:\/\/ppdegalicia.com\/wp-content\/uploads\/2020\/12\/3f89a4e20cffd2f55d9618fe87569059.jpg","contentUrl":"https:\/\/ppdegalicia.com\/wp-content\/uploads\/2020\/12\/3f89a4e20cffd2f55d9618fe87569059.jpg","width":1920,"height":1080},{"@type":"BreadcrumbList","@id":"https:\/\/ppdegalicia.com\/es\/joe-biden-pedro-sanchez-y-quim-torra-participan-junto-a-alberto-nunez-feijoo-en-el-video-de-navidad-del-ppdeg\/#breadcrumb","itemListElement":[{"@type":"ListItem","position":1,"name":"Portada","item":"https:\/\/ppdegalicia.com\/es\/"},{"@type":"ListItem","position":2,"name":"Joe Biden, Pedro S\u00e1nchez y Quim Torra participan junto a Alberto N\u00fa\u00f1ez Feij\u00f3o en el v\u00eddeo de Navidad del PPdeG"}]},{"@type":"WebSite","@id":"https:\/\/ppdegalicia.com\/es\/#website","url":"https:\/\/ppdegalicia.com\/es\/","name":"Partido Popular de Galicia","description":"Partido Popular de Galicia","publisher":{"@id":"https:\/\/ppdegalicia.com\/es\/#organization"},"alternateName":"PP de Galicia","potentialAction":[{"@type":"SearchAction","target":{"@type":"EntryPoint","urlTemplate":"https:\/\/ppdegalicia.com\/es\/?s={search_term_string}"},"query-input":{"@type":"PropertyValueSpecification","valueRequired":true,"valueName":"search_term_string"}}],"inLanguage":"es"},{"@type":"Organization","@id":"https:\/\/ppdegalicia.com\/es\/#organization","name":"Partido Popular de Galicia","alternateName":"PP de Galicia","url":"https:\/\/ppdegalicia.com\/es\/","logo":{"@type":"ImageObject","inLanguage":"es","@id":"https:\/\/ppdegalicia.com\/es\/#\/schema\/logo\/image\/","url":"https:\/\/ppdegalicia.com\/wp-content\/uploads\/2023\/04\/logoPP512.png","contentUrl":"https:\/\/ppdegalicia.com\/wp-content\/uploads\/2023\/04\/logoPP512.png","width":512,"height":512,"caption":"Partido Popular de Galicia"},"image":{"@id":"https:\/\/ppdegalicia.com\/es\/#\/schema\/logo\/image\/"},"sameAs":["https:\/\/www.instagram.com\/ppdegalicia\/","https:\/\/x.com\/ppdegalicia","https:\/\/www.tiktok.com\/@ppdegalicia","https:\/\/www.youtube.com\/user\/ppdegalicia"]},{"@type":"Person","@id":"https:\/\/ppdegalicia.com\/es\/#\/schema\/person\/5b822c6f59e872ebdd1142f307dbcb59","name":"ppdegaliciaredes","image":{"@type":"ImageObject","inLanguage":"es","@id":"https:\/\/secure.gravatar.com\/avatar\/3c9179cf0256d00c72a48d1f25783c58b6842cd56e85ef3a572881c8e28ccd59?s=96&d=mm&r=g","url":"https:\/\/secure.gravatar.com\/avatar\/3c9179cf0256d00c72a48d1f25783c58b6842cd56e85ef3a572881c8e28ccd59?s=96&d=mm&r=g","contentUrl":"https:\/\/secure.gravatar.com\/avatar\/3c9179cf0256d00c72a48d1f25783c58b6842cd56e85ef3a572881c8e28ccd59?s=96&d=mm&r=g","caption":"ppdegaliciaredes"},"url":"https:\/\/ppdegalicia.com\/es\/author\/ppdegaliciaredes\/"}]}},"_links":{"self":[{"href":"https:\/\/ppdegalicia.com\/es\/wp-json\/wp\/v2\/posts\/55120","targetHints":{"allow":["GET"]}}],"collection":[{"href":"https:\/\/ppdegalicia.com\/es\/wp-json\/wp\/v2\/posts"}],"about":[{"href":"https:\/\/ppdegalicia.com\/es\/wp-json\/wp\/v2\/types\/post"}],"author":[{"embeddable":true,"href":"https:\/\/ppdegalicia.com\/es\/wp-json\/wp\/v2\/users\/38"}],"replies":[{"embeddable":true,"href":"https:\/\/ppdegalicia.com\/es\/wp-json\/wp\/v2\/comments?post=55120"}],"version-history":[{"count":0,"href":"https:\/\/ppdegalicia.com\/es\/wp-json\/wp\/v2\/posts\/55120\/revisions"}],"wp:featuredmedia":[{"embeddable":true,"href":"https:\/\/ppdegalicia.com\/es\/wp-json\/wp\/v2\/media\/55119"}],"wp:attachment":[{"href":"https:\/\/ppdegalicia.com\/es\/wp-json\/wp\/v2\/media?parent=55120"}],"wp:term":[{"taxonomy":"category","embeddable":true,"href":"https:\/\/ppdegalicia.com\/es\/wp-json\/wp\/v2\/categories?post=55120"},{"taxonomy":"post_tag","embeddable":true,"href":"https:\/\/ppdegalicia.com\/es\/wp-json\/wp\/v2\/tags?post=55120"}],"curies":[{"name":"wp","href":"https:\/\/api.w.org\/{rel}","templated":true}]}}