{"id":55152,"date":"2020-12-28T13:17:12","date_gmt":"2020-12-28T11:17:12","guid":{"rendered":"https:\/\/ppdegalicia.com\/puy-asegura-no-balance-do-primeiro-periodo-de-sesions-da-xi-lexislatura-que-a-pandemia-non-e-incompatible-coa-normalidade-democratica\/"},"modified":"2020-12-28T13:17:12","modified_gmt":"2020-12-28T11:17:12","slug":"puy-asegura-no-balance-do-primeiro-periodo-de-sesions-da-xi-lexislatura-que-a-pandemia-non-e-incompatible-coa-normalidade-democratica","status":"publish","type":"post","link":"https:\/\/ppdegalicia.com\/es\/puy-asegura-no-balance-do-primeiro-periodo-de-sesions-da-xi-lexislatura-que-a-pandemia-non-e-incompatible-coa-normalidade-democratica\/","title":{"rendered":"Puy asegura, no balance do primeiro per\u00edodo de sesi\u00f3ns da XI Lexislatura, que \u201ca pandemia non \u00e9 incompatible coa normalidade democr\u00e1tica\u201d"},"content":{"rendered":"<p><img fetchpriority=\"high\" decoding=\"async\" class=\" size-full wp-image-55151\" src=\"https:\/\/ppdegalicia.com\/wp-content\/uploads\/2020\/12\/cb0e1b464e3b5c1afaf2aa277dff6070.jpg\" alt=\"\" width=\"2362\" height=\"1575\" srcset=\"https:\/\/ppdegalicia.com\/wp-content\/uploads\/2020\/12\/cb0e1b464e3b5c1afaf2aa277dff6070.jpg 2362w, https:\/\/ppdegalicia.com\/wp-content\/uploads\/2020\/12\/cb0e1b464e3b5c1afaf2aa277dff6070-300x200.jpg 300w, https:\/\/ppdegalicia.com\/wp-content\/uploads\/2020\/12\/cb0e1b464e3b5c1afaf2aa277dff6070-1024x683.jpg 1024w, https:\/\/ppdegalicia.com\/wp-content\/uploads\/2020\/12\/cb0e1b464e3b5c1afaf2aa277dff6070-768x512.jpg 768w, https:\/\/ppdegalicia.com\/wp-content\/uploads\/2020\/12\/cb0e1b464e3b5c1afaf2aa277dff6070-1536x1024.jpg 1536w, https:\/\/ppdegalicia.com\/wp-content\/uploads\/2020\/12\/cb0e1b464e3b5c1afaf2aa277dff6070-2048x1366.jpg 2048w\" sizes=\"(max-width: 2362px) 100vw, 2362px\" \/><\/p>\n<p>Santiago, 28 de decembro de 2020.- O portavoz do Grupo Popular, Pedro Puy, afirmou hoxe que \u201ca pandemia non \u00e9 incompatible coa normalidade democr\u00e1tica\u201d, como se demostrou en Galicia nos \u00faltimos meses coa celebraci\u00f3n dunhas elecci\u00f3ns para a renovaci\u00f3n do Parlamento galego e do propio Goberno galego. Respecto da actividade na C\u00e1mara galega, salientou que nos tres meses deste primeiro per\u00edodo de sesi\u00f3ns da XI lexislatura \u201cxa temos aprobado tres textos lexislativos e outros oito est\u00e1n en tramitaci\u00f3n\u201d, ao tempo que se concede \u00e1 oposici\u00f3n un protagonismo no debate parlamentario, xa que formula m\u00e1is do 86 por cento das iniciativas de control ou impulso ao Goberno galego nas sesi\u00f3ns plenarias.<\/p>\n<p><!--more--><\/p>\n<p>Acompa\u00f1ado dos viceportavoces do Grupo Popular Miguel Tellado, Elena Candia e Paula Prado, Pedro Puy fixo un balance deste primeiro per\u00edodo de sesi\u00f3ns da lexislatura. As\u00ed, salientou que \u201ca noticia m\u00e1is significativa foi a normalidade democr\u00e1tica que conseguimos manter durante toda a pandemia\u201d.<\/p>\n<blockquote class=\"twitter-tweet\">\n<p dir=\"ltr\" lang=\"es\">?Comeza Pedro Puy o balance do per\u00edodo de sesi\u00f3ns no <a href=\"https:\/\/twitter.com\/Par_Gal?ref_src=twsrc%5Etfw\">@Par_Gal<\/a> recordando o exemplaridade democr\u00e1tica do Goberno en funci\u00f3ns da <a href=\"https:\/\/twitter.com\/Xunta?ref_src=twsrc%5Etfw\">@Xunta<\/a> que deu resposta a pandemia con anticipaci\u00f3n, responsabilidade e decisi\u00f3n e o fixo dando conta a C\u00e1mara a pesar de estar disolta <a href=\"https:\/\/twitter.com\/ppdegalicia?ref_src=twsrc%5Etfw\">@ppdegalicia<\/a> <a href=\"https:\/\/t.co\/EwILFwMQm6\">pic.twitter.com\/EwILFwMQm6<\/a><\/p>\n<p>\u2014 GrupoPopularGalicia (@GrupoPopularGal) <a href=\"https:\/\/twitter.com\/GrupoPopularGal\/status\/1343519171645239297?ref_src=twsrc%5Etfw\">December 28, 2020<\/a><\/p><\/blockquote>\n<p>\u00a0<\/p>\n<p><strong>RESPOSTA \u00c1 PANDEMIA<\/strong><\/p>\n<p>\u00a0<\/p>\n<p>Neste sentido, lembrou que o Presidente da Xunta decidiu adiantar as elecci\u00f3ns galegas ao mes de marzo, pero pola extensi\u00f3n da pandemia sanitaria e a declaraci\u00f3n do Estado de Alarma, tiveron que ser pospostas ao mes de xullo. Neste tempo, Puy destacou que o Goberno galego en funci\u00f3ns \u201cdeu resposta \u00e1 pandemia con exemplaridade democr\u00e1tica, dando conta ao Parlamento a trav\u00e9s da Deputaci\u00f3n Permanente e actuando con anticipaci\u00f3n, responsabilidade e decisi\u00f3n fronte \u00e1s esixencias da Covid-19\u201d.<\/p>\n<p>\u00a0<\/p>\n<p>\u201cEsta normalidade democr\u00e1tica mantiv\u00e9mola no que vai de lexislatura, mantendo as p\u00e1xinas de transparencia administrativa, na constituci\u00f3n e posta en marcha do Parlamento, chegando a acordos en cuesti\u00f3ns relativas ao funcionamento da C\u00e1mara, procedemos \u00e1 reforma do regulamento para garantir a continuidade do traballo parlamentario ou fixemos unha renovaci\u00f3n dos \u00f3rganos institucionais, como o Consello de Contas ou Consello Consultivo\u201d, apuntou.<\/p>\n<p>\u00a0<\/p>\n<p>\u00a0<\/p>\n<blockquote class=\"twitter-tweet\">\n<p dir=\"ltr\" lang=\"es\">?\ufe0fEn Galicia houbo absoluta normalidade democr\u00e1tica, tanto no desenvolvemento das elecci\u00f3ns, na constituci\u00f3n da C\u00e1mara , no debate de investidura ou no acordo para a posta en marcha do <a href=\"https:\/\/twitter.com\/Par_Gal?ref_src=twsrc%5Etfw\">@Par_Gal<\/a> , comparado co que est\u00e1 a ocorrer noutras c\u00e1maras, di Pedro Puy <a href=\"https:\/\/twitter.com\/ppdegalicia?ref_src=twsrc%5Etfw\">@ppdegalicia<\/a> <a href=\"https:\/\/t.co\/WqZdsntxtE\">pic.twitter.com\/WqZdsntxtE<\/a><\/p>\n<p>\u2014 GrupoPopularGalicia (@GrupoPopularGal) <a href=\"https:\/\/twitter.com\/GrupoPopularGal\/status\/1343520359509848065?ref_src=twsrc%5Etfw\">December 28, 2020<\/a><\/p><\/blockquote>\n<p>\u00a0<\/p>\n<p>O portavoz popular contrapuxo \u201cesta normalidade do Parlamento galego nun momento no que salienta o nivel de crispaci\u00f3n existente nas Cortes Espa\u00f1olas, no que os orzamentos se tramitan sen practicamente debate ou con tr\u00e1mites reducidos, ou a distribuci\u00f3n dos fondos europeos se realiza desde o propio gabinete do Presidente do Goberno\u201d.<\/p>\n<p>\u00a0<\/p>\n<p>Sobre o traballo no Parlamento galego, Pedro Puy indicou que, a pesar de terse reducido o n\u00famero de grupos parlamentarios, \u201cnon se ten reducido o traballo, xa que practicamente se igualan os tempos de reuni\u00f3ns cos da lexislatura pasada\u201d.<\/p>\n<p>\u00a0<\/p>\n<p>En concreto, salientou que se aprobaron tres textos legais e est\u00e1n en tr\u00e1mite outros oito, propostos ben polo Goberno galego ou polo Grupo Popular. Neste sentido, avanzou que o Grupo Popular \u201cpresentar\u00e1 en breve unha nova proposici\u00f3n de lei: a de recuperaci\u00f3n e posta en valor da terra agraria de Galicia\u201d.<\/p>\n<p>\u00a0<\/p>\n<blockquote class=\"twitter-tweet\">\n<p dir=\"ltr\" lang=\"pt\">?Traballo parlamentario intenso no per\u00edodo de sesi\u00f3ns que finaliza no <a href=\"https:\/\/twitter.com\/Par_Gal?ref_src=twsrc%5Etfw\">@Par_Gal<\/a>, ademais da reforma do Regulamento,2 leis xa aprobadas, outros 6 proxectos de lei que superaron o primeiro tr\u00e1mite e 2 proposici\u00f3ns de lei do <a href=\"https:\/\/twitter.com\/ppdegalicia?ref_src=twsrc%5Etfw\">@ppdegalicia<\/a> sobre aspectos relacionados coa pandemia <a href=\"https:\/\/t.co\/fFImncP54g\">pic.twitter.com\/fFImncP54g<\/a><\/p>\n<p>\u2014 GrupoPopularGalicia (@GrupoPopularGal) <a href=\"https:\/\/twitter.com\/GrupoPopularGal\/status\/1343531010793861122?ref_src=twsrc%5Etfw\">December 28, 2020<\/a><\/p><\/blockquote>\n<p>\u00a0<\/p>\n<p><strong>ACTIVIDADE EN PLENO E COMISI\u00d3NS<\/strong><\/p>\n<p>\u00a0<\/p>\n<p>Dentro do actividade desenvolvida en Pleno neste primeiro per\u00edodo de sesi\u00f3ns, o portavoz popular explicou que \u201clevamos debatido 58 proposici\u00f3ns non de lei ou moci\u00f3ns, as\u00ed como realizado 107 iniciativas de control ao Goberno galego, entre comparecencias, preguntas ou interpelaci\u00f3ns\u201d. Puy salientou que o 73,9 das iniciativas debatidas en Pleno foron a proposta da oposici\u00f3n, o que demostra que \u201cseguen a ter un protagonismo nos debates da C\u00e1mara\u201d.<\/p>\n<p>\u00a0<\/p>\n<p>As\u00ed mesmo, engadiu que neste per\u00edodo se aprobaron 28 proposici\u00f3ns non de lei en Pleno, das que m\u00e1is da metade (15) eran dos grupos da oposici\u00f3n, a mesma cifra que as que se aprobaron co apoio un\u00e1nime de todos os grupos parlamentarios.<\/p>\n<p>\u00a0<\/p>\n<p>Respecto da actividade en comisi\u00f3n, Pedro Puy manifestou que se te\u00f1en aprobado 60 proposici\u00f3ns non de lei, das que 23 (48,3%) foron a iniciativa da oposici\u00f3n e 34 (56,7%) por unanimidade. No apartado de control ao Goberno galego, realiz\u00e1ronse 35 comparecencias e respondeu 130 preguntas, das que m\u00e1is do 65 por cento foron realizadas polos grupos da oposici\u00f3n.<\/p>\n<p>\u00a0<\/p>\n<p>\u201cEn resumo, levamos 1,8 comparecencias de membros do Goberno galego en cada comisi\u00f3n, ao tempo que, sumando plenos e comisi\u00f3ns, os membros do Goberno galego te\u00f1en comparecido unha media de 1,9 veces cada d\u00eda no que levamos desta lexislatura\u201d, engadiu.<\/p>\n<p>\u00a0<\/p>\n<p>Para rematar, Puy referiuse \u00e1 actividade en redes sociais do Grupo Popular desde o mes de agosto. As\u00ed, as contas de twitter e Facebook tiveron neste tempo 812.300 visualizaci\u00f3ns, ao tempo que se realizaron 1.090 novas publicaci\u00f3ns referidas \u00e1 actividade dos deputados do Grupo Popular.<\/p>\n","protected":false},"excerpt":{"rendered":"<p>Santiago, 28 de decembro de 2020.- O portavoz do Grupo Popular, Pedro Puy, afirmou hoxe que \u201ca pandemia non \u00e9 incompatible coa normalidade democr\u00e1tica\u201d, como se demostrou en Galicia nos \u00faltimos meses coa celebraci\u00f3n dunhas elecci\u00f3ns para a renovaci\u00f3n do Parlamento galego e do propio Goberno galego. Respecto da actividade na C\u00e1mara galega, salientou que [&hellip;]<\/p>\n","protected":false},"author":40,"featured_media":55151,"comment_status":"open","ping_status":"open","sticky":false,"template":"","format":"standard","meta":{"_acf_changed":false,"footnotes":""},"categories":[1],"tags":[],"class_list":["post-55152","post","type-post","status-publish","format-standard","has-post-thumbnail","hentry","category-pp-de-galicia"],"acf":[],"yoast_head":"<!-- This site is optimized with the Yoast SEO plugin v27.3 - https:\/\/yoast.com\/product\/yoast-seo-wordpress\/ -->\n<title>Puy asegura, no balance do primeiro per\u00edodo de sesi\u00f3ns da XI Lexislatura, que \u201ca pandemia non \u00e9 incompatible coa normalidade democr\u00e1tica\u201d - PP de Galicia<\/title>\n<meta name=\"robots\" content=\"index, follow, max-snippet:-1, max-image-preview:large, max-video-preview:-1\" \/>\n<link rel=\"canonical\" href=\"https:\/\/ppdegalicia.com\/es\/puy-asegura-no-balance-do-primeiro-periodo-de-sesions-da-xi-lexislatura-que-a-pandemia-non-e-incompatible-coa-normalidade-democratica\/\" \/>\n<meta property=\"og:locale\" content=\"es_ES\" \/>\n<meta property=\"og:type\" content=\"article\" \/>\n<meta property=\"og:title\" content=\"Puy asegura, no balance do primeiro per\u00edodo de sesi\u00f3ns da XI Lexislatura, que \u201ca pandemia non \u00e9 incompatible coa normalidade democr\u00e1tica\u201d - PP de Galicia\" \/>\n<meta property=\"og:description\" content=\"Santiago, 28 de decembro de 2020.- O portavoz do Grupo Popular, Pedro Puy, afirmou hoxe que \u201ca pandemia non \u00e9 incompatible coa normalidade democr\u00e1tica\u201d, como se demostrou en Galicia nos \u00faltimos meses coa celebraci\u00f3n dunhas elecci\u00f3ns para a renovaci\u00f3n do Parlamento galego e do propio Goberno galego. Respecto da actividade na C\u00e1mara galega, salientou que [&hellip;]\" \/>\n<meta property=\"og:url\" content=\"https:\/\/ppdegalicia.com\/es\/puy-asegura-no-balance-do-primeiro-periodo-de-sesions-da-xi-lexislatura-que-a-pandemia-non-e-incompatible-coa-normalidade-democratica\/\" \/>\n<meta property=\"og:site_name\" content=\"PP de Galicia\" \/>\n<meta property=\"article:publisher\" content=\"https:\/\/www.instagram.com\/ppdegalicia\/\" \/>\n<meta property=\"article:published_time\" content=\"2020-12-28T11:17:12+00:00\" \/>\n<meta property=\"og:image\" content=\"https:\/\/ppdegalicia.com\/wp-content\/uploads\/2020\/12\/cb0e1b464e3b5c1afaf2aa277dff6070.jpg\" \/>\n\t<meta property=\"og:image:width\" content=\"2362\" \/>\n\t<meta property=\"og:image:height\" content=\"1575\" \/>\n\t<meta property=\"og:image:type\" content=\"image\/jpeg\" \/>\n<meta name=\"author\" content=\"ppdegaliciaedtis\" \/>\n<meta name=\"twitter:card\" content=\"summary_large_image\" \/>\n<meta name=\"twitter:creator\" content=\"@ppdegalicia\" \/>\n<meta name=\"twitter:site\" content=\"@ppdegalicia\" \/>\n<meta name=\"twitter:label1\" content=\"Escrito por\" \/>\n\t<meta name=\"twitter:data1\" content=\"ppdegaliciaedtis\" \/>\n\t<meta name=\"twitter:label2\" content=\"Tiempo de lectura\" \/>\n\t<meta name=\"twitter:data2\" content=\"5 minutos\" \/>\n<script type=\"application\/ld+json\" class=\"yoast-schema-graph\">{\"@context\":\"https:\\\/\\\/schema.org\",\"@graph\":[{\"@type\":\"Article\",\"@id\":\"https:\\\/\\\/ppdegalicia.com\\\/es\\\/puy-asegura-no-balance-do-primeiro-periodo-de-sesions-da-xi-lexislatura-que-a-pandemia-non-e-incompatible-coa-normalidade-democratica\\\/#article\",\"isPartOf\":{\"@id\":\"https:\\\/\\\/ppdegalicia.com\\\/es\\\/puy-asegura-no-balance-do-primeiro-periodo-de-sesions-da-xi-lexislatura-que-a-pandemia-non-e-incompatible-coa-normalidade-democratica\\\/\"},\"author\":{\"name\":\"ppdegaliciaedtis\",\"@id\":\"https:\\\/\\\/ppdegalicia.com\\\/es\\\/#\\\/schema\\\/person\\\/bc9b46e59ebd34bf28611158c3867388\"},\"headline\":\"Puy asegura, no balance do primeiro per\u00edodo de sesi\u00f3ns da XI Lexislatura, que \u201ca pandemia non \u00e9 incompatible coa normalidade democr\u00e1tica\u201d\",\"datePublished\":\"2020-12-28T11:17:12+00:00\",\"mainEntityOfPage\":{\"@id\":\"https:\\\/\\\/ppdegalicia.com\\\/es\\\/puy-asegura-no-balance-do-primeiro-periodo-de-sesions-da-xi-lexislatura-que-a-pandemia-non-e-incompatible-coa-normalidade-democratica\\\/\"},\"wordCount\":923,\"commentCount\":0,\"publisher\":{\"@id\":\"https:\\\/\\\/ppdegalicia.com\\\/es\\\/#organization\"},\"image\":{\"@id\":\"https:\\\/\\\/ppdegalicia.com\\\/es\\\/puy-asegura-no-balance-do-primeiro-periodo-de-sesions-da-xi-lexislatura-que-a-pandemia-non-e-incompatible-coa-normalidade-democratica\\\/#primaryimage\"},\"thumbnailUrl\":\"https:\\\/\\\/ppdegalicia.com\\\/wp-content\\\/uploads\\\/2020\\\/12\\\/cb0e1b464e3b5c1afaf2aa277dff6070.jpg\",\"articleSection\":[\"PP de Galicia\"],\"inLanguage\":\"es\",\"potentialAction\":[{\"@type\":\"CommentAction\",\"name\":\"Comment\",\"target\":[\"https:\\\/\\\/ppdegalicia.com\\\/es\\\/puy-asegura-no-balance-do-primeiro-periodo-de-sesions-da-xi-lexislatura-que-a-pandemia-non-e-incompatible-coa-normalidade-democratica\\\/#respond\"]}]},{\"@type\":\"WebPage\",\"@id\":\"https:\\\/\\\/ppdegalicia.com\\\/es\\\/puy-asegura-no-balance-do-primeiro-periodo-de-sesions-da-xi-lexislatura-que-a-pandemia-non-e-incompatible-coa-normalidade-democratica\\\/\",\"url\":\"https:\\\/\\\/ppdegalicia.com\\\/es\\\/puy-asegura-no-balance-do-primeiro-periodo-de-sesions-da-xi-lexislatura-que-a-pandemia-non-e-incompatible-coa-normalidade-democratica\\\/\",\"name\":\"Puy asegura, no balance do primeiro per\u00edodo de sesi\u00f3ns da XI Lexislatura, que \u201ca pandemia non \u00e9 incompatible coa normalidade democr\u00e1tica\u201d - PP de Galicia\",\"isPartOf\":{\"@id\":\"https:\\\/\\\/ppdegalicia.com\\\/es\\\/#website\"},\"primaryImageOfPage\":{\"@id\":\"https:\\\/\\\/ppdegalicia.com\\\/es\\\/puy-asegura-no-balance-do-primeiro-periodo-de-sesions-da-xi-lexislatura-que-a-pandemia-non-e-incompatible-coa-normalidade-democratica\\\/#primaryimage\"},\"image\":{\"@id\":\"https:\\\/\\\/ppdegalicia.com\\\/es\\\/puy-asegura-no-balance-do-primeiro-periodo-de-sesions-da-xi-lexislatura-que-a-pandemia-non-e-incompatible-coa-normalidade-democratica\\\/#primaryimage\"},\"thumbnailUrl\":\"https:\\\/\\\/ppdegalicia.com\\\/wp-content\\\/uploads\\\/2020\\\/12\\\/cb0e1b464e3b5c1afaf2aa277dff6070.jpg\",\"datePublished\":\"2020-12-28T11:17:12+00:00\",\"breadcrumb\":{\"@id\":\"https:\\\/\\\/ppdegalicia.com\\\/es\\\/puy-asegura-no-balance-do-primeiro-periodo-de-sesions-da-xi-lexislatura-que-a-pandemia-non-e-incompatible-coa-normalidade-democratica\\\/#breadcrumb\"},\"inLanguage\":\"es\",\"potentialAction\":[{\"@type\":\"ReadAction\",\"target\":[\"https:\\\/\\\/ppdegalicia.com\\\/es\\\/puy-asegura-no-balance-do-primeiro-periodo-de-sesions-da-xi-lexislatura-que-a-pandemia-non-e-incompatible-coa-normalidade-democratica\\\/\"]}]},{\"@type\":\"ImageObject\",\"inLanguage\":\"es\",\"@id\":\"https:\\\/\\\/ppdegalicia.com\\\/es\\\/puy-asegura-no-balance-do-primeiro-periodo-de-sesions-da-xi-lexislatura-que-a-pandemia-non-e-incompatible-coa-normalidade-democratica\\\/#primaryimage\",\"url\":\"https:\\\/\\\/ppdegalicia.com\\\/wp-content\\\/uploads\\\/2020\\\/12\\\/cb0e1b464e3b5c1afaf2aa277dff6070.jpg\",\"contentUrl\":\"https:\\\/\\\/ppdegalicia.com\\\/wp-content\\\/uploads\\\/2020\\\/12\\\/cb0e1b464e3b5c1afaf2aa277dff6070.jpg\",\"width\":2362,\"height\":1575},{\"@type\":\"BreadcrumbList\",\"@id\":\"https:\\\/\\\/ppdegalicia.com\\\/es\\\/puy-asegura-no-balance-do-primeiro-periodo-de-sesions-da-xi-lexislatura-que-a-pandemia-non-e-incompatible-coa-normalidade-democratica\\\/#breadcrumb\",\"itemListElement\":[{\"@type\":\"ListItem\",\"position\":1,\"name\":\"Portada\",\"item\":\"https:\\\/\\\/ppdegalicia.com\\\/es\\\/\"},{\"@type\":\"ListItem\",\"position\":2,\"name\":\"Puy asegura, no balance do primeiro per\u00edodo de sesi\u00f3ns da XI Lexislatura, que \u201ca pandemia non \u00e9 incompatible coa normalidade democr\u00e1tica\u201d\"}]},{\"@type\":\"WebSite\",\"@id\":\"https:\\\/\\\/ppdegalicia.com\\\/es\\\/#website\",\"url\":\"https:\\\/\\\/ppdegalicia.com\\\/es\\\/\",\"name\":\"Partido Popular de Galicia\",\"description\":\"Partido Popular de Galicia\",\"publisher\":{\"@id\":\"https:\\\/\\\/ppdegalicia.com\\\/es\\\/#organization\"},\"alternateName\":\"PP de Galicia\",\"potentialAction\":[{\"@type\":\"SearchAction\",\"target\":{\"@type\":\"EntryPoint\",\"urlTemplate\":\"https:\\\/\\\/ppdegalicia.com\\\/es\\\/?s={search_term_string}\"},\"query-input\":{\"@type\":\"PropertyValueSpecification\",\"valueRequired\":true,\"valueName\":\"search_term_string\"}}],\"inLanguage\":\"es\"},{\"@type\":\"Organization\",\"@id\":\"https:\\\/\\\/ppdegalicia.com\\\/es\\\/#organization\",\"name\":\"Partido Popular de Galicia\",\"alternateName\":\"PP de Galicia\",\"url\":\"https:\\\/\\\/ppdegalicia.com\\\/es\\\/\",\"logo\":{\"@type\":\"ImageObject\",\"inLanguage\":\"es\",\"@id\":\"https:\\\/\\\/ppdegalicia.com\\\/es\\\/#\\\/schema\\\/logo\\\/image\\\/\",\"url\":\"https:\\\/\\\/ppdegalicia.com\\\/wp-content\\\/uploads\\\/2023\\\/04\\\/logoPP512.png\",\"contentUrl\":\"https:\\\/\\\/ppdegalicia.com\\\/wp-content\\\/uploads\\\/2023\\\/04\\\/logoPP512.png\",\"width\":512,\"height\":512,\"caption\":\"Partido Popular de Galicia\"},\"image\":{\"@id\":\"https:\\\/\\\/ppdegalicia.com\\\/es\\\/#\\\/schema\\\/logo\\\/image\\\/\"},\"sameAs\":[\"https:\\\/\\\/www.instagram.com\\\/ppdegalicia\\\/\",\"https:\\\/\\\/x.com\\\/ppdegalicia\",\"https:\\\/\\\/www.tiktok.com\\\/@ppdegalicia\",\"https:\\\/\\\/www.youtube.com\\\/user\\\/ppdegalicia\"]},{\"@type\":\"Person\",\"@id\":\"https:\\\/\\\/ppdegalicia.com\\\/es\\\/#\\\/schema\\\/person\\\/bc9b46e59ebd34bf28611158c3867388\",\"name\":\"ppdegaliciaedtis\",\"image\":{\"@type\":\"ImageObject\",\"inLanguage\":\"es\",\"@id\":\"https:\\\/\\\/secure.gravatar.com\\\/avatar\\\/f9f8cf6e03df54a1b0d04a6b4b8e8c6bd63c10a439752e84d87a5385aefe2ced?s=96&d=mm&r=g\",\"url\":\"https:\\\/\\\/secure.gravatar.com\\\/avatar\\\/f9f8cf6e03df54a1b0d04a6b4b8e8c6bd63c10a439752e84d87a5385aefe2ced?s=96&d=mm&r=g\",\"contentUrl\":\"https:\\\/\\\/secure.gravatar.com\\\/avatar\\\/f9f8cf6e03df54a1b0d04a6b4b8e8c6bd63c10a439752e84d87a5385aefe2ced?s=96&d=mm&r=g\",\"caption\":\"ppdegaliciaedtis\"},\"url\":\"https:\\\/\\\/ppdegalicia.com\\\/es\\\/author\\\/ppdegaliciaedits\\\/\"}]}<\/script>\n<!-- \/ Yoast SEO plugin. -->","yoast_head_json":{"title":"Puy asegura, no balance do primeiro per\u00edodo de sesi\u00f3ns da XI Lexislatura, que \u201ca pandemia non \u00e9 incompatible coa normalidade democr\u00e1tica\u201d - PP de Galicia","robots":{"index":"index","follow":"follow","max-snippet":"max-snippet:-1","max-image-preview":"max-image-preview:large","max-video-preview":"max-video-preview:-1"},"canonical":"https:\/\/ppdegalicia.com\/es\/puy-asegura-no-balance-do-primeiro-periodo-de-sesions-da-xi-lexislatura-que-a-pandemia-non-e-incompatible-coa-normalidade-democratica\/","og_locale":"es_ES","og_type":"article","og_title":"Puy asegura, no balance do primeiro per\u00edodo de sesi\u00f3ns da XI Lexislatura, que \u201ca pandemia non \u00e9 incompatible coa normalidade democr\u00e1tica\u201d - PP de Galicia","og_description":"Santiago, 28 de decembro de 2020.- O portavoz do Grupo Popular, Pedro Puy, afirmou hoxe que \u201ca pandemia non \u00e9 incompatible coa normalidade democr\u00e1tica\u201d, como se demostrou en Galicia nos \u00faltimos meses coa celebraci\u00f3n dunhas elecci\u00f3ns para a renovaci\u00f3n do Parlamento galego e do propio Goberno galego. Respecto da actividade na C\u00e1mara galega, salientou que [&hellip;]","og_url":"https:\/\/ppdegalicia.com\/es\/puy-asegura-no-balance-do-primeiro-periodo-de-sesions-da-xi-lexislatura-que-a-pandemia-non-e-incompatible-coa-normalidade-democratica\/","og_site_name":"PP de Galicia","article_publisher":"https:\/\/www.instagram.com\/ppdegalicia\/","article_published_time":"2020-12-28T11:17:12+00:00","og_image":[{"width":2362,"height":1575,"url":"https:\/\/ppdegalicia.com\/wp-content\/uploads\/2020\/12\/cb0e1b464e3b5c1afaf2aa277dff6070.jpg","type":"image\/jpeg"}],"author":"ppdegaliciaedtis","twitter_card":"summary_large_image","twitter_creator":"@ppdegalicia","twitter_site":"@ppdegalicia","twitter_misc":{"Escrito por":"ppdegaliciaedtis","Tiempo de lectura":"5 minutos"},"schema":{"@context":"https:\/\/schema.org","@graph":[{"@type":"Article","@id":"https:\/\/ppdegalicia.com\/es\/puy-asegura-no-balance-do-primeiro-periodo-de-sesions-da-xi-lexislatura-que-a-pandemia-non-e-incompatible-coa-normalidade-democratica\/#article","isPartOf":{"@id":"https:\/\/ppdegalicia.com\/es\/puy-asegura-no-balance-do-primeiro-periodo-de-sesions-da-xi-lexislatura-que-a-pandemia-non-e-incompatible-coa-normalidade-democratica\/"},"author":{"name":"ppdegaliciaedtis","@id":"https:\/\/ppdegalicia.com\/es\/#\/schema\/person\/bc9b46e59ebd34bf28611158c3867388"},"headline":"Puy asegura, no balance do primeiro per\u00edodo de sesi\u00f3ns da XI Lexislatura, que \u201ca pandemia non \u00e9 incompatible coa normalidade democr\u00e1tica\u201d","datePublished":"2020-12-28T11:17:12+00:00","mainEntityOfPage":{"@id":"https:\/\/ppdegalicia.com\/es\/puy-asegura-no-balance-do-primeiro-periodo-de-sesions-da-xi-lexislatura-que-a-pandemia-non-e-incompatible-coa-normalidade-democratica\/"},"wordCount":923,"commentCount":0,"publisher":{"@id":"https:\/\/ppdegalicia.com\/es\/#organization"},"image":{"@id":"https:\/\/ppdegalicia.com\/es\/puy-asegura-no-balance-do-primeiro-periodo-de-sesions-da-xi-lexislatura-que-a-pandemia-non-e-incompatible-coa-normalidade-democratica\/#primaryimage"},"thumbnailUrl":"https:\/\/ppdegalicia.com\/wp-content\/uploads\/2020\/12\/cb0e1b464e3b5c1afaf2aa277dff6070.jpg","articleSection":["PP de Galicia"],"inLanguage":"es","potentialAction":[{"@type":"CommentAction","name":"Comment","target":["https:\/\/ppdegalicia.com\/es\/puy-asegura-no-balance-do-primeiro-periodo-de-sesions-da-xi-lexislatura-que-a-pandemia-non-e-incompatible-coa-normalidade-democratica\/#respond"]}]},{"@type":"WebPage","@id":"https:\/\/ppdegalicia.com\/es\/puy-asegura-no-balance-do-primeiro-periodo-de-sesions-da-xi-lexislatura-que-a-pandemia-non-e-incompatible-coa-normalidade-democratica\/","url":"https:\/\/ppdegalicia.com\/es\/puy-asegura-no-balance-do-primeiro-periodo-de-sesions-da-xi-lexislatura-que-a-pandemia-non-e-incompatible-coa-normalidade-democratica\/","name":"Puy asegura, no balance do primeiro per\u00edodo de sesi\u00f3ns da XI Lexislatura, que \u201ca pandemia non \u00e9 incompatible coa normalidade democr\u00e1tica\u201d - PP de Galicia","isPartOf":{"@id":"https:\/\/ppdegalicia.com\/es\/#website"},"primaryImageOfPage":{"@id":"https:\/\/ppdegalicia.com\/es\/puy-asegura-no-balance-do-primeiro-periodo-de-sesions-da-xi-lexislatura-que-a-pandemia-non-e-incompatible-coa-normalidade-democratica\/#primaryimage"},"image":{"@id":"https:\/\/ppdegalicia.com\/es\/puy-asegura-no-balance-do-primeiro-periodo-de-sesions-da-xi-lexislatura-que-a-pandemia-non-e-incompatible-coa-normalidade-democratica\/#primaryimage"},"thumbnailUrl":"https:\/\/ppdegalicia.com\/wp-content\/uploads\/2020\/12\/cb0e1b464e3b5c1afaf2aa277dff6070.jpg","datePublished":"2020-12-28T11:17:12+00:00","breadcrumb":{"@id":"https:\/\/ppdegalicia.com\/es\/puy-asegura-no-balance-do-primeiro-periodo-de-sesions-da-xi-lexislatura-que-a-pandemia-non-e-incompatible-coa-normalidade-democratica\/#breadcrumb"},"inLanguage":"es","potentialAction":[{"@type":"ReadAction","target":["https:\/\/ppdegalicia.com\/es\/puy-asegura-no-balance-do-primeiro-periodo-de-sesions-da-xi-lexislatura-que-a-pandemia-non-e-incompatible-coa-normalidade-democratica\/"]}]},{"@type":"ImageObject","inLanguage":"es","@id":"https:\/\/ppdegalicia.com\/es\/puy-asegura-no-balance-do-primeiro-periodo-de-sesions-da-xi-lexislatura-que-a-pandemia-non-e-incompatible-coa-normalidade-democratica\/#primaryimage","url":"https:\/\/ppdegalicia.com\/wp-content\/uploads\/2020\/12\/cb0e1b464e3b5c1afaf2aa277dff6070.jpg","contentUrl":"https:\/\/ppdegalicia.com\/wp-content\/uploads\/2020\/12\/cb0e1b464e3b5c1afaf2aa277dff6070.jpg","width":2362,"height":1575},{"@type":"BreadcrumbList","@id":"https:\/\/ppdegalicia.com\/es\/puy-asegura-no-balance-do-primeiro-periodo-de-sesions-da-xi-lexislatura-que-a-pandemia-non-e-incompatible-coa-normalidade-democratica\/#breadcrumb","itemListElement":[{"@type":"ListItem","position":1,"name":"Portada","item":"https:\/\/ppdegalicia.com\/es\/"},{"@type":"ListItem","position":2,"name":"Puy asegura, no balance do primeiro per\u00edodo de sesi\u00f3ns da XI Lexislatura, que \u201ca pandemia non \u00e9 incompatible coa normalidade democr\u00e1tica\u201d"}]},{"@type":"WebSite","@id":"https:\/\/ppdegalicia.com\/es\/#website","url":"https:\/\/ppdegalicia.com\/es\/","name":"Partido Popular de Galicia","description":"Partido Popular de Galicia","publisher":{"@id":"https:\/\/ppdegalicia.com\/es\/#organization"},"alternateName":"PP de Galicia","potentialAction":[{"@type":"SearchAction","target":{"@type":"EntryPoint","urlTemplate":"https:\/\/ppdegalicia.com\/es\/?s={search_term_string}"},"query-input":{"@type":"PropertyValueSpecification","valueRequired":true,"valueName":"search_term_string"}}],"inLanguage":"es"},{"@type":"Organization","@id":"https:\/\/ppdegalicia.com\/es\/#organization","name":"Partido Popular de Galicia","alternateName":"PP de Galicia","url":"https:\/\/ppdegalicia.com\/es\/","logo":{"@type":"ImageObject","inLanguage":"es","@id":"https:\/\/ppdegalicia.com\/es\/#\/schema\/logo\/image\/","url":"https:\/\/ppdegalicia.com\/wp-content\/uploads\/2023\/04\/logoPP512.png","contentUrl":"https:\/\/ppdegalicia.com\/wp-content\/uploads\/2023\/04\/logoPP512.png","width":512,"height":512,"caption":"Partido Popular de Galicia"},"image":{"@id":"https:\/\/ppdegalicia.com\/es\/#\/schema\/logo\/image\/"},"sameAs":["https:\/\/www.instagram.com\/ppdegalicia\/","https:\/\/x.com\/ppdegalicia","https:\/\/www.tiktok.com\/@ppdegalicia","https:\/\/www.youtube.com\/user\/ppdegalicia"]},{"@type":"Person","@id":"https:\/\/ppdegalicia.com\/es\/#\/schema\/person\/bc9b46e59ebd34bf28611158c3867388","name":"ppdegaliciaedtis","image":{"@type":"ImageObject","inLanguage":"es","@id":"https:\/\/secure.gravatar.com\/avatar\/f9f8cf6e03df54a1b0d04a6b4b8e8c6bd63c10a439752e84d87a5385aefe2ced?s=96&d=mm&r=g","url":"https:\/\/secure.gravatar.com\/avatar\/f9f8cf6e03df54a1b0d04a6b4b8e8c6bd63c10a439752e84d87a5385aefe2ced?s=96&d=mm&r=g","contentUrl":"https:\/\/secure.gravatar.com\/avatar\/f9f8cf6e03df54a1b0d04a6b4b8e8c6bd63c10a439752e84d87a5385aefe2ced?s=96&d=mm&r=g","caption":"ppdegaliciaedtis"},"url":"https:\/\/ppdegalicia.com\/es\/author\/ppdegaliciaedits\/"}]}},"_links":{"self":[{"href":"https:\/\/ppdegalicia.com\/es\/wp-json\/wp\/v2\/posts\/55152","targetHints":{"allow":["GET"]}}],"collection":[{"href":"https:\/\/ppdegalicia.com\/es\/wp-json\/wp\/v2\/posts"}],"about":[{"href":"https:\/\/ppdegalicia.com\/es\/wp-json\/wp\/v2\/types\/post"}],"author":[{"embeddable":true,"href":"https:\/\/ppdegalicia.com\/es\/wp-json\/wp\/v2\/users\/40"}],"replies":[{"embeddable":true,"href":"https:\/\/ppdegalicia.com\/es\/wp-json\/wp\/v2\/comments?post=55152"}],"version-history":[{"count":0,"href":"https:\/\/ppdegalicia.com\/es\/wp-json\/wp\/v2\/posts\/55152\/revisions"}],"wp:featuredmedia":[{"embeddable":true,"href":"https:\/\/ppdegalicia.com\/es\/wp-json\/wp\/v2\/media\/55151"}],"wp:attachment":[{"href":"https:\/\/ppdegalicia.com\/es\/wp-json\/wp\/v2\/media?parent=55152"}],"wp:term":[{"taxonomy":"category","embeddable":true,"href":"https:\/\/ppdegalicia.com\/es\/wp-json\/wp\/v2\/categories?post=55152"},{"taxonomy":"post_tag","embeddable":true,"href":"https:\/\/ppdegalicia.com\/es\/wp-json\/wp\/v2\/tags?post=55152"}],"curies":[{"name":"wp","href":"https:\/\/api.w.org\/{rel}","templated":true}]}}