{"id":55206,"date":"2021-02-03T16:23:23","date_gmt":"2021-02-03T14:23:23","guid":{"rendered":"https:\/\/ppdegalicia.com\/o-grupo-popular-insiste-no-compromiso-da-xunta-co-ecobarrio-da-ponte-en-ourense\/"},"modified":"2021-02-03T16:23:23","modified_gmt":"2021-02-03T14:23:23","slug":"o-grupo-popular-insiste-no-compromiso-da-xunta-co-ecobarrio-da-ponte-en-ourense","status":"publish","type":"post","link":"https:\/\/ppdegalicia.com\/es\/o-grupo-popular-insiste-no-compromiso-da-xunta-co-ecobarrio-da-ponte-en-ourense\/","title":{"rendered":"O Grupo Popular insiste no compromiso da Xunta co Ecobarrio da Ponte en Ourense"},"content":{"rendered":"<p><img fetchpriority=\"high\" decoding=\"async\" class=\" size-full wp-image-55205\" src=\"https:\/\/ppdegalicia.com\/wp-content\/uploads\/2021\/02\/228b9f868446914542cea9e28ccfa8ed.jpg\" alt=\"\" width=\"1900\" height=\"1246\" srcset=\"https:\/\/ppdegalicia.com\/wp-content\/uploads\/2021\/02\/228b9f868446914542cea9e28ccfa8ed.jpg 1900w, https:\/\/ppdegalicia.com\/wp-content\/uploads\/2021\/02\/228b9f868446914542cea9e28ccfa8ed-300x197.jpg 300w, https:\/\/ppdegalicia.com\/wp-content\/uploads\/2021\/02\/228b9f868446914542cea9e28ccfa8ed-1024x672.jpg 1024w, https:\/\/ppdegalicia.com\/wp-content\/uploads\/2021\/02\/228b9f868446914542cea9e28ccfa8ed-768x504.jpg 768w, https:\/\/ppdegalicia.com\/wp-content\/uploads\/2021\/02\/228b9f868446914542cea9e28ccfa8ed-1536x1007.jpg 1536w\" sizes=\"(max-width: 1900px) 100vw, 1900px\" \/><\/p>\n<p>Santiago, 3 de febreiro de 2021.- A deputada do Grupo Popular Marta N\u00f3voa insistiu hoxe no Parlamento no \u201ccompromiso\u201d da Xunta co Ecobarrio da Ponte na cidade de Ourense, e mostra disto \u00e9 a partida de 550.000 euros que figura nos orzamentos para 2021 para esta actuaci\u00f3n.<\/p>\n<p><!--more--><\/p>\n<p>Ademais, salientou que a oficina de informaci\u00f3n \u201cest\u00e1 rematada e lista para abrirse, \u00e1 espera de que a pandemia sanitaria permita volver \u00e1 normalidade na relaci\u00f3n coa cidadan\u00eda e na atenci\u00f3n nos domicilios dos veci\u00f1os\u201d.<\/p>\n<p>\u00a0<\/p>\n<p>Marta N\u00f3voa cualificou de \u201csorprendente\u201d que os socialistas galegos \u201cse preocupen polo Ecobarrio de Ourense, cando a realidade \u00e9 que nunca apoiaron este proxecto nin a nivel local nin no Parlamento de Galicia\u201d.<\/p>\n<p>\u00a0<\/p>\n<p><strong>PROXECTO PIONEIRO<\/strong><\/p>\n<p>\u00a0<\/p>\n<p>Na s\u00faa intervenci\u00f3n lembrou que o Ecobarrio \u201c\u00e9 un proxecto pioneiro que confiamos sexa para Galicia un exemplo de transformaci\u00f3n urbana e sustentable\u201d. As\u00ed, contempla a renovaci\u00f3n de fachadas e cubertas, e a instalaci\u00f3n de ascensores e fiestras, en 18 edificios privados con m\u00e1is de 300 vivendas; a substituci\u00f3n do alumeado actual por tecnolox\u00eda led nas r\u00faas do barrio da Ponte e na zona da Chavasqueira; o fomento da mobilidade sustentable, apoiando o uso de veh\u00edculos el\u00e9ctricos ou propulsados con gas natural; e o desenvolvemento da primeira rede de district heating de xeotermia de Europa.<\/p>\n<p>\u00a0<\/p>\n<p>A deputada popular indicou que \u201ctodo isto ser\u00e1 posible a trav\u00e9s do cofinanciamento e a colaboraci\u00f3n das administraci\u00f3ns local, auton\u00f3mica e estatal, a trav\u00e9s dos proxectos presentados \u00e1s convocatorias do IDAE\u201d.<\/p>\n<p>\u00a0<\/p>\n<p>\u201cEsta \u00e9 a realidade do proxecto do Ecobarrio de Ourense, para o que xa se levaron a cabo moitas actuaci\u00f3ns planificadas e existe a firmeza de manter os compromisos para levar adiante o proxecto completo\u201d, asegurou.<\/p>\n","protected":false},"excerpt":{"rendered":"<p>Santiago, 3 de febreiro de 2021.- A deputada do Grupo Popular Marta N\u00f3voa insistiu hoxe no Parlamento no \u201ccompromiso\u201d da Xunta co Ecobarrio da Ponte na cidade de Ourense, e mostra disto \u00e9 a partida de 550.000 euros que figura nos orzamentos para 2021 para esta actuaci\u00f3n.<\/p>\n","protected":false},"author":40,"featured_media":55205,"comment_status":"open","ping_status":"open","sticky":false,"template":"","format":"standard","meta":{"_acf_changed":false,"footnotes":""},"categories":[1],"tags":[],"class_list":["post-55206","post","type-post","status-publish","format-standard","has-post-thumbnail","hentry","category-pp-de-galicia"],"acf":[],"yoast_head":"<!-- This site is optimized with the Yoast SEO plugin v27.3 - https:\/\/yoast.com\/product\/yoast-seo-wordpress\/ -->\n<title>O Grupo Popular insiste no compromiso da Xunta co Ecobarrio da Ponte en Ourense - PP de Galicia<\/title>\n<meta name=\"robots\" content=\"index, follow, max-snippet:-1, max-image-preview:large, max-video-preview:-1\" \/>\n<link rel=\"canonical\" href=\"https:\/\/ppdegalicia.com\/es\/o-grupo-popular-insiste-no-compromiso-da-xunta-co-ecobarrio-da-ponte-en-ourense\/\" \/>\n<meta property=\"og:locale\" content=\"es_ES\" \/>\n<meta property=\"og:type\" content=\"article\" \/>\n<meta property=\"og:title\" content=\"O Grupo Popular insiste no compromiso da Xunta co Ecobarrio da Ponte en Ourense - PP de Galicia\" \/>\n<meta property=\"og:description\" content=\"Santiago, 3 de febreiro de 2021.- A deputada do Grupo Popular Marta N\u00f3voa insistiu hoxe no Parlamento no \u201ccompromiso\u201d da Xunta co Ecobarrio da Ponte na cidade de Ourense, e mostra disto \u00e9 a partida de 550.000 euros que figura nos orzamentos para 2021 para esta actuaci\u00f3n.\" \/>\n<meta property=\"og:url\" content=\"https:\/\/ppdegalicia.com\/es\/o-grupo-popular-insiste-no-compromiso-da-xunta-co-ecobarrio-da-ponte-en-ourense\/\" \/>\n<meta property=\"og:site_name\" content=\"PP de Galicia\" \/>\n<meta property=\"article:publisher\" content=\"https:\/\/www.instagram.com\/ppdegalicia\/\" \/>\n<meta property=\"article:published_time\" content=\"2021-02-03T14:23:23+00:00\" \/>\n<meta property=\"og:image\" content=\"https:\/\/ppdegalicia.com\/wp-content\/uploads\/2021\/02\/228b9f868446914542cea9e28ccfa8ed.jpg\" \/>\n\t<meta property=\"og:image:width\" content=\"1900\" \/>\n\t<meta property=\"og:image:height\" content=\"1246\" \/>\n\t<meta property=\"og:image:type\" content=\"image\/jpeg\" \/>\n<meta name=\"author\" content=\"ppdegaliciaedtis\" \/>\n<meta name=\"twitter:card\" content=\"summary_large_image\" \/>\n<meta name=\"twitter:creator\" content=\"@ppdegalicia\" \/>\n<meta name=\"twitter:site\" content=\"@ppdegalicia\" \/>\n<meta name=\"twitter:label1\" content=\"Escrito por\" \/>\n\t<meta name=\"twitter:data1\" content=\"ppdegaliciaedtis\" \/>\n\t<meta name=\"twitter:label2\" content=\"Tiempo de lectura\" \/>\n\t<meta name=\"twitter:data2\" content=\"1 minuto\" \/>\n<script type=\"application\/ld+json\" class=\"yoast-schema-graph\">{\"@context\":\"https:\\\/\\\/schema.org\",\"@graph\":[{\"@type\":\"Article\",\"@id\":\"https:\\\/\\\/ppdegalicia.com\\\/es\\\/o-grupo-popular-insiste-no-compromiso-da-xunta-co-ecobarrio-da-ponte-en-ourense\\\/#article\",\"isPartOf\":{\"@id\":\"https:\\\/\\\/ppdegalicia.com\\\/es\\\/o-grupo-popular-insiste-no-compromiso-da-xunta-co-ecobarrio-da-ponte-en-ourense\\\/\"},\"author\":{\"name\":\"ppdegaliciaedtis\",\"@id\":\"https:\\\/\\\/ppdegalicia.com\\\/es\\\/#\\\/schema\\\/person\\\/bc9b46e59ebd34bf28611158c3867388\"},\"headline\":\"O Grupo Popular insiste no compromiso da Xunta co Ecobarrio da Ponte en Ourense\",\"datePublished\":\"2021-02-03T14:23:23+00:00\",\"mainEntityOfPage\":{\"@id\":\"https:\\\/\\\/ppdegalicia.com\\\/es\\\/o-grupo-popular-insiste-no-compromiso-da-xunta-co-ecobarrio-da-ponte-en-ourense\\\/\"},\"wordCount\":307,\"commentCount\":0,\"publisher\":{\"@id\":\"https:\\\/\\\/ppdegalicia.com\\\/es\\\/#organization\"},\"image\":{\"@id\":\"https:\\\/\\\/ppdegalicia.com\\\/es\\\/o-grupo-popular-insiste-no-compromiso-da-xunta-co-ecobarrio-da-ponte-en-ourense\\\/#primaryimage\"},\"thumbnailUrl\":\"https:\\\/\\\/ppdegalicia.com\\\/wp-content\\\/uploads\\\/2021\\\/02\\\/228b9f868446914542cea9e28ccfa8ed.jpg\",\"articleSection\":[\"PP de Galicia\"],\"inLanguage\":\"es\",\"potentialAction\":[{\"@type\":\"CommentAction\",\"name\":\"Comment\",\"target\":[\"https:\\\/\\\/ppdegalicia.com\\\/es\\\/o-grupo-popular-insiste-no-compromiso-da-xunta-co-ecobarrio-da-ponte-en-ourense\\\/#respond\"]}]},{\"@type\":\"WebPage\",\"@id\":\"https:\\\/\\\/ppdegalicia.com\\\/es\\\/o-grupo-popular-insiste-no-compromiso-da-xunta-co-ecobarrio-da-ponte-en-ourense\\\/\",\"url\":\"https:\\\/\\\/ppdegalicia.com\\\/es\\\/o-grupo-popular-insiste-no-compromiso-da-xunta-co-ecobarrio-da-ponte-en-ourense\\\/\",\"name\":\"O Grupo Popular insiste no compromiso da Xunta co Ecobarrio da Ponte en Ourense - PP de Galicia\",\"isPartOf\":{\"@id\":\"https:\\\/\\\/ppdegalicia.com\\\/es\\\/#website\"},\"primaryImageOfPage\":{\"@id\":\"https:\\\/\\\/ppdegalicia.com\\\/es\\\/o-grupo-popular-insiste-no-compromiso-da-xunta-co-ecobarrio-da-ponte-en-ourense\\\/#primaryimage\"},\"image\":{\"@id\":\"https:\\\/\\\/ppdegalicia.com\\\/es\\\/o-grupo-popular-insiste-no-compromiso-da-xunta-co-ecobarrio-da-ponte-en-ourense\\\/#primaryimage\"},\"thumbnailUrl\":\"https:\\\/\\\/ppdegalicia.com\\\/wp-content\\\/uploads\\\/2021\\\/02\\\/228b9f868446914542cea9e28ccfa8ed.jpg\",\"datePublished\":\"2021-02-03T14:23:23+00:00\",\"breadcrumb\":{\"@id\":\"https:\\\/\\\/ppdegalicia.com\\\/es\\\/o-grupo-popular-insiste-no-compromiso-da-xunta-co-ecobarrio-da-ponte-en-ourense\\\/#breadcrumb\"},\"inLanguage\":\"es\",\"potentialAction\":[{\"@type\":\"ReadAction\",\"target\":[\"https:\\\/\\\/ppdegalicia.com\\\/es\\\/o-grupo-popular-insiste-no-compromiso-da-xunta-co-ecobarrio-da-ponte-en-ourense\\\/\"]}]},{\"@type\":\"ImageObject\",\"inLanguage\":\"es\",\"@id\":\"https:\\\/\\\/ppdegalicia.com\\\/es\\\/o-grupo-popular-insiste-no-compromiso-da-xunta-co-ecobarrio-da-ponte-en-ourense\\\/#primaryimage\",\"url\":\"https:\\\/\\\/ppdegalicia.com\\\/wp-content\\\/uploads\\\/2021\\\/02\\\/228b9f868446914542cea9e28ccfa8ed.jpg\",\"contentUrl\":\"https:\\\/\\\/ppdegalicia.com\\\/wp-content\\\/uploads\\\/2021\\\/02\\\/228b9f868446914542cea9e28ccfa8ed.jpg\",\"width\":1900,\"height\":1246},{\"@type\":\"BreadcrumbList\",\"@id\":\"https:\\\/\\\/ppdegalicia.com\\\/es\\\/o-grupo-popular-insiste-no-compromiso-da-xunta-co-ecobarrio-da-ponte-en-ourense\\\/#breadcrumb\",\"itemListElement\":[{\"@type\":\"ListItem\",\"position\":1,\"name\":\"Portada\",\"item\":\"https:\\\/\\\/ppdegalicia.com\\\/es\\\/\"},{\"@type\":\"ListItem\",\"position\":2,\"name\":\"O Grupo Popular insiste no compromiso da Xunta co Ecobarrio da Ponte en Ourense\"}]},{\"@type\":\"WebSite\",\"@id\":\"https:\\\/\\\/ppdegalicia.com\\\/es\\\/#website\",\"url\":\"https:\\\/\\\/ppdegalicia.com\\\/es\\\/\",\"name\":\"Partido Popular de Galicia\",\"description\":\"Partido Popular de Galicia\",\"publisher\":{\"@id\":\"https:\\\/\\\/ppdegalicia.com\\\/es\\\/#organization\"},\"alternateName\":\"PP de Galicia\",\"potentialAction\":[{\"@type\":\"SearchAction\",\"target\":{\"@type\":\"EntryPoint\",\"urlTemplate\":\"https:\\\/\\\/ppdegalicia.com\\\/es\\\/?s={search_term_string}\"},\"query-input\":{\"@type\":\"PropertyValueSpecification\",\"valueRequired\":true,\"valueName\":\"search_term_string\"}}],\"inLanguage\":\"es\"},{\"@type\":\"Organization\",\"@id\":\"https:\\\/\\\/ppdegalicia.com\\\/es\\\/#organization\",\"name\":\"Partido Popular de Galicia\",\"alternateName\":\"PP de Galicia\",\"url\":\"https:\\\/\\\/ppdegalicia.com\\\/es\\\/\",\"logo\":{\"@type\":\"ImageObject\",\"inLanguage\":\"es\",\"@id\":\"https:\\\/\\\/ppdegalicia.com\\\/es\\\/#\\\/schema\\\/logo\\\/image\\\/\",\"url\":\"https:\\\/\\\/ppdegalicia.com\\\/wp-content\\\/uploads\\\/2023\\\/04\\\/logoPP512.png\",\"contentUrl\":\"https:\\\/\\\/ppdegalicia.com\\\/wp-content\\\/uploads\\\/2023\\\/04\\\/logoPP512.png\",\"width\":512,\"height\":512,\"caption\":\"Partido Popular de Galicia\"},\"image\":{\"@id\":\"https:\\\/\\\/ppdegalicia.com\\\/es\\\/#\\\/schema\\\/logo\\\/image\\\/\"},\"sameAs\":[\"https:\\\/\\\/www.instagram.com\\\/ppdegalicia\\\/\",\"https:\\\/\\\/x.com\\\/ppdegalicia\",\"https:\\\/\\\/www.tiktok.com\\\/@ppdegalicia\",\"https:\\\/\\\/www.youtube.com\\\/user\\\/ppdegalicia\"]},{\"@type\":\"Person\",\"@id\":\"https:\\\/\\\/ppdegalicia.com\\\/es\\\/#\\\/schema\\\/person\\\/bc9b46e59ebd34bf28611158c3867388\",\"name\":\"ppdegaliciaedtis\",\"image\":{\"@type\":\"ImageObject\",\"inLanguage\":\"es\",\"@id\":\"https:\\\/\\\/secure.gravatar.com\\\/avatar\\\/f9f8cf6e03df54a1b0d04a6b4b8e8c6bd63c10a439752e84d87a5385aefe2ced?s=96&d=mm&r=g\",\"url\":\"https:\\\/\\\/secure.gravatar.com\\\/avatar\\\/f9f8cf6e03df54a1b0d04a6b4b8e8c6bd63c10a439752e84d87a5385aefe2ced?s=96&d=mm&r=g\",\"contentUrl\":\"https:\\\/\\\/secure.gravatar.com\\\/avatar\\\/f9f8cf6e03df54a1b0d04a6b4b8e8c6bd63c10a439752e84d87a5385aefe2ced?s=96&d=mm&r=g\",\"caption\":\"ppdegaliciaedtis\"},\"url\":\"https:\\\/\\\/ppdegalicia.com\\\/es\\\/author\\\/ppdegaliciaedits\\\/\"}]}<\/script>\n<!-- \/ Yoast SEO plugin. -->","yoast_head_json":{"title":"O Grupo Popular insiste no compromiso da Xunta co Ecobarrio da Ponte en Ourense - PP de Galicia","robots":{"index":"index","follow":"follow","max-snippet":"max-snippet:-1","max-image-preview":"max-image-preview:large","max-video-preview":"max-video-preview:-1"},"canonical":"https:\/\/ppdegalicia.com\/es\/o-grupo-popular-insiste-no-compromiso-da-xunta-co-ecobarrio-da-ponte-en-ourense\/","og_locale":"es_ES","og_type":"article","og_title":"O Grupo Popular insiste no compromiso da Xunta co Ecobarrio da Ponte en Ourense - PP de Galicia","og_description":"Santiago, 3 de febreiro de 2021.- A deputada do Grupo Popular Marta N\u00f3voa insistiu hoxe no Parlamento no \u201ccompromiso\u201d da Xunta co Ecobarrio da Ponte na cidade de Ourense, e mostra disto \u00e9 a partida de 550.000 euros que figura nos orzamentos para 2021 para esta actuaci\u00f3n.","og_url":"https:\/\/ppdegalicia.com\/es\/o-grupo-popular-insiste-no-compromiso-da-xunta-co-ecobarrio-da-ponte-en-ourense\/","og_site_name":"PP de Galicia","article_publisher":"https:\/\/www.instagram.com\/ppdegalicia\/","article_published_time":"2021-02-03T14:23:23+00:00","og_image":[{"width":1900,"height":1246,"url":"https:\/\/ppdegalicia.com\/wp-content\/uploads\/2021\/02\/228b9f868446914542cea9e28ccfa8ed.jpg","type":"image\/jpeg"}],"author":"ppdegaliciaedtis","twitter_card":"summary_large_image","twitter_creator":"@ppdegalicia","twitter_site":"@ppdegalicia","twitter_misc":{"Escrito por":"ppdegaliciaedtis","Tiempo de lectura":"1 minuto"},"schema":{"@context":"https:\/\/schema.org","@graph":[{"@type":"Article","@id":"https:\/\/ppdegalicia.com\/es\/o-grupo-popular-insiste-no-compromiso-da-xunta-co-ecobarrio-da-ponte-en-ourense\/#article","isPartOf":{"@id":"https:\/\/ppdegalicia.com\/es\/o-grupo-popular-insiste-no-compromiso-da-xunta-co-ecobarrio-da-ponte-en-ourense\/"},"author":{"name":"ppdegaliciaedtis","@id":"https:\/\/ppdegalicia.com\/es\/#\/schema\/person\/bc9b46e59ebd34bf28611158c3867388"},"headline":"O Grupo Popular insiste no compromiso da Xunta co Ecobarrio da Ponte en Ourense","datePublished":"2021-02-03T14:23:23+00:00","mainEntityOfPage":{"@id":"https:\/\/ppdegalicia.com\/es\/o-grupo-popular-insiste-no-compromiso-da-xunta-co-ecobarrio-da-ponte-en-ourense\/"},"wordCount":307,"commentCount":0,"publisher":{"@id":"https:\/\/ppdegalicia.com\/es\/#organization"},"image":{"@id":"https:\/\/ppdegalicia.com\/es\/o-grupo-popular-insiste-no-compromiso-da-xunta-co-ecobarrio-da-ponte-en-ourense\/#primaryimage"},"thumbnailUrl":"https:\/\/ppdegalicia.com\/wp-content\/uploads\/2021\/02\/228b9f868446914542cea9e28ccfa8ed.jpg","articleSection":["PP de Galicia"],"inLanguage":"es","potentialAction":[{"@type":"CommentAction","name":"Comment","target":["https:\/\/ppdegalicia.com\/es\/o-grupo-popular-insiste-no-compromiso-da-xunta-co-ecobarrio-da-ponte-en-ourense\/#respond"]}]},{"@type":"WebPage","@id":"https:\/\/ppdegalicia.com\/es\/o-grupo-popular-insiste-no-compromiso-da-xunta-co-ecobarrio-da-ponte-en-ourense\/","url":"https:\/\/ppdegalicia.com\/es\/o-grupo-popular-insiste-no-compromiso-da-xunta-co-ecobarrio-da-ponte-en-ourense\/","name":"O Grupo Popular insiste no compromiso da Xunta co Ecobarrio da Ponte en Ourense - PP de Galicia","isPartOf":{"@id":"https:\/\/ppdegalicia.com\/es\/#website"},"primaryImageOfPage":{"@id":"https:\/\/ppdegalicia.com\/es\/o-grupo-popular-insiste-no-compromiso-da-xunta-co-ecobarrio-da-ponte-en-ourense\/#primaryimage"},"image":{"@id":"https:\/\/ppdegalicia.com\/es\/o-grupo-popular-insiste-no-compromiso-da-xunta-co-ecobarrio-da-ponte-en-ourense\/#primaryimage"},"thumbnailUrl":"https:\/\/ppdegalicia.com\/wp-content\/uploads\/2021\/02\/228b9f868446914542cea9e28ccfa8ed.jpg","datePublished":"2021-02-03T14:23:23+00:00","breadcrumb":{"@id":"https:\/\/ppdegalicia.com\/es\/o-grupo-popular-insiste-no-compromiso-da-xunta-co-ecobarrio-da-ponte-en-ourense\/#breadcrumb"},"inLanguage":"es","potentialAction":[{"@type":"ReadAction","target":["https:\/\/ppdegalicia.com\/es\/o-grupo-popular-insiste-no-compromiso-da-xunta-co-ecobarrio-da-ponte-en-ourense\/"]}]},{"@type":"ImageObject","inLanguage":"es","@id":"https:\/\/ppdegalicia.com\/es\/o-grupo-popular-insiste-no-compromiso-da-xunta-co-ecobarrio-da-ponte-en-ourense\/#primaryimage","url":"https:\/\/ppdegalicia.com\/wp-content\/uploads\/2021\/02\/228b9f868446914542cea9e28ccfa8ed.jpg","contentUrl":"https:\/\/ppdegalicia.com\/wp-content\/uploads\/2021\/02\/228b9f868446914542cea9e28ccfa8ed.jpg","width":1900,"height":1246},{"@type":"BreadcrumbList","@id":"https:\/\/ppdegalicia.com\/es\/o-grupo-popular-insiste-no-compromiso-da-xunta-co-ecobarrio-da-ponte-en-ourense\/#breadcrumb","itemListElement":[{"@type":"ListItem","position":1,"name":"Portada","item":"https:\/\/ppdegalicia.com\/es\/"},{"@type":"ListItem","position":2,"name":"O Grupo Popular insiste no compromiso da Xunta co Ecobarrio da Ponte en Ourense"}]},{"@type":"WebSite","@id":"https:\/\/ppdegalicia.com\/es\/#website","url":"https:\/\/ppdegalicia.com\/es\/","name":"Partido Popular de Galicia","description":"Partido Popular de Galicia","publisher":{"@id":"https:\/\/ppdegalicia.com\/es\/#organization"},"alternateName":"PP de Galicia","potentialAction":[{"@type":"SearchAction","target":{"@type":"EntryPoint","urlTemplate":"https:\/\/ppdegalicia.com\/es\/?s={search_term_string}"},"query-input":{"@type":"PropertyValueSpecification","valueRequired":true,"valueName":"search_term_string"}}],"inLanguage":"es"},{"@type":"Organization","@id":"https:\/\/ppdegalicia.com\/es\/#organization","name":"Partido Popular de Galicia","alternateName":"PP de Galicia","url":"https:\/\/ppdegalicia.com\/es\/","logo":{"@type":"ImageObject","inLanguage":"es","@id":"https:\/\/ppdegalicia.com\/es\/#\/schema\/logo\/image\/","url":"https:\/\/ppdegalicia.com\/wp-content\/uploads\/2023\/04\/logoPP512.png","contentUrl":"https:\/\/ppdegalicia.com\/wp-content\/uploads\/2023\/04\/logoPP512.png","width":512,"height":512,"caption":"Partido Popular de Galicia"},"image":{"@id":"https:\/\/ppdegalicia.com\/es\/#\/schema\/logo\/image\/"},"sameAs":["https:\/\/www.instagram.com\/ppdegalicia\/","https:\/\/x.com\/ppdegalicia","https:\/\/www.tiktok.com\/@ppdegalicia","https:\/\/www.youtube.com\/user\/ppdegalicia"]},{"@type":"Person","@id":"https:\/\/ppdegalicia.com\/es\/#\/schema\/person\/bc9b46e59ebd34bf28611158c3867388","name":"ppdegaliciaedtis","image":{"@type":"ImageObject","inLanguage":"es","@id":"https:\/\/secure.gravatar.com\/avatar\/f9f8cf6e03df54a1b0d04a6b4b8e8c6bd63c10a439752e84d87a5385aefe2ced?s=96&d=mm&r=g","url":"https:\/\/secure.gravatar.com\/avatar\/f9f8cf6e03df54a1b0d04a6b4b8e8c6bd63c10a439752e84d87a5385aefe2ced?s=96&d=mm&r=g","contentUrl":"https:\/\/secure.gravatar.com\/avatar\/f9f8cf6e03df54a1b0d04a6b4b8e8c6bd63c10a439752e84d87a5385aefe2ced?s=96&d=mm&r=g","caption":"ppdegaliciaedtis"},"url":"https:\/\/ppdegalicia.com\/es\/author\/ppdegaliciaedits\/"}]}},"_links":{"self":[{"href":"https:\/\/ppdegalicia.com\/es\/wp-json\/wp\/v2\/posts\/55206","targetHints":{"allow":["GET"]}}],"collection":[{"href":"https:\/\/ppdegalicia.com\/es\/wp-json\/wp\/v2\/posts"}],"about":[{"href":"https:\/\/ppdegalicia.com\/es\/wp-json\/wp\/v2\/types\/post"}],"author":[{"embeddable":true,"href":"https:\/\/ppdegalicia.com\/es\/wp-json\/wp\/v2\/users\/40"}],"replies":[{"embeddable":true,"href":"https:\/\/ppdegalicia.com\/es\/wp-json\/wp\/v2\/comments?post=55206"}],"version-history":[{"count":0,"href":"https:\/\/ppdegalicia.com\/es\/wp-json\/wp\/v2\/posts\/55206\/revisions"}],"wp:featuredmedia":[{"embeddable":true,"href":"https:\/\/ppdegalicia.com\/es\/wp-json\/wp\/v2\/media\/55205"}],"wp:attachment":[{"href":"https:\/\/ppdegalicia.com\/es\/wp-json\/wp\/v2\/media?parent=55206"}],"wp:term":[{"taxonomy":"category","embeddable":true,"href":"https:\/\/ppdegalicia.com\/es\/wp-json\/wp\/v2\/categories?post=55206"},{"taxonomy":"post_tag","embeddable":true,"href":"https:\/\/ppdegalicia.com\/es\/wp-json\/wp\/v2\/tags?post=55206"}],"curies":[{"name":"wp","href":"https:\/\/api.w.org\/{rel}","templated":true}]}}