{"id":55222,"date":"2021-02-08T12:44:40","date_gmt":"2021-02-08T10:44:40","guid":{"rendered":"https:\/\/ppdegalicia.com\/tellado-se-o-goberno-fose-tan-eficiente-cos-problemas-de-ferrol-como-colocando-amigos-hai-tempo-que-a-crise-da-comarca-teria-rematado\/"},"modified":"2021-02-08T12:44:40","modified_gmt":"2021-02-08T10:44:40","slug":"tellado-se-o-goberno-fose-tan-eficiente-cos-problemas-de-ferrol-como-colocando-amigos-hai-tempo-que-a-crise-da-comarca-teria-rematado","status":"publish","type":"post","link":"https:\/\/ppdegalicia.com\/es\/tellado-se-o-goberno-fose-tan-eficiente-cos-problemas-de-ferrol-como-colocando-amigos-hai-tempo-que-a-crise-da-comarca-teria-rematado\/","title":{"rendered":"Tellado: \u201cSe o Goberno fose tan eficiente cos problemas de Ferrol como colocando amigos hai tempo que a crise da comarca ter\u00eda rematado\u201d"},"content":{"rendered":"<p><img fetchpriority=\"high\" decoding=\"async\" class=\" size-full wp-image-55221\" src=\"https:\/\/ppdegalicia.com\/wp-content\/uploads\/2021\/02\/9010a462dd5ba66ec279fdc172b025e5-scaled.jpg\" alt=\"\" width=\"2560\" height=\"1707\" srcset=\"https:\/\/ppdegalicia.com\/wp-content\/uploads\/2021\/02\/9010a462dd5ba66ec279fdc172b025e5-scaled.jpg 2560w, https:\/\/ppdegalicia.com\/wp-content\/uploads\/2021\/02\/9010a462dd5ba66ec279fdc172b025e5-300x200.jpg 300w, https:\/\/ppdegalicia.com\/wp-content\/uploads\/2021\/02\/9010a462dd5ba66ec279fdc172b025e5-1024x683.jpg 1024w, https:\/\/ppdegalicia.com\/wp-content\/uploads\/2021\/02\/9010a462dd5ba66ec279fdc172b025e5-768x512.jpg 768w, https:\/\/ppdegalicia.com\/wp-content\/uploads\/2021\/02\/9010a462dd5ba66ec279fdc172b025e5-1536x1024.jpg 1536w, https:\/\/ppdegalicia.com\/wp-content\/uploads\/2021\/02\/9010a462dd5ba66ec279fdc172b025e5-2048x1365.jpg 2048w\" sizes=\"(max-width: 2560px) 100vw, 2560px\" \/><\/p>\n<p style=\"text-align: justify;\">Pide a Yolanda D\u00edaz soluci\u00f3ns para o sector naval e que contrib\u00faa a evitar a fuxida de Siemens-Gamesa e o peche da central t\u00e9rmica das Pontes<\/p>\n<p><!--more--><\/p>\n<p style=\"text-align: justify;\">O secretario xeral do PPdeG, Miguel Tellado, asegurou que, se o Goberno de Espa\u00f1a fose tan eficiente solucionando os problemas de Ferrolterra como colocando aos seus amigos, hai tempo que a crise da comarca ter\u00eda rematado.<\/p>\n<p style=\"text-align: justify;\">\u00a0<\/p>\n<p style=\"text-align: justify;\">As\u00ed se expresaba o n\u00famero dous dos populares galegos nunha entrevista en COPE na que cuestionou que Yolanda D\u00edaz colocase a Manuel Lago no consello de administraci\u00f3n de Navantia. Segundo manifestou, o problema xa non son as portas xiratorias ou que \u201cenchufen\u201d ao principal asesor da ministra de Traballo nunha empresa p\u00fablica, sen\u00f3n que que o Executivo central estea m\u00e1is preocupado de atopar un cargo aos seus amigos que de dotar de carga de traballo ao estaleiro e de solucionar a grave situaci\u00f3n que atravesa Ferrol.<\/p>\n<p style=\"text-align: justify;\">\u00a0<\/p>\n<p style=\"text-align: justify;\">Nese senso, explicou que esta comarca pasa por un momento moi complicado, en boa medida, pola inacci\u00f3n dun Goberno que ten as competencias e a capacidade para po\u00f1er soluci\u00f3ns e evitar que Siemens-Gamesa fuxa de Espa\u00f1a, impedir o peche da central das Pontes e para mandar constru\u00edr un barco de guerra nos estaleiros ferrol\u00e1ns.<\/p>\n<p style=\"text-align: justify;\">\u00a0<\/p>\n<p style=\"text-align: justify;\">\u201cGustar\u00edame que a ministra Yolanda D\u00edaz, ferrol\u00e1, estivese m\u00e1is centrada en contribu\u00edr desde o seu posto a resolver os problemas de Ferrol, xa que caeron no peor de todo aquelo que criticaban e este \u00e9 un exemplo de porta xiratoria inadmisible\u201d, insistiu.<\/p>\n<p style=\"text-align: justify;\">\u00a0<\/p>\n<p style=\"text-align: justify;\"><strong><u>O INDEPENDENTISMO RADICAL DO BNG<\/u><\/strong><\/p>\n<p style=\"text-align: justify;\">Miguel Tellado tam\u00e9n se referiu \u00e1 participaci\u00f3n do Bloque Nacionalista Galego no mitin de ERC celebrado onte e que tam\u00e9n contou coa presenza de Arnaldo Otegi e Oriol Junqueras, afirmando non estar sorprendido porque, como levan moito tempo dicindo os populares, \u201cesta \u00e9 a verdadeira cara do BNG\u201d.<\/p>\n<p style=\"text-align: justify;\">\u00a0<\/p>\n<p style=\"text-align: justify;\">Como apuntou, malia que en campa\u00f1a electoral se disfrazan de moderados, cando te\u00f1en oportunidade volven \u00e1 s\u00faa folla de ruta que \u00e9 a de Otegi e a de Junqueras, cos que comparten proxecto pol\u00edtico e escano en Bruxelas. Sobre isto, salientou que, mentres o BNG de Beiras era socio de CIU e do PNV, agora Ana Pont\u00f3n \u00e9 socia de Bildu e de Esquerra, pasando do nacionalismo ao independentismo m\u00e1is radical.<\/p>\n<p style=\"text-align: justify;\">\u00a0<\/p>\n<p style=\"text-align: justify;\">\u201cPont\u00f3n quere para Galicia o mesmo que hai en Catalu\u00f1a: unha Comunidade de lazos amarelos, crispada e de enfrontamento social, ling\u00fc\u00edstico e pol\u00edtico\u201d, aseverou reco\u00f1ecendo que, ante este nacionalismo radical sempre ter\u00e1n en fronte ao PPdeG, que exerce de freo e defende a convivencia en paz e o respecto \u00e1 lei.<\/p>\n","protected":false},"excerpt":{"rendered":"<p>Pide a Yolanda D\u00edaz soluci\u00f3ns para o sector naval e que contrib\u00faa a evitar a fuxida de Siemens-Gamesa e o peche da central t\u00e9rmica das Pontes<\/p>\n","protected":false},"author":38,"featured_media":55221,"comment_status":"open","ping_status":"open","sticky":false,"template":"","format":"standard","meta":{"_acf_changed":false,"footnotes":""},"categories":[1],"tags":[],"class_list":["post-55222","post","type-post","status-publish","format-standard","has-post-thumbnail","hentry","category-pp-de-galicia"],"acf":[],"yoast_head":"<!-- This site is optimized with the Yoast SEO plugin v27.3 - https:\/\/yoast.com\/product\/yoast-seo-wordpress\/ -->\n<title>Tellado: \u201cSe o Goberno fose tan eficiente cos problemas de Ferrol como colocando amigos hai tempo que a crise da comarca ter\u00eda rematado\u201d - PP de Galicia<\/title>\n<meta name=\"robots\" content=\"index, follow, max-snippet:-1, max-image-preview:large, max-video-preview:-1\" \/>\n<link rel=\"canonical\" href=\"https:\/\/ppdegalicia.com\/es\/tellado-se-o-goberno-fose-tan-eficiente-cos-problemas-de-ferrol-como-colocando-amigos-hai-tempo-que-a-crise-da-comarca-teria-rematado\/\" \/>\n<meta property=\"og:locale\" content=\"es_ES\" \/>\n<meta property=\"og:type\" content=\"article\" \/>\n<meta property=\"og:title\" content=\"Tellado: \u201cSe o Goberno fose tan eficiente cos problemas de Ferrol como colocando amigos hai tempo que a crise da comarca ter\u00eda rematado\u201d - PP de Galicia\" \/>\n<meta property=\"og:description\" content=\"Pide a Yolanda D\u00edaz soluci\u00f3ns para o sector naval e que contrib\u00faa a evitar a fuxida de Siemens-Gamesa e o peche da central t\u00e9rmica das Pontes\" \/>\n<meta property=\"og:url\" content=\"https:\/\/ppdegalicia.com\/es\/tellado-se-o-goberno-fose-tan-eficiente-cos-problemas-de-ferrol-como-colocando-amigos-hai-tempo-que-a-crise-da-comarca-teria-rematado\/\" \/>\n<meta property=\"og:site_name\" content=\"PP de Galicia\" \/>\n<meta property=\"article:publisher\" content=\"https:\/\/www.instagram.com\/ppdegalicia\/\" \/>\n<meta property=\"article:published_time\" content=\"2021-02-08T10:44:40+00:00\" \/>\n<meta property=\"og:image\" content=\"https:\/\/ppdegalicia.com\/wp-content\/uploads\/2021\/02\/9010a462dd5ba66ec279fdc172b025e5-scaled.jpg\" \/>\n\t<meta property=\"og:image:width\" content=\"2560\" \/>\n\t<meta property=\"og:image:height\" content=\"1707\" \/>\n\t<meta property=\"og:image:type\" content=\"image\/jpeg\" \/>\n<meta name=\"author\" content=\"ppdegaliciaredes\" \/>\n<meta name=\"twitter:card\" content=\"summary_large_image\" \/>\n<meta name=\"twitter:creator\" content=\"@ppdegalicia\" \/>\n<meta name=\"twitter:site\" content=\"@ppdegalicia\" \/>\n<meta name=\"twitter:label1\" content=\"Escrito por\" \/>\n\t<meta name=\"twitter:data1\" content=\"ppdegaliciaredes\" \/>\n\t<meta name=\"twitter:label2\" content=\"Tiempo de lectura\" \/>\n\t<meta name=\"twitter:data2\" content=\"2 minutos\" \/>\n<script type=\"application\/ld+json\" class=\"yoast-schema-graph\">{\"@context\":\"https:\\\/\\\/schema.org\",\"@graph\":[{\"@type\":\"Article\",\"@id\":\"https:\\\/\\\/ppdegalicia.com\\\/es\\\/tellado-se-o-goberno-fose-tan-eficiente-cos-problemas-de-ferrol-como-colocando-amigos-hai-tempo-que-a-crise-da-comarca-teria-rematado\\\/#article\",\"isPartOf\":{\"@id\":\"https:\\\/\\\/ppdegalicia.com\\\/es\\\/tellado-se-o-goberno-fose-tan-eficiente-cos-problemas-de-ferrol-como-colocando-amigos-hai-tempo-que-a-crise-da-comarca-teria-rematado\\\/\"},\"author\":{\"name\":\"ppdegaliciaredes\",\"@id\":\"https:\\\/\\\/ppdegalicia.com\\\/es\\\/#\\\/schema\\\/person\\\/5b822c6f59e872ebdd1142f307dbcb59\"},\"headline\":\"Tellado: \u201cSe o Goberno fose tan eficiente cos problemas de Ferrol como colocando amigos hai tempo que a crise da comarca ter\u00eda rematado\u201d\",\"datePublished\":\"2021-02-08T10:44:40+00:00\",\"mainEntityOfPage\":{\"@id\":\"https:\\\/\\\/ppdegalicia.com\\\/es\\\/tellado-se-o-goberno-fose-tan-eficiente-cos-problemas-de-ferrol-como-colocando-amigos-hai-tempo-que-a-crise-da-comarca-teria-rematado\\\/\"},\"wordCount\":474,\"commentCount\":0,\"publisher\":{\"@id\":\"https:\\\/\\\/ppdegalicia.com\\\/es\\\/#organization\"},\"image\":{\"@id\":\"https:\\\/\\\/ppdegalicia.com\\\/es\\\/tellado-se-o-goberno-fose-tan-eficiente-cos-problemas-de-ferrol-como-colocando-amigos-hai-tempo-que-a-crise-da-comarca-teria-rematado\\\/#primaryimage\"},\"thumbnailUrl\":\"https:\\\/\\\/ppdegalicia.com\\\/wp-content\\\/uploads\\\/2021\\\/02\\\/9010a462dd5ba66ec279fdc172b025e5-scaled.jpg\",\"articleSection\":[\"PP de Galicia\"],\"inLanguage\":\"es\",\"potentialAction\":[{\"@type\":\"CommentAction\",\"name\":\"Comment\",\"target\":[\"https:\\\/\\\/ppdegalicia.com\\\/es\\\/tellado-se-o-goberno-fose-tan-eficiente-cos-problemas-de-ferrol-como-colocando-amigos-hai-tempo-que-a-crise-da-comarca-teria-rematado\\\/#respond\"]}]},{\"@type\":\"WebPage\",\"@id\":\"https:\\\/\\\/ppdegalicia.com\\\/es\\\/tellado-se-o-goberno-fose-tan-eficiente-cos-problemas-de-ferrol-como-colocando-amigos-hai-tempo-que-a-crise-da-comarca-teria-rematado\\\/\",\"url\":\"https:\\\/\\\/ppdegalicia.com\\\/es\\\/tellado-se-o-goberno-fose-tan-eficiente-cos-problemas-de-ferrol-como-colocando-amigos-hai-tempo-que-a-crise-da-comarca-teria-rematado\\\/\",\"name\":\"Tellado: \u201cSe o Goberno fose tan eficiente cos problemas de Ferrol como colocando amigos hai tempo que a crise da comarca ter\u00eda rematado\u201d - PP de Galicia\",\"isPartOf\":{\"@id\":\"https:\\\/\\\/ppdegalicia.com\\\/es\\\/#website\"},\"primaryImageOfPage\":{\"@id\":\"https:\\\/\\\/ppdegalicia.com\\\/es\\\/tellado-se-o-goberno-fose-tan-eficiente-cos-problemas-de-ferrol-como-colocando-amigos-hai-tempo-que-a-crise-da-comarca-teria-rematado\\\/#primaryimage\"},\"image\":{\"@id\":\"https:\\\/\\\/ppdegalicia.com\\\/es\\\/tellado-se-o-goberno-fose-tan-eficiente-cos-problemas-de-ferrol-como-colocando-amigos-hai-tempo-que-a-crise-da-comarca-teria-rematado\\\/#primaryimage\"},\"thumbnailUrl\":\"https:\\\/\\\/ppdegalicia.com\\\/wp-content\\\/uploads\\\/2021\\\/02\\\/9010a462dd5ba66ec279fdc172b025e5-scaled.jpg\",\"datePublished\":\"2021-02-08T10:44:40+00:00\",\"breadcrumb\":{\"@id\":\"https:\\\/\\\/ppdegalicia.com\\\/es\\\/tellado-se-o-goberno-fose-tan-eficiente-cos-problemas-de-ferrol-como-colocando-amigos-hai-tempo-que-a-crise-da-comarca-teria-rematado\\\/#breadcrumb\"},\"inLanguage\":\"es\",\"potentialAction\":[{\"@type\":\"ReadAction\",\"target\":[\"https:\\\/\\\/ppdegalicia.com\\\/es\\\/tellado-se-o-goberno-fose-tan-eficiente-cos-problemas-de-ferrol-como-colocando-amigos-hai-tempo-que-a-crise-da-comarca-teria-rematado\\\/\"]}]},{\"@type\":\"ImageObject\",\"inLanguage\":\"es\",\"@id\":\"https:\\\/\\\/ppdegalicia.com\\\/es\\\/tellado-se-o-goberno-fose-tan-eficiente-cos-problemas-de-ferrol-como-colocando-amigos-hai-tempo-que-a-crise-da-comarca-teria-rematado\\\/#primaryimage\",\"url\":\"https:\\\/\\\/ppdegalicia.com\\\/wp-content\\\/uploads\\\/2021\\\/02\\\/9010a462dd5ba66ec279fdc172b025e5-scaled.jpg\",\"contentUrl\":\"https:\\\/\\\/ppdegalicia.com\\\/wp-content\\\/uploads\\\/2021\\\/02\\\/9010a462dd5ba66ec279fdc172b025e5-scaled.jpg\",\"width\":2560,\"height\":1707},{\"@type\":\"BreadcrumbList\",\"@id\":\"https:\\\/\\\/ppdegalicia.com\\\/es\\\/tellado-se-o-goberno-fose-tan-eficiente-cos-problemas-de-ferrol-como-colocando-amigos-hai-tempo-que-a-crise-da-comarca-teria-rematado\\\/#breadcrumb\",\"itemListElement\":[{\"@type\":\"ListItem\",\"position\":1,\"name\":\"Portada\",\"item\":\"https:\\\/\\\/ppdegalicia.com\\\/es\\\/\"},{\"@type\":\"ListItem\",\"position\":2,\"name\":\"Tellado: \u201cSe o Goberno fose tan eficiente cos problemas de Ferrol como colocando amigos hai tempo que a crise da comarca ter\u00eda rematado\u201d\"}]},{\"@type\":\"WebSite\",\"@id\":\"https:\\\/\\\/ppdegalicia.com\\\/es\\\/#website\",\"url\":\"https:\\\/\\\/ppdegalicia.com\\\/es\\\/\",\"name\":\"Partido Popular de Galicia\",\"description\":\"Partido Popular de Galicia\",\"publisher\":{\"@id\":\"https:\\\/\\\/ppdegalicia.com\\\/es\\\/#organization\"},\"alternateName\":\"PP de Galicia\",\"potentialAction\":[{\"@type\":\"SearchAction\",\"target\":{\"@type\":\"EntryPoint\",\"urlTemplate\":\"https:\\\/\\\/ppdegalicia.com\\\/es\\\/?s={search_term_string}\"},\"query-input\":{\"@type\":\"PropertyValueSpecification\",\"valueRequired\":true,\"valueName\":\"search_term_string\"}}],\"inLanguage\":\"es\"},{\"@type\":\"Organization\",\"@id\":\"https:\\\/\\\/ppdegalicia.com\\\/es\\\/#organization\",\"name\":\"Partido Popular de Galicia\",\"alternateName\":\"PP de Galicia\",\"url\":\"https:\\\/\\\/ppdegalicia.com\\\/es\\\/\",\"logo\":{\"@type\":\"ImageObject\",\"inLanguage\":\"es\",\"@id\":\"https:\\\/\\\/ppdegalicia.com\\\/es\\\/#\\\/schema\\\/logo\\\/image\\\/\",\"url\":\"https:\\\/\\\/ppdegalicia.com\\\/wp-content\\\/uploads\\\/2023\\\/04\\\/logoPP512.png\",\"contentUrl\":\"https:\\\/\\\/ppdegalicia.com\\\/wp-content\\\/uploads\\\/2023\\\/04\\\/logoPP512.png\",\"width\":512,\"height\":512,\"caption\":\"Partido Popular de Galicia\"},\"image\":{\"@id\":\"https:\\\/\\\/ppdegalicia.com\\\/es\\\/#\\\/schema\\\/logo\\\/image\\\/\"},\"sameAs\":[\"https:\\\/\\\/www.instagram.com\\\/ppdegalicia\\\/\",\"https:\\\/\\\/x.com\\\/ppdegalicia\",\"https:\\\/\\\/www.tiktok.com\\\/@ppdegalicia\",\"https:\\\/\\\/www.youtube.com\\\/user\\\/ppdegalicia\"]},{\"@type\":\"Person\",\"@id\":\"https:\\\/\\\/ppdegalicia.com\\\/es\\\/#\\\/schema\\\/person\\\/5b822c6f59e872ebdd1142f307dbcb59\",\"name\":\"ppdegaliciaredes\",\"image\":{\"@type\":\"ImageObject\",\"inLanguage\":\"es\",\"@id\":\"https:\\\/\\\/secure.gravatar.com\\\/avatar\\\/3c9179cf0256d00c72a48d1f25783c58b6842cd56e85ef3a572881c8e28ccd59?s=96&d=mm&r=g\",\"url\":\"https:\\\/\\\/secure.gravatar.com\\\/avatar\\\/3c9179cf0256d00c72a48d1f25783c58b6842cd56e85ef3a572881c8e28ccd59?s=96&d=mm&r=g\",\"contentUrl\":\"https:\\\/\\\/secure.gravatar.com\\\/avatar\\\/3c9179cf0256d00c72a48d1f25783c58b6842cd56e85ef3a572881c8e28ccd59?s=96&d=mm&r=g\",\"caption\":\"ppdegaliciaredes\"},\"url\":\"https:\\\/\\\/ppdegalicia.com\\\/es\\\/author\\\/ppdegaliciaredes\\\/\"}]}<\/script>\n<!-- \/ Yoast SEO plugin. -->","yoast_head_json":{"title":"Tellado: \u201cSe o Goberno fose tan eficiente cos problemas de Ferrol como colocando amigos hai tempo que a crise da comarca ter\u00eda rematado\u201d - PP de Galicia","robots":{"index":"index","follow":"follow","max-snippet":"max-snippet:-1","max-image-preview":"max-image-preview:large","max-video-preview":"max-video-preview:-1"},"canonical":"https:\/\/ppdegalicia.com\/es\/tellado-se-o-goberno-fose-tan-eficiente-cos-problemas-de-ferrol-como-colocando-amigos-hai-tempo-que-a-crise-da-comarca-teria-rematado\/","og_locale":"es_ES","og_type":"article","og_title":"Tellado: \u201cSe o Goberno fose tan eficiente cos problemas de Ferrol como colocando amigos hai tempo que a crise da comarca ter\u00eda rematado\u201d - PP de Galicia","og_description":"Pide a Yolanda D\u00edaz soluci\u00f3ns para o sector naval e que contrib\u00faa a evitar a fuxida de Siemens-Gamesa e o peche da central t\u00e9rmica das Pontes","og_url":"https:\/\/ppdegalicia.com\/es\/tellado-se-o-goberno-fose-tan-eficiente-cos-problemas-de-ferrol-como-colocando-amigos-hai-tempo-que-a-crise-da-comarca-teria-rematado\/","og_site_name":"PP de Galicia","article_publisher":"https:\/\/www.instagram.com\/ppdegalicia\/","article_published_time":"2021-02-08T10:44:40+00:00","og_image":[{"width":2560,"height":1707,"url":"https:\/\/ppdegalicia.com\/wp-content\/uploads\/2021\/02\/9010a462dd5ba66ec279fdc172b025e5-scaled.jpg","type":"image\/jpeg"}],"author":"ppdegaliciaredes","twitter_card":"summary_large_image","twitter_creator":"@ppdegalicia","twitter_site":"@ppdegalicia","twitter_misc":{"Escrito por":"ppdegaliciaredes","Tiempo de lectura":"2 minutos"},"schema":{"@context":"https:\/\/schema.org","@graph":[{"@type":"Article","@id":"https:\/\/ppdegalicia.com\/es\/tellado-se-o-goberno-fose-tan-eficiente-cos-problemas-de-ferrol-como-colocando-amigos-hai-tempo-que-a-crise-da-comarca-teria-rematado\/#article","isPartOf":{"@id":"https:\/\/ppdegalicia.com\/es\/tellado-se-o-goberno-fose-tan-eficiente-cos-problemas-de-ferrol-como-colocando-amigos-hai-tempo-que-a-crise-da-comarca-teria-rematado\/"},"author":{"name":"ppdegaliciaredes","@id":"https:\/\/ppdegalicia.com\/es\/#\/schema\/person\/5b822c6f59e872ebdd1142f307dbcb59"},"headline":"Tellado: \u201cSe o Goberno fose tan eficiente cos problemas de Ferrol como colocando amigos hai tempo que a crise da comarca ter\u00eda rematado\u201d","datePublished":"2021-02-08T10:44:40+00:00","mainEntityOfPage":{"@id":"https:\/\/ppdegalicia.com\/es\/tellado-se-o-goberno-fose-tan-eficiente-cos-problemas-de-ferrol-como-colocando-amigos-hai-tempo-que-a-crise-da-comarca-teria-rematado\/"},"wordCount":474,"commentCount":0,"publisher":{"@id":"https:\/\/ppdegalicia.com\/es\/#organization"},"image":{"@id":"https:\/\/ppdegalicia.com\/es\/tellado-se-o-goberno-fose-tan-eficiente-cos-problemas-de-ferrol-como-colocando-amigos-hai-tempo-que-a-crise-da-comarca-teria-rematado\/#primaryimage"},"thumbnailUrl":"https:\/\/ppdegalicia.com\/wp-content\/uploads\/2021\/02\/9010a462dd5ba66ec279fdc172b025e5-scaled.jpg","articleSection":["PP de Galicia"],"inLanguage":"es","potentialAction":[{"@type":"CommentAction","name":"Comment","target":["https:\/\/ppdegalicia.com\/es\/tellado-se-o-goberno-fose-tan-eficiente-cos-problemas-de-ferrol-como-colocando-amigos-hai-tempo-que-a-crise-da-comarca-teria-rematado\/#respond"]}]},{"@type":"WebPage","@id":"https:\/\/ppdegalicia.com\/es\/tellado-se-o-goberno-fose-tan-eficiente-cos-problemas-de-ferrol-como-colocando-amigos-hai-tempo-que-a-crise-da-comarca-teria-rematado\/","url":"https:\/\/ppdegalicia.com\/es\/tellado-se-o-goberno-fose-tan-eficiente-cos-problemas-de-ferrol-como-colocando-amigos-hai-tempo-que-a-crise-da-comarca-teria-rematado\/","name":"Tellado: \u201cSe o Goberno fose tan eficiente cos problemas de Ferrol como colocando amigos hai tempo que a crise da comarca ter\u00eda rematado\u201d - PP de Galicia","isPartOf":{"@id":"https:\/\/ppdegalicia.com\/es\/#website"},"primaryImageOfPage":{"@id":"https:\/\/ppdegalicia.com\/es\/tellado-se-o-goberno-fose-tan-eficiente-cos-problemas-de-ferrol-como-colocando-amigos-hai-tempo-que-a-crise-da-comarca-teria-rematado\/#primaryimage"},"image":{"@id":"https:\/\/ppdegalicia.com\/es\/tellado-se-o-goberno-fose-tan-eficiente-cos-problemas-de-ferrol-como-colocando-amigos-hai-tempo-que-a-crise-da-comarca-teria-rematado\/#primaryimage"},"thumbnailUrl":"https:\/\/ppdegalicia.com\/wp-content\/uploads\/2021\/02\/9010a462dd5ba66ec279fdc172b025e5-scaled.jpg","datePublished":"2021-02-08T10:44:40+00:00","breadcrumb":{"@id":"https:\/\/ppdegalicia.com\/es\/tellado-se-o-goberno-fose-tan-eficiente-cos-problemas-de-ferrol-como-colocando-amigos-hai-tempo-que-a-crise-da-comarca-teria-rematado\/#breadcrumb"},"inLanguage":"es","potentialAction":[{"@type":"ReadAction","target":["https:\/\/ppdegalicia.com\/es\/tellado-se-o-goberno-fose-tan-eficiente-cos-problemas-de-ferrol-como-colocando-amigos-hai-tempo-que-a-crise-da-comarca-teria-rematado\/"]}]},{"@type":"ImageObject","inLanguage":"es","@id":"https:\/\/ppdegalicia.com\/es\/tellado-se-o-goberno-fose-tan-eficiente-cos-problemas-de-ferrol-como-colocando-amigos-hai-tempo-que-a-crise-da-comarca-teria-rematado\/#primaryimage","url":"https:\/\/ppdegalicia.com\/wp-content\/uploads\/2021\/02\/9010a462dd5ba66ec279fdc172b025e5-scaled.jpg","contentUrl":"https:\/\/ppdegalicia.com\/wp-content\/uploads\/2021\/02\/9010a462dd5ba66ec279fdc172b025e5-scaled.jpg","width":2560,"height":1707},{"@type":"BreadcrumbList","@id":"https:\/\/ppdegalicia.com\/es\/tellado-se-o-goberno-fose-tan-eficiente-cos-problemas-de-ferrol-como-colocando-amigos-hai-tempo-que-a-crise-da-comarca-teria-rematado\/#breadcrumb","itemListElement":[{"@type":"ListItem","position":1,"name":"Portada","item":"https:\/\/ppdegalicia.com\/es\/"},{"@type":"ListItem","position":2,"name":"Tellado: \u201cSe o Goberno fose tan eficiente cos problemas de Ferrol como colocando amigos hai tempo que a crise da comarca ter\u00eda rematado\u201d"}]},{"@type":"WebSite","@id":"https:\/\/ppdegalicia.com\/es\/#website","url":"https:\/\/ppdegalicia.com\/es\/","name":"Partido Popular de Galicia","description":"Partido Popular de Galicia","publisher":{"@id":"https:\/\/ppdegalicia.com\/es\/#organization"},"alternateName":"PP de Galicia","potentialAction":[{"@type":"SearchAction","target":{"@type":"EntryPoint","urlTemplate":"https:\/\/ppdegalicia.com\/es\/?s={search_term_string}"},"query-input":{"@type":"PropertyValueSpecification","valueRequired":true,"valueName":"search_term_string"}}],"inLanguage":"es"},{"@type":"Organization","@id":"https:\/\/ppdegalicia.com\/es\/#organization","name":"Partido Popular de Galicia","alternateName":"PP de Galicia","url":"https:\/\/ppdegalicia.com\/es\/","logo":{"@type":"ImageObject","inLanguage":"es","@id":"https:\/\/ppdegalicia.com\/es\/#\/schema\/logo\/image\/","url":"https:\/\/ppdegalicia.com\/wp-content\/uploads\/2023\/04\/logoPP512.png","contentUrl":"https:\/\/ppdegalicia.com\/wp-content\/uploads\/2023\/04\/logoPP512.png","width":512,"height":512,"caption":"Partido Popular de Galicia"},"image":{"@id":"https:\/\/ppdegalicia.com\/es\/#\/schema\/logo\/image\/"},"sameAs":["https:\/\/www.instagram.com\/ppdegalicia\/","https:\/\/x.com\/ppdegalicia","https:\/\/www.tiktok.com\/@ppdegalicia","https:\/\/www.youtube.com\/user\/ppdegalicia"]},{"@type":"Person","@id":"https:\/\/ppdegalicia.com\/es\/#\/schema\/person\/5b822c6f59e872ebdd1142f307dbcb59","name":"ppdegaliciaredes","image":{"@type":"ImageObject","inLanguage":"es","@id":"https:\/\/secure.gravatar.com\/avatar\/3c9179cf0256d00c72a48d1f25783c58b6842cd56e85ef3a572881c8e28ccd59?s=96&d=mm&r=g","url":"https:\/\/secure.gravatar.com\/avatar\/3c9179cf0256d00c72a48d1f25783c58b6842cd56e85ef3a572881c8e28ccd59?s=96&d=mm&r=g","contentUrl":"https:\/\/secure.gravatar.com\/avatar\/3c9179cf0256d00c72a48d1f25783c58b6842cd56e85ef3a572881c8e28ccd59?s=96&d=mm&r=g","caption":"ppdegaliciaredes"},"url":"https:\/\/ppdegalicia.com\/es\/author\/ppdegaliciaredes\/"}]}},"_links":{"self":[{"href":"https:\/\/ppdegalicia.com\/es\/wp-json\/wp\/v2\/posts\/55222","targetHints":{"allow":["GET"]}}],"collection":[{"href":"https:\/\/ppdegalicia.com\/es\/wp-json\/wp\/v2\/posts"}],"about":[{"href":"https:\/\/ppdegalicia.com\/es\/wp-json\/wp\/v2\/types\/post"}],"author":[{"embeddable":true,"href":"https:\/\/ppdegalicia.com\/es\/wp-json\/wp\/v2\/users\/38"}],"replies":[{"embeddable":true,"href":"https:\/\/ppdegalicia.com\/es\/wp-json\/wp\/v2\/comments?post=55222"}],"version-history":[{"count":0,"href":"https:\/\/ppdegalicia.com\/es\/wp-json\/wp\/v2\/posts\/55222\/revisions"}],"wp:featuredmedia":[{"embeddable":true,"href":"https:\/\/ppdegalicia.com\/es\/wp-json\/wp\/v2\/media\/55221"}],"wp:attachment":[{"href":"https:\/\/ppdegalicia.com\/es\/wp-json\/wp\/v2\/media?parent=55222"}],"wp:term":[{"taxonomy":"category","embeddable":true,"href":"https:\/\/ppdegalicia.com\/es\/wp-json\/wp\/v2\/categories?post=55222"},{"taxonomy":"post_tag","embeddable":true,"href":"https:\/\/ppdegalicia.com\/es\/wp-json\/wp\/v2\/tags?post=55222"}],"curies":[{"name":"wp","href":"https:\/\/api.w.org\/{rel}","templated":true}]}}