{"id":55240,"date":"2021-02-10T12:08:38","date_gmt":"2021-02-10T10:08:38","guid":{"rendered":"https:\/\/ppdegalicia.com\/o-parlamento-demanda-a-retirada-do-artigo-do-proxecto-de-lei-de-cambio-climatico-que-pon-en-perigo-a-estabilidade-da-cadea-mar-industria\/"},"modified":"2021-02-10T12:08:38","modified_gmt":"2021-02-10T10:08:38","slug":"o-parlamento-demanda-a-retirada-do-artigo-do-proxecto-de-lei-de-cambio-climatico-que-pon-en-perigo-a-estabilidade-da-cadea-mar-industria","status":"publish","type":"post","link":"https:\/\/ppdegalicia.com\/es\/o-parlamento-demanda-a-retirada-do-artigo-do-proxecto-de-lei-de-cambio-climatico-que-pon-en-perigo-a-estabilidade-da-cadea-mar-industria\/","title":{"rendered":"O Parlamento demanda a retirada do artigo do proxecto de Lei de cambio clim\u00e1tico que pon en perigo a estabilidade da cadea mar-industria"},"content":{"rendered":"<p><img fetchpriority=\"high\" decoding=\"async\" class=\" size-full wp-image-55239\" src=\"https:\/\/ppdegalicia.com\/wp-content\/uploads\/2021\/02\/413fd1751d1dc4d7fa34dba0af98fdc4.jpg\" alt=\"\" width=\"1900\" height=\"1267\" srcset=\"https:\/\/ppdegalicia.com\/wp-content\/uploads\/2021\/02\/413fd1751d1dc4d7fa34dba0af98fdc4.jpg 1900w, https:\/\/ppdegalicia.com\/wp-content\/uploads\/2021\/02\/413fd1751d1dc4d7fa34dba0af98fdc4-300x200.jpg 300w, https:\/\/ppdegalicia.com\/wp-content\/uploads\/2021\/02\/413fd1751d1dc4d7fa34dba0af98fdc4-1024x683.jpg 1024w, https:\/\/ppdegalicia.com\/wp-content\/uploads\/2021\/02\/413fd1751d1dc4d7fa34dba0af98fdc4-768x512.jpg 768w, https:\/\/ppdegalicia.com\/wp-content\/uploads\/2021\/02\/413fd1751d1dc4d7fa34dba0af98fdc4-1536x1024.jpg 1536w\" sizes=\"(max-width: 1900px) 100vw, 1900px\" \/><\/p>\n<p>Santiago, 10 de febreiro de 2021.- O Parlamento de Galicia aprobou hoxe a proposici\u00f3n non de lei do Grupo Popular a trav\u00e9s da que se demanda ao Goberno de Espa\u00f1a a supresi\u00f3n ou modificaci\u00f3n substancial, previo di\u00e1logo co sector afectado, do artigo 18 do proxecto de Lei de cambio clim\u00e1tico e transici\u00f3n enerx\u00e9tica, que modifica a Lei de Costas para limitar o prazo m\u00e1ximo de duraci\u00f3n das concesi\u00f3ns das empresas da cadea mar-industria e se establece a obriga de derivar f\u00f3ra da zona de dominio p\u00fablico mar\u00edtimo-terrestre as actividades que poidan desenvolverse noutro lugar.<\/p>\n<p><!--more--><\/p>\n<p>\u201cPedimos que se emprenda un estudo profundo e o indispensable di\u00e1logo co complexo mar-industria alimentario, ofrecendo con iso un marco de estabilidade necesario para o mantemento dos investimentos e do emprego\u201d, sinalou a portavoz do Mar do Grupo Popular, Teresa Egerique.<\/p>\n<p>\u00a0<\/p>\n<p>Na s\u00faa intervenci\u00f3n, Egerique criticou que o Goberno central \u201cpretenda colar pola porta de atr\u00e1s, unha vez m\u00e1is, unha reforma que afecta de maneira especial \u00e1 Galicia costeira\u201d. \u201cEstamos a falar dun proxecto de lei moi nocivo para a cadea mar-industria, polo que hai que desactivar o proceso que na actualidade se atopa na fase de ponencia no Congreso\u201d, apuntou.<\/p>\n<p>\u00a0<\/p>\n<p>\u201cHai que desactivar ese proceso de xeito definitivo\u201d, indicou a portavoz popular, quen insistiu que o Goberno central \u201cten que cambiar de criterio se queren defender a cadea mar-industria, que en Galicia da emprego a cerca de 2.900 persoas e que entre 2009 e 2019 aumentou as s\u00faas exportaci\u00f3ns nun 80 por cento\u201d.<\/p>\n<p>\u00a0<\/p>\n<p><strong>EMENDAS PRESENTADAS NO CONGRESO<\/strong><\/p>\n<p>\u00a0<\/p>\n<p>Teresa Egerique manifestou que o Grupo Popular no Congreso ten presentada emendas a este proxecto de lei de cambio clim\u00e1tico solicitando a supresi\u00f3n dos puntos 3 e 4 dese artigo 18 para evitar as consecuencias da s\u00faa aplicaci\u00f3n na Lei de Costas.<\/p>\n<p>\u00a0<\/p>\n<p>Ademais, lembrou que \u201cdefendemos un regulamento da Lei de Costas que te\u00f1a en conta a necesaria viabilidade e sostibilidade das industrias que se relacionan co mar; que se mante\u00f1a un principio de seguridade xur\u00eddica para que os afectados non dependan de cambios arbitrarios na lexislaci\u00f3n que poidan po\u00f1er en risco a s\u00faa actividade; e un escenario clave e preciso para que as empresas poidan seguir coa s\u00faa actividade con normalidade\u201d. <\/p>\n","protected":false},"excerpt":{"rendered":"<p>Santiago, 10 de febreiro de 2021.- O Parlamento de Galicia aprobou hoxe a proposici\u00f3n non de lei do Grupo Popular a trav\u00e9s da que se demanda ao Goberno de Espa\u00f1a a supresi\u00f3n ou modificaci\u00f3n substancial, previo di\u00e1logo co sector afectado, do artigo 18 do proxecto de Lei de cambio clim\u00e1tico e transici\u00f3n enerx\u00e9tica, que modifica [&hellip;]<\/p>\n","protected":false},"author":40,"featured_media":55239,"comment_status":"open","ping_status":"open","sticky":false,"template":"","format":"standard","meta":{"_acf_changed":false,"footnotes":""},"categories":[1],"tags":[],"class_list":["post-55240","post","type-post","status-publish","format-standard","has-post-thumbnail","hentry","category-pp-de-galicia"],"acf":[],"yoast_head":"<!-- This site is optimized with the Yoast SEO plugin v27.3 - https:\/\/yoast.com\/product\/yoast-seo-wordpress\/ -->\n<title>O Parlamento demanda a retirada do artigo do proxecto de Lei de cambio clim\u00e1tico que pon en perigo a estabilidade da cadea mar-industria - PP de Galicia<\/title>\n<meta name=\"robots\" content=\"index, follow, max-snippet:-1, max-image-preview:large, max-video-preview:-1\" \/>\n<link rel=\"canonical\" href=\"https:\/\/ppdegalicia.com\/es\/o-parlamento-demanda-a-retirada-do-artigo-do-proxecto-de-lei-de-cambio-climatico-que-pon-en-perigo-a-estabilidade-da-cadea-mar-industria\/\" \/>\n<meta property=\"og:locale\" content=\"es_ES\" \/>\n<meta property=\"og:type\" content=\"article\" \/>\n<meta property=\"og:title\" content=\"O Parlamento demanda a retirada do artigo do proxecto de Lei de cambio clim\u00e1tico que pon en perigo a estabilidade da cadea mar-industria - PP de Galicia\" \/>\n<meta property=\"og:description\" content=\"Santiago, 10 de febreiro de 2021.- O Parlamento de Galicia aprobou hoxe a proposici\u00f3n non de lei do Grupo Popular a trav\u00e9s da que se demanda ao Goberno de Espa\u00f1a a supresi\u00f3n ou modificaci\u00f3n substancial, previo di\u00e1logo co sector afectado, do artigo 18 do proxecto de Lei de cambio clim\u00e1tico e transici\u00f3n enerx\u00e9tica, que modifica [&hellip;]\" \/>\n<meta property=\"og:url\" content=\"https:\/\/ppdegalicia.com\/es\/o-parlamento-demanda-a-retirada-do-artigo-do-proxecto-de-lei-de-cambio-climatico-que-pon-en-perigo-a-estabilidade-da-cadea-mar-industria\/\" \/>\n<meta property=\"og:site_name\" content=\"PP de Galicia\" \/>\n<meta property=\"article:publisher\" content=\"https:\/\/www.instagram.com\/ppdegalicia\/\" \/>\n<meta property=\"article:published_time\" content=\"2021-02-10T10:08:38+00:00\" \/>\n<meta property=\"og:image\" content=\"https:\/\/ppdegalicia.com\/wp-content\/uploads\/2021\/02\/413fd1751d1dc4d7fa34dba0af98fdc4.jpg\" \/>\n\t<meta property=\"og:image:width\" content=\"1900\" \/>\n\t<meta property=\"og:image:height\" content=\"1267\" \/>\n\t<meta property=\"og:image:type\" content=\"image\/jpeg\" \/>\n<meta name=\"author\" content=\"ppdegaliciaedtis\" \/>\n<meta name=\"twitter:card\" content=\"summary_large_image\" \/>\n<meta name=\"twitter:creator\" content=\"@ppdegalicia\" \/>\n<meta name=\"twitter:site\" content=\"@ppdegalicia\" \/>\n<meta name=\"twitter:label1\" content=\"Escrito por\" \/>\n\t<meta name=\"twitter:data1\" content=\"ppdegaliciaedtis\" \/>\n\t<meta name=\"twitter:label2\" content=\"Tiempo de lectura\" \/>\n\t<meta name=\"twitter:data2\" content=\"2 minutos\" \/>\n<script type=\"application\/ld+json\" class=\"yoast-schema-graph\">{\"@context\":\"https:\\\/\\\/schema.org\",\"@graph\":[{\"@type\":\"Article\",\"@id\":\"https:\\\/\\\/ppdegalicia.com\\\/es\\\/o-parlamento-demanda-a-retirada-do-artigo-do-proxecto-de-lei-de-cambio-climatico-que-pon-en-perigo-a-estabilidade-da-cadea-mar-industria\\\/#article\",\"isPartOf\":{\"@id\":\"https:\\\/\\\/ppdegalicia.com\\\/es\\\/o-parlamento-demanda-a-retirada-do-artigo-do-proxecto-de-lei-de-cambio-climatico-que-pon-en-perigo-a-estabilidade-da-cadea-mar-industria\\\/\"},\"author\":{\"name\":\"ppdegaliciaedtis\",\"@id\":\"https:\\\/\\\/ppdegalicia.com\\\/es\\\/#\\\/schema\\\/person\\\/bc9b46e59ebd34bf28611158c3867388\"},\"headline\":\"O Parlamento demanda a retirada do artigo do proxecto de Lei de cambio clim\u00e1tico que pon en perigo a estabilidade da cadea mar-industria\",\"datePublished\":\"2021-02-10T10:08:38+00:00\",\"mainEntityOfPage\":{\"@id\":\"https:\\\/\\\/ppdegalicia.com\\\/es\\\/o-parlamento-demanda-a-retirada-do-artigo-do-proxecto-de-lei-de-cambio-climatico-que-pon-en-perigo-a-estabilidade-da-cadea-mar-industria\\\/\"},\"wordCount\":411,\"commentCount\":0,\"publisher\":{\"@id\":\"https:\\\/\\\/ppdegalicia.com\\\/es\\\/#organization\"},\"image\":{\"@id\":\"https:\\\/\\\/ppdegalicia.com\\\/es\\\/o-parlamento-demanda-a-retirada-do-artigo-do-proxecto-de-lei-de-cambio-climatico-que-pon-en-perigo-a-estabilidade-da-cadea-mar-industria\\\/#primaryimage\"},\"thumbnailUrl\":\"https:\\\/\\\/ppdegalicia.com\\\/wp-content\\\/uploads\\\/2021\\\/02\\\/413fd1751d1dc4d7fa34dba0af98fdc4.jpg\",\"articleSection\":[\"PP de Galicia\"],\"inLanguage\":\"es\",\"potentialAction\":[{\"@type\":\"CommentAction\",\"name\":\"Comment\",\"target\":[\"https:\\\/\\\/ppdegalicia.com\\\/es\\\/o-parlamento-demanda-a-retirada-do-artigo-do-proxecto-de-lei-de-cambio-climatico-que-pon-en-perigo-a-estabilidade-da-cadea-mar-industria\\\/#respond\"]}]},{\"@type\":\"WebPage\",\"@id\":\"https:\\\/\\\/ppdegalicia.com\\\/es\\\/o-parlamento-demanda-a-retirada-do-artigo-do-proxecto-de-lei-de-cambio-climatico-que-pon-en-perigo-a-estabilidade-da-cadea-mar-industria\\\/\",\"url\":\"https:\\\/\\\/ppdegalicia.com\\\/es\\\/o-parlamento-demanda-a-retirada-do-artigo-do-proxecto-de-lei-de-cambio-climatico-que-pon-en-perigo-a-estabilidade-da-cadea-mar-industria\\\/\",\"name\":\"O Parlamento demanda a retirada do artigo do proxecto de Lei de cambio clim\u00e1tico que pon en perigo a estabilidade da cadea mar-industria - PP de Galicia\",\"isPartOf\":{\"@id\":\"https:\\\/\\\/ppdegalicia.com\\\/es\\\/#website\"},\"primaryImageOfPage\":{\"@id\":\"https:\\\/\\\/ppdegalicia.com\\\/es\\\/o-parlamento-demanda-a-retirada-do-artigo-do-proxecto-de-lei-de-cambio-climatico-que-pon-en-perigo-a-estabilidade-da-cadea-mar-industria\\\/#primaryimage\"},\"image\":{\"@id\":\"https:\\\/\\\/ppdegalicia.com\\\/es\\\/o-parlamento-demanda-a-retirada-do-artigo-do-proxecto-de-lei-de-cambio-climatico-que-pon-en-perigo-a-estabilidade-da-cadea-mar-industria\\\/#primaryimage\"},\"thumbnailUrl\":\"https:\\\/\\\/ppdegalicia.com\\\/wp-content\\\/uploads\\\/2021\\\/02\\\/413fd1751d1dc4d7fa34dba0af98fdc4.jpg\",\"datePublished\":\"2021-02-10T10:08:38+00:00\",\"breadcrumb\":{\"@id\":\"https:\\\/\\\/ppdegalicia.com\\\/es\\\/o-parlamento-demanda-a-retirada-do-artigo-do-proxecto-de-lei-de-cambio-climatico-que-pon-en-perigo-a-estabilidade-da-cadea-mar-industria\\\/#breadcrumb\"},\"inLanguage\":\"es\",\"potentialAction\":[{\"@type\":\"ReadAction\",\"target\":[\"https:\\\/\\\/ppdegalicia.com\\\/es\\\/o-parlamento-demanda-a-retirada-do-artigo-do-proxecto-de-lei-de-cambio-climatico-que-pon-en-perigo-a-estabilidade-da-cadea-mar-industria\\\/\"]}]},{\"@type\":\"ImageObject\",\"inLanguage\":\"es\",\"@id\":\"https:\\\/\\\/ppdegalicia.com\\\/es\\\/o-parlamento-demanda-a-retirada-do-artigo-do-proxecto-de-lei-de-cambio-climatico-que-pon-en-perigo-a-estabilidade-da-cadea-mar-industria\\\/#primaryimage\",\"url\":\"https:\\\/\\\/ppdegalicia.com\\\/wp-content\\\/uploads\\\/2021\\\/02\\\/413fd1751d1dc4d7fa34dba0af98fdc4.jpg\",\"contentUrl\":\"https:\\\/\\\/ppdegalicia.com\\\/wp-content\\\/uploads\\\/2021\\\/02\\\/413fd1751d1dc4d7fa34dba0af98fdc4.jpg\",\"width\":1900,\"height\":1267},{\"@type\":\"BreadcrumbList\",\"@id\":\"https:\\\/\\\/ppdegalicia.com\\\/es\\\/o-parlamento-demanda-a-retirada-do-artigo-do-proxecto-de-lei-de-cambio-climatico-que-pon-en-perigo-a-estabilidade-da-cadea-mar-industria\\\/#breadcrumb\",\"itemListElement\":[{\"@type\":\"ListItem\",\"position\":1,\"name\":\"Portada\",\"item\":\"https:\\\/\\\/ppdegalicia.com\\\/es\\\/\"},{\"@type\":\"ListItem\",\"position\":2,\"name\":\"O Parlamento demanda a retirada do artigo do proxecto de Lei de cambio clim\u00e1tico que pon en perigo a estabilidade da cadea mar-industria\"}]},{\"@type\":\"WebSite\",\"@id\":\"https:\\\/\\\/ppdegalicia.com\\\/es\\\/#website\",\"url\":\"https:\\\/\\\/ppdegalicia.com\\\/es\\\/\",\"name\":\"Partido Popular de Galicia\",\"description\":\"Partido Popular de Galicia\",\"publisher\":{\"@id\":\"https:\\\/\\\/ppdegalicia.com\\\/es\\\/#organization\"},\"alternateName\":\"PP de Galicia\",\"potentialAction\":[{\"@type\":\"SearchAction\",\"target\":{\"@type\":\"EntryPoint\",\"urlTemplate\":\"https:\\\/\\\/ppdegalicia.com\\\/es\\\/?s={search_term_string}\"},\"query-input\":{\"@type\":\"PropertyValueSpecification\",\"valueRequired\":true,\"valueName\":\"search_term_string\"}}],\"inLanguage\":\"es\"},{\"@type\":\"Organization\",\"@id\":\"https:\\\/\\\/ppdegalicia.com\\\/es\\\/#organization\",\"name\":\"Partido Popular de Galicia\",\"alternateName\":\"PP de Galicia\",\"url\":\"https:\\\/\\\/ppdegalicia.com\\\/es\\\/\",\"logo\":{\"@type\":\"ImageObject\",\"inLanguage\":\"es\",\"@id\":\"https:\\\/\\\/ppdegalicia.com\\\/es\\\/#\\\/schema\\\/logo\\\/image\\\/\",\"url\":\"https:\\\/\\\/ppdegalicia.com\\\/wp-content\\\/uploads\\\/2023\\\/04\\\/logoPP512.png\",\"contentUrl\":\"https:\\\/\\\/ppdegalicia.com\\\/wp-content\\\/uploads\\\/2023\\\/04\\\/logoPP512.png\",\"width\":512,\"height\":512,\"caption\":\"Partido Popular de Galicia\"},\"image\":{\"@id\":\"https:\\\/\\\/ppdegalicia.com\\\/es\\\/#\\\/schema\\\/logo\\\/image\\\/\"},\"sameAs\":[\"https:\\\/\\\/www.instagram.com\\\/ppdegalicia\\\/\",\"https:\\\/\\\/x.com\\\/ppdegalicia\",\"https:\\\/\\\/www.tiktok.com\\\/@ppdegalicia\",\"https:\\\/\\\/www.youtube.com\\\/user\\\/ppdegalicia\"]},{\"@type\":\"Person\",\"@id\":\"https:\\\/\\\/ppdegalicia.com\\\/es\\\/#\\\/schema\\\/person\\\/bc9b46e59ebd34bf28611158c3867388\",\"name\":\"ppdegaliciaedtis\",\"image\":{\"@type\":\"ImageObject\",\"inLanguage\":\"es\",\"@id\":\"https:\\\/\\\/secure.gravatar.com\\\/avatar\\\/f9f8cf6e03df54a1b0d04a6b4b8e8c6bd63c10a439752e84d87a5385aefe2ced?s=96&d=mm&r=g\",\"url\":\"https:\\\/\\\/secure.gravatar.com\\\/avatar\\\/f9f8cf6e03df54a1b0d04a6b4b8e8c6bd63c10a439752e84d87a5385aefe2ced?s=96&d=mm&r=g\",\"contentUrl\":\"https:\\\/\\\/secure.gravatar.com\\\/avatar\\\/f9f8cf6e03df54a1b0d04a6b4b8e8c6bd63c10a439752e84d87a5385aefe2ced?s=96&d=mm&r=g\",\"caption\":\"ppdegaliciaedtis\"},\"url\":\"https:\\\/\\\/ppdegalicia.com\\\/es\\\/author\\\/ppdegaliciaedits\\\/\"}]}<\/script>\n<!-- \/ Yoast SEO plugin. -->","yoast_head_json":{"title":"O Parlamento demanda a retirada do artigo do proxecto de Lei de cambio clim\u00e1tico que pon en perigo a estabilidade da cadea mar-industria - PP de Galicia","robots":{"index":"index","follow":"follow","max-snippet":"max-snippet:-1","max-image-preview":"max-image-preview:large","max-video-preview":"max-video-preview:-1"},"canonical":"https:\/\/ppdegalicia.com\/es\/o-parlamento-demanda-a-retirada-do-artigo-do-proxecto-de-lei-de-cambio-climatico-que-pon-en-perigo-a-estabilidade-da-cadea-mar-industria\/","og_locale":"es_ES","og_type":"article","og_title":"O Parlamento demanda a retirada do artigo do proxecto de Lei de cambio clim\u00e1tico que pon en perigo a estabilidade da cadea mar-industria - PP de Galicia","og_description":"Santiago, 10 de febreiro de 2021.- O Parlamento de Galicia aprobou hoxe a proposici\u00f3n non de lei do Grupo Popular a trav\u00e9s da que se demanda ao Goberno de Espa\u00f1a a supresi\u00f3n ou modificaci\u00f3n substancial, previo di\u00e1logo co sector afectado, do artigo 18 do proxecto de Lei de cambio clim\u00e1tico e transici\u00f3n enerx\u00e9tica, que modifica [&hellip;]","og_url":"https:\/\/ppdegalicia.com\/es\/o-parlamento-demanda-a-retirada-do-artigo-do-proxecto-de-lei-de-cambio-climatico-que-pon-en-perigo-a-estabilidade-da-cadea-mar-industria\/","og_site_name":"PP de Galicia","article_publisher":"https:\/\/www.instagram.com\/ppdegalicia\/","article_published_time":"2021-02-10T10:08:38+00:00","og_image":[{"width":1900,"height":1267,"url":"https:\/\/ppdegalicia.com\/wp-content\/uploads\/2021\/02\/413fd1751d1dc4d7fa34dba0af98fdc4.jpg","type":"image\/jpeg"}],"author":"ppdegaliciaedtis","twitter_card":"summary_large_image","twitter_creator":"@ppdegalicia","twitter_site":"@ppdegalicia","twitter_misc":{"Escrito por":"ppdegaliciaedtis","Tiempo de lectura":"2 minutos"},"schema":{"@context":"https:\/\/schema.org","@graph":[{"@type":"Article","@id":"https:\/\/ppdegalicia.com\/es\/o-parlamento-demanda-a-retirada-do-artigo-do-proxecto-de-lei-de-cambio-climatico-que-pon-en-perigo-a-estabilidade-da-cadea-mar-industria\/#article","isPartOf":{"@id":"https:\/\/ppdegalicia.com\/es\/o-parlamento-demanda-a-retirada-do-artigo-do-proxecto-de-lei-de-cambio-climatico-que-pon-en-perigo-a-estabilidade-da-cadea-mar-industria\/"},"author":{"name":"ppdegaliciaedtis","@id":"https:\/\/ppdegalicia.com\/es\/#\/schema\/person\/bc9b46e59ebd34bf28611158c3867388"},"headline":"O Parlamento demanda a retirada do artigo do proxecto de Lei de cambio clim\u00e1tico que pon en perigo a estabilidade da cadea mar-industria","datePublished":"2021-02-10T10:08:38+00:00","mainEntityOfPage":{"@id":"https:\/\/ppdegalicia.com\/es\/o-parlamento-demanda-a-retirada-do-artigo-do-proxecto-de-lei-de-cambio-climatico-que-pon-en-perigo-a-estabilidade-da-cadea-mar-industria\/"},"wordCount":411,"commentCount":0,"publisher":{"@id":"https:\/\/ppdegalicia.com\/es\/#organization"},"image":{"@id":"https:\/\/ppdegalicia.com\/es\/o-parlamento-demanda-a-retirada-do-artigo-do-proxecto-de-lei-de-cambio-climatico-que-pon-en-perigo-a-estabilidade-da-cadea-mar-industria\/#primaryimage"},"thumbnailUrl":"https:\/\/ppdegalicia.com\/wp-content\/uploads\/2021\/02\/413fd1751d1dc4d7fa34dba0af98fdc4.jpg","articleSection":["PP de Galicia"],"inLanguage":"es","potentialAction":[{"@type":"CommentAction","name":"Comment","target":["https:\/\/ppdegalicia.com\/es\/o-parlamento-demanda-a-retirada-do-artigo-do-proxecto-de-lei-de-cambio-climatico-que-pon-en-perigo-a-estabilidade-da-cadea-mar-industria\/#respond"]}]},{"@type":"WebPage","@id":"https:\/\/ppdegalicia.com\/es\/o-parlamento-demanda-a-retirada-do-artigo-do-proxecto-de-lei-de-cambio-climatico-que-pon-en-perigo-a-estabilidade-da-cadea-mar-industria\/","url":"https:\/\/ppdegalicia.com\/es\/o-parlamento-demanda-a-retirada-do-artigo-do-proxecto-de-lei-de-cambio-climatico-que-pon-en-perigo-a-estabilidade-da-cadea-mar-industria\/","name":"O Parlamento demanda a retirada do artigo do proxecto de Lei de cambio clim\u00e1tico que pon en perigo a estabilidade da cadea mar-industria - PP de Galicia","isPartOf":{"@id":"https:\/\/ppdegalicia.com\/es\/#website"},"primaryImageOfPage":{"@id":"https:\/\/ppdegalicia.com\/es\/o-parlamento-demanda-a-retirada-do-artigo-do-proxecto-de-lei-de-cambio-climatico-que-pon-en-perigo-a-estabilidade-da-cadea-mar-industria\/#primaryimage"},"image":{"@id":"https:\/\/ppdegalicia.com\/es\/o-parlamento-demanda-a-retirada-do-artigo-do-proxecto-de-lei-de-cambio-climatico-que-pon-en-perigo-a-estabilidade-da-cadea-mar-industria\/#primaryimage"},"thumbnailUrl":"https:\/\/ppdegalicia.com\/wp-content\/uploads\/2021\/02\/413fd1751d1dc4d7fa34dba0af98fdc4.jpg","datePublished":"2021-02-10T10:08:38+00:00","breadcrumb":{"@id":"https:\/\/ppdegalicia.com\/es\/o-parlamento-demanda-a-retirada-do-artigo-do-proxecto-de-lei-de-cambio-climatico-que-pon-en-perigo-a-estabilidade-da-cadea-mar-industria\/#breadcrumb"},"inLanguage":"es","potentialAction":[{"@type":"ReadAction","target":["https:\/\/ppdegalicia.com\/es\/o-parlamento-demanda-a-retirada-do-artigo-do-proxecto-de-lei-de-cambio-climatico-que-pon-en-perigo-a-estabilidade-da-cadea-mar-industria\/"]}]},{"@type":"ImageObject","inLanguage":"es","@id":"https:\/\/ppdegalicia.com\/es\/o-parlamento-demanda-a-retirada-do-artigo-do-proxecto-de-lei-de-cambio-climatico-que-pon-en-perigo-a-estabilidade-da-cadea-mar-industria\/#primaryimage","url":"https:\/\/ppdegalicia.com\/wp-content\/uploads\/2021\/02\/413fd1751d1dc4d7fa34dba0af98fdc4.jpg","contentUrl":"https:\/\/ppdegalicia.com\/wp-content\/uploads\/2021\/02\/413fd1751d1dc4d7fa34dba0af98fdc4.jpg","width":1900,"height":1267},{"@type":"BreadcrumbList","@id":"https:\/\/ppdegalicia.com\/es\/o-parlamento-demanda-a-retirada-do-artigo-do-proxecto-de-lei-de-cambio-climatico-que-pon-en-perigo-a-estabilidade-da-cadea-mar-industria\/#breadcrumb","itemListElement":[{"@type":"ListItem","position":1,"name":"Portada","item":"https:\/\/ppdegalicia.com\/es\/"},{"@type":"ListItem","position":2,"name":"O Parlamento demanda a retirada do artigo do proxecto de Lei de cambio clim\u00e1tico que pon en perigo a estabilidade da cadea mar-industria"}]},{"@type":"WebSite","@id":"https:\/\/ppdegalicia.com\/es\/#website","url":"https:\/\/ppdegalicia.com\/es\/","name":"Partido Popular de Galicia","description":"Partido Popular de Galicia","publisher":{"@id":"https:\/\/ppdegalicia.com\/es\/#organization"},"alternateName":"PP de Galicia","potentialAction":[{"@type":"SearchAction","target":{"@type":"EntryPoint","urlTemplate":"https:\/\/ppdegalicia.com\/es\/?s={search_term_string}"},"query-input":{"@type":"PropertyValueSpecification","valueRequired":true,"valueName":"search_term_string"}}],"inLanguage":"es"},{"@type":"Organization","@id":"https:\/\/ppdegalicia.com\/es\/#organization","name":"Partido Popular de Galicia","alternateName":"PP de Galicia","url":"https:\/\/ppdegalicia.com\/es\/","logo":{"@type":"ImageObject","inLanguage":"es","@id":"https:\/\/ppdegalicia.com\/es\/#\/schema\/logo\/image\/","url":"https:\/\/ppdegalicia.com\/wp-content\/uploads\/2023\/04\/logoPP512.png","contentUrl":"https:\/\/ppdegalicia.com\/wp-content\/uploads\/2023\/04\/logoPP512.png","width":512,"height":512,"caption":"Partido Popular de Galicia"},"image":{"@id":"https:\/\/ppdegalicia.com\/es\/#\/schema\/logo\/image\/"},"sameAs":["https:\/\/www.instagram.com\/ppdegalicia\/","https:\/\/x.com\/ppdegalicia","https:\/\/www.tiktok.com\/@ppdegalicia","https:\/\/www.youtube.com\/user\/ppdegalicia"]},{"@type":"Person","@id":"https:\/\/ppdegalicia.com\/es\/#\/schema\/person\/bc9b46e59ebd34bf28611158c3867388","name":"ppdegaliciaedtis","image":{"@type":"ImageObject","inLanguage":"es","@id":"https:\/\/secure.gravatar.com\/avatar\/f9f8cf6e03df54a1b0d04a6b4b8e8c6bd63c10a439752e84d87a5385aefe2ced?s=96&d=mm&r=g","url":"https:\/\/secure.gravatar.com\/avatar\/f9f8cf6e03df54a1b0d04a6b4b8e8c6bd63c10a439752e84d87a5385aefe2ced?s=96&d=mm&r=g","contentUrl":"https:\/\/secure.gravatar.com\/avatar\/f9f8cf6e03df54a1b0d04a6b4b8e8c6bd63c10a439752e84d87a5385aefe2ced?s=96&d=mm&r=g","caption":"ppdegaliciaedtis"},"url":"https:\/\/ppdegalicia.com\/es\/author\/ppdegaliciaedits\/"}]}},"_links":{"self":[{"href":"https:\/\/ppdegalicia.com\/es\/wp-json\/wp\/v2\/posts\/55240","targetHints":{"allow":["GET"]}}],"collection":[{"href":"https:\/\/ppdegalicia.com\/es\/wp-json\/wp\/v2\/posts"}],"about":[{"href":"https:\/\/ppdegalicia.com\/es\/wp-json\/wp\/v2\/types\/post"}],"author":[{"embeddable":true,"href":"https:\/\/ppdegalicia.com\/es\/wp-json\/wp\/v2\/users\/40"}],"replies":[{"embeddable":true,"href":"https:\/\/ppdegalicia.com\/es\/wp-json\/wp\/v2\/comments?post=55240"}],"version-history":[{"count":0,"href":"https:\/\/ppdegalicia.com\/es\/wp-json\/wp\/v2\/posts\/55240\/revisions"}],"wp:featuredmedia":[{"embeddable":true,"href":"https:\/\/ppdegalicia.com\/es\/wp-json\/wp\/v2\/media\/55239"}],"wp:attachment":[{"href":"https:\/\/ppdegalicia.com\/es\/wp-json\/wp\/v2\/media?parent=55240"}],"wp:term":[{"taxonomy":"category","embeddable":true,"href":"https:\/\/ppdegalicia.com\/es\/wp-json\/wp\/v2\/categories?post=55240"},{"taxonomy":"post_tag","embeddable":true,"href":"https:\/\/ppdegalicia.com\/es\/wp-json\/wp\/v2\/tags?post=55240"}],"curies":[{"name":"wp","href":"https:\/\/api.w.org\/{rel}","templated":true}]}}