{"id":55282,"date":"2021-02-17T12:58:16","date_gmt":"2021-02-17T10:58:16","guid":{"rendered":"https:\/\/ppdegalicia.com\/o-grupo-popular-solicita-ao-goberno-central-a-convocatoria-urxente-da-mesa-para-garantir-o-futuro-industrial-de-alu-iberica-en-a-coruna\/"},"modified":"2021-02-17T12:58:16","modified_gmt":"2021-02-17T10:58:16","slug":"o-grupo-popular-solicita-ao-goberno-central-a-convocatoria-urxente-da-mesa-para-garantir-o-futuro-industrial-de-alu-iberica-en-a-coruna","status":"publish","type":"post","link":"https:\/\/ppdegalicia.com\/es\/o-grupo-popular-solicita-ao-goberno-central-a-convocatoria-urxente-da-mesa-para-garantir-o-futuro-industrial-de-alu-iberica-en-a-coruna\/","title":{"rendered":"O Grupo Popular solicita ao Goberno central a convocatoria urxente da mesa para garantir o futuro industrial de Alu Ib\u00e9rica en A Coru\u00f1a"},"content":{"rendered":"<p><img fetchpriority=\"high\" decoding=\"async\" class=\" size-full wp-image-55281\" src=\"https:\/\/ppdegalicia.com\/wp-content\/uploads\/2021\/02\/d14f11d7d37eaa2ecd678ad120c11d72.jpg\" alt=\"\" width=\"1900\" height=\"1204\" srcset=\"https:\/\/ppdegalicia.com\/wp-content\/uploads\/2021\/02\/d14f11d7d37eaa2ecd678ad120c11d72.jpg 1900w, https:\/\/ppdegalicia.com\/wp-content\/uploads\/2021\/02\/d14f11d7d37eaa2ecd678ad120c11d72-300x190.jpg 300w, https:\/\/ppdegalicia.com\/wp-content\/uploads\/2021\/02\/d14f11d7d37eaa2ecd678ad120c11d72-1024x649.jpg 1024w, https:\/\/ppdegalicia.com\/wp-content\/uploads\/2021\/02\/d14f11d7d37eaa2ecd678ad120c11d72-768x487.jpg 768w, https:\/\/ppdegalicia.com\/wp-content\/uploads\/2021\/02\/d14f11d7d37eaa2ecd678ad120c11d72-1536x973.jpg 1536w\" sizes=\"(max-width: 1900px) 100vw, 1900px\" \/><\/p>\n<p>Santiago, 17 de febreiro de 2021.- A portavoz de Enerx\u00eda do Grupo Popular, Marta N\u00f3voa, incidiu hoxe no Parlamento galego en que \u201co Goberno central convoque canto antes a mesa para garantir o futuro industrial da f\u00e1brica de Alu Ib\u00e9rica en A Coru\u00f1a, onde se explique tam\u00e9n os motivos dos despedimentos realizados nos \u00faltimos d\u00edas que van en contra de todo intento de acadar a paz social nesta empresa\u201d.<\/p>\n<p><!--more--><\/p>\n<p>Marta N\u00f3voa lembrou que \u201ca Xunta xa advertiu, desde o primeiro momento, a partir do acordo entre Alcoa e Parter coa supervisi\u00f3n do Goberno de Espa\u00f1a a mediados de 2019, que o proceso de venda levado a cabo na f\u00e1brica de A Coru\u00f1a era un peche en falso do conflito\u201d. \u201cNon nos cansaremos de repetir que, antes de tomar calquera decisi\u00f3n, \u00e9 necesario que o Goberno central realice unha auditor\u00eda t\u00e9cnica e financeira, para co\u00f1ecer o grao de cumprimento dos compromisos acordados en xullo de 2019 por parte de Alcoa e Parter, e que despois foron ratificados polo Grupo Riesgo\u201d, engadiu.<\/p>\n<p>\u00a0<\/p>\n<p><strong>INDUSTRIA EN SERIO PERIGO<\/strong><\/p>\n<p>\u00a0<\/p>\n<p>\u201c\u00c9 evidente que cun prezo el\u00e9ctrico en Espa\u00f1a que est\u00e1 m\u00e1is de 20 euros\/MWh por riba de calquera competidor europeo, o futuro da industria electrointensiva galega est\u00e1 en serio perigo\u201d, manifestou a portavoz popular, que insistiu na necesidade de que o Goberno central \u201caborde as decisi\u00f3ns que garantan un prezo el\u00e9ctrico competitivo, xa que este ser\u00e1 un elemento determinante para o futuro da planta de A Coru\u00f1a\u201d.<\/p>\n<p>\u00a0<\/p>\n<p>Neste sentido, N\u00f3voa apuntou que o estatuto da industria electrointensiva, recentemente aprobado polo Goberno central, \u201cresulta a todas luces totalmente insuficiente, xa que nin achega soluci\u00f3ns, pois establece m\u00e1is obrigas que beneficios para a continuidade desta industria; nin achega certezas, pois non recolle as medidas solicitadas por Galicia, Asturias e Cantabria para competir en igualdade de condici\u00f3ns a nivel europeo\u201d.<\/p>\n<p>\u00a0<\/p>\n<p>\u201cNon podemos permitir que en Espa\u00f1a continuemos sen interrumpibilidade, que en Francia ou Italia \u00e9 perfectamente legal; nin desmantelando as centrais t\u00e9rmicas, que se tiveron que activar polo alto consumo de enerx\u00eda cando non hai enerx\u00eda renovable e cando se produce unha eventualidade, cada vez m\u00e1is probable\u201d, sinalou.<\/p>\n<p>\u00a0<\/p>\n<p><strong>A XUNTA, AO LADO DOS TRABALLADORES<\/strong><\/p>\n<p>\u00a0<\/p>\n<p>Para rematar, Marta N\u00f3voa considerou \u201cofensivo que a oposici\u00f3n diga que a Xunta estivo de espectador, cando desde o primeiro d\u00eda traballou de forma conxunta e coordinada co comit\u00e9 de empresa e os traballadores de Alu Ib\u00e9rica\u201d. As\u00ed, lembrou que o Goberno galego xa presentou no seu momento, xunto con Asturias e Cantabria, alegaci\u00f3ns ao borrador do Estatuto Electrointensivo solicitando un prezo xusto da enerx\u00eda para estas empresas.<\/p>\n<p>\u00a0<\/p>\n<p>\u201cAlegaci\u00f3ns que non se tiveron en conta e por ese motivo temos un estatuto aprobado hai dous meses que rebaixa a luz para estas empresas electrointensivas arredor de 6 euros no mellor dos casos\u201d, concretou.<\/p>\n<p>\u00a0<\/p>\n","protected":false},"excerpt":{"rendered":"<p>Santiago, 17 de febreiro de 2021.- A portavoz de Enerx\u00eda do Grupo Popular, Marta N\u00f3voa, incidiu hoxe no Parlamento galego en que \u201co Goberno central convoque canto antes a mesa para garantir o futuro industrial da f\u00e1brica de Alu Ib\u00e9rica en A Coru\u00f1a, onde se explique tam\u00e9n os motivos dos despedimentos realizados nos \u00faltimos d\u00edas [&hellip;]<\/p>\n","protected":false},"author":38,"featured_media":55281,"comment_status":"open","ping_status":"open","sticky":false,"template":"","format":"standard","meta":{"_acf_changed":false,"footnotes":""},"categories":[1],"tags":[],"class_list":["post-55282","post","type-post","status-publish","format-standard","has-post-thumbnail","hentry","category-pp-de-galicia"],"acf":[],"yoast_head":"<!-- This site is optimized with the Yoast SEO plugin v27.3 - https:\/\/yoast.com\/product\/yoast-seo-wordpress\/ -->\n<title>O Grupo Popular solicita ao Goberno central a convocatoria urxente da mesa para garantir o futuro industrial de Alu Ib\u00e9rica en A Coru\u00f1a - PP de Galicia<\/title>\n<meta name=\"robots\" content=\"index, follow, max-snippet:-1, max-image-preview:large, max-video-preview:-1\" \/>\n<link rel=\"canonical\" href=\"https:\/\/ppdegalicia.com\/es\/o-grupo-popular-solicita-ao-goberno-central-a-convocatoria-urxente-da-mesa-para-garantir-o-futuro-industrial-de-alu-iberica-en-a-coruna\/\" \/>\n<meta property=\"og:locale\" content=\"es_ES\" \/>\n<meta property=\"og:type\" content=\"article\" \/>\n<meta property=\"og:title\" content=\"O Grupo Popular solicita ao Goberno central a convocatoria urxente da mesa para garantir o futuro industrial de Alu Ib\u00e9rica en A Coru\u00f1a - PP de Galicia\" \/>\n<meta property=\"og:description\" content=\"Santiago, 17 de febreiro de 2021.- A portavoz de Enerx\u00eda do Grupo Popular, Marta N\u00f3voa, incidiu hoxe no Parlamento galego en que \u201co Goberno central convoque canto antes a mesa para garantir o futuro industrial da f\u00e1brica de Alu Ib\u00e9rica en A Coru\u00f1a, onde se explique tam\u00e9n os motivos dos despedimentos realizados nos \u00faltimos d\u00edas [&hellip;]\" \/>\n<meta property=\"og:url\" content=\"https:\/\/ppdegalicia.com\/es\/o-grupo-popular-solicita-ao-goberno-central-a-convocatoria-urxente-da-mesa-para-garantir-o-futuro-industrial-de-alu-iberica-en-a-coruna\/\" \/>\n<meta property=\"og:site_name\" content=\"PP de Galicia\" \/>\n<meta property=\"article:publisher\" content=\"https:\/\/www.instagram.com\/ppdegalicia\/\" \/>\n<meta property=\"article:published_time\" content=\"2021-02-17T10:58:16+00:00\" \/>\n<meta property=\"og:image\" content=\"https:\/\/ppdegalicia.com\/wp-content\/uploads\/2021\/02\/d14f11d7d37eaa2ecd678ad120c11d72.jpg\" \/>\n\t<meta property=\"og:image:width\" content=\"1900\" \/>\n\t<meta property=\"og:image:height\" content=\"1204\" \/>\n\t<meta property=\"og:image:type\" content=\"image\/jpeg\" \/>\n<meta name=\"author\" content=\"ppdegaliciaredes\" \/>\n<meta name=\"twitter:card\" content=\"summary_large_image\" \/>\n<meta name=\"twitter:creator\" content=\"@ppdegalicia\" \/>\n<meta name=\"twitter:site\" content=\"@ppdegalicia\" \/>\n<meta name=\"twitter:label1\" content=\"Escrito por\" \/>\n\t<meta name=\"twitter:data1\" content=\"ppdegaliciaredes\" \/>\n\t<meta name=\"twitter:label2\" content=\"Tiempo de lectura\" \/>\n\t<meta name=\"twitter:data2\" content=\"2 minutos\" \/>\n<script type=\"application\/ld+json\" class=\"yoast-schema-graph\">{\"@context\":\"https:\\\/\\\/schema.org\",\"@graph\":[{\"@type\":\"Article\",\"@id\":\"https:\\\/\\\/ppdegalicia.com\\\/es\\\/o-grupo-popular-solicita-ao-goberno-central-a-convocatoria-urxente-da-mesa-para-garantir-o-futuro-industrial-de-alu-iberica-en-a-coruna\\\/#article\",\"isPartOf\":{\"@id\":\"https:\\\/\\\/ppdegalicia.com\\\/es\\\/o-grupo-popular-solicita-ao-goberno-central-a-convocatoria-urxente-da-mesa-para-garantir-o-futuro-industrial-de-alu-iberica-en-a-coruna\\\/\"},\"author\":{\"name\":\"ppdegaliciaredes\",\"@id\":\"https:\\\/\\\/ppdegalicia.com\\\/es\\\/#\\\/schema\\\/person\\\/5b822c6f59e872ebdd1142f307dbcb59\"},\"headline\":\"O Grupo Popular solicita ao Goberno central a convocatoria urxente da mesa para garantir o futuro industrial de Alu Ib\u00e9rica en A Coru\u00f1a\",\"datePublished\":\"2021-02-17T10:58:16+00:00\",\"mainEntityOfPage\":{\"@id\":\"https:\\\/\\\/ppdegalicia.com\\\/es\\\/o-grupo-popular-solicita-ao-goberno-central-a-convocatoria-urxente-da-mesa-para-garantir-o-futuro-industrial-de-alu-iberica-en-a-coruna\\\/\"},\"wordCount\":514,\"commentCount\":0,\"publisher\":{\"@id\":\"https:\\\/\\\/ppdegalicia.com\\\/es\\\/#organization\"},\"image\":{\"@id\":\"https:\\\/\\\/ppdegalicia.com\\\/es\\\/o-grupo-popular-solicita-ao-goberno-central-a-convocatoria-urxente-da-mesa-para-garantir-o-futuro-industrial-de-alu-iberica-en-a-coruna\\\/#primaryimage\"},\"thumbnailUrl\":\"https:\\\/\\\/ppdegalicia.com\\\/wp-content\\\/uploads\\\/2021\\\/02\\\/d14f11d7d37eaa2ecd678ad120c11d72.jpg\",\"articleSection\":[\"PP de Galicia\"],\"inLanguage\":\"es\",\"potentialAction\":[{\"@type\":\"CommentAction\",\"name\":\"Comment\",\"target\":[\"https:\\\/\\\/ppdegalicia.com\\\/es\\\/o-grupo-popular-solicita-ao-goberno-central-a-convocatoria-urxente-da-mesa-para-garantir-o-futuro-industrial-de-alu-iberica-en-a-coruna\\\/#respond\"]}]},{\"@type\":\"WebPage\",\"@id\":\"https:\\\/\\\/ppdegalicia.com\\\/es\\\/o-grupo-popular-solicita-ao-goberno-central-a-convocatoria-urxente-da-mesa-para-garantir-o-futuro-industrial-de-alu-iberica-en-a-coruna\\\/\",\"url\":\"https:\\\/\\\/ppdegalicia.com\\\/es\\\/o-grupo-popular-solicita-ao-goberno-central-a-convocatoria-urxente-da-mesa-para-garantir-o-futuro-industrial-de-alu-iberica-en-a-coruna\\\/\",\"name\":\"O Grupo Popular solicita ao Goberno central a convocatoria urxente da mesa para garantir o futuro industrial de Alu Ib\u00e9rica en A Coru\u00f1a - PP de Galicia\",\"isPartOf\":{\"@id\":\"https:\\\/\\\/ppdegalicia.com\\\/es\\\/#website\"},\"primaryImageOfPage\":{\"@id\":\"https:\\\/\\\/ppdegalicia.com\\\/es\\\/o-grupo-popular-solicita-ao-goberno-central-a-convocatoria-urxente-da-mesa-para-garantir-o-futuro-industrial-de-alu-iberica-en-a-coruna\\\/#primaryimage\"},\"image\":{\"@id\":\"https:\\\/\\\/ppdegalicia.com\\\/es\\\/o-grupo-popular-solicita-ao-goberno-central-a-convocatoria-urxente-da-mesa-para-garantir-o-futuro-industrial-de-alu-iberica-en-a-coruna\\\/#primaryimage\"},\"thumbnailUrl\":\"https:\\\/\\\/ppdegalicia.com\\\/wp-content\\\/uploads\\\/2021\\\/02\\\/d14f11d7d37eaa2ecd678ad120c11d72.jpg\",\"datePublished\":\"2021-02-17T10:58:16+00:00\",\"breadcrumb\":{\"@id\":\"https:\\\/\\\/ppdegalicia.com\\\/es\\\/o-grupo-popular-solicita-ao-goberno-central-a-convocatoria-urxente-da-mesa-para-garantir-o-futuro-industrial-de-alu-iberica-en-a-coruna\\\/#breadcrumb\"},\"inLanguage\":\"es\",\"potentialAction\":[{\"@type\":\"ReadAction\",\"target\":[\"https:\\\/\\\/ppdegalicia.com\\\/es\\\/o-grupo-popular-solicita-ao-goberno-central-a-convocatoria-urxente-da-mesa-para-garantir-o-futuro-industrial-de-alu-iberica-en-a-coruna\\\/\"]}]},{\"@type\":\"ImageObject\",\"inLanguage\":\"es\",\"@id\":\"https:\\\/\\\/ppdegalicia.com\\\/es\\\/o-grupo-popular-solicita-ao-goberno-central-a-convocatoria-urxente-da-mesa-para-garantir-o-futuro-industrial-de-alu-iberica-en-a-coruna\\\/#primaryimage\",\"url\":\"https:\\\/\\\/ppdegalicia.com\\\/wp-content\\\/uploads\\\/2021\\\/02\\\/d14f11d7d37eaa2ecd678ad120c11d72.jpg\",\"contentUrl\":\"https:\\\/\\\/ppdegalicia.com\\\/wp-content\\\/uploads\\\/2021\\\/02\\\/d14f11d7d37eaa2ecd678ad120c11d72.jpg\",\"width\":1900,\"height\":1204},{\"@type\":\"BreadcrumbList\",\"@id\":\"https:\\\/\\\/ppdegalicia.com\\\/es\\\/o-grupo-popular-solicita-ao-goberno-central-a-convocatoria-urxente-da-mesa-para-garantir-o-futuro-industrial-de-alu-iberica-en-a-coruna\\\/#breadcrumb\",\"itemListElement\":[{\"@type\":\"ListItem\",\"position\":1,\"name\":\"Portada\",\"item\":\"https:\\\/\\\/ppdegalicia.com\\\/es\\\/\"},{\"@type\":\"ListItem\",\"position\":2,\"name\":\"O Grupo Popular solicita ao Goberno central a convocatoria urxente da mesa para garantir o futuro industrial de Alu Ib\u00e9rica en A Coru\u00f1a\"}]},{\"@type\":\"WebSite\",\"@id\":\"https:\\\/\\\/ppdegalicia.com\\\/es\\\/#website\",\"url\":\"https:\\\/\\\/ppdegalicia.com\\\/es\\\/\",\"name\":\"Partido Popular de Galicia\",\"description\":\"Partido Popular de Galicia\",\"publisher\":{\"@id\":\"https:\\\/\\\/ppdegalicia.com\\\/es\\\/#organization\"},\"alternateName\":\"PP de Galicia\",\"potentialAction\":[{\"@type\":\"SearchAction\",\"target\":{\"@type\":\"EntryPoint\",\"urlTemplate\":\"https:\\\/\\\/ppdegalicia.com\\\/es\\\/?s={search_term_string}\"},\"query-input\":{\"@type\":\"PropertyValueSpecification\",\"valueRequired\":true,\"valueName\":\"search_term_string\"}}],\"inLanguage\":\"es\"},{\"@type\":\"Organization\",\"@id\":\"https:\\\/\\\/ppdegalicia.com\\\/es\\\/#organization\",\"name\":\"Partido Popular de Galicia\",\"alternateName\":\"PP de Galicia\",\"url\":\"https:\\\/\\\/ppdegalicia.com\\\/es\\\/\",\"logo\":{\"@type\":\"ImageObject\",\"inLanguage\":\"es\",\"@id\":\"https:\\\/\\\/ppdegalicia.com\\\/es\\\/#\\\/schema\\\/logo\\\/image\\\/\",\"url\":\"https:\\\/\\\/ppdegalicia.com\\\/wp-content\\\/uploads\\\/2023\\\/04\\\/logoPP512.png\",\"contentUrl\":\"https:\\\/\\\/ppdegalicia.com\\\/wp-content\\\/uploads\\\/2023\\\/04\\\/logoPP512.png\",\"width\":512,\"height\":512,\"caption\":\"Partido Popular de Galicia\"},\"image\":{\"@id\":\"https:\\\/\\\/ppdegalicia.com\\\/es\\\/#\\\/schema\\\/logo\\\/image\\\/\"},\"sameAs\":[\"https:\\\/\\\/www.instagram.com\\\/ppdegalicia\\\/\",\"https:\\\/\\\/x.com\\\/ppdegalicia\",\"https:\\\/\\\/www.tiktok.com\\\/@ppdegalicia\",\"https:\\\/\\\/www.youtube.com\\\/user\\\/ppdegalicia\"]},{\"@type\":\"Person\",\"@id\":\"https:\\\/\\\/ppdegalicia.com\\\/es\\\/#\\\/schema\\\/person\\\/5b822c6f59e872ebdd1142f307dbcb59\",\"name\":\"ppdegaliciaredes\",\"image\":{\"@type\":\"ImageObject\",\"inLanguage\":\"es\",\"@id\":\"https:\\\/\\\/secure.gravatar.com\\\/avatar\\\/3c9179cf0256d00c72a48d1f25783c58b6842cd56e85ef3a572881c8e28ccd59?s=96&d=mm&r=g\",\"url\":\"https:\\\/\\\/secure.gravatar.com\\\/avatar\\\/3c9179cf0256d00c72a48d1f25783c58b6842cd56e85ef3a572881c8e28ccd59?s=96&d=mm&r=g\",\"contentUrl\":\"https:\\\/\\\/secure.gravatar.com\\\/avatar\\\/3c9179cf0256d00c72a48d1f25783c58b6842cd56e85ef3a572881c8e28ccd59?s=96&d=mm&r=g\",\"caption\":\"ppdegaliciaredes\"},\"url\":\"https:\\\/\\\/ppdegalicia.com\\\/es\\\/author\\\/ppdegaliciaredes\\\/\"}]}<\/script>\n<!-- \/ Yoast SEO plugin. -->","yoast_head_json":{"title":"O Grupo Popular solicita ao Goberno central a convocatoria urxente da mesa para garantir o futuro industrial de Alu Ib\u00e9rica en A Coru\u00f1a - PP de Galicia","robots":{"index":"index","follow":"follow","max-snippet":"max-snippet:-1","max-image-preview":"max-image-preview:large","max-video-preview":"max-video-preview:-1"},"canonical":"https:\/\/ppdegalicia.com\/es\/o-grupo-popular-solicita-ao-goberno-central-a-convocatoria-urxente-da-mesa-para-garantir-o-futuro-industrial-de-alu-iberica-en-a-coruna\/","og_locale":"es_ES","og_type":"article","og_title":"O Grupo Popular solicita ao Goberno central a convocatoria urxente da mesa para garantir o futuro industrial de Alu Ib\u00e9rica en A Coru\u00f1a - PP de Galicia","og_description":"Santiago, 17 de febreiro de 2021.- A portavoz de Enerx\u00eda do Grupo Popular, Marta N\u00f3voa, incidiu hoxe no Parlamento galego en que \u201co Goberno central convoque canto antes a mesa para garantir o futuro industrial da f\u00e1brica de Alu Ib\u00e9rica en A Coru\u00f1a, onde se explique tam\u00e9n os motivos dos despedimentos realizados nos \u00faltimos d\u00edas [&hellip;]","og_url":"https:\/\/ppdegalicia.com\/es\/o-grupo-popular-solicita-ao-goberno-central-a-convocatoria-urxente-da-mesa-para-garantir-o-futuro-industrial-de-alu-iberica-en-a-coruna\/","og_site_name":"PP de Galicia","article_publisher":"https:\/\/www.instagram.com\/ppdegalicia\/","article_published_time":"2021-02-17T10:58:16+00:00","og_image":[{"width":1900,"height":1204,"url":"https:\/\/ppdegalicia.com\/wp-content\/uploads\/2021\/02\/d14f11d7d37eaa2ecd678ad120c11d72.jpg","type":"image\/jpeg"}],"author":"ppdegaliciaredes","twitter_card":"summary_large_image","twitter_creator":"@ppdegalicia","twitter_site":"@ppdegalicia","twitter_misc":{"Escrito por":"ppdegaliciaredes","Tiempo de lectura":"2 minutos"},"schema":{"@context":"https:\/\/schema.org","@graph":[{"@type":"Article","@id":"https:\/\/ppdegalicia.com\/es\/o-grupo-popular-solicita-ao-goberno-central-a-convocatoria-urxente-da-mesa-para-garantir-o-futuro-industrial-de-alu-iberica-en-a-coruna\/#article","isPartOf":{"@id":"https:\/\/ppdegalicia.com\/es\/o-grupo-popular-solicita-ao-goberno-central-a-convocatoria-urxente-da-mesa-para-garantir-o-futuro-industrial-de-alu-iberica-en-a-coruna\/"},"author":{"name":"ppdegaliciaredes","@id":"https:\/\/ppdegalicia.com\/es\/#\/schema\/person\/5b822c6f59e872ebdd1142f307dbcb59"},"headline":"O Grupo Popular solicita ao Goberno central a convocatoria urxente da mesa para garantir o futuro industrial de Alu Ib\u00e9rica en A Coru\u00f1a","datePublished":"2021-02-17T10:58:16+00:00","mainEntityOfPage":{"@id":"https:\/\/ppdegalicia.com\/es\/o-grupo-popular-solicita-ao-goberno-central-a-convocatoria-urxente-da-mesa-para-garantir-o-futuro-industrial-de-alu-iberica-en-a-coruna\/"},"wordCount":514,"commentCount":0,"publisher":{"@id":"https:\/\/ppdegalicia.com\/es\/#organization"},"image":{"@id":"https:\/\/ppdegalicia.com\/es\/o-grupo-popular-solicita-ao-goberno-central-a-convocatoria-urxente-da-mesa-para-garantir-o-futuro-industrial-de-alu-iberica-en-a-coruna\/#primaryimage"},"thumbnailUrl":"https:\/\/ppdegalicia.com\/wp-content\/uploads\/2021\/02\/d14f11d7d37eaa2ecd678ad120c11d72.jpg","articleSection":["PP de Galicia"],"inLanguage":"es","potentialAction":[{"@type":"CommentAction","name":"Comment","target":["https:\/\/ppdegalicia.com\/es\/o-grupo-popular-solicita-ao-goberno-central-a-convocatoria-urxente-da-mesa-para-garantir-o-futuro-industrial-de-alu-iberica-en-a-coruna\/#respond"]}]},{"@type":"WebPage","@id":"https:\/\/ppdegalicia.com\/es\/o-grupo-popular-solicita-ao-goberno-central-a-convocatoria-urxente-da-mesa-para-garantir-o-futuro-industrial-de-alu-iberica-en-a-coruna\/","url":"https:\/\/ppdegalicia.com\/es\/o-grupo-popular-solicita-ao-goberno-central-a-convocatoria-urxente-da-mesa-para-garantir-o-futuro-industrial-de-alu-iberica-en-a-coruna\/","name":"O Grupo Popular solicita ao Goberno central a convocatoria urxente da mesa para garantir o futuro industrial de Alu Ib\u00e9rica en A Coru\u00f1a - PP de Galicia","isPartOf":{"@id":"https:\/\/ppdegalicia.com\/es\/#website"},"primaryImageOfPage":{"@id":"https:\/\/ppdegalicia.com\/es\/o-grupo-popular-solicita-ao-goberno-central-a-convocatoria-urxente-da-mesa-para-garantir-o-futuro-industrial-de-alu-iberica-en-a-coruna\/#primaryimage"},"image":{"@id":"https:\/\/ppdegalicia.com\/es\/o-grupo-popular-solicita-ao-goberno-central-a-convocatoria-urxente-da-mesa-para-garantir-o-futuro-industrial-de-alu-iberica-en-a-coruna\/#primaryimage"},"thumbnailUrl":"https:\/\/ppdegalicia.com\/wp-content\/uploads\/2021\/02\/d14f11d7d37eaa2ecd678ad120c11d72.jpg","datePublished":"2021-02-17T10:58:16+00:00","breadcrumb":{"@id":"https:\/\/ppdegalicia.com\/es\/o-grupo-popular-solicita-ao-goberno-central-a-convocatoria-urxente-da-mesa-para-garantir-o-futuro-industrial-de-alu-iberica-en-a-coruna\/#breadcrumb"},"inLanguage":"es","potentialAction":[{"@type":"ReadAction","target":["https:\/\/ppdegalicia.com\/es\/o-grupo-popular-solicita-ao-goberno-central-a-convocatoria-urxente-da-mesa-para-garantir-o-futuro-industrial-de-alu-iberica-en-a-coruna\/"]}]},{"@type":"ImageObject","inLanguage":"es","@id":"https:\/\/ppdegalicia.com\/es\/o-grupo-popular-solicita-ao-goberno-central-a-convocatoria-urxente-da-mesa-para-garantir-o-futuro-industrial-de-alu-iberica-en-a-coruna\/#primaryimage","url":"https:\/\/ppdegalicia.com\/wp-content\/uploads\/2021\/02\/d14f11d7d37eaa2ecd678ad120c11d72.jpg","contentUrl":"https:\/\/ppdegalicia.com\/wp-content\/uploads\/2021\/02\/d14f11d7d37eaa2ecd678ad120c11d72.jpg","width":1900,"height":1204},{"@type":"BreadcrumbList","@id":"https:\/\/ppdegalicia.com\/es\/o-grupo-popular-solicita-ao-goberno-central-a-convocatoria-urxente-da-mesa-para-garantir-o-futuro-industrial-de-alu-iberica-en-a-coruna\/#breadcrumb","itemListElement":[{"@type":"ListItem","position":1,"name":"Portada","item":"https:\/\/ppdegalicia.com\/es\/"},{"@type":"ListItem","position":2,"name":"O Grupo Popular solicita ao Goberno central a convocatoria urxente da mesa para garantir o futuro industrial de Alu Ib\u00e9rica en A Coru\u00f1a"}]},{"@type":"WebSite","@id":"https:\/\/ppdegalicia.com\/es\/#website","url":"https:\/\/ppdegalicia.com\/es\/","name":"Partido Popular de Galicia","description":"Partido Popular de Galicia","publisher":{"@id":"https:\/\/ppdegalicia.com\/es\/#organization"},"alternateName":"PP de Galicia","potentialAction":[{"@type":"SearchAction","target":{"@type":"EntryPoint","urlTemplate":"https:\/\/ppdegalicia.com\/es\/?s={search_term_string}"},"query-input":{"@type":"PropertyValueSpecification","valueRequired":true,"valueName":"search_term_string"}}],"inLanguage":"es"},{"@type":"Organization","@id":"https:\/\/ppdegalicia.com\/es\/#organization","name":"Partido Popular de Galicia","alternateName":"PP de Galicia","url":"https:\/\/ppdegalicia.com\/es\/","logo":{"@type":"ImageObject","inLanguage":"es","@id":"https:\/\/ppdegalicia.com\/es\/#\/schema\/logo\/image\/","url":"https:\/\/ppdegalicia.com\/wp-content\/uploads\/2023\/04\/logoPP512.png","contentUrl":"https:\/\/ppdegalicia.com\/wp-content\/uploads\/2023\/04\/logoPP512.png","width":512,"height":512,"caption":"Partido Popular de Galicia"},"image":{"@id":"https:\/\/ppdegalicia.com\/es\/#\/schema\/logo\/image\/"},"sameAs":["https:\/\/www.instagram.com\/ppdegalicia\/","https:\/\/x.com\/ppdegalicia","https:\/\/www.tiktok.com\/@ppdegalicia","https:\/\/www.youtube.com\/user\/ppdegalicia"]},{"@type":"Person","@id":"https:\/\/ppdegalicia.com\/es\/#\/schema\/person\/5b822c6f59e872ebdd1142f307dbcb59","name":"ppdegaliciaredes","image":{"@type":"ImageObject","inLanguage":"es","@id":"https:\/\/secure.gravatar.com\/avatar\/3c9179cf0256d00c72a48d1f25783c58b6842cd56e85ef3a572881c8e28ccd59?s=96&d=mm&r=g","url":"https:\/\/secure.gravatar.com\/avatar\/3c9179cf0256d00c72a48d1f25783c58b6842cd56e85ef3a572881c8e28ccd59?s=96&d=mm&r=g","contentUrl":"https:\/\/secure.gravatar.com\/avatar\/3c9179cf0256d00c72a48d1f25783c58b6842cd56e85ef3a572881c8e28ccd59?s=96&d=mm&r=g","caption":"ppdegaliciaredes"},"url":"https:\/\/ppdegalicia.com\/es\/author\/ppdegaliciaredes\/"}]}},"_links":{"self":[{"href":"https:\/\/ppdegalicia.com\/es\/wp-json\/wp\/v2\/posts\/55282","targetHints":{"allow":["GET"]}}],"collection":[{"href":"https:\/\/ppdegalicia.com\/es\/wp-json\/wp\/v2\/posts"}],"about":[{"href":"https:\/\/ppdegalicia.com\/es\/wp-json\/wp\/v2\/types\/post"}],"author":[{"embeddable":true,"href":"https:\/\/ppdegalicia.com\/es\/wp-json\/wp\/v2\/users\/38"}],"replies":[{"embeddable":true,"href":"https:\/\/ppdegalicia.com\/es\/wp-json\/wp\/v2\/comments?post=55282"}],"version-history":[{"count":0,"href":"https:\/\/ppdegalicia.com\/es\/wp-json\/wp\/v2\/posts\/55282\/revisions"}],"wp:featuredmedia":[{"embeddable":true,"href":"https:\/\/ppdegalicia.com\/es\/wp-json\/wp\/v2\/media\/55281"}],"wp:attachment":[{"href":"https:\/\/ppdegalicia.com\/es\/wp-json\/wp\/v2\/media?parent=55282"}],"wp:term":[{"taxonomy":"category","embeddable":true,"href":"https:\/\/ppdegalicia.com\/es\/wp-json\/wp\/v2\/categories?post=55282"},{"taxonomy":"post_tag","embeddable":true,"href":"https:\/\/ppdegalicia.com\/es\/wp-json\/wp\/v2\/tags?post=55282"}],"curies":[{"name":"wp","href":"https:\/\/api.w.org\/{rel}","templated":true}]}}